{"id":77237,"date":"2024-02-16T06:00:00","date_gmt":"2024-02-16T04:00:00","guid":{"rendered":"https:\/\/buletin.de\/bucuresti\/?p=77237"},"modified":"2024-02-16T21:23:33","modified_gmt":"2024-02-16T19:23:33","slug":"doua-saptamani-de-cand-noile-troleibuze-ar-fi-trebuit-sa-intre-pe-traseu-posibil-sa-le-vedem-la-lucru-de-saptamana-viitoare","status":"publish","type":"post","link":"https:\/\/buletin.de\/bucuresti\/doua-saptamani-de-cand-noile-troleibuze-ar-fi-trebuit-sa-intre-pe-traseu-posibil-sa-le-vedem-la-lucru-de-saptamana-viitoare\/","title":{"rendered":"Dou\u0103 s\u0103pt\u0103m\u00e2ni de c\u00e2nd noile troleibuze ar fi trebuit s\u0103 intre pe traseu. Posibil s\u0103 le vedem \u201ela lucru\u201d de s\u0103pt\u0103m\u00e2na viitoare"},"content":{"rendered":"\n<p><strong>Noile troleibuze care ar fi trebuit s\u0103 circule pe str\u0103zile Capitalei<a href=\"https:\/\/buletin.de\/bucuresti\/noile-troleibuze-solaris-ies-pe-traseu-in-acest-weekend\/\"> din 3 februarie<\/a> nu au ie\u015fit \u00eenc\u0103 pe traseu. Surse municipale au declarat pentru Buletin de Bucure\u015fti c\u0103 procedurile de predare-primire nu au fost \u00eencheiate, \u00een vreme ce primarul general vorbe\u015fte de \u201echestiuni minore, tehnice\u201d. Este posibil ca troleibuzele s\u0103 intre pe traseu de s\u0103pt\u0103m\u00e2na viitoare, \u00eens\u0103 nu exist\u0103 un anun\u021b oficial.<\/strong><\/p>\n\n\n\n<p>La finalul lunii ianuarie, at\u00e2t reprezentan\u021bi ai Prim\u0103riei Municipiului Bucure\u0219ti, ai Asocia\u021biei de Dezvoltare Intercomunitar\u0103 pentru Transport Public Bucure\u0219ti \u2013 Ilfov (TPBI) c\u00e2t \u0219i viceprimarul Stelian Bujduveanu au anun\u021bat prin comunicate faptul c\u0103 noile troleibuze Solaris vor ie\u0219i pe traseul liniei 61 din 3 februarie.&nbsp;<\/p>\n\n\n\n<figure class=\"wp-block-gallery has-nested-images columns-2 wp-block-gallery-1 is-layout-flex wp-block-gallery-is-layout-flex\">\n<figure class=\"wp-block-image size-full\"><a href=\"https:\/\/buletin.de\/bucuresti\/wp-content\/uploads\/Captura-de-ecran-2024-02-14-113452-1.png\" target=\"_blank\" rel=\"noopener\"><img fetchpriority=\"high\" decoding=\"async\" width=\"770\" height=\"292\" data-id=\"77238\" src=\"data:image\/gif;base64,R0lGODlhAQABAAAAACH5BAEKAAEALAAAAAABAAEAAAICTAEAOw==\" data-src=\"https:\/\/buletin.de\/bucuresti\/wp-content\/uploads\/Captura-de-ecran-2024-02-14-113452-1.png\" alt=\"\" class=\"wp-image-77238 lazyload\" data-sizes=\"auto\" data-srcset=\"https:\/\/buletin.de\/bucuresti\/wp-content\/uploads\/Captura-de-ecran-2024-02-14-113452-1.png 770w, https:\/\/buletin.de\/bucuresti\/wp-content\/uploads\/Captura-de-ecran-2024-02-14-113452-1-300x114.png 300w, https:\/\/buletin.de\/bucuresti\/wp-content\/uploads\/Captura-de-ecran-2024-02-14-113452-1-768x291.png 768w, https:\/\/buletin.de\/bucuresti\/wp-content\/uploads\/Captura-de-ecran-2024-02-14-113452-1-600x228.png 600w, https:\/\/buletin.de\/bucuresti\/wp-content\/uploads\/Captura-de-ecran-2024-02-14-113452-1-20x8.png 20w\" sizes=\"(max-width: 770px) 100vw, 770px\" \/><\/a><\/figure>\n\n\n\n<figure class=\"wp-block-image size-full\"><a href=\"https:\/\/buletin.de\/bucuresti\/wp-content\/uploads\/captura-8.png\" target=\"_blank\" rel=\"noopener\"><img decoding=\"async\" width=\"750\" height=\"268\" data-id=\"77239\" src=\"data:image\/gif;base64,R0lGODlhAQABAAAAACH5BAEKAAEALAAAAAABAAEAAAICTAEAOw==\" data-src=\"https:\/\/buletin.de\/bucuresti\/wp-content\/uploads\/captura-8.png\" alt=\"\" class=\"wp-image-77239 lazyload\" data-sizes=\"auto\" data-srcset=\"https:\/\/buletin.de\/bucuresti\/wp-content\/uploads\/captura-8.png 750w, https:\/\/buletin.de\/bucuresti\/wp-content\/uploads\/captura-8-300x107.png 300w, https:\/\/buletin.de\/bucuresti\/wp-content\/uploads\/captura-8-600x214.png 600w, https:\/\/buletin.de\/bucuresti\/wp-content\/uploads\/captura-8-20x7.png 20w\" sizes=\"(max-width: 750px) 100vw, 750px\" \/><\/a><\/figure>\n\n\n\n<figure class=\"wp-block-image size-full\"><a href=\"https:\/\/buletin.de\/bucuresti\/wp-content\/uploads\/Captura-de-ecran-2024-02-09-105642-1.png\" target=\"_blank\" rel=\"noopener\"><img decoding=\"async\" width=\"938\" height=\"822\" data-id=\"77240\" src=\"data:image\/gif;base64,R0lGODlhAQABAAAAACH5BAEKAAEALAAAAAABAAEAAAICTAEAOw==\" data-src=\"https:\/\/buletin.de\/bucuresti\/wp-content\/uploads\/Captura-de-ecran-2024-02-09-105642-1.png\" alt=\"\" class=\"wp-image-77240 lazyload\" data-sizes=\"auto\" data-srcset=\"https:\/\/buletin.de\/bucuresti\/wp-content\/uploads\/Captura-de-ecran-2024-02-09-105642-1.png 938w, https:\/\/buletin.de\/bucuresti\/wp-content\/uploads\/Captura-de-ecran-2024-02-09-105642-1-300x263.png 300w, https:\/\/buletin.de\/bucuresti\/wp-content\/uploads\/Captura-de-ecran-2024-02-09-105642-1-900x789.png 900w, https:\/\/buletin.de\/bucuresti\/wp-content\/uploads\/Captura-de-ecran-2024-02-09-105642-1-768x673.png 768w, https:\/\/buletin.de\/bucuresti\/wp-content\/uploads\/Captura-de-ecran-2024-02-09-105642-1-600x526.png 600w, https:\/\/buletin.de\/bucuresti\/wp-content\/uploads\/Captura-de-ecran-2024-02-09-105642-1-20x18.png 20w\" sizes=\"(max-width: 938px) 100vw, 938px\" \/><\/a><\/figure>\n<figcaption class=\"blocks-gallery-caption wp-element-caption\">Surs\u0103: captur\u0103 de ecran Facebook\/tpbi.ro<\/figcaption><\/figure>\n\n\n\n<p>Discrepan\u021ba este cauzat\u0103 de o eroare de comunicare, spun sursele citate mai sus. \u00cen momentul de fa\u021b\u0103, procedurile de predare-primire ar fi \u201epe final, dar nu finalizate\u201d.\u00a0<\/p>\n\n\n\n<p>Primarul Capitalei, Nicu\u0219or Dan, a declarat \u00een diminea\u021ba zilei de joi, 15 februarie, \u00eentr-un interviu acordat <a href=\"https:\/\/www.b1tv.ro\/eveniment\/nicusor-dan-ca-sa-functioneze-mai-bine-traficul-din-bucuresti-mai-sunt-lucruri-de-facut-avem-progrese-in-transportul-public-care-sunt-dovedite-matematic-1424506.html\">B1TV<\/a> faptul c\u0103 \u00eent\u00e2rzierea este cauzat\u0103 de unele \u201e<em>chestiuni minore, tehnice, de exemplu, dac\u0103 \u00eenc\u0103lzirea se face cu o pomp\u0103 sau un boiler\u201d <\/em>\u0219i c\u0103 ar trebui s\u0103 se rezolve \u00een <em>\u201ec\u00e2teva s\u0103pt\u0103m\u00e2ni, poate chiar zile\u201d<\/em>.<\/p>\n\n\n\n<p>Reporterii Buletin de Bucure\u0219ti l-au contactat \u0219i pe viceprimarul general al Bucure\u0219tiului, Stelian Bujduveanu pe acest subiect. I-am adresat \u00eentreb\u0103ri legate de motivele \u00eent\u00e2rzierii \u0219i de un nou termen pentru intrarea pe traseu a troleibuzelor, \u00eens\u0103 acesta nu a r\u0103spuns p\u00e2n\u0103 la momentul public\u0103rii articolului.<\/p>\n\n\n\n<h2 class=\"wp-block-heading\">Noile troleibuze Solaris<\/h2>\n\n\n\n<p>La finalul lunii ianuarie, <a href=\"https:\/\/buletin.de\/bucuresti\/primul-troleibuz-solaris-trollino-a-iesit-in-probe-pe-linia-61\/\">ie\u0219ea primul troleibuz Solaris Trollino IV 12 Medcom \u00een probe. <\/a><\/p>\n\n\n\n<p>Contractul pentru lotul de 100 de astfel de troleibuze care vor circula \u00een Capital\u0103 a fost semnat \u00een anul 2023 de Prim\u0103ria Municipiului Bucure\u0219ti cu compania polonez\u0103 Solaris Bus &amp; Coach. Noile troleibuze vor func\u021biona mai \u00eent\u00e2i pe traseul liniei 61, p\u00e2n\u0103 la Pia\u021ba Rosetti.<\/p>\n\n\n\n<p>Cele 100 de vehicule sunt din gama de 12 metri, au o autonomie de minim 20 de km \u0219i podea complet cobor\u00e2t\u0103 pe toat\u0103 suprafa\u0163a troleibuzului.<\/p>\n\n\n\n<p>Contractul are o valoare de 290 milioane de lei. Achizi\u021bia celor 100 de troleibuze se adaug\u0103 celor 100 de tramvaie Astra Imperio, celor 100 de autobuze electrice \u0219i proiectului de finan\u021bare a 22 de troleibuze prin PNRR, unde urmeaz\u0103 s\u0103 se desf\u0103\u0219oare procedura de achizi\u021bie.<\/p>\n\n\n\n<p>Acestea au termen de garan\u021bie cinci ani sau 300.000 de km cu toate activit\u0103\u021bile de mentenan\u021b\u0103 planificat\u0103 incluse, de la consumabile p\u00e2n\u0103 la piese de schimb. Bateriile din componen\u021ba Sistem Re\u00eenc\u0103rcabil de Stocare a Energiei Electrice vor avea garan\u021bie de opt ani.&nbsp;<\/p>\n\n\n\n<p><strong>CITE\u015eTE \u015eI:<\/strong><\/p>\n\n\n\n<figure class=\"wp-block-embed is-type-wp-embed is-provider-buletin-de-bucure-ti wp-block-embed-buletin-de-bucure-ti\"><div class=\"wp-block-embed__wrapper\">\n<blockquote class=\"wp-embedded-content\" data-secret=\"vfCZAu0bfK\"><a href=\"https:\/\/buletin.de\/bucuresti\/primul-troleibuz-solaris-trollino-a-iesit-in-probe-pe-linia-61\/\">Primul troleibuz Solaris Trollino a ie\u0219it in probe pe linia 61<\/a><\/blockquote><iframe class=\"wp-embedded-content\" sandbox=\"allow-scripts\" security=\"restricted\" style=\"position: absolute; clip: rect(1px, 1px, 1px, 1px);\" title=\"&#8220;Primul troleibuz Solaris Trollino a ie\u0219it in probe pe linia 61&#8221; &#8212; Buletin de Bucure\u0219ti\" src=\"https:\/\/buletin.de\/bucuresti\/primul-troleibuz-solaris-trollino-a-iesit-in-probe-pe-linia-61\/embed\/#?secret=GqZvEWECMJ#?secret=vfCZAu0bfK\" data-secret=\"vfCZAu0bfK\" width=\"600\" height=\"338\" frameborder=\"0\" marginwidth=\"0\" marginheight=\"0\" scrolling=\"no\"><\/iframe>\n<\/div><\/figure>\n\n\n\n<ul class=\"wp-block-list\">\n<li>\u00ee<\/li>\n<\/ul>\n","protected":false},"excerpt":{"rendered":"<p>Noile troleibuze care ar fi trebuit s\u0103 circule pe str\u0103zile Capitalei din 3 februarie nu au ie\u015fit \u00eenc\u0103 pe traseu. Surse municipale au declarat pentru Buletin de Bucure\u015fti c\u0103 procedurile de predare-primire nu au fost \u00eencheiate, \u00een vreme ce primarul general vorbe\u015fte de \u201echestiuni minore, tehnice\u201d. Este posibil ca troleibuzele s\u0103 intre pe traseu de [&hellip;]<\/p>\n","protected":false},"author":47,"featured_media":75200,"comment_status":"closed","ping_status":"open","sticky":false,"template":"","format":"standard","meta":{"_acf_changed":false,"inline_featured_image":false,"ngg_post_thumbnail":0,"footnotes":""},"categories":[6994,650],"tags":[9447,9448,7726,746],"ppma_author":[22580],"class_list":["post-77237","post","type-post","status-publish","format-standard","has-post-thumbnail","hentry","category-stiri-2","category-transport","tag-linia-336","tag-linia-61","tag-solaris","tag-troleibuze"],"acf":[],"yoast_head":"<!-- This site is optimized with the Yoast SEO Premium plugin v25.3 (Yoast SEO v27.4) - https:\/\/yoast.com\/product\/yoast-seo-premium-wordpress\/ -->\n<title>Dou\u0103 s\u0103pt\u0103m\u00e2ni de c\u00e2nd noile troleibuze ar fi trebuit s\u0103 intre pe traseu. Posibil s\u0103 le vedem \u201ela lucru\u201d de s\u0103pt\u0103m\u00e2na viitoare - Buletin de Bucure\u0219ti<\/title>\n<meta name=\"robots\" content=\"index, follow, max-snippet:-1, max-image-preview:large, max-video-preview:-1\" \/>\n<link rel=\"canonical\" href=\"https:\/\/buletin.de\/bucuresti\/doua-saptamani-de-cand-noile-troleibuze-ar-fi-trebuit-sa-intre-pe-traseu-posibil-sa-le-vedem-la-lucru-de-saptamana-viitoare\/\" \/>\n<meta property=\"og:locale\" content=\"en_GB\" \/>\n<meta property=\"og:type\" content=\"article\" \/>\n<meta property=\"og:title\" content=\"Dou\u0103 s\u0103pt\u0103m\u00e2ni de c\u00e2nd noile troleibuze ar fi trebuit s\u0103 intre pe traseu. Posibil s\u0103 le vedem \u201ela lucru\u201d de s\u0103pt\u0103m\u00e2na viitoare\" \/>\n<meta property=\"og:description\" content=\"Noile troleibuze care ar fi trebuit s\u0103 circule pe str\u0103zile Capitalei din 3 februarie nu au ie\u015fit \u00eenc\u0103 pe traseu. Surse municipale au declarat pentru Buletin de Bucure\u015fti c\u0103 procedurile de predare-primire nu au fost \u00eencheiate, \u00een vreme ce primarul general vorbe\u015fte de \u201echestiuni minore, tehnice\u201d. Este posibil ca troleibuzele s\u0103 intre pe traseu de [&hellip;]\" \/>\n<meta property=\"og:url\" content=\"https:\/\/buletin.de\/bucuresti\/doua-saptamani-de-cand-noile-troleibuze-ar-fi-trebuit-sa-intre-pe-traseu-posibil-sa-le-vedem-la-lucru-de-saptamana-viitoare\/\" \/>\n<meta property=\"og:site_name\" content=\"Buletin de Bucure\u0219ti\" \/>\n<meta property=\"article:publisher\" content=\"https:\/\/www.facebook.com\/buletin.de.buc\" \/>\n<meta property=\"article:published_time\" content=\"2024-02-16T04:00:00+00:00\" \/>\n<meta property=\"article:modified_time\" content=\"2024-02-16T19:23:33+00:00\" \/>\n<meta property=\"og:image\" content=\"https:\/\/buletin.de\/bucuresti\/wp-content\/uploads\/troleu-solaris.jpeg\" \/>\n\t<meta property=\"og:image:width\" content=\"2000\" \/>\n\t<meta property=\"og:image:height\" content=\"1250\" \/>\n\t<meta property=\"og:image:type\" content=\"image\/jpeg\" \/>\n<meta name=\"author\" content=\"Adina C\u0103p\u00eelnean\" \/>\n<meta name=\"twitter:card\" content=\"summary_large_image\" \/>\n<meta name=\"twitter:label1\" content=\"Written by\" \/>\n\t<meta name=\"twitter:data1\" content=\"Adina C\u0103p\u00eelnean\" \/>\n\t<meta name=\"twitter:label2\" content=\"Estimated reading time\" \/>\n\t<meta name=\"twitter:data2\" content=\"2 minutes\" \/>\n<script type=\"application\/ld+json\" class=\"yoast-schema-graph\">{\"@context\":\"https:\\\/\\\/schema.org\",\"@graph\":[{\"@type\":\"Article\",\"@id\":\"https:\\\/\\\/buletin.de\\\/bucuresti\\\/doua-saptamani-de-cand-noile-troleibuze-ar-fi-trebuit-sa-intre-pe-traseu-posibil-sa-le-vedem-la-lucru-de-saptamana-viitoare\\\/#article\",\"isPartOf\":{\"@id\":\"https:\\\/\\\/buletin.de\\\/bucuresti\\\/doua-saptamani-de-cand-noile-troleibuze-ar-fi-trebuit-sa-intre-pe-traseu-posibil-sa-le-vedem-la-lucru-de-saptamana-viitoare\\\/\"},\"author\":{\"name\":\"Adina C\u0103p\u00eelnean\",\"@id\":\"https:\\\/\\\/buletin.de\\\/bucuresti\\\/#\\\/schema\\\/person\\\/ab174cf6711728e4ee83d672acf9a912\"},\"headline\":\"Dou\u0103 s\u0103pt\u0103m\u00e2ni de c\u00e2nd noile troleibuze ar fi trebuit s\u0103 intre pe traseu. Posibil s\u0103 le vedem \u201ela lucru\u201d de s\u0103pt\u0103m\u00e2na viitoare\",\"datePublished\":\"2024-02-16T04:00:00+00:00\",\"dateModified\":\"2024-02-16T19:23:33+00:00\",\"mainEntityOfPage\":{\"@id\":\"https:\\\/\\\/buletin.de\\\/bucuresti\\\/doua-saptamani-de-cand-noile-troleibuze-ar-fi-trebuit-sa-intre-pe-traseu-posibil-sa-le-vedem-la-lucru-de-saptamana-viitoare\\\/\"},\"wordCount\":488,\"publisher\":{\"@id\":\"https:\\\/\\\/buletin.de\\\/bucuresti\\\/#organization\"},\"image\":{\"@id\":\"https:\\\/\\\/buletin.de\\\/bucuresti\\\/doua-saptamani-de-cand-noile-troleibuze-ar-fi-trebuit-sa-intre-pe-traseu-posibil-sa-le-vedem-la-lucru-de-saptamana-viitoare\\\/#primaryimage\"},\"thumbnailUrl\":\"https:\\\/\\\/buletin.de\\\/bucuresti\\\/wp-content\\\/uploads\\\/troleu-solaris.jpeg\",\"keywords\":[\"linia 336\",\"linia 61\",\"Solaris\",\"troleibuze\"],\"articleSection\":[\"Articole\",\"Transport\"],\"inLanguage\":\"en-GB\",\"copyrightYear\":\"2024\",\"copyrightHolder\":{\"@id\":\"https:\\\/\\\/buletin.de\\\/bucuresti\\\/#organization\"}},{\"@type\":\"WebPage\",\"@id\":\"https:\\\/\\\/buletin.de\\\/bucuresti\\\/doua-saptamani-de-cand-noile-troleibuze-ar-fi-trebuit-sa-intre-pe-traseu-posibil-sa-le-vedem-la-lucru-de-saptamana-viitoare\\\/\",\"url\":\"https:\\\/\\\/buletin.de\\\/bucuresti\\\/doua-saptamani-de-cand-noile-troleibuze-ar-fi-trebuit-sa-intre-pe-traseu-posibil-sa-le-vedem-la-lucru-de-saptamana-viitoare\\\/\",\"name\":\"Dou\u0103 s\u0103pt\u0103m\u00e2ni de c\u00e2nd noile troleibuze ar fi trebuit s\u0103 intre pe traseu. Posibil s\u0103 le vedem \u201ela lucru\u201d de s\u0103pt\u0103m\u00e2na viitoare - Buletin de Bucure\u0219ti\",\"isPartOf\":{\"@id\":\"https:\\\/\\\/buletin.de\\\/bucuresti\\\/#website\"},\"primaryImageOfPage\":{\"@id\":\"https:\\\/\\\/buletin.de\\\/bucuresti\\\/doua-saptamani-de-cand-noile-troleibuze-ar-fi-trebuit-sa-intre-pe-traseu-posibil-sa-le-vedem-la-lucru-de-saptamana-viitoare\\\/#primaryimage\"},\"image\":{\"@id\":\"https:\\\/\\\/buletin.de\\\/bucuresti\\\/doua-saptamani-de-cand-noile-troleibuze-ar-fi-trebuit-sa-intre-pe-traseu-posibil-sa-le-vedem-la-lucru-de-saptamana-viitoare\\\/#primaryimage\"},\"thumbnailUrl\":\"https:\\\/\\\/buletin.de\\\/bucuresti\\\/wp-content\\\/uploads\\\/troleu-solaris.jpeg\",\"datePublished\":\"2024-02-16T04:00:00+00:00\",\"dateModified\":\"2024-02-16T19:23:33+00:00\",\"breadcrumb\":{\"@id\":\"https:\\\/\\\/buletin.de\\\/bucuresti\\\/doua-saptamani-de-cand-noile-troleibuze-ar-fi-trebuit-sa-intre-pe-traseu-posibil-sa-le-vedem-la-lucru-de-saptamana-viitoare\\\/#breadcrumb\"},\"inLanguage\":\"en-GB\",\"potentialAction\":[{\"@type\":\"ReadAction\",\"target\":[\"https:\\\/\\\/buletin.de\\\/bucuresti\\\/doua-saptamani-de-cand-noile-troleibuze-ar-fi-trebuit-sa-intre-pe-traseu-posibil-sa-le-vedem-la-lucru-de-saptamana-viitoare\\\/\"]}]},{\"@type\":\"ImageObject\",\"inLanguage\":\"en-GB\",\"@id\":\"https:\\\/\\\/buletin.de\\\/bucuresti\\\/doua-saptamani-de-cand-noile-troleibuze-ar-fi-trebuit-sa-intre-pe-traseu-posibil-sa-le-vedem-la-lucru-de-saptamana-viitoare\\\/#primaryimage\",\"url\":\"https:\\\/\\\/buletin.de\\\/bucuresti\\\/wp-content\\\/uploads\\\/troleu-solaris.jpeg\",\"contentUrl\":\"https:\\\/\\\/buletin.de\\\/bucuresti\\\/wp-content\\\/uploads\\\/troleu-solaris.jpeg\",\"width\":2000,\"height\":1250},{\"@type\":\"BreadcrumbList\",\"@id\":\"https:\\\/\\\/buletin.de\\\/bucuresti\\\/doua-saptamani-de-cand-noile-troleibuze-ar-fi-trebuit-sa-intre-pe-traseu-posibil-sa-le-vedem-la-lucru-de-saptamana-viitoare\\\/#breadcrumb\",\"itemListElement\":[{\"@type\":\"ListItem\",\"position\":1,\"name\":\"Acas\u0103\",\"item\":\"https:\\\/\\\/buletin.de\\\/bucuresti\\\/\"},{\"@type\":\"ListItem\",\"position\":2,\"name\":\"Dou\u0103 s\u0103pt\u0103m\u00e2ni de c\u00e2nd noile troleibuze ar fi trebuit s\u0103 intre pe traseu. Posibil s\u0103 le vedem \u201ela lucru\u201d de s\u0103pt\u0103m\u00e2na viitoare\"}]},{\"@type\":\"WebSite\",\"@id\":\"https:\\\/\\\/buletin.de\\\/bucuresti\\\/#website\",\"url\":\"https:\\\/\\\/buletin.de\\\/bucuresti\\\/\",\"name\":\"Buletin de Bucure\u0219ti\",\"description\":\"\u0218tiri \u0219i investiga\u021bii esen\u021biale din capital\u0103\",\"publisher\":{\"@id\":\"https:\\\/\\\/buletin.de\\\/bucuresti\\\/#organization\"},\"potentialAction\":[{\"@type\":\"SearchAction\",\"target\":{\"@type\":\"EntryPoint\",\"urlTemplate\":\"https:\\\/\\\/buletin.de\\\/bucuresti\\\/?s={search_term_string}\"},\"query-input\":{\"@type\":\"PropertyValueSpecification\",\"valueRequired\":true,\"valueName\":\"search_term_string\"}}],\"inLanguage\":\"en-GB\"},{\"@type\":\"Organization\",\"@id\":\"https:\\\/\\\/buletin.de\\\/bucuresti\\\/#organization\",\"name\":\"Buletin de Bucure\u0219ti\",\"url\":\"https:\\\/\\\/buletin.de\\\/bucuresti\\\/\",\"logo\":{\"@type\":\"ImageObject\",\"inLanguage\":\"en-GB\",\"@id\":\"https:\\\/\\\/buletin.de\\\/bucuresti\\\/#\\\/schema\\\/logo\\\/image\\\/\",\"url\":\"https:\\\/\\\/buletin.de\\\/bucuresti\\\/wp-content\\\/uploads\\\/logo-bdb-full-wide-vernil-transparent.png\",\"contentUrl\":\"https:\\\/\\\/buletin.de\\\/bucuresti\\\/wp-content\\\/uploads\\\/logo-bdb-full-wide-vernil-transparent.png\",\"width\":1782,\"height\":626,\"caption\":\"Buletin de Bucure\u0219ti\"},\"image\":{\"@id\":\"https:\\\/\\\/buletin.de\\\/bucuresti\\\/#\\\/schema\\\/logo\\\/image\\\/\"},\"sameAs\":[\"https:\\\/\\\/www.facebook.com\\\/buletin.de.buc\",\"https:\\\/\\\/www.instagram.com\\\/buletinde.bucuresti\\\/\"]},{\"@type\":\"Person\",\"@id\":\"https:\\\/\\\/buletin.de\\\/bucuresti\\\/#\\\/schema\\\/person\\\/ab174cf6711728e4ee83d672acf9a912\",\"name\":\"Adina C\u0103p\u00eelnean\",\"image\":{\"@type\":\"ImageObject\",\"inLanguage\":\"en-GB\",\"@id\":\"https:\\\/\\\/secure.gravatar.com\\\/avatar\\\/4fe9675d6282fd7c1aa4e486a037d532d5728fc16a30360f293eb6126b2e73ad?s=96&d=monsterid&r=ge2b23868508aec3460d3c6a11d3b599a\",\"url\":\"https:\\\/\\\/secure.gravatar.com\\\/avatar\\\/4fe9675d6282fd7c1aa4e486a037d532d5728fc16a30360f293eb6126b2e73ad?s=96&d=monsterid&r=g\",\"contentUrl\":\"https:\\\/\\\/secure.gravatar.com\\\/avatar\\\/4fe9675d6282fd7c1aa4e486a037d532d5728fc16a30360f293eb6126b2e73ad?s=96&d=monsterid&r=g\",\"caption\":\"Adina C\u0103p\u00eelnean\"},\"url\":\"https:\\\/\\\/buletin.de\\\/bucuresti\\\/author\\\/adinacapilnean\\\/\"}]}<\/script>\n<!-- \/ Yoast SEO Premium plugin. -->","yoast_head_json":{"title":"Dou\u0103 s\u0103pt\u0103m\u00e2ni de c\u00e2nd noile troleibuze ar fi trebuit s\u0103 intre pe traseu. Posibil s\u0103 le vedem \u201ela lucru\u201d de s\u0103pt\u0103m\u00e2na viitoare - Buletin de Bucure\u0219ti","robots":{"index":"index","follow":"follow","max-snippet":"max-snippet:-1","max-image-preview":"max-image-preview:large","max-video-preview":"max-video-preview:-1"},"canonical":"https:\/\/buletin.de\/bucuresti\/doua-saptamani-de-cand-noile-troleibuze-ar-fi-trebuit-sa-intre-pe-traseu-posibil-sa-le-vedem-la-lucru-de-saptamana-viitoare\/","og_locale":"en_GB","og_type":"article","og_title":"Dou\u0103 s\u0103pt\u0103m\u00e2ni de c\u00e2nd noile troleibuze ar fi trebuit s\u0103 intre pe traseu. Posibil s\u0103 le vedem \u201ela lucru\u201d de s\u0103pt\u0103m\u00e2na viitoare","og_description":"Noile troleibuze care ar fi trebuit s\u0103 circule pe str\u0103zile Capitalei din 3 februarie nu au ie\u015fit \u00eenc\u0103 pe traseu. Surse municipale au declarat pentru Buletin de Bucure\u015fti c\u0103 procedurile de predare-primire nu au fost \u00eencheiate, \u00een vreme ce primarul general vorbe\u015fte de \u201echestiuni minore, tehnice\u201d. Este posibil ca troleibuzele s\u0103 intre pe traseu de [&hellip;]","og_url":"https:\/\/buletin.de\/bucuresti\/doua-saptamani-de-cand-noile-troleibuze-ar-fi-trebuit-sa-intre-pe-traseu-posibil-sa-le-vedem-la-lucru-de-saptamana-viitoare\/","og_site_name":"Buletin de Bucure\u0219ti","article_publisher":"https:\/\/www.facebook.com\/buletin.de.buc","article_published_time":"2024-02-16T04:00:00+00:00","article_modified_time":"2024-02-16T19:23:33+00:00","og_image":[{"width":2000,"height":1250,"url":"https:\/\/buletin.de\/bucuresti\/wp-content\/uploads\/troleu-solaris.jpeg","type":"image\/jpeg"}],"author":"Adina C\u0103p\u00eelnean","twitter_card":"summary_large_image","twitter_misc":{"Written by":"Adina C\u0103p\u00eelnean","Estimated reading time":"2 minutes"},"schema":{"@context":"https:\/\/schema.org","@graph":[{"@type":"Article","@id":"https:\/\/buletin.de\/bucuresti\/doua-saptamani-de-cand-noile-troleibuze-ar-fi-trebuit-sa-intre-pe-traseu-posibil-sa-le-vedem-la-lucru-de-saptamana-viitoare\/#article","isPartOf":{"@id":"https:\/\/buletin.de\/bucuresti\/doua-saptamani-de-cand-noile-troleibuze-ar-fi-trebuit-sa-intre-pe-traseu-posibil-sa-le-vedem-la-lucru-de-saptamana-viitoare\/"},"author":{"name":"Adina C\u0103p\u00eelnean","@id":"https:\/\/buletin.de\/bucuresti\/#\/schema\/person\/ab174cf6711728e4ee83d672acf9a912"},"headline":"Dou\u0103 s\u0103pt\u0103m\u00e2ni de c\u00e2nd noile troleibuze ar fi trebuit s\u0103 intre pe traseu. Posibil s\u0103 le vedem \u201ela lucru\u201d de s\u0103pt\u0103m\u00e2na viitoare","datePublished":"2024-02-16T04:00:00+00:00","dateModified":"2024-02-16T19:23:33+00:00","mainEntityOfPage":{"@id":"https:\/\/buletin.de\/bucuresti\/doua-saptamani-de-cand-noile-troleibuze-ar-fi-trebuit-sa-intre-pe-traseu-posibil-sa-le-vedem-la-lucru-de-saptamana-viitoare\/"},"wordCount":488,"publisher":{"@id":"https:\/\/buletin.de\/bucuresti\/#organization"},"image":{"@id":"https:\/\/buletin.de\/bucuresti\/doua-saptamani-de-cand-noile-troleibuze-ar-fi-trebuit-sa-intre-pe-traseu-posibil-sa-le-vedem-la-lucru-de-saptamana-viitoare\/#primaryimage"},"thumbnailUrl":"https:\/\/buletin.de\/bucuresti\/wp-content\/uploads\/troleu-solaris.jpeg","keywords":["linia 336","linia 61","Solaris","troleibuze"],"articleSection":["Articole","Transport"],"inLanguage":"en-GB","copyrightYear":"2024","copyrightHolder":{"@id":"https:\/\/buletin.de\/bucuresti\/#organization"}},{"@type":"WebPage","@id":"https:\/\/buletin.de\/bucuresti\/doua-saptamani-de-cand-noile-troleibuze-ar-fi-trebuit-sa-intre-pe-traseu-posibil-sa-le-vedem-la-lucru-de-saptamana-viitoare\/","url":"https:\/\/buletin.de\/bucuresti\/doua-saptamani-de-cand-noile-troleibuze-ar-fi-trebuit-sa-intre-pe-traseu-posibil-sa-le-vedem-la-lucru-de-saptamana-viitoare\/","name":"Dou\u0103 s\u0103pt\u0103m\u00e2ni de c\u00e2nd noile troleibuze ar fi trebuit s\u0103 intre pe traseu. Posibil s\u0103 le vedem \u201ela lucru\u201d de s\u0103pt\u0103m\u00e2na viitoare - Buletin de Bucure\u0219ti","isPartOf":{"@id":"https:\/\/buletin.de\/bucuresti\/#website"},"primaryImageOfPage":{"@id":"https:\/\/buletin.de\/bucuresti\/doua-saptamani-de-cand-noile-troleibuze-ar-fi-trebuit-sa-intre-pe-traseu-posibil-sa-le-vedem-la-lucru-de-saptamana-viitoare\/#primaryimage"},"image":{"@id":"https:\/\/buletin.de\/bucuresti\/doua-saptamani-de-cand-noile-troleibuze-ar-fi-trebuit-sa-intre-pe-traseu-posibil-sa-le-vedem-la-lucru-de-saptamana-viitoare\/#primaryimage"},"thumbnailUrl":"https:\/\/buletin.de\/bucuresti\/wp-content\/uploads\/troleu-solaris.jpeg","datePublished":"2024-02-16T04:00:00+00:00","dateModified":"2024-02-16T19:23:33+00:00","breadcrumb":{"@id":"https:\/\/buletin.de\/bucuresti\/doua-saptamani-de-cand-noile-troleibuze-ar-fi-trebuit-sa-intre-pe-traseu-posibil-sa-le-vedem-la-lucru-de-saptamana-viitoare\/#breadcrumb"},"inLanguage":"en-GB","potentialAction":[{"@type":"ReadAction","target":["https:\/\/buletin.de\/bucuresti\/doua-saptamani-de-cand-noile-troleibuze-ar-fi-trebuit-sa-intre-pe-traseu-posibil-sa-le-vedem-la-lucru-de-saptamana-viitoare\/"]}]},{"@type":"ImageObject","inLanguage":"en-GB","@id":"https:\/\/buletin.de\/bucuresti\/doua-saptamani-de-cand-noile-troleibuze-ar-fi-trebuit-sa-intre-pe-traseu-posibil-sa-le-vedem-la-lucru-de-saptamana-viitoare\/#primaryimage","url":"https:\/\/buletin.de\/bucuresti\/wp-content\/uploads\/troleu-solaris.jpeg","contentUrl":"https:\/\/buletin.de\/bucuresti\/wp-content\/uploads\/troleu-solaris.jpeg","width":2000,"height":1250},{"@type":"BreadcrumbList","@id":"https:\/\/buletin.de\/bucuresti\/doua-saptamani-de-cand-noile-troleibuze-ar-fi-trebuit-sa-intre-pe-traseu-posibil-sa-le-vedem-la-lucru-de-saptamana-viitoare\/#breadcrumb","itemListElement":[{"@type":"ListItem","position":1,"name":"Acas\u0103","item":"https:\/\/buletin.de\/bucuresti\/"},{"@type":"ListItem","position":2,"name":"Dou\u0103 s\u0103pt\u0103m\u00e2ni de c\u00e2nd noile troleibuze ar fi trebuit s\u0103 intre pe traseu. Posibil s\u0103 le vedem \u201ela lucru\u201d de s\u0103pt\u0103m\u00e2na viitoare"}]},{"@type":"WebSite","@id":"https:\/\/buletin.de\/bucuresti\/#website","url":"https:\/\/buletin.de\/bucuresti\/","name":"Buletin de Bucure\u0219ti","description":"\u0218tiri \u0219i investiga\u021bii esen\u021biale din capital\u0103","publisher":{"@id":"https:\/\/buletin.de\/bucuresti\/#organization"},"potentialAction":[{"@type":"SearchAction","target":{"@type":"EntryPoint","urlTemplate":"https:\/\/buletin.de\/bucuresti\/?s={search_term_string}"},"query-input":{"@type":"PropertyValueSpecification","valueRequired":true,"valueName":"search_term_string"}}],"inLanguage":"en-GB"},{"@type":"Organization","@id":"https:\/\/buletin.de\/bucuresti\/#organization","name":"Buletin de Bucure\u0219ti","url":"https:\/\/buletin.de\/bucuresti\/","logo":{"@type":"ImageObject","inLanguage":"en-GB","@id":"https:\/\/buletin.de\/bucuresti\/#\/schema\/logo\/image\/","url":"https:\/\/buletin.de\/bucuresti\/wp-content\/uploads\/logo-bdb-full-wide-vernil-transparent.png","contentUrl":"https:\/\/buletin.de\/bucuresti\/wp-content\/uploads\/logo-bdb-full-wide-vernil-transparent.png","width":1782,"height":626,"caption":"Buletin de Bucure\u0219ti"},"image":{"@id":"https:\/\/buletin.de\/bucuresti\/#\/schema\/logo\/image\/"},"sameAs":["https:\/\/www.facebook.com\/buletin.de.buc","https:\/\/www.instagram.com\/buletinde.bucuresti\/"]},{"@type":"Person","@id":"https:\/\/buletin.de\/bucuresti\/#\/schema\/person\/ab174cf6711728e4ee83d672acf9a912","name":"Adina C\u0103p\u00eelnean","image":{"@type":"ImageObject","inLanguage":"en-GB","@id":"https:\/\/secure.gravatar.com\/avatar\/4fe9675d6282fd7c1aa4e486a037d532d5728fc16a30360f293eb6126b2e73ad?s=96&d=monsterid&r=ge2b23868508aec3460d3c6a11d3b599a","url":"https:\/\/secure.gravatar.com\/avatar\/4fe9675d6282fd7c1aa4e486a037d532d5728fc16a30360f293eb6126b2e73ad?s=96&d=monsterid&r=g","contentUrl":"https:\/\/secure.gravatar.com\/avatar\/4fe9675d6282fd7c1aa4e486a037d532d5728fc16a30360f293eb6126b2e73ad?s=96&d=monsterid&r=g","caption":"Adina C\u0103p\u00eelnean"},"url":"https:\/\/buletin.de\/bucuresti\/author\/adinacapilnean\/"}]}},"authors":[{"term_id":22580,"user_id":47,"is_guest":0,"slug":"adinacapilnean","display_name":"Adina C\u0103p\u00eelnean","avatar_url":"https:\/\/secure.gravatar.com\/avatar\/4fe9675d6282fd7c1aa4e486a037d532d5728fc16a30360f293eb6126b2e73ad?s=96&d=monsterid&r=g","0":null,"1":"","2":"","3":"","4":"","5":"","6":"","7":"","8":""}],"_links":{"self":[{"href":"https:\/\/buletin.de\/bucuresti\/wp-json\/wp\/v2\/posts\/77237","targetHints":{"allow":["GET"]}}],"collection":[{"href":"https:\/\/buletin.de\/bucuresti\/wp-json\/wp\/v2\/posts"}],"about":[{"href":"https:\/\/buletin.de\/bucuresti\/wp-json\/wp\/v2\/types\/post"}],"author":[{"embeddable":true,"href":"https:\/\/buletin.de\/bucuresti\/wp-json\/wp\/v2\/users\/47"}],"replies":[{"embeddable":true,"href":"https:\/\/buletin.de\/bucuresti\/wp-json\/wp\/v2\/comments?post=77237"}],"version-history":[{"count":4,"href":"https:\/\/buletin.de\/bucuresti\/wp-json\/wp\/v2\/posts\/77237\/revisions"}],"predecessor-version":[{"id":77279,"href":"https:\/\/buletin.de\/bucuresti\/wp-json\/wp\/v2\/posts\/77237\/revisions\/77279"}],"wp:featuredmedia":[{"embeddable":true,"href":"https:\/\/buletin.de\/bucuresti\/wp-json\/wp\/v2\/media\/75200"}],"wp:attachment":[{"href":"https:\/\/buletin.de\/bucuresti\/wp-json\/wp\/v2\/media?parent=77237"}],"wp:term":[{"taxonomy":"category","embeddable":true,"href":"https:\/\/buletin.de\/bucuresti\/wp-json\/wp\/v2\/categories?post=77237"},{"taxonomy":"post_tag","embeddable":true,"href":"https:\/\/buletin.de\/bucuresti\/wp-json\/wp\/v2\/tags?post=77237"},{"taxonomy":"author","embeddable":true,"href":"https:\/\/buletin.de\/bucuresti\/wp-json\/wp\/v2\/ppma_author?post=77237"}],"curies":[{"name":"wp","href":"https:\/\/api.w.org\/{rel}","templated":true}]}}