{"id":77152,"date":"2024-02-14T20:51:20","date_gmt":"2024-02-14T18:51:20","guid":{"rendered":"https:\/\/buletin.de\/bucuresti\/?p=77152"},"modified":"2024-02-14T20:51:20","modified_gmt":"2024-02-14T18:51:20","slug":"s-au-redeschis-centrele-de-inchiriat-biciclete-din-parcurile-herastrau-si-tineretului","status":"publish","type":"post","link":"https:\/\/buletin.de\/bucuresti\/s-au-redeschis-centrele-de-inchiriat-biciclete-din-parcurile-herastrau-si-tineretului\/","title":{"rendered":"S-au redeschis centrele de \u00eenchiriat biciclete din parcurile Her\u0103str\u0103u \u0219i Tineretului"},"content":{"rendered":"\n<p><strong>Centrele de \u00eenchiriat biciclete Ivelo din Parcul Her\u0103str\u0103u \u0219i Parcul Tineretului au fost redeschise. Acestea vor r\u0103m\u00e2ne deschise p\u00e2n\u0103 \u00een luna noiembrie inclusiv, \u0219i programul lor de func\u021bionare variaz\u0103 \u00een fiecare lun\u0103.<\/strong><\/p>\n\n\n\n<p>Centrele cu biciclete pot fi g\u0103site la intrarea Charles de Gaulle \u00een Her\u0103str\u0103u, respectiv intrarea \u0218incai \u00een Tineretului. Bucure\u0219tenii pot g\u0103si biciclete \u0219i \u00een cele 26 de centre de pe raza Capitalei, pe care le pot \u00eenchiria prin intermediul aplica\u021biei Ivelo. Un alt centru exist\u0103 \u0219i \u00een zona instala\u021biei cu globul p\u0103m\u00e2ntesc din Parcul IOR\u2013Titan.<\/p>\n\n\n\n<p>Programul \u00een care func\u021bioneaz\u0103 centrele de \u00eenchiriere \u00een luna februarie este de la 10:00 la 18:00 de luni p\u00e2n\u0103 duminic\u0103. Programul pentru urm\u0103toarele luni arat\u0103 \u00een felul urm\u0103tor:<\/p>\n\n\n\n<ul class=\"wp-block-list\">\n<li>martie \u0219i aprilie:\n<ul class=\"wp-block-list\">\n<li>luni-vineri, 11:30 \u2013 21:00<\/li>\n\n\n\n<li>s\u00e2mb\u0103t\u0103-duminic\u0103, 09:30 \u2013 21:00<\/li>\n<\/ul>\n<\/li>\n\n\n\n<li>iunie, iulie, august: \n<ul class=\"wp-block-list\">\n<li>luni-vineri, 11:30 \u2013 21:00<\/li>\n\n\n\n<li>s\u00e2mb\u0103t\u0103-duminic\u0103, 09:30 \u2013 21:00<\/li>\n<\/ul>\n<\/li>\n\n\n\n<li>septembrie: \n<ul class=\"wp-block-list\">\n<li>luni-vineri, 11:30 \u2013 20:00<\/li>\n\n\n\n<li>s\u00e2mb\u0103t\u0103-duminic\u0103, 09:30 \u2013 20:00<\/li>\n<\/ul>\n<\/li>\n\n\n\n<li>octombrie: \n<ul class=\"wp-block-list\">\n<li>luni-vineri, 11:00 \u2013 19:00<\/li>\n\n\n\n<li>s\u00e2mb\u0103t\u0103-duminic\u0103, 10:00 \u2013 19:00<\/li>\n<\/ul>\n<\/li>\n\n\n\n<li>noiembrie:\n<ul class=\"wp-block-list\">\n<li>luni-vineri, 12:00 \u2013 17:00<\/li>\n\n\n\n<li>s\u00e2mb\u0103t\u0103-duminic\u0103, 10:00 \u2013 17:00<\/li>\n<\/ul>\n<\/li>\n<\/ul>\n\n\n\n<p>Mai multe detalii despre modalit\u0103\u021bile de \u00eenchiriere \u0219i pre\u021burile aferente pot fi g\u0103site pe <a href=\"https:\/\/ivelo.ro\/\">I&#8217;Velo \u2013 Asocia\u021bia Green Revolution (ivelo.ro)<\/a>.<\/p>\n\n\n\n<h2 class=\"wp-block-heading\">Mi\u0219care contra polu\u0103rii<\/h2>\n\n\n\n<p>Un num\u0103r de 10 senzori de monitorizare a calit\u0103\u021bii aerului au fost amplasa\u021bi \u00een loca\u021bii centrale ale Capitalei, \u00een 10 sta\u021bii de bikesharing,&nbsp;prin derularea proiectului Aer curat pentru bicicli\u0219ti, \u00een urma unui parteneriat al Asocia\u021biei Ecopolis cu Asocia\u021bia Green Revolution, iar datele procurate de ace\u0219ti senzori pot fi v\u0103zute at\u00e2t pe Aerlive c\u00e2t \u0219i \u00een aplica\u021bia Ivelo.<\/p>\n\n\n\n<p><a href=\"https:\/\/buletin.de\/bucuresti\/bucuresti-gatuit-de-poluare-nivel-de-sase-sapte-ori-mai-mare-fata-de-limita-maxima-in-jurul-scolilor-si-spitalelor\/\">Raportul Ecopolis despre calitatea aerului din Capital\u0103 pentru anul 2023, consultat de Buletin de Bucure\u0219ti<\/a>, arat\u0103 faptul c\u0103 fiecare dintre cele 10 sta\u021bii  de monitorizare \u00eenregistreaz\u0103 un nivel de poluare cu PM2,5 ce dep\u0103\u0219esc nivelul mediu anual admis conform legii.<\/p>\n\n\n\n<figure class=\"wp-block-image size-large\"><img fetchpriority=\"high\" decoding=\"async\" width=\"900\" height=\"478\" src=\"data:image\/gif;base64,R0lGODlhAQABAAAAACH5BAEKAAEALAAAAAABAAEAAAICTAEAOw==\" data-src=\"https:\/\/buletin.de\/bucuresti\/wp-content\/uploads\/captura-6-900x478.png\" alt=\"\" class=\"wp-image-77153 lazyload\" data-sizes=\"auto\" data-srcset=\"https:\/\/buletin.de\/bucuresti\/wp-content\/uploads\/captura-6-900x478.png 900w, https:\/\/buletin.de\/bucuresti\/wp-content\/uploads\/captura-6-300x159.png 300w, https:\/\/buletin.de\/bucuresti\/wp-content\/uploads\/captura-6-768x408.png 768w, https:\/\/buletin.de\/bucuresti\/wp-content\/uploads\/captura-6-600x319.png 600w, https:\/\/buletin.de\/bucuresti\/wp-content\/uploads\/captura-6-20x11.png 20w, https:\/\/buletin.de\/bucuresti\/wp-content\/uploads\/captura-6.png 1020w\" sizes=\"(max-width: 900px) 100vw, 900px\" \/><\/figure>\n\n\n\n<p>Cite\u0219te restul articolului:<\/p>\n\n\n\n<ul class=\"wp-block-list\">\n<li><a href=\"https:\/\/buletin.de\/bucuresti\/bucuresti-gatuit-de-poluare-nivel-de-sase-sapte-ori-mai-mare-fata-de-limita-maxima-in-jurul-scolilor-si-spitalelor\/\">Bucure\u015fti g\u00e2tuit de poluare: nivel de \u015fase-\u015fapte ori mai mare fa\u0163\u0103 de limita maxim\u0103, \u00een jurul \u015fcolilor \u015fi spitalelor \u2013 Buletin de Bucure\u0219ti<\/a><\/li>\n<\/ul>\n","protected":false},"excerpt":{"rendered":"<p>Centrele de \u00eenchiriat biciclete Ivelo din Parcul Her\u0103str\u0103u \u0219i Parcul Tineretului au fost redeschise. Acestea vor r\u0103m\u00e2ne deschise p\u00e2n\u0103 \u00een luna noiembrie inclusiv, \u0219i programul lor de func\u021bionare variaz\u0103 \u00een fiecare lun\u0103. Centrele cu biciclete pot fi g\u0103site la intrarea Charles de Gaulle \u00een Her\u0103str\u0103u, respectiv intrarea \u0218incai \u00een Tineretului. Bucure\u0219tenii pot g\u0103si biciclete \u0219i [&hellip;]<\/p>\n","protected":false},"author":47,"featured_media":77157,"comment_status":"closed","ping_status":"open","sticky":false,"template":"","format":"standard","meta":{"_acf_changed":false,"inline_featured_image":false,"ngg_post_thumbnail":0,"footnotes":""},"categories":[6994,62],"tags":[333,5644,3216,9790,5726,3121,132,4656],"ppma_author":[22580],"class_list":["post-77152","post","type-post","status-publish","format-standard","has-post-thumbnail","hentry","category-stiri-2","category-stiri","tag-biciclete","tag-ecopolis","tag-herastrau","tag-inchiriere-biciclete","tag-ior","tag-parc","tag-poluare","tag-tineretului"],"acf":[],"yoast_head":"<!-- This site is optimized with the Yoast SEO Premium plugin v25.3 (Yoast SEO v27.4) - https:\/\/yoast.com\/product\/yoast-seo-premium-wordpress\/ -->\n<title>S-au redeschis centrele de \u00eenchiriat biciclete din parcurile Her\u0103str\u0103u \u0219i Tineretului - Buletin de Bucure\u0219ti<\/title>\n<meta name=\"robots\" content=\"index, follow, max-snippet:-1, max-image-preview:large, max-video-preview:-1\" \/>\n<link rel=\"canonical\" href=\"https:\/\/buletin.de\/bucuresti\/s-au-redeschis-centrele-de-inchiriat-biciclete-din-parcurile-herastrau-si-tineretului\/\" \/>\n<meta property=\"og:locale\" content=\"en_GB\" \/>\n<meta property=\"og:type\" content=\"article\" \/>\n<meta property=\"og:title\" content=\"S-au redeschis centrele de \u00eenchiriat biciclete din parcurile Her\u0103str\u0103u \u0219i Tineretului\" \/>\n<meta property=\"og:description\" content=\"Centrele de \u00eenchiriat biciclete Ivelo din Parcul Her\u0103str\u0103u \u0219i Parcul Tineretului au fost redeschise. Acestea vor r\u0103m\u00e2ne deschise p\u00e2n\u0103 \u00een luna noiembrie inclusiv, \u0219i programul lor de func\u021bionare variaz\u0103 \u00een fiecare lun\u0103. Centrele cu biciclete pot fi g\u0103site la intrarea Charles de Gaulle \u00een Her\u0103str\u0103u, respectiv intrarea \u0218incai \u00een Tineretului. Bucure\u0219tenii pot g\u0103si biciclete \u0219i [&hellip;]\" \/>\n<meta property=\"og:url\" content=\"https:\/\/buletin.de\/bucuresti\/s-au-redeschis-centrele-de-inchiriat-biciclete-din-parcurile-herastrau-si-tineretului\/\" \/>\n<meta property=\"og:site_name\" content=\"Buletin de Bucure\u0219ti\" \/>\n<meta property=\"article:publisher\" content=\"https:\/\/www.facebook.com\/buletin.de.buc\" \/>\n<meta property=\"article:published_time\" content=\"2024-02-14T18:51:20+00:00\" \/>\n<meta property=\"og:image\" content=\"https:\/\/buletin.de\/bucuresti\/wp-content\/uploads\/jn6mt6po-68.jpg\" \/>\n\t<meta property=\"og:image:width\" content=\"1600\" \/>\n\t<meta property=\"og:image:height\" content=\"1172\" \/>\n\t<meta property=\"og:image:type\" content=\"image\/jpeg\" \/>\n<meta name=\"author\" content=\"Adina C\u0103p\u00eelnean\" \/>\n<meta name=\"twitter:card\" content=\"summary_large_image\" \/>\n<meta name=\"twitter:label1\" content=\"Written by\" \/>\n\t<meta name=\"twitter:data1\" content=\"Adina C\u0103p\u00eelnean\" \/>\n\t<meta name=\"twitter:label2\" content=\"Estimated reading time\" \/>\n\t<meta name=\"twitter:data2\" content=\"2 minutes\" \/>\n<script type=\"application\/ld+json\" class=\"yoast-schema-graph\">{\"@context\":\"https:\\\/\\\/schema.org\",\"@graph\":[{\"@type\":\"Article\",\"@id\":\"https:\\\/\\\/buletin.de\\\/bucuresti\\\/s-au-redeschis-centrele-de-inchiriat-biciclete-din-parcurile-herastrau-si-tineretului\\\/#article\",\"isPartOf\":{\"@id\":\"https:\\\/\\\/buletin.de\\\/bucuresti\\\/s-au-redeschis-centrele-de-inchiriat-biciclete-din-parcurile-herastrau-si-tineretului\\\/\"},\"author\":{\"name\":\"Adina C\u0103p\u00eelnean\",\"@id\":\"https:\\\/\\\/buletin.de\\\/bucuresti\\\/#\\\/schema\\\/person\\\/ab174cf6711728e4ee83d672acf9a912\"},\"headline\":\"S-au redeschis centrele de \u00eenchiriat biciclete din parcurile Her\u0103str\u0103u \u0219i Tineretului\",\"datePublished\":\"2024-02-14T18:51:20+00:00\",\"mainEntityOfPage\":{\"@id\":\"https:\\\/\\\/buletin.de\\\/bucuresti\\\/s-au-redeschis-centrele-de-inchiriat-biciclete-din-parcurile-herastrau-si-tineretului\\\/\"},\"wordCount\":350,\"publisher\":{\"@id\":\"https:\\\/\\\/buletin.de\\\/bucuresti\\\/#organization\"},\"image\":{\"@id\":\"https:\\\/\\\/buletin.de\\\/bucuresti\\\/s-au-redeschis-centrele-de-inchiriat-biciclete-din-parcurile-herastrau-si-tineretului\\\/#primaryimage\"},\"thumbnailUrl\":\"https:\\\/\\\/buletin.de\\\/bucuresti\\\/wp-content\\\/uploads\\\/jn6mt6po-68.jpg\",\"keywords\":[\"biciclete\",\"ecopolis\",\"herastrau\",\"inchiriere biciclete\",\"IOR\",\"Parc\",\"poluare\",\"tineretului\"],\"articleSection\":[\"Articole\",\"\u0218tiri\"],\"inLanguage\":\"en-GB\",\"copyrightYear\":\"2024\",\"copyrightHolder\":{\"@id\":\"https:\\\/\\\/buletin.de\\\/bucuresti\\\/#organization\"}},{\"@type\":\"WebPage\",\"@id\":\"https:\\\/\\\/buletin.de\\\/bucuresti\\\/s-au-redeschis-centrele-de-inchiriat-biciclete-din-parcurile-herastrau-si-tineretului\\\/\",\"url\":\"https:\\\/\\\/buletin.de\\\/bucuresti\\\/s-au-redeschis-centrele-de-inchiriat-biciclete-din-parcurile-herastrau-si-tineretului\\\/\",\"name\":\"S-au redeschis centrele de \u00eenchiriat biciclete din parcurile Her\u0103str\u0103u \u0219i Tineretului - Buletin de Bucure\u0219ti\",\"isPartOf\":{\"@id\":\"https:\\\/\\\/buletin.de\\\/bucuresti\\\/#website\"},\"primaryImageOfPage\":{\"@id\":\"https:\\\/\\\/buletin.de\\\/bucuresti\\\/s-au-redeschis-centrele-de-inchiriat-biciclete-din-parcurile-herastrau-si-tineretului\\\/#primaryimage\"},\"image\":{\"@id\":\"https:\\\/\\\/buletin.de\\\/bucuresti\\\/s-au-redeschis-centrele-de-inchiriat-biciclete-din-parcurile-herastrau-si-tineretului\\\/#primaryimage\"},\"thumbnailUrl\":\"https:\\\/\\\/buletin.de\\\/bucuresti\\\/wp-content\\\/uploads\\\/jn6mt6po-68.jpg\",\"datePublished\":\"2024-02-14T18:51:20+00:00\",\"breadcrumb\":{\"@id\":\"https:\\\/\\\/buletin.de\\\/bucuresti\\\/s-au-redeschis-centrele-de-inchiriat-biciclete-din-parcurile-herastrau-si-tineretului\\\/#breadcrumb\"},\"inLanguage\":\"en-GB\",\"potentialAction\":[{\"@type\":\"ReadAction\",\"target\":[\"https:\\\/\\\/buletin.de\\\/bucuresti\\\/s-au-redeschis-centrele-de-inchiriat-biciclete-din-parcurile-herastrau-si-tineretului\\\/\"]}]},{\"@type\":\"ImageObject\",\"inLanguage\":\"en-GB\",\"@id\":\"https:\\\/\\\/buletin.de\\\/bucuresti\\\/s-au-redeschis-centrele-de-inchiriat-biciclete-din-parcurile-herastrau-si-tineretului\\\/#primaryimage\",\"url\":\"https:\\\/\\\/buletin.de\\\/bucuresti\\\/wp-content\\\/uploads\\\/jn6mt6po-68.jpg\",\"contentUrl\":\"https:\\\/\\\/buletin.de\\\/bucuresti\\\/wp-content\\\/uploads\\\/jn6mt6po-68.jpg\",\"width\":1600,\"height\":1172,\"caption\":\"a bicycle parked in a park\"},{\"@type\":\"BreadcrumbList\",\"@id\":\"https:\\\/\\\/buletin.de\\\/bucuresti\\\/s-au-redeschis-centrele-de-inchiriat-biciclete-din-parcurile-herastrau-si-tineretului\\\/#breadcrumb\",\"itemListElement\":[{\"@type\":\"ListItem\",\"position\":1,\"name\":\"Acas\u0103\",\"item\":\"https:\\\/\\\/buletin.de\\\/bucuresti\\\/\"},{\"@type\":\"ListItem\",\"position\":2,\"name\":\"S-au redeschis centrele de \u00eenchiriat biciclete din parcurile Her\u0103str\u0103u \u0219i Tineretului\"}]},{\"@type\":\"WebSite\",\"@id\":\"https:\\\/\\\/buletin.de\\\/bucuresti\\\/#website\",\"url\":\"https:\\\/\\\/buletin.de\\\/bucuresti\\\/\",\"name\":\"Buletin de Bucure\u0219ti\",\"description\":\"\u0218tiri \u0219i investiga\u021bii esen\u021biale din capital\u0103\",\"publisher\":{\"@id\":\"https:\\\/\\\/buletin.de\\\/bucuresti\\\/#organization\"},\"potentialAction\":[{\"@type\":\"SearchAction\",\"target\":{\"@type\":\"EntryPoint\",\"urlTemplate\":\"https:\\\/\\\/buletin.de\\\/bucuresti\\\/?s={search_term_string}\"},\"query-input\":{\"@type\":\"PropertyValueSpecification\",\"valueRequired\":true,\"valueName\":\"search_term_string\"}}],\"inLanguage\":\"en-GB\"},{\"@type\":\"Organization\",\"@id\":\"https:\\\/\\\/buletin.de\\\/bucuresti\\\/#organization\",\"name\":\"Buletin de Bucure\u0219ti\",\"url\":\"https:\\\/\\\/buletin.de\\\/bucuresti\\\/\",\"logo\":{\"@type\":\"ImageObject\",\"inLanguage\":\"en-GB\",\"@id\":\"https:\\\/\\\/buletin.de\\\/bucuresti\\\/#\\\/schema\\\/logo\\\/image\\\/\",\"url\":\"https:\\\/\\\/buletin.de\\\/bucuresti\\\/wp-content\\\/uploads\\\/logo-bdb-full-wide-vernil-transparent.png\",\"contentUrl\":\"https:\\\/\\\/buletin.de\\\/bucuresti\\\/wp-content\\\/uploads\\\/logo-bdb-full-wide-vernil-transparent.png\",\"width\":1782,\"height\":626,\"caption\":\"Buletin de Bucure\u0219ti\"},\"image\":{\"@id\":\"https:\\\/\\\/buletin.de\\\/bucuresti\\\/#\\\/schema\\\/logo\\\/image\\\/\"},\"sameAs\":[\"https:\\\/\\\/www.facebook.com\\\/buletin.de.buc\",\"https:\\\/\\\/www.instagram.com\\\/buletinde.bucuresti\\\/\"]},{\"@type\":\"Person\",\"@id\":\"https:\\\/\\\/buletin.de\\\/bucuresti\\\/#\\\/schema\\\/person\\\/ab174cf6711728e4ee83d672acf9a912\",\"name\":\"Adina C\u0103p\u00eelnean\",\"image\":{\"@type\":\"ImageObject\",\"inLanguage\":\"en-GB\",\"@id\":\"https:\\\/\\\/secure.gravatar.com\\\/avatar\\\/4fe9675d6282fd7c1aa4e486a037d532d5728fc16a30360f293eb6126b2e73ad?s=96&d=monsterid&r=ge2b23868508aec3460d3c6a11d3b599a\",\"url\":\"https:\\\/\\\/secure.gravatar.com\\\/avatar\\\/4fe9675d6282fd7c1aa4e486a037d532d5728fc16a30360f293eb6126b2e73ad?s=96&d=monsterid&r=g\",\"contentUrl\":\"https:\\\/\\\/secure.gravatar.com\\\/avatar\\\/4fe9675d6282fd7c1aa4e486a037d532d5728fc16a30360f293eb6126b2e73ad?s=96&d=monsterid&r=g\",\"caption\":\"Adina C\u0103p\u00eelnean\"},\"url\":\"https:\\\/\\\/buletin.de\\\/bucuresti\\\/author\\\/adinacapilnean\\\/\"}]}<\/script>\n<!-- \/ Yoast SEO Premium plugin. -->","yoast_head_json":{"title":"S-au redeschis centrele de \u00eenchiriat biciclete din parcurile Her\u0103str\u0103u \u0219i Tineretului - Buletin de Bucure\u0219ti","robots":{"index":"index","follow":"follow","max-snippet":"max-snippet:-1","max-image-preview":"max-image-preview:large","max-video-preview":"max-video-preview:-1"},"canonical":"https:\/\/buletin.de\/bucuresti\/s-au-redeschis-centrele-de-inchiriat-biciclete-din-parcurile-herastrau-si-tineretului\/","og_locale":"en_GB","og_type":"article","og_title":"S-au redeschis centrele de \u00eenchiriat biciclete din parcurile Her\u0103str\u0103u \u0219i Tineretului","og_description":"Centrele de \u00eenchiriat biciclete Ivelo din Parcul Her\u0103str\u0103u \u0219i Parcul Tineretului au fost redeschise. Acestea vor r\u0103m\u00e2ne deschise p\u00e2n\u0103 \u00een luna noiembrie inclusiv, \u0219i programul lor de func\u021bionare variaz\u0103 \u00een fiecare lun\u0103. Centrele cu biciclete pot fi g\u0103site la intrarea Charles de Gaulle \u00een Her\u0103str\u0103u, respectiv intrarea \u0218incai \u00een Tineretului. Bucure\u0219tenii pot g\u0103si biciclete \u0219i [&hellip;]","og_url":"https:\/\/buletin.de\/bucuresti\/s-au-redeschis-centrele-de-inchiriat-biciclete-din-parcurile-herastrau-si-tineretului\/","og_site_name":"Buletin de Bucure\u0219ti","article_publisher":"https:\/\/www.facebook.com\/buletin.de.buc","article_published_time":"2024-02-14T18:51:20+00:00","og_image":[{"width":1600,"height":1172,"url":"https:\/\/buletin.de\/bucuresti\/wp-content\/uploads\/jn6mt6po-68.jpg","type":"image\/jpeg"}],"author":"Adina C\u0103p\u00eelnean","twitter_card":"summary_large_image","twitter_misc":{"Written by":"Adina C\u0103p\u00eelnean","Estimated reading time":"2 minutes"},"schema":{"@context":"https:\/\/schema.org","@graph":[{"@type":"Article","@id":"https:\/\/buletin.de\/bucuresti\/s-au-redeschis-centrele-de-inchiriat-biciclete-din-parcurile-herastrau-si-tineretului\/#article","isPartOf":{"@id":"https:\/\/buletin.de\/bucuresti\/s-au-redeschis-centrele-de-inchiriat-biciclete-din-parcurile-herastrau-si-tineretului\/"},"author":{"name":"Adina C\u0103p\u00eelnean","@id":"https:\/\/buletin.de\/bucuresti\/#\/schema\/person\/ab174cf6711728e4ee83d672acf9a912"},"headline":"S-au redeschis centrele de \u00eenchiriat biciclete din parcurile Her\u0103str\u0103u \u0219i Tineretului","datePublished":"2024-02-14T18:51:20+00:00","mainEntityOfPage":{"@id":"https:\/\/buletin.de\/bucuresti\/s-au-redeschis-centrele-de-inchiriat-biciclete-din-parcurile-herastrau-si-tineretului\/"},"wordCount":350,"publisher":{"@id":"https:\/\/buletin.de\/bucuresti\/#organization"},"image":{"@id":"https:\/\/buletin.de\/bucuresti\/s-au-redeschis-centrele-de-inchiriat-biciclete-din-parcurile-herastrau-si-tineretului\/#primaryimage"},"thumbnailUrl":"https:\/\/buletin.de\/bucuresti\/wp-content\/uploads\/jn6mt6po-68.jpg","keywords":["biciclete","ecopolis","herastrau","inchiriere biciclete","IOR","Parc","poluare","tineretului"],"articleSection":["Articole","\u0218tiri"],"inLanguage":"en-GB","copyrightYear":"2024","copyrightHolder":{"@id":"https:\/\/buletin.de\/bucuresti\/#organization"}},{"@type":"WebPage","@id":"https:\/\/buletin.de\/bucuresti\/s-au-redeschis-centrele-de-inchiriat-biciclete-din-parcurile-herastrau-si-tineretului\/","url":"https:\/\/buletin.de\/bucuresti\/s-au-redeschis-centrele-de-inchiriat-biciclete-din-parcurile-herastrau-si-tineretului\/","name":"S-au redeschis centrele de \u00eenchiriat biciclete din parcurile Her\u0103str\u0103u \u0219i Tineretului - Buletin de Bucure\u0219ti","isPartOf":{"@id":"https:\/\/buletin.de\/bucuresti\/#website"},"primaryImageOfPage":{"@id":"https:\/\/buletin.de\/bucuresti\/s-au-redeschis-centrele-de-inchiriat-biciclete-din-parcurile-herastrau-si-tineretului\/#primaryimage"},"image":{"@id":"https:\/\/buletin.de\/bucuresti\/s-au-redeschis-centrele-de-inchiriat-biciclete-din-parcurile-herastrau-si-tineretului\/#primaryimage"},"thumbnailUrl":"https:\/\/buletin.de\/bucuresti\/wp-content\/uploads\/jn6mt6po-68.jpg","datePublished":"2024-02-14T18:51:20+00:00","breadcrumb":{"@id":"https:\/\/buletin.de\/bucuresti\/s-au-redeschis-centrele-de-inchiriat-biciclete-din-parcurile-herastrau-si-tineretului\/#breadcrumb"},"inLanguage":"en-GB","potentialAction":[{"@type":"ReadAction","target":["https:\/\/buletin.de\/bucuresti\/s-au-redeschis-centrele-de-inchiriat-biciclete-din-parcurile-herastrau-si-tineretului\/"]}]},{"@type":"ImageObject","inLanguage":"en-GB","@id":"https:\/\/buletin.de\/bucuresti\/s-au-redeschis-centrele-de-inchiriat-biciclete-din-parcurile-herastrau-si-tineretului\/#primaryimage","url":"https:\/\/buletin.de\/bucuresti\/wp-content\/uploads\/jn6mt6po-68.jpg","contentUrl":"https:\/\/buletin.de\/bucuresti\/wp-content\/uploads\/jn6mt6po-68.jpg","width":1600,"height":1172,"caption":"a bicycle parked in a park"},{"@type":"BreadcrumbList","@id":"https:\/\/buletin.de\/bucuresti\/s-au-redeschis-centrele-de-inchiriat-biciclete-din-parcurile-herastrau-si-tineretului\/#breadcrumb","itemListElement":[{"@type":"ListItem","position":1,"name":"Acas\u0103","item":"https:\/\/buletin.de\/bucuresti\/"},{"@type":"ListItem","position":2,"name":"S-au redeschis centrele de \u00eenchiriat biciclete din parcurile Her\u0103str\u0103u \u0219i Tineretului"}]},{"@type":"WebSite","@id":"https:\/\/buletin.de\/bucuresti\/#website","url":"https:\/\/buletin.de\/bucuresti\/","name":"Buletin de Bucure\u0219ti","description":"\u0218tiri \u0219i investiga\u021bii esen\u021biale din capital\u0103","publisher":{"@id":"https:\/\/buletin.de\/bucuresti\/#organization"},"potentialAction":[{"@type":"SearchAction","target":{"@type":"EntryPoint","urlTemplate":"https:\/\/buletin.de\/bucuresti\/?s={search_term_string}"},"query-input":{"@type":"PropertyValueSpecification","valueRequired":true,"valueName":"search_term_string"}}],"inLanguage":"en-GB"},{"@type":"Organization","@id":"https:\/\/buletin.de\/bucuresti\/#organization","name":"Buletin de Bucure\u0219ti","url":"https:\/\/buletin.de\/bucuresti\/","logo":{"@type":"ImageObject","inLanguage":"en-GB","@id":"https:\/\/buletin.de\/bucuresti\/#\/schema\/logo\/image\/","url":"https:\/\/buletin.de\/bucuresti\/wp-content\/uploads\/logo-bdb-full-wide-vernil-transparent.png","contentUrl":"https:\/\/buletin.de\/bucuresti\/wp-content\/uploads\/logo-bdb-full-wide-vernil-transparent.png","width":1782,"height":626,"caption":"Buletin de Bucure\u0219ti"},"image":{"@id":"https:\/\/buletin.de\/bucuresti\/#\/schema\/logo\/image\/"},"sameAs":["https:\/\/www.facebook.com\/buletin.de.buc","https:\/\/www.instagram.com\/buletinde.bucuresti\/"]},{"@type":"Person","@id":"https:\/\/buletin.de\/bucuresti\/#\/schema\/person\/ab174cf6711728e4ee83d672acf9a912","name":"Adina C\u0103p\u00eelnean","image":{"@type":"ImageObject","inLanguage":"en-GB","@id":"https:\/\/secure.gravatar.com\/avatar\/4fe9675d6282fd7c1aa4e486a037d532d5728fc16a30360f293eb6126b2e73ad?s=96&d=monsterid&r=ge2b23868508aec3460d3c6a11d3b599a","url":"https:\/\/secure.gravatar.com\/avatar\/4fe9675d6282fd7c1aa4e486a037d532d5728fc16a30360f293eb6126b2e73ad?s=96&d=monsterid&r=g","contentUrl":"https:\/\/secure.gravatar.com\/avatar\/4fe9675d6282fd7c1aa4e486a037d532d5728fc16a30360f293eb6126b2e73ad?s=96&d=monsterid&r=g","caption":"Adina C\u0103p\u00eelnean"},"url":"https:\/\/buletin.de\/bucuresti\/author\/adinacapilnean\/"}]}},"authors":[{"term_id":22580,"user_id":47,"is_guest":0,"slug":"adinacapilnean","display_name":"Adina C\u0103p\u00eelnean","avatar_url":"https:\/\/secure.gravatar.com\/avatar\/4fe9675d6282fd7c1aa4e486a037d532d5728fc16a30360f293eb6126b2e73ad?s=96&d=monsterid&r=g","0":null,"1":"","2":"","3":"","4":"","5":"","6":"","7":"","8":""}],"_links":{"self":[{"href":"https:\/\/buletin.de\/bucuresti\/wp-json\/wp\/v2\/posts\/77152","targetHints":{"allow":["GET"]}}],"collection":[{"href":"https:\/\/buletin.de\/bucuresti\/wp-json\/wp\/v2\/posts"}],"about":[{"href":"https:\/\/buletin.de\/bucuresti\/wp-json\/wp\/v2\/types\/post"}],"author":[{"embeddable":true,"href":"https:\/\/buletin.de\/bucuresti\/wp-json\/wp\/v2\/users\/47"}],"replies":[{"embeddable":true,"href":"https:\/\/buletin.de\/bucuresti\/wp-json\/wp\/v2\/comments?post=77152"}],"version-history":[{"count":3,"href":"https:\/\/buletin.de\/bucuresti\/wp-json\/wp\/v2\/posts\/77152\/revisions"}],"predecessor-version":[{"id":77158,"href":"https:\/\/buletin.de\/bucuresti\/wp-json\/wp\/v2\/posts\/77152\/revisions\/77158"}],"wp:featuredmedia":[{"embeddable":true,"href":"https:\/\/buletin.de\/bucuresti\/wp-json\/wp\/v2\/media\/77157"}],"wp:attachment":[{"href":"https:\/\/buletin.de\/bucuresti\/wp-json\/wp\/v2\/media?parent=77152"}],"wp:term":[{"taxonomy":"category","embeddable":true,"href":"https:\/\/buletin.de\/bucuresti\/wp-json\/wp\/v2\/categories?post=77152"},{"taxonomy":"post_tag","embeddable":true,"href":"https:\/\/buletin.de\/bucuresti\/wp-json\/wp\/v2\/tags?post=77152"},{"taxonomy":"author","embeddable":true,"href":"https:\/\/buletin.de\/bucuresti\/wp-json\/wp\/v2\/ppma_author?post=77152"}],"curies":[{"name":"wp","href":"https:\/\/api.w.org\/{rel}","templated":true}]}}