{"id":76680,"date":"2024-02-08T18:18:19","date_gmt":"2024-02-08T16:18:19","guid":{"rendered":"https:\/\/buletin.de\/bucuresti\/?p=76680"},"modified":"2024-02-08T21:47:29","modified_gmt":"2024-02-08T19:47:29","slug":"filmarile-opresc-pentru-cinci-ore-traficul-din-pasajul-unirii-in-noaptea-dintre-joi-si-vineri","status":"publish","type":"post","link":"https:\/\/buletin.de\/bucuresti\/filmarile-opresc-pentru-cinci-ore-traficul-din-pasajul-unirii-in-noaptea-dintre-joi-si-vineri\/","title":{"rendered":"UPDATE: Film\u0103ri am\u00e2nate dup\u0103 o ne\u00een\u0163elegere. (Film\u0103rile opresc pentru cinci ore traficul din Pasajul Unirii, \u00een noaptea dintre joi \u0219i vineri)"},"content":{"rendered":"\n<p>UPDATE:<\/p>\n\n\n\n<p>\u00centr-o discu\u0163ie cu reporterii Buletin de Bucure\u015fti, reprezentan\u0163ii Prim\u0103riei Sectorului 4, care este administrator public al acelui tronson de drum, au explicat c\u0103 institu\u0163ia nu era pus\u0103 la curent cu acel plan de filmare, drept urmare nu pot aproba orele de filmare. Asta cel pu\u0163in p\u00e2n\u0103 c\u00e2nd cei de la casa de produc\u0163ie nu discut\u0103 cu edilii Sectorului 4. \u00centregul comunicat, mai jos:<\/p>\n\n\n\n<blockquote class=\"wp-block-quote is-layout-flow wp-block-quote-is-layout-flow\">\n<p class=\"has-medium-font-size\">Anun\u0163 important! Pasajul Unirii NU SE \u00ceNCHIDE \u00een noaptea de 8 spre 9 februarie 2024!<\/p>\n\n\n\n<p class=\"has-medium-font-size\">Av\u00e2nd \u00een vedere informa\u021biile ap\u0103rute \u00een spa\u021biul public, cu privire la posibila restric\u021bionare temporar\u0103 a circula\u021biei \u00een Pasajul Unirii, \u00een vederea realiz\u0103rii unor activit\u0103\u021bi publicitare, Sectorul 4 al Municipiului Bucure\u0219ti face urm\u0103toarele preciz\u0103ri:<\/p>\n\n\n\n<p class=\"has-medium-font-size\">Pasajul Unirii NU SE \u00ceNCHIDE, iar circula\u021bia nu va fi restric\u021bionat\u0103 \u00een noaptea de 8 spre 9 februarie 2024. Sectorul 4 este administratorul acestui obiectiv \u0219i NU a fost informat cu privire la posibile &#8220;scene dinamice&#8221; ce ar fi putut fi filmate \u00een interiorul tunelului rutier. Prin urmare, \u00eentruc\u00e2t nu cunoa\u0219tem tipul activit\u0103\u021bilor ce ar fi urmat s\u0103 se deruleze \u0219i neav\u00e2nd o garan\u021bie a protec\u021biei investi\u021biei efectuate de c\u0103tre Sectorul 4 \u00een aceast\u0103 zon\u0103, ne exprim\u0103m ferm dezaprobarea cu privire la acest gen de ac\u021biune \u0219i asigur\u0103m conduc\u0103torii auto c\u0103 at\u00e2t \u00een aceast\u0103 noapte, c\u00e2t \u0219i \u00een urm\u0103toarele, Pasajul Unirii va fi deschis circula\u021biei \u00een condi\u021bii normale de trafic.<\/p>\n<cite>prim\u0103ria sectorului 4<\/cite><\/blockquote>\n\n\n\n<p>Comunicatul Prim\u0103riei vine \u00een ciuda celui de la Poli\u0163ia Rutier\u0103, care anun\u0163ase \u015fi aprobase aceste film\u0103ri. <\/p>\n\n\n\n<p>\u015eTIREA INI\u0162IAL\u0102:<\/p>\n\n\n\n<p><strong>\u00cen noaptea dintre joi \u0219i vineri, 8-9 februarie<\/strong>, traficul pe un sens din Pasajul Unirii va fi restric\u021bionat, <strong>\u00een intervalul 00:00\u201305:00<\/strong>, \u00een vederea realiz\u0103rii unor \u201efilm\u0103ri dinamice,\u201d anun\u021b\u0103 Brigada Rutier\u0103, \u00eentr-un comunicat. Este vorba de s<strong>ensul de deplasare dinspre Pia\u021ba Universit\u0103\u021bii c\u0103tre Bd. Dimitrie Cantemir.<\/strong> Ar fi vorba despre filmarea unei reclame. <\/p>\n\n\n\n<p><em>\u201eBrigada Rutier\u0103 solicit\u0103 conduc\u0103torilor de autovehicule s\u0103 circule cu pruden\u021b\u0103, s\u0103 p\u0103streze o distan\u021b\u0103 suficient\u0103 pentru a putea fr\u00e2na \u00een condi\u021bii de siguran\u021b\u0103, s\u0103 nu opreasc\u0103 ori s\u0103 sta\u0163ioneze dec\u00e2t \u00een locurile special amenajate \u0219i s\u0103 respecte semnalele \u0219i indica\u021biile poli\u021bi\u015ftilor rutieri\u201d.<\/em><\/p>\n\n\n\n<h2 class=\"wp-block-heading\">Alte produc\u021bii \u00een trafic<\/h2>\n\n\n\n<p>Podul Basarab a fost \u00eenchis \u00een totalitate&nbsp; \u00een noaptea de 16 spre 17 decembrie, \u00een intervalul orar 22:00-05:00, pentru o produc\u021bie cinematografic\u0103: serial rom\u00e2nesc, pentru Netflix.&nbsp;Traficul a mai fost oprit \u0219i la \u00eenceputul anului, \u00een mai multe zone din Bucure\u0219ti, \u00een vederea realiz\u0103rii unui film. <\/p>\n\n\n\n<p><strong>CITE\u015eTE \u015eI:<\/strong><\/p>\n\n\n\n<ul class=\"wp-block-list\">\n<li><a href=\"https:\/\/buletin.de\/bucuresti\/weekend-cu-restrictii-pe-podul-basarab-si-in-pasajul-victoriei-se-filmeaza-un-serial-romanesc-pentru-netflix\/\">Weekend cu restric\u0163ii pe Podul Basarab \u015fi \u00een Pasajul Victoriei. Se filmeaz\u0103 un serial rom\u00e2nesc, pentru Netflix \u2013 Buletin de Bucure\u0219ti<\/a><\/li>\n\n\n\n<li><a href=\"https:\/\/buletin.de\/bucuresti\/atentie-se-filmeaza-restrictii-de-circulatie-in-bucuresti-pentru-productia-unui-film\/\">Aten\u021bie, se filmeaz\u0103! Restric\u021bii de circula\u021bie \u00een Bucure\u0219ti pentru produc\u021bia unui film \u2013 Buletin de Bucure\u0219ti<\/a><\/li>\n<\/ul>\n","protected":false},"excerpt":{"rendered":"<p>UPDATE: \u00centr-o discu\u0163ie cu reporterii Buletin de Bucure\u015fti, reprezentan\u0163ii Prim\u0103riei Sectorului 4, care este administrator public al acelui tronson de drum, au explicat c\u0103 institu\u0163ia nu era pus\u0103 la curent cu acel plan de filmare, drept urmare nu pot aproba orele de filmare. Asta cel pu\u0163in p\u00e2n\u0103 c\u00e2nd cei de la casa de produc\u0163ie nu [&hellip;]<\/p>\n","protected":false},"author":47,"featured_media":42831,"comment_status":"closed","ping_status":"open","sticky":false,"template":"","format":"standard","meta":{"_acf_changed":false,"inline_featured_image":false,"ngg_post_thumbnail":0,"footnotes":""},"categories":[6994,62,650],"tags":[9650,4536,8726,1344,58,9649],"ppma_author":[22580],"class_list":["post-76680","post","type-post","status-publish","format-standard","has-post-thumbnail","hentry","category-stiri-2","category-stiri","category-transport","tag-filmari","tag-pasajul-unirii","tag-restrcitii-de-circulatie","tag-restrictii-2","tag-trafic","tag-vrigada-rutiera"],"acf":[],"yoast_head":"<!-- This site is optimized with the Yoast SEO Premium plugin v25.3 (Yoast SEO v27.5) - https:\/\/yoast.com\/product\/yoast-seo-premium-wordpress\/ -->\n<title>UPDATE: Film\u0103ri am\u00e2nate dup\u0103 o ne\u00een\u0163elegere. (Film\u0103rile opresc pentru cinci ore traficul din Pasajul Unirii, \u00een noaptea dintre joi \u0219i vineri) - Buletin de Bucure\u0219ti<\/title>\n<meta name=\"robots\" content=\"index, follow, max-snippet:-1, max-image-preview:large, max-video-preview:-1\" \/>\n<link rel=\"canonical\" href=\"https:\/\/buletin.de\/bucuresti\/filmarile-opresc-pentru-cinci-ore-traficul-din-pasajul-unirii-in-noaptea-dintre-joi-si-vineri\/\" \/>\n<meta property=\"og:locale\" content=\"en_GB\" \/>\n<meta property=\"og:type\" content=\"article\" \/>\n<meta property=\"og:title\" content=\"UPDATE: Film\u0103ri am\u00e2nate dup\u0103 o ne\u00een\u0163elegere. (Film\u0103rile opresc pentru cinci ore traficul din Pasajul Unirii, \u00een noaptea dintre joi \u0219i vineri)\" \/>\n<meta property=\"og:description\" content=\"UPDATE: \u00centr-o discu\u0163ie cu reporterii Buletin de Bucure\u015fti, reprezentan\u0163ii Prim\u0103riei Sectorului 4, care este administrator public al acelui tronson de drum, au explicat c\u0103 institu\u0163ia nu era pus\u0103 la curent cu acel plan de filmare, drept urmare nu pot aproba orele de filmare. Asta cel pu\u0163in p\u00e2n\u0103 c\u00e2nd cei de la casa de produc\u0163ie nu [&hellip;]\" \/>\n<meta property=\"og:url\" content=\"https:\/\/buletin.de\/bucuresti\/filmarile-opresc-pentru-cinci-ore-traficul-din-pasajul-unirii-in-noaptea-dintre-joi-si-vineri\/\" \/>\n<meta property=\"og:site_name\" content=\"Buletin de Bucure\u0219ti\" \/>\n<meta property=\"article:publisher\" content=\"https:\/\/www.facebook.com\/buletin.de.buc\" \/>\n<meta property=\"article:published_time\" content=\"2024-02-08T16:18:19+00:00\" \/>\n<meta property=\"article:modified_time\" content=\"2024-02-08T19:47:29+00:00\" \/>\n<meta property=\"og:image\" content=\"https:\/\/buletin.de\/bucuresti\/wp-content\/uploads\/pasajul-unirii-main.jpeg\" \/>\n\t<meta property=\"og:image:width\" content=\"1536\" \/>\n\t<meta property=\"og:image:height\" content=\"728\" \/>\n\t<meta property=\"og:image:type\" content=\"image\/jpeg\" \/>\n<meta name=\"author\" content=\"Adina C\u0103p\u00eelnean\" \/>\n<meta name=\"twitter:card\" content=\"summary_large_image\" \/>\n<meta name=\"twitter:label1\" content=\"Written by\" \/>\n\t<meta name=\"twitter:data1\" content=\"Adina C\u0103p\u00eelnean\" \/>\n\t<meta name=\"twitter:label2\" content=\"Estimated reading time\" \/>\n\t<meta name=\"twitter:data2\" content=\"2 minutes\" \/>\n<script type=\"application\/ld+json\" class=\"yoast-schema-graph\">{\"@context\":\"https:\\\/\\\/schema.org\",\"@graph\":[{\"@type\":\"Article\",\"@id\":\"https:\\\/\\\/buletin.de\\\/bucuresti\\\/filmarile-opresc-pentru-cinci-ore-traficul-din-pasajul-unirii-in-noaptea-dintre-joi-si-vineri\\\/#article\",\"isPartOf\":{\"@id\":\"https:\\\/\\\/buletin.de\\\/bucuresti\\\/filmarile-opresc-pentru-cinci-ore-traficul-din-pasajul-unirii-in-noaptea-dintre-joi-si-vineri\\\/\"},\"author\":{\"name\":\"Adina C\u0103p\u00eelnean\",\"@id\":\"https:\\\/\\\/buletin.de\\\/bucuresti\\\/#\\\/schema\\\/person\\\/ab174cf6711728e4ee83d672acf9a912\"},\"headline\":\"UPDATE: Film\u0103ri am\u00e2nate dup\u0103 o ne\u00een\u0163elegere. (Film\u0103rile opresc pentru cinci ore traficul din Pasajul Unirii, \u00een noaptea dintre joi \u0219i vineri)\",\"datePublished\":\"2024-02-08T16:18:19+00:00\",\"dateModified\":\"2024-02-08T19:47:29+00:00\",\"mainEntityOfPage\":{\"@id\":\"https:\\\/\\\/buletin.de\\\/bucuresti\\\/filmarile-opresc-pentru-cinci-ore-traficul-din-pasajul-unirii-in-noaptea-dintre-joi-si-vineri\\\/\"},\"wordCount\":512,\"publisher\":{\"@id\":\"https:\\\/\\\/buletin.de\\\/bucuresti\\\/#organization\"},\"image\":{\"@id\":\"https:\\\/\\\/buletin.de\\\/bucuresti\\\/filmarile-opresc-pentru-cinci-ore-traficul-din-pasajul-unirii-in-noaptea-dintre-joi-si-vineri\\\/#primaryimage\"},\"thumbnailUrl\":\"https:\\\/\\\/buletin.de\\\/bucuresti\\\/wp-content\\\/uploads\\\/pasajul-unirii-main.jpeg\",\"keywords\":[\"filmari\",\"pasajul unirii\",\"restrcitii de circulatie\",\"restrictii\",\"trafic\",\"vrigada rutiera\"],\"articleSection\":[\"Articole\",\"\u0218tiri\",\"Transport\"],\"inLanguage\":\"en-GB\",\"copyrightYear\":\"2024\",\"copyrightHolder\":{\"@id\":\"https:\\\/\\\/buletin.de\\\/bucuresti\\\/#organization\"}},{\"@type\":\"WebPage\",\"@id\":\"https:\\\/\\\/buletin.de\\\/bucuresti\\\/filmarile-opresc-pentru-cinci-ore-traficul-din-pasajul-unirii-in-noaptea-dintre-joi-si-vineri\\\/\",\"url\":\"https:\\\/\\\/buletin.de\\\/bucuresti\\\/filmarile-opresc-pentru-cinci-ore-traficul-din-pasajul-unirii-in-noaptea-dintre-joi-si-vineri\\\/\",\"name\":\"UPDATE: Film\u0103ri am\u00e2nate dup\u0103 o ne\u00een\u0163elegere. (Film\u0103rile opresc pentru cinci ore traficul din Pasajul Unirii, \u00een noaptea dintre joi \u0219i vineri) - Buletin de Bucure\u0219ti\",\"isPartOf\":{\"@id\":\"https:\\\/\\\/buletin.de\\\/bucuresti\\\/#website\"},\"primaryImageOfPage\":{\"@id\":\"https:\\\/\\\/buletin.de\\\/bucuresti\\\/filmarile-opresc-pentru-cinci-ore-traficul-din-pasajul-unirii-in-noaptea-dintre-joi-si-vineri\\\/#primaryimage\"},\"image\":{\"@id\":\"https:\\\/\\\/buletin.de\\\/bucuresti\\\/filmarile-opresc-pentru-cinci-ore-traficul-din-pasajul-unirii-in-noaptea-dintre-joi-si-vineri\\\/#primaryimage\"},\"thumbnailUrl\":\"https:\\\/\\\/buletin.de\\\/bucuresti\\\/wp-content\\\/uploads\\\/pasajul-unirii-main.jpeg\",\"datePublished\":\"2024-02-08T16:18:19+00:00\",\"dateModified\":\"2024-02-08T19:47:29+00:00\",\"breadcrumb\":{\"@id\":\"https:\\\/\\\/buletin.de\\\/bucuresti\\\/filmarile-opresc-pentru-cinci-ore-traficul-din-pasajul-unirii-in-noaptea-dintre-joi-si-vineri\\\/#breadcrumb\"},\"inLanguage\":\"en-GB\",\"potentialAction\":[{\"@type\":\"ReadAction\",\"target\":[\"https:\\\/\\\/buletin.de\\\/bucuresti\\\/filmarile-opresc-pentru-cinci-ore-traficul-din-pasajul-unirii-in-noaptea-dintre-joi-si-vineri\\\/\"]}]},{\"@type\":\"ImageObject\",\"inLanguage\":\"en-GB\",\"@id\":\"https:\\\/\\\/buletin.de\\\/bucuresti\\\/filmarile-opresc-pentru-cinci-ore-traficul-din-pasajul-unirii-in-noaptea-dintre-joi-si-vineri\\\/#primaryimage\",\"url\":\"https:\\\/\\\/buletin.de\\\/bucuresti\\\/wp-content\\\/uploads\\\/pasajul-unirii-main.jpeg\",\"contentUrl\":\"https:\\\/\\\/buletin.de\\\/bucuresti\\\/wp-content\\\/uploads\\\/pasajul-unirii-main.jpeg\",\"width\":1536,\"height\":728},{\"@type\":\"BreadcrumbList\",\"@id\":\"https:\\\/\\\/buletin.de\\\/bucuresti\\\/filmarile-opresc-pentru-cinci-ore-traficul-din-pasajul-unirii-in-noaptea-dintre-joi-si-vineri\\\/#breadcrumb\",\"itemListElement\":[{\"@type\":\"ListItem\",\"position\":1,\"name\":\"Acas\u0103\",\"item\":\"https:\\\/\\\/buletin.de\\\/bucuresti\\\/\"},{\"@type\":\"ListItem\",\"position\":2,\"name\":\"UPDATE: Film\u0103ri am\u00e2nate dup\u0103 o ne\u00een\u0163elegere. (Film\u0103rile opresc pentru cinci ore traficul din Pasajul Unirii, \u00een noaptea dintre joi \u0219i vineri)\"}]},{\"@type\":\"WebSite\",\"@id\":\"https:\\\/\\\/buletin.de\\\/bucuresti\\\/#website\",\"url\":\"https:\\\/\\\/buletin.de\\\/bucuresti\\\/\",\"name\":\"Buletin de Bucure\u0219ti\",\"description\":\"\u0218tiri \u0219i investiga\u021bii esen\u021biale din capital\u0103\",\"publisher\":{\"@id\":\"https:\\\/\\\/buletin.de\\\/bucuresti\\\/#organization\"},\"potentialAction\":[{\"@type\":\"SearchAction\",\"target\":{\"@type\":\"EntryPoint\",\"urlTemplate\":\"https:\\\/\\\/buletin.de\\\/bucuresti\\\/?s={search_term_string}\"},\"query-input\":{\"@type\":\"PropertyValueSpecification\",\"valueRequired\":true,\"valueName\":\"search_term_string\"}}],\"inLanguage\":\"en-GB\"},{\"@type\":\"Organization\",\"@id\":\"https:\\\/\\\/buletin.de\\\/bucuresti\\\/#organization\",\"name\":\"Buletin de Bucure\u0219ti\",\"url\":\"https:\\\/\\\/buletin.de\\\/bucuresti\\\/\",\"logo\":{\"@type\":\"ImageObject\",\"inLanguage\":\"en-GB\",\"@id\":\"https:\\\/\\\/buletin.de\\\/bucuresti\\\/#\\\/schema\\\/logo\\\/image\\\/\",\"url\":\"https:\\\/\\\/buletin.de\\\/bucuresti\\\/wp-content\\\/uploads\\\/logo-bdb-full-wide-vernil-transparent.png\",\"contentUrl\":\"https:\\\/\\\/buletin.de\\\/bucuresti\\\/wp-content\\\/uploads\\\/logo-bdb-full-wide-vernil-transparent.png\",\"width\":1782,\"height\":626,\"caption\":\"Buletin de Bucure\u0219ti\"},\"image\":{\"@id\":\"https:\\\/\\\/buletin.de\\\/bucuresti\\\/#\\\/schema\\\/logo\\\/image\\\/\"},\"sameAs\":[\"https:\\\/\\\/www.facebook.com\\\/buletin.de.buc\",\"https:\\\/\\\/www.instagram.com\\\/buletinde.bucuresti\\\/\"]},{\"@type\":\"Person\",\"@id\":\"https:\\\/\\\/buletin.de\\\/bucuresti\\\/#\\\/schema\\\/person\\\/ab174cf6711728e4ee83d672acf9a912\",\"name\":\"Adina C\u0103p\u00eelnean\",\"image\":{\"@type\":\"ImageObject\",\"inLanguage\":\"en-GB\",\"@id\":\"https:\\\/\\\/secure.gravatar.com\\\/avatar\\\/4fe9675d6282fd7c1aa4e486a037d532d5728fc16a30360f293eb6126b2e73ad?s=96&d=monsterid&r=ge2b23868508aec3460d3c6a11d3b599a\",\"url\":\"https:\\\/\\\/secure.gravatar.com\\\/avatar\\\/4fe9675d6282fd7c1aa4e486a037d532d5728fc16a30360f293eb6126b2e73ad?s=96&d=monsterid&r=g\",\"contentUrl\":\"https:\\\/\\\/secure.gravatar.com\\\/avatar\\\/4fe9675d6282fd7c1aa4e486a037d532d5728fc16a30360f293eb6126b2e73ad?s=96&d=monsterid&r=g\",\"caption\":\"Adina C\u0103p\u00eelnean\"},\"url\":\"https:\\\/\\\/buletin.de\\\/bucuresti\\\/author\\\/adinacapilnean\\\/\"}]}<\/script>\n<!-- \/ Yoast SEO Premium plugin. -->","yoast_head_json":{"title":"UPDATE: Film\u0103ri am\u00e2nate dup\u0103 o ne\u00een\u0163elegere. (Film\u0103rile opresc pentru cinci ore traficul din Pasajul Unirii, \u00een noaptea dintre joi \u0219i vineri) - Buletin de Bucure\u0219ti","robots":{"index":"index","follow":"follow","max-snippet":"max-snippet:-1","max-image-preview":"max-image-preview:large","max-video-preview":"max-video-preview:-1"},"canonical":"https:\/\/buletin.de\/bucuresti\/filmarile-opresc-pentru-cinci-ore-traficul-din-pasajul-unirii-in-noaptea-dintre-joi-si-vineri\/","og_locale":"en_GB","og_type":"article","og_title":"UPDATE: Film\u0103ri am\u00e2nate dup\u0103 o ne\u00een\u0163elegere. (Film\u0103rile opresc pentru cinci ore traficul din Pasajul Unirii, \u00een noaptea dintre joi \u0219i vineri)","og_description":"UPDATE: \u00centr-o discu\u0163ie cu reporterii Buletin de Bucure\u015fti, reprezentan\u0163ii Prim\u0103riei Sectorului 4, care este administrator public al acelui tronson de drum, au explicat c\u0103 institu\u0163ia nu era pus\u0103 la curent cu acel plan de filmare, drept urmare nu pot aproba orele de filmare. Asta cel pu\u0163in p\u00e2n\u0103 c\u00e2nd cei de la casa de produc\u0163ie nu [&hellip;]","og_url":"https:\/\/buletin.de\/bucuresti\/filmarile-opresc-pentru-cinci-ore-traficul-din-pasajul-unirii-in-noaptea-dintre-joi-si-vineri\/","og_site_name":"Buletin de Bucure\u0219ti","article_publisher":"https:\/\/www.facebook.com\/buletin.de.buc","article_published_time":"2024-02-08T16:18:19+00:00","article_modified_time":"2024-02-08T19:47:29+00:00","og_image":[{"width":1536,"height":728,"url":"https:\/\/buletin.de\/bucuresti\/wp-content\/uploads\/pasajul-unirii-main.jpeg","type":"image\/jpeg"}],"author":"Adina C\u0103p\u00eelnean","twitter_card":"summary_large_image","twitter_misc":{"Written by":"Adina C\u0103p\u00eelnean","Estimated reading time":"2 minutes"},"schema":{"@context":"https:\/\/schema.org","@graph":[{"@type":"Article","@id":"https:\/\/buletin.de\/bucuresti\/filmarile-opresc-pentru-cinci-ore-traficul-din-pasajul-unirii-in-noaptea-dintre-joi-si-vineri\/#article","isPartOf":{"@id":"https:\/\/buletin.de\/bucuresti\/filmarile-opresc-pentru-cinci-ore-traficul-din-pasajul-unirii-in-noaptea-dintre-joi-si-vineri\/"},"author":{"name":"Adina C\u0103p\u00eelnean","@id":"https:\/\/buletin.de\/bucuresti\/#\/schema\/person\/ab174cf6711728e4ee83d672acf9a912"},"headline":"UPDATE: Film\u0103ri am\u00e2nate dup\u0103 o ne\u00een\u0163elegere. (Film\u0103rile opresc pentru cinci ore traficul din Pasajul Unirii, \u00een noaptea dintre joi \u0219i vineri)","datePublished":"2024-02-08T16:18:19+00:00","dateModified":"2024-02-08T19:47:29+00:00","mainEntityOfPage":{"@id":"https:\/\/buletin.de\/bucuresti\/filmarile-opresc-pentru-cinci-ore-traficul-din-pasajul-unirii-in-noaptea-dintre-joi-si-vineri\/"},"wordCount":512,"publisher":{"@id":"https:\/\/buletin.de\/bucuresti\/#organization"},"image":{"@id":"https:\/\/buletin.de\/bucuresti\/filmarile-opresc-pentru-cinci-ore-traficul-din-pasajul-unirii-in-noaptea-dintre-joi-si-vineri\/#primaryimage"},"thumbnailUrl":"https:\/\/buletin.de\/bucuresti\/wp-content\/uploads\/pasajul-unirii-main.jpeg","keywords":["filmari","pasajul unirii","restrcitii de circulatie","restrictii","trafic","vrigada rutiera"],"articleSection":["Articole","\u0218tiri","Transport"],"inLanguage":"en-GB","copyrightYear":"2024","copyrightHolder":{"@id":"https:\/\/buletin.de\/bucuresti\/#organization"}},{"@type":"WebPage","@id":"https:\/\/buletin.de\/bucuresti\/filmarile-opresc-pentru-cinci-ore-traficul-din-pasajul-unirii-in-noaptea-dintre-joi-si-vineri\/","url":"https:\/\/buletin.de\/bucuresti\/filmarile-opresc-pentru-cinci-ore-traficul-din-pasajul-unirii-in-noaptea-dintre-joi-si-vineri\/","name":"UPDATE: Film\u0103ri am\u00e2nate dup\u0103 o ne\u00een\u0163elegere. (Film\u0103rile opresc pentru cinci ore traficul din Pasajul Unirii, \u00een noaptea dintre joi \u0219i vineri) - Buletin de Bucure\u0219ti","isPartOf":{"@id":"https:\/\/buletin.de\/bucuresti\/#website"},"primaryImageOfPage":{"@id":"https:\/\/buletin.de\/bucuresti\/filmarile-opresc-pentru-cinci-ore-traficul-din-pasajul-unirii-in-noaptea-dintre-joi-si-vineri\/#primaryimage"},"image":{"@id":"https:\/\/buletin.de\/bucuresti\/filmarile-opresc-pentru-cinci-ore-traficul-din-pasajul-unirii-in-noaptea-dintre-joi-si-vineri\/#primaryimage"},"thumbnailUrl":"https:\/\/buletin.de\/bucuresti\/wp-content\/uploads\/pasajul-unirii-main.jpeg","datePublished":"2024-02-08T16:18:19+00:00","dateModified":"2024-02-08T19:47:29+00:00","breadcrumb":{"@id":"https:\/\/buletin.de\/bucuresti\/filmarile-opresc-pentru-cinci-ore-traficul-din-pasajul-unirii-in-noaptea-dintre-joi-si-vineri\/#breadcrumb"},"inLanguage":"en-GB","potentialAction":[{"@type":"ReadAction","target":["https:\/\/buletin.de\/bucuresti\/filmarile-opresc-pentru-cinci-ore-traficul-din-pasajul-unirii-in-noaptea-dintre-joi-si-vineri\/"]}]},{"@type":"ImageObject","inLanguage":"en-GB","@id":"https:\/\/buletin.de\/bucuresti\/filmarile-opresc-pentru-cinci-ore-traficul-din-pasajul-unirii-in-noaptea-dintre-joi-si-vineri\/#primaryimage","url":"https:\/\/buletin.de\/bucuresti\/wp-content\/uploads\/pasajul-unirii-main.jpeg","contentUrl":"https:\/\/buletin.de\/bucuresti\/wp-content\/uploads\/pasajul-unirii-main.jpeg","width":1536,"height":728},{"@type":"BreadcrumbList","@id":"https:\/\/buletin.de\/bucuresti\/filmarile-opresc-pentru-cinci-ore-traficul-din-pasajul-unirii-in-noaptea-dintre-joi-si-vineri\/#breadcrumb","itemListElement":[{"@type":"ListItem","position":1,"name":"Acas\u0103","item":"https:\/\/buletin.de\/bucuresti\/"},{"@type":"ListItem","position":2,"name":"UPDATE: Film\u0103ri am\u00e2nate dup\u0103 o ne\u00een\u0163elegere. (Film\u0103rile opresc pentru cinci ore traficul din Pasajul Unirii, \u00een noaptea dintre joi \u0219i vineri)"}]},{"@type":"WebSite","@id":"https:\/\/buletin.de\/bucuresti\/#website","url":"https:\/\/buletin.de\/bucuresti\/","name":"Buletin de Bucure\u0219ti","description":"\u0218tiri \u0219i investiga\u021bii esen\u021biale din capital\u0103","publisher":{"@id":"https:\/\/buletin.de\/bucuresti\/#organization"},"potentialAction":[{"@type":"SearchAction","target":{"@type":"EntryPoint","urlTemplate":"https:\/\/buletin.de\/bucuresti\/?s={search_term_string}"},"query-input":{"@type":"PropertyValueSpecification","valueRequired":true,"valueName":"search_term_string"}}],"inLanguage":"en-GB"},{"@type":"Organization","@id":"https:\/\/buletin.de\/bucuresti\/#organization","name":"Buletin de Bucure\u0219ti","url":"https:\/\/buletin.de\/bucuresti\/","logo":{"@type":"ImageObject","inLanguage":"en-GB","@id":"https:\/\/buletin.de\/bucuresti\/#\/schema\/logo\/image\/","url":"https:\/\/buletin.de\/bucuresti\/wp-content\/uploads\/logo-bdb-full-wide-vernil-transparent.png","contentUrl":"https:\/\/buletin.de\/bucuresti\/wp-content\/uploads\/logo-bdb-full-wide-vernil-transparent.png","width":1782,"height":626,"caption":"Buletin de Bucure\u0219ti"},"image":{"@id":"https:\/\/buletin.de\/bucuresti\/#\/schema\/logo\/image\/"},"sameAs":["https:\/\/www.facebook.com\/buletin.de.buc","https:\/\/www.instagram.com\/buletinde.bucuresti\/"]},{"@type":"Person","@id":"https:\/\/buletin.de\/bucuresti\/#\/schema\/person\/ab174cf6711728e4ee83d672acf9a912","name":"Adina C\u0103p\u00eelnean","image":{"@type":"ImageObject","inLanguage":"en-GB","@id":"https:\/\/secure.gravatar.com\/avatar\/4fe9675d6282fd7c1aa4e486a037d532d5728fc16a30360f293eb6126b2e73ad?s=96&d=monsterid&r=ge2b23868508aec3460d3c6a11d3b599a","url":"https:\/\/secure.gravatar.com\/avatar\/4fe9675d6282fd7c1aa4e486a037d532d5728fc16a30360f293eb6126b2e73ad?s=96&d=monsterid&r=g","contentUrl":"https:\/\/secure.gravatar.com\/avatar\/4fe9675d6282fd7c1aa4e486a037d532d5728fc16a30360f293eb6126b2e73ad?s=96&d=monsterid&r=g","caption":"Adina C\u0103p\u00eelnean"},"url":"https:\/\/buletin.de\/bucuresti\/author\/adinacapilnean\/"}]}},"authors":[{"term_id":22580,"user_id":47,"is_guest":0,"slug":"adinacapilnean","display_name":"Adina C\u0103p\u00eelnean","avatar_url":"https:\/\/secure.gravatar.com\/avatar\/4fe9675d6282fd7c1aa4e486a037d532d5728fc16a30360f293eb6126b2e73ad?s=96&d=monsterid&r=g","0":null,"1":"","2":"","3":"","4":"","5":"","6":"","7":"","8":""}],"_links":{"self":[{"href":"https:\/\/buletin.de\/bucuresti\/wp-json\/wp\/v2\/posts\/76680","targetHints":{"allow":["GET"]}}],"collection":[{"href":"https:\/\/buletin.de\/bucuresti\/wp-json\/wp\/v2\/posts"}],"about":[{"href":"https:\/\/buletin.de\/bucuresti\/wp-json\/wp\/v2\/types\/post"}],"author":[{"embeddable":true,"href":"https:\/\/buletin.de\/bucuresti\/wp-json\/wp\/v2\/users\/47"}],"replies":[{"embeddable":true,"href":"https:\/\/buletin.de\/bucuresti\/wp-json\/wp\/v2\/comments?post=76680"}],"version-history":[{"count":2,"href":"https:\/\/buletin.de\/bucuresti\/wp-json\/wp\/v2\/posts\/76680\/revisions"}],"predecessor-version":[{"id":76688,"href":"https:\/\/buletin.de\/bucuresti\/wp-json\/wp\/v2\/posts\/76680\/revisions\/76688"}],"wp:featuredmedia":[{"embeddable":true,"href":"https:\/\/buletin.de\/bucuresti\/wp-json\/wp\/v2\/media\/42831"}],"wp:attachment":[{"href":"https:\/\/buletin.de\/bucuresti\/wp-json\/wp\/v2\/media?parent=76680"}],"wp:term":[{"taxonomy":"category","embeddable":true,"href":"https:\/\/buletin.de\/bucuresti\/wp-json\/wp\/v2\/categories?post=76680"},{"taxonomy":"post_tag","embeddable":true,"href":"https:\/\/buletin.de\/bucuresti\/wp-json\/wp\/v2\/tags?post=76680"},{"taxonomy":"author","embeddable":true,"href":"https:\/\/buletin.de\/bucuresti\/wp-json\/wp\/v2\/ppma_author?post=76680"}],"curies":[{"name":"wp","href":"https:\/\/api.w.org\/{rel}","templated":true}]}}