{"id":76669,"date":"2024-02-08T17:36:17","date_gmt":"2024-02-08T15:36:17","guid":{"rendered":"https:\/\/buletin.de\/bucuresti\/?p=76669"},"modified":"2024-02-08T17:36:17","modified_gmt":"2024-02-08T15:36:17","slug":"fost-director-microsoft-romania-dus-la-inchisoare-sa-isi-ispaseasca-pedeapsa-de-sase-ani-dupa-gratii-pentru-evaziune","status":"publish","type":"post","link":"https:\/\/buletin.de\/bucuresti\/fost-director-microsoft-romania-dus-la-inchisoare-sa-isi-ispaseasca-pedeapsa-de-sase-ani-dupa-gratii-pentru-evaziune\/","title":{"rendered":"Fost director Microsoft Rom\u00e2nia, dus la \u00eenchisoare s\u0103 \u00ee\u015fi isp\u0103\u015feasc\u0103 pedeapsa de \u015fase ani dup\u0103 gratii, pentru evaziune"},"content":{"rendered":"\n<p><strong>C\u0103lin Tatomir, fost director general al reprezentan\u021bei locale a Microsoft, a primit \u015fase ani de \u00eenchisoare, \u00een urma sentin\u021bei Tribunalului Bucure\u0219ti. Pedeapsa ini\u021bial propus\u0103 a fost de nou\u0103 ani \u00eens\u0103, \u00een urma unui apel al lui Tatomir, sentin\u021ba i-a fost redus\u0103 cu trei ani. Acesta urmeaz\u0103 s\u0103 fie \u00eencarcerat \u00eentr-un penitenciar. Decizia este definitiv\u0103.\u00a0<\/strong><\/p>\n\n\n\n<p>Potrivit unui comunicat al Poli\u021biei Capitalei, acesta ar fi fost c\u0103utat \u0219i dus la \u00eenchisoare \u00een cadrul unei ac\u021biuni pentru depistarea persoanelor care se sustrag urm\u0103ririi penale sau execut\u0103rii unei m\u0103suri privative de libertate, dup\u0103 ce a fost pus \u00een aplicare un mandat de executare a pedepsei cu \u00eenchisoarea emis joi, 8 februarie, de Tribunalul Bucure\u0219ti. <\/p>\n\n\n\n<figure class=\"wp-block-video\"><video height=\"720\" style=\"aspect-ratio: 1280 \/ 720;\" width=\"1280\" controls src=\"https:\/\/buletin.de\/bucuresti\/wp-content\/uploads\/Clip-video-WhatsApp-2024-02-08-la-15.36.49_a9356667.mp4\"><\/video><\/figure>\n\n\n\n<p>Sentin\u021b\u0103 redus\u0103 a mai primit \u0219i Arsenie Valeriu Cristian,10 ani \u0219i 6 luni, de la 12 ani.&nbsp;<\/p>\n\n\n\n<p>Procurorii DIICOT sus\u021bin, \u00een referatul cu propunerea de arestare preventiv\u0103, c\u0103 fostul \u0219ef al Microsoft Rom\u00e2nia, Calin Tatomir, a prejudiciat statul cu peste 5 milioane de lei, \u00een perioada 2007-2014. Tatomir a f\u0103cut parte dintr-un grup, la care ar fi aderat \u00een 2007, care se ocupa cu \u00eenregistrarea de opera\u021biuni fictive de servicii IT \u00een contabilitatea unor firme, pentru a nu pl\u0103ti taxele c\u0103tre stat, prin dou\u0103 firme, SC CCT SRL si SC CD Software Consult SRL. Firmele erau beneficiare ale serviciilor a cinci firme fantom\u0103, prin intermediul lor realiz\u00e2ndu-se eludarea taxelor c\u0103tre stat, potrivit referatului DIICOT citat, la acea vreme, de <a href=\"https:\/\/www.hotnews.ro\/stiri-esential-21066778-diicot-fostul-sef-microsoft-romania-calin-tatomir-prejudiciat-statul-peste-cinci-milioane-lei.htm\">Hotnews<\/a>:<\/p>\n\n\n\n<p><em>\u201e\u00een scopul reducerii artificiale a profitului impozabil \u0219i a TVA-ului de plat\u0103 pentru beneficiarii finali, liderul grupului infrac\u021bional organizat a creat \u0219i utilizat un nucleu de firme pe care le-a profilat pe s\u0103v\u00e2r\u0219irea unor fapte susceptibile a \u00eentruni elementele constitutive ale infrac\u021biunilor de evaziune fiscal\u0103 \u0219i sp\u0103lare de bani, dintre acestea, \u00een cadrul verific\u0103rilor, fiind identificate 5 (cinci) societ\u0103\u021bi cu un comportament fiscal inadecvat\u201d <\/em>potrivit procuroriilor <a href=\"https:\/\/www.gandul.ro\/financiar\/fostul-director-al-microsoft-romania-calin-tatomir-a-fost-arestat-preventiv-15454983\">DIICOT.<\/a>&nbsp;<\/p>\n\n\n\n<p>Grupul infrac\u021bional a prejudiciat statul, \u00een total, cu aproape 13 milioane de lei, doar suma supus\u0103 procesului de sp\u0103lare a banilor, f\u0103r\u0103 a fi luate \u00een calcul obliga\u021biile fiscale accesorii, potrivit unui comunicat de pres\u0103 DIICOT.&nbsp;<\/p>\n\n\n\n<h2 class=\"wp-block-heading\">Alte persoane implicate \u00een dosar<\/h2>\n\n\n\n<p>\u00cen cadrul dosarului au mai fost re\u021binu\u021bi, \u00een 2016,&nbsp;Valeriu-Cristian Arsenie, Norbert Hause, Valentin Alexandru Stan, Cezar-Florin Golumbeanu, Robert-Florin Cristea \u0219i Cristian C\u0103linescu. De asemenea, a fost dispus\u0103 m\u0103sura controlului judiciar pentru Marius Airinei, R\u0103zvan Marian Opri\u0219an \u0219i Ionu\u021b-R\u0103zvan Dumitru, pentru evaziune fiscal\u0103 \u0219i sp\u0103lare de bani.&nbsp;<\/p>\n\n\n\n<p><\/p>\n","protected":false},"excerpt":{"rendered":"<p>C\u0103lin Tatomir, fost director general al reprezentan\u021bei locale a Microsoft, a primit \u015fase ani de \u00eenchisoare, \u00een urma sentin\u021bei Tribunalului Bucure\u0219ti. Pedeapsa ini\u021bial propus\u0103 a fost de nou\u0103 ani \u00eens\u0103, \u00een urma unui apel al lui Tatomir, sentin\u021ba i-a fost redus\u0103 cu trei ani. Acesta urmeaz\u0103 s\u0103 fie \u00eencarcerat \u00eentr-un penitenciar. Decizia este definitiv\u0103.\u00a0 Potrivit [&hellip;]<\/p>\n","protected":false},"author":47,"featured_media":76673,"comment_status":"closed","ping_status":"open","sticky":false,"template":"","format":"standard","meta":{"_acf_changed":false,"inline_featured_image":false,"ngg_post_thumbnail":0,"footnotes":""},"categories":[6994,9026,62],"tags":[9645,5011,1367,9647,9646,9287,9648,405],"ppma_author":[22580],"class_list":["post-76669","post","type-post","status-publish","format-standard","has-post-thumbnail","hentry","category-stiri-2","category-eveniment","category-stiri","tag-calin-tatomir","tag-curtea-de-apel-bucuresti-2","tag-diicot","tag-dosar-microsoft","tag-microsoft","tag-sentinta","tag-sentinta-redusa","tag-tribunalul-bucuresti"],"acf":[],"yoast_head":"<!-- This site is optimized with the Yoast SEO Premium plugin v25.3 (Yoast SEO v27.5) - https:\/\/yoast.com\/product\/yoast-seo-premium-wordpress\/ -->\n<title>Fost director Microsoft Rom\u00e2nia, dus la \u00eenchisoare s\u0103 \u00ee\u015fi isp\u0103\u015feasc\u0103 pedeapsa de \u015fase ani dup\u0103 gratii, pentru evaziune - Buletin de Bucure\u0219ti<\/title>\n<meta name=\"robots\" content=\"index, follow, max-snippet:-1, max-image-preview:large, max-video-preview:-1\" \/>\n<link rel=\"canonical\" href=\"https:\/\/buletin.de\/bucuresti\/fost-director-microsoft-romania-dus-la-inchisoare-sa-isi-ispaseasca-pedeapsa-de-sase-ani-dupa-gratii-pentru-evaziune\/\" \/>\n<meta property=\"og:locale\" content=\"en_GB\" \/>\n<meta property=\"og:type\" content=\"article\" \/>\n<meta property=\"og:title\" content=\"Fost director Microsoft Rom\u00e2nia, dus la \u00eenchisoare s\u0103 \u00ee\u015fi isp\u0103\u015feasc\u0103 pedeapsa de \u015fase ani dup\u0103 gratii, pentru evaziune\" \/>\n<meta property=\"og:description\" content=\"C\u0103lin Tatomir, fost director general al reprezentan\u021bei locale a Microsoft, a primit \u015fase ani de \u00eenchisoare, \u00een urma sentin\u021bei Tribunalului Bucure\u0219ti. Pedeapsa ini\u021bial propus\u0103 a fost de nou\u0103 ani \u00eens\u0103, \u00een urma unui apel al lui Tatomir, sentin\u021ba i-a fost redus\u0103 cu trei ani. Acesta urmeaz\u0103 s\u0103 fie \u00eencarcerat \u00eentr-un penitenciar. Decizia este definitiv\u0103.\u00a0 Potrivit [&hellip;]\" \/>\n<meta property=\"og:url\" content=\"https:\/\/buletin.de\/bucuresti\/fost-director-microsoft-romania-dus-la-inchisoare-sa-isi-ispaseasca-pedeapsa-de-sase-ani-dupa-gratii-pentru-evaziune\/\" \/>\n<meta property=\"og:site_name\" content=\"Buletin de Bucure\u0219ti\" \/>\n<meta property=\"article:publisher\" content=\"https:\/\/www.facebook.com\/buletin.de.buc\" \/>\n<meta property=\"article:published_time\" content=\"2024-02-08T15:36:17+00:00\" \/>\n<meta property=\"og:image\" content=\"https:\/\/buletin.de\/bucuresti\/wp-content\/uploads\/IIAMT_2013_adrianlulea_08.jpg\" \/>\n\t<meta property=\"og:image:width\" content=\"1280\" \/>\n\t<meta property=\"og:image:height\" content=\"800\" \/>\n\t<meta property=\"og:image:type\" content=\"image\/jpeg\" \/>\n<meta name=\"author\" content=\"Adina C\u0103p\u00eelnean\" \/>\n<meta name=\"twitter:card\" content=\"summary_large_image\" \/>\n<meta name=\"twitter:label1\" content=\"Written by\" \/>\n\t<meta name=\"twitter:data1\" content=\"Adina C\u0103p\u00eelnean\" \/>\n\t<meta name=\"twitter:label2\" content=\"Estimated reading time\" \/>\n\t<meta name=\"twitter:data2\" content=\"2 minutes\" \/>\n<script type=\"application\/ld+json\" class=\"yoast-schema-graph\">{\"@context\":\"https:\\\/\\\/schema.org\",\"@graph\":[{\"@type\":\"Article\",\"@id\":\"https:\\\/\\\/buletin.de\\\/bucuresti\\\/fost-director-microsoft-romania-dus-la-inchisoare-sa-isi-ispaseasca-pedeapsa-de-sase-ani-dupa-gratii-pentru-evaziune\\\/#article\",\"isPartOf\":{\"@id\":\"https:\\\/\\\/buletin.de\\\/bucuresti\\\/fost-director-microsoft-romania-dus-la-inchisoare-sa-isi-ispaseasca-pedeapsa-de-sase-ani-dupa-gratii-pentru-evaziune\\\/\"},\"author\":{\"name\":\"Adina C\u0103p\u00eelnean\",\"@id\":\"https:\\\/\\\/buletin.de\\\/bucuresti\\\/#\\\/schema\\\/person\\\/ab174cf6711728e4ee83d672acf9a912\"},\"headline\":\"Fost director Microsoft Rom\u00e2nia, dus la \u00eenchisoare s\u0103 \u00ee\u015fi isp\u0103\u015feasc\u0103 pedeapsa de \u015fase ani dup\u0103 gratii, pentru evaziune\",\"datePublished\":\"2024-02-08T15:36:17+00:00\",\"mainEntityOfPage\":{\"@id\":\"https:\\\/\\\/buletin.de\\\/bucuresti\\\/fost-director-microsoft-romania-dus-la-inchisoare-sa-isi-ispaseasca-pedeapsa-de-sase-ani-dupa-gratii-pentru-evaziune\\\/\"},\"wordCount\":444,\"publisher\":{\"@id\":\"https:\\\/\\\/buletin.de\\\/bucuresti\\\/#organization\"},\"image\":{\"@id\":\"https:\\\/\\\/buletin.de\\\/bucuresti\\\/fost-director-microsoft-romania-dus-la-inchisoare-sa-isi-ispaseasca-pedeapsa-de-sase-ani-dupa-gratii-pentru-evaziune\\\/#primaryimage\"},\"thumbnailUrl\":\"https:\\\/\\\/buletin.de\\\/bucuresti\\\/wp-content\\\/uploads\\\/IIAMT_2013_adrianlulea_08.jpg\",\"keywords\":[\"calin tatomir\",\"curtea de apel bucuresti\",\"diicot\",\"dosar microsoft\",\"microsoft\",\"sentinta\",\"sentinta redusa\",\"tribunalul Bucuresti\"],\"articleSection\":[\"Articole\",\"Eveniment\",\"\u0218tiri\"],\"inLanguage\":\"en-GB\",\"copyrightYear\":\"2024\",\"copyrightHolder\":{\"@id\":\"https:\\\/\\\/buletin.de\\\/bucuresti\\\/#organization\"}},{\"@type\":\"WebPage\",\"@id\":\"https:\\\/\\\/buletin.de\\\/bucuresti\\\/fost-director-microsoft-romania-dus-la-inchisoare-sa-isi-ispaseasca-pedeapsa-de-sase-ani-dupa-gratii-pentru-evaziune\\\/\",\"url\":\"https:\\\/\\\/buletin.de\\\/bucuresti\\\/fost-director-microsoft-romania-dus-la-inchisoare-sa-isi-ispaseasca-pedeapsa-de-sase-ani-dupa-gratii-pentru-evaziune\\\/\",\"name\":\"Fost director Microsoft Rom\u00e2nia, dus la \u00eenchisoare s\u0103 \u00ee\u015fi isp\u0103\u015feasc\u0103 pedeapsa de \u015fase ani dup\u0103 gratii, pentru evaziune - Buletin de Bucure\u0219ti\",\"isPartOf\":{\"@id\":\"https:\\\/\\\/buletin.de\\\/bucuresti\\\/#website\"},\"primaryImageOfPage\":{\"@id\":\"https:\\\/\\\/buletin.de\\\/bucuresti\\\/fost-director-microsoft-romania-dus-la-inchisoare-sa-isi-ispaseasca-pedeapsa-de-sase-ani-dupa-gratii-pentru-evaziune\\\/#primaryimage\"},\"image\":{\"@id\":\"https:\\\/\\\/buletin.de\\\/bucuresti\\\/fost-director-microsoft-romania-dus-la-inchisoare-sa-isi-ispaseasca-pedeapsa-de-sase-ani-dupa-gratii-pentru-evaziune\\\/#primaryimage\"},\"thumbnailUrl\":\"https:\\\/\\\/buletin.de\\\/bucuresti\\\/wp-content\\\/uploads\\\/IIAMT_2013_adrianlulea_08.jpg\",\"datePublished\":\"2024-02-08T15:36:17+00:00\",\"breadcrumb\":{\"@id\":\"https:\\\/\\\/buletin.de\\\/bucuresti\\\/fost-director-microsoft-romania-dus-la-inchisoare-sa-isi-ispaseasca-pedeapsa-de-sase-ani-dupa-gratii-pentru-evaziune\\\/#breadcrumb\"},\"inLanguage\":\"en-GB\",\"potentialAction\":[{\"@type\":\"ReadAction\",\"target\":[\"https:\\\/\\\/buletin.de\\\/bucuresti\\\/fost-director-microsoft-romania-dus-la-inchisoare-sa-isi-ispaseasca-pedeapsa-de-sase-ani-dupa-gratii-pentru-evaziune\\\/\"]}]},{\"@type\":\"ImageObject\",\"inLanguage\":\"en-GB\",\"@id\":\"https:\\\/\\\/buletin.de\\\/bucuresti\\\/fost-director-microsoft-romania-dus-la-inchisoare-sa-isi-ispaseasca-pedeapsa-de-sase-ani-dupa-gratii-pentru-evaziune\\\/#primaryimage\",\"url\":\"https:\\\/\\\/buletin.de\\\/bucuresti\\\/wp-content\\\/uploads\\\/IIAMT_2013_adrianlulea_08.jpg\",\"contentUrl\":\"https:\\\/\\\/buletin.de\\\/bucuresti\\\/wp-content\\\/uploads\\\/IIAMT_2013_adrianlulea_08.jpg\",\"width\":1280,\"height\":800,\"caption\":\"C\u0103lin Tatomir la Innovation Labs, surs\u0103: Innovation Labs\"},{\"@type\":\"BreadcrumbList\",\"@id\":\"https:\\\/\\\/buletin.de\\\/bucuresti\\\/fost-director-microsoft-romania-dus-la-inchisoare-sa-isi-ispaseasca-pedeapsa-de-sase-ani-dupa-gratii-pentru-evaziune\\\/#breadcrumb\",\"itemListElement\":[{\"@type\":\"ListItem\",\"position\":1,\"name\":\"Acas\u0103\",\"item\":\"https:\\\/\\\/buletin.de\\\/bucuresti\\\/\"},{\"@type\":\"ListItem\",\"position\":2,\"name\":\"Fost director Microsoft Rom\u00e2nia, dus la \u00eenchisoare s\u0103 \u00ee\u015fi isp\u0103\u015feasc\u0103 pedeapsa de \u015fase ani dup\u0103 gratii, pentru evaziune\"}]},{\"@type\":\"WebSite\",\"@id\":\"https:\\\/\\\/buletin.de\\\/bucuresti\\\/#website\",\"url\":\"https:\\\/\\\/buletin.de\\\/bucuresti\\\/\",\"name\":\"Buletin de Bucure\u0219ti\",\"description\":\"\u0218tiri \u0219i investiga\u021bii esen\u021biale din capital\u0103\",\"publisher\":{\"@id\":\"https:\\\/\\\/buletin.de\\\/bucuresti\\\/#organization\"},\"potentialAction\":[{\"@type\":\"SearchAction\",\"target\":{\"@type\":\"EntryPoint\",\"urlTemplate\":\"https:\\\/\\\/buletin.de\\\/bucuresti\\\/?s={search_term_string}\"},\"query-input\":{\"@type\":\"PropertyValueSpecification\",\"valueRequired\":true,\"valueName\":\"search_term_string\"}}],\"inLanguage\":\"en-GB\"},{\"@type\":\"Organization\",\"@id\":\"https:\\\/\\\/buletin.de\\\/bucuresti\\\/#organization\",\"name\":\"Buletin de Bucure\u0219ti\",\"url\":\"https:\\\/\\\/buletin.de\\\/bucuresti\\\/\",\"logo\":{\"@type\":\"ImageObject\",\"inLanguage\":\"en-GB\",\"@id\":\"https:\\\/\\\/buletin.de\\\/bucuresti\\\/#\\\/schema\\\/logo\\\/image\\\/\",\"url\":\"https:\\\/\\\/buletin.de\\\/bucuresti\\\/wp-content\\\/uploads\\\/logo-bdb-full-wide-vernil-transparent.png\",\"contentUrl\":\"https:\\\/\\\/buletin.de\\\/bucuresti\\\/wp-content\\\/uploads\\\/logo-bdb-full-wide-vernil-transparent.png\",\"width\":1782,\"height\":626,\"caption\":\"Buletin de Bucure\u0219ti\"},\"image\":{\"@id\":\"https:\\\/\\\/buletin.de\\\/bucuresti\\\/#\\\/schema\\\/logo\\\/image\\\/\"},\"sameAs\":[\"https:\\\/\\\/www.facebook.com\\\/buletin.de.buc\",\"https:\\\/\\\/www.instagram.com\\\/buletinde.bucuresti\\\/\"]},{\"@type\":\"Person\",\"@id\":\"https:\\\/\\\/buletin.de\\\/bucuresti\\\/#\\\/schema\\\/person\\\/ab174cf6711728e4ee83d672acf9a912\",\"name\":\"Adina C\u0103p\u00eelnean\",\"image\":{\"@type\":\"ImageObject\",\"inLanguage\":\"en-GB\",\"@id\":\"https:\\\/\\\/secure.gravatar.com\\\/avatar\\\/4fe9675d6282fd7c1aa4e486a037d532d5728fc16a30360f293eb6126b2e73ad?s=96&d=monsterid&r=ge2b23868508aec3460d3c6a11d3b599a\",\"url\":\"https:\\\/\\\/secure.gravatar.com\\\/avatar\\\/4fe9675d6282fd7c1aa4e486a037d532d5728fc16a30360f293eb6126b2e73ad?s=96&d=monsterid&r=g\",\"contentUrl\":\"https:\\\/\\\/secure.gravatar.com\\\/avatar\\\/4fe9675d6282fd7c1aa4e486a037d532d5728fc16a30360f293eb6126b2e73ad?s=96&d=monsterid&r=g\",\"caption\":\"Adina C\u0103p\u00eelnean\"},\"url\":\"https:\\\/\\\/buletin.de\\\/bucuresti\\\/author\\\/adinacapilnean\\\/\"}]}<\/script>\n<!-- \/ Yoast SEO Premium plugin. -->","yoast_head_json":{"title":"Fost director Microsoft Rom\u00e2nia, dus la \u00eenchisoare s\u0103 \u00ee\u015fi isp\u0103\u015feasc\u0103 pedeapsa de \u015fase ani dup\u0103 gratii, pentru evaziune - Buletin de Bucure\u0219ti","robots":{"index":"index","follow":"follow","max-snippet":"max-snippet:-1","max-image-preview":"max-image-preview:large","max-video-preview":"max-video-preview:-1"},"canonical":"https:\/\/buletin.de\/bucuresti\/fost-director-microsoft-romania-dus-la-inchisoare-sa-isi-ispaseasca-pedeapsa-de-sase-ani-dupa-gratii-pentru-evaziune\/","og_locale":"en_GB","og_type":"article","og_title":"Fost director Microsoft Rom\u00e2nia, dus la \u00eenchisoare s\u0103 \u00ee\u015fi isp\u0103\u015feasc\u0103 pedeapsa de \u015fase ani dup\u0103 gratii, pentru evaziune","og_description":"C\u0103lin Tatomir, fost director general al reprezentan\u021bei locale a Microsoft, a primit \u015fase ani de \u00eenchisoare, \u00een urma sentin\u021bei Tribunalului Bucure\u0219ti. Pedeapsa ini\u021bial propus\u0103 a fost de nou\u0103 ani \u00eens\u0103, \u00een urma unui apel al lui Tatomir, sentin\u021ba i-a fost redus\u0103 cu trei ani. Acesta urmeaz\u0103 s\u0103 fie \u00eencarcerat \u00eentr-un penitenciar. Decizia este definitiv\u0103.\u00a0 Potrivit [&hellip;]","og_url":"https:\/\/buletin.de\/bucuresti\/fost-director-microsoft-romania-dus-la-inchisoare-sa-isi-ispaseasca-pedeapsa-de-sase-ani-dupa-gratii-pentru-evaziune\/","og_site_name":"Buletin de Bucure\u0219ti","article_publisher":"https:\/\/www.facebook.com\/buletin.de.buc","article_published_time":"2024-02-08T15:36:17+00:00","og_image":[{"width":1280,"height":800,"url":"https:\/\/buletin.de\/bucuresti\/wp-content\/uploads\/IIAMT_2013_adrianlulea_08.jpg","type":"image\/jpeg"}],"author":"Adina C\u0103p\u00eelnean","twitter_card":"summary_large_image","twitter_misc":{"Written by":"Adina C\u0103p\u00eelnean","Estimated reading time":"2 minutes"},"schema":{"@context":"https:\/\/schema.org","@graph":[{"@type":"Article","@id":"https:\/\/buletin.de\/bucuresti\/fost-director-microsoft-romania-dus-la-inchisoare-sa-isi-ispaseasca-pedeapsa-de-sase-ani-dupa-gratii-pentru-evaziune\/#article","isPartOf":{"@id":"https:\/\/buletin.de\/bucuresti\/fost-director-microsoft-romania-dus-la-inchisoare-sa-isi-ispaseasca-pedeapsa-de-sase-ani-dupa-gratii-pentru-evaziune\/"},"author":{"name":"Adina C\u0103p\u00eelnean","@id":"https:\/\/buletin.de\/bucuresti\/#\/schema\/person\/ab174cf6711728e4ee83d672acf9a912"},"headline":"Fost director Microsoft Rom\u00e2nia, dus la \u00eenchisoare s\u0103 \u00ee\u015fi isp\u0103\u015feasc\u0103 pedeapsa de \u015fase ani dup\u0103 gratii, pentru evaziune","datePublished":"2024-02-08T15:36:17+00:00","mainEntityOfPage":{"@id":"https:\/\/buletin.de\/bucuresti\/fost-director-microsoft-romania-dus-la-inchisoare-sa-isi-ispaseasca-pedeapsa-de-sase-ani-dupa-gratii-pentru-evaziune\/"},"wordCount":444,"publisher":{"@id":"https:\/\/buletin.de\/bucuresti\/#organization"},"image":{"@id":"https:\/\/buletin.de\/bucuresti\/fost-director-microsoft-romania-dus-la-inchisoare-sa-isi-ispaseasca-pedeapsa-de-sase-ani-dupa-gratii-pentru-evaziune\/#primaryimage"},"thumbnailUrl":"https:\/\/buletin.de\/bucuresti\/wp-content\/uploads\/IIAMT_2013_adrianlulea_08.jpg","keywords":["calin tatomir","curtea de apel bucuresti","diicot","dosar microsoft","microsoft","sentinta","sentinta redusa","tribunalul Bucuresti"],"articleSection":["Articole","Eveniment","\u0218tiri"],"inLanguage":"en-GB","copyrightYear":"2024","copyrightHolder":{"@id":"https:\/\/buletin.de\/bucuresti\/#organization"}},{"@type":"WebPage","@id":"https:\/\/buletin.de\/bucuresti\/fost-director-microsoft-romania-dus-la-inchisoare-sa-isi-ispaseasca-pedeapsa-de-sase-ani-dupa-gratii-pentru-evaziune\/","url":"https:\/\/buletin.de\/bucuresti\/fost-director-microsoft-romania-dus-la-inchisoare-sa-isi-ispaseasca-pedeapsa-de-sase-ani-dupa-gratii-pentru-evaziune\/","name":"Fost director Microsoft Rom\u00e2nia, dus la \u00eenchisoare s\u0103 \u00ee\u015fi isp\u0103\u015feasc\u0103 pedeapsa de \u015fase ani dup\u0103 gratii, pentru evaziune - Buletin de Bucure\u0219ti","isPartOf":{"@id":"https:\/\/buletin.de\/bucuresti\/#website"},"primaryImageOfPage":{"@id":"https:\/\/buletin.de\/bucuresti\/fost-director-microsoft-romania-dus-la-inchisoare-sa-isi-ispaseasca-pedeapsa-de-sase-ani-dupa-gratii-pentru-evaziune\/#primaryimage"},"image":{"@id":"https:\/\/buletin.de\/bucuresti\/fost-director-microsoft-romania-dus-la-inchisoare-sa-isi-ispaseasca-pedeapsa-de-sase-ani-dupa-gratii-pentru-evaziune\/#primaryimage"},"thumbnailUrl":"https:\/\/buletin.de\/bucuresti\/wp-content\/uploads\/IIAMT_2013_adrianlulea_08.jpg","datePublished":"2024-02-08T15:36:17+00:00","breadcrumb":{"@id":"https:\/\/buletin.de\/bucuresti\/fost-director-microsoft-romania-dus-la-inchisoare-sa-isi-ispaseasca-pedeapsa-de-sase-ani-dupa-gratii-pentru-evaziune\/#breadcrumb"},"inLanguage":"en-GB","potentialAction":[{"@type":"ReadAction","target":["https:\/\/buletin.de\/bucuresti\/fost-director-microsoft-romania-dus-la-inchisoare-sa-isi-ispaseasca-pedeapsa-de-sase-ani-dupa-gratii-pentru-evaziune\/"]}]},{"@type":"ImageObject","inLanguage":"en-GB","@id":"https:\/\/buletin.de\/bucuresti\/fost-director-microsoft-romania-dus-la-inchisoare-sa-isi-ispaseasca-pedeapsa-de-sase-ani-dupa-gratii-pentru-evaziune\/#primaryimage","url":"https:\/\/buletin.de\/bucuresti\/wp-content\/uploads\/IIAMT_2013_adrianlulea_08.jpg","contentUrl":"https:\/\/buletin.de\/bucuresti\/wp-content\/uploads\/IIAMT_2013_adrianlulea_08.jpg","width":1280,"height":800,"caption":"C\u0103lin Tatomir la Innovation Labs, surs\u0103: Innovation Labs"},{"@type":"BreadcrumbList","@id":"https:\/\/buletin.de\/bucuresti\/fost-director-microsoft-romania-dus-la-inchisoare-sa-isi-ispaseasca-pedeapsa-de-sase-ani-dupa-gratii-pentru-evaziune\/#breadcrumb","itemListElement":[{"@type":"ListItem","position":1,"name":"Acas\u0103","item":"https:\/\/buletin.de\/bucuresti\/"},{"@type":"ListItem","position":2,"name":"Fost director Microsoft Rom\u00e2nia, dus la \u00eenchisoare s\u0103 \u00ee\u015fi isp\u0103\u015feasc\u0103 pedeapsa de \u015fase ani dup\u0103 gratii, pentru evaziune"}]},{"@type":"WebSite","@id":"https:\/\/buletin.de\/bucuresti\/#website","url":"https:\/\/buletin.de\/bucuresti\/","name":"Buletin de Bucure\u0219ti","description":"\u0218tiri \u0219i investiga\u021bii esen\u021biale din capital\u0103","publisher":{"@id":"https:\/\/buletin.de\/bucuresti\/#organization"},"potentialAction":[{"@type":"SearchAction","target":{"@type":"EntryPoint","urlTemplate":"https:\/\/buletin.de\/bucuresti\/?s={search_term_string}"},"query-input":{"@type":"PropertyValueSpecification","valueRequired":true,"valueName":"search_term_string"}}],"inLanguage":"en-GB"},{"@type":"Organization","@id":"https:\/\/buletin.de\/bucuresti\/#organization","name":"Buletin de Bucure\u0219ti","url":"https:\/\/buletin.de\/bucuresti\/","logo":{"@type":"ImageObject","inLanguage":"en-GB","@id":"https:\/\/buletin.de\/bucuresti\/#\/schema\/logo\/image\/","url":"https:\/\/buletin.de\/bucuresti\/wp-content\/uploads\/logo-bdb-full-wide-vernil-transparent.png","contentUrl":"https:\/\/buletin.de\/bucuresti\/wp-content\/uploads\/logo-bdb-full-wide-vernil-transparent.png","width":1782,"height":626,"caption":"Buletin de Bucure\u0219ti"},"image":{"@id":"https:\/\/buletin.de\/bucuresti\/#\/schema\/logo\/image\/"},"sameAs":["https:\/\/www.facebook.com\/buletin.de.buc","https:\/\/www.instagram.com\/buletinde.bucuresti\/"]},{"@type":"Person","@id":"https:\/\/buletin.de\/bucuresti\/#\/schema\/person\/ab174cf6711728e4ee83d672acf9a912","name":"Adina C\u0103p\u00eelnean","image":{"@type":"ImageObject","inLanguage":"en-GB","@id":"https:\/\/secure.gravatar.com\/avatar\/4fe9675d6282fd7c1aa4e486a037d532d5728fc16a30360f293eb6126b2e73ad?s=96&d=monsterid&r=ge2b23868508aec3460d3c6a11d3b599a","url":"https:\/\/secure.gravatar.com\/avatar\/4fe9675d6282fd7c1aa4e486a037d532d5728fc16a30360f293eb6126b2e73ad?s=96&d=monsterid&r=g","contentUrl":"https:\/\/secure.gravatar.com\/avatar\/4fe9675d6282fd7c1aa4e486a037d532d5728fc16a30360f293eb6126b2e73ad?s=96&d=monsterid&r=g","caption":"Adina C\u0103p\u00eelnean"},"url":"https:\/\/buletin.de\/bucuresti\/author\/adinacapilnean\/"}]}},"authors":[{"term_id":22580,"user_id":47,"is_guest":0,"slug":"adinacapilnean","display_name":"Adina C\u0103p\u00eelnean","avatar_url":"https:\/\/secure.gravatar.com\/avatar\/4fe9675d6282fd7c1aa4e486a037d532d5728fc16a30360f293eb6126b2e73ad?s=96&d=monsterid&r=g","0":null,"1":"","2":"","3":"","4":"","5":"","6":"","7":"","8":""}],"_links":{"self":[{"href":"https:\/\/buletin.de\/bucuresti\/wp-json\/wp\/v2\/posts\/76669","targetHints":{"allow":["GET"]}}],"collection":[{"href":"https:\/\/buletin.de\/bucuresti\/wp-json\/wp\/v2\/posts"}],"about":[{"href":"https:\/\/buletin.de\/bucuresti\/wp-json\/wp\/v2\/types\/post"}],"author":[{"embeddable":true,"href":"https:\/\/buletin.de\/bucuresti\/wp-json\/wp\/v2\/users\/47"}],"replies":[{"embeddable":true,"href":"https:\/\/buletin.de\/bucuresti\/wp-json\/wp\/v2\/comments?post=76669"}],"version-history":[{"count":3,"href":"https:\/\/buletin.de\/bucuresti\/wp-json\/wp\/v2\/posts\/76669\/revisions"}],"predecessor-version":[{"id":76677,"href":"https:\/\/buletin.de\/bucuresti\/wp-json\/wp\/v2\/posts\/76669\/revisions\/76677"}],"wp:featuredmedia":[{"embeddable":true,"href":"https:\/\/buletin.de\/bucuresti\/wp-json\/wp\/v2\/media\/76673"}],"wp:attachment":[{"href":"https:\/\/buletin.de\/bucuresti\/wp-json\/wp\/v2\/media?parent=76669"}],"wp:term":[{"taxonomy":"category","embeddable":true,"href":"https:\/\/buletin.de\/bucuresti\/wp-json\/wp\/v2\/categories?post=76669"},{"taxonomy":"post_tag","embeddable":true,"href":"https:\/\/buletin.de\/bucuresti\/wp-json\/wp\/v2\/tags?post=76669"},{"taxonomy":"author","embeddable":true,"href":"https:\/\/buletin.de\/bucuresti\/wp-json\/wp\/v2\/ppma_author?post=76669"}],"curies":[{"name":"wp","href":"https:\/\/api.w.org\/{rel}","templated":true}]}}