{"id":76654,"date":"2024-02-08T15:42:17","date_gmt":"2024-02-08T13:42:17","guid":{"rendered":"https:\/\/buletin.de\/bucuresti\/?p=76654"},"modified":"2024-02-09T07:44:29","modified_gmt":"2024-02-09T05:44:29","slug":"foto-video-incendiu-de-proportii-in-delta-vacaresti-vegetatia-uscata-arde-pe-1-5-hectare","status":"publish","type":"post","link":"https:\/\/buletin.de\/bucuresti\/foto-video-incendiu-de-proportii-in-delta-vacaresti-vegetatia-uscata-arde-pe-1-5-hectare\/","title":{"rendered":"FOTO &#038; VIDEO | Incendiu de propor\u0163ii \u00een Delta V\u0103c\u0103re\u015fti, vegeta\u0163ia uscat\u0103 arde pe 1.5 hectare"},"content":{"rendered":"\n<p>UPDATE 4:<\/p>\n\n\n\n<p>Incendiul a fost stins dup\u0103 aproximativ cinci ore de la izbucnirea sa.<\/p>\n\n\n\n<p>UPDATE 3:<\/p>\n\n\n\n<p>Incendiul a fost localizat dup\u0103 ce a ars pe o suprafa\u0163\u0103 care totalizeaz\u0103 \u015fase hectare, spun pompierii militari.<\/p>\n\n\n\n<p>UPDATE 2:<\/p>\n\n\n\n<p>A fost emis un mesaj RO-ALERT pentru cet\u0103\u0163enii din zon\u0103.<\/p>\n\n\n\n<figure class=\"wp-block-image size-large\"><img fetchpriority=\"high\" decoding=\"async\" width=\"900\" height=\"612\" src=\"data:image\/gif;base64,R0lGODlhAQABAAAAACH5BAEKAAEALAAAAAABAAEAAAICTAEAOw==\" data-src=\"https:\/\/buletin.de\/bucuresti\/wp-content\/uploads\/WhatsApp-Image-2024-02-08-at-16.18.57-900x612.jpeg\" alt=\"\" class=\"wp-image-76665 lazyload\" data-sizes=\"auto\" data-srcset=\"https:\/\/buletin.de\/bucuresti\/wp-content\/uploads\/WhatsApp-Image-2024-02-08-at-16.18.57-900x612.jpeg 900w, https:\/\/buletin.de\/bucuresti\/wp-content\/uploads\/WhatsApp-Image-2024-02-08-at-16.18.57-300x204.jpeg 300w, https:\/\/buletin.de\/bucuresti\/wp-content\/uploads\/WhatsApp-Image-2024-02-08-at-16.18.57-768x522.jpeg 768w, https:\/\/buletin.de\/bucuresti\/wp-content\/uploads\/WhatsApp-Image-2024-02-08-at-16.18.57-1100x748.jpeg 1100w, https:\/\/buletin.de\/bucuresti\/wp-content\/uploads\/WhatsApp-Image-2024-02-08-at-16.18.57-600x408.jpeg 600w, https:\/\/buletin.de\/bucuresti\/wp-content\/uploads\/WhatsApp-Image-2024-02-08-at-16.18.57-20x14.jpeg 20w, https:\/\/buletin.de\/bucuresti\/wp-content\/uploads\/WhatsApp-Image-2024-02-08-at-16.18.57.jpeg 1179w\" sizes=\"(max-width: 900px) 100vw, 900px\" \/><\/figure>\n\n\n\n<p>UPDATE: Dispozitivul a fost suplimentat la 12 autospeciale. <\/p>\n\n\n\n<p><strong>Un incendiu care a izbucnit joi, 8 februarie, \u00een jurul orei 15, \u00een Delta V\u0103c\u0103re\u015fti, s-a extins pe o suprafa\u0163\u0103 de aproximativ 1.5 hectare, iar pompierii militari se lupt\u0103 s\u0103 \u0163in\u0103 fl\u0103c\u0103rile sub control.<\/strong><\/p>\n\n\n\n<p>Potrivit ISU, din cauza v\u00e2ntului, exist\u0103 o posibilitate real\u0103 ca fl\u0103c\u0103rile s\u0103 se extind\u0103, dat fiind c\u0103 vorbim de vegeta\u0163ie uscat\u0103, care se aprinde foarte u\u015for. <\/p>\n\n\n\n<figure class=\"wp-block-image size-large\"><img decoding=\"async\" width=\"900\" height=\"506\" src=\"data:image\/gif;base64,R0lGODlhAQABAAAAACH5BAEKAAEALAAAAAABAAEAAAICTAEAOw==\" data-src=\"https:\/\/buletin.de\/bucuresti\/wp-content\/uploads\/colaj-incendiu-vacaresti-Dan-Trifu-900x506.jpg\" alt=\"\" class=\"wp-image-76659 lazyload\" data-sizes=\"auto\" data-srcset=\"https:\/\/buletin.de\/bucuresti\/wp-content\/uploads\/colaj-incendiu-vacaresti-Dan-Trifu-900x506.jpg 900w, https:\/\/buletin.de\/bucuresti\/wp-content\/uploads\/colaj-incendiu-vacaresti-Dan-Trifu-300x169.jpg 300w, https:\/\/buletin.de\/bucuresti\/wp-content\/uploads\/colaj-incendiu-vacaresti-Dan-Trifu-768x432.jpg 768w, https:\/\/buletin.de\/bucuresti\/wp-content\/uploads\/colaj-incendiu-vacaresti-Dan-Trifu-1536x864.jpg 1536w, https:\/\/buletin.de\/bucuresti\/wp-content\/uploads\/colaj-incendiu-vacaresti-Dan-Trifu-1100x619.jpg 1100w, https:\/\/buletin.de\/bucuresti\/wp-content\/uploads\/colaj-incendiu-vacaresti-Dan-Trifu-600x338.jpg 600w, https:\/\/buletin.de\/bucuresti\/wp-content\/uploads\/colaj-incendiu-vacaresti-Dan-Trifu-20x11.jpg 20w, https:\/\/buletin.de\/bucuresti\/wp-content\/uploads\/colaj-incendiu-vacaresti-Dan-Trifu.jpg 1600w\" sizes=\"(max-width: 900px) 100vw, 900px\" \/><figcaption class=\"wp-element-caption\">FB &#8211; Dan Trifu<\/figcaption><\/figure>\n\n\n<p><iframe src=\"https:\/\/www.facebook.com\/plugins\/video.php?height=476&#038;href=https%3A%2F%2Fwww.facebook.com%2Ftrifu.dan.73%2Fvideos%2F769601327952419%2F&#038;show_text=false&#038;width=267&#038;t=0\" width=\"267\" height=\"476\" style=\"border:none;overflow:hidden\" scrolling=\"no\" frameborder=\"0\" allowfullscreen=\"true\" allow=\"autoplay; clipboard-write; encrypted-media; picture-in-picture; web-share\" allowFullScreen=\"true\"><\/iframe><\/p>\n\n\n\n<p>Potrivit utilizatorilor de pe grupul de Facebook InfoTrafic Bucuresti si Ilfov, fumul se vede de la c\u00e2\u0163iva kilometri distan\u0163\u0103, \u00eens\u0103 traficul rutier nu este afectat, \u00een acest moment. <\/p>\n\n\n\n<figure class=\"wp-block-image size-large\"><img decoding=\"async\" width=\"900\" height=\"675\" src=\"data:image\/gif;base64,R0lGODlhAQABAAAAACH5BAEKAAEALAAAAAABAAEAAAICTAEAOw==\" data-src=\"https:\/\/buletin.de\/bucuresti\/wp-content\/uploads\/Incendiu-Vacaresti-Info-Trafic-Bucuresti-si-Ilfov-Cristian-Burungiu-900x675.jpg\" alt=\"\" class=\"wp-image-76660 lazyload\" data-sizes=\"auto\" data-srcset=\"https:\/\/buletin.de\/bucuresti\/wp-content\/uploads\/Incendiu-Vacaresti-Info-Trafic-Bucuresti-si-Ilfov-Cristian-Burungiu-900x675.jpg 900w, https:\/\/buletin.de\/bucuresti\/wp-content\/uploads\/Incendiu-Vacaresti-Info-Trafic-Bucuresti-si-Ilfov-Cristian-Burungiu-300x225.jpg 300w, https:\/\/buletin.de\/bucuresti\/wp-content\/uploads\/Incendiu-Vacaresti-Info-Trafic-Bucuresti-si-Ilfov-Cristian-Burungiu-768x576.jpg 768w, https:\/\/buletin.de\/bucuresti\/wp-content\/uploads\/Incendiu-Vacaresti-Info-Trafic-Bucuresti-si-Ilfov-Cristian-Burungiu-1536x1152.jpg 1536w, https:\/\/buletin.de\/bucuresti\/wp-content\/uploads\/Incendiu-Vacaresti-Info-Trafic-Bucuresti-si-Ilfov-Cristian-Burungiu-1600x1200.jpg 1600w, https:\/\/buletin.de\/bucuresti\/wp-content\/uploads\/Incendiu-Vacaresti-Info-Trafic-Bucuresti-si-Ilfov-Cristian-Burungiu-1100x825.jpg 1100w, https:\/\/buletin.de\/bucuresti\/wp-content\/uploads\/Incendiu-Vacaresti-Info-Trafic-Bucuresti-si-Ilfov-Cristian-Burungiu-600x450.jpg 600w, https:\/\/buletin.de\/bucuresti\/wp-content\/uploads\/Incendiu-Vacaresti-Info-Trafic-Bucuresti-si-Ilfov-Cristian-Burungiu-20x15.jpg 20w, https:\/\/buletin.de\/bucuresti\/wp-content\/uploads\/Incendiu-Vacaresti-Info-Trafic-Bucuresti-si-Ilfov-Cristian-Burungiu.jpg 2048w\" sizes=\"(max-width: 900px) 100vw, 900px\" \/><figcaption class=\"wp-element-caption\">FB &#8211; Cristian Burungiu<\/figcaption><\/figure>\n\n\n\n<figure class=\"wp-block-image size-large\"><img loading=\"lazy\" decoding=\"async\" width=\"900\" height=\"675\" src=\"data:image\/gif;base64,R0lGODlhAQABAAAAACH5BAEKAAEALAAAAAABAAEAAAICTAEAOw==\" data-src=\"https:\/\/buletin.de\/bucuresti\/wp-content\/uploads\/Incendiu-Vacaresti-Info-Trafic-Bucuresti-si-Ilfov-Radulescu-Alexandru-1-900x675.jpg\" alt=\"\" class=\"wp-image-76663 lazyload\" data-sizes=\"auto\" data-srcset=\"https:\/\/buletin.de\/bucuresti\/wp-content\/uploads\/Incendiu-Vacaresti-Info-Trafic-Bucuresti-si-Ilfov-Radulescu-Alexandru-1-900x675.jpg 900w, https:\/\/buletin.de\/bucuresti\/wp-content\/uploads\/Incendiu-Vacaresti-Info-Trafic-Bucuresti-si-Ilfov-Radulescu-Alexandru-1-300x225.jpg 300w, https:\/\/buletin.de\/bucuresti\/wp-content\/uploads\/Incendiu-Vacaresti-Info-Trafic-Bucuresti-si-Ilfov-Radulescu-Alexandru-1-768x576.jpg 768w, https:\/\/buletin.de\/bucuresti\/wp-content\/uploads\/Incendiu-Vacaresti-Info-Trafic-Bucuresti-si-Ilfov-Radulescu-Alexandru-1-600x450.jpg 600w, https:\/\/buletin.de\/bucuresti\/wp-content\/uploads\/Incendiu-Vacaresti-Info-Trafic-Bucuresti-si-Ilfov-Radulescu-Alexandru-1-20x15.jpg 20w, https:\/\/buletin.de\/bucuresti\/wp-content\/uploads\/Incendiu-Vacaresti-Info-Trafic-Bucuresti-si-Ilfov-Radulescu-Alexandru-1.jpg 960w\" sizes=\"(max-width: 900px) 100vw, 900px\" \/><figcaption class=\"wp-element-caption\">FB &#8211; Radulescu Alexandru<\/figcaption><\/figure>\n\n\n\n<p>\u015eTIRE \u00ceN CURS DE ACTUALIZARE. <\/p>\n\n\n\n<p><\/p>\n\n\n\n<p><strong>CITE\u015eTE \u015eI:<\/strong><\/p>\n\n\n\n<figure class=\"wp-block-embed is-type-wp-embed is-provider-buletin-de-bucure-ti wp-block-embed-buletin-de-bucure-ti\"><div class=\"wp-block-embed__wrapper\">\n<blockquote class=\"wp-embedded-content\" data-secret=\"mqoY4buSJP\"><a href=\"https:\/\/buletin.de\/bucuresti\/fotovideo-incendiul-din-delta-vacaresti-a-fost-stins\/\">FOTO&#038;VIDEO | Incendiul din Delta V\u0103c\u0103re\u0219ti a fost stins<\/a><\/blockquote><iframe class=\"wp-embedded-content\" sandbox=\"allow-scripts\" security=\"restricted\" style=\"position: absolute; clip: rect(1px, 1px, 1px, 1px);\" title=\"&#8220;FOTO&#038;VIDEO | Incendiul din Delta V\u0103c\u0103re\u0219ti a fost stins&#8221; &#8212; Buletin de Bucure\u0219ti\" src=\"https:\/\/buletin.de\/bucuresti\/fotovideo-incendiul-din-delta-vacaresti-a-fost-stins\/embed\/#?secret=ShRp3P6WA8#?secret=mqoY4buSJP\" data-secret=\"mqoY4buSJP\" width=\"600\" height=\"338\" frameborder=\"0\" marginwidth=\"0\" marginheight=\"0\" scrolling=\"no\"><\/iframe>\n<\/div><\/figure>\n\n\n\n<figure class=\"wp-block-embed is-type-wp-embed is-provider-buletin-de-bucure-ti wp-block-embed-buletin-de-bucure-ti\"><div class=\"wp-block-embed__wrapper\">\n<blockquote class=\"wp-embedded-content\" data-secret=\"crVxSc1sky\"><a href=\"https:\/\/buletin.de\/bucuresti\/incediu-nocturn-in-zona-retrocedata-a-parcului-ior-isu-bucuresti-ilfov-flacarile-au-pornit-de-la-un-foc-deschis\/\">Incendiu nocturn, \u00een zona retrocedat\u0103 a Parcului IOR. ISU Bucure\u0219ti-Ilfov: &#8220;Fl\u0103c\u0103rile au pornit de la un foc deschis&#8221;\u00a0<\/a><\/blockquote><iframe class=\"wp-embedded-content\" sandbox=\"allow-scripts\" security=\"restricted\" style=\"position: absolute; clip: rect(1px, 1px, 1px, 1px);\" title=\"&#8220;Incendiu nocturn, \u00een zona retrocedat\u0103 a Parcului IOR. ISU Bucure\u0219ti-Ilfov: &#8220;Fl\u0103c\u0103rile au pornit de la un foc deschis&#8221;\u00a0&#8221; &#8212; Buletin de Bucure\u0219ti\" src=\"https:\/\/buletin.de\/bucuresti\/incediu-nocturn-in-zona-retrocedata-a-parcului-ior-isu-bucuresti-ilfov-flacarile-au-pornit-de-la-un-foc-deschis\/embed\/#?secret=4KAI154PiL#?secret=crVxSc1sky\" data-secret=\"crVxSc1sky\" width=\"600\" height=\"338\" frameborder=\"0\" marginwidth=\"0\" marginheight=\"0\" scrolling=\"no\"><\/iframe>\n<\/div><\/figure>\n","protected":false},"excerpt":{"rendered":"<p>UPDATE 4: Incendiul a fost stins dup\u0103 aproximativ cinci ore de la izbucnirea sa. UPDATE 3: Incendiul a fost localizat dup\u0103 ce a ars pe o suprafa\u0163\u0103 care totalizeaz\u0103 \u015fase hectare, spun pompierii militari. UPDATE 2: A fost emis un mesaj RO-ALERT pentru cet\u0103\u0163enii din zon\u0103. UPDATE: Dispozitivul a fost suplimentat la 12 autospeciale. Un [&hellip;]<\/p>\n","protected":false},"author":8,"featured_media":76662,"comment_status":"closed","ping_status":"open","sticky":false,"template":"","format":"standard","meta":{"_acf_changed":false,"inline_featured_image":false,"ngg_post_thumbnail":0,"footnotes":""},"categories":[6994,9026,5762],"tags":[9641,9640],"ppma_author":[22586],"class_list":["post-76654","post","type-post","status-publish","format-standard","has-post-thumbnail","hentry","category-stiri-2","category-eveniment","category-main","tag-flacari-vacaresti","tag-incendiu-delta-vacaresti"],"acf":[],"yoast_head":"<!-- This site is optimized with the Yoast SEO Premium plugin v25.3 (Yoast SEO v27.5) - https:\/\/yoast.com\/product\/yoast-seo-premium-wordpress\/ -->\n<title>FOTO &amp; VIDEO | Incendiu de propor\u0163ii \u00een Delta V\u0103c\u0103re\u015fti, vegeta\u0163ia uscat\u0103 arde pe 1.5 hectare - Buletin de Bucure\u0219ti<\/title>\n<meta name=\"robots\" content=\"index, follow, max-snippet:-1, max-image-preview:large, max-video-preview:-1\" \/>\n<link rel=\"canonical\" href=\"https:\/\/buletin.de\/bucuresti\/foto-video-incendiu-de-proportii-in-delta-vacaresti-vegetatia-uscata-arde-pe-1-5-hectare\/\" \/>\n<meta property=\"og:locale\" content=\"en_GB\" \/>\n<meta property=\"og:type\" content=\"article\" \/>\n<meta property=\"og:title\" content=\"FOTO &amp; VIDEO | Incendiu de propor\u0163ii \u00een Delta V\u0103c\u0103re\u015fti, vegeta\u0163ia uscat\u0103 arde pe 1.5 hectare\" \/>\n<meta property=\"og:description\" content=\"UPDATE 4: Incendiul a fost stins dup\u0103 aproximativ cinci ore de la izbucnirea sa. UPDATE 3: Incendiul a fost localizat dup\u0103 ce a ars pe o suprafa\u0163\u0103 care totalizeaz\u0103 \u015fase hectare, spun pompierii militari. UPDATE 2: A fost emis un mesaj RO-ALERT pentru cet\u0103\u0163enii din zon\u0103. UPDATE: Dispozitivul a fost suplimentat la 12 autospeciale. Un [&hellip;]\" \/>\n<meta property=\"og:url\" content=\"https:\/\/buletin.de\/bucuresti\/foto-video-incendiu-de-proportii-in-delta-vacaresti-vegetatia-uscata-arde-pe-1-5-hectare\/\" \/>\n<meta property=\"og:site_name\" content=\"Buletin de Bucure\u0219ti\" \/>\n<meta property=\"article:publisher\" content=\"https:\/\/www.facebook.com\/buletin.de.buc\" \/>\n<meta property=\"article:published_time\" content=\"2024-02-08T13:42:17+00:00\" \/>\n<meta property=\"article:modified_time\" content=\"2024-02-09T05:44:29+00:00\" \/>\n<meta property=\"og:image\" content=\"https:\/\/buletin.de\/bucuresti\/wp-content\/uploads\/WhatsApp-Image-2024-02-08-at-15.59.18.jpeg\" \/>\n\t<meta property=\"og:image:width\" content=\"2000\" \/>\n\t<meta property=\"og:image:height\" content=\"1500\" \/>\n\t<meta property=\"og:image:type\" content=\"image\/jpeg\" \/>\n<meta name=\"author\" content=\"Ionu\u021b Lepa\" \/>\n<meta name=\"twitter:card\" content=\"summary_large_image\" \/>\n<meta name=\"twitter:label1\" content=\"Written by\" \/>\n\t<meta name=\"twitter:data1\" content=\"Ionu\u021b Lepa\" \/>\n\t<meta name=\"twitter:label2\" content=\"Estimated reading time\" \/>\n\t<meta name=\"twitter:data2\" content=\"1 minute\" \/>\n<script type=\"application\/ld+json\" class=\"yoast-schema-graph\">{\"@context\":\"https:\\\/\\\/schema.org\",\"@graph\":[{\"@type\":\"Article\",\"@id\":\"https:\\\/\\\/buletin.de\\\/bucuresti\\\/foto-video-incendiu-de-proportii-in-delta-vacaresti-vegetatia-uscata-arde-pe-1-5-hectare\\\/#article\",\"isPartOf\":{\"@id\":\"https:\\\/\\\/buletin.de\\\/bucuresti\\\/foto-video-incendiu-de-proportii-in-delta-vacaresti-vegetatia-uscata-arde-pe-1-5-hectare\\\/\"},\"author\":{\"name\":\"Ionu\u021b Lepa\",\"@id\":\"https:\\\/\\\/buletin.de\\\/bucuresti\\\/#\\\/schema\\\/person\\\/5272b8a057b33890940b57b837fc4ce6\"},\"headline\":\"FOTO &#038; VIDEO | Incendiu de propor\u0163ii \u00een Delta V\u0103c\u0103re\u015fti, vegeta\u0163ia uscat\u0103 arde pe 1.5 hectare\",\"datePublished\":\"2024-02-08T13:42:17+00:00\",\"dateModified\":\"2024-02-09T05:44:29+00:00\",\"mainEntityOfPage\":{\"@id\":\"https:\\\/\\\/buletin.de\\\/bucuresti\\\/foto-video-incendiu-de-proportii-in-delta-vacaresti-vegetatia-uscata-arde-pe-1-5-hectare\\\/\"},\"wordCount\":195,\"publisher\":{\"@id\":\"https:\\\/\\\/buletin.de\\\/bucuresti\\\/#organization\"},\"image\":{\"@id\":\"https:\\\/\\\/buletin.de\\\/bucuresti\\\/foto-video-incendiu-de-proportii-in-delta-vacaresti-vegetatia-uscata-arde-pe-1-5-hectare\\\/#primaryimage\"},\"thumbnailUrl\":\"https:\\\/\\\/buletin.de\\\/bucuresti\\\/wp-content\\\/uploads\\\/WhatsApp-Image-2024-02-08-at-15.59.18.jpeg\",\"keywords\":[\"flacari vacaresti\",\"incendiu delta vacaresti\"],\"articleSection\":[\"Articole\",\"Eveniment\",\"Main\"],\"inLanguage\":\"en-GB\",\"copyrightYear\":\"2024\",\"copyrightHolder\":{\"@id\":\"https:\\\/\\\/buletin.de\\\/bucuresti\\\/#organization\"}},{\"@type\":\"WebPage\",\"@id\":\"https:\\\/\\\/buletin.de\\\/bucuresti\\\/foto-video-incendiu-de-proportii-in-delta-vacaresti-vegetatia-uscata-arde-pe-1-5-hectare\\\/\",\"url\":\"https:\\\/\\\/buletin.de\\\/bucuresti\\\/foto-video-incendiu-de-proportii-in-delta-vacaresti-vegetatia-uscata-arde-pe-1-5-hectare\\\/\",\"name\":\"FOTO & VIDEO | Incendiu de propor\u0163ii \u00een Delta V\u0103c\u0103re\u015fti, vegeta\u0163ia uscat\u0103 arde pe 1.5 hectare - Buletin de Bucure\u0219ti\",\"isPartOf\":{\"@id\":\"https:\\\/\\\/buletin.de\\\/bucuresti\\\/#website\"},\"primaryImageOfPage\":{\"@id\":\"https:\\\/\\\/buletin.de\\\/bucuresti\\\/foto-video-incendiu-de-proportii-in-delta-vacaresti-vegetatia-uscata-arde-pe-1-5-hectare\\\/#primaryimage\"},\"image\":{\"@id\":\"https:\\\/\\\/buletin.de\\\/bucuresti\\\/foto-video-incendiu-de-proportii-in-delta-vacaresti-vegetatia-uscata-arde-pe-1-5-hectare\\\/#primaryimage\"},\"thumbnailUrl\":\"https:\\\/\\\/buletin.de\\\/bucuresti\\\/wp-content\\\/uploads\\\/WhatsApp-Image-2024-02-08-at-15.59.18.jpeg\",\"datePublished\":\"2024-02-08T13:42:17+00:00\",\"dateModified\":\"2024-02-09T05:44:29+00:00\",\"breadcrumb\":{\"@id\":\"https:\\\/\\\/buletin.de\\\/bucuresti\\\/foto-video-incendiu-de-proportii-in-delta-vacaresti-vegetatia-uscata-arde-pe-1-5-hectare\\\/#breadcrumb\"},\"inLanguage\":\"en-GB\",\"potentialAction\":[{\"@type\":\"ReadAction\",\"target\":[\"https:\\\/\\\/buletin.de\\\/bucuresti\\\/foto-video-incendiu-de-proportii-in-delta-vacaresti-vegetatia-uscata-arde-pe-1-5-hectare\\\/\"]}]},{\"@type\":\"ImageObject\",\"inLanguage\":\"en-GB\",\"@id\":\"https:\\\/\\\/buletin.de\\\/bucuresti\\\/foto-video-incendiu-de-proportii-in-delta-vacaresti-vegetatia-uscata-arde-pe-1-5-hectare\\\/#primaryimage\",\"url\":\"https:\\\/\\\/buletin.de\\\/bucuresti\\\/wp-content\\\/uploads\\\/WhatsApp-Image-2024-02-08-at-15.59.18.jpeg\",\"contentUrl\":\"https:\\\/\\\/buletin.de\\\/bucuresti\\\/wp-content\\\/uploads\\\/WhatsApp-Image-2024-02-08-at-15.59.18.jpeg\",\"width\":2000,\"height\":1500,\"caption\":\"FOTO: ISU B-IF\"},{\"@type\":\"BreadcrumbList\",\"@id\":\"https:\\\/\\\/buletin.de\\\/bucuresti\\\/foto-video-incendiu-de-proportii-in-delta-vacaresti-vegetatia-uscata-arde-pe-1-5-hectare\\\/#breadcrumb\",\"itemListElement\":[{\"@type\":\"ListItem\",\"position\":1,\"name\":\"Acas\u0103\",\"item\":\"https:\\\/\\\/buletin.de\\\/bucuresti\\\/\"},{\"@type\":\"ListItem\",\"position\":2,\"name\":\"FOTO &#038; VIDEO | Incendiu de propor\u0163ii \u00een Delta V\u0103c\u0103re\u015fti, vegeta\u0163ia uscat\u0103 arde pe 1.5 hectare\"}]},{\"@type\":\"WebSite\",\"@id\":\"https:\\\/\\\/buletin.de\\\/bucuresti\\\/#website\",\"url\":\"https:\\\/\\\/buletin.de\\\/bucuresti\\\/\",\"name\":\"Buletin de Bucure\u0219ti\",\"description\":\"\u0218tiri \u0219i investiga\u021bii esen\u021biale din capital\u0103\",\"publisher\":{\"@id\":\"https:\\\/\\\/buletin.de\\\/bucuresti\\\/#organization\"},\"potentialAction\":[{\"@type\":\"SearchAction\",\"target\":{\"@type\":\"EntryPoint\",\"urlTemplate\":\"https:\\\/\\\/buletin.de\\\/bucuresti\\\/?s={search_term_string}\"},\"query-input\":{\"@type\":\"PropertyValueSpecification\",\"valueRequired\":true,\"valueName\":\"search_term_string\"}}],\"inLanguage\":\"en-GB\"},{\"@type\":\"Organization\",\"@id\":\"https:\\\/\\\/buletin.de\\\/bucuresti\\\/#organization\",\"name\":\"Buletin de Bucure\u0219ti\",\"url\":\"https:\\\/\\\/buletin.de\\\/bucuresti\\\/\",\"logo\":{\"@type\":\"ImageObject\",\"inLanguage\":\"en-GB\",\"@id\":\"https:\\\/\\\/buletin.de\\\/bucuresti\\\/#\\\/schema\\\/logo\\\/image\\\/\",\"url\":\"https:\\\/\\\/buletin.de\\\/bucuresti\\\/wp-content\\\/uploads\\\/logo-bdb-full-wide-vernil-transparent.png\",\"contentUrl\":\"https:\\\/\\\/buletin.de\\\/bucuresti\\\/wp-content\\\/uploads\\\/logo-bdb-full-wide-vernil-transparent.png\",\"width\":1782,\"height\":626,\"caption\":\"Buletin de Bucure\u0219ti\"},\"image\":{\"@id\":\"https:\\\/\\\/buletin.de\\\/bucuresti\\\/#\\\/schema\\\/logo\\\/image\\\/\"},\"sameAs\":[\"https:\\\/\\\/www.facebook.com\\\/buletin.de.buc\",\"https:\\\/\\\/www.instagram.com\\\/buletinde.bucuresti\\\/\"]},{\"@type\":\"Person\",\"@id\":\"https:\\\/\\\/buletin.de\\\/bucuresti\\\/#\\\/schema\\\/person\\\/5272b8a057b33890940b57b837fc4ce6\",\"name\":\"Ionu\u021b Lepa\",\"image\":{\"@type\":\"ImageObject\",\"inLanguage\":\"en-GB\",\"@id\":\"https:\\\/\\\/buletin.de\\\/bucuresti\\\/wp-content\\\/uploads\\\/Ionut-Lepa-96x96.jpg5c4e4d9e049808799a8821652d2410a4\",\"url\":\"https:\\\/\\\/buletin.de\\\/bucuresti\\\/wp-content\\\/uploads\\\/Ionut-Lepa-96x96.jpg\",\"contentUrl\":\"https:\\\/\\\/buletin.de\\\/bucuresti\\\/wp-content\\\/uploads\\\/Ionut-Lepa-96x96.jpg\",\"caption\":\"Ionu\u021b Lepa\"},\"url\":\"https:\\\/\\\/buletin.de\\\/bucuresti\\\/author\\\/ionutlepa\\\/\"}]}<\/script>\n<!-- \/ Yoast SEO Premium plugin. -->","yoast_head_json":{"title":"FOTO & VIDEO | Incendiu de propor\u0163ii \u00een Delta V\u0103c\u0103re\u015fti, vegeta\u0163ia uscat\u0103 arde pe 1.5 hectare - Buletin de Bucure\u0219ti","robots":{"index":"index","follow":"follow","max-snippet":"max-snippet:-1","max-image-preview":"max-image-preview:large","max-video-preview":"max-video-preview:-1"},"canonical":"https:\/\/buletin.de\/bucuresti\/foto-video-incendiu-de-proportii-in-delta-vacaresti-vegetatia-uscata-arde-pe-1-5-hectare\/","og_locale":"en_GB","og_type":"article","og_title":"FOTO & VIDEO | Incendiu de propor\u0163ii \u00een Delta V\u0103c\u0103re\u015fti, vegeta\u0163ia uscat\u0103 arde pe 1.5 hectare","og_description":"UPDATE 4: Incendiul a fost stins dup\u0103 aproximativ cinci ore de la izbucnirea sa. UPDATE 3: Incendiul a fost localizat dup\u0103 ce a ars pe o suprafa\u0163\u0103 care totalizeaz\u0103 \u015fase hectare, spun pompierii militari. UPDATE 2: A fost emis un mesaj RO-ALERT pentru cet\u0103\u0163enii din zon\u0103. UPDATE: Dispozitivul a fost suplimentat la 12 autospeciale. Un [&hellip;]","og_url":"https:\/\/buletin.de\/bucuresti\/foto-video-incendiu-de-proportii-in-delta-vacaresti-vegetatia-uscata-arde-pe-1-5-hectare\/","og_site_name":"Buletin de Bucure\u0219ti","article_publisher":"https:\/\/www.facebook.com\/buletin.de.buc","article_published_time":"2024-02-08T13:42:17+00:00","article_modified_time":"2024-02-09T05:44:29+00:00","og_image":[{"width":2000,"height":1500,"url":"https:\/\/buletin.de\/bucuresti\/wp-content\/uploads\/WhatsApp-Image-2024-02-08-at-15.59.18.jpeg","type":"image\/jpeg"}],"author":"Ionu\u021b Lepa","twitter_card":"summary_large_image","twitter_misc":{"Written by":"Ionu\u021b Lepa","Estimated reading time":"1 minute"},"schema":{"@context":"https:\/\/schema.org","@graph":[{"@type":"Article","@id":"https:\/\/buletin.de\/bucuresti\/foto-video-incendiu-de-proportii-in-delta-vacaresti-vegetatia-uscata-arde-pe-1-5-hectare\/#article","isPartOf":{"@id":"https:\/\/buletin.de\/bucuresti\/foto-video-incendiu-de-proportii-in-delta-vacaresti-vegetatia-uscata-arde-pe-1-5-hectare\/"},"author":{"name":"Ionu\u021b Lepa","@id":"https:\/\/buletin.de\/bucuresti\/#\/schema\/person\/5272b8a057b33890940b57b837fc4ce6"},"headline":"FOTO &#038; VIDEO | Incendiu de propor\u0163ii \u00een Delta V\u0103c\u0103re\u015fti, vegeta\u0163ia uscat\u0103 arde pe 1.5 hectare","datePublished":"2024-02-08T13:42:17+00:00","dateModified":"2024-02-09T05:44:29+00:00","mainEntityOfPage":{"@id":"https:\/\/buletin.de\/bucuresti\/foto-video-incendiu-de-proportii-in-delta-vacaresti-vegetatia-uscata-arde-pe-1-5-hectare\/"},"wordCount":195,"publisher":{"@id":"https:\/\/buletin.de\/bucuresti\/#organization"},"image":{"@id":"https:\/\/buletin.de\/bucuresti\/foto-video-incendiu-de-proportii-in-delta-vacaresti-vegetatia-uscata-arde-pe-1-5-hectare\/#primaryimage"},"thumbnailUrl":"https:\/\/buletin.de\/bucuresti\/wp-content\/uploads\/WhatsApp-Image-2024-02-08-at-15.59.18.jpeg","keywords":["flacari vacaresti","incendiu delta vacaresti"],"articleSection":["Articole","Eveniment","Main"],"inLanguage":"en-GB","copyrightYear":"2024","copyrightHolder":{"@id":"https:\/\/buletin.de\/bucuresti\/#organization"}},{"@type":"WebPage","@id":"https:\/\/buletin.de\/bucuresti\/foto-video-incendiu-de-proportii-in-delta-vacaresti-vegetatia-uscata-arde-pe-1-5-hectare\/","url":"https:\/\/buletin.de\/bucuresti\/foto-video-incendiu-de-proportii-in-delta-vacaresti-vegetatia-uscata-arde-pe-1-5-hectare\/","name":"FOTO & VIDEO | Incendiu de propor\u0163ii \u00een Delta V\u0103c\u0103re\u015fti, vegeta\u0163ia uscat\u0103 arde pe 1.5 hectare - Buletin de Bucure\u0219ti","isPartOf":{"@id":"https:\/\/buletin.de\/bucuresti\/#website"},"primaryImageOfPage":{"@id":"https:\/\/buletin.de\/bucuresti\/foto-video-incendiu-de-proportii-in-delta-vacaresti-vegetatia-uscata-arde-pe-1-5-hectare\/#primaryimage"},"image":{"@id":"https:\/\/buletin.de\/bucuresti\/foto-video-incendiu-de-proportii-in-delta-vacaresti-vegetatia-uscata-arde-pe-1-5-hectare\/#primaryimage"},"thumbnailUrl":"https:\/\/buletin.de\/bucuresti\/wp-content\/uploads\/WhatsApp-Image-2024-02-08-at-15.59.18.jpeg","datePublished":"2024-02-08T13:42:17+00:00","dateModified":"2024-02-09T05:44:29+00:00","breadcrumb":{"@id":"https:\/\/buletin.de\/bucuresti\/foto-video-incendiu-de-proportii-in-delta-vacaresti-vegetatia-uscata-arde-pe-1-5-hectare\/#breadcrumb"},"inLanguage":"en-GB","potentialAction":[{"@type":"ReadAction","target":["https:\/\/buletin.de\/bucuresti\/foto-video-incendiu-de-proportii-in-delta-vacaresti-vegetatia-uscata-arde-pe-1-5-hectare\/"]}]},{"@type":"ImageObject","inLanguage":"en-GB","@id":"https:\/\/buletin.de\/bucuresti\/foto-video-incendiu-de-proportii-in-delta-vacaresti-vegetatia-uscata-arde-pe-1-5-hectare\/#primaryimage","url":"https:\/\/buletin.de\/bucuresti\/wp-content\/uploads\/WhatsApp-Image-2024-02-08-at-15.59.18.jpeg","contentUrl":"https:\/\/buletin.de\/bucuresti\/wp-content\/uploads\/WhatsApp-Image-2024-02-08-at-15.59.18.jpeg","width":2000,"height":1500,"caption":"FOTO: ISU B-IF"},{"@type":"BreadcrumbList","@id":"https:\/\/buletin.de\/bucuresti\/foto-video-incendiu-de-proportii-in-delta-vacaresti-vegetatia-uscata-arde-pe-1-5-hectare\/#breadcrumb","itemListElement":[{"@type":"ListItem","position":1,"name":"Acas\u0103","item":"https:\/\/buletin.de\/bucuresti\/"},{"@type":"ListItem","position":2,"name":"FOTO &#038; VIDEO | Incendiu de propor\u0163ii \u00een Delta V\u0103c\u0103re\u015fti, vegeta\u0163ia uscat\u0103 arde pe 1.5 hectare"}]},{"@type":"WebSite","@id":"https:\/\/buletin.de\/bucuresti\/#website","url":"https:\/\/buletin.de\/bucuresti\/","name":"Buletin de Bucure\u0219ti","description":"\u0218tiri \u0219i investiga\u021bii esen\u021biale din capital\u0103","publisher":{"@id":"https:\/\/buletin.de\/bucuresti\/#organization"},"potentialAction":[{"@type":"SearchAction","target":{"@type":"EntryPoint","urlTemplate":"https:\/\/buletin.de\/bucuresti\/?s={search_term_string}"},"query-input":{"@type":"PropertyValueSpecification","valueRequired":true,"valueName":"search_term_string"}}],"inLanguage":"en-GB"},{"@type":"Organization","@id":"https:\/\/buletin.de\/bucuresti\/#organization","name":"Buletin de Bucure\u0219ti","url":"https:\/\/buletin.de\/bucuresti\/","logo":{"@type":"ImageObject","inLanguage":"en-GB","@id":"https:\/\/buletin.de\/bucuresti\/#\/schema\/logo\/image\/","url":"https:\/\/buletin.de\/bucuresti\/wp-content\/uploads\/logo-bdb-full-wide-vernil-transparent.png","contentUrl":"https:\/\/buletin.de\/bucuresti\/wp-content\/uploads\/logo-bdb-full-wide-vernil-transparent.png","width":1782,"height":626,"caption":"Buletin de Bucure\u0219ti"},"image":{"@id":"https:\/\/buletin.de\/bucuresti\/#\/schema\/logo\/image\/"},"sameAs":["https:\/\/www.facebook.com\/buletin.de.buc","https:\/\/www.instagram.com\/buletinde.bucuresti\/"]},{"@type":"Person","@id":"https:\/\/buletin.de\/bucuresti\/#\/schema\/person\/5272b8a057b33890940b57b837fc4ce6","name":"Ionu\u021b Lepa","image":{"@type":"ImageObject","inLanguage":"en-GB","@id":"https:\/\/buletin.de\/bucuresti\/wp-content\/uploads\/Ionut-Lepa-96x96.jpg5c4e4d9e049808799a8821652d2410a4","url":"https:\/\/buletin.de\/bucuresti\/wp-content\/uploads\/Ionut-Lepa-96x96.jpg","contentUrl":"https:\/\/buletin.de\/bucuresti\/wp-content\/uploads\/Ionut-Lepa-96x96.jpg","caption":"Ionu\u021b Lepa"},"url":"https:\/\/buletin.de\/bucuresti\/author\/ionutlepa\/"}]}},"authors":[{"term_id":22586,"user_id":8,"is_guest":0,"slug":"ionutlepa","display_name":"Ionu\u021b Lepa","avatar_url":"https:\/\/buletin.de\/bucuresti\/wp-content\/uploads\/Ionut-Lepa-96x96.jpg","0":null,"1":"","2":"","3":"","4":"","5":"","6":"","7":"","8":""}],"_links":{"self":[{"href":"https:\/\/buletin.de\/bucuresti\/wp-json\/wp\/v2\/posts\/76654","targetHints":{"allow":["GET"]}}],"collection":[{"href":"https:\/\/buletin.de\/bucuresti\/wp-json\/wp\/v2\/posts"}],"about":[{"href":"https:\/\/buletin.de\/bucuresti\/wp-json\/wp\/v2\/types\/post"}],"author":[{"embeddable":true,"href":"https:\/\/buletin.de\/bucuresti\/wp-json\/wp\/v2\/users\/8"}],"replies":[{"embeddable":true,"href":"https:\/\/buletin.de\/bucuresti\/wp-json\/wp\/v2\/comments?post=76654"}],"version-history":[{"count":5,"href":"https:\/\/buletin.de\/bucuresti\/wp-json\/wp\/v2\/posts\/76654\/revisions"}],"predecessor-version":[{"id":76689,"href":"https:\/\/buletin.de\/bucuresti\/wp-json\/wp\/v2\/posts\/76654\/revisions\/76689"}],"wp:featuredmedia":[{"embeddable":true,"href":"https:\/\/buletin.de\/bucuresti\/wp-json\/wp\/v2\/media\/76662"}],"wp:attachment":[{"href":"https:\/\/buletin.de\/bucuresti\/wp-json\/wp\/v2\/media?parent=76654"}],"wp:term":[{"taxonomy":"category","embeddable":true,"href":"https:\/\/buletin.de\/bucuresti\/wp-json\/wp\/v2\/categories?post=76654"},{"taxonomy":"post_tag","embeddable":true,"href":"https:\/\/buletin.de\/bucuresti\/wp-json\/wp\/v2\/tags?post=76654"},{"taxonomy":"author","embeddable":true,"href":"https:\/\/buletin.de\/bucuresti\/wp-json\/wp\/v2\/ppma_author?post=76654"}],"curies":[{"name":"wp","href":"https:\/\/api.w.org\/{rel}","templated":true}]}}