{"id":76623,"date":"2024-02-08T15:11:51","date_gmt":"2024-02-08T13:11:51","guid":{"rendered":"https:\/\/buletin.de\/bucuresti\/?p=76623"},"modified":"2024-02-08T15:25:08","modified_gmt":"2024-02-08T13:25:08","slug":"a-patra-saptamana-epidemica-gripa-si-infectiile-respiratorii-stagneaza-in-timp-ce-cazurile-de-rujeola-cresc","status":"publish","type":"post","link":"https:\/\/buletin.de\/bucuresti\/a-patra-saptamana-epidemica-gripa-si-infectiile-respiratorii-stagneaza-in-timp-ce-cazurile-de-rujeola-cresc\/","title":{"rendered":"A patra \u201es\u0103pt\u0103m\u00e2n\u0103 epidemic\u0103\u201d. Gripa \u0219i infec\u021biile respiratorii stagneaz\u0103, \u00een timp ce cazurile de rujeol\u0103 cresc"},"content":{"rendered":"\n<p><strong>S\u0103pt\u0103m\u00e2na 29 ianuarie &#8211; 4 februarie este a patra \u201es\u0103pt\u0103m\u00e2n\u0103 epidemic\u0103\u201d succesiv\u0103 &#8211; o s\u0103pt\u0103m\u00e2n\u0103 \u00een care activitatea gripal\u0103 este pe pragul epidemic, peste nivelul mediu \u00eenregistrat \u00een ultimii 5 ani, conform defini\u021biilor oferite de c\u0103tre ministrul S\u0103n\u0103t\u0103\u021bii, Alexandru Rafila,<a href=\"https:\/\/buletin.de\/bucuresti\/alerta-epidemiologica-nu-epidemie-masuri-anuntate-de-ministerul-sanatatii-in-urma-cresterii-numarului-infectiilor-virale\/\">&nbsp;\u00een cadrul unei conferin\u021be de anul trecut<\/a>. Cazurile de grip\u0103 \u0219i infec\u021bii respiratorii se men\u021bin la aproximativ aceea\u0219i intensitate cu s\u0103pt\u0103m\u00e2na precedent\u0103, iar cazurile de rujeol\u0103 sunt mai multe cu 140, \u00een Bucure\u0219ti \u0219i Ilfov.<\/strong><\/p>\n\n\n\n<p><em>\u201einciden\u021ba infec\u021biilor respiratorii a dep\u0103\u0219it nivelul mediu calculat pentru ultimele sezoane, <strong>activitatea gripal\u0103 a continuat cu o intensitate \u00eenalt\u0103 \u0219i o r\u0103sp\u00e2ndire geografic\u0103 extins\u0103 a circula\u021biei virusurilor gripale<\/strong> la nivelul \u00eentregii \u021b\u0103ri\u201d<\/em>, potrivit raportului s\u0103pt\u0103m\u00e2nal publicat de Institutul Na\u021bional de S\u0103n\u0103tate Public\u0103 (INSP), pentru s\u0103pt\u0103m\u00e2na \u00een curs.<\/p>\n\n\n\n<figure class=\"wp-block-table is-style-stripes\"><table class=\"has-black-color has-white-background-color has-text-color has-background has-link-color\"><thead><tr><th><strong>s\u0103pt\u0103m\u00e2na<\/strong><\/th><th>8-14 ianuarie<\/th><th>15-21 ianuarie  <\/th><th>22-28 ianuarie<\/th><th>29 ianuarie- 4 februarie<\/th><\/tr><\/thead><tbody><tr><td>cazuri infec\u021bii respiratorii<\/td><td><mark style=\"background-color:#fcb900\" class=\"has-inline-color\">102.640<\/mark><sub>(cu 26.3% mai pu\u021bine dec\u00e2t \u00een <br>sezonul precedent)<\/sub><\/td><td><mark style=\"background-color:#fcb900\" class=\"has-inline-color\">123.464<\/mark><sub>(cu 19.6% mai multe cazuri dec\u00e2t \u00een sezonul precedent)<\/sub><\/td><td><mark style=\"background-color:#fcb900\" class=\"has-inline-color\">133.057<\/mark><sub>(cu 35.8% mai multe cazuri dec\u00e2t \u00een sezonul precedent)<\/sub><\/td><td><mark style=\"background-color:#fcb900\" class=\"has-inline-color\">135.870<\/mark><sub>(cu 36.5% mai multe cazuri dec\u00e2t \u00een sezonul precedent)<\/sub><\/td><\/tr><tr><td>cazuri grip\u0103 clinic\u0103<\/td><td>4.574<sub>(fa\u021b\u0103 de 4.168 de cazuri \u00een sezonul precedent)<\/sub><br><mark style=\"background-color:rgba(0, 0, 0, 0)\" class=\"has-inline-color has-luminous-vivid-orange-color\">\u00een Bucure\u0219ti &#8211; 1.206<\/mark><\/td><td>6.981<sub>(fa\u021b\u0103 de 4.574 de cazuri \u00een sezonul precedent)<\/sub><br><mark style=\"background-color:rgba(0, 0, 0, 0)\" class=\"has-inline-color has-luminous-vivid-orange-color\">\u00een Bucure\u0219ti &#8211; 1.250<\/mark><\/td><td>9.151<sub>(fa\u021b\u0103 de 3.405 cazuri \u00een sezonul precedent)<\/sub><br><mark style=\"background-color:rgba(0, 0, 0, 0)\" class=\"has-inline-color has-luminous-vivid-orange-color\">\u00een Bucure\u0219ti &#8211; 1.301<\/mark><\/td><td>8.391<sub>(fa\u021b\u0103 de 2.788 cazuri \u00een sezonul precedent)<\/sub><br><mark style=\"background-color:rgba(0, 0, 0, 0)\" class=\"has-inline-color has-luminous-vivid-orange-color\">\u00een Bucure\u0219ti &#8211; 1.116<\/mark><\/td><\/tr><tr><td>cazuri SARI<\/td><td>53<\/td><td>47<\/td><td>43<\/td><td>45<\/td><\/tr><tr><td>cazuri grip\u0103 confirmat\u0103<\/td><td>270<\/td><td>130<\/td><td>320<\/td><td>268<\/td><\/tr><\/tbody><\/table><figcaption class=\"wp-element-caption\">Potrivit datelor s\u0103pt\u0103m\u00e2nale furnizate de Institutul Na\u021bional de S\u0103n\u0103tate Public\u0103\/\/\/ infec\u021biile respiratorii = grip\u0103 clinic\u0103+IACRS+pneumonii) \/\/\/ SARI = Infec\u021bii Respiratorii Acute Severe<\/figcaption><\/figure>\n\n\n\n<p>Num\u0103rul deceselor din acest sezon gripal a ajuns la 65, cu 14 \u00een plus fa\u021b\u0103 de s\u0103pt\u0103m\u00e2na precedent\u0103, dintre care, \u00eentr-un caz, a fost vorba de un copil de p\u00e2n\u0103 \u00een 4 ani. Dintre acestea, trei decese au fost \u00eenregistrate \u00een Bucure\u0219ti \u0219i dou\u0103 \u00een Ilfov.&nbsp;Majoritatea, 44 dintre ele, au fost \u00een cazul persoanelor de peste 65 de ani, 14 persoane erau \u00een grupa de v\u00e2rst\u0103 50-64, patru persoane \u00een grupa 15-49 de ani, \u0219i \u00een trei cazuri a fost vorba de copii sub patru ani.<\/p>\n\n\n\n<figure class=\"wp-block-image size-large\"><img fetchpriority=\"high\" decoding=\"async\" width=\"900\" height=\"485\" src=\"data:image\/gif;base64,R0lGODlhAQABAAAAACH5BAEKAAEALAAAAAABAAEAAAICTAEAOw==\" data-src=\"https:\/\/buletin.de\/bucuresti\/wp-content\/uploads\/Captura-de-ecran-2024-02-08-132621-900x485.png\" alt=\"\" class=\"wp-image-76624 lazyload\" data-sizes=\"auto\" data-srcset=\"https:\/\/buletin.de\/bucuresti\/wp-content\/uploads\/Captura-de-ecran-2024-02-08-132621-900x485.png 900w, https:\/\/buletin.de\/bucuresti\/wp-content\/uploads\/Captura-de-ecran-2024-02-08-132621-300x162.png 300w, https:\/\/buletin.de\/bucuresti\/wp-content\/uploads\/Captura-de-ecran-2024-02-08-132621-768x414.png 768w, https:\/\/buletin.de\/bucuresti\/wp-content\/uploads\/Captura-de-ecran-2024-02-08-132621-600x324.png 600w, https:\/\/buletin.de\/bucuresti\/wp-content\/uploads\/Captura-de-ecran-2024-02-08-132621-20x11.png 20w, https:\/\/buletin.de\/bucuresti\/wp-content\/uploads\/Captura-de-ecran-2024-02-08-132621.png 1031w\" sizes=\"(max-width: 900px) 100vw, 900px\" \/><\/figure>\n\n\n\n<h2 class=\"wp-block-heading\">Rujeol\u0103<\/h2>\n\n\n\n<p>\u00cen ultima s\u0103pt\u0103m\u00e2n\u0103 au fost \u00eenregistrate aproape 100 de cazuri noi de rujeol\u0103 \u00een Bucure\u0219ti \u0219i 40 de cazuri noi \u00een Ilfov. <\/p>\n\n\n<div class=\"infogram-embed\" data-id=\"_\/PUb8UwLu9L9B6DBH0RKP\" data-type=\"interactive\" data-title=\"rujeol\u0103 30 ianuarie\"><\/div>\n<p><script>!function(e,n,i,s){var d=\"InfogramEmbeds\";var o=e.getElementsByTagName(n)[0];if(window[d]&&window[d].initialized)window[d].process&&window[d].process();else if(!e.getElementById(i)){var r=e.createElement(n);r.async=1,r.id=i,r.src=s,o.parentNode.insertBefore(r,o)}}(document,\"script\",\"infogram-async\",\"https:\/\/e.infogram.com\/js\/dist\/embed-loader-min.js\");<\/script><\/p>\n\n\n\n<p>\u00cen ultima s\u0103pt\u0103m\u00e2n\u0103 s-au mai vaccinat 9.087 de copii, ajung\u00e2nd la un total de 62.564 copii vaccina\u021bi cu ROR (\u00eempotriva rujeolei, oreionului si rubeolei), potrivit datelor consultate de Buletin de Bucure\u0219ti. Num\u0103rul total de cazuri \u00eenregistrate, la nivelul Rom\u00e2niei, \u00een acest sezon, este de 4.679 cazuri, \u00eemp\u0103r\u021bite, dup\u0103 statusul vaccinal, astfel:<\/p>\n\n\n\n<figure class=\"wp-block-image size-large\"><img decoding=\"async\" width=\"900\" height=\"278\" src=\"data:image\/gif;base64,R0lGODlhAQABAAAAACH5BAEKAAEALAAAAAABAAEAAAICTAEAOw==\" data-src=\"https:\/\/buletin.de\/bucuresti\/wp-content\/uploads\/Captura-de-ecran-2024-02-08-132621-1-900x278.png\" alt=\"\" class=\"wp-image-76639 lazyload\" data-sizes=\"auto\" data-srcset=\"https:\/\/buletin.de\/bucuresti\/wp-content\/uploads\/Captura-de-ecran-2024-02-08-132621-1-900x278.png 900w, https:\/\/buletin.de\/bucuresti\/wp-content\/uploads\/Captura-de-ecran-2024-02-08-132621-1-300x93.png 300w, https:\/\/buletin.de\/bucuresti\/wp-content\/uploads\/Captura-de-ecran-2024-02-08-132621-1-768x237.png 768w, https:\/\/buletin.de\/bucuresti\/wp-content\/uploads\/Captura-de-ecran-2024-02-08-132621-1-600x186.png 600w, https:\/\/buletin.de\/bucuresti\/wp-content\/uploads\/Captura-de-ecran-2024-02-08-132621-1-20x6.png 20w, https:\/\/buletin.de\/bucuresti\/wp-content\/uploads\/Captura-de-ecran-2024-02-08-132621-1.png 1077w\" sizes=\"(max-width: 900px) 100vw, 900px\" \/><\/figure>\n\n\n\n<h2 class=\"wp-block-heading\">Alert\u0103 epidemiologic\u0103<\/h2>\n\n\n\n<p>S\u0103pt\u0103m\u00e2na precedent\u0103 s-au \u00eentrunit condi\u021biile definitorii unei \u201esitua\u021bii de alert\u0103 epidemiologic\u0103\u201d, potrivit ultimului raport s\u0103pt\u0103m\u00e2nal publicat de Institutul Na\u021bional de S\u0103n\u0103tate Public\u0103 (INSP).<\/p>\n\n\n\n<p><em><strong>\u201eAceast\u0103 situa\u021bie va mai dura p\u00e2n\u0103 la sf\u00e2r\u0219itul lunii februarie. Anul acesta exist\u0103 un decalaj de trei s\u0103pt\u0103m\u00e2ni. Anul trecut a fost un sezon gripal atipic, iar declararea acestei st\u0103ri de alert\u0103 epidemiologic\u0103 s-a f\u0103cut cu 3 s\u0103pt\u0103m\u00e2ni mai devreme\u201d<\/strong>,<\/em>&nbsp;a declarat Ministrul S\u0103n\u0103t\u0103\u021bii, Alexandru Rafila, \u00eentr-o conferin\u021b\u0103 de pres\u0103.<\/p>\n\n\n\n<p>Anul trecut, \u201ealerta epidemiologic\u0103\u201d a fost declarat\u0103 la \u00eenceputul lunii ianuarie. Pe atunci, infec\u021biile respiratorii dep\u0103\u0219eau cu peste 20% media multianual\u0103 a ultimelor cinci sezoane pre-pandemice pentru aceea\u0219i perioad\u0103.<\/p>\n\n\n\n<p>V\u00e2rful era estimat a fi atins \u00een perioada 15 ianuarie \u2013 10 februarie, \u00eenregistr\u00e2ndu-se o cre\u0219tere a num\u0103rului de cazuri de grip\u0103 cu 5 s\u0103pt\u0103m\u00e2ni mai devreme dec\u00e2t \u00een sezonul prepandemic din 2019-2020.<\/p>\n\n\n\n<p><a href=\"https:\/\/buletin.de\/bucuresti\/alerta-epidemiologica-nu-epidemie-masuri-anuntate-de-ministerul-sanatatii-in-urma-cresterii-numarului-infectiilor-virale\/\">Ministrul S\u0103n\u0103t\u0103\u021bii, Alexandru Rafila explica la acea vreme aceast\u0103 diferen\u021b\u0103 statistic\u0103 printr-un trend deja existent \u00een care sezonul gripal se apropria din ce \u00een ce mai mult de Anul Nou,&nbsp;<\/a>cumulat cu imunitatea sc\u0103zut\u0103 la viru\u0219ii gripali cauzat de ultimii doi ani pandemici, \u00een care viru\u0219ii nu au circulat cu frecven\u021ba lor obi\u0219nuit\u0103.<\/p>\n\n\n\n<p><\/p>\n\n\n\n<p><strong>CITE\u015eTE \u015eI:<\/strong><\/p>\n\n\n\n<ul class=\"wp-block-list\">\n<li><a href=\"https:\/\/buletin.de\/bucuresti\/analiza-10-ani-de-haos-in-sistemul-medical-din-bucuresti\/\">ANALIZ\u0102 | 10 ani de haos \u00een sistemul medical din Bucure\u0219ti \u2013 Buletin de Bucure\u0219ti<\/a><\/li>\n\n\n\n<li><a href=\"https:\/\/buletin.de\/bucuresti\/saptamana-epidemica-trei-decese-in-bucuresti-si-doua-in-ilfov-cauzate-de-gripa\/\">\u201eS\u0103pt\u0103m\u00e2n\u0103 epidemic\u0103\u201d: trei decese \u00een Bucure\u0219ti \u0219i dou\u0103 \u00een Ilfov, cauzate de grip\u0103 \u2013 Buletin de Bucure\u0219ti<\/a><\/li>\n\n\n\n<li><a href=\"https:\/\/buletin.de\/bucuresti\/crestere-cu-40-in-doua-saptamani-si-noua-decese-de-gripa-in-ilfov-si-capitala-creste-si-numarul-cazurilor-de-rujeola\/\">Cre\u0219tere cu 40% \u00een dou\u0103 s\u0103pt\u0103m\u00e2ni \u0219i nou\u0103 decese de grip\u0103, \u00een Ilfov \u0219i Capital\u0103. Cre\u0219te \u0219i num\u0103rul cazurilor de rujeol\u0103 \u2013 Buletin de Bucure\u0219ti<\/a><\/li>\n<\/ul>\n","protected":false},"excerpt":{"rendered":"<p>S\u0103pt\u0103m\u00e2na 29 ianuarie &#8211; 4 februarie este a patra \u201es\u0103pt\u0103m\u00e2n\u0103 epidemic\u0103\u201d succesiv\u0103 &#8211; o s\u0103pt\u0103m\u00e2n\u0103 \u00een care activitatea gripal\u0103 este pe pragul epidemic, peste nivelul mediu \u00eenregistrat \u00een ultimii 5 ani, conform defini\u021biilor oferite de c\u0103tre ministrul S\u0103n\u0103t\u0103\u021bii, Alexandru Rafila,&nbsp;\u00een cadrul unei conferin\u021be de anul trecut. Cazurile de grip\u0103 \u0219i infec\u021bii respiratorii se men\u021bin la [&hellip;]<\/p>\n","protected":false},"author":47,"featured_media":76642,"comment_status":"closed","ping_status":"open","sticky":false,"template":"","format":"standard","meta":{"_acf_changed":false,"inline_featured_image":false,"ngg_post_thumbnail":0,"footnotes":""},"categories":[6994,5762,4],"tags":[9639,8951,527,9066,988],"ppma_author":[22580],"class_list":["post-76623","post","type-post","status-publish","format-standard","has-post-thumbnail","hentry","category-stiri-2","category-main","category-sanatate","tag-alerta-epidemiologic","tag-cazuri","tag-gripa","tag-infectii-respiratorii-2","tag-rujeola"],"acf":[],"yoast_head":"<!-- This site is optimized with the Yoast SEO Premium plugin v25.3 (Yoast SEO v27.5) - https:\/\/yoast.com\/product\/yoast-seo-premium-wordpress\/ -->\n<title>A patra \u201es\u0103pt\u0103m\u00e2n\u0103 epidemic\u0103\u201d. Gripa \u0219i infec\u021biile respiratorii stagneaz\u0103, \u00een timp ce cazurile de rujeol\u0103 cresc - Buletin de Bucure\u0219ti<\/title>\n<meta name=\"robots\" content=\"index, follow, max-snippet:-1, max-image-preview:large, max-video-preview:-1\" \/>\n<link rel=\"canonical\" href=\"https:\/\/buletin.de\/bucuresti\/a-patra-saptamana-epidemica-gripa-si-infectiile-respiratorii-stagneaza-in-timp-ce-cazurile-de-rujeola-cresc\/\" \/>\n<meta property=\"og:locale\" content=\"en_GB\" \/>\n<meta property=\"og:type\" content=\"article\" \/>\n<meta property=\"og:title\" content=\"A patra \u201es\u0103pt\u0103m\u00e2n\u0103 epidemic\u0103\u201d. Gripa \u0219i infec\u021biile respiratorii stagneaz\u0103, \u00een timp ce cazurile de rujeol\u0103 cresc\" \/>\n<meta property=\"og:description\" content=\"S\u0103pt\u0103m\u00e2na 29 ianuarie &#8211; 4 februarie este a patra \u201es\u0103pt\u0103m\u00e2n\u0103 epidemic\u0103\u201d succesiv\u0103 &#8211; o s\u0103pt\u0103m\u00e2n\u0103 \u00een care activitatea gripal\u0103 este pe pragul epidemic, peste nivelul mediu \u00eenregistrat \u00een ultimii 5 ani, conform defini\u021biilor oferite de c\u0103tre ministrul S\u0103n\u0103t\u0103\u021bii, Alexandru Rafila,&nbsp;\u00een cadrul unei conferin\u021be de anul trecut. Cazurile de grip\u0103 \u0219i infec\u021bii respiratorii se men\u021bin la [&hellip;]\" \/>\n<meta property=\"og:url\" content=\"https:\/\/buletin.de\/bucuresti\/a-patra-saptamana-epidemica-gripa-si-infectiile-respiratorii-stagneaza-in-timp-ce-cazurile-de-rujeola-cresc\/\" \/>\n<meta property=\"og:site_name\" content=\"Buletin de Bucure\u0219ti\" \/>\n<meta property=\"article:publisher\" content=\"https:\/\/www.facebook.com\/buletin.de.buc\" \/>\n<meta property=\"article:published_time\" content=\"2024-02-08T13:11:51+00:00\" \/>\n<meta property=\"article:modified_time\" content=\"2024-02-08T13:25:08+00:00\" \/>\n<meta property=\"og:image\" content=\"https:\/\/buletin.de\/bucuresti\/wp-content\/uploads\/hu2ypu0vfq8-1.jpg\" \/>\n\t<meta property=\"og:image:width\" content=\"1456\" \/>\n\t<meta property=\"og:image:height\" content=\"1200\" \/>\n\t<meta property=\"og:image:type\" content=\"image\/jpeg\" \/>\n<meta name=\"author\" content=\"Adina C\u0103p\u00eelnean\" \/>\n<meta name=\"twitter:card\" content=\"summary_large_image\" \/>\n<meta name=\"twitter:label1\" content=\"Written by\" \/>\n\t<meta name=\"twitter:data1\" content=\"Adina C\u0103p\u00eelnean\" \/>\n\t<meta name=\"twitter:label2\" content=\"Estimated reading time\" \/>\n\t<meta name=\"twitter:data2\" content=\"4 minutes\" \/>\n<script type=\"application\/ld+json\" class=\"yoast-schema-graph\">{\"@context\":\"https:\\\/\\\/schema.org\",\"@graph\":[{\"@type\":\"Article\",\"@id\":\"https:\\\/\\\/buletin.de\\\/bucuresti\\\/a-patra-saptamana-epidemica-gripa-si-infectiile-respiratorii-stagneaza-in-timp-ce-cazurile-de-rujeola-cresc\\\/#article\",\"isPartOf\":{\"@id\":\"https:\\\/\\\/buletin.de\\\/bucuresti\\\/a-patra-saptamana-epidemica-gripa-si-infectiile-respiratorii-stagneaza-in-timp-ce-cazurile-de-rujeola-cresc\\\/\"},\"author\":{\"name\":\"Adina C\u0103p\u00eelnean\",\"@id\":\"https:\\\/\\\/buletin.de\\\/bucuresti\\\/#\\\/schema\\\/person\\\/ab174cf6711728e4ee83d672acf9a912\"},\"headline\":\"A patra \u201es\u0103pt\u0103m\u00e2n\u0103 epidemic\u0103\u201d. Gripa \u0219i infec\u021biile respiratorii stagneaz\u0103, \u00een timp ce cazurile de rujeol\u0103 cresc\",\"datePublished\":\"2024-02-08T13:11:51+00:00\",\"dateModified\":\"2024-02-08T13:25:08+00:00\",\"mainEntityOfPage\":{\"@id\":\"https:\\\/\\\/buletin.de\\\/bucuresti\\\/a-patra-saptamana-epidemica-gripa-si-infectiile-respiratorii-stagneaza-in-timp-ce-cazurile-de-rujeola-cresc\\\/\"},\"wordCount\":778,\"publisher\":{\"@id\":\"https:\\\/\\\/buletin.de\\\/bucuresti\\\/#organization\"},\"image\":{\"@id\":\"https:\\\/\\\/buletin.de\\\/bucuresti\\\/a-patra-saptamana-epidemica-gripa-si-infectiile-respiratorii-stagneaza-in-timp-ce-cazurile-de-rujeola-cresc\\\/#primaryimage\"},\"thumbnailUrl\":\"https:\\\/\\\/buletin.de\\\/bucuresti\\\/wp-content\\\/uploads\\\/hu2ypu0vfq8-1.jpg\",\"keywords\":[\"alerta epidemiologic\",\"cazuri\",\"gripa\",\"infectii respiratorii\",\"rujeola\"],\"articleSection\":[\"Articole\",\"Main\",\"S\u0103n\u0103tate\"],\"inLanguage\":\"en-GB\",\"copyrightYear\":\"2024\",\"copyrightHolder\":{\"@id\":\"https:\\\/\\\/buletin.de\\\/bucuresti\\\/#organization\"}},{\"@type\":\"WebPage\",\"@id\":\"https:\\\/\\\/buletin.de\\\/bucuresti\\\/a-patra-saptamana-epidemica-gripa-si-infectiile-respiratorii-stagneaza-in-timp-ce-cazurile-de-rujeola-cresc\\\/\",\"url\":\"https:\\\/\\\/buletin.de\\\/bucuresti\\\/a-patra-saptamana-epidemica-gripa-si-infectiile-respiratorii-stagneaza-in-timp-ce-cazurile-de-rujeola-cresc\\\/\",\"name\":\"A patra \u201es\u0103pt\u0103m\u00e2n\u0103 epidemic\u0103\u201d. Gripa \u0219i infec\u021biile respiratorii stagneaz\u0103, \u00een timp ce cazurile de rujeol\u0103 cresc - Buletin de Bucure\u0219ti\",\"isPartOf\":{\"@id\":\"https:\\\/\\\/buletin.de\\\/bucuresti\\\/#website\"},\"primaryImageOfPage\":{\"@id\":\"https:\\\/\\\/buletin.de\\\/bucuresti\\\/a-patra-saptamana-epidemica-gripa-si-infectiile-respiratorii-stagneaza-in-timp-ce-cazurile-de-rujeola-cresc\\\/#primaryimage\"},\"image\":{\"@id\":\"https:\\\/\\\/buletin.de\\\/bucuresti\\\/a-patra-saptamana-epidemica-gripa-si-infectiile-respiratorii-stagneaza-in-timp-ce-cazurile-de-rujeola-cresc\\\/#primaryimage\"},\"thumbnailUrl\":\"https:\\\/\\\/buletin.de\\\/bucuresti\\\/wp-content\\\/uploads\\\/hu2ypu0vfq8-1.jpg\",\"datePublished\":\"2024-02-08T13:11:51+00:00\",\"dateModified\":\"2024-02-08T13:25:08+00:00\",\"breadcrumb\":{\"@id\":\"https:\\\/\\\/buletin.de\\\/bucuresti\\\/a-patra-saptamana-epidemica-gripa-si-infectiile-respiratorii-stagneaza-in-timp-ce-cazurile-de-rujeola-cresc\\\/#breadcrumb\"},\"inLanguage\":\"en-GB\",\"potentialAction\":[{\"@type\":\"ReadAction\",\"target\":[\"https:\\\/\\\/buletin.de\\\/bucuresti\\\/a-patra-saptamana-epidemica-gripa-si-infectiile-respiratorii-stagneaza-in-timp-ce-cazurile-de-rujeola-cresc\\\/\"]}]},{\"@type\":\"ImageObject\",\"inLanguage\":\"en-GB\",\"@id\":\"https:\\\/\\\/buletin.de\\\/bucuresti\\\/a-patra-saptamana-epidemica-gripa-si-infectiile-respiratorii-stagneaza-in-timp-ce-cazurile-de-rujeola-cresc\\\/#primaryimage\",\"url\":\"https:\\\/\\\/buletin.de\\\/bucuresti\\\/wp-content\\\/uploads\\\/hu2ypu0vfq8-1.jpg\",\"contentUrl\":\"https:\\\/\\\/buletin.de\\\/bucuresti\\\/wp-content\\\/uploads\\\/hu2ypu0vfq8-1.jpg\",\"width\":1456,\"height\":1200,\"caption\":\"Surs\u0103: Unsplash\"},{\"@type\":\"BreadcrumbList\",\"@id\":\"https:\\\/\\\/buletin.de\\\/bucuresti\\\/a-patra-saptamana-epidemica-gripa-si-infectiile-respiratorii-stagneaza-in-timp-ce-cazurile-de-rujeola-cresc\\\/#breadcrumb\",\"itemListElement\":[{\"@type\":\"ListItem\",\"position\":1,\"name\":\"Acas\u0103\",\"item\":\"https:\\\/\\\/buletin.de\\\/bucuresti\\\/\"},{\"@type\":\"ListItem\",\"position\":2,\"name\":\"A patra \u201es\u0103pt\u0103m\u00e2n\u0103 epidemic\u0103\u201d. Gripa \u0219i infec\u021biile respiratorii stagneaz\u0103, \u00een timp ce cazurile de rujeol\u0103 cresc\"}]},{\"@type\":\"WebSite\",\"@id\":\"https:\\\/\\\/buletin.de\\\/bucuresti\\\/#website\",\"url\":\"https:\\\/\\\/buletin.de\\\/bucuresti\\\/\",\"name\":\"Buletin de Bucure\u0219ti\",\"description\":\"\u0218tiri \u0219i investiga\u021bii esen\u021biale din capital\u0103\",\"publisher\":{\"@id\":\"https:\\\/\\\/buletin.de\\\/bucuresti\\\/#organization\"},\"potentialAction\":[{\"@type\":\"SearchAction\",\"target\":{\"@type\":\"EntryPoint\",\"urlTemplate\":\"https:\\\/\\\/buletin.de\\\/bucuresti\\\/?s={search_term_string}\"},\"query-input\":{\"@type\":\"PropertyValueSpecification\",\"valueRequired\":true,\"valueName\":\"search_term_string\"}}],\"inLanguage\":\"en-GB\"},{\"@type\":\"Organization\",\"@id\":\"https:\\\/\\\/buletin.de\\\/bucuresti\\\/#organization\",\"name\":\"Buletin de Bucure\u0219ti\",\"url\":\"https:\\\/\\\/buletin.de\\\/bucuresti\\\/\",\"logo\":{\"@type\":\"ImageObject\",\"inLanguage\":\"en-GB\",\"@id\":\"https:\\\/\\\/buletin.de\\\/bucuresti\\\/#\\\/schema\\\/logo\\\/image\\\/\",\"url\":\"https:\\\/\\\/buletin.de\\\/bucuresti\\\/wp-content\\\/uploads\\\/logo-bdb-full-wide-vernil-transparent.png\",\"contentUrl\":\"https:\\\/\\\/buletin.de\\\/bucuresti\\\/wp-content\\\/uploads\\\/logo-bdb-full-wide-vernil-transparent.png\",\"width\":1782,\"height\":626,\"caption\":\"Buletin de Bucure\u0219ti\"},\"image\":{\"@id\":\"https:\\\/\\\/buletin.de\\\/bucuresti\\\/#\\\/schema\\\/logo\\\/image\\\/\"},\"sameAs\":[\"https:\\\/\\\/www.facebook.com\\\/buletin.de.buc\",\"https:\\\/\\\/www.instagram.com\\\/buletinde.bucuresti\\\/\"]},{\"@type\":\"Person\",\"@id\":\"https:\\\/\\\/buletin.de\\\/bucuresti\\\/#\\\/schema\\\/person\\\/ab174cf6711728e4ee83d672acf9a912\",\"name\":\"Adina C\u0103p\u00eelnean\",\"image\":{\"@type\":\"ImageObject\",\"inLanguage\":\"en-GB\",\"@id\":\"https:\\\/\\\/secure.gravatar.com\\\/avatar\\\/4fe9675d6282fd7c1aa4e486a037d532d5728fc16a30360f293eb6126b2e73ad?s=96&d=monsterid&r=ge2b23868508aec3460d3c6a11d3b599a\",\"url\":\"https:\\\/\\\/secure.gravatar.com\\\/avatar\\\/4fe9675d6282fd7c1aa4e486a037d532d5728fc16a30360f293eb6126b2e73ad?s=96&d=monsterid&r=g\",\"contentUrl\":\"https:\\\/\\\/secure.gravatar.com\\\/avatar\\\/4fe9675d6282fd7c1aa4e486a037d532d5728fc16a30360f293eb6126b2e73ad?s=96&d=monsterid&r=g\",\"caption\":\"Adina C\u0103p\u00eelnean\"},\"url\":\"https:\\\/\\\/buletin.de\\\/bucuresti\\\/author\\\/adinacapilnean\\\/\"}]}<\/script>\n<!-- \/ Yoast SEO Premium plugin. -->","yoast_head_json":{"title":"A patra \u201es\u0103pt\u0103m\u00e2n\u0103 epidemic\u0103\u201d. Gripa \u0219i infec\u021biile respiratorii stagneaz\u0103, \u00een timp ce cazurile de rujeol\u0103 cresc - Buletin de Bucure\u0219ti","robots":{"index":"index","follow":"follow","max-snippet":"max-snippet:-1","max-image-preview":"max-image-preview:large","max-video-preview":"max-video-preview:-1"},"canonical":"https:\/\/buletin.de\/bucuresti\/a-patra-saptamana-epidemica-gripa-si-infectiile-respiratorii-stagneaza-in-timp-ce-cazurile-de-rujeola-cresc\/","og_locale":"en_GB","og_type":"article","og_title":"A patra \u201es\u0103pt\u0103m\u00e2n\u0103 epidemic\u0103\u201d. Gripa \u0219i infec\u021biile respiratorii stagneaz\u0103, \u00een timp ce cazurile de rujeol\u0103 cresc","og_description":"S\u0103pt\u0103m\u00e2na 29 ianuarie &#8211; 4 februarie este a patra \u201es\u0103pt\u0103m\u00e2n\u0103 epidemic\u0103\u201d succesiv\u0103 &#8211; o s\u0103pt\u0103m\u00e2n\u0103 \u00een care activitatea gripal\u0103 este pe pragul epidemic, peste nivelul mediu \u00eenregistrat \u00een ultimii 5 ani, conform defini\u021biilor oferite de c\u0103tre ministrul S\u0103n\u0103t\u0103\u021bii, Alexandru Rafila,&nbsp;\u00een cadrul unei conferin\u021be de anul trecut. Cazurile de grip\u0103 \u0219i infec\u021bii respiratorii se men\u021bin la [&hellip;]","og_url":"https:\/\/buletin.de\/bucuresti\/a-patra-saptamana-epidemica-gripa-si-infectiile-respiratorii-stagneaza-in-timp-ce-cazurile-de-rujeola-cresc\/","og_site_name":"Buletin de Bucure\u0219ti","article_publisher":"https:\/\/www.facebook.com\/buletin.de.buc","article_published_time":"2024-02-08T13:11:51+00:00","article_modified_time":"2024-02-08T13:25:08+00:00","og_image":[{"width":1456,"height":1200,"url":"https:\/\/buletin.de\/bucuresti\/wp-content\/uploads\/hu2ypu0vfq8-1.jpg","type":"image\/jpeg"}],"author":"Adina C\u0103p\u00eelnean","twitter_card":"summary_large_image","twitter_misc":{"Written by":"Adina C\u0103p\u00eelnean","Estimated reading time":"4 minutes"},"schema":{"@context":"https:\/\/schema.org","@graph":[{"@type":"Article","@id":"https:\/\/buletin.de\/bucuresti\/a-patra-saptamana-epidemica-gripa-si-infectiile-respiratorii-stagneaza-in-timp-ce-cazurile-de-rujeola-cresc\/#article","isPartOf":{"@id":"https:\/\/buletin.de\/bucuresti\/a-patra-saptamana-epidemica-gripa-si-infectiile-respiratorii-stagneaza-in-timp-ce-cazurile-de-rujeola-cresc\/"},"author":{"name":"Adina C\u0103p\u00eelnean","@id":"https:\/\/buletin.de\/bucuresti\/#\/schema\/person\/ab174cf6711728e4ee83d672acf9a912"},"headline":"A patra \u201es\u0103pt\u0103m\u00e2n\u0103 epidemic\u0103\u201d. Gripa \u0219i infec\u021biile respiratorii stagneaz\u0103, \u00een timp ce cazurile de rujeol\u0103 cresc","datePublished":"2024-02-08T13:11:51+00:00","dateModified":"2024-02-08T13:25:08+00:00","mainEntityOfPage":{"@id":"https:\/\/buletin.de\/bucuresti\/a-patra-saptamana-epidemica-gripa-si-infectiile-respiratorii-stagneaza-in-timp-ce-cazurile-de-rujeola-cresc\/"},"wordCount":778,"publisher":{"@id":"https:\/\/buletin.de\/bucuresti\/#organization"},"image":{"@id":"https:\/\/buletin.de\/bucuresti\/a-patra-saptamana-epidemica-gripa-si-infectiile-respiratorii-stagneaza-in-timp-ce-cazurile-de-rujeola-cresc\/#primaryimage"},"thumbnailUrl":"https:\/\/buletin.de\/bucuresti\/wp-content\/uploads\/hu2ypu0vfq8-1.jpg","keywords":["alerta epidemiologic","cazuri","gripa","infectii respiratorii","rujeola"],"articleSection":["Articole","Main","S\u0103n\u0103tate"],"inLanguage":"en-GB","copyrightYear":"2024","copyrightHolder":{"@id":"https:\/\/buletin.de\/bucuresti\/#organization"}},{"@type":"WebPage","@id":"https:\/\/buletin.de\/bucuresti\/a-patra-saptamana-epidemica-gripa-si-infectiile-respiratorii-stagneaza-in-timp-ce-cazurile-de-rujeola-cresc\/","url":"https:\/\/buletin.de\/bucuresti\/a-patra-saptamana-epidemica-gripa-si-infectiile-respiratorii-stagneaza-in-timp-ce-cazurile-de-rujeola-cresc\/","name":"A patra \u201es\u0103pt\u0103m\u00e2n\u0103 epidemic\u0103\u201d. Gripa \u0219i infec\u021biile respiratorii stagneaz\u0103, \u00een timp ce cazurile de rujeol\u0103 cresc - Buletin de Bucure\u0219ti","isPartOf":{"@id":"https:\/\/buletin.de\/bucuresti\/#website"},"primaryImageOfPage":{"@id":"https:\/\/buletin.de\/bucuresti\/a-patra-saptamana-epidemica-gripa-si-infectiile-respiratorii-stagneaza-in-timp-ce-cazurile-de-rujeola-cresc\/#primaryimage"},"image":{"@id":"https:\/\/buletin.de\/bucuresti\/a-patra-saptamana-epidemica-gripa-si-infectiile-respiratorii-stagneaza-in-timp-ce-cazurile-de-rujeola-cresc\/#primaryimage"},"thumbnailUrl":"https:\/\/buletin.de\/bucuresti\/wp-content\/uploads\/hu2ypu0vfq8-1.jpg","datePublished":"2024-02-08T13:11:51+00:00","dateModified":"2024-02-08T13:25:08+00:00","breadcrumb":{"@id":"https:\/\/buletin.de\/bucuresti\/a-patra-saptamana-epidemica-gripa-si-infectiile-respiratorii-stagneaza-in-timp-ce-cazurile-de-rujeola-cresc\/#breadcrumb"},"inLanguage":"en-GB","potentialAction":[{"@type":"ReadAction","target":["https:\/\/buletin.de\/bucuresti\/a-patra-saptamana-epidemica-gripa-si-infectiile-respiratorii-stagneaza-in-timp-ce-cazurile-de-rujeola-cresc\/"]}]},{"@type":"ImageObject","inLanguage":"en-GB","@id":"https:\/\/buletin.de\/bucuresti\/a-patra-saptamana-epidemica-gripa-si-infectiile-respiratorii-stagneaza-in-timp-ce-cazurile-de-rujeola-cresc\/#primaryimage","url":"https:\/\/buletin.de\/bucuresti\/wp-content\/uploads\/hu2ypu0vfq8-1.jpg","contentUrl":"https:\/\/buletin.de\/bucuresti\/wp-content\/uploads\/hu2ypu0vfq8-1.jpg","width":1456,"height":1200,"caption":"Surs\u0103: Unsplash"},{"@type":"BreadcrumbList","@id":"https:\/\/buletin.de\/bucuresti\/a-patra-saptamana-epidemica-gripa-si-infectiile-respiratorii-stagneaza-in-timp-ce-cazurile-de-rujeola-cresc\/#breadcrumb","itemListElement":[{"@type":"ListItem","position":1,"name":"Acas\u0103","item":"https:\/\/buletin.de\/bucuresti\/"},{"@type":"ListItem","position":2,"name":"A patra \u201es\u0103pt\u0103m\u00e2n\u0103 epidemic\u0103\u201d. Gripa \u0219i infec\u021biile respiratorii stagneaz\u0103, \u00een timp ce cazurile de rujeol\u0103 cresc"}]},{"@type":"WebSite","@id":"https:\/\/buletin.de\/bucuresti\/#website","url":"https:\/\/buletin.de\/bucuresti\/","name":"Buletin de Bucure\u0219ti","description":"\u0218tiri \u0219i investiga\u021bii esen\u021biale din capital\u0103","publisher":{"@id":"https:\/\/buletin.de\/bucuresti\/#organization"},"potentialAction":[{"@type":"SearchAction","target":{"@type":"EntryPoint","urlTemplate":"https:\/\/buletin.de\/bucuresti\/?s={search_term_string}"},"query-input":{"@type":"PropertyValueSpecification","valueRequired":true,"valueName":"search_term_string"}}],"inLanguage":"en-GB"},{"@type":"Organization","@id":"https:\/\/buletin.de\/bucuresti\/#organization","name":"Buletin de Bucure\u0219ti","url":"https:\/\/buletin.de\/bucuresti\/","logo":{"@type":"ImageObject","inLanguage":"en-GB","@id":"https:\/\/buletin.de\/bucuresti\/#\/schema\/logo\/image\/","url":"https:\/\/buletin.de\/bucuresti\/wp-content\/uploads\/logo-bdb-full-wide-vernil-transparent.png","contentUrl":"https:\/\/buletin.de\/bucuresti\/wp-content\/uploads\/logo-bdb-full-wide-vernil-transparent.png","width":1782,"height":626,"caption":"Buletin de Bucure\u0219ti"},"image":{"@id":"https:\/\/buletin.de\/bucuresti\/#\/schema\/logo\/image\/"},"sameAs":["https:\/\/www.facebook.com\/buletin.de.buc","https:\/\/www.instagram.com\/buletinde.bucuresti\/"]},{"@type":"Person","@id":"https:\/\/buletin.de\/bucuresti\/#\/schema\/person\/ab174cf6711728e4ee83d672acf9a912","name":"Adina C\u0103p\u00eelnean","image":{"@type":"ImageObject","inLanguage":"en-GB","@id":"https:\/\/secure.gravatar.com\/avatar\/4fe9675d6282fd7c1aa4e486a037d532d5728fc16a30360f293eb6126b2e73ad?s=96&d=monsterid&r=ge2b23868508aec3460d3c6a11d3b599a","url":"https:\/\/secure.gravatar.com\/avatar\/4fe9675d6282fd7c1aa4e486a037d532d5728fc16a30360f293eb6126b2e73ad?s=96&d=monsterid&r=g","contentUrl":"https:\/\/secure.gravatar.com\/avatar\/4fe9675d6282fd7c1aa4e486a037d532d5728fc16a30360f293eb6126b2e73ad?s=96&d=monsterid&r=g","caption":"Adina C\u0103p\u00eelnean"},"url":"https:\/\/buletin.de\/bucuresti\/author\/adinacapilnean\/"}]}},"authors":[{"term_id":22580,"user_id":47,"is_guest":0,"slug":"adinacapilnean","display_name":"Adina C\u0103p\u00eelnean","avatar_url":"https:\/\/secure.gravatar.com\/avatar\/4fe9675d6282fd7c1aa4e486a037d532d5728fc16a30360f293eb6126b2e73ad?s=96&d=monsterid&r=g","0":null,"1":"","2":"","3":"","4":"","5":"","6":"","7":"","8":""}],"_links":{"self":[{"href":"https:\/\/buletin.de\/bucuresti\/wp-json\/wp\/v2\/posts\/76623","targetHints":{"allow":["GET"]}}],"collection":[{"href":"https:\/\/buletin.de\/bucuresti\/wp-json\/wp\/v2\/posts"}],"about":[{"href":"https:\/\/buletin.de\/bucuresti\/wp-json\/wp\/v2\/types\/post"}],"author":[{"embeddable":true,"href":"https:\/\/buletin.de\/bucuresti\/wp-json\/wp\/v2\/users\/47"}],"replies":[{"embeddable":true,"href":"https:\/\/buletin.de\/bucuresti\/wp-json\/wp\/v2\/comments?post=76623"}],"version-history":[{"count":4,"href":"https:\/\/buletin.de\/bucuresti\/wp-json\/wp\/v2\/posts\/76623\/revisions"}],"predecessor-version":[{"id":76652,"href":"https:\/\/buletin.de\/bucuresti\/wp-json\/wp\/v2\/posts\/76623\/revisions\/76652"}],"wp:featuredmedia":[{"embeddable":true,"href":"https:\/\/buletin.de\/bucuresti\/wp-json\/wp\/v2\/media\/76642"}],"wp:attachment":[{"href":"https:\/\/buletin.de\/bucuresti\/wp-json\/wp\/v2\/media?parent=76623"}],"wp:term":[{"taxonomy":"category","embeddable":true,"href":"https:\/\/buletin.de\/bucuresti\/wp-json\/wp\/v2\/categories?post=76623"},{"taxonomy":"post_tag","embeddable":true,"href":"https:\/\/buletin.de\/bucuresti\/wp-json\/wp\/v2\/tags?post=76623"},{"taxonomy":"author","embeddable":true,"href":"https:\/\/buletin.de\/bucuresti\/wp-json\/wp\/v2\/ppma_author?post=76623"}],"curies":[{"name":"wp","href":"https:\/\/api.w.org\/{rel}","templated":true}]}}