{"id":76604,"date":"2024-02-08T12:21:37","date_gmt":"2024-02-08T10:21:37","guid":{"rendered":"https:\/\/buletin.de\/bucuresti\/?p=76604"},"modified":"2024-02-08T12:22:41","modified_gmt":"2024-02-08T10:22:41","slug":"incendiatorul-de-la-amanet-prins-de-politisti-dupa-o-perchezitie","status":"publish","type":"post","link":"https:\/\/buletin.de\/bucuresti\/incendiatorul-de-la-amanet-prins-de-politisti-dupa-o-perchezitie\/","title":{"rendered":"Incendiatorul de la amanetul din Dristor, prins de poli\u0163i\u015fti dup\u0103 o perchezi\u0163ie"},"content":{"rendered":"\n<p><strong>A fost prins un suspect \u00een cazul tentativei de incendiere de la o cas\u0103 de amanet din Dristor, de acum o lun\u0103. Este vorba de un b\u0103rbat de 31 de ani, a c\u0103rui cas\u0103 a fost perchezi\u0163ionat\u0103, iar poli\u0163i\u015ftii au g\u0103sit indicii care \u00eel incrimineaz\u0103.<\/strong><\/p>\n\n\n\n<p>Conform Poli\u0163iei, faptele s-au derulat \u00een urm\u0103torul fel: <em>\u00cen incinta punctului de lucru al casei de amanet, care era deschis publicului, \u00een timpul orelor de program, ar fi p\u0103truns un b\u0103rbat, cu fa\u021ba par\u021bial acoperit\u0103, av\u00e2nd asupra lui o sticl\u0103 cu o substan\u021b\u0103 inflamabil\u0103. B\u0103rbatul \u00een cauz\u0103 ar fi introdus gura sticlei prin geamul de mici dimensiuni, destinat servirii clien\u021bilor \u0219i l-ar fi stropit pe angajat cu substan\u021b\u0103 pe fa\u021b\u0103 \u0219i pe corp, dup\u0103 care ar fi adresat un mesaj de amenin\u021bare la adresa persoanelor<\/em>.<\/p>\n\n\n\n<blockquote class=\"wp-block-quote is-layout-flow wp-block-quote-is-layout-flow\">\n<p class=\"has-medium-font-size\">\u00cen vederea prob\u0103rii activit\u0103\u021bii infrac\u021bionale a b\u0103nuitului, la data de 7 februarie 2024, a fost pus \u00een executare un mandat de perchezi\u021bie domiciliar\u0103, fiind identificate \u0219i ridicate mai multe obiecte de interes \u00een cauz\u0103.<\/p>\n<cite>comunicatul poli\u0163iei capitalei<\/cite><\/blockquote>\n\n\n\n<p>Dup\u0103 perchezi\u0163ii, suspectul a fost dus la audieri \u015fi, \u00een urma probatoriului administrat, a fost re\u0163inut pentru 24 de ore. Procurorii vor decide dac\u0103 vor cere arestarea sa \u00een fa\u0163a unei instan\u0163e. <\/p>\n\n\n\n<p>Cercet\u0103rile sunt continuate de c\u0103tre poli\u021bi\u0219ti din cadrul Sec\u021biei 12 Poli\u021bie, sub supravegherea Parchetului de pe l\u00e2ng\u0103 Judec\u0103toria Sectorului 3, sub aspectul s\u0103v\u00e2r\u0219irii infrac\u021biunilor de tentativ\u0103 la t\u00e2lh\u0103rie calificat\u0103 \u0219i tentativ\u0103 la distrugere prin incendiere.<\/p>\n\n\n\n<p><\/p>\n\n\n\n<p><strong>CITE\u015eTE \u015eI:<\/strong><\/p>\n\n\n\n<figure class=\"wp-block-embed is-type-wp-embed is-provider-buletin-de-bucure-ti wp-block-embed-buletin-de-bucure-ti\"><div class=\"wp-block-embed__wrapper\">\n<blockquote class=\"wp-embedded-content\" data-secret=\"a22sTJ3Bjr\"><a href=\"https:\/\/buletin.de\/bucuresti\/video-atac-la-o-casa-de-amanet-din-dristor-un-barbat-mascat-a-stropit-ghiseul-cu-benzina-si-a-incercat-sa-dea-foc\/\">VIDEO | Atac la o cas\u0103 de amanet din Dristor: un b\u0103rbat mascat a stropit ghi\u015feul cu benzin\u0103 \u015fi a \u00eencercat s\u0103 dea foc<\/a><\/blockquote><iframe class=\"wp-embedded-content\" sandbox=\"allow-scripts\" security=\"restricted\" style=\"position: absolute; clip: rect(1px, 1px, 1px, 1px);\" title=\"&#8220;VIDEO | Atac la o cas\u0103 de amanet din Dristor: un b\u0103rbat mascat a stropit ghi\u015feul cu benzin\u0103 \u015fi a \u00eencercat s\u0103 dea foc&#8221; &#8212; Buletin de Bucure\u0219ti\" src=\"https:\/\/buletin.de\/bucuresti\/video-atac-la-o-casa-de-amanet-din-dristor-un-barbat-mascat-a-stropit-ghiseul-cu-benzina-si-a-incercat-sa-dea-foc\/embed\/#?secret=4cdAQJNirw#?secret=a22sTJ3Bjr\" data-secret=\"a22sTJ3Bjr\" width=\"600\" height=\"338\" frameborder=\"0\" marginwidth=\"0\" marginheight=\"0\" scrolling=\"no\"><\/iframe>\n<\/div><\/figure>\n","protected":false},"excerpt":{"rendered":"<p>A fost prins un suspect \u00een cazul tentativei de incendiere de la o cas\u0103 de amanet din Dristor, de acum o lun\u0103. Este vorba de un b\u0103rbat de 31 de ani, a c\u0103rui cas\u0103 a fost perchezi\u0163ionat\u0103, iar poli\u0163i\u015ftii au g\u0103sit indicii care \u00eel incrimineaz\u0103. Conform Poli\u0163iei, faptele s-au derulat \u00een urm\u0103torul fel: \u00cen incinta [&hellip;]<\/p>\n","protected":false},"author":8,"featured_media":76605,"comment_status":"closed","ping_status":"open","sticky":false,"template":"","format":"standard","meta":{"_acf_changed":false,"inline_featured_image":false,"ngg_post_thumbnail":0,"footnotes":""},"categories":[6994,9026,62],"tags":[9623,9622,9621],"ppma_author":[22586],"class_list":["post-76604","post","type-post","status-publish","format-standard","has-post-thumbnail","hentry","category-stiri-2","category-eveniment","category-stiri","tag-atac-amanet","tag-cocktail-molotov-amanet","tag-incendiator-amanet"],"acf":[],"yoast_head":"<!-- This site is optimized with the Yoast SEO Premium plugin v25.3 (Yoast SEO v27.5) - https:\/\/yoast.com\/product\/yoast-seo-premium-wordpress\/ -->\n<title>Incendiatorul de la amanetul din Dristor, prins de poli\u0163i\u015fti dup\u0103 o perchezi\u0163ie - Buletin de Bucure\u0219ti<\/title>\n<meta name=\"robots\" content=\"index, follow, max-snippet:-1, max-image-preview:large, max-video-preview:-1\" \/>\n<link rel=\"canonical\" href=\"https:\/\/buletin.de\/bucuresti\/incendiatorul-de-la-amanet-prins-de-politisti-dupa-o-perchezitie\/\" \/>\n<meta property=\"og:locale\" content=\"en_GB\" \/>\n<meta property=\"og:type\" content=\"article\" \/>\n<meta property=\"og:title\" content=\"Incendiatorul de la amanetul din Dristor, prins de poli\u0163i\u015fti dup\u0103 o perchezi\u0163ie\" \/>\n<meta property=\"og:description\" content=\"A fost prins un suspect \u00een cazul tentativei de incendiere de la o cas\u0103 de amanet din Dristor, de acum o lun\u0103. Este vorba de un b\u0103rbat de 31 de ani, a c\u0103rui cas\u0103 a fost perchezi\u0163ionat\u0103, iar poli\u0163i\u015ftii au g\u0103sit indicii care \u00eel incrimineaz\u0103. Conform Poli\u0163iei, faptele s-au derulat \u00een urm\u0103torul fel: \u00cen incinta [&hellip;]\" \/>\n<meta property=\"og:url\" content=\"https:\/\/buletin.de\/bucuresti\/incendiatorul-de-la-amanet-prins-de-politisti-dupa-o-perchezitie\/\" \/>\n<meta property=\"og:site_name\" content=\"Buletin de Bucure\u0219ti\" \/>\n<meta property=\"article:publisher\" content=\"https:\/\/www.facebook.com\/buletin.de.buc\" \/>\n<meta property=\"article:published_time\" content=\"2024-02-08T10:21:37+00:00\" \/>\n<meta property=\"article:modified_time\" content=\"2024-02-08T10:22:41+00:00\" \/>\n<meta property=\"og:image\" content=\"https:\/\/buletin.de\/bucuresti\/wp-content\/uploads\/incendiator-amanet-retinut-900x486.png\" \/>\n\t<meta property=\"og:image:width\" content=\"900\" \/>\n\t<meta property=\"og:image:height\" content=\"486\" \/>\n\t<meta property=\"og:image:type\" content=\"image\/png\" \/>\n<meta name=\"author\" content=\"Ionu\u021b Lepa\" \/>\n<meta name=\"twitter:card\" content=\"summary_large_image\" \/>\n<meta name=\"twitter:label1\" content=\"Written by\" \/>\n\t<meta name=\"twitter:data1\" content=\"Ionu\u021b Lepa\" \/>\n\t<meta name=\"twitter:label2\" content=\"Estimated reading time\" \/>\n\t<meta name=\"twitter:data2\" content=\"1 minute\" \/>\n<script type=\"application\/ld+json\" class=\"yoast-schema-graph\">{\"@context\":\"https:\\\/\\\/schema.org\",\"@graph\":[{\"@type\":\"Article\",\"@id\":\"https:\\\/\\\/buletin.de\\\/bucuresti\\\/incendiatorul-de-la-amanet-prins-de-politisti-dupa-o-perchezitie\\\/#article\",\"isPartOf\":{\"@id\":\"https:\\\/\\\/buletin.de\\\/bucuresti\\\/incendiatorul-de-la-amanet-prins-de-politisti-dupa-o-perchezitie\\\/\"},\"author\":{\"name\":\"Ionu\u021b Lepa\",\"@id\":\"https:\\\/\\\/buletin.de\\\/bucuresti\\\/#\\\/schema\\\/person\\\/5272b8a057b33890940b57b837fc4ce6\"},\"headline\":\"Incendiatorul de la amanetul din Dristor, prins de poli\u0163i\u015fti dup\u0103 o perchezi\u0163ie\",\"datePublished\":\"2024-02-08T10:21:37+00:00\",\"dateModified\":\"2024-02-08T10:22:41+00:00\",\"mainEntityOfPage\":{\"@id\":\"https:\\\/\\\/buletin.de\\\/bucuresti\\\/incendiatorul-de-la-amanet-prins-de-politisti-dupa-o-perchezitie\\\/\"},\"wordCount\":291,\"publisher\":{\"@id\":\"https:\\\/\\\/buletin.de\\\/bucuresti\\\/#organization\"},\"image\":{\"@id\":\"https:\\\/\\\/buletin.de\\\/bucuresti\\\/incendiatorul-de-la-amanet-prins-de-politisti-dupa-o-perchezitie\\\/#primaryimage\"},\"thumbnailUrl\":\"https:\\\/\\\/buletin.de\\\/bucuresti\\\/wp-content\\\/uploads\\\/incendiator-amanet-retinut.png\",\"keywords\":[\"atac amanet\",\"cocktail molotov amanet\",\"incendiator amanet\"],\"articleSection\":[\"Articole\",\"Eveniment\",\"\u0218tiri\"],\"inLanguage\":\"en-GB\",\"copyrightYear\":\"2024\",\"copyrightHolder\":{\"@id\":\"https:\\\/\\\/buletin.de\\\/bucuresti\\\/#organization\"}},{\"@type\":\"WebPage\",\"@id\":\"https:\\\/\\\/buletin.de\\\/bucuresti\\\/incendiatorul-de-la-amanet-prins-de-politisti-dupa-o-perchezitie\\\/\",\"url\":\"https:\\\/\\\/buletin.de\\\/bucuresti\\\/incendiatorul-de-la-amanet-prins-de-politisti-dupa-o-perchezitie\\\/\",\"name\":\"Incendiatorul de la amanetul din Dristor, prins de poli\u0163i\u015fti dup\u0103 o perchezi\u0163ie - Buletin de Bucure\u0219ti\",\"isPartOf\":{\"@id\":\"https:\\\/\\\/buletin.de\\\/bucuresti\\\/#website\"},\"primaryImageOfPage\":{\"@id\":\"https:\\\/\\\/buletin.de\\\/bucuresti\\\/incendiatorul-de-la-amanet-prins-de-politisti-dupa-o-perchezitie\\\/#primaryimage\"},\"image\":{\"@id\":\"https:\\\/\\\/buletin.de\\\/bucuresti\\\/incendiatorul-de-la-amanet-prins-de-politisti-dupa-o-perchezitie\\\/#primaryimage\"},\"thumbnailUrl\":\"https:\\\/\\\/buletin.de\\\/bucuresti\\\/wp-content\\\/uploads\\\/incendiator-amanet-retinut.png\",\"datePublished\":\"2024-02-08T10:21:37+00:00\",\"dateModified\":\"2024-02-08T10:22:41+00:00\",\"breadcrumb\":{\"@id\":\"https:\\\/\\\/buletin.de\\\/bucuresti\\\/incendiatorul-de-la-amanet-prins-de-politisti-dupa-o-perchezitie\\\/#breadcrumb\"},\"inLanguage\":\"en-GB\",\"potentialAction\":[{\"@type\":\"ReadAction\",\"target\":[\"https:\\\/\\\/buletin.de\\\/bucuresti\\\/incendiatorul-de-la-amanet-prins-de-politisti-dupa-o-perchezitie\\\/\"]}]},{\"@type\":\"ImageObject\",\"inLanguage\":\"en-GB\",\"@id\":\"https:\\\/\\\/buletin.de\\\/bucuresti\\\/incendiatorul-de-la-amanet-prins-de-politisti-dupa-o-perchezitie\\\/#primaryimage\",\"url\":\"https:\\\/\\\/buletin.de\\\/bucuresti\\\/wp-content\\\/uploads\\\/incendiator-amanet-retinut.png\",\"contentUrl\":\"https:\\\/\\\/buletin.de\\\/bucuresti\\\/wp-content\\\/uploads\\\/incendiator-amanet-retinut.png\",\"width\":1545,\"height\":834,\"caption\":\"FOTO amator\"},{\"@type\":\"BreadcrumbList\",\"@id\":\"https:\\\/\\\/buletin.de\\\/bucuresti\\\/incendiatorul-de-la-amanet-prins-de-politisti-dupa-o-perchezitie\\\/#breadcrumb\",\"itemListElement\":[{\"@type\":\"ListItem\",\"position\":1,\"name\":\"Acas\u0103\",\"item\":\"https:\\\/\\\/buletin.de\\\/bucuresti\\\/\"},{\"@type\":\"ListItem\",\"position\":2,\"name\":\"Incendiatorul de la amanetul din Dristor, prins de poli\u0163i\u015fti dup\u0103 o perchezi\u0163ie\"}]},{\"@type\":\"WebSite\",\"@id\":\"https:\\\/\\\/buletin.de\\\/bucuresti\\\/#website\",\"url\":\"https:\\\/\\\/buletin.de\\\/bucuresti\\\/\",\"name\":\"Buletin de Bucure\u0219ti\",\"description\":\"\u0218tiri \u0219i investiga\u021bii esen\u021biale din capital\u0103\",\"publisher\":{\"@id\":\"https:\\\/\\\/buletin.de\\\/bucuresti\\\/#organization\"},\"potentialAction\":[{\"@type\":\"SearchAction\",\"target\":{\"@type\":\"EntryPoint\",\"urlTemplate\":\"https:\\\/\\\/buletin.de\\\/bucuresti\\\/?s={search_term_string}\"},\"query-input\":{\"@type\":\"PropertyValueSpecification\",\"valueRequired\":true,\"valueName\":\"search_term_string\"}}],\"inLanguage\":\"en-GB\"},{\"@type\":\"Organization\",\"@id\":\"https:\\\/\\\/buletin.de\\\/bucuresti\\\/#organization\",\"name\":\"Buletin de Bucure\u0219ti\",\"url\":\"https:\\\/\\\/buletin.de\\\/bucuresti\\\/\",\"logo\":{\"@type\":\"ImageObject\",\"inLanguage\":\"en-GB\",\"@id\":\"https:\\\/\\\/buletin.de\\\/bucuresti\\\/#\\\/schema\\\/logo\\\/image\\\/\",\"url\":\"https:\\\/\\\/buletin.de\\\/bucuresti\\\/wp-content\\\/uploads\\\/logo-bdb-full-wide-vernil-transparent.png\",\"contentUrl\":\"https:\\\/\\\/buletin.de\\\/bucuresti\\\/wp-content\\\/uploads\\\/logo-bdb-full-wide-vernil-transparent.png\",\"width\":1782,\"height\":626,\"caption\":\"Buletin de Bucure\u0219ti\"},\"image\":{\"@id\":\"https:\\\/\\\/buletin.de\\\/bucuresti\\\/#\\\/schema\\\/logo\\\/image\\\/\"},\"sameAs\":[\"https:\\\/\\\/www.facebook.com\\\/buletin.de.buc\",\"https:\\\/\\\/www.instagram.com\\\/buletinde.bucuresti\\\/\"]},{\"@type\":\"Person\",\"@id\":\"https:\\\/\\\/buletin.de\\\/bucuresti\\\/#\\\/schema\\\/person\\\/5272b8a057b33890940b57b837fc4ce6\",\"name\":\"Ionu\u021b Lepa\",\"image\":{\"@type\":\"ImageObject\",\"inLanguage\":\"en-GB\",\"@id\":\"https:\\\/\\\/buletin.de\\\/bucuresti\\\/wp-content\\\/uploads\\\/Ionut-Lepa-96x96.jpg5c4e4d9e049808799a8821652d2410a4\",\"url\":\"https:\\\/\\\/buletin.de\\\/bucuresti\\\/wp-content\\\/uploads\\\/Ionut-Lepa-96x96.jpg\",\"contentUrl\":\"https:\\\/\\\/buletin.de\\\/bucuresti\\\/wp-content\\\/uploads\\\/Ionut-Lepa-96x96.jpg\",\"caption\":\"Ionu\u021b Lepa\"},\"url\":\"https:\\\/\\\/buletin.de\\\/bucuresti\\\/author\\\/ionutlepa\\\/\"}]}<\/script>\n<!-- \/ Yoast SEO Premium plugin. -->","yoast_head_json":{"title":"Incendiatorul de la amanetul din Dristor, prins de poli\u0163i\u015fti dup\u0103 o perchezi\u0163ie - Buletin de Bucure\u0219ti","robots":{"index":"index","follow":"follow","max-snippet":"max-snippet:-1","max-image-preview":"max-image-preview:large","max-video-preview":"max-video-preview:-1"},"canonical":"https:\/\/buletin.de\/bucuresti\/incendiatorul-de-la-amanet-prins-de-politisti-dupa-o-perchezitie\/","og_locale":"en_GB","og_type":"article","og_title":"Incendiatorul de la amanetul din Dristor, prins de poli\u0163i\u015fti dup\u0103 o perchezi\u0163ie","og_description":"A fost prins un suspect \u00een cazul tentativei de incendiere de la o cas\u0103 de amanet din Dristor, de acum o lun\u0103. Este vorba de un b\u0103rbat de 31 de ani, a c\u0103rui cas\u0103 a fost perchezi\u0163ionat\u0103, iar poli\u0163i\u015ftii au g\u0103sit indicii care \u00eel incrimineaz\u0103. Conform Poli\u0163iei, faptele s-au derulat \u00een urm\u0103torul fel: \u00cen incinta [&hellip;]","og_url":"https:\/\/buletin.de\/bucuresti\/incendiatorul-de-la-amanet-prins-de-politisti-dupa-o-perchezitie\/","og_site_name":"Buletin de Bucure\u0219ti","article_publisher":"https:\/\/www.facebook.com\/buletin.de.buc","article_published_time":"2024-02-08T10:21:37+00:00","article_modified_time":"2024-02-08T10:22:41+00:00","og_image":[{"width":900,"height":486,"url":"https:\/\/buletin.de\/bucuresti\/wp-content\/uploads\/incendiator-amanet-retinut-900x486.png","type":"image\/png"}],"author":"Ionu\u021b Lepa","twitter_card":"summary_large_image","twitter_misc":{"Written by":"Ionu\u021b Lepa","Estimated reading time":"1 minute"},"schema":{"@context":"https:\/\/schema.org","@graph":[{"@type":"Article","@id":"https:\/\/buletin.de\/bucuresti\/incendiatorul-de-la-amanet-prins-de-politisti-dupa-o-perchezitie\/#article","isPartOf":{"@id":"https:\/\/buletin.de\/bucuresti\/incendiatorul-de-la-amanet-prins-de-politisti-dupa-o-perchezitie\/"},"author":{"name":"Ionu\u021b Lepa","@id":"https:\/\/buletin.de\/bucuresti\/#\/schema\/person\/5272b8a057b33890940b57b837fc4ce6"},"headline":"Incendiatorul de la amanetul din Dristor, prins de poli\u0163i\u015fti dup\u0103 o perchezi\u0163ie","datePublished":"2024-02-08T10:21:37+00:00","dateModified":"2024-02-08T10:22:41+00:00","mainEntityOfPage":{"@id":"https:\/\/buletin.de\/bucuresti\/incendiatorul-de-la-amanet-prins-de-politisti-dupa-o-perchezitie\/"},"wordCount":291,"publisher":{"@id":"https:\/\/buletin.de\/bucuresti\/#organization"},"image":{"@id":"https:\/\/buletin.de\/bucuresti\/incendiatorul-de-la-amanet-prins-de-politisti-dupa-o-perchezitie\/#primaryimage"},"thumbnailUrl":"https:\/\/buletin.de\/bucuresti\/wp-content\/uploads\/incendiator-amanet-retinut.png","keywords":["atac amanet","cocktail molotov amanet","incendiator amanet"],"articleSection":["Articole","Eveniment","\u0218tiri"],"inLanguage":"en-GB","copyrightYear":"2024","copyrightHolder":{"@id":"https:\/\/buletin.de\/bucuresti\/#organization"}},{"@type":"WebPage","@id":"https:\/\/buletin.de\/bucuresti\/incendiatorul-de-la-amanet-prins-de-politisti-dupa-o-perchezitie\/","url":"https:\/\/buletin.de\/bucuresti\/incendiatorul-de-la-amanet-prins-de-politisti-dupa-o-perchezitie\/","name":"Incendiatorul de la amanetul din Dristor, prins de poli\u0163i\u015fti dup\u0103 o perchezi\u0163ie - Buletin de Bucure\u0219ti","isPartOf":{"@id":"https:\/\/buletin.de\/bucuresti\/#website"},"primaryImageOfPage":{"@id":"https:\/\/buletin.de\/bucuresti\/incendiatorul-de-la-amanet-prins-de-politisti-dupa-o-perchezitie\/#primaryimage"},"image":{"@id":"https:\/\/buletin.de\/bucuresti\/incendiatorul-de-la-amanet-prins-de-politisti-dupa-o-perchezitie\/#primaryimage"},"thumbnailUrl":"https:\/\/buletin.de\/bucuresti\/wp-content\/uploads\/incendiator-amanet-retinut.png","datePublished":"2024-02-08T10:21:37+00:00","dateModified":"2024-02-08T10:22:41+00:00","breadcrumb":{"@id":"https:\/\/buletin.de\/bucuresti\/incendiatorul-de-la-amanet-prins-de-politisti-dupa-o-perchezitie\/#breadcrumb"},"inLanguage":"en-GB","potentialAction":[{"@type":"ReadAction","target":["https:\/\/buletin.de\/bucuresti\/incendiatorul-de-la-amanet-prins-de-politisti-dupa-o-perchezitie\/"]}]},{"@type":"ImageObject","inLanguage":"en-GB","@id":"https:\/\/buletin.de\/bucuresti\/incendiatorul-de-la-amanet-prins-de-politisti-dupa-o-perchezitie\/#primaryimage","url":"https:\/\/buletin.de\/bucuresti\/wp-content\/uploads\/incendiator-amanet-retinut.png","contentUrl":"https:\/\/buletin.de\/bucuresti\/wp-content\/uploads\/incendiator-amanet-retinut.png","width":1545,"height":834,"caption":"FOTO amator"},{"@type":"BreadcrumbList","@id":"https:\/\/buletin.de\/bucuresti\/incendiatorul-de-la-amanet-prins-de-politisti-dupa-o-perchezitie\/#breadcrumb","itemListElement":[{"@type":"ListItem","position":1,"name":"Acas\u0103","item":"https:\/\/buletin.de\/bucuresti\/"},{"@type":"ListItem","position":2,"name":"Incendiatorul de la amanetul din Dristor, prins de poli\u0163i\u015fti dup\u0103 o perchezi\u0163ie"}]},{"@type":"WebSite","@id":"https:\/\/buletin.de\/bucuresti\/#website","url":"https:\/\/buletin.de\/bucuresti\/","name":"Buletin de Bucure\u0219ti","description":"\u0218tiri \u0219i investiga\u021bii esen\u021biale din capital\u0103","publisher":{"@id":"https:\/\/buletin.de\/bucuresti\/#organization"},"potentialAction":[{"@type":"SearchAction","target":{"@type":"EntryPoint","urlTemplate":"https:\/\/buletin.de\/bucuresti\/?s={search_term_string}"},"query-input":{"@type":"PropertyValueSpecification","valueRequired":true,"valueName":"search_term_string"}}],"inLanguage":"en-GB"},{"@type":"Organization","@id":"https:\/\/buletin.de\/bucuresti\/#organization","name":"Buletin de Bucure\u0219ti","url":"https:\/\/buletin.de\/bucuresti\/","logo":{"@type":"ImageObject","inLanguage":"en-GB","@id":"https:\/\/buletin.de\/bucuresti\/#\/schema\/logo\/image\/","url":"https:\/\/buletin.de\/bucuresti\/wp-content\/uploads\/logo-bdb-full-wide-vernil-transparent.png","contentUrl":"https:\/\/buletin.de\/bucuresti\/wp-content\/uploads\/logo-bdb-full-wide-vernil-transparent.png","width":1782,"height":626,"caption":"Buletin de Bucure\u0219ti"},"image":{"@id":"https:\/\/buletin.de\/bucuresti\/#\/schema\/logo\/image\/"},"sameAs":["https:\/\/www.facebook.com\/buletin.de.buc","https:\/\/www.instagram.com\/buletinde.bucuresti\/"]},{"@type":"Person","@id":"https:\/\/buletin.de\/bucuresti\/#\/schema\/person\/5272b8a057b33890940b57b837fc4ce6","name":"Ionu\u021b Lepa","image":{"@type":"ImageObject","inLanguage":"en-GB","@id":"https:\/\/buletin.de\/bucuresti\/wp-content\/uploads\/Ionut-Lepa-96x96.jpg5c4e4d9e049808799a8821652d2410a4","url":"https:\/\/buletin.de\/bucuresti\/wp-content\/uploads\/Ionut-Lepa-96x96.jpg","contentUrl":"https:\/\/buletin.de\/bucuresti\/wp-content\/uploads\/Ionut-Lepa-96x96.jpg","caption":"Ionu\u021b Lepa"},"url":"https:\/\/buletin.de\/bucuresti\/author\/ionutlepa\/"}]}},"authors":[{"term_id":22586,"user_id":8,"is_guest":0,"slug":"ionutlepa","display_name":"Ionu\u021b Lepa","avatar_url":"https:\/\/buletin.de\/bucuresti\/wp-content\/uploads\/Ionut-Lepa-96x96.jpg","0":null,"1":"","2":"","3":"","4":"","5":"","6":"","7":"","8":""}],"_links":{"self":[{"href":"https:\/\/buletin.de\/bucuresti\/wp-json\/wp\/v2\/posts\/76604","targetHints":{"allow":["GET"]}}],"collection":[{"href":"https:\/\/buletin.de\/bucuresti\/wp-json\/wp\/v2\/posts"}],"about":[{"href":"https:\/\/buletin.de\/bucuresti\/wp-json\/wp\/v2\/types\/post"}],"author":[{"embeddable":true,"href":"https:\/\/buletin.de\/bucuresti\/wp-json\/wp\/v2\/users\/8"}],"replies":[{"embeddable":true,"href":"https:\/\/buletin.de\/bucuresti\/wp-json\/wp\/v2\/comments?post=76604"}],"version-history":[{"count":2,"href":"https:\/\/buletin.de\/bucuresti\/wp-json\/wp\/v2\/posts\/76604\/revisions"}],"predecessor-version":[{"id":76609,"href":"https:\/\/buletin.de\/bucuresti\/wp-json\/wp\/v2\/posts\/76604\/revisions\/76609"}],"wp:featuredmedia":[{"embeddable":true,"href":"https:\/\/buletin.de\/bucuresti\/wp-json\/wp\/v2\/media\/76605"}],"wp:attachment":[{"href":"https:\/\/buletin.de\/bucuresti\/wp-json\/wp\/v2\/media?parent=76604"}],"wp:term":[{"taxonomy":"category","embeddable":true,"href":"https:\/\/buletin.de\/bucuresti\/wp-json\/wp\/v2\/categories?post=76604"},{"taxonomy":"post_tag","embeddable":true,"href":"https:\/\/buletin.de\/bucuresti\/wp-json\/wp\/v2\/tags?post=76604"},{"taxonomy":"author","embeddable":true,"href":"https:\/\/buletin.de\/bucuresti\/wp-json\/wp\/v2\/ppma_author?post=76604"}],"curies":[{"name":"wp","href":"https:\/\/api.w.org\/{rel}","templated":true}]}}