{"id":76601,"date":"2024-02-08T13:13:47","date_gmt":"2024-02-08T11:13:47","guid":{"rendered":"https:\/\/buletin.de\/bucuresti\/?p=76601"},"modified":"2024-02-08T13:13:48","modified_gmt":"2024-02-08T11:13:48","slug":"termoficare-conducte-schimbate-pe-inca-6-6-kilometri-zona-santierului-langa-bretelele-de-legatura-ale-podului-grant","status":"publish","type":"post","link":"https:\/\/buletin.de\/bucuresti\/termoficare-conducte-schimbate-pe-inca-6-6-kilometri-zona-santierului-langa-bretelele-de-legatura-ale-podului-grant\/","title":{"rendered":"TERMOFICARE | Conducte schimbate pe \u00eenc\u0103 6.6 kilometri. Zona \u015fantierului, l\u00e2ng\u0103 bretelele de leg\u0103tur\u0103 ale Podului Grant"},"content":{"rendered":"\n<p><strong>Primarul Capitalei, Nicu\u0219or Dan, anun\u021b\u0103 \u00eenceperea lucr\u0103rilor pentru reabilitarea a \u00eenc\u0103 6,6 kilometri de conduct\u0103 cu finan\u021bare din fonduri europene. Cel de-al zecelea \u0219antier deschis se afl\u0103 \u00een zona bretelelor de leg\u0103tur\u0103 ale Podului Grant, potrivit unei post\u0103ri de Facebook a edilului.<\/strong><\/p>\n\n\n\n<p>Cei 6,6 kilometri apar\u021bin Magistralei II-III Groz\u0103ve\u0219ti \u0219i deservesc artere importante din sectoarele 1 \u0219i 6, precum: Bd. Iancu de Hunedoara, Bd. Gheorghe Duca, Bd. Alexandru Ioan Cuza, Bd. Ion Mihalache, Bd. Mare\u0219al Alexandru Averescu, Calea Grivi\u021bei, Calea Giule\u0219ti \u0219i Calea Plevnei, dar \u0219i str\u0103zile adiacente acestora.<\/p>\n\n\n<div class=\"wp-block-image\">\n<figure class=\"aligncenter size-large\"><img fetchpriority=\"high\" decoding=\"async\" width=\"900\" height=\"675\" src=\"data:image\/gif;base64,R0lGODlhAQABAAAAACH5BAEKAAEALAAAAAABAAEAAAICTAEAOw==\" data-src=\"https:\/\/buletin.de\/bucuresti\/wp-content\/uploads\/Termoficare-900x675.jpg\" alt=\"\" class=\"wp-image-76616 lazyload\" data-sizes=\"auto\" data-srcset=\"https:\/\/buletin.de\/bucuresti\/wp-content\/uploads\/Termoficare-900x675.jpg 900w, https:\/\/buletin.de\/bucuresti\/wp-content\/uploads\/Termoficare-300x225.jpg 300w, https:\/\/buletin.de\/bucuresti\/wp-content\/uploads\/Termoficare-768x576.jpg 768w, https:\/\/buletin.de\/bucuresti\/wp-content\/uploads\/Termoficare-600x450.jpg 600w, https:\/\/buletin.de\/bucuresti\/wp-content\/uploads\/Termoficare-20x15.jpg 20w, https:\/\/buletin.de\/bucuresti\/wp-content\/uploads\/Termoficare.jpg 1024w\" sizes=\"(max-width: 900px) 100vw, 900px\" \/><\/figure>\n<\/div>\n\n\n<p>Acesta este obiectivul 11 din cele 25 finan\u021bate prin fonduri europene. La finalul anului 2022, Prim\u0103ria Capitalei a semnat contractele pentru lucr\u0103ri de termoficare pe o distan\u021b\u0103 de peste 200 de kilometri de conducte, de pe<a href=\"https:\/\/buletin.de\/bucuresti\/primul-santier-pentru-reabilitarea-a-210-km-de-retea-de-termoficare-cu-finantare-europeana-pe-bd-1-decembrie\/\">\u00a0cinci magistrale principale<\/a>. Valoarea contractelor este de aproximativ 260 de milioane de euro, din care 200 de milioane euro fonduri nerambursabile prin Programul Opera\u0163ional Infrastructur\u0103 Mare (POIM).<\/p>\n\n\n\n<figure class=\"wp-block-gallery has-nested-images columns-default is-cropped wp-block-gallery-1 is-layout-flex wp-block-gallery-is-layout-flex\">\n<figure class=\"wp-block-image size-large\"><img decoding=\"async\" width=\"900\" height=\"675\" data-id=\"76611\" src=\"data:image\/gif;base64,R0lGODlhAQABAAAAACH5BAEKAAEALAAAAAABAAEAAAICTAEAOw==\" data-src=\"https:\/\/buletin.de\/bucuresti\/wp-content\/uploads\/Termoficare-2-1-900x675.jpg\" alt=\"\" class=\"wp-image-76611 lazyload\" data-sizes=\"auto\" data-srcset=\"https:\/\/buletin.de\/bucuresti\/wp-content\/uploads\/Termoficare-2-1-900x675.jpg 900w, https:\/\/buletin.de\/bucuresti\/wp-content\/uploads\/Termoficare-2-1-300x225.jpg 300w, https:\/\/buletin.de\/bucuresti\/wp-content\/uploads\/Termoficare-2-1-768x576.jpg 768w, https:\/\/buletin.de\/bucuresti\/wp-content\/uploads\/Termoficare-2-1-600x450.jpg 600w, https:\/\/buletin.de\/bucuresti\/wp-content\/uploads\/Termoficare-2-1-20x15.jpg 20w, https:\/\/buletin.de\/bucuresti\/wp-content\/uploads\/Termoficare-2-1.jpg 1024w\" sizes=\"(max-width: 900px) 100vw, 900px\" \/><\/figure>\n\n\n\n<figure class=\"wp-block-image size-large\"><img decoding=\"async\" width=\"675\" height=\"900\" data-id=\"76613\" src=\"data:image\/gif;base64,R0lGODlhAQABAAAAACH5BAEKAAEALAAAAAABAAEAAAICTAEAOw==\" data-src=\"https:\/\/buletin.de\/bucuresti\/wp-content\/uploads\/Conducta-2-675x900.jpg\" alt=\"\" class=\"wp-image-76613 lazyload\" data-sizes=\"auto\" data-srcset=\"https:\/\/buletin.de\/bucuresti\/wp-content\/uploads\/Conducta-2-675x900.jpg 675w, https:\/\/buletin.de\/bucuresti\/wp-content\/uploads\/Conducta-2-225x300.jpg 225w, https:\/\/buletin.de\/bucuresti\/wp-content\/uploads\/Conducta-2-600x800.jpg 600w, https:\/\/buletin.de\/bucuresti\/wp-content\/uploads\/Conducta-2-20x27.jpg 20w, https:\/\/buletin.de\/bucuresti\/wp-content\/uploads\/Conducta-2.jpg 768w\" sizes=\"(max-width: 675px) 100vw, 675px\" \/><\/figure>\n<\/figure>\n\n\n\n<p><a href=\"http:\/\/-a-210-km-din-reteaua-de-termoficare-a-bucurestiului-au-fost-atribuite\/\">Cele cinci contracte au fost c\u00e2\u0219tigate de c\u0103tre urm\u0103toarele firme:<\/a><\/p>\n\n\n\n<ul class=\"wp-block-list\">\n<li>\u201eMagistrala II Sud: Asocierea Elsaco Electronic SRL \u2013 SC Sicor SRL \u2013 SC Energomontaj SA, av\u00e2nd subcontractan\u0163i pe ADREM Engineering SRL \u015fi RDC General Contractor SRL \u2013 valoare 300.187.509 lei;<\/li>\n\n\n\n<li>Magistrala II-III Groz\u0103ve\u015fti: Asocierea Elsaco Electronic SRL \u2013 SC Sicor SRL \u2013 SC Energomontaj SA, av\u00e2nd subcontractan\u0163i pe ADREM Engineering SRL \u015fi RDC General Contractor SRL \u2013 valoare 168.150.000 lei;<\/li>\n\n\n\n<li>Magistrala V Groz\u0103ve\u015fti: Asocierea Construc\u0163ii Erba\u015fu SA \u2013 Consix Construc\u0163ii SRL, av\u00e2nd subcontractan\u0163i Erba\u015fu Edil Construct SA, Erba\u015fu Total Construct SA \u015fi Elsaco Electronic SRL \u2013 valoare de 257.313.061 lei;<\/li>\n<\/ul>\n\n\n\n<ul class=\"wp-block-list\">\n<li>Magistrala Progresu \u2013 Berceni: Asocierea Construc\u0163ii Erba\u015fu SA \u2013 Consix Construc\u0163ii SRL, av\u00e2nd subcontractan\u0163i Erba\u015fu Edil Construct SA, Erba\u015fu Total Construct SA \u015fi Elsaco Electronic SRL \u2013 valoare de 315.951.133 lei;<\/li>\n\n\n\n<li>Magistrala II Sud, II-III Groz\u0103ve\u015fti, V Groz\u0103ve\u015fti, Progresu \u2013 Berceni, II Vest, I-II-III Vest: Asocierea Energomontaj \u2013 SC Elsaco Electronic SRL \u2013 Sicor SRL \u2013 IPCT Instala\u0163ii SRL, av\u00e2nd subcontractant pe RDS General Contractor SRL \u2013 valoare 268.600.000 lei\u201d, potrivit G4Media.<\/li>\n<\/ul>\n\n\n\n<p>Lucr\u0103rile pentru modernizarea celor 210 kilometri din re\u021beaua de termoficare<a href=\"https:\/\/buletin.de\/bucuresti\/nicusor-dan-despre-proiectul-de-modernizare-al-celor-210-km-din-reteaua-de-termoficare-e-de-asteptat-sa-terminam-in-4-ani\/\"> ar trebui s\u0103 fie gata \u00een urm\u0103torii patru ani<\/a>, a declarat primarul general \u00eentr-un interviu acordat TVR Info.<\/p>\n\n\n\n<p><\/p>\n\n\n\n<p><strong>CITE\u0218TE \u0218I:<\/strong><\/p>\n\n\n\n<figure class=\"wp-block-embed is-type-wp-embed is-provider-buletin-de-bucure-ti wp-block-embed-buletin-de-bucure-ti\"><div class=\"wp-block-embed__wrapper\">\n<blockquote class=\"wp-embedded-content\" data-secret=\"yeqM0WitFK\"><a href=\"https:\/\/buletin.de\/bucuresti\/termoficare-din-9-292-de-imobile-doar-doua-sunt-afectate-de-avarii-si-alte-97-primesc-agent-termic-sub-parametri-n-dan-sistemul-se-comporta-bine\/\">TERMOFICARE | Din 9.292 de imobile doar dou\u0103 sunt afectate de avarii \u0219i alte 97 primesc agent termic sub parametri. N. Dan: \u201eSistemul se comport\u0103 bine\u201c<\/a><\/blockquote><iframe class=\"wp-embedded-content\" sandbox=\"allow-scripts\" security=\"restricted\" style=\"position: absolute; clip: rect(1px, 1px, 1px, 1px);\" title=\"&#8220;TERMOFICARE | Din 9.292 de imobile doar dou\u0103 sunt afectate de avarii \u0219i alte 97 primesc agent termic sub parametri. N. Dan: \u201eSistemul se comport\u0103 bine\u201c&#8221; &#8212; Buletin de Bucure\u0219ti\" src=\"https:\/\/buletin.de\/bucuresti\/termoficare-din-9-292-de-imobile-doar-doua-sunt-afectate-de-avarii-si-alte-97-primesc-agent-termic-sub-parametri-n-dan-sistemul-se-comporta-bine\/embed\/#?secret=SOm3TrDYQE#?secret=yeqM0WitFK\" data-secret=\"yeqM0WitFK\" width=\"600\" height=\"338\" frameborder=\"0\" marginwidth=\"0\" marginheight=\"0\" scrolling=\"no\"><\/iframe>\n<\/div><\/figure>\n\n\n\n<figure class=\"wp-block-embed is-type-wp-embed is-provider-buletin-de-bucure-ti wp-block-embed-buletin-de-bucure-ti\"><div class=\"wp-block-embed__wrapper\">\n<blockquote class=\"wp-embedded-content\" data-secret=\"Nqgr3qU9b6\"><a href=\"https:\/\/buletin.de\/bucuresti\/modernizarea-sistemului-de-termoficare-votata-in-consiliul-general\/\">Modernizarea sistemului de termoficare, votat\u0103 \u00een Consiliul General<\/a><\/blockquote><iframe class=\"wp-embedded-content\" sandbox=\"allow-scripts\" security=\"restricted\" style=\"position: absolute; clip: rect(1px, 1px, 1px, 1px);\" title=\"&#8220;Modernizarea sistemului de termoficare, votat\u0103 \u00een Consiliul General&#8221; &#8212; Buletin de Bucure\u0219ti\" src=\"https:\/\/buletin.de\/bucuresti\/modernizarea-sistemului-de-termoficare-votata-in-consiliul-general\/embed\/#?secret=IOZnAi9oYb#?secret=Nqgr3qU9b6\" data-secret=\"Nqgr3qU9b6\" width=\"600\" height=\"338\" frameborder=\"0\" marginwidth=\"0\" marginheight=\"0\" scrolling=\"no\"><\/iframe>\n<\/div><\/figure>\n","protected":false},"excerpt":{"rendered":"<p>Primarul Capitalei, Nicu\u0219or Dan, anun\u021b\u0103 \u00eenceperea lucr\u0103rilor pentru reabilitarea a \u00eenc\u0103 6,6 kilometri de conduct\u0103 cu finan\u021bare din fonduri europene. Cel de-al zecelea \u0219antier deschis se afl\u0103 \u00een zona bretelelor de leg\u0103tur\u0103 ale Podului Grant, potrivit unei post\u0103ri de Facebook a edilului. Cei 6,6 kilometri apar\u021bin Magistralei II-III Groz\u0103ve\u0219ti \u0219i deservesc artere importante din sectoarele [&hellip;]<\/p>\n","protected":false},"author":55,"featured_media":76615,"comment_status":"closed","ping_status":"open","sticky":false,"template":"","format":"standard","meta":{"_acf_changed":false,"inline_featured_image":false,"ngg_post_thumbnail":0,"footnotes":""},"categories":[6994,5762,24],"tags":[1960,9626,9625,9624,423],"ppma_author":[22573],"class_list":["post-76601","post","type-post","status-publish","format-standard","has-post-thumbnail","hentry","category-stiri-2","category-main","category-primarie","tag-avarii","tag-bani-europeni","tag-conducte-inlocuite","tag-lucrari-de-modernizare-a-sistemului-de-termoficare","tag-termoficare-bucuresti"],"acf":[],"yoast_head":"<!-- This site is optimized with the Yoast SEO Premium plugin v25.3 (Yoast SEO v27.5) - https:\/\/yoast.com\/product\/yoast-seo-premium-wordpress\/ -->\n<title>TERMOFICARE | Conducte schimbate pe \u00eenc\u0103 6.6 kilometri. Zona \u015fantierului, l\u00e2ng\u0103 bretelele de leg\u0103tur\u0103 ale Podului Grant - Buletin de Bucure\u0219ti<\/title>\n<meta name=\"robots\" content=\"index, follow, max-snippet:-1, max-image-preview:large, max-video-preview:-1\" \/>\n<link rel=\"canonical\" href=\"https:\/\/buletin.de\/bucuresti\/termoficare-conducte-schimbate-pe-inca-6-6-kilometri-zona-santierului-langa-bretelele-de-legatura-ale-podului-grant\/\" \/>\n<meta property=\"og:locale\" content=\"en_GB\" \/>\n<meta property=\"og:type\" content=\"article\" \/>\n<meta property=\"og:title\" content=\"TERMOFICARE | Conducte schimbate pe \u00eenc\u0103 6.6 kilometri. Zona \u015fantierului, l\u00e2ng\u0103 bretelele de leg\u0103tur\u0103 ale Podului Grant\" \/>\n<meta property=\"og:description\" content=\"Primarul Capitalei, Nicu\u0219or Dan, anun\u021b\u0103 \u00eenceperea lucr\u0103rilor pentru reabilitarea a \u00eenc\u0103 6,6 kilometri de conduct\u0103 cu finan\u021bare din fonduri europene. Cel de-al zecelea \u0219antier deschis se afl\u0103 \u00een zona bretelelor de leg\u0103tur\u0103 ale Podului Grant, potrivit unei post\u0103ri de Facebook a edilului. Cei 6,6 kilometri apar\u021bin Magistralei II-III Groz\u0103ve\u0219ti \u0219i deservesc artere importante din sectoarele [&hellip;]\" \/>\n<meta property=\"og:url\" content=\"https:\/\/buletin.de\/bucuresti\/termoficare-conducte-schimbate-pe-inca-6-6-kilometri-zona-santierului-langa-bretelele-de-legatura-ale-podului-grant\/\" \/>\n<meta property=\"og:site_name\" content=\"Buletin de Bucure\u0219ti\" \/>\n<meta property=\"article:publisher\" content=\"https:\/\/www.facebook.com\/buletin.de.buc\" \/>\n<meta property=\"article:published_time\" content=\"2024-02-08T11:13:47+00:00\" \/>\n<meta property=\"article:modified_time\" content=\"2024-02-08T11:13:48+00:00\" \/>\n<meta property=\"og:image\" content=\"https:\/\/buletin.de\/bucuresti\/wp-content\/uploads\/SANTIER.jpg\" \/>\n\t<meta property=\"og:image:width\" content=\"1024\" \/>\n\t<meta property=\"og:image:height\" content=\"768\" \/>\n\t<meta property=\"og:image:type\" content=\"image\/jpeg\" \/>\n<meta name=\"author\" content=\"Andreea Tudor\" \/>\n<meta name=\"twitter:card\" content=\"summary_large_image\" \/>\n<meta name=\"twitter:label1\" content=\"Written by\" \/>\n\t<meta name=\"twitter:data1\" content=\"Andreea Tudor\" \/>\n\t<meta name=\"twitter:label2\" content=\"Estimated reading time\" \/>\n\t<meta name=\"twitter:data2\" content=\"2 minutes\" \/>\n<script type=\"application\/ld+json\" class=\"yoast-schema-graph\">{\"@context\":\"https:\\\/\\\/schema.org\",\"@graph\":[{\"@type\":\"Article\",\"@id\":\"https:\\\/\\\/buletin.de\\\/bucuresti\\\/termoficare-conducte-schimbate-pe-inca-6-6-kilometri-zona-santierului-langa-bretelele-de-legatura-ale-podului-grant\\\/#article\",\"isPartOf\":{\"@id\":\"https:\\\/\\\/buletin.de\\\/bucuresti\\\/termoficare-conducte-schimbate-pe-inca-6-6-kilometri-zona-santierului-langa-bretelele-de-legatura-ale-podului-grant\\\/\"},\"author\":{\"name\":\"Andreea Tudor\",\"@id\":\"https:\\\/\\\/buletin.de\\\/bucuresti\\\/#\\\/schema\\\/person\\\/150590659efde715459d159da012f501\"},\"headline\":\"TERMOFICARE | Conducte schimbate pe \u00eenc\u0103 6.6 kilometri. Zona \u015fantierului, l\u00e2ng\u0103 bretelele de leg\u0103tur\u0103 ale Podului Grant\",\"datePublished\":\"2024-02-08T11:13:47+00:00\",\"dateModified\":\"2024-02-08T11:13:48+00:00\",\"mainEntityOfPage\":{\"@id\":\"https:\\\/\\\/buletin.de\\\/bucuresti\\\/termoficare-conducte-schimbate-pe-inca-6-6-kilometri-zona-santierului-langa-bretelele-de-legatura-ale-podului-grant\\\/\"},\"wordCount\":404,\"publisher\":{\"@id\":\"https:\\\/\\\/buletin.de\\\/bucuresti\\\/#organization\"},\"image\":{\"@id\":\"https:\\\/\\\/buletin.de\\\/bucuresti\\\/termoficare-conducte-schimbate-pe-inca-6-6-kilometri-zona-santierului-langa-bretelele-de-legatura-ale-podului-grant\\\/#primaryimage\"},\"thumbnailUrl\":\"https:\\\/\\\/buletin.de\\\/bucuresti\\\/wp-content\\\/uploads\\\/SANTIER.jpg\",\"keywords\":[\"avarii\",\"bani europeni\",\"conducte \u00eenlocuite\",\"lucr\u0103ri de modernizare a sistemului de termoficare\",\"termoficare bucuresti\"],\"articleSection\":[\"Articole\",\"Main\",\"Prim\u0103rie\"],\"inLanguage\":\"en-GB\",\"copyrightYear\":\"2024\",\"copyrightHolder\":{\"@id\":\"https:\\\/\\\/buletin.de\\\/bucuresti\\\/#organization\"}},{\"@type\":\"WebPage\",\"@id\":\"https:\\\/\\\/buletin.de\\\/bucuresti\\\/termoficare-conducte-schimbate-pe-inca-6-6-kilometri-zona-santierului-langa-bretelele-de-legatura-ale-podului-grant\\\/\",\"url\":\"https:\\\/\\\/buletin.de\\\/bucuresti\\\/termoficare-conducte-schimbate-pe-inca-6-6-kilometri-zona-santierului-langa-bretelele-de-legatura-ale-podului-grant\\\/\",\"name\":\"TERMOFICARE | Conducte schimbate pe \u00eenc\u0103 6.6 kilometri. Zona \u015fantierului, l\u00e2ng\u0103 bretelele de leg\u0103tur\u0103 ale Podului Grant - Buletin de Bucure\u0219ti\",\"isPartOf\":{\"@id\":\"https:\\\/\\\/buletin.de\\\/bucuresti\\\/#website\"},\"primaryImageOfPage\":{\"@id\":\"https:\\\/\\\/buletin.de\\\/bucuresti\\\/termoficare-conducte-schimbate-pe-inca-6-6-kilometri-zona-santierului-langa-bretelele-de-legatura-ale-podului-grant\\\/#primaryimage\"},\"image\":{\"@id\":\"https:\\\/\\\/buletin.de\\\/bucuresti\\\/termoficare-conducte-schimbate-pe-inca-6-6-kilometri-zona-santierului-langa-bretelele-de-legatura-ale-podului-grant\\\/#primaryimage\"},\"thumbnailUrl\":\"https:\\\/\\\/buletin.de\\\/bucuresti\\\/wp-content\\\/uploads\\\/SANTIER.jpg\",\"datePublished\":\"2024-02-08T11:13:47+00:00\",\"dateModified\":\"2024-02-08T11:13:48+00:00\",\"breadcrumb\":{\"@id\":\"https:\\\/\\\/buletin.de\\\/bucuresti\\\/termoficare-conducte-schimbate-pe-inca-6-6-kilometri-zona-santierului-langa-bretelele-de-legatura-ale-podului-grant\\\/#breadcrumb\"},\"inLanguage\":\"en-GB\",\"potentialAction\":[{\"@type\":\"ReadAction\",\"target\":[\"https:\\\/\\\/buletin.de\\\/bucuresti\\\/termoficare-conducte-schimbate-pe-inca-6-6-kilometri-zona-santierului-langa-bretelele-de-legatura-ale-podului-grant\\\/\"]}]},{\"@type\":\"ImageObject\",\"inLanguage\":\"en-GB\",\"@id\":\"https:\\\/\\\/buletin.de\\\/bucuresti\\\/termoficare-conducte-schimbate-pe-inca-6-6-kilometri-zona-santierului-langa-bretelele-de-legatura-ale-podului-grant\\\/#primaryimage\",\"url\":\"https:\\\/\\\/buletin.de\\\/bucuresti\\\/wp-content\\\/uploads\\\/SANTIER.jpg\",\"contentUrl\":\"https:\\\/\\\/buletin.de\\\/bucuresti\\\/wp-content\\\/uploads\\\/SANTIER.jpg\",\"width\":1024,\"height\":768,\"caption\":\"FOTO: FB\\\/ Nicu\u0219or Dan\"},{\"@type\":\"BreadcrumbList\",\"@id\":\"https:\\\/\\\/buletin.de\\\/bucuresti\\\/termoficare-conducte-schimbate-pe-inca-6-6-kilometri-zona-santierului-langa-bretelele-de-legatura-ale-podului-grant\\\/#breadcrumb\",\"itemListElement\":[{\"@type\":\"ListItem\",\"position\":1,\"name\":\"Acas\u0103\",\"item\":\"https:\\\/\\\/buletin.de\\\/bucuresti\\\/\"},{\"@type\":\"ListItem\",\"position\":2,\"name\":\"TERMOFICARE | Conducte schimbate pe \u00eenc\u0103 6.6 kilometri. Zona \u015fantierului, l\u00e2ng\u0103 bretelele de leg\u0103tur\u0103 ale Podului Grant\"}]},{\"@type\":\"WebSite\",\"@id\":\"https:\\\/\\\/buletin.de\\\/bucuresti\\\/#website\",\"url\":\"https:\\\/\\\/buletin.de\\\/bucuresti\\\/\",\"name\":\"Buletin de Bucure\u0219ti\",\"description\":\"\u0218tiri \u0219i investiga\u021bii esen\u021biale din capital\u0103\",\"publisher\":{\"@id\":\"https:\\\/\\\/buletin.de\\\/bucuresti\\\/#organization\"},\"potentialAction\":[{\"@type\":\"SearchAction\",\"target\":{\"@type\":\"EntryPoint\",\"urlTemplate\":\"https:\\\/\\\/buletin.de\\\/bucuresti\\\/?s={search_term_string}\"},\"query-input\":{\"@type\":\"PropertyValueSpecification\",\"valueRequired\":true,\"valueName\":\"search_term_string\"}}],\"inLanguage\":\"en-GB\"},{\"@type\":\"Organization\",\"@id\":\"https:\\\/\\\/buletin.de\\\/bucuresti\\\/#organization\",\"name\":\"Buletin de Bucure\u0219ti\",\"url\":\"https:\\\/\\\/buletin.de\\\/bucuresti\\\/\",\"logo\":{\"@type\":\"ImageObject\",\"inLanguage\":\"en-GB\",\"@id\":\"https:\\\/\\\/buletin.de\\\/bucuresti\\\/#\\\/schema\\\/logo\\\/image\\\/\",\"url\":\"https:\\\/\\\/buletin.de\\\/bucuresti\\\/wp-content\\\/uploads\\\/logo-bdb-full-wide-vernil-transparent.png\",\"contentUrl\":\"https:\\\/\\\/buletin.de\\\/bucuresti\\\/wp-content\\\/uploads\\\/logo-bdb-full-wide-vernil-transparent.png\",\"width\":1782,\"height\":626,\"caption\":\"Buletin de Bucure\u0219ti\"},\"image\":{\"@id\":\"https:\\\/\\\/buletin.de\\\/bucuresti\\\/#\\\/schema\\\/logo\\\/image\\\/\"},\"sameAs\":[\"https:\\\/\\\/www.facebook.com\\\/buletin.de.buc\",\"https:\\\/\\\/www.instagram.com\\\/buletinde.bucuresti\\\/\"]},{\"@type\":\"Person\",\"@id\":\"https:\\\/\\\/buletin.de\\\/bucuresti\\\/#\\\/schema\\\/person\\\/150590659efde715459d159da012f501\",\"name\":\"Andreea Tudor\",\"image\":{\"@type\":\"ImageObject\",\"inLanguage\":\"en-GB\",\"@id\":\"https:\\\/\\\/secure.gravatar.com\\\/avatar\\\/a88705a186ab0b67f3349bcbced506c09e37256fbaad0e7f3bd1a79b4599f589?s=96&d=monsterid&r=g79290610aa1a65c2b86eebc2ca5aee8f\",\"url\":\"https:\\\/\\\/secure.gravatar.com\\\/avatar\\\/a88705a186ab0b67f3349bcbced506c09e37256fbaad0e7f3bd1a79b4599f589?s=96&d=monsterid&r=g\",\"contentUrl\":\"https:\\\/\\\/secure.gravatar.com\\\/avatar\\\/a88705a186ab0b67f3349bcbced506c09e37256fbaad0e7f3bd1a79b4599f589?s=96&d=monsterid&r=g\",\"caption\":\"Andreea Tudor\"},\"description\":\"N\u0103scut\u0103 \u0219i crescut\u0103 \u00een Bucure\u0219ti, sus\u021bin\u0103toare a presei independente. A\u0219a am ajuns redactor la Buletin de Bucure\u0219ti. Fiind eu, \u00eens\u0103mi, parte a sistemului de \u00eenv\u0103\u021b\u0103m\u00e2nt rom\u00e2nesc \u0219i pasionat\u0103 de domeniul social, pun sub lup\u0103 tot ceea ce se \u00eent\u00e2mpl\u0103 \u00een sfera educa\u021biei. Cred cu t\u0103rie c\u0103 presa \u201epentru cet\u0103\u021beni\u201d este presa independent\u0103. Oamenii au nevoie de o informare corect\u0103 pentru a \u00een\u021belege pe deplin ce se \u00eent\u00e2mpl\u0103 \u00een jurul lor \u0219i pentru a lua ac\u021biune \u00eempotriva nedrept\u0103\u021bilor.\",\"url\":\"https:\\\/\\\/buletin.de\\\/bucuresti\\\/author\\\/andreeatudor\\\/\"}]}<\/script>\n<!-- \/ Yoast SEO Premium plugin. -->","yoast_head_json":{"title":"TERMOFICARE | Conducte schimbate pe \u00eenc\u0103 6.6 kilometri. Zona \u015fantierului, l\u00e2ng\u0103 bretelele de leg\u0103tur\u0103 ale Podului Grant - Buletin de Bucure\u0219ti","robots":{"index":"index","follow":"follow","max-snippet":"max-snippet:-1","max-image-preview":"max-image-preview:large","max-video-preview":"max-video-preview:-1"},"canonical":"https:\/\/buletin.de\/bucuresti\/termoficare-conducte-schimbate-pe-inca-6-6-kilometri-zona-santierului-langa-bretelele-de-legatura-ale-podului-grant\/","og_locale":"en_GB","og_type":"article","og_title":"TERMOFICARE | Conducte schimbate pe \u00eenc\u0103 6.6 kilometri. Zona \u015fantierului, l\u00e2ng\u0103 bretelele de leg\u0103tur\u0103 ale Podului Grant","og_description":"Primarul Capitalei, Nicu\u0219or Dan, anun\u021b\u0103 \u00eenceperea lucr\u0103rilor pentru reabilitarea a \u00eenc\u0103 6,6 kilometri de conduct\u0103 cu finan\u021bare din fonduri europene. Cel de-al zecelea \u0219antier deschis se afl\u0103 \u00een zona bretelelor de leg\u0103tur\u0103 ale Podului Grant, potrivit unei post\u0103ri de Facebook a edilului. Cei 6,6 kilometri apar\u021bin Magistralei II-III Groz\u0103ve\u0219ti \u0219i deservesc artere importante din sectoarele [&hellip;]","og_url":"https:\/\/buletin.de\/bucuresti\/termoficare-conducte-schimbate-pe-inca-6-6-kilometri-zona-santierului-langa-bretelele-de-legatura-ale-podului-grant\/","og_site_name":"Buletin de Bucure\u0219ti","article_publisher":"https:\/\/www.facebook.com\/buletin.de.buc","article_published_time":"2024-02-08T11:13:47+00:00","article_modified_time":"2024-02-08T11:13:48+00:00","og_image":[{"width":1024,"height":768,"url":"https:\/\/buletin.de\/bucuresti\/wp-content\/uploads\/SANTIER.jpg","type":"image\/jpeg"}],"author":"Andreea Tudor","twitter_card":"summary_large_image","twitter_misc":{"Written by":"Andreea Tudor","Estimated reading time":"2 minutes"},"schema":{"@context":"https:\/\/schema.org","@graph":[{"@type":"Article","@id":"https:\/\/buletin.de\/bucuresti\/termoficare-conducte-schimbate-pe-inca-6-6-kilometri-zona-santierului-langa-bretelele-de-legatura-ale-podului-grant\/#article","isPartOf":{"@id":"https:\/\/buletin.de\/bucuresti\/termoficare-conducte-schimbate-pe-inca-6-6-kilometri-zona-santierului-langa-bretelele-de-legatura-ale-podului-grant\/"},"author":{"name":"Andreea Tudor","@id":"https:\/\/buletin.de\/bucuresti\/#\/schema\/person\/150590659efde715459d159da012f501"},"headline":"TERMOFICARE | Conducte schimbate pe \u00eenc\u0103 6.6 kilometri. Zona \u015fantierului, l\u00e2ng\u0103 bretelele de leg\u0103tur\u0103 ale Podului Grant","datePublished":"2024-02-08T11:13:47+00:00","dateModified":"2024-02-08T11:13:48+00:00","mainEntityOfPage":{"@id":"https:\/\/buletin.de\/bucuresti\/termoficare-conducte-schimbate-pe-inca-6-6-kilometri-zona-santierului-langa-bretelele-de-legatura-ale-podului-grant\/"},"wordCount":404,"publisher":{"@id":"https:\/\/buletin.de\/bucuresti\/#organization"},"image":{"@id":"https:\/\/buletin.de\/bucuresti\/termoficare-conducte-schimbate-pe-inca-6-6-kilometri-zona-santierului-langa-bretelele-de-legatura-ale-podului-grant\/#primaryimage"},"thumbnailUrl":"https:\/\/buletin.de\/bucuresti\/wp-content\/uploads\/SANTIER.jpg","keywords":["avarii","bani europeni","conducte \u00eenlocuite","lucr\u0103ri de modernizare a sistemului de termoficare","termoficare bucuresti"],"articleSection":["Articole","Main","Prim\u0103rie"],"inLanguage":"en-GB","copyrightYear":"2024","copyrightHolder":{"@id":"https:\/\/buletin.de\/bucuresti\/#organization"}},{"@type":"WebPage","@id":"https:\/\/buletin.de\/bucuresti\/termoficare-conducte-schimbate-pe-inca-6-6-kilometri-zona-santierului-langa-bretelele-de-legatura-ale-podului-grant\/","url":"https:\/\/buletin.de\/bucuresti\/termoficare-conducte-schimbate-pe-inca-6-6-kilometri-zona-santierului-langa-bretelele-de-legatura-ale-podului-grant\/","name":"TERMOFICARE | Conducte schimbate pe \u00eenc\u0103 6.6 kilometri. Zona \u015fantierului, l\u00e2ng\u0103 bretelele de leg\u0103tur\u0103 ale Podului Grant - Buletin de Bucure\u0219ti","isPartOf":{"@id":"https:\/\/buletin.de\/bucuresti\/#website"},"primaryImageOfPage":{"@id":"https:\/\/buletin.de\/bucuresti\/termoficare-conducte-schimbate-pe-inca-6-6-kilometri-zona-santierului-langa-bretelele-de-legatura-ale-podului-grant\/#primaryimage"},"image":{"@id":"https:\/\/buletin.de\/bucuresti\/termoficare-conducte-schimbate-pe-inca-6-6-kilometri-zona-santierului-langa-bretelele-de-legatura-ale-podului-grant\/#primaryimage"},"thumbnailUrl":"https:\/\/buletin.de\/bucuresti\/wp-content\/uploads\/SANTIER.jpg","datePublished":"2024-02-08T11:13:47+00:00","dateModified":"2024-02-08T11:13:48+00:00","breadcrumb":{"@id":"https:\/\/buletin.de\/bucuresti\/termoficare-conducte-schimbate-pe-inca-6-6-kilometri-zona-santierului-langa-bretelele-de-legatura-ale-podului-grant\/#breadcrumb"},"inLanguage":"en-GB","potentialAction":[{"@type":"ReadAction","target":["https:\/\/buletin.de\/bucuresti\/termoficare-conducte-schimbate-pe-inca-6-6-kilometri-zona-santierului-langa-bretelele-de-legatura-ale-podului-grant\/"]}]},{"@type":"ImageObject","inLanguage":"en-GB","@id":"https:\/\/buletin.de\/bucuresti\/termoficare-conducte-schimbate-pe-inca-6-6-kilometri-zona-santierului-langa-bretelele-de-legatura-ale-podului-grant\/#primaryimage","url":"https:\/\/buletin.de\/bucuresti\/wp-content\/uploads\/SANTIER.jpg","contentUrl":"https:\/\/buletin.de\/bucuresti\/wp-content\/uploads\/SANTIER.jpg","width":1024,"height":768,"caption":"FOTO: FB\/ Nicu\u0219or Dan"},{"@type":"BreadcrumbList","@id":"https:\/\/buletin.de\/bucuresti\/termoficare-conducte-schimbate-pe-inca-6-6-kilometri-zona-santierului-langa-bretelele-de-legatura-ale-podului-grant\/#breadcrumb","itemListElement":[{"@type":"ListItem","position":1,"name":"Acas\u0103","item":"https:\/\/buletin.de\/bucuresti\/"},{"@type":"ListItem","position":2,"name":"TERMOFICARE | Conducte schimbate pe \u00eenc\u0103 6.6 kilometri. Zona \u015fantierului, l\u00e2ng\u0103 bretelele de leg\u0103tur\u0103 ale Podului Grant"}]},{"@type":"WebSite","@id":"https:\/\/buletin.de\/bucuresti\/#website","url":"https:\/\/buletin.de\/bucuresti\/","name":"Buletin de Bucure\u0219ti","description":"\u0218tiri \u0219i investiga\u021bii esen\u021biale din capital\u0103","publisher":{"@id":"https:\/\/buletin.de\/bucuresti\/#organization"},"potentialAction":[{"@type":"SearchAction","target":{"@type":"EntryPoint","urlTemplate":"https:\/\/buletin.de\/bucuresti\/?s={search_term_string}"},"query-input":{"@type":"PropertyValueSpecification","valueRequired":true,"valueName":"search_term_string"}}],"inLanguage":"en-GB"},{"@type":"Organization","@id":"https:\/\/buletin.de\/bucuresti\/#organization","name":"Buletin de Bucure\u0219ti","url":"https:\/\/buletin.de\/bucuresti\/","logo":{"@type":"ImageObject","inLanguage":"en-GB","@id":"https:\/\/buletin.de\/bucuresti\/#\/schema\/logo\/image\/","url":"https:\/\/buletin.de\/bucuresti\/wp-content\/uploads\/logo-bdb-full-wide-vernil-transparent.png","contentUrl":"https:\/\/buletin.de\/bucuresti\/wp-content\/uploads\/logo-bdb-full-wide-vernil-transparent.png","width":1782,"height":626,"caption":"Buletin de Bucure\u0219ti"},"image":{"@id":"https:\/\/buletin.de\/bucuresti\/#\/schema\/logo\/image\/"},"sameAs":["https:\/\/www.facebook.com\/buletin.de.buc","https:\/\/www.instagram.com\/buletinde.bucuresti\/"]},{"@type":"Person","@id":"https:\/\/buletin.de\/bucuresti\/#\/schema\/person\/150590659efde715459d159da012f501","name":"Andreea Tudor","image":{"@type":"ImageObject","inLanguage":"en-GB","@id":"https:\/\/secure.gravatar.com\/avatar\/a88705a186ab0b67f3349bcbced506c09e37256fbaad0e7f3bd1a79b4599f589?s=96&d=monsterid&r=g79290610aa1a65c2b86eebc2ca5aee8f","url":"https:\/\/secure.gravatar.com\/avatar\/a88705a186ab0b67f3349bcbced506c09e37256fbaad0e7f3bd1a79b4599f589?s=96&d=monsterid&r=g","contentUrl":"https:\/\/secure.gravatar.com\/avatar\/a88705a186ab0b67f3349bcbced506c09e37256fbaad0e7f3bd1a79b4599f589?s=96&d=monsterid&r=g","caption":"Andreea Tudor"},"description":"N\u0103scut\u0103 \u0219i crescut\u0103 \u00een Bucure\u0219ti, sus\u021bin\u0103toare a presei independente. A\u0219a am ajuns redactor la Buletin de Bucure\u0219ti. Fiind eu, \u00eens\u0103mi, parte a sistemului de \u00eenv\u0103\u021b\u0103m\u00e2nt rom\u00e2nesc \u0219i pasionat\u0103 de domeniul social, pun sub lup\u0103 tot ceea ce se \u00eent\u00e2mpl\u0103 \u00een sfera educa\u021biei. Cred cu t\u0103rie c\u0103 presa \u201epentru cet\u0103\u021beni\u201d este presa independent\u0103. Oamenii au nevoie de o informare corect\u0103 pentru a \u00een\u021belege pe deplin ce se \u00eent\u00e2mpl\u0103 \u00een jurul lor \u0219i pentru a lua ac\u021biune \u00eempotriva nedrept\u0103\u021bilor.","url":"https:\/\/buletin.de\/bucuresti\/author\/andreeatudor\/"}]}},"authors":[{"term_id":22573,"user_id":55,"is_guest":0,"slug":"andreeatudor","display_name":"Andreea Tudor","avatar_url":"https:\/\/secure.gravatar.com\/avatar\/a88705a186ab0b67f3349bcbced506c09e37256fbaad0e7f3bd1a79b4599f589?s=96&d=monsterid&r=g","0":null,"1":"","2":"","3":"","4":"","5":"","6":"","7":"","8":""}],"_links":{"self":[{"href":"https:\/\/buletin.de\/bucuresti\/wp-json\/wp\/v2\/posts\/76601","targetHints":{"allow":["GET"]}}],"collection":[{"href":"https:\/\/buletin.de\/bucuresti\/wp-json\/wp\/v2\/posts"}],"about":[{"href":"https:\/\/buletin.de\/bucuresti\/wp-json\/wp\/v2\/types\/post"}],"author":[{"embeddable":true,"href":"https:\/\/buletin.de\/bucuresti\/wp-json\/wp\/v2\/users\/55"}],"replies":[{"embeddable":true,"href":"https:\/\/buletin.de\/bucuresti\/wp-json\/wp\/v2\/comments?post=76601"}],"version-history":[{"count":7,"href":"https:\/\/buletin.de\/bucuresti\/wp-json\/wp\/v2\/posts\/76601\/revisions"}],"predecessor-version":[{"id":76622,"href":"https:\/\/buletin.de\/bucuresti\/wp-json\/wp\/v2\/posts\/76601\/revisions\/76622"}],"wp:featuredmedia":[{"embeddable":true,"href":"https:\/\/buletin.de\/bucuresti\/wp-json\/wp\/v2\/media\/76615"}],"wp:attachment":[{"href":"https:\/\/buletin.de\/bucuresti\/wp-json\/wp\/v2\/media?parent=76601"}],"wp:term":[{"taxonomy":"category","embeddable":true,"href":"https:\/\/buletin.de\/bucuresti\/wp-json\/wp\/v2\/categories?post=76601"},{"taxonomy":"post_tag","embeddable":true,"href":"https:\/\/buletin.de\/bucuresti\/wp-json\/wp\/v2\/tags?post=76601"},{"taxonomy":"author","embeddable":true,"href":"https:\/\/buletin.de\/bucuresti\/wp-json\/wp\/v2\/ppma_author?post=76601"}],"curies":[{"name":"wp","href":"https:\/\/api.w.org\/{rel}","templated":true}]}}