{"id":76558,"date":"2024-02-08T06:00:00","date_gmt":"2024-02-08T04:00:00","guid":{"rendered":"https:\/\/buletin.de\/bucuresti\/?p=76558"},"modified":"2024-02-07T21:56:40","modified_gmt":"2024-02-07T19:56:40","slug":"sector-6-i-incep-lucrarile-la-ultimul-tronson-din-drumul-osiei","status":"publish","type":"post","link":"https:\/\/buletin.de\/bucuresti\/sector-6-i-incep-lucrarile-la-ultimul-tronson-din-drumul-osiei\/","title":{"rendered":"Sector 6 I \u00cencep lucr\u0103rile la ultimul tronson din Drumul Osiei"},"content":{"rendered":"\n<p><strong>Prim\u0103ria Sectorului 6 anun\u021b\u0103 c\u0103 ast\u0103zi demareaz\u0103 lucr\u0103rile pe ultima por\u021biune din Drumul Osiei. Pe acest tronson nu s-a putut lucra, p\u00e2n\u0103 acum, din cauza formalit\u0103\u021bilor de expropriere.<\/strong><\/p>\n\n\n\n<p>Autoritatea local\u0103 precizeaz\u0103 c\u0103 se va \u00eenchide o band\u0103 de circula\u021bie unde se va \u00eencepe frezarea \u015fi se va lucra la re\u021belele de utilit\u0103\u021bi. Lucr\u0103rile vor dura 3 luni si au o valoare de peste 1.6 milioane de lei, cu TVA.<\/p>\n\n\n\n<p>Se va lucra pe o band\u0103 de circula\u021bie \u0219i doar pe sensul de ie\u0219ire din cartier. Intrarea \u00een Cartierul Militari Residence, apar\u021bin\u00e2nd comunei Chiajna, se va putea face doar din zona Uverturii iar lucr\u0103rile propuse sunt:<\/p>\n\n\n\n<ul class=\"wp-block-list\">\n<li>Carosabil;<\/li>\n\n\n\n<li>Trotuare;<\/li>\n\n\n\n<li>Pistele de biciclete;<\/li>\n\n\n\n<li>Spatii verzi;.<\/li>\n\n\n\n<li>Se vor planta 50 de arbori.<\/li>\n<\/ul>\n\n\n\n<p>Pentru realizarea lucr\u0103rilor, traseele a dou\u0103 linii STB vor fi modificate:<\/p>\n\n\n\n<ul class=\"wp-block-list\">\n<li>linia 178 va circula pe traseul Sala Palatului &#8211; Master. A fost scurtat traseul pentru a nu afecta ritmicitatea pentru c\u0103l\u0103torii din zonele (Sala Palatului &#8211; Gara de Nord &#8211; Giule\u0219ti &#8211; Cr\u00e2nga\u0219i &#8211; Uverturii &#8211; Apusului &#8211; P\u0103cii); <\/li>\n\n\n\n<li>linia 138 va circula pe traseul Dedeman Ghencea &#8211; Complex Comercial Militari (Auchan);<\/li>\n\n\n\n<li>linia 478 va circula pe traseul Bd. Preciziei &#8211; Str. Apusului &#8211; Bd. Uverturii &#8211; Bd. 1 Decembrie (Chiajna) &#8211; Str. Rezervelor &#8211; Str. Apeductului &#8211; Str. Tineretului &#8211; Drumul Ciorog\u00e2rla &#8211; Drumul Osiei &#8211; Bd. Iuliu Maniu.<\/li>\n<\/ul>\n\n\n\n<p>Lucr\u0103rile de modernizare a str\u0103zii Drumul Osiei au \u00eenceput \u00een iunie 2023, la primul tronson care are 520 de metri \u0219i se afl\u0103 la intersec\u021bia cu bulevardul Iuliu Maniu, spre Chiajna.<\/p>\n\n\n\n<p><\/p>\n\n\n\n<p><strong>CITE\u0218TE \u0218I:<\/strong><\/p>\n\n\n\n<figure class=\"wp-block-embed is-type-wp-embed is-provider-buletin-de-bucure-ti wp-block-embed-buletin-de-bucure-ti\"><div class=\"wp-block-embed__wrapper\">\n<blockquote class=\"wp-embedded-content\" data-secret=\"3Sd6eOX4d9\"><a href=\"https:\/\/buletin.de\/bucuresti\/sector-6-exproprierile-de-pe-drumul-osiei-votate-in-consiliul-general\/\">Sector 6 | Exproprierile de pe Drumul Osiei, votate \u00een Consiliul General<\/a><\/blockquote><iframe class=\"wp-embedded-content\" sandbox=\"allow-scripts\" security=\"restricted\" style=\"position: absolute; clip: rect(1px, 1px, 1px, 1px);\" title=\"&#8220;Sector 6 | Exproprierile de pe Drumul Osiei, votate \u00een Consiliul General&#8221; &#8212; Buletin de Bucure\u0219ti\" src=\"https:\/\/buletin.de\/bucuresti\/sector-6-exproprierile-de-pe-drumul-osiei-votate-in-consiliul-general\/embed\/#?secret=extg1qLLPm#?secret=3Sd6eOX4d9\" data-secret=\"3Sd6eOX4d9\" width=\"600\" height=\"338\" frameborder=\"0\" marginwidth=\"0\" marginheight=\"0\" scrolling=\"no\"><\/iframe>\n<\/div><\/figure>\n","protected":false},"excerpt":{"rendered":"<p>Prim\u0103ria Sectorului 6 anun\u021b\u0103 c\u0103 ast\u0103zi demareaz\u0103 lucr\u0103rile pe ultima por\u021biune din Drumul Osiei. Pe acest tronson nu s-a putut lucra, p\u00e2n\u0103 acum, din cauza formalit\u0103\u021bilor de expropriere. Autoritatea local\u0103 precizeaz\u0103 c\u0103 se va \u00eenchide o band\u0103 de circula\u021bie unde se va \u00eencepe frezarea \u015fi se va lucra la re\u021belele de utilit\u0103\u021bi. Lucr\u0103rile vor dura [&hellip;]<\/p>\n","protected":false},"author":49,"featured_media":76560,"comment_status":"closed","ping_status":"open","sticky":false,"template":"","format":"standard","meta":{"_acf_changed":false,"inline_featured_image":false,"ngg_post_thumbnail":0,"footnotes":""},"categories":[6994,62,650],"tags":[7368,991,3515,523],"ppma_author":[22574],"class_list":["post-76558","post","type-post","status-publish","format-standard","has-post-thumbnail","hentry","category-stiri-2","category-stiri","category-transport","tag-bd-uverturii","tag-chiajna","tag-drumul-osiei","tag-sector-6"],"acf":[],"yoast_head":"<!-- This site is optimized with the Yoast SEO Premium plugin v25.3 (Yoast SEO v27.4) - https:\/\/yoast.com\/product\/yoast-seo-premium-wordpress\/ -->\n<title>Sector 6 I \u00cencep lucr\u0103rile la ultimul tronson din Drumul Osiei - Buletin de Bucure\u0219ti<\/title>\n<meta name=\"robots\" content=\"index, follow, max-snippet:-1, max-image-preview:large, max-video-preview:-1\" \/>\n<link rel=\"canonical\" href=\"https:\/\/buletin.de\/bucuresti\/sector-6-i-incep-lucrarile-la-ultimul-tronson-din-drumul-osiei\/\" \/>\n<meta property=\"og:locale\" content=\"en_GB\" \/>\n<meta property=\"og:type\" content=\"article\" \/>\n<meta property=\"og:title\" content=\"Sector 6 I \u00cencep lucr\u0103rile la ultimul tronson din Drumul Osiei\" \/>\n<meta property=\"og:description\" content=\"Prim\u0103ria Sectorului 6 anun\u021b\u0103 c\u0103 ast\u0103zi demareaz\u0103 lucr\u0103rile pe ultima por\u021biune din Drumul Osiei. Pe acest tronson nu s-a putut lucra, p\u00e2n\u0103 acum, din cauza formalit\u0103\u021bilor de expropriere. Autoritatea local\u0103 precizeaz\u0103 c\u0103 se va \u00eenchide o band\u0103 de circula\u021bie unde se va \u00eencepe frezarea \u015fi se va lucra la re\u021belele de utilit\u0103\u021bi. Lucr\u0103rile vor dura [&hellip;]\" \/>\n<meta property=\"og:url\" content=\"https:\/\/buletin.de\/bucuresti\/sector-6-i-incep-lucrarile-la-ultimul-tronson-din-drumul-osiei\/\" \/>\n<meta property=\"og:site_name\" content=\"Buletin de Bucure\u0219ti\" \/>\n<meta property=\"article:publisher\" content=\"https:\/\/www.facebook.com\/buletin.de.buc\" \/>\n<meta property=\"article:published_time\" content=\"2024-02-08T04:00:00+00:00\" \/>\n<meta property=\"og:image\" content=\"https:\/\/buletin.de\/bucuresti\/wp-content\/uploads\/drumul-osiei.jpeg\" \/>\n\t<meta property=\"og:image:width\" content=\"1080\" \/>\n\t<meta property=\"og:image:height\" content=\"720\" \/>\n\t<meta property=\"og:image:type\" content=\"image\/jpeg\" \/>\n<meta name=\"author\" content=\"Diana Matei\" \/>\n<meta name=\"twitter:card\" content=\"summary_large_image\" \/>\n<meta name=\"twitter:label1\" content=\"Written by\" \/>\n\t<meta name=\"twitter:data1\" content=\"Diana Matei\" \/>\n\t<meta name=\"twitter:label2\" content=\"Estimated reading time\" \/>\n\t<meta name=\"twitter:data2\" content=\"1 minute\" \/>\n<script type=\"application\/ld+json\" class=\"yoast-schema-graph\">{\"@context\":\"https:\\\/\\\/schema.org\",\"@graph\":[{\"@type\":\"Article\",\"@id\":\"https:\\\/\\\/buletin.de\\\/bucuresti\\\/sector-6-i-incep-lucrarile-la-ultimul-tronson-din-drumul-osiei\\\/#article\",\"isPartOf\":{\"@id\":\"https:\\\/\\\/buletin.de\\\/bucuresti\\\/sector-6-i-incep-lucrarile-la-ultimul-tronson-din-drumul-osiei\\\/\"},\"author\":{\"name\":\"Diana Matei\",\"@id\":\"https:\\\/\\\/buletin.de\\\/bucuresti\\\/#\\\/schema\\\/person\\\/7e46040573290777280a0835d81ea4ea\"},\"headline\":\"Sector 6 I \u00cencep lucr\u0103rile la ultimul tronson din Drumul Osiei\",\"datePublished\":\"2024-02-08T04:00:00+00:00\",\"mainEntityOfPage\":{\"@id\":\"https:\\\/\\\/buletin.de\\\/bucuresti\\\/sector-6-i-incep-lucrarile-la-ultimul-tronson-din-drumul-osiei\\\/\"},\"wordCount\":286,\"publisher\":{\"@id\":\"https:\\\/\\\/buletin.de\\\/bucuresti\\\/#organization\"},\"image\":{\"@id\":\"https:\\\/\\\/buletin.de\\\/bucuresti\\\/sector-6-i-incep-lucrarile-la-ultimul-tronson-din-drumul-osiei\\\/#primaryimage\"},\"thumbnailUrl\":\"https:\\\/\\\/buletin.de\\\/bucuresti\\\/wp-content\\\/uploads\\\/drumul-osiei.jpeg\",\"keywords\":[\"Bd. Uverturii\",\"chiajna\",\"drumul osiei\",\"Sector 6\"],\"articleSection\":[\"Articole\",\"\u0218tiri\",\"Transport\"],\"inLanguage\":\"en-GB\",\"copyrightYear\":\"2024\",\"copyrightHolder\":{\"@id\":\"https:\\\/\\\/buletin.de\\\/bucuresti\\\/#organization\"}},{\"@type\":\"WebPage\",\"@id\":\"https:\\\/\\\/buletin.de\\\/bucuresti\\\/sector-6-i-incep-lucrarile-la-ultimul-tronson-din-drumul-osiei\\\/\",\"url\":\"https:\\\/\\\/buletin.de\\\/bucuresti\\\/sector-6-i-incep-lucrarile-la-ultimul-tronson-din-drumul-osiei\\\/\",\"name\":\"Sector 6 I \u00cencep lucr\u0103rile la ultimul tronson din Drumul Osiei - Buletin de Bucure\u0219ti\",\"isPartOf\":{\"@id\":\"https:\\\/\\\/buletin.de\\\/bucuresti\\\/#website\"},\"primaryImageOfPage\":{\"@id\":\"https:\\\/\\\/buletin.de\\\/bucuresti\\\/sector-6-i-incep-lucrarile-la-ultimul-tronson-din-drumul-osiei\\\/#primaryimage\"},\"image\":{\"@id\":\"https:\\\/\\\/buletin.de\\\/bucuresti\\\/sector-6-i-incep-lucrarile-la-ultimul-tronson-din-drumul-osiei\\\/#primaryimage\"},\"thumbnailUrl\":\"https:\\\/\\\/buletin.de\\\/bucuresti\\\/wp-content\\\/uploads\\\/drumul-osiei.jpeg\",\"datePublished\":\"2024-02-08T04:00:00+00:00\",\"breadcrumb\":{\"@id\":\"https:\\\/\\\/buletin.de\\\/bucuresti\\\/sector-6-i-incep-lucrarile-la-ultimul-tronson-din-drumul-osiei\\\/#breadcrumb\"},\"inLanguage\":\"en-GB\",\"potentialAction\":[{\"@type\":\"ReadAction\",\"target\":[\"https:\\\/\\\/buletin.de\\\/bucuresti\\\/sector-6-i-incep-lucrarile-la-ultimul-tronson-din-drumul-osiei\\\/\"]}]},{\"@type\":\"ImageObject\",\"inLanguage\":\"en-GB\",\"@id\":\"https:\\\/\\\/buletin.de\\\/bucuresti\\\/sector-6-i-incep-lucrarile-la-ultimul-tronson-din-drumul-osiei\\\/#primaryimage\",\"url\":\"https:\\\/\\\/buletin.de\\\/bucuresti\\\/wp-content\\\/uploads\\\/drumul-osiei.jpeg\",\"contentUrl\":\"https:\\\/\\\/buletin.de\\\/bucuresti\\\/wp-content\\\/uploads\\\/drumul-osiei.jpeg\",\"width\":1080,\"height\":720,\"caption\":\"Foto: Facebook\\\/Primaria Sector 6\"},{\"@type\":\"BreadcrumbList\",\"@id\":\"https:\\\/\\\/buletin.de\\\/bucuresti\\\/sector-6-i-incep-lucrarile-la-ultimul-tronson-din-drumul-osiei\\\/#breadcrumb\",\"itemListElement\":[{\"@type\":\"ListItem\",\"position\":1,\"name\":\"Acas\u0103\",\"item\":\"https:\\\/\\\/buletin.de\\\/bucuresti\\\/\"},{\"@type\":\"ListItem\",\"position\":2,\"name\":\"Sector 6 I \u00cencep lucr\u0103rile la ultimul tronson din Drumul Osiei\"}]},{\"@type\":\"WebSite\",\"@id\":\"https:\\\/\\\/buletin.de\\\/bucuresti\\\/#website\",\"url\":\"https:\\\/\\\/buletin.de\\\/bucuresti\\\/\",\"name\":\"Buletin de Bucure\u0219ti\",\"description\":\"\u0218tiri \u0219i investiga\u021bii esen\u021biale din capital\u0103\",\"publisher\":{\"@id\":\"https:\\\/\\\/buletin.de\\\/bucuresti\\\/#organization\"},\"potentialAction\":[{\"@type\":\"SearchAction\",\"target\":{\"@type\":\"EntryPoint\",\"urlTemplate\":\"https:\\\/\\\/buletin.de\\\/bucuresti\\\/?s={search_term_string}\"},\"query-input\":{\"@type\":\"PropertyValueSpecification\",\"valueRequired\":true,\"valueName\":\"search_term_string\"}}],\"inLanguage\":\"en-GB\"},{\"@type\":\"Organization\",\"@id\":\"https:\\\/\\\/buletin.de\\\/bucuresti\\\/#organization\",\"name\":\"Buletin de Bucure\u0219ti\",\"url\":\"https:\\\/\\\/buletin.de\\\/bucuresti\\\/\",\"logo\":{\"@type\":\"ImageObject\",\"inLanguage\":\"en-GB\",\"@id\":\"https:\\\/\\\/buletin.de\\\/bucuresti\\\/#\\\/schema\\\/logo\\\/image\\\/\",\"url\":\"https:\\\/\\\/buletin.de\\\/bucuresti\\\/wp-content\\\/uploads\\\/logo-bdb-full-wide-vernil-transparent.png\",\"contentUrl\":\"https:\\\/\\\/buletin.de\\\/bucuresti\\\/wp-content\\\/uploads\\\/logo-bdb-full-wide-vernil-transparent.png\",\"width\":1782,\"height\":626,\"caption\":\"Buletin de Bucure\u0219ti\"},\"image\":{\"@id\":\"https:\\\/\\\/buletin.de\\\/bucuresti\\\/#\\\/schema\\\/logo\\\/image\\\/\"},\"sameAs\":[\"https:\\\/\\\/www.facebook.com\\\/buletin.de.buc\",\"https:\\\/\\\/www.instagram.com\\\/buletinde.bucuresti\\\/\"]},{\"@type\":\"Person\",\"@id\":\"https:\\\/\\\/buletin.de\\\/bucuresti\\\/#\\\/schema\\\/person\\\/7e46040573290777280a0835d81ea4ea\",\"name\":\"Diana Matei\",\"image\":{\"@type\":\"ImageObject\",\"inLanguage\":\"en-GB\",\"@id\":\"https:\\\/\\\/buletin.de\\\/bucuresti\\\/wp-content\\\/uploads\\\/9-2-96x96.jpg1e8590b30871d70e62ebcdaf2eff570c\",\"url\":\"https:\\\/\\\/buletin.de\\\/bucuresti\\\/wp-content\\\/uploads\\\/9-2-96x96.jpg\",\"contentUrl\":\"https:\\\/\\\/buletin.de\\\/bucuresti\\\/wp-content\\\/uploads\\\/9-2-96x96.jpg\",\"caption\":\"Diana Matei\"},\"url\":\"https:\\\/\\\/buletin.de\\\/bucuresti\\\/author\\\/dianamatei\\\/\"}]}<\/script>\n<!-- \/ Yoast SEO Premium plugin. -->","yoast_head_json":{"title":"Sector 6 I \u00cencep lucr\u0103rile la ultimul tronson din Drumul Osiei - Buletin de Bucure\u0219ti","robots":{"index":"index","follow":"follow","max-snippet":"max-snippet:-1","max-image-preview":"max-image-preview:large","max-video-preview":"max-video-preview:-1"},"canonical":"https:\/\/buletin.de\/bucuresti\/sector-6-i-incep-lucrarile-la-ultimul-tronson-din-drumul-osiei\/","og_locale":"en_GB","og_type":"article","og_title":"Sector 6 I \u00cencep lucr\u0103rile la ultimul tronson din Drumul Osiei","og_description":"Prim\u0103ria Sectorului 6 anun\u021b\u0103 c\u0103 ast\u0103zi demareaz\u0103 lucr\u0103rile pe ultima por\u021biune din Drumul Osiei. Pe acest tronson nu s-a putut lucra, p\u00e2n\u0103 acum, din cauza formalit\u0103\u021bilor de expropriere. Autoritatea local\u0103 precizeaz\u0103 c\u0103 se va \u00eenchide o band\u0103 de circula\u021bie unde se va \u00eencepe frezarea \u015fi se va lucra la re\u021belele de utilit\u0103\u021bi. Lucr\u0103rile vor dura [&hellip;]","og_url":"https:\/\/buletin.de\/bucuresti\/sector-6-i-incep-lucrarile-la-ultimul-tronson-din-drumul-osiei\/","og_site_name":"Buletin de Bucure\u0219ti","article_publisher":"https:\/\/www.facebook.com\/buletin.de.buc","article_published_time":"2024-02-08T04:00:00+00:00","og_image":[{"width":1080,"height":720,"url":"https:\/\/buletin.de\/bucuresti\/wp-content\/uploads\/drumul-osiei.jpeg","type":"image\/jpeg"}],"author":"Diana Matei","twitter_card":"summary_large_image","twitter_misc":{"Written by":"Diana Matei","Estimated reading time":"1 minute"},"schema":{"@context":"https:\/\/schema.org","@graph":[{"@type":"Article","@id":"https:\/\/buletin.de\/bucuresti\/sector-6-i-incep-lucrarile-la-ultimul-tronson-din-drumul-osiei\/#article","isPartOf":{"@id":"https:\/\/buletin.de\/bucuresti\/sector-6-i-incep-lucrarile-la-ultimul-tronson-din-drumul-osiei\/"},"author":{"name":"Diana Matei","@id":"https:\/\/buletin.de\/bucuresti\/#\/schema\/person\/7e46040573290777280a0835d81ea4ea"},"headline":"Sector 6 I \u00cencep lucr\u0103rile la ultimul tronson din Drumul Osiei","datePublished":"2024-02-08T04:00:00+00:00","mainEntityOfPage":{"@id":"https:\/\/buletin.de\/bucuresti\/sector-6-i-incep-lucrarile-la-ultimul-tronson-din-drumul-osiei\/"},"wordCount":286,"publisher":{"@id":"https:\/\/buletin.de\/bucuresti\/#organization"},"image":{"@id":"https:\/\/buletin.de\/bucuresti\/sector-6-i-incep-lucrarile-la-ultimul-tronson-din-drumul-osiei\/#primaryimage"},"thumbnailUrl":"https:\/\/buletin.de\/bucuresti\/wp-content\/uploads\/drumul-osiei.jpeg","keywords":["Bd. Uverturii","chiajna","drumul osiei","Sector 6"],"articleSection":["Articole","\u0218tiri","Transport"],"inLanguage":"en-GB","copyrightYear":"2024","copyrightHolder":{"@id":"https:\/\/buletin.de\/bucuresti\/#organization"}},{"@type":"WebPage","@id":"https:\/\/buletin.de\/bucuresti\/sector-6-i-incep-lucrarile-la-ultimul-tronson-din-drumul-osiei\/","url":"https:\/\/buletin.de\/bucuresti\/sector-6-i-incep-lucrarile-la-ultimul-tronson-din-drumul-osiei\/","name":"Sector 6 I \u00cencep lucr\u0103rile la ultimul tronson din Drumul Osiei - Buletin de Bucure\u0219ti","isPartOf":{"@id":"https:\/\/buletin.de\/bucuresti\/#website"},"primaryImageOfPage":{"@id":"https:\/\/buletin.de\/bucuresti\/sector-6-i-incep-lucrarile-la-ultimul-tronson-din-drumul-osiei\/#primaryimage"},"image":{"@id":"https:\/\/buletin.de\/bucuresti\/sector-6-i-incep-lucrarile-la-ultimul-tronson-din-drumul-osiei\/#primaryimage"},"thumbnailUrl":"https:\/\/buletin.de\/bucuresti\/wp-content\/uploads\/drumul-osiei.jpeg","datePublished":"2024-02-08T04:00:00+00:00","breadcrumb":{"@id":"https:\/\/buletin.de\/bucuresti\/sector-6-i-incep-lucrarile-la-ultimul-tronson-din-drumul-osiei\/#breadcrumb"},"inLanguage":"en-GB","potentialAction":[{"@type":"ReadAction","target":["https:\/\/buletin.de\/bucuresti\/sector-6-i-incep-lucrarile-la-ultimul-tronson-din-drumul-osiei\/"]}]},{"@type":"ImageObject","inLanguage":"en-GB","@id":"https:\/\/buletin.de\/bucuresti\/sector-6-i-incep-lucrarile-la-ultimul-tronson-din-drumul-osiei\/#primaryimage","url":"https:\/\/buletin.de\/bucuresti\/wp-content\/uploads\/drumul-osiei.jpeg","contentUrl":"https:\/\/buletin.de\/bucuresti\/wp-content\/uploads\/drumul-osiei.jpeg","width":1080,"height":720,"caption":"Foto: Facebook\/Primaria Sector 6"},{"@type":"BreadcrumbList","@id":"https:\/\/buletin.de\/bucuresti\/sector-6-i-incep-lucrarile-la-ultimul-tronson-din-drumul-osiei\/#breadcrumb","itemListElement":[{"@type":"ListItem","position":1,"name":"Acas\u0103","item":"https:\/\/buletin.de\/bucuresti\/"},{"@type":"ListItem","position":2,"name":"Sector 6 I \u00cencep lucr\u0103rile la ultimul tronson din Drumul Osiei"}]},{"@type":"WebSite","@id":"https:\/\/buletin.de\/bucuresti\/#website","url":"https:\/\/buletin.de\/bucuresti\/","name":"Buletin de Bucure\u0219ti","description":"\u0218tiri \u0219i investiga\u021bii esen\u021biale din capital\u0103","publisher":{"@id":"https:\/\/buletin.de\/bucuresti\/#organization"},"potentialAction":[{"@type":"SearchAction","target":{"@type":"EntryPoint","urlTemplate":"https:\/\/buletin.de\/bucuresti\/?s={search_term_string}"},"query-input":{"@type":"PropertyValueSpecification","valueRequired":true,"valueName":"search_term_string"}}],"inLanguage":"en-GB"},{"@type":"Organization","@id":"https:\/\/buletin.de\/bucuresti\/#organization","name":"Buletin de Bucure\u0219ti","url":"https:\/\/buletin.de\/bucuresti\/","logo":{"@type":"ImageObject","inLanguage":"en-GB","@id":"https:\/\/buletin.de\/bucuresti\/#\/schema\/logo\/image\/","url":"https:\/\/buletin.de\/bucuresti\/wp-content\/uploads\/logo-bdb-full-wide-vernil-transparent.png","contentUrl":"https:\/\/buletin.de\/bucuresti\/wp-content\/uploads\/logo-bdb-full-wide-vernil-transparent.png","width":1782,"height":626,"caption":"Buletin de Bucure\u0219ti"},"image":{"@id":"https:\/\/buletin.de\/bucuresti\/#\/schema\/logo\/image\/"},"sameAs":["https:\/\/www.facebook.com\/buletin.de.buc","https:\/\/www.instagram.com\/buletinde.bucuresti\/"]},{"@type":"Person","@id":"https:\/\/buletin.de\/bucuresti\/#\/schema\/person\/7e46040573290777280a0835d81ea4ea","name":"Diana Matei","image":{"@type":"ImageObject","inLanguage":"en-GB","@id":"https:\/\/buletin.de\/bucuresti\/wp-content\/uploads\/9-2-96x96.jpg1e8590b30871d70e62ebcdaf2eff570c","url":"https:\/\/buletin.de\/bucuresti\/wp-content\/uploads\/9-2-96x96.jpg","contentUrl":"https:\/\/buletin.de\/bucuresti\/wp-content\/uploads\/9-2-96x96.jpg","caption":"Diana Matei"},"url":"https:\/\/buletin.de\/bucuresti\/author\/dianamatei\/"}]}},"authors":[{"term_id":22574,"user_id":49,"is_guest":0,"slug":"dianamatei","display_name":"Diana Matei","avatar_url":"https:\/\/buletin.de\/bucuresti\/wp-content\/uploads\/9-2-96x96.jpg","0":null,"1":"","2":"","3":"","4":"","5":"","6":"","7":"","8":""}],"_links":{"self":[{"href":"https:\/\/buletin.de\/bucuresti\/wp-json\/wp\/v2\/posts\/76558","targetHints":{"allow":["GET"]}}],"collection":[{"href":"https:\/\/buletin.de\/bucuresti\/wp-json\/wp\/v2\/posts"}],"about":[{"href":"https:\/\/buletin.de\/bucuresti\/wp-json\/wp\/v2\/types\/post"}],"author":[{"embeddable":true,"href":"https:\/\/buletin.de\/bucuresti\/wp-json\/wp\/v2\/users\/49"}],"replies":[{"embeddable":true,"href":"https:\/\/buletin.de\/bucuresti\/wp-json\/wp\/v2\/comments?post=76558"}],"version-history":[{"count":2,"href":"https:\/\/buletin.de\/bucuresti\/wp-json\/wp\/v2\/posts\/76558\/revisions"}],"predecessor-version":[{"id":76573,"href":"https:\/\/buletin.de\/bucuresti\/wp-json\/wp\/v2\/posts\/76558\/revisions\/76573"}],"wp:featuredmedia":[{"embeddable":true,"href":"https:\/\/buletin.de\/bucuresti\/wp-json\/wp\/v2\/media\/76560"}],"wp:attachment":[{"href":"https:\/\/buletin.de\/bucuresti\/wp-json\/wp\/v2\/media?parent=76558"}],"wp:term":[{"taxonomy":"category","embeddable":true,"href":"https:\/\/buletin.de\/bucuresti\/wp-json\/wp\/v2\/categories?post=76558"},{"taxonomy":"post_tag","embeddable":true,"href":"https:\/\/buletin.de\/bucuresti\/wp-json\/wp\/v2\/tags?post=76558"},{"taxonomy":"author","embeddable":true,"href":"https:\/\/buletin.de\/bucuresti\/wp-json\/wp\/v2\/ppma_author?post=76558"}],"curies":[{"name":"wp","href":"https:\/\/api.w.org\/{rel}","templated":true}]}}