{"id":76548,"date":"2024-02-08T06:20:00","date_gmt":"2024-02-08T04:20:00","guid":{"rendered":"https:\/\/buletin.de\/bucuresti\/?p=76548"},"modified":"2024-02-08T07:26:54","modified_gmt":"2024-02-08T05:26:54","slug":"amenzi-pentru-cei-care-isi-tin-masina-in-parcarea-decebal-mai-mult-de-72-de-ore-legate","status":"publish","type":"post","link":"https:\/\/buletin.de\/bucuresti\/amenzi-pentru-cei-care-isi-tin-masina-in-parcarea-decebal-mai-mult-de-72-de-ore-legate\/","title":{"rendered":"Amenzi pentru cei care \u00ee\u015fi \u0163in ma\u015fina \u00een parcarea Decebal mai mult de 72 de ore legate"},"content":{"rendered":"\n<p><strong>Sta\u021bionarea peste 72 de ore consecutive \u00een parcarea subteran\u0103 \u201eDecebal\u201d urmeaz\u0103 s\u0103 fie stabilit\u0103 drept  contraven\u021bie ce poate fi sanc\u021bionat\u0103 cu p\u00e2n\u0103 la 1.000 de lei. \u00cen \u0219edin\u021ba de joi, 8 februarie, consilierii locali ai Sectorului 3 vor supune la vot c\u00e2teva schimb\u0103ri ale regulamentului cu privire la regulamentul de func\u021bionare a parc\u0103rii, inclusiv aprob\u00e2nd modul \u00een care vor fi scoase la licita\u021bie spa\u021biile care nu sunt parc\u0103ri. <\/strong><\/p>\n\n\n\n<p>Indiferent de tipul de abonament sau tichet cump\u0103rat, \u0219oferii nu \u00ee\u0219i vor putea l\u0103sa ma\u0219ina mai mult de 72 de ore consecutive, la nici unul dintre etajele parc\u0103rii. Pe l\u00e2ng\u0103 amenda de care \u0219oferii sunt pasibili \u00een acest caz, de la 500 la 1.000 de lei, autorit\u0103\u021bile pot s\u0103 decid\u0103 \u0219i ridicarea autovehiculului, consider\u00e2ndu-se \u201edepozitat\u201d. <\/p>\n\n\n\n<p>Locurile de parcare sunt distribuite astfel:<\/p>\n\n\n\n<ul class=\"wp-block-list\">\n<li>Subsol 1 &#8211; 363 locuri de parcare cu plat\u0103, destinate utiliz\u0103rii de c\u0103tre orice persoan\u0103 fizic\u0103 sau persoan\u0103 juridic\u0103<\/li>\n\n\n\n<li>Subsol 2 &#8211; 354 locuri de parcare de re\u0219edin\u021b\u0103, excep\u021bie f\u0103c\u00e2nd situa\u021bia \u00een care acestea nu sunt ocupate \u00een totalitate, fiind astfel posibil\u0103 utilizarea locurilor de parcare libere \u0219i de c\u0103tre alt tip de utilizator aflat \u00een tranzit<\/li>\n<\/ul>\n\n\n\n<p>Spa\u021biile din parcare care au alt\u0103 destina\u021bie dec\u00e2t \u201eparcare\u201d sunt:<\/p>\n\n\n\n<ul class=\"wp-block-list\">\n<li><strong>Spa\u021biu<\/strong> (alveola nord) <strong>subsol 1<\/strong> \u2013 366,23 mp + <strong>3 spa\u021bii subsol 2 <\/strong>\u2013 129,33 mp (43,11 mp\/spatiu)<\/li>\n\n\n\n<li><strong>Spa\u021biu<\/strong> (alveola nord) <strong>subsol 2<\/strong> \u2013 387,87 mp<\/li>\n\n\n\n<li><strong>Spa\u021biu <\/strong>(alveola sud) <strong>subsol 2 <\/strong>\u2013&nbsp; 445,13 mp<\/li>\n\n\n\n<li><strong>2 Spa\u021bii<\/strong> (SAS 2Bis) etaj intermediar \u2013 388,65 mp \u00een total<\/li>\n<\/ul>\n\n\n\n<p><\/p>\n\n\n\n<h2 class=\"wp-block-heading\">Spa\u021biile care nu sunt locuri de parcare vor fi scoase la licita\u021bie<\/h2>\n\n\n\n<p>Procedura de licita\u021bie public\u0103 va fi derulat\u0103 de c\u0103tre Sectorul 3 al Municipiului Bucure\u0219ti, urm\u00e2nd a fi anun\u021bat\u0103 cu cel pu\u021bin 20 de zile \u00eenainte de data limit\u0103 pentru depunerea ofertelor. \u00cen anun\u021b vor fi comunicate \u0219i alte detalii, printre care <em>\u201etariful de utilizare minim de la care porne\u0219te licita\u021bia\u201d<\/em>. Comisia de evaluare va fi alc\u0103tuit\u0103 din minim cinci membri, care trebuie s\u0103 respecte regulile privind conflictul de interese. <\/p>\n\n\n\n<p>Sumele minime pornesc de la 1 euro f\u0103r\u0103 TVA\/mp\/lun\u0103:<\/p>\n\n\n\n<figure class=\"wp-block-image size-large\"><img fetchpriority=\"high\" decoding=\"async\" width=\"900\" height=\"488\" src=\"data:image\/gif;base64,R0lGODlhAQABAAAAACH5BAEKAAEALAAAAAABAAEAAAICTAEAOw==\" data-src=\"https:\/\/buletin.de\/bucuresti\/wp-content\/uploads\/Captura-de-ecran-2024-02-02-110248-900x488.png\" alt=\"\" class=\"wp-image-76551 lazyload\" data-sizes=\"auto\" data-srcset=\"https:\/\/buletin.de\/bucuresti\/wp-content\/uploads\/Captura-de-ecran-2024-02-02-110248-900x488.png 900w, https:\/\/buletin.de\/bucuresti\/wp-content\/uploads\/Captura-de-ecran-2024-02-02-110248-300x163.png 300w, https:\/\/buletin.de\/bucuresti\/wp-content\/uploads\/Captura-de-ecran-2024-02-02-110248-768x416.png 768w, https:\/\/buletin.de\/bucuresti\/wp-content\/uploads\/Captura-de-ecran-2024-02-02-110248-1100x596.png 1100w, https:\/\/buletin.de\/bucuresti\/wp-content\/uploads\/Captura-de-ecran-2024-02-02-110248-600x325.png 600w, https:\/\/buletin.de\/bucuresti\/wp-content\/uploads\/Captura-de-ecran-2024-02-02-110248-20x11.png 20w, https:\/\/buletin.de\/bucuresti\/wp-content\/uploads\/Captura-de-ecran-2024-02-02-110248.png 1210w\" sizes=\"(max-width: 900px) 100vw, 900px\" \/><\/figure>\n\n\n\n<p>Documenta\u021bia de atribuire va con\u021bine: caietul de sarcini, fi\u0219a de date a licita\u021biei, modelul de contract ce con\u021bine clauzele contractuale obligatorii, formulare \u0219i modele de documente.<\/p>\n\n\n\n<p>\u0218edin\u021bele de licita\u021bie sunt organizate la sediul Prim\u0103riei Sectorului 3 al Municipiului Bucure\u0219ti, iar participan\u021bii trebuie s\u0103-\u0219i fi pl\u0103tit toate taxele de participare, s\u0103 fi depus toate documentele necesare \u0219i s\u0103 nu aib\u0103 datorii la plata impozitelor \u0219i taxelor, fie pentru bugetul statului fie pentru bugetul local.<\/p>\n\n\n\n<p>Oferta \u00eempreun\u0103 cu documentele de participare la licita\u021bie se depun la adresa \u0219i \u00een termenul stabilite prin anun\u021bul de licita\u021bie, in doua plicuri sigilate, unul exterior \u0219i unul interior \u2013 pe plicul exterior se va indica obiectul licita\u021biei pentru care este depus\u0103 oferta, cu men\u021biunea \u00abA nu se deschide \u00eenaintea \u0219edin\u021bei de deschidere a ofertelor, data ___ ,ora ___ \u00bb, iar acesta va trebui s\u0103 con\u021bin\u0103:<\/p>\n\n\n\n<ul class=\"wp-block-list\">\n<li>o fi\u0219a cu informa\u021bii privind ofertantul\n<ul class=\"wp-block-list\">\n<li>nivelul tarifului de utilizare\/lun\u0103 ofertat<\/li>\n\n\n\n<li>dovada ca ofertantul are acces la disponibilit\u0103\u021bi b\u0103ne\u0219ti, resurse reale negrevate de datorii sau linii de credit pentru minim 3 luni de derulare a contractului<\/li>\n\n\n\n<li>Descrierea detaliat\u0103 a investi\u021biilor\/amenaj\u0103rilor pe care le va realiza \u00een spa\u021biul pentru a c\u0103rui utilizare liciteaz\u0103, cuantumul valoric al investi\u021biilor\/amenaj\u0103rilor, \u00een lei (cu TVA \u0219i f\u0103r\u0103 TVA), precum \u0219i durata de amortizare a investi\u021biilor\/amenaj\u0103rilor (&#8230;) Durata contractului de utilizare a spa\u021biului va fi egal\u0103 cu durata de amortizare a investi\u021biilor\/amenaj\u0103rilor, care trebuie s\u0103 se \u00eencadreze \u00een mod obligatoriu \u00een limitele de minim 5 ani, maxim 20 ani<\/li>\n<\/ul>\n<\/li>\n\n\n\n<li>o declara\u021bie de participare, semnat\u0103 de ofertant, f\u0103r\u0103 \u00eengro\u0219\u0103ri, \u0219ters\u0103turi sau modific\u0103ri<\/li>\n\n\n\n<li>dovada constituirii garan\u021biei de participare<\/li>\n\n\n\n<li>acte doveditoare privind calit\u0103\u021bile \u0219i capacit\u0103\u021bile ofertan\u021bilor<\/li>\n\n\n\n<li>acte doveditoare privind intrarea \u00een posesia caietului de sarcini<\/li>\n\n\n\n<li>modelul de contract semnat pe fiecare pagina<\/li>\n<\/ul>\n\n\n\n<p>Pentru ca procedura licita\u021biei s\u0103 fie dus\u0103 p\u00e2n\u0103 la cap\u0103t, trebuie s\u0103 existe cel pu\u021bin dou\u0103 oferte.<\/p>\n\n\n\n<h2 class=\"wp-block-heading\">Restul tarifelor<\/h2>\n\n\n\n<p>Jum\u0103tate dintre locurile de parcare amenajate \u00een subteran sunt pentru locuitorii din zon\u0103 (subsolul 2), iar cealalt\u0103 jum\u0103tate sunt de utilitate public\u0103 (subsolul 1).<\/p>\n\n\n\n<p>Locurile de parcare de re\u0219edin\u021b\u0103 situate la subsolul 2, se atribuie conform ,,Regulamentului privind gestionarea locurilor din parc\u0103rile de re\u0219edin\u021b\u0103 de pe raza Sectorului 3&#8243; cu urm\u0103toarele excep\u021bii:<\/p>\n\n\n\n<ul class=\"wp-block-list\">\n<li>Distan\u021ba adresei de domiciliu a solicitan\u021bilor fa\u021b\u0103 de oricare intrare \u00een parcare s\u0103 fie de 500 m;<\/li>\n\n\n\n<li>Locurile atribuite nu vor fi indicate ca amplasament fix, ci parcarea celor \u00een drept se va putea face pe oricare dintre locurile libere la momentul sosirii in parcare, pe sistemul &#8220;primul sosit, primul servit&#8221;;<\/li>\n\n\n\n<li>Locurile destinate persoanelor cu dizabilit\u0103\u021bi vor fi eviden\u021biate separat \u0219i vor fi dimensionate conform normativelor in vigoare<\/li>\n<\/ul>\n\n\n\n<p>Tarifele datorate de utilizatorii locurilor de parcare care tranziteaz\u0103 parcarea \u201eDecebal\u201d, precum \u0219i valorile abonamentelor lunare \u0219i anuale sunt urm\u0103toarele:<\/p>\n\n\n\n<ul class=\"wp-block-list\">\n<li>3 lei inclusiv TVA\/or\u0103 (pentru un interval de 1-8 ore);<\/li>\n\n\n\n<li>24 de lei inclusiv TVA\/zi (pentru 24 de ore);<\/li>\n\n\n\n<li>100 de lei inclusiv TVA\/lun\u0103 (pentru o lun\u0103);<\/li>\n\n\n\n<li>1000 de lei inclusiv TVA\/an (pentru un an).<\/li>\n<\/ul>\n\n\n\n<p>Prim\u0103ria precizeaz\u0103 c\u0103 pentru primele opt ore costul este de 3 lei\/or\u0103 iar \u00eencep\u00e2nd cu a noua or\u0103 tarifarea se va bloca la suma de 24 de lei p\u00e2n\u0103 la expirarea celor 24 de ore, devenind abonament de o zi.<\/p>\n\n\n\n<figure class=\"wp-block-image size-large\"><img decoding=\"async\" width=\"900\" height=\"577\" src=\"data:image\/gif;base64,R0lGODlhAQABAAAAACH5BAEKAAEALAAAAAABAAEAAAICTAEAOw==\" data-src=\"https:\/\/buletin.de\/bucuresti\/wp-content\/uploads\/Fara-titlu-10-900x577.png\" alt=\"\" class=\"wp-image-76550 lazyload\" data-sizes=\"auto\" data-srcset=\"https:\/\/buletin.de\/bucuresti\/wp-content\/uploads\/Fara-titlu-10-900x577.png 900w, https:\/\/buletin.de\/bucuresti\/wp-content\/uploads\/Fara-titlu-10-300x192.png 300w, https:\/\/buletin.de\/bucuresti\/wp-content\/uploads\/Fara-titlu-10-768x492.png 768w, https:\/\/buletin.de\/bucuresti\/wp-content\/uploads\/Fara-titlu-10-600x385.png 600w, https:\/\/buletin.de\/bucuresti\/wp-content\/uploads\/Fara-titlu-10-20x13.png 20w, https:\/\/buletin.de\/bucuresti\/wp-content\/uploads\/Fara-titlu-10.png 917w\" sizes=\"(max-width: 900px) 100vw, 900px\" \/><\/figure>\n\n\n\n<p>Persoanele cu handicap sau reprezentan\u021bii legali ai acestora beneficiaz\u0103 de gratuitate. De asemenea, gratuit vor avea \u0219i autovehiculele cu dou\u0103 ro\u021bi. <\/p>\n\n\n\n<p>Parcarea Decebal a fost deschis\u0103 \u00een anul 2021. Suprafa\u021ba util\u0103 a parc\u0103rii este de 20.152 mp iar valoarea total\u0103 a proiectului a fost de 86.580.793 lei. Parcarea subteran\u0103 are 717 locuri iar<strong>&nbsp;<\/strong>anul trecut un loc a costat 5 lei. Accesul autoturismelor \u00een parcaj \u0219i ie\u0219irea din acesta se realizeaz\u0103 din ambele sensuri ale bulevardului Decebal, prin dou\u0103 rampe cu dublu sens \u0219i \u00eenc\u0103 dou\u0103 cu un singur sens fiecare.<\/p>\n\n\n\n<p><strong>CITE\u015eTE \u015eI: <\/strong><\/p>\n\n\n\n<figure class=\"wp-block-embed is-type-wp-embed is-provider-buletin-de-bucure-ti wp-block-embed-buletin-de-bucure-ti\"><div class=\"wp-block-embed__wrapper\">\n<blockquote class=\"wp-embedded-content\" data-secret=\"kQZZFk4CdL\"><a href=\"https:\/\/buletin.de\/bucuresti\/sector-3-i-au-intrat-in-vigoare-noi-tarife-pentru-parcarea-decebal\/\">Sector 3 I Au intrat \u00een vigoare noi tarife pentru parcarea \u201eDecebal\u201d<\/a><\/blockquote><iframe class=\"wp-embedded-content\" sandbox=\"allow-scripts\" security=\"restricted\" style=\"position: absolute; clip: rect(1px, 1px, 1px, 1px);\" title=\"&#8220;Sector 3 I Au intrat \u00een vigoare noi tarife pentru parcarea \u201eDecebal\u201d&#8221; &#8212; Buletin de Bucure\u0219ti\" src=\"https:\/\/buletin.de\/bucuresti\/sector-3-i-au-intrat-in-vigoare-noi-tarife-pentru-parcarea-decebal\/embed\/#?secret=NnH9ZBUhLm#?secret=kQZZFk4CdL\" data-secret=\"kQZZFk4CdL\" width=\"600\" height=\"338\" frameborder=\"0\" marginwidth=\"0\" marginheight=\"0\" scrolling=\"no\"><\/iframe>\n<\/div><\/figure>\n","protected":false},"excerpt":{"rendered":"<p>Sta\u021bionarea peste 72 de ore consecutive \u00een parcarea subteran\u0103 \u201eDecebal\u201d urmeaz\u0103 s\u0103 fie stabilit\u0103 drept contraven\u021bie ce poate fi sanc\u021bionat\u0103 cu p\u00e2n\u0103 la 1.000 de lei. \u00cen \u0219edin\u021ba de joi, 8 februarie, consilierii locali ai Sectorului 3 vor supune la vot c\u00e2teva schimb\u0103ri ale regulamentului cu privire la regulamentul de func\u021bionare a parc\u0103rii, inclusiv aprob\u00e2nd [&hellip;]<\/p>\n","protected":false},"author":47,"featured_media":76554,"comment_status":"closed","ping_status":"open","sticky":false,"template":"","format":"standard","meta":{"_acf_changed":false,"inline_featured_image":false,"ngg_post_thumbnail":0,"footnotes":""},"categories":[6994,5762,24],"tags":[9613,850,990,2135,9163,2438,440,2565],"ppma_author":[22580],"class_list":["post-76548","post","type-post","status-publish","format-standard","has-post-thumbnail","hentry","category-stiri-2","category-main","category-primarie","tag-72-ore","tag-amenda","tag-licitatie","tag-parcare","tag-parcarea-decebal","tag-primaria-sector-3","tag-sector-3","tag-tarife"],"acf":[],"yoast_head":"<!-- This site is optimized with the Yoast SEO Premium plugin v25.3 (Yoast SEO v27.4) - https:\/\/yoast.com\/product\/yoast-seo-premium-wordpress\/ -->\n<title>Amenzi pentru cei care \u00ee\u015fi \u0163in ma\u015fina \u00een parcarea Decebal mai mult de 72 de ore legate - Buletin de Bucure\u0219ti<\/title>\n<meta name=\"robots\" content=\"index, follow, max-snippet:-1, max-image-preview:large, max-video-preview:-1\" \/>\n<link rel=\"canonical\" href=\"https:\/\/buletin.de\/bucuresti\/amenzi-pentru-cei-care-isi-tin-masina-in-parcarea-decebal-mai-mult-de-72-de-ore-legate\/\" \/>\n<meta property=\"og:locale\" content=\"en_GB\" \/>\n<meta property=\"og:type\" content=\"article\" \/>\n<meta property=\"og:title\" content=\"Amenzi pentru cei care \u00ee\u015fi \u0163in ma\u015fina \u00een parcarea Decebal mai mult de 72 de ore legate\" \/>\n<meta property=\"og:description\" content=\"Sta\u021bionarea peste 72 de ore consecutive \u00een parcarea subteran\u0103 \u201eDecebal\u201d urmeaz\u0103 s\u0103 fie stabilit\u0103 drept contraven\u021bie ce poate fi sanc\u021bionat\u0103 cu p\u00e2n\u0103 la 1.000 de lei. \u00cen \u0219edin\u021ba de joi, 8 februarie, consilierii locali ai Sectorului 3 vor supune la vot c\u00e2teva schimb\u0103ri ale regulamentului cu privire la regulamentul de func\u021bionare a parc\u0103rii, inclusiv aprob\u00e2nd [&hellip;]\" \/>\n<meta property=\"og:url\" content=\"https:\/\/buletin.de\/bucuresti\/amenzi-pentru-cei-care-isi-tin-masina-in-parcarea-decebal-mai-mult-de-72-de-ore-legate\/\" \/>\n<meta property=\"og:site_name\" content=\"Buletin de Bucure\u0219ti\" \/>\n<meta property=\"article:publisher\" content=\"https:\/\/www.facebook.com\/buletin.de.buc\" \/>\n<meta property=\"article:published_time\" content=\"2024-02-08T04:20:00+00:00\" \/>\n<meta property=\"article:modified_time\" content=\"2024-02-08T05:26:54+00:00\" \/>\n<meta property=\"og:image\" content=\"https:\/\/buletin.de\/bucuresti\/wp-content\/uploads\/Imagine-WhatsApp-2024-02-07-la-14.19.21_91279d10.jpg\" \/>\n\t<meta property=\"og:image:width\" content=\"960\" \/>\n\t<meta property=\"og:image:height\" content=\"720\" \/>\n\t<meta property=\"og:image:type\" content=\"image\/jpeg\" \/>\n<meta name=\"author\" content=\"Adina C\u0103p\u00eelnean\" \/>\n<meta name=\"twitter:card\" content=\"summary_large_image\" \/>\n<meta name=\"twitter:label1\" content=\"Written by\" \/>\n\t<meta name=\"twitter:data1\" content=\"Adina C\u0103p\u00eelnean\" \/>\n\t<meta name=\"twitter:label2\" content=\"Estimated reading time\" \/>\n\t<meta name=\"twitter:data2\" content=\"5 minutes\" \/>\n<script type=\"application\/ld+json\" class=\"yoast-schema-graph\">{\"@context\":\"https:\\\/\\\/schema.org\",\"@graph\":[{\"@type\":\"Article\",\"@id\":\"https:\\\/\\\/buletin.de\\\/bucuresti\\\/amenzi-pentru-cei-care-isi-tin-masina-in-parcarea-decebal-mai-mult-de-72-de-ore-legate\\\/#article\",\"isPartOf\":{\"@id\":\"https:\\\/\\\/buletin.de\\\/bucuresti\\\/amenzi-pentru-cei-care-isi-tin-masina-in-parcarea-decebal-mai-mult-de-72-de-ore-legate\\\/\"},\"author\":{\"name\":\"Adina C\u0103p\u00eelnean\",\"@id\":\"https:\\\/\\\/buletin.de\\\/bucuresti\\\/#\\\/schema\\\/person\\\/ab174cf6711728e4ee83d672acf9a912\"},\"headline\":\"Amenzi pentru cei care \u00ee\u015fi \u0163in ma\u015fina \u00een parcarea Decebal mai mult de 72 de ore legate\",\"datePublished\":\"2024-02-08T04:20:00+00:00\",\"dateModified\":\"2024-02-08T05:26:54+00:00\",\"mainEntityOfPage\":{\"@id\":\"https:\\\/\\\/buletin.de\\\/bucuresti\\\/amenzi-pentru-cei-care-isi-tin-masina-in-parcarea-decebal-mai-mult-de-72-de-ore-legate\\\/\"},\"wordCount\":1038,\"publisher\":{\"@id\":\"https:\\\/\\\/buletin.de\\\/bucuresti\\\/#organization\"},\"image\":{\"@id\":\"https:\\\/\\\/buletin.de\\\/bucuresti\\\/amenzi-pentru-cei-care-isi-tin-masina-in-parcarea-decebal-mai-mult-de-72-de-ore-legate\\\/#primaryimage\"},\"thumbnailUrl\":\"https:\\\/\\\/buletin.de\\\/bucuresti\\\/wp-content\\\/uploads\\\/Imagine-WhatsApp-2024-02-07-la-14.19.21_91279d10.jpg\",\"keywords\":[\"72 ore\",\"amenda\",\"licitatie\",\"parcare\",\"Parcarea Decebal\",\"Primaria Sector 3\",\"Sector 3\",\"tarife\"],\"articleSection\":[\"Articole\",\"Main\",\"Prim\u0103rie\"],\"inLanguage\":\"en-GB\",\"copyrightYear\":\"2024\",\"copyrightHolder\":{\"@id\":\"https:\\\/\\\/buletin.de\\\/bucuresti\\\/#organization\"}},{\"@type\":\"WebPage\",\"@id\":\"https:\\\/\\\/buletin.de\\\/bucuresti\\\/amenzi-pentru-cei-care-isi-tin-masina-in-parcarea-decebal-mai-mult-de-72-de-ore-legate\\\/\",\"url\":\"https:\\\/\\\/buletin.de\\\/bucuresti\\\/amenzi-pentru-cei-care-isi-tin-masina-in-parcarea-decebal-mai-mult-de-72-de-ore-legate\\\/\",\"name\":\"Amenzi pentru cei care \u00ee\u015fi \u0163in ma\u015fina \u00een parcarea Decebal mai mult de 72 de ore legate - Buletin de Bucure\u0219ti\",\"isPartOf\":{\"@id\":\"https:\\\/\\\/buletin.de\\\/bucuresti\\\/#website\"},\"primaryImageOfPage\":{\"@id\":\"https:\\\/\\\/buletin.de\\\/bucuresti\\\/amenzi-pentru-cei-care-isi-tin-masina-in-parcarea-decebal-mai-mult-de-72-de-ore-legate\\\/#primaryimage\"},\"image\":{\"@id\":\"https:\\\/\\\/buletin.de\\\/bucuresti\\\/amenzi-pentru-cei-care-isi-tin-masina-in-parcarea-decebal-mai-mult-de-72-de-ore-legate\\\/#primaryimage\"},\"thumbnailUrl\":\"https:\\\/\\\/buletin.de\\\/bucuresti\\\/wp-content\\\/uploads\\\/Imagine-WhatsApp-2024-02-07-la-14.19.21_91279d10.jpg\",\"datePublished\":\"2024-02-08T04:20:00+00:00\",\"dateModified\":\"2024-02-08T05:26:54+00:00\",\"breadcrumb\":{\"@id\":\"https:\\\/\\\/buletin.de\\\/bucuresti\\\/amenzi-pentru-cei-care-isi-tin-masina-in-parcarea-decebal-mai-mult-de-72-de-ore-legate\\\/#breadcrumb\"},\"inLanguage\":\"en-GB\",\"potentialAction\":[{\"@type\":\"ReadAction\",\"target\":[\"https:\\\/\\\/buletin.de\\\/bucuresti\\\/amenzi-pentru-cei-care-isi-tin-masina-in-parcarea-decebal-mai-mult-de-72-de-ore-legate\\\/\"]}]},{\"@type\":\"ImageObject\",\"inLanguage\":\"en-GB\",\"@id\":\"https:\\\/\\\/buletin.de\\\/bucuresti\\\/amenzi-pentru-cei-care-isi-tin-masina-in-parcarea-decebal-mai-mult-de-72-de-ore-legate\\\/#primaryimage\",\"url\":\"https:\\\/\\\/buletin.de\\\/bucuresti\\\/wp-content\\\/uploads\\\/Imagine-WhatsApp-2024-02-07-la-14.19.21_91279d10.jpg\",\"contentUrl\":\"https:\\\/\\\/buletin.de\\\/bucuresti\\\/wp-content\\\/uploads\\\/Imagine-WhatsApp-2024-02-07-la-14.19.21_91279d10.jpg\",\"width\":960,\"height\":720,\"caption\":\"Surs\u0103: Prim\u0103ria Sectorului 3, Facebook\"},{\"@type\":\"BreadcrumbList\",\"@id\":\"https:\\\/\\\/buletin.de\\\/bucuresti\\\/amenzi-pentru-cei-care-isi-tin-masina-in-parcarea-decebal-mai-mult-de-72-de-ore-legate\\\/#breadcrumb\",\"itemListElement\":[{\"@type\":\"ListItem\",\"position\":1,\"name\":\"Acas\u0103\",\"item\":\"https:\\\/\\\/buletin.de\\\/bucuresti\\\/\"},{\"@type\":\"ListItem\",\"position\":2,\"name\":\"Amenzi pentru cei care \u00ee\u015fi \u0163in ma\u015fina \u00een parcarea Decebal mai mult de 72 de ore legate\"}]},{\"@type\":\"WebSite\",\"@id\":\"https:\\\/\\\/buletin.de\\\/bucuresti\\\/#website\",\"url\":\"https:\\\/\\\/buletin.de\\\/bucuresti\\\/\",\"name\":\"Buletin de Bucure\u0219ti\",\"description\":\"\u0218tiri \u0219i investiga\u021bii esen\u021biale din capital\u0103\",\"publisher\":{\"@id\":\"https:\\\/\\\/buletin.de\\\/bucuresti\\\/#organization\"},\"potentialAction\":[{\"@type\":\"SearchAction\",\"target\":{\"@type\":\"EntryPoint\",\"urlTemplate\":\"https:\\\/\\\/buletin.de\\\/bucuresti\\\/?s={search_term_string}\"},\"query-input\":{\"@type\":\"PropertyValueSpecification\",\"valueRequired\":true,\"valueName\":\"search_term_string\"}}],\"inLanguage\":\"en-GB\"},{\"@type\":\"Organization\",\"@id\":\"https:\\\/\\\/buletin.de\\\/bucuresti\\\/#organization\",\"name\":\"Buletin de Bucure\u0219ti\",\"url\":\"https:\\\/\\\/buletin.de\\\/bucuresti\\\/\",\"logo\":{\"@type\":\"ImageObject\",\"inLanguage\":\"en-GB\",\"@id\":\"https:\\\/\\\/buletin.de\\\/bucuresti\\\/#\\\/schema\\\/logo\\\/image\\\/\",\"url\":\"https:\\\/\\\/buletin.de\\\/bucuresti\\\/wp-content\\\/uploads\\\/logo-bdb-full-wide-vernil-transparent.png\",\"contentUrl\":\"https:\\\/\\\/buletin.de\\\/bucuresti\\\/wp-content\\\/uploads\\\/logo-bdb-full-wide-vernil-transparent.png\",\"width\":1782,\"height\":626,\"caption\":\"Buletin de Bucure\u0219ti\"},\"image\":{\"@id\":\"https:\\\/\\\/buletin.de\\\/bucuresti\\\/#\\\/schema\\\/logo\\\/image\\\/\"},\"sameAs\":[\"https:\\\/\\\/www.facebook.com\\\/buletin.de.buc\",\"https:\\\/\\\/www.instagram.com\\\/buletinde.bucuresti\\\/\"]},{\"@type\":\"Person\",\"@id\":\"https:\\\/\\\/buletin.de\\\/bucuresti\\\/#\\\/schema\\\/person\\\/ab174cf6711728e4ee83d672acf9a912\",\"name\":\"Adina C\u0103p\u00eelnean\",\"image\":{\"@type\":\"ImageObject\",\"inLanguage\":\"en-GB\",\"@id\":\"https:\\\/\\\/secure.gravatar.com\\\/avatar\\\/4fe9675d6282fd7c1aa4e486a037d532d5728fc16a30360f293eb6126b2e73ad?s=96&d=monsterid&r=ge2b23868508aec3460d3c6a11d3b599a\",\"url\":\"https:\\\/\\\/secure.gravatar.com\\\/avatar\\\/4fe9675d6282fd7c1aa4e486a037d532d5728fc16a30360f293eb6126b2e73ad?s=96&d=monsterid&r=g\",\"contentUrl\":\"https:\\\/\\\/secure.gravatar.com\\\/avatar\\\/4fe9675d6282fd7c1aa4e486a037d532d5728fc16a30360f293eb6126b2e73ad?s=96&d=monsterid&r=g\",\"caption\":\"Adina C\u0103p\u00eelnean\"},\"url\":\"https:\\\/\\\/buletin.de\\\/bucuresti\\\/author\\\/adinacapilnean\\\/\"}]}<\/script>\n<!-- \/ Yoast SEO Premium plugin. -->","yoast_head_json":{"title":"Amenzi pentru cei care \u00ee\u015fi \u0163in ma\u015fina \u00een parcarea Decebal mai mult de 72 de ore legate - Buletin de Bucure\u0219ti","robots":{"index":"index","follow":"follow","max-snippet":"max-snippet:-1","max-image-preview":"max-image-preview:large","max-video-preview":"max-video-preview:-1"},"canonical":"https:\/\/buletin.de\/bucuresti\/amenzi-pentru-cei-care-isi-tin-masina-in-parcarea-decebal-mai-mult-de-72-de-ore-legate\/","og_locale":"en_GB","og_type":"article","og_title":"Amenzi pentru cei care \u00ee\u015fi \u0163in ma\u015fina \u00een parcarea Decebal mai mult de 72 de ore legate","og_description":"Sta\u021bionarea peste 72 de ore consecutive \u00een parcarea subteran\u0103 \u201eDecebal\u201d urmeaz\u0103 s\u0103 fie stabilit\u0103 drept contraven\u021bie ce poate fi sanc\u021bionat\u0103 cu p\u00e2n\u0103 la 1.000 de lei. \u00cen \u0219edin\u021ba de joi, 8 februarie, consilierii locali ai Sectorului 3 vor supune la vot c\u00e2teva schimb\u0103ri ale regulamentului cu privire la regulamentul de func\u021bionare a parc\u0103rii, inclusiv aprob\u00e2nd [&hellip;]","og_url":"https:\/\/buletin.de\/bucuresti\/amenzi-pentru-cei-care-isi-tin-masina-in-parcarea-decebal-mai-mult-de-72-de-ore-legate\/","og_site_name":"Buletin de Bucure\u0219ti","article_publisher":"https:\/\/www.facebook.com\/buletin.de.buc","article_published_time":"2024-02-08T04:20:00+00:00","article_modified_time":"2024-02-08T05:26:54+00:00","og_image":[{"width":960,"height":720,"url":"https:\/\/buletin.de\/bucuresti\/wp-content\/uploads\/Imagine-WhatsApp-2024-02-07-la-14.19.21_91279d10.jpg","type":"image\/jpeg"}],"author":"Adina C\u0103p\u00eelnean","twitter_card":"summary_large_image","twitter_misc":{"Written by":"Adina C\u0103p\u00eelnean","Estimated reading time":"5 minutes"},"schema":{"@context":"https:\/\/schema.org","@graph":[{"@type":"Article","@id":"https:\/\/buletin.de\/bucuresti\/amenzi-pentru-cei-care-isi-tin-masina-in-parcarea-decebal-mai-mult-de-72-de-ore-legate\/#article","isPartOf":{"@id":"https:\/\/buletin.de\/bucuresti\/amenzi-pentru-cei-care-isi-tin-masina-in-parcarea-decebal-mai-mult-de-72-de-ore-legate\/"},"author":{"name":"Adina C\u0103p\u00eelnean","@id":"https:\/\/buletin.de\/bucuresti\/#\/schema\/person\/ab174cf6711728e4ee83d672acf9a912"},"headline":"Amenzi pentru cei care \u00ee\u015fi \u0163in ma\u015fina \u00een parcarea Decebal mai mult de 72 de ore legate","datePublished":"2024-02-08T04:20:00+00:00","dateModified":"2024-02-08T05:26:54+00:00","mainEntityOfPage":{"@id":"https:\/\/buletin.de\/bucuresti\/amenzi-pentru-cei-care-isi-tin-masina-in-parcarea-decebal-mai-mult-de-72-de-ore-legate\/"},"wordCount":1038,"publisher":{"@id":"https:\/\/buletin.de\/bucuresti\/#organization"},"image":{"@id":"https:\/\/buletin.de\/bucuresti\/amenzi-pentru-cei-care-isi-tin-masina-in-parcarea-decebal-mai-mult-de-72-de-ore-legate\/#primaryimage"},"thumbnailUrl":"https:\/\/buletin.de\/bucuresti\/wp-content\/uploads\/Imagine-WhatsApp-2024-02-07-la-14.19.21_91279d10.jpg","keywords":["72 ore","amenda","licitatie","parcare","Parcarea Decebal","Primaria Sector 3","Sector 3","tarife"],"articleSection":["Articole","Main","Prim\u0103rie"],"inLanguage":"en-GB","copyrightYear":"2024","copyrightHolder":{"@id":"https:\/\/buletin.de\/bucuresti\/#organization"}},{"@type":"WebPage","@id":"https:\/\/buletin.de\/bucuresti\/amenzi-pentru-cei-care-isi-tin-masina-in-parcarea-decebal-mai-mult-de-72-de-ore-legate\/","url":"https:\/\/buletin.de\/bucuresti\/amenzi-pentru-cei-care-isi-tin-masina-in-parcarea-decebal-mai-mult-de-72-de-ore-legate\/","name":"Amenzi pentru cei care \u00ee\u015fi \u0163in ma\u015fina \u00een parcarea Decebal mai mult de 72 de ore legate - Buletin de Bucure\u0219ti","isPartOf":{"@id":"https:\/\/buletin.de\/bucuresti\/#website"},"primaryImageOfPage":{"@id":"https:\/\/buletin.de\/bucuresti\/amenzi-pentru-cei-care-isi-tin-masina-in-parcarea-decebal-mai-mult-de-72-de-ore-legate\/#primaryimage"},"image":{"@id":"https:\/\/buletin.de\/bucuresti\/amenzi-pentru-cei-care-isi-tin-masina-in-parcarea-decebal-mai-mult-de-72-de-ore-legate\/#primaryimage"},"thumbnailUrl":"https:\/\/buletin.de\/bucuresti\/wp-content\/uploads\/Imagine-WhatsApp-2024-02-07-la-14.19.21_91279d10.jpg","datePublished":"2024-02-08T04:20:00+00:00","dateModified":"2024-02-08T05:26:54+00:00","breadcrumb":{"@id":"https:\/\/buletin.de\/bucuresti\/amenzi-pentru-cei-care-isi-tin-masina-in-parcarea-decebal-mai-mult-de-72-de-ore-legate\/#breadcrumb"},"inLanguage":"en-GB","potentialAction":[{"@type":"ReadAction","target":["https:\/\/buletin.de\/bucuresti\/amenzi-pentru-cei-care-isi-tin-masina-in-parcarea-decebal-mai-mult-de-72-de-ore-legate\/"]}]},{"@type":"ImageObject","inLanguage":"en-GB","@id":"https:\/\/buletin.de\/bucuresti\/amenzi-pentru-cei-care-isi-tin-masina-in-parcarea-decebal-mai-mult-de-72-de-ore-legate\/#primaryimage","url":"https:\/\/buletin.de\/bucuresti\/wp-content\/uploads\/Imagine-WhatsApp-2024-02-07-la-14.19.21_91279d10.jpg","contentUrl":"https:\/\/buletin.de\/bucuresti\/wp-content\/uploads\/Imagine-WhatsApp-2024-02-07-la-14.19.21_91279d10.jpg","width":960,"height":720,"caption":"Surs\u0103: Prim\u0103ria Sectorului 3, Facebook"},{"@type":"BreadcrumbList","@id":"https:\/\/buletin.de\/bucuresti\/amenzi-pentru-cei-care-isi-tin-masina-in-parcarea-decebal-mai-mult-de-72-de-ore-legate\/#breadcrumb","itemListElement":[{"@type":"ListItem","position":1,"name":"Acas\u0103","item":"https:\/\/buletin.de\/bucuresti\/"},{"@type":"ListItem","position":2,"name":"Amenzi pentru cei care \u00ee\u015fi \u0163in ma\u015fina \u00een parcarea Decebal mai mult de 72 de ore legate"}]},{"@type":"WebSite","@id":"https:\/\/buletin.de\/bucuresti\/#website","url":"https:\/\/buletin.de\/bucuresti\/","name":"Buletin de Bucure\u0219ti","description":"\u0218tiri \u0219i investiga\u021bii esen\u021biale din capital\u0103","publisher":{"@id":"https:\/\/buletin.de\/bucuresti\/#organization"},"potentialAction":[{"@type":"SearchAction","target":{"@type":"EntryPoint","urlTemplate":"https:\/\/buletin.de\/bucuresti\/?s={search_term_string}"},"query-input":{"@type":"PropertyValueSpecification","valueRequired":true,"valueName":"search_term_string"}}],"inLanguage":"en-GB"},{"@type":"Organization","@id":"https:\/\/buletin.de\/bucuresti\/#organization","name":"Buletin de Bucure\u0219ti","url":"https:\/\/buletin.de\/bucuresti\/","logo":{"@type":"ImageObject","inLanguage":"en-GB","@id":"https:\/\/buletin.de\/bucuresti\/#\/schema\/logo\/image\/","url":"https:\/\/buletin.de\/bucuresti\/wp-content\/uploads\/logo-bdb-full-wide-vernil-transparent.png","contentUrl":"https:\/\/buletin.de\/bucuresti\/wp-content\/uploads\/logo-bdb-full-wide-vernil-transparent.png","width":1782,"height":626,"caption":"Buletin de Bucure\u0219ti"},"image":{"@id":"https:\/\/buletin.de\/bucuresti\/#\/schema\/logo\/image\/"},"sameAs":["https:\/\/www.facebook.com\/buletin.de.buc","https:\/\/www.instagram.com\/buletinde.bucuresti\/"]},{"@type":"Person","@id":"https:\/\/buletin.de\/bucuresti\/#\/schema\/person\/ab174cf6711728e4ee83d672acf9a912","name":"Adina C\u0103p\u00eelnean","image":{"@type":"ImageObject","inLanguage":"en-GB","@id":"https:\/\/secure.gravatar.com\/avatar\/4fe9675d6282fd7c1aa4e486a037d532d5728fc16a30360f293eb6126b2e73ad?s=96&d=monsterid&r=ge2b23868508aec3460d3c6a11d3b599a","url":"https:\/\/secure.gravatar.com\/avatar\/4fe9675d6282fd7c1aa4e486a037d532d5728fc16a30360f293eb6126b2e73ad?s=96&d=monsterid&r=g","contentUrl":"https:\/\/secure.gravatar.com\/avatar\/4fe9675d6282fd7c1aa4e486a037d532d5728fc16a30360f293eb6126b2e73ad?s=96&d=monsterid&r=g","caption":"Adina C\u0103p\u00eelnean"},"url":"https:\/\/buletin.de\/bucuresti\/author\/adinacapilnean\/"}]}},"authors":[{"term_id":22580,"user_id":47,"is_guest":0,"slug":"adinacapilnean","display_name":"Adina C\u0103p\u00eelnean","avatar_url":"https:\/\/secure.gravatar.com\/avatar\/4fe9675d6282fd7c1aa4e486a037d532d5728fc16a30360f293eb6126b2e73ad?s=96&d=monsterid&r=g","0":null,"1":"","2":"","3":"","4":"","5":"","6":"","7":"","8":""}],"_links":{"self":[{"href":"https:\/\/buletin.de\/bucuresti\/wp-json\/wp\/v2\/posts\/76548","targetHints":{"allow":["GET"]}}],"collection":[{"href":"https:\/\/buletin.de\/bucuresti\/wp-json\/wp\/v2\/posts"}],"about":[{"href":"https:\/\/buletin.de\/bucuresti\/wp-json\/wp\/v2\/types\/post"}],"author":[{"embeddable":true,"href":"https:\/\/buletin.de\/bucuresti\/wp-json\/wp\/v2\/users\/47"}],"replies":[{"embeddable":true,"href":"https:\/\/buletin.de\/bucuresti\/wp-json\/wp\/v2\/comments?post=76548"}],"version-history":[{"count":5,"href":"https:\/\/buletin.de\/bucuresti\/wp-json\/wp\/v2\/posts\/76548\/revisions"}],"predecessor-version":[{"id":76582,"href":"https:\/\/buletin.de\/bucuresti\/wp-json\/wp\/v2\/posts\/76548\/revisions\/76582"}],"wp:featuredmedia":[{"embeddable":true,"href":"https:\/\/buletin.de\/bucuresti\/wp-json\/wp\/v2\/media\/76554"}],"wp:attachment":[{"href":"https:\/\/buletin.de\/bucuresti\/wp-json\/wp\/v2\/media?parent=76548"}],"wp:term":[{"taxonomy":"category","embeddable":true,"href":"https:\/\/buletin.de\/bucuresti\/wp-json\/wp\/v2\/categories?post=76548"},{"taxonomy":"post_tag","embeddable":true,"href":"https:\/\/buletin.de\/bucuresti\/wp-json\/wp\/v2\/tags?post=76548"},{"taxonomy":"author","embeddable":true,"href":"https:\/\/buletin.de\/bucuresti\/wp-json\/wp\/v2\/ppma_author?post=76548"}],"curies":[{"name":"wp","href":"https:\/\/api.w.org\/{rel}","templated":true}]}}