{"id":76448,"date":"2024-02-07T05:30:00","date_gmt":"2024-02-07T03:30:00","guid":{"rendered":"https:\/\/buletin.de\/bucuresti\/?p=76448"},"modified":"2024-02-06T18:24:02","modified_gmt":"2024-02-06T16:24:02","slug":"fostul-cinematograf-scala-va-fi-reabilitat-cu-fonduri-nerambursabile","status":"publish","type":"post","link":"https:\/\/buletin.de\/bucuresti\/fostul-cinematograf-scala-va-fi-reabilitat-cu-fonduri-nerambursabile\/","title":{"rendered":"Fostul cinematograf \u201eScala\u201d va fi reabilitat cu fonduri nerambursabile"},"content":{"rendered":"\n<p><strong>Cl\u0103direa \u00een care se afl\u0103 fostul cinematograf Scala \u0219i alte dou\u0103 imobile situate pe str. Vasile Lasc\u0103r nr. 6 \u0219i pe str. Sp\u0103tarului nr. 17 bis vor fi consolidate cu fonduri nerambursabile, anun\u021b\u0103 Prim\u0103ria Capitalei. Banii vor fi asigura\u021bi prin Programul Na\u021bional de Consolidare a Cl\u0103dirilor cu Risc Seismic Ridicat.<\/strong><\/p>\n\n\n\n<p>Ministerul Dezvolt\u0103rii, Lucr\u0103rilor Publice \u0219i Administra\u021biei a inclus aceste 3 imobile pe lista proiectelor eligibile \u00een vederea \u00eencheierii contractelor de finan\u021bare. Valoarea lucr\u0103rilor se ridic\u0103 110,08 milioane de lei. <\/p>\n\n\n\n<p>P\u00e2n\u0103 \u00een acest moment, AMCCRS are aprobate pentru finan\u021bare nerambursabil\u0103 din fonduri na\u021bionale 24 de proiecte: 21 de cl\u0103diri reziden\u021biale \u0219i 3 publice.  Suma pe care Municipiul Bucure\u0219ti, prin AMCCRS, o va ob\u021bine de la Ministerul Dezvolt\u0103rii este de peste 610 milioane de lei.<\/p>\n\n\n\n<p>La sf\u00e2r\u0219itul anului trecut, Prim\u0103ria Capitalei anun\u021ba c\u0103 mai multe cl\u0103diri cu risc seismic, printre care unele emblematice ale Capitalei, vor fi consolidate cu peste 135 de milioane de euro, fonduri europene \u015fi na\u0163ionale nerambursabile, ob\u0163inute prin mai multe proiecte depuse de Administra\u0163ia Municipal\u0103 pentru Consolidarea Cl\u0103dirilor cu Risc Seismic.<\/p>\n\n\n\n<p>21 de proiecte depuse de AMCCRS, \u00een cadrul&nbsp;<strong><em>Programului na\u021bional de consolidare a cl\u0103dirilor cu risc seismic ridicat&nbsp;<\/em><\/strong>(PNCCRS), au fost selectate pentru finan\u021bare. Imobilele care vor fi consolidate seismic se afl\u0103 \u00een zone protejate istoric, iar valoarea finan\u021b\u0103rii este de aproximativ 500,62 milioane lei.<\/p>\n\n\n\n<p>Prin PNRR, AMCCRS a semnat 17 contracte de finan\u021bare \u00een valoare total\u0103 de 283,4 milioane lei. Printre cl\u0103dirile care vor fi consolidate cu aceste fonduri se num\u0103r\u0103 Teatrul Bulandra, Teatrul foarte Mic, Muzeul memorial Gheorghe T\u0103t\u0103rescu, Blocul Rosenthal sau Club A.<\/p>\n\n\n\n<p>Lista cu imobilele care vor fi consolidate poate fi consultat\u0103<a href=\"https:\/\/amccrs-pmb.ro\/2023\/02\/programul-national-de-consolidare-a-cladirilor-cu-risc-seismic-pnccrs\/?fbclid=IwAR3kuPtUNQowqdoQCtqP65SXmb_R0rgOFu9XlvV2dC0pgIjVoNdFqh18FI4\"> AICI.<\/a><\/p>\n\n\n\n<p><\/p>\n\n\n\n<p><strong>CITE\u015eTE \u015eI:<\/strong><\/p>\n\n\n\n<figure class=\"wp-block-embed is-type-wp-embed is-provider-buletin-de-bucure-ti wp-block-embed-buletin-de-bucure-ti\"><div class=\"wp-block-embed__wrapper\">\n<blockquote class=\"wp-embedded-content\" data-secret=\"oIkqofdWDt\"><a href=\"https:\/\/buletin.de\/bucuresti\/se-developeaza-filmul-lucrarilor-de-la-cinema-favorit-simbolul-sectorului-6-programat-sa-fie-gata-in-vara-lui-2025\/\">Sector 6 | Se \u201edevelopeaz\u0103 filmul\u201d lucr\u0103rilor de la Cinema Favorit. Deschiderea, programat\u0103 \u00een vara lui 2025<\/a><\/blockquote><iframe class=\"wp-embedded-content\" sandbox=\"allow-scripts\" security=\"restricted\" style=\"position: absolute; clip: rect(1px, 1px, 1px, 1px);\" title=\"&#8220;Sector 6 | Se \u201edevelopeaz\u0103 filmul\u201d lucr\u0103rilor de la Cinema Favorit. Deschiderea, programat\u0103 \u00een vara lui 2025&#8221; &#8212; Buletin de Bucure\u0219ti\" src=\"https:\/\/buletin.de\/bucuresti\/se-developeaza-filmul-lucrarilor-de-la-cinema-favorit-simbolul-sectorului-6-programat-sa-fie-gata-in-vara-lui-2025\/embed\/#?secret=uqq8vOvL7p#?secret=oIkqofdWDt\" data-secret=\"oIkqofdWDt\" width=\"600\" height=\"338\" frameborder=\"0\" marginwidth=\"0\" marginheight=\"0\" scrolling=\"no\"><\/iframe>\n<\/div><\/figure>\n","protected":false},"excerpt":{"rendered":"<p>Cl\u0103direa \u00een care se afl\u0103 fostul cinematograf Scala \u0219i alte dou\u0103 imobile situate pe str. Vasile Lasc\u0103r nr. 6 \u0219i pe str. Sp\u0103tarului nr. 17 bis vor fi consolidate cu fonduri nerambursabile, anun\u021b\u0103 Prim\u0103ria Capitalei. Banii vor fi asigura\u021bi prin Programul Na\u021bional de Consolidare a Cl\u0103dirilor cu Risc Seismic Ridicat. Ministerul Dezvolt\u0103rii, Lucr\u0103rilor Publice \u0219i [&hellip;]<\/p>\n","protected":false},"author":49,"featured_media":76450,"comment_status":"closed","ping_status":"open","sticky":false,"template":"","format":"standard","meta":{"_acf_changed":false,"inline_featured_image":false,"ngg_post_thumbnail":0,"footnotes":""},"categories":[6994,5762,24],"tags":[9587,9589,9588],"ppma_author":[22574],"class_list":["post-76448","post","type-post","status-publish","format-standard","has-post-thumbnail","hentry","category-stiri-2","category-main","category-primarie","tag-cinema-scala","tag-reailitare-cladiri-cu-risc-seismic","tag-vasile-lascar"],"acf":[],"yoast_head":"<!-- This site is optimized with the Yoast SEO Premium plugin v25.3 (Yoast SEO v27.5) - https:\/\/yoast.com\/product\/yoast-seo-premium-wordpress\/ -->\n<title>Fostul cinematograf \u201eScala\u201d va fi reabilitat cu fonduri nerambursabile - Buletin de Bucure\u0219ti<\/title>\n<meta name=\"robots\" content=\"index, follow, max-snippet:-1, max-image-preview:large, max-video-preview:-1\" \/>\n<link rel=\"canonical\" href=\"https:\/\/buletin.de\/bucuresti\/fostul-cinematograf-scala-va-fi-reabilitat-cu-fonduri-nerambursabile\/\" \/>\n<meta property=\"og:locale\" content=\"en_GB\" \/>\n<meta property=\"og:type\" content=\"article\" \/>\n<meta property=\"og:title\" content=\"Fostul cinematograf \u201eScala\u201d va fi reabilitat cu fonduri nerambursabile\" \/>\n<meta property=\"og:description\" content=\"Cl\u0103direa \u00een care se afl\u0103 fostul cinematograf Scala \u0219i alte dou\u0103 imobile situate pe str. Vasile Lasc\u0103r nr. 6 \u0219i pe str. Sp\u0103tarului nr. 17 bis vor fi consolidate cu fonduri nerambursabile, anun\u021b\u0103 Prim\u0103ria Capitalei. Banii vor fi asigura\u021bi prin Programul Na\u021bional de Consolidare a Cl\u0103dirilor cu Risc Seismic Ridicat. Ministerul Dezvolt\u0103rii, Lucr\u0103rilor Publice \u0219i [&hellip;]\" \/>\n<meta property=\"og:url\" content=\"https:\/\/buletin.de\/bucuresti\/fostul-cinematograf-scala-va-fi-reabilitat-cu-fonduri-nerambursabile\/\" \/>\n<meta property=\"og:site_name\" content=\"Buletin de Bucure\u0219ti\" \/>\n<meta property=\"article:publisher\" content=\"https:\/\/www.facebook.com\/buletin.de.buc\" \/>\n<meta property=\"article:published_time\" content=\"2024-02-07T03:30:00+00:00\" \/>\n<meta property=\"og:image\" content=\"https:\/\/buletin.de\/bucuresti\/wp-content\/uploads\/scala.jpg\" \/>\n\t<meta property=\"og:image:width\" content=\"1600\" \/>\n\t<meta property=\"og:image:height\" content=\"1066\" \/>\n\t<meta property=\"og:image:type\" content=\"image\/jpeg\" \/>\n<meta name=\"author\" content=\"Diana Matei\" \/>\n<meta name=\"twitter:card\" content=\"summary_large_image\" \/>\n<meta name=\"twitter:label1\" content=\"Written by\" \/>\n\t<meta name=\"twitter:data1\" content=\"Diana Matei\" \/>\n\t<meta name=\"twitter:label2\" content=\"Estimated reading time\" \/>\n\t<meta name=\"twitter:data2\" content=\"2 minutes\" \/>\n<script type=\"application\/ld+json\" class=\"yoast-schema-graph\">{\"@context\":\"https:\\\/\\\/schema.org\",\"@graph\":[{\"@type\":\"Article\",\"@id\":\"https:\\\/\\\/buletin.de\\\/bucuresti\\\/fostul-cinematograf-scala-va-fi-reabilitat-cu-fonduri-nerambursabile\\\/#article\",\"isPartOf\":{\"@id\":\"https:\\\/\\\/buletin.de\\\/bucuresti\\\/fostul-cinematograf-scala-va-fi-reabilitat-cu-fonduri-nerambursabile\\\/\"},\"author\":{\"name\":\"Diana Matei\",\"@id\":\"https:\\\/\\\/buletin.de\\\/bucuresti\\\/#\\\/schema\\\/person\\\/7e46040573290777280a0835d81ea4ea\"},\"headline\":\"Fostul cinematograf \u201eScala\u201d va fi reabilitat cu fonduri nerambursabile\",\"datePublished\":\"2024-02-07T03:30:00+00:00\",\"mainEntityOfPage\":{\"@id\":\"https:\\\/\\\/buletin.de\\\/bucuresti\\\/fostul-cinematograf-scala-va-fi-reabilitat-cu-fonduri-nerambursabile\\\/\"},\"wordCount\":315,\"publisher\":{\"@id\":\"https:\\\/\\\/buletin.de\\\/bucuresti\\\/#organization\"},\"image\":{\"@id\":\"https:\\\/\\\/buletin.de\\\/bucuresti\\\/fostul-cinematograf-scala-va-fi-reabilitat-cu-fonduri-nerambursabile\\\/#primaryimage\"},\"thumbnailUrl\":\"https:\\\/\\\/buletin.de\\\/bucuresti\\\/wp-content\\\/uploads\\\/scala.jpg\",\"keywords\":[\"cinema Scala\",\"reailitare cladiri cu risc seismic\",\"Vasile Lascar\"],\"articleSection\":[\"Articole\",\"Main\",\"Prim\u0103rie\"],\"inLanguage\":\"en-GB\",\"copyrightYear\":\"2024\",\"copyrightHolder\":{\"@id\":\"https:\\\/\\\/buletin.de\\\/bucuresti\\\/#organization\"}},{\"@type\":\"WebPage\",\"@id\":\"https:\\\/\\\/buletin.de\\\/bucuresti\\\/fostul-cinematograf-scala-va-fi-reabilitat-cu-fonduri-nerambursabile\\\/\",\"url\":\"https:\\\/\\\/buletin.de\\\/bucuresti\\\/fostul-cinematograf-scala-va-fi-reabilitat-cu-fonduri-nerambursabile\\\/\",\"name\":\"Fostul cinematograf \u201eScala\u201d va fi reabilitat cu fonduri nerambursabile - Buletin de Bucure\u0219ti\",\"isPartOf\":{\"@id\":\"https:\\\/\\\/buletin.de\\\/bucuresti\\\/#website\"},\"primaryImageOfPage\":{\"@id\":\"https:\\\/\\\/buletin.de\\\/bucuresti\\\/fostul-cinematograf-scala-va-fi-reabilitat-cu-fonduri-nerambursabile\\\/#primaryimage\"},\"image\":{\"@id\":\"https:\\\/\\\/buletin.de\\\/bucuresti\\\/fostul-cinematograf-scala-va-fi-reabilitat-cu-fonduri-nerambursabile\\\/#primaryimage\"},\"thumbnailUrl\":\"https:\\\/\\\/buletin.de\\\/bucuresti\\\/wp-content\\\/uploads\\\/scala.jpg\",\"datePublished\":\"2024-02-07T03:30:00+00:00\",\"breadcrumb\":{\"@id\":\"https:\\\/\\\/buletin.de\\\/bucuresti\\\/fostul-cinematograf-scala-va-fi-reabilitat-cu-fonduri-nerambursabile\\\/#breadcrumb\"},\"inLanguage\":\"en-GB\",\"potentialAction\":[{\"@type\":\"ReadAction\",\"target\":[\"https:\\\/\\\/buletin.de\\\/bucuresti\\\/fostul-cinematograf-scala-va-fi-reabilitat-cu-fonduri-nerambursabile\\\/\"]}]},{\"@type\":\"ImageObject\",\"inLanguage\":\"en-GB\",\"@id\":\"https:\\\/\\\/buletin.de\\\/bucuresti\\\/fostul-cinematograf-scala-va-fi-reabilitat-cu-fonduri-nerambursabile\\\/#primaryimage\",\"url\":\"https:\\\/\\\/buletin.de\\\/bucuresti\\\/wp-content\\\/uploads\\\/scala.jpg\",\"contentUrl\":\"https:\\\/\\\/buletin.de\\\/bucuresti\\\/wp-content\\\/uploads\\\/scala.jpg\",\"width\":1600,\"height\":1066,\"caption\":\"Foto: Facebook\\\/Nicusor Dan\"},{\"@type\":\"BreadcrumbList\",\"@id\":\"https:\\\/\\\/buletin.de\\\/bucuresti\\\/fostul-cinematograf-scala-va-fi-reabilitat-cu-fonduri-nerambursabile\\\/#breadcrumb\",\"itemListElement\":[{\"@type\":\"ListItem\",\"position\":1,\"name\":\"Acas\u0103\",\"item\":\"https:\\\/\\\/buletin.de\\\/bucuresti\\\/\"},{\"@type\":\"ListItem\",\"position\":2,\"name\":\"Fostul cinematograf \u201eScala\u201d va fi reabilitat cu fonduri nerambursabile\"}]},{\"@type\":\"WebSite\",\"@id\":\"https:\\\/\\\/buletin.de\\\/bucuresti\\\/#website\",\"url\":\"https:\\\/\\\/buletin.de\\\/bucuresti\\\/\",\"name\":\"Buletin de Bucure\u0219ti\",\"description\":\"\u0218tiri \u0219i investiga\u021bii esen\u021biale din capital\u0103\",\"publisher\":{\"@id\":\"https:\\\/\\\/buletin.de\\\/bucuresti\\\/#organization\"},\"potentialAction\":[{\"@type\":\"SearchAction\",\"target\":{\"@type\":\"EntryPoint\",\"urlTemplate\":\"https:\\\/\\\/buletin.de\\\/bucuresti\\\/?s={search_term_string}\"},\"query-input\":{\"@type\":\"PropertyValueSpecification\",\"valueRequired\":true,\"valueName\":\"search_term_string\"}}],\"inLanguage\":\"en-GB\"},{\"@type\":\"Organization\",\"@id\":\"https:\\\/\\\/buletin.de\\\/bucuresti\\\/#organization\",\"name\":\"Buletin de Bucure\u0219ti\",\"url\":\"https:\\\/\\\/buletin.de\\\/bucuresti\\\/\",\"logo\":{\"@type\":\"ImageObject\",\"inLanguage\":\"en-GB\",\"@id\":\"https:\\\/\\\/buletin.de\\\/bucuresti\\\/#\\\/schema\\\/logo\\\/image\\\/\",\"url\":\"https:\\\/\\\/buletin.de\\\/bucuresti\\\/wp-content\\\/uploads\\\/logo-bdb-full-wide-vernil-transparent.png\",\"contentUrl\":\"https:\\\/\\\/buletin.de\\\/bucuresti\\\/wp-content\\\/uploads\\\/logo-bdb-full-wide-vernil-transparent.png\",\"width\":1782,\"height\":626,\"caption\":\"Buletin de Bucure\u0219ti\"},\"image\":{\"@id\":\"https:\\\/\\\/buletin.de\\\/bucuresti\\\/#\\\/schema\\\/logo\\\/image\\\/\"},\"sameAs\":[\"https:\\\/\\\/www.facebook.com\\\/buletin.de.buc\",\"https:\\\/\\\/www.instagram.com\\\/buletinde.bucuresti\\\/\"]},{\"@type\":\"Person\",\"@id\":\"https:\\\/\\\/buletin.de\\\/bucuresti\\\/#\\\/schema\\\/person\\\/7e46040573290777280a0835d81ea4ea\",\"name\":\"Diana Matei\",\"image\":{\"@type\":\"ImageObject\",\"inLanguage\":\"en-GB\",\"@id\":\"https:\\\/\\\/buletin.de\\\/bucuresti\\\/wp-content\\\/uploads\\\/9-2-96x96.jpg1e8590b30871d70e62ebcdaf2eff570c\",\"url\":\"https:\\\/\\\/buletin.de\\\/bucuresti\\\/wp-content\\\/uploads\\\/9-2-96x96.jpg\",\"contentUrl\":\"https:\\\/\\\/buletin.de\\\/bucuresti\\\/wp-content\\\/uploads\\\/9-2-96x96.jpg\",\"caption\":\"Diana Matei\"},\"url\":\"https:\\\/\\\/buletin.de\\\/bucuresti\\\/author\\\/dianamatei\\\/\"}]}<\/script>\n<!-- \/ Yoast SEO Premium plugin. -->","yoast_head_json":{"title":"Fostul cinematograf \u201eScala\u201d va fi reabilitat cu fonduri nerambursabile - Buletin de Bucure\u0219ti","robots":{"index":"index","follow":"follow","max-snippet":"max-snippet:-1","max-image-preview":"max-image-preview:large","max-video-preview":"max-video-preview:-1"},"canonical":"https:\/\/buletin.de\/bucuresti\/fostul-cinematograf-scala-va-fi-reabilitat-cu-fonduri-nerambursabile\/","og_locale":"en_GB","og_type":"article","og_title":"Fostul cinematograf \u201eScala\u201d va fi reabilitat cu fonduri nerambursabile","og_description":"Cl\u0103direa \u00een care se afl\u0103 fostul cinematograf Scala \u0219i alte dou\u0103 imobile situate pe str. Vasile Lasc\u0103r nr. 6 \u0219i pe str. Sp\u0103tarului nr. 17 bis vor fi consolidate cu fonduri nerambursabile, anun\u021b\u0103 Prim\u0103ria Capitalei. Banii vor fi asigura\u021bi prin Programul Na\u021bional de Consolidare a Cl\u0103dirilor cu Risc Seismic Ridicat. Ministerul Dezvolt\u0103rii, Lucr\u0103rilor Publice \u0219i [&hellip;]","og_url":"https:\/\/buletin.de\/bucuresti\/fostul-cinematograf-scala-va-fi-reabilitat-cu-fonduri-nerambursabile\/","og_site_name":"Buletin de Bucure\u0219ti","article_publisher":"https:\/\/www.facebook.com\/buletin.de.buc","article_published_time":"2024-02-07T03:30:00+00:00","og_image":[{"width":1600,"height":1066,"url":"https:\/\/buletin.de\/bucuresti\/wp-content\/uploads\/scala.jpg","type":"image\/jpeg"}],"author":"Diana Matei","twitter_card":"summary_large_image","twitter_misc":{"Written by":"Diana Matei","Estimated reading time":"2 minutes"},"schema":{"@context":"https:\/\/schema.org","@graph":[{"@type":"Article","@id":"https:\/\/buletin.de\/bucuresti\/fostul-cinematograf-scala-va-fi-reabilitat-cu-fonduri-nerambursabile\/#article","isPartOf":{"@id":"https:\/\/buletin.de\/bucuresti\/fostul-cinematograf-scala-va-fi-reabilitat-cu-fonduri-nerambursabile\/"},"author":{"name":"Diana Matei","@id":"https:\/\/buletin.de\/bucuresti\/#\/schema\/person\/7e46040573290777280a0835d81ea4ea"},"headline":"Fostul cinematograf \u201eScala\u201d va fi reabilitat cu fonduri nerambursabile","datePublished":"2024-02-07T03:30:00+00:00","mainEntityOfPage":{"@id":"https:\/\/buletin.de\/bucuresti\/fostul-cinematograf-scala-va-fi-reabilitat-cu-fonduri-nerambursabile\/"},"wordCount":315,"publisher":{"@id":"https:\/\/buletin.de\/bucuresti\/#organization"},"image":{"@id":"https:\/\/buletin.de\/bucuresti\/fostul-cinematograf-scala-va-fi-reabilitat-cu-fonduri-nerambursabile\/#primaryimage"},"thumbnailUrl":"https:\/\/buletin.de\/bucuresti\/wp-content\/uploads\/scala.jpg","keywords":["cinema Scala","reailitare cladiri cu risc seismic","Vasile Lascar"],"articleSection":["Articole","Main","Prim\u0103rie"],"inLanguage":"en-GB","copyrightYear":"2024","copyrightHolder":{"@id":"https:\/\/buletin.de\/bucuresti\/#organization"}},{"@type":"WebPage","@id":"https:\/\/buletin.de\/bucuresti\/fostul-cinematograf-scala-va-fi-reabilitat-cu-fonduri-nerambursabile\/","url":"https:\/\/buletin.de\/bucuresti\/fostul-cinematograf-scala-va-fi-reabilitat-cu-fonduri-nerambursabile\/","name":"Fostul cinematograf \u201eScala\u201d va fi reabilitat cu fonduri nerambursabile - Buletin de Bucure\u0219ti","isPartOf":{"@id":"https:\/\/buletin.de\/bucuresti\/#website"},"primaryImageOfPage":{"@id":"https:\/\/buletin.de\/bucuresti\/fostul-cinematograf-scala-va-fi-reabilitat-cu-fonduri-nerambursabile\/#primaryimage"},"image":{"@id":"https:\/\/buletin.de\/bucuresti\/fostul-cinematograf-scala-va-fi-reabilitat-cu-fonduri-nerambursabile\/#primaryimage"},"thumbnailUrl":"https:\/\/buletin.de\/bucuresti\/wp-content\/uploads\/scala.jpg","datePublished":"2024-02-07T03:30:00+00:00","breadcrumb":{"@id":"https:\/\/buletin.de\/bucuresti\/fostul-cinematograf-scala-va-fi-reabilitat-cu-fonduri-nerambursabile\/#breadcrumb"},"inLanguage":"en-GB","potentialAction":[{"@type":"ReadAction","target":["https:\/\/buletin.de\/bucuresti\/fostul-cinematograf-scala-va-fi-reabilitat-cu-fonduri-nerambursabile\/"]}]},{"@type":"ImageObject","inLanguage":"en-GB","@id":"https:\/\/buletin.de\/bucuresti\/fostul-cinematograf-scala-va-fi-reabilitat-cu-fonduri-nerambursabile\/#primaryimage","url":"https:\/\/buletin.de\/bucuresti\/wp-content\/uploads\/scala.jpg","contentUrl":"https:\/\/buletin.de\/bucuresti\/wp-content\/uploads\/scala.jpg","width":1600,"height":1066,"caption":"Foto: Facebook\/Nicusor Dan"},{"@type":"BreadcrumbList","@id":"https:\/\/buletin.de\/bucuresti\/fostul-cinematograf-scala-va-fi-reabilitat-cu-fonduri-nerambursabile\/#breadcrumb","itemListElement":[{"@type":"ListItem","position":1,"name":"Acas\u0103","item":"https:\/\/buletin.de\/bucuresti\/"},{"@type":"ListItem","position":2,"name":"Fostul cinematograf \u201eScala\u201d va fi reabilitat cu fonduri nerambursabile"}]},{"@type":"WebSite","@id":"https:\/\/buletin.de\/bucuresti\/#website","url":"https:\/\/buletin.de\/bucuresti\/","name":"Buletin de Bucure\u0219ti","description":"\u0218tiri \u0219i investiga\u021bii esen\u021biale din capital\u0103","publisher":{"@id":"https:\/\/buletin.de\/bucuresti\/#organization"},"potentialAction":[{"@type":"SearchAction","target":{"@type":"EntryPoint","urlTemplate":"https:\/\/buletin.de\/bucuresti\/?s={search_term_string}"},"query-input":{"@type":"PropertyValueSpecification","valueRequired":true,"valueName":"search_term_string"}}],"inLanguage":"en-GB"},{"@type":"Organization","@id":"https:\/\/buletin.de\/bucuresti\/#organization","name":"Buletin de Bucure\u0219ti","url":"https:\/\/buletin.de\/bucuresti\/","logo":{"@type":"ImageObject","inLanguage":"en-GB","@id":"https:\/\/buletin.de\/bucuresti\/#\/schema\/logo\/image\/","url":"https:\/\/buletin.de\/bucuresti\/wp-content\/uploads\/logo-bdb-full-wide-vernil-transparent.png","contentUrl":"https:\/\/buletin.de\/bucuresti\/wp-content\/uploads\/logo-bdb-full-wide-vernil-transparent.png","width":1782,"height":626,"caption":"Buletin de Bucure\u0219ti"},"image":{"@id":"https:\/\/buletin.de\/bucuresti\/#\/schema\/logo\/image\/"},"sameAs":["https:\/\/www.facebook.com\/buletin.de.buc","https:\/\/www.instagram.com\/buletinde.bucuresti\/"]},{"@type":"Person","@id":"https:\/\/buletin.de\/bucuresti\/#\/schema\/person\/7e46040573290777280a0835d81ea4ea","name":"Diana Matei","image":{"@type":"ImageObject","inLanguage":"en-GB","@id":"https:\/\/buletin.de\/bucuresti\/wp-content\/uploads\/9-2-96x96.jpg1e8590b30871d70e62ebcdaf2eff570c","url":"https:\/\/buletin.de\/bucuresti\/wp-content\/uploads\/9-2-96x96.jpg","contentUrl":"https:\/\/buletin.de\/bucuresti\/wp-content\/uploads\/9-2-96x96.jpg","caption":"Diana Matei"},"url":"https:\/\/buletin.de\/bucuresti\/author\/dianamatei\/"}]}},"authors":[{"term_id":22574,"user_id":49,"is_guest":0,"slug":"dianamatei","display_name":"Diana Matei","avatar_url":"https:\/\/buletin.de\/bucuresti\/wp-content\/uploads\/9-2-96x96.jpg","0":null,"1":"","2":"","3":"","4":"","5":"","6":"","7":"","8":""}],"_links":{"self":[{"href":"https:\/\/buletin.de\/bucuresti\/wp-json\/wp\/v2\/posts\/76448","targetHints":{"allow":["GET"]}}],"collection":[{"href":"https:\/\/buletin.de\/bucuresti\/wp-json\/wp\/v2\/posts"}],"about":[{"href":"https:\/\/buletin.de\/bucuresti\/wp-json\/wp\/v2\/types\/post"}],"author":[{"embeddable":true,"href":"https:\/\/buletin.de\/bucuresti\/wp-json\/wp\/v2\/users\/49"}],"replies":[{"embeddable":true,"href":"https:\/\/buletin.de\/bucuresti\/wp-json\/wp\/v2\/comments?post=76448"}],"version-history":[{"count":2,"href":"https:\/\/buletin.de\/bucuresti\/wp-json\/wp\/v2\/posts\/76448\/revisions"}],"predecessor-version":[{"id":76460,"href":"https:\/\/buletin.de\/bucuresti\/wp-json\/wp\/v2\/posts\/76448\/revisions\/76460"}],"wp:featuredmedia":[{"embeddable":true,"href":"https:\/\/buletin.de\/bucuresti\/wp-json\/wp\/v2\/media\/76450"}],"wp:attachment":[{"href":"https:\/\/buletin.de\/bucuresti\/wp-json\/wp\/v2\/media?parent=76448"}],"wp:term":[{"taxonomy":"category","embeddable":true,"href":"https:\/\/buletin.de\/bucuresti\/wp-json\/wp\/v2\/categories?post=76448"},{"taxonomy":"post_tag","embeddable":true,"href":"https:\/\/buletin.de\/bucuresti\/wp-json\/wp\/v2\/tags?post=76448"},{"taxonomy":"author","embeddable":true,"href":"https:\/\/buletin.de\/bucuresti\/wp-json\/wp\/v2\/ppma_author?post=76448"}],"curies":[{"name":"wp","href":"https:\/\/api.w.org\/{rel}","templated":true}]}}