{"id":76214,"date":"2024-02-02T13:58:21","date_gmt":"2024-02-02T11:58:21","guid":{"rendered":"https:\/\/buletin.de\/bucuresti\/?p=76214"},"modified":"2024-02-02T13:58:21","modified_gmt":"2024-02-02T11:58:21","slug":"numele-lui-marcel-ciolacu-vehiculat-pentru-primaria-capitalei-surse-g4media","status":"publish","type":"post","link":"https:\/\/buletin.de\/bucuresti\/numele-lui-marcel-ciolacu-vehiculat-pentru-primaria-capitalei-surse-g4media\/","title":{"rendered":"Numele lui Marcel Ciolacu, vehiculat pentru Prim\u0103ria Capitalei &#8211; surse G4Media"},"content":{"rendered":"\n<p><strong>Numele liderului PSD Marcel Ciolacu este vehiculat \u00een interiorul coali\u0163iei pentru o eventual\u0103 candidatur\u0103 la Prim\u0103ria Capitalei, au declarat <a href=\"https:\/\/www.g4media.ro\/exclusiv-varianta-marcel-ciolacu-candidat-psd-pnl-la-primaria-capitalei-din-nou-pe-masa-coalitiei-nicolae-ciuca-candidat-comun-la-prezidentiale.html\">surse social-democrate pentru G4Media<\/a>. Aceste discu\u0163ii s-au purtat \u00een contextul discu\u0163iei despre comasarea alegerilor europarlamentare din iunie cu cele locale, spun jurnali\u015ftii cita\u0163i. <\/strong><\/p>\n\n\n\n<p>Ar fi o schimbare de macaz radical\u0103, deoarece, tradi\u0163ional, liderul Partidului Social Democrat este cel care candideaz\u0103 la preziden\u0163iale, nu la fotoliul de primar general. <\/p>\n\n\n\n<p>Aceast\u0103 posibilitate a mai fost discutat\u0103 \u00een coali\u021bie \u0219i a fost avansat\u0103 chiar de pre\u0219edintele PNL, Nicolae Ciuc\u0103, au mai declarat sursele citate. Subiectul ar urma s\u0103 fie tran\u0219at \u00een urm\u0103toarele zile, dat fiind c\u0103 nu mai r\u0103m\u00e2n dec\u00e2t patru luni p\u00e2n\u0103 la alegeri dac\u0103 europarlamentarele vor fi comasate cu localele.<\/p>\n\n\n\n<p>\u00cen acest scenariu, Nicolae Ciuc\u0103 ar urma s\u0103 fie candidat comun la alegerile preziden\u021biale. Prin urmare, discu\u021biile de la v\u00e2rful coali\u021biei din urm\u0103toarele zile vor fi decisive pentru viitorul celor doi lideri de partid.<\/p>\n\n\n\n<p>Contactat de reporterii Buletin de Bucure\u015fti, purt\u0103torul de cuv\u00e2nt al PSD, Lucian Roma\u015fcanu, a negat aceast\u0103 variant\u0103. <\/p>\n\n\n\n<blockquote class=\"wp-block-quote is-layout-flow wp-block-quote-is-layout-flow\">\n<p>Nu exist\u0103 o asemenea discu\u021bie, singura persoan\u0103 care \u0219i-a ar\u0103tat inten\u021bia de a candida este doamna Firea. Anun\u021bul candida\u021bilor va fi f\u0103cut c\u00e2nd vor fi desemna\u021bi to\u021bi candida\u021bii PSD.<\/p>\n<cite>purt\u0103torul de cuv\u00e2nt PSD, lucian roma\u015fcanu<\/cite><\/blockquote>\n\n\n\n<p>Cite\u015fte \u00eentregul articol pe <a href=\"https:\/\/www.g4media.ro\/exclusiv-varianta-marcel-ciolacu-candidat-psd-pnl-la-primaria-capitalei-din-nou-pe-masa-coalitiei-nicolae-ciuca-candidat-comun-la-prezidentiale.html\">G4Media<\/a>.<\/p>\n\n\n\n<p><\/p>\n\n\n\n<p><strong>CITE\u015eTE \u015eI:<\/strong><\/p>\n\n\n\n<figure class=\"wp-block-embed is-type-wp-embed is-provider-buletin-de-bucure-ti wp-block-embed-buletin-de-bucure-ti\"><div class=\"wp-block-embed__wrapper\">\n<blockquote class=\"wp-embedded-content\" data-secret=\"tIvLx0WXzb\"><a href=\"https:\/\/buletin.de\/bucuresti\/gabriela-firea-este-suparata-ca-e-candidatul-deocamdata-voi-transa-problema-in-interiorul-partidului\/\">Gabriela Firea este sup\u0103rat\u0103 c\u0103 e \u201eCandidatul Deocamdat\u0103\u201d: \u201eVoi tran\u015fa problema \u00een interiorul partidului!\u201d<\/a><\/blockquote><iframe class=\"wp-embedded-content\" sandbox=\"allow-scripts\" security=\"restricted\" style=\"position: absolute; clip: rect(1px, 1px, 1px, 1px);\" title=\"&#8220;Gabriela Firea este sup\u0103rat\u0103 c\u0103 e \u201eCandidatul Deocamdat\u0103\u201d: \u201eVoi tran\u015fa problema \u00een interiorul partidului!\u201d&#8221; &#8212; Buletin de Bucure\u0219ti\" src=\"https:\/\/buletin.de\/bucuresti\/gabriela-firea-este-suparata-ca-e-candidatul-deocamdata-voi-transa-problema-in-interiorul-partidului\/embed\/#?secret=7N5xdkelfj#?secret=tIvLx0WXzb\" data-secret=\"tIvLx0WXzb\" width=\"600\" height=\"338\" frameborder=\"0\" marginwidth=\"0\" marginheight=\"0\" scrolling=\"no\"><\/iframe>\n<\/div><\/figure>\n","protected":false},"excerpt":{"rendered":"<p>Numele liderului PSD Marcel Ciolacu este vehiculat \u00een interiorul coali\u0163iei pentru o eventual\u0103 candidatur\u0103 la Prim\u0103ria Capitalei, au declarat surse social-democrate pentru G4Media. Aceste discu\u0163ii s-au purtat \u00een contextul discu\u0163iei despre comasarea alegerilor europarlamentare din iunie cu cele locale, spun jurnali\u015ftii cita\u0163i. Ar fi o schimbare de macaz radical\u0103, deoarece, tradi\u0163ional, liderul Partidului Social Democrat [&hellip;]<\/p>\n","protected":false},"author":8,"featured_media":76219,"comment_status":"closed","ping_status":"open","sticky":false,"template":"","format":"standard","meta":{"_acf_changed":false,"inline_featured_image":false,"ngg_post_thumbnail":0,"footnotes":""},"categories":[6994,5762,9025],"tags":[9520,9519],"ppma_author":[22586],"class_list":["post-76214","post","type-post","status-publish","format-standard","has-post-thumbnail","hentry","category-stiri-2","category-main","category-politic","tag-alegeri-pmb-2024-psd","tag-marcel-ciolacu-candidat-primaria-capitalei"],"acf":[],"yoast_head":"<!-- This site is optimized with the Yoast SEO Premium plugin v25.3 (Yoast SEO v27.5) - https:\/\/yoast.com\/product\/yoast-seo-premium-wordpress\/ -->\n<title>Numele lui Marcel Ciolacu, vehiculat pentru Prim\u0103ria Capitalei - surse G4Media - Buletin de Bucure\u0219ti<\/title>\n<meta name=\"robots\" content=\"index, follow, max-snippet:-1, max-image-preview:large, max-video-preview:-1\" \/>\n<link rel=\"canonical\" href=\"https:\/\/buletin.de\/bucuresti\/numele-lui-marcel-ciolacu-vehiculat-pentru-primaria-capitalei-surse-g4media\/\" \/>\n<meta property=\"og:locale\" content=\"en_GB\" \/>\n<meta property=\"og:type\" content=\"article\" \/>\n<meta property=\"og:title\" content=\"Numele lui Marcel Ciolacu, vehiculat pentru Prim\u0103ria Capitalei - surse G4Media\" \/>\n<meta property=\"og:description\" content=\"Numele liderului PSD Marcel Ciolacu este vehiculat \u00een interiorul coali\u0163iei pentru o eventual\u0103 candidatur\u0103 la Prim\u0103ria Capitalei, au declarat surse social-democrate pentru G4Media. Aceste discu\u0163ii s-au purtat \u00een contextul discu\u0163iei despre comasarea alegerilor europarlamentare din iunie cu cele locale, spun jurnali\u015ftii cita\u0163i. Ar fi o schimbare de macaz radical\u0103, deoarece, tradi\u0163ional, liderul Partidului Social Democrat [&hellip;]\" \/>\n<meta property=\"og:url\" content=\"https:\/\/buletin.de\/bucuresti\/numele-lui-marcel-ciolacu-vehiculat-pentru-primaria-capitalei-surse-g4media\/\" \/>\n<meta property=\"og:site_name\" content=\"Buletin de Bucure\u0219ti\" \/>\n<meta property=\"article:publisher\" content=\"https:\/\/www.facebook.com\/buletin.de.buc\" \/>\n<meta property=\"article:published_time\" content=\"2024-02-02T11:58:21+00:00\" \/>\n<meta property=\"og:image\" content=\"https:\/\/buletin.de\/bucuresti\/wp-content\/uploads\/ciolacu-facebook-e1706874986334.jpg\" \/>\n\t<meta property=\"og:image:width\" content=\"1600\" \/>\n\t<meta property=\"og:image:height\" content=\"1066\" \/>\n\t<meta property=\"og:image:type\" content=\"image\/jpeg\" \/>\n<meta name=\"author\" content=\"Ionu\u021b Lepa\" \/>\n<meta name=\"twitter:card\" content=\"summary_large_image\" \/>\n<meta name=\"twitter:label1\" content=\"Written by\" \/>\n\t<meta name=\"twitter:data1\" content=\"Ionu\u021b Lepa\" \/>\n\t<meta name=\"twitter:label2\" content=\"Estimated reading time\" \/>\n\t<meta name=\"twitter:data2\" content=\"1 minute\" \/>\n<script type=\"application\/ld+json\" class=\"yoast-schema-graph\">{\"@context\":\"https:\\\/\\\/schema.org\",\"@graph\":[{\"@type\":\"Article\",\"@id\":\"https:\\\/\\\/buletin.de\\\/bucuresti\\\/numele-lui-marcel-ciolacu-vehiculat-pentru-primaria-capitalei-surse-g4media\\\/#article\",\"isPartOf\":{\"@id\":\"https:\\\/\\\/buletin.de\\\/bucuresti\\\/numele-lui-marcel-ciolacu-vehiculat-pentru-primaria-capitalei-surse-g4media\\\/\"},\"author\":{\"name\":\"Ionu\u021b Lepa\",\"@id\":\"https:\\\/\\\/buletin.de\\\/bucuresti\\\/#\\\/schema\\\/person\\\/5272b8a057b33890940b57b837fc4ce6\"},\"headline\":\"Numele lui Marcel Ciolacu, vehiculat pentru Prim\u0103ria Capitalei &#8211; surse G4Media\",\"datePublished\":\"2024-02-02T11:58:21+00:00\",\"mainEntityOfPage\":{\"@id\":\"https:\\\/\\\/buletin.de\\\/bucuresti\\\/numele-lui-marcel-ciolacu-vehiculat-pentru-primaria-capitalei-surse-g4media\\\/\"},\"wordCount\":271,\"publisher\":{\"@id\":\"https:\\\/\\\/buletin.de\\\/bucuresti\\\/#organization\"},\"image\":{\"@id\":\"https:\\\/\\\/buletin.de\\\/bucuresti\\\/numele-lui-marcel-ciolacu-vehiculat-pentru-primaria-capitalei-surse-g4media\\\/#primaryimage\"},\"thumbnailUrl\":\"https:\\\/\\\/buletin.de\\\/bucuresti\\\/wp-content\\\/uploads\\\/ciolacu-facebook-e1706874986334.jpg\",\"keywords\":[\"alegeri pmb 2024 psd\",\"marcel ciolacu candidat primaria capitalei\"],\"articleSection\":[\"Articole\",\"Main\",\"Politic\"],\"inLanguage\":\"en-GB\",\"copyrightYear\":\"2024\",\"copyrightHolder\":{\"@id\":\"https:\\\/\\\/buletin.de\\\/bucuresti\\\/#organization\"}},{\"@type\":\"WebPage\",\"@id\":\"https:\\\/\\\/buletin.de\\\/bucuresti\\\/numele-lui-marcel-ciolacu-vehiculat-pentru-primaria-capitalei-surse-g4media\\\/\",\"url\":\"https:\\\/\\\/buletin.de\\\/bucuresti\\\/numele-lui-marcel-ciolacu-vehiculat-pentru-primaria-capitalei-surse-g4media\\\/\",\"name\":\"Numele lui Marcel Ciolacu, vehiculat pentru Prim\u0103ria Capitalei - surse G4Media - Buletin de Bucure\u0219ti\",\"isPartOf\":{\"@id\":\"https:\\\/\\\/buletin.de\\\/bucuresti\\\/#website\"},\"primaryImageOfPage\":{\"@id\":\"https:\\\/\\\/buletin.de\\\/bucuresti\\\/numele-lui-marcel-ciolacu-vehiculat-pentru-primaria-capitalei-surse-g4media\\\/#primaryimage\"},\"image\":{\"@id\":\"https:\\\/\\\/buletin.de\\\/bucuresti\\\/numele-lui-marcel-ciolacu-vehiculat-pentru-primaria-capitalei-surse-g4media\\\/#primaryimage\"},\"thumbnailUrl\":\"https:\\\/\\\/buletin.de\\\/bucuresti\\\/wp-content\\\/uploads\\\/ciolacu-facebook-e1706874986334.jpg\",\"datePublished\":\"2024-02-02T11:58:21+00:00\",\"breadcrumb\":{\"@id\":\"https:\\\/\\\/buletin.de\\\/bucuresti\\\/numele-lui-marcel-ciolacu-vehiculat-pentru-primaria-capitalei-surse-g4media\\\/#breadcrumb\"},\"inLanguage\":\"en-GB\",\"potentialAction\":[{\"@type\":\"ReadAction\",\"target\":[\"https:\\\/\\\/buletin.de\\\/bucuresti\\\/numele-lui-marcel-ciolacu-vehiculat-pentru-primaria-capitalei-surse-g4media\\\/\"]}]},{\"@type\":\"ImageObject\",\"inLanguage\":\"en-GB\",\"@id\":\"https:\\\/\\\/buletin.de\\\/bucuresti\\\/numele-lui-marcel-ciolacu-vehiculat-pentru-primaria-capitalei-surse-g4media\\\/#primaryimage\",\"url\":\"https:\\\/\\\/buletin.de\\\/bucuresti\\\/wp-content\\\/uploads\\\/ciolacu-facebook-e1706874986334.jpg\",\"contentUrl\":\"https:\\\/\\\/buletin.de\\\/bucuresti\\\/wp-content\\\/uploads\\\/ciolacu-facebook-e1706874986334.jpg\",\"width\":1600,\"height\":1066,\"caption\":\"FOTO: FB \\\/ Marcel Ciolacu\"},{\"@type\":\"BreadcrumbList\",\"@id\":\"https:\\\/\\\/buletin.de\\\/bucuresti\\\/numele-lui-marcel-ciolacu-vehiculat-pentru-primaria-capitalei-surse-g4media\\\/#breadcrumb\",\"itemListElement\":[{\"@type\":\"ListItem\",\"position\":1,\"name\":\"Acas\u0103\",\"item\":\"https:\\\/\\\/buletin.de\\\/bucuresti\\\/\"},{\"@type\":\"ListItem\",\"position\":2,\"name\":\"Numele lui Marcel Ciolacu, vehiculat pentru Prim\u0103ria Capitalei &#8211; surse G4Media\"}]},{\"@type\":\"WebSite\",\"@id\":\"https:\\\/\\\/buletin.de\\\/bucuresti\\\/#website\",\"url\":\"https:\\\/\\\/buletin.de\\\/bucuresti\\\/\",\"name\":\"Buletin de Bucure\u0219ti\",\"description\":\"\u0218tiri \u0219i investiga\u021bii esen\u021biale din capital\u0103\",\"publisher\":{\"@id\":\"https:\\\/\\\/buletin.de\\\/bucuresti\\\/#organization\"},\"potentialAction\":[{\"@type\":\"SearchAction\",\"target\":{\"@type\":\"EntryPoint\",\"urlTemplate\":\"https:\\\/\\\/buletin.de\\\/bucuresti\\\/?s={search_term_string}\"},\"query-input\":{\"@type\":\"PropertyValueSpecification\",\"valueRequired\":true,\"valueName\":\"search_term_string\"}}],\"inLanguage\":\"en-GB\"},{\"@type\":\"Organization\",\"@id\":\"https:\\\/\\\/buletin.de\\\/bucuresti\\\/#organization\",\"name\":\"Buletin de Bucure\u0219ti\",\"url\":\"https:\\\/\\\/buletin.de\\\/bucuresti\\\/\",\"logo\":{\"@type\":\"ImageObject\",\"inLanguage\":\"en-GB\",\"@id\":\"https:\\\/\\\/buletin.de\\\/bucuresti\\\/#\\\/schema\\\/logo\\\/image\\\/\",\"url\":\"https:\\\/\\\/buletin.de\\\/bucuresti\\\/wp-content\\\/uploads\\\/logo-bdb-full-wide-vernil-transparent.png\",\"contentUrl\":\"https:\\\/\\\/buletin.de\\\/bucuresti\\\/wp-content\\\/uploads\\\/logo-bdb-full-wide-vernil-transparent.png\",\"width\":1782,\"height\":626,\"caption\":\"Buletin de Bucure\u0219ti\"},\"image\":{\"@id\":\"https:\\\/\\\/buletin.de\\\/bucuresti\\\/#\\\/schema\\\/logo\\\/image\\\/\"},\"sameAs\":[\"https:\\\/\\\/www.facebook.com\\\/buletin.de.buc\",\"https:\\\/\\\/www.instagram.com\\\/buletinde.bucuresti\\\/\"]},{\"@type\":\"Person\",\"@id\":\"https:\\\/\\\/buletin.de\\\/bucuresti\\\/#\\\/schema\\\/person\\\/5272b8a057b33890940b57b837fc4ce6\",\"name\":\"Ionu\u021b Lepa\",\"image\":{\"@type\":\"ImageObject\",\"inLanguage\":\"en-GB\",\"@id\":\"https:\\\/\\\/buletin.de\\\/bucuresti\\\/wp-content\\\/uploads\\\/Ionut-Lepa-96x96.jpg5c4e4d9e049808799a8821652d2410a4\",\"url\":\"https:\\\/\\\/buletin.de\\\/bucuresti\\\/wp-content\\\/uploads\\\/Ionut-Lepa-96x96.jpg\",\"contentUrl\":\"https:\\\/\\\/buletin.de\\\/bucuresti\\\/wp-content\\\/uploads\\\/Ionut-Lepa-96x96.jpg\",\"caption\":\"Ionu\u021b Lepa\"},\"url\":\"https:\\\/\\\/buletin.de\\\/bucuresti\\\/author\\\/ionutlepa\\\/\"}]}<\/script>\n<!-- \/ Yoast SEO Premium plugin. -->","yoast_head_json":{"title":"Numele lui Marcel Ciolacu, vehiculat pentru Prim\u0103ria Capitalei - surse G4Media - Buletin de Bucure\u0219ti","robots":{"index":"index","follow":"follow","max-snippet":"max-snippet:-1","max-image-preview":"max-image-preview:large","max-video-preview":"max-video-preview:-1"},"canonical":"https:\/\/buletin.de\/bucuresti\/numele-lui-marcel-ciolacu-vehiculat-pentru-primaria-capitalei-surse-g4media\/","og_locale":"en_GB","og_type":"article","og_title":"Numele lui Marcel Ciolacu, vehiculat pentru Prim\u0103ria Capitalei - surse G4Media","og_description":"Numele liderului PSD Marcel Ciolacu este vehiculat \u00een interiorul coali\u0163iei pentru o eventual\u0103 candidatur\u0103 la Prim\u0103ria Capitalei, au declarat surse social-democrate pentru G4Media. Aceste discu\u0163ii s-au purtat \u00een contextul discu\u0163iei despre comasarea alegerilor europarlamentare din iunie cu cele locale, spun jurnali\u015ftii cita\u0163i. Ar fi o schimbare de macaz radical\u0103, deoarece, tradi\u0163ional, liderul Partidului Social Democrat [&hellip;]","og_url":"https:\/\/buletin.de\/bucuresti\/numele-lui-marcel-ciolacu-vehiculat-pentru-primaria-capitalei-surse-g4media\/","og_site_name":"Buletin de Bucure\u0219ti","article_publisher":"https:\/\/www.facebook.com\/buletin.de.buc","article_published_time":"2024-02-02T11:58:21+00:00","og_image":[{"width":1600,"height":1066,"url":"https:\/\/buletin.de\/bucuresti\/wp-content\/uploads\/ciolacu-facebook-e1706874986334.jpg","type":"image\/jpeg"}],"author":"Ionu\u021b Lepa","twitter_card":"summary_large_image","twitter_misc":{"Written by":"Ionu\u021b Lepa","Estimated reading time":"1 minute"},"schema":{"@context":"https:\/\/schema.org","@graph":[{"@type":"Article","@id":"https:\/\/buletin.de\/bucuresti\/numele-lui-marcel-ciolacu-vehiculat-pentru-primaria-capitalei-surse-g4media\/#article","isPartOf":{"@id":"https:\/\/buletin.de\/bucuresti\/numele-lui-marcel-ciolacu-vehiculat-pentru-primaria-capitalei-surse-g4media\/"},"author":{"name":"Ionu\u021b Lepa","@id":"https:\/\/buletin.de\/bucuresti\/#\/schema\/person\/5272b8a057b33890940b57b837fc4ce6"},"headline":"Numele lui Marcel Ciolacu, vehiculat pentru Prim\u0103ria Capitalei &#8211; surse G4Media","datePublished":"2024-02-02T11:58:21+00:00","mainEntityOfPage":{"@id":"https:\/\/buletin.de\/bucuresti\/numele-lui-marcel-ciolacu-vehiculat-pentru-primaria-capitalei-surse-g4media\/"},"wordCount":271,"publisher":{"@id":"https:\/\/buletin.de\/bucuresti\/#organization"},"image":{"@id":"https:\/\/buletin.de\/bucuresti\/numele-lui-marcel-ciolacu-vehiculat-pentru-primaria-capitalei-surse-g4media\/#primaryimage"},"thumbnailUrl":"https:\/\/buletin.de\/bucuresti\/wp-content\/uploads\/ciolacu-facebook-e1706874986334.jpg","keywords":["alegeri pmb 2024 psd","marcel ciolacu candidat primaria capitalei"],"articleSection":["Articole","Main","Politic"],"inLanguage":"en-GB","copyrightYear":"2024","copyrightHolder":{"@id":"https:\/\/buletin.de\/bucuresti\/#organization"}},{"@type":"WebPage","@id":"https:\/\/buletin.de\/bucuresti\/numele-lui-marcel-ciolacu-vehiculat-pentru-primaria-capitalei-surse-g4media\/","url":"https:\/\/buletin.de\/bucuresti\/numele-lui-marcel-ciolacu-vehiculat-pentru-primaria-capitalei-surse-g4media\/","name":"Numele lui Marcel Ciolacu, vehiculat pentru Prim\u0103ria Capitalei - surse G4Media - Buletin de Bucure\u0219ti","isPartOf":{"@id":"https:\/\/buletin.de\/bucuresti\/#website"},"primaryImageOfPage":{"@id":"https:\/\/buletin.de\/bucuresti\/numele-lui-marcel-ciolacu-vehiculat-pentru-primaria-capitalei-surse-g4media\/#primaryimage"},"image":{"@id":"https:\/\/buletin.de\/bucuresti\/numele-lui-marcel-ciolacu-vehiculat-pentru-primaria-capitalei-surse-g4media\/#primaryimage"},"thumbnailUrl":"https:\/\/buletin.de\/bucuresti\/wp-content\/uploads\/ciolacu-facebook-e1706874986334.jpg","datePublished":"2024-02-02T11:58:21+00:00","breadcrumb":{"@id":"https:\/\/buletin.de\/bucuresti\/numele-lui-marcel-ciolacu-vehiculat-pentru-primaria-capitalei-surse-g4media\/#breadcrumb"},"inLanguage":"en-GB","potentialAction":[{"@type":"ReadAction","target":["https:\/\/buletin.de\/bucuresti\/numele-lui-marcel-ciolacu-vehiculat-pentru-primaria-capitalei-surse-g4media\/"]}]},{"@type":"ImageObject","inLanguage":"en-GB","@id":"https:\/\/buletin.de\/bucuresti\/numele-lui-marcel-ciolacu-vehiculat-pentru-primaria-capitalei-surse-g4media\/#primaryimage","url":"https:\/\/buletin.de\/bucuresti\/wp-content\/uploads\/ciolacu-facebook-e1706874986334.jpg","contentUrl":"https:\/\/buletin.de\/bucuresti\/wp-content\/uploads\/ciolacu-facebook-e1706874986334.jpg","width":1600,"height":1066,"caption":"FOTO: FB \/ Marcel Ciolacu"},{"@type":"BreadcrumbList","@id":"https:\/\/buletin.de\/bucuresti\/numele-lui-marcel-ciolacu-vehiculat-pentru-primaria-capitalei-surse-g4media\/#breadcrumb","itemListElement":[{"@type":"ListItem","position":1,"name":"Acas\u0103","item":"https:\/\/buletin.de\/bucuresti\/"},{"@type":"ListItem","position":2,"name":"Numele lui Marcel Ciolacu, vehiculat pentru Prim\u0103ria Capitalei &#8211; surse G4Media"}]},{"@type":"WebSite","@id":"https:\/\/buletin.de\/bucuresti\/#website","url":"https:\/\/buletin.de\/bucuresti\/","name":"Buletin de Bucure\u0219ti","description":"\u0218tiri \u0219i investiga\u021bii esen\u021biale din capital\u0103","publisher":{"@id":"https:\/\/buletin.de\/bucuresti\/#organization"},"potentialAction":[{"@type":"SearchAction","target":{"@type":"EntryPoint","urlTemplate":"https:\/\/buletin.de\/bucuresti\/?s={search_term_string}"},"query-input":{"@type":"PropertyValueSpecification","valueRequired":true,"valueName":"search_term_string"}}],"inLanguage":"en-GB"},{"@type":"Organization","@id":"https:\/\/buletin.de\/bucuresti\/#organization","name":"Buletin de Bucure\u0219ti","url":"https:\/\/buletin.de\/bucuresti\/","logo":{"@type":"ImageObject","inLanguage":"en-GB","@id":"https:\/\/buletin.de\/bucuresti\/#\/schema\/logo\/image\/","url":"https:\/\/buletin.de\/bucuresti\/wp-content\/uploads\/logo-bdb-full-wide-vernil-transparent.png","contentUrl":"https:\/\/buletin.de\/bucuresti\/wp-content\/uploads\/logo-bdb-full-wide-vernil-transparent.png","width":1782,"height":626,"caption":"Buletin de Bucure\u0219ti"},"image":{"@id":"https:\/\/buletin.de\/bucuresti\/#\/schema\/logo\/image\/"},"sameAs":["https:\/\/www.facebook.com\/buletin.de.buc","https:\/\/www.instagram.com\/buletinde.bucuresti\/"]},{"@type":"Person","@id":"https:\/\/buletin.de\/bucuresti\/#\/schema\/person\/5272b8a057b33890940b57b837fc4ce6","name":"Ionu\u021b Lepa","image":{"@type":"ImageObject","inLanguage":"en-GB","@id":"https:\/\/buletin.de\/bucuresti\/wp-content\/uploads\/Ionut-Lepa-96x96.jpg5c4e4d9e049808799a8821652d2410a4","url":"https:\/\/buletin.de\/bucuresti\/wp-content\/uploads\/Ionut-Lepa-96x96.jpg","contentUrl":"https:\/\/buletin.de\/bucuresti\/wp-content\/uploads\/Ionut-Lepa-96x96.jpg","caption":"Ionu\u021b Lepa"},"url":"https:\/\/buletin.de\/bucuresti\/author\/ionutlepa\/"}]}},"authors":[{"term_id":22586,"user_id":8,"is_guest":0,"slug":"ionutlepa","display_name":"Ionu\u021b Lepa","avatar_url":"https:\/\/buletin.de\/bucuresti\/wp-content\/uploads\/Ionut-Lepa-96x96.jpg","0":null,"1":"","2":"","3":"","4":"","5":"","6":"","7":"","8":""}],"_links":{"self":[{"href":"https:\/\/buletin.de\/bucuresti\/wp-json\/wp\/v2\/posts\/76214","targetHints":{"allow":["GET"]}}],"collection":[{"href":"https:\/\/buletin.de\/bucuresti\/wp-json\/wp\/v2\/posts"}],"about":[{"href":"https:\/\/buletin.de\/bucuresti\/wp-json\/wp\/v2\/types\/post"}],"author":[{"embeddable":true,"href":"https:\/\/buletin.de\/bucuresti\/wp-json\/wp\/v2\/users\/8"}],"replies":[{"embeddable":true,"href":"https:\/\/buletin.de\/bucuresti\/wp-json\/wp\/v2\/comments?post=76214"}],"version-history":[{"count":1,"href":"https:\/\/buletin.de\/bucuresti\/wp-json\/wp\/v2\/posts\/76214\/revisions"}],"predecessor-version":[{"id":76220,"href":"https:\/\/buletin.de\/bucuresti\/wp-json\/wp\/v2\/posts\/76214\/revisions\/76220"}],"wp:featuredmedia":[{"embeddable":true,"href":"https:\/\/buletin.de\/bucuresti\/wp-json\/wp\/v2\/media\/76219"}],"wp:attachment":[{"href":"https:\/\/buletin.de\/bucuresti\/wp-json\/wp\/v2\/media?parent=76214"}],"wp:term":[{"taxonomy":"category","embeddable":true,"href":"https:\/\/buletin.de\/bucuresti\/wp-json\/wp\/v2\/categories?post=76214"},{"taxonomy":"post_tag","embeddable":true,"href":"https:\/\/buletin.de\/bucuresti\/wp-json\/wp\/v2\/tags?post=76214"},{"taxonomy":"author","embeddable":true,"href":"https:\/\/buletin.de\/bucuresti\/wp-json\/wp\/v2\/ppma_author?post=76214"}],"curies":[{"name":"wp","href":"https:\/\/api.w.org\/{rel}","templated":true}]}}