{"id":76182,"date":"2024-02-02T13:45:48","date_gmt":"2024-02-02T11:45:48","guid":{"rendered":"https:\/\/buletin.de\/bucuresti\/?p=76182"},"modified":"2024-02-02T13:45:49","modified_gmt":"2024-02-02T11:45:49","slug":"harta-abuzului-din-invatamant-capitala-pe-primul-loc-la-numarul-de-cazuri-reclamate","status":"publish","type":"post","link":"https:\/\/buletin.de\/bucuresti\/harta-abuzului-din-invatamant-capitala-pe-primul-loc-la-numarul-de-cazuri-reclamate\/","title":{"rendered":"Harta abuzului din \u00eenv\u0103\u021b\u0103m\u00e2nt: Capitala, pe primul loc la num\u0103rul de cazuri reclamate"},"content":{"rendered":"\n<p><strong>Cu 70 de cazuri semnalate, Capitala este pe primul loc \u00een topul abuzului din mediul educa\u021bional, fiind urmat\u0103 de jude\u021bele Cluj, Ia\u0219i, Maramure\u0219 \u0219i Gala\u021bi, cu 11-12 cazuri fiecare. Astfel, peste un sfert din profesorii abuzatori descoperi\u021bi \u00een perioada 2017-2023 predau \u00een cadrul institu\u021biilor de \u00eenv\u0103\u021b\u0103m\u00e2nt bucure\u0219tene. \u00cen ciuda faptului c\u0103 majoritatea victimelor sunt minore, doar 25 dintre cele 268 cazuri indexate la nivel na\u021bional s-au terminat cu condamn\u0103ri pentru abuzator, arat\u0103 <a href=\"https:\/\/www.riseproject.ro\/harta-abuzului-si-hartuirii-in-scolile-si-universitatile-din-romania\/\">harta \u00eentocmit\u0103 de Rise Project<\/a>.<\/strong><\/p>\n\n\n\n<blockquote class=\"wp-block-quote is-layout-flow wp-block-quote-is-layout-flow\">\n<p><strong><em>C\u00e2nd ajungeam la el acas\u0103, ne \u00eembr\u0103\u021bi\u0219a foarte str\u00e2ns pe toate, lipindu-se de noi. (&#8230;) \u00ce\u0219i freca piciorul de picioarele mele, p\u00e2n\u0103 la coapse, \u00eemi masa umerii mie \u0219i colegelor mele. C\u00e2nd gre\u0219eam, \u00eei spunea b\u0103iatului din grup\u0103 c\u0103 are voie s\u0103 ne dea sutienul jos \u0219i, dac\u0103 mai gre\u0219im o dat\u0103, va avea voie s\u0103 ne pun\u0103 m\u00e2na pe s\u00e2ni. Ne povestea despre problemele din via\u021ba lui sexual\u0103 (&#8230;) ne punea \u00eentreb\u0103ri despre via\u021ba noastr\u0103 sexual\u0103<\/em><\/strong>.&nbsp;<\/p>\n<cite>Victim\u0103<\/cite><\/blockquote>\n\n\n\n<p>Profesorul de matematic\u0103 citat \u00eenc\u0103 pred\u0103 la Colegiul Na\u021bional \u201eMihai Viteazul\u201d din Capital\u0103. De asemenea, \u00eenc\u0103 ofer\u0103 medita\u021bii \u00een propria locuin\u021b\u0103, potrivit <a href=\"https:\/\/www.riseproject.ro\/harta-abuzului-si-hartuirii-in-scolile-si-universitatile-din-romania\/\">publica\u021biei Rise Project<\/a>. La momentul abuzului, acesta avea peste 40 de ani.<\/p>\n\n\n\n<p>Cazul a fost dezv\u0103luit \u00eenc\u0103 din 2017, prin intermediul unei post\u0103ri de Facebook a elevei, citat\u0103 de <a href=\"https:\/\/stirileprotv.ro\/stiri\/actualitate\/profesor-de-la-c-n-mihai-viteazul-acuzat-de-abuz-de-o-eleva-mi-a-fost-ruc-ine-sa-le-spun-parinc-ilor.html\">ProTV<\/a>. Ulterior, mai multe eleve au povestit c\u0103 au trecut prin situa\u021bii similare sau c\u0103 au fost martore la astfel de comportamente din partea profesorului.<\/p>\n\n\n\n<p>Un alt caz, anonim, vine din mediul universitar. O student\u0103 poveste\u015fte de abuzul unuia dintre profesorii s\u0103i.<\/p>\n\n\n\n<blockquote class=\"wp-block-quote is-layout-flow wp-block-quote-is-layout-flow\">\n<p><strong><em>&nbsp;Mi s-a cerut s\u0103 aduc imagini nud cu mine, pentru a promova examenul<\/em><\/strong><\/p>\n<cite>Victim\u0103<\/cite><\/blockquote>\n\n\n\n<p>Pe l\u00e2ng\u0103 \u0219antajul sexual la care a fost supus\u0103, fosta student\u0103 poveste\u0219te \u0219i despre poreclele primite,<strong><em> \u201ep\u0103s\u0103ric\u0103\u201d, \u201eiepura\u0219\u201d, \u201episicu\u021b\u0103\u201d sau \u201ep\u0103pu\u0219\u0103\u201d<\/em><\/strong> fiind pe ordinea de zi \u00een conversa\u021biile cu profesorul universitar din Capital\u0103.<\/p>\n\n\n\n<h2 class=\"wp-block-heading\">\u201eCatedra de Abuz\u201d<\/h2>\n\n\n\n<p>Datele colectate pentru realizarea h\u0103r\u021bii sunt colectate din mai multe surse: dosare \u00een instan\u021b\u0103, pres\u0103, respectiv peste 150 de formulare online completate \u00een cadrul proiectului \u201eCatedra de Abuz\u201d.<\/p>\n\n\n\n<p>Catedra de abuz este un proiect de jurnalism, cercetare \u0219i colectare de date, \u00eenc\u0103 \u00een desf\u0103\u0219urare. Scopul proiectului este de a demasca abuzatorii din sistemul de \u00eenv\u0103\u021b\u0103m\u00e2nt rom\u00e2nesc \u0219i de a provoca o dezbatere despre posibile solu\u021bii pentru a cre\u0219te nivelul de siguran\u021b\u0103 a elevilor\/ studen\u021bilor. <\/p>\n\n\n\n<p>Harta nu este complet\u0103, dar va fi actualizat\u0103 periodic. \u201e<strong><em>C\u00e2nd victimele sunt copii care se tem de abuzatorii lor pentru c\u0103-i v\u0103d \u00een fiecare zi la catedr\u0103, majoritatea pove\u0219tilor r\u0103m\u00e2n nespuse<\/em><\/strong>\u201d explic\u0103 echipa Rise \u00een cadrul articolului. Totodat\u0103, din cauza num\u0103rului mare de cazuri, jurnali\u0219tii Rise nu au putut investiga toate cazurile reclamate, \u00eens\u0103 acestea au fost incluse pe hart\u0103, \u00eentruc\u00e2t sunt relevante pentru a con\u0219tientiza amploarea fenomenului.<\/p>\n\n\n\n<p>Pentru mai multe detalii, accesa\u021bi <a href=\"https:\/\/www.riseproject.ro\/harta-abuzului-si-hartuirii-in-scolile-si-universitatile-din-romania\/\">site-ul  redac\u021biei Rise Project<\/a>.<\/p>\n\n\n\n<h2 class=\"wp-block-heading\">Cazul B\u0103d\u0103u de la Jurnalism<\/h2>\n\n\n\n<p>Horea-Mihai B\u0103d\u0103u e lector universitar doctor \u0219i pred\u0103 la Facultatea de Jurnalism \u0219i \u0218tiin\u021bele Comunic\u0103rii a Universit\u0103\u021bii din Bucure\u0219ti din 2008; are 51 de ani \u0219i din septembrie 2021 e \u00een concediu f\u0103r\u0103 plat\u0103. \u00cen cadrul aceluia\u015fi proiect, redac\u0163ia Rise a<a href=\"https:\/\/www.riseproject.ro\/investigations\/investigatii\/catedra-de-abuz-profesor-universitar-cauta-dragostea-in-facultate\/\"> compilat m\u0103rturiile mai multor studente<\/a> ale sale, \u00eentr-o investiga\u0163ie care arat\u0103 c\u0103 B\u0103d\u0103u a profitat de func\u0163ie pentru a ob\u0163ine rela\u0163ii cu acestea.<\/p>\n\n\n\n<p><\/p>\n\n\n\n<p><strong>CITE\u015eTE \u015eI:<\/strong><\/p>\n\n\n\n<figure class=\"wp-block-embed is-type-wp-embed is-provider-buletin-de-bucure-ti wp-block-embed-buletin-de-bucure-ti\"><div class=\"wp-block-embed__wrapper\">\n<blockquote class=\"wp-embedded-content\" data-secret=\"bNOaC6wdD7\"><a href=\"https:\/\/buletin.de\/bucuresti\/directorul-cs-dinamo-retinut-dupa-ce-ar-fi-agresat-sexual-fete-pe-care-le-antrena\/\">Directorul CS Dinamo, re\u021binut dup\u0103 ce ar fi agresat sexual fete pe care le antrena<\/a><\/blockquote><iframe class=\"wp-embedded-content\" sandbox=\"allow-scripts\" security=\"restricted\" style=\"position: absolute; clip: rect(1px, 1px, 1px, 1px);\" title=\"&#8220;Directorul CS Dinamo, re\u021binut dup\u0103 ce ar fi agresat sexual fete pe care le antrena&#8221; &#8212; Buletin de Bucure\u0219ti\" src=\"https:\/\/buletin.de\/bucuresti\/directorul-cs-dinamo-retinut-dupa-ce-ar-fi-agresat-sexual-fete-pe-care-le-antrena\/embed\/#?secret=nG6CDTL7ky#?secret=bNOaC6wdD7\" data-secret=\"bNOaC6wdD7\" width=\"600\" height=\"338\" frameborder=\"0\" marginwidth=\"0\" marginheight=\"0\" scrolling=\"no\"><\/iframe>\n<\/div><\/figure>\n","protected":false},"excerpt":{"rendered":"<p>Cu 70 de cazuri semnalate, Capitala este pe primul loc \u00een topul abuzului din mediul educa\u021bional, fiind urmat\u0103 de jude\u021bele Cluj, Ia\u0219i, Maramure\u0219 \u0219i Gala\u021bi, cu 11-12 cazuri fiecare. Astfel, peste un sfert din profesorii abuzatori descoperi\u021bi \u00een perioada 2017-2023 predau \u00een cadrul institu\u021biilor de \u00eenv\u0103\u021b\u0103m\u00e2nt bucure\u0219tene. \u00cen ciuda faptului c\u0103 majoritatea victimelor sunt minore, [&hellip;]<\/p>\n","protected":false},"author":55,"featured_media":76207,"comment_status":"closed","ping_status":"open","sticky":false,"template":"","format":"standard","meta":{"_acf_changed":false,"inline_featured_image":false,"ngg_post_thumbnail":0,"footnotes":""},"categories":[6994,3421,5762],"tags":[6417,9512,3604,9510,9513,9509,9511],"ppma_author":[22573],"class_list":["post-76182","post","type-post","status-publish","format-standard","has-post-thumbnail","hentry","category-stiri-2","category-educatie","category-main","tag-abuzuri","tag-colegiul-national-mihai-viteazu","tag-educatie-2","tag-elevi-abuzati-de-profesori","tag-facultati-bucuresti","tag-hartuire-sexuala","tag-scoli-bucuresti-2"],"acf":[],"yoast_head":"<!-- This site is optimized with the Yoast SEO Premium plugin v25.3 (Yoast SEO v27.5) - https:\/\/yoast.com\/product\/yoast-seo-premium-wordpress\/ -->\n<title>Harta abuzului din \u00eenv\u0103\u021b\u0103m\u00e2nt: Capitala, pe primul loc la num\u0103rul de cazuri reclamate - Buletin de Bucure\u0219ti<\/title>\n<meta name=\"robots\" content=\"index, follow, max-snippet:-1, max-image-preview:large, max-video-preview:-1\" \/>\n<link rel=\"canonical\" href=\"https:\/\/buletin.de\/bucuresti\/harta-abuzului-din-invatamant-capitala-pe-primul-loc-la-numarul-de-cazuri-reclamate\/\" \/>\n<meta property=\"og:locale\" content=\"en_GB\" \/>\n<meta property=\"og:type\" content=\"article\" \/>\n<meta property=\"og:title\" content=\"Harta abuzului din \u00eenv\u0103\u021b\u0103m\u00e2nt: Capitala, pe primul loc la num\u0103rul de cazuri reclamate\" \/>\n<meta property=\"og:description\" content=\"Cu 70 de cazuri semnalate, Capitala este pe primul loc \u00een topul abuzului din mediul educa\u021bional, fiind urmat\u0103 de jude\u021bele Cluj, Ia\u0219i, Maramure\u0219 \u0219i Gala\u021bi, cu 11-12 cazuri fiecare. Astfel, peste un sfert din profesorii abuzatori descoperi\u021bi \u00een perioada 2017-2023 predau \u00een cadrul institu\u021biilor de \u00eenv\u0103\u021b\u0103m\u00e2nt bucure\u0219tene. \u00cen ciuda faptului c\u0103 majoritatea victimelor sunt minore, [&hellip;]\" \/>\n<meta property=\"og:url\" content=\"https:\/\/buletin.de\/bucuresti\/harta-abuzului-din-invatamant-capitala-pe-primul-loc-la-numarul-de-cazuri-reclamate\/\" \/>\n<meta property=\"og:site_name\" content=\"Buletin de Bucure\u0219ti\" \/>\n<meta property=\"article:publisher\" content=\"https:\/\/www.facebook.com\/buletin.de.buc\" \/>\n<meta property=\"article:published_time\" content=\"2024-02-02T11:45:48+00:00\" \/>\n<meta property=\"article:modified_time\" content=\"2024-02-02T11:45:49+00:00\" \/>\n<meta property=\"og:image\" content=\"https:\/\/buletin.de\/bucuresti\/wp-content\/uploads\/Captura-de-ecran-harta-abuzului.png\" \/>\n\t<meta property=\"og:image:width\" content=\"1079\" \/>\n\t<meta property=\"og:image:height\" content=\"927\" \/>\n\t<meta property=\"og:image:type\" content=\"image\/png\" \/>\n<meta name=\"author\" content=\"Andreea Tudor\" \/>\n<meta name=\"twitter:card\" content=\"summary_large_image\" \/>\n<meta name=\"twitter:label1\" content=\"Written by\" \/>\n\t<meta name=\"twitter:data1\" content=\"Andreea Tudor\" \/>\n\t<meta name=\"twitter:label2\" content=\"Estimated reading time\" \/>\n\t<meta name=\"twitter:data2\" content=\"3 minutes\" \/>\n<script type=\"application\/ld+json\" class=\"yoast-schema-graph\">{\"@context\":\"https:\\\/\\\/schema.org\",\"@graph\":[{\"@type\":\"Article\",\"@id\":\"https:\\\/\\\/buletin.de\\\/bucuresti\\\/harta-abuzului-din-invatamant-capitala-pe-primul-loc-la-numarul-de-cazuri-reclamate\\\/#article\",\"isPartOf\":{\"@id\":\"https:\\\/\\\/buletin.de\\\/bucuresti\\\/harta-abuzului-din-invatamant-capitala-pe-primul-loc-la-numarul-de-cazuri-reclamate\\\/\"},\"author\":{\"name\":\"Andreea Tudor\",\"@id\":\"https:\\\/\\\/buletin.de\\\/bucuresti\\\/#\\\/schema\\\/person\\\/150590659efde715459d159da012f501\"},\"headline\":\"Harta abuzului din \u00eenv\u0103\u021b\u0103m\u00e2nt: Capitala, pe primul loc la num\u0103rul de cazuri reclamate\",\"datePublished\":\"2024-02-02T11:45:48+00:00\",\"dateModified\":\"2024-02-02T11:45:49+00:00\",\"mainEntityOfPage\":{\"@id\":\"https:\\\/\\\/buletin.de\\\/bucuresti\\\/harta-abuzului-din-invatamant-capitala-pe-primul-loc-la-numarul-de-cazuri-reclamate\\\/\"},\"wordCount\":611,\"publisher\":{\"@id\":\"https:\\\/\\\/buletin.de\\\/bucuresti\\\/#organization\"},\"image\":{\"@id\":\"https:\\\/\\\/buletin.de\\\/bucuresti\\\/harta-abuzului-din-invatamant-capitala-pe-primul-loc-la-numarul-de-cazuri-reclamate\\\/#primaryimage\"},\"thumbnailUrl\":\"https:\\\/\\\/buletin.de\\\/bucuresti\\\/wp-content\\\/uploads\\\/Captura-de-ecran-harta-abuzului.png\",\"keywords\":[\"abuzuri\",\"Colegiul Na\u021bional \u201eMihai Viteazu\u201d\",\"Educa\u021bie\",\"elevi abuza\u021bi de profesori\",\"facult\u0103\u021bi Bucure\u0219ti\",\"h\u0103r\u021buire sexual\u0103\",\"\u0219coli Bucure\u0219ti\"],\"articleSection\":[\"Articole\",\"Educa\u021bie\",\"Main\"],\"inLanguage\":\"en-GB\",\"copyrightYear\":\"2024\",\"copyrightHolder\":{\"@id\":\"https:\\\/\\\/buletin.de\\\/bucuresti\\\/#organization\"}},{\"@type\":\"WebPage\",\"@id\":\"https:\\\/\\\/buletin.de\\\/bucuresti\\\/harta-abuzului-din-invatamant-capitala-pe-primul-loc-la-numarul-de-cazuri-reclamate\\\/\",\"url\":\"https:\\\/\\\/buletin.de\\\/bucuresti\\\/harta-abuzului-din-invatamant-capitala-pe-primul-loc-la-numarul-de-cazuri-reclamate\\\/\",\"name\":\"Harta abuzului din \u00eenv\u0103\u021b\u0103m\u00e2nt: Capitala, pe primul loc la num\u0103rul de cazuri reclamate - Buletin de Bucure\u0219ti\",\"isPartOf\":{\"@id\":\"https:\\\/\\\/buletin.de\\\/bucuresti\\\/#website\"},\"primaryImageOfPage\":{\"@id\":\"https:\\\/\\\/buletin.de\\\/bucuresti\\\/harta-abuzului-din-invatamant-capitala-pe-primul-loc-la-numarul-de-cazuri-reclamate\\\/#primaryimage\"},\"image\":{\"@id\":\"https:\\\/\\\/buletin.de\\\/bucuresti\\\/harta-abuzului-din-invatamant-capitala-pe-primul-loc-la-numarul-de-cazuri-reclamate\\\/#primaryimage\"},\"thumbnailUrl\":\"https:\\\/\\\/buletin.de\\\/bucuresti\\\/wp-content\\\/uploads\\\/Captura-de-ecran-harta-abuzului.png\",\"datePublished\":\"2024-02-02T11:45:48+00:00\",\"dateModified\":\"2024-02-02T11:45:49+00:00\",\"breadcrumb\":{\"@id\":\"https:\\\/\\\/buletin.de\\\/bucuresti\\\/harta-abuzului-din-invatamant-capitala-pe-primul-loc-la-numarul-de-cazuri-reclamate\\\/#breadcrumb\"},\"inLanguage\":\"en-GB\",\"potentialAction\":[{\"@type\":\"ReadAction\",\"target\":[\"https:\\\/\\\/buletin.de\\\/bucuresti\\\/harta-abuzului-din-invatamant-capitala-pe-primul-loc-la-numarul-de-cazuri-reclamate\\\/\"]}]},{\"@type\":\"ImageObject\",\"inLanguage\":\"en-GB\",\"@id\":\"https:\\\/\\\/buletin.de\\\/bucuresti\\\/harta-abuzului-din-invatamant-capitala-pe-primul-loc-la-numarul-de-cazuri-reclamate\\\/#primaryimage\",\"url\":\"https:\\\/\\\/buletin.de\\\/bucuresti\\\/wp-content\\\/uploads\\\/Captura-de-ecran-harta-abuzului.png\",\"contentUrl\":\"https:\\\/\\\/buletin.de\\\/bucuresti\\\/wp-content\\\/uploads\\\/Captura-de-ecran-harta-abuzului.png\",\"width\":1079,\"height\":927,\"caption\":\"FOTO: Captur\u0103 de ecran\\\/ rise-ro.github.io\"},{\"@type\":\"BreadcrumbList\",\"@id\":\"https:\\\/\\\/buletin.de\\\/bucuresti\\\/harta-abuzului-din-invatamant-capitala-pe-primul-loc-la-numarul-de-cazuri-reclamate\\\/#breadcrumb\",\"itemListElement\":[{\"@type\":\"ListItem\",\"position\":1,\"name\":\"Acas\u0103\",\"item\":\"https:\\\/\\\/buletin.de\\\/bucuresti\\\/\"},{\"@type\":\"ListItem\",\"position\":2,\"name\":\"Harta abuzului din \u00eenv\u0103\u021b\u0103m\u00e2nt: Capitala, pe primul loc la num\u0103rul de cazuri reclamate\"}]},{\"@type\":\"WebSite\",\"@id\":\"https:\\\/\\\/buletin.de\\\/bucuresti\\\/#website\",\"url\":\"https:\\\/\\\/buletin.de\\\/bucuresti\\\/\",\"name\":\"Buletin de Bucure\u0219ti\",\"description\":\"\u0218tiri \u0219i investiga\u021bii esen\u021biale din capital\u0103\",\"publisher\":{\"@id\":\"https:\\\/\\\/buletin.de\\\/bucuresti\\\/#organization\"},\"potentialAction\":[{\"@type\":\"SearchAction\",\"target\":{\"@type\":\"EntryPoint\",\"urlTemplate\":\"https:\\\/\\\/buletin.de\\\/bucuresti\\\/?s={search_term_string}\"},\"query-input\":{\"@type\":\"PropertyValueSpecification\",\"valueRequired\":true,\"valueName\":\"search_term_string\"}}],\"inLanguage\":\"en-GB\"},{\"@type\":\"Organization\",\"@id\":\"https:\\\/\\\/buletin.de\\\/bucuresti\\\/#organization\",\"name\":\"Buletin de Bucure\u0219ti\",\"url\":\"https:\\\/\\\/buletin.de\\\/bucuresti\\\/\",\"logo\":{\"@type\":\"ImageObject\",\"inLanguage\":\"en-GB\",\"@id\":\"https:\\\/\\\/buletin.de\\\/bucuresti\\\/#\\\/schema\\\/logo\\\/image\\\/\",\"url\":\"https:\\\/\\\/buletin.de\\\/bucuresti\\\/wp-content\\\/uploads\\\/logo-bdb-full-wide-vernil-transparent.png\",\"contentUrl\":\"https:\\\/\\\/buletin.de\\\/bucuresti\\\/wp-content\\\/uploads\\\/logo-bdb-full-wide-vernil-transparent.png\",\"width\":1782,\"height\":626,\"caption\":\"Buletin de Bucure\u0219ti\"},\"image\":{\"@id\":\"https:\\\/\\\/buletin.de\\\/bucuresti\\\/#\\\/schema\\\/logo\\\/image\\\/\"},\"sameAs\":[\"https:\\\/\\\/www.facebook.com\\\/buletin.de.buc\",\"https:\\\/\\\/www.instagram.com\\\/buletinde.bucuresti\\\/\"]},{\"@type\":\"Person\",\"@id\":\"https:\\\/\\\/buletin.de\\\/bucuresti\\\/#\\\/schema\\\/person\\\/150590659efde715459d159da012f501\",\"name\":\"Andreea Tudor\",\"image\":{\"@type\":\"ImageObject\",\"inLanguage\":\"en-GB\",\"@id\":\"https:\\\/\\\/secure.gravatar.com\\\/avatar\\\/a88705a186ab0b67f3349bcbced506c09e37256fbaad0e7f3bd1a79b4599f589?s=96&d=monsterid&r=g79290610aa1a65c2b86eebc2ca5aee8f\",\"url\":\"https:\\\/\\\/secure.gravatar.com\\\/avatar\\\/a88705a186ab0b67f3349bcbced506c09e37256fbaad0e7f3bd1a79b4599f589?s=96&d=monsterid&r=g\",\"contentUrl\":\"https:\\\/\\\/secure.gravatar.com\\\/avatar\\\/a88705a186ab0b67f3349bcbced506c09e37256fbaad0e7f3bd1a79b4599f589?s=96&d=monsterid&r=g\",\"caption\":\"Andreea Tudor\"},\"description\":\"N\u0103scut\u0103 \u0219i crescut\u0103 \u00een Bucure\u0219ti, sus\u021bin\u0103toare a presei independente. A\u0219a am ajuns redactor la Buletin de Bucure\u0219ti. Fiind eu, \u00eens\u0103mi, parte a sistemului de \u00eenv\u0103\u021b\u0103m\u00e2nt rom\u00e2nesc \u0219i pasionat\u0103 de domeniul social, pun sub lup\u0103 tot ceea ce se \u00eent\u00e2mpl\u0103 \u00een sfera educa\u021biei. Cred cu t\u0103rie c\u0103 presa \u201epentru cet\u0103\u021beni\u201d este presa independent\u0103. Oamenii au nevoie de o informare corect\u0103 pentru a \u00een\u021belege pe deplin ce se \u00eent\u00e2mpl\u0103 \u00een jurul lor \u0219i pentru a lua ac\u021biune \u00eempotriva nedrept\u0103\u021bilor.\",\"url\":\"https:\\\/\\\/buletin.de\\\/bucuresti\\\/author\\\/andreeatudor\\\/\"}]}<\/script>\n<!-- \/ Yoast SEO Premium plugin. -->","yoast_head_json":{"title":"Harta abuzului din \u00eenv\u0103\u021b\u0103m\u00e2nt: Capitala, pe primul loc la num\u0103rul de cazuri reclamate - Buletin de Bucure\u0219ti","robots":{"index":"index","follow":"follow","max-snippet":"max-snippet:-1","max-image-preview":"max-image-preview:large","max-video-preview":"max-video-preview:-1"},"canonical":"https:\/\/buletin.de\/bucuresti\/harta-abuzului-din-invatamant-capitala-pe-primul-loc-la-numarul-de-cazuri-reclamate\/","og_locale":"en_GB","og_type":"article","og_title":"Harta abuzului din \u00eenv\u0103\u021b\u0103m\u00e2nt: Capitala, pe primul loc la num\u0103rul de cazuri reclamate","og_description":"Cu 70 de cazuri semnalate, Capitala este pe primul loc \u00een topul abuzului din mediul educa\u021bional, fiind urmat\u0103 de jude\u021bele Cluj, Ia\u0219i, Maramure\u0219 \u0219i Gala\u021bi, cu 11-12 cazuri fiecare. Astfel, peste un sfert din profesorii abuzatori descoperi\u021bi \u00een perioada 2017-2023 predau \u00een cadrul institu\u021biilor de \u00eenv\u0103\u021b\u0103m\u00e2nt bucure\u0219tene. \u00cen ciuda faptului c\u0103 majoritatea victimelor sunt minore, [&hellip;]","og_url":"https:\/\/buletin.de\/bucuresti\/harta-abuzului-din-invatamant-capitala-pe-primul-loc-la-numarul-de-cazuri-reclamate\/","og_site_name":"Buletin de Bucure\u0219ti","article_publisher":"https:\/\/www.facebook.com\/buletin.de.buc","article_published_time":"2024-02-02T11:45:48+00:00","article_modified_time":"2024-02-02T11:45:49+00:00","og_image":[{"width":1079,"height":927,"url":"https:\/\/buletin.de\/bucuresti\/wp-content\/uploads\/Captura-de-ecran-harta-abuzului.png","type":"image\/png"}],"author":"Andreea Tudor","twitter_card":"summary_large_image","twitter_misc":{"Written by":"Andreea Tudor","Estimated reading time":"3 minutes"},"schema":{"@context":"https:\/\/schema.org","@graph":[{"@type":"Article","@id":"https:\/\/buletin.de\/bucuresti\/harta-abuzului-din-invatamant-capitala-pe-primul-loc-la-numarul-de-cazuri-reclamate\/#article","isPartOf":{"@id":"https:\/\/buletin.de\/bucuresti\/harta-abuzului-din-invatamant-capitala-pe-primul-loc-la-numarul-de-cazuri-reclamate\/"},"author":{"name":"Andreea Tudor","@id":"https:\/\/buletin.de\/bucuresti\/#\/schema\/person\/150590659efde715459d159da012f501"},"headline":"Harta abuzului din \u00eenv\u0103\u021b\u0103m\u00e2nt: Capitala, pe primul loc la num\u0103rul de cazuri reclamate","datePublished":"2024-02-02T11:45:48+00:00","dateModified":"2024-02-02T11:45:49+00:00","mainEntityOfPage":{"@id":"https:\/\/buletin.de\/bucuresti\/harta-abuzului-din-invatamant-capitala-pe-primul-loc-la-numarul-de-cazuri-reclamate\/"},"wordCount":611,"publisher":{"@id":"https:\/\/buletin.de\/bucuresti\/#organization"},"image":{"@id":"https:\/\/buletin.de\/bucuresti\/harta-abuzului-din-invatamant-capitala-pe-primul-loc-la-numarul-de-cazuri-reclamate\/#primaryimage"},"thumbnailUrl":"https:\/\/buletin.de\/bucuresti\/wp-content\/uploads\/Captura-de-ecran-harta-abuzului.png","keywords":["abuzuri","Colegiul Na\u021bional \u201eMihai Viteazu\u201d","Educa\u021bie","elevi abuza\u021bi de profesori","facult\u0103\u021bi Bucure\u0219ti","h\u0103r\u021buire sexual\u0103","\u0219coli Bucure\u0219ti"],"articleSection":["Articole","Educa\u021bie","Main"],"inLanguage":"en-GB","copyrightYear":"2024","copyrightHolder":{"@id":"https:\/\/buletin.de\/bucuresti\/#organization"}},{"@type":"WebPage","@id":"https:\/\/buletin.de\/bucuresti\/harta-abuzului-din-invatamant-capitala-pe-primul-loc-la-numarul-de-cazuri-reclamate\/","url":"https:\/\/buletin.de\/bucuresti\/harta-abuzului-din-invatamant-capitala-pe-primul-loc-la-numarul-de-cazuri-reclamate\/","name":"Harta abuzului din \u00eenv\u0103\u021b\u0103m\u00e2nt: Capitala, pe primul loc la num\u0103rul de cazuri reclamate - Buletin de Bucure\u0219ti","isPartOf":{"@id":"https:\/\/buletin.de\/bucuresti\/#website"},"primaryImageOfPage":{"@id":"https:\/\/buletin.de\/bucuresti\/harta-abuzului-din-invatamant-capitala-pe-primul-loc-la-numarul-de-cazuri-reclamate\/#primaryimage"},"image":{"@id":"https:\/\/buletin.de\/bucuresti\/harta-abuzului-din-invatamant-capitala-pe-primul-loc-la-numarul-de-cazuri-reclamate\/#primaryimage"},"thumbnailUrl":"https:\/\/buletin.de\/bucuresti\/wp-content\/uploads\/Captura-de-ecran-harta-abuzului.png","datePublished":"2024-02-02T11:45:48+00:00","dateModified":"2024-02-02T11:45:49+00:00","breadcrumb":{"@id":"https:\/\/buletin.de\/bucuresti\/harta-abuzului-din-invatamant-capitala-pe-primul-loc-la-numarul-de-cazuri-reclamate\/#breadcrumb"},"inLanguage":"en-GB","potentialAction":[{"@type":"ReadAction","target":["https:\/\/buletin.de\/bucuresti\/harta-abuzului-din-invatamant-capitala-pe-primul-loc-la-numarul-de-cazuri-reclamate\/"]}]},{"@type":"ImageObject","inLanguage":"en-GB","@id":"https:\/\/buletin.de\/bucuresti\/harta-abuzului-din-invatamant-capitala-pe-primul-loc-la-numarul-de-cazuri-reclamate\/#primaryimage","url":"https:\/\/buletin.de\/bucuresti\/wp-content\/uploads\/Captura-de-ecran-harta-abuzului.png","contentUrl":"https:\/\/buletin.de\/bucuresti\/wp-content\/uploads\/Captura-de-ecran-harta-abuzului.png","width":1079,"height":927,"caption":"FOTO: Captur\u0103 de ecran\/ rise-ro.github.io"},{"@type":"BreadcrumbList","@id":"https:\/\/buletin.de\/bucuresti\/harta-abuzului-din-invatamant-capitala-pe-primul-loc-la-numarul-de-cazuri-reclamate\/#breadcrumb","itemListElement":[{"@type":"ListItem","position":1,"name":"Acas\u0103","item":"https:\/\/buletin.de\/bucuresti\/"},{"@type":"ListItem","position":2,"name":"Harta abuzului din \u00eenv\u0103\u021b\u0103m\u00e2nt: Capitala, pe primul loc la num\u0103rul de cazuri reclamate"}]},{"@type":"WebSite","@id":"https:\/\/buletin.de\/bucuresti\/#website","url":"https:\/\/buletin.de\/bucuresti\/","name":"Buletin de Bucure\u0219ti","description":"\u0218tiri \u0219i investiga\u021bii esen\u021biale din capital\u0103","publisher":{"@id":"https:\/\/buletin.de\/bucuresti\/#organization"},"potentialAction":[{"@type":"SearchAction","target":{"@type":"EntryPoint","urlTemplate":"https:\/\/buletin.de\/bucuresti\/?s={search_term_string}"},"query-input":{"@type":"PropertyValueSpecification","valueRequired":true,"valueName":"search_term_string"}}],"inLanguage":"en-GB"},{"@type":"Organization","@id":"https:\/\/buletin.de\/bucuresti\/#organization","name":"Buletin de Bucure\u0219ti","url":"https:\/\/buletin.de\/bucuresti\/","logo":{"@type":"ImageObject","inLanguage":"en-GB","@id":"https:\/\/buletin.de\/bucuresti\/#\/schema\/logo\/image\/","url":"https:\/\/buletin.de\/bucuresti\/wp-content\/uploads\/logo-bdb-full-wide-vernil-transparent.png","contentUrl":"https:\/\/buletin.de\/bucuresti\/wp-content\/uploads\/logo-bdb-full-wide-vernil-transparent.png","width":1782,"height":626,"caption":"Buletin de Bucure\u0219ti"},"image":{"@id":"https:\/\/buletin.de\/bucuresti\/#\/schema\/logo\/image\/"},"sameAs":["https:\/\/www.facebook.com\/buletin.de.buc","https:\/\/www.instagram.com\/buletinde.bucuresti\/"]},{"@type":"Person","@id":"https:\/\/buletin.de\/bucuresti\/#\/schema\/person\/150590659efde715459d159da012f501","name":"Andreea Tudor","image":{"@type":"ImageObject","inLanguage":"en-GB","@id":"https:\/\/secure.gravatar.com\/avatar\/a88705a186ab0b67f3349bcbced506c09e37256fbaad0e7f3bd1a79b4599f589?s=96&d=monsterid&r=g79290610aa1a65c2b86eebc2ca5aee8f","url":"https:\/\/secure.gravatar.com\/avatar\/a88705a186ab0b67f3349bcbced506c09e37256fbaad0e7f3bd1a79b4599f589?s=96&d=monsterid&r=g","contentUrl":"https:\/\/secure.gravatar.com\/avatar\/a88705a186ab0b67f3349bcbced506c09e37256fbaad0e7f3bd1a79b4599f589?s=96&d=monsterid&r=g","caption":"Andreea Tudor"},"description":"N\u0103scut\u0103 \u0219i crescut\u0103 \u00een Bucure\u0219ti, sus\u021bin\u0103toare a presei independente. A\u0219a am ajuns redactor la Buletin de Bucure\u0219ti. Fiind eu, \u00eens\u0103mi, parte a sistemului de \u00eenv\u0103\u021b\u0103m\u00e2nt rom\u00e2nesc \u0219i pasionat\u0103 de domeniul social, pun sub lup\u0103 tot ceea ce se \u00eent\u00e2mpl\u0103 \u00een sfera educa\u021biei. Cred cu t\u0103rie c\u0103 presa \u201epentru cet\u0103\u021beni\u201d este presa independent\u0103. Oamenii au nevoie de o informare corect\u0103 pentru a \u00een\u021belege pe deplin ce se \u00eent\u00e2mpl\u0103 \u00een jurul lor \u0219i pentru a lua ac\u021biune \u00eempotriva nedrept\u0103\u021bilor.","url":"https:\/\/buletin.de\/bucuresti\/author\/andreeatudor\/"}]}},"authors":[{"term_id":22573,"user_id":55,"is_guest":0,"slug":"andreeatudor","display_name":"Andreea Tudor","avatar_url":"https:\/\/secure.gravatar.com\/avatar\/a88705a186ab0b67f3349bcbced506c09e37256fbaad0e7f3bd1a79b4599f589?s=96&d=monsterid&r=g","0":null,"1":"","2":"","3":"","4":"","5":"","6":"","7":"","8":""}],"_links":{"self":[{"href":"https:\/\/buletin.de\/bucuresti\/wp-json\/wp\/v2\/posts\/76182","targetHints":{"allow":["GET"]}}],"collection":[{"href":"https:\/\/buletin.de\/bucuresti\/wp-json\/wp\/v2\/posts"}],"about":[{"href":"https:\/\/buletin.de\/bucuresti\/wp-json\/wp\/v2\/types\/post"}],"author":[{"embeddable":true,"href":"https:\/\/buletin.de\/bucuresti\/wp-json\/wp\/v2\/users\/55"}],"replies":[{"embeddable":true,"href":"https:\/\/buletin.de\/bucuresti\/wp-json\/wp\/v2\/comments?post=76182"}],"version-history":[{"count":3,"href":"https:\/\/buletin.de\/bucuresti\/wp-json\/wp\/v2\/posts\/76182\/revisions"}],"predecessor-version":[{"id":76218,"href":"https:\/\/buletin.de\/bucuresti\/wp-json\/wp\/v2\/posts\/76182\/revisions\/76218"}],"wp:featuredmedia":[{"embeddable":true,"href":"https:\/\/buletin.de\/bucuresti\/wp-json\/wp\/v2\/media\/76207"}],"wp:attachment":[{"href":"https:\/\/buletin.de\/bucuresti\/wp-json\/wp\/v2\/media?parent=76182"}],"wp:term":[{"taxonomy":"category","embeddable":true,"href":"https:\/\/buletin.de\/bucuresti\/wp-json\/wp\/v2\/categories?post=76182"},{"taxonomy":"post_tag","embeddable":true,"href":"https:\/\/buletin.de\/bucuresti\/wp-json\/wp\/v2\/tags?post=76182"},{"taxonomy":"author","embeddable":true,"href":"https:\/\/buletin.de\/bucuresti\/wp-json\/wp\/v2\/ppma_author?post=76182"}],"curies":[{"name":"wp","href":"https:\/\/api.w.org\/{rel}","templated":true}]}}