{"id":76145,"date":"2024-02-01T19:32:53","date_gmt":"2024-02-01T17:32:53","guid":{"rendered":"https:\/\/buletin.de\/bucuresti\/?p=76145"},"modified":"2024-02-02T15:50:47","modified_gmt":"2024-02-02T13:50:47","slug":"saptamana-epidemica-trei-decese-in-bucuresti-si-doua-in-ilfov-cauzate-de-gripa","status":"publish","type":"post","link":"https:\/\/buletin.de\/bucuresti\/saptamana-epidemica-trei-decese-in-bucuresti-si-doua-in-ilfov-cauzate-de-gripa\/","title":{"rendered":"\u201eS\u0103pt\u0103m\u00e2n\u0103 epidemic\u0103\u201d: trei decese \u00een Bucure\u0219ti \u0219i dou\u0103 \u00een Ilfov, cauzate de grip\u0103"},"content":{"rendered":"\n<p><strong>Se \u00eentrunesc condi\u021biile definitorii unei <em>\u201esitua\u021bii de alert\u0103 epidemiologic\u0103\u201d<\/em> , potrivit ultimului raport s\u0103pt\u0103m\u00e2nal publicat de Institutul Na\u021bional de S\u0103n\u0103tate Public\u0103 (INSP)<\/strong>. <\/p>\n\n\n\n<p><strong>\u00cen ultima s\u0103pt\u0103m\u00e2n\u0103 s-au \u00eenregistrat 11 decese, patru la persoane de peste 50 de ani \u0219i 7 la persoane de peste 65 de ani, la nivel na\u021bional, din cauza infec\u021biilor respiratorii. De la \u00eenceputul lunii, \u00een paralel, cazurile de rujeol\u0103 din Bucure\u0219ti \u0219i Ilfov au crescut cu peste 50%.<\/strong> <\/p>\n\n\n\n<p><em><strong>\u201eAceast\u0103 situa\u021bie va mai dura p\u00e2n\u0103 la sf\u00e2r\u0219itul lunii februarie. Anul acesta exist\u0103 un decalaj de trei s\u0103pt\u0103m\u00e2ni. Anul trecut a fost un sezon gripal atipic, iar declararea acestei st\u0103ri de alert\u0103 epidemiologic\u0103 s-a f\u0103cut cu 3 s\u0103pt\u0103m\u00e2ni mai devreme\u201d<\/strong>,<\/em> a declarat Ministrul S\u0103n\u0103t\u0103\u021bii, Alexandru Rafila, \u00eentr-o conferin\u021b\u0103 de pres\u0103. <\/p>\n\n\n\n<h2 class=\"wp-block-heading\">Situa\u021bia actual\u0103<\/h2>\n\n\n\n<figure class=\"wp-block-table is-style-stripes\"><table class=\"has-black-color has-white-background-color has-text-color has-background has-link-color\"><thead><tr><th><strong>s\u0103pt\u0103m\u00e2na<\/strong><\/th><th>1-7 ianuarie <\/th><th>8-14 ianuarie <\/th><th>15-21 ianuarie <\/th><th>22-28 ianuarie<\/th><\/tr><\/thead><tbody><tr><td>cazuri infec\u021bii respiratorii<\/td><td><mark style=\"background-color:#fcb900\" class=\"has-inline-color\">72.734<\/mark><sub>(cu 29.3% mai pu\u021bine dec\u00e2t \u00een sezonul trecut)<\/sub><\/td><td><mark style=\"background-color:#fcb900\" class=\"has-inline-color\">102.640<\/mark><sub>(cu 26.3% mai pu\u021bine dec\u00e2t \u00een <br>sezonul precedent<\/sub><\/td><td><mark style=\"background-color:#fcb900\" class=\"has-inline-color\">123.464<\/mark><sub>(cu 19.6% mai multe cazuri dec\u00e2t \u00een sezonul precedent)<\/sub><\/td><td><mark style=\"background-color:#fcb900\" class=\"has-inline-color\">133.057<\/mark><sub>(cu 35.8% mai multe cazuri dec\u00e2t \u00een sezonul precedent)<\/sub><\/td><\/tr><tr><td>cazuri grip\u0103 clinic\u0103<\/td><td>4.168<sub>(fa\u021b\u0103 de 4.629 de cazuri \u00een sezonul precedent)<\/sub><br><mark style=\"background-color:rgba(0, 0, 0, 0)\" class=\"has-inline-color has-luminous-vivid-orange-color\">\u00een Bucure\u0219ti &#8211; 1.196<\/mark><mark style=\"background-color:rgba(0, 0, 0, 0)\" class=\"has-inline-color has-vivid-red-color\"> <\/mark><\/td><td>4.574<sub>(fa\u021b\u0103 de 4.168 de cazuri \u00een sezonul precedent)<\/sub><br><mark style=\"background-color:rgba(0, 0, 0, 0)\" class=\"has-inline-color has-luminous-vivid-orange-color\">\u00een Bucure\u0219ti &#8211; 1.206<\/mark><\/td><td>6.981<sub>(fa\u021b\u0103 de 4.574 de cazuri \u00een sezonul precedent)<\/sub><br><mark style=\"background-color:rgba(0, 0, 0, 0)\" class=\"has-inline-color has-luminous-vivid-orange-color\">\u00een Bucure\u0219ti &#8211; 1.250<\/mark><\/td><td>9.151<sub>(fa\u021b\u0103 de 3.405 cazuri \u00een sezonul precedent)<\/sub><br><mark style=\"background-color:rgba(0, 0, 0, 0)\" class=\"has-inline-color has-luminous-vivid-orange-color\">\u00een Bucure\u0219ti &#8211; 1.301<\/mark><\/td><\/tr><tr><td>cazuri SARI<\/td><td>25<\/td><td>53<\/td><td>47<\/td><td>43<\/td><\/tr><tr><td>cazuri grip\u0103 confirmat\u0103<\/td><td>167<\/td><td>270<\/td><td>130<\/td><td>320<\/td><\/tr><\/tbody><\/table><\/figure>\n\n\n\n<p>O \u201eepidemie\u201d este definit\u0103 ca succesiunea a trei s\u0103pt\u0103m\u00e2ni epidemice, iar o \u201es\u0103pt\u0103m\u00e2n\u0103 epidemic\u0103\u201d este o s\u0103pt\u0103m\u00e2n\u0103 \u00een care activitatea gripal\u0103 este pe pragul epidemic, peste nivelul mediu \u00eenregistrat \u00een ultimii 5 ani, conform defini\u021biilor oferite de c\u0103tre ministrul S\u0103n\u0103t\u0103\u021bii, Alexandru Rafila,<a href=\"https:\/\/buletin.de\/bucuresti\/alerta-epidemiologica-nu-epidemie-masuri-anuntate-de-ministerul-sanatatii-in-urma-cresterii-numarului-infectiilor-virale\/\"> \u00een cadrul unei conferin\u021be de anul trecut. <\/a><\/p>\n\n\n\n<p>Potrivit raportului INSP, 22-28 ianuarie a fost a treia \u201es\u0103pt\u0103m\u00e2n\u0103 epidemic\u0103\u201d:<\/p>\n\n\n\n<p><em>\u201e(&#8230;) \u00een care inciden\u021ba infec\u021biilor respiratorii a dep\u0103\u0219it nivelul mediu calculat pentru ultimele sezoane. Av\u00e2nd \u00een vedere succesiunea a 3 s\u0103pt\u0103m\u00e2ni care au evoluat cu o intensitate \u00eenalt\u0103 a activit\u0103\u021bii gripale \u0219i cu o r\u0103sp\u00e2ndire geografic\u0103 extins\u0103 a circula\u021biei virusurilor gripale la nivelul \u00eentregii \u021b\u0103ri, <strong>putem vorbi de o situa\u021bie de alert\u0103 epidemiologic\u0103<\/strong><\/em>\u201d, potrivit raportului s\u0103pt\u0103m\u00e2nal INSP.<\/p>\n\n\n\n<figure data-wp-context=\"{&quot;imageId&quot;:&quot;69f5db9daa86c&quot;}\" data-wp-interactive=\"core\/image\" data-wp-key=\"69f5db9daa86c\" class=\"wp-block-image size-full wp-lightbox-container\"><img fetchpriority=\"high\" decoding=\"async\" width=\"1471\" height=\"707\" data-wp-class--hide=\"state.isContentHidden\" data-wp-class--show=\"state.isContentVisible\" data-wp-init=\"callbacks.setButtonStyles\" data-wp-on--click=\"actions.showLightbox\" data-wp-on--load=\"callbacks.setButtonStyles\" data-wp-on-window--resize=\"callbacks.setButtonStyles\" src=\"data:image\/gif;base64,R0lGODlhAQABAAAAACH5BAEKAAEALAAAAAABAAEAAAICTAEAOw==\" data-src=\"https:\/\/buletin.de\/bucuresti\/wp-content\/uploads\/Captura-de-ecran-2024-02-01-100901-1.png\" alt=\"\" class=\"wp-image-76146 lazyload\" data-sizes=\"auto\" data-srcset=\"https:\/\/buletin.de\/bucuresti\/wp-content\/uploads\/Captura-de-ecran-2024-02-01-100901-1.png 1471w, https:\/\/buletin.de\/bucuresti\/wp-content\/uploads\/Captura-de-ecran-2024-02-01-100901-1-300x144.png 300w, https:\/\/buletin.de\/bucuresti\/wp-content\/uploads\/Captura-de-ecran-2024-02-01-100901-1-900x433.png 900w, https:\/\/buletin.de\/bucuresti\/wp-content\/uploads\/Captura-de-ecran-2024-02-01-100901-1-768x369.png 768w, https:\/\/buletin.de\/bucuresti\/wp-content\/uploads\/Captura-de-ecran-2024-02-01-100901-1-1100x529.png 1100w, https:\/\/buletin.de\/bucuresti\/wp-content\/uploads\/Captura-de-ecran-2024-02-01-100901-1-600x288.png 600w, https:\/\/buletin.de\/bucuresti\/wp-content\/uploads\/Captura-de-ecran-2024-02-01-100901-1-20x10.png 20w\" sizes=\"(max-width: 1471px) 100vw, 1471px\" \/><button\n\t\t\tclass=\"lightbox-trigger\"\n\t\t\ttype=\"button\"\n\t\t\taria-haspopup=\"dialog\"\n\t\t\taria-label=\"Enlarge\"\n\t\t\tdata-wp-init=\"callbacks.initTriggerButton\"\n\t\t\tdata-wp-on--click=\"actions.showLightbox\"\n\t\t\tdata-wp-style--right=\"state.imageButtonRight\"\n\t\t\tdata-wp-style--top=\"state.imageButtonTop\"\n\t\t>\n\t\t\t<svg xmlns=\"http:\/\/www.w3.org\/2000\/svg\" width=\"12\" height=\"12\" fill=\"none\" viewBox=\"0 0 12 12\">\n\t\t\t\t<path fill=\"#fff\" d=\"M2 0a2 2 0 0 0-2 2v2h1.5V2a.5.5 0 0 1 .5-.5h2V0H2Zm2 10.5H2a.5.5 0 0 1-.5-.5V8H0v2a2 2 0 0 0 2 2h2v-1.5ZM8 12v-1.5h2a.5.5 0 0 0 .5-.5V8H12v2a2 2 0 0 1-2 2H8Zm2-12a2 2 0 0 1 2 2v2h-1.5V2a.5.5 0 0 0-.5-.5H8V0h2Z\" \/>\n\t\t\t<\/svg>\n\t\t<\/button><figcaption class=\"wp-element-caption\">Compara\u021bia inciden\u021bei \u00eentre sezoane gripale; Surs\u0103: raportul s\u0103pt\u0103m\u00e2nal al Institutului Na\u021bional de S\u0103n\u0103tate Public\u0103<\/figcaption><\/figure>\n\n\n\n<p>Num\u0103rul deceselor din acest sezon gripal a ajuns la 51, cu 11 \u00een plus fa\u021b\u0103 de s\u0103pt\u0103m\u00e2na precedent\u0103. Dintre acestea, trei decese au fost \u00eenregistrate \u00een Bucure\u0219ti \u0219i dou\u0103 \u00een Ilfov. Majoritatea, 32 dintre ele, au fost \u00een cazul persoanelor de peste 65 de ani, 13 persoane erau \u00een grupa de v\u00e2rst\u0103 50-64, patru persoane \u00een grupa 15-49 de ani, \u0219i \u00een dou\u0103 cazuri a fost vorba de copii sub patru ani.<\/p>\n\n\n\n<h2 class=\"wp-block-heading\">Cazurile de rujeol\u0103<\/h2>\n\n\n\n<p>De la \u00eenceputul lunii ianuarie p\u00e2n\u0103 la final, num\u0103rul cazurilor de rujeol\u0103 a crescut cu 56% &#8211; de la 378 pe 3 ianuarie, la 590 pe 28 ianuarie. \u00cen Ilfov, tot de pe 3 ianuarie, num\u0103rul cazurilor a crescut cu 51%, ajung\u00e2nd de la 124 la 188. <\/p>\n\n\n<div class=\"infogram-embed\" data-id=\"_\/PUb8UwLu9L9B6DBH0RKP\" data-type=\"interactive\" data-title=\"rujeol\u0103 30 ianuarie\"><\/div>\n<p><script>!function(e,n,i,s){var d=\"InfogramEmbeds\";var o=e.getElementsByTagName(n)[0];if(window[d]&&window[d].initialized)window[d].process&&window[d].process();else if(!e.getElementById(i)){var r=e.createElement(n);r.async=1,r.id=i,r.src=s,o.parentNode.insertBefore(r,o)}}(document,\"script\",\"infogram-async\",\"https:\/\/e.infogram.com\/js\/dist\/embed-loader-min.js\");<\/script><\/p>\n\n\n\n<p>\u00cen ultima s\u0103pt\u0103m\u00e2n\u0103 s-au mai vaccinat 7.199 de copii, ajung\u00e2nd la un total de 53.477 copii vaccina\u021bi cu ROR (\u00eempotriva rujeolei, oreionului si rubeolei), potrivit datelor consultate de Buletin de Bucure\u0219ti.<\/p>\n\n\n\n<h2 class=\"wp-block-heading\">Alerta epidemiologic\u0103 din 2023<\/h2>\n\n\n\n<p>Anul trecut, \u201ealerta epidemiologic\u0103\u201d a fost declarat\u0103 la \u00eenceputul lunii ianuarie. Pe atunci, infec\u021biile respiratorii dep\u0103\u0219eau cu peste 20% media multianual\u0103 a ultimelor cinci sezoane pre-pandemice pentru aceea\u0219i perioad\u0103.<\/p>\n\n\n\n<p>V\u00e2rful era estimat a fi atins \u00een perioada 15 ianuarie &#8211; 10 februarie, \u00eenregistr\u00e2ndu-se o cre\u0219tere a num\u0103rului de cazuri de grip\u0103 cu 5 s\u0103pt\u0103m\u00e2ni mai devreme dec\u00e2t \u00een sezonul prepandemic din 2019-2020.<\/p>\n\n\n\n<p><a href=\"https:\/\/buletin.de\/bucuresti\/alerta-epidemiologica-nu-epidemie-masuri-anuntate-de-ministerul-sanatatii-in-urma-cresterii-numarului-infectiilor-virale\/\">Ministrul S\u0103n\u0103t\u0103\u021bii, Alexandru Rafila explica la acea vreme aceast\u0103 diferen\u021b\u0103 statistic\u0103 printr-un trend deja existent \u00een care sezonul gripal se apropria din ce \u00een ce mai mult de Anul Nou, <\/a>cumulat cu imunitatea sc\u0103zut\u0103 la viru\u0219ii gripali cauzat de ultimii doi ani pandemici, \u00een care viru\u0219ii nu au circulat cu frecven\u021ba lor obi\u0219nuit\u0103.<\/p>\n\n\n\n<h2 class=\"wp-block-heading\">Criza din sistemul medical<\/h2>\n\n\n\n<p><a href=\"https:\/\/buletin.de\/bucuresti\/analiza-10-ani-de-haos-in-sistemul-medical-din-bucuresti\/\">\u00cen momentul de fa\u021b\u0103, exist\u0103 o criz\u0103 de personal \u00een spitalele din Capital\u0103<\/a>, deoarece angaj\u0103rile au fost \u00eenghe\u021bate la finalul anului trecut. Guvernul a deblocat joi, 11 ianuarie, 7.600 de posturi din domeniul s\u0103n\u0103t\u0103\u021bii \u0219i asisten\u021bei sociale, iar ministrul S\u0103n\u0103t\u0103\u021bii, Alexandru Rafila, le-a cerut managerilor de spitale ca aceste posturi s\u0103 fie scoase la concurs c\u00e2t mai rapid.<\/p>\n\n\n\n<h2 class=\"wp-block-heading\">Recomand\u0103rile Ministerului S\u0103n\u0103t\u0103\u021bii<\/h2>\n\n\n\n<p>M\u0103surile recomandate de c\u0103tre Ministerul S\u0103n\u0103t\u0103\u021bii nu sunt diferite de cele din timpul pandemiei, fiind vorba tot despre viroze respiratorii.<\/p>\n\n\n\n<p>M\u0103surile aplicabile la nivelul popula\u021biei sunt:<\/p>\n\n\n\n<ul class=\"wp-block-list\">\n<li>evitarea spa\u021biilor aglomerate, aerisirea spa\u021biilor \u00eenchise, purtarea m\u0103\u0219tii de protec\u021bie<\/li>\n\n\n\n<li>men\u021binerea unei igiene adecvate a m\u00e2inilor<\/li>\n\n\n\n<li>respectarea etichetei tusei \u0219i str\u0103nutului, utilizarea batistei de unic\u0103 folosin\u021b\u0103<\/li>\n\n\n\n<li>consultarea medicului de familie la apari\u021bia simptomelor respiratorii, izolarea la domiciliu \u0219i eventuale investiga\u021bii suplimentare<\/li>\n\n\n\n<li>consultarea centrelor de evaluare sau a centrelor de permanen\u021b\u0103 organizare la nivel jude\u021bean<\/li>\n\n\n\n<li>continuarea vaccin\u0103rii antigripale, \u00een special pentru persoanele alfate \u00een categoriile de risc<\/li>\n<\/ul>\n\n\n\n<p>M\u0103suri recomandate angajatorilor:<\/p>\n\n\n\n<ul class=\"wp-block-list\">\n<li>evitarea aglomer\u0103rii \u00een spa\u021biile de lucru<\/li>\n\n\n\n<li>utilizarea m\u0103\u0219tilor de protec\u021bie, dac\u0103 aglomerarea nu poate fi evitat\u0103<\/li>\n\n\n\n<li>\u00eencurajarea vaccin\u0103rii antigripale a personalului<\/li>\n\n\n\n<li>realizarea unui triaj epidemiologic zilinic \u0219i recomand\u0103re de izolare voluntar\u0103 la domiciliu a celor depista\u021bi cu simptomatologie respiratorie<\/li>\n<\/ul>\n\n\n\n<p>M\u0103surile recomandate la nivelul unit\u0103\u021bilor \u0219colare \u0219i pre\u0219colare:<\/p>\n\n\n\n<ul class=\"wp-block-list\">\n<li>realizarea triajului observa\u021bional zilnic, de c\u0103tre cadrul didactic<\/li>\n\n\n\n<li>utilizarea m\u0103stilor de protec\u021bie de c\u0103tre cadrul didactic \u0219i, eventual, de c\u0103tre copii<\/li>\n\n\n\n<li>informarea p\u0103rin\u021bilor \u0219i apar\u021bin\u0103torilor legali privind semnele \u0219i simptonele de infec\u021bii respiratorii<\/li>\n\n\n\n<li>asigurarea materialelor necesare dezinfec\u021biei periodice a m\u00e2inilor \u0219i suprafe\u021belor<\/li>\n\n\n\n<li>aerisirea periodic\u0103 a \u00eenc\u0103perilor<\/li>\n\n\n\n<li>respectarea etichetei tusei \u0219i str\u0103nutului<\/li>\n<\/ul>\n\n\n\n<p><strong>CITE\u015eTE \u015eI:<\/strong><\/p>\n\n\n\n<p><\/p>\n\n\n\n<ul class=\"wp-block-list\">\n<li><a href=\"https:\/\/buletin.de\/bucuresti\/analiza-10-ani-de-haos-in-sistemul-medical-din-bucuresti\/\">ANALIZ\u0102 | 10 ani de haos \u00een sistemul medical din Bucure\u0219ti \u2013 Buletin de Bucure\u0219ti<\/a><\/li>\n\n\n\n<li><a href=\"https:\/\/buletin.de\/bucuresti\/crestere-cu-40-in-doua-saptamani-si-noua-decese-de-gripa-in-ilfov-si-capitala-creste-si-numarul-cazurilor-de-rujeola\/\">Cre\u0219tere cu 40% \u00een dou\u0103 s\u0103pt\u0103m\u00e2ni \u0219i nou\u0103 decese de grip\u0103, \u00een Ilfov \u0219i Capital\u0103. Cre\u0219te \u0219i num\u0103rul cazurilor de rujeol\u0103 \u2013 Buletin de Bucure\u0219ti<\/a><\/li>\n\n\n\n<li><a href=\"https:\/\/buletin.de\/bucuresti\/alerta-epidemiologica-nu-epidemie-masuri-anuntate-de-ministerul-sanatatii-in-urma-cresterii-numarului-infectiilor-virale\/\">Alert\u0103 epidemiologic\u0103, nu epidemie. M\u0103suri anun\u021bate de Ministerul S\u0103n\u0103t\u0103\u021bii \u00een urma cre\u0219terii num\u0103rului infec\u021biilor virale \u2013 Buletin de Bucure\u0219ti<\/a><\/li>\n<\/ul>\n","protected":false},"excerpt":{"rendered":"<p>Se \u00eentrunesc condi\u021biile definitorii unei \u201esitua\u021bii de alert\u0103 epidemiologic\u0103\u201d , potrivit ultimului raport s\u0103pt\u0103m\u00e2nal publicat de Institutul Na\u021bional de S\u0103n\u0103tate Public\u0103 (INSP). \u00cen ultima s\u0103pt\u0103m\u00e2n\u0103 s-au \u00eenregistrat 11 decese, patru la persoane de peste 50 de ani \u0219i 7 la persoane de peste 65 de ani, la nivel na\u021bional, din cauza infec\u021biilor respiratorii. De la [&hellip;]<\/p>\n","protected":false},"author":47,"featured_media":76150,"comment_status":"closed","ping_status":"open","sticky":false,"template":"","format":"standard","meta":{"_acf_changed":false,"inline_featured_image":false,"ngg_post_thumbnail":0,"footnotes":""},"categories":[6994,5762,4],"tags":[9491,527,5118,988,9492],"ppma_author":[22580],"class_list":["post-76145","post","type-post","status-publish","format-standard","has-post-thumbnail","hentry","category-stiri-2","category-main","category-sanatate","tag-alerta-epidemiologica","tag-gripa","tag-infectii-virale","tag-rujeola","tag-situatie-de-alerta"],"acf":[],"yoast_head":"<!-- This site is optimized with the Yoast SEO Premium plugin v25.3 (Yoast SEO v27.5) - https:\/\/yoast.com\/product\/yoast-seo-premium-wordpress\/ -->\n<title>\u201eS\u0103pt\u0103m\u00e2n\u0103 epidemic\u0103\u201d: trei decese \u00een Bucure\u0219ti \u0219i dou\u0103 \u00een Ilfov, cauzate de grip\u0103 - Buletin de Bucure\u0219ti<\/title>\n<meta name=\"robots\" content=\"index, follow, max-snippet:-1, max-image-preview:large, max-video-preview:-1\" \/>\n<link rel=\"canonical\" href=\"https:\/\/buletin.de\/bucuresti\/saptamana-epidemica-trei-decese-in-bucuresti-si-doua-in-ilfov-cauzate-de-gripa\/\" \/>\n<meta property=\"og:locale\" content=\"en_GB\" \/>\n<meta property=\"og:type\" content=\"article\" \/>\n<meta property=\"og:title\" content=\"\u201eS\u0103pt\u0103m\u00e2n\u0103 epidemic\u0103\u201d: trei decese \u00een Bucure\u0219ti \u0219i dou\u0103 \u00een Ilfov, cauzate de grip\u0103\" \/>\n<meta property=\"og:description\" content=\"Se \u00eentrunesc condi\u021biile definitorii unei \u201esitua\u021bii de alert\u0103 epidemiologic\u0103\u201d , potrivit ultimului raport s\u0103pt\u0103m\u00e2nal publicat de Institutul Na\u021bional de S\u0103n\u0103tate Public\u0103 (INSP). \u00cen ultima s\u0103pt\u0103m\u00e2n\u0103 s-au \u00eenregistrat 11 decese, patru la persoane de peste 50 de ani \u0219i 7 la persoane de peste 65 de ani, la nivel na\u021bional, din cauza infec\u021biilor respiratorii. De la [&hellip;]\" \/>\n<meta property=\"og:url\" content=\"https:\/\/buletin.de\/bucuresti\/saptamana-epidemica-trei-decese-in-bucuresti-si-doua-in-ilfov-cauzate-de-gripa\/\" \/>\n<meta property=\"og:site_name\" content=\"Buletin de Bucure\u0219ti\" \/>\n<meta property=\"article:publisher\" content=\"https:\/\/www.facebook.com\/buletin.de.buc\" \/>\n<meta property=\"article:published_time\" content=\"2024-02-01T17:32:53+00:00\" \/>\n<meta property=\"article:modified_time\" content=\"2024-02-02T13:50:47+00:00\" \/>\n<meta property=\"og:image\" content=\"https:\/\/buletin.de\/bucuresti\/wp-content\/uploads\/l0jlhqf7q94-e1706806530553.jpg\" \/>\n\t<meta property=\"og:image:width\" content=\"1200\" \/>\n\t<meta property=\"og:image:height\" content=\"889\" \/>\n\t<meta property=\"og:image:type\" content=\"image\/jpeg\" \/>\n<meta name=\"author\" content=\"Adina C\u0103p\u00eelnean\" \/>\n<meta name=\"twitter:card\" content=\"summary_large_image\" \/>\n<meta name=\"twitter:label1\" content=\"Written by\" \/>\n\t<meta name=\"twitter:data1\" content=\"Adina C\u0103p\u00eelnean\" \/>\n\t<meta name=\"twitter:label2\" content=\"Estimated reading time\" \/>\n\t<meta name=\"twitter:data2\" content=\"5 minutes\" \/>\n<script type=\"application\/ld+json\" class=\"yoast-schema-graph\">{\"@context\":\"https:\\\/\\\/schema.org\",\"@graph\":[{\"@type\":\"Article\",\"@id\":\"https:\\\/\\\/buletin.de\\\/bucuresti\\\/saptamana-epidemica-trei-decese-in-bucuresti-si-doua-in-ilfov-cauzate-de-gripa\\\/#article\",\"isPartOf\":{\"@id\":\"https:\\\/\\\/buletin.de\\\/bucuresti\\\/saptamana-epidemica-trei-decese-in-bucuresti-si-doua-in-ilfov-cauzate-de-gripa\\\/\"},\"author\":{\"name\":\"Adina C\u0103p\u00eelnean\",\"@id\":\"https:\\\/\\\/buletin.de\\\/bucuresti\\\/#\\\/schema\\\/person\\\/ab174cf6711728e4ee83d672acf9a912\"},\"headline\":\"\u201eS\u0103pt\u0103m\u00e2n\u0103 epidemic\u0103\u201d: trei decese \u00een Bucure\u0219ti \u0219i dou\u0103 \u00een Ilfov, cauzate de grip\u0103\",\"datePublished\":\"2024-02-01T17:32:53+00:00\",\"dateModified\":\"2024-02-02T13:50:47+00:00\",\"mainEntityOfPage\":{\"@id\":\"https:\\\/\\\/buletin.de\\\/bucuresti\\\/saptamana-epidemica-trei-decese-in-bucuresti-si-doua-in-ilfov-cauzate-de-gripa\\\/\"},\"wordCount\":1110,\"publisher\":{\"@id\":\"https:\\\/\\\/buletin.de\\\/bucuresti\\\/#organization\"},\"image\":{\"@id\":\"https:\\\/\\\/buletin.de\\\/bucuresti\\\/saptamana-epidemica-trei-decese-in-bucuresti-si-doua-in-ilfov-cauzate-de-gripa\\\/#primaryimage\"},\"thumbnailUrl\":\"https:\\\/\\\/buletin.de\\\/bucuresti\\\/wp-content\\\/uploads\\\/l0jlhqf7q94-e1706806530553.jpg\",\"keywords\":[\"alerta epidemiologica\",\"gripa\",\"infectii virale\",\"rujeola\",\"situatie de alerta\"],\"articleSection\":[\"Articole\",\"Main\",\"S\u0103n\u0103tate\"],\"inLanguage\":\"en-GB\",\"copyrightYear\":\"2024\",\"copyrightHolder\":{\"@id\":\"https:\\\/\\\/buletin.de\\\/bucuresti\\\/#organization\"}},{\"@type\":\"WebPage\",\"@id\":\"https:\\\/\\\/buletin.de\\\/bucuresti\\\/saptamana-epidemica-trei-decese-in-bucuresti-si-doua-in-ilfov-cauzate-de-gripa\\\/\",\"url\":\"https:\\\/\\\/buletin.de\\\/bucuresti\\\/saptamana-epidemica-trei-decese-in-bucuresti-si-doua-in-ilfov-cauzate-de-gripa\\\/\",\"name\":\"\u201eS\u0103pt\u0103m\u00e2n\u0103 epidemic\u0103\u201d: trei decese \u00een Bucure\u0219ti \u0219i dou\u0103 \u00een Ilfov, cauzate de grip\u0103 - Buletin de Bucure\u0219ti\",\"isPartOf\":{\"@id\":\"https:\\\/\\\/buletin.de\\\/bucuresti\\\/#website\"},\"primaryImageOfPage\":{\"@id\":\"https:\\\/\\\/buletin.de\\\/bucuresti\\\/saptamana-epidemica-trei-decese-in-bucuresti-si-doua-in-ilfov-cauzate-de-gripa\\\/#primaryimage\"},\"image\":{\"@id\":\"https:\\\/\\\/buletin.de\\\/bucuresti\\\/saptamana-epidemica-trei-decese-in-bucuresti-si-doua-in-ilfov-cauzate-de-gripa\\\/#primaryimage\"},\"thumbnailUrl\":\"https:\\\/\\\/buletin.de\\\/bucuresti\\\/wp-content\\\/uploads\\\/l0jlhqf7q94-e1706806530553.jpg\",\"datePublished\":\"2024-02-01T17:32:53+00:00\",\"dateModified\":\"2024-02-02T13:50:47+00:00\",\"breadcrumb\":{\"@id\":\"https:\\\/\\\/buletin.de\\\/bucuresti\\\/saptamana-epidemica-trei-decese-in-bucuresti-si-doua-in-ilfov-cauzate-de-gripa\\\/#breadcrumb\"},\"inLanguage\":\"en-GB\",\"potentialAction\":[{\"@type\":\"ReadAction\",\"target\":[\"https:\\\/\\\/buletin.de\\\/bucuresti\\\/saptamana-epidemica-trei-decese-in-bucuresti-si-doua-in-ilfov-cauzate-de-gripa\\\/\"]}]},{\"@type\":\"ImageObject\",\"inLanguage\":\"en-GB\",\"@id\":\"https:\\\/\\\/buletin.de\\\/bucuresti\\\/saptamana-epidemica-trei-decese-in-bucuresti-si-doua-in-ilfov-cauzate-de-gripa\\\/#primaryimage\",\"url\":\"https:\\\/\\\/buletin.de\\\/bucuresti\\\/wp-content\\\/uploads\\\/l0jlhqf7q94-e1706806530553.jpg\",\"contentUrl\":\"https:\\\/\\\/buletin.de\\\/bucuresti\\\/wp-content\\\/uploads\\\/l0jlhqf7q94-e1706806530553.jpg\",\"width\":1200,\"height\":889,\"caption\":\"Surs\u0103: Unsplash\"},{\"@type\":\"BreadcrumbList\",\"@id\":\"https:\\\/\\\/buletin.de\\\/bucuresti\\\/saptamana-epidemica-trei-decese-in-bucuresti-si-doua-in-ilfov-cauzate-de-gripa\\\/#breadcrumb\",\"itemListElement\":[{\"@type\":\"ListItem\",\"position\":1,\"name\":\"Acas\u0103\",\"item\":\"https:\\\/\\\/buletin.de\\\/bucuresti\\\/\"},{\"@type\":\"ListItem\",\"position\":2,\"name\":\"\u201eS\u0103pt\u0103m\u00e2n\u0103 epidemic\u0103\u201d: trei decese \u00een Bucure\u0219ti \u0219i dou\u0103 \u00een Ilfov, cauzate de grip\u0103\"}]},{\"@type\":\"WebSite\",\"@id\":\"https:\\\/\\\/buletin.de\\\/bucuresti\\\/#website\",\"url\":\"https:\\\/\\\/buletin.de\\\/bucuresti\\\/\",\"name\":\"Buletin de Bucure\u0219ti\",\"description\":\"\u0218tiri \u0219i investiga\u021bii esen\u021biale din capital\u0103\",\"publisher\":{\"@id\":\"https:\\\/\\\/buletin.de\\\/bucuresti\\\/#organization\"},\"potentialAction\":[{\"@type\":\"SearchAction\",\"target\":{\"@type\":\"EntryPoint\",\"urlTemplate\":\"https:\\\/\\\/buletin.de\\\/bucuresti\\\/?s={search_term_string}\"},\"query-input\":{\"@type\":\"PropertyValueSpecification\",\"valueRequired\":true,\"valueName\":\"search_term_string\"}}],\"inLanguage\":\"en-GB\"},{\"@type\":\"Organization\",\"@id\":\"https:\\\/\\\/buletin.de\\\/bucuresti\\\/#organization\",\"name\":\"Buletin de Bucure\u0219ti\",\"url\":\"https:\\\/\\\/buletin.de\\\/bucuresti\\\/\",\"logo\":{\"@type\":\"ImageObject\",\"inLanguage\":\"en-GB\",\"@id\":\"https:\\\/\\\/buletin.de\\\/bucuresti\\\/#\\\/schema\\\/logo\\\/image\\\/\",\"url\":\"https:\\\/\\\/buletin.de\\\/bucuresti\\\/wp-content\\\/uploads\\\/logo-bdb-full-wide-vernil-transparent.png\",\"contentUrl\":\"https:\\\/\\\/buletin.de\\\/bucuresti\\\/wp-content\\\/uploads\\\/logo-bdb-full-wide-vernil-transparent.png\",\"width\":1782,\"height\":626,\"caption\":\"Buletin de Bucure\u0219ti\"},\"image\":{\"@id\":\"https:\\\/\\\/buletin.de\\\/bucuresti\\\/#\\\/schema\\\/logo\\\/image\\\/\"},\"sameAs\":[\"https:\\\/\\\/www.facebook.com\\\/buletin.de.buc\",\"https:\\\/\\\/www.instagram.com\\\/buletinde.bucuresti\\\/\"]},{\"@type\":\"Person\",\"@id\":\"https:\\\/\\\/buletin.de\\\/bucuresti\\\/#\\\/schema\\\/person\\\/ab174cf6711728e4ee83d672acf9a912\",\"name\":\"Adina C\u0103p\u00eelnean\",\"image\":{\"@type\":\"ImageObject\",\"inLanguage\":\"en-GB\",\"@id\":\"https:\\\/\\\/secure.gravatar.com\\\/avatar\\\/4fe9675d6282fd7c1aa4e486a037d532d5728fc16a30360f293eb6126b2e73ad?s=96&d=monsterid&r=ge2b23868508aec3460d3c6a11d3b599a\",\"url\":\"https:\\\/\\\/secure.gravatar.com\\\/avatar\\\/4fe9675d6282fd7c1aa4e486a037d532d5728fc16a30360f293eb6126b2e73ad?s=96&d=monsterid&r=g\",\"contentUrl\":\"https:\\\/\\\/secure.gravatar.com\\\/avatar\\\/4fe9675d6282fd7c1aa4e486a037d532d5728fc16a30360f293eb6126b2e73ad?s=96&d=monsterid&r=g\",\"caption\":\"Adina C\u0103p\u00eelnean\"},\"url\":\"https:\\\/\\\/buletin.de\\\/bucuresti\\\/author\\\/adinacapilnean\\\/\"}]}<\/script>\n<!-- \/ Yoast SEO Premium plugin. -->","yoast_head_json":{"title":"\u201eS\u0103pt\u0103m\u00e2n\u0103 epidemic\u0103\u201d: trei decese \u00een Bucure\u0219ti \u0219i dou\u0103 \u00een Ilfov, cauzate de grip\u0103 - Buletin de Bucure\u0219ti","robots":{"index":"index","follow":"follow","max-snippet":"max-snippet:-1","max-image-preview":"max-image-preview:large","max-video-preview":"max-video-preview:-1"},"canonical":"https:\/\/buletin.de\/bucuresti\/saptamana-epidemica-trei-decese-in-bucuresti-si-doua-in-ilfov-cauzate-de-gripa\/","og_locale":"en_GB","og_type":"article","og_title":"\u201eS\u0103pt\u0103m\u00e2n\u0103 epidemic\u0103\u201d: trei decese \u00een Bucure\u0219ti \u0219i dou\u0103 \u00een Ilfov, cauzate de grip\u0103","og_description":"Se \u00eentrunesc condi\u021biile definitorii unei \u201esitua\u021bii de alert\u0103 epidemiologic\u0103\u201d , potrivit ultimului raport s\u0103pt\u0103m\u00e2nal publicat de Institutul Na\u021bional de S\u0103n\u0103tate Public\u0103 (INSP). \u00cen ultima s\u0103pt\u0103m\u00e2n\u0103 s-au \u00eenregistrat 11 decese, patru la persoane de peste 50 de ani \u0219i 7 la persoane de peste 65 de ani, la nivel na\u021bional, din cauza infec\u021biilor respiratorii. De la [&hellip;]","og_url":"https:\/\/buletin.de\/bucuresti\/saptamana-epidemica-trei-decese-in-bucuresti-si-doua-in-ilfov-cauzate-de-gripa\/","og_site_name":"Buletin de Bucure\u0219ti","article_publisher":"https:\/\/www.facebook.com\/buletin.de.buc","article_published_time":"2024-02-01T17:32:53+00:00","article_modified_time":"2024-02-02T13:50:47+00:00","og_image":[{"width":1200,"height":889,"url":"https:\/\/buletin.de\/bucuresti\/wp-content\/uploads\/l0jlhqf7q94-e1706806530553.jpg","type":"image\/jpeg"}],"author":"Adina C\u0103p\u00eelnean","twitter_card":"summary_large_image","twitter_misc":{"Written by":"Adina C\u0103p\u00eelnean","Estimated reading time":"5 minutes"},"schema":{"@context":"https:\/\/schema.org","@graph":[{"@type":"Article","@id":"https:\/\/buletin.de\/bucuresti\/saptamana-epidemica-trei-decese-in-bucuresti-si-doua-in-ilfov-cauzate-de-gripa\/#article","isPartOf":{"@id":"https:\/\/buletin.de\/bucuresti\/saptamana-epidemica-trei-decese-in-bucuresti-si-doua-in-ilfov-cauzate-de-gripa\/"},"author":{"name":"Adina C\u0103p\u00eelnean","@id":"https:\/\/buletin.de\/bucuresti\/#\/schema\/person\/ab174cf6711728e4ee83d672acf9a912"},"headline":"\u201eS\u0103pt\u0103m\u00e2n\u0103 epidemic\u0103\u201d: trei decese \u00een Bucure\u0219ti \u0219i dou\u0103 \u00een Ilfov, cauzate de grip\u0103","datePublished":"2024-02-01T17:32:53+00:00","dateModified":"2024-02-02T13:50:47+00:00","mainEntityOfPage":{"@id":"https:\/\/buletin.de\/bucuresti\/saptamana-epidemica-trei-decese-in-bucuresti-si-doua-in-ilfov-cauzate-de-gripa\/"},"wordCount":1110,"publisher":{"@id":"https:\/\/buletin.de\/bucuresti\/#organization"},"image":{"@id":"https:\/\/buletin.de\/bucuresti\/saptamana-epidemica-trei-decese-in-bucuresti-si-doua-in-ilfov-cauzate-de-gripa\/#primaryimage"},"thumbnailUrl":"https:\/\/buletin.de\/bucuresti\/wp-content\/uploads\/l0jlhqf7q94-e1706806530553.jpg","keywords":["alerta epidemiologica","gripa","infectii virale","rujeola","situatie de alerta"],"articleSection":["Articole","Main","S\u0103n\u0103tate"],"inLanguage":"en-GB","copyrightYear":"2024","copyrightHolder":{"@id":"https:\/\/buletin.de\/bucuresti\/#organization"}},{"@type":"WebPage","@id":"https:\/\/buletin.de\/bucuresti\/saptamana-epidemica-trei-decese-in-bucuresti-si-doua-in-ilfov-cauzate-de-gripa\/","url":"https:\/\/buletin.de\/bucuresti\/saptamana-epidemica-trei-decese-in-bucuresti-si-doua-in-ilfov-cauzate-de-gripa\/","name":"\u201eS\u0103pt\u0103m\u00e2n\u0103 epidemic\u0103\u201d: trei decese \u00een Bucure\u0219ti \u0219i dou\u0103 \u00een Ilfov, cauzate de grip\u0103 - Buletin de Bucure\u0219ti","isPartOf":{"@id":"https:\/\/buletin.de\/bucuresti\/#website"},"primaryImageOfPage":{"@id":"https:\/\/buletin.de\/bucuresti\/saptamana-epidemica-trei-decese-in-bucuresti-si-doua-in-ilfov-cauzate-de-gripa\/#primaryimage"},"image":{"@id":"https:\/\/buletin.de\/bucuresti\/saptamana-epidemica-trei-decese-in-bucuresti-si-doua-in-ilfov-cauzate-de-gripa\/#primaryimage"},"thumbnailUrl":"https:\/\/buletin.de\/bucuresti\/wp-content\/uploads\/l0jlhqf7q94-e1706806530553.jpg","datePublished":"2024-02-01T17:32:53+00:00","dateModified":"2024-02-02T13:50:47+00:00","breadcrumb":{"@id":"https:\/\/buletin.de\/bucuresti\/saptamana-epidemica-trei-decese-in-bucuresti-si-doua-in-ilfov-cauzate-de-gripa\/#breadcrumb"},"inLanguage":"en-GB","potentialAction":[{"@type":"ReadAction","target":["https:\/\/buletin.de\/bucuresti\/saptamana-epidemica-trei-decese-in-bucuresti-si-doua-in-ilfov-cauzate-de-gripa\/"]}]},{"@type":"ImageObject","inLanguage":"en-GB","@id":"https:\/\/buletin.de\/bucuresti\/saptamana-epidemica-trei-decese-in-bucuresti-si-doua-in-ilfov-cauzate-de-gripa\/#primaryimage","url":"https:\/\/buletin.de\/bucuresti\/wp-content\/uploads\/l0jlhqf7q94-e1706806530553.jpg","contentUrl":"https:\/\/buletin.de\/bucuresti\/wp-content\/uploads\/l0jlhqf7q94-e1706806530553.jpg","width":1200,"height":889,"caption":"Surs\u0103: Unsplash"},{"@type":"BreadcrumbList","@id":"https:\/\/buletin.de\/bucuresti\/saptamana-epidemica-trei-decese-in-bucuresti-si-doua-in-ilfov-cauzate-de-gripa\/#breadcrumb","itemListElement":[{"@type":"ListItem","position":1,"name":"Acas\u0103","item":"https:\/\/buletin.de\/bucuresti\/"},{"@type":"ListItem","position":2,"name":"\u201eS\u0103pt\u0103m\u00e2n\u0103 epidemic\u0103\u201d: trei decese \u00een Bucure\u0219ti \u0219i dou\u0103 \u00een Ilfov, cauzate de grip\u0103"}]},{"@type":"WebSite","@id":"https:\/\/buletin.de\/bucuresti\/#website","url":"https:\/\/buletin.de\/bucuresti\/","name":"Buletin de Bucure\u0219ti","description":"\u0218tiri \u0219i investiga\u021bii esen\u021biale din capital\u0103","publisher":{"@id":"https:\/\/buletin.de\/bucuresti\/#organization"},"potentialAction":[{"@type":"SearchAction","target":{"@type":"EntryPoint","urlTemplate":"https:\/\/buletin.de\/bucuresti\/?s={search_term_string}"},"query-input":{"@type":"PropertyValueSpecification","valueRequired":true,"valueName":"search_term_string"}}],"inLanguage":"en-GB"},{"@type":"Organization","@id":"https:\/\/buletin.de\/bucuresti\/#organization","name":"Buletin de Bucure\u0219ti","url":"https:\/\/buletin.de\/bucuresti\/","logo":{"@type":"ImageObject","inLanguage":"en-GB","@id":"https:\/\/buletin.de\/bucuresti\/#\/schema\/logo\/image\/","url":"https:\/\/buletin.de\/bucuresti\/wp-content\/uploads\/logo-bdb-full-wide-vernil-transparent.png","contentUrl":"https:\/\/buletin.de\/bucuresti\/wp-content\/uploads\/logo-bdb-full-wide-vernil-transparent.png","width":1782,"height":626,"caption":"Buletin de Bucure\u0219ti"},"image":{"@id":"https:\/\/buletin.de\/bucuresti\/#\/schema\/logo\/image\/"},"sameAs":["https:\/\/www.facebook.com\/buletin.de.buc","https:\/\/www.instagram.com\/buletinde.bucuresti\/"]},{"@type":"Person","@id":"https:\/\/buletin.de\/bucuresti\/#\/schema\/person\/ab174cf6711728e4ee83d672acf9a912","name":"Adina C\u0103p\u00eelnean","image":{"@type":"ImageObject","inLanguage":"en-GB","@id":"https:\/\/secure.gravatar.com\/avatar\/4fe9675d6282fd7c1aa4e486a037d532d5728fc16a30360f293eb6126b2e73ad?s=96&d=monsterid&r=ge2b23868508aec3460d3c6a11d3b599a","url":"https:\/\/secure.gravatar.com\/avatar\/4fe9675d6282fd7c1aa4e486a037d532d5728fc16a30360f293eb6126b2e73ad?s=96&d=monsterid&r=g","contentUrl":"https:\/\/secure.gravatar.com\/avatar\/4fe9675d6282fd7c1aa4e486a037d532d5728fc16a30360f293eb6126b2e73ad?s=96&d=monsterid&r=g","caption":"Adina C\u0103p\u00eelnean"},"url":"https:\/\/buletin.de\/bucuresti\/author\/adinacapilnean\/"}]}},"authors":[{"term_id":22580,"user_id":47,"is_guest":0,"slug":"adinacapilnean","display_name":"Adina C\u0103p\u00eelnean","avatar_url":"https:\/\/secure.gravatar.com\/avatar\/4fe9675d6282fd7c1aa4e486a037d532d5728fc16a30360f293eb6126b2e73ad?s=96&d=monsterid&r=g","0":null,"1":"","2":"","3":"","4":"","5":"","6":"","7":"","8":""}],"_links":{"self":[{"href":"https:\/\/buletin.de\/bucuresti\/wp-json\/wp\/v2\/posts\/76145","targetHints":{"allow":["GET"]}}],"collection":[{"href":"https:\/\/buletin.de\/bucuresti\/wp-json\/wp\/v2\/posts"}],"about":[{"href":"https:\/\/buletin.de\/bucuresti\/wp-json\/wp\/v2\/types\/post"}],"author":[{"embeddable":true,"href":"https:\/\/buletin.de\/bucuresti\/wp-json\/wp\/v2\/users\/47"}],"replies":[{"embeddable":true,"href":"https:\/\/buletin.de\/bucuresti\/wp-json\/wp\/v2\/comments?post=76145"}],"version-history":[{"count":12,"href":"https:\/\/buletin.de\/bucuresti\/wp-json\/wp\/v2\/posts\/76145\/revisions"}],"predecessor-version":[{"id":76249,"href":"https:\/\/buletin.de\/bucuresti\/wp-json\/wp\/v2\/posts\/76145\/revisions\/76249"}],"wp:featuredmedia":[{"embeddable":true,"href":"https:\/\/buletin.de\/bucuresti\/wp-json\/wp\/v2\/media\/76150"}],"wp:attachment":[{"href":"https:\/\/buletin.de\/bucuresti\/wp-json\/wp\/v2\/media?parent=76145"}],"wp:term":[{"taxonomy":"category","embeddable":true,"href":"https:\/\/buletin.de\/bucuresti\/wp-json\/wp\/v2\/categories?post=76145"},{"taxonomy":"post_tag","embeddable":true,"href":"https:\/\/buletin.de\/bucuresti\/wp-json\/wp\/v2\/tags?post=76145"},{"taxonomy":"author","embeddable":true,"href":"https:\/\/buletin.de\/bucuresti\/wp-json\/wp\/v2\/ppma_author?post=76145"}],"curies":[{"name":"wp","href":"https:\/\/api.w.org\/{rel}","templated":true}]}}