{"id":76129,"date":"2024-02-01T15:00:50","date_gmt":"2024-02-01T13:00:50","guid":{"rendered":"https:\/\/buletin.de\/bucuresti\/?p=76129"},"modified":"2024-02-02T15:46:39","modified_gmt":"2024-02-02T13:46:39","slug":"ilfov-ambulatoriu-de-117-milioane-de-euro-in-popesti-leordeni","status":"publish","type":"post","link":"https:\/\/buletin.de\/bucuresti\/ilfov-ambulatoriu-de-117-milioane-de-euro-in-popesti-leordeni\/","title":{"rendered":"ILFOV | Ambulatoriu de 11,7 milioane de euro \u00een Pope\u015fti-Leordeni"},"content":{"rendered":"\n<p>Consilierii locali ai ora\u0219ului Pope\u0219ti-Leodeni au aprobat construc\u021bia unui ambulatoriu de peste 58,5 milioane de lei, anun\u021b\u0103 Petre Iacob, primarul ora\u0219ului.<\/p>\n\n\n\n<p>Proiectul va fi implementat printr-un parteneriat \u00eentre U.A.T Jude\u021bul Ilfov ( partener 1) \u0219i asocierea U.A.T Ora\u0219ul Pope\u0219ti-Leordeni ( Lider) &#8211; Spitalul Clinic Jude\u021bean de Urgen\u021b\u0103 Ilfov ( partener 2).<\/p>\n\n\n\n<figure class=\"wp-block-gallery has-nested-images columns-default is-cropped wp-block-gallery-1 is-layout-flex wp-block-gallery-is-layout-flex\">\n<figure class=\"wp-block-image size-large\"><img fetchpriority=\"high\" decoding=\"async\" width=\"900\" height=\"507\" data-id=\"76133\" src=\"data:image\/gif;base64,R0lGODlhAQABAAAAACH5BAEKAAEALAAAAAABAAEAAAICTAEAOw==\" data-src=\"https:\/\/buletin.de\/bucuresti\/wp-content\/uploads\/Ambulatoriu-2-900x507.jpg\" alt=\"\" class=\"wp-image-76133 lazyload\" data-sizes=\"auto\" data-srcset=\"https:\/\/buletin.de\/bucuresti\/wp-content\/uploads\/Ambulatoriu-2-900x507.jpg 900w, https:\/\/buletin.de\/bucuresti\/wp-content\/uploads\/Ambulatoriu-2-300x169.jpg 300w, https:\/\/buletin.de\/bucuresti\/wp-content\/uploads\/Ambulatoriu-2-768x432.jpg 768w, https:\/\/buletin.de\/bucuresti\/wp-content\/uploads\/Ambulatoriu-2-600x338.jpg 600w, https:\/\/buletin.de\/bucuresti\/wp-content\/uploads\/Ambulatoriu-2-20x11.jpg 20w, https:\/\/buletin.de\/bucuresti\/wp-content\/uploads\/Ambulatoriu-2.jpg 1080w\" sizes=\"(max-width: 900px) 100vw, 900px\" \/><figcaption class=\"wp-element-caption\">FOTO: FB\/ Petre Iacob<\/figcaption><\/figure>\n\n\n\n<figure class=\"wp-block-image size-large\"><img decoding=\"async\" width=\"900\" height=\"507\" data-id=\"76132\" src=\"data:image\/gif;base64,R0lGODlhAQABAAAAACH5BAEKAAEALAAAAAABAAEAAAICTAEAOw==\" data-src=\"https:\/\/buletin.de\/bucuresti\/wp-content\/uploads\/Ambulatoriu-1-900x507.jpg\" alt=\"\" class=\"wp-image-76132 lazyload\" data-sizes=\"auto\" data-srcset=\"https:\/\/buletin.de\/bucuresti\/wp-content\/uploads\/Ambulatoriu-1-900x507.jpg 900w, https:\/\/buletin.de\/bucuresti\/wp-content\/uploads\/Ambulatoriu-1-300x169.jpg 300w, https:\/\/buletin.de\/bucuresti\/wp-content\/uploads\/Ambulatoriu-1-768x432.jpg 768w, https:\/\/buletin.de\/bucuresti\/wp-content\/uploads\/Ambulatoriu-1-600x338.jpg 600w, https:\/\/buletin.de\/bucuresti\/wp-content\/uploads\/Ambulatoriu-1-20x11.jpg 20w, https:\/\/buletin.de\/bucuresti\/wp-content\/uploads\/Ambulatoriu-1.jpg 1080w\" sizes=\"(max-width: 900px) 100vw, 900px\" \/><figcaption class=\"wp-element-caption\">FOTO: FB\/ Petre Iacob<\/figcaption><\/figure>\n<\/figure>\n\n\n\n<p>Structura cl\u0103dirii, potrivit unei post\u0103ri de Facebook a primarului:<\/p>\n\n\n\n<p>Subsol:<\/p>\n\n\n\n<ul class=\"wp-block-list\">\n<li>Serviciu Imagistic\u0103 ( RMN , CT \u0219i Rx );<\/li>\n\n\n\n<li>Ad\u0103post civil calculat la un num\u0103r de 58 persoane ;<\/li>\n\n\n\n<li>Zon\u0103 tehnic\u0103 pentru echipamente aferente instala\u021biilor;<\/li>\n<\/ul>\n\n\n\n<p>Parter:<\/p>\n\n\n\n<p>&nbsp;Recep\u021bie general\u0103 ;<\/p>\n\n\n\n<ul class=\"wp-block-list\">\n<li>Laborator analize medicale;<\/li>\n\n\n\n<li>Zon\u0103 recoltare probe;<\/li>\n\n\n\n<li>Zon\u0103 ambulan\u021bieri cu acces separat;<\/li>\n<\/ul>\n\n\n\n<p>Etajul 1<\/p>\n\n\n\n<ul class=\"wp-block-list\">\n<li>Cabinet medical nr.1 &#8211; Cardiologie;<\/li>\n\n\n\n<li>Cabinet medical nr.2 &#8211; Medicin\u0103 Intern\u0103;<\/li>\n\n\n\n<li>Cabinet medical nr.3 &#8211; Obstetric\u0103- Ginecologie;<\/li>\n\n\n\n<li>Cabinet medical nr.4 &#8211; Dermato-Venerice;<\/li>\n\n\n\n<li>Cabinet medical nr.5 &#8211; Pediatrie;<\/li>\n\n\n\n<li>Cabinet medical nr.6 &#8211; Chirurgie General\u0103;<\/li>\n\n\n\n<li>Cabinet medical nr.7 &#8211; Ortopedie \u0219i Traumatologie;<\/li>\n\n\n\n<li>Cabinet medical nr.8 &#8211; Urologie;<\/li>\n\n\n\n<li>Cabinet medical nr.9 &#8211; ORL;<\/li>\n<\/ul>\n\n\n\n<p>Etajul 2<\/p>\n\n\n\n<ul class=\"wp-block-list\">\n<li>Cabinet medical nr.10 &#8211; Neurologie;<\/li>\n\n\n\n<li>Cabinet medical nr.11 &#8211; Oftalmologie;<\/li>\n\n\n\n<li>Cabinet medical nr.12 &#8211; Diabet, Boli de Nutri\u021bie \u0219i Metabolism;<\/li>\n\n\n\n<li>Cabinet medical nr.13 &#8211; Endocrinologie;<\/li>\n\n\n\n<li>Cabinet medical nr.14 &#8211; Gastroenterologie;<\/li>\n\n\n\n<li>Cabinet medical nr.15 &#8211; Radiologie;<\/li>\n\n\n\n<li>Cabinet medical nr.16 &#8211; Boli Infec\u021bioase.<\/li>\n<\/ul>\n\n\n\n<p>Etajul 3<\/p>\n\n\n\n<ul class=\"wp-block-list\">\n<li>&nbsp;Sal\u0103 de curs pentru 87 persoane;<\/li>\n\n\n\n<li>&nbsp;Birouri administrative;<\/li>\n\n\n\n<li>&nbsp;Grupuri sanitare;<\/li>\n<\/ul>\n\n\n\n<p>Termenul estimat pentru finalizarea construc\u021biei este de 3 ani (36 luni), conform studiului de fezabilitate aprobat \u00een mai 2022.<\/p>\n\n\n\n<p>Valoarea total\u0103 a proiectului este de circa  58,6 milioane de lei (inclusiv TVA ), dintre care 19,5 milioane reprezint\u0103 contribu\u021bia Jude\u021bului Ilfov. Cheltuielile eligibile vor fi asigurate din fonduri europene, prin programul S\u0103n\u0103tate lansat de Ministerul Investi\u021biiilor \u0219i Proiectelor Europene.<\/p>\n","protected":false},"excerpt":{"rendered":"<p>Consilierii locali ai ora\u0219ului Pope\u0219ti-Leodeni au aprobat construc\u021bia unui ambulatoriu de peste 58,5 milioane de lei, anun\u021b\u0103 Petre Iacob, primarul ora\u0219ului. Proiectul va fi implementat printr-un parteneriat \u00eentre U.A.T Jude\u021bul Ilfov ( partener 1) \u0219i asocierea U.A.T Ora\u0219ul Pope\u0219ti-Leordeni ( Lider) &#8211; Spitalul Clinic Jude\u021bean de Urgen\u021b\u0103 Ilfov ( partener 2). Structura cl\u0103dirii, potrivit unei [&hellip;]<\/p>\n","protected":false},"author":55,"featured_media":76130,"comment_status":"closed","ping_status":"open","sticky":false,"template":"","format":"standard","meta":{"_acf_changed":false,"inline_featured_image":false,"ngg_post_thumbnail":0,"footnotes":""},"categories":[6994,4,62],"tags":[9487,809,820,9488],"ppma_author":[22573],"class_list":["post-76129","post","type-post","status-publish","format-standard","has-post-thumbnail","hentry","category-stiri-2","category-sanatate","category-stiri","tag-ambulatoriu-popesti-leordeni","tag-fonduri-europene","tag-ilfov","tag-investitii-in-sanatate"],"acf":[],"yoast_head":"<!-- This site is optimized with the Yoast SEO Premium plugin v25.3 (Yoast SEO v27.4) - https:\/\/yoast.com\/product\/yoast-seo-premium-wordpress\/ -->\n<title>ILFOV | Ambulatoriu de 11,7 milioane de euro \u00een Pope\u015fti-Leordeni - Buletin de Bucure\u0219ti<\/title>\n<meta name=\"robots\" content=\"index, follow, max-snippet:-1, max-image-preview:large, max-video-preview:-1\" \/>\n<link rel=\"canonical\" href=\"https:\/\/buletin.de\/bucuresti\/ilfov-ambulatoriu-de-117-milioane-de-euro-in-popesti-leordeni\/\" \/>\n<meta property=\"og:locale\" content=\"en_GB\" \/>\n<meta property=\"og:type\" content=\"article\" \/>\n<meta property=\"og:title\" content=\"ILFOV | Ambulatoriu de 11,7 milioane de euro \u00een Pope\u015fti-Leordeni\" \/>\n<meta property=\"og:description\" content=\"Consilierii locali ai ora\u0219ului Pope\u0219ti-Leodeni au aprobat construc\u021bia unui ambulatoriu de peste 58,5 milioane de lei, anun\u021b\u0103 Petre Iacob, primarul ora\u0219ului. Proiectul va fi implementat printr-un parteneriat \u00eentre U.A.T Jude\u021bul Ilfov ( partener 1) \u0219i asocierea U.A.T Ora\u0219ul Pope\u0219ti-Leordeni ( Lider) &#8211; Spitalul Clinic Jude\u021bean de Urgen\u021b\u0103 Ilfov ( partener 2). Structura cl\u0103dirii, potrivit unei [&hellip;]\" \/>\n<meta property=\"og:url\" content=\"https:\/\/buletin.de\/bucuresti\/ilfov-ambulatoriu-de-117-milioane-de-euro-in-popesti-leordeni\/\" \/>\n<meta property=\"og:site_name\" content=\"Buletin de Bucure\u0219ti\" \/>\n<meta property=\"article:publisher\" content=\"https:\/\/www.facebook.com\/buletin.de.buc\" \/>\n<meta property=\"article:published_time\" content=\"2024-02-01T13:00:50+00:00\" \/>\n<meta property=\"article:modified_time\" content=\"2024-02-02T13:46:39+00:00\" \/>\n<meta property=\"og:image\" content=\"https:\/\/buletin.de\/bucuresti\/wp-content\/uploads\/423862923_782853070526051_9071582588261450430_n.jpg\" \/>\n\t<meta property=\"og:image:width\" content=\"1080\" \/>\n\t<meta property=\"og:image:height\" content=\"608\" \/>\n\t<meta property=\"og:image:type\" content=\"image\/jpeg\" \/>\n<meta name=\"author\" content=\"Andreea Tudor\" \/>\n<meta name=\"twitter:card\" content=\"summary_large_image\" \/>\n<meta name=\"twitter:label1\" content=\"Written by\" \/>\n\t<meta name=\"twitter:data1\" content=\"Andreea Tudor\" \/>\n\t<meta name=\"twitter:label2\" content=\"Estimated reading time\" \/>\n\t<meta name=\"twitter:data2\" content=\"1 minute\" \/>\n<script type=\"application\/ld+json\" class=\"yoast-schema-graph\">{\"@context\":\"https:\\\/\\\/schema.org\",\"@graph\":[{\"@type\":\"Article\",\"@id\":\"https:\\\/\\\/buletin.de\\\/bucuresti\\\/ilfov-ambulatoriu-de-117-milioane-de-euro-in-popesti-leordeni\\\/#article\",\"isPartOf\":{\"@id\":\"https:\\\/\\\/buletin.de\\\/bucuresti\\\/ilfov-ambulatoriu-de-117-milioane-de-euro-in-popesti-leordeni\\\/\"},\"author\":{\"name\":\"Andreea Tudor\",\"@id\":\"https:\\\/\\\/buletin.de\\\/bucuresti\\\/#\\\/schema\\\/person\\\/150590659efde715459d159da012f501\"},\"headline\":\"ILFOV | Ambulatoriu de 11,7 milioane de euro \u00een Pope\u015fti-Leordeni\",\"datePublished\":\"2024-02-01T13:00:50+00:00\",\"dateModified\":\"2024-02-02T13:46:39+00:00\",\"mainEntityOfPage\":{\"@id\":\"https:\\\/\\\/buletin.de\\\/bucuresti\\\/ilfov-ambulatoriu-de-117-milioane-de-euro-in-popesti-leordeni\\\/\"},\"wordCount\":294,\"publisher\":{\"@id\":\"https:\\\/\\\/buletin.de\\\/bucuresti\\\/#organization\"},\"image\":{\"@id\":\"https:\\\/\\\/buletin.de\\\/bucuresti\\\/ilfov-ambulatoriu-de-117-milioane-de-euro-in-popesti-leordeni\\\/#primaryimage\"},\"thumbnailUrl\":\"https:\\\/\\\/buletin.de\\\/bucuresti\\\/wp-content\\\/uploads\\\/423862923_782853070526051_9071582588261450430_n.jpg\",\"keywords\":[\"ambulatoriu Pope\u0219ti-Leordeni\",\"fonduri europene\",\"Ilfov\",\"investi\u021bii \u00een s\u0103n\u0103tate\"],\"articleSection\":[\"Articole\",\"S\u0103n\u0103tate\",\"\u0218tiri\"],\"inLanguage\":\"en-GB\",\"copyrightYear\":\"2024\",\"copyrightHolder\":{\"@id\":\"https:\\\/\\\/buletin.de\\\/bucuresti\\\/#organization\"}},{\"@type\":\"WebPage\",\"@id\":\"https:\\\/\\\/buletin.de\\\/bucuresti\\\/ilfov-ambulatoriu-de-117-milioane-de-euro-in-popesti-leordeni\\\/\",\"url\":\"https:\\\/\\\/buletin.de\\\/bucuresti\\\/ilfov-ambulatoriu-de-117-milioane-de-euro-in-popesti-leordeni\\\/\",\"name\":\"ILFOV | Ambulatoriu de 11,7 milioane de euro \u00een Pope\u015fti-Leordeni - Buletin de Bucure\u0219ti\",\"isPartOf\":{\"@id\":\"https:\\\/\\\/buletin.de\\\/bucuresti\\\/#website\"},\"primaryImageOfPage\":{\"@id\":\"https:\\\/\\\/buletin.de\\\/bucuresti\\\/ilfov-ambulatoriu-de-117-milioane-de-euro-in-popesti-leordeni\\\/#primaryimage\"},\"image\":{\"@id\":\"https:\\\/\\\/buletin.de\\\/bucuresti\\\/ilfov-ambulatoriu-de-117-milioane-de-euro-in-popesti-leordeni\\\/#primaryimage\"},\"thumbnailUrl\":\"https:\\\/\\\/buletin.de\\\/bucuresti\\\/wp-content\\\/uploads\\\/423862923_782853070526051_9071582588261450430_n.jpg\",\"datePublished\":\"2024-02-01T13:00:50+00:00\",\"dateModified\":\"2024-02-02T13:46:39+00:00\",\"breadcrumb\":{\"@id\":\"https:\\\/\\\/buletin.de\\\/bucuresti\\\/ilfov-ambulatoriu-de-117-milioane-de-euro-in-popesti-leordeni\\\/#breadcrumb\"},\"inLanguage\":\"en-GB\",\"potentialAction\":[{\"@type\":\"ReadAction\",\"target\":[\"https:\\\/\\\/buletin.de\\\/bucuresti\\\/ilfov-ambulatoriu-de-117-milioane-de-euro-in-popesti-leordeni\\\/\"]}]},{\"@type\":\"ImageObject\",\"inLanguage\":\"en-GB\",\"@id\":\"https:\\\/\\\/buletin.de\\\/bucuresti\\\/ilfov-ambulatoriu-de-117-milioane-de-euro-in-popesti-leordeni\\\/#primaryimage\",\"url\":\"https:\\\/\\\/buletin.de\\\/bucuresti\\\/wp-content\\\/uploads\\\/423862923_782853070526051_9071582588261450430_n.jpg\",\"contentUrl\":\"https:\\\/\\\/buletin.de\\\/bucuresti\\\/wp-content\\\/uploads\\\/423862923_782853070526051_9071582588261450430_n.jpg\",\"width\":1080,\"height\":608,\"caption\":\"FOTO: FB\\\/ Petre Iacob\"},{\"@type\":\"BreadcrumbList\",\"@id\":\"https:\\\/\\\/buletin.de\\\/bucuresti\\\/ilfov-ambulatoriu-de-117-milioane-de-euro-in-popesti-leordeni\\\/#breadcrumb\",\"itemListElement\":[{\"@type\":\"ListItem\",\"position\":1,\"name\":\"Acas\u0103\",\"item\":\"https:\\\/\\\/buletin.de\\\/bucuresti\\\/\"},{\"@type\":\"ListItem\",\"position\":2,\"name\":\"ILFOV | Ambulatoriu de 11,7 milioane de euro \u00een Pope\u015fti-Leordeni\"}]},{\"@type\":\"WebSite\",\"@id\":\"https:\\\/\\\/buletin.de\\\/bucuresti\\\/#website\",\"url\":\"https:\\\/\\\/buletin.de\\\/bucuresti\\\/\",\"name\":\"Buletin de Bucure\u0219ti\",\"description\":\"\u0218tiri \u0219i investiga\u021bii esen\u021biale din capital\u0103\",\"publisher\":{\"@id\":\"https:\\\/\\\/buletin.de\\\/bucuresti\\\/#organization\"},\"potentialAction\":[{\"@type\":\"SearchAction\",\"target\":{\"@type\":\"EntryPoint\",\"urlTemplate\":\"https:\\\/\\\/buletin.de\\\/bucuresti\\\/?s={search_term_string}\"},\"query-input\":{\"@type\":\"PropertyValueSpecification\",\"valueRequired\":true,\"valueName\":\"search_term_string\"}}],\"inLanguage\":\"en-GB\"},{\"@type\":\"Organization\",\"@id\":\"https:\\\/\\\/buletin.de\\\/bucuresti\\\/#organization\",\"name\":\"Buletin de Bucure\u0219ti\",\"url\":\"https:\\\/\\\/buletin.de\\\/bucuresti\\\/\",\"logo\":{\"@type\":\"ImageObject\",\"inLanguage\":\"en-GB\",\"@id\":\"https:\\\/\\\/buletin.de\\\/bucuresti\\\/#\\\/schema\\\/logo\\\/image\\\/\",\"url\":\"https:\\\/\\\/buletin.de\\\/bucuresti\\\/wp-content\\\/uploads\\\/logo-bdb-full-wide-vernil-transparent.png\",\"contentUrl\":\"https:\\\/\\\/buletin.de\\\/bucuresti\\\/wp-content\\\/uploads\\\/logo-bdb-full-wide-vernil-transparent.png\",\"width\":1782,\"height\":626,\"caption\":\"Buletin de Bucure\u0219ti\"},\"image\":{\"@id\":\"https:\\\/\\\/buletin.de\\\/bucuresti\\\/#\\\/schema\\\/logo\\\/image\\\/\"},\"sameAs\":[\"https:\\\/\\\/www.facebook.com\\\/buletin.de.buc\",\"https:\\\/\\\/www.instagram.com\\\/buletinde.bucuresti\\\/\"]},{\"@type\":\"Person\",\"@id\":\"https:\\\/\\\/buletin.de\\\/bucuresti\\\/#\\\/schema\\\/person\\\/150590659efde715459d159da012f501\",\"name\":\"Andreea Tudor\",\"image\":{\"@type\":\"ImageObject\",\"inLanguage\":\"en-GB\",\"@id\":\"https:\\\/\\\/secure.gravatar.com\\\/avatar\\\/a88705a186ab0b67f3349bcbced506c09e37256fbaad0e7f3bd1a79b4599f589?s=96&d=monsterid&r=g79290610aa1a65c2b86eebc2ca5aee8f\",\"url\":\"https:\\\/\\\/secure.gravatar.com\\\/avatar\\\/a88705a186ab0b67f3349bcbced506c09e37256fbaad0e7f3bd1a79b4599f589?s=96&d=monsterid&r=g\",\"contentUrl\":\"https:\\\/\\\/secure.gravatar.com\\\/avatar\\\/a88705a186ab0b67f3349bcbced506c09e37256fbaad0e7f3bd1a79b4599f589?s=96&d=monsterid&r=g\",\"caption\":\"Andreea Tudor\"},\"description\":\"N\u0103scut\u0103 \u0219i crescut\u0103 \u00een Bucure\u0219ti, sus\u021bin\u0103toare a presei independente. A\u0219a am ajuns redactor la Buletin de Bucure\u0219ti. Fiind eu, \u00eens\u0103mi, parte a sistemului de \u00eenv\u0103\u021b\u0103m\u00e2nt rom\u00e2nesc \u0219i pasionat\u0103 de domeniul social, pun sub lup\u0103 tot ceea ce se \u00eent\u00e2mpl\u0103 \u00een sfera educa\u021biei. Cred cu t\u0103rie c\u0103 presa \u201epentru cet\u0103\u021beni\u201d este presa independent\u0103. Oamenii au nevoie de o informare corect\u0103 pentru a \u00een\u021belege pe deplin ce se \u00eent\u00e2mpl\u0103 \u00een jurul lor \u0219i pentru a lua ac\u021biune \u00eempotriva nedrept\u0103\u021bilor.\",\"url\":\"https:\\\/\\\/buletin.de\\\/bucuresti\\\/author\\\/andreeatudor\\\/\"}]}<\/script>\n<!-- \/ Yoast SEO Premium plugin. -->","yoast_head_json":{"title":"ILFOV | Ambulatoriu de 11,7 milioane de euro \u00een Pope\u015fti-Leordeni - Buletin de Bucure\u0219ti","robots":{"index":"index","follow":"follow","max-snippet":"max-snippet:-1","max-image-preview":"max-image-preview:large","max-video-preview":"max-video-preview:-1"},"canonical":"https:\/\/buletin.de\/bucuresti\/ilfov-ambulatoriu-de-117-milioane-de-euro-in-popesti-leordeni\/","og_locale":"en_GB","og_type":"article","og_title":"ILFOV | Ambulatoriu de 11,7 milioane de euro \u00een Pope\u015fti-Leordeni","og_description":"Consilierii locali ai ora\u0219ului Pope\u0219ti-Leodeni au aprobat construc\u021bia unui ambulatoriu de peste 58,5 milioane de lei, anun\u021b\u0103 Petre Iacob, primarul ora\u0219ului. Proiectul va fi implementat printr-un parteneriat \u00eentre U.A.T Jude\u021bul Ilfov ( partener 1) \u0219i asocierea U.A.T Ora\u0219ul Pope\u0219ti-Leordeni ( Lider) &#8211; Spitalul Clinic Jude\u021bean de Urgen\u021b\u0103 Ilfov ( partener 2). Structura cl\u0103dirii, potrivit unei [&hellip;]","og_url":"https:\/\/buletin.de\/bucuresti\/ilfov-ambulatoriu-de-117-milioane-de-euro-in-popesti-leordeni\/","og_site_name":"Buletin de Bucure\u0219ti","article_publisher":"https:\/\/www.facebook.com\/buletin.de.buc","article_published_time":"2024-02-01T13:00:50+00:00","article_modified_time":"2024-02-02T13:46:39+00:00","og_image":[{"width":1080,"height":608,"url":"https:\/\/buletin.de\/bucuresti\/wp-content\/uploads\/423862923_782853070526051_9071582588261450430_n.jpg","type":"image\/jpeg"}],"author":"Andreea Tudor","twitter_card":"summary_large_image","twitter_misc":{"Written by":"Andreea Tudor","Estimated reading time":"1 minute"},"schema":{"@context":"https:\/\/schema.org","@graph":[{"@type":"Article","@id":"https:\/\/buletin.de\/bucuresti\/ilfov-ambulatoriu-de-117-milioane-de-euro-in-popesti-leordeni\/#article","isPartOf":{"@id":"https:\/\/buletin.de\/bucuresti\/ilfov-ambulatoriu-de-117-milioane-de-euro-in-popesti-leordeni\/"},"author":{"name":"Andreea Tudor","@id":"https:\/\/buletin.de\/bucuresti\/#\/schema\/person\/150590659efde715459d159da012f501"},"headline":"ILFOV | Ambulatoriu de 11,7 milioane de euro \u00een Pope\u015fti-Leordeni","datePublished":"2024-02-01T13:00:50+00:00","dateModified":"2024-02-02T13:46:39+00:00","mainEntityOfPage":{"@id":"https:\/\/buletin.de\/bucuresti\/ilfov-ambulatoriu-de-117-milioane-de-euro-in-popesti-leordeni\/"},"wordCount":294,"publisher":{"@id":"https:\/\/buletin.de\/bucuresti\/#organization"},"image":{"@id":"https:\/\/buletin.de\/bucuresti\/ilfov-ambulatoriu-de-117-milioane-de-euro-in-popesti-leordeni\/#primaryimage"},"thumbnailUrl":"https:\/\/buletin.de\/bucuresti\/wp-content\/uploads\/423862923_782853070526051_9071582588261450430_n.jpg","keywords":["ambulatoriu Pope\u0219ti-Leordeni","fonduri europene","Ilfov","investi\u021bii \u00een s\u0103n\u0103tate"],"articleSection":["Articole","S\u0103n\u0103tate","\u0218tiri"],"inLanguage":"en-GB","copyrightYear":"2024","copyrightHolder":{"@id":"https:\/\/buletin.de\/bucuresti\/#organization"}},{"@type":"WebPage","@id":"https:\/\/buletin.de\/bucuresti\/ilfov-ambulatoriu-de-117-milioane-de-euro-in-popesti-leordeni\/","url":"https:\/\/buletin.de\/bucuresti\/ilfov-ambulatoriu-de-117-milioane-de-euro-in-popesti-leordeni\/","name":"ILFOV | Ambulatoriu de 11,7 milioane de euro \u00een Pope\u015fti-Leordeni - Buletin de Bucure\u0219ti","isPartOf":{"@id":"https:\/\/buletin.de\/bucuresti\/#website"},"primaryImageOfPage":{"@id":"https:\/\/buletin.de\/bucuresti\/ilfov-ambulatoriu-de-117-milioane-de-euro-in-popesti-leordeni\/#primaryimage"},"image":{"@id":"https:\/\/buletin.de\/bucuresti\/ilfov-ambulatoriu-de-117-milioane-de-euro-in-popesti-leordeni\/#primaryimage"},"thumbnailUrl":"https:\/\/buletin.de\/bucuresti\/wp-content\/uploads\/423862923_782853070526051_9071582588261450430_n.jpg","datePublished":"2024-02-01T13:00:50+00:00","dateModified":"2024-02-02T13:46:39+00:00","breadcrumb":{"@id":"https:\/\/buletin.de\/bucuresti\/ilfov-ambulatoriu-de-117-milioane-de-euro-in-popesti-leordeni\/#breadcrumb"},"inLanguage":"en-GB","potentialAction":[{"@type":"ReadAction","target":["https:\/\/buletin.de\/bucuresti\/ilfov-ambulatoriu-de-117-milioane-de-euro-in-popesti-leordeni\/"]}]},{"@type":"ImageObject","inLanguage":"en-GB","@id":"https:\/\/buletin.de\/bucuresti\/ilfov-ambulatoriu-de-117-milioane-de-euro-in-popesti-leordeni\/#primaryimage","url":"https:\/\/buletin.de\/bucuresti\/wp-content\/uploads\/423862923_782853070526051_9071582588261450430_n.jpg","contentUrl":"https:\/\/buletin.de\/bucuresti\/wp-content\/uploads\/423862923_782853070526051_9071582588261450430_n.jpg","width":1080,"height":608,"caption":"FOTO: FB\/ Petre Iacob"},{"@type":"BreadcrumbList","@id":"https:\/\/buletin.de\/bucuresti\/ilfov-ambulatoriu-de-117-milioane-de-euro-in-popesti-leordeni\/#breadcrumb","itemListElement":[{"@type":"ListItem","position":1,"name":"Acas\u0103","item":"https:\/\/buletin.de\/bucuresti\/"},{"@type":"ListItem","position":2,"name":"ILFOV | Ambulatoriu de 11,7 milioane de euro \u00een Pope\u015fti-Leordeni"}]},{"@type":"WebSite","@id":"https:\/\/buletin.de\/bucuresti\/#website","url":"https:\/\/buletin.de\/bucuresti\/","name":"Buletin de Bucure\u0219ti","description":"\u0218tiri \u0219i investiga\u021bii esen\u021biale din capital\u0103","publisher":{"@id":"https:\/\/buletin.de\/bucuresti\/#organization"},"potentialAction":[{"@type":"SearchAction","target":{"@type":"EntryPoint","urlTemplate":"https:\/\/buletin.de\/bucuresti\/?s={search_term_string}"},"query-input":{"@type":"PropertyValueSpecification","valueRequired":true,"valueName":"search_term_string"}}],"inLanguage":"en-GB"},{"@type":"Organization","@id":"https:\/\/buletin.de\/bucuresti\/#organization","name":"Buletin de Bucure\u0219ti","url":"https:\/\/buletin.de\/bucuresti\/","logo":{"@type":"ImageObject","inLanguage":"en-GB","@id":"https:\/\/buletin.de\/bucuresti\/#\/schema\/logo\/image\/","url":"https:\/\/buletin.de\/bucuresti\/wp-content\/uploads\/logo-bdb-full-wide-vernil-transparent.png","contentUrl":"https:\/\/buletin.de\/bucuresti\/wp-content\/uploads\/logo-bdb-full-wide-vernil-transparent.png","width":1782,"height":626,"caption":"Buletin de Bucure\u0219ti"},"image":{"@id":"https:\/\/buletin.de\/bucuresti\/#\/schema\/logo\/image\/"},"sameAs":["https:\/\/www.facebook.com\/buletin.de.buc","https:\/\/www.instagram.com\/buletinde.bucuresti\/"]},{"@type":"Person","@id":"https:\/\/buletin.de\/bucuresti\/#\/schema\/person\/150590659efde715459d159da012f501","name":"Andreea Tudor","image":{"@type":"ImageObject","inLanguage":"en-GB","@id":"https:\/\/secure.gravatar.com\/avatar\/a88705a186ab0b67f3349bcbced506c09e37256fbaad0e7f3bd1a79b4599f589?s=96&d=monsterid&r=g79290610aa1a65c2b86eebc2ca5aee8f","url":"https:\/\/secure.gravatar.com\/avatar\/a88705a186ab0b67f3349bcbced506c09e37256fbaad0e7f3bd1a79b4599f589?s=96&d=monsterid&r=g","contentUrl":"https:\/\/secure.gravatar.com\/avatar\/a88705a186ab0b67f3349bcbced506c09e37256fbaad0e7f3bd1a79b4599f589?s=96&d=monsterid&r=g","caption":"Andreea Tudor"},"description":"N\u0103scut\u0103 \u0219i crescut\u0103 \u00een Bucure\u0219ti, sus\u021bin\u0103toare a presei independente. A\u0219a am ajuns redactor la Buletin de Bucure\u0219ti. Fiind eu, \u00eens\u0103mi, parte a sistemului de \u00eenv\u0103\u021b\u0103m\u00e2nt rom\u00e2nesc \u0219i pasionat\u0103 de domeniul social, pun sub lup\u0103 tot ceea ce se \u00eent\u00e2mpl\u0103 \u00een sfera educa\u021biei. Cred cu t\u0103rie c\u0103 presa \u201epentru cet\u0103\u021beni\u201d este presa independent\u0103. Oamenii au nevoie de o informare corect\u0103 pentru a \u00een\u021belege pe deplin ce se \u00eent\u00e2mpl\u0103 \u00een jurul lor \u0219i pentru a lua ac\u021biune \u00eempotriva nedrept\u0103\u021bilor.","url":"https:\/\/buletin.de\/bucuresti\/author\/andreeatudor\/"}]}},"authors":[{"term_id":22573,"user_id":55,"is_guest":0,"slug":"andreeatudor","display_name":"Andreea Tudor","avatar_url":"https:\/\/secure.gravatar.com\/avatar\/a88705a186ab0b67f3349bcbced506c09e37256fbaad0e7f3bd1a79b4599f589?s=96&d=monsterid&r=g","0":null,"1":"","2":"","3":"","4":"","5":"","6":"","7":"","8":""}],"_links":{"self":[{"href":"https:\/\/buletin.de\/bucuresti\/wp-json\/wp\/v2\/posts\/76129","targetHints":{"allow":["GET"]}}],"collection":[{"href":"https:\/\/buletin.de\/bucuresti\/wp-json\/wp\/v2\/posts"}],"about":[{"href":"https:\/\/buletin.de\/bucuresti\/wp-json\/wp\/v2\/types\/post"}],"author":[{"embeddable":true,"href":"https:\/\/buletin.de\/bucuresti\/wp-json\/wp\/v2\/users\/55"}],"replies":[{"embeddable":true,"href":"https:\/\/buletin.de\/bucuresti\/wp-json\/wp\/v2\/comments?post=76129"}],"version-history":[{"count":2,"href":"https:\/\/buletin.de\/bucuresti\/wp-json\/wp\/v2\/posts\/76129\/revisions"}],"predecessor-version":[{"id":76135,"href":"https:\/\/buletin.de\/bucuresti\/wp-json\/wp\/v2\/posts\/76129\/revisions\/76135"}],"wp:featuredmedia":[{"embeddable":true,"href":"https:\/\/buletin.de\/bucuresti\/wp-json\/wp\/v2\/media\/76130"}],"wp:attachment":[{"href":"https:\/\/buletin.de\/bucuresti\/wp-json\/wp\/v2\/media?parent=76129"}],"wp:term":[{"taxonomy":"category","embeddable":true,"href":"https:\/\/buletin.de\/bucuresti\/wp-json\/wp\/v2\/categories?post=76129"},{"taxonomy":"post_tag","embeddable":true,"href":"https:\/\/buletin.de\/bucuresti\/wp-json\/wp\/v2\/tags?post=76129"},{"taxonomy":"author","embeddable":true,"href":"https:\/\/buletin.de\/bucuresti\/wp-json\/wp\/v2\/ppma_author?post=76129"}],"curies":[{"name":"wp","href":"https:\/\/api.w.org\/{rel}","templated":true}]}}