{"id":76112,"date":"2024-02-01T11:15:53","date_gmt":"2024-02-01T09:15:53","guid":{"rendered":"https:\/\/buletin.de\/bucuresti\/?p=76112"},"modified":"2024-02-02T12:37:18","modified_gmt":"2024-02-02T10:37:18","slug":"sector-2-buget-de-peste-jumatate-de-miliard-de-euro-in-2024-cei-mai-multi-bani-pentru-reabilitare-termica-si-invatamant","status":"publish","type":"post","link":"https:\/\/buletin.de\/bucuresti\/sector-2-buget-de-peste-jumatate-de-miliard-de-euro-in-2024-cei-mai-multi-bani-pentru-reabilitare-termica-si-invatamant\/","title":{"rendered":"Sector 2 | Buget de peste jum\u0103tate de miliard de euro, \u00een 2024. Cei mai mul\u021bi bani, pentru reabilitare termic\u0103 \u015fi \u00eenv\u0103\u021b\u0103m\u00e2nt"},"content":{"rendered":"\n<p>Proiectul de bugetul al Sectorului 2 pe 2024 prevede venituri de peste 2.621.000.000 lei, adic\u0103 aproape 526 de milioane de euro, cu 520.000.000 de lei mai mare dec\u00e2t\u00a0cel\u00a0din\u00a02023. Documentul va fi supus votului consilierilor locali \u00een \u015fedin\u0163a din 1 februarie.<\/p>\n\n\n\n<p>Cheltuielile preconizate se ridic\u0103 la 2.621.600.000 de lei, iar veniturile la pu\u021bin peste 2.297.500.000. Deficitul va fi de 324.065.000 lei \u0219i va fi acoperit din excedentul anilor preceden\u021bi.<\/p>\n\n\n\n<p> Prezentarea proiectului poate fi accesat\u0103 aici:<\/p>\n\n\n\n<div class=\"wp-block-file\"><a id=\"wp-block-file--media-ab2a959d-5d31-477e-9ab1-2d4b32730496\" href=\"https:\/\/buletin.de\/bucuresti\/wp-content\/uploads\/07.-Prezentare-Buget-2024-.pptx\">Prezentare-Buget-2024<\/a><a href=\"https:\/\/buletin.de\/bucuresti\/wp-content\/uploads\/07.-Prezentare-Buget-2024-.pptx\" class=\"wp-block-file__button wp-element-button\" download aria-describedby=\"wp-block-file--media-ab2a959d-5d31-477e-9ab1-2d4b32730496\">Download<\/a><\/div>\n\n\n\n<h2 class=\"wp-block-heading\">Cheltuieli de func\u021bionare \u2013 1.300.000 mii de lei<\/h2>\n\n\n\n<p>Cheltuielile de func\u021bionare au crescut cu aproape 100.000.000 lei, fa\u021b\u0103 de anul 2023. Finan\u021barea tuturor categoriilor a crescut, precum banii aloca\u021bi asisten\u021bei sociale, burselor, asocia\u021biilor \u0219i funda\u021biilor sau \u201esus\u021binerii cultelor\u201d, mai pu\u021bin programele pentru tineret: dac\u0103 \u00een 2023 erau finan\u021ba\u021bi 20.000.000 lei, \u00een 2024 vor fi aloca\u021bi de patru ori mai pu\u021bini, 5.000.000 lei. <\/p>\n\n\n\n<ul class=\"wp-block-list\">\n<li>Cheltuieli de personal \u2013 404.256.000 lei;<\/li>\n\n\n\n<li>Bunuri \u015fi servici \u2013 651.024.000 lei;<\/li>\n\n\n\n<li>Dob\u00e2nzi \u2013 52.439.000 lei;<\/li>\n\n\n\n<li>Alte transferuri (finan\u0163area \u00eenv\u0103\u0163\u0103m\u00e2ntului particular sau confesional acreditat, stimulent pentru casarea autovehiculelor uzate) \u2013 17.168.000 lei<\/li>\n\n\n\n<li>Asisten\u021b\u0103 social\u0103 \u2013112.071.000 lei<\/li>\n\n\n\n<li>Alte cheltuieli (desp\u0103gubiri civile, programe educa\u0163ionale \u015fi sportive, sume aferente persoanelor cu handicap ne\u00eencadrate) \u2013 17.532.000 lei<\/li>\n\n\n\n<li>Burse \u201312.000.000 lei<\/li>\n\n\n\n<li>Programe pentru tineret (vouchere sportive, premii sportive) \u2013 5.000.000 lei<\/li>\n\n\n\n<li>Sus\u021binerea cultelor \u2013 706.000 lei<\/li>\n\n\n\n<li>Asocia\u021bii \u0219i funda\u021bii \u201313.830.000 lei<\/li>\n\n\n\n<li>Ramburs\u0103ri de credite 50.034.000 lei<\/li>\n<\/ul>\n\n\n\n<figure data-wp-context=\"{&quot;imageId&quot;:&quot;69f2894236dc4&quot;}\" data-wp-interactive=\"core\/image\" data-wp-key=\"69f2894236dc4\" class=\"wp-block-image size-full wp-lightbox-container\"><img fetchpriority=\"high\" decoding=\"async\" width=\"1711\" height=\"962\" data-wp-class--hide=\"state.isContentHidden\" data-wp-class--show=\"state.isContentVisible\" data-wp-init=\"callbacks.setButtonStyles\" data-wp-on--click=\"actions.showLightbox\" data-wp-on--load=\"callbacks.setButtonStyles\" data-wp-on-window--resize=\"callbacks.setButtonStyles\" src=\"data:image\/gif;base64,R0lGODlhAQABAAAAACH5BAEKAAEALAAAAAABAAEAAAICTAEAOw==\" data-src=\"https:\/\/buletin.de\/bucuresti\/wp-content\/uploads\/pl2-8.png\" alt=\"\" class=\"wp-image-76117 lazyload\" data-sizes=\"auto\" data-srcset=\"https:\/\/buletin.de\/bucuresti\/wp-content\/uploads\/pl2-8.png 1711w, https:\/\/buletin.de\/bucuresti\/wp-content\/uploads\/pl2-8-300x169.png 300w, https:\/\/buletin.de\/bucuresti\/wp-content\/uploads\/pl2-8-900x506.png 900w, https:\/\/buletin.de\/bucuresti\/wp-content\/uploads\/pl2-8-768x432.png 768w, https:\/\/buletin.de\/bucuresti\/wp-content\/uploads\/pl2-8-1536x864.png 1536w, https:\/\/buletin.de\/bucuresti\/wp-content\/uploads\/pl2-8-1600x900.png 1600w, https:\/\/buletin.de\/bucuresti\/wp-content\/uploads\/pl2-8-1100x618.png 1100w, https:\/\/buletin.de\/bucuresti\/wp-content\/uploads\/pl2-8-600x337.png 600w, https:\/\/buletin.de\/bucuresti\/wp-content\/uploads\/pl2-8-20x11.png 20w\" sizes=\"(max-width: 1711px) 100vw, 1711px\" \/><button\n\t\t\tclass=\"lightbox-trigger\"\n\t\t\ttype=\"button\"\n\t\t\taria-haspopup=\"dialog\"\n\t\t\taria-label=\"Enlarge\"\n\t\t\tdata-wp-init=\"callbacks.initTriggerButton\"\n\t\t\tdata-wp-on--click=\"actions.showLightbox\"\n\t\t\tdata-wp-style--right=\"state.imageButtonRight\"\n\t\t\tdata-wp-style--top=\"state.imageButtonTop\"\n\t\t>\n\t\t\t<svg xmlns=\"http:\/\/www.w3.org\/2000\/svg\" width=\"12\" height=\"12\" fill=\"none\" viewBox=\"0 0 12 12\">\n\t\t\t\t<path fill=\"#fff\" d=\"M2 0a2 2 0 0 0-2 2v2h1.5V2a.5.5 0 0 1 .5-.5h2V0H2Zm2 10.5H2a.5.5 0 0 1-.5-.5V8H0v2a2 2 0 0 0 2 2h2v-1.5ZM8 12v-1.5h2a.5.5 0 0 0 .5-.5V8H12v2a2 2 0 0 1-2 2H8Zm2-12a2 2 0 0 1 2 2v2h-1.5V2a.5.5 0 0 0-.5-.5H8V0h2Z\" \/>\n\t\t\t<\/svg>\n\t\t<\/button><figcaption class=\"wp-element-caption\">Surs\u0103: Prezentare realizat\u0103 de Prim\u0103ria Sectorului 2<\/figcaption><\/figure>\n\n\n\n<h2 class=\"wp-block-heading\">Cheltuieli de dezvoltare \u2013 1.290.000.000 de lei<\/h2>\n\n\n\n<p>Sumele alocate pentru cheltuielile de dezvoltare sunt mai ridicate dec\u00e2t \u00een 2023, sunt bugeta\u021bi 1.290.000.000 lei, cu aproximativ 250.000.000 lei mai mult fa\u021b\u0103 de anul trecut. Prim\u0103ria Sectorului 2 se bazeaz\u0103 pe o finan\u021bare prin Programul Na\u021bional de Redresare \u0219i Rezilien\u021b\u0103 de peste 42 de ori mai mare dec\u00e2t \u00een anul precedent, f\u0103r\u0103 a lua \u00een calcul cei 20.000.000 de lei  suplimentari specific destina\u021bi reabilit\u0103rii termice cu fonduri PNRR.<\/p>\n\n\n\n<p>Banii acorda\u021bi asisten\u021bei sociale nu \u00eenregistreaz\u0103, \u00een schimb, diferen\u021be semnificative. Pentru parcuri \u0219i spa\u021bii verzi sunt acorda\u021bi de aproape trei ori mai mul\u021bi bani, ajung\u00e2nd la 96.300.000 lei, iar suma alocat\u0103 transferurilor pentru Pasajul Doamna Ghica scade de peste patru ori, ajung\u00e2nd la 3.900.000 lei. <\/p>\n\n\n\n<ul class=\"wp-block-list\">\n<li>Transferuri pentru Pasajul Doamna Ghica \u2013 3.890.000 lei<\/li>\n\n\n\n<li>Alte transferuri pentru ADI \u2013 380.000 lei<\/li>\n\n\n\n<li>Proiecte cu finan\u021bare din fonduri externe nerambursabile \u201339.934.000 lei<\/li>\n\n\n\n<li>Proiecte finan\u021bate din PNRR \u2013 218.172.000 lei<\/li>\n\n\n\n<li>Alte cheltuieli de capital \u2013 697.778.000 lei<\/li>\n\n\n\n<li>Reabilitare termic\u0103 \u2013 325.385.000 lei<\/li>\n<\/ul>\n\n\n\n<figure data-wp-context=\"{&quot;imageId&quot;:&quot;69f28942374a3&quot;}\" data-wp-interactive=\"core\/image\" data-wp-key=\"69f28942374a3\" class=\"wp-block-image size-full wp-lightbox-container\"><img decoding=\"async\" width=\"1712\" height=\"963\" data-wp-class--hide=\"state.isContentHidden\" data-wp-class--show=\"state.isContentVisible\" data-wp-init=\"callbacks.setButtonStyles\" data-wp-on--click=\"actions.showLightbox\" data-wp-on--load=\"callbacks.setButtonStyles\" data-wp-on-window--resize=\"callbacks.setButtonStyles\" src=\"data:image\/gif;base64,R0lGODlhAQABAAAAACH5BAEKAAEALAAAAAABAAEAAAICTAEAOw==\" data-src=\"https:\/\/buletin.de\/bucuresti\/wp-content\/uploads\/Fara-titlu-8.png\" alt=\"\" class=\"wp-image-76116 lazyload\" data-sizes=\"auto\" data-srcset=\"https:\/\/buletin.de\/bucuresti\/wp-content\/uploads\/Fara-titlu-8.png 1712w, https:\/\/buletin.de\/bucuresti\/wp-content\/uploads\/Fara-titlu-8-300x169.png 300w, https:\/\/buletin.de\/bucuresti\/wp-content\/uploads\/Fara-titlu-8-900x506.png 900w, https:\/\/buletin.de\/bucuresti\/wp-content\/uploads\/Fara-titlu-8-768x432.png 768w, https:\/\/buletin.de\/bucuresti\/wp-content\/uploads\/Fara-titlu-8-1536x864.png 1536w, https:\/\/buletin.de\/bucuresti\/wp-content\/uploads\/Fara-titlu-8-1600x900.png 1600w, https:\/\/buletin.de\/bucuresti\/wp-content\/uploads\/Fara-titlu-8-1100x619.png 1100w, https:\/\/buletin.de\/bucuresti\/wp-content\/uploads\/Fara-titlu-8-600x338.png 600w, https:\/\/buletin.de\/bucuresti\/wp-content\/uploads\/Fara-titlu-8-20x11.png 20w\" sizes=\"(max-width: 1712px) 100vw, 1712px\" \/><button\n\t\t\tclass=\"lightbox-trigger\"\n\t\t\ttype=\"button\"\n\t\t\taria-haspopup=\"dialog\"\n\t\t\taria-label=\"Enlarge\"\n\t\t\tdata-wp-init=\"callbacks.initTriggerButton\"\n\t\t\tdata-wp-on--click=\"actions.showLightbox\"\n\t\t\tdata-wp-style--right=\"state.imageButtonRight\"\n\t\t\tdata-wp-style--top=\"state.imageButtonTop\"\n\t\t>\n\t\t\t<svg xmlns=\"http:\/\/www.w3.org\/2000\/svg\" width=\"12\" height=\"12\" fill=\"none\" viewBox=\"0 0 12 12\">\n\t\t\t\t<path fill=\"#fff\" d=\"M2 0a2 2 0 0 0-2 2v2h1.5V2a.5.5 0 0 1 .5-.5h2V0H2Zm2 10.5H2a.5.5 0 0 1-.5-.5V8H0v2a2 2 0 0 0 2 2h2v-1.5ZM8 12v-1.5h2a.5.5 0 0 0 .5-.5V8H12v2a2 2 0 0 1-2 2H8Zm2-12a2 2 0 0 1 2 2v2h-1.5V2a.5.5 0 0 0-.5-.5H8V0h2Z\" \/>\n\t\t\t<\/svg>\n\t\t<\/button><figcaption class=\"wp-element-caption\">Surs\u0103: Prezentare realizat\u0103 de Prim\u0103ria Sectorului 2<\/figcaption><\/figure>\n\n\n\n<h2 class=\"wp-block-heading\">Venituri<\/h2>\n\n\n\n<p>Veniturile sunt <em>\u201eestimate \u015fi fundamentate pe baza constat\u0103rii \u015fi evalu\u0103rii materiei impozabile declarat\u0103 \u00een prezent, evaluarea serviciilor prestate \u015fi a veniturilor ob\u021binute din acestea\u201d<\/em>. Cele mai multe fonduri provin din impozitul pe venit \u0219i alte taxe \u0219i impozite locale.<\/p>\n\n\n\n<ul class=\"wp-block-list\">\n<li>Cote \u0219i sume defalcate din impozitul pe venit \u2013 902.976.000 lei<\/li>\n\n\n\n<li>\u00a0Venituri proprii, provenite din impozite \u0219i taxe locale \u2013  387.422.000 lei<\/li>\n\n\n\n<li>\u00a0Sume defalcate din TVA \u2013 311.700.000 lei<\/li>\n\n\n\n<li>\u00a0Subven\u021bii de la bugetul de stat \u2013  212.986.000 lei<\/li>\n\n\n\n<li>\u00a0Subven\u021bii de la alte administra\u021bii \u2013 7.942.000 lei<\/li>\n\n\n\n<li>\u00a0Sume primite de la UE\/al\u021bi donatori\u00a0 \u00een contul pl\u0103\u021bilor efectuate \u0219i prefinan\u021b\u0103ri \u2013 156.042.000 lei<\/li>\n\n\n\n<li>\u00a0Alte venituri \u2013 17.994.000 lei<\/li>\n<\/ul>\n\n\n\n<figure data-wp-context=\"{&quot;imageId&quot;:&quot;69f2894237b64&quot;}\" data-wp-interactive=\"core\/image\" data-wp-key=\"69f2894237b64\" class=\"wp-block-image size-full is-resized wp-lightbox-container\"><img decoding=\"async\" width=\"1240\" height=\"697\" data-wp-class--hide=\"state.isContentHidden\" data-wp-class--show=\"state.isContentVisible\" data-wp-init=\"callbacks.setButtonStyles\" data-wp-on--click=\"actions.showLightbox\" data-wp-on--load=\"callbacks.setButtonStyles\" data-wp-on-window--resize=\"callbacks.setButtonStyles\" src=\"data:image\/gif;base64,R0lGODlhAQABAAAAACH5BAEKAAEALAAAAAABAAEAAAICTAEAOw==\" data-src=\"https:\/\/buletin.de\/bucuresti\/wp-content\/uploads\/Captura-de-ecran-2024-02-01-100901.png\" alt=\"\" class=\"wp-image-76121 lazyload\" style=\"width:468px;height:auto\" data-sizes=\"auto\" data-srcset=\"https:\/\/buletin.de\/bucuresti\/wp-content\/uploads\/Captura-de-ecran-2024-02-01-100901.png 1240w, https:\/\/buletin.de\/bucuresti\/wp-content\/uploads\/Captura-de-ecran-2024-02-01-100901-300x169.png 300w, https:\/\/buletin.de\/bucuresti\/wp-content\/uploads\/Captura-de-ecran-2024-02-01-100901-900x506.png 900w, https:\/\/buletin.de\/bucuresti\/wp-content\/uploads\/Captura-de-ecran-2024-02-01-100901-768x432.png 768w, https:\/\/buletin.de\/bucuresti\/wp-content\/uploads\/Captura-de-ecran-2024-02-01-100901-1100x618.png 1100w, https:\/\/buletin.de\/bucuresti\/wp-content\/uploads\/Captura-de-ecran-2024-02-01-100901-600x337.png 600w, https:\/\/buletin.de\/bucuresti\/wp-content\/uploads\/Captura-de-ecran-2024-02-01-100901-20x11.png 20w\" sizes=\"(max-width: 1240px) 100vw, 1240px\" \/><button\n\t\t\tclass=\"lightbox-trigger\"\n\t\t\ttype=\"button\"\n\t\t\taria-haspopup=\"dialog\"\n\t\t\taria-label=\"Enlarge\"\n\t\t\tdata-wp-init=\"callbacks.initTriggerButton\"\n\t\t\tdata-wp-on--click=\"actions.showLightbox\"\n\t\t\tdata-wp-style--right=\"state.imageButtonRight\"\n\t\t\tdata-wp-style--top=\"state.imageButtonTop\"\n\t\t>\n\t\t\t<svg xmlns=\"http:\/\/www.w3.org\/2000\/svg\" width=\"12\" height=\"12\" fill=\"none\" viewBox=\"0 0 12 12\">\n\t\t\t\t<path fill=\"#fff\" d=\"M2 0a2 2 0 0 0-2 2v2h1.5V2a.5.5 0 0 1 .5-.5h2V0H2Zm2 10.5H2a.5.5 0 0 1-.5-.5V8H0v2a2 2 0 0 0 2 2h2v-1.5ZM8 12v-1.5h2a.5.5 0 0 0 .5-.5V8H12v2a2 2 0 0 1-2 2H8Zm2-12a2 2 0 0 1 2 2v2h-1.5V2a.5.5 0 0 0-.5-.5H8V0h2Z\" \/>\n\t\t\t<\/svg>\n\t\t<\/button><\/figure>\n\n\n\n<p><\/p>\n\n\n\n<h2 class=\"wp-block-heading\">Mai multe detalii &#8211; cheltuieli din bugetul local<\/h2>\n\n\n\n<p>Cheltuielile cu impact major asupra investi\u021biilor, potrivit prezent\u0103rii bugetului \u00eenaintat\u0103 de Prim\u0103ria Sectorului 2, sunt:<\/p>\n\n\n\n<ul class=\"wp-block-list\">\n<li>investi\u021bii \u00een domeniul \u00eenv\u0103\u021b\u0103m\u00e2ntulul &#8211; 309.712.000 lei, <\/li>\n\n\n\n<li>programul de cre\u015ftere a performan\u0163ei energetice a blocurilor de locuit &#8211; 120.916.000 lei, <\/li>\n\n\n\n<li>77.324.000 lei pentru alte cheltuieli de capital;<\/li>\n<\/ul>\n\n\n\n<p>Cheltuieli pentru proiectele finan\u021bate din FEN sunt \u00een sum\u0103 de 38.610 mii lei;<\/p>\n\n\n\n<p>Cheltuieli pentru proiectele finan\u021bate din PNRR \u00een sum\u0103 de 218.172 mii lei, din care 90.937 mii lei sunt pentru programul de cre\u0219tere a performan\u021bei energetice a blocurilor de locuit.<\/p>\n\n\n<p><iframe src=\"https:\/\/www.facebook.com\/plugins\/video.php?height=314&#038;href=https%3A%2F%2Fwww.facebook.com%2FRaduMihaiuUSR%2Fvideos%2F2916323765173999%2F&#038;show_text=false&#038;width=560&#038;t=0\" width=\"560\" height=\"314\" style=\"border:none;overflow:hidden\" scrolling=\"no\" frameborder=\"0\" allowfullscreen=\"true\" allow=\"autoplay; clipboard-write; encrypted-media; picture-in-picture; web-share\" allowFullScreen=\"true\"><\/iframe><\/p>\n","protected":false},"excerpt":{"rendered":"<p>Proiectul de bugetul al Sectorului 2 pe 2024 prevede venituri de peste 2.621.000.000 lei, adic\u0103 aproape 526 de milioane de euro, cu 520.000.000 de lei mai mare dec\u00e2t\u00a0cel\u00a0din\u00a02023. Documentul va fi supus votului consilierilor locali \u00een \u015fedin\u0163a din 1 februarie. Cheltuielile preconizate se ridic\u0103 la 2.621.600.000 de lei, iar veniturile la pu\u021bin peste 2.297.500.000. Deficitul [&hellip;]<\/p>\n","protected":false},"author":47,"featured_media":76124,"comment_status":"closed","ping_status":"open","sticky":false,"template":"","format":"standard","meta":{"_acf_changed":false,"inline_featured_image":false,"ngg_post_thumbnail":0,"footnotes":""},"categories":[6994,24],"tags":[3414,292,32,2906,1101,2343,9486,229,368],"ppma_author":[22580],"class_list":["post-76112","post","type-post","status-publish","format-standard","has-post-thumbnail","hentry","category-stiri-2","category-primarie","tag-3414","tag-buget","tag-cheltuieli","tag-fonduri","tag-investitii","tag-pnrr","tag-prezentare","tag-sector-2","tag-vot"],"acf":[],"yoast_head":"<!-- This site is optimized with the Yoast SEO Premium plugin v25.3 (Yoast SEO v27.4) - https:\/\/yoast.com\/product\/yoast-seo-premium-wordpress\/ -->\n<title>Sector 2 | Buget de peste jum\u0103tate de miliard de euro, \u00een 2024. Cei mai mul\u021bi bani, pentru reabilitare termic\u0103 \u015fi \u00eenv\u0103\u021b\u0103m\u00e2nt - Buletin de Bucure\u0219ti<\/title>\n<meta name=\"robots\" content=\"index, follow, max-snippet:-1, max-image-preview:large, max-video-preview:-1\" \/>\n<link rel=\"canonical\" href=\"https:\/\/buletin.de\/bucuresti\/sector-2-buget-de-peste-jumatate-de-miliard-de-euro-in-2024-cei-mai-multi-bani-pentru-reabilitare-termica-si-invatamant\/\" \/>\n<meta property=\"og:locale\" content=\"en_GB\" \/>\n<meta property=\"og:type\" content=\"article\" \/>\n<meta property=\"og:title\" content=\"Sector 2 | Buget de peste jum\u0103tate de miliard de euro, \u00een 2024. Cei mai mul\u021bi bani, pentru reabilitare termic\u0103 \u015fi \u00eenv\u0103\u021b\u0103m\u00e2nt\" \/>\n<meta property=\"og:description\" content=\"Proiectul de bugetul al Sectorului 2 pe 2024 prevede venituri de peste 2.621.000.000 lei, adic\u0103 aproape 526 de milioane de euro, cu 520.000.000 de lei mai mare dec\u00e2t\u00a0cel\u00a0din\u00a02023. Documentul va fi supus votului consilierilor locali \u00een \u015fedin\u0163a din 1 februarie. Cheltuielile preconizate se ridic\u0103 la 2.621.600.000 de lei, iar veniturile la pu\u021bin peste 2.297.500.000. Deficitul [&hellip;]\" \/>\n<meta property=\"og:url\" content=\"https:\/\/buletin.de\/bucuresti\/sector-2-buget-de-peste-jumatate-de-miliard-de-euro-in-2024-cei-mai-multi-bani-pentru-reabilitare-termica-si-invatamant\/\" \/>\n<meta property=\"og:site_name\" content=\"Buletin de Bucure\u0219ti\" \/>\n<meta property=\"article:publisher\" content=\"https:\/\/www.facebook.com\/buletin.de.buc\" \/>\n<meta property=\"article:published_time\" content=\"2024-02-01T09:15:53+00:00\" \/>\n<meta property=\"article:modified_time\" content=\"2024-02-02T10:37:18+00:00\" \/>\n<meta property=\"og:image\" content=\"https:\/\/buletin.de\/bucuresti\/wp-content\/uploads\/pelskgra2nu-1.jpg\" \/>\n\t<meta property=\"og:image:width\" content=\"1600\" \/>\n\t<meta property=\"og:image:height\" content=\"1067\" \/>\n\t<meta property=\"og:image:type\" content=\"image\/jpeg\" \/>\n<meta name=\"author\" content=\"Adina C\u0103p\u00eelnean\" \/>\n<meta name=\"twitter:card\" content=\"summary_large_image\" \/>\n<meta name=\"twitter:label1\" content=\"Written by\" \/>\n\t<meta name=\"twitter:data1\" content=\"Adina C\u0103p\u00eelnean\" \/>\n\t<meta name=\"twitter:label2\" content=\"Estimated reading time\" \/>\n\t<meta name=\"twitter:data2\" content=\"3 minutes\" \/>\n<script type=\"application\/ld+json\" class=\"yoast-schema-graph\">{\"@context\":\"https:\\\/\\\/schema.org\",\"@graph\":[{\"@type\":\"Article\",\"@id\":\"https:\\\/\\\/buletin.de\\\/bucuresti\\\/sector-2-buget-de-peste-jumatate-de-miliard-de-euro-in-2024-cei-mai-multi-bani-pentru-reabilitare-termica-si-invatamant\\\/#article\",\"isPartOf\":{\"@id\":\"https:\\\/\\\/buletin.de\\\/bucuresti\\\/sector-2-buget-de-peste-jumatate-de-miliard-de-euro-in-2024-cei-mai-multi-bani-pentru-reabilitare-termica-si-invatamant\\\/\"},\"author\":{\"name\":\"Adina C\u0103p\u00eelnean\",\"@id\":\"https:\\\/\\\/buletin.de\\\/bucuresti\\\/#\\\/schema\\\/person\\\/ab174cf6711728e4ee83d672acf9a912\"},\"headline\":\"Sector 2 | Buget de peste jum\u0103tate de miliard de euro, \u00een 2024. Cei mai mul\u021bi bani, pentru reabilitare termic\u0103 \u015fi \u00eenv\u0103\u021b\u0103m\u00e2nt\",\"datePublished\":\"2024-02-01T09:15:53+00:00\",\"dateModified\":\"2024-02-02T10:37:18+00:00\",\"mainEntityOfPage\":{\"@id\":\"https:\\\/\\\/buletin.de\\\/bucuresti\\\/sector-2-buget-de-peste-jumatate-de-miliard-de-euro-in-2024-cei-mai-multi-bani-pentru-reabilitare-termica-si-invatamant\\\/\"},\"wordCount\":612,\"publisher\":{\"@id\":\"https:\\\/\\\/buletin.de\\\/bucuresti\\\/#organization\"},\"image\":{\"@id\":\"https:\\\/\\\/buletin.de\\\/bucuresti\\\/sector-2-buget-de-peste-jumatate-de-miliard-de-euro-in-2024-cei-mai-multi-bani-pentru-reabilitare-termica-si-invatamant\\\/#primaryimage\"},\"thumbnailUrl\":\"https:\\\/\\\/buletin.de\\\/bucuresti\\\/wp-content\\\/uploads\\\/pelskgra2nu-1.jpg\",\"keywords\":[\"2024\",\"buget\",\"cheltuieli\",\"fonduri\",\"investitii\",\"pnrr\",\"prezentare\",\"Sector 2\",\"vot\"],\"articleSection\":[\"Articole\",\"Prim\u0103rie\"],\"inLanguage\":\"en-GB\",\"copyrightYear\":\"2024\",\"copyrightHolder\":{\"@id\":\"https:\\\/\\\/buletin.de\\\/bucuresti\\\/#organization\"}},{\"@type\":\"WebPage\",\"@id\":\"https:\\\/\\\/buletin.de\\\/bucuresti\\\/sector-2-buget-de-peste-jumatate-de-miliard-de-euro-in-2024-cei-mai-multi-bani-pentru-reabilitare-termica-si-invatamant\\\/\",\"url\":\"https:\\\/\\\/buletin.de\\\/bucuresti\\\/sector-2-buget-de-peste-jumatate-de-miliard-de-euro-in-2024-cei-mai-multi-bani-pentru-reabilitare-termica-si-invatamant\\\/\",\"name\":\"Sector 2 | Buget de peste jum\u0103tate de miliard de euro, \u00een 2024. Cei mai mul\u021bi bani, pentru reabilitare termic\u0103 \u015fi \u00eenv\u0103\u021b\u0103m\u00e2nt - Buletin de Bucure\u0219ti\",\"isPartOf\":{\"@id\":\"https:\\\/\\\/buletin.de\\\/bucuresti\\\/#website\"},\"primaryImageOfPage\":{\"@id\":\"https:\\\/\\\/buletin.de\\\/bucuresti\\\/sector-2-buget-de-peste-jumatate-de-miliard-de-euro-in-2024-cei-mai-multi-bani-pentru-reabilitare-termica-si-invatamant\\\/#primaryimage\"},\"image\":{\"@id\":\"https:\\\/\\\/buletin.de\\\/bucuresti\\\/sector-2-buget-de-peste-jumatate-de-miliard-de-euro-in-2024-cei-mai-multi-bani-pentru-reabilitare-termica-si-invatamant\\\/#primaryimage\"},\"thumbnailUrl\":\"https:\\\/\\\/buletin.de\\\/bucuresti\\\/wp-content\\\/uploads\\\/pelskgra2nu-1.jpg\",\"datePublished\":\"2024-02-01T09:15:53+00:00\",\"dateModified\":\"2024-02-02T10:37:18+00:00\",\"breadcrumb\":{\"@id\":\"https:\\\/\\\/buletin.de\\\/bucuresti\\\/sector-2-buget-de-peste-jumatate-de-miliard-de-euro-in-2024-cei-mai-multi-bani-pentru-reabilitare-termica-si-invatamant\\\/#breadcrumb\"},\"inLanguage\":\"en-GB\",\"potentialAction\":[{\"@type\":\"ReadAction\",\"target\":[\"https:\\\/\\\/buletin.de\\\/bucuresti\\\/sector-2-buget-de-peste-jumatate-de-miliard-de-euro-in-2024-cei-mai-multi-bani-pentru-reabilitare-termica-si-invatamant\\\/\"]}]},{\"@type\":\"ImageObject\",\"inLanguage\":\"en-GB\",\"@id\":\"https:\\\/\\\/buletin.de\\\/bucuresti\\\/sector-2-buget-de-peste-jumatate-de-miliard-de-euro-in-2024-cei-mai-multi-bani-pentru-reabilitare-termica-si-invatamant\\\/#primaryimage\",\"url\":\"https:\\\/\\\/buletin.de\\\/bucuresti\\\/wp-content\\\/uploads\\\/pelskgra2nu-1.jpg\",\"contentUrl\":\"https:\\\/\\\/buletin.de\\\/bucuresti\\\/wp-content\\\/uploads\\\/pelskgra2nu-1.jpg\",\"width\":1600,\"height\":1067,\"caption\":\"Surs\u0103: Unsplash\"},{\"@type\":\"BreadcrumbList\",\"@id\":\"https:\\\/\\\/buletin.de\\\/bucuresti\\\/sector-2-buget-de-peste-jumatate-de-miliard-de-euro-in-2024-cei-mai-multi-bani-pentru-reabilitare-termica-si-invatamant\\\/#breadcrumb\",\"itemListElement\":[{\"@type\":\"ListItem\",\"position\":1,\"name\":\"Acas\u0103\",\"item\":\"https:\\\/\\\/buletin.de\\\/bucuresti\\\/\"},{\"@type\":\"ListItem\",\"position\":2,\"name\":\"Sector 2 | Buget de peste jum\u0103tate de miliard de euro, \u00een 2024. Cei mai mul\u021bi bani, pentru reabilitare termic\u0103 \u015fi \u00eenv\u0103\u021b\u0103m\u00e2nt\"}]},{\"@type\":\"WebSite\",\"@id\":\"https:\\\/\\\/buletin.de\\\/bucuresti\\\/#website\",\"url\":\"https:\\\/\\\/buletin.de\\\/bucuresti\\\/\",\"name\":\"Buletin de Bucure\u0219ti\",\"description\":\"\u0218tiri \u0219i investiga\u021bii esen\u021biale din capital\u0103\",\"publisher\":{\"@id\":\"https:\\\/\\\/buletin.de\\\/bucuresti\\\/#organization\"},\"potentialAction\":[{\"@type\":\"SearchAction\",\"target\":{\"@type\":\"EntryPoint\",\"urlTemplate\":\"https:\\\/\\\/buletin.de\\\/bucuresti\\\/?s={search_term_string}\"},\"query-input\":{\"@type\":\"PropertyValueSpecification\",\"valueRequired\":true,\"valueName\":\"search_term_string\"}}],\"inLanguage\":\"en-GB\"},{\"@type\":\"Organization\",\"@id\":\"https:\\\/\\\/buletin.de\\\/bucuresti\\\/#organization\",\"name\":\"Buletin de Bucure\u0219ti\",\"url\":\"https:\\\/\\\/buletin.de\\\/bucuresti\\\/\",\"logo\":{\"@type\":\"ImageObject\",\"inLanguage\":\"en-GB\",\"@id\":\"https:\\\/\\\/buletin.de\\\/bucuresti\\\/#\\\/schema\\\/logo\\\/image\\\/\",\"url\":\"https:\\\/\\\/buletin.de\\\/bucuresti\\\/wp-content\\\/uploads\\\/logo-bdb-full-wide-vernil-transparent.png\",\"contentUrl\":\"https:\\\/\\\/buletin.de\\\/bucuresti\\\/wp-content\\\/uploads\\\/logo-bdb-full-wide-vernil-transparent.png\",\"width\":1782,\"height\":626,\"caption\":\"Buletin de Bucure\u0219ti\"},\"image\":{\"@id\":\"https:\\\/\\\/buletin.de\\\/bucuresti\\\/#\\\/schema\\\/logo\\\/image\\\/\"},\"sameAs\":[\"https:\\\/\\\/www.facebook.com\\\/buletin.de.buc\",\"https:\\\/\\\/www.instagram.com\\\/buletinde.bucuresti\\\/\"]},{\"@type\":\"Person\",\"@id\":\"https:\\\/\\\/buletin.de\\\/bucuresti\\\/#\\\/schema\\\/person\\\/ab174cf6711728e4ee83d672acf9a912\",\"name\":\"Adina C\u0103p\u00eelnean\",\"image\":{\"@type\":\"ImageObject\",\"inLanguage\":\"en-GB\",\"@id\":\"https:\\\/\\\/secure.gravatar.com\\\/avatar\\\/4fe9675d6282fd7c1aa4e486a037d532d5728fc16a30360f293eb6126b2e73ad?s=96&d=monsterid&r=ge2b23868508aec3460d3c6a11d3b599a\",\"url\":\"https:\\\/\\\/secure.gravatar.com\\\/avatar\\\/4fe9675d6282fd7c1aa4e486a037d532d5728fc16a30360f293eb6126b2e73ad?s=96&d=monsterid&r=g\",\"contentUrl\":\"https:\\\/\\\/secure.gravatar.com\\\/avatar\\\/4fe9675d6282fd7c1aa4e486a037d532d5728fc16a30360f293eb6126b2e73ad?s=96&d=monsterid&r=g\",\"caption\":\"Adina C\u0103p\u00eelnean\"},\"url\":\"https:\\\/\\\/buletin.de\\\/bucuresti\\\/author\\\/adinacapilnean\\\/\"}]}<\/script>\n<!-- \/ Yoast SEO Premium plugin. -->","yoast_head_json":{"title":"Sector 2 | Buget de peste jum\u0103tate de miliard de euro, \u00een 2024. Cei mai mul\u021bi bani, pentru reabilitare termic\u0103 \u015fi \u00eenv\u0103\u021b\u0103m\u00e2nt - Buletin de Bucure\u0219ti","robots":{"index":"index","follow":"follow","max-snippet":"max-snippet:-1","max-image-preview":"max-image-preview:large","max-video-preview":"max-video-preview:-1"},"canonical":"https:\/\/buletin.de\/bucuresti\/sector-2-buget-de-peste-jumatate-de-miliard-de-euro-in-2024-cei-mai-multi-bani-pentru-reabilitare-termica-si-invatamant\/","og_locale":"en_GB","og_type":"article","og_title":"Sector 2 | Buget de peste jum\u0103tate de miliard de euro, \u00een 2024. Cei mai mul\u021bi bani, pentru reabilitare termic\u0103 \u015fi \u00eenv\u0103\u021b\u0103m\u00e2nt","og_description":"Proiectul de bugetul al Sectorului 2 pe 2024 prevede venituri de peste 2.621.000.000 lei, adic\u0103 aproape 526 de milioane de euro, cu 520.000.000 de lei mai mare dec\u00e2t\u00a0cel\u00a0din\u00a02023. Documentul va fi supus votului consilierilor locali \u00een \u015fedin\u0163a din 1 februarie. Cheltuielile preconizate se ridic\u0103 la 2.621.600.000 de lei, iar veniturile la pu\u021bin peste 2.297.500.000. Deficitul [&hellip;]","og_url":"https:\/\/buletin.de\/bucuresti\/sector-2-buget-de-peste-jumatate-de-miliard-de-euro-in-2024-cei-mai-multi-bani-pentru-reabilitare-termica-si-invatamant\/","og_site_name":"Buletin de Bucure\u0219ti","article_publisher":"https:\/\/www.facebook.com\/buletin.de.buc","article_published_time":"2024-02-01T09:15:53+00:00","article_modified_time":"2024-02-02T10:37:18+00:00","og_image":[{"width":1600,"height":1067,"url":"https:\/\/buletin.de\/bucuresti\/wp-content\/uploads\/pelskgra2nu-1.jpg","type":"image\/jpeg"}],"author":"Adina C\u0103p\u00eelnean","twitter_card":"summary_large_image","twitter_misc":{"Written by":"Adina C\u0103p\u00eelnean","Estimated reading time":"3 minutes"},"schema":{"@context":"https:\/\/schema.org","@graph":[{"@type":"Article","@id":"https:\/\/buletin.de\/bucuresti\/sector-2-buget-de-peste-jumatate-de-miliard-de-euro-in-2024-cei-mai-multi-bani-pentru-reabilitare-termica-si-invatamant\/#article","isPartOf":{"@id":"https:\/\/buletin.de\/bucuresti\/sector-2-buget-de-peste-jumatate-de-miliard-de-euro-in-2024-cei-mai-multi-bani-pentru-reabilitare-termica-si-invatamant\/"},"author":{"name":"Adina C\u0103p\u00eelnean","@id":"https:\/\/buletin.de\/bucuresti\/#\/schema\/person\/ab174cf6711728e4ee83d672acf9a912"},"headline":"Sector 2 | Buget de peste jum\u0103tate de miliard de euro, \u00een 2024. Cei mai mul\u021bi bani, pentru reabilitare termic\u0103 \u015fi \u00eenv\u0103\u021b\u0103m\u00e2nt","datePublished":"2024-02-01T09:15:53+00:00","dateModified":"2024-02-02T10:37:18+00:00","mainEntityOfPage":{"@id":"https:\/\/buletin.de\/bucuresti\/sector-2-buget-de-peste-jumatate-de-miliard-de-euro-in-2024-cei-mai-multi-bani-pentru-reabilitare-termica-si-invatamant\/"},"wordCount":612,"publisher":{"@id":"https:\/\/buletin.de\/bucuresti\/#organization"},"image":{"@id":"https:\/\/buletin.de\/bucuresti\/sector-2-buget-de-peste-jumatate-de-miliard-de-euro-in-2024-cei-mai-multi-bani-pentru-reabilitare-termica-si-invatamant\/#primaryimage"},"thumbnailUrl":"https:\/\/buletin.de\/bucuresti\/wp-content\/uploads\/pelskgra2nu-1.jpg","keywords":["2024","buget","cheltuieli","fonduri","investitii","pnrr","prezentare","Sector 2","vot"],"articleSection":["Articole","Prim\u0103rie"],"inLanguage":"en-GB","copyrightYear":"2024","copyrightHolder":{"@id":"https:\/\/buletin.de\/bucuresti\/#organization"}},{"@type":"WebPage","@id":"https:\/\/buletin.de\/bucuresti\/sector-2-buget-de-peste-jumatate-de-miliard-de-euro-in-2024-cei-mai-multi-bani-pentru-reabilitare-termica-si-invatamant\/","url":"https:\/\/buletin.de\/bucuresti\/sector-2-buget-de-peste-jumatate-de-miliard-de-euro-in-2024-cei-mai-multi-bani-pentru-reabilitare-termica-si-invatamant\/","name":"Sector 2 | Buget de peste jum\u0103tate de miliard de euro, \u00een 2024. Cei mai mul\u021bi bani, pentru reabilitare termic\u0103 \u015fi \u00eenv\u0103\u021b\u0103m\u00e2nt - Buletin de Bucure\u0219ti","isPartOf":{"@id":"https:\/\/buletin.de\/bucuresti\/#website"},"primaryImageOfPage":{"@id":"https:\/\/buletin.de\/bucuresti\/sector-2-buget-de-peste-jumatate-de-miliard-de-euro-in-2024-cei-mai-multi-bani-pentru-reabilitare-termica-si-invatamant\/#primaryimage"},"image":{"@id":"https:\/\/buletin.de\/bucuresti\/sector-2-buget-de-peste-jumatate-de-miliard-de-euro-in-2024-cei-mai-multi-bani-pentru-reabilitare-termica-si-invatamant\/#primaryimage"},"thumbnailUrl":"https:\/\/buletin.de\/bucuresti\/wp-content\/uploads\/pelskgra2nu-1.jpg","datePublished":"2024-02-01T09:15:53+00:00","dateModified":"2024-02-02T10:37:18+00:00","breadcrumb":{"@id":"https:\/\/buletin.de\/bucuresti\/sector-2-buget-de-peste-jumatate-de-miliard-de-euro-in-2024-cei-mai-multi-bani-pentru-reabilitare-termica-si-invatamant\/#breadcrumb"},"inLanguage":"en-GB","potentialAction":[{"@type":"ReadAction","target":["https:\/\/buletin.de\/bucuresti\/sector-2-buget-de-peste-jumatate-de-miliard-de-euro-in-2024-cei-mai-multi-bani-pentru-reabilitare-termica-si-invatamant\/"]}]},{"@type":"ImageObject","inLanguage":"en-GB","@id":"https:\/\/buletin.de\/bucuresti\/sector-2-buget-de-peste-jumatate-de-miliard-de-euro-in-2024-cei-mai-multi-bani-pentru-reabilitare-termica-si-invatamant\/#primaryimage","url":"https:\/\/buletin.de\/bucuresti\/wp-content\/uploads\/pelskgra2nu-1.jpg","contentUrl":"https:\/\/buletin.de\/bucuresti\/wp-content\/uploads\/pelskgra2nu-1.jpg","width":1600,"height":1067,"caption":"Surs\u0103: Unsplash"},{"@type":"BreadcrumbList","@id":"https:\/\/buletin.de\/bucuresti\/sector-2-buget-de-peste-jumatate-de-miliard-de-euro-in-2024-cei-mai-multi-bani-pentru-reabilitare-termica-si-invatamant\/#breadcrumb","itemListElement":[{"@type":"ListItem","position":1,"name":"Acas\u0103","item":"https:\/\/buletin.de\/bucuresti\/"},{"@type":"ListItem","position":2,"name":"Sector 2 | Buget de peste jum\u0103tate de miliard de euro, \u00een 2024. Cei mai mul\u021bi bani, pentru reabilitare termic\u0103 \u015fi \u00eenv\u0103\u021b\u0103m\u00e2nt"}]},{"@type":"WebSite","@id":"https:\/\/buletin.de\/bucuresti\/#website","url":"https:\/\/buletin.de\/bucuresti\/","name":"Buletin de Bucure\u0219ti","description":"\u0218tiri \u0219i investiga\u021bii esen\u021biale din capital\u0103","publisher":{"@id":"https:\/\/buletin.de\/bucuresti\/#organization"},"potentialAction":[{"@type":"SearchAction","target":{"@type":"EntryPoint","urlTemplate":"https:\/\/buletin.de\/bucuresti\/?s={search_term_string}"},"query-input":{"@type":"PropertyValueSpecification","valueRequired":true,"valueName":"search_term_string"}}],"inLanguage":"en-GB"},{"@type":"Organization","@id":"https:\/\/buletin.de\/bucuresti\/#organization","name":"Buletin de Bucure\u0219ti","url":"https:\/\/buletin.de\/bucuresti\/","logo":{"@type":"ImageObject","inLanguage":"en-GB","@id":"https:\/\/buletin.de\/bucuresti\/#\/schema\/logo\/image\/","url":"https:\/\/buletin.de\/bucuresti\/wp-content\/uploads\/logo-bdb-full-wide-vernil-transparent.png","contentUrl":"https:\/\/buletin.de\/bucuresti\/wp-content\/uploads\/logo-bdb-full-wide-vernil-transparent.png","width":1782,"height":626,"caption":"Buletin de Bucure\u0219ti"},"image":{"@id":"https:\/\/buletin.de\/bucuresti\/#\/schema\/logo\/image\/"},"sameAs":["https:\/\/www.facebook.com\/buletin.de.buc","https:\/\/www.instagram.com\/buletinde.bucuresti\/"]},{"@type":"Person","@id":"https:\/\/buletin.de\/bucuresti\/#\/schema\/person\/ab174cf6711728e4ee83d672acf9a912","name":"Adina C\u0103p\u00eelnean","image":{"@type":"ImageObject","inLanguage":"en-GB","@id":"https:\/\/secure.gravatar.com\/avatar\/4fe9675d6282fd7c1aa4e486a037d532d5728fc16a30360f293eb6126b2e73ad?s=96&d=monsterid&r=ge2b23868508aec3460d3c6a11d3b599a","url":"https:\/\/secure.gravatar.com\/avatar\/4fe9675d6282fd7c1aa4e486a037d532d5728fc16a30360f293eb6126b2e73ad?s=96&d=monsterid&r=g","contentUrl":"https:\/\/secure.gravatar.com\/avatar\/4fe9675d6282fd7c1aa4e486a037d532d5728fc16a30360f293eb6126b2e73ad?s=96&d=monsterid&r=g","caption":"Adina C\u0103p\u00eelnean"},"url":"https:\/\/buletin.de\/bucuresti\/author\/adinacapilnean\/"}]}},"authors":[{"term_id":22580,"user_id":47,"is_guest":0,"slug":"adinacapilnean","display_name":"Adina C\u0103p\u00eelnean","avatar_url":"https:\/\/secure.gravatar.com\/avatar\/4fe9675d6282fd7c1aa4e486a037d532d5728fc16a30360f293eb6126b2e73ad?s=96&d=monsterid&r=g","0":null,"1":"","2":"","3":"","4":"","5":"","6":"","7":"","8":""}],"_links":{"self":[{"href":"https:\/\/buletin.de\/bucuresti\/wp-json\/wp\/v2\/posts\/76112","targetHints":{"allow":["GET"]}}],"collection":[{"href":"https:\/\/buletin.de\/bucuresti\/wp-json\/wp\/v2\/posts"}],"about":[{"href":"https:\/\/buletin.de\/bucuresti\/wp-json\/wp\/v2\/types\/post"}],"author":[{"embeddable":true,"href":"https:\/\/buletin.de\/bucuresti\/wp-json\/wp\/v2\/users\/47"}],"replies":[{"embeddable":true,"href":"https:\/\/buletin.de\/bucuresti\/wp-json\/wp\/v2\/comments?post=76112"}],"version-history":[{"count":3,"href":"https:\/\/buletin.de\/bucuresti\/wp-json\/wp\/v2\/posts\/76112\/revisions"}],"predecessor-version":[{"id":76128,"href":"https:\/\/buletin.de\/bucuresti\/wp-json\/wp\/v2\/posts\/76112\/revisions\/76128"}],"wp:featuredmedia":[{"embeddable":true,"href":"https:\/\/buletin.de\/bucuresti\/wp-json\/wp\/v2\/media\/76124"}],"wp:attachment":[{"href":"https:\/\/buletin.de\/bucuresti\/wp-json\/wp\/v2\/media?parent=76112"}],"wp:term":[{"taxonomy":"category","embeddable":true,"href":"https:\/\/buletin.de\/bucuresti\/wp-json\/wp\/v2\/categories?post=76112"},{"taxonomy":"post_tag","embeddable":true,"href":"https:\/\/buletin.de\/bucuresti\/wp-json\/wp\/v2\/tags?post=76112"},{"taxonomy":"author","embeddable":true,"href":"https:\/\/buletin.de\/bucuresti\/wp-json\/wp\/v2\/ppma_author?post=76112"}],"curies":[{"name":"wp","href":"https:\/\/api.w.org\/{rel}","templated":true}]}}