{"id":76057,"date":"2024-01-31T15:34:18","date_gmt":"2024-01-31T13:34:18","guid":{"rendered":"https:\/\/buletin.de\/bucuresti\/?p=76057"},"modified":"2024-01-31T15:36:33","modified_gmt":"2024-01-31T13:36:33","slug":"pnl-nu-il-mai-sustine-pe-nicusor-dan-pentru-un-nou-mandat-ciuca-spune-ca-primarul-nu-a-indeplinit-cerintele-pnl","status":"publish","type":"post","link":"https:\/\/buletin.de\/bucuresti\/pnl-nu-il-mai-sustine-pe-nicusor-dan-pentru-un-nou-mandat-ciuca-spune-ca-primarul-nu-a-indeplinit-cerintele-pnl\/","title":{"rendered":"Liberalii nu \u00eel mai sus\u0163in pe Nicu\u015for Dan pentru un nou mandat. Ciuc\u0103 spune c\u0103 primarul nu a \u00eendeplinit cerin\u0163ele PNL"},"content":{"rendered":"\n<p><strong>Liderul liberal, Nicolae Ciuc\u0103, a spus c\u0103 partidul s\u0103u nu \u00eel va mai sus\u0163ine pe Nicu\u015for Dan pentru un nou mandat la Prim\u0103ria Capitalei. A fost f\u0103cut\u0103 o analiz\u0103 pe cerin\u0163ele pe care liberalii i le-au \u00eenaintat primarului \u015fi acestea nu au fost \u00eendeplinite, rezult\u0103 din declara\u0163ia liderului PNL. <\/strong><\/p>\n\n\n\n<blockquote class=\"wp-block-quote is-layout-flow wp-block-quote-is-layout-flow\">\n<p class=\"has-medium-font-size\">Din analiza pe care o avem pe m\u0103surile care ar fi trebuit \u00eendeplinite, pe cerin\u0163ele Partidului Na\u0163ional Liberal, filiala Bucure\u015fti, din discu\u0163iile pe care le-am avut cu pre\u015fedintele filialei, cu domnul Sebastian Burduja, rezult\u0103 c\u0103 PNL nu va mai sus\u0163ine candidatura domnului Nicu\u015for Dan la Prim\u0103rie.<\/p>\n<cite>pre\u015fedintele pNL, nicolae ciuc\u0103<\/cite><\/blockquote>\n\n\n\n<p>La sf\u00e2r\u015fitul lunii ianuarie 2023, PNL i-a \u00eenaintat o serie de 10 cerin\u0163e lui Nicu\u015for Dan, pe care s\u0103 le \u00eendeplineasc\u0103 din postura de primar general. Printre altele, acestea vizau obiective legate de termoficare, transport, servicii publice \u015fi urbanism. Nicu\u015for Dan a spus, la momentul respectiv, c\u0103 va trata cu toat\u0103 seriozitatea lista de dolean\u0163e ale PNL-ului. <\/p>\n\n\n\n<p>De-a lungul anului 2023, liderii liberali au spus de mai multe ori c\u0103 Nicu\u015for Dan va fi sus\u0163inut pentru un nou mandat numai dac\u0103 se \u00eenscrie \u00een partid, lucru refuzat de actualul primar, care a preferat s\u0103 \u00ee\u015fi men\u0163in\u0103 statutul de independent. \u00cen acest moment, are sus\u0163inerea polului de dreapta, format din partide precum USR, PMP \u015fi For\u0163a Dreptei. <\/p>\n\n\n\n<p><\/p>\n\n\n\n<p><strong>CITE\u015eTE \u015eI:<\/strong><\/p>\n\n\n\n<figure class=\"wp-block-embed is-type-wp-embed is-provider-buletin-de-bucure-ti wp-block-embed-buletin-de-bucure-ti\"><div class=\"wp-block-embed__wrapper\">\n<blockquote class=\"wp-embedded-content\" data-secret=\"dc1Nre4Z8x\"><a href=\"https:\/\/buletin.de\/bucuresti\/cele-10-porunci-ale-pnl-pentru-nicusor-dan\/\">Cele 10 porunci ale PNL pentru Nicu\u0219or Dan<\/a><\/blockquote><iframe class=\"wp-embedded-content\" sandbox=\"allow-scripts\" security=\"restricted\" style=\"position: absolute; clip: rect(1px, 1px, 1px, 1px);\" title=\"&#8220;Cele 10 porunci ale PNL pentru Nicu\u0219or Dan&#8221; &#8212; Buletin de Bucure\u0219ti\" src=\"https:\/\/buletin.de\/bucuresti\/cele-10-porunci-ale-pnl-pentru-nicusor-dan\/embed\/#?secret=sJeiP5d4hn#?secret=dc1Nre4Z8x\" data-secret=\"dc1Nre4Z8x\" width=\"600\" height=\"338\" frameborder=\"0\" marginwidth=\"0\" marginheight=\"0\" scrolling=\"no\"><\/iframe>\n<\/div><\/figure>\n\n\n\n<figure class=\"wp-block-embed is-type-wp-embed is-provider-buletin-de-bucure-ti wp-block-embed-buletin-de-bucure-ti\"><div class=\"wp-block-embed__wrapper\">\n<blockquote class=\"wp-embedded-content\" data-secret=\"dSkOvtwa5N\"><a href=\"https:\/\/buletin.de\/bucuresti\/interviu-cine-il-mai-vrea-pe-nicusor-dan-fostul-lider-pnl-spune-ca-actualul-primar-e-cea-mai-buna-optiune-noul-sef-liberal-il-vrea-doar-daca-se-inscrie-in-partid\/\">INTERVIU | Cine \u00eel (mai) vrea pe Nicu\u015for Dan? Fostul lider PNL spune c\u0103 actualul primar e cea mai bun\u0103 op\u0163iune, noul \u015fef liberal \u00eel vrea doar dac\u0103 se \u00eenscrie \u00een partid<\/a><\/blockquote><iframe class=\"wp-embedded-content\" sandbox=\"allow-scripts\" security=\"restricted\" style=\"position: absolute; clip: rect(1px, 1px, 1px, 1px);\" title=\"&#8220;INTERVIU | Cine \u00eel (mai) vrea pe Nicu\u015for Dan? Fostul lider PNL spune c\u0103 actualul primar e cea mai bun\u0103 op\u0163iune, noul \u015fef liberal \u00eel vrea doar dac\u0103 se \u00eenscrie \u00een partid&#8221; &#8212; Buletin de Bucure\u0219ti\" src=\"https:\/\/buletin.de\/bucuresti\/interviu-cine-il-mai-vrea-pe-nicusor-dan-fostul-lider-pnl-spune-ca-actualul-primar-e-cea-mai-buna-optiune-noul-sef-liberal-il-vrea-doar-daca-se-inscrie-in-partid\/embed\/#?secret=Doe6TGngBG#?secret=dSkOvtwa5N\" data-secret=\"dSkOvtwa5N\" width=\"600\" height=\"338\" frameborder=\"0\" marginwidth=\"0\" marginheight=\"0\" scrolling=\"no\"><\/iframe>\n<\/div><\/figure>\n\n\n\n<figure class=\"wp-block-embed is-type-wp-embed is-provider-buletin-de-bucure-ti wp-block-embed-buletin-de-bucure-ti\"><div class=\"wp-block-embed__wrapper\">\n<blockquote class=\"wp-embedded-content\" data-secret=\"wdfp65bGKp\"><a href=\"https:\/\/buletin.de\/bucuresti\/nicolae-ciuca-pnl-nu-l-va-sustine-pe-nicusor-dan-daca-va-candida-ca-independent\/\">Nicolae Ciuc\u0103 spune c\u0103 PNL nu-l va sus\u021bine pe Nicu\u0219or Dan, dac\u0103 va candida ca independent<\/a><\/blockquote><iframe class=\"wp-embedded-content\" sandbox=\"allow-scripts\" security=\"restricted\" style=\"position: absolute; clip: rect(1px, 1px, 1px, 1px);\" title=\"&#8220;Nicolae Ciuc\u0103 spune c\u0103 PNL nu-l va sus\u021bine pe Nicu\u0219or Dan, dac\u0103 va candida ca independent&#8221; &#8212; Buletin de Bucure\u0219ti\" src=\"https:\/\/buletin.de\/bucuresti\/nicolae-ciuca-pnl-nu-l-va-sustine-pe-nicusor-dan-daca-va-candida-ca-independent\/embed\/#?secret=zpSkAO8PN2#?secret=wdfp65bGKp\" data-secret=\"wdfp65bGKp\" width=\"600\" height=\"338\" frameborder=\"0\" marginwidth=\"0\" marginheight=\"0\" scrolling=\"no\"><\/iframe>\n<\/div><\/figure>\n","protected":false},"excerpt":{"rendered":"<p>Liderul liberal, Nicolae Ciuc\u0103, a spus c\u0103 partidul s\u0103u nu \u00eel va mai sus\u0163ine pe Nicu\u015for Dan pentru un nou mandat la Prim\u0103ria Capitalei. A fost f\u0103cut\u0103 o analiz\u0103 pe cerin\u0163ele pe care liberalii i le-au \u00eenaintat primarului \u015fi acestea nu au fost \u00eendeplinite, rezult\u0103 din declara\u0163ia liderului PNL. Din analiza pe care o avem [&hellip;]<\/p>\n","protected":false},"author":8,"featured_media":76058,"comment_status":"closed","ping_status":"open","sticky":false,"template":"","format":"standard","meta":{"_acf_changed":false,"inline_featured_image":false,"ngg_post_thumbnail":0,"footnotes":""},"categories":[6994,5762,9025],"tags":[9472,9473],"ppma_author":[22586],"class_list":["post-76057","post","type-post","status-publish","format-standard","has-post-thumbnail","hentry","category-stiri-2","category-main","category-politic","tag-nicolae-ciuca-nicusor-dan","tag-pnl-sustinere-nicusor-dan-mandat-primaria-capitalei"],"acf":[],"yoast_head":"<!-- This site is optimized with the Yoast SEO Premium plugin v25.3 (Yoast SEO v27.5) - https:\/\/yoast.com\/product\/yoast-seo-premium-wordpress\/ -->\n<title>Liberalii nu \u00eel mai sus\u0163in pe Nicu\u015for Dan pentru un nou mandat. Ciuc\u0103 spune c\u0103 primarul nu a \u00eendeplinit cerin\u0163ele PNL - Buletin de Bucure\u0219ti<\/title>\n<meta name=\"robots\" content=\"index, follow, max-snippet:-1, max-image-preview:large, max-video-preview:-1\" \/>\n<link rel=\"canonical\" href=\"https:\/\/buletin.de\/bucuresti\/pnl-nu-il-mai-sustine-pe-nicusor-dan-pentru-un-nou-mandat-ciuca-spune-ca-primarul-nu-a-indeplinit-cerintele-pnl\/\" \/>\n<meta property=\"og:locale\" content=\"en_GB\" \/>\n<meta property=\"og:type\" content=\"article\" \/>\n<meta property=\"og:title\" content=\"Liberalii nu \u00eel mai sus\u0163in pe Nicu\u015for Dan pentru un nou mandat. Ciuc\u0103 spune c\u0103 primarul nu a \u00eendeplinit cerin\u0163ele PNL\" \/>\n<meta property=\"og:description\" content=\"Liderul liberal, Nicolae Ciuc\u0103, a spus c\u0103 partidul s\u0103u nu \u00eel va mai sus\u0163ine pe Nicu\u015for Dan pentru un nou mandat la Prim\u0103ria Capitalei. A fost f\u0103cut\u0103 o analiz\u0103 pe cerin\u0163ele pe care liberalii i le-au \u00eenaintat primarului \u015fi acestea nu au fost \u00eendeplinite, rezult\u0103 din declara\u0163ia liderului PNL. Din analiza pe care o avem [&hellip;]\" \/>\n<meta property=\"og:url\" content=\"https:\/\/buletin.de\/bucuresti\/pnl-nu-il-mai-sustine-pe-nicusor-dan-pentru-un-nou-mandat-ciuca-spune-ca-primarul-nu-a-indeplinit-cerintele-pnl\/\" \/>\n<meta property=\"og:site_name\" content=\"Buletin de Bucure\u0219ti\" \/>\n<meta property=\"article:publisher\" content=\"https:\/\/www.facebook.com\/buletin.de.buc\" \/>\n<meta property=\"article:published_time\" content=\"2024-01-31T13:34:18+00:00\" \/>\n<meta property=\"article:modified_time\" content=\"2024-01-31T13:36:33+00:00\" \/>\n<meta property=\"og:image\" content=\"https:\/\/buletin.de\/bucuresti\/wp-content\/uploads\/ciuca-rares-bode-900x433.png\" \/>\n\t<meta property=\"og:image:width\" content=\"900\" \/>\n\t<meta property=\"og:image:height\" content=\"433\" \/>\n\t<meta property=\"og:image:type\" content=\"image\/png\" \/>\n<meta name=\"author\" content=\"Ionu\u021b Lepa\" \/>\n<meta name=\"twitter:card\" content=\"summary_large_image\" \/>\n<meta name=\"twitter:label1\" content=\"Written by\" \/>\n\t<meta name=\"twitter:data1\" content=\"Ionu\u021b Lepa\" \/>\n\t<meta name=\"twitter:label2\" content=\"Estimated reading time\" \/>\n\t<meta name=\"twitter:data2\" content=\"1 minute\" \/>\n<script type=\"application\/ld+json\" class=\"yoast-schema-graph\">{\"@context\":\"https:\\\/\\\/schema.org\",\"@graph\":[{\"@type\":\"Article\",\"@id\":\"https:\\\/\\\/buletin.de\\\/bucuresti\\\/pnl-nu-il-mai-sustine-pe-nicusor-dan-pentru-un-nou-mandat-ciuca-spune-ca-primarul-nu-a-indeplinit-cerintele-pnl\\\/#article\",\"isPartOf\":{\"@id\":\"https:\\\/\\\/buletin.de\\\/bucuresti\\\/pnl-nu-il-mai-sustine-pe-nicusor-dan-pentru-un-nou-mandat-ciuca-spune-ca-primarul-nu-a-indeplinit-cerintele-pnl\\\/\"},\"author\":{\"name\":\"Ionu\u021b Lepa\",\"@id\":\"https:\\\/\\\/buletin.de\\\/bucuresti\\\/#\\\/schema\\\/person\\\/5272b8a057b33890940b57b837fc4ce6\"},\"headline\":\"Liberalii nu \u00eel mai sus\u0163in pe Nicu\u015for Dan pentru un nou mandat. Ciuc\u0103 spune c\u0103 primarul nu a \u00eendeplinit cerin\u0163ele PNL\",\"datePublished\":\"2024-01-31T13:34:18+00:00\",\"dateModified\":\"2024-01-31T13:36:33+00:00\",\"mainEntityOfPage\":{\"@id\":\"https:\\\/\\\/buletin.de\\\/bucuresti\\\/pnl-nu-il-mai-sustine-pe-nicusor-dan-pentru-un-nou-mandat-ciuca-spune-ca-primarul-nu-a-indeplinit-cerintele-pnl\\\/\"},\"wordCount\":283,\"publisher\":{\"@id\":\"https:\\\/\\\/buletin.de\\\/bucuresti\\\/#organization\"},\"image\":{\"@id\":\"https:\\\/\\\/buletin.de\\\/bucuresti\\\/pnl-nu-il-mai-sustine-pe-nicusor-dan-pentru-un-nou-mandat-ciuca-spune-ca-primarul-nu-a-indeplinit-cerintele-pnl\\\/#primaryimage\"},\"thumbnailUrl\":\"https:\\\/\\\/buletin.de\\\/bucuresti\\\/wp-content\\\/uploads\\\/ciuca-rares-bode.png\",\"keywords\":[\"nicolae ciuca nicusor dan\",\"pnl sustinere nicusor dan mandat primaria capitalei\"],\"articleSection\":[\"Articole\",\"Main\",\"Politic\"],\"inLanguage\":\"en-GB\",\"copyrightYear\":\"2024\",\"copyrightHolder\":{\"@id\":\"https:\\\/\\\/buletin.de\\\/bucuresti\\\/#organization\"}},{\"@type\":\"WebPage\",\"@id\":\"https:\\\/\\\/buletin.de\\\/bucuresti\\\/pnl-nu-il-mai-sustine-pe-nicusor-dan-pentru-un-nou-mandat-ciuca-spune-ca-primarul-nu-a-indeplinit-cerintele-pnl\\\/\",\"url\":\"https:\\\/\\\/buletin.de\\\/bucuresti\\\/pnl-nu-il-mai-sustine-pe-nicusor-dan-pentru-un-nou-mandat-ciuca-spune-ca-primarul-nu-a-indeplinit-cerintele-pnl\\\/\",\"name\":\"Liberalii nu \u00eel mai sus\u0163in pe Nicu\u015for Dan pentru un nou mandat. Ciuc\u0103 spune c\u0103 primarul nu a \u00eendeplinit cerin\u0163ele PNL - Buletin de Bucure\u0219ti\",\"isPartOf\":{\"@id\":\"https:\\\/\\\/buletin.de\\\/bucuresti\\\/#website\"},\"primaryImageOfPage\":{\"@id\":\"https:\\\/\\\/buletin.de\\\/bucuresti\\\/pnl-nu-il-mai-sustine-pe-nicusor-dan-pentru-un-nou-mandat-ciuca-spune-ca-primarul-nu-a-indeplinit-cerintele-pnl\\\/#primaryimage\"},\"image\":{\"@id\":\"https:\\\/\\\/buletin.de\\\/bucuresti\\\/pnl-nu-il-mai-sustine-pe-nicusor-dan-pentru-un-nou-mandat-ciuca-spune-ca-primarul-nu-a-indeplinit-cerintele-pnl\\\/#primaryimage\"},\"thumbnailUrl\":\"https:\\\/\\\/buletin.de\\\/bucuresti\\\/wp-content\\\/uploads\\\/ciuca-rares-bode.png\",\"datePublished\":\"2024-01-31T13:34:18+00:00\",\"dateModified\":\"2024-01-31T13:36:33+00:00\",\"breadcrumb\":{\"@id\":\"https:\\\/\\\/buletin.de\\\/bucuresti\\\/pnl-nu-il-mai-sustine-pe-nicusor-dan-pentru-un-nou-mandat-ciuca-spune-ca-primarul-nu-a-indeplinit-cerintele-pnl\\\/#breadcrumb\"},\"inLanguage\":\"en-GB\",\"potentialAction\":[{\"@type\":\"ReadAction\",\"target\":[\"https:\\\/\\\/buletin.de\\\/bucuresti\\\/pnl-nu-il-mai-sustine-pe-nicusor-dan-pentru-un-nou-mandat-ciuca-spune-ca-primarul-nu-a-indeplinit-cerintele-pnl\\\/\"]}]},{\"@type\":\"ImageObject\",\"inLanguage\":\"en-GB\",\"@id\":\"https:\\\/\\\/buletin.de\\\/bucuresti\\\/pnl-nu-il-mai-sustine-pe-nicusor-dan-pentru-un-nou-mandat-ciuca-spune-ca-primarul-nu-a-indeplinit-cerintele-pnl\\\/#primaryimage\",\"url\":\"https:\\\/\\\/buletin.de\\\/bucuresti\\\/wp-content\\\/uploads\\\/ciuca-rares-bode.png\",\"contentUrl\":\"https:\\\/\\\/buletin.de\\\/bucuresti\\\/wp-content\\\/uploads\\\/ciuca-rares-bode.png\",\"width\":1818,\"height\":874,\"caption\":\"FOTO: Instantaneu din conferin\u0163a de pres\u0103 a lui Nicolae Ciuc\u0103, 31.01.2024\"},{\"@type\":\"BreadcrumbList\",\"@id\":\"https:\\\/\\\/buletin.de\\\/bucuresti\\\/pnl-nu-il-mai-sustine-pe-nicusor-dan-pentru-un-nou-mandat-ciuca-spune-ca-primarul-nu-a-indeplinit-cerintele-pnl\\\/#breadcrumb\",\"itemListElement\":[{\"@type\":\"ListItem\",\"position\":1,\"name\":\"Acas\u0103\",\"item\":\"https:\\\/\\\/buletin.de\\\/bucuresti\\\/\"},{\"@type\":\"ListItem\",\"position\":2,\"name\":\"Liberalii nu \u00eel mai sus\u0163in pe Nicu\u015for Dan pentru un nou mandat. Ciuc\u0103 spune c\u0103 primarul nu a \u00eendeplinit cerin\u0163ele PNL\"}]},{\"@type\":\"WebSite\",\"@id\":\"https:\\\/\\\/buletin.de\\\/bucuresti\\\/#website\",\"url\":\"https:\\\/\\\/buletin.de\\\/bucuresti\\\/\",\"name\":\"Buletin de Bucure\u0219ti\",\"description\":\"\u0218tiri \u0219i investiga\u021bii esen\u021biale din capital\u0103\",\"publisher\":{\"@id\":\"https:\\\/\\\/buletin.de\\\/bucuresti\\\/#organization\"},\"potentialAction\":[{\"@type\":\"SearchAction\",\"target\":{\"@type\":\"EntryPoint\",\"urlTemplate\":\"https:\\\/\\\/buletin.de\\\/bucuresti\\\/?s={search_term_string}\"},\"query-input\":{\"@type\":\"PropertyValueSpecification\",\"valueRequired\":true,\"valueName\":\"search_term_string\"}}],\"inLanguage\":\"en-GB\"},{\"@type\":\"Organization\",\"@id\":\"https:\\\/\\\/buletin.de\\\/bucuresti\\\/#organization\",\"name\":\"Buletin de Bucure\u0219ti\",\"url\":\"https:\\\/\\\/buletin.de\\\/bucuresti\\\/\",\"logo\":{\"@type\":\"ImageObject\",\"inLanguage\":\"en-GB\",\"@id\":\"https:\\\/\\\/buletin.de\\\/bucuresti\\\/#\\\/schema\\\/logo\\\/image\\\/\",\"url\":\"https:\\\/\\\/buletin.de\\\/bucuresti\\\/wp-content\\\/uploads\\\/logo-bdb-full-wide-vernil-transparent.png\",\"contentUrl\":\"https:\\\/\\\/buletin.de\\\/bucuresti\\\/wp-content\\\/uploads\\\/logo-bdb-full-wide-vernil-transparent.png\",\"width\":1782,\"height\":626,\"caption\":\"Buletin de Bucure\u0219ti\"},\"image\":{\"@id\":\"https:\\\/\\\/buletin.de\\\/bucuresti\\\/#\\\/schema\\\/logo\\\/image\\\/\"},\"sameAs\":[\"https:\\\/\\\/www.facebook.com\\\/buletin.de.buc\",\"https:\\\/\\\/www.instagram.com\\\/buletinde.bucuresti\\\/\"]},{\"@type\":\"Person\",\"@id\":\"https:\\\/\\\/buletin.de\\\/bucuresti\\\/#\\\/schema\\\/person\\\/5272b8a057b33890940b57b837fc4ce6\",\"name\":\"Ionu\u021b Lepa\",\"image\":{\"@type\":\"ImageObject\",\"inLanguage\":\"en-GB\",\"@id\":\"https:\\\/\\\/buletin.de\\\/bucuresti\\\/wp-content\\\/uploads\\\/Ionut-Lepa-96x96.jpg5c4e4d9e049808799a8821652d2410a4\",\"url\":\"https:\\\/\\\/buletin.de\\\/bucuresti\\\/wp-content\\\/uploads\\\/Ionut-Lepa-96x96.jpg\",\"contentUrl\":\"https:\\\/\\\/buletin.de\\\/bucuresti\\\/wp-content\\\/uploads\\\/Ionut-Lepa-96x96.jpg\",\"caption\":\"Ionu\u021b Lepa\"},\"url\":\"https:\\\/\\\/buletin.de\\\/bucuresti\\\/author\\\/ionutlepa\\\/\"}]}<\/script>\n<!-- \/ Yoast SEO Premium plugin. -->","yoast_head_json":{"title":"Liberalii nu \u00eel mai sus\u0163in pe Nicu\u015for Dan pentru un nou mandat. Ciuc\u0103 spune c\u0103 primarul nu a \u00eendeplinit cerin\u0163ele PNL - Buletin de Bucure\u0219ti","robots":{"index":"index","follow":"follow","max-snippet":"max-snippet:-1","max-image-preview":"max-image-preview:large","max-video-preview":"max-video-preview:-1"},"canonical":"https:\/\/buletin.de\/bucuresti\/pnl-nu-il-mai-sustine-pe-nicusor-dan-pentru-un-nou-mandat-ciuca-spune-ca-primarul-nu-a-indeplinit-cerintele-pnl\/","og_locale":"en_GB","og_type":"article","og_title":"Liberalii nu \u00eel mai sus\u0163in pe Nicu\u015for Dan pentru un nou mandat. Ciuc\u0103 spune c\u0103 primarul nu a \u00eendeplinit cerin\u0163ele PNL","og_description":"Liderul liberal, Nicolae Ciuc\u0103, a spus c\u0103 partidul s\u0103u nu \u00eel va mai sus\u0163ine pe Nicu\u015for Dan pentru un nou mandat la Prim\u0103ria Capitalei. A fost f\u0103cut\u0103 o analiz\u0103 pe cerin\u0163ele pe care liberalii i le-au \u00eenaintat primarului \u015fi acestea nu au fost \u00eendeplinite, rezult\u0103 din declara\u0163ia liderului PNL. Din analiza pe care o avem [&hellip;]","og_url":"https:\/\/buletin.de\/bucuresti\/pnl-nu-il-mai-sustine-pe-nicusor-dan-pentru-un-nou-mandat-ciuca-spune-ca-primarul-nu-a-indeplinit-cerintele-pnl\/","og_site_name":"Buletin de Bucure\u0219ti","article_publisher":"https:\/\/www.facebook.com\/buletin.de.buc","article_published_time":"2024-01-31T13:34:18+00:00","article_modified_time":"2024-01-31T13:36:33+00:00","og_image":[{"width":900,"height":433,"url":"https:\/\/buletin.de\/bucuresti\/wp-content\/uploads\/ciuca-rares-bode-900x433.png","type":"image\/png"}],"author":"Ionu\u021b Lepa","twitter_card":"summary_large_image","twitter_misc":{"Written by":"Ionu\u021b Lepa","Estimated reading time":"1 minute"},"schema":{"@context":"https:\/\/schema.org","@graph":[{"@type":"Article","@id":"https:\/\/buletin.de\/bucuresti\/pnl-nu-il-mai-sustine-pe-nicusor-dan-pentru-un-nou-mandat-ciuca-spune-ca-primarul-nu-a-indeplinit-cerintele-pnl\/#article","isPartOf":{"@id":"https:\/\/buletin.de\/bucuresti\/pnl-nu-il-mai-sustine-pe-nicusor-dan-pentru-un-nou-mandat-ciuca-spune-ca-primarul-nu-a-indeplinit-cerintele-pnl\/"},"author":{"name":"Ionu\u021b Lepa","@id":"https:\/\/buletin.de\/bucuresti\/#\/schema\/person\/5272b8a057b33890940b57b837fc4ce6"},"headline":"Liberalii nu \u00eel mai sus\u0163in pe Nicu\u015for Dan pentru un nou mandat. Ciuc\u0103 spune c\u0103 primarul nu a \u00eendeplinit cerin\u0163ele PNL","datePublished":"2024-01-31T13:34:18+00:00","dateModified":"2024-01-31T13:36:33+00:00","mainEntityOfPage":{"@id":"https:\/\/buletin.de\/bucuresti\/pnl-nu-il-mai-sustine-pe-nicusor-dan-pentru-un-nou-mandat-ciuca-spune-ca-primarul-nu-a-indeplinit-cerintele-pnl\/"},"wordCount":283,"publisher":{"@id":"https:\/\/buletin.de\/bucuresti\/#organization"},"image":{"@id":"https:\/\/buletin.de\/bucuresti\/pnl-nu-il-mai-sustine-pe-nicusor-dan-pentru-un-nou-mandat-ciuca-spune-ca-primarul-nu-a-indeplinit-cerintele-pnl\/#primaryimage"},"thumbnailUrl":"https:\/\/buletin.de\/bucuresti\/wp-content\/uploads\/ciuca-rares-bode.png","keywords":["nicolae ciuca nicusor dan","pnl sustinere nicusor dan mandat primaria capitalei"],"articleSection":["Articole","Main","Politic"],"inLanguage":"en-GB","copyrightYear":"2024","copyrightHolder":{"@id":"https:\/\/buletin.de\/bucuresti\/#organization"}},{"@type":"WebPage","@id":"https:\/\/buletin.de\/bucuresti\/pnl-nu-il-mai-sustine-pe-nicusor-dan-pentru-un-nou-mandat-ciuca-spune-ca-primarul-nu-a-indeplinit-cerintele-pnl\/","url":"https:\/\/buletin.de\/bucuresti\/pnl-nu-il-mai-sustine-pe-nicusor-dan-pentru-un-nou-mandat-ciuca-spune-ca-primarul-nu-a-indeplinit-cerintele-pnl\/","name":"Liberalii nu \u00eel mai sus\u0163in pe Nicu\u015for Dan pentru un nou mandat. Ciuc\u0103 spune c\u0103 primarul nu a \u00eendeplinit cerin\u0163ele PNL - Buletin de Bucure\u0219ti","isPartOf":{"@id":"https:\/\/buletin.de\/bucuresti\/#website"},"primaryImageOfPage":{"@id":"https:\/\/buletin.de\/bucuresti\/pnl-nu-il-mai-sustine-pe-nicusor-dan-pentru-un-nou-mandat-ciuca-spune-ca-primarul-nu-a-indeplinit-cerintele-pnl\/#primaryimage"},"image":{"@id":"https:\/\/buletin.de\/bucuresti\/pnl-nu-il-mai-sustine-pe-nicusor-dan-pentru-un-nou-mandat-ciuca-spune-ca-primarul-nu-a-indeplinit-cerintele-pnl\/#primaryimage"},"thumbnailUrl":"https:\/\/buletin.de\/bucuresti\/wp-content\/uploads\/ciuca-rares-bode.png","datePublished":"2024-01-31T13:34:18+00:00","dateModified":"2024-01-31T13:36:33+00:00","breadcrumb":{"@id":"https:\/\/buletin.de\/bucuresti\/pnl-nu-il-mai-sustine-pe-nicusor-dan-pentru-un-nou-mandat-ciuca-spune-ca-primarul-nu-a-indeplinit-cerintele-pnl\/#breadcrumb"},"inLanguage":"en-GB","potentialAction":[{"@type":"ReadAction","target":["https:\/\/buletin.de\/bucuresti\/pnl-nu-il-mai-sustine-pe-nicusor-dan-pentru-un-nou-mandat-ciuca-spune-ca-primarul-nu-a-indeplinit-cerintele-pnl\/"]}]},{"@type":"ImageObject","inLanguage":"en-GB","@id":"https:\/\/buletin.de\/bucuresti\/pnl-nu-il-mai-sustine-pe-nicusor-dan-pentru-un-nou-mandat-ciuca-spune-ca-primarul-nu-a-indeplinit-cerintele-pnl\/#primaryimage","url":"https:\/\/buletin.de\/bucuresti\/wp-content\/uploads\/ciuca-rares-bode.png","contentUrl":"https:\/\/buletin.de\/bucuresti\/wp-content\/uploads\/ciuca-rares-bode.png","width":1818,"height":874,"caption":"FOTO: Instantaneu din conferin\u0163a de pres\u0103 a lui Nicolae Ciuc\u0103, 31.01.2024"},{"@type":"BreadcrumbList","@id":"https:\/\/buletin.de\/bucuresti\/pnl-nu-il-mai-sustine-pe-nicusor-dan-pentru-un-nou-mandat-ciuca-spune-ca-primarul-nu-a-indeplinit-cerintele-pnl\/#breadcrumb","itemListElement":[{"@type":"ListItem","position":1,"name":"Acas\u0103","item":"https:\/\/buletin.de\/bucuresti\/"},{"@type":"ListItem","position":2,"name":"Liberalii nu \u00eel mai sus\u0163in pe Nicu\u015for Dan pentru un nou mandat. Ciuc\u0103 spune c\u0103 primarul nu a \u00eendeplinit cerin\u0163ele PNL"}]},{"@type":"WebSite","@id":"https:\/\/buletin.de\/bucuresti\/#website","url":"https:\/\/buletin.de\/bucuresti\/","name":"Buletin de Bucure\u0219ti","description":"\u0218tiri \u0219i investiga\u021bii esen\u021biale din capital\u0103","publisher":{"@id":"https:\/\/buletin.de\/bucuresti\/#organization"},"potentialAction":[{"@type":"SearchAction","target":{"@type":"EntryPoint","urlTemplate":"https:\/\/buletin.de\/bucuresti\/?s={search_term_string}"},"query-input":{"@type":"PropertyValueSpecification","valueRequired":true,"valueName":"search_term_string"}}],"inLanguage":"en-GB"},{"@type":"Organization","@id":"https:\/\/buletin.de\/bucuresti\/#organization","name":"Buletin de Bucure\u0219ti","url":"https:\/\/buletin.de\/bucuresti\/","logo":{"@type":"ImageObject","inLanguage":"en-GB","@id":"https:\/\/buletin.de\/bucuresti\/#\/schema\/logo\/image\/","url":"https:\/\/buletin.de\/bucuresti\/wp-content\/uploads\/logo-bdb-full-wide-vernil-transparent.png","contentUrl":"https:\/\/buletin.de\/bucuresti\/wp-content\/uploads\/logo-bdb-full-wide-vernil-transparent.png","width":1782,"height":626,"caption":"Buletin de Bucure\u0219ti"},"image":{"@id":"https:\/\/buletin.de\/bucuresti\/#\/schema\/logo\/image\/"},"sameAs":["https:\/\/www.facebook.com\/buletin.de.buc","https:\/\/www.instagram.com\/buletinde.bucuresti\/"]},{"@type":"Person","@id":"https:\/\/buletin.de\/bucuresti\/#\/schema\/person\/5272b8a057b33890940b57b837fc4ce6","name":"Ionu\u021b Lepa","image":{"@type":"ImageObject","inLanguage":"en-GB","@id":"https:\/\/buletin.de\/bucuresti\/wp-content\/uploads\/Ionut-Lepa-96x96.jpg5c4e4d9e049808799a8821652d2410a4","url":"https:\/\/buletin.de\/bucuresti\/wp-content\/uploads\/Ionut-Lepa-96x96.jpg","contentUrl":"https:\/\/buletin.de\/bucuresti\/wp-content\/uploads\/Ionut-Lepa-96x96.jpg","caption":"Ionu\u021b Lepa"},"url":"https:\/\/buletin.de\/bucuresti\/author\/ionutlepa\/"}]}},"authors":[{"term_id":22586,"user_id":8,"is_guest":0,"slug":"ionutlepa","display_name":"Ionu\u021b Lepa","avatar_url":"https:\/\/buletin.de\/bucuresti\/wp-content\/uploads\/Ionut-Lepa-96x96.jpg","0":null,"1":"","2":"","3":"","4":"","5":"","6":"","7":"","8":""}],"_links":{"self":[{"href":"https:\/\/buletin.de\/bucuresti\/wp-json\/wp\/v2\/posts\/76057","targetHints":{"allow":["GET"]}}],"collection":[{"href":"https:\/\/buletin.de\/bucuresti\/wp-json\/wp\/v2\/posts"}],"about":[{"href":"https:\/\/buletin.de\/bucuresti\/wp-json\/wp\/v2\/types\/post"}],"author":[{"embeddable":true,"href":"https:\/\/buletin.de\/bucuresti\/wp-json\/wp\/v2\/users\/8"}],"replies":[{"embeddable":true,"href":"https:\/\/buletin.de\/bucuresti\/wp-json\/wp\/v2\/comments?post=76057"}],"version-history":[{"count":2,"href":"https:\/\/buletin.de\/bucuresti\/wp-json\/wp\/v2\/posts\/76057\/revisions"}],"predecessor-version":[{"id":76061,"href":"https:\/\/buletin.de\/bucuresti\/wp-json\/wp\/v2\/posts\/76057\/revisions\/76061"}],"wp:featuredmedia":[{"embeddable":true,"href":"https:\/\/buletin.de\/bucuresti\/wp-json\/wp\/v2\/media\/76058"}],"wp:attachment":[{"href":"https:\/\/buletin.de\/bucuresti\/wp-json\/wp\/v2\/media?parent=76057"}],"wp:term":[{"taxonomy":"category","embeddable":true,"href":"https:\/\/buletin.de\/bucuresti\/wp-json\/wp\/v2\/categories?post=76057"},{"taxonomy":"post_tag","embeddable":true,"href":"https:\/\/buletin.de\/bucuresti\/wp-json\/wp\/v2\/tags?post=76057"},{"taxonomy":"author","embeddable":true,"href":"https:\/\/buletin.de\/bucuresti\/wp-json\/wp\/v2\/ppma_author?post=76057"}],"curies":[{"name":"wp","href":"https:\/\/api.w.org\/{rel}","templated":true}]}}