{"id":76048,"date":"2024-01-31T15:12:17","date_gmt":"2024-01-31T13:12:17","guid":{"rendered":"https:\/\/buletin.de\/bucuresti\/?p=76048"},"modified":"2024-01-31T15:12:18","modified_gmt":"2024-01-31T13:12:18","slug":"inchisoare-cu-suspendare-pentru-politistul-care-a-omorat-o-pe-raisa-pe-trecerea-de-pietoni","status":"publish","type":"post","link":"https:\/\/buletin.de\/bucuresti\/inchisoare-cu-suspendare-pentru-politistul-care-a-omorat-o-pe-raisa-pe-trecerea-de-pietoni\/","title":{"rendered":"\u00cenchisoare cu suspendare pentru poli\u021bistul care a omor\u00e2t-o pe Raisa, pe trecerea de pietoni"},"content":{"rendered":"\n<p><strong>Poli\u021bistul care a ucis-o pe Raisa, fata \u00een v\u00e2rst\u0103 de 12 ani, pe trecerea de pietoni, a primit trei ani de \u00eenchisoare cu suspendare. Au fost acordate daune morale de 250 de mii de euro. Avoca\u0163ii familiei spun c\u0103 p\u0103rin\u0163ii vor ca pedeapsa s\u0103 fie cu executare \u015fi vor face apel. Incidentul a avut loc la \u00eenceputul anului 2022.\u00a0<\/strong><\/p>\n\n\n\n<p>Constantin Popescu a fost condamnat la trei ani de \u00eenchisoare cu suspendare, \u00een ciuda dorin\u021belor familiei fetei. Sc\u0103pat de \u00eenchisoare, acesta va trebui, cel mai probabil, conform avocatului familiei, s\u0103 depun\u0103 munc\u0103 \u00een folosul comunit\u0103\u021bii la Arhiepiscopia Bucure\u0219tilor.\u00a0<\/p>\n\n\n\n<p>De asemenea, au fost acordate daune morale \u00een valoare de 250.000 de euro \u2014 160.000 de euro a primit familia Raisei, \u0219i cealalt\u0103 fat\u0103 implicat\u0103 \u00een accident, care a supravie\u021buit, Marina, a primit 90.000 de euro pentru cele 100 de zile de \u00eengrijiri medicale, potrivit avocatului Adrian Cuculis.<\/p>\n\n\n\n<h2 class=\"wp-block-heading\">Context<\/h2>\n\n\n\n<p>Pe 13 ianuarie 2022, poli\u021bistul Constantin Popescu, aflat \u00een timpul serviciului, a lovit pe trecerea de pietoni dou\u0103 feti\u021be. \u00cen urma impactului, Raisa, o feti\u021b\u0103 de 12 ani, a murit, iar prietena ei, Marina, a fost r\u0103nit\u0103 grav.<\/p>\n\n\n\n<p>Dup\u0103 accident, poli\u021bistul a fost plasat sub control judiciar pentru 60 de zile. M\u0103sura a expirat la \u00eenceputul lunii martie 2022, c\u00e2nd Parchetul urma s\u0103 decid\u0103 dac\u0103 prelunge\u0219te sau nu starea de control judiciar. Agentul de poli\u021bie a fost scos de sub control judiciar, conform unei hot\u0103r\u00e2ri a instan\u021bei, dup\u0103 ce a depus o cerere prin care solicita ca cercetarea s\u0103 fie f\u0103cut\u0103 \u00een stare de libertate.<\/p>\n\n\n\n<p>La \u00eenceputul anului 2023, fostul poli\u021bist a fost trimis \u00een judecat\u0103, pentru ucidere din culp\u0103 \u0219i v\u0103t\u0103mare corporal\u0103.&nbsp;<\/p>\n\n\n\n<p><strong>CITE\u015eTE \u015eI:<\/strong><\/p>\n\n\n\n<figure class=\"wp-block-embed is-type-wp-embed is-provider-buletin-de-bucure-ti wp-block-embed-buletin-de-bucure-ti\"><div class=\"wp-block-embed__wrapper\">\n<blockquote class=\"wp-embedded-content\" data-secret=\"KmjL15TIHm\"><a href=\"https:\/\/buletin.de\/bucuresti\/politistul-care-a-ucis-o-pe-micuta-raisa-acum-1-an-pe-trecerea-de-pietoni-a-fost-trimis-in-judecata\/\">Poli\u021bistul care a ucis-o pe micu\u021ba Raisa acum 1 an pe trecerea de pietoni a fost trimis \u00een judecat\u0103<\/a><\/blockquote><iframe class=\"wp-embedded-content\" sandbox=\"allow-scripts\" security=\"restricted\" style=\"position: absolute; clip: rect(1px, 1px, 1px, 1px);\" title=\"&#8220;Poli\u021bistul care a ucis-o pe micu\u021ba Raisa acum 1 an pe trecerea de pietoni a fost trimis \u00een judecat\u0103&#8221; &#8212; Buletin de Bucure\u0219ti\" src=\"https:\/\/buletin.de\/bucuresti\/politistul-care-a-ucis-o-pe-micuta-raisa-acum-1-an-pe-trecerea-de-pietoni-a-fost-trimis-in-judecata\/embed\/#?secret=OsQ2YejUL4#?secret=KmjL15TIHm\" data-secret=\"KmjL15TIHm\" width=\"600\" height=\"338\" frameborder=\"0\" marginwidth=\"0\" marginheight=\"0\" scrolling=\"no\"><\/iframe>\n<\/div><\/figure>\n","protected":false},"excerpt":{"rendered":"<p>Poli\u021bistul care a ucis-o pe Raisa, fata \u00een v\u00e2rst\u0103 de 12 ani, pe trecerea de pietoni, a primit trei ani de \u00eenchisoare cu suspendare. Au fost acordate daune morale de 250 de mii de euro. Avoca\u0163ii familiei spun c\u0103 p\u0103rin\u0163ii vor ca pedeapsa s\u0103 fie cu executare \u015fi vor face apel. Incidentul a avut loc [&hellip;]<\/p>\n","protected":false},"author":47,"featured_media":76049,"comment_status":"closed","ping_status":"open","sticky":false,"template":"","format":"standard","meta":{"_acf_changed":false,"inline_featured_image":false,"ngg_post_thumbnail":0,"footnotes":""},"categories":[6994,9026,62],"tags":[1100,6357,6325,9468,574,9466,9469,5100,9287,1884,9467],"ppma_author":[22580],"class_list":["post-76048","post","type-post","status-publish","format-standard","has-post-thumbnail","hentry","category-stiri-2","category-eveniment","category-stiri","tag-accident","tag-arhiepiscopia-bucurestilor","tag-daune","tag-inchisoare-2","tag-judecata","tag-mortal","tag-munca-in-folosul-comunitatii","tag-raisa","tag-sentinta","tag-suspendare","tag-trece-de-pietoni"],"acf":[],"yoast_head":"<!-- This site is optimized with the Yoast SEO Premium plugin v25.3 (Yoast SEO v27.5) - https:\/\/yoast.com\/product\/yoast-seo-premium-wordpress\/ -->\n<title>\u00cenchisoare cu suspendare pentru poli\u021bistul care a omor\u00e2t-o pe Raisa, pe trecerea de pietoni - Buletin de Bucure\u0219ti<\/title>\n<meta name=\"robots\" content=\"index, follow, max-snippet:-1, max-image-preview:large, max-video-preview:-1\" \/>\n<link rel=\"canonical\" href=\"https:\/\/buletin.de\/bucuresti\/inchisoare-cu-suspendare-pentru-politistul-care-a-omorat-o-pe-raisa-pe-trecerea-de-pietoni\/\" \/>\n<meta property=\"og:locale\" content=\"en_GB\" \/>\n<meta property=\"og:type\" content=\"article\" \/>\n<meta property=\"og:title\" content=\"\u00cenchisoare cu suspendare pentru poli\u021bistul care a omor\u00e2t-o pe Raisa, pe trecerea de pietoni\" \/>\n<meta property=\"og:description\" content=\"Poli\u021bistul care a ucis-o pe Raisa, fata \u00een v\u00e2rst\u0103 de 12 ani, pe trecerea de pietoni, a primit trei ani de \u00eenchisoare cu suspendare. Au fost acordate daune morale de 250 de mii de euro. Avoca\u0163ii familiei spun c\u0103 p\u0103rin\u0163ii vor ca pedeapsa s\u0103 fie cu executare \u015fi vor face apel. Incidentul a avut loc [&hellip;]\" \/>\n<meta property=\"og:url\" content=\"https:\/\/buletin.de\/bucuresti\/inchisoare-cu-suspendare-pentru-politistul-care-a-omorat-o-pe-raisa-pe-trecerea-de-pietoni\/\" \/>\n<meta property=\"og:site_name\" content=\"Buletin de Bucure\u0219ti\" \/>\n<meta property=\"article:publisher\" content=\"https:\/\/www.facebook.com\/buletin.de.buc\" \/>\n<meta property=\"article:published_time\" content=\"2024-01-31T13:12:17+00:00\" \/>\n<meta property=\"article:modified_time\" content=\"2024-01-31T13:12:18+00:00\" \/>\n<meta property=\"og:image\" content=\"https:\/\/buletin.de\/bucuresti\/wp-content\/uploads\/kjgkqqcdynq.jpg\" \/>\n\t<meta property=\"og:image:width\" content=\"1600\" \/>\n\t<meta property=\"og:image:height\" content=\"1067\" \/>\n\t<meta property=\"og:image:type\" content=\"image\/jpeg\" \/>\n<meta name=\"author\" content=\"Adina C\u0103p\u00eelnean\" \/>\n<meta name=\"twitter:card\" content=\"summary_large_image\" \/>\n<meta name=\"twitter:label1\" content=\"Written by\" \/>\n\t<meta name=\"twitter:data1\" content=\"Adina C\u0103p\u00eelnean\" \/>\n\t<meta name=\"twitter:label2\" content=\"Estimated reading time\" \/>\n\t<meta name=\"twitter:data2\" content=\"1 minute\" \/>\n<script type=\"application\/ld+json\" class=\"yoast-schema-graph\">{\"@context\":\"https:\\\/\\\/schema.org\",\"@graph\":[{\"@type\":\"Article\",\"@id\":\"https:\\\/\\\/buletin.de\\\/bucuresti\\\/inchisoare-cu-suspendare-pentru-politistul-care-a-omorat-o-pe-raisa-pe-trecerea-de-pietoni\\\/#article\",\"isPartOf\":{\"@id\":\"https:\\\/\\\/buletin.de\\\/bucuresti\\\/inchisoare-cu-suspendare-pentru-politistul-care-a-omorat-o-pe-raisa-pe-trecerea-de-pietoni\\\/\"},\"author\":{\"name\":\"Adina C\u0103p\u00eelnean\",\"@id\":\"https:\\\/\\\/buletin.de\\\/bucuresti\\\/#\\\/schema\\\/person\\\/ab174cf6711728e4ee83d672acf9a912\"},\"headline\":\"\u00cenchisoare cu suspendare pentru poli\u021bistul care a omor\u00e2t-o pe Raisa, pe trecerea de pietoni\",\"datePublished\":\"2024-01-31T13:12:17+00:00\",\"dateModified\":\"2024-01-31T13:12:18+00:00\",\"mainEntityOfPage\":{\"@id\":\"https:\\\/\\\/buletin.de\\\/bucuresti\\\/inchisoare-cu-suspendare-pentru-politistul-care-a-omorat-o-pe-raisa-pe-trecerea-de-pietoni\\\/\"},\"wordCount\":306,\"publisher\":{\"@id\":\"https:\\\/\\\/buletin.de\\\/bucuresti\\\/#organization\"},\"image\":{\"@id\":\"https:\\\/\\\/buletin.de\\\/bucuresti\\\/inchisoare-cu-suspendare-pentru-politistul-care-a-omorat-o-pe-raisa-pe-trecerea-de-pietoni\\\/#primaryimage\"},\"thumbnailUrl\":\"https:\\\/\\\/buletin.de\\\/bucuresti\\\/wp-content\\\/uploads\\\/kjgkqqcdynq.jpg\",\"keywords\":[\"accident\",\"Arhiepiscopia Bucure\u0219tilor\",\"daune\",\"inchisoare\",\"judecata\",\"mortal\",\"munca in folosul comunitatii\",\"Raisa\",\"sentinta\",\"suspendare\",\"trece de pietoni\"],\"articleSection\":[\"Articole\",\"Eveniment\",\"\u0218tiri\"],\"inLanguage\":\"en-GB\",\"copyrightYear\":\"2024\",\"copyrightHolder\":{\"@id\":\"https:\\\/\\\/buletin.de\\\/bucuresti\\\/#organization\"}},{\"@type\":\"WebPage\",\"@id\":\"https:\\\/\\\/buletin.de\\\/bucuresti\\\/inchisoare-cu-suspendare-pentru-politistul-care-a-omorat-o-pe-raisa-pe-trecerea-de-pietoni\\\/\",\"url\":\"https:\\\/\\\/buletin.de\\\/bucuresti\\\/inchisoare-cu-suspendare-pentru-politistul-care-a-omorat-o-pe-raisa-pe-trecerea-de-pietoni\\\/\",\"name\":\"\u00cenchisoare cu suspendare pentru poli\u021bistul care a omor\u00e2t-o pe Raisa, pe trecerea de pietoni - Buletin de Bucure\u0219ti\",\"isPartOf\":{\"@id\":\"https:\\\/\\\/buletin.de\\\/bucuresti\\\/#website\"},\"primaryImageOfPage\":{\"@id\":\"https:\\\/\\\/buletin.de\\\/bucuresti\\\/inchisoare-cu-suspendare-pentru-politistul-care-a-omorat-o-pe-raisa-pe-trecerea-de-pietoni\\\/#primaryimage\"},\"image\":{\"@id\":\"https:\\\/\\\/buletin.de\\\/bucuresti\\\/inchisoare-cu-suspendare-pentru-politistul-care-a-omorat-o-pe-raisa-pe-trecerea-de-pietoni\\\/#primaryimage\"},\"thumbnailUrl\":\"https:\\\/\\\/buletin.de\\\/bucuresti\\\/wp-content\\\/uploads\\\/kjgkqqcdynq.jpg\",\"datePublished\":\"2024-01-31T13:12:17+00:00\",\"dateModified\":\"2024-01-31T13:12:18+00:00\",\"breadcrumb\":{\"@id\":\"https:\\\/\\\/buletin.de\\\/bucuresti\\\/inchisoare-cu-suspendare-pentru-politistul-care-a-omorat-o-pe-raisa-pe-trecerea-de-pietoni\\\/#breadcrumb\"},\"inLanguage\":\"en-GB\",\"potentialAction\":[{\"@type\":\"ReadAction\",\"target\":[\"https:\\\/\\\/buletin.de\\\/bucuresti\\\/inchisoare-cu-suspendare-pentru-politistul-care-a-omorat-o-pe-raisa-pe-trecerea-de-pietoni\\\/\"]}]},{\"@type\":\"ImageObject\",\"inLanguage\":\"en-GB\",\"@id\":\"https:\\\/\\\/buletin.de\\\/bucuresti\\\/inchisoare-cu-suspendare-pentru-politistul-care-a-omorat-o-pe-raisa-pe-trecerea-de-pietoni\\\/#primaryimage\",\"url\":\"https:\\\/\\\/buletin.de\\\/bucuresti\\\/wp-content\\\/uploads\\\/kjgkqqcdynq.jpg\",\"contentUrl\":\"https:\\\/\\\/buletin.de\\\/bucuresti\\\/wp-content\\\/uploads\\\/kjgkqqcdynq.jpg\",\"width\":1600,\"height\":1067,\"caption\":\"Surs\u0103: Unsplash\"},{\"@type\":\"BreadcrumbList\",\"@id\":\"https:\\\/\\\/buletin.de\\\/bucuresti\\\/inchisoare-cu-suspendare-pentru-politistul-care-a-omorat-o-pe-raisa-pe-trecerea-de-pietoni\\\/#breadcrumb\",\"itemListElement\":[{\"@type\":\"ListItem\",\"position\":1,\"name\":\"Acas\u0103\",\"item\":\"https:\\\/\\\/buletin.de\\\/bucuresti\\\/\"},{\"@type\":\"ListItem\",\"position\":2,\"name\":\"\u00cenchisoare cu suspendare pentru poli\u021bistul care a omor\u00e2t-o pe Raisa, pe trecerea de pietoni\"}]},{\"@type\":\"WebSite\",\"@id\":\"https:\\\/\\\/buletin.de\\\/bucuresti\\\/#website\",\"url\":\"https:\\\/\\\/buletin.de\\\/bucuresti\\\/\",\"name\":\"Buletin de Bucure\u0219ti\",\"description\":\"\u0218tiri \u0219i investiga\u021bii esen\u021biale din capital\u0103\",\"publisher\":{\"@id\":\"https:\\\/\\\/buletin.de\\\/bucuresti\\\/#organization\"},\"potentialAction\":[{\"@type\":\"SearchAction\",\"target\":{\"@type\":\"EntryPoint\",\"urlTemplate\":\"https:\\\/\\\/buletin.de\\\/bucuresti\\\/?s={search_term_string}\"},\"query-input\":{\"@type\":\"PropertyValueSpecification\",\"valueRequired\":true,\"valueName\":\"search_term_string\"}}],\"inLanguage\":\"en-GB\"},{\"@type\":\"Organization\",\"@id\":\"https:\\\/\\\/buletin.de\\\/bucuresti\\\/#organization\",\"name\":\"Buletin de Bucure\u0219ti\",\"url\":\"https:\\\/\\\/buletin.de\\\/bucuresti\\\/\",\"logo\":{\"@type\":\"ImageObject\",\"inLanguage\":\"en-GB\",\"@id\":\"https:\\\/\\\/buletin.de\\\/bucuresti\\\/#\\\/schema\\\/logo\\\/image\\\/\",\"url\":\"https:\\\/\\\/buletin.de\\\/bucuresti\\\/wp-content\\\/uploads\\\/logo-bdb-full-wide-vernil-transparent.png\",\"contentUrl\":\"https:\\\/\\\/buletin.de\\\/bucuresti\\\/wp-content\\\/uploads\\\/logo-bdb-full-wide-vernil-transparent.png\",\"width\":1782,\"height\":626,\"caption\":\"Buletin de Bucure\u0219ti\"},\"image\":{\"@id\":\"https:\\\/\\\/buletin.de\\\/bucuresti\\\/#\\\/schema\\\/logo\\\/image\\\/\"},\"sameAs\":[\"https:\\\/\\\/www.facebook.com\\\/buletin.de.buc\",\"https:\\\/\\\/www.instagram.com\\\/buletinde.bucuresti\\\/\"]},{\"@type\":\"Person\",\"@id\":\"https:\\\/\\\/buletin.de\\\/bucuresti\\\/#\\\/schema\\\/person\\\/ab174cf6711728e4ee83d672acf9a912\",\"name\":\"Adina C\u0103p\u00eelnean\",\"image\":{\"@type\":\"ImageObject\",\"inLanguage\":\"en-GB\",\"@id\":\"https:\\\/\\\/secure.gravatar.com\\\/avatar\\\/4fe9675d6282fd7c1aa4e486a037d532d5728fc16a30360f293eb6126b2e73ad?s=96&d=monsterid&r=ge2b23868508aec3460d3c6a11d3b599a\",\"url\":\"https:\\\/\\\/secure.gravatar.com\\\/avatar\\\/4fe9675d6282fd7c1aa4e486a037d532d5728fc16a30360f293eb6126b2e73ad?s=96&d=monsterid&r=g\",\"contentUrl\":\"https:\\\/\\\/secure.gravatar.com\\\/avatar\\\/4fe9675d6282fd7c1aa4e486a037d532d5728fc16a30360f293eb6126b2e73ad?s=96&d=monsterid&r=g\",\"caption\":\"Adina C\u0103p\u00eelnean\"},\"url\":\"https:\\\/\\\/buletin.de\\\/bucuresti\\\/author\\\/adinacapilnean\\\/\"}]}<\/script>\n<!-- \/ Yoast SEO Premium plugin. -->","yoast_head_json":{"title":"\u00cenchisoare cu suspendare pentru poli\u021bistul care a omor\u00e2t-o pe Raisa, pe trecerea de pietoni - Buletin de Bucure\u0219ti","robots":{"index":"index","follow":"follow","max-snippet":"max-snippet:-1","max-image-preview":"max-image-preview:large","max-video-preview":"max-video-preview:-1"},"canonical":"https:\/\/buletin.de\/bucuresti\/inchisoare-cu-suspendare-pentru-politistul-care-a-omorat-o-pe-raisa-pe-trecerea-de-pietoni\/","og_locale":"en_GB","og_type":"article","og_title":"\u00cenchisoare cu suspendare pentru poli\u021bistul care a omor\u00e2t-o pe Raisa, pe trecerea de pietoni","og_description":"Poli\u021bistul care a ucis-o pe Raisa, fata \u00een v\u00e2rst\u0103 de 12 ani, pe trecerea de pietoni, a primit trei ani de \u00eenchisoare cu suspendare. Au fost acordate daune morale de 250 de mii de euro. Avoca\u0163ii familiei spun c\u0103 p\u0103rin\u0163ii vor ca pedeapsa s\u0103 fie cu executare \u015fi vor face apel. Incidentul a avut loc [&hellip;]","og_url":"https:\/\/buletin.de\/bucuresti\/inchisoare-cu-suspendare-pentru-politistul-care-a-omorat-o-pe-raisa-pe-trecerea-de-pietoni\/","og_site_name":"Buletin de Bucure\u0219ti","article_publisher":"https:\/\/www.facebook.com\/buletin.de.buc","article_published_time":"2024-01-31T13:12:17+00:00","article_modified_time":"2024-01-31T13:12:18+00:00","og_image":[{"width":1600,"height":1067,"url":"https:\/\/buletin.de\/bucuresti\/wp-content\/uploads\/kjgkqqcdynq.jpg","type":"image\/jpeg"}],"author":"Adina C\u0103p\u00eelnean","twitter_card":"summary_large_image","twitter_misc":{"Written by":"Adina C\u0103p\u00eelnean","Estimated reading time":"1 minute"},"schema":{"@context":"https:\/\/schema.org","@graph":[{"@type":"Article","@id":"https:\/\/buletin.de\/bucuresti\/inchisoare-cu-suspendare-pentru-politistul-care-a-omorat-o-pe-raisa-pe-trecerea-de-pietoni\/#article","isPartOf":{"@id":"https:\/\/buletin.de\/bucuresti\/inchisoare-cu-suspendare-pentru-politistul-care-a-omorat-o-pe-raisa-pe-trecerea-de-pietoni\/"},"author":{"name":"Adina C\u0103p\u00eelnean","@id":"https:\/\/buletin.de\/bucuresti\/#\/schema\/person\/ab174cf6711728e4ee83d672acf9a912"},"headline":"\u00cenchisoare cu suspendare pentru poli\u021bistul care a omor\u00e2t-o pe Raisa, pe trecerea de pietoni","datePublished":"2024-01-31T13:12:17+00:00","dateModified":"2024-01-31T13:12:18+00:00","mainEntityOfPage":{"@id":"https:\/\/buletin.de\/bucuresti\/inchisoare-cu-suspendare-pentru-politistul-care-a-omorat-o-pe-raisa-pe-trecerea-de-pietoni\/"},"wordCount":306,"publisher":{"@id":"https:\/\/buletin.de\/bucuresti\/#organization"},"image":{"@id":"https:\/\/buletin.de\/bucuresti\/inchisoare-cu-suspendare-pentru-politistul-care-a-omorat-o-pe-raisa-pe-trecerea-de-pietoni\/#primaryimage"},"thumbnailUrl":"https:\/\/buletin.de\/bucuresti\/wp-content\/uploads\/kjgkqqcdynq.jpg","keywords":["accident","Arhiepiscopia Bucure\u0219tilor","daune","inchisoare","judecata","mortal","munca in folosul comunitatii","Raisa","sentinta","suspendare","trece de pietoni"],"articleSection":["Articole","Eveniment","\u0218tiri"],"inLanguage":"en-GB","copyrightYear":"2024","copyrightHolder":{"@id":"https:\/\/buletin.de\/bucuresti\/#organization"}},{"@type":"WebPage","@id":"https:\/\/buletin.de\/bucuresti\/inchisoare-cu-suspendare-pentru-politistul-care-a-omorat-o-pe-raisa-pe-trecerea-de-pietoni\/","url":"https:\/\/buletin.de\/bucuresti\/inchisoare-cu-suspendare-pentru-politistul-care-a-omorat-o-pe-raisa-pe-trecerea-de-pietoni\/","name":"\u00cenchisoare cu suspendare pentru poli\u021bistul care a omor\u00e2t-o pe Raisa, pe trecerea de pietoni - Buletin de Bucure\u0219ti","isPartOf":{"@id":"https:\/\/buletin.de\/bucuresti\/#website"},"primaryImageOfPage":{"@id":"https:\/\/buletin.de\/bucuresti\/inchisoare-cu-suspendare-pentru-politistul-care-a-omorat-o-pe-raisa-pe-trecerea-de-pietoni\/#primaryimage"},"image":{"@id":"https:\/\/buletin.de\/bucuresti\/inchisoare-cu-suspendare-pentru-politistul-care-a-omorat-o-pe-raisa-pe-trecerea-de-pietoni\/#primaryimage"},"thumbnailUrl":"https:\/\/buletin.de\/bucuresti\/wp-content\/uploads\/kjgkqqcdynq.jpg","datePublished":"2024-01-31T13:12:17+00:00","dateModified":"2024-01-31T13:12:18+00:00","breadcrumb":{"@id":"https:\/\/buletin.de\/bucuresti\/inchisoare-cu-suspendare-pentru-politistul-care-a-omorat-o-pe-raisa-pe-trecerea-de-pietoni\/#breadcrumb"},"inLanguage":"en-GB","potentialAction":[{"@type":"ReadAction","target":["https:\/\/buletin.de\/bucuresti\/inchisoare-cu-suspendare-pentru-politistul-care-a-omorat-o-pe-raisa-pe-trecerea-de-pietoni\/"]}]},{"@type":"ImageObject","inLanguage":"en-GB","@id":"https:\/\/buletin.de\/bucuresti\/inchisoare-cu-suspendare-pentru-politistul-care-a-omorat-o-pe-raisa-pe-trecerea-de-pietoni\/#primaryimage","url":"https:\/\/buletin.de\/bucuresti\/wp-content\/uploads\/kjgkqqcdynq.jpg","contentUrl":"https:\/\/buletin.de\/bucuresti\/wp-content\/uploads\/kjgkqqcdynq.jpg","width":1600,"height":1067,"caption":"Surs\u0103: Unsplash"},{"@type":"BreadcrumbList","@id":"https:\/\/buletin.de\/bucuresti\/inchisoare-cu-suspendare-pentru-politistul-care-a-omorat-o-pe-raisa-pe-trecerea-de-pietoni\/#breadcrumb","itemListElement":[{"@type":"ListItem","position":1,"name":"Acas\u0103","item":"https:\/\/buletin.de\/bucuresti\/"},{"@type":"ListItem","position":2,"name":"\u00cenchisoare cu suspendare pentru poli\u021bistul care a omor\u00e2t-o pe Raisa, pe trecerea de pietoni"}]},{"@type":"WebSite","@id":"https:\/\/buletin.de\/bucuresti\/#website","url":"https:\/\/buletin.de\/bucuresti\/","name":"Buletin de Bucure\u0219ti","description":"\u0218tiri \u0219i investiga\u021bii esen\u021biale din capital\u0103","publisher":{"@id":"https:\/\/buletin.de\/bucuresti\/#organization"},"potentialAction":[{"@type":"SearchAction","target":{"@type":"EntryPoint","urlTemplate":"https:\/\/buletin.de\/bucuresti\/?s={search_term_string}"},"query-input":{"@type":"PropertyValueSpecification","valueRequired":true,"valueName":"search_term_string"}}],"inLanguage":"en-GB"},{"@type":"Organization","@id":"https:\/\/buletin.de\/bucuresti\/#organization","name":"Buletin de Bucure\u0219ti","url":"https:\/\/buletin.de\/bucuresti\/","logo":{"@type":"ImageObject","inLanguage":"en-GB","@id":"https:\/\/buletin.de\/bucuresti\/#\/schema\/logo\/image\/","url":"https:\/\/buletin.de\/bucuresti\/wp-content\/uploads\/logo-bdb-full-wide-vernil-transparent.png","contentUrl":"https:\/\/buletin.de\/bucuresti\/wp-content\/uploads\/logo-bdb-full-wide-vernil-transparent.png","width":1782,"height":626,"caption":"Buletin de Bucure\u0219ti"},"image":{"@id":"https:\/\/buletin.de\/bucuresti\/#\/schema\/logo\/image\/"},"sameAs":["https:\/\/www.facebook.com\/buletin.de.buc","https:\/\/www.instagram.com\/buletinde.bucuresti\/"]},{"@type":"Person","@id":"https:\/\/buletin.de\/bucuresti\/#\/schema\/person\/ab174cf6711728e4ee83d672acf9a912","name":"Adina C\u0103p\u00eelnean","image":{"@type":"ImageObject","inLanguage":"en-GB","@id":"https:\/\/secure.gravatar.com\/avatar\/4fe9675d6282fd7c1aa4e486a037d532d5728fc16a30360f293eb6126b2e73ad?s=96&d=monsterid&r=ge2b23868508aec3460d3c6a11d3b599a","url":"https:\/\/secure.gravatar.com\/avatar\/4fe9675d6282fd7c1aa4e486a037d532d5728fc16a30360f293eb6126b2e73ad?s=96&d=monsterid&r=g","contentUrl":"https:\/\/secure.gravatar.com\/avatar\/4fe9675d6282fd7c1aa4e486a037d532d5728fc16a30360f293eb6126b2e73ad?s=96&d=monsterid&r=g","caption":"Adina C\u0103p\u00eelnean"},"url":"https:\/\/buletin.de\/bucuresti\/author\/adinacapilnean\/"}]}},"authors":[{"term_id":22580,"user_id":47,"is_guest":0,"slug":"adinacapilnean","display_name":"Adina C\u0103p\u00eelnean","avatar_url":"https:\/\/secure.gravatar.com\/avatar\/4fe9675d6282fd7c1aa4e486a037d532d5728fc16a30360f293eb6126b2e73ad?s=96&d=monsterid&r=g","0":null,"1":"","2":"","3":"","4":"","5":"","6":"","7":"","8":""}],"_links":{"self":[{"href":"https:\/\/buletin.de\/bucuresti\/wp-json\/wp\/v2\/posts\/76048","targetHints":{"allow":["GET"]}}],"collection":[{"href":"https:\/\/buletin.de\/bucuresti\/wp-json\/wp\/v2\/posts"}],"about":[{"href":"https:\/\/buletin.de\/bucuresti\/wp-json\/wp\/v2\/types\/post"}],"author":[{"embeddable":true,"href":"https:\/\/buletin.de\/bucuresti\/wp-json\/wp\/v2\/users\/47"}],"replies":[{"embeddable":true,"href":"https:\/\/buletin.de\/bucuresti\/wp-json\/wp\/v2\/comments?post=76048"}],"version-history":[{"count":3,"href":"https:\/\/buletin.de\/bucuresti\/wp-json\/wp\/v2\/posts\/76048\/revisions"}],"predecessor-version":[{"id":76056,"href":"https:\/\/buletin.de\/bucuresti\/wp-json\/wp\/v2\/posts\/76048\/revisions\/76056"}],"wp:featuredmedia":[{"embeddable":true,"href":"https:\/\/buletin.de\/bucuresti\/wp-json\/wp\/v2\/media\/76049"}],"wp:attachment":[{"href":"https:\/\/buletin.de\/bucuresti\/wp-json\/wp\/v2\/media?parent=76048"}],"wp:term":[{"taxonomy":"category","embeddable":true,"href":"https:\/\/buletin.de\/bucuresti\/wp-json\/wp\/v2\/categories?post=76048"},{"taxonomy":"post_tag","embeddable":true,"href":"https:\/\/buletin.de\/bucuresti\/wp-json\/wp\/v2\/tags?post=76048"},{"taxonomy":"author","embeddable":true,"href":"https:\/\/buletin.de\/bucuresti\/wp-json\/wp\/v2\/ppma_author?post=76048"}],"curies":[{"name":"wp","href":"https:\/\/api.w.org\/{rel}","templated":true}]}}