{"id":7581,"date":"2020-05-27T09:47:36","date_gmt":"2020-05-27T06:47:36","guid":{"rendered":"https:\/\/buletin.de\/bucuresti\/?p=7581"},"modified":"2020-05-27T10:37:51","modified_gmt":"2020-05-27T07:37:51","slug":"sub-1-dintre-romanii-vindecati-de-covid-19-au-donat-plasma-care-poate-trata-alti-pacienti-infectati-asociatiile-de-pacienti-cer-implicarea-ministerului-sanatatii","status":"publish","type":"post","link":"https:\/\/buletin.de\/bucuresti\/sub-1-dintre-romanii-vindecati-de-covid-19-au-donat-plasma-care-poate-trata-alti-pacienti-infectati-asociatiile-de-pacienti-cer-implicarea-ministerului-sanatatii\/","title":{"rendered":"Sub 1% dintre rom\u00e2nii vindeca\u021bi de COVID-19 au donat plasma care poate trata al\u021bi pacien\u021bi infecta\u021bi. Asocia\u021biile de pacien\u021bi cer implicarea Ministerului S\u0103n\u0103t\u0103\u021bii"},"content":{"rendered":"\n<p><strong>Plasma pacien\u021bilor cu coronavirus poate fi folosit\u0103 pentru tratamentul altor persoane infectate, \u00eens\u0103 mai pu\u021bin de 100 de rom\u00e2ni au donat plasm\u0103 convalescent\u0103, dintre cei peste 12.000 vindeca\u021bi \u0219i identifica\u021bi de Uniunea European\u0103 ca poten\u021biali donatori. Pentru urm\u0103torii pa\u0219i, de la promovarea don\u0103rii de plasm\u0103 \u0219i deblocarea birocra\u021biei din jurul acesteia, p\u00e2n\u0103 la construirea unei b\u0103nci na\u021bionale de plasm\u0103, Asocia\u021bia Pacien\u021bilor cu Boli Autoimune (APAA) \u0219i Asocia\u021bia Rom\u00e2n\u0103 a Pacien\u021bilor cu Imunodeficien\u021be Primare (ARPID) cer implicarea activ\u0103 a Ministerului S\u0103n\u0103t\u0103\u021bii .<\/strong><\/p>\n\n\n\n<p>P\u00e2n\u0103 acum, \u00een Rom\u00e2nia au primit tratamentul cu plasm\u0103 \u00een jur de 25 de persoane infectate cu COVID-19, \u00een 8 spitale din toat\u0103 \u021bara. Dintre acestea, 5 pacien\u021bi s-au vindecat de coronavirus \u00een urma tratamentului, 4 sunt din Bucure\u0219ti \u0219i unul este din Gala\u021bi.<\/p>\n\n\n\n<blockquote class=\"wp-block-quote is-layout-flow wp-block-quote-is-layout-flow\"><p>\u201eNu putem trage ni\u0219te concluzii\u2026 dar totu\u0219i putem s\u0103 spunem c\u0103 sunt cazuri raportate de colegii no\u0219tri din sec\u021biile ATI la care, dup\u0103 administrarea plasmei, au sesizat o ameliorare evident\u0103 a evolu\u021biei lor\u201d<\/p><cite>Profesor Doctor Dorel S\u0103ndesc, vice-pre\u0219edintele Societ\u0103\u021bii Rom\u00e2ne de Anestezie \u0219i Terapie Intensiv\u0103<\/cite><\/blockquote>\n\n\n\n<p>Plasma celor infecta\u021bi cu COVID-19, numit\u0103 \u0219i plasm\u0103 convalescent\u0103, con\u021bine anticorpi anti SARS-CoV-2 (COVID-19), proteine produse de sistemul imunitar pentru a neutraliza virusul. Nu exist\u0103 \u00eenc\u0103 studii definitive care s\u0103 demonstreze c\u0103 acest tratament duce la vindecare, \u00eens\u0103 transfuzia de astfel de plasm\u0103 poate da o m\u00e2n\u0103 de ajutor sistemului imunitar al altor pacien\u021bi infecta\u021bi, dar \u0219i sistemului na\u021bional de s\u0103n\u0103tate, p\u00e2n\u0103 la dezvoltarea unui vaccin.&nbsp;<\/p>\n\n\n\n<figure class=\"wp-block-image size-large\"><img fetchpriority=\"high\" decoding=\"async\" width=\"900\" height=\"528\" src=\"data:image\/gif;base64,R0lGODlhAQABAAAAACH5BAEKAAEALAAAAAABAAEAAAICTAEAOw==\" data-src=\"https:\/\/buletin.de\/bucuresti\/wp-content\/uploads\/Screen-Shot-2020-05-26-at-16.52.44-900x528.png\" alt=\"\" class=\"wp-image-7586 lazyload\" data-sizes=\"auto\" data-srcset=\"https:\/\/buletin.de\/bucuresti\/wp-content\/uploads\/Screen-Shot-2020-05-26-at-16.52.44-900x528.png 900w, https:\/\/buletin.de\/bucuresti\/wp-content\/uploads\/Screen-Shot-2020-05-26-at-16.52.44-600x352.png 600w, https:\/\/buletin.de\/bucuresti\/wp-content\/uploads\/Screen-Shot-2020-05-26-at-16.52.44-300x176.png 300w, https:\/\/buletin.de\/bucuresti\/wp-content\/uploads\/Screen-Shot-2020-05-26-at-16.52.44-768x450.png 768w, https:\/\/buletin.de\/bucuresti\/wp-content\/uploads\/Screen-Shot-2020-05-26-at-16.52.44-1536x901.png 1536w, https:\/\/buletin.de\/bucuresti\/wp-content\/uploads\/Screen-Shot-2020-05-26-at-16.52.44-1060x621.png 1060w, https:\/\/buletin.de\/bucuresti\/wp-content\/uploads\/Screen-Shot-2020-05-26-at-16.52.44-550x322.png 550w, https:\/\/buletin.de\/bucuresti\/wp-content\/uploads\/Screen-Shot-2020-05-26-at-16.52.44-853x500.png 853w, https:\/\/buletin.de\/bucuresti\/wp-content\/uploads\/Screen-Shot-2020-05-26-at-16.52.44-1920x1126.png 1920w, https:\/\/buletin.de\/bucuresti\/wp-content\/uploads\/Screen-Shot-2020-05-26-at-16.52.44-1842x1080.png 1842w, https:\/\/buletin.de\/bucuresti\/wp-content\/uploads\/Screen-Shot-2020-05-26-at-16.52.44.png 1958w\" sizes=\"(max-width: 900px) 100vw, 900px\" \/><figcaption>Sala Teatrului Elisabeta din Bucure\u0219ti cu tricouri albe pe scaune, simboliz\u00e2nd persoanele decedate de COVID-19, \u00eentr-un montaj video de con\u0219tientizare al nevoii tratamentului cu plasm\u0103, realizat de asocia\u021biile de pacien\u021bi. Num\u0103rul total de mor\u021bi de COVID-19 \u00een Rom\u00e2nia este de aproximativ 1.200 &#8211; echivalentul a patru s\u0103li de teatru.<\/figcaption><\/figure>\n\n\n\n<p><\/p>\n\n\n\n<p>Comisia European\u0103 a elaborat un ghid privind administrarea de plasm\u0103 convalescent\u0103 pentru a combate COVID-19, aprobat \u00een aprilie de toate \u021b\u0103rile membre, iar majoritatea \u021b\u0103rilor din Uniunea European\u0103 folosesc acest tratament. \u00cen Rom\u00e2nia, lucrurile \u00eenc\u0103 sunt la \u00eenceput, \u00eens\u0103 o dona\u021bie de 18 echipamente de colectare a plasmei din partea unei firme private reprezint\u0103 un prim pas important.&nbsp;<\/p>\n\n\n\n<h2 class=\"wp-block-heading\">Peste 12.000 de poten\u021biali donatori<\/h2>\n\n\n\n<p>Momentan, pentru a dona plasm\u0103 convalescent\u0103 \u00een Rom\u00e2nia, este necesar\u0103 dovada medical\u0103 c\u0103 donatorul a fost internat \u00een spital \u0219i vindecat de COVID-19. Ghidul european prevede \u00eens\u0103 ca orice persoan\u0103 care are anticorpi anti SARS-CoV-2 \u00een concentra\u021bie suficient de crescut\u0103 s\u0103 poat\u0103 dona plasm\u0103.<\/p>\n\n\n\n<blockquote class=\"wp-block-quote is-layout-flow wp-block-quote-is-layout-flow\"><p>\u201eDe fapt asta doneaz\u0103 ace\u0219ti oameni, anticorpi care neutralizez\u0103 virusul, nu dosarul cu \u0219in\u0103 \u00een care prezint\u0103 foaia de externare din spital\u201d<\/p><cite>Florin Hozoc, CEO Besmax Pharma Distribution, firma care a donat cele 18 echipamente de colectare a plasmei<\/cite><\/blockquote>\n\n\n\n<p>P\u00e2n\u0103 acum, au fost f\u0103cute mai pu\u021bin de 100 de don\u0103ri de plasm\u0103 convalescent\u0103 \u00een toat\u0103 Rom\u00e2nia. Conform criteriilor recomandate de Comisia European\u0103, \u00een jur de 12.000 de rom\u00e2ni, adic\u0103 num\u0103rul celor care s-au vindecat p\u00e2n\u0103 acum de coronavirus, sunt poten\u021biali donatori la nivel na\u021bional.&nbsp;<\/p>\n\n\n\n<div class=\"infogram-embed\" data-id=\"ab02aea4-1feb-4b87-9d47-85e9e301189c\" data-type=\"interactive\" data-title=\"Poten\u021biali donatori\"><\/div><script>!function(e,i,n,s){var t=\"InfogramEmbeds\",d=e.getElementsByTagName(\"script\")[0];if(window[t]&&window[t].initialized)window[t].process&&window[t].process();else if(!e.getElementById(n)){var o=e.createElement(\"script\");o.async=1,o.id=n,o.src=\"https:\/\/e.infogram.com\/js\/dist\/embed-loader-min.js\",d.parentNode.insertBefore(o,d)}}(document,0,\"infogram-async\");<\/script>\n\n\n\n<p><\/p>\n\n\n\n<p>Besmax Pharma Distribution, firma care a donat cele 18 echipamente de plasmafarez\u0103 spitalelor din \u021bar\u0103, procesul de filtrare a plasmei pentru tratament, a solicitat Ministerului S\u0103n\u0103t\u0103\u021bii s\u0103 modifice metodologia de colectare de plasm\u0103 la nivel na\u021bional, dup\u0103 modelul oferit de ghidul elaborat de Comisia European\u0103. Solicitarea este reluat\u0103 \u0219i de asocia\u021biile de pacien\u021bi APAA \u0219i ARPID.<\/p>\n\n\n\n<p>Besmex Pharma \u0219i Patronatul Furnizorilor Priva\u021bi de Servicii Medicale (PALMED) au \u00eencheiat un protocol prin care, al\u0103turi de al\u021bi sponsori, testeaz\u0103 persoane care au un motiv \u00eentemeiat s\u0103 cread\u0103 c\u0103 ar fi avut coronavirus \u0219i s-ar fi vindecat, chiar dac\u0103 nu au fost interna\u021bi, (cei care au fost asimptomatici, care au avut forme u\u0219oare sau cei care au avut contact direct cu pacien\u021bi confirma\u021bi care au fost interna\u021bi), pentru ca acestea s\u0103 poat\u0103 deveni poten\u021biali donatori.<\/p>\n\n\n\n<p>Dac\u0103 se confirm\u0103 prezen\u021ba anticorpilor, testul va fi decontat cu condi\u021bia ca persoana s\u0103 doneze plasm\u0103 convalescent\u0103.<\/p>\n\n\n\n<p>Pe l\u00e2ng\u0103 cele 18 echipamente, Besmex Pharma a mai oferit gratuit \u0219i 6.000 de kituri de recoltare, cu ajutorul c\u0103rora se pot recolta 18.000 doze de plasm\u0103 convalescent\u0103 de la donatorii vindeca\u021bi de COVID-19, conform comunicatului de pres\u0103 transmis de APAA \u0219i ARPID.  <\/p>\n\n\n\n<div class=\"infogram-embed\" data-id=\"edd39e02-f160-49e1-bc80-5a8032fad59e\" data-type=\"interactive\" data-title=\"Donatori doze\"><\/div><script>!function(e,i,n,s){var t=\"InfogramEmbeds\",d=e.getElementsByTagName(\"script\")[0];if(window[t]&&window[t].initialized)window[t].process&&window[t].process();else if(!e.getElementById(n)){var o=e.createElement(\"script\");o.async=1,o.id=n,o.src=\"https:\/\/e.infogram.com\/js\/dist\/embed-loader-min.js\",d.parentNode.insertBefore(o,d)}}(document,0,\"infogram-async\");<\/script>\n\n\n\n<p><\/p>\n\n\n\n<p>O doz\u0103 este suficient\u0103 pentru tratarea unui pacient cu COVID-19 \u00een stare mediu-grav\u0103, pe c\u00e2nd un pacient \u00een stare critic\u0103 are nevoie de cel pu\u021bin 2 doze.<\/p>\n\n\n\n<blockquote class=\"wp-block-quote is-layout-flow wp-block-quote-is-layout-flow\"><p>\u201ePe l\u00e2ng\u0103 l\u0103rgirea bazei de poten\u021biali donatori, (protocolul n.r.) nu arunc\u0103 povara test\u0103rii imunologice asupra sistemului public\u201d<\/p><cite> Dr. Lauren\u021biu Luca, reprezentant PALMED<\/cite><\/blockquote>\n\n\n\n<p>Besmex Pharma \u0219i PALMED ar avea posibilitatea s\u0103 deconteze p\u00e2n\u0103 la 4.500 de astfel de teste.<\/p>\n\n\n\n<p>Pentru extinderea num\u0103rului de donatori, este nevoie \u0219i de o campanie de informare la nivel mare cu privire la importan\u021ba acestui tip de tratament, coordonat\u0103 de Ministerul S\u0103n\u0103t\u0103\u021bii, se argumenteaz\u0103 \u00een comunicatul de pres\u0103 semnat de APAA \u0219i ARPID. Asocia\u021biile solicit\u0103 totodat\u0103 ca Ministerul s\u0103 comunice cet\u0103\u021benilor \u0219i localit\u0103\u021bile unde centrele de transfuzie au echipamentele necesare pentru recoltarea de plasm\u0103.<\/p>\n\n\n\n<h2 class=\"wp-block-heading\">Rom\u00e2nia acum \u201eare cu ce\u201d<\/h2>\n\n\n\n<p>Besmax Pharma a donat p\u00e2n\u0103 acum 18 echipamente de plasmafarez\u0103, procesul de filtrare a plasmei pentru tratament, \u00eempreun\u0103 cu 6000 de kituri de recoltare. Firma mai dore\u0219te s\u0103 ofere 32 de echipamente, \u00eens\u0103 a\u0219teapt\u0103 indica\u021bii de la Ministerul S\u0103n\u0103t\u0103\u021bii pentru a afla care sunt spitalele care au dot\u0103rile necesare pentru a opera aceste echipamente.<\/p>\n\n\n\n<blockquote class=\"wp-block-quote is-layout-flow wp-block-quote-is-layout-flow\"><p>\u201eUn lucru foarte important de luat \u00een calcul mai departe de c\u0103tre Ministerul S\u0103n\u0103t\u0103\u021bii este s\u0103 preg\u0103teasc\u0103 un depozit central, ceea ce noi numim <em>banca de plasm\u0103 convalescent\u0103<\/em>\u201d <\/p><cite>Florin Hozoc, CEO Firma Besmax Pharma Distribution<\/cite><\/blockquote>\n\n\n\n<p>\u021a\u0103ri precum Ungaria, care are un num\u0103r mai mic de cazuri dec\u00e2t Rom\u00e2nia, deja depoziteaz\u0103 plasm\u0103 convalescent\u0103, iar \u00een Italia se dezvolt\u0103 deja b\u0103nci regionale.<\/p>\n\n\n\n<p>Besmax Pharma pune gratuit la dispozi\u021bia Guvernului Rom\u00e2n echipamentele necesare pentru colectarea \u0219i depozitarea plasmei timp de 2 ani. \u00cen aceast\u0103 perioad\u0103, explic\u0103 Florin Hozoc, statul poate s\u0103 \u00ee\u0219i organizeze procedurile de achizi\u021bii publice \u0219i s\u0103 preg\u0103teasc\u0103 legisla\u021bia, pentru a putea oferi \u00een viitor tratamente cu plasm\u0103, dar \u0219i medicamente derivate din plasm\u0103 pacien\u021bilor.&nbsp;<\/p>\n\n\n\n<p>\u201e\u0218tim din anii trecu\u021bi c\u0103 au fost nenum\u0103rate crize de imunoglobulin\u0103 \u0219i de alte medicamente derivate din plasm\u0103, pentru c\u0103 Rom\u00e2nia se \u00eenc\u0103p\u0103\u021b\u00e2neaz\u0103 s\u0103 r\u0103m\u00e2n\u0103 ultima \u021bar\u0103 important\u0103, mare, din UE care nu colecteaz\u0103 plasm\u0103 pentru fabricarea de medicamente derivate din plasm\u0103\u201d, spune Florin Hozoc.&nbsp;<\/p>\n\n\n\n<p>\u201eNoi nu facem altceva dec\u00e2t s\u0103 tragem acest semnal de alarm\u0103 \u0219i s\u0103 ajut\u0103m statul rom\u00e2n s\u0103 aib\u0103 cu ce\u201d, adaug\u0103 acesta.<\/p>\n\n\n\n<p>Surs\u0103 foto: captur\u0103 ecran montaj video APAA, ARPID<\/p>\n","protected":false},"excerpt":{"rendered":"<p>Plasma pacien\u021bilor cu coronavirus poate fi folosit\u0103 pentru tratamentul altor persoane infectate, \u00eens\u0103 mai pu\u021bin de 100 de rom\u00e2ni au donat plasm\u0103 convalescent\u0103, dintre cei peste 12.000 vindeca\u021bi \u0219i identifica\u021bi de Uniunea European\u0103 ca poten\u021biali donatori. Pentru urm\u0103torii pa\u0219i, de la promovarea don\u0103rii de plasm\u0103 \u0219i deblocarea birocra\u021biei din jurul acesteia, p\u00e2n\u0103 la construirea unei [&hellip;]<\/p>\n","protected":false},"author":15,"featured_media":7591,"comment_status":"closed","ping_status":"open","sticky":false,"template":"","format":"standard","meta":{"_acf_changed":false,"inline_featured_image":false,"ngg_post_thumbnail":0,"footnotes":""},"categories":[996],"tags":[529,1023,1022,708],"ppma_author":[22592],"class_list":["post-7581","post","type-post","status-publish","format-standard","has-post-thumbnail","hentry","category-covid-19","tag-coronavirus","tag-donatie-plasma-coronavirus","tag-plasma-covid19","tag-testari"],"acf":[],"yoast_head":"<!-- This site is optimized with the Yoast SEO Premium plugin v25.3 (Yoast SEO v27.4) - https:\/\/yoast.com\/product\/yoast-seo-premium-wordpress\/ -->\n<title>Sub 1% dintre rom\u00e2nii vindeca\u021bi de COVID-19 au donat plasma care poate trata al\u021bi pacien\u021bi infecta\u021bi. Asocia\u021biile de pacien\u021bi cer implicarea Ministerului S\u0103n\u0103t\u0103\u021bii - Buletin de Bucure\u0219ti<\/title>\n<meta name=\"robots\" content=\"index, follow, max-snippet:-1, max-image-preview:large, max-video-preview:-1\" \/>\n<link rel=\"canonical\" href=\"https:\/\/buletin.de\/bucuresti\/sub-1-dintre-romanii-vindecati-de-covid-19-au-donat-plasma-care-poate-trata-alti-pacienti-infectati-asociatiile-de-pacienti-cer-implicarea-ministerului-sanatatii\/\" \/>\n<meta property=\"og:locale\" content=\"en_GB\" \/>\n<meta property=\"og:type\" content=\"article\" \/>\n<meta property=\"og:title\" content=\"Sub 1% dintre rom\u00e2nii vindeca\u021bi de COVID-19 au donat plasma care poate trata al\u021bi pacien\u021bi infecta\u021bi. Asocia\u021biile de pacien\u021bi cer implicarea Ministerului S\u0103n\u0103t\u0103\u021bii\" \/>\n<meta property=\"og:description\" content=\"Plasma pacien\u021bilor cu coronavirus poate fi folosit\u0103 pentru tratamentul altor persoane infectate, \u00eens\u0103 mai pu\u021bin de 100 de rom\u00e2ni au donat plasm\u0103 convalescent\u0103, dintre cei peste 12.000 vindeca\u021bi \u0219i identifica\u021bi de Uniunea European\u0103 ca poten\u021biali donatori. Pentru urm\u0103torii pa\u0219i, de la promovarea don\u0103rii de plasm\u0103 \u0219i deblocarea birocra\u021biei din jurul acesteia, p\u00e2n\u0103 la construirea unei [&hellip;]\" \/>\n<meta property=\"og:url\" content=\"https:\/\/buletin.de\/bucuresti\/sub-1-dintre-romanii-vindecati-de-covid-19-au-donat-plasma-care-poate-trata-alti-pacienti-infectati-asociatiile-de-pacienti-cer-implicarea-ministerului-sanatatii\/\" \/>\n<meta property=\"og:site_name\" content=\"Buletin de Bucure\u0219ti\" \/>\n<meta property=\"article:publisher\" content=\"https:\/\/www.facebook.com\/buletin.de.buc\" \/>\n<meta property=\"article:published_time\" content=\"2020-05-27T06:47:36+00:00\" \/>\n<meta property=\"article:modified_time\" content=\"2020-05-27T07:37:51+00:00\" \/>\n<meta property=\"og:image\" content=\"https:\/\/buletin.de\/bucuresti\/wp-content\/uploads\/Screen-Shot-2020-05-27-at-01.04.15.png\" \/>\n\t<meta property=\"og:image:width\" content=\"1418\" \/>\n\t<meta property=\"og:image:height\" content=\"1072\" \/>\n\t<meta property=\"og:image:type\" content=\"image\/png\" \/>\n<meta name=\"author\" content=\"Irina Anghel\" \/>\n<meta name=\"twitter:card\" content=\"summary_large_image\" \/>\n<meta name=\"twitter:label1\" content=\"Written by\" \/>\n\t<meta name=\"twitter:data1\" content=\"Irina Anghel\" \/>\n\t<meta name=\"twitter:label2\" content=\"Estimated reading time\" \/>\n\t<meta name=\"twitter:data2\" content=\"6 minutes\" \/>\n<script type=\"application\/ld+json\" class=\"yoast-schema-graph\">{\"@context\":\"https:\\\/\\\/schema.org\",\"@graph\":[{\"@type\":\"Article\",\"@id\":\"https:\\\/\\\/buletin.de\\\/bucuresti\\\/sub-1-dintre-romanii-vindecati-de-covid-19-au-donat-plasma-care-poate-trata-alti-pacienti-infectati-asociatiile-de-pacienti-cer-implicarea-ministerului-sanatatii\\\/#article\",\"isPartOf\":{\"@id\":\"https:\\\/\\\/buletin.de\\\/bucuresti\\\/sub-1-dintre-romanii-vindecati-de-covid-19-au-donat-plasma-care-poate-trata-alti-pacienti-infectati-asociatiile-de-pacienti-cer-implicarea-ministerului-sanatatii\\\/\"},\"author\":{\"name\":\"Irina Anghel\",\"@id\":\"https:\\\/\\\/buletin.de\\\/bucuresti\\\/#\\\/schema\\\/person\\\/7a01591ad05c4d2c7261fe7f0383d2af\"},\"headline\":\"Sub 1% dintre rom\u00e2nii vindeca\u021bi de COVID-19 au donat plasma care poate trata al\u021bi pacien\u021bi infecta\u021bi. Asocia\u021biile de pacien\u021bi cer implicarea Ministerului S\u0103n\u0103t\u0103\u021bii\",\"datePublished\":\"2020-05-27T06:47:36+00:00\",\"dateModified\":\"2020-05-27T07:37:51+00:00\",\"mainEntityOfPage\":{\"@id\":\"https:\\\/\\\/buletin.de\\\/bucuresti\\\/sub-1-dintre-romanii-vindecati-de-covid-19-au-donat-plasma-care-poate-trata-alti-pacienti-infectati-asociatiile-de-pacienti-cer-implicarea-ministerului-sanatatii\\\/\"},\"wordCount\":1196,\"publisher\":{\"@id\":\"https:\\\/\\\/buletin.de\\\/bucuresti\\\/#organization\"},\"image\":{\"@id\":\"https:\\\/\\\/buletin.de\\\/bucuresti\\\/sub-1-dintre-romanii-vindecati-de-covid-19-au-donat-plasma-care-poate-trata-alti-pacienti-infectati-asociatiile-de-pacienti-cer-implicarea-ministerului-sanatatii\\\/#primaryimage\"},\"thumbnailUrl\":\"https:\\\/\\\/buletin.de\\\/bucuresti\\\/wp-content\\\/uploads\\\/Screen-Shot-2020-05-27-at-01.04.15.png\",\"keywords\":[\"coronavirus\",\"donatie plasma coronavirus\",\"plasma covid19\",\"testari\"],\"articleSection\":[\"Covid-19\"],\"inLanguage\":\"en-GB\",\"copyrightYear\":\"2020\",\"copyrightHolder\":{\"@id\":\"https:\\\/\\\/buletin.de\\\/bucuresti\\\/#organization\"}},{\"@type\":\"WebPage\",\"@id\":\"https:\\\/\\\/buletin.de\\\/bucuresti\\\/sub-1-dintre-romanii-vindecati-de-covid-19-au-donat-plasma-care-poate-trata-alti-pacienti-infectati-asociatiile-de-pacienti-cer-implicarea-ministerului-sanatatii\\\/\",\"url\":\"https:\\\/\\\/buletin.de\\\/bucuresti\\\/sub-1-dintre-romanii-vindecati-de-covid-19-au-donat-plasma-care-poate-trata-alti-pacienti-infectati-asociatiile-de-pacienti-cer-implicarea-ministerului-sanatatii\\\/\",\"name\":\"Sub 1% dintre rom\u00e2nii vindeca\u021bi de COVID-19 au donat plasma care poate trata al\u021bi pacien\u021bi infecta\u021bi. Asocia\u021biile de pacien\u021bi cer implicarea Ministerului S\u0103n\u0103t\u0103\u021bii - Buletin de Bucure\u0219ti\",\"isPartOf\":{\"@id\":\"https:\\\/\\\/buletin.de\\\/bucuresti\\\/#website\"},\"primaryImageOfPage\":{\"@id\":\"https:\\\/\\\/buletin.de\\\/bucuresti\\\/sub-1-dintre-romanii-vindecati-de-covid-19-au-donat-plasma-care-poate-trata-alti-pacienti-infectati-asociatiile-de-pacienti-cer-implicarea-ministerului-sanatatii\\\/#primaryimage\"},\"image\":{\"@id\":\"https:\\\/\\\/buletin.de\\\/bucuresti\\\/sub-1-dintre-romanii-vindecati-de-covid-19-au-donat-plasma-care-poate-trata-alti-pacienti-infectati-asociatiile-de-pacienti-cer-implicarea-ministerului-sanatatii\\\/#primaryimage\"},\"thumbnailUrl\":\"https:\\\/\\\/buletin.de\\\/bucuresti\\\/wp-content\\\/uploads\\\/Screen-Shot-2020-05-27-at-01.04.15.png\",\"datePublished\":\"2020-05-27T06:47:36+00:00\",\"dateModified\":\"2020-05-27T07:37:51+00:00\",\"breadcrumb\":{\"@id\":\"https:\\\/\\\/buletin.de\\\/bucuresti\\\/sub-1-dintre-romanii-vindecati-de-covid-19-au-donat-plasma-care-poate-trata-alti-pacienti-infectati-asociatiile-de-pacienti-cer-implicarea-ministerului-sanatatii\\\/#breadcrumb\"},\"inLanguage\":\"en-GB\",\"potentialAction\":[{\"@type\":\"ReadAction\",\"target\":[\"https:\\\/\\\/buletin.de\\\/bucuresti\\\/sub-1-dintre-romanii-vindecati-de-covid-19-au-donat-plasma-care-poate-trata-alti-pacienti-infectati-asociatiile-de-pacienti-cer-implicarea-ministerului-sanatatii\\\/\"]}]},{\"@type\":\"ImageObject\",\"inLanguage\":\"en-GB\",\"@id\":\"https:\\\/\\\/buletin.de\\\/bucuresti\\\/sub-1-dintre-romanii-vindecati-de-covid-19-au-donat-plasma-care-poate-trata-alti-pacienti-infectati-asociatiile-de-pacienti-cer-implicarea-ministerului-sanatatii\\\/#primaryimage\",\"url\":\"https:\\\/\\\/buletin.de\\\/bucuresti\\\/wp-content\\\/uploads\\\/Screen-Shot-2020-05-27-at-01.04.15.png\",\"contentUrl\":\"https:\\\/\\\/buletin.de\\\/bucuresti\\\/wp-content\\\/uploads\\\/Screen-Shot-2020-05-27-at-01.04.15.png\",\"width\":1418,\"height\":1072},{\"@type\":\"BreadcrumbList\",\"@id\":\"https:\\\/\\\/buletin.de\\\/bucuresti\\\/sub-1-dintre-romanii-vindecati-de-covid-19-au-donat-plasma-care-poate-trata-alti-pacienti-infectati-asociatiile-de-pacienti-cer-implicarea-ministerului-sanatatii\\\/#breadcrumb\",\"itemListElement\":[{\"@type\":\"ListItem\",\"position\":1,\"name\":\"Acas\u0103\",\"item\":\"https:\\\/\\\/buletin.de\\\/bucuresti\\\/\"},{\"@type\":\"ListItem\",\"position\":2,\"name\":\"Sub 1% dintre rom\u00e2nii vindeca\u021bi de COVID-19 au donat plasma care poate trata al\u021bi pacien\u021bi infecta\u021bi. Asocia\u021biile de pacien\u021bi cer implicarea Ministerului S\u0103n\u0103t\u0103\u021bii\"}]},{\"@type\":\"WebSite\",\"@id\":\"https:\\\/\\\/buletin.de\\\/bucuresti\\\/#website\",\"url\":\"https:\\\/\\\/buletin.de\\\/bucuresti\\\/\",\"name\":\"Buletin de Bucure\u0219ti\",\"description\":\"\u0218tiri \u0219i investiga\u021bii esen\u021biale din capital\u0103\",\"publisher\":{\"@id\":\"https:\\\/\\\/buletin.de\\\/bucuresti\\\/#organization\"},\"potentialAction\":[{\"@type\":\"SearchAction\",\"target\":{\"@type\":\"EntryPoint\",\"urlTemplate\":\"https:\\\/\\\/buletin.de\\\/bucuresti\\\/?s={search_term_string}\"},\"query-input\":{\"@type\":\"PropertyValueSpecification\",\"valueRequired\":true,\"valueName\":\"search_term_string\"}}],\"inLanguage\":\"en-GB\"},{\"@type\":\"Organization\",\"@id\":\"https:\\\/\\\/buletin.de\\\/bucuresti\\\/#organization\",\"name\":\"Buletin de Bucure\u0219ti\",\"url\":\"https:\\\/\\\/buletin.de\\\/bucuresti\\\/\",\"logo\":{\"@type\":\"ImageObject\",\"inLanguage\":\"en-GB\",\"@id\":\"https:\\\/\\\/buletin.de\\\/bucuresti\\\/#\\\/schema\\\/logo\\\/image\\\/\",\"url\":\"https:\\\/\\\/buletin.de\\\/bucuresti\\\/wp-content\\\/uploads\\\/logo-bdb-full-wide-vernil-transparent.png\",\"contentUrl\":\"https:\\\/\\\/buletin.de\\\/bucuresti\\\/wp-content\\\/uploads\\\/logo-bdb-full-wide-vernil-transparent.png\",\"width\":1782,\"height\":626,\"caption\":\"Buletin de Bucure\u0219ti\"},\"image\":{\"@id\":\"https:\\\/\\\/buletin.de\\\/bucuresti\\\/#\\\/schema\\\/logo\\\/image\\\/\"},\"sameAs\":[\"https:\\\/\\\/www.facebook.com\\\/buletin.de.buc\",\"https:\\\/\\\/www.instagram.com\\\/buletinde.bucuresti\\\/\"]},{\"@type\":\"Person\",\"@id\":\"https:\\\/\\\/buletin.de\\\/bucuresti\\\/#\\\/schema\\\/person\\\/7a01591ad05c4d2c7261fe7f0383d2af\",\"name\":\"Irina Anghel\",\"image\":{\"@type\":\"ImageObject\",\"inLanguage\":\"en-GB\",\"@id\":\"https:\\\/\\\/secure.gravatar.com\\\/avatar\\\/e7d429cbd0c7fe915f817961c0ffb96b407bc87e15aa35cee85f77146f8cce7e?s=96&d=monsterid&r=g693374df2a66e3f4935d210ea15b95ff\",\"url\":\"https:\\\/\\\/secure.gravatar.com\\\/avatar\\\/e7d429cbd0c7fe915f817961c0ffb96b407bc87e15aa35cee85f77146f8cce7e?s=96&d=monsterid&r=g\",\"contentUrl\":\"https:\\\/\\\/secure.gravatar.com\\\/avatar\\\/e7d429cbd0c7fe915f817961c0ffb96b407bc87e15aa35cee85f77146f8cce7e?s=96&d=monsterid&r=g\",\"caption\":\"Irina Anghel\"},\"url\":\"https:\\\/\\\/buletin.de\\\/bucuresti\\\/author\\\/irina\\\/\"}]}<\/script>\n<!-- \/ Yoast SEO Premium plugin. -->","yoast_head_json":{"title":"Sub 1% dintre rom\u00e2nii vindeca\u021bi de COVID-19 au donat plasma care poate trata al\u021bi pacien\u021bi infecta\u021bi. Asocia\u021biile de pacien\u021bi cer implicarea Ministerului S\u0103n\u0103t\u0103\u021bii - Buletin de Bucure\u0219ti","robots":{"index":"index","follow":"follow","max-snippet":"max-snippet:-1","max-image-preview":"max-image-preview:large","max-video-preview":"max-video-preview:-1"},"canonical":"https:\/\/buletin.de\/bucuresti\/sub-1-dintre-romanii-vindecati-de-covid-19-au-donat-plasma-care-poate-trata-alti-pacienti-infectati-asociatiile-de-pacienti-cer-implicarea-ministerului-sanatatii\/","og_locale":"en_GB","og_type":"article","og_title":"Sub 1% dintre rom\u00e2nii vindeca\u021bi de COVID-19 au donat plasma care poate trata al\u021bi pacien\u021bi infecta\u021bi. Asocia\u021biile de pacien\u021bi cer implicarea Ministerului S\u0103n\u0103t\u0103\u021bii","og_description":"Plasma pacien\u021bilor cu coronavirus poate fi folosit\u0103 pentru tratamentul altor persoane infectate, \u00eens\u0103 mai pu\u021bin de 100 de rom\u00e2ni au donat plasm\u0103 convalescent\u0103, dintre cei peste 12.000 vindeca\u021bi \u0219i identifica\u021bi de Uniunea European\u0103 ca poten\u021biali donatori. Pentru urm\u0103torii pa\u0219i, de la promovarea don\u0103rii de plasm\u0103 \u0219i deblocarea birocra\u021biei din jurul acesteia, p\u00e2n\u0103 la construirea unei [&hellip;]","og_url":"https:\/\/buletin.de\/bucuresti\/sub-1-dintre-romanii-vindecati-de-covid-19-au-donat-plasma-care-poate-trata-alti-pacienti-infectati-asociatiile-de-pacienti-cer-implicarea-ministerului-sanatatii\/","og_site_name":"Buletin de Bucure\u0219ti","article_publisher":"https:\/\/www.facebook.com\/buletin.de.buc","article_published_time":"2020-05-27T06:47:36+00:00","article_modified_time":"2020-05-27T07:37:51+00:00","og_image":[{"width":1418,"height":1072,"url":"https:\/\/buletin.de\/bucuresti\/wp-content\/uploads\/Screen-Shot-2020-05-27-at-01.04.15.png","type":"image\/png"}],"author":"Irina Anghel","twitter_card":"summary_large_image","twitter_misc":{"Written by":"Irina Anghel","Estimated reading time":"6 minutes"},"schema":{"@context":"https:\/\/schema.org","@graph":[{"@type":"Article","@id":"https:\/\/buletin.de\/bucuresti\/sub-1-dintre-romanii-vindecati-de-covid-19-au-donat-plasma-care-poate-trata-alti-pacienti-infectati-asociatiile-de-pacienti-cer-implicarea-ministerului-sanatatii\/#article","isPartOf":{"@id":"https:\/\/buletin.de\/bucuresti\/sub-1-dintre-romanii-vindecati-de-covid-19-au-donat-plasma-care-poate-trata-alti-pacienti-infectati-asociatiile-de-pacienti-cer-implicarea-ministerului-sanatatii\/"},"author":{"name":"Irina Anghel","@id":"https:\/\/buletin.de\/bucuresti\/#\/schema\/person\/7a01591ad05c4d2c7261fe7f0383d2af"},"headline":"Sub 1% dintre rom\u00e2nii vindeca\u021bi de COVID-19 au donat plasma care poate trata al\u021bi pacien\u021bi infecta\u021bi. Asocia\u021biile de pacien\u021bi cer implicarea Ministerului S\u0103n\u0103t\u0103\u021bii","datePublished":"2020-05-27T06:47:36+00:00","dateModified":"2020-05-27T07:37:51+00:00","mainEntityOfPage":{"@id":"https:\/\/buletin.de\/bucuresti\/sub-1-dintre-romanii-vindecati-de-covid-19-au-donat-plasma-care-poate-trata-alti-pacienti-infectati-asociatiile-de-pacienti-cer-implicarea-ministerului-sanatatii\/"},"wordCount":1196,"publisher":{"@id":"https:\/\/buletin.de\/bucuresti\/#organization"},"image":{"@id":"https:\/\/buletin.de\/bucuresti\/sub-1-dintre-romanii-vindecati-de-covid-19-au-donat-plasma-care-poate-trata-alti-pacienti-infectati-asociatiile-de-pacienti-cer-implicarea-ministerului-sanatatii\/#primaryimage"},"thumbnailUrl":"https:\/\/buletin.de\/bucuresti\/wp-content\/uploads\/Screen-Shot-2020-05-27-at-01.04.15.png","keywords":["coronavirus","donatie plasma coronavirus","plasma covid19","testari"],"articleSection":["Covid-19"],"inLanguage":"en-GB","copyrightYear":"2020","copyrightHolder":{"@id":"https:\/\/buletin.de\/bucuresti\/#organization"}},{"@type":"WebPage","@id":"https:\/\/buletin.de\/bucuresti\/sub-1-dintre-romanii-vindecati-de-covid-19-au-donat-plasma-care-poate-trata-alti-pacienti-infectati-asociatiile-de-pacienti-cer-implicarea-ministerului-sanatatii\/","url":"https:\/\/buletin.de\/bucuresti\/sub-1-dintre-romanii-vindecati-de-covid-19-au-donat-plasma-care-poate-trata-alti-pacienti-infectati-asociatiile-de-pacienti-cer-implicarea-ministerului-sanatatii\/","name":"Sub 1% dintre rom\u00e2nii vindeca\u021bi de COVID-19 au donat plasma care poate trata al\u021bi pacien\u021bi infecta\u021bi. Asocia\u021biile de pacien\u021bi cer implicarea Ministerului S\u0103n\u0103t\u0103\u021bii - Buletin de Bucure\u0219ti","isPartOf":{"@id":"https:\/\/buletin.de\/bucuresti\/#website"},"primaryImageOfPage":{"@id":"https:\/\/buletin.de\/bucuresti\/sub-1-dintre-romanii-vindecati-de-covid-19-au-donat-plasma-care-poate-trata-alti-pacienti-infectati-asociatiile-de-pacienti-cer-implicarea-ministerului-sanatatii\/#primaryimage"},"image":{"@id":"https:\/\/buletin.de\/bucuresti\/sub-1-dintre-romanii-vindecati-de-covid-19-au-donat-plasma-care-poate-trata-alti-pacienti-infectati-asociatiile-de-pacienti-cer-implicarea-ministerului-sanatatii\/#primaryimage"},"thumbnailUrl":"https:\/\/buletin.de\/bucuresti\/wp-content\/uploads\/Screen-Shot-2020-05-27-at-01.04.15.png","datePublished":"2020-05-27T06:47:36+00:00","dateModified":"2020-05-27T07:37:51+00:00","breadcrumb":{"@id":"https:\/\/buletin.de\/bucuresti\/sub-1-dintre-romanii-vindecati-de-covid-19-au-donat-plasma-care-poate-trata-alti-pacienti-infectati-asociatiile-de-pacienti-cer-implicarea-ministerului-sanatatii\/#breadcrumb"},"inLanguage":"en-GB","potentialAction":[{"@type":"ReadAction","target":["https:\/\/buletin.de\/bucuresti\/sub-1-dintre-romanii-vindecati-de-covid-19-au-donat-plasma-care-poate-trata-alti-pacienti-infectati-asociatiile-de-pacienti-cer-implicarea-ministerului-sanatatii\/"]}]},{"@type":"ImageObject","inLanguage":"en-GB","@id":"https:\/\/buletin.de\/bucuresti\/sub-1-dintre-romanii-vindecati-de-covid-19-au-donat-plasma-care-poate-trata-alti-pacienti-infectati-asociatiile-de-pacienti-cer-implicarea-ministerului-sanatatii\/#primaryimage","url":"https:\/\/buletin.de\/bucuresti\/wp-content\/uploads\/Screen-Shot-2020-05-27-at-01.04.15.png","contentUrl":"https:\/\/buletin.de\/bucuresti\/wp-content\/uploads\/Screen-Shot-2020-05-27-at-01.04.15.png","width":1418,"height":1072},{"@type":"BreadcrumbList","@id":"https:\/\/buletin.de\/bucuresti\/sub-1-dintre-romanii-vindecati-de-covid-19-au-donat-plasma-care-poate-trata-alti-pacienti-infectati-asociatiile-de-pacienti-cer-implicarea-ministerului-sanatatii\/#breadcrumb","itemListElement":[{"@type":"ListItem","position":1,"name":"Acas\u0103","item":"https:\/\/buletin.de\/bucuresti\/"},{"@type":"ListItem","position":2,"name":"Sub 1% dintre rom\u00e2nii vindeca\u021bi de COVID-19 au donat plasma care poate trata al\u021bi pacien\u021bi infecta\u021bi. Asocia\u021biile de pacien\u021bi cer implicarea Ministerului S\u0103n\u0103t\u0103\u021bii"}]},{"@type":"WebSite","@id":"https:\/\/buletin.de\/bucuresti\/#website","url":"https:\/\/buletin.de\/bucuresti\/","name":"Buletin de Bucure\u0219ti","description":"\u0218tiri \u0219i investiga\u021bii esen\u021biale din capital\u0103","publisher":{"@id":"https:\/\/buletin.de\/bucuresti\/#organization"},"potentialAction":[{"@type":"SearchAction","target":{"@type":"EntryPoint","urlTemplate":"https:\/\/buletin.de\/bucuresti\/?s={search_term_string}"},"query-input":{"@type":"PropertyValueSpecification","valueRequired":true,"valueName":"search_term_string"}}],"inLanguage":"en-GB"},{"@type":"Organization","@id":"https:\/\/buletin.de\/bucuresti\/#organization","name":"Buletin de Bucure\u0219ti","url":"https:\/\/buletin.de\/bucuresti\/","logo":{"@type":"ImageObject","inLanguage":"en-GB","@id":"https:\/\/buletin.de\/bucuresti\/#\/schema\/logo\/image\/","url":"https:\/\/buletin.de\/bucuresti\/wp-content\/uploads\/logo-bdb-full-wide-vernil-transparent.png","contentUrl":"https:\/\/buletin.de\/bucuresti\/wp-content\/uploads\/logo-bdb-full-wide-vernil-transparent.png","width":1782,"height":626,"caption":"Buletin de Bucure\u0219ti"},"image":{"@id":"https:\/\/buletin.de\/bucuresti\/#\/schema\/logo\/image\/"},"sameAs":["https:\/\/www.facebook.com\/buletin.de.buc","https:\/\/www.instagram.com\/buletinde.bucuresti\/"]},{"@type":"Person","@id":"https:\/\/buletin.de\/bucuresti\/#\/schema\/person\/7a01591ad05c4d2c7261fe7f0383d2af","name":"Irina Anghel","image":{"@type":"ImageObject","inLanguage":"en-GB","@id":"https:\/\/secure.gravatar.com\/avatar\/e7d429cbd0c7fe915f817961c0ffb96b407bc87e15aa35cee85f77146f8cce7e?s=96&d=monsterid&r=g693374df2a66e3f4935d210ea15b95ff","url":"https:\/\/secure.gravatar.com\/avatar\/e7d429cbd0c7fe915f817961c0ffb96b407bc87e15aa35cee85f77146f8cce7e?s=96&d=monsterid&r=g","contentUrl":"https:\/\/secure.gravatar.com\/avatar\/e7d429cbd0c7fe915f817961c0ffb96b407bc87e15aa35cee85f77146f8cce7e?s=96&d=monsterid&r=g","caption":"Irina Anghel"},"url":"https:\/\/buletin.de\/bucuresti\/author\/irina\/"}]}},"authors":[{"term_id":22592,"user_id":15,"is_guest":0,"slug":"irina","display_name":"Irina Anghel","avatar_url":"https:\/\/secure.gravatar.com\/avatar\/e7d429cbd0c7fe915f817961c0ffb96b407bc87e15aa35cee85f77146f8cce7e?s=96&d=monsterid&r=g","0":null,"1":"","2":"","3":"","4":"","5":"","6":"","7":"","8":""}],"_links":{"self":[{"href":"https:\/\/buletin.de\/bucuresti\/wp-json\/wp\/v2\/posts\/7581","targetHints":{"allow":["GET"]}}],"collection":[{"href":"https:\/\/buletin.de\/bucuresti\/wp-json\/wp\/v2\/posts"}],"about":[{"href":"https:\/\/buletin.de\/bucuresti\/wp-json\/wp\/v2\/types\/post"}],"author":[{"embeddable":true,"href":"https:\/\/buletin.de\/bucuresti\/wp-json\/wp\/v2\/users\/15"}],"replies":[{"embeddable":true,"href":"https:\/\/buletin.de\/bucuresti\/wp-json\/wp\/v2\/comments?post=7581"}],"version-history":[{"count":18,"href":"https:\/\/buletin.de\/bucuresti\/wp-json\/wp\/v2\/posts\/7581\/revisions"}],"predecessor-version":[{"id":7605,"href":"https:\/\/buletin.de\/bucuresti\/wp-json\/wp\/v2\/posts\/7581\/revisions\/7605"}],"wp:featuredmedia":[{"embeddable":true,"href":"https:\/\/buletin.de\/bucuresti\/wp-json\/wp\/v2\/media\/7591"}],"wp:attachment":[{"href":"https:\/\/buletin.de\/bucuresti\/wp-json\/wp\/v2\/media?parent=7581"}],"wp:term":[{"taxonomy":"category","embeddable":true,"href":"https:\/\/buletin.de\/bucuresti\/wp-json\/wp\/v2\/categories?post=7581"},{"taxonomy":"post_tag","embeddable":true,"href":"https:\/\/buletin.de\/bucuresti\/wp-json\/wp\/v2\/tags?post=7581"},{"taxonomy":"author","embeddable":true,"href":"https:\/\/buletin.de\/bucuresti\/wp-json\/wp\/v2\/ppma_author?post=7581"}],"curies":[{"name":"wp","href":"https:\/\/api.w.org\/{rel}","templated":true}]}}