{"id":75785,"date":"2024-01-29T16:00:54","date_gmt":"2024-01-29T14:00:54","guid":{"rendered":"https:\/\/buletin.de\/bucuresti\/?p=75785"},"modified":"2024-01-29T16:00:54","modified_gmt":"2024-01-29T14:00:54","slug":"sector-1-proiectul-lifturilor-a-trecut-dupa-ore-intregi-de-scandal-cu-doua-amendamente-radicale","status":"publish","type":"post","link":"https:\/\/buletin.de\/bucuresti\/sector-1-proiectul-lifturilor-a-trecut-dupa-ore-intregi-de-scandal-cu-doua-amendamente-radicale\/","title":{"rendered":"Sector 1 | Proiectul lifturilor a trecut, dup\u0103 ore \u00eentregi de scandal, cu dou\u0103 amendamente radicale"},"content":{"rendered":"\n<p><strong>Proiectul care prevede schimbarea lifturilor vechi,  termoficare cu pompe de c\u0103ldur\u0103 \u015fi panouri fotovoltaice a trecut de votul consilierilor locali de la Sectorul 1. \u00cens\u0103 hot\u0103r\u00e2rea are dou\u0103 amendamente formulate de liberali care schimb\u0103 radical proiectul, \u00een ceea ce prive\u015fte modalitatea de implementare \u015fi sursa de finan\u0163are. \u00cen actuala formul\u0103, a fost votat de PSD \u015fi PNL, iar consilierii locali USR \u015fi PMP s-au ab\u0163inut.<\/strong><\/p>\n\n\n\n<p>A fost o nou\u0103 \u015fedin\u0163\u0103 cu scandal la Sectorul 1, care a \u00eenceput cu dou\u0103 ore de explica\u0163ii ale primarului, contre acide, lu\u0103ri de cuv\u00e2nt ale cet\u0103\u0163enilor prezen\u0163i \u015fi mul\u0163i nervi. <\/p>\n\n\n\n<figure class=\"wp-block-embed is-type-video is-provider-youtube wp-block-embed-youtube wp-embed-aspect-16-9 wp-has-aspect-ratio\"><div class=\"wp-block-embed__wrapper\">\n<div class=\"jlvid_container\"><iframe title=\"\u0218edin\u021ba ordinar\u0103 a CLS1  din data de 29.01.2024 ora 10:00\" width=\"1200\" height=\"675\" src=\"https:\/\/www.youtube.com\/embed\/y78-u4wd_mM?feature=oembed\" frameborder=\"0\" allow=\"accelerometer; autoplay; clipboard-write; encrypted-media; gyroscope; picture-in-picture; web-share\" allowfullscreen><\/iframe><\/div>\n<\/div><\/figure>\n\n\n\n<p>Proiectul, de\u015fi de departe cel mai controversat de pe ordinea de zi, a fost l\u0103sat printre ultimele. \u00cenainte s\u0103 intre la vot, consilierul liberal Gheorghe Dinu a propus dou\u0103 amendamente, care au fost adoptate, datorit\u0103 majorit\u0103\u0163ii PSD-PNL:<\/p>\n\n\n\n<ul class=\"wp-block-list\">\n<li><em>Se mandateaz\u0103 Primarul Sectorului 1 ca, \u00een termen de 30 de zile de la adoptarea prezentei Hot\u0103r\u00e2ri de Consiliu Local s\u0103 pun\u0103 \u00een aplicare prevederile Ordonan\u0163ei de Urgen\u0163\u0103 a Guvernului 18\/2009 privind cre\u015fterea performan\u0163ei energetice a blocurilor de locuin\u0163e pentru implementarea obiectivului Rabla pentru Ascensoare. Motiva\u0163ie amendament &#8211; obliga\u0163ia moderniz\u0103rii ascensoarelor este a Prim\u0103riei, ca autoritate public\u0103 local\u0103, cu obliga\u0163ie c\u0103tre cet\u0103\u0163eni. Amendamentul exonereaz\u0103 de r\u0103spundere asocia\u0163iile de proprietari care, potrivit legii, nu pot avea calitatea de autoritate contractant\u0103, fiind vorba de sume alocate de sume de la bugetul local cu regim de autoritate public\u0103;<\/em><\/li>\n\n\n\n<li><em>Se mandateaz\u0103 Primarul Sectorului 1 s\u0103 identifice surse de finan\u0163are din fonduri europene nerambursabile. Cheltuielile neeligibile vor fi suportate de la bugetul local al Sectorului 1.<\/em><\/li>\n<\/ul>\n\n\n\n<p>Reamintim, Clotilde Armand ar fi vrut ca acest proiect s\u0103 se realizeze cu fonduri de la prim\u0103rie, \u00eens\u0103 consilierii care i se opun au spus \u00een repetate r\u00e2nduri c\u0103 ar trebui folosite fonduri europene. Mai mult, \u00een proiectul ini\u0163ial, fiecare asocia\u0163ie de proprietari s-ar fi ocupat de achizi\u0163ia noilor lifturi, urm\u00e2nd s\u0103 primeasc\u0103 ulterior realiz\u0103rii proiectului banii de la Prim\u0103rie. Acest mod de lucru a fost puternic contestat de PSD \u015fi PNL.<\/p>\n\n\n\n<p><\/p>\n\n\n\n<p><strong>CITE\u015eTE \u015eI: <\/strong><\/p>\n\n\n\n<figure class=\"wp-block-embed is-type-wp-embed is-provider-buletin-de-bucure-ti wp-block-embed-buletin-de-bucure-ti\"><div class=\"wp-block-embed__wrapper\">\n<blockquote class=\"wp-embedded-content\" data-secret=\"VcTHCCNuog\"><a href=\"https:\/\/buletin.de\/bucuresti\/sector-1-scandal-urias-in-sedinta-de-consiliu-local-pe-tema-schimbarii-lifturilor-vechi-miza-100-de-milioane-de-euro\/\">Sector 1 | Scandal uria\u015f \u00een \u015fedin\u0163a de consiliu local, pe tema schimb\u0103rii lifturilor vechi. Miza: 100 de milioane de euro<\/a><\/blockquote><iframe class=\"wp-embedded-content\" sandbox=\"allow-scripts\" security=\"restricted\" style=\"position: absolute; clip: rect(1px, 1px, 1px, 1px);\" title=\"&#8220;Sector 1 | Scandal uria\u015f \u00een \u015fedin\u0163a de consiliu local, pe tema schimb\u0103rii lifturilor vechi. Miza: 100 de milioane de euro&#8221; &#8212; Buletin de Bucure\u0219ti\" src=\"https:\/\/buletin.de\/bucuresti\/sector-1-scandal-urias-in-sedinta-de-consiliu-local-pe-tema-schimbarii-lifturilor-vechi-miza-100-de-milioane-de-euro\/embed\/#?secret=lN2qfBc55N#?secret=VcTHCCNuog\" data-secret=\"VcTHCCNuog\" width=\"600\" height=\"338\" frameborder=\"0\" marginwidth=\"0\" marginheight=\"0\" scrolling=\"no\"><\/iframe>\n<\/div><\/figure>\n","protected":false},"excerpt":{"rendered":"<p>Proiectul care prevede schimbarea lifturilor vechi, termoficare cu pompe de c\u0103ldur\u0103 \u015fi panouri fotovoltaice a trecut de votul consilierilor locali de la Sectorul 1. \u00cens\u0103 hot\u0103r\u00e2rea are dou\u0103 amendamente formulate de liberali care schimb\u0103 radical proiectul, \u00een ceea ce prive\u015fte modalitatea de implementare \u015fi sursa de finan\u0163are. \u00cen actuala formul\u0103, a fost votat de PSD [&hellip;]<\/p>\n","protected":false},"author":8,"featured_media":75787,"comment_status":"closed","ping_status":"open","sticky":false,"template":"","format":"standard","meta":{"_acf_changed":false,"inline_featured_image":false,"ngg_post_thumbnail":0,"footnotes":""},"categories":[6994,5762,24],"tags":[9413,1487,9414,9412,9411],"ppma_author":[22586],"class_list":["post-75785","post","type-post","status-publish","format-standard","has-post-thumbnail","hentry","category-stiri-2","category-main","category-primarie","tag-ascensoare-si-termoficare-de-la-soare","tag-clotilde-armand","tag-consiliul-local-sector-1-proiect-taraganat","tag-lifturi-scandal-consiliu-local-sector-1","tag-primarie-sector-1"],"acf":[],"yoast_head":"<!-- This site is optimized with the Yoast SEO Premium plugin v25.3 (Yoast SEO v27.4) - https:\/\/yoast.com\/product\/yoast-seo-premium-wordpress\/ -->\n<title>Sector 1 | Proiectul lifturilor a trecut, dup\u0103 ore \u00eentregi de scandal, cu dou\u0103 amendamente radicale - Buletin de Bucure\u0219ti<\/title>\n<meta name=\"robots\" content=\"index, follow, max-snippet:-1, max-image-preview:large, max-video-preview:-1\" \/>\n<link rel=\"canonical\" href=\"https:\/\/buletin.de\/bucuresti\/sector-1-proiectul-lifturilor-a-trecut-dupa-ore-intregi-de-scandal-cu-doua-amendamente-radicale\/\" \/>\n<meta property=\"og:locale\" content=\"en_GB\" \/>\n<meta property=\"og:type\" content=\"article\" \/>\n<meta property=\"og:title\" content=\"Sector 1 | Proiectul lifturilor a trecut, dup\u0103 ore \u00eentregi de scandal, cu dou\u0103 amendamente radicale\" \/>\n<meta property=\"og:description\" content=\"Proiectul care prevede schimbarea lifturilor vechi, termoficare cu pompe de c\u0103ldur\u0103 \u015fi panouri fotovoltaice a trecut de votul consilierilor locali de la Sectorul 1. \u00cens\u0103 hot\u0103r\u00e2rea are dou\u0103 amendamente formulate de liberali care schimb\u0103 radical proiectul, \u00een ceea ce prive\u015fte modalitatea de implementare \u015fi sursa de finan\u0163are. \u00cen actuala formul\u0103, a fost votat de PSD [&hellip;]\" \/>\n<meta property=\"og:url\" content=\"https:\/\/buletin.de\/bucuresti\/sector-1-proiectul-lifturilor-a-trecut-dupa-ore-intregi-de-scandal-cu-doua-amendamente-radicale\/\" \/>\n<meta property=\"og:site_name\" content=\"Buletin de Bucure\u0219ti\" \/>\n<meta property=\"article:publisher\" content=\"https:\/\/www.facebook.com\/buletin.de.buc\" \/>\n<meta property=\"article:published_time\" content=\"2024-01-29T14:00:54+00:00\" \/>\n<meta property=\"og:image\" content=\"https:\/\/buletin.de\/bucuresti\/wp-content\/uploads\/sedinta-scandal-lifturi-sector-1-900x358.png\" \/>\n\t<meta property=\"og:image:width\" content=\"900\" \/>\n\t<meta property=\"og:image:height\" content=\"358\" \/>\n\t<meta property=\"og:image:type\" content=\"image\/png\" \/>\n<meta name=\"author\" content=\"Ionu\u021b Lepa\" \/>\n<meta name=\"twitter:card\" content=\"summary_large_image\" \/>\n<meta name=\"twitter:label1\" content=\"Written by\" \/>\n\t<meta name=\"twitter:data1\" content=\"Ionu\u021b Lepa\" \/>\n\t<meta name=\"twitter:label2\" content=\"Estimated reading time\" \/>\n\t<meta name=\"twitter:data2\" content=\"2 minutes\" \/>\n<script type=\"application\/ld+json\" class=\"yoast-schema-graph\">{\"@context\":\"https:\\\/\\\/schema.org\",\"@graph\":[{\"@type\":\"Article\",\"@id\":\"https:\\\/\\\/buletin.de\\\/bucuresti\\\/sector-1-proiectul-lifturilor-a-trecut-dupa-ore-intregi-de-scandal-cu-doua-amendamente-radicale\\\/#article\",\"isPartOf\":{\"@id\":\"https:\\\/\\\/buletin.de\\\/bucuresti\\\/sector-1-proiectul-lifturilor-a-trecut-dupa-ore-intregi-de-scandal-cu-doua-amendamente-radicale\\\/\"},\"author\":{\"name\":\"Ionu\u021b Lepa\",\"@id\":\"https:\\\/\\\/buletin.de\\\/bucuresti\\\/#\\\/schema\\\/person\\\/5272b8a057b33890940b57b837fc4ce6\"},\"headline\":\"Sector 1 | Proiectul lifturilor a trecut, dup\u0103 ore \u00eentregi de scandal, cu dou\u0103 amendamente radicale\",\"datePublished\":\"2024-01-29T14:00:54+00:00\",\"mainEntityOfPage\":{\"@id\":\"https:\\\/\\\/buletin.de\\\/bucuresti\\\/sector-1-proiectul-lifturilor-a-trecut-dupa-ore-intregi-de-scandal-cu-doua-amendamente-radicale\\\/\"},\"wordCount\":392,\"publisher\":{\"@id\":\"https:\\\/\\\/buletin.de\\\/bucuresti\\\/#organization\"},\"image\":{\"@id\":\"https:\\\/\\\/buletin.de\\\/bucuresti\\\/sector-1-proiectul-lifturilor-a-trecut-dupa-ore-intregi-de-scandal-cu-doua-amendamente-radicale\\\/#primaryimage\"},\"thumbnailUrl\":\"https:\\\/\\\/buletin.de\\\/bucuresti\\\/wp-content\\\/uploads\\\/sedinta-scandal-lifturi-sector-1.png\",\"keywords\":[\"ascensoare si termoficare de la soare\",\"clotilde armand\",\"consiliul local sector 1 proiect taraganat\",\"lifturi scandal consiliu local sector 1\",\"primarie sector 1\"],\"articleSection\":[\"Articole\",\"Main\",\"Prim\u0103rie\"],\"inLanguage\":\"en-GB\",\"copyrightYear\":\"2024\",\"copyrightHolder\":{\"@id\":\"https:\\\/\\\/buletin.de\\\/bucuresti\\\/#organization\"}},{\"@type\":\"WebPage\",\"@id\":\"https:\\\/\\\/buletin.de\\\/bucuresti\\\/sector-1-proiectul-lifturilor-a-trecut-dupa-ore-intregi-de-scandal-cu-doua-amendamente-radicale\\\/\",\"url\":\"https:\\\/\\\/buletin.de\\\/bucuresti\\\/sector-1-proiectul-lifturilor-a-trecut-dupa-ore-intregi-de-scandal-cu-doua-amendamente-radicale\\\/\",\"name\":\"Sector 1 | Proiectul lifturilor a trecut, dup\u0103 ore \u00eentregi de scandal, cu dou\u0103 amendamente radicale - Buletin de Bucure\u0219ti\",\"isPartOf\":{\"@id\":\"https:\\\/\\\/buletin.de\\\/bucuresti\\\/#website\"},\"primaryImageOfPage\":{\"@id\":\"https:\\\/\\\/buletin.de\\\/bucuresti\\\/sector-1-proiectul-lifturilor-a-trecut-dupa-ore-intregi-de-scandal-cu-doua-amendamente-radicale\\\/#primaryimage\"},\"image\":{\"@id\":\"https:\\\/\\\/buletin.de\\\/bucuresti\\\/sector-1-proiectul-lifturilor-a-trecut-dupa-ore-intregi-de-scandal-cu-doua-amendamente-radicale\\\/#primaryimage\"},\"thumbnailUrl\":\"https:\\\/\\\/buletin.de\\\/bucuresti\\\/wp-content\\\/uploads\\\/sedinta-scandal-lifturi-sector-1.png\",\"datePublished\":\"2024-01-29T14:00:54+00:00\",\"breadcrumb\":{\"@id\":\"https:\\\/\\\/buletin.de\\\/bucuresti\\\/sector-1-proiectul-lifturilor-a-trecut-dupa-ore-intregi-de-scandal-cu-doua-amendamente-radicale\\\/#breadcrumb\"},\"inLanguage\":\"en-GB\",\"potentialAction\":[{\"@type\":\"ReadAction\",\"target\":[\"https:\\\/\\\/buletin.de\\\/bucuresti\\\/sector-1-proiectul-lifturilor-a-trecut-dupa-ore-intregi-de-scandal-cu-doua-amendamente-radicale\\\/\"]}]},{\"@type\":\"ImageObject\",\"inLanguage\":\"en-GB\",\"@id\":\"https:\\\/\\\/buletin.de\\\/bucuresti\\\/sector-1-proiectul-lifturilor-a-trecut-dupa-ore-intregi-de-scandal-cu-doua-amendamente-radicale\\\/#primaryimage\",\"url\":\"https:\\\/\\\/buletin.de\\\/bucuresti\\\/wp-content\\\/uploads\\\/sedinta-scandal-lifturi-sector-1.png\",\"contentUrl\":\"https:\\\/\\\/buletin.de\\\/bucuresti\\\/wp-content\\\/uploads\\\/sedinta-scandal-lifturi-sector-1.png\",\"width\":1872,\"height\":744,\"caption\":\"FOTO: instantaneu din \u015fedin\u0163a de CL 29.01\"},{\"@type\":\"BreadcrumbList\",\"@id\":\"https:\\\/\\\/buletin.de\\\/bucuresti\\\/sector-1-proiectul-lifturilor-a-trecut-dupa-ore-intregi-de-scandal-cu-doua-amendamente-radicale\\\/#breadcrumb\",\"itemListElement\":[{\"@type\":\"ListItem\",\"position\":1,\"name\":\"Acas\u0103\",\"item\":\"https:\\\/\\\/buletin.de\\\/bucuresti\\\/\"},{\"@type\":\"ListItem\",\"position\":2,\"name\":\"Sector 1 | Proiectul lifturilor a trecut, dup\u0103 ore \u00eentregi de scandal, cu dou\u0103 amendamente radicale\"}]},{\"@type\":\"WebSite\",\"@id\":\"https:\\\/\\\/buletin.de\\\/bucuresti\\\/#website\",\"url\":\"https:\\\/\\\/buletin.de\\\/bucuresti\\\/\",\"name\":\"Buletin de Bucure\u0219ti\",\"description\":\"\u0218tiri \u0219i investiga\u021bii esen\u021biale din capital\u0103\",\"publisher\":{\"@id\":\"https:\\\/\\\/buletin.de\\\/bucuresti\\\/#organization\"},\"potentialAction\":[{\"@type\":\"SearchAction\",\"target\":{\"@type\":\"EntryPoint\",\"urlTemplate\":\"https:\\\/\\\/buletin.de\\\/bucuresti\\\/?s={search_term_string}\"},\"query-input\":{\"@type\":\"PropertyValueSpecification\",\"valueRequired\":true,\"valueName\":\"search_term_string\"}}],\"inLanguage\":\"en-GB\"},{\"@type\":\"Organization\",\"@id\":\"https:\\\/\\\/buletin.de\\\/bucuresti\\\/#organization\",\"name\":\"Buletin de Bucure\u0219ti\",\"url\":\"https:\\\/\\\/buletin.de\\\/bucuresti\\\/\",\"logo\":{\"@type\":\"ImageObject\",\"inLanguage\":\"en-GB\",\"@id\":\"https:\\\/\\\/buletin.de\\\/bucuresti\\\/#\\\/schema\\\/logo\\\/image\\\/\",\"url\":\"https:\\\/\\\/buletin.de\\\/bucuresti\\\/wp-content\\\/uploads\\\/logo-bdb-full-wide-vernil-transparent.png\",\"contentUrl\":\"https:\\\/\\\/buletin.de\\\/bucuresti\\\/wp-content\\\/uploads\\\/logo-bdb-full-wide-vernil-transparent.png\",\"width\":1782,\"height\":626,\"caption\":\"Buletin de Bucure\u0219ti\"},\"image\":{\"@id\":\"https:\\\/\\\/buletin.de\\\/bucuresti\\\/#\\\/schema\\\/logo\\\/image\\\/\"},\"sameAs\":[\"https:\\\/\\\/www.facebook.com\\\/buletin.de.buc\",\"https:\\\/\\\/www.instagram.com\\\/buletinde.bucuresti\\\/\"]},{\"@type\":\"Person\",\"@id\":\"https:\\\/\\\/buletin.de\\\/bucuresti\\\/#\\\/schema\\\/person\\\/5272b8a057b33890940b57b837fc4ce6\",\"name\":\"Ionu\u021b Lepa\",\"image\":{\"@type\":\"ImageObject\",\"inLanguage\":\"en-GB\",\"@id\":\"https:\\\/\\\/buletin.de\\\/bucuresti\\\/wp-content\\\/uploads\\\/Ionut-Lepa-96x96.jpg5c4e4d9e049808799a8821652d2410a4\",\"url\":\"https:\\\/\\\/buletin.de\\\/bucuresti\\\/wp-content\\\/uploads\\\/Ionut-Lepa-96x96.jpg\",\"contentUrl\":\"https:\\\/\\\/buletin.de\\\/bucuresti\\\/wp-content\\\/uploads\\\/Ionut-Lepa-96x96.jpg\",\"caption\":\"Ionu\u021b Lepa\"},\"url\":\"https:\\\/\\\/buletin.de\\\/bucuresti\\\/author\\\/ionutlepa\\\/\"}]}<\/script>\n<!-- \/ Yoast SEO Premium plugin. -->","yoast_head_json":{"title":"Sector 1 | Proiectul lifturilor a trecut, dup\u0103 ore \u00eentregi de scandal, cu dou\u0103 amendamente radicale - Buletin de Bucure\u0219ti","robots":{"index":"index","follow":"follow","max-snippet":"max-snippet:-1","max-image-preview":"max-image-preview:large","max-video-preview":"max-video-preview:-1"},"canonical":"https:\/\/buletin.de\/bucuresti\/sector-1-proiectul-lifturilor-a-trecut-dupa-ore-intregi-de-scandal-cu-doua-amendamente-radicale\/","og_locale":"en_GB","og_type":"article","og_title":"Sector 1 | Proiectul lifturilor a trecut, dup\u0103 ore \u00eentregi de scandal, cu dou\u0103 amendamente radicale","og_description":"Proiectul care prevede schimbarea lifturilor vechi, termoficare cu pompe de c\u0103ldur\u0103 \u015fi panouri fotovoltaice a trecut de votul consilierilor locali de la Sectorul 1. \u00cens\u0103 hot\u0103r\u00e2rea are dou\u0103 amendamente formulate de liberali care schimb\u0103 radical proiectul, \u00een ceea ce prive\u015fte modalitatea de implementare \u015fi sursa de finan\u0163are. \u00cen actuala formul\u0103, a fost votat de PSD [&hellip;]","og_url":"https:\/\/buletin.de\/bucuresti\/sector-1-proiectul-lifturilor-a-trecut-dupa-ore-intregi-de-scandal-cu-doua-amendamente-radicale\/","og_site_name":"Buletin de Bucure\u0219ti","article_publisher":"https:\/\/www.facebook.com\/buletin.de.buc","article_published_time":"2024-01-29T14:00:54+00:00","og_image":[{"width":900,"height":358,"url":"https:\/\/buletin.de\/bucuresti\/wp-content\/uploads\/sedinta-scandal-lifturi-sector-1-900x358.png","type":"image\/png"}],"author":"Ionu\u021b Lepa","twitter_card":"summary_large_image","twitter_misc":{"Written by":"Ionu\u021b Lepa","Estimated reading time":"2 minutes"},"schema":{"@context":"https:\/\/schema.org","@graph":[{"@type":"Article","@id":"https:\/\/buletin.de\/bucuresti\/sector-1-proiectul-lifturilor-a-trecut-dupa-ore-intregi-de-scandal-cu-doua-amendamente-radicale\/#article","isPartOf":{"@id":"https:\/\/buletin.de\/bucuresti\/sector-1-proiectul-lifturilor-a-trecut-dupa-ore-intregi-de-scandal-cu-doua-amendamente-radicale\/"},"author":{"name":"Ionu\u021b Lepa","@id":"https:\/\/buletin.de\/bucuresti\/#\/schema\/person\/5272b8a057b33890940b57b837fc4ce6"},"headline":"Sector 1 | Proiectul lifturilor a trecut, dup\u0103 ore \u00eentregi de scandal, cu dou\u0103 amendamente radicale","datePublished":"2024-01-29T14:00:54+00:00","mainEntityOfPage":{"@id":"https:\/\/buletin.de\/bucuresti\/sector-1-proiectul-lifturilor-a-trecut-dupa-ore-intregi-de-scandal-cu-doua-amendamente-radicale\/"},"wordCount":392,"publisher":{"@id":"https:\/\/buletin.de\/bucuresti\/#organization"},"image":{"@id":"https:\/\/buletin.de\/bucuresti\/sector-1-proiectul-lifturilor-a-trecut-dupa-ore-intregi-de-scandal-cu-doua-amendamente-radicale\/#primaryimage"},"thumbnailUrl":"https:\/\/buletin.de\/bucuresti\/wp-content\/uploads\/sedinta-scandal-lifturi-sector-1.png","keywords":["ascensoare si termoficare de la soare","clotilde armand","consiliul local sector 1 proiect taraganat","lifturi scandal consiliu local sector 1","primarie sector 1"],"articleSection":["Articole","Main","Prim\u0103rie"],"inLanguage":"en-GB","copyrightYear":"2024","copyrightHolder":{"@id":"https:\/\/buletin.de\/bucuresti\/#organization"}},{"@type":"WebPage","@id":"https:\/\/buletin.de\/bucuresti\/sector-1-proiectul-lifturilor-a-trecut-dupa-ore-intregi-de-scandal-cu-doua-amendamente-radicale\/","url":"https:\/\/buletin.de\/bucuresti\/sector-1-proiectul-lifturilor-a-trecut-dupa-ore-intregi-de-scandal-cu-doua-amendamente-radicale\/","name":"Sector 1 | Proiectul lifturilor a trecut, dup\u0103 ore \u00eentregi de scandal, cu dou\u0103 amendamente radicale - Buletin de Bucure\u0219ti","isPartOf":{"@id":"https:\/\/buletin.de\/bucuresti\/#website"},"primaryImageOfPage":{"@id":"https:\/\/buletin.de\/bucuresti\/sector-1-proiectul-lifturilor-a-trecut-dupa-ore-intregi-de-scandal-cu-doua-amendamente-radicale\/#primaryimage"},"image":{"@id":"https:\/\/buletin.de\/bucuresti\/sector-1-proiectul-lifturilor-a-trecut-dupa-ore-intregi-de-scandal-cu-doua-amendamente-radicale\/#primaryimage"},"thumbnailUrl":"https:\/\/buletin.de\/bucuresti\/wp-content\/uploads\/sedinta-scandal-lifturi-sector-1.png","datePublished":"2024-01-29T14:00:54+00:00","breadcrumb":{"@id":"https:\/\/buletin.de\/bucuresti\/sector-1-proiectul-lifturilor-a-trecut-dupa-ore-intregi-de-scandal-cu-doua-amendamente-radicale\/#breadcrumb"},"inLanguage":"en-GB","potentialAction":[{"@type":"ReadAction","target":["https:\/\/buletin.de\/bucuresti\/sector-1-proiectul-lifturilor-a-trecut-dupa-ore-intregi-de-scandal-cu-doua-amendamente-radicale\/"]}]},{"@type":"ImageObject","inLanguage":"en-GB","@id":"https:\/\/buletin.de\/bucuresti\/sector-1-proiectul-lifturilor-a-trecut-dupa-ore-intregi-de-scandal-cu-doua-amendamente-radicale\/#primaryimage","url":"https:\/\/buletin.de\/bucuresti\/wp-content\/uploads\/sedinta-scandal-lifturi-sector-1.png","contentUrl":"https:\/\/buletin.de\/bucuresti\/wp-content\/uploads\/sedinta-scandal-lifturi-sector-1.png","width":1872,"height":744,"caption":"FOTO: instantaneu din \u015fedin\u0163a de CL 29.01"},{"@type":"BreadcrumbList","@id":"https:\/\/buletin.de\/bucuresti\/sector-1-proiectul-lifturilor-a-trecut-dupa-ore-intregi-de-scandal-cu-doua-amendamente-radicale\/#breadcrumb","itemListElement":[{"@type":"ListItem","position":1,"name":"Acas\u0103","item":"https:\/\/buletin.de\/bucuresti\/"},{"@type":"ListItem","position":2,"name":"Sector 1 | Proiectul lifturilor a trecut, dup\u0103 ore \u00eentregi de scandal, cu dou\u0103 amendamente radicale"}]},{"@type":"WebSite","@id":"https:\/\/buletin.de\/bucuresti\/#website","url":"https:\/\/buletin.de\/bucuresti\/","name":"Buletin de Bucure\u0219ti","description":"\u0218tiri \u0219i investiga\u021bii esen\u021biale din capital\u0103","publisher":{"@id":"https:\/\/buletin.de\/bucuresti\/#organization"},"potentialAction":[{"@type":"SearchAction","target":{"@type":"EntryPoint","urlTemplate":"https:\/\/buletin.de\/bucuresti\/?s={search_term_string}"},"query-input":{"@type":"PropertyValueSpecification","valueRequired":true,"valueName":"search_term_string"}}],"inLanguage":"en-GB"},{"@type":"Organization","@id":"https:\/\/buletin.de\/bucuresti\/#organization","name":"Buletin de Bucure\u0219ti","url":"https:\/\/buletin.de\/bucuresti\/","logo":{"@type":"ImageObject","inLanguage":"en-GB","@id":"https:\/\/buletin.de\/bucuresti\/#\/schema\/logo\/image\/","url":"https:\/\/buletin.de\/bucuresti\/wp-content\/uploads\/logo-bdb-full-wide-vernil-transparent.png","contentUrl":"https:\/\/buletin.de\/bucuresti\/wp-content\/uploads\/logo-bdb-full-wide-vernil-transparent.png","width":1782,"height":626,"caption":"Buletin de Bucure\u0219ti"},"image":{"@id":"https:\/\/buletin.de\/bucuresti\/#\/schema\/logo\/image\/"},"sameAs":["https:\/\/www.facebook.com\/buletin.de.buc","https:\/\/www.instagram.com\/buletinde.bucuresti\/"]},{"@type":"Person","@id":"https:\/\/buletin.de\/bucuresti\/#\/schema\/person\/5272b8a057b33890940b57b837fc4ce6","name":"Ionu\u021b Lepa","image":{"@type":"ImageObject","inLanguage":"en-GB","@id":"https:\/\/buletin.de\/bucuresti\/wp-content\/uploads\/Ionut-Lepa-96x96.jpg5c4e4d9e049808799a8821652d2410a4","url":"https:\/\/buletin.de\/bucuresti\/wp-content\/uploads\/Ionut-Lepa-96x96.jpg","contentUrl":"https:\/\/buletin.de\/bucuresti\/wp-content\/uploads\/Ionut-Lepa-96x96.jpg","caption":"Ionu\u021b Lepa"},"url":"https:\/\/buletin.de\/bucuresti\/author\/ionutlepa\/"}]}},"authors":[{"term_id":22586,"user_id":8,"is_guest":0,"slug":"ionutlepa","display_name":"Ionu\u021b Lepa","avatar_url":"https:\/\/buletin.de\/bucuresti\/wp-content\/uploads\/Ionut-Lepa-96x96.jpg","0":null,"1":"","2":"","3":"","4":"","5":"","6":"","7":"","8":""}],"_links":{"self":[{"href":"https:\/\/buletin.de\/bucuresti\/wp-json\/wp\/v2\/posts\/75785","targetHints":{"allow":["GET"]}}],"collection":[{"href":"https:\/\/buletin.de\/bucuresti\/wp-json\/wp\/v2\/posts"}],"about":[{"href":"https:\/\/buletin.de\/bucuresti\/wp-json\/wp\/v2\/types\/post"}],"author":[{"embeddable":true,"href":"https:\/\/buletin.de\/bucuresti\/wp-json\/wp\/v2\/users\/8"}],"replies":[{"embeddable":true,"href":"https:\/\/buletin.de\/bucuresti\/wp-json\/wp\/v2\/comments?post=75785"}],"version-history":[{"count":3,"href":"https:\/\/buletin.de\/bucuresti\/wp-json\/wp\/v2\/posts\/75785\/revisions"}],"predecessor-version":[{"id":75799,"href":"https:\/\/buletin.de\/bucuresti\/wp-json\/wp\/v2\/posts\/75785\/revisions\/75799"}],"wp:featuredmedia":[{"embeddable":true,"href":"https:\/\/buletin.de\/bucuresti\/wp-json\/wp\/v2\/media\/75787"}],"wp:attachment":[{"href":"https:\/\/buletin.de\/bucuresti\/wp-json\/wp\/v2\/media?parent=75785"}],"wp:term":[{"taxonomy":"category","embeddable":true,"href":"https:\/\/buletin.de\/bucuresti\/wp-json\/wp\/v2\/categories?post=75785"},{"taxonomy":"post_tag","embeddable":true,"href":"https:\/\/buletin.de\/bucuresti\/wp-json\/wp\/v2\/tags?post=75785"},{"taxonomy":"author","embeddable":true,"href":"https:\/\/buletin.de\/bucuresti\/wp-json\/wp\/v2\/ppma_author?post=75785"}],"curies":[{"name":"wp","href":"https:\/\/api.w.org\/{rel}","templated":true}]}}