{"id":7571,"date":"2020-05-26T17:43:15","date_gmt":"2020-05-26T14:43:15","guid":{"rendered":"https:\/\/buletin.de\/bucuresti\/?p=7571"},"modified":"2020-05-26T17:43:15","modified_gmt":"2020-05-26T14:43:15","slug":"terasele-si-restaurantele-s-ar-putea-redeschide-in-iunie","status":"publish","type":"post","link":"https:\/\/buletin.de\/bucuresti\/terasele-si-restaurantele-s-ar-putea-redeschide-in-iunie\/","title":{"rendered":"Terasele \u0219i restaurantele s-ar putea redeschide \u00een iunie"},"content":{"rendered":"\n<p><strong>Terasele \u0219i restaurantele s-ar putea redeschide \u00eencep\u00e2nd cu 1, respectiv, 15 iunie, conform unui proiect de Ordin elaborat de Ministerul S\u0103n\u0103t\u0103\u021bii \u0219i de Autoritatea Na\u021bional\u0103 Sanitar\u0103 Veterinar\u0103 \u0219i pentru Siguran\u021ba Alimentelor.<\/strong><\/p>\n\n\n\n<p>Documentul prevede redeschiderea, \u00een trei etape, a restaurantelor cu servire la interior \u0219i a teraselor, a c\u0103ror activitate este momentan complet restric\u021bionat\u0103.<\/p>\n\n\n\n<p>\u00cen prim\u0103 etap\u0103, terasele \u0219i restaurantele cu servire la exterior ar urma s\u0103 se deschid\u0103 la 1 iunie. <\/p>\n\n\n\n<p>\u00cencep\u00e2nd cu 15 iunie, acestea ar fi urmate de spa\u021biile cu servire la interior, cu excep\u021bia celor care organizeaz\u0103 evenimente. <\/p>\n\n\n\n<p>\u00cen cazul \u00een care evolu\u021bia pandemiei  nu se agraveaz\u0103 \u0219i continu\u0103 starea de alert\u0103 \u00een Rom\u00e2nia, de pe 1 iulie ar fi permis\u0103 reluarea activit\u0103\u021bii tuturor restaurantelor \u0219i teraselor, inclusiv a celor care organizeaz\u0103 evenimente.<\/p>\n\n\n\n<p>Redeschiderea restaurantelor conform celor trei etape este condi\u021bionat\u0103 de m\u0103suri precum aplicarea distan\u021bei de protec\u021bie \u0219i minimizarea interac\u021biunilor \u00eentre clien\u021bi \u0219i angaja\u021bii localurilor, asigurarea echipamentului de protec\u021bie \u0219i substan\u021belor dezinfectante pentru m\u00e2ini pentru membrii personalului, obliga\u021bi s\u0103 le foloseasc\u0103, \u0219i amenajarea adecvat\u0103 a spa\u021biilor.<\/p>\n\n\n\n<p>Conform documentului, trebuie s\u0103 fie minimum 1,5 m \u00eentre sp\u0103tarele scaunelor de la mese \u00eenvecinate, cu excep\u021bia meselor la care se afl\u0103 grupuri de cunoscu\u021bi sau membrii ai aceleia\u0219i familii, cu cel mult 10 persoane la mas\u0103 \u0219i rezervare obligatorie, caz \u00een care distan\u021ba obligatorie este de 1 m. <\/p>\n\n\n\n<p>De asemenea, se recomand\u0103 rezervarea locurilor \u00een restaurantele cu servire la mas\u0103 \u0219i \u00een cele din incinta hotelurilor, iar \u00een localurilr cu servire rapid\u0103 clien\u021bii ar trebui s\u0103 lase un loc liber \u00eentre ei.<\/p>\n\n\n\n<p>Surs\u0103 foto: Kaboompics.com via Pexels.com<\/p>\n","protected":false},"excerpt":{"rendered":"<p>Terasele \u0219i restaurantele s-ar putea redeschide \u00eencep\u00e2nd cu 1, respectiv, 15 iunie, conform unui proiect de Ordin elaborat de Ministerul S\u0103n\u0103t\u0103\u021bii \u0219i de Autoritatea Na\u021bional\u0103 Sanitar\u0103 Veterinar\u0103 \u0219i pentru Siguran\u021ba Alimentelor. Documentul prevede redeschiderea, \u00een trei etape, a restaurantelor cu servire la interior \u0219i a teraselor, a c\u0103ror activitate este momentan complet restric\u021bionat\u0103. \u00cen prim\u0103 [&hellip;]<\/p>\n","protected":false},"author":15,"featured_media":7573,"comment_status":"closed","ping_status":"open","sticky":false,"template":"","format":"standard","meta":{"_acf_changed":false,"inline_featured_image":false,"ngg_post_thumbnail":0,"footnotes":""},"categories":[996,62],"tags":[1081,986,1082],"ppma_author":[22592],"class_list":["post-7571","post","type-post","status-publish","format-standard","has-post-thumbnail","hentry","category-covid-19","category-stiri","tag-restaurante","tag-stare-de-alerta","tag-terase"],"acf":[],"yoast_head":"<!-- This site is optimized with the Yoast SEO Premium plugin v25.3 (Yoast SEO v27.4) - https:\/\/yoast.com\/product\/yoast-seo-premium-wordpress\/ -->\n<title>Terasele \u0219i restaurantele s-ar putea redeschide \u00een iunie - Buletin de Bucure\u0219ti<\/title>\n<meta name=\"robots\" content=\"index, follow, max-snippet:-1, max-image-preview:large, max-video-preview:-1\" \/>\n<link rel=\"canonical\" href=\"https:\/\/buletin.de\/bucuresti\/terasele-si-restaurantele-s-ar-putea-redeschide-in-iunie\/\" \/>\n<meta property=\"og:locale\" content=\"en_GB\" \/>\n<meta property=\"og:type\" content=\"article\" \/>\n<meta property=\"og:title\" content=\"Terasele \u0219i restaurantele s-ar putea redeschide \u00een iunie\" \/>\n<meta property=\"og:description\" content=\"Terasele \u0219i restaurantele s-ar putea redeschide \u00eencep\u00e2nd cu 1, respectiv, 15 iunie, conform unui proiect de Ordin elaborat de Ministerul S\u0103n\u0103t\u0103\u021bii \u0219i de Autoritatea Na\u021bional\u0103 Sanitar\u0103 Veterinar\u0103 \u0219i pentru Siguran\u021ba Alimentelor. Documentul prevede redeschiderea, \u00een trei etape, a restaurantelor cu servire la interior \u0219i a teraselor, a c\u0103ror activitate este momentan complet restric\u021bionat\u0103. \u00cen prim\u0103 [&hellip;]\" \/>\n<meta property=\"og:url\" content=\"https:\/\/buletin.de\/bucuresti\/terasele-si-restaurantele-s-ar-putea-redeschide-in-iunie\/\" \/>\n<meta property=\"og:site_name\" content=\"Buletin de Bucure\u0219ti\" \/>\n<meta property=\"article:publisher\" content=\"https:\/\/www.facebook.com\/buletin.de.buc\" \/>\n<meta property=\"article:published_time\" content=\"2020-05-26T14:43:15+00:00\" \/>\n<meta property=\"og:image\" content=\"https:\/\/buletin.de\/bucuresti\/wp-content\/uploads\/table-in-vintage-restaurant-6267-scaled.jpg\" \/>\n\t<meta property=\"og:image:width\" content=\"2560\" \/>\n\t<meta property=\"og:image:height\" content=\"1707\" \/>\n\t<meta property=\"og:image:type\" content=\"image\/jpeg\" \/>\n<meta name=\"author\" content=\"Irina Anghel\" \/>\n<meta name=\"twitter:card\" content=\"summary_large_image\" \/>\n<meta name=\"twitter:label1\" content=\"Written by\" \/>\n\t<meta name=\"twitter:data1\" content=\"Irina Anghel\" \/>\n\t<meta name=\"twitter:label2\" content=\"Estimated reading time\" \/>\n\t<meta name=\"twitter:data2\" content=\"1 minute\" \/>\n<script type=\"application\/ld+json\" class=\"yoast-schema-graph\">{\"@context\":\"https:\\\/\\\/schema.org\",\"@graph\":[{\"@type\":\"Article\",\"@id\":\"https:\\\/\\\/buletin.de\\\/bucuresti\\\/terasele-si-restaurantele-s-ar-putea-redeschide-in-iunie\\\/#article\",\"isPartOf\":{\"@id\":\"https:\\\/\\\/buletin.de\\\/bucuresti\\\/terasele-si-restaurantele-s-ar-putea-redeschide-in-iunie\\\/\"},\"author\":{\"name\":\"Irina Anghel\",\"@id\":\"https:\\\/\\\/buletin.de\\\/bucuresti\\\/#\\\/schema\\\/person\\\/7a01591ad05c4d2c7261fe7f0383d2af\"},\"headline\":\"Terasele \u0219i restaurantele s-ar putea redeschide \u00een iunie\",\"datePublished\":\"2020-05-26T14:43:15+00:00\",\"mainEntityOfPage\":{\"@id\":\"https:\\\/\\\/buletin.de\\\/bucuresti\\\/terasele-si-restaurantele-s-ar-putea-redeschide-in-iunie\\\/\"},\"wordCount\":292,\"publisher\":{\"@id\":\"https:\\\/\\\/buletin.de\\\/bucuresti\\\/#organization\"},\"image\":{\"@id\":\"https:\\\/\\\/buletin.de\\\/bucuresti\\\/terasele-si-restaurantele-s-ar-putea-redeschide-in-iunie\\\/#primaryimage\"},\"thumbnailUrl\":\"https:\\\/\\\/buletin.de\\\/bucuresti\\\/wp-content\\\/uploads\\\/table-in-vintage-restaurant-6267-scaled.jpg\",\"keywords\":[\"restaurante\",\"stare de alerta\",\"terase\"],\"articleSection\":[\"Covid-19\",\"\u0218tiri\"],\"inLanguage\":\"en-GB\",\"copyrightYear\":\"2020\",\"copyrightHolder\":{\"@id\":\"https:\\\/\\\/buletin.de\\\/bucuresti\\\/#organization\"}},{\"@type\":\"WebPage\",\"@id\":\"https:\\\/\\\/buletin.de\\\/bucuresti\\\/terasele-si-restaurantele-s-ar-putea-redeschide-in-iunie\\\/\",\"url\":\"https:\\\/\\\/buletin.de\\\/bucuresti\\\/terasele-si-restaurantele-s-ar-putea-redeschide-in-iunie\\\/\",\"name\":\"Terasele \u0219i restaurantele s-ar putea redeschide \u00een iunie - Buletin de Bucure\u0219ti\",\"isPartOf\":{\"@id\":\"https:\\\/\\\/buletin.de\\\/bucuresti\\\/#website\"},\"primaryImageOfPage\":{\"@id\":\"https:\\\/\\\/buletin.de\\\/bucuresti\\\/terasele-si-restaurantele-s-ar-putea-redeschide-in-iunie\\\/#primaryimage\"},\"image\":{\"@id\":\"https:\\\/\\\/buletin.de\\\/bucuresti\\\/terasele-si-restaurantele-s-ar-putea-redeschide-in-iunie\\\/#primaryimage\"},\"thumbnailUrl\":\"https:\\\/\\\/buletin.de\\\/bucuresti\\\/wp-content\\\/uploads\\\/table-in-vintage-restaurant-6267-scaled.jpg\",\"datePublished\":\"2020-05-26T14:43:15+00:00\",\"breadcrumb\":{\"@id\":\"https:\\\/\\\/buletin.de\\\/bucuresti\\\/terasele-si-restaurantele-s-ar-putea-redeschide-in-iunie\\\/#breadcrumb\"},\"inLanguage\":\"en-GB\",\"potentialAction\":[{\"@type\":\"ReadAction\",\"target\":[\"https:\\\/\\\/buletin.de\\\/bucuresti\\\/terasele-si-restaurantele-s-ar-putea-redeschide-in-iunie\\\/\"]}]},{\"@type\":\"ImageObject\",\"inLanguage\":\"en-GB\",\"@id\":\"https:\\\/\\\/buletin.de\\\/bucuresti\\\/terasele-si-restaurantele-s-ar-putea-redeschide-in-iunie\\\/#primaryimage\",\"url\":\"https:\\\/\\\/buletin.de\\\/bucuresti\\\/wp-content\\\/uploads\\\/table-in-vintage-restaurant-6267-scaled.jpg\",\"contentUrl\":\"https:\\\/\\\/buletin.de\\\/bucuresti\\\/wp-content\\\/uploads\\\/table-in-vintage-restaurant-6267-scaled.jpg\",\"width\":2560,\"height\":1707,\"caption\":\"Voluntari, unul dintre cele mai profitabile ora\u0219e pentru restaurante. Bucure\u0219ti, pe primul loc\"},{\"@type\":\"BreadcrumbList\",\"@id\":\"https:\\\/\\\/buletin.de\\\/bucuresti\\\/terasele-si-restaurantele-s-ar-putea-redeschide-in-iunie\\\/#breadcrumb\",\"itemListElement\":[{\"@type\":\"ListItem\",\"position\":1,\"name\":\"Acas\u0103\",\"item\":\"https:\\\/\\\/buletin.de\\\/bucuresti\\\/\"},{\"@type\":\"ListItem\",\"position\":2,\"name\":\"Terasele \u0219i restaurantele s-ar putea redeschide \u00een iunie\"}]},{\"@type\":\"WebSite\",\"@id\":\"https:\\\/\\\/buletin.de\\\/bucuresti\\\/#website\",\"url\":\"https:\\\/\\\/buletin.de\\\/bucuresti\\\/\",\"name\":\"Buletin de Bucure\u0219ti\",\"description\":\"\u0218tiri \u0219i investiga\u021bii esen\u021biale din capital\u0103\",\"publisher\":{\"@id\":\"https:\\\/\\\/buletin.de\\\/bucuresti\\\/#organization\"},\"potentialAction\":[{\"@type\":\"SearchAction\",\"target\":{\"@type\":\"EntryPoint\",\"urlTemplate\":\"https:\\\/\\\/buletin.de\\\/bucuresti\\\/?s={search_term_string}\"},\"query-input\":{\"@type\":\"PropertyValueSpecification\",\"valueRequired\":true,\"valueName\":\"search_term_string\"}}],\"inLanguage\":\"en-GB\"},{\"@type\":\"Organization\",\"@id\":\"https:\\\/\\\/buletin.de\\\/bucuresti\\\/#organization\",\"name\":\"Buletin de Bucure\u0219ti\",\"url\":\"https:\\\/\\\/buletin.de\\\/bucuresti\\\/\",\"logo\":{\"@type\":\"ImageObject\",\"inLanguage\":\"en-GB\",\"@id\":\"https:\\\/\\\/buletin.de\\\/bucuresti\\\/#\\\/schema\\\/logo\\\/image\\\/\",\"url\":\"https:\\\/\\\/buletin.de\\\/bucuresti\\\/wp-content\\\/uploads\\\/logo-bdb-full-wide-vernil-transparent.png\",\"contentUrl\":\"https:\\\/\\\/buletin.de\\\/bucuresti\\\/wp-content\\\/uploads\\\/logo-bdb-full-wide-vernil-transparent.png\",\"width\":1782,\"height\":626,\"caption\":\"Buletin de Bucure\u0219ti\"},\"image\":{\"@id\":\"https:\\\/\\\/buletin.de\\\/bucuresti\\\/#\\\/schema\\\/logo\\\/image\\\/\"},\"sameAs\":[\"https:\\\/\\\/www.facebook.com\\\/buletin.de.buc\",\"https:\\\/\\\/www.instagram.com\\\/buletinde.bucuresti\\\/\"]},{\"@type\":\"Person\",\"@id\":\"https:\\\/\\\/buletin.de\\\/bucuresti\\\/#\\\/schema\\\/person\\\/7a01591ad05c4d2c7261fe7f0383d2af\",\"name\":\"Irina Anghel\",\"image\":{\"@type\":\"ImageObject\",\"inLanguage\":\"en-GB\",\"@id\":\"https:\\\/\\\/secure.gravatar.com\\\/avatar\\\/e7d429cbd0c7fe915f817961c0ffb96b407bc87e15aa35cee85f77146f8cce7e?s=96&d=monsterid&r=g693374df2a66e3f4935d210ea15b95ff\",\"url\":\"https:\\\/\\\/secure.gravatar.com\\\/avatar\\\/e7d429cbd0c7fe915f817961c0ffb96b407bc87e15aa35cee85f77146f8cce7e?s=96&d=monsterid&r=g\",\"contentUrl\":\"https:\\\/\\\/secure.gravatar.com\\\/avatar\\\/e7d429cbd0c7fe915f817961c0ffb96b407bc87e15aa35cee85f77146f8cce7e?s=96&d=monsterid&r=g\",\"caption\":\"Irina Anghel\"},\"url\":\"https:\\\/\\\/buletin.de\\\/bucuresti\\\/author\\\/irina\\\/\"}]}<\/script>\n<!-- \/ Yoast SEO Premium plugin. -->","yoast_head_json":{"title":"Terasele \u0219i restaurantele s-ar putea redeschide \u00een iunie - Buletin de Bucure\u0219ti","robots":{"index":"index","follow":"follow","max-snippet":"max-snippet:-1","max-image-preview":"max-image-preview:large","max-video-preview":"max-video-preview:-1"},"canonical":"https:\/\/buletin.de\/bucuresti\/terasele-si-restaurantele-s-ar-putea-redeschide-in-iunie\/","og_locale":"en_GB","og_type":"article","og_title":"Terasele \u0219i restaurantele s-ar putea redeschide \u00een iunie","og_description":"Terasele \u0219i restaurantele s-ar putea redeschide \u00eencep\u00e2nd cu 1, respectiv, 15 iunie, conform unui proiect de Ordin elaborat de Ministerul S\u0103n\u0103t\u0103\u021bii \u0219i de Autoritatea Na\u021bional\u0103 Sanitar\u0103 Veterinar\u0103 \u0219i pentru Siguran\u021ba Alimentelor. Documentul prevede redeschiderea, \u00een trei etape, a restaurantelor cu servire la interior \u0219i a teraselor, a c\u0103ror activitate este momentan complet restric\u021bionat\u0103. \u00cen prim\u0103 [&hellip;]","og_url":"https:\/\/buletin.de\/bucuresti\/terasele-si-restaurantele-s-ar-putea-redeschide-in-iunie\/","og_site_name":"Buletin de Bucure\u0219ti","article_publisher":"https:\/\/www.facebook.com\/buletin.de.buc","article_published_time":"2020-05-26T14:43:15+00:00","og_image":[{"width":2560,"height":1707,"url":"https:\/\/buletin.de\/bucuresti\/wp-content\/uploads\/table-in-vintage-restaurant-6267-scaled.jpg","type":"image\/jpeg"}],"author":"Irina Anghel","twitter_card":"summary_large_image","twitter_misc":{"Written by":"Irina Anghel","Estimated reading time":"1 minute"},"schema":{"@context":"https:\/\/schema.org","@graph":[{"@type":"Article","@id":"https:\/\/buletin.de\/bucuresti\/terasele-si-restaurantele-s-ar-putea-redeschide-in-iunie\/#article","isPartOf":{"@id":"https:\/\/buletin.de\/bucuresti\/terasele-si-restaurantele-s-ar-putea-redeschide-in-iunie\/"},"author":{"name":"Irina Anghel","@id":"https:\/\/buletin.de\/bucuresti\/#\/schema\/person\/7a01591ad05c4d2c7261fe7f0383d2af"},"headline":"Terasele \u0219i restaurantele s-ar putea redeschide \u00een iunie","datePublished":"2020-05-26T14:43:15+00:00","mainEntityOfPage":{"@id":"https:\/\/buletin.de\/bucuresti\/terasele-si-restaurantele-s-ar-putea-redeschide-in-iunie\/"},"wordCount":292,"publisher":{"@id":"https:\/\/buletin.de\/bucuresti\/#organization"},"image":{"@id":"https:\/\/buletin.de\/bucuresti\/terasele-si-restaurantele-s-ar-putea-redeschide-in-iunie\/#primaryimage"},"thumbnailUrl":"https:\/\/buletin.de\/bucuresti\/wp-content\/uploads\/table-in-vintage-restaurant-6267-scaled.jpg","keywords":["restaurante","stare de alerta","terase"],"articleSection":["Covid-19","\u0218tiri"],"inLanguage":"en-GB","copyrightYear":"2020","copyrightHolder":{"@id":"https:\/\/buletin.de\/bucuresti\/#organization"}},{"@type":"WebPage","@id":"https:\/\/buletin.de\/bucuresti\/terasele-si-restaurantele-s-ar-putea-redeschide-in-iunie\/","url":"https:\/\/buletin.de\/bucuresti\/terasele-si-restaurantele-s-ar-putea-redeschide-in-iunie\/","name":"Terasele \u0219i restaurantele s-ar putea redeschide \u00een iunie - Buletin de Bucure\u0219ti","isPartOf":{"@id":"https:\/\/buletin.de\/bucuresti\/#website"},"primaryImageOfPage":{"@id":"https:\/\/buletin.de\/bucuresti\/terasele-si-restaurantele-s-ar-putea-redeschide-in-iunie\/#primaryimage"},"image":{"@id":"https:\/\/buletin.de\/bucuresti\/terasele-si-restaurantele-s-ar-putea-redeschide-in-iunie\/#primaryimage"},"thumbnailUrl":"https:\/\/buletin.de\/bucuresti\/wp-content\/uploads\/table-in-vintage-restaurant-6267-scaled.jpg","datePublished":"2020-05-26T14:43:15+00:00","breadcrumb":{"@id":"https:\/\/buletin.de\/bucuresti\/terasele-si-restaurantele-s-ar-putea-redeschide-in-iunie\/#breadcrumb"},"inLanguage":"en-GB","potentialAction":[{"@type":"ReadAction","target":["https:\/\/buletin.de\/bucuresti\/terasele-si-restaurantele-s-ar-putea-redeschide-in-iunie\/"]}]},{"@type":"ImageObject","inLanguage":"en-GB","@id":"https:\/\/buletin.de\/bucuresti\/terasele-si-restaurantele-s-ar-putea-redeschide-in-iunie\/#primaryimage","url":"https:\/\/buletin.de\/bucuresti\/wp-content\/uploads\/table-in-vintage-restaurant-6267-scaled.jpg","contentUrl":"https:\/\/buletin.de\/bucuresti\/wp-content\/uploads\/table-in-vintage-restaurant-6267-scaled.jpg","width":2560,"height":1707,"caption":"Voluntari, unul dintre cele mai profitabile ora\u0219e pentru restaurante. Bucure\u0219ti, pe primul loc"},{"@type":"BreadcrumbList","@id":"https:\/\/buletin.de\/bucuresti\/terasele-si-restaurantele-s-ar-putea-redeschide-in-iunie\/#breadcrumb","itemListElement":[{"@type":"ListItem","position":1,"name":"Acas\u0103","item":"https:\/\/buletin.de\/bucuresti\/"},{"@type":"ListItem","position":2,"name":"Terasele \u0219i restaurantele s-ar putea redeschide \u00een iunie"}]},{"@type":"WebSite","@id":"https:\/\/buletin.de\/bucuresti\/#website","url":"https:\/\/buletin.de\/bucuresti\/","name":"Buletin de Bucure\u0219ti","description":"\u0218tiri \u0219i investiga\u021bii esen\u021biale din capital\u0103","publisher":{"@id":"https:\/\/buletin.de\/bucuresti\/#organization"},"potentialAction":[{"@type":"SearchAction","target":{"@type":"EntryPoint","urlTemplate":"https:\/\/buletin.de\/bucuresti\/?s={search_term_string}"},"query-input":{"@type":"PropertyValueSpecification","valueRequired":true,"valueName":"search_term_string"}}],"inLanguage":"en-GB"},{"@type":"Organization","@id":"https:\/\/buletin.de\/bucuresti\/#organization","name":"Buletin de Bucure\u0219ti","url":"https:\/\/buletin.de\/bucuresti\/","logo":{"@type":"ImageObject","inLanguage":"en-GB","@id":"https:\/\/buletin.de\/bucuresti\/#\/schema\/logo\/image\/","url":"https:\/\/buletin.de\/bucuresti\/wp-content\/uploads\/logo-bdb-full-wide-vernil-transparent.png","contentUrl":"https:\/\/buletin.de\/bucuresti\/wp-content\/uploads\/logo-bdb-full-wide-vernil-transparent.png","width":1782,"height":626,"caption":"Buletin de Bucure\u0219ti"},"image":{"@id":"https:\/\/buletin.de\/bucuresti\/#\/schema\/logo\/image\/"},"sameAs":["https:\/\/www.facebook.com\/buletin.de.buc","https:\/\/www.instagram.com\/buletinde.bucuresti\/"]},{"@type":"Person","@id":"https:\/\/buletin.de\/bucuresti\/#\/schema\/person\/7a01591ad05c4d2c7261fe7f0383d2af","name":"Irina Anghel","image":{"@type":"ImageObject","inLanguage":"en-GB","@id":"https:\/\/secure.gravatar.com\/avatar\/e7d429cbd0c7fe915f817961c0ffb96b407bc87e15aa35cee85f77146f8cce7e?s=96&d=monsterid&r=g693374df2a66e3f4935d210ea15b95ff","url":"https:\/\/secure.gravatar.com\/avatar\/e7d429cbd0c7fe915f817961c0ffb96b407bc87e15aa35cee85f77146f8cce7e?s=96&d=monsterid&r=g","contentUrl":"https:\/\/secure.gravatar.com\/avatar\/e7d429cbd0c7fe915f817961c0ffb96b407bc87e15aa35cee85f77146f8cce7e?s=96&d=monsterid&r=g","caption":"Irina Anghel"},"url":"https:\/\/buletin.de\/bucuresti\/author\/irina\/"}]}},"authors":[{"term_id":22592,"user_id":15,"is_guest":0,"slug":"irina","display_name":"Irina Anghel","avatar_url":"https:\/\/secure.gravatar.com\/avatar\/e7d429cbd0c7fe915f817961c0ffb96b407bc87e15aa35cee85f77146f8cce7e?s=96&d=monsterid&r=g","0":null,"1":"","2":"","3":"","4":"","5":"","6":"","7":"","8":""}],"_links":{"self":[{"href":"https:\/\/buletin.de\/bucuresti\/wp-json\/wp\/v2\/posts\/7571","targetHints":{"allow":["GET"]}}],"collection":[{"href":"https:\/\/buletin.de\/bucuresti\/wp-json\/wp\/v2\/posts"}],"about":[{"href":"https:\/\/buletin.de\/bucuresti\/wp-json\/wp\/v2\/types\/post"}],"author":[{"embeddable":true,"href":"https:\/\/buletin.de\/bucuresti\/wp-json\/wp\/v2\/users\/15"}],"replies":[{"embeddable":true,"href":"https:\/\/buletin.de\/bucuresti\/wp-json\/wp\/v2\/comments?post=7571"}],"version-history":[{"count":2,"href":"https:\/\/buletin.de\/bucuresti\/wp-json\/wp\/v2\/posts\/7571\/revisions"}],"predecessor-version":[{"id":7574,"href":"https:\/\/buletin.de\/bucuresti\/wp-json\/wp\/v2\/posts\/7571\/revisions\/7574"}],"wp:featuredmedia":[{"embeddable":true,"href":"https:\/\/buletin.de\/bucuresti\/wp-json\/wp\/v2\/media\/7573"}],"wp:attachment":[{"href":"https:\/\/buletin.de\/bucuresti\/wp-json\/wp\/v2\/media?parent=7571"}],"wp:term":[{"taxonomy":"category","embeddable":true,"href":"https:\/\/buletin.de\/bucuresti\/wp-json\/wp\/v2\/categories?post=7571"},{"taxonomy":"post_tag","embeddable":true,"href":"https:\/\/buletin.de\/bucuresti\/wp-json\/wp\/v2\/tags?post=7571"},{"taxonomy":"author","embeddable":true,"href":"https:\/\/buletin.de\/bucuresti\/wp-json\/wp\/v2\/ppma_author?post=7571"}],"curies":[{"name":"wp","href":"https:\/\/api.w.org\/{rel}","templated":true}]}}