{"id":75697,"date":"2024-01-28T12:33:27","date_gmt":"2024-01-28T10:33:27","guid":{"rendered":"https:\/\/buletin.de\/bucuresti\/?p=75697"},"modified":"2024-01-28T12:33:27","modified_gmt":"2024-01-28T10:33:27","slug":"meteo-i-vremea-se-incalzeste-la-finalul-saptamanii-vitoare-vor-fi-temperaturi-de-primavara","status":"publish","type":"post","link":"https:\/\/buletin.de\/bucuresti\/meteo-i-vremea-se-incalzeste-la-finalul-saptamanii-vitoare-vor-fi-temperaturi-de-primavara\/","title":{"rendered":"METEO I Vremea se \u00eenc\u0103lze\u015fte. La finalul s\u0103pt\u0103m\u00e2nii vitoare vor fi temperaturi de prim\u0103var\u0103"},"content":{"rendered":"\n<p><strong>Administra\u021bia Na\u021bional\u0103 de Meteorologie anun\u021b\u0103, pentru s\u0103pt\u0103m\u00e2na viitoare, temperaturi maxime \u00een cre\u0219tere. Precipita\u021biile sunt reduse, iar v\u00e2ntul bate slab \u0219i moderat.<\/strong><\/p>\n\n\n\n<p>Luni,<strong> 29 ianuarie, <\/strong>cerul va fi par\u021bial \u00eensorit, iar temperatura minim\u0103 va fi de -4 grade. \u0218ansele de precipita\u021bii sunt reduse, iar maxima termic\u0103 atinge 3 grade. V\u00e2ntul bate cu 11 km\/h.<\/p>\n\n\n\n<p><strong>Mar\u021bi, 30 ianuarie,<\/strong> sunt nori \u00een prima parte a zilei, apoi cerul va fi mai mult senin. Temperatura maxim\u0103 cre\u0219te p\u00e2n\u0103 la 5 grade, iar minima termic\u0103 nu trece de -5 grade. V\u00e2nul bate moderat, cu 17 km\/h. <\/p>\n\n\n\n<p><strong>Miercuri, 31 ianuarie,<\/strong> maxima termic\u0103 cre\u0219te din nou \u0219i se situeaz\u0103 \u00een jurul valorii de 8 grade. Temperatura minim\u0103 r\u0103m\u00e2ne sub pragul \u00eenghe\u021bului \u0219i nu trece de -3 grade. V\u00e2ntul sufl\u0103 cu doar 9 km\/h. <\/p>\n\n\n\n<p>La jum\u0103tatea s\u0103pt\u0103m\u00e2nii, <strong>joi 1 februarie,<\/strong> meteorologii prognozeaz\u0103 nori, pe tot parcursul zilei, dar maxima termic\u0103 cre\u0219te p\u00e2n\u0103 la 9 grade. Temperatur\u0103 minim\u0103 urc\u0103 p\u00e2n\u0103 la -1 grad, iar v\u00e2ntul bate cu 15 km\/h. <\/p>\n\n\n\n<p>Meteorologii anun\u021b\u0103, pentru sf\u00e2r\u0219itul s\u0103pt\u0103m\u00e2nii, vreme de prim\u0103var\u0103 cu maxime termice de p\u00e2n\u0103 la 16 grade. \u0218i minimele termice cresc \u0219i ating 3\u20114 grade, noaptea.<\/p>\n","protected":false},"excerpt":{"rendered":"<p>Administra\u021bia Na\u021bional\u0103 de Meteorologie anun\u021b\u0103, pentru s\u0103pt\u0103m\u00e2na viitoare, temperaturi maxime \u00een cre\u0219tere. Precipita\u021biile sunt reduse, iar v\u00e2ntul bate slab \u0219i moderat. Luni, 29 ianuarie, cerul va fi par\u021bial \u00eensorit, iar temperatura minim\u0103 va fi de -4 grade. \u0218ansele de precipita\u021bii sunt reduse, iar maxima termic\u0103 atinge 3 grade. V\u00e2ntul bate cu 11 km\/h. Mar\u021bi, 30 [&hellip;]<\/p>\n","protected":false},"author":49,"featured_media":72604,"comment_status":"closed","ping_status":"open","sticky":false,"template":"","format":"standard","meta":{"_acf_changed":false,"inline_featured_image":false,"ngg_post_thumbnail":0,"footnotes":""},"categories":[6994,62],"tags":[4314,5928,9384],"ppma_author":[22574],"class_list":["post-75697","post","type-post","status-publish","format-standard","has-post-thumbnail","hentry","category-stiri-2","category-stiri","tag-anm","tag-anm-prognoza-meteo","tag-temperaturi-de-primavara"],"acf":[],"yoast_head":"<!-- This site is optimized with the Yoast SEO Premium plugin v25.3 (Yoast SEO v27.4) - https:\/\/yoast.com\/product\/yoast-seo-premium-wordpress\/ -->\n<title>METEO I Vremea se \u00eenc\u0103lze\u015fte. La finalul s\u0103pt\u0103m\u00e2nii vitoare vor fi temperaturi de prim\u0103var\u0103 - Buletin de Bucure\u0219ti<\/title>\n<meta name=\"robots\" content=\"index, follow, max-snippet:-1, max-image-preview:large, max-video-preview:-1\" \/>\n<link rel=\"canonical\" href=\"https:\/\/buletin.de\/bucuresti\/meteo-i-vremea-se-incalzeste-la-finalul-saptamanii-vitoare-vor-fi-temperaturi-de-primavara\/\" \/>\n<meta property=\"og:locale\" content=\"en_GB\" \/>\n<meta property=\"og:type\" content=\"article\" \/>\n<meta property=\"og:title\" content=\"METEO I Vremea se \u00eenc\u0103lze\u015fte. La finalul s\u0103pt\u0103m\u00e2nii vitoare vor fi temperaturi de prim\u0103var\u0103\" \/>\n<meta property=\"og:description\" content=\"Administra\u021bia Na\u021bional\u0103 de Meteorologie anun\u021b\u0103, pentru s\u0103pt\u0103m\u00e2na viitoare, temperaturi maxime \u00een cre\u0219tere. Precipita\u021biile sunt reduse, iar v\u00e2ntul bate slab \u0219i moderat. Luni, 29 ianuarie, cerul va fi par\u021bial \u00eensorit, iar temperatura minim\u0103 va fi de -4 grade. \u0218ansele de precipita\u021bii sunt reduse, iar maxima termic\u0103 atinge 3 grade. V\u00e2ntul bate cu 11 km\/h. Mar\u021bi, 30 [&hellip;]\" \/>\n<meta property=\"og:url\" content=\"https:\/\/buletin.de\/bucuresti\/meteo-i-vremea-se-incalzeste-la-finalul-saptamanii-vitoare-vor-fi-temperaturi-de-primavara\/\" \/>\n<meta property=\"og:site_name\" content=\"Buletin de Bucure\u0219ti\" \/>\n<meta property=\"article:publisher\" content=\"https:\/\/www.facebook.com\/buletin.de.buc\" \/>\n<meta property=\"article:published_time\" content=\"2024-01-28T10:33:27+00:00\" \/>\n<meta property=\"og:image\" content=\"https:\/\/buletin.de\/bucuresti\/wp-content\/uploads\/meteo.jpg\" \/>\n\t<meta property=\"og:image:width\" content=\"1600\" \/>\n\t<meta property=\"og:image:height\" content=\"1067\" \/>\n\t<meta property=\"og:image:type\" content=\"image\/jpeg\" \/>\n<meta name=\"author\" content=\"Diana Matei\" \/>\n<meta name=\"twitter:card\" content=\"summary_large_image\" \/>\n<meta name=\"twitter:label1\" content=\"Written by\" \/>\n\t<meta name=\"twitter:data1\" content=\"Diana Matei\" \/>\n\t<meta name=\"twitter:label2\" content=\"Estimated reading time\" \/>\n\t<meta name=\"twitter:data2\" content=\"1 minute\" \/>\n<script type=\"application\/ld+json\" class=\"yoast-schema-graph\">{\"@context\":\"https:\\\/\\\/schema.org\",\"@graph\":[{\"@type\":\"Article\",\"@id\":\"https:\\\/\\\/buletin.de\\\/bucuresti\\\/meteo-i-vremea-se-incalzeste-la-finalul-saptamanii-vitoare-vor-fi-temperaturi-de-primavara\\\/#article\",\"isPartOf\":{\"@id\":\"https:\\\/\\\/buletin.de\\\/bucuresti\\\/meteo-i-vremea-se-incalzeste-la-finalul-saptamanii-vitoare-vor-fi-temperaturi-de-primavara\\\/\"},\"author\":{\"name\":\"Diana Matei\",\"@id\":\"https:\\\/\\\/buletin.de\\\/bucuresti\\\/#\\\/schema\\\/person\\\/7e46040573290777280a0835d81ea4ea\"},\"headline\":\"METEO I Vremea se \u00eenc\u0103lze\u015fte. La finalul s\u0103pt\u0103m\u00e2nii vitoare vor fi temperaturi de prim\u0103var\u0103\",\"datePublished\":\"2024-01-28T10:33:27+00:00\",\"mainEntityOfPage\":{\"@id\":\"https:\\\/\\\/buletin.de\\\/bucuresti\\\/meteo-i-vremea-se-incalzeste-la-finalul-saptamanii-vitoare-vor-fi-temperaturi-de-primavara\\\/\"},\"wordCount\":230,\"publisher\":{\"@id\":\"https:\\\/\\\/buletin.de\\\/bucuresti\\\/#organization\"},\"image\":{\"@id\":\"https:\\\/\\\/buletin.de\\\/bucuresti\\\/meteo-i-vremea-se-incalzeste-la-finalul-saptamanii-vitoare-vor-fi-temperaturi-de-primavara\\\/#primaryimage\"},\"thumbnailUrl\":\"https:\\\/\\\/buletin.de\\\/bucuresti\\\/wp-content\\\/uploads\\\/meteo.jpg\",\"keywords\":[\"anm\",\"anm prognoza meteo\",\"temperaturi de primavara\"],\"articleSection\":[\"Articole\",\"\u0218tiri\"],\"inLanguage\":\"en-GB\",\"copyrightYear\":\"2024\",\"copyrightHolder\":{\"@id\":\"https:\\\/\\\/buletin.de\\\/bucuresti\\\/#organization\"}},{\"@type\":\"WebPage\",\"@id\":\"https:\\\/\\\/buletin.de\\\/bucuresti\\\/meteo-i-vremea-se-incalzeste-la-finalul-saptamanii-vitoare-vor-fi-temperaturi-de-primavara\\\/\",\"url\":\"https:\\\/\\\/buletin.de\\\/bucuresti\\\/meteo-i-vremea-se-incalzeste-la-finalul-saptamanii-vitoare-vor-fi-temperaturi-de-primavara\\\/\",\"name\":\"METEO I Vremea se \u00eenc\u0103lze\u015fte. La finalul s\u0103pt\u0103m\u00e2nii vitoare vor fi temperaturi de prim\u0103var\u0103 - Buletin de Bucure\u0219ti\",\"isPartOf\":{\"@id\":\"https:\\\/\\\/buletin.de\\\/bucuresti\\\/#website\"},\"primaryImageOfPage\":{\"@id\":\"https:\\\/\\\/buletin.de\\\/bucuresti\\\/meteo-i-vremea-se-incalzeste-la-finalul-saptamanii-vitoare-vor-fi-temperaturi-de-primavara\\\/#primaryimage\"},\"image\":{\"@id\":\"https:\\\/\\\/buletin.de\\\/bucuresti\\\/meteo-i-vremea-se-incalzeste-la-finalul-saptamanii-vitoare-vor-fi-temperaturi-de-primavara\\\/#primaryimage\"},\"thumbnailUrl\":\"https:\\\/\\\/buletin.de\\\/bucuresti\\\/wp-content\\\/uploads\\\/meteo.jpg\",\"datePublished\":\"2024-01-28T10:33:27+00:00\",\"breadcrumb\":{\"@id\":\"https:\\\/\\\/buletin.de\\\/bucuresti\\\/meteo-i-vremea-se-incalzeste-la-finalul-saptamanii-vitoare-vor-fi-temperaturi-de-primavara\\\/#breadcrumb\"},\"inLanguage\":\"en-GB\",\"potentialAction\":[{\"@type\":\"ReadAction\",\"target\":[\"https:\\\/\\\/buletin.de\\\/bucuresti\\\/meteo-i-vremea-se-incalzeste-la-finalul-saptamanii-vitoare-vor-fi-temperaturi-de-primavara\\\/\"]}]},{\"@type\":\"ImageObject\",\"inLanguage\":\"en-GB\",\"@id\":\"https:\\\/\\\/buletin.de\\\/bucuresti\\\/meteo-i-vremea-se-incalzeste-la-finalul-saptamanii-vitoare-vor-fi-temperaturi-de-primavara\\\/#primaryimage\",\"url\":\"https:\\\/\\\/buletin.de\\\/bucuresti\\\/wp-content\\\/uploads\\\/meteo.jpg\",\"contentUrl\":\"https:\\\/\\\/buletin.de\\\/bucuresti\\\/wp-content\\\/uploads\\\/meteo.jpg\",\"width\":1600,\"height\":1067,\"caption\":\"METEO Vreme cald\u0103, la \u00eenceput de septembrie. Miercuri revine canicula. FOTO: Arhiva\"},{\"@type\":\"BreadcrumbList\",\"@id\":\"https:\\\/\\\/buletin.de\\\/bucuresti\\\/meteo-i-vremea-se-incalzeste-la-finalul-saptamanii-vitoare-vor-fi-temperaturi-de-primavara\\\/#breadcrumb\",\"itemListElement\":[{\"@type\":\"ListItem\",\"position\":1,\"name\":\"Acas\u0103\",\"item\":\"https:\\\/\\\/buletin.de\\\/bucuresti\\\/\"},{\"@type\":\"ListItem\",\"position\":2,\"name\":\"METEO I Vremea se \u00eenc\u0103lze\u015fte. La finalul s\u0103pt\u0103m\u00e2nii vitoare vor fi temperaturi de prim\u0103var\u0103\"}]},{\"@type\":\"WebSite\",\"@id\":\"https:\\\/\\\/buletin.de\\\/bucuresti\\\/#website\",\"url\":\"https:\\\/\\\/buletin.de\\\/bucuresti\\\/\",\"name\":\"Buletin de Bucure\u0219ti\",\"description\":\"\u0218tiri \u0219i investiga\u021bii esen\u021biale din capital\u0103\",\"publisher\":{\"@id\":\"https:\\\/\\\/buletin.de\\\/bucuresti\\\/#organization\"},\"potentialAction\":[{\"@type\":\"SearchAction\",\"target\":{\"@type\":\"EntryPoint\",\"urlTemplate\":\"https:\\\/\\\/buletin.de\\\/bucuresti\\\/?s={search_term_string}\"},\"query-input\":{\"@type\":\"PropertyValueSpecification\",\"valueRequired\":true,\"valueName\":\"search_term_string\"}}],\"inLanguage\":\"en-GB\"},{\"@type\":\"Organization\",\"@id\":\"https:\\\/\\\/buletin.de\\\/bucuresti\\\/#organization\",\"name\":\"Buletin de Bucure\u0219ti\",\"url\":\"https:\\\/\\\/buletin.de\\\/bucuresti\\\/\",\"logo\":{\"@type\":\"ImageObject\",\"inLanguage\":\"en-GB\",\"@id\":\"https:\\\/\\\/buletin.de\\\/bucuresti\\\/#\\\/schema\\\/logo\\\/image\\\/\",\"url\":\"https:\\\/\\\/buletin.de\\\/bucuresti\\\/wp-content\\\/uploads\\\/logo-bdb-full-wide-vernil-transparent.png\",\"contentUrl\":\"https:\\\/\\\/buletin.de\\\/bucuresti\\\/wp-content\\\/uploads\\\/logo-bdb-full-wide-vernil-transparent.png\",\"width\":1782,\"height\":626,\"caption\":\"Buletin de Bucure\u0219ti\"},\"image\":{\"@id\":\"https:\\\/\\\/buletin.de\\\/bucuresti\\\/#\\\/schema\\\/logo\\\/image\\\/\"},\"sameAs\":[\"https:\\\/\\\/www.facebook.com\\\/buletin.de.buc\",\"https:\\\/\\\/www.instagram.com\\\/buletinde.bucuresti\\\/\"]},{\"@type\":\"Person\",\"@id\":\"https:\\\/\\\/buletin.de\\\/bucuresti\\\/#\\\/schema\\\/person\\\/7e46040573290777280a0835d81ea4ea\",\"name\":\"Diana Matei\",\"image\":{\"@type\":\"ImageObject\",\"inLanguage\":\"en-GB\",\"@id\":\"https:\\\/\\\/buletin.de\\\/bucuresti\\\/wp-content\\\/uploads\\\/9-2-96x96.jpg1e8590b30871d70e62ebcdaf2eff570c\",\"url\":\"https:\\\/\\\/buletin.de\\\/bucuresti\\\/wp-content\\\/uploads\\\/9-2-96x96.jpg\",\"contentUrl\":\"https:\\\/\\\/buletin.de\\\/bucuresti\\\/wp-content\\\/uploads\\\/9-2-96x96.jpg\",\"caption\":\"Diana Matei\"},\"url\":\"https:\\\/\\\/buletin.de\\\/bucuresti\\\/author\\\/dianamatei\\\/\"}]}<\/script>\n<!-- \/ Yoast SEO Premium plugin. -->","yoast_head_json":{"title":"METEO I Vremea se \u00eenc\u0103lze\u015fte. La finalul s\u0103pt\u0103m\u00e2nii vitoare vor fi temperaturi de prim\u0103var\u0103 - Buletin de Bucure\u0219ti","robots":{"index":"index","follow":"follow","max-snippet":"max-snippet:-1","max-image-preview":"max-image-preview:large","max-video-preview":"max-video-preview:-1"},"canonical":"https:\/\/buletin.de\/bucuresti\/meteo-i-vremea-se-incalzeste-la-finalul-saptamanii-vitoare-vor-fi-temperaturi-de-primavara\/","og_locale":"en_GB","og_type":"article","og_title":"METEO I Vremea se \u00eenc\u0103lze\u015fte. La finalul s\u0103pt\u0103m\u00e2nii vitoare vor fi temperaturi de prim\u0103var\u0103","og_description":"Administra\u021bia Na\u021bional\u0103 de Meteorologie anun\u021b\u0103, pentru s\u0103pt\u0103m\u00e2na viitoare, temperaturi maxime \u00een cre\u0219tere. Precipita\u021biile sunt reduse, iar v\u00e2ntul bate slab \u0219i moderat. Luni, 29 ianuarie, cerul va fi par\u021bial \u00eensorit, iar temperatura minim\u0103 va fi de -4 grade. \u0218ansele de precipita\u021bii sunt reduse, iar maxima termic\u0103 atinge 3 grade. V\u00e2ntul bate cu 11 km\/h. Mar\u021bi, 30 [&hellip;]","og_url":"https:\/\/buletin.de\/bucuresti\/meteo-i-vremea-se-incalzeste-la-finalul-saptamanii-vitoare-vor-fi-temperaturi-de-primavara\/","og_site_name":"Buletin de Bucure\u0219ti","article_publisher":"https:\/\/www.facebook.com\/buletin.de.buc","article_published_time":"2024-01-28T10:33:27+00:00","og_image":[{"width":1600,"height":1067,"url":"https:\/\/buletin.de\/bucuresti\/wp-content\/uploads\/meteo.jpg","type":"image\/jpeg"}],"author":"Diana Matei","twitter_card":"summary_large_image","twitter_misc":{"Written by":"Diana Matei","Estimated reading time":"1 minute"},"schema":{"@context":"https:\/\/schema.org","@graph":[{"@type":"Article","@id":"https:\/\/buletin.de\/bucuresti\/meteo-i-vremea-se-incalzeste-la-finalul-saptamanii-vitoare-vor-fi-temperaturi-de-primavara\/#article","isPartOf":{"@id":"https:\/\/buletin.de\/bucuresti\/meteo-i-vremea-se-incalzeste-la-finalul-saptamanii-vitoare-vor-fi-temperaturi-de-primavara\/"},"author":{"name":"Diana Matei","@id":"https:\/\/buletin.de\/bucuresti\/#\/schema\/person\/7e46040573290777280a0835d81ea4ea"},"headline":"METEO I Vremea se \u00eenc\u0103lze\u015fte. La finalul s\u0103pt\u0103m\u00e2nii vitoare vor fi temperaturi de prim\u0103var\u0103","datePublished":"2024-01-28T10:33:27+00:00","mainEntityOfPage":{"@id":"https:\/\/buletin.de\/bucuresti\/meteo-i-vremea-se-incalzeste-la-finalul-saptamanii-vitoare-vor-fi-temperaturi-de-primavara\/"},"wordCount":230,"publisher":{"@id":"https:\/\/buletin.de\/bucuresti\/#organization"},"image":{"@id":"https:\/\/buletin.de\/bucuresti\/meteo-i-vremea-se-incalzeste-la-finalul-saptamanii-vitoare-vor-fi-temperaturi-de-primavara\/#primaryimage"},"thumbnailUrl":"https:\/\/buletin.de\/bucuresti\/wp-content\/uploads\/meteo.jpg","keywords":["anm","anm prognoza meteo","temperaturi de primavara"],"articleSection":["Articole","\u0218tiri"],"inLanguage":"en-GB","copyrightYear":"2024","copyrightHolder":{"@id":"https:\/\/buletin.de\/bucuresti\/#organization"}},{"@type":"WebPage","@id":"https:\/\/buletin.de\/bucuresti\/meteo-i-vremea-se-incalzeste-la-finalul-saptamanii-vitoare-vor-fi-temperaturi-de-primavara\/","url":"https:\/\/buletin.de\/bucuresti\/meteo-i-vremea-se-incalzeste-la-finalul-saptamanii-vitoare-vor-fi-temperaturi-de-primavara\/","name":"METEO I Vremea se \u00eenc\u0103lze\u015fte. La finalul s\u0103pt\u0103m\u00e2nii vitoare vor fi temperaturi de prim\u0103var\u0103 - Buletin de Bucure\u0219ti","isPartOf":{"@id":"https:\/\/buletin.de\/bucuresti\/#website"},"primaryImageOfPage":{"@id":"https:\/\/buletin.de\/bucuresti\/meteo-i-vremea-se-incalzeste-la-finalul-saptamanii-vitoare-vor-fi-temperaturi-de-primavara\/#primaryimage"},"image":{"@id":"https:\/\/buletin.de\/bucuresti\/meteo-i-vremea-se-incalzeste-la-finalul-saptamanii-vitoare-vor-fi-temperaturi-de-primavara\/#primaryimage"},"thumbnailUrl":"https:\/\/buletin.de\/bucuresti\/wp-content\/uploads\/meteo.jpg","datePublished":"2024-01-28T10:33:27+00:00","breadcrumb":{"@id":"https:\/\/buletin.de\/bucuresti\/meteo-i-vremea-se-incalzeste-la-finalul-saptamanii-vitoare-vor-fi-temperaturi-de-primavara\/#breadcrumb"},"inLanguage":"en-GB","potentialAction":[{"@type":"ReadAction","target":["https:\/\/buletin.de\/bucuresti\/meteo-i-vremea-se-incalzeste-la-finalul-saptamanii-vitoare-vor-fi-temperaturi-de-primavara\/"]}]},{"@type":"ImageObject","inLanguage":"en-GB","@id":"https:\/\/buletin.de\/bucuresti\/meteo-i-vremea-se-incalzeste-la-finalul-saptamanii-vitoare-vor-fi-temperaturi-de-primavara\/#primaryimage","url":"https:\/\/buletin.de\/bucuresti\/wp-content\/uploads\/meteo.jpg","contentUrl":"https:\/\/buletin.de\/bucuresti\/wp-content\/uploads\/meteo.jpg","width":1600,"height":1067,"caption":"METEO Vreme cald\u0103, la \u00eenceput de septembrie. Miercuri revine canicula. FOTO: Arhiva"},{"@type":"BreadcrumbList","@id":"https:\/\/buletin.de\/bucuresti\/meteo-i-vremea-se-incalzeste-la-finalul-saptamanii-vitoare-vor-fi-temperaturi-de-primavara\/#breadcrumb","itemListElement":[{"@type":"ListItem","position":1,"name":"Acas\u0103","item":"https:\/\/buletin.de\/bucuresti\/"},{"@type":"ListItem","position":2,"name":"METEO I Vremea se \u00eenc\u0103lze\u015fte. La finalul s\u0103pt\u0103m\u00e2nii vitoare vor fi temperaturi de prim\u0103var\u0103"}]},{"@type":"WebSite","@id":"https:\/\/buletin.de\/bucuresti\/#website","url":"https:\/\/buletin.de\/bucuresti\/","name":"Buletin de Bucure\u0219ti","description":"\u0218tiri \u0219i investiga\u021bii esen\u021biale din capital\u0103","publisher":{"@id":"https:\/\/buletin.de\/bucuresti\/#organization"},"potentialAction":[{"@type":"SearchAction","target":{"@type":"EntryPoint","urlTemplate":"https:\/\/buletin.de\/bucuresti\/?s={search_term_string}"},"query-input":{"@type":"PropertyValueSpecification","valueRequired":true,"valueName":"search_term_string"}}],"inLanguage":"en-GB"},{"@type":"Organization","@id":"https:\/\/buletin.de\/bucuresti\/#organization","name":"Buletin de Bucure\u0219ti","url":"https:\/\/buletin.de\/bucuresti\/","logo":{"@type":"ImageObject","inLanguage":"en-GB","@id":"https:\/\/buletin.de\/bucuresti\/#\/schema\/logo\/image\/","url":"https:\/\/buletin.de\/bucuresti\/wp-content\/uploads\/logo-bdb-full-wide-vernil-transparent.png","contentUrl":"https:\/\/buletin.de\/bucuresti\/wp-content\/uploads\/logo-bdb-full-wide-vernil-transparent.png","width":1782,"height":626,"caption":"Buletin de Bucure\u0219ti"},"image":{"@id":"https:\/\/buletin.de\/bucuresti\/#\/schema\/logo\/image\/"},"sameAs":["https:\/\/www.facebook.com\/buletin.de.buc","https:\/\/www.instagram.com\/buletinde.bucuresti\/"]},{"@type":"Person","@id":"https:\/\/buletin.de\/bucuresti\/#\/schema\/person\/7e46040573290777280a0835d81ea4ea","name":"Diana Matei","image":{"@type":"ImageObject","inLanguage":"en-GB","@id":"https:\/\/buletin.de\/bucuresti\/wp-content\/uploads\/9-2-96x96.jpg1e8590b30871d70e62ebcdaf2eff570c","url":"https:\/\/buletin.de\/bucuresti\/wp-content\/uploads\/9-2-96x96.jpg","contentUrl":"https:\/\/buletin.de\/bucuresti\/wp-content\/uploads\/9-2-96x96.jpg","caption":"Diana Matei"},"url":"https:\/\/buletin.de\/bucuresti\/author\/dianamatei\/"}]}},"authors":[{"term_id":22574,"user_id":49,"is_guest":0,"slug":"dianamatei","display_name":"Diana Matei","avatar_url":"https:\/\/buletin.de\/bucuresti\/wp-content\/uploads\/9-2-96x96.jpg","0":null,"1":"","2":"","3":"","4":"","5":"","6":"","7":"","8":""}],"_links":{"self":[{"href":"https:\/\/buletin.de\/bucuresti\/wp-json\/wp\/v2\/posts\/75697","targetHints":{"allow":["GET"]}}],"collection":[{"href":"https:\/\/buletin.de\/bucuresti\/wp-json\/wp\/v2\/posts"}],"about":[{"href":"https:\/\/buletin.de\/bucuresti\/wp-json\/wp\/v2\/types\/post"}],"author":[{"embeddable":true,"href":"https:\/\/buletin.de\/bucuresti\/wp-json\/wp\/v2\/users\/49"}],"replies":[{"embeddable":true,"href":"https:\/\/buletin.de\/bucuresti\/wp-json\/wp\/v2\/comments?post=75697"}],"version-history":[{"count":2,"href":"https:\/\/buletin.de\/bucuresti\/wp-json\/wp\/v2\/posts\/75697\/revisions"}],"predecessor-version":[{"id":75717,"href":"https:\/\/buletin.de\/bucuresti\/wp-json\/wp\/v2\/posts\/75697\/revisions\/75717"}],"wp:featuredmedia":[{"embeddable":true,"href":"https:\/\/buletin.de\/bucuresti\/wp-json\/wp\/v2\/media\/72604"}],"wp:attachment":[{"href":"https:\/\/buletin.de\/bucuresti\/wp-json\/wp\/v2\/media?parent=75697"}],"wp:term":[{"taxonomy":"category","embeddable":true,"href":"https:\/\/buletin.de\/bucuresti\/wp-json\/wp\/v2\/categories?post=75697"},{"taxonomy":"post_tag","embeddable":true,"href":"https:\/\/buletin.de\/bucuresti\/wp-json\/wp\/v2\/tags?post=75697"},{"taxonomy":"author","embeddable":true,"href":"https:\/\/buletin.de\/bucuresti\/wp-json\/wp\/v2\/ppma_author?post=75697"}],"curies":[{"name":"wp","href":"https:\/\/api.w.org\/{rel}","templated":true}]}}