{"id":75389,"date":"2024-01-25T04:53:45","date_gmt":"2024-01-25T02:53:45","guid":{"rendered":"https:\/\/buletin.de\/bucuresti\/?p=75389"},"modified":"2024-01-25T04:53:46","modified_gmt":"2024-01-25T02:53:46","slug":"george-tuta-este-candidatul-liberalilor-la-sectorul-1-fostul-ofiter-sri-vrea-sa-schimbe-mandatul-de-deputat-pe-cel-de-primar","status":"publish","type":"post","link":"https:\/\/buletin.de\/bucuresti\/george-tuta-este-candidatul-liberalilor-la-sectorul-1-fostul-ofiter-sri-vrea-sa-schimbe-mandatul-de-deputat-pe-cel-de-primar\/","title":{"rendered":"George Tu\u0163\u0103 este candidatul liberalilor la Sectorul 1. Fostul ofi\u021ber SRI vrea s\u0103 schimbe mandatul de deputat pe cel de primar"},"content":{"rendered":"\n<p><strong>George Tu\u0163\u0103, actualmente parlamentar liberal de Ilfov, \u015fi-a anun\u0163at, f\u0103r\u0103 prea multe valuri, pe pagina de Facebook \u015fi pe site-ul PNL Sector 1, candidatura pentru postul de primar al sectorului p\u0103storit acum de Clotilde Armand. <\/strong><\/p>\n\n\n\n<p>Tu\u0163\u0103 a devenit pre\u015fedintele filialei PNL Sector 1 acum o lun\u0103, \u00een locul lui Sebastian Burduja, care de\u0163inea aceast\u0103 func\u0163ie \u00eenc\u0103 din 2019. De altfel, la scurt\u0103 vreme dup\u0103 preluarea func\u0163iei a \u00eenceput s\u0103 participe la \u015fedin\u0163ele de Consiliu Local, de\u015fi func\u0163ia sa public\u0103 este de deputat de Ilfov, chestor \u00een Biroul Permanent al Camerei. <\/p>\n\n\n\n<p>Politicianul de 39 de ani are un CV lapidar, din care iese \u00een eviden\u0163\u0103 o men\u0163iune: 2016-2018 &#8211; Ofi\u0163er \/ UM 0102. Conform <a href=\"https:\/\/www.realitatea.net\/stiri\/actual\/culisele-statului-paralel-cum-a-ajuns-consilierul-sefului-sri-parlamentar-pnl-propulsat-de-organizatia-baronului-de-ilfov-hubert-thuma_62b204fb6f8ecc745c58bab3\">informa\u0163iilor<\/a> ap\u0103rute de-a lungul ultimilor ani \u00een spa\u0163iul public, inclusiv c\u00e2nd Ludovic Orban a fost \u00eentrebat cum de Tu\u0163a a ajuns pe un loc eligibil din Ilfov la alegerile parlamentare, aceast\u0103 activitate militar\u0103 de trei ani este, de fapt, activitate \u00een cadrul SRI. <strong>George Tu\u0163\u0103 a fost, potrivit informa\u0163iilor citate, \u015fef de cabinet al lui Eduard Hellvig<\/strong>, directorul demisionar al serviciului secret. Cei doi se cuno\u015fteau \u00eenc\u0103 din 2012, c\u00e2nd Hellvig era ministrul Dezvolt\u0103rii Regionale.<\/p>\n\n\n\n<p>Conform declara\u0163iei de avere, George Tu\u0163\u0103 are dou\u0103 terenuri intravilane \u00eempreun\u0103 cu so\u0163ia sa, \u00een Otopeni, care \u00eensumeaz\u0103 820 de metri p\u0103tra\u0163i. Tot \u00een Otopeni, cei doi so\u0163i au o cas\u0103 de 170 de metri p\u0103tra\u0163i \u015fi un apartament de 40 de metri p\u0103tra\u0163i. Tu\u0163\u0103 are un BMW din 2014 \u015fi bijuterii de 26.500 de lei. Are \u015fi mai multe depozite \u00een banc\u0103:<\/p>\n\n\n\n<figure class=\"wp-block-image size-full\"><img fetchpriority=\"high\" decoding=\"async\" width=\"687\" height=\"768\" src=\"data:image\/gif;base64,R0lGODlhAQABAAAAACH5BAEKAAEALAAAAAABAAEAAAICTAEAOw==\" data-src=\"https:\/\/buletin.de\/bucuresti\/wp-content\/uploads\/bani-tuta.png\" alt=\"\" class=\"wp-image-75411 lazyload\" data-sizes=\"auto\" data-srcset=\"https:\/\/buletin.de\/bucuresti\/wp-content\/uploads\/bani-tuta.png 687w, https:\/\/buletin.de\/bucuresti\/wp-content\/uploads\/bani-tuta-268x300.png 268w, https:\/\/buletin.de\/bucuresti\/wp-content\/uploads\/bani-tuta-600x671.png 600w, https:\/\/buletin.de\/bucuresti\/wp-content\/uploads\/bani-tuta-20x22.png 20w\" sizes=\"(max-width: 687px) 100vw, 687px\" \/><\/figure>\n\n\n\n<p>Parlamentarul candidat la Prim\u0103rie Sectorului 1 are \u015fi un credit pe care l-a contractat de la o cuno\u015ftin\u0163\u0103 &#8211; 25.000 de euro, scadent \u00een 2028. George Cristian Tu\u0163\u0103 \u00eencaseaz\u0103 anual de la Camera Deputa\u0163ilor 153312 lei, \u00een vreme ce so\u0163ia sa, angajat\u0103 la Casa Asigur\u0103rilor de S\u0103n\u0103tate a Ap\u0103r\u0103rii, Ordinii Publice, Siguran\u0163ei Na\u0163ionale \u015fi Autorit\u0103\u0163ii Judec\u0103tore\u015fti, \u00eencaseaz\u0103, pe an, 55833 de lei.<\/p>\n\n\n\n<p>N\u0103scut \u00een 1984 la Drobeta Turnu-Severin, George Tu\u0163\u0103 este c\u0103s\u0103torit \u015fi are doi copii. <\/p>\n\n\n\n<p><\/p>\n","protected":false},"excerpt":{"rendered":"<p>George Tu\u0163\u0103, actualmente parlamentar liberal de Ilfov, \u015fi-a anun\u0163at, f\u0103r\u0103 prea multe valuri, pe pagina de Facebook \u015fi pe site-ul PNL Sector 1, candidatura pentru postul de primar al sectorului p\u0103storit acum de Clotilde Armand. Tu\u0163\u0103 a devenit pre\u015fedintele filialei PNL Sector 1 acum o lun\u0103, \u00een locul lui Sebastian Burduja, care de\u0163inea aceast\u0103 func\u0163ie [&hellip;]<\/p>\n","protected":false},"author":8,"featured_media":75390,"comment_status":"closed","ping_status":"open","sticky":false,"template":"","format":"standard","meta":{"_acf_changed":false,"inline_featured_image":false,"ngg_post_thumbnail":0,"footnotes":""},"categories":[6994,5762,9025],"tags":[9326,9325],"ppma_author":[22586],"class_list":["post-75389","post","type-post","status-publish","format-standard","has-post-thumbnail","hentry","category-stiri-2","category-main","category-politic","tag-candidat-pnl-sector-1","tag-george-tuta"],"acf":[],"yoast_head":"<!-- This site is optimized with the Yoast SEO Premium plugin v25.3 (Yoast SEO v27.4) - https:\/\/yoast.com\/product\/yoast-seo-premium-wordpress\/ -->\n<title>George Tu\u0163\u0103 este candidatul liberalilor la Sectorul 1. Fostul ofi\u021ber SRI vrea s\u0103 schimbe mandatul de deputat pe cel de primar - Buletin de Bucure\u0219ti<\/title>\n<meta name=\"robots\" content=\"index, follow, max-snippet:-1, max-image-preview:large, max-video-preview:-1\" \/>\n<link rel=\"canonical\" href=\"https:\/\/buletin.de\/bucuresti\/george-tuta-este-candidatul-liberalilor-la-sectorul-1-fostul-ofiter-sri-vrea-sa-schimbe-mandatul-de-deputat-pe-cel-de-primar\/\" \/>\n<meta property=\"og:locale\" content=\"en_GB\" \/>\n<meta property=\"og:type\" content=\"article\" \/>\n<meta property=\"og:title\" content=\"George Tu\u0163\u0103 este candidatul liberalilor la Sectorul 1. Fostul ofi\u021ber SRI vrea s\u0103 schimbe mandatul de deputat pe cel de primar\" \/>\n<meta property=\"og:description\" content=\"George Tu\u0163\u0103, actualmente parlamentar liberal de Ilfov, \u015fi-a anun\u0163at, f\u0103r\u0103 prea multe valuri, pe pagina de Facebook \u015fi pe site-ul PNL Sector 1, candidatura pentru postul de primar al sectorului p\u0103storit acum de Clotilde Armand. Tu\u0163\u0103 a devenit pre\u015fedintele filialei PNL Sector 1 acum o lun\u0103, \u00een locul lui Sebastian Burduja, care de\u0163inea aceast\u0103 func\u0163ie [&hellip;]\" \/>\n<meta property=\"og:url\" content=\"https:\/\/buletin.de\/bucuresti\/george-tuta-este-candidatul-liberalilor-la-sectorul-1-fostul-ofiter-sri-vrea-sa-schimbe-mandatul-de-deputat-pe-cel-de-primar\/\" \/>\n<meta property=\"og:site_name\" content=\"Buletin de Bucure\u0219ti\" \/>\n<meta property=\"article:publisher\" content=\"https:\/\/www.facebook.com\/buletin.de.buc\" \/>\n<meta property=\"article:published_time\" content=\"2024-01-25T02:53:45+00:00\" \/>\n<meta property=\"article:modified_time\" content=\"2024-01-25T02:53:46+00:00\" \/>\n<meta property=\"og:image\" content=\"https:\/\/buletin.de\/bucuresti\/wp-content\/uploads\/George-Tuta.jpg\" \/>\n\t<meta property=\"og:image:width\" content=\"1440\" \/>\n\t<meta property=\"og:image:height\" content=\"808\" \/>\n\t<meta property=\"og:image:type\" content=\"image\/jpeg\" \/>\n<meta name=\"author\" content=\"Ionu\u021b Lepa\" \/>\n<meta name=\"twitter:card\" content=\"summary_large_image\" \/>\n<meta name=\"twitter:label1\" content=\"Written by\" \/>\n\t<meta name=\"twitter:data1\" content=\"Ionu\u021b Lepa\" \/>\n\t<meta name=\"twitter:label2\" content=\"Estimated reading time\" \/>\n\t<meta name=\"twitter:data2\" content=\"2 minutes\" \/>\n<script type=\"application\/ld+json\" class=\"yoast-schema-graph\">{\"@context\":\"https:\\\/\\\/schema.org\",\"@graph\":[{\"@type\":\"Article\",\"@id\":\"https:\\\/\\\/buletin.de\\\/bucuresti\\\/george-tuta-este-candidatul-liberalilor-la-sectorul-1-fostul-ofiter-sri-vrea-sa-schimbe-mandatul-de-deputat-pe-cel-de-primar\\\/#article\",\"isPartOf\":{\"@id\":\"https:\\\/\\\/buletin.de\\\/bucuresti\\\/george-tuta-este-candidatul-liberalilor-la-sectorul-1-fostul-ofiter-sri-vrea-sa-schimbe-mandatul-de-deputat-pe-cel-de-primar\\\/\"},\"author\":{\"name\":\"Ionu\u021b Lepa\",\"@id\":\"https:\\\/\\\/buletin.de\\\/bucuresti\\\/#\\\/schema\\\/person\\\/5272b8a057b33890940b57b837fc4ce6\"},\"headline\":\"George Tu\u0163\u0103 este candidatul liberalilor la Sectorul 1. Fostul ofi\u021ber SRI vrea s\u0103 schimbe mandatul de deputat pe cel de primar\",\"datePublished\":\"2024-01-25T02:53:45+00:00\",\"dateModified\":\"2024-01-25T02:53:46+00:00\",\"mainEntityOfPage\":{\"@id\":\"https:\\\/\\\/buletin.de\\\/bucuresti\\\/george-tuta-este-candidatul-liberalilor-la-sectorul-1-fostul-ofiter-sri-vrea-sa-schimbe-mandatul-de-deputat-pe-cel-de-primar\\\/\"},\"wordCount\":377,\"publisher\":{\"@id\":\"https:\\\/\\\/buletin.de\\\/bucuresti\\\/#organization\"},\"image\":{\"@id\":\"https:\\\/\\\/buletin.de\\\/bucuresti\\\/george-tuta-este-candidatul-liberalilor-la-sectorul-1-fostul-ofiter-sri-vrea-sa-schimbe-mandatul-de-deputat-pe-cel-de-primar\\\/#primaryimage\"},\"thumbnailUrl\":\"https:\\\/\\\/buletin.de\\\/bucuresti\\\/wp-content\\\/uploads\\\/George-Tuta.jpg\",\"keywords\":[\"candidat pnl sector 1\",\"george tuta\"],\"articleSection\":[\"Articole\",\"Main\",\"Politic\"],\"inLanguage\":\"en-GB\",\"copyrightYear\":\"2024\",\"copyrightHolder\":{\"@id\":\"https:\\\/\\\/buletin.de\\\/bucuresti\\\/#organization\"}},{\"@type\":\"WebPage\",\"@id\":\"https:\\\/\\\/buletin.de\\\/bucuresti\\\/george-tuta-este-candidatul-liberalilor-la-sectorul-1-fostul-ofiter-sri-vrea-sa-schimbe-mandatul-de-deputat-pe-cel-de-primar\\\/\",\"url\":\"https:\\\/\\\/buletin.de\\\/bucuresti\\\/george-tuta-este-candidatul-liberalilor-la-sectorul-1-fostul-ofiter-sri-vrea-sa-schimbe-mandatul-de-deputat-pe-cel-de-primar\\\/\",\"name\":\"George Tu\u0163\u0103 este candidatul liberalilor la Sectorul 1. Fostul ofi\u021ber SRI vrea s\u0103 schimbe mandatul de deputat pe cel de primar - Buletin de Bucure\u0219ti\",\"isPartOf\":{\"@id\":\"https:\\\/\\\/buletin.de\\\/bucuresti\\\/#website\"},\"primaryImageOfPage\":{\"@id\":\"https:\\\/\\\/buletin.de\\\/bucuresti\\\/george-tuta-este-candidatul-liberalilor-la-sectorul-1-fostul-ofiter-sri-vrea-sa-schimbe-mandatul-de-deputat-pe-cel-de-primar\\\/#primaryimage\"},\"image\":{\"@id\":\"https:\\\/\\\/buletin.de\\\/bucuresti\\\/george-tuta-este-candidatul-liberalilor-la-sectorul-1-fostul-ofiter-sri-vrea-sa-schimbe-mandatul-de-deputat-pe-cel-de-primar\\\/#primaryimage\"},\"thumbnailUrl\":\"https:\\\/\\\/buletin.de\\\/bucuresti\\\/wp-content\\\/uploads\\\/George-Tuta.jpg\",\"datePublished\":\"2024-01-25T02:53:45+00:00\",\"dateModified\":\"2024-01-25T02:53:46+00:00\",\"breadcrumb\":{\"@id\":\"https:\\\/\\\/buletin.de\\\/bucuresti\\\/george-tuta-este-candidatul-liberalilor-la-sectorul-1-fostul-ofiter-sri-vrea-sa-schimbe-mandatul-de-deputat-pe-cel-de-primar\\\/#breadcrumb\"},\"inLanguage\":\"en-GB\",\"potentialAction\":[{\"@type\":\"ReadAction\",\"target\":[\"https:\\\/\\\/buletin.de\\\/bucuresti\\\/george-tuta-este-candidatul-liberalilor-la-sectorul-1-fostul-ofiter-sri-vrea-sa-schimbe-mandatul-de-deputat-pe-cel-de-primar\\\/\"]}]},{\"@type\":\"ImageObject\",\"inLanguage\":\"en-GB\",\"@id\":\"https:\\\/\\\/buletin.de\\\/bucuresti\\\/george-tuta-este-candidatul-liberalilor-la-sectorul-1-fostul-ofiter-sri-vrea-sa-schimbe-mandatul-de-deputat-pe-cel-de-primar\\\/#primaryimage\",\"url\":\"https:\\\/\\\/buletin.de\\\/bucuresti\\\/wp-content\\\/uploads\\\/George-Tuta.jpg\",\"contentUrl\":\"https:\\\/\\\/buletin.de\\\/bucuresti\\\/wp-content\\\/uploads\\\/George-Tuta.jpg\",\"width\":1440,\"height\":808,\"caption\":\"FOTO: FB \\\/ George Tuta\"},{\"@type\":\"BreadcrumbList\",\"@id\":\"https:\\\/\\\/buletin.de\\\/bucuresti\\\/george-tuta-este-candidatul-liberalilor-la-sectorul-1-fostul-ofiter-sri-vrea-sa-schimbe-mandatul-de-deputat-pe-cel-de-primar\\\/#breadcrumb\",\"itemListElement\":[{\"@type\":\"ListItem\",\"position\":1,\"name\":\"Acas\u0103\",\"item\":\"https:\\\/\\\/buletin.de\\\/bucuresti\\\/\"},{\"@type\":\"ListItem\",\"position\":2,\"name\":\"George Tu\u0163\u0103 este candidatul liberalilor la Sectorul 1. Fostul ofi\u021ber SRI vrea s\u0103 schimbe mandatul de deputat pe cel de primar\"}]},{\"@type\":\"WebSite\",\"@id\":\"https:\\\/\\\/buletin.de\\\/bucuresti\\\/#website\",\"url\":\"https:\\\/\\\/buletin.de\\\/bucuresti\\\/\",\"name\":\"Buletin de Bucure\u0219ti\",\"description\":\"\u0218tiri \u0219i investiga\u021bii esen\u021biale din capital\u0103\",\"publisher\":{\"@id\":\"https:\\\/\\\/buletin.de\\\/bucuresti\\\/#organization\"},\"potentialAction\":[{\"@type\":\"SearchAction\",\"target\":{\"@type\":\"EntryPoint\",\"urlTemplate\":\"https:\\\/\\\/buletin.de\\\/bucuresti\\\/?s={search_term_string}\"},\"query-input\":{\"@type\":\"PropertyValueSpecification\",\"valueRequired\":true,\"valueName\":\"search_term_string\"}}],\"inLanguage\":\"en-GB\"},{\"@type\":\"Organization\",\"@id\":\"https:\\\/\\\/buletin.de\\\/bucuresti\\\/#organization\",\"name\":\"Buletin de Bucure\u0219ti\",\"url\":\"https:\\\/\\\/buletin.de\\\/bucuresti\\\/\",\"logo\":{\"@type\":\"ImageObject\",\"inLanguage\":\"en-GB\",\"@id\":\"https:\\\/\\\/buletin.de\\\/bucuresti\\\/#\\\/schema\\\/logo\\\/image\\\/\",\"url\":\"https:\\\/\\\/buletin.de\\\/bucuresti\\\/wp-content\\\/uploads\\\/logo-bdb-full-wide-vernil-transparent.png\",\"contentUrl\":\"https:\\\/\\\/buletin.de\\\/bucuresti\\\/wp-content\\\/uploads\\\/logo-bdb-full-wide-vernil-transparent.png\",\"width\":1782,\"height\":626,\"caption\":\"Buletin de Bucure\u0219ti\"},\"image\":{\"@id\":\"https:\\\/\\\/buletin.de\\\/bucuresti\\\/#\\\/schema\\\/logo\\\/image\\\/\"},\"sameAs\":[\"https:\\\/\\\/www.facebook.com\\\/buletin.de.buc\",\"https:\\\/\\\/www.instagram.com\\\/buletinde.bucuresti\\\/\"]},{\"@type\":\"Person\",\"@id\":\"https:\\\/\\\/buletin.de\\\/bucuresti\\\/#\\\/schema\\\/person\\\/5272b8a057b33890940b57b837fc4ce6\",\"name\":\"Ionu\u021b Lepa\",\"image\":{\"@type\":\"ImageObject\",\"inLanguage\":\"en-GB\",\"@id\":\"https:\\\/\\\/buletin.de\\\/bucuresti\\\/wp-content\\\/uploads\\\/Ionut-Lepa-96x96.jpg5c4e4d9e049808799a8821652d2410a4\",\"url\":\"https:\\\/\\\/buletin.de\\\/bucuresti\\\/wp-content\\\/uploads\\\/Ionut-Lepa-96x96.jpg\",\"contentUrl\":\"https:\\\/\\\/buletin.de\\\/bucuresti\\\/wp-content\\\/uploads\\\/Ionut-Lepa-96x96.jpg\",\"caption\":\"Ionu\u021b Lepa\"},\"url\":\"https:\\\/\\\/buletin.de\\\/bucuresti\\\/author\\\/ionutlepa\\\/\"}]}<\/script>\n<!-- \/ Yoast SEO Premium plugin. -->","yoast_head_json":{"title":"George Tu\u0163\u0103 este candidatul liberalilor la Sectorul 1. Fostul ofi\u021ber SRI vrea s\u0103 schimbe mandatul de deputat pe cel de primar - Buletin de Bucure\u0219ti","robots":{"index":"index","follow":"follow","max-snippet":"max-snippet:-1","max-image-preview":"max-image-preview:large","max-video-preview":"max-video-preview:-1"},"canonical":"https:\/\/buletin.de\/bucuresti\/george-tuta-este-candidatul-liberalilor-la-sectorul-1-fostul-ofiter-sri-vrea-sa-schimbe-mandatul-de-deputat-pe-cel-de-primar\/","og_locale":"en_GB","og_type":"article","og_title":"George Tu\u0163\u0103 este candidatul liberalilor la Sectorul 1. Fostul ofi\u021ber SRI vrea s\u0103 schimbe mandatul de deputat pe cel de primar","og_description":"George Tu\u0163\u0103, actualmente parlamentar liberal de Ilfov, \u015fi-a anun\u0163at, f\u0103r\u0103 prea multe valuri, pe pagina de Facebook \u015fi pe site-ul PNL Sector 1, candidatura pentru postul de primar al sectorului p\u0103storit acum de Clotilde Armand. Tu\u0163\u0103 a devenit pre\u015fedintele filialei PNL Sector 1 acum o lun\u0103, \u00een locul lui Sebastian Burduja, care de\u0163inea aceast\u0103 func\u0163ie [&hellip;]","og_url":"https:\/\/buletin.de\/bucuresti\/george-tuta-este-candidatul-liberalilor-la-sectorul-1-fostul-ofiter-sri-vrea-sa-schimbe-mandatul-de-deputat-pe-cel-de-primar\/","og_site_name":"Buletin de Bucure\u0219ti","article_publisher":"https:\/\/www.facebook.com\/buletin.de.buc","article_published_time":"2024-01-25T02:53:45+00:00","article_modified_time":"2024-01-25T02:53:46+00:00","og_image":[{"width":1440,"height":808,"url":"https:\/\/buletin.de\/bucuresti\/wp-content\/uploads\/George-Tuta.jpg","type":"image\/jpeg"}],"author":"Ionu\u021b Lepa","twitter_card":"summary_large_image","twitter_misc":{"Written by":"Ionu\u021b Lepa","Estimated reading time":"2 minutes"},"schema":{"@context":"https:\/\/schema.org","@graph":[{"@type":"Article","@id":"https:\/\/buletin.de\/bucuresti\/george-tuta-este-candidatul-liberalilor-la-sectorul-1-fostul-ofiter-sri-vrea-sa-schimbe-mandatul-de-deputat-pe-cel-de-primar\/#article","isPartOf":{"@id":"https:\/\/buletin.de\/bucuresti\/george-tuta-este-candidatul-liberalilor-la-sectorul-1-fostul-ofiter-sri-vrea-sa-schimbe-mandatul-de-deputat-pe-cel-de-primar\/"},"author":{"name":"Ionu\u021b Lepa","@id":"https:\/\/buletin.de\/bucuresti\/#\/schema\/person\/5272b8a057b33890940b57b837fc4ce6"},"headline":"George Tu\u0163\u0103 este candidatul liberalilor la Sectorul 1. Fostul ofi\u021ber SRI vrea s\u0103 schimbe mandatul de deputat pe cel de primar","datePublished":"2024-01-25T02:53:45+00:00","dateModified":"2024-01-25T02:53:46+00:00","mainEntityOfPage":{"@id":"https:\/\/buletin.de\/bucuresti\/george-tuta-este-candidatul-liberalilor-la-sectorul-1-fostul-ofiter-sri-vrea-sa-schimbe-mandatul-de-deputat-pe-cel-de-primar\/"},"wordCount":377,"publisher":{"@id":"https:\/\/buletin.de\/bucuresti\/#organization"},"image":{"@id":"https:\/\/buletin.de\/bucuresti\/george-tuta-este-candidatul-liberalilor-la-sectorul-1-fostul-ofiter-sri-vrea-sa-schimbe-mandatul-de-deputat-pe-cel-de-primar\/#primaryimage"},"thumbnailUrl":"https:\/\/buletin.de\/bucuresti\/wp-content\/uploads\/George-Tuta.jpg","keywords":["candidat pnl sector 1","george tuta"],"articleSection":["Articole","Main","Politic"],"inLanguage":"en-GB","copyrightYear":"2024","copyrightHolder":{"@id":"https:\/\/buletin.de\/bucuresti\/#organization"}},{"@type":"WebPage","@id":"https:\/\/buletin.de\/bucuresti\/george-tuta-este-candidatul-liberalilor-la-sectorul-1-fostul-ofiter-sri-vrea-sa-schimbe-mandatul-de-deputat-pe-cel-de-primar\/","url":"https:\/\/buletin.de\/bucuresti\/george-tuta-este-candidatul-liberalilor-la-sectorul-1-fostul-ofiter-sri-vrea-sa-schimbe-mandatul-de-deputat-pe-cel-de-primar\/","name":"George Tu\u0163\u0103 este candidatul liberalilor la Sectorul 1. Fostul ofi\u021ber SRI vrea s\u0103 schimbe mandatul de deputat pe cel de primar - Buletin de Bucure\u0219ti","isPartOf":{"@id":"https:\/\/buletin.de\/bucuresti\/#website"},"primaryImageOfPage":{"@id":"https:\/\/buletin.de\/bucuresti\/george-tuta-este-candidatul-liberalilor-la-sectorul-1-fostul-ofiter-sri-vrea-sa-schimbe-mandatul-de-deputat-pe-cel-de-primar\/#primaryimage"},"image":{"@id":"https:\/\/buletin.de\/bucuresti\/george-tuta-este-candidatul-liberalilor-la-sectorul-1-fostul-ofiter-sri-vrea-sa-schimbe-mandatul-de-deputat-pe-cel-de-primar\/#primaryimage"},"thumbnailUrl":"https:\/\/buletin.de\/bucuresti\/wp-content\/uploads\/George-Tuta.jpg","datePublished":"2024-01-25T02:53:45+00:00","dateModified":"2024-01-25T02:53:46+00:00","breadcrumb":{"@id":"https:\/\/buletin.de\/bucuresti\/george-tuta-este-candidatul-liberalilor-la-sectorul-1-fostul-ofiter-sri-vrea-sa-schimbe-mandatul-de-deputat-pe-cel-de-primar\/#breadcrumb"},"inLanguage":"en-GB","potentialAction":[{"@type":"ReadAction","target":["https:\/\/buletin.de\/bucuresti\/george-tuta-este-candidatul-liberalilor-la-sectorul-1-fostul-ofiter-sri-vrea-sa-schimbe-mandatul-de-deputat-pe-cel-de-primar\/"]}]},{"@type":"ImageObject","inLanguage":"en-GB","@id":"https:\/\/buletin.de\/bucuresti\/george-tuta-este-candidatul-liberalilor-la-sectorul-1-fostul-ofiter-sri-vrea-sa-schimbe-mandatul-de-deputat-pe-cel-de-primar\/#primaryimage","url":"https:\/\/buletin.de\/bucuresti\/wp-content\/uploads\/George-Tuta.jpg","contentUrl":"https:\/\/buletin.de\/bucuresti\/wp-content\/uploads\/George-Tuta.jpg","width":1440,"height":808,"caption":"FOTO: FB \/ George Tuta"},{"@type":"BreadcrumbList","@id":"https:\/\/buletin.de\/bucuresti\/george-tuta-este-candidatul-liberalilor-la-sectorul-1-fostul-ofiter-sri-vrea-sa-schimbe-mandatul-de-deputat-pe-cel-de-primar\/#breadcrumb","itemListElement":[{"@type":"ListItem","position":1,"name":"Acas\u0103","item":"https:\/\/buletin.de\/bucuresti\/"},{"@type":"ListItem","position":2,"name":"George Tu\u0163\u0103 este candidatul liberalilor la Sectorul 1. Fostul ofi\u021ber SRI vrea s\u0103 schimbe mandatul de deputat pe cel de primar"}]},{"@type":"WebSite","@id":"https:\/\/buletin.de\/bucuresti\/#website","url":"https:\/\/buletin.de\/bucuresti\/","name":"Buletin de Bucure\u0219ti","description":"\u0218tiri \u0219i investiga\u021bii esen\u021biale din capital\u0103","publisher":{"@id":"https:\/\/buletin.de\/bucuresti\/#organization"},"potentialAction":[{"@type":"SearchAction","target":{"@type":"EntryPoint","urlTemplate":"https:\/\/buletin.de\/bucuresti\/?s={search_term_string}"},"query-input":{"@type":"PropertyValueSpecification","valueRequired":true,"valueName":"search_term_string"}}],"inLanguage":"en-GB"},{"@type":"Organization","@id":"https:\/\/buletin.de\/bucuresti\/#organization","name":"Buletin de Bucure\u0219ti","url":"https:\/\/buletin.de\/bucuresti\/","logo":{"@type":"ImageObject","inLanguage":"en-GB","@id":"https:\/\/buletin.de\/bucuresti\/#\/schema\/logo\/image\/","url":"https:\/\/buletin.de\/bucuresti\/wp-content\/uploads\/logo-bdb-full-wide-vernil-transparent.png","contentUrl":"https:\/\/buletin.de\/bucuresti\/wp-content\/uploads\/logo-bdb-full-wide-vernil-transparent.png","width":1782,"height":626,"caption":"Buletin de Bucure\u0219ti"},"image":{"@id":"https:\/\/buletin.de\/bucuresti\/#\/schema\/logo\/image\/"},"sameAs":["https:\/\/www.facebook.com\/buletin.de.buc","https:\/\/www.instagram.com\/buletinde.bucuresti\/"]},{"@type":"Person","@id":"https:\/\/buletin.de\/bucuresti\/#\/schema\/person\/5272b8a057b33890940b57b837fc4ce6","name":"Ionu\u021b Lepa","image":{"@type":"ImageObject","inLanguage":"en-GB","@id":"https:\/\/buletin.de\/bucuresti\/wp-content\/uploads\/Ionut-Lepa-96x96.jpg5c4e4d9e049808799a8821652d2410a4","url":"https:\/\/buletin.de\/bucuresti\/wp-content\/uploads\/Ionut-Lepa-96x96.jpg","contentUrl":"https:\/\/buletin.de\/bucuresti\/wp-content\/uploads\/Ionut-Lepa-96x96.jpg","caption":"Ionu\u021b Lepa"},"url":"https:\/\/buletin.de\/bucuresti\/author\/ionutlepa\/"}]}},"authors":[{"term_id":22586,"user_id":8,"is_guest":0,"slug":"ionutlepa","display_name":"Ionu\u021b Lepa","avatar_url":"https:\/\/buletin.de\/bucuresti\/wp-content\/uploads\/Ionut-Lepa-96x96.jpg","0":null,"1":"","2":"","3":"","4":"","5":"","6":"","7":"","8":""}],"_links":{"self":[{"href":"https:\/\/buletin.de\/bucuresti\/wp-json\/wp\/v2\/posts\/75389","targetHints":{"allow":["GET"]}}],"collection":[{"href":"https:\/\/buletin.de\/bucuresti\/wp-json\/wp\/v2\/posts"}],"about":[{"href":"https:\/\/buletin.de\/bucuresti\/wp-json\/wp\/v2\/types\/post"}],"author":[{"embeddable":true,"href":"https:\/\/buletin.de\/bucuresti\/wp-json\/wp\/v2\/users\/8"}],"replies":[{"embeddable":true,"href":"https:\/\/buletin.de\/bucuresti\/wp-json\/wp\/v2\/comments?post=75389"}],"version-history":[{"count":2,"href":"https:\/\/buletin.de\/bucuresti\/wp-json\/wp\/v2\/posts\/75389\/revisions"}],"predecessor-version":[{"id":75414,"href":"https:\/\/buletin.de\/bucuresti\/wp-json\/wp\/v2\/posts\/75389\/revisions\/75414"}],"wp:featuredmedia":[{"embeddable":true,"href":"https:\/\/buletin.de\/bucuresti\/wp-json\/wp\/v2\/media\/75390"}],"wp:attachment":[{"href":"https:\/\/buletin.de\/bucuresti\/wp-json\/wp\/v2\/media?parent=75389"}],"wp:term":[{"taxonomy":"category","embeddable":true,"href":"https:\/\/buletin.de\/bucuresti\/wp-json\/wp\/v2\/categories?post=75389"},{"taxonomy":"post_tag","embeddable":true,"href":"https:\/\/buletin.de\/bucuresti\/wp-json\/wp\/v2\/tags?post=75389"},{"taxonomy":"author","embeddable":true,"href":"https:\/\/buletin.de\/bucuresti\/wp-json\/wp\/v2\/ppma_author?post=75389"}],"curies":[{"name":"wp","href":"https:\/\/api.w.org\/{rel}","templated":true}]}}