{"id":75367,"date":"2024-01-24T11:23:23","date_gmt":"2024-01-24T09:23:23","guid":{"rendered":"https:\/\/buletin.de\/bucuresti\/?p=75367"},"modified":"2024-01-24T11:23:23","modified_gmt":"2024-01-24T09:23:23","slug":"sector-5-excedent-bugetar-de-13-milioane-de-euro","status":"publish","type":"post","link":"https:\/\/buletin.de\/bucuresti\/sector-5-excedent-bugetar-de-13-milioane-de-euro\/","title":{"rendered":"Sector 5 | Excedent bugetar de 13 milioane de euro"},"content":{"rendered":"\n<p>\u00cen conturile Prim\u0103riei Sectorului 5 au r\u0103mas, la finalul anului bugetar 2023, pu\u021bin peste 13 milioane de euro. Excedentul bugetar, adic\u0103 banii necheltui\u021bi, va fi folosit pentru cheltuielile obiectivelor de dezvoltare \u0219i \u201eacoperirea temporar\u0103 a unor goluri de cas\u0103\u201d.<\/p>\n\n\n\n<p>Potrivit <a href=\"https:\/\/sector5.ro\/hotararea-nr-2-18-01-2024-privind-utilizarea-excedentului-bugetar-aferent-anului-2023-pentru-finantarea-cheltuielilor-sectiunii-de-dezvoltare-a-sectorului-5-al-municipiului-bucuresti\/\">Hot\u0103r\u00e2rii nr. 2,<\/a> adoptat\u0103 \u00een \u0219edin\u021ba de consiliu de joi, 18 ianuarie, Direc\u021bia General\u0103 Economic\u0103 a Prim\u0103riei Sectorului 5 a re\u00eentregit \u0219i calculat excedentul bugetar r\u0103mas la finalul anului 2023. Conform acestora, excedentul se ridic\u0103 la 66.048.376 lei Banii vor fi folosi\u021bi <em>\u201eexclusiv pentru finan\u021barea cheltuielilor sec\u021biunii de dezvoltare aferente obiectivelor de investi\u021bii\u201d<\/em>, potrivit raportului de specialitate aferent hot\u0103r\u00e2rii.\u00a0<\/p>\n\n\n\n<p>Mai exact, banii se vor folosi dup\u0103 cum urmeaz\u0103:&nbsp;<\/p>\n\n\n\n<ul class=\"wp-block-list\">\n<li>ca surs\u0103 de finan\u021bare a cheltuielilor sec\u021biunii de dezvoltare<\/li>\n\n\n\n<li>pentru acoperirea temporar\u0103 a golurilor de cas\u0103 provenit din decalajele \u00eentre venituri \u0219i cheltuielile sec\u021biunilor de func\u021bionare \u0219i dezvoltare \u00een anul curent,&nbsp;<\/li>\n\n\n\n<li>pentru acoperirea definitiv\u0103 a eventualelor deficite ale sec\u021biunilor de func\u021bionare \u0219i dezvoltare, dup\u0103 caz, la sf\u00e2r\u0219itul exerci\u021biului bugetar<\/li>\n<\/ul>\n\n\n\n<p>Sectorul 4 a r\u0103mas, la finalul anului 2023, cu aproape <a href=\"https:\/\/buletin.de\/bucuresti\/sector-4-excedent-bugetar-de-18-milioane-de-euro\/\">89 de milioane de lei<\/a>, pe care primaria de sector \u00eei va folosi pentru finan\u0163area proiectelor f\u0103cute prin Planul Na\u0163ional de Redresare \u015fi Rezilien\u0163\u0103. \u00cen Sectorul 2, excedentul bugetar se ridic\u0103 la <a href=\"https:\/\/buletin.de\/bucuresti\/sector-2-excedent-bugetar-de-aproape-sapte-milioane-de-euro\/\">138 de milioane de lei<\/a>. Banii vor fi folosi\u021bi, ca \u00een cazul sectorului 5, pentru finan\u021barea cheltuielilor sec\u021biunii de dezvoltare.\u00a0<\/p>\n\n\n\n<p><strong>CITE\u015eTE \u015eI: <\/strong><\/p>\n\n\n\n<ul class=\"wp-block-list\">\n<li><a href=\"https:\/\/buletin.de\/bucuresti\/sector-4-excedent-bugetar-de-18-milioane-de-euro\/\">Sector 4 | Excedent bugetar de 18 milioane de euro \u2013 Buletin de Bucure\u0219ti<\/a><\/li>\n\n\n\n<li><a href=\"https:\/\/buletin.de\/bucuresti\/sector-2-excedent-bugetar-de-aproape-sapte-milioane-de-euro\/\">Sector 2 | Excedent bugetar de aproape \u0219apte milioane de euro \u2013 Buletin de Bucure\u0219ti<\/a><\/li>\n<\/ul>\n","protected":false},"excerpt":{"rendered":"<p>\u00cen conturile Prim\u0103riei Sectorului 5 au r\u0103mas, la finalul anului bugetar 2023, pu\u021bin peste 13 milioane de euro. Excedentul bugetar, adic\u0103 banii necheltui\u021bi, va fi folosit pentru cheltuielile obiectivelor de dezvoltare \u0219i \u201eacoperirea temporar\u0103 a unor goluri de cas\u0103\u201d. Potrivit Hot\u0103r\u00e2rii nr. 2, adoptat\u0103 \u00een \u0219edin\u021ba de consiliu de joi, 18 ianuarie, Direc\u021bia General\u0103 Economic\u0103 [&hellip;]<\/p>\n","protected":false},"author":47,"featured_media":50914,"comment_status":"closed","ping_status":"open","sticky":false,"template":"","format":"standard","meta":{"_acf_changed":false,"inline_featured_image":false,"ngg_post_thumbnail":0,"footnotes":""},"categories":[6994,24,62],"tags":[9323,292,8953,34,1998,9324,188],"ppma_author":[22580],"class_list":["post-75367","post","type-post","status-publish","format-standard","has-post-thumbnail","hentry","category-stiri-2","category-primarie","category-stiri","tag-bani-necheltuiti","tag-buget","tag-excedent-bugetar","tag-primaria","tag-primaria-sector-5","tag-ps5","tag-sector-5"],"acf":[],"yoast_head":"<!-- This site is optimized with the Yoast SEO Premium plugin v25.3 (Yoast SEO v27.4) - https:\/\/yoast.com\/product\/yoast-seo-premium-wordpress\/ -->\n<title>Sector 5 | Excedent bugetar de 13 milioane de euro - Buletin de Bucure\u0219ti<\/title>\n<meta name=\"robots\" content=\"index, follow, max-snippet:-1, max-image-preview:large, max-video-preview:-1\" \/>\n<link rel=\"canonical\" href=\"https:\/\/buletin.de\/bucuresti\/sector-5-excedent-bugetar-de-13-milioane-de-euro\/\" \/>\n<meta property=\"og:locale\" content=\"en_GB\" \/>\n<meta property=\"og:type\" content=\"article\" \/>\n<meta property=\"og:title\" content=\"Sector 5 | Excedent bugetar de 13 milioane de euro\" \/>\n<meta property=\"og:description\" content=\"\u00cen conturile Prim\u0103riei Sectorului 5 au r\u0103mas, la finalul anului bugetar 2023, pu\u021bin peste 13 milioane de euro. Excedentul bugetar, adic\u0103 banii necheltui\u021bi, va fi folosit pentru cheltuielile obiectivelor de dezvoltare \u0219i \u201eacoperirea temporar\u0103 a unor goluri de cas\u0103\u201d. Potrivit Hot\u0103r\u00e2rii nr. 2, adoptat\u0103 \u00een \u0219edin\u021ba de consiliu de joi, 18 ianuarie, Direc\u021bia General\u0103 Economic\u0103 [&hellip;]\" \/>\n<meta property=\"og:url\" content=\"https:\/\/buletin.de\/bucuresti\/sector-5-excedent-bugetar-de-13-milioane-de-euro\/\" \/>\n<meta property=\"og:site_name\" content=\"Buletin de Bucure\u0219ti\" \/>\n<meta property=\"article:publisher\" content=\"https:\/\/www.facebook.com\/buletin.de.buc\" \/>\n<meta property=\"article:published_time\" content=\"2024-01-24T09:23:23+00:00\" \/>\n<meta property=\"og:image\" content=\"https:\/\/buletin.de\/bucuresti\/wp-content\/uploads\/sector-5.jpg\" \/>\n\t<meta property=\"og:image:width\" content=\"1600\" \/>\n\t<meta property=\"og:image:height\" content=\"900\" \/>\n\t<meta property=\"og:image:type\" content=\"image\/jpeg\" \/>\n<meta name=\"author\" content=\"Adina C\u0103p\u00eelnean\" \/>\n<meta name=\"twitter:card\" content=\"summary_large_image\" \/>\n<meta name=\"twitter:label1\" content=\"Written by\" \/>\n\t<meta name=\"twitter:data1\" content=\"Adina C\u0103p\u00eelnean\" \/>\n\t<meta name=\"twitter:label2\" content=\"Estimated reading time\" \/>\n\t<meta name=\"twitter:data2\" content=\"1 minute\" \/>\n<script type=\"application\/ld+json\" class=\"yoast-schema-graph\">{\"@context\":\"https:\\\/\\\/schema.org\",\"@graph\":[{\"@type\":\"Article\",\"@id\":\"https:\\\/\\\/buletin.de\\\/bucuresti\\\/sector-5-excedent-bugetar-de-13-milioane-de-euro\\\/#article\",\"isPartOf\":{\"@id\":\"https:\\\/\\\/buletin.de\\\/bucuresti\\\/sector-5-excedent-bugetar-de-13-milioane-de-euro\\\/\"},\"author\":{\"name\":\"Adina C\u0103p\u00eelnean\",\"@id\":\"https:\\\/\\\/buletin.de\\\/bucuresti\\\/#\\\/schema\\\/person\\\/ab174cf6711728e4ee83d672acf9a912\"},\"headline\":\"Sector 5 | Excedent bugetar de 13 milioane de euro\",\"datePublished\":\"2024-01-24T09:23:23+00:00\",\"mainEntityOfPage\":{\"@id\":\"https:\\\/\\\/buletin.de\\\/bucuresti\\\/sector-5-excedent-bugetar-de-13-milioane-de-euro\\\/\"},\"wordCount\":274,\"publisher\":{\"@id\":\"https:\\\/\\\/buletin.de\\\/bucuresti\\\/#organization\"},\"image\":{\"@id\":\"https:\\\/\\\/buletin.de\\\/bucuresti\\\/sector-5-excedent-bugetar-de-13-milioane-de-euro\\\/#primaryimage\"},\"thumbnailUrl\":\"https:\\\/\\\/buletin.de\\\/bucuresti\\\/wp-content\\\/uploads\\\/sector-5.jpg\",\"keywords\":[\"bani necheltuiti\",\"buget\",\"excedent bugetar\",\"primaria\",\"primaria sector 5\",\"ps5\",\"Sector 5\"],\"articleSection\":[\"Articole\",\"Prim\u0103rie\",\"\u0218tiri\"],\"inLanguage\":\"en-GB\",\"copyrightYear\":\"2024\",\"copyrightHolder\":{\"@id\":\"https:\\\/\\\/buletin.de\\\/bucuresti\\\/#organization\"}},{\"@type\":\"WebPage\",\"@id\":\"https:\\\/\\\/buletin.de\\\/bucuresti\\\/sector-5-excedent-bugetar-de-13-milioane-de-euro\\\/\",\"url\":\"https:\\\/\\\/buletin.de\\\/bucuresti\\\/sector-5-excedent-bugetar-de-13-milioane-de-euro\\\/\",\"name\":\"Sector 5 | Excedent bugetar de 13 milioane de euro - Buletin de Bucure\u0219ti\",\"isPartOf\":{\"@id\":\"https:\\\/\\\/buletin.de\\\/bucuresti\\\/#website\"},\"primaryImageOfPage\":{\"@id\":\"https:\\\/\\\/buletin.de\\\/bucuresti\\\/sector-5-excedent-bugetar-de-13-milioane-de-euro\\\/#primaryimage\"},\"image\":{\"@id\":\"https:\\\/\\\/buletin.de\\\/bucuresti\\\/sector-5-excedent-bugetar-de-13-milioane-de-euro\\\/#primaryimage\"},\"thumbnailUrl\":\"https:\\\/\\\/buletin.de\\\/bucuresti\\\/wp-content\\\/uploads\\\/sector-5.jpg\",\"datePublished\":\"2024-01-24T09:23:23+00:00\",\"breadcrumb\":{\"@id\":\"https:\\\/\\\/buletin.de\\\/bucuresti\\\/sector-5-excedent-bugetar-de-13-milioane-de-euro\\\/#breadcrumb\"},\"inLanguage\":\"en-GB\",\"potentialAction\":[{\"@type\":\"ReadAction\",\"target\":[\"https:\\\/\\\/buletin.de\\\/bucuresti\\\/sector-5-excedent-bugetar-de-13-milioane-de-euro\\\/\"]}]},{\"@type\":\"ImageObject\",\"inLanguage\":\"en-GB\",\"@id\":\"https:\\\/\\\/buletin.de\\\/bucuresti\\\/sector-5-excedent-bugetar-de-13-milioane-de-euro\\\/#primaryimage\",\"url\":\"https:\\\/\\\/buletin.de\\\/bucuresti\\\/wp-content\\\/uploads\\\/sector-5.jpg\",\"contentUrl\":\"https:\\\/\\\/buletin.de\\\/bucuresti\\\/wp-content\\\/uploads\\\/sector-5.jpg\",\"width\":1600,\"height\":900},{\"@type\":\"BreadcrumbList\",\"@id\":\"https:\\\/\\\/buletin.de\\\/bucuresti\\\/sector-5-excedent-bugetar-de-13-milioane-de-euro\\\/#breadcrumb\",\"itemListElement\":[{\"@type\":\"ListItem\",\"position\":1,\"name\":\"Acas\u0103\",\"item\":\"https:\\\/\\\/buletin.de\\\/bucuresti\\\/\"},{\"@type\":\"ListItem\",\"position\":2,\"name\":\"Sector 5 | Excedent bugetar de 13 milioane de euro\"}]},{\"@type\":\"WebSite\",\"@id\":\"https:\\\/\\\/buletin.de\\\/bucuresti\\\/#website\",\"url\":\"https:\\\/\\\/buletin.de\\\/bucuresti\\\/\",\"name\":\"Buletin de Bucure\u0219ti\",\"description\":\"\u0218tiri \u0219i investiga\u021bii esen\u021biale din capital\u0103\",\"publisher\":{\"@id\":\"https:\\\/\\\/buletin.de\\\/bucuresti\\\/#organization\"},\"potentialAction\":[{\"@type\":\"SearchAction\",\"target\":{\"@type\":\"EntryPoint\",\"urlTemplate\":\"https:\\\/\\\/buletin.de\\\/bucuresti\\\/?s={search_term_string}\"},\"query-input\":{\"@type\":\"PropertyValueSpecification\",\"valueRequired\":true,\"valueName\":\"search_term_string\"}}],\"inLanguage\":\"en-GB\"},{\"@type\":\"Organization\",\"@id\":\"https:\\\/\\\/buletin.de\\\/bucuresti\\\/#organization\",\"name\":\"Buletin de Bucure\u0219ti\",\"url\":\"https:\\\/\\\/buletin.de\\\/bucuresti\\\/\",\"logo\":{\"@type\":\"ImageObject\",\"inLanguage\":\"en-GB\",\"@id\":\"https:\\\/\\\/buletin.de\\\/bucuresti\\\/#\\\/schema\\\/logo\\\/image\\\/\",\"url\":\"https:\\\/\\\/buletin.de\\\/bucuresti\\\/wp-content\\\/uploads\\\/logo-bdb-full-wide-vernil-transparent.png\",\"contentUrl\":\"https:\\\/\\\/buletin.de\\\/bucuresti\\\/wp-content\\\/uploads\\\/logo-bdb-full-wide-vernil-transparent.png\",\"width\":1782,\"height\":626,\"caption\":\"Buletin de Bucure\u0219ti\"},\"image\":{\"@id\":\"https:\\\/\\\/buletin.de\\\/bucuresti\\\/#\\\/schema\\\/logo\\\/image\\\/\"},\"sameAs\":[\"https:\\\/\\\/www.facebook.com\\\/buletin.de.buc\",\"https:\\\/\\\/www.instagram.com\\\/buletinde.bucuresti\\\/\"]},{\"@type\":\"Person\",\"@id\":\"https:\\\/\\\/buletin.de\\\/bucuresti\\\/#\\\/schema\\\/person\\\/ab174cf6711728e4ee83d672acf9a912\",\"name\":\"Adina C\u0103p\u00eelnean\",\"image\":{\"@type\":\"ImageObject\",\"inLanguage\":\"en-GB\",\"@id\":\"https:\\\/\\\/secure.gravatar.com\\\/avatar\\\/4fe9675d6282fd7c1aa4e486a037d532d5728fc16a30360f293eb6126b2e73ad?s=96&d=monsterid&r=ge2b23868508aec3460d3c6a11d3b599a\",\"url\":\"https:\\\/\\\/secure.gravatar.com\\\/avatar\\\/4fe9675d6282fd7c1aa4e486a037d532d5728fc16a30360f293eb6126b2e73ad?s=96&d=monsterid&r=g\",\"contentUrl\":\"https:\\\/\\\/secure.gravatar.com\\\/avatar\\\/4fe9675d6282fd7c1aa4e486a037d532d5728fc16a30360f293eb6126b2e73ad?s=96&d=monsterid&r=g\",\"caption\":\"Adina C\u0103p\u00eelnean\"},\"url\":\"https:\\\/\\\/buletin.de\\\/bucuresti\\\/author\\\/adinacapilnean\\\/\"}]}<\/script>\n<!-- \/ Yoast SEO Premium plugin. -->","yoast_head_json":{"title":"Sector 5 | Excedent bugetar de 13 milioane de euro - Buletin de Bucure\u0219ti","robots":{"index":"index","follow":"follow","max-snippet":"max-snippet:-1","max-image-preview":"max-image-preview:large","max-video-preview":"max-video-preview:-1"},"canonical":"https:\/\/buletin.de\/bucuresti\/sector-5-excedent-bugetar-de-13-milioane-de-euro\/","og_locale":"en_GB","og_type":"article","og_title":"Sector 5 | Excedent bugetar de 13 milioane de euro","og_description":"\u00cen conturile Prim\u0103riei Sectorului 5 au r\u0103mas, la finalul anului bugetar 2023, pu\u021bin peste 13 milioane de euro. Excedentul bugetar, adic\u0103 banii necheltui\u021bi, va fi folosit pentru cheltuielile obiectivelor de dezvoltare \u0219i \u201eacoperirea temporar\u0103 a unor goluri de cas\u0103\u201d. Potrivit Hot\u0103r\u00e2rii nr. 2, adoptat\u0103 \u00een \u0219edin\u021ba de consiliu de joi, 18 ianuarie, Direc\u021bia General\u0103 Economic\u0103 [&hellip;]","og_url":"https:\/\/buletin.de\/bucuresti\/sector-5-excedent-bugetar-de-13-milioane-de-euro\/","og_site_name":"Buletin de Bucure\u0219ti","article_publisher":"https:\/\/www.facebook.com\/buletin.de.buc","article_published_time":"2024-01-24T09:23:23+00:00","og_image":[{"width":1600,"height":900,"url":"https:\/\/buletin.de\/bucuresti\/wp-content\/uploads\/sector-5.jpg","type":"image\/jpeg"}],"author":"Adina C\u0103p\u00eelnean","twitter_card":"summary_large_image","twitter_misc":{"Written by":"Adina C\u0103p\u00eelnean","Estimated reading time":"1 minute"},"schema":{"@context":"https:\/\/schema.org","@graph":[{"@type":"Article","@id":"https:\/\/buletin.de\/bucuresti\/sector-5-excedent-bugetar-de-13-milioane-de-euro\/#article","isPartOf":{"@id":"https:\/\/buletin.de\/bucuresti\/sector-5-excedent-bugetar-de-13-milioane-de-euro\/"},"author":{"name":"Adina C\u0103p\u00eelnean","@id":"https:\/\/buletin.de\/bucuresti\/#\/schema\/person\/ab174cf6711728e4ee83d672acf9a912"},"headline":"Sector 5 | Excedent bugetar de 13 milioane de euro","datePublished":"2024-01-24T09:23:23+00:00","mainEntityOfPage":{"@id":"https:\/\/buletin.de\/bucuresti\/sector-5-excedent-bugetar-de-13-milioane-de-euro\/"},"wordCount":274,"publisher":{"@id":"https:\/\/buletin.de\/bucuresti\/#organization"},"image":{"@id":"https:\/\/buletin.de\/bucuresti\/sector-5-excedent-bugetar-de-13-milioane-de-euro\/#primaryimage"},"thumbnailUrl":"https:\/\/buletin.de\/bucuresti\/wp-content\/uploads\/sector-5.jpg","keywords":["bani necheltuiti","buget","excedent bugetar","primaria","primaria sector 5","ps5","Sector 5"],"articleSection":["Articole","Prim\u0103rie","\u0218tiri"],"inLanguage":"en-GB","copyrightYear":"2024","copyrightHolder":{"@id":"https:\/\/buletin.de\/bucuresti\/#organization"}},{"@type":"WebPage","@id":"https:\/\/buletin.de\/bucuresti\/sector-5-excedent-bugetar-de-13-milioane-de-euro\/","url":"https:\/\/buletin.de\/bucuresti\/sector-5-excedent-bugetar-de-13-milioane-de-euro\/","name":"Sector 5 | Excedent bugetar de 13 milioane de euro - Buletin de Bucure\u0219ti","isPartOf":{"@id":"https:\/\/buletin.de\/bucuresti\/#website"},"primaryImageOfPage":{"@id":"https:\/\/buletin.de\/bucuresti\/sector-5-excedent-bugetar-de-13-milioane-de-euro\/#primaryimage"},"image":{"@id":"https:\/\/buletin.de\/bucuresti\/sector-5-excedent-bugetar-de-13-milioane-de-euro\/#primaryimage"},"thumbnailUrl":"https:\/\/buletin.de\/bucuresti\/wp-content\/uploads\/sector-5.jpg","datePublished":"2024-01-24T09:23:23+00:00","breadcrumb":{"@id":"https:\/\/buletin.de\/bucuresti\/sector-5-excedent-bugetar-de-13-milioane-de-euro\/#breadcrumb"},"inLanguage":"en-GB","potentialAction":[{"@type":"ReadAction","target":["https:\/\/buletin.de\/bucuresti\/sector-5-excedent-bugetar-de-13-milioane-de-euro\/"]}]},{"@type":"ImageObject","inLanguage":"en-GB","@id":"https:\/\/buletin.de\/bucuresti\/sector-5-excedent-bugetar-de-13-milioane-de-euro\/#primaryimage","url":"https:\/\/buletin.de\/bucuresti\/wp-content\/uploads\/sector-5.jpg","contentUrl":"https:\/\/buletin.de\/bucuresti\/wp-content\/uploads\/sector-5.jpg","width":1600,"height":900},{"@type":"BreadcrumbList","@id":"https:\/\/buletin.de\/bucuresti\/sector-5-excedent-bugetar-de-13-milioane-de-euro\/#breadcrumb","itemListElement":[{"@type":"ListItem","position":1,"name":"Acas\u0103","item":"https:\/\/buletin.de\/bucuresti\/"},{"@type":"ListItem","position":2,"name":"Sector 5 | Excedent bugetar de 13 milioane de euro"}]},{"@type":"WebSite","@id":"https:\/\/buletin.de\/bucuresti\/#website","url":"https:\/\/buletin.de\/bucuresti\/","name":"Buletin de Bucure\u0219ti","description":"\u0218tiri \u0219i investiga\u021bii esen\u021biale din capital\u0103","publisher":{"@id":"https:\/\/buletin.de\/bucuresti\/#organization"},"potentialAction":[{"@type":"SearchAction","target":{"@type":"EntryPoint","urlTemplate":"https:\/\/buletin.de\/bucuresti\/?s={search_term_string}"},"query-input":{"@type":"PropertyValueSpecification","valueRequired":true,"valueName":"search_term_string"}}],"inLanguage":"en-GB"},{"@type":"Organization","@id":"https:\/\/buletin.de\/bucuresti\/#organization","name":"Buletin de Bucure\u0219ti","url":"https:\/\/buletin.de\/bucuresti\/","logo":{"@type":"ImageObject","inLanguage":"en-GB","@id":"https:\/\/buletin.de\/bucuresti\/#\/schema\/logo\/image\/","url":"https:\/\/buletin.de\/bucuresti\/wp-content\/uploads\/logo-bdb-full-wide-vernil-transparent.png","contentUrl":"https:\/\/buletin.de\/bucuresti\/wp-content\/uploads\/logo-bdb-full-wide-vernil-transparent.png","width":1782,"height":626,"caption":"Buletin de Bucure\u0219ti"},"image":{"@id":"https:\/\/buletin.de\/bucuresti\/#\/schema\/logo\/image\/"},"sameAs":["https:\/\/www.facebook.com\/buletin.de.buc","https:\/\/www.instagram.com\/buletinde.bucuresti\/"]},{"@type":"Person","@id":"https:\/\/buletin.de\/bucuresti\/#\/schema\/person\/ab174cf6711728e4ee83d672acf9a912","name":"Adina C\u0103p\u00eelnean","image":{"@type":"ImageObject","inLanguage":"en-GB","@id":"https:\/\/secure.gravatar.com\/avatar\/4fe9675d6282fd7c1aa4e486a037d532d5728fc16a30360f293eb6126b2e73ad?s=96&d=monsterid&r=ge2b23868508aec3460d3c6a11d3b599a","url":"https:\/\/secure.gravatar.com\/avatar\/4fe9675d6282fd7c1aa4e486a037d532d5728fc16a30360f293eb6126b2e73ad?s=96&d=monsterid&r=g","contentUrl":"https:\/\/secure.gravatar.com\/avatar\/4fe9675d6282fd7c1aa4e486a037d532d5728fc16a30360f293eb6126b2e73ad?s=96&d=monsterid&r=g","caption":"Adina C\u0103p\u00eelnean"},"url":"https:\/\/buletin.de\/bucuresti\/author\/adinacapilnean\/"}]}},"authors":[{"term_id":22580,"user_id":47,"is_guest":0,"slug":"adinacapilnean","display_name":"Adina C\u0103p\u00eelnean","avatar_url":"https:\/\/secure.gravatar.com\/avatar\/4fe9675d6282fd7c1aa4e486a037d532d5728fc16a30360f293eb6126b2e73ad?s=96&d=monsterid&r=g","0":null,"1":"","2":"","3":"","4":"","5":"","6":"","7":"","8":""}],"_links":{"self":[{"href":"https:\/\/buletin.de\/bucuresti\/wp-json\/wp\/v2\/posts\/75367","targetHints":{"allow":["GET"]}}],"collection":[{"href":"https:\/\/buletin.de\/bucuresti\/wp-json\/wp\/v2\/posts"}],"about":[{"href":"https:\/\/buletin.de\/bucuresti\/wp-json\/wp\/v2\/types\/post"}],"author":[{"embeddable":true,"href":"https:\/\/buletin.de\/bucuresti\/wp-json\/wp\/v2\/users\/47"}],"replies":[{"embeddable":true,"href":"https:\/\/buletin.de\/bucuresti\/wp-json\/wp\/v2\/comments?post=75367"}],"version-history":[{"count":2,"href":"https:\/\/buletin.de\/bucuresti\/wp-json\/wp\/v2\/posts\/75367\/revisions"}],"predecessor-version":[{"id":75372,"href":"https:\/\/buletin.de\/bucuresti\/wp-json\/wp\/v2\/posts\/75367\/revisions\/75372"}],"wp:featuredmedia":[{"embeddable":true,"href":"https:\/\/buletin.de\/bucuresti\/wp-json\/wp\/v2\/media\/50914"}],"wp:attachment":[{"href":"https:\/\/buletin.de\/bucuresti\/wp-json\/wp\/v2\/media?parent=75367"}],"wp:term":[{"taxonomy":"category","embeddable":true,"href":"https:\/\/buletin.de\/bucuresti\/wp-json\/wp\/v2\/categories?post=75367"},{"taxonomy":"post_tag","embeddable":true,"href":"https:\/\/buletin.de\/bucuresti\/wp-json\/wp\/v2\/tags?post=75367"},{"taxonomy":"author","embeddable":true,"href":"https:\/\/buletin.de\/bucuresti\/wp-json\/wp\/v2\/ppma_author?post=75367"}],"curies":[{"name":"wp","href":"https:\/\/api.w.org\/{rel}","templated":true}]}}