{"id":75211,"date":"2024-01-23T05:00:00","date_gmt":"2024-01-23T03:00:00","guid":{"rendered":"https:\/\/buletin.de\/bucuresti\/?p=75211"},"modified":"2024-01-22T22:37:20","modified_gmt":"2024-01-22T20:37:20","slug":"fosta-sefa-de-la-achizitii-din-spitalul-obregia-a-primit-5-ani-de-inchisoare-pentru-abuz-in-serviciu-in-prima-instanta","status":"publish","type":"post","link":"https:\/\/buletin.de\/bucuresti\/fosta-sefa-de-la-achizitii-din-spitalul-obregia-a-primit-5-ani-de-inchisoare-pentru-abuz-in-serviciu-in-prima-instanta\/","title":{"rendered":"Fosta \u0219ef\u0103 de la Achizi\u021bii din Spitalul Obregia a primit 5 ani de \u00eenchisoare pentru abuz \u00een serviciu, \u00een prim\u0103 instan\u0163\u0103"},"content":{"rendered":"\n<p><strong>Fosta \u0219ef\u0103 a serviciului de Achizi\u021bii din cadrul Spitalului Clinic de Psihiatrie \u201eProf. Dr. Alexandru Obregia\u201d a fost condamnat\u0103 la cinci ani de \u00eenchisoare cu executare, potrivit <a href=\"https:\/\/agerpres.ro\/justitie\/2024\/01\/22\/fosta-sefa-de-achizitii-la-spitalul-obregia-condamnata-la-5-ani-inchisoare-pentru-acordare-de-contracte-cu-dedicatie--1236479\">Agerpres<\/a>. Sentin\u021ba vine \u00een contextul unui dosar trimis spre judecare \u00een 2019, \u00een care aceasta era acuzat\u0103 de s\u0103v\u00e2r\u0219irea infrac\u021biunii de abuz \u00een serviciu \u00een form\u0103 continuat\u0103, \u00een perioada iunie 2011 \u2013 decembrie 2016. Decizia nu este definitiv\u0103.<\/strong><\/p>\n\n\n\n<p>Pe l\u00e2ng\u0103 cei cinci ani de \u00eenchisoare, pe latura civil\u0103, instan\u021ba o oblig\u0103 pe Elena Faur s\u0103 pl\u0103teasc\u0103 4,8 milioane lei daune materiale spitalului, din care o parte \u00een solidar cu ceilal\u021bi inculpa\u021bi, potrivit aceleia\u0219i surse, acesta fiind \u0219i prejudiciul cauzat spitalului. Direc\u021bia Na\u021bional\u0103 Anticorup\u021bie o acuza pe Faur c\u0103 a acordat preferen\u0163ial unor firme <em>\u201eagreate\u201d<\/em> contracte pentru achizi\u0163ii de produse, la pre\u0163uri mai mari \u0219i de 10 ori fa\u021b\u0103 de oferta real\u0103.\u00a0<\/p>\n\n\n\n<p>Cu ajutorul inculpa\u021bilor \u0218tefu Camelia, Tacu Nicolae \u0219i Grigore Ion, administratori ai societ\u0103\u021bilor care au beneficiat de contractele de achizi\u021bii, aceasta a <em>\u201ecreat aparen\u021ba derul\u0103rii unor proceduri legale\u201d<\/em>. Cei din urm\u0103 inculpa\u021bi au \u00eentocmit oferte de pre\u021b <em>\u201estabilit \u00een mod inten\u021bionat mai mare dec\u00e2t cel propus de societatea pe care o administrau\u201d<\/em>: <strong>\u00een urma supraevalu\u0103rii, pre\u021burile erau mai mari cu 200% p\u00e2n\u0103 la 1.100%, <\/strong>potrivit <a href=\"https:\/\/www.pna.ro\/comunicat.xhtml?id=9301\">comunicatului DNA.&nbsp;<\/a><\/p>\n\n\n\n<p>Cei trei au fost condamna\u021bi cu suspendare pentru complicitate la abuz \u00een serviciu. Mai mult, firmele pe care ace\u0219tia le administrau au fost obligate la plata unor amenzi penale, dup\u0103 cum urmeaz\u0103: Freemac Med SRL &#8211; 90.000 lei, Trendy Alien SRL &#8211; 50.000 lei, Frigoterm Eco Service SRL &#8211; 50.000 lei, Sorel 99 SRL &#8211; 50.000 lei, spune <a href=\"https:\/\/agerpres.ro\/justitie\/2024\/01\/22\/fosta-sefa-de-achizitii-la-spitalul-obregia-condamnata-la-5-ani-inchisoare-pentru-acordare-de-contracte-cu-dedicatie--1236479\">Agerpres<\/a>.<\/p>\n\n\n\n<p>\u00cen cazul \u0219efului Serviciului Administrativ \u0219i pre\u0219edinte al comisiei de recep\u021bie a serviciilor prestate de la acea vreme, Popescu Claudiu Cristian Alexandru, faptele au fost prescrise. Acesta era acuzat \u00een cadrul dosarului pentru fals intelectual: respectivul a semnat opt procese verbale de recep\u021bie, pentru servicii din contracte \u00eencheiate cu SC Trendy Alien SRL <em>\u201e<\/em><strong><em>atest\u00e2nd, contrar adev\u0103rului, c\u0103 serviciile au fost prestate, iar prestatorul \u015fi-a \u00eendeplinit obliga\u0163iile asumate\u201d<\/em><\/strong>. <strong>Acesta \u0219i-a convins colegii din aceea\u0219i comisie s\u0103 semneze \u0219i ei procesele.&nbsp;<\/strong><\/p>\n\n\n\n<p>Unul dintre administratorii societ\u0103\u021bilor implicate, Gherache Mircea Emilian, a \u00eencheiat un acord de recunoa\u0219tere a vinov\u0103\u021biei cu procurorii DNA \u00een 2019, primind, la acea vreme <em>2 ani de \u00eenchisoare cu suspendarea execut\u0103rii pedepsei sub supraveghere, pe durata unui termen de supraveghere de 3 ani \u0219i interzicerea, pe o perioad\u0103 de 3 ani de a ocup\u0103 func\u021bii publice sau o func\u021bie care implic\u0103 exerci\u021biul autorit\u0103\u021bii de stat.<\/em><\/p>\n\n\n\n<p><\/p>\n\n\n\n<p><strong>CITE\u015eTE \u015eI:<\/strong><\/p>\n\n\n\n<figure class=\"wp-block-embed is-type-wp-embed is-provider-buletin-de-bucure-ti wp-block-embed-buletin-de-bucure-ti\"><div class=\"wp-block-embed__wrapper\">\n<blockquote class=\"wp-embedded-content\" data-secret=\"BWpbKVC9tH\"><a href=\"https:\/\/buletin.de\/bucuresti\/dna-calca-iar-assmb-ul-perchezitii-la-institutia-care-coordoneaza-spitalele-bucurestene-si-la-coltea-si-sf-luca-surse\/\">DNA calc\u0103 iar ASSMB-ul: Perchezi\u0163ii la institu\u0163ia care coordoneaz\u0103 spitalele bucure\u015ftene \u015fi la Col\u0163ea \u015fi Sf. Luca (surse)<\/a><\/blockquote><iframe class=\"wp-embedded-content\" sandbox=\"allow-scripts\" security=\"restricted\" style=\"position: absolute; clip: rect(1px, 1px, 1px, 1px);\" title=\"&#8220;DNA calc\u0103 iar ASSMB-ul: Perchezi\u0163ii la institu\u0163ia care coordoneaz\u0103 spitalele bucure\u015ftene \u015fi la Col\u0163ea \u015fi Sf. Luca (surse)&#8221; &#8212; Buletin de Bucure\u0219ti\" src=\"https:\/\/buletin.de\/bucuresti\/dna-calca-iar-assmb-ul-perchezitii-la-institutia-care-coordoneaza-spitalele-bucurestene-si-la-coltea-si-sf-luca-surse\/embed\/#?secret=cGLNZdloyw#?secret=BWpbKVC9tH\" data-secret=\"BWpbKVC9tH\" width=\"600\" height=\"338\" frameborder=\"0\" marginwidth=\"0\" marginheight=\"0\" scrolling=\"no\"><\/iframe>\n<\/div><\/figure>\n","protected":false},"excerpt":{"rendered":"<p>Fosta \u0219ef\u0103 a serviciului de Achizi\u021bii din cadrul Spitalului Clinic de Psihiatrie \u201eProf. Dr. Alexandru Obregia\u201d a fost condamnat\u0103 la cinci ani de \u00eenchisoare cu executare, potrivit Agerpres. Sentin\u021ba vine \u00een contextul unui dosar trimis spre judecare \u00een 2019, \u00een care aceasta era acuzat\u0103 de s\u0103v\u00e2r\u0219irea infrac\u021biunii de abuz \u00een serviciu \u00een form\u0103 continuat\u0103, \u00een [&hellip;]<\/p>\n","protected":false},"author":47,"featured_media":48630,"comment_status":"closed","ping_status":"open","sticky":false,"template":"","format":"standard","meta":{"_acf_changed":false,"inline_featured_image":false,"ngg_post_thumbnail":0,"footnotes":""},"categories":[6994,62],"tags":[234,7504,875,1460,9286,9287,1916,1449],"ppma_author":[22580],"class_list":["post-75211","post","type-post","status-publish","format-standard","has-post-thumbnail","hentry","category-stiri-2","category-stiri","tag-achizitii-publice","tag-directia-nationala-anticoruptie","tag-dna","tag-dosar","tag-obregia","tag-sentinta","tag-suprapret","tag-tribunal"],"acf":[],"yoast_head":"<!-- This site is optimized with the Yoast SEO Premium plugin v25.3 (Yoast SEO v27.4) - https:\/\/yoast.com\/product\/yoast-seo-premium-wordpress\/ -->\n<title>Fosta \u0219ef\u0103 de la Achizi\u021bii din Spitalul Obregia a primit 5 ani de \u00eenchisoare pentru abuz \u00een serviciu, \u00een prim\u0103 instan\u0163\u0103 - Buletin de Bucure\u0219ti<\/title>\n<meta name=\"robots\" content=\"index, follow, max-snippet:-1, max-image-preview:large, max-video-preview:-1\" \/>\n<link rel=\"canonical\" href=\"https:\/\/buletin.de\/bucuresti\/fosta-sefa-de-la-achizitii-din-spitalul-obregia-a-primit-5-ani-de-inchisoare-pentru-abuz-in-serviciu-in-prima-instanta\/\" \/>\n<meta property=\"og:locale\" content=\"en_GB\" \/>\n<meta property=\"og:type\" content=\"article\" \/>\n<meta property=\"og:title\" content=\"Fosta \u0219ef\u0103 de la Achizi\u021bii din Spitalul Obregia a primit 5 ani de \u00eenchisoare pentru abuz \u00een serviciu, \u00een prim\u0103 instan\u0163\u0103\" \/>\n<meta property=\"og:description\" content=\"Fosta \u0219ef\u0103 a serviciului de Achizi\u021bii din cadrul Spitalului Clinic de Psihiatrie \u201eProf. Dr. Alexandru Obregia\u201d a fost condamnat\u0103 la cinci ani de \u00eenchisoare cu executare, potrivit Agerpres. Sentin\u021ba vine \u00een contextul unui dosar trimis spre judecare \u00een 2019, \u00een care aceasta era acuzat\u0103 de s\u0103v\u00e2r\u0219irea infrac\u021biunii de abuz \u00een serviciu \u00een form\u0103 continuat\u0103, \u00een [&hellip;]\" \/>\n<meta property=\"og:url\" content=\"https:\/\/buletin.de\/bucuresti\/fosta-sefa-de-la-achizitii-din-spitalul-obregia-a-primit-5-ani-de-inchisoare-pentru-abuz-in-serviciu-in-prima-instanta\/\" \/>\n<meta property=\"og:site_name\" content=\"Buletin de Bucure\u0219ti\" \/>\n<meta property=\"article:publisher\" content=\"https:\/\/www.facebook.com\/buletin.de.buc\" \/>\n<meta property=\"article:published_time\" content=\"2024-01-23T03:00:00+00:00\" \/>\n<meta property=\"og:image\" content=\"https:\/\/buletin.de\/bucuresti\/wp-content\/uploads\/317069783_680641240078960_7289688891512442945_n.jpg\" \/>\n\t<meta property=\"og:image:width\" content=\"1600\" \/>\n\t<meta property=\"og:image:height\" content=\"1066\" \/>\n\t<meta property=\"og:image:type\" content=\"image\/jpeg\" \/>\n<meta name=\"author\" content=\"Adina C\u0103p\u00eelnean\" \/>\n<meta name=\"twitter:card\" content=\"summary_large_image\" \/>\n<meta name=\"twitter:label1\" content=\"Written by\" \/>\n\t<meta name=\"twitter:data1\" content=\"Adina C\u0103p\u00eelnean\" \/>\n\t<meta name=\"twitter:label2\" content=\"Estimated reading time\" \/>\n\t<meta name=\"twitter:data2\" content=\"2 minutes\" \/>\n<script type=\"application\/ld+json\" class=\"yoast-schema-graph\">{\"@context\":\"https:\\\/\\\/schema.org\",\"@graph\":[{\"@type\":\"Article\",\"@id\":\"https:\\\/\\\/buletin.de\\\/bucuresti\\\/fosta-sefa-de-la-achizitii-din-spitalul-obregia-a-primit-5-ani-de-inchisoare-pentru-abuz-in-serviciu-in-prima-instanta\\\/#article\",\"isPartOf\":{\"@id\":\"https:\\\/\\\/buletin.de\\\/bucuresti\\\/fosta-sefa-de-la-achizitii-din-spitalul-obregia-a-primit-5-ani-de-inchisoare-pentru-abuz-in-serviciu-in-prima-instanta\\\/\"},\"author\":{\"name\":\"Adina C\u0103p\u00eelnean\",\"@id\":\"https:\\\/\\\/buletin.de\\\/bucuresti\\\/#\\\/schema\\\/person\\\/ab174cf6711728e4ee83d672acf9a912\"},\"headline\":\"Fosta \u0219ef\u0103 de la Achizi\u021bii din Spitalul Obregia a primit 5 ani de \u00eenchisoare pentru abuz \u00een serviciu, \u00een prim\u0103 instan\u0163\u0103\",\"datePublished\":\"2024-01-23T03:00:00+00:00\",\"mainEntityOfPage\":{\"@id\":\"https:\\\/\\\/buletin.de\\\/bucuresti\\\/fosta-sefa-de-la-achizitii-din-spitalul-obregia-a-primit-5-ani-de-inchisoare-pentru-abuz-in-serviciu-in-prima-instanta\\\/\"},\"wordCount\":469,\"publisher\":{\"@id\":\"https:\\\/\\\/buletin.de\\\/bucuresti\\\/#organization\"},\"image\":{\"@id\":\"https:\\\/\\\/buletin.de\\\/bucuresti\\\/fosta-sefa-de-la-achizitii-din-spitalul-obregia-a-primit-5-ani-de-inchisoare-pentru-abuz-in-serviciu-in-prima-instanta\\\/#primaryimage\"},\"thumbnailUrl\":\"https:\\\/\\\/buletin.de\\\/bucuresti\\\/wp-content\\\/uploads\\\/317069783_680641240078960_7289688891512442945_n.jpg\",\"keywords\":[\"achizitii publice\",\"directia nationala anticoruptie\",\"dna\",\"dosar\",\"obregia\",\"sentinta\",\"suprapret\",\"tribunal\"],\"articleSection\":[\"Articole\",\"\u0218tiri\"],\"inLanguage\":\"en-GB\",\"copyrightYear\":\"2024\",\"copyrightHolder\":{\"@id\":\"https:\\\/\\\/buletin.de\\\/bucuresti\\\/#organization\"}},{\"@type\":\"WebPage\",\"@id\":\"https:\\\/\\\/buletin.de\\\/bucuresti\\\/fosta-sefa-de-la-achizitii-din-spitalul-obregia-a-primit-5-ani-de-inchisoare-pentru-abuz-in-serviciu-in-prima-instanta\\\/\",\"url\":\"https:\\\/\\\/buletin.de\\\/bucuresti\\\/fosta-sefa-de-la-achizitii-din-spitalul-obregia-a-primit-5-ani-de-inchisoare-pentru-abuz-in-serviciu-in-prima-instanta\\\/\",\"name\":\"Fosta \u0219ef\u0103 de la Achizi\u021bii din Spitalul Obregia a primit 5 ani de \u00eenchisoare pentru abuz \u00een serviciu, \u00een prim\u0103 instan\u0163\u0103 - Buletin de Bucure\u0219ti\",\"isPartOf\":{\"@id\":\"https:\\\/\\\/buletin.de\\\/bucuresti\\\/#website\"},\"primaryImageOfPage\":{\"@id\":\"https:\\\/\\\/buletin.de\\\/bucuresti\\\/fosta-sefa-de-la-achizitii-din-spitalul-obregia-a-primit-5-ani-de-inchisoare-pentru-abuz-in-serviciu-in-prima-instanta\\\/#primaryimage\"},\"image\":{\"@id\":\"https:\\\/\\\/buletin.de\\\/bucuresti\\\/fosta-sefa-de-la-achizitii-din-spitalul-obregia-a-primit-5-ani-de-inchisoare-pentru-abuz-in-serviciu-in-prima-instanta\\\/#primaryimage\"},\"thumbnailUrl\":\"https:\\\/\\\/buletin.de\\\/bucuresti\\\/wp-content\\\/uploads\\\/317069783_680641240078960_7289688891512442945_n.jpg\",\"datePublished\":\"2024-01-23T03:00:00+00:00\",\"breadcrumb\":{\"@id\":\"https:\\\/\\\/buletin.de\\\/bucuresti\\\/fosta-sefa-de-la-achizitii-din-spitalul-obregia-a-primit-5-ani-de-inchisoare-pentru-abuz-in-serviciu-in-prima-instanta\\\/#breadcrumb\"},\"inLanguage\":\"en-GB\",\"potentialAction\":[{\"@type\":\"ReadAction\",\"target\":[\"https:\\\/\\\/buletin.de\\\/bucuresti\\\/fosta-sefa-de-la-achizitii-din-spitalul-obregia-a-primit-5-ani-de-inchisoare-pentru-abuz-in-serviciu-in-prima-instanta\\\/\"]}]},{\"@type\":\"ImageObject\",\"inLanguage\":\"en-GB\",\"@id\":\"https:\\\/\\\/buletin.de\\\/bucuresti\\\/fosta-sefa-de-la-achizitii-din-spitalul-obregia-a-primit-5-ani-de-inchisoare-pentru-abuz-in-serviciu-in-prima-instanta\\\/#primaryimage\",\"url\":\"https:\\\/\\\/buletin.de\\\/bucuresti\\\/wp-content\\\/uploads\\\/317069783_680641240078960_7289688891512442945_n.jpg\",\"contentUrl\":\"https:\\\/\\\/buletin.de\\\/bucuresti\\\/wp-content\\\/uploads\\\/317069783_680641240078960_7289688891512442945_n.jpg\",\"width\":1600,\"height\":1066},{\"@type\":\"BreadcrumbList\",\"@id\":\"https:\\\/\\\/buletin.de\\\/bucuresti\\\/fosta-sefa-de-la-achizitii-din-spitalul-obregia-a-primit-5-ani-de-inchisoare-pentru-abuz-in-serviciu-in-prima-instanta\\\/#breadcrumb\",\"itemListElement\":[{\"@type\":\"ListItem\",\"position\":1,\"name\":\"Acas\u0103\",\"item\":\"https:\\\/\\\/buletin.de\\\/bucuresti\\\/\"},{\"@type\":\"ListItem\",\"position\":2,\"name\":\"Fosta \u0219ef\u0103 de la Achizi\u021bii din Spitalul Obregia a primit 5 ani de \u00eenchisoare pentru abuz \u00een serviciu, \u00een prim\u0103 instan\u0163\u0103\"}]},{\"@type\":\"WebSite\",\"@id\":\"https:\\\/\\\/buletin.de\\\/bucuresti\\\/#website\",\"url\":\"https:\\\/\\\/buletin.de\\\/bucuresti\\\/\",\"name\":\"Buletin de Bucure\u0219ti\",\"description\":\"\u0218tiri \u0219i investiga\u021bii esen\u021biale din capital\u0103\",\"publisher\":{\"@id\":\"https:\\\/\\\/buletin.de\\\/bucuresti\\\/#organization\"},\"potentialAction\":[{\"@type\":\"SearchAction\",\"target\":{\"@type\":\"EntryPoint\",\"urlTemplate\":\"https:\\\/\\\/buletin.de\\\/bucuresti\\\/?s={search_term_string}\"},\"query-input\":{\"@type\":\"PropertyValueSpecification\",\"valueRequired\":true,\"valueName\":\"search_term_string\"}}],\"inLanguage\":\"en-GB\"},{\"@type\":\"Organization\",\"@id\":\"https:\\\/\\\/buletin.de\\\/bucuresti\\\/#organization\",\"name\":\"Buletin de Bucure\u0219ti\",\"url\":\"https:\\\/\\\/buletin.de\\\/bucuresti\\\/\",\"logo\":{\"@type\":\"ImageObject\",\"inLanguage\":\"en-GB\",\"@id\":\"https:\\\/\\\/buletin.de\\\/bucuresti\\\/#\\\/schema\\\/logo\\\/image\\\/\",\"url\":\"https:\\\/\\\/buletin.de\\\/bucuresti\\\/wp-content\\\/uploads\\\/logo-bdb-full-wide-vernil-transparent.png\",\"contentUrl\":\"https:\\\/\\\/buletin.de\\\/bucuresti\\\/wp-content\\\/uploads\\\/logo-bdb-full-wide-vernil-transparent.png\",\"width\":1782,\"height\":626,\"caption\":\"Buletin de Bucure\u0219ti\"},\"image\":{\"@id\":\"https:\\\/\\\/buletin.de\\\/bucuresti\\\/#\\\/schema\\\/logo\\\/image\\\/\"},\"sameAs\":[\"https:\\\/\\\/www.facebook.com\\\/buletin.de.buc\",\"https:\\\/\\\/www.instagram.com\\\/buletinde.bucuresti\\\/\"]},{\"@type\":\"Person\",\"@id\":\"https:\\\/\\\/buletin.de\\\/bucuresti\\\/#\\\/schema\\\/person\\\/ab174cf6711728e4ee83d672acf9a912\",\"name\":\"Adina C\u0103p\u00eelnean\",\"image\":{\"@type\":\"ImageObject\",\"inLanguage\":\"en-GB\",\"@id\":\"https:\\\/\\\/secure.gravatar.com\\\/avatar\\\/4fe9675d6282fd7c1aa4e486a037d532d5728fc16a30360f293eb6126b2e73ad?s=96&d=monsterid&r=ge2b23868508aec3460d3c6a11d3b599a\",\"url\":\"https:\\\/\\\/secure.gravatar.com\\\/avatar\\\/4fe9675d6282fd7c1aa4e486a037d532d5728fc16a30360f293eb6126b2e73ad?s=96&d=monsterid&r=g\",\"contentUrl\":\"https:\\\/\\\/secure.gravatar.com\\\/avatar\\\/4fe9675d6282fd7c1aa4e486a037d532d5728fc16a30360f293eb6126b2e73ad?s=96&d=monsterid&r=g\",\"caption\":\"Adina C\u0103p\u00eelnean\"},\"url\":\"https:\\\/\\\/buletin.de\\\/bucuresti\\\/author\\\/adinacapilnean\\\/\"}]}<\/script>\n<!-- \/ Yoast SEO Premium plugin. -->","yoast_head_json":{"title":"Fosta \u0219ef\u0103 de la Achizi\u021bii din Spitalul Obregia a primit 5 ani de \u00eenchisoare pentru abuz \u00een serviciu, \u00een prim\u0103 instan\u0163\u0103 - Buletin de Bucure\u0219ti","robots":{"index":"index","follow":"follow","max-snippet":"max-snippet:-1","max-image-preview":"max-image-preview:large","max-video-preview":"max-video-preview:-1"},"canonical":"https:\/\/buletin.de\/bucuresti\/fosta-sefa-de-la-achizitii-din-spitalul-obregia-a-primit-5-ani-de-inchisoare-pentru-abuz-in-serviciu-in-prima-instanta\/","og_locale":"en_GB","og_type":"article","og_title":"Fosta \u0219ef\u0103 de la Achizi\u021bii din Spitalul Obregia a primit 5 ani de \u00eenchisoare pentru abuz \u00een serviciu, \u00een prim\u0103 instan\u0163\u0103","og_description":"Fosta \u0219ef\u0103 a serviciului de Achizi\u021bii din cadrul Spitalului Clinic de Psihiatrie \u201eProf. Dr. Alexandru Obregia\u201d a fost condamnat\u0103 la cinci ani de \u00eenchisoare cu executare, potrivit Agerpres. Sentin\u021ba vine \u00een contextul unui dosar trimis spre judecare \u00een 2019, \u00een care aceasta era acuzat\u0103 de s\u0103v\u00e2r\u0219irea infrac\u021biunii de abuz \u00een serviciu \u00een form\u0103 continuat\u0103, \u00een [&hellip;]","og_url":"https:\/\/buletin.de\/bucuresti\/fosta-sefa-de-la-achizitii-din-spitalul-obregia-a-primit-5-ani-de-inchisoare-pentru-abuz-in-serviciu-in-prima-instanta\/","og_site_name":"Buletin de Bucure\u0219ti","article_publisher":"https:\/\/www.facebook.com\/buletin.de.buc","article_published_time":"2024-01-23T03:00:00+00:00","og_image":[{"width":1600,"height":1066,"url":"https:\/\/buletin.de\/bucuresti\/wp-content\/uploads\/317069783_680641240078960_7289688891512442945_n.jpg","type":"image\/jpeg"}],"author":"Adina C\u0103p\u00eelnean","twitter_card":"summary_large_image","twitter_misc":{"Written by":"Adina C\u0103p\u00eelnean","Estimated reading time":"2 minutes"},"schema":{"@context":"https:\/\/schema.org","@graph":[{"@type":"Article","@id":"https:\/\/buletin.de\/bucuresti\/fosta-sefa-de-la-achizitii-din-spitalul-obregia-a-primit-5-ani-de-inchisoare-pentru-abuz-in-serviciu-in-prima-instanta\/#article","isPartOf":{"@id":"https:\/\/buletin.de\/bucuresti\/fosta-sefa-de-la-achizitii-din-spitalul-obregia-a-primit-5-ani-de-inchisoare-pentru-abuz-in-serviciu-in-prima-instanta\/"},"author":{"name":"Adina C\u0103p\u00eelnean","@id":"https:\/\/buletin.de\/bucuresti\/#\/schema\/person\/ab174cf6711728e4ee83d672acf9a912"},"headline":"Fosta \u0219ef\u0103 de la Achizi\u021bii din Spitalul Obregia a primit 5 ani de \u00eenchisoare pentru abuz \u00een serviciu, \u00een prim\u0103 instan\u0163\u0103","datePublished":"2024-01-23T03:00:00+00:00","mainEntityOfPage":{"@id":"https:\/\/buletin.de\/bucuresti\/fosta-sefa-de-la-achizitii-din-spitalul-obregia-a-primit-5-ani-de-inchisoare-pentru-abuz-in-serviciu-in-prima-instanta\/"},"wordCount":469,"publisher":{"@id":"https:\/\/buletin.de\/bucuresti\/#organization"},"image":{"@id":"https:\/\/buletin.de\/bucuresti\/fosta-sefa-de-la-achizitii-din-spitalul-obregia-a-primit-5-ani-de-inchisoare-pentru-abuz-in-serviciu-in-prima-instanta\/#primaryimage"},"thumbnailUrl":"https:\/\/buletin.de\/bucuresti\/wp-content\/uploads\/317069783_680641240078960_7289688891512442945_n.jpg","keywords":["achizitii publice","directia nationala anticoruptie","dna","dosar","obregia","sentinta","suprapret","tribunal"],"articleSection":["Articole","\u0218tiri"],"inLanguage":"en-GB","copyrightYear":"2024","copyrightHolder":{"@id":"https:\/\/buletin.de\/bucuresti\/#organization"}},{"@type":"WebPage","@id":"https:\/\/buletin.de\/bucuresti\/fosta-sefa-de-la-achizitii-din-spitalul-obregia-a-primit-5-ani-de-inchisoare-pentru-abuz-in-serviciu-in-prima-instanta\/","url":"https:\/\/buletin.de\/bucuresti\/fosta-sefa-de-la-achizitii-din-spitalul-obregia-a-primit-5-ani-de-inchisoare-pentru-abuz-in-serviciu-in-prima-instanta\/","name":"Fosta \u0219ef\u0103 de la Achizi\u021bii din Spitalul Obregia a primit 5 ani de \u00eenchisoare pentru abuz \u00een serviciu, \u00een prim\u0103 instan\u0163\u0103 - Buletin de Bucure\u0219ti","isPartOf":{"@id":"https:\/\/buletin.de\/bucuresti\/#website"},"primaryImageOfPage":{"@id":"https:\/\/buletin.de\/bucuresti\/fosta-sefa-de-la-achizitii-din-spitalul-obregia-a-primit-5-ani-de-inchisoare-pentru-abuz-in-serviciu-in-prima-instanta\/#primaryimage"},"image":{"@id":"https:\/\/buletin.de\/bucuresti\/fosta-sefa-de-la-achizitii-din-spitalul-obregia-a-primit-5-ani-de-inchisoare-pentru-abuz-in-serviciu-in-prima-instanta\/#primaryimage"},"thumbnailUrl":"https:\/\/buletin.de\/bucuresti\/wp-content\/uploads\/317069783_680641240078960_7289688891512442945_n.jpg","datePublished":"2024-01-23T03:00:00+00:00","breadcrumb":{"@id":"https:\/\/buletin.de\/bucuresti\/fosta-sefa-de-la-achizitii-din-spitalul-obregia-a-primit-5-ani-de-inchisoare-pentru-abuz-in-serviciu-in-prima-instanta\/#breadcrumb"},"inLanguage":"en-GB","potentialAction":[{"@type":"ReadAction","target":["https:\/\/buletin.de\/bucuresti\/fosta-sefa-de-la-achizitii-din-spitalul-obregia-a-primit-5-ani-de-inchisoare-pentru-abuz-in-serviciu-in-prima-instanta\/"]}]},{"@type":"ImageObject","inLanguage":"en-GB","@id":"https:\/\/buletin.de\/bucuresti\/fosta-sefa-de-la-achizitii-din-spitalul-obregia-a-primit-5-ani-de-inchisoare-pentru-abuz-in-serviciu-in-prima-instanta\/#primaryimage","url":"https:\/\/buletin.de\/bucuresti\/wp-content\/uploads\/317069783_680641240078960_7289688891512442945_n.jpg","contentUrl":"https:\/\/buletin.de\/bucuresti\/wp-content\/uploads\/317069783_680641240078960_7289688891512442945_n.jpg","width":1600,"height":1066},{"@type":"BreadcrumbList","@id":"https:\/\/buletin.de\/bucuresti\/fosta-sefa-de-la-achizitii-din-spitalul-obregia-a-primit-5-ani-de-inchisoare-pentru-abuz-in-serviciu-in-prima-instanta\/#breadcrumb","itemListElement":[{"@type":"ListItem","position":1,"name":"Acas\u0103","item":"https:\/\/buletin.de\/bucuresti\/"},{"@type":"ListItem","position":2,"name":"Fosta \u0219ef\u0103 de la Achizi\u021bii din Spitalul Obregia a primit 5 ani de \u00eenchisoare pentru abuz \u00een serviciu, \u00een prim\u0103 instan\u0163\u0103"}]},{"@type":"WebSite","@id":"https:\/\/buletin.de\/bucuresti\/#website","url":"https:\/\/buletin.de\/bucuresti\/","name":"Buletin de Bucure\u0219ti","description":"\u0218tiri \u0219i investiga\u021bii esen\u021biale din capital\u0103","publisher":{"@id":"https:\/\/buletin.de\/bucuresti\/#organization"},"potentialAction":[{"@type":"SearchAction","target":{"@type":"EntryPoint","urlTemplate":"https:\/\/buletin.de\/bucuresti\/?s={search_term_string}"},"query-input":{"@type":"PropertyValueSpecification","valueRequired":true,"valueName":"search_term_string"}}],"inLanguage":"en-GB"},{"@type":"Organization","@id":"https:\/\/buletin.de\/bucuresti\/#organization","name":"Buletin de Bucure\u0219ti","url":"https:\/\/buletin.de\/bucuresti\/","logo":{"@type":"ImageObject","inLanguage":"en-GB","@id":"https:\/\/buletin.de\/bucuresti\/#\/schema\/logo\/image\/","url":"https:\/\/buletin.de\/bucuresti\/wp-content\/uploads\/logo-bdb-full-wide-vernil-transparent.png","contentUrl":"https:\/\/buletin.de\/bucuresti\/wp-content\/uploads\/logo-bdb-full-wide-vernil-transparent.png","width":1782,"height":626,"caption":"Buletin de Bucure\u0219ti"},"image":{"@id":"https:\/\/buletin.de\/bucuresti\/#\/schema\/logo\/image\/"},"sameAs":["https:\/\/www.facebook.com\/buletin.de.buc","https:\/\/www.instagram.com\/buletinde.bucuresti\/"]},{"@type":"Person","@id":"https:\/\/buletin.de\/bucuresti\/#\/schema\/person\/ab174cf6711728e4ee83d672acf9a912","name":"Adina C\u0103p\u00eelnean","image":{"@type":"ImageObject","inLanguage":"en-GB","@id":"https:\/\/secure.gravatar.com\/avatar\/4fe9675d6282fd7c1aa4e486a037d532d5728fc16a30360f293eb6126b2e73ad?s=96&d=monsterid&r=ge2b23868508aec3460d3c6a11d3b599a","url":"https:\/\/secure.gravatar.com\/avatar\/4fe9675d6282fd7c1aa4e486a037d532d5728fc16a30360f293eb6126b2e73ad?s=96&d=monsterid&r=g","contentUrl":"https:\/\/secure.gravatar.com\/avatar\/4fe9675d6282fd7c1aa4e486a037d532d5728fc16a30360f293eb6126b2e73ad?s=96&d=monsterid&r=g","caption":"Adina C\u0103p\u00eelnean"},"url":"https:\/\/buletin.de\/bucuresti\/author\/adinacapilnean\/"}]}},"authors":[{"term_id":22580,"user_id":47,"is_guest":0,"slug":"adinacapilnean","display_name":"Adina C\u0103p\u00eelnean","avatar_url":"https:\/\/secure.gravatar.com\/avatar\/4fe9675d6282fd7c1aa4e486a037d532d5728fc16a30360f293eb6126b2e73ad?s=96&d=monsterid&r=g","0":null,"1":"","2":"","3":"","4":"","5":"","6":"","7":"","8":""}],"_links":{"self":[{"href":"https:\/\/buletin.de\/bucuresti\/wp-json\/wp\/v2\/posts\/75211","targetHints":{"allow":["GET"]}}],"collection":[{"href":"https:\/\/buletin.de\/bucuresti\/wp-json\/wp\/v2\/posts"}],"about":[{"href":"https:\/\/buletin.de\/bucuresti\/wp-json\/wp\/v2\/types\/post"}],"author":[{"embeddable":true,"href":"https:\/\/buletin.de\/bucuresti\/wp-json\/wp\/v2\/users\/47"}],"replies":[{"embeddable":true,"href":"https:\/\/buletin.de\/bucuresti\/wp-json\/wp\/v2\/comments?post=75211"}],"version-history":[{"count":2,"href":"https:\/\/buletin.de\/bucuresti\/wp-json\/wp\/v2\/posts\/75211\/revisions"}],"predecessor-version":[{"id":75216,"href":"https:\/\/buletin.de\/bucuresti\/wp-json\/wp\/v2\/posts\/75211\/revisions\/75216"}],"wp:featuredmedia":[{"embeddable":true,"href":"https:\/\/buletin.de\/bucuresti\/wp-json\/wp\/v2\/media\/48630"}],"wp:attachment":[{"href":"https:\/\/buletin.de\/bucuresti\/wp-json\/wp\/v2\/media?parent=75211"}],"wp:term":[{"taxonomy":"category","embeddable":true,"href":"https:\/\/buletin.de\/bucuresti\/wp-json\/wp\/v2\/categories?post=75211"},{"taxonomy":"post_tag","embeddable":true,"href":"https:\/\/buletin.de\/bucuresti\/wp-json\/wp\/v2\/tags?post=75211"},{"taxonomy":"author","embeddable":true,"href":"https:\/\/buletin.de\/bucuresti\/wp-json\/wp\/v2\/ppma_author?post=75211"}],"curies":[{"name":"wp","href":"https:\/\/api.w.org\/{rel}","templated":true}]}}