{"id":75208,"date":"2024-01-23T05:30:00","date_gmt":"2024-01-23T03:30:00","guid":{"rendered":"https:\/\/buletin.de\/bucuresti\/?p=75208"},"modified":"2024-01-22T22:42:19","modified_gmt":"2024-01-22T20:42:19","slug":"largirea-bulevardului-dimitrie-pompeiu-in-linie-dreapta-primaria-capitalei-a-primit-patru-oferte-de-realizare-a-proiectului","status":"publish","type":"post","link":"https:\/\/buletin.de\/bucuresti\/largirea-bulevardului-dimitrie-pompeiu-in-linie-dreapta-primaria-capitalei-a-primit-patru-oferte-de-realizare-a-proiectului\/","title":{"rendered":"L\u0103rgirea bulevardului Dimitrie Pompeiu, \u00een linie dreapt\u0103. Prim\u0103ria Capitalei a primit patru oferte de realizare a proiectului"},"content":{"rendered":"\n<p><strong>Prim\u0103ria Capitalei a primit patru oferte pentru proiectul de l\u0103rgire a bulevardului Dimitrie Pompeiu, la dou\u0103 benzi pe sens.<\/strong> <strong>Proiectul include \u0219i extinderea infrastructurii de tramvai,\u00a0dar \u0219i construirea unui drum de leg\u0103tur\u0103 \u0219i construirea unei parc\u0103ri de tip park&amp;ride.\u00a0<\/strong><\/p>\n\n\n\n<p>Extinderea infrastructurii de tramvai se va face de la cap\u0103tul liniei existente p\u00e2n\u0103 la Bd. Barbu V\u0103c\u0103rescu iar noul drum va face leg\u0103tura \u00eentre \u0218oseaua Pipera, Bd. Dimitrie Pompeiu \u0219i Str. Fabrica de Glucoz\u0103. Parcarea de tip park&amp;ride va fi amplasat\u0103 pe zona actualei bucle de \u00eentoarcere, care va fi dezafectat\u0103 \u00een urma extinderii infrastructurii de tramvai.&nbsp;&nbsp;<\/p>\n\n\n\n<figure class=\"wp-block-image size-large\"><img fetchpriority=\"high\" decoding=\"async\" width=\"900\" height=\"490\" src=\"data:image\/gif;base64,R0lGODlhAQABAAAAACH5BAEKAAEALAAAAAABAAEAAAICTAEAOw==\" data-src=\"https:\/\/buletin.de\/bucuresti\/wp-content\/uploads\/pompeiu-900x490.png\" alt=\"\" class=\"wp-image-75209 lazyload\" data-sizes=\"auto\" data-srcset=\"https:\/\/buletin.de\/bucuresti\/wp-content\/uploads\/pompeiu-900x490.png 900w, https:\/\/buletin.de\/bucuresti\/wp-content\/uploads\/pompeiu-300x163.png 300w, https:\/\/buletin.de\/bucuresti\/wp-content\/uploads\/pompeiu-768x418.png 768w, https:\/\/buletin.de\/bucuresti\/wp-content\/uploads\/pompeiu-1100x599.png 1100w, https:\/\/buletin.de\/bucuresti\/wp-content\/uploads\/pompeiu-600x327.png 600w, https:\/\/buletin.de\/bucuresti\/wp-content\/uploads\/pompeiu-20x11.png 20w, https:\/\/buletin.de\/bucuresti\/wp-content\/uploads\/pompeiu.png 1449w\" sizes=\"(max-width: 900px) 100vw, 900px\" \/><\/figure>\n\n\n\n<p>Prim\u0103ria precizeaz\u0103 ca se intr\u0103 \u00een perioada de evaluare a ofertelor, astfel \u00eenc\u00e2t s\u0103 se poat\u0103 desemna c\u00e2\u0219tig\u0103torul,  \u00een cel mai scurt timp.<\/p>\n\n\n\n<p>Valoarea total\u0103 estimat\u0103 a achizi\u021biei este de peste 2 milioane de lei, studiul de fezabilitate fiind finan\u021bat din fonduri bugetare. Durata contractului este de \u0219ase luni.<\/p>\n\n\n\n<p>Proiectul a fost anun\u021bat \u00eenc\u0103 din luna\u00a0martie a anului trecut \u0219i are ca scop fluidizarea traficul. Va permite mijloacelor de transport \u00een comun s\u0103 mearg\u0103 mai repede \u0219i va reduce costurile de exploatare ale acestora.\u00a0<\/p>\n\n\n\n<p><\/p>\n\n\n\n<p><strong>CITE\u015eTE \u015eI:<\/strong><\/p>\n\n\n\n<figure class=\"wp-block-embed is-type-wp-embed is-provider-buletin-de-bucure-ti wp-block-embed-buletin-de-bucure-ti\"><div class=\"wp-block-embed__wrapper\">\n<blockquote class=\"wp-embedded-content\" data-secret=\"XEjAKtniau\"><a href=\"https:\/\/buletin.de\/bucuresti\/sector-2-i-plan-pentru-largirea-bulevardului-corporatistilor-dimitrie-pompeiu-ar-putea-avea-doua-benzi-pe-sens\/\">Sector 2 I Plan pentru l\u0103rgirea \u201cbulevardului corporati\u0219tilor\u201d. Dimitrie Pompeiu ar putea avea dou\u0103\u00a0benzi\u00a0pe\u00a0sens<\/a><\/blockquote><iframe class=\"wp-embedded-content\" sandbox=\"allow-scripts\" security=\"restricted\" style=\"position: absolute; clip: rect(1px, 1px, 1px, 1px);\" title=\"&#8220;Sector 2 I Plan pentru l\u0103rgirea \u201cbulevardului corporati\u0219tilor\u201d. Dimitrie Pompeiu ar putea avea dou\u0103\u00a0benzi\u00a0pe\u00a0sens&#8221; &#8212; Buletin de Bucure\u0219ti\" src=\"https:\/\/buletin.de\/bucuresti\/sector-2-i-plan-pentru-largirea-bulevardului-corporatistilor-dimitrie-pompeiu-ar-putea-avea-doua-benzi-pe-sens\/embed\/#?secret=pMjLRivjgn#?secret=XEjAKtniau\" data-secret=\"XEjAKtniau\" width=\"600\" height=\"338\" frameborder=\"0\" marginwidth=\"0\" marginheight=\"0\" scrolling=\"no\"><\/iframe>\n<\/div><\/figure>\n\n\n\n<figure class=\"wp-block-embed is-type-wp-embed is-provider-buletin-de-bucure-ti wp-block-embed-buletin-de-bucure-ti\"><div class=\"wp-block-embed__wrapper\">\n<blockquote class=\"wp-embedded-content\" data-secret=\"FErsgAov0d\"><a href=\"https:\/\/buletin.de\/bucuresti\/metrou-inca-un-pas-pentru-reparatiile-de-pe-magistrala-corporatistilor\/\">Metrou | \u00cenc\u0103 un pas pentru repara\u0163iile de pe \u201eMagistrala Corporati\u015ftilor\u201d<\/a><\/blockquote><iframe class=\"wp-embedded-content\" sandbox=\"allow-scripts\" security=\"restricted\" style=\"position: absolute; clip: rect(1px, 1px, 1px, 1px);\" title=\"&#8220;Metrou | \u00cenc\u0103 un pas pentru repara\u0163iile de pe \u201eMagistrala Corporati\u015ftilor\u201d&#8221; &#8212; Buletin de Bucure\u0219ti\" src=\"https:\/\/buletin.de\/bucuresti\/metrou-inca-un-pas-pentru-reparatiile-de-pe-magistrala-corporatistilor\/embed\/#?secret=Isptw59Vbr#?secret=FErsgAov0d\" data-secret=\"FErsgAov0d\" width=\"600\" height=\"338\" frameborder=\"0\" marginwidth=\"0\" marginheight=\"0\" scrolling=\"no\"><\/iframe>\n<\/div><\/figure>\n","protected":false},"excerpt":{"rendered":"<p>Prim\u0103ria Capitalei a primit patru oferte pentru proiectul de l\u0103rgire a bulevardului Dimitrie Pompeiu, la dou\u0103 benzi pe sens. Proiectul include \u0219i extinderea infrastructurii de tramvai,\u00a0dar \u0219i construirea unui drum de leg\u0103tur\u0103 \u0219i construirea unei parc\u0103ri de tip park&amp;ride.\u00a0 Extinderea infrastructurii de tramvai se va face de la cap\u0103tul liniei existente p\u00e2n\u0103 la Bd. Barbu [&hellip;]<\/p>\n","protected":false},"author":49,"featured_media":69953,"comment_status":"closed","ping_status":"open","sticky":false,"template":"","format":"standard","meta":{"_acf_changed":false,"inline_featured_image":false,"ngg_post_thumbnail":0,"footnotes":""},"categories":[6994,24,62,650],"tags":[7973,223,104],"ppma_author":[22574],"class_list":["post-75208","post","type-post","status-publish","format-standard","has-post-thumbnail","hentry","category-stiri-2","category-primarie","category-stiri","category-transport","tag-bulevardul-dimitrie-pompeiu","tag-nicusor-dan","tag-pmb"],"acf":[],"yoast_head":"<!-- This site is optimized with the Yoast SEO Premium plugin v25.3 (Yoast SEO v27.4) - https:\/\/yoast.com\/product\/yoast-seo-premium-wordpress\/ -->\n<title>L\u0103rgirea bulevardului Dimitrie Pompeiu, \u00een linie dreapt\u0103. Prim\u0103ria Capitalei a primit patru oferte de realizare a proiectului - Buletin de Bucure\u0219ti<\/title>\n<meta name=\"robots\" content=\"index, follow, max-snippet:-1, max-image-preview:large, max-video-preview:-1\" \/>\n<link rel=\"canonical\" href=\"https:\/\/buletin.de\/bucuresti\/largirea-bulevardului-dimitrie-pompeiu-in-linie-dreapta-primaria-capitalei-a-primit-patru-oferte-de-realizare-a-proiectului\/\" \/>\n<meta property=\"og:locale\" content=\"en_GB\" \/>\n<meta property=\"og:type\" content=\"article\" \/>\n<meta property=\"og:title\" content=\"L\u0103rgirea bulevardului Dimitrie Pompeiu, \u00een linie dreapt\u0103. Prim\u0103ria Capitalei a primit patru oferte de realizare a proiectului\" \/>\n<meta property=\"og:description\" content=\"Prim\u0103ria Capitalei a primit patru oferte pentru proiectul de l\u0103rgire a bulevardului Dimitrie Pompeiu, la dou\u0103 benzi pe sens. Proiectul include \u0219i extinderea infrastructurii de tramvai,\u00a0dar \u0219i construirea unui drum de leg\u0103tur\u0103 \u0219i construirea unei parc\u0103ri de tip park&amp;ride.\u00a0 Extinderea infrastructurii de tramvai se va face de la cap\u0103tul liniei existente p\u00e2n\u0103 la Bd. Barbu [&hellip;]\" \/>\n<meta property=\"og:url\" content=\"https:\/\/buletin.de\/bucuresti\/largirea-bulevardului-dimitrie-pompeiu-in-linie-dreapta-primaria-capitalei-a-primit-patru-oferte-de-realizare-a-proiectului\/\" \/>\n<meta property=\"og:site_name\" content=\"Buletin de Bucure\u0219ti\" \/>\n<meta property=\"article:publisher\" content=\"https:\/\/www.facebook.com\/buletin.de.buc\" \/>\n<meta property=\"article:published_time\" content=\"2024-01-23T03:30:00+00:00\" \/>\n<meta property=\"og:image\" content=\"https:\/\/buletin.de\/bucuresti\/wp-content\/uploads\/Dimitrie.jpg\" \/>\n\t<meta property=\"og:image:width\" content=\"2048\" \/>\n\t<meta property=\"og:image:height\" content=\"1282\" \/>\n\t<meta property=\"og:image:type\" content=\"image\/jpeg\" \/>\n<meta name=\"author\" content=\"Diana Matei\" \/>\n<meta name=\"twitter:card\" content=\"summary_large_image\" \/>\n<meta name=\"twitter:label1\" content=\"Written by\" \/>\n\t<meta name=\"twitter:data1\" content=\"Diana Matei\" \/>\n\t<meta name=\"twitter:label2\" content=\"Estimated reading time\" \/>\n\t<meta name=\"twitter:data2\" content=\"1 minute\" \/>\n<script type=\"application\/ld+json\" class=\"yoast-schema-graph\">{\"@context\":\"https:\\\/\\\/schema.org\",\"@graph\":[{\"@type\":\"Article\",\"@id\":\"https:\\\/\\\/buletin.de\\\/bucuresti\\\/largirea-bulevardului-dimitrie-pompeiu-in-linie-dreapta-primaria-capitalei-a-primit-patru-oferte-de-realizare-a-proiectului\\\/#article\",\"isPartOf\":{\"@id\":\"https:\\\/\\\/buletin.de\\\/bucuresti\\\/largirea-bulevardului-dimitrie-pompeiu-in-linie-dreapta-primaria-capitalei-a-primit-patru-oferte-de-realizare-a-proiectului\\\/\"},\"author\":{\"name\":\"Diana Matei\",\"@id\":\"https:\\\/\\\/buletin.de\\\/bucuresti\\\/#\\\/schema\\\/person\\\/7e46040573290777280a0835d81ea4ea\"},\"headline\":\"L\u0103rgirea bulevardului Dimitrie Pompeiu, \u00een linie dreapt\u0103. Prim\u0103ria Capitalei a primit patru oferte de realizare a proiectului\",\"datePublished\":\"2024-01-23T03:30:00+00:00\",\"mainEntityOfPage\":{\"@id\":\"https:\\\/\\\/buletin.de\\\/bucuresti\\\/largirea-bulevardului-dimitrie-pompeiu-in-linie-dreapta-primaria-capitalei-a-primit-patru-oferte-de-realizare-a-proiectului\\\/\"},\"wordCount\":236,\"publisher\":{\"@id\":\"https:\\\/\\\/buletin.de\\\/bucuresti\\\/#organization\"},\"image\":{\"@id\":\"https:\\\/\\\/buletin.de\\\/bucuresti\\\/largirea-bulevardului-dimitrie-pompeiu-in-linie-dreapta-primaria-capitalei-a-primit-patru-oferte-de-realizare-a-proiectului\\\/#primaryimage\"},\"thumbnailUrl\":\"https:\\\/\\\/buletin.de\\\/bucuresti\\\/wp-content\\\/uploads\\\/Dimitrie.jpg\",\"keywords\":[\"bulevardul Dimitrie Pompeiu\",\"nicusor dan\",\"pmb\"],\"articleSection\":[\"Articole\",\"Prim\u0103rie\",\"\u0218tiri\",\"Transport\"],\"inLanguage\":\"en-GB\",\"copyrightYear\":\"2024\",\"copyrightHolder\":{\"@id\":\"https:\\\/\\\/buletin.de\\\/bucuresti\\\/#organization\"}},{\"@type\":\"WebPage\",\"@id\":\"https:\\\/\\\/buletin.de\\\/bucuresti\\\/largirea-bulevardului-dimitrie-pompeiu-in-linie-dreapta-primaria-capitalei-a-primit-patru-oferte-de-realizare-a-proiectului\\\/\",\"url\":\"https:\\\/\\\/buletin.de\\\/bucuresti\\\/largirea-bulevardului-dimitrie-pompeiu-in-linie-dreapta-primaria-capitalei-a-primit-patru-oferte-de-realizare-a-proiectului\\\/\",\"name\":\"L\u0103rgirea bulevardului Dimitrie Pompeiu, \u00een linie dreapt\u0103. Prim\u0103ria Capitalei a primit patru oferte de realizare a proiectului - Buletin de Bucure\u0219ti\",\"isPartOf\":{\"@id\":\"https:\\\/\\\/buletin.de\\\/bucuresti\\\/#website\"},\"primaryImageOfPage\":{\"@id\":\"https:\\\/\\\/buletin.de\\\/bucuresti\\\/largirea-bulevardului-dimitrie-pompeiu-in-linie-dreapta-primaria-capitalei-a-primit-patru-oferte-de-realizare-a-proiectului\\\/#primaryimage\"},\"image\":{\"@id\":\"https:\\\/\\\/buletin.de\\\/bucuresti\\\/largirea-bulevardului-dimitrie-pompeiu-in-linie-dreapta-primaria-capitalei-a-primit-patru-oferte-de-realizare-a-proiectului\\\/#primaryimage\"},\"thumbnailUrl\":\"https:\\\/\\\/buletin.de\\\/bucuresti\\\/wp-content\\\/uploads\\\/Dimitrie.jpg\",\"datePublished\":\"2024-01-23T03:30:00+00:00\",\"breadcrumb\":{\"@id\":\"https:\\\/\\\/buletin.de\\\/bucuresti\\\/largirea-bulevardului-dimitrie-pompeiu-in-linie-dreapta-primaria-capitalei-a-primit-patru-oferte-de-realizare-a-proiectului\\\/#breadcrumb\"},\"inLanguage\":\"en-GB\",\"potentialAction\":[{\"@type\":\"ReadAction\",\"target\":[\"https:\\\/\\\/buletin.de\\\/bucuresti\\\/largirea-bulevardului-dimitrie-pompeiu-in-linie-dreapta-primaria-capitalei-a-primit-patru-oferte-de-realizare-a-proiectului\\\/\"]}]},{\"@type\":\"ImageObject\",\"inLanguage\":\"en-GB\",\"@id\":\"https:\\\/\\\/buletin.de\\\/bucuresti\\\/largirea-bulevardului-dimitrie-pompeiu-in-linie-dreapta-primaria-capitalei-a-primit-patru-oferte-de-realizare-a-proiectului\\\/#primaryimage\",\"url\":\"https:\\\/\\\/buletin.de\\\/bucuresti\\\/wp-content\\\/uploads\\\/Dimitrie.jpg\",\"contentUrl\":\"https:\\\/\\\/buletin.de\\\/bucuresti\\\/wp-content\\\/uploads\\\/Dimitrie.jpg\",\"width\":2048,\"height\":1282,\"caption\":\"FOTO: FB \\\/ Nicu\u0219or Dan\"},{\"@type\":\"BreadcrumbList\",\"@id\":\"https:\\\/\\\/buletin.de\\\/bucuresti\\\/largirea-bulevardului-dimitrie-pompeiu-in-linie-dreapta-primaria-capitalei-a-primit-patru-oferte-de-realizare-a-proiectului\\\/#breadcrumb\",\"itemListElement\":[{\"@type\":\"ListItem\",\"position\":1,\"name\":\"Acas\u0103\",\"item\":\"https:\\\/\\\/buletin.de\\\/bucuresti\\\/\"},{\"@type\":\"ListItem\",\"position\":2,\"name\":\"L\u0103rgirea bulevardului Dimitrie Pompeiu, \u00een linie dreapt\u0103. Prim\u0103ria Capitalei a primit patru oferte de realizare a proiectului\"}]},{\"@type\":\"WebSite\",\"@id\":\"https:\\\/\\\/buletin.de\\\/bucuresti\\\/#website\",\"url\":\"https:\\\/\\\/buletin.de\\\/bucuresti\\\/\",\"name\":\"Buletin de Bucure\u0219ti\",\"description\":\"\u0218tiri \u0219i investiga\u021bii esen\u021biale din capital\u0103\",\"publisher\":{\"@id\":\"https:\\\/\\\/buletin.de\\\/bucuresti\\\/#organization\"},\"potentialAction\":[{\"@type\":\"SearchAction\",\"target\":{\"@type\":\"EntryPoint\",\"urlTemplate\":\"https:\\\/\\\/buletin.de\\\/bucuresti\\\/?s={search_term_string}\"},\"query-input\":{\"@type\":\"PropertyValueSpecification\",\"valueRequired\":true,\"valueName\":\"search_term_string\"}}],\"inLanguage\":\"en-GB\"},{\"@type\":\"Organization\",\"@id\":\"https:\\\/\\\/buletin.de\\\/bucuresti\\\/#organization\",\"name\":\"Buletin de Bucure\u0219ti\",\"url\":\"https:\\\/\\\/buletin.de\\\/bucuresti\\\/\",\"logo\":{\"@type\":\"ImageObject\",\"inLanguage\":\"en-GB\",\"@id\":\"https:\\\/\\\/buletin.de\\\/bucuresti\\\/#\\\/schema\\\/logo\\\/image\\\/\",\"url\":\"https:\\\/\\\/buletin.de\\\/bucuresti\\\/wp-content\\\/uploads\\\/logo-bdb-full-wide-vernil-transparent.png\",\"contentUrl\":\"https:\\\/\\\/buletin.de\\\/bucuresti\\\/wp-content\\\/uploads\\\/logo-bdb-full-wide-vernil-transparent.png\",\"width\":1782,\"height\":626,\"caption\":\"Buletin de Bucure\u0219ti\"},\"image\":{\"@id\":\"https:\\\/\\\/buletin.de\\\/bucuresti\\\/#\\\/schema\\\/logo\\\/image\\\/\"},\"sameAs\":[\"https:\\\/\\\/www.facebook.com\\\/buletin.de.buc\",\"https:\\\/\\\/www.instagram.com\\\/buletinde.bucuresti\\\/\"]},{\"@type\":\"Person\",\"@id\":\"https:\\\/\\\/buletin.de\\\/bucuresti\\\/#\\\/schema\\\/person\\\/7e46040573290777280a0835d81ea4ea\",\"name\":\"Diana Matei\",\"image\":{\"@type\":\"ImageObject\",\"inLanguage\":\"en-GB\",\"@id\":\"https:\\\/\\\/buletin.de\\\/bucuresti\\\/wp-content\\\/uploads\\\/9-2-96x96.jpg1e8590b30871d70e62ebcdaf2eff570c\",\"url\":\"https:\\\/\\\/buletin.de\\\/bucuresti\\\/wp-content\\\/uploads\\\/9-2-96x96.jpg\",\"contentUrl\":\"https:\\\/\\\/buletin.de\\\/bucuresti\\\/wp-content\\\/uploads\\\/9-2-96x96.jpg\",\"caption\":\"Diana Matei\"},\"url\":\"https:\\\/\\\/buletin.de\\\/bucuresti\\\/author\\\/dianamatei\\\/\"}]}<\/script>\n<!-- \/ Yoast SEO Premium plugin. -->","yoast_head_json":{"title":"L\u0103rgirea bulevardului Dimitrie Pompeiu, \u00een linie dreapt\u0103. Prim\u0103ria Capitalei a primit patru oferte de realizare a proiectului - Buletin de Bucure\u0219ti","robots":{"index":"index","follow":"follow","max-snippet":"max-snippet:-1","max-image-preview":"max-image-preview:large","max-video-preview":"max-video-preview:-1"},"canonical":"https:\/\/buletin.de\/bucuresti\/largirea-bulevardului-dimitrie-pompeiu-in-linie-dreapta-primaria-capitalei-a-primit-patru-oferte-de-realizare-a-proiectului\/","og_locale":"en_GB","og_type":"article","og_title":"L\u0103rgirea bulevardului Dimitrie Pompeiu, \u00een linie dreapt\u0103. Prim\u0103ria Capitalei a primit patru oferte de realizare a proiectului","og_description":"Prim\u0103ria Capitalei a primit patru oferte pentru proiectul de l\u0103rgire a bulevardului Dimitrie Pompeiu, la dou\u0103 benzi pe sens. Proiectul include \u0219i extinderea infrastructurii de tramvai,\u00a0dar \u0219i construirea unui drum de leg\u0103tur\u0103 \u0219i construirea unei parc\u0103ri de tip park&amp;ride.\u00a0 Extinderea infrastructurii de tramvai se va face de la cap\u0103tul liniei existente p\u00e2n\u0103 la Bd. Barbu [&hellip;]","og_url":"https:\/\/buletin.de\/bucuresti\/largirea-bulevardului-dimitrie-pompeiu-in-linie-dreapta-primaria-capitalei-a-primit-patru-oferte-de-realizare-a-proiectului\/","og_site_name":"Buletin de Bucure\u0219ti","article_publisher":"https:\/\/www.facebook.com\/buletin.de.buc","article_published_time":"2024-01-23T03:30:00+00:00","og_image":[{"width":2048,"height":1282,"url":"https:\/\/buletin.de\/bucuresti\/wp-content\/uploads\/Dimitrie.jpg","type":"image\/jpeg"}],"author":"Diana Matei","twitter_card":"summary_large_image","twitter_misc":{"Written by":"Diana Matei","Estimated reading time":"1 minute"},"schema":{"@context":"https:\/\/schema.org","@graph":[{"@type":"Article","@id":"https:\/\/buletin.de\/bucuresti\/largirea-bulevardului-dimitrie-pompeiu-in-linie-dreapta-primaria-capitalei-a-primit-patru-oferte-de-realizare-a-proiectului\/#article","isPartOf":{"@id":"https:\/\/buletin.de\/bucuresti\/largirea-bulevardului-dimitrie-pompeiu-in-linie-dreapta-primaria-capitalei-a-primit-patru-oferte-de-realizare-a-proiectului\/"},"author":{"name":"Diana Matei","@id":"https:\/\/buletin.de\/bucuresti\/#\/schema\/person\/7e46040573290777280a0835d81ea4ea"},"headline":"L\u0103rgirea bulevardului Dimitrie Pompeiu, \u00een linie dreapt\u0103. Prim\u0103ria Capitalei a primit patru oferte de realizare a proiectului","datePublished":"2024-01-23T03:30:00+00:00","mainEntityOfPage":{"@id":"https:\/\/buletin.de\/bucuresti\/largirea-bulevardului-dimitrie-pompeiu-in-linie-dreapta-primaria-capitalei-a-primit-patru-oferte-de-realizare-a-proiectului\/"},"wordCount":236,"publisher":{"@id":"https:\/\/buletin.de\/bucuresti\/#organization"},"image":{"@id":"https:\/\/buletin.de\/bucuresti\/largirea-bulevardului-dimitrie-pompeiu-in-linie-dreapta-primaria-capitalei-a-primit-patru-oferte-de-realizare-a-proiectului\/#primaryimage"},"thumbnailUrl":"https:\/\/buletin.de\/bucuresti\/wp-content\/uploads\/Dimitrie.jpg","keywords":["bulevardul Dimitrie Pompeiu","nicusor dan","pmb"],"articleSection":["Articole","Prim\u0103rie","\u0218tiri","Transport"],"inLanguage":"en-GB","copyrightYear":"2024","copyrightHolder":{"@id":"https:\/\/buletin.de\/bucuresti\/#organization"}},{"@type":"WebPage","@id":"https:\/\/buletin.de\/bucuresti\/largirea-bulevardului-dimitrie-pompeiu-in-linie-dreapta-primaria-capitalei-a-primit-patru-oferte-de-realizare-a-proiectului\/","url":"https:\/\/buletin.de\/bucuresti\/largirea-bulevardului-dimitrie-pompeiu-in-linie-dreapta-primaria-capitalei-a-primit-patru-oferte-de-realizare-a-proiectului\/","name":"L\u0103rgirea bulevardului Dimitrie Pompeiu, \u00een linie dreapt\u0103. Prim\u0103ria Capitalei a primit patru oferte de realizare a proiectului - Buletin de Bucure\u0219ti","isPartOf":{"@id":"https:\/\/buletin.de\/bucuresti\/#website"},"primaryImageOfPage":{"@id":"https:\/\/buletin.de\/bucuresti\/largirea-bulevardului-dimitrie-pompeiu-in-linie-dreapta-primaria-capitalei-a-primit-patru-oferte-de-realizare-a-proiectului\/#primaryimage"},"image":{"@id":"https:\/\/buletin.de\/bucuresti\/largirea-bulevardului-dimitrie-pompeiu-in-linie-dreapta-primaria-capitalei-a-primit-patru-oferte-de-realizare-a-proiectului\/#primaryimage"},"thumbnailUrl":"https:\/\/buletin.de\/bucuresti\/wp-content\/uploads\/Dimitrie.jpg","datePublished":"2024-01-23T03:30:00+00:00","breadcrumb":{"@id":"https:\/\/buletin.de\/bucuresti\/largirea-bulevardului-dimitrie-pompeiu-in-linie-dreapta-primaria-capitalei-a-primit-patru-oferte-de-realizare-a-proiectului\/#breadcrumb"},"inLanguage":"en-GB","potentialAction":[{"@type":"ReadAction","target":["https:\/\/buletin.de\/bucuresti\/largirea-bulevardului-dimitrie-pompeiu-in-linie-dreapta-primaria-capitalei-a-primit-patru-oferte-de-realizare-a-proiectului\/"]}]},{"@type":"ImageObject","inLanguage":"en-GB","@id":"https:\/\/buletin.de\/bucuresti\/largirea-bulevardului-dimitrie-pompeiu-in-linie-dreapta-primaria-capitalei-a-primit-patru-oferte-de-realizare-a-proiectului\/#primaryimage","url":"https:\/\/buletin.de\/bucuresti\/wp-content\/uploads\/Dimitrie.jpg","contentUrl":"https:\/\/buletin.de\/bucuresti\/wp-content\/uploads\/Dimitrie.jpg","width":2048,"height":1282,"caption":"FOTO: FB \/ Nicu\u0219or Dan"},{"@type":"BreadcrumbList","@id":"https:\/\/buletin.de\/bucuresti\/largirea-bulevardului-dimitrie-pompeiu-in-linie-dreapta-primaria-capitalei-a-primit-patru-oferte-de-realizare-a-proiectului\/#breadcrumb","itemListElement":[{"@type":"ListItem","position":1,"name":"Acas\u0103","item":"https:\/\/buletin.de\/bucuresti\/"},{"@type":"ListItem","position":2,"name":"L\u0103rgirea bulevardului Dimitrie Pompeiu, \u00een linie dreapt\u0103. Prim\u0103ria Capitalei a primit patru oferte de realizare a proiectului"}]},{"@type":"WebSite","@id":"https:\/\/buletin.de\/bucuresti\/#website","url":"https:\/\/buletin.de\/bucuresti\/","name":"Buletin de Bucure\u0219ti","description":"\u0218tiri \u0219i investiga\u021bii esen\u021biale din capital\u0103","publisher":{"@id":"https:\/\/buletin.de\/bucuresti\/#organization"},"potentialAction":[{"@type":"SearchAction","target":{"@type":"EntryPoint","urlTemplate":"https:\/\/buletin.de\/bucuresti\/?s={search_term_string}"},"query-input":{"@type":"PropertyValueSpecification","valueRequired":true,"valueName":"search_term_string"}}],"inLanguage":"en-GB"},{"@type":"Organization","@id":"https:\/\/buletin.de\/bucuresti\/#organization","name":"Buletin de Bucure\u0219ti","url":"https:\/\/buletin.de\/bucuresti\/","logo":{"@type":"ImageObject","inLanguage":"en-GB","@id":"https:\/\/buletin.de\/bucuresti\/#\/schema\/logo\/image\/","url":"https:\/\/buletin.de\/bucuresti\/wp-content\/uploads\/logo-bdb-full-wide-vernil-transparent.png","contentUrl":"https:\/\/buletin.de\/bucuresti\/wp-content\/uploads\/logo-bdb-full-wide-vernil-transparent.png","width":1782,"height":626,"caption":"Buletin de Bucure\u0219ti"},"image":{"@id":"https:\/\/buletin.de\/bucuresti\/#\/schema\/logo\/image\/"},"sameAs":["https:\/\/www.facebook.com\/buletin.de.buc","https:\/\/www.instagram.com\/buletinde.bucuresti\/"]},{"@type":"Person","@id":"https:\/\/buletin.de\/bucuresti\/#\/schema\/person\/7e46040573290777280a0835d81ea4ea","name":"Diana Matei","image":{"@type":"ImageObject","inLanguage":"en-GB","@id":"https:\/\/buletin.de\/bucuresti\/wp-content\/uploads\/9-2-96x96.jpg1e8590b30871d70e62ebcdaf2eff570c","url":"https:\/\/buletin.de\/bucuresti\/wp-content\/uploads\/9-2-96x96.jpg","contentUrl":"https:\/\/buletin.de\/bucuresti\/wp-content\/uploads\/9-2-96x96.jpg","caption":"Diana Matei"},"url":"https:\/\/buletin.de\/bucuresti\/author\/dianamatei\/"}]}},"authors":[{"term_id":22574,"user_id":49,"is_guest":0,"slug":"dianamatei","display_name":"Diana Matei","avatar_url":"https:\/\/buletin.de\/bucuresti\/wp-content\/uploads\/9-2-96x96.jpg","0":null,"1":"","2":"","3":"","4":"","5":"","6":"","7":"","8":""}],"_links":{"self":[{"href":"https:\/\/buletin.de\/bucuresti\/wp-json\/wp\/v2\/posts\/75208","targetHints":{"allow":["GET"]}}],"collection":[{"href":"https:\/\/buletin.de\/bucuresti\/wp-json\/wp\/v2\/posts"}],"about":[{"href":"https:\/\/buletin.de\/bucuresti\/wp-json\/wp\/v2\/types\/post"}],"author":[{"embeddable":true,"href":"https:\/\/buletin.de\/bucuresti\/wp-json\/wp\/v2\/users\/49"}],"replies":[{"embeddable":true,"href":"https:\/\/buletin.de\/bucuresti\/wp-json\/wp\/v2\/comments?post=75208"}],"version-history":[{"count":2,"href":"https:\/\/buletin.de\/bucuresti\/wp-json\/wp\/v2\/posts\/75208\/revisions"}],"predecessor-version":[{"id":75220,"href":"https:\/\/buletin.de\/bucuresti\/wp-json\/wp\/v2\/posts\/75208\/revisions\/75220"}],"wp:featuredmedia":[{"embeddable":true,"href":"https:\/\/buletin.de\/bucuresti\/wp-json\/wp\/v2\/media\/69953"}],"wp:attachment":[{"href":"https:\/\/buletin.de\/bucuresti\/wp-json\/wp\/v2\/media?parent=75208"}],"wp:term":[{"taxonomy":"category","embeddable":true,"href":"https:\/\/buletin.de\/bucuresti\/wp-json\/wp\/v2\/categories?post=75208"},{"taxonomy":"post_tag","embeddable":true,"href":"https:\/\/buletin.de\/bucuresti\/wp-json\/wp\/v2\/tags?post=75208"},{"taxonomy":"author","embeddable":true,"href":"https:\/\/buletin.de\/bucuresti\/wp-json\/wp\/v2\/ppma_author?post=75208"}],"curies":[{"name":"wp","href":"https:\/\/api.w.org\/{rel}","templated":true}]}}