{"id":75102,"date":"2024-01-22T20:00:00","date_gmt":"2024-01-22T18:00:00","guid":{"rendered":"https:\/\/buletin.de\/bucuresti\/?p=75102"},"modified":"2024-01-23T14:02:07","modified_gmt":"2024-01-23T12:02:07","slug":"editorial-jude-gade-vremuri-hade-cate-sanse-are-buturuga-mica-sa-rastoarne-carul-mare-de-la-sectorul-3","status":"publish","type":"post","link":"https:\/\/buletin.de\/bucuresti\/editorial-jude-gade-vremuri-hade-cate-sanse-are-buturuga-mica-sa-rastoarne-carul-mare-de-la-sectorul-3\/","title":{"rendered":"EDITORIAL | Jude, g\u00e2de, vremuri h\u00e2de. C\u00e2te \u015fanse are buturuga mic\u0103 s\u0103 r\u0103stoarne carul mare de la Sectorul 3"},"content":{"rendered":"\n<p><strong>Ne spune DEX-ul c\u0103, \u00een vechime, erau dou\u0103 feluri de juzi &#8211; jude-mare \u015fi jude-mic: adic\u0103 primar \u015fi viceprimar. Deocamdat\u0103, Lucian Judele <em>lived up to his name<\/em>, cum ar spune englezul. \u015ei nu ca expresie, ci la propriu. S\u0103 vedem dac\u0103 buletinul \u00eei este carte de tarot \u015fi \u00eei cite\u015fte viitorul p\u00e2n\u0103 la cap\u0103t. Ce este cert e c\u0103 el \u00eencearc\u0103 &#8211; tocmai \u015fi-a lansat candidatura pentru fotoliul de primar al Sectorului 3, \u00eentr-un eveniment \u0163inut la Novotel, pe Calea Victoriei. <\/strong><\/p>\n\n\n\n<p>Un eveniment pe c\u00e2t de muncit, pe at\u00e2t de poticnit. Uit\u00e2ndu-te la el, te sim\u0163eai ca un spectator la o pies\u0103 de teatru pus\u0103 \u00een scen\u0103 de ni\u015fte copii de gimnaziu. Unii carismatici \u015fi f\u0103r\u0103 trac, al\u0163ii &#8211; tocilarii clasei &#8211; buni la \u00eenv\u0103\u0163\u0103tur\u0103, dar f\u0103r\u0103 talent \u015fi speria\u0163i de reflectoare. Plus amfitrioni emo\u0163iona\u0163i, discursuri citite din foaie, glume scremute \u015fi aplauze \u00een te miri ce moment. Ba\u015fca ni\u015fte \u201ecartoane\u201d triste <em>full-screen<\/em> cu spicuiri din discurs, unul dintre ele cu virgul\u0103 \u00eentre subiect \u015fi predicat. Chiar \u015fi anun\u0163ul oficial f\u0103cut de pre\u015fedinta comisiei electorale din partid a fost umbrit de o b\u00e2lb\u0103. <\/p>\n\n\n\n<p>Fiecare invitat a urcat pe scen\u0103 pe acorduri din Imagine Dragons &#8211; Believer. Partid progresist, melodie progresist\u0103, nu? Pe Judele, l-au l\u0103sat, totu\u015fi, pe clasic. A intrat pe Eye of the Tiger. Inspirat sau nu prea, dat fiind c\u0103 \u015fi D\u0103ncil\u0103 a avut o intrare similar\u0103, \u00een campania pentru preziden\u0163iale. Iar pe mine m-a dus cu g\u00e2ndul la evenimentele electorale ale PSD, c\u00e2nd poten\u0163a\u0163ii momentului intrau (parc\u0103?) pe ritmuri de AC\/DC.<\/p>\n\n\n\n<p>Cum-necum, evenimentul a fost dus la cap\u0103t, iar fiecare a avut c\u00e2te o s\u0103geat\u0103 de tras c\u0103tre Negoi\u0163\u0103. Inclusiv Judele. El, jude cu arc \u015fi s\u0103ge\u0163i, Negoi\u0163\u0103, g\u00e2de. C\u0103l\u0103u cu ditamai securea. Asta pentru c\u0103 taie \u015fi sp\u00e2nzur\u0103 \u00een Prim\u0103rie, nimic nu se face f\u0103r\u0103 voia lui. De altfel, i-a t\u0103iat atribu\u0163iile mai t\u00e2n\u0103rului coleg, a\u015fa c\u0103 a r\u0103mas viceprimar doar cu numele. Ca-n buletin. F\u0103r\u0103 atribu\u0163ii, dar cu \u201egheare\u201d. Judele \u00eei d\u0103 bob\u00e2rnace pe Facebook de c\u00e2te ori apuc\u0103 lui Robert Negoi\u0163\u0103, din te miri ce scandal mai apare &#8211; ori c\u0103-i vorba de standul de promovare al imobiliarelor familiei, de la Laminor, ori c\u0103 sunt chestiuni cu iz penal, precum utilajele Prim\u0103riei folosite \u00een business-ul privat. <\/p>\n\n\n\n<p>\u00cen privin\u0163a \u015fanselor, e greu de spus. S\u0103 tot fie nou\u0103 luni p\u00e2n\u0103 la momentul alegerilor, luni \u00een care se pot \u00eent\u00e2mpla multe evenimente, care s\u0103 \u00eei fac\u0103 pe nehot\u0103r\u00e2\u0163i s\u0103 vireze \u00eentr-o parte sau alta. <a href=\"https:\/\/www.euronews.ro\/articole\/sondaj-cum-ar-vota-bucurestenii-in-2024-an-cu-patru-randuri-de-alegeri\">Dac\u0103 ne uit\u0103m la sigla de partid, sondajele arat\u0103 PSD pe primul loc, cel pu\u0163in la europarlamentare (votan\u0163i din Bucure\u015fti) \u015fi USR-ul pe II<\/a>. Dar la locale nu e vorba (numai) de sigla de partid. E vorba \u015fi de om. De notorietate versus prospe\u0163ime. De lehamite versus lupt\u0103 de convingere. De proiecte duse la bun sf\u00e2r\u015fit versus ho\u0163ii, dovedite sau nu. De carism\u0103, un pic de actorie \u015fi limb\u0103 ascu\u0163it\u0103. \u015ei c\u00e2nd te g\u00e2nde\u015fti c\u0103 nu e doar un dans \u00een doi, ci un ditamai cadrilul, atunci chiar c\u0103 e devreme \u015fi greu de intuit. S\u0103 mai punem c\u0103, oficial, Negoi\u0163\u0103 nici m\u0103car nu-i din PSD? O ecua\u0163ie cu multe necunoscute.<\/p>\n\n\n\n<p>O s\u0103 reu\u015feasc\u0103 Lucian s\u0103 fie Jude mare? R\u0103m\u00e2ne de v\u0103zut, dar e clar c\u0103 \u00een sectorul 3 va fi o lupt\u0103 \u00eencins\u0103. <\/p>\n","protected":false},"excerpt":{"rendered":"<p>Ne spune DEX-ul c\u0103, \u00een vechime, erau dou\u0103 feluri de juzi &#8211; jude-mare \u015fi jude-mic: adic\u0103 primar \u015fi viceprimar. Deocamdat\u0103, Lucian Judele lived up to his name, cum ar spune englezul. \u015ei nu ca expresie, ci la propriu. S\u0103 vedem dac\u0103 buletinul \u00eei este carte de tarot \u015fi \u00eei cite\u015fte viitorul p\u00e2n\u0103 la cap\u0103t. Ce [&hellip;]<\/p>\n","protected":false},"author":8,"featured_media":75146,"comment_status":"closed","ping_status":"open","sticky":false,"template":"","format":"standard","meta":{"_acf_changed":false,"inline_featured_image":false,"ngg_post_thumbnail":0,"footnotes":""},"categories":[6994,41,5762],"tags":[7244,9267,220],"ppma_author":[22586],"class_list":["post-75102","post","type-post","status-publish","format-standard","has-post-thumbnail","hentry","category-stiri-2","category-editorial","category-main","tag-lucian-judele","tag-lupta-electorala-sector-3","tag-robert-negoita"],"acf":[],"yoast_head":"<!-- This site is optimized with the Yoast SEO Premium plugin v25.3 (Yoast SEO v27.4) - https:\/\/yoast.com\/product\/yoast-seo-premium-wordpress\/ -->\n<title>EDITORIAL | Jude, g\u00e2de, vremuri h\u00e2de. C\u00e2te \u015fanse are buturuga mic\u0103 s\u0103 r\u0103stoarne carul mare de la Sectorul 3 - Buletin de Bucure\u0219ti<\/title>\n<meta name=\"robots\" content=\"index, follow, max-snippet:-1, max-image-preview:large, max-video-preview:-1\" \/>\n<link rel=\"canonical\" href=\"https:\/\/buletin.de\/bucuresti\/editorial-jude-gade-vremuri-hade-cate-sanse-are-buturuga-mica-sa-rastoarne-carul-mare-de-la-sectorul-3\/\" \/>\n<meta property=\"og:locale\" content=\"en_GB\" \/>\n<meta property=\"og:type\" content=\"article\" \/>\n<meta property=\"og:title\" content=\"EDITORIAL | Jude, g\u00e2de, vremuri h\u00e2de. C\u00e2te \u015fanse are buturuga mic\u0103 s\u0103 r\u0103stoarne carul mare de la Sectorul 3\" \/>\n<meta property=\"og:description\" content=\"Ne spune DEX-ul c\u0103, \u00een vechime, erau dou\u0103 feluri de juzi &#8211; jude-mare \u015fi jude-mic: adic\u0103 primar \u015fi viceprimar. Deocamdat\u0103, Lucian Judele lived up to his name, cum ar spune englezul. \u015ei nu ca expresie, ci la propriu. S\u0103 vedem dac\u0103 buletinul \u00eei este carte de tarot \u015fi \u00eei cite\u015fte viitorul p\u00e2n\u0103 la cap\u0103t. Ce [&hellip;]\" \/>\n<meta property=\"og:url\" content=\"https:\/\/buletin.de\/bucuresti\/editorial-jude-gade-vremuri-hade-cate-sanse-are-buturuga-mica-sa-rastoarne-carul-mare-de-la-sectorul-3\/\" \/>\n<meta property=\"og:site_name\" content=\"Buletin de Bucure\u0219ti\" \/>\n<meta property=\"article:publisher\" content=\"https:\/\/www.facebook.com\/buletin.de.buc\" \/>\n<meta property=\"article:published_time\" content=\"2024-01-22T18:00:00+00:00\" \/>\n<meta property=\"article:modified_time\" content=\"2024-01-23T12:02:07+00:00\" \/>\n<meta property=\"og:image\" content=\"https:\/\/buletin.de\/bucuresti\/wp-content\/uploads\/cover-judele-negoita.jpg\" \/>\n\t<meta property=\"og:image:width\" content=\"1326\" \/>\n\t<meta property=\"og:image:height\" content=\"826\" \/>\n\t<meta property=\"og:image:type\" content=\"image\/jpeg\" \/>\n<meta name=\"author\" content=\"Ionu\u021b Lepa\" \/>\n<meta name=\"twitter:card\" content=\"summary_large_image\" \/>\n<meta name=\"twitter:label1\" content=\"Written by\" \/>\n\t<meta name=\"twitter:data1\" content=\"Ionu\u021b Lepa\" \/>\n\t<meta name=\"twitter:label2\" content=\"Estimated reading time\" \/>\n\t<meta name=\"twitter:data2\" content=\"3 minutes\" \/>\n<script type=\"application\/ld+json\" class=\"yoast-schema-graph\">{\"@context\":\"https:\\\/\\\/schema.org\",\"@graph\":[{\"@type\":\"Article\",\"@id\":\"https:\\\/\\\/buletin.de\\\/bucuresti\\\/editorial-jude-gade-vremuri-hade-cate-sanse-are-buturuga-mica-sa-rastoarne-carul-mare-de-la-sectorul-3\\\/#article\",\"isPartOf\":{\"@id\":\"https:\\\/\\\/buletin.de\\\/bucuresti\\\/editorial-jude-gade-vremuri-hade-cate-sanse-are-buturuga-mica-sa-rastoarne-carul-mare-de-la-sectorul-3\\\/\"},\"author\":{\"name\":\"Ionu\u021b Lepa\",\"@id\":\"https:\\\/\\\/buletin.de\\\/bucuresti\\\/#\\\/schema\\\/person\\\/5272b8a057b33890940b57b837fc4ce6\"},\"headline\":\"EDITORIAL | Jude, g\u00e2de, vremuri h\u00e2de. C\u00e2te \u015fanse are buturuga mic\u0103 s\u0103 r\u0103stoarne carul mare de la Sectorul 3\",\"datePublished\":\"2024-01-22T18:00:00+00:00\",\"dateModified\":\"2024-01-23T12:02:07+00:00\",\"mainEntityOfPage\":{\"@id\":\"https:\\\/\\\/buletin.de\\\/bucuresti\\\/editorial-jude-gade-vremuri-hade-cate-sanse-are-buturuga-mica-sa-rastoarne-carul-mare-de-la-sectorul-3\\\/\"},\"wordCount\":638,\"publisher\":{\"@id\":\"https:\\\/\\\/buletin.de\\\/bucuresti\\\/#organization\"},\"image\":{\"@id\":\"https:\\\/\\\/buletin.de\\\/bucuresti\\\/editorial-jude-gade-vremuri-hade-cate-sanse-are-buturuga-mica-sa-rastoarne-carul-mare-de-la-sectorul-3\\\/#primaryimage\"},\"thumbnailUrl\":\"https:\\\/\\\/buletin.de\\\/bucuresti\\\/wp-content\\\/uploads\\\/cover-judele-negoita.jpg\",\"keywords\":[\"Lucian Judele\",\"lupta electorala sector 3\",\"robert negoita\"],\"articleSection\":[\"Articole\",\"Editorial\",\"Main\"],\"inLanguage\":\"en-GB\",\"copyrightYear\":\"2024\",\"copyrightHolder\":{\"@id\":\"https:\\\/\\\/buletin.de\\\/bucuresti\\\/#organization\"}},{\"@type\":\"WebPage\",\"@id\":\"https:\\\/\\\/buletin.de\\\/bucuresti\\\/editorial-jude-gade-vremuri-hade-cate-sanse-are-buturuga-mica-sa-rastoarne-carul-mare-de-la-sectorul-3\\\/\",\"url\":\"https:\\\/\\\/buletin.de\\\/bucuresti\\\/editorial-jude-gade-vremuri-hade-cate-sanse-are-buturuga-mica-sa-rastoarne-carul-mare-de-la-sectorul-3\\\/\",\"name\":\"EDITORIAL | Jude, g\u00e2de, vremuri h\u00e2de. C\u00e2te \u015fanse are buturuga mic\u0103 s\u0103 r\u0103stoarne carul mare de la Sectorul 3 - Buletin de Bucure\u0219ti\",\"isPartOf\":{\"@id\":\"https:\\\/\\\/buletin.de\\\/bucuresti\\\/#website\"},\"primaryImageOfPage\":{\"@id\":\"https:\\\/\\\/buletin.de\\\/bucuresti\\\/editorial-jude-gade-vremuri-hade-cate-sanse-are-buturuga-mica-sa-rastoarne-carul-mare-de-la-sectorul-3\\\/#primaryimage\"},\"image\":{\"@id\":\"https:\\\/\\\/buletin.de\\\/bucuresti\\\/editorial-jude-gade-vremuri-hade-cate-sanse-are-buturuga-mica-sa-rastoarne-carul-mare-de-la-sectorul-3\\\/#primaryimage\"},\"thumbnailUrl\":\"https:\\\/\\\/buletin.de\\\/bucuresti\\\/wp-content\\\/uploads\\\/cover-judele-negoita.jpg\",\"datePublished\":\"2024-01-22T18:00:00+00:00\",\"dateModified\":\"2024-01-23T12:02:07+00:00\",\"breadcrumb\":{\"@id\":\"https:\\\/\\\/buletin.de\\\/bucuresti\\\/editorial-jude-gade-vremuri-hade-cate-sanse-are-buturuga-mica-sa-rastoarne-carul-mare-de-la-sectorul-3\\\/#breadcrumb\"},\"inLanguage\":\"en-GB\",\"potentialAction\":[{\"@type\":\"ReadAction\",\"target\":[\"https:\\\/\\\/buletin.de\\\/bucuresti\\\/editorial-jude-gade-vremuri-hade-cate-sanse-are-buturuga-mica-sa-rastoarne-carul-mare-de-la-sectorul-3\\\/\"]}]},{\"@type\":\"ImageObject\",\"inLanguage\":\"en-GB\",\"@id\":\"https:\\\/\\\/buletin.de\\\/bucuresti\\\/editorial-jude-gade-vremuri-hade-cate-sanse-are-buturuga-mica-sa-rastoarne-carul-mare-de-la-sectorul-3\\\/#primaryimage\",\"url\":\"https:\\\/\\\/buletin.de\\\/bucuresti\\\/wp-content\\\/uploads\\\/cover-judele-negoita.jpg\",\"contentUrl\":\"https:\\\/\\\/buletin.de\\\/bucuresti\\\/wp-content\\\/uploads\\\/cover-judele-negoita.jpg\",\"width\":1326,\"height\":826},{\"@type\":\"BreadcrumbList\",\"@id\":\"https:\\\/\\\/buletin.de\\\/bucuresti\\\/editorial-jude-gade-vremuri-hade-cate-sanse-are-buturuga-mica-sa-rastoarne-carul-mare-de-la-sectorul-3\\\/#breadcrumb\",\"itemListElement\":[{\"@type\":\"ListItem\",\"position\":1,\"name\":\"Acas\u0103\",\"item\":\"https:\\\/\\\/buletin.de\\\/bucuresti\\\/\"},{\"@type\":\"ListItem\",\"position\":2,\"name\":\"EDITORIAL | Jude, g\u00e2de, vremuri h\u00e2de. C\u00e2te \u015fanse are buturuga mic\u0103 s\u0103 r\u0103stoarne carul mare de la Sectorul 3\"}]},{\"@type\":\"WebSite\",\"@id\":\"https:\\\/\\\/buletin.de\\\/bucuresti\\\/#website\",\"url\":\"https:\\\/\\\/buletin.de\\\/bucuresti\\\/\",\"name\":\"Buletin de Bucure\u0219ti\",\"description\":\"\u0218tiri \u0219i investiga\u021bii esen\u021biale din capital\u0103\",\"publisher\":{\"@id\":\"https:\\\/\\\/buletin.de\\\/bucuresti\\\/#organization\"},\"potentialAction\":[{\"@type\":\"SearchAction\",\"target\":{\"@type\":\"EntryPoint\",\"urlTemplate\":\"https:\\\/\\\/buletin.de\\\/bucuresti\\\/?s={search_term_string}\"},\"query-input\":{\"@type\":\"PropertyValueSpecification\",\"valueRequired\":true,\"valueName\":\"search_term_string\"}}],\"inLanguage\":\"en-GB\"},{\"@type\":\"Organization\",\"@id\":\"https:\\\/\\\/buletin.de\\\/bucuresti\\\/#organization\",\"name\":\"Buletin de Bucure\u0219ti\",\"url\":\"https:\\\/\\\/buletin.de\\\/bucuresti\\\/\",\"logo\":{\"@type\":\"ImageObject\",\"inLanguage\":\"en-GB\",\"@id\":\"https:\\\/\\\/buletin.de\\\/bucuresti\\\/#\\\/schema\\\/logo\\\/image\\\/\",\"url\":\"https:\\\/\\\/buletin.de\\\/bucuresti\\\/wp-content\\\/uploads\\\/logo-bdb-full-wide-vernil-transparent.png\",\"contentUrl\":\"https:\\\/\\\/buletin.de\\\/bucuresti\\\/wp-content\\\/uploads\\\/logo-bdb-full-wide-vernil-transparent.png\",\"width\":1782,\"height\":626,\"caption\":\"Buletin de Bucure\u0219ti\"},\"image\":{\"@id\":\"https:\\\/\\\/buletin.de\\\/bucuresti\\\/#\\\/schema\\\/logo\\\/image\\\/\"},\"sameAs\":[\"https:\\\/\\\/www.facebook.com\\\/buletin.de.buc\",\"https:\\\/\\\/www.instagram.com\\\/buletinde.bucuresti\\\/\"]},{\"@type\":\"Person\",\"@id\":\"https:\\\/\\\/buletin.de\\\/bucuresti\\\/#\\\/schema\\\/person\\\/5272b8a057b33890940b57b837fc4ce6\",\"name\":\"Ionu\u021b Lepa\",\"image\":{\"@type\":\"ImageObject\",\"inLanguage\":\"en-GB\",\"@id\":\"https:\\\/\\\/buletin.de\\\/bucuresti\\\/wp-content\\\/uploads\\\/Ionut-Lepa-96x96.jpg5c4e4d9e049808799a8821652d2410a4\",\"url\":\"https:\\\/\\\/buletin.de\\\/bucuresti\\\/wp-content\\\/uploads\\\/Ionut-Lepa-96x96.jpg\",\"contentUrl\":\"https:\\\/\\\/buletin.de\\\/bucuresti\\\/wp-content\\\/uploads\\\/Ionut-Lepa-96x96.jpg\",\"caption\":\"Ionu\u021b Lepa\"},\"url\":\"https:\\\/\\\/buletin.de\\\/bucuresti\\\/author\\\/ionutlepa\\\/\"}]}<\/script>\n<!-- \/ Yoast SEO Premium plugin. -->","yoast_head_json":{"title":"EDITORIAL | Jude, g\u00e2de, vremuri h\u00e2de. C\u00e2te \u015fanse are buturuga mic\u0103 s\u0103 r\u0103stoarne carul mare de la Sectorul 3 - Buletin de Bucure\u0219ti","robots":{"index":"index","follow":"follow","max-snippet":"max-snippet:-1","max-image-preview":"max-image-preview:large","max-video-preview":"max-video-preview:-1"},"canonical":"https:\/\/buletin.de\/bucuresti\/editorial-jude-gade-vremuri-hade-cate-sanse-are-buturuga-mica-sa-rastoarne-carul-mare-de-la-sectorul-3\/","og_locale":"en_GB","og_type":"article","og_title":"EDITORIAL | Jude, g\u00e2de, vremuri h\u00e2de. C\u00e2te \u015fanse are buturuga mic\u0103 s\u0103 r\u0103stoarne carul mare de la Sectorul 3","og_description":"Ne spune DEX-ul c\u0103, \u00een vechime, erau dou\u0103 feluri de juzi &#8211; jude-mare \u015fi jude-mic: adic\u0103 primar \u015fi viceprimar. Deocamdat\u0103, Lucian Judele lived up to his name, cum ar spune englezul. \u015ei nu ca expresie, ci la propriu. S\u0103 vedem dac\u0103 buletinul \u00eei este carte de tarot \u015fi \u00eei cite\u015fte viitorul p\u00e2n\u0103 la cap\u0103t. Ce [&hellip;]","og_url":"https:\/\/buletin.de\/bucuresti\/editorial-jude-gade-vremuri-hade-cate-sanse-are-buturuga-mica-sa-rastoarne-carul-mare-de-la-sectorul-3\/","og_site_name":"Buletin de Bucure\u0219ti","article_publisher":"https:\/\/www.facebook.com\/buletin.de.buc","article_published_time":"2024-01-22T18:00:00+00:00","article_modified_time":"2024-01-23T12:02:07+00:00","og_image":[{"width":1326,"height":826,"url":"https:\/\/buletin.de\/bucuresti\/wp-content\/uploads\/cover-judele-negoita.jpg","type":"image\/jpeg"}],"author":"Ionu\u021b Lepa","twitter_card":"summary_large_image","twitter_misc":{"Written by":"Ionu\u021b Lepa","Estimated reading time":"3 minutes"},"schema":{"@context":"https:\/\/schema.org","@graph":[{"@type":"Article","@id":"https:\/\/buletin.de\/bucuresti\/editorial-jude-gade-vremuri-hade-cate-sanse-are-buturuga-mica-sa-rastoarne-carul-mare-de-la-sectorul-3\/#article","isPartOf":{"@id":"https:\/\/buletin.de\/bucuresti\/editorial-jude-gade-vremuri-hade-cate-sanse-are-buturuga-mica-sa-rastoarne-carul-mare-de-la-sectorul-3\/"},"author":{"name":"Ionu\u021b Lepa","@id":"https:\/\/buletin.de\/bucuresti\/#\/schema\/person\/5272b8a057b33890940b57b837fc4ce6"},"headline":"EDITORIAL | Jude, g\u00e2de, vremuri h\u00e2de. C\u00e2te \u015fanse are buturuga mic\u0103 s\u0103 r\u0103stoarne carul mare de la Sectorul 3","datePublished":"2024-01-22T18:00:00+00:00","dateModified":"2024-01-23T12:02:07+00:00","mainEntityOfPage":{"@id":"https:\/\/buletin.de\/bucuresti\/editorial-jude-gade-vremuri-hade-cate-sanse-are-buturuga-mica-sa-rastoarne-carul-mare-de-la-sectorul-3\/"},"wordCount":638,"publisher":{"@id":"https:\/\/buletin.de\/bucuresti\/#organization"},"image":{"@id":"https:\/\/buletin.de\/bucuresti\/editorial-jude-gade-vremuri-hade-cate-sanse-are-buturuga-mica-sa-rastoarne-carul-mare-de-la-sectorul-3\/#primaryimage"},"thumbnailUrl":"https:\/\/buletin.de\/bucuresti\/wp-content\/uploads\/cover-judele-negoita.jpg","keywords":["Lucian Judele","lupta electorala sector 3","robert negoita"],"articleSection":["Articole","Editorial","Main"],"inLanguage":"en-GB","copyrightYear":"2024","copyrightHolder":{"@id":"https:\/\/buletin.de\/bucuresti\/#organization"}},{"@type":"WebPage","@id":"https:\/\/buletin.de\/bucuresti\/editorial-jude-gade-vremuri-hade-cate-sanse-are-buturuga-mica-sa-rastoarne-carul-mare-de-la-sectorul-3\/","url":"https:\/\/buletin.de\/bucuresti\/editorial-jude-gade-vremuri-hade-cate-sanse-are-buturuga-mica-sa-rastoarne-carul-mare-de-la-sectorul-3\/","name":"EDITORIAL | Jude, g\u00e2de, vremuri h\u00e2de. C\u00e2te \u015fanse are buturuga mic\u0103 s\u0103 r\u0103stoarne carul mare de la Sectorul 3 - Buletin de Bucure\u0219ti","isPartOf":{"@id":"https:\/\/buletin.de\/bucuresti\/#website"},"primaryImageOfPage":{"@id":"https:\/\/buletin.de\/bucuresti\/editorial-jude-gade-vremuri-hade-cate-sanse-are-buturuga-mica-sa-rastoarne-carul-mare-de-la-sectorul-3\/#primaryimage"},"image":{"@id":"https:\/\/buletin.de\/bucuresti\/editorial-jude-gade-vremuri-hade-cate-sanse-are-buturuga-mica-sa-rastoarne-carul-mare-de-la-sectorul-3\/#primaryimage"},"thumbnailUrl":"https:\/\/buletin.de\/bucuresti\/wp-content\/uploads\/cover-judele-negoita.jpg","datePublished":"2024-01-22T18:00:00+00:00","dateModified":"2024-01-23T12:02:07+00:00","breadcrumb":{"@id":"https:\/\/buletin.de\/bucuresti\/editorial-jude-gade-vremuri-hade-cate-sanse-are-buturuga-mica-sa-rastoarne-carul-mare-de-la-sectorul-3\/#breadcrumb"},"inLanguage":"en-GB","potentialAction":[{"@type":"ReadAction","target":["https:\/\/buletin.de\/bucuresti\/editorial-jude-gade-vremuri-hade-cate-sanse-are-buturuga-mica-sa-rastoarne-carul-mare-de-la-sectorul-3\/"]}]},{"@type":"ImageObject","inLanguage":"en-GB","@id":"https:\/\/buletin.de\/bucuresti\/editorial-jude-gade-vremuri-hade-cate-sanse-are-buturuga-mica-sa-rastoarne-carul-mare-de-la-sectorul-3\/#primaryimage","url":"https:\/\/buletin.de\/bucuresti\/wp-content\/uploads\/cover-judele-negoita.jpg","contentUrl":"https:\/\/buletin.de\/bucuresti\/wp-content\/uploads\/cover-judele-negoita.jpg","width":1326,"height":826},{"@type":"BreadcrumbList","@id":"https:\/\/buletin.de\/bucuresti\/editorial-jude-gade-vremuri-hade-cate-sanse-are-buturuga-mica-sa-rastoarne-carul-mare-de-la-sectorul-3\/#breadcrumb","itemListElement":[{"@type":"ListItem","position":1,"name":"Acas\u0103","item":"https:\/\/buletin.de\/bucuresti\/"},{"@type":"ListItem","position":2,"name":"EDITORIAL | Jude, g\u00e2de, vremuri h\u00e2de. C\u00e2te \u015fanse are buturuga mic\u0103 s\u0103 r\u0103stoarne carul mare de la Sectorul 3"}]},{"@type":"WebSite","@id":"https:\/\/buletin.de\/bucuresti\/#website","url":"https:\/\/buletin.de\/bucuresti\/","name":"Buletin de Bucure\u0219ti","description":"\u0218tiri \u0219i investiga\u021bii esen\u021biale din capital\u0103","publisher":{"@id":"https:\/\/buletin.de\/bucuresti\/#organization"},"potentialAction":[{"@type":"SearchAction","target":{"@type":"EntryPoint","urlTemplate":"https:\/\/buletin.de\/bucuresti\/?s={search_term_string}"},"query-input":{"@type":"PropertyValueSpecification","valueRequired":true,"valueName":"search_term_string"}}],"inLanguage":"en-GB"},{"@type":"Organization","@id":"https:\/\/buletin.de\/bucuresti\/#organization","name":"Buletin de Bucure\u0219ti","url":"https:\/\/buletin.de\/bucuresti\/","logo":{"@type":"ImageObject","inLanguage":"en-GB","@id":"https:\/\/buletin.de\/bucuresti\/#\/schema\/logo\/image\/","url":"https:\/\/buletin.de\/bucuresti\/wp-content\/uploads\/logo-bdb-full-wide-vernil-transparent.png","contentUrl":"https:\/\/buletin.de\/bucuresti\/wp-content\/uploads\/logo-bdb-full-wide-vernil-transparent.png","width":1782,"height":626,"caption":"Buletin de Bucure\u0219ti"},"image":{"@id":"https:\/\/buletin.de\/bucuresti\/#\/schema\/logo\/image\/"},"sameAs":["https:\/\/www.facebook.com\/buletin.de.buc","https:\/\/www.instagram.com\/buletinde.bucuresti\/"]},{"@type":"Person","@id":"https:\/\/buletin.de\/bucuresti\/#\/schema\/person\/5272b8a057b33890940b57b837fc4ce6","name":"Ionu\u021b Lepa","image":{"@type":"ImageObject","inLanguage":"en-GB","@id":"https:\/\/buletin.de\/bucuresti\/wp-content\/uploads\/Ionut-Lepa-96x96.jpg5c4e4d9e049808799a8821652d2410a4","url":"https:\/\/buletin.de\/bucuresti\/wp-content\/uploads\/Ionut-Lepa-96x96.jpg","contentUrl":"https:\/\/buletin.de\/bucuresti\/wp-content\/uploads\/Ionut-Lepa-96x96.jpg","caption":"Ionu\u021b Lepa"},"url":"https:\/\/buletin.de\/bucuresti\/author\/ionutlepa\/"}]}},"authors":[{"term_id":22586,"user_id":8,"is_guest":0,"slug":"ionutlepa","display_name":"Ionu\u021b Lepa","avatar_url":"https:\/\/buletin.de\/bucuresti\/wp-content\/uploads\/Ionut-Lepa-96x96.jpg","0":null,"1":"","2":"","3":"","4":"","5":"","6":"","7":"","8":""}],"_links":{"self":[{"href":"https:\/\/buletin.de\/bucuresti\/wp-json\/wp\/v2\/posts\/75102","targetHints":{"allow":["GET"]}}],"collection":[{"href":"https:\/\/buletin.de\/bucuresti\/wp-json\/wp\/v2\/posts"}],"about":[{"href":"https:\/\/buletin.de\/bucuresti\/wp-json\/wp\/v2\/types\/post"}],"author":[{"embeddable":true,"href":"https:\/\/buletin.de\/bucuresti\/wp-json\/wp\/v2\/users\/8"}],"replies":[{"embeddable":true,"href":"https:\/\/buletin.de\/bucuresti\/wp-json\/wp\/v2\/comments?post=75102"}],"version-history":[{"count":6,"href":"https:\/\/buletin.de\/bucuresti\/wp-json\/wp\/v2\/posts\/75102\/revisions"}],"predecessor-version":[{"id":75289,"href":"https:\/\/buletin.de\/bucuresti\/wp-json\/wp\/v2\/posts\/75102\/revisions\/75289"}],"wp:featuredmedia":[{"embeddable":true,"href":"https:\/\/buletin.de\/bucuresti\/wp-json\/wp\/v2\/media\/75146"}],"wp:attachment":[{"href":"https:\/\/buletin.de\/bucuresti\/wp-json\/wp\/v2\/media?parent=75102"}],"wp:term":[{"taxonomy":"category","embeddable":true,"href":"https:\/\/buletin.de\/bucuresti\/wp-json\/wp\/v2\/categories?post=75102"},{"taxonomy":"post_tag","embeddable":true,"href":"https:\/\/buletin.de\/bucuresti\/wp-json\/wp\/v2\/tags?post=75102"},{"taxonomy":"author","embeddable":true,"href":"https:\/\/buletin.de\/bucuresti\/wp-json\/wp\/v2\/ppma_author?post=75102"}],"curies":[{"name":"wp","href":"https:\/\/api.w.org\/{rel}","templated":true}]}}