{"id":75061,"date":"2024-01-21T00:15:23","date_gmt":"2024-01-20T22:15:23","guid":{"rendered":"https:\/\/buletin.de\/bucuresti\/?p=75061"},"modified":"2024-01-21T00:15:23","modified_gmt":"2024-01-20T22:15:23","slug":"video-iarna-pe-ulita-in-mogosoaia-lucrarile-la-sistemul-de-canalizare-au-transformat-o-strada-in-camp-destelenit","status":"publish","type":"post","link":"https:\/\/buletin.de\/bucuresti\/video-iarna-pe-ulita-in-mogosoaia-lucrarile-la-sistemul-de-canalizare-au-transformat-o-strada-in-camp-destelenit\/","title":{"rendered":"VIDEO | \u201eIarna pe uli\u0163\u0103\u201d, \u00een Mogo\u015foaia. Lucr\u0103rile la sistemul de canalizare au transformat o strad\u0103 \u00een c\u00e2mp des\u0163elenit"},"content":{"rendered":"\n<p><strong>O ma\u015fin\u0103 de la salubritate a r\u0103mas vineri \u00eempotmolit\u0103 pe o strad\u0103 din Mogo\u015foaia. Pe acel drum s-au f\u0103cut lucr\u0103ri la sistemul de canalizare, dar strada n-a mai fost adus\u0103 la stadiul \u00een care s\u0103 se poat\u0103 circula \u00een condi\u0163ii bune pe ea. La o zi distan\u0163\u0103, \u00een plin\u0103 ninsoare, autorit\u0103\u0163ile au fost nevoite s\u0103 \u00eenchid\u0103 strada, pentru c\u0103 era total impracticabil\u0103. <\/strong><\/p>\n\n\n\n<p>Fotografiile au fost f\u0103cute pe strada Austrului, din Mogo\u015foaia. \u00cens\u0103 problema se \u00eentinde pe mai multe str\u0103zi din zona \u201eLivad\u0103\u201d, iar edilii spun c\u0103 au m\u00e2inile legate. Asta pentru c\u0103 \u00een acel areal sunt \u00een desf\u0103\u015furare lucr\u0103ri pentru ap\u0103-canal, iar firma care le execut\u0103 este responsabil\u0103 pentru ceea ce se \u00eent\u00e2mpl\u0103. <\/p>\n\n\n\n<blockquote class=\"wp-block-quote is-layout-flow wp-block-quote-is-layout-flow\">\n<p class=\"has-medium-font-size\">P\u00e2rghiile noastre de ac\u021biune sunt limitate, at\u00e2t timp c\u00e2t lucrarea este \u00een executare \u0219i amplasamentul-adic\u0103 str\u0103zile pe care se fac lucr\u0103rile-este predat executantului.<\/p>\n\n\n\n<p class=\"has-medium-font-size\">Cu toate astea, nu st\u0103m cu m\u00e2inile \u00een s\u00e2n. Facem toate presiunile necesare \u0219i transmitem toate nemul\u021bumirile noastre \u0219i ale voastre factorilor responsabili.<\/p>\n<cite>Prim\u0103ria Mogo\u015foaia, via facebook<\/cite><\/blockquote>\n\n\n\n<figure class=\"wp-block-video\"><video height=\"480\" style=\"aspect-ratio: 848 \/ 480;\" width=\"848\" controls src=\"https:\/\/buletin.de\/bucuresti\/wp-content\/uploads\/WhatsApp-Video-2024-01-20-at-12.57.29.mp4\"><\/video><\/figure>\n\n\n\n<p>Dac\u0103 vineri totul ar\u0103ta ca un c\u00e2mp proasp\u0103t arat, \u00een care ma\u015fina de salubritate a r\u0103mas, de altfel, \u00eempotmolit\u0103, s\u00e2mb\u0103t\u0103, peisajul s-a schimbat.<\/p>\n\n\n\n<figure class=\"wp-block-gallery has-nested-images columns-default is-cropped wp-block-gallery-1 is-layout-flex wp-block-gallery-is-layout-flex\">\n<figure class=\"wp-block-image size-large\"><img fetchpriority=\"high\" decoding=\"async\" width=\"675\" height=\"900\" data-id=\"75067\" src=\"data:image\/gif;base64,R0lGODlhAQABAAAAACH5BAEKAAEALAAAAAABAAEAAAICTAEAOw==\" data-src=\"https:\/\/buletin.de\/bucuresti\/wp-content\/uploads\/WhatsApp-Image-2024-01-20-at-12.57.47-1-675x900.jpeg\" alt=\"\" class=\"wp-image-75067 lazyload\" data-sizes=\"auto\" data-srcset=\"https:\/\/buletin.de\/bucuresti\/wp-content\/uploads\/WhatsApp-Image-2024-01-20-at-12.57.47-1-675x900.jpeg 675w, https:\/\/buletin.de\/bucuresti\/wp-content\/uploads\/WhatsApp-Image-2024-01-20-at-12.57.47-1-225x300.jpeg 225w, https:\/\/buletin.de\/bucuresti\/wp-content\/uploads\/WhatsApp-Image-2024-01-20-at-12.57.47-1-768x1024.jpeg 768w, https:\/\/buletin.de\/bucuresti\/wp-content\/uploads\/WhatsApp-Image-2024-01-20-at-12.57.47-1-1152x1536.jpeg 1152w, https:\/\/buletin.de\/bucuresti\/wp-content\/uploads\/WhatsApp-Image-2024-01-20-at-12.57.47-1-1100x1467.jpeg 1100w, https:\/\/buletin.de\/bucuresti\/wp-content\/uploads\/WhatsApp-Image-2024-01-20-at-12.57.47-1-600x800.jpeg 600w, https:\/\/buletin.de\/bucuresti\/wp-content\/uploads\/WhatsApp-Image-2024-01-20-at-12.57.47-1-20x27.jpeg 20w, https:\/\/buletin.de\/bucuresti\/wp-content\/uploads\/WhatsApp-Image-2024-01-20-at-12.57.47-1.jpeg 1200w\" sizes=\"(max-width: 675px) 100vw, 675px\" \/><\/figure>\n\n\n\n<figure class=\"wp-block-image size-large\"><img decoding=\"async\" width=\"675\" height=\"900\" data-id=\"75068\" src=\"data:image\/gif;base64,R0lGODlhAQABAAAAACH5BAEKAAEALAAAAAABAAEAAAICTAEAOw==\" data-src=\"https:\/\/buletin.de\/bucuresti\/wp-content\/uploads\/WhatsApp-Image-2024-01-20-at-12.57.47-675x900.jpeg\" alt=\"\" class=\"wp-image-75068 lazyload\" data-sizes=\"auto\" data-srcset=\"https:\/\/buletin.de\/bucuresti\/wp-content\/uploads\/WhatsApp-Image-2024-01-20-at-12.57.47-675x900.jpeg 675w, https:\/\/buletin.de\/bucuresti\/wp-content\/uploads\/WhatsApp-Image-2024-01-20-at-12.57.47-225x300.jpeg 225w, https:\/\/buletin.de\/bucuresti\/wp-content\/uploads\/WhatsApp-Image-2024-01-20-at-12.57.47-768x1024.jpeg 768w, https:\/\/buletin.de\/bucuresti\/wp-content\/uploads\/WhatsApp-Image-2024-01-20-at-12.57.47-1152x1536.jpeg 1152w, https:\/\/buletin.de\/bucuresti\/wp-content\/uploads\/WhatsApp-Image-2024-01-20-at-12.57.47-1100x1467.jpeg 1100w, https:\/\/buletin.de\/bucuresti\/wp-content\/uploads\/WhatsApp-Image-2024-01-20-at-12.57.47-600x800.jpeg 600w, https:\/\/buletin.de\/bucuresti\/wp-content\/uploads\/WhatsApp-Image-2024-01-20-at-12.57.47-20x27.jpeg 20w, https:\/\/buletin.de\/bucuresti\/wp-content\/uploads\/WhatsApp-Image-2024-01-20-at-12.57.47.jpeg 1200w\" sizes=\"(max-width: 675px) 100vw, 675px\" \/><\/figure>\n<\/figure>\n\n\n\n<p>Strada a fost \u00eenchis\u0103, pentru c\u0103 era impracticabil\u0103. Oamenii care locuiesc acolo nu au mai putut s\u0103 ias\u0103 cu ma\u015finile din cur\u0163i. <\/p>\n\n\n\n<p>Contractul care este \u00een desf\u0103\u015furare este atribuit unei asocieri de firme &#8211; Intrakat \u2013 Euro Construct Trading \u201998 SRL, iar plata se face prin Proiectul regional de dezvoltare a infrastructurii de ap\u0103 \u0219i ap\u0103 uzat\u0103 \u00een jude\u021bul Ilfov, \u00een perioada 2014-2020. De zece luni, se fac lucr\u0103ri pentru \u201eextindere re\u021bele alimentare cu ap\u0103, re\u021bele de canalizare, sta\u021bii de pompare ap\u0103 uzat\u0103 \u00een Mogo\u0219oaia, Balote\u0219ti, Tunari\u201d.<\/p>\n\n\n\n<p>Prim\u0103ria spune c\u0103 face presiuni \u015fi, de altfel, a trimis un e-mail societ\u0103\u0163ii Ap\u0103 Canal Ilfov, cu copie c\u0103tre asocierea de firme, pentru a-i anun\u0163a de situa\u0163ie.<\/p>\n\n\n\n<blockquote class=\"wp-block-quote is-layout-flow wp-block-quote-is-layout-flow\">\n<p class=\"has-medium-font-size\">Primim \u00een continuare numeroase peti\u021bii de la locuitorii comunei (cele mai multe dintre ele de pe str. Crinului, Astronomului, Fuiorului, Livezilor, Baladei, Apusului, Garoafelor, Eugen Barbu, Armeneasc\u0103, Ion B\u0103ie\u0219u, Pictor Luchian \u0219i Luceaf\u0103rului) prin care ni se solicit\u0103 s\u0103 intervenim pentru a remedia tas\u0103rile de pe traseul re\u021belelor, s\u0103 adaug\u0103m material coeziv \u0219i s\u0103 facem cur\u0103\u021benie. Acest lucru nu este posibil at\u00e2t timp c\u00e2t amplasamentul se afl\u0103 \u00een custodia executantului, orice interven\u021bie a noastr\u0103 cu privire la refaceri ale sistemului rutier \u0219i nu numai, care ar urma s\u0103 induc\u0103 cheltuieli de la bugetul local nefiind justificat\u0103.<\/p>\n<cite>prim\u0103ria mogo\u015foaia, via facebook<\/cite><\/blockquote>\n\n\n\n<p>Totu\u015fi, locuitorii din zonele men\u0163ionate nu sunt mul\u0163umi\u0163i de reac\u0163ia edililor locali. Spun c\u0103 presiunea ar trebui s\u0103 fie mai mare, pentru ca problema s\u0103 fie rezolvat\u0103.<\/p>\n\n\n\n<blockquote class=\"wp-block-quote is-layout-flow wp-block-quote-is-layout-flow\">\n<p class=\"has-medium-font-size\">Mai bl\u00e2nd de at\u00e2t nu putea fi redactat\u0103 aceast\u0103 adres\u0103. O sesizare la ISC a\u0163i \u00eencercat, Prim\u0103ria Mogo\u0219oaia? Daca dvs nu ave\u021bi p\u00e2rghii, ei cu siguran\u021b\u0103 au. Mai c\u0103 nu v-a\u0163i cerut scuze c\u0103-i deranja\u0163i. I-a\u0163i rugat frumos s\u0103 vin\u0103 cu un plan pe h\u00e2rtie p\u00e2n\u0103\u00a0la sf\u00e2r\u0219itul lui ianuarie 2023, practic le-a\u021bi dat dou\u0103 luni s\u0103 pun\u0103 cap la cap ni\u0219te scuze \u015fi ni\u0219te promisiuni. Asta \u00een condi\u021biile \u00een care noi \u00eenot\u0103m \u00een noroaie de luni de zile. Cu siguran\u021b\u0103 \u00een campania electoral\u0103 o s\u0103 ne povesti\u021bi ce mega eforturi a f\u0103cut prim\u0103ria pentru proiectul de canalizare, proiect cu care ne spune\u021bi acum c\u0103 nu ave\u021bi nicio leg\u0103tur\u0103 \u015fi nicio modalitate de control.<\/p>\n<cite>cet\u0103\u0163ean mogo\u015foaia<\/cite><\/blockquote>\n\n\n\n<h2 class=\"wp-block-heading\">Drumuri cu cratere \u015fi \u00een M\u0103gurele<\/h2>\n\n\n\n<p>Mai la sud se arat\u0103 o situa\u0163ie similar\u0103 &#8211; str\u0103zile din M\u0103gurele sunt ciuruite, iar apa \u015fi z\u0103pada ascund cratere \u00een care locuitorii \u00ee\u015fi stric\u0103 ma\u015finile.<\/p>\n\n\n\n<figure class=\"wp-block-gallery has-nested-images columns-default is-cropped wp-block-gallery-2 is-layout-flex wp-block-gallery-is-layout-flex\">\n<figure class=\"wp-block-image size-large\"><img decoding=\"async\" width=\"675\" height=\"900\" data-id=\"75070\" src=\"data:image\/gif;base64,R0lGODlhAQABAAAAACH5BAEKAAEALAAAAAABAAEAAAICTAEAOw==\" data-src=\"https:\/\/buletin.de\/bucuresti\/wp-content\/uploads\/strada-magurele-1-675x900.jpg\" alt=\"\" class=\"wp-image-75070 lazyload\" data-sizes=\"auto\" data-srcset=\"https:\/\/buletin.de\/bucuresti\/wp-content\/uploads\/strada-magurele-1-675x900.jpg 675w, https:\/\/buletin.de\/bucuresti\/wp-content\/uploads\/strada-magurele-1-225x300.jpg 225w, https:\/\/buletin.de\/bucuresti\/wp-content\/uploads\/strada-magurele-1-768x1024.jpg 768w, https:\/\/buletin.de\/bucuresti\/wp-content\/uploads\/strada-magurele-1-1152x1536.jpg 1152w, https:\/\/buletin.de\/bucuresti\/wp-content\/uploads\/strada-magurele-1-1100x1467.jpg 1100w, https:\/\/buletin.de\/bucuresti\/wp-content\/uploads\/strada-magurele-1-600x800.jpg 600w, https:\/\/buletin.de\/bucuresti\/wp-content\/uploads\/strada-magurele-1-20x27.jpg 20w, https:\/\/buletin.de\/bucuresti\/wp-content\/uploads\/strada-magurele-1.jpg 1200w\" sizes=\"(max-width: 675px) 100vw, 675px\" \/><\/figure>\n\n\n\n<figure class=\"wp-block-image size-large\"><img loading=\"lazy\" decoding=\"async\" width=\"675\" height=\"900\" data-id=\"75069\" src=\"data:image\/gif;base64,R0lGODlhAQABAAAAACH5BAEKAAEALAAAAAABAAEAAAICTAEAOw==\" data-src=\"https:\/\/buletin.de\/bucuresti\/wp-content\/uploads\/strada-magurele-2-675x900.jpg\" alt=\"\" class=\"wp-image-75069 lazyload\" data-sizes=\"auto\" data-srcset=\"https:\/\/buletin.de\/bucuresti\/wp-content\/uploads\/strada-magurele-2-675x900.jpg 675w, https:\/\/buletin.de\/bucuresti\/wp-content\/uploads\/strada-magurele-2-225x300.jpg 225w, https:\/\/buletin.de\/bucuresti\/wp-content\/uploads\/strada-magurele-2-600x800.jpg 600w, https:\/\/buletin.de\/bucuresti\/wp-content\/uploads\/strada-magurele-2-20x27.jpg 20w, https:\/\/buletin.de\/bucuresti\/wp-content\/uploads\/strada-magurele-2.jpg 720w\" sizes=\"(max-width: 675px) 100vw, 675px\" \/><figcaption class=\"wp-element-caption\">foto: cet\u0103\u0163eni M\u0103gurele, via FB<\/figcaption><\/figure>\n\n\n\n<figure class=\"wp-block-image size-large\"><img loading=\"lazy\" decoding=\"async\" width=\"675\" height=\"900\" data-id=\"75071\" src=\"data:image\/gif;base64,R0lGODlhAQABAAAAACH5BAEKAAEALAAAAAABAAEAAAICTAEAOw==\" data-src=\"https:\/\/buletin.de\/bucuresti\/wp-content\/uploads\/strada-magurele-3-675x900.jpg\" alt=\"\" class=\"wp-image-75071 lazyload\" data-sizes=\"auto\" data-srcset=\"https:\/\/buletin.de\/bucuresti\/wp-content\/uploads\/strada-magurele-3-675x900.jpg 675w, https:\/\/buletin.de\/bucuresti\/wp-content\/uploads\/strada-magurele-3-225x300.jpg 225w, https:\/\/buletin.de\/bucuresti\/wp-content\/uploads\/strada-magurele-3-600x800.jpg 600w, https:\/\/buletin.de\/bucuresti\/wp-content\/uploads\/strada-magurele-3-20x27.jpg 20w, https:\/\/buletin.de\/bucuresti\/wp-content\/uploads\/strada-magurele-3.jpg 720w\" sizes=\"(max-width: 675px) 100vw, 675px\" \/><\/figure>\n<\/figure>\n\n\n\n<p><\/p>\n\n\n\n<p><strong>CITE\u015eTE \u015eI: <\/strong><\/p>\n\n\n\n<figure class=\"wp-block-embed is-type-wp-embed is-provider-buletin-de-bucure-ti wp-block-embed-buletin-de-bucure-ti\"><div class=\"wp-block-embed__wrapper\">\n<blockquote class=\"wp-embedded-content\" data-secret=\"5V6MOIm9tS\"><a href=\"https:\/\/buletin.de\/bucuresti\/zapada-mica-probleme-mari-in-capitala-tramvai-deraiat-autobuze-blocate-trafic-ingreunat-si-trenuri-intarziate\/\">Z\u0103pad\u0103 mic\u0103, probleme mari \u00een Capital\u0103: tramvai deraiat, autobuze blocate, trafic \u00eengreunat \u015fi trenuri\u00a0\u00eent\u00e2rziate<\/a><\/blockquote><iframe class=\"wp-embedded-content\" sandbox=\"allow-scripts\" security=\"restricted\" style=\"position: absolute; clip: rect(1px, 1px, 1px, 1px);\" title=\"&#8220;Z\u0103pad\u0103 mic\u0103, probleme mari \u00een Capital\u0103: tramvai deraiat, autobuze blocate, trafic \u00eengreunat \u015fi trenuri\u00a0\u00eent\u00e2rziate&#8221; &#8212; Buletin de Bucure\u0219ti\" src=\"https:\/\/buletin.de\/bucuresti\/zapada-mica-probleme-mari-in-capitala-tramvai-deraiat-autobuze-blocate-trafic-ingreunat-si-trenuri-intarziate\/embed\/#?secret=MHpoYFSYe0#?secret=5V6MOIm9tS\" data-secret=\"5V6MOIm9tS\" width=\"600\" height=\"338\" frameborder=\"0\" marginwidth=\"0\" marginheight=\"0\" scrolling=\"no\"><\/iframe>\n<\/div><\/figure>\n","protected":false},"excerpt":{"rendered":"<p>O ma\u015fin\u0103 de la salubritate a r\u0103mas vineri \u00eempotmolit\u0103 pe o strad\u0103 din Mogo\u015foaia. Pe acel drum s-au f\u0103cut lucr\u0103ri la sistemul de canalizare, dar strada n-a mai fost adus\u0103 la stadiul \u00een care s\u0103 se poat\u0103 circula \u00een condi\u0163ii bune pe ea. La o zi distan\u0163\u0103, \u00een plin\u0103 ninsoare, autorit\u0103\u0163ile au fost nevoite s\u0103 [&hellip;]<\/p>\n","protected":false},"author":8,"featured_media":75064,"comment_status":"closed","ping_status":"open","sticky":false,"template":"","format":"standard","meta":{"_acf_changed":false,"inline_featured_image":false,"ngg_post_thumbnail":0,"footnotes":""},"categories":[6994,1432,5762,24],"tags":[820,9254,1785,9255,3563],"ppma_author":[22586],"class_list":["post-75061","post","type-post","status-publish","format-standard","has-post-thumbnail","hentry","category-stiri-2","category-buletin-de-ilfov","category-main","category-primarie","tag-ilfov","tag-lucrari-canalizare-mogosoaia","tag-magurele-2","tag-masina-salubritate-impotmolita-mogosoaia","tag-mogosoaia-2"],"acf":[],"yoast_head":"<!-- This site is optimized with the Yoast SEO Premium plugin v25.3 (Yoast SEO v27.5) - https:\/\/yoast.com\/product\/yoast-seo-premium-wordpress\/ -->\n<title>VIDEO | \u201eIarna pe uli\u0163\u0103\u201d, \u00een Mogo\u015foaia. Lucr\u0103rile la sistemul de canalizare au transformat o strad\u0103 \u00een c\u00e2mp des\u0163elenit - Buletin de Bucure\u0219ti<\/title>\n<meta name=\"robots\" content=\"index, follow, max-snippet:-1, max-image-preview:large, max-video-preview:-1\" \/>\n<link rel=\"canonical\" href=\"https:\/\/buletin.de\/bucuresti\/video-iarna-pe-ulita-in-mogosoaia-lucrarile-la-sistemul-de-canalizare-au-transformat-o-strada-in-camp-destelenit\/\" \/>\n<meta property=\"og:locale\" content=\"en_GB\" \/>\n<meta property=\"og:type\" content=\"article\" \/>\n<meta property=\"og:title\" content=\"VIDEO | \u201eIarna pe uli\u0163\u0103\u201d, \u00een Mogo\u015foaia. Lucr\u0103rile la sistemul de canalizare au transformat o strad\u0103 \u00een c\u00e2mp des\u0163elenit\" \/>\n<meta property=\"og:description\" content=\"O ma\u015fin\u0103 de la salubritate a r\u0103mas vineri \u00eempotmolit\u0103 pe o strad\u0103 din Mogo\u015foaia. Pe acel drum s-au f\u0103cut lucr\u0103ri la sistemul de canalizare, dar strada n-a mai fost adus\u0103 la stadiul \u00een care s\u0103 se poat\u0103 circula \u00een condi\u0163ii bune pe ea. La o zi distan\u0163\u0103, \u00een plin\u0103 ninsoare, autorit\u0103\u0163ile au fost nevoite s\u0103 [&hellip;]\" \/>\n<meta property=\"og:url\" content=\"https:\/\/buletin.de\/bucuresti\/video-iarna-pe-ulita-in-mogosoaia-lucrarile-la-sistemul-de-canalizare-au-transformat-o-strada-in-camp-destelenit\/\" \/>\n<meta property=\"og:site_name\" content=\"Buletin de Bucure\u0219ti\" \/>\n<meta property=\"article:publisher\" content=\"https:\/\/www.facebook.com\/buletin.de.buc\" \/>\n<meta property=\"article:published_time\" content=\"2024-01-20T22:15:23+00:00\" \/>\n<meta property=\"og:image\" content=\"https:\/\/buletin.de\/bucuresti\/wp-content\/uploads\/pixiz-20-01-2024-22-47-18-e1705787293681.jpg\" \/>\n\t<meta property=\"og:image:width\" content=\"650\" \/>\n\t<meta property=\"og:image:height\" content=\"531\" \/>\n\t<meta property=\"og:image:type\" content=\"image\/jpeg\" \/>\n<meta name=\"author\" content=\"Ionu\u021b Lepa\" \/>\n<meta name=\"twitter:card\" content=\"summary_large_image\" \/>\n<meta name=\"twitter:label1\" content=\"Written by\" \/>\n\t<meta name=\"twitter:data1\" content=\"Ionu\u021b Lepa\" \/>\n\t<meta name=\"twitter:label2\" content=\"Estimated reading time\" \/>\n\t<meta name=\"twitter:data2\" content=\"3 minutes\" \/>\n<script type=\"application\/ld+json\" class=\"yoast-schema-graph\">{\"@context\":\"https:\\\/\\\/schema.org\",\"@graph\":[{\"@type\":\"Article\",\"@id\":\"https:\\\/\\\/buletin.de\\\/bucuresti\\\/video-iarna-pe-ulita-in-mogosoaia-lucrarile-la-sistemul-de-canalizare-au-transformat-o-strada-in-camp-destelenit\\\/#article\",\"isPartOf\":{\"@id\":\"https:\\\/\\\/buletin.de\\\/bucuresti\\\/video-iarna-pe-ulita-in-mogosoaia-lucrarile-la-sistemul-de-canalizare-au-transformat-o-strada-in-camp-destelenit\\\/\"},\"author\":{\"name\":\"Ionu\u021b Lepa\",\"@id\":\"https:\\\/\\\/buletin.de\\\/bucuresti\\\/#\\\/schema\\\/person\\\/5272b8a057b33890940b57b837fc4ce6\"},\"headline\":\"VIDEO | \u201eIarna pe uli\u0163\u0103\u201d, \u00een Mogo\u015foaia. Lucr\u0103rile la sistemul de canalizare au transformat o strad\u0103 \u00een c\u00e2mp des\u0163elenit\",\"datePublished\":\"2024-01-20T22:15:23+00:00\",\"mainEntityOfPage\":{\"@id\":\"https:\\\/\\\/buletin.de\\\/bucuresti\\\/video-iarna-pe-ulita-in-mogosoaia-lucrarile-la-sistemul-de-canalizare-au-transformat-o-strada-in-camp-destelenit\\\/\"},\"wordCount\":710,\"publisher\":{\"@id\":\"https:\\\/\\\/buletin.de\\\/bucuresti\\\/#organization\"},\"image\":{\"@id\":\"https:\\\/\\\/buletin.de\\\/bucuresti\\\/video-iarna-pe-ulita-in-mogosoaia-lucrarile-la-sistemul-de-canalizare-au-transformat-o-strada-in-camp-destelenit\\\/#primaryimage\"},\"thumbnailUrl\":\"https:\\\/\\\/buletin.de\\\/bucuresti\\\/wp-content\\\/uploads\\\/pixiz-20-01-2024-22-47-18-e1705787293681.jpg\",\"keywords\":[\"Ilfov\",\"lucrari canalizare mogosoaia\",\"magurele\",\"masina salubritate impotmolita mogosoaia\",\"mogosoaia\"],\"articleSection\":[\"Articole\",\"Buletin de Ilfov\",\"Main\",\"Prim\u0103rie\"],\"inLanguage\":\"en-GB\",\"copyrightYear\":\"2024\",\"copyrightHolder\":{\"@id\":\"https:\\\/\\\/buletin.de\\\/bucuresti\\\/#organization\"}},{\"@type\":\"WebPage\",\"@id\":\"https:\\\/\\\/buletin.de\\\/bucuresti\\\/video-iarna-pe-ulita-in-mogosoaia-lucrarile-la-sistemul-de-canalizare-au-transformat-o-strada-in-camp-destelenit\\\/\",\"url\":\"https:\\\/\\\/buletin.de\\\/bucuresti\\\/video-iarna-pe-ulita-in-mogosoaia-lucrarile-la-sistemul-de-canalizare-au-transformat-o-strada-in-camp-destelenit\\\/\",\"name\":\"VIDEO | \u201eIarna pe uli\u0163\u0103\u201d, \u00een Mogo\u015foaia. Lucr\u0103rile la sistemul de canalizare au transformat o strad\u0103 \u00een c\u00e2mp des\u0163elenit - Buletin de Bucure\u0219ti\",\"isPartOf\":{\"@id\":\"https:\\\/\\\/buletin.de\\\/bucuresti\\\/#website\"},\"primaryImageOfPage\":{\"@id\":\"https:\\\/\\\/buletin.de\\\/bucuresti\\\/video-iarna-pe-ulita-in-mogosoaia-lucrarile-la-sistemul-de-canalizare-au-transformat-o-strada-in-camp-destelenit\\\/#primaryimage\"},\"image\":{\"@id\":\"https:\\\/\\\/buletin.de\\\/bucuresti\\\/video-iarna-pe-ulita-in-mogosoaia-lucrarile-la-sistemul-de-canalizare-au-transformat-o-strada-in-camp-destelenit\\\/#primaryimage\"},\"thumbnailUrl\":\"https:\\\/\\\/buletin.de\\\/bucuresti\\\/wp-content\\\/uploads\\\/pixiz-20-01-2024-22-47-18-e1705787293681.jpg\",\"datePublished\":\"2024-01-20T22:15:23+00:00\",\"breadcrumb\":{\"@id\":\"https:\\\/\\\/buletin.de\\\/bucuresti\\\/video-iarna-pe-ulita-in-mogosoaia-lucrarile-la-sistemul-de-canalizare-au-transformat-o-strada-in-camp-destelenit\\\/#breadcrumb\"},\"inLanguage\":\"en-GB\",\"potentialAction\":[{\"@type\":\"ReadAction\",\"target\":[\"https:\\\/\\\/buletin.de\\\/bucuresti\\\/video-iarna-pe-ulita-in-mogosoaia-lucrarile-la-sistemul-de-canalizare-au-transformat-o-strada-in-camp-destelenit\\\/\"]}]},{\"@type\":\"ImageObject\",\"inLanguage\":\"en-GB\",\"@id\":\"https:\\\/\\\/buletin.de\\\/bucuresti\\\/video-iarna-pe-ulita-in-mogosoaia-lucrarile-la-sistemul-de-canalizare-au-transformat-o-strada-in-camp-destelenit\\\/#primaryimage\",\"url\":\"https:\\\/\\\/buletin.de\\\/bucuresti\\\/wp-content\\\/uploads\\\/pixiz-20-01-2024-22-47-18-e1705787293681.jpg\",\"contentUrl\":\"https:\\\/\\\/buletin.de\\\/bucuresti\\\/wp-content\\\/uploads\\\/pixiz-20-01-2024-22-47-18-e1705787293681.jpg\",\"width\":650,\"height\":531},{\"@type\":\"BreadcrumbList\",\"@id\":\"https:\\\/\\\/buletin.de\\\/bucuresti\\\/video-iarna-pe-ulita-in-mogosoaia-lucrarile-la-sistemul-de-canalizare-au-transformat-o-strada-in-camp-destelenit\\\/#breadcrumb\",\"itemListElement\":[{\"@type\":\"ListItem\",\"position\":1,\"name\":\"Acas\u0103\",\"item\":\"https:\\\/\\\/buletin.de\\\/bucuresti\\\/\"},{\"@type\":\"ListItem\",\"position\":2,\"name\":\"VIDEO | \u201eIarna pe uli\u0163\u0103\u201d, \u00een Mogo\u015foaia. Lucr\u0103rile la sistemul de canalizare au transformat o strad\u0103 \u00een c\u00e2mp des\u0163elenit\"}]},{\"@type\":\"WebSite\",\"@id\":\"https:\\\/\\\/buletin.de\\\/bucuresti\\\/#website\",\"url\":\"https:\\\/\\\/buletin.de\\\/bucuresti\\\/\",\"name\":\"Buletin de Bucure\u0219ti\",\"description\":\"\u0218tiri \u0219i investiga\u021bii esen\u021biale din capital\u0103\",\"publisher\":{\"@id\":\"https:\\\/\\\/buletin.de\\\/bucuresti\\\/#organization\"},\"potentialAction\":[{\"@type\":\"SearchAction\",\"target\":{\"@type\":\"EntryPoint\",\"urlTemplate\":\"https:\\\/\\\/buletin.de\\\/bucuresti\\\/?s={search_term_string}\"},\"query-input\":{\"@type\":\"PropertyValueSpecification\",\"valueRequired\":true,\"valueName\":\"search_term_string\"}}],\"inLanguage\":\"en-GB\"},{\"@type\":\"Organization\",\"@id\":\"https:\\\/\\\/buletin.de\\\/bucuresti\\\/#organization\",\"name\":\"Buletin de Bucure\u0219ti\",\"url\":\"https:\\\/\\\/buletin.de\\\/bucuresti\\\/\",\"logo\":{\"@type\":\"ImageObject\",\"inLanguage\":\"en-GB\",\"@id\":\"https:\\\/\\\/buletin.de\\\/bucuresti\\\/#\\\/schema\\\/logo\\\/image\\\/\",\"url\":\"https:\\\/\\\/buletin.de\\\/bucuresti\\\/wp-content\\\/uploads\\\/logo-bdb-full-wide-vernil-transparent.png\",\"contentUrl\":\"https:\\\/\\\/buletin.de\\\/bucuresti\\\/wp-content\\\/uploads\\\/logo-bdb-full-wide-vernil-transparent.png\",\"width\":1782,\"height\":626,\"caption\":\"Buletin de Bucure\u0219ti\"},\"image\":{\"@id\":\"https:\\\/\\\/buletin.de\\\/bucuresti\\\/#\\\/schema\\\/logo\\\/image\\\/\"},\"sameAs\":[\"https:\\\/\\\/www.facebook.com\\\/buletin.de.buc\",\"https:\\\/\\\/www.instagram.com\\\/buletinde.bucuresti\\\/\"]},{\"@type\":\"Person\",\"@id\":\"https:\\\/\\\/buletin.de\\\/bucuresti\\\/#\\\/schema\\\/person\\\/5272b8a057b33890940b57b837fc4ce6\",\"name\":\"Ionu\u021b Lepa\",\"image\":{\"@type\":\"ImageObject\",\"inLanguage\":\"en-GB\",\"@id\":\"https:\\\/\\\/buletin.de\\\/bucuresti\\\/wp-content\\\/uploads\\\/Ionut-Lepa-96x96.jpg5c4e4d9e049808799a8821652d2410a4\",\"url\":\"https:\\\/\\\/buletin.de\\\/bucuresti\\\/wp-content\\\/uploads\\\/Ionut-Lepa-96x96.jpg\",\"contentUrl\":\"https:\\\/\\\/buletin.de\\\/bucuresti\\\/wp-content\\\/uploads\\\/Ionut-Lepa-96x96.jpg\",\"caption\":\"Ionu\u021b Lepa\"},\"url\":\"https:\\\/\\\/buletin.de\\\/bucuresti\\\/author\\\/ionutlepa\\\/\"}]}<\/script>\n<!-- \/ Yoast SEO Premium plugin. -->","yoast_head_json":{"title":"VIDEO | \u201eIarna pe uli\u0163\u0103\u201d, \u00een Mogo\u015foaia. Lucr\u0103rile la sistemul de canalizare au transformat o strad\u0103 \u00een c\u00e2mp des\u0163elenit - Buletin de Bucure\u0219ti","robots":{"index":"index","follow":"follow","max-snippet":"max-snippet:-1","max-image-preview":"max-image-preview:large","max-video-preview":"max-video-preview:-1"},"canonical":"https:\/\/buletin.de\/bucuresti\/video-iarna-pe-ulita-in-mogosoaia-lucrarile-la-sistemul-de-canalizare-au-transformat-o-strada-in-camp-destelenit\/","og_locale":"en_GB","og_type":"article","og_title":"VIDEO | \u201eIarna pe uli\u0163\u0103\u201d, \u00een Mogo\u015foaia. Lucr\u0103rile la sistemul de canalizare au transformat o strad\u0103 \u00een c\u00e2mp des\u0163elenit","og_description":"O ma\u015fin\u0103 de la salubritate a r\u0103mas vineri \u00eempotmolit\u0103 pe o strad\u0103 din Mogo\u015foaia. Pe acel drum s-au f\u0103cut lucr\u0103ri la sistemul de canalizare, dar strada n-a mai fost adus\u0103 la stadiul \u00een care s\u0103 se poat\u0103 circula \u00een condi\u0163ii bune pe ea. La o zi distan\u0163\u0103, \u00een plin\u0103 ninsoare, autorit\u0103\u0163ile au fost nevoite s\u0103 [&hellip;]","og_url":"https:\/\/buletin.de\/bucuresti\/video-iarna-pe-ulita-in-mogosoaia-lucrarile-la-sistemul-de-canalizare-au-transformat-o-strada-in-camp-destelenit\/","og_site_name":"Buletin de Bucure\u0219ti","article_publisher":"https:\/\/www.facebook.com\/buletin.de.buc","article_published_time":"2024-01-20T22:15:23+00:00","og_image":[{"width":650,"height":531,"url":"https:\/\/buletin.de\/bucuresti\/wp-content\/uploads\/pixiz-20-01-2024-22-47-18-e1705787293681.jpg","type":"image\/jpeg"}],"author":"Ionu\u021b Lepa","twitter_card":"summary_large_image","twitter_misc":{"Written by":"Ionu\u021b Lepa","Estimated reading time":"3 minutes"},"schema":{"@context":"https:\/\/schema.org","@graph":[{"@type":"Article","@id":"https:\/\/buletin.de\/bucuresti\/video-iarna-pe-ulita-in-mogosoaia-lucrarile-la-sistemul-de-canalizare-au-transformat-o-strada-in-camp-destelenit\/#article","isPartOf":{"@id":"https:\/\/buletin.de\/bucuresti\/video-iarna-pe-ulita-in-mogosoaia-lucrarile-la-sistemul-de-canalizare-au-transformat-o-strada-in-camp-destelenit\/"},"author":{"name":"Ionu\u021b Lepa","@id":"https:\/\/buletin.de\/bucuresti\/#\/schema\/person\/5272b8a057b33890940b57b837fc4ce6"},"headline":"VIDEO | \u201eIarna pe uli\u0163\u0103\u201d, \u00een Mogo\u015foaia. Lucr\u0103rile la sistemul de canalizare au transformat o strad\u0103 \u00een c\u00e2mp des\u0163elenit","datePublished":"2024-01-20T22:15:23+00:00","mainEntityOfPage":{"@id":"https:\/\/buletin.de\/bucuresti\/video-iarna-pe-ulita-in-mogosoaia-lucrarile-la-sistemul-de-canalizare-au-transformat-o-strada-in-camp-destelenit\/"},"wordCount":710,"publisher":{"@id":"https:\/\/buletin.de\/bucuresti\/#organization"},"image":{"@id":"https:\/\/buletin.de\/bucuresti\/video-iarna-pe-ulita-in-mogosoaia-lucrarile-la-sistemul-de-canalizare-au-transformat-o-strada-in-camp-destelenit\/#primaryimage"},"thumbnailUrl":"https:\/\/buletin.de\/bucuresti\/wp-content\/uploads\/pixiz-20-01-2024-22-47-18-e1705787293681.jpg","keywords":["Ilfov","lucrari canalizare mogosoaia","magurele","masina salubritate impotmolita mogosoaia","mogosoaia"],"articleSection":["Articole","Buletin de Ilfov","Main","Prim\u0103rie"],"inLanguage":"en-GB","copyrightYear":"2024","copyrightHolder":{"@id":"https:\/\/buletin.de\/bucuresti\/#organization"}},{"@type":"WebPage","@id":"https:\/\/buletin.de\/bucuresti\/video-iarna-pe-ulita-in-mogosoaia-lucrarile-la-sistemul-de-canalizare-au-transformat-o-strada-in-camp-destelenit\/","url":"https:\/\/buletin.de\/bucuresti\/video-iarna-pe-ulita-in-mogosoaia-lucrarile-la-sistemul-de-canalizare-au-transformat-o-strada-in-camp-destelenit\/","name":"VIDEO | \u201eIarna pe uli\u0163\u0103\u201d, \u00een Mogo\u015foaia. Lucr\u0103rile la sistemul de canalizare au transformat o strad\u0103 \u00een c\u00e2mp des\u0163elenit - Buletin de Bucure\u0219ti","isPartOf":{"@id":"https:\/\/buletin.de\/bucuresti\/#website"},"primaryImageOfPage":{"@id":"https:\/\/buletin.de\/bucuresti\/video-iarna-pe-ulita-in-mogosoaia-lucrarile-la-sistemul-de-canalizare-au-transformat-o-strada-in-camp-destelenit\/#primaryimage"},"image":{"@id":"https:\/\/buletin.de\/bucuresti\/video-iarna-pe-ulita-in-mogosoaia-lucrarile-la-sistemul-de-canalizare-au-transformat-o-strada-in-camp-destelenit\/#primaryimage"},"thumbnailUrl":"https:\/\/buletin.de\/bucuresti\/wp-content\/uploads\/pixiz-20-01-2024-22-47-18-e1705787293681.jpg","datePublished":"2024-01-20T22:15:23+00:00","breadcrumb":{"@id":"https:\/\/buletin.de\/bucuresti\/video-iarna-pe-ulita-in-mogosoaia-lucrarile-la-sistemul-de-canalizare-au-transformat-o-strada-in-camp-destelenit\/#breadcrumb"},"inLanguage":"en-GB","potentialAction":[{"@type":"ReadAction","target":["https:\/\/buletin.de\/bucuresti\/video-iarna-pe-ulita-in-mogosoaia-lucrarile-la-sistemul-de-canalizare-au-transformat-o-strada-in-camp-destelenit\/"]}]},{"@type":"ImageObject","inLanguage":"en-GB","@id":"https:\/\/buletin.de\/bucuresti\/video-iarna-pe-ulita-in-mogosoaia-lucrarile-la-sistemul-de-canalizare-au-transformat-o-strada-in-camp-destelenit\/#primaryimage","url":"https:\/\/buletin.de\/bucuresti\/wp-content\/uploads\/pixiz-20-01-2024-22-47-18-e1705787293681.jpg","contentUrl":"https:\/\/buletin.de\/bucuresti\/wp-content\/uploads\/pixiz-20-01-2024-22-47-18-e1705787293681.jpg","width":650,"height":531},{"@type":"BreadcrumbList","@id":"https:\/\/buletin.de\/bucuresti\/video-iarna-pe-ulita-in-mogosoaia-lucrarile-la-sistemul-de-canalizare-au-transformat-o-strada-in-camp-destelenit\/#breadcrumb","itemListElement":[{"@type":"ListItem","position":1,"name":"Acas\u0103","item":"https:\/\/buletin.de\/bucuresti\/"},{"@type":"ListItem","position":2,"name":"VIDEO | \u201eIarna pe uli\u0163\u0103\u201d, \u00een Mogo\u015foaia. Lucr\u0103rile la sistemul de canalizare au transformat o strad\u0103 \u00een c\u00e2mp des\u0163elenit"}]},{"@type":"WebSite","@id":"https:\/\/buletin.de\/bucuresti\/#website","url":"https:\/\/buletin.de\/bucuresti\/","name":"Buletin de Bucure\u0219ti","description":"\u0218tiri \u0219i investiga\u021bii esen\u021biale din capital\u0103","publisher":{"@id":"https:\/\/buletin.de\/bucuresti\/#organization"},"potentialAction":[{"@type":"SearchAction","target":{"@type":"EntryPoint","urlTemplate":"https:\/\/buletin.de\/bucuresti\/?s={search_term_string}"},"query-input":{"@type":"PropertyValueSpecification","valueRequired":true,"valueName":"search_term_string"}}],"inLanguage":"en-GB"},{"@type":"Organization","@id":"https:\/\/buletin.de\/bucuresti\/#organization","name":"Buletin de Bucure\u0219ti","url":"https:\/\/buletin.de\/bucuresti\/","logo":{"@type":"ImageObject","inLanguage":"en-GB","@id":"https:\/\/buletin.de\/bucuresti\/#\/schema\/logo\/image\/","url":"https:\/\/buletin.de\/bucuresti\/wp-content\/uploads\/logo-bdb-full-wide-vernil-transparent.png","contentUrl":"https:\/\/buletin.de\/bucuresti\/wp-content\/uploads\/logo-bdb-full-wide-vernil-transparent.png","width":1782,"height":626,"caption":"Buletin de Bucure\u0219ti"},"image":{"@id":"https:\/\/buletin.de\/bucuresti\/#\/schema\/logo\/image\/"},"sameAs":["https:\/\/www.facebook.com\/buletin.de.buc","https:\/\/www.instagram.com\/buletinde.bucuresti\/"]},{"@type":"Person","@id":"https:\/\/buletin.de\/bucuresti\/#\/schema\/person\/5272b8a057b33890940b57b837fc4ce6","name":"Ionu\u021b Lepa","image":{"@type":"ImageObject","inLanguage":"en-GB","@id":"https:\/\/buletin.de\/bucuresti\/wp-content\/uploads\/Ionut-Lepa-96x96.jpg5c4e4d9e049808799a8821652d2410a4","url":"https:\/\/buletin.de\/bucuresti\/wp-content\/uploads\/Ionut-Lepa-96x96.jpg","contentUrl":"https:\/\/buletin.de\/bucuresti\/wp-content\/uploads\/Ionut-Lepa-96x96.jpg","caption":"Ionu\u021b Lepa"},"url":"https:\/\/buletin.de\/bucuresti\/author\/ionutlepa\/"}]}},"authors":[{"term_id":22586,"user_id":8,"is_guest":0,"slug":"ionutlepa","display_name":"Ionu\u021b Lepa","avatar_url":"https:\/\/buletin.de\/bucuresti\/wp-content\/uploads\/Ionut-Lepa-96x96.jpg","0":null,"1":"","2":"","3":"","4":"","5":"","6":"","7":"","8":""}],"_links":{"self":[{"href":"https:\/\/buletin.de\/bucuresti\/wp-json\/wp\/v2\/posts\/75061","targetHints":{"allow":["GET"]}}],"collection":[{"href":"https:\/\/buletin.de\/bucuresti\/wp-json\/wp\/v2\/posts"}],"about":[{"href":"https:\/\/buletin.de\/bucuresti\/wp-json\/wp\/v2\/types\/post"}],"author":[{"embeddable":true,"href":"https:\/\/buletin.de\/bucuresti\/wp-json\/wp\/v2\/users\/8"}],"replies":[{"embeddable":true,"href":"https:\/\/buletin.de\/bucuresti\/wp-json\/wp\/v2\/comments?post=75061"}],"version-history":[{"count":2,"href":"https:\/\/buletin.de\/bucuresti\/wp-json\/wp\/v2\/posts\/75061\/revisions"}],"predecessor-version":[{"id":75072,"href":"https:\/\/buletin.de\/bucuresti\/wp-json\/wp\/v2\/posts\/75061\/revisions\/75072"}],"wp:featuredmedia":[{"embeddable":true,"href":"https:\/\/buletin.de\/bucuresti\/wp-json\/wp\/v2\/media\/75064"}],"wp:attachment":[{"href":"https:\/\/buletin.de\/bucuresti\/wp-json\/wp\/v2\/media?parent=75061"}],"wp:term":[{"taxonomy":"category","embeddable":true,"href":"https:\/\/buletin.de\/bucuresti\/wp-json\/wp\/v2\/categories?post=75061"},{"taxonomy":"post_tag","embeddable":true,"href":"https:\/\/buletin.de\/bucuresti\/wp-json\/wp\/v2\/tags?post=75061"},{"taxonomy":"author","embeddable":true,"href":"https:\/\/buletin.de\/bucuresti\/wp-json\/wp\/v2\/ppma_author?post=75061"}],"curies":[{"name":"wp","href":"https:\/\/api.w.org\/{rel}","templated":true}]}}