{"id":74983,"date":"2024-01-19T14:46:14","date_gmt":"2024-01-19T12:46:14","guid":{"rendered":"https:\/\/buletin.de\/bucuresti\/?p=74983"},"modified":"2024-01-19T22:36:30","modified_gmt":"2024-01-19T20:36:30","slug":"transportatorii-protestatari-au-blocat-autostrada-bucuresti-ploiesti-coloana-de-sase-kilometri","status":"publish","type":"post","link":"https:\/\/buletin.de\/bucuresti\/transportatorii-protestatari-au-blocat-autostrada-bucuresti-ploiesti-coloana-de-sase-kilometri\/","title":{"rendered":"Transportatorii protestatari au blocat autostrada Bucure\u015fti-Ploie\u015fti. Coloan\u0103 de \u015fase kilometri"},"content":{"rendered":"\n<p><strong>Sensul dinspre Bucure\u015fti spre Ploie\u015fti al A3 a fost blocat de transportatorii protestatari cu trei capete tractor, care au fost oprite pe carosabil, pe toate benzile, inclusiv pe cea de urgen\u0163\u0103. Centrul Infotrafic al Poli\u0163iei Rom\u00e2ne informeaz\u0103 c\u0103 s-a format o coad\u0103 de aproximativ \u015fase kilometri. <\/strong><\/p>\n\n\n\n<p>Blocajul a fost la kilometrul 62, \u00een dreptul localit\u0103\u0163ii Dumbrava, din Prahova. \u015eoferii au oprit capetele tractor \u015fi au pornit s\u0103 protesteze \u201ela pas\u201d. <\/p>\n\n\n<p><iframe src=\"https:\/\/www.digi24.ro\/embed\/stiri\/actualitate\/transportatorii-si-fermierii-au-blocat-autostrada-bucuresti-ploiesti-au-oprit-vehiculele-si-au-plecat-pe-jos-2655949?video=0&#038;width=570&#038;height=320\" allowfullscreen marginwidth=\"0\" marginheight=\"0\" align=\"top\" scrolling=\"no\" frameborder=\"0\" hspace=\"0\" vspace=\"0\" width=\"570\" height=\"320\" ><\/iframe><\/p>\n\n\n\n<p>Protestul ad-hoc vine dup\u0103 ce primarul general Nicu\u015for Dan a anun\u0163at c\u0103 a autorizat un miting \u00een Pia\u0163a Constitu\u0163iei, pentru 5000 de oameni, 100 de tractoare \u015fi 100 de capete tractor, \u00een zilele de duminic\u0103, luni \u015fi mar\u0163i. <\/p>\n\n\n\n<p><\/p>\n\n\n\n<p><\/p>\n\n\n\n<p><strong>CITE\u015eTE \u015eI: <\/strong><\/p>\n\n\n\n<figure class=\"wp-block-embed is-type-wp-embed is-provider-buletin-de-bucure-ti wp-block-embed-buletin-de-bucure-ti\"><div class=\"wp-block-embed__wrapper\">\n<blockquote class=\"wp-embedded-content\" data-secret=\"u0dlOGLCBg\"><a href=\"https:\/\/buletin.de\/bucuresti\/duminica-in-creierii-diminetii-se-da-startul-protestului-din-bucuresti-transportatorii-vor-veni-dinspre-sud-vest\/\">Duminic\u0103, \u00een creierii dimine\u0163ii, se d\u0103 startul protestului din Bucure\u015fti: transportatorii vor veni dinspre sud-vest<\/a><\/blockquote><iframe class=\"wp-embedded-content\" sandbox=\"allow-scripts\" security=\"restricted\" style=\"position: absolute; clip: rect(1px, 1px, 1px, 1px);\" title=\"&#8220;Duminic\u0103, \u00een creierii dimine\u0163ii, se d\u0103 startul protestului din Bucure\u015fti: transportatorii vor veni dinspre sud-vest&#8221; &#8212; Buletin de Bucure\u0219ti\" src=\"https:\/\/buletin.de\/bucuresti\/duminica-in-creierii-diminetii-se-da-startul-protestului-din-bucuresti-transportatorii-vor-veni-dinspre-sud-vest\/embed\/#?secret=UM3bY8ZVcM#?secret=u0dlOGLCBg\" data-secret=\"u0dlOGLCBg\" width=\"600\" height=\"338\" frameborder=\"0\" marginwidth=\"0\" marginheight=\"0\" scrolling=\"no\"><\/iframe>\n<\/div><\/figure>\n","protected":false},"excerpt":{"rendered":"<p>Sensul dinspre Bucure\u015fti spre Ploie\u015fti al A3 a fost blocat de transportatorii protestatari cu trei capete tractor, care au fost oprite pe carosabil, pe toate benzile, inclusiv pe cea de urgen\u0163\u0103. Centrul Infotrafic al Poli\u0163iei Rom\u00e2ne informeaz\u0103 c\u0103 s-a format o coad\u0103 de aproximativ \u015fase kilometri. Blocajul a fost la kilometrul 62, \u00een dreptul localit\u0103\u0163ii [&hellip;]<\/p>\n","protected":false},"author":8,"featured_media":74984,"comment_status":"closed","ping_status":"open","sticky":false,"template":"","format":"standard","meta":{"_acf_changed":false,"inline_featured_image":false,"ngg_post_thumbnail":0,"footnotes":""},"categories":[6994,9026,5762],"tags":[9230,9231,9229,9198],"ppma_author":[22586],"class_list":["post-74983","post","type-post","status-publish","format-standard","has-post-thumbnail","hentry","category-stiri-2","category-eveniment","category-main","tag-blocaj-autostrada","tag-capete-tractor-benzi-autostrada","tag-protest-autostrada-bucuresti-ploiesti","tag-proteste-transportatori"],"acf":[],"yoast_head":"<!-- This site is optimized with the Yoast SEO Premium plugin v25.3 (Yoast SEO v27.4) - https:\/\/yoast.com\/product\/yoast-seo-premium-wordpress\/ -->\n<title>Transportatorii protestatari au blocat autostrada Bucure\u015fti-Ploie\u015fti. Coloan\u0103 de \u015fase kilometri - Buletin de Bucure\u0219ti<\/title>\n<meta name=\"robots\" content=\"index, follow, max-snippet:-1, max-image-preview:large, max-video-preview:-1\" \/>\n<link rel=\"canonical\" href=\"https:\/\/buletin.de\/bucuresti\/transportatorii-protestatari-au-blocat-autostrada-bucuresti-ploiesti-coloana-de-sase-kilometri\/\" \/>\n<meta property=\"og:locale\" content=\"en_GB\" \/>\n<meta property=\"og:type\" content=\"article\" \/>\n<meta property=\"og:title\" content=\"Transportatorii protestatari au blocat autostrada Bucure\u015fti-Ploie\u015fti. Coloan\u0103 de \u015fase kilometri\" \/>\n<meta property=\"og:description\" content=\"Sensul dinspre Bucure\u015fti spre Ploie\u015fti al A3 a fost blocat de transportatorii protestatari cu trei capete tractor, care au fost oprite pe carosabil, pe toate benzile, inclusiv pe cea de urgen\u0163\u0103. Centrul Infotrafic al Poli\u0163iei Rom\u00e2ne informeaz\u0103 c\u0103 s-a format o coad\u0103 de aproximativ \u015fase kilometri. Blocajul a fost la kilometrul 62, \u00een dreptul localit\u0103\u0163ii [&hellip;]\" \/>\n<meta property=\"og:url\" content=\"https:\/\/buletin.de\/bucuresti\/transportatorii-protestatari-au-blocat-autostrada-bucuresti-ploiesti-coloana-de-sase-kilometri\/\" \/>\n<meta property=\"og:site_name\" content=\"Buletin de Bucure\u0219ti\" \/>\n<meta property=\"article:publisher\" content=\"https:\/\/www.facebook.com\/buletin.de.buc\" \/>\n<meta property=\"article:published_time\" content=\"2024-01-19T12:46:14+00:00\" \/>\n<meta property=\"article:modified_time\" content=\"2024-01-19T20:36:30+00:00\" \/>\n<meta property=\"og:image\" content=\"https:\/\/buletin.de\/bucuresti\/wp-content\/uploads\/waze-dumbrava-a3.png\" \/>\n\t<meta property=\"og:image:width\" content=\"1292\" \/>\n\t<meta property=\"og:image:height\" content=\"699\" \/>\n\t<meta property=\"og:image:type\" content=\"image\/png\" \/>\n<meta name=\"author\" content=\"Ionu\u021b Lepa\" \/>\n<meta name=\"twitter:card\" content=\"summary_large_image\" \/>\n<meta name=\"twitter:label1\" content=\"Written by\" \/>\n\t<meta name=\"twitter:data1\" content=\"Ionu\u021b Lepa\" \/>\n\t<meta name=\"twitter:label2\" content=\"Estimated reading time\" \/>\n\t<meta name=\"twitter:data2\" content=\"1 minute\" \/>\n<script type=\"application\/ld+json\" class=\"yoast-schema-graph\">{\"@context\":\"https:\\\/\\\/schema.org\",\"@graph\":[{\"@type\":\"Article\",\"@id\":\"https:\\\/\\\/buletin.de\\\/bucuresti\\\/transportatorii-protestatari-au-blocat-autostrada-bucuresti-ploiesti-coloana-de-sase-kilometri\\\/#article\",\"isPartOf\":{\"@id\":\"https:\\\/\\\/buletin.de\\\/bucuresti\\\/transportatorii-protestatari-au-blocat-autostrada-bucuresti-ploiesti-coloana-de-sase-kilometri\\\/\"},\"author\":{\"name\":\"Ionu\u021b Lepa\",\"@id\":\"https:\\\/\\\/buletin.de\\\/bucuresti\\\/#\\\/schema\\\/person\\\/5272b8a057b33890940b57b837fc4ce6\"},\"headline\":\"Transportatorii protestatari au blocat autostrada Bucure\u015fti-Ploie\u015fti. Coloan\u0103 de \u015fase kilometri\",\"datePublished\":\"2024-01-19T12:46:14+00:00\",\"dateModified\":\"2024-01-19T20:36:30+00:00\",\"mainEntityOfPage\":{\"@id\":\"https:\\\/\\\/buletin.de\\\/bucuresti\\\/transportatorii-protestatari-au-blocat-autostrada-bucuresti-ploiesti-coloana-de-sase-kilometri\\\/\"},\"wordCount\":134,\"publisher\":{\"@id\":\"https:\\\/\\\/buletin.de\\\/bucuresti\\\/#organization\"},\"image\":{\"@id\":\"https:\\\/\\\/buletin.de\\\/bucuresti\\\/transportatorii-protestatari-au-blocat-autostrada-bucuresti-ploiesti-coloana-de-sase-kilometri\\\/#primaryimage\"},\"thumbnailUrl\":\"https:\\\/\\\/buletin.de\\\/bucuresti\\\/wp-content\\\/uploads\\\/waze-dumbrava-a3.png\",\"keywords\":[\"blocaj autostrada\",\"capete tractor benzi autostrada\",\"protest autostrada bucuresti ploiesti\",\"Proteste transportatori\"],\"articleSection\":[\"Articole\",\"Eveniment\",\"Main\"],\"inLanguage\":\"en-GB\",\"copyrightYear\":\"2024\",\"copyrightHolder\":{\"@id\":\"https:\\\/\\\/buletin.de\\\/bucuresti\\\/#organization\"}},{\"@type\":\"WebPage\",\"@id\":\"https:\\\/\\\/buletin.de\\\/bucuresti\\\/transportatorii-protestatari-au-blocat-autostrada-bucuresti-ploiesti-coloana-de-sase-kilometri\\\/\",\"url\":\"https:\\\/\\\/buletin.de\\\/bucuresti\\\/transportatorii-protestatari-au-blocat-autostrada-bucuresti-ploiesti-coloana-de-sase-kilometri\\\/\",\"name\":\"Transportatorii protestatari au blocat autostrada Bucure\u015fti-Ploie\u015fti. Coloan\u0103 de \u015fase kilometri - Buletin de Bucure\u0219ti\",\"isPartOf\":{\"@id\":\"https:\\\/\\\/buletin.de\\\/bucuresti\\\/#website\"},\"primaryImageOfPage\":{\"@id\":\"https:\\\/\\\/buletin.de\\\/bucuresti\\\/transportatorii-protestatari-au-blocat-autostrada-bucuresti-ploiesti-coloana-de-sase-kilometri\\\/#primaryimage\"},\"image\":{\"@id\":\"https:\\\/\\\/buletin.de\\\/bucuresti\\\/transportatorii-protestatari-au-blocat-autostrada-bucuresti-ploiesti-coloana-de-sase-kilometri\\\/#primaryimage\"},\"thumbnailUrl\":\"https:\\\/\\\/buletin.de\\\/bucuresti\\\/wp-content\\\/uploads\\\/waze-dumbrava-a3.png\",\"datePublished\":\"2024-01-19T12:46:14+00:00\",\"dateModified\":\"2024-01-19T20:36:30+00:00\",\"breadcrumb\":{\"@id\":\"https:\\\/\\\/buletin.de\\\/bucuresti\\\/transportatorii-protestatari-au-blocat-autostrada-bucuresti-ploiesti-coloana-de-sase-kilometri\\\/#breadcrumb\"},\"inLanguage\":\"en-GB\",\"potentialAction\":[{\"@type\":\"ReadAction\",\"target\":[\"https:\\\/\\\/buletin.de\\\/bucuresti\\\/transportatorii-protestatari-au-blocat-autostrada-bucuresti-ploiesti-coloana-de-sase-kilometri\\\/\"]}]},{\"@type\":\"ImageObject\",\"inLanguage\":\"en-GB\",\"@id\":\"https:\\\/\\\/buletin.de\\\/bucuresti\\\/transportatorii-protestatari-au-blocat-autostrada-bucuresti-ploiesti-coloana-de-sase-kilometri\\\/#primaryimage\",\"url\":\"https:\\\/\\\/buletin.de\\\/bucuresti\\\/wp-content\\\/uploads\\\/waze-dumbrava-a3.png\",\"contentUrl\":\"https:\\\/\\\/buletin.de\\\/bucuresti\\\/wp-content\\\/uploads\\\/waze-dumbrava-a3.png\",\"width\":1292,\"height\":699,\"caption\":\"FOTO: Waze\"},{\"@type\":\"BreadcrumbList\",\"@id\":\"https:\\\/\\\/buletin.de\\\/bucuresti\\\/transportatorii-protestatari-au-blocat-autostrada-bucuresti-ploiesti-coloana-de-sase-kilometri\\\/#breadcrumb\",\"itemListElement\":[{\"@type\":\"ListItem\",\"position\":1,\"name\":\"Acas\u0103\",\"item\":\"https:\\\/\\\/buletin.de\\\/bucuresti\\\/\"},{\"@type\":\"ListItem\",\"position\":2,\"name\":\"Transportatorii protestatari au blocat autostrada Bucure\u015fti-Ploie\u015fti. Coloan\u0103 de \u015fase kilometri\"}]},{\"@type\":\"WebSite\",\"@id\":\"https:\\\/\\\/buletin.de\\\/bucuresti\\\/#website\",\"url\":\"https:\\\/\\\/buletin.de\\\/bucuresti\\\/\",\"name\":\"Buletin de Bucure\u0219ti\",\"description\":\"\u0218tiri \u0219i investiga\u021bii esen\u021biale din capital\u0103\",\"publisher\":{\"@id\":\"https:\\\/\\\/buletin.de\\\/bucuresti\\\/#organization\"},\"potentialAction\":[{\"@type\":\"SearchAction\",\"target\":{\"@type\":\"EntryPoint\",\"urlTemplate\":\"https:\\\/\\\/buletin.de\\\/bucuresti\\\/?s={search_term_string}\"},\"query-input\":{\"@type\":\"PropertyValueSpecification\",\"valueRequired\":true,\"valueName\":\"search_term_string\"}}],\"inLanguage\":\"en-GB\"},{\"@type\":\"Organization\",\"@id\":\"https:\\\/\\\/buletin.de\\\/bucuresti\\\/#organization\",\"name\":\"Buletin de Bucure\u0219ti\",\"url\":\"https:\\\/\\\/buletin.de\\\/bucuresti\\\/\",\"logo\":{\"@type\":\"ImageObject\",\"inLanguage\":\"en-GB\",\"@id\":\"https:\\\/\\\/buletin.de\\\/bucuresti\\\/#\\\/schema\\\/logo\\\/image\\\/\",\"url\":\"https:\\\/\\\/buletin.de\\\/bucuresti\\\/wp-content\\\/uploads\\\/logo-bdb-full-wide-vernil-transparent.png\",\"contentUrl\":\"https:\\\/\\\/buletin.de\\\/bucuresti\\\/wp-content\\\/uploads\\\/logo-bdb-full-wide-vernil-transparent.png\",\"width\":1782,\"height\":626,\"caption\":\"Buletin de Bucure\u0219ti\"},\"image\":{\"@id\":\"https:\\\/\\\/buletin.de\\\/bucuresti\\\/#\\\/schema\\\/logo\\\/image\\\/\"},\"sameAs\":[\"https:\\\/\\\/www.facebook.com\\\/buletin.de.buc\",\"https:\\\/\\\/www.instagram.com\\\/buletinde.bucuresti\\\/\"]},{\"@type\":\"Person\",\"@id\":\"https:\\\/\\\/buletin.de\\\/bucuresti\\\/#\\\/schema\\\/person\\\/5272b8a057b33890940b57b837fc4ce6\",\"name\":\"Ionu\u021b Lepa\",\"image\":{\"@type\":\"ImageObject\",\"inLanguage\":\"en-GB\",\"@id\":\"https:\\\/\\\/buletin.de\\\/bucuresti\\\/wp-content\\\/uploads\\\/Ionut-Lepa-96x96.jpg5c4e4d9e049808799a8821652d2410a4\",\"url\":\"https:\\\/\\\/buletin.de\\\/bucuresti\\\/wp-content\\\/uploads\\\/Ionut-Lepa-96x96.jpg\",\"contentUrl\":\"https:\\\/\\\/buletin.de\\\/bucuresti\\\/wp-content\\\/uploads\\\/Ionut-Lepa-96x96.jpg\",\"caption\":\"Ionu\u021b Lepa\"},\"url\":\"https:\\\/\\\/buletin.de\\\/bucuresti\\\/author\\\/ionutlepa\\\/\"}]}<\/script>\n<!-- \/ Yoast SEO Premium plugin. -->","yoast_head_json":{"title":"Transportatorii protestatari au blocat autostrada Bucure\u015fti-Ploie\u015fti. Coloan\u0103 de \u015fase kilometri - Buletin de Bucure\u0219ti","robots":{"index":"index","follow":"follow","max-snippet":"max-snippet:-1","max-image-preview":"max-image-preview:large","max-video-preview":"max-video-preview:-1"},"canonical":"https:\/\/buletin.de\/bucuresti\/transportatorii-protestatari-au-blocat-autostrada-bucuresti-ploiesti-coloana-de-sase-kilometri\/","og_locale":"en_GB","og_type":"article","og_title":"Transportatorii protestatari au blocat autostrada Bucure\u015fti-Ploie\u015fti. Coloan\u0103 de \u015fase kilometri","og_description":"Sensul dinspre Bucure\u015fti spre Ploie\u015fti al A3 a fost blocat de transportatorii protestatari cu trei capete tractor, care au fost oprite pe carosabil, pe toate benzile, inclusiv pe cea de urgen\u0163\u0103. Centrul Infotrafic al Poli\u0163iei Rom\u00e2ne informeaz\u0103 c\u0103 s-a format o coad\u0103 de aproximativ \u015fase kilometri. Blocajul a fost la kilometrul 62, \u00een dreptul localit\u0103\u0163ii [&hellip;]","og_url":"https:\/\/buletin.de\/bucuresti\/transportatorii-protestatari-au-blocat-autostrada-bucuresti-ploiesti-coloana-de-sase-kilometri\/","og_site_name":"Buletin de Bucure\u0219ti","article_publisher":"https:\/\/www.facebook.com\/buletin.de.buc","article_published_time":"2024-01-19T12:46:14+00:00","article_modified_time":"2024-01-19T20:36:30+00:00","og_image":[{"width":1292,"height":699,"url":"https:\/\/buletin.de\/bucuresti\/wp-content\/uploads\/waze-dumbrava-a3.png","type":"image\/png"}],"author":"Ionu\u021b Lepa","twitter_card":"summary_large_image","twitter_misc":{"Written by":"Ionu\u021b Lepa","Estimated reading time":"1 minute"},"schema":{"@context":"https:\/\/schema.org","@graph":[{"@type":"Article","@id":"https:\/\/buletin.de\/bucuresti\/transportatorii-protestatari-au-blocat-autostrada-bucuresti-ploiesti-coloana-de-sase-kilometri\/#article","isPartOf":{"@id":"https:\/\/buletin.de\/bucuresti\/transportatorii-protestatari-au-blocat-autostrada-bucuresti-ploiesti-coloana-de-sase-kilometri\/"},"author":{"name":"Ionu\u021b Lepa","@id":"https:\/\/buletin.de\/bucuresti\/#\/schema\/person\/5272b8a057b33890940b57b837fc4ce6"},"headline":"Transportatorii protestatari au blocat autostrada Bucure\u015fti-Ploie\u015fti. Coloan\u0103 de \u015fase kilometri","datePublished":"2024-01-19T12:46:14+00:00","dateModified":"2024-01-19T20:36:30+00:00","mainEntityOfPage":{"@id":"https:\/\/buletin.de\/bucuresti\/transportatorii-protestatari-au-blocat-autostrada-bucuresti-ploiesti-coloana-de-sase-kilometri\/"},"wordCount":134,"publisher":{"@id":"https:\/\/buletin.de\/bucuresti\/#organization"},"image":{"@id":"https:\/\/buletin.de\/bucuresti\/transportatorii-protestatari-au-blocat-autostrada-bucuresti-ploiesti-coloana-de-sase-kilometri\/#primaryimage"},"thumbnailUrl":"https:\/\/buletin.de\/bucuresti\/wp-content\/uploads\/waze-dumbrava-a3.png","keywords":["blocaj autostrada","capete tractor benzi autostrada","protest autostrada bucuresti ploiesti","Proteste transportatori"],"articleSection":["Articole","Eveniment","Main"],"inLanguage":"en-GB","copyrightYear":"2024","copyrightHolder":{"@id":"https:\/\/buletin.de\/bucuresti\/#organization"}},{"@type":"WebPage","@id":"https:\/\/buletin.de\/bucuresti\/transportatorii-protestatari-au-blocat-autostrada-bucuresti-ploiesti-coloana-de-sase-kilometri\/","url":"https:\/\/buletin.de\/bucuresti\/transportatorii-protestatari-au-blocat-autostrada-bucuresti-ploiesti-coloana-de-sase-kilometri\/","name":"Transportatorii protestatari au blocat autostrada Bucure\u015fti-Ploie\u015fti. Coloan\u0103 de \u015fase kilometri - Buletin de Bucure\u0219ti","isPartOf":{"@id":"https:\/\/buletin.de\/bucuresti\/#website"},"primaryImageOfPage":{"@id":"https:\/\/buletin.de\/bucuresti\/transportatorii-protestatari-au-blocat-autostrada-bucuresti-ploiesti-coloana-de-sase-kilometri\/#primaryimage"},"image":{"@id":"https:\/\/buletin.de\/bucuresti\/transportatorii-protestatari-au-blocat-autostrada-bucuresti-ploiesti-coloana-de-sase-kilometri\/#primaryimage"},"thumbnailUrl":"https:\/\/buletin.de\/bucuresti\/wp-content\/uploads\/waze-dumbrava-a3.png","datePublished":"2024-01-19T12:46:14+00:00","dateModified":"2024-01-19T20:36:30+00:00","breadcrumb":{"@id":"https:\/\/buletin.de\/bucuresti\/transportatorii-protestatari-au-blocat-autostrada-bucuresti-ploiesti-coloana-de-sase-kilometri\/#breadcrumb"},"inLanguage":"en-GB","potentialAction":[{"@type":"ReadAction","target":["https:\/\/buletin.de\/bucuresti\/transportatorii-protestatari-au-blocat-autostrada-bucuresti-ploiesti-coloana-de-sase-kilometri\/"]}]},{"@type":"ImageObject","inLanguage":"en-GB","@id":"https:\/\/buletin.de\/bucuresti\/transportatorii-protestatari-au-blocat-autostrada-bucuresti-ploiesti-coloana-de-sase-kilometri\/#primaryimage","url":"https:\/\/buletin.de\/bucuresti\/wp-content\/uploads\/waze-dumbrava-a3.png","contentUrl":"https:\/\/buletin.de\/bucuresti\/wp-content\/uploads\/waze-dumbrava-a3.png","width":1292,"height":699,"caption":"FOTO: Waze"},{"@type":"BreadcrumbList","@id":"https:\/\/buletin.de\/bucuresti\/transportatorii-protestatari-au-blocat-autostrada-bucuresti-ploiesti-coloana-de-sase-kilometri\/#breadcrumb","itemListElement":[{"@type":"ListItem","position":1,"name":"Acas\u0103","item":"https:\/\/buletin.de\/bucuresti\/"},{"@type":"ListItem","position":2,"name":"Transportatorii protestatari au blocat autostrada Bucure\u015fti-Ploie\u015fti. Coloan\u0103 de \u015fase kilometri"}]},{"@type":"WebSite","@id":"https:\/\/buletin.de\/bucuresti\/#website","url":"https:\/\/buletin.de\/bucuresti\/","name":"Buletin de Bucure\u0219ti","description":"\u0218tiri \u0219i investiga\u021bii esen\u021biale din capital\u0103","publisher":{"@id":"https:\/\/buletin.de\/bucuresti\/#organization"},"potentialAction":[{"@type":"SearchAction","target":{"@type":"EntryPoint","urlTemplate":"https:\/\/buletin.de\/bucuresti\/?s={search_term_string}"},"query-input":{"@type":"PropertyValueSpecification","valueRequired":true,"valueName":"search_term_string"}}],"inLanguage":"en-GB"},{"@type":"Organization","@id":"https:\/\/buletin.de\/bucuresti\/#organization","name":"Buletin de Bucure\u0219ti","url":"https:\/\/buletin.de\/bucuresti\/","logo":{"@type":"ImageObject","inLanguage":"en-GB","@id":"https:\/\/buletin.de\/bucuresti\/#\/schema\/logo\/image\/","url":"https:\/\/buletin.de\/bucuresti\/wp-content\/uploads\/logo-bdb-full-wide-vernil-transparent.png","contentUrl":"https:\/\/buletin.de\/bucuresti\/wp-content\/uploads\/logo-bdb-full-wide-vernil-transparent.png","width":1782,"height":626,"caption":"Buletin de Bucure\u0219ti"},"image":{"@id":"https:\/\/buletin.de\/bucuresti\/#\/schema\/logo\/image\/"},"sameAs":["https:\/\/www.facebook.com\/buletin.de.buc","https:\/\/www.instagram.com\/buletinde.bucuresti\/"]},{"@type":"Person","@id":"https:\/\/buletin.de\/bucuresti\/#\/schema\/person\/5272b8a057b33890940b57b837fc4ce6","name":"Ionu\u021b Lepa","image":{"@type":"ImageObject","inLanguage":"en-GB","@id":"https:\/\/buletin.de\/bucuresti\/wp-content\/uploads\/Ionut-Lepa-96x96.jpg5c4e4d9e049808799a8821652d2410a4","url":"https:\/\/buletin.de\/bucuresti\/wp-content\/uploads\/Ionut-Lepa-96x96.jpg","contentUrl":"https:\/\/buletin.de\/bucuresti\/wp-content\/uploads\/Ionut-Lepa-96x96.jpg","caption":"Ionu\u021b Lepa"},"url":"https:\/\/buletin.de\/bucuresti\/author\/ionutlepa\/"}]}},"authors":[{"term_id":22586,"user_id":8,"is_guest":0,"slug":"ionutlepa","display_name":"Ionu\u021b Lepa","avatar_url":"https:\/\/buletin.de\/bucuresti\/wp-content\/uploads\/Ionut-Lepa-96x96.jpg","0":null,"1":"","2":"","3":"","4":"","5":"","6":"","7":"","8":""}],"_links":{"self":[{"href":"https:\/\/buletin.de\/bucuresti\/wp-json\/wp\/v2\/posts\/74983","targetHints":{"allow":["GET"]}}],"collection":[{"href":"https:\/\/buletin.de\/bucuresti\/wp-json\/wp\/v2\/posts"}],"about":[{"href":"https:\/\/buletin.de\/bucuresti\/wp-json\/wp\/v2\/types\/post"}],"author":[{"embeddable":true,"href":"https:\/\/buletin.de\/bucuresti\/wp-json\/wp\/v2\/users\/8"}],"replies":[{"embeddable":true,"href":"https:\/\/buletin.de\/bucuresti\/wp-json\/wp\/v2\/comments?post=74983"}],"version-history":[{"count":4,"href":"https:\/\/buletin.de\/bucuresti\/wp-json\/wp\/v2\/posts\/74983\/revisions"}],"predecessor-version":[{"id":75030,"href":"https:\/\/buletin.de\/bucuresti\/wp-json\/wp\/v2\/posts\/74983\/revisions\/75030"}],"wp:featuredmedia":[{"embeddable":true,"href":"https:\/\/buletin.de\/bucuresti\/wp-json\/wp\/v2\/media\/74984"}],"wp:attachment":[{"href":"https:\/\/buletin.de\/bucuresti\/wp-json\/wp\/v2\/media?parent=74983"}],"wp:term":[{"taxonomy":"category","embeddable":true,"href":"https:\/\/buletin.de\/bucuresti\/wp-json\/wp\/v2\/categories?post=74983"},{"taxonomy":"post_tag","embeddable":true,"href":"https:\/\/buletin.de\/bucuresti\/wp-json\/wp\/v2\/tags?post=74983"},{"taxonomy":"author","embeddable":true,"href":"https:\/\/buletin.de\/bucuresti\/wp-json\/wp\/v2\/ppma_author?post=74983"}],"curies":[{"name":"wp","href":"https:\/\/api.w.org\/{rel}","templated":true}]}}