{"id":74971,"date":"2024-01-21T07:00:00","date_gmt":"2024-01-21T05:00:00","guid":{"rendered":"https:\/\/buletin.de\/bucuresti\/?p=74971"},"modified":"2024-01-22T15:39:58","modified_gmt":"2024-01-22T13:39:58","slug":"nunta-de-aur-de-la-hala-laminor-petrecere-pentru-seniorii-din-sectorul-3-organizata-de-directia-de-asistenta-sociala","status":"publish","type":"post","link":"https:\/\/buletin.de\/bucuresti\/nunta-de-aur-de-la-hala-laminor-petrecere-pentru-seniorii-din-sectorul-3-organizata-de-directia-de-asistenta-sociala\/","title":{"rendered":"\u201eNun\u021bile de aur\u201d de la Hala Laminor: Petrecere pentru 1.500 de seniori, organizat\u0103 de Prim\u0103ria Sectorului 3"},"content":{"rendered":"\n<p><strong>O petrecere de 75.000 de euro va fi organizat\u0103 \u00een februarie pentru cuplurile din sectorul 3 care au \u00eemplinit 50 de ani de c\u0103s\u0103torie. Potrivit unor surse din Prim\u0103rie, \u201ebalul\u201d pentru \u201eNunta de aur\u201d ar urma s\u0103 se \u0163in\u0103 la Hala Laminor.<\/strong> <strong>Costurile sunt estimate la 250 de lei de persoan\u0103 \u015fi vor fi suportate din bugetul Direc\u0163iei Generale de Asisten\u0163\u0103 Social\u0103 \u015fi Protec\u0163ia Copilului Sector 3.  <\/strong><\/p>\n\n\n\n<p>\u00cen perioada ianuarie 2020 &#8211; decembrie 2023, DGASPC Sector 3 a luat \u00een eviden\u0163\u0103 947 de cupluri (1894 de persoane) care au \u00eemplinit 50 de ani de c\u0103s\u0103torie. Ace\u015ftia nu au mai fost s\u0103rb\u0103tori\u0163i \u00een ultimii patru ani, din cauza riscului de \u00eemboln\u0103vire din timpul pandemiei de COVID-19. Cei care au \u00eentocmit raportul de specialitate pentru acest proiect spun c\u0103 \u00een perioada amintit\u0103 \u201e<em>s-a remarcat tendin\u0163a persoanelor v\u00e2rstnice de a se autoizola, a nu mai participa activ la via\u0163a social\u0103<\/em>\u201d. Drept urmare, pentru cei care \u00ee\u015fi s\u0103rb\u0103toresc nunta de aur \u015fi pentru al\u0163i 350 de seniori beneficiari ai serviciilor oferite de cluburile seniorilor din sectorul 3 s-a decis organizarea acestui eveniment. Estimarea este c\u0103 vor fi prezen\u0163i aproximativ 1500 de participan\u0163i. <\/p>\n\n\n\n<p>Argumentul pentru organizarea petreceri este c\u0103 statul trebuie s\u0103 \u00ee\u015fi arate recuno\u015ftin\u0163a fa\u0163\u0103 de seniori \u015fi de ce au f\u0103cut ei pentru societate \u015fi este \u201e<em>o recunoa\u015ftere a valorilor familiei, c\u0103s\u0103toriei<\/em>\u201d. Mai mult, potrivit raportului de specialitate, \u201e<em>v\u00e2rstnicii de la cluburile seniorilor vor avea ocazia s\u0103 sus\u0163in\u0103 momente artistice preg\u0103tite \u00een cadrul activit\u0103\u0163ilor desf\u0103\u015furate \u00een cele dou\u0103 cluburi<\/em>\u201d.<\/p>\n\n\n\n<p>Cei aproximativ 250 de lei de persoan\u0103 necesari pentru acoperirea costurilor vor fi pl\u0103ti\u0163i din bugetul DGASPC \u015fi vor fi cheltui\u0163i pentru: <\/p>\n\n\n\n<ul class=\"wp-block-list\">\n<li>\u00eenchiriere sal\u0103 de festivit\u0103\u0163i<\/li>\n\n\n\n<li>servicii de catering<\/li>\n\n\n\n<li>realizare diplome de onoare<\/li>\n\n\n\n<li>alte servicii<\/li>\n<\/ul>\n\n\n\n<p>Tot ce mai este nevoie acum este ca proiectul s\u0103 treac\u0103 de votul consilierilor locali, care \u00eel vor avea pe mas\u0103 \u00een \u015fedin\u0163a de pe 22 ianuarie. Ulterior, vor fi f\u0103cute publice locul (oficial) \u015fi data exact\u0103. <\/p>\n\n\n\n<p><\/p>\n\n\n\n<p><strong>CITE\u015eTE \u015eI:<\/strong><\/p>\n\n\n\n<figure class=\"wp-block-embed is-type-wp-embed is-provider-buletin-de-bucure-ti wp-block-embed-buletin-de-bucure-ti\"><div class=\"wp-block-embed__wrapper\">\n<blockquote class=\"wp-embedded-content\" data-secret=\"U4QDnncFSz\"><a href=\"https:\/\/buletin.de\/bucuresti\/sector-6-i-dgaspc-a-deschis-cel-de-al-treilea-club-al-seniorilor\/\">Sector 6 I DGASPC a deschis cel de-al treilea club al seniorilor<\/a><\/blockquote><iframe class=\"wp-embedded-content\" sandbox=\"allow-scripts\" security=\"restricted\" style=\"position: absolute; clip: rect(1px, 1px, 1px, 1px);\" title=\"&#8220;Sector 6 I DGASPC a deschis cel de-al treilea club al seniorilor&#8221; &#8212; Buletin de Bucure\u0219ti\" src=\"https:\/\/buletin.de\/bucuresti\/sector-6-i-dgaspc-a-deschis-cel-de-al-treilea-club-al-seniorilor\/embed\/#?secret=e22cWoA2RF#?secret=U4QDnncFSz\" data-secret=\"U4QDnncFSz\" width=\"600\" height=\"338\" frameborder=\"0\" marginwidth=\"0\" marginheight=\"0\" scrolling=\"no\"><\/iframe>\n<\/div><\/figure>\n\n\n\n<figure class=\"wp-block-embed is-type-wp-embed is-provider-buletin-de-bucure-ti wp-block-embed-buletin-de-bucure-ti\"><div class=\"wp-block-embed__wrapper\">\n<blockquote class=\"wp-embedded-content\" data-secret=\"ddJOWrvsLs\"><a href=\"https:\/\/buletin.de\/bucuresti\/seniorii-din-sectorul-1-monitorizati-prin-sistemul-de-asistenta-medicala-bratara-vietii\/\">Seniorii din Sectorul 1 monitoriza\u021bi prin sistemul de asisten\u021b\u0103 medical\u0103 \u201eBr\u0103\u021bara Vie\u021bii\u201d<\/a><\/blockquote><iframe class=\"wp-embedded-content\" sandbox=\"allow-scripts\" security=\"restricted\" style=\"position: absolute; clip: rect(1px, 1px, 1px, 1px);\" title=\"&#8220;Seniorii din Sectorul 1 monitoriza\u021bi prin sistemul de asisten\u021b\u0103 medical\u0103 \u201eBr\u0103\u021bara Vie\u021bii\u201d&#8221; &#8212; Buletin de Bucure\u0219ti\" src=\"https:\/\/buletin.de\/bucuresti\/seniorii-din-sectorul-1-monitorizati-prin-sistemul-de-asistenta-medicala-bratara-vietii\/embed\/#?secret=vmwSMzm95P#?secret=ddJOWrvsLs\" data-secret=\"ddJOWrvsLs\" width=\"600\" height=\"338\" frameborder=\"0\" marginwidth=\"0\" marginheight=\"0\" scrolling=\"no\"><\/iframe>\n<\/div><\/figure>\n","protected":false},"excerpt":{"rendered":"<p>O petrecere de 75.000 de euro va fi organizat\u0103 \u00een februarie pentru cuplurile din sectorul 3 care au \u00eemplinit 50 de ani de c\u0103s\u0103torie. Potrivit unor surse din Prim\u0103rie, \u201ebalul\u201d pentru \u201eNunta de aur\u201d ar urma s\u0103 se \u0163in\u0103 la Hala Laminor. Costurile sunt estimate la 250 de lei de persoan\u0103 \u015fi vor fi suportate [&hellip;]<\/p>\n","protected":false},"author":8,"featured_media":74973,"comment_status":"closed","ping_status":"open","sticky":false,"template":"","format":"standard","meta":{"_acf_changed":false,"inline_featured_image":false,"ngg_post_thumbnail":0,"footnotes":""},"categories":[6994,5762,24],"tags":[9224,9223,9221,9222],"ppma_author":[22586],"class_list":["post-74971","post","type-post","status-publish","format-standard","has-post-thumbnail","hentry","category-stiri-2","category-main","category-primarie","tag-cluburi-seniori-nunta-de-aur-2024-sector-3","tag-dgaspc-sector-3-seniori","tag-nunta-de-aur-sector-3","tag-seniori-petrecere-laminor-sector-3"],"acf":[],"yoast_head":"<!-- This site is optimized with the Yoast SEO Premium plugin v25.3 (Yoast SEO v27.5) - https:\/\/yoast.com\/product\/yoast-seo-premium-wordpress\/ -->\n<title>\u201eNun\u021bile de aur\u201d de la Hala Laminor: Petrecere pentru 1.500 de seniori, organizat\u0103 de Prim\u0103ria Sectorului 3 - Buletin de Bucure\u0219ti<\/title>\n<meta name=\"robots\" content=\"index, follow, max-snippet:-1, max-image-preview:large, max-video-preview:-1\" \/>\n<link rel=\"canonical\" href=\"https:\/\/buletin.de\/bucuresti\/nunta-de-aur-de-la-hala-laminor-petrecere-pentru-seniorii-din-sectorul-3-organizata-de-directia-de-asistenta-sociala\/\" \/>\n<meta property=\"og:locale\" content=\"en_GB\" \/>\n<meta property=\"og:type\" content=\"article\" \/>\n<meta property=\"og:title\" content=\"\u201eNun\u021bile de aur\u201d de la Hala Laminor: Petrecere pentru 1.500 de seniori, organizat\u0103 de Prim\u0103ria Sectorului 3\" \/>\n<meta property=\"og:description\" content=\"O petrecere de 75.000 de euro va fi organizat\u0103 \u00een februarie pentru cuplurile din sectorul 3 care au \u00eemplinit 50 de ani de c\u0103s\u0103torie. Potrivit unor surse din Prim\u0103rie, \u201ebalul\u201d pentru \u201eNunta de aur\u201d ar urma s\u0103 se \u0163in\u0103 la Hala Laminor. Costurile sunt estimate la 250 de lei de persoan\u0103 \u015fi vor fi suportate [&hellip;]\" \/>\n<meta property=\"og:url\" content=\"https:\/\/buletin.de\/bucuresti\/nunta-de-aur-de-la-hala-laminor-petrecere-pentru-seniorii-din-sectorul-3-organizata-de-directia-de-asistenta-sociala\/\" \/>\n<meta property=\"og:site_name\" content=\"Buletin de Bucure\u0219ti\" \/>\n<meta property=\"article:publisher\" content=\"https:\/\/www.facebook.com\/buletin.de.buc\" \/>\n<meta property=\"article:published_time\" content=\"2024-01-21T05:00:00+00:00\" \/>\n<meta property=\"article:modified_time\" content=\"2024-01-22T13:39:58+00:00\" \/>\n<meta property=\"og:image\" content=\"https:\/\/buletin.de\/bucuresti\/wp-content\/uploads\/Clubul-Seniorilor-sector-3-Ramnicu-Sarat.jpg\" \/>\n\t<meta property=\"og:image:width\" content=\"2016\" \/>\n\t<meta property=\"og:image:height\" content=\"1512\" \/>\n\t<meta property=\"og:image:type\" content=\"image\/jpeg\" \/>\n<meta name=\"author\" content=\"Ionu\u021b Lepa\" \/>\n<meta name=\"twitter:card\" content=\"summary_large_image\" \/>\n<meta name=\"twitter:label1\" content=\"Written by\" \/>\n\t<meta name=\"twitter:data1\" content=\"Ionu\u021b Lepa\" \/>\n\t<meta name=\"twitter:label2\" content=\"Estimated reading time\" \/>\n\t<meta name=\"twitter:data2\" content=\"2 minutes\" \/>\n<script type=\"application\/ld+json\" class=\"yoast-schema-graph\">{\"@context\":\"https:\\\/\\\/schema.org\",\"@graph\":[{\"@type\":\"Article\",\"@id\":\"https:\\\/\\\/buletin.de\\\/bucuresti\\\/nunta-de-aur-de-la-hala-laminor-petrecere-pentru-seniorii-din-sectorul-3-organizata-de-directia-de-asistenta-sociala\\\/#article\",\"isPartOf\":{\"@id\":\"https:\\\/\\\/buletin.de\\\/bucuresti\\\/nunta-de-aur-de-la-hala-laminor-petrecere-pentru-seniorii-din-sectorul-3-organizata-de-directia-de-asistenta-sociala\\\/\"},\"author\":{\"name\":\"Ionu\u021b Lepa\",\"@id\":\"https:\\\/\\\/buletin.de\\\/bucuresti\\\/#\\\/schema\\\/person\\\/5272b8a057b33890940b57b837fc4ce6\"},\"headline\":\"\u201eNun\u021bile de aur\u201d de la Hala Laminor: Petrecere pentru 1.500 de seniori, organizat\u0103 de Prim\u0103ria Sectorului 3\",\"datePublished\":\"2024-01-21T05:00:00+00:00\",\"dateModified\":\"2024-01-22T13:39:58+00:00\",\"mainEntityOfPage\":{\"@id\":\"https:\\\/\\\/buletin.de\\\/bucuresti\\\/nunta-de-aur-de-la-hala-laminor-petrecere-pentru-seniorii-din-sectorul-3-organizata-de-directia-de-asistenta-sociala\\\/\"},\"wordCount\":371,\"publisher\":{\"@id\":\"https:\\\/\\\/buletin.de\\\/bucuresti\\\/#organization\"},\"image\":{\"@id\":\"https:\\\/\\\/buletin.de\\\/bucuresti\\\/nunta-de-aur-de-la-hala-laminor-petrecere-pentru-seniorii-din-sectorul-3-organizata-de-directia-de-asistenta-sociala\\\/#primaryimage\"},\"thumbnailUrl\":\"https:\\\/\\\/buletin.de\\\/bucuresti\\\/wp-content\\\/uploads\\\/Clubul-Seniorilor-sector-3-Ramnicu-Sarat.jpg\",\"keywords\":[\"cluburi seniori nunta de aur 2024 sector 3\",\"dgaspc sector 3 seniori\",\"nunta de aur sector 3\",\"seniori petrecere laminor sector 3\"],\"articleSection\":[\"Articole\",\"Main\",\"Prim\u0103rie\"],\"inLanguage\":\"en-GB\",\"copyrightYear\":\"2024\",\"copyrightHolder\":{\"@id\":\"https:\\\/\\\/buletin.de\\\/bucuresti\\\/#organization\"}},{\"@type\":\"WebPage\",\"@id\":\"https:\\\/\\\/buletin.de\\\/bucuresti\\\/nunta-de-aur-de-la-hala-laminor-petrecere-pentru-seniorii-din-sectorul-3-organizata-de-directia-de-asistenta-sociala\\\/\",\"url\":\"https:\\\/\\\/buletin.de\\\/bucuresti\\\/nunta-de-aur-de-la-hala-laminor-petrecere-pentru-seniorii-din-sectorul-3-organizata-de-directia-de-asistenta-sociala\\\/\",\"name\":\"\u201eNun\u021bile de aur\u201d de la Hala Laminor: Petrecere pentru 1.500 de seniori, organizat\u0103 de Prim\u0103ria Sectorului 3 - Buletin de Bucure\u0219ti\",\"isPartOf\":{\"@id\":\"https:\\\/\\\/buletin.de\\\/bucuresti\\\/#website\"},\"primaryImageOfPage\":{\"@id\":\"https:\\\/\\\/buletin.de\\\/bucuresti\\\/nunta-de-aur-de-la-hala-laminor-petrecere-pentru-seniorii-din-sectorul-3-organizata-de-directia-de-asistenta-sociala\\\/#primaryimage\"},\"image\":{\"@id\":\"https:\\\/\\\/buletin.de\\\/bucuresti\\\/nunta-de-aur-de-la-hala-laminor-petrecere-pentru-seniorii-din-sectorul-3-organizata-de-directia-de-asistenta-sociala\\\/#primaryimage\"},\"thumbnailUrl\":\"https:\\\/\\\/buletin.de\\\/bucuresti\\\/wp-content\\\/uploads\\\/Clubul-Seniorilor-sector-3-Ramnicu-Sarat.jpg\",\"datePublished\":\"2024-01-21T05:00:00+00:00\",\"dateModified\":\"2024-01-22T13:39:58+00:00\",\"breadcrumb\":{\"@id\":\"https:\\\/\\\/buletin.de\\\/bucuresti\\\/nunta-de-aur-de-la-hala-laminor-petrecere-pentru-seniorii-din-sectorul-3-organizata-de-directia-de-asistenta-sociala\\\/#breadcrumb\"},\"inLanguage\":\"en-GB\",\"potentialAction\":[{\"@type\":\"ReadAction\",\"target\":[\"https:\\\/\\\/buletin.de\\\/bucuresti\\\/nunta-de-aur-de-la-hala-laminor-petrecere-pentru-seniorii-din-sectorul-3-organizata-de-directia-de-asistenta-sociala\\\/\"]}]},{\"@type\":\"ImageObject\",\"inLanguage\":\"en-GB\",\"@id\":\"https:\\\/\\\/buletin.de\\\/bucuresti\\\/nunta-de-aur-de-la-hala-laminor-petrecere-pentru-seniorii-din-sectorul-3-organizata-de-directia-de-asistenta-sociala\\\/#primaryimage\",\"url\":\"https:\\\/\\\/buletin.de\\\/bucuresti\\\/wp-content\\\/uploads\\\/Clubul-Seniorilor-sector-3-Ramnicu-Sarat.jpg\",\"contentUrl\":\"https:\\\/\\\/buletin.de\\\/bucuresti\\\/wp-content\\\/uploads\\\/Clubul-Seniorilor-sector-3-Ramnicu-Sarat.jpg\",\"width\":2016,\"height\":1512,\"caption\":\"FOTO: Clubul Seniorilor Ramnicu Sarat - imagine cu caracter ilustrativ\"},{\"@type\":\"BreadcrumbList\",\"@id\":\"https:\\\/\\\/buletin.de\\\/bucuresti\\\/nunta-de-aur-de-la-hala-laminor-petrecere-pentru-seniorii-din-sectorul-3-organizata-de-directia-de-asistenta-sociala\\\/#breadcrumb\",\"itemListElement\":[{\"@type\":\"ListItem\",\"position\":1,\"name\":\"Acas\u0103\",\"item\":\"https:\\\/\\\/buletin.de\\\/bucuresti\\\/\"},{\"@type\":\"ListItem\",\"position\":2,\"name\":\"\u201eNun\u021bile de aur\u201d de la Hala Laminor: Petrecere pentru 1.500 de seniori, organizat\u0103 de Prim\u0103ria Sectorului 3\"}]},{\"@type\":\"WebSite\",\"@id\":\"https:\\\/\\\/buletin.de\\\/bucuresti\\\/#website\",\"url\":\"https:\\\/\\\/buletin.de\\\/bucuresti\\\/\",\"name\":\"Buletin de Bucure\u0219ti\",\"description\":\"\u0218tiri \u0219i investiga\u021bii esen\u021biale din capital\u0103\",\"publisher\":{\"@id\":\"https:\\\/\\\/buletin.de\\\/bucuresti\\\/#organization\"},\"potentialAction\":[{\"@type\":\"SearchAction\",\"target\":{\"@type\":\"EntryPoint\",\"urlTemplate\":\"https:\\\/\\\/buletin.de\\\/bucuresti\\\/?s={search_term_string}\"},\"query-input\":{\"@type\":\"PropertyValueSpecification\",\"valueRequired\":true,\"valueName\":\"search_term_string\"}}],\"inLanguage\":\"en-GB\"},{\"@type\":\"Organization\",\"@id\":\"https:\\\/\\\/buletin.de\\\/bucuresti\\\/#organization\",\"name\":\"Buletin de Bucure\u0219ti\",\"url\":\"https:\\\/\\\/buletin.de\\\/bucuresti\\\/\",\"logo\":{\"@type\":\"ImageObject\",\"inLanguage\":\"en-GB\",\"@id\":\"https:\\\/\\\/buletin.de\\\/bucuresti\\\/#\\\/schema\\\/logo\\\/image\\\/\",\"url\":\"https:\\\/\\\/buletin.de\\\/bucuresti\\\/wp-content\\\/uploads\\\/logo-bdb-full-wide-vernil-transparent.png\",\"contentUrl\":\"https:\\\/\\\/buletin.de\\\/bucuresti\\\/wp-content\\\/uploads\\\/logo-bdb-full-wide-vernil-transparent.png\",\"width\":1782,\"height\":626,\"caption\":\"Buletin de Bucure\u0219ti\"},\"image\":{\"@id\":\"https:\\\/\\\/buletin.de\\\/bucuresti\\\/#\\\/schema\\\/logo\\\/image\\\/\"},\"sameAs\":[\"https:\\\/\\\/www.facebook.com\\\/buletin.de.buc\",\"https:\\\/\\\/www.instagram.com\\\/buletinde.bucuresti\\\/\"]},{\"@type\":\"Person\",\"@id\":\"https:\\\/\\\/buletin.de\\\/bucuresti\\\/#\\\/schema\\\/person\\\/5272b8a057b33890940b57b837fc4ce6\",\"name\":\"Ionu\u021b Lepa\",\"image\":{\"@type\":\"ImageObject\",\"inLanguage\":\"en-GB\",\"@id\":\"https:\\\/\\\/buletin.de\\\/bucuresti\\\/wp-content\\\/uploads\\\/Ionut-Lepa-96x96.jpg5c4e4d9e049808799a8821652d2410a4\",\"url\":\"https:\\\/\\\/buletin.de\\\/bucuresti\\\/wp-content\\\/uploads\\\/Ionut-Lepa-96x96.jpg\",\"contentUrl\":\"https:\\\/\\\/buletin.de\\\/bucuresti\\\/wp-content\\\/uploads\\\/Ionut-Lepa-96x96.jpg\",\"caption\":\"Ionu\u021b Lepa\"},\"url\":\"https:\\\/\\\/buletin.de\\\/bucuresti\\\/author\\\/ionutlepa\\\/\"}]}<\/script>\n<!-- \/ Yoast SEO Premium plugin. -->","yoast_head_json":{"title":"\u201eNun\u021bile de aur\u201d de la Hala Laminor: Petrecere pentru 1.500 de seniori, organizat\u0103 de Prim\u0103ria Sectorului 3 - Buletin de Bucure\u0219ti","robots":{"index":"index","follow":"follow","max-snippet":"max-snippet:-1","max-image-preview":"max-image-preview:large","max-video-preview":"max-video-preview:-1"},"canonical":"https:\/\/buletin.de\/bucuresti\/nunta-de-aur-de-la-hala-laminor-petrecere-pentru-seniorii-din-sectorul-3-organizata-de-directia-de-asistenta-sociala\/","og_locale":"en_GB","og_type":"article","og_title":"\u201eNun\u021bile de aur\u201d de la Hala Laminor: Petrecere pentru 1.500 de seniori, organizat\u0103 de Prim\u0103ria Sectorului 3","og_description":"O petrecere de 75.000 de euro va fi organizat\u0103 \u00een februarie pentru cuplurile din sectorul 3 care au \u00eemplinit 50 de ani de c\u0103s\u0103torie. Potrivit unor surse din Prim\u0103rie, \u201ebalul\u201d pentru \u201eNunta de aur\u201d ar urma s\u0103 se \u0163in\u0103 la Hala Laminor. Costurile sunt estimate la 250 de lei de persoan\u0103 \u015fi vor fi suportate [&hellip;]","og_url":"https:\/\/buletin.de\/bucuresti\/nunta-de-aur-de-la-hala-laminor-petrecere-pentru-seniorii-din-sectorul-3-organizata-de-directia-de-asistenta-sociala\/","og_site_name":"Buletin de Bucure\u0219ti","article_publisher":"https:\/\/www.facebook.com\/buletin.de.buc","article_published_time":"2024-01-21T05:00:00+00:00","article_modified_time":"2024-01-22T13:39:58+00:00","og_image":[{"width":2016,"height":1512,"url":"https:\/\/buletin.de\/bucuresti\/wp-content\/uploads\/Clubul-Seniorilor-sector-3-Ramnicu-Sarat.jpg","type":"image\/jpeg"}],"author":"Ionu\u021b Lepa","twitter_card":"summary_large_image","twitter_misc":{"Written by":"Ionu\u021b Lepa","Estimated reading time":"2 minutes"},"schema":{"@context":"https:\/\/schema.org","@graph":[{"@type":"Article","@id":"https:\/\/buletin.de\/bucuresti\/nunta-de-aur-de-la-hala-laminor-petrecere-pentru-seniorii-din-sectorul-3-organizata-de-directia-de-asistenta-sociala\/#article","isPartOf":{"@id":"https:\/\/buletin.de\/bucuresti\/nunta-de-aur-de-la-hala-laminor-petrecere-pentru-seniorii-din-sectorul-3-organizata-de-directia-de-asistenta-sociala\/"},"author":{"name":"Ionu\u021b Lepa","@id":"https:\/\/buletin.de\/bucuresti\/#\/schema\/person\/5272b8a057b33890940b57b837fc4ce6"},"headline":"\u201eNun\u021bile de aur\u201d de la Hala Laminor: Petrecere pentru 1.500 de seniori, organizat\u0103 de Prim\u0103ria Sectorului 3","datePublished":"2024-01-21T05:00:00+00:00","dateModified":"2024-01-22T13:39:58+00:00","mainEntityOfPage":{"@id":"https:\/\/buletin.de\/bucuresti\/nunta-de-aur-de-la-hala-laminor-petrecere-pentru-seniorii-din-sectorul-3-organizata-de-directia-de-asistenta-sociala\/"},"wordCount":371,"publisher":{"@id":"https:\/\/buletin.de\/bucuresti\/#organization"},"image":{"@id":"https:\/\/buletin.de\/bucuresti\/nunta-de-aur-de-la-hala-laminor-petrecere-pentru-seniorii-din-sectorul-3-organizata-de-directia-de-asistenta-sociala\/#primaryimage"},"thumbnailUrl":"https:\/\/buletin.de\/bucuresti\/wp-content\/uploads\/Clubul-Seniorilor-sector-3-Ramnicu-Sarat.jpg","keywords":["cluburi seniori nunta de aur 2024 sector 3","dgaspc sector 3 seniori","nunta de aur sector 3","seniori petrecere laminor sector 3"],"articleSection":["Articole","Main","Prim\u0103rie"],"inLanguage":"en-GB","copyrightYear":"2024","copyrightHolder":{"@id":"https:\/\/buletin.de\/bucuresti\/#organization"}},{"@type":"WebPage","@id":"https:\/\/buletin.de\/bucuresti\/nunta-de-aur-de-la-hala-laminor-petrecere-pentru-seniorii-din-sectorul-3-organizata-de-directia-de-asistenta-sociala\/","url":"https:\/\/buletin.de\/bucuresti\/nunta-de-aur-de-la-hala-laminor-petrecere-pentru-seniorii-din-sectorul-3-organizata-de-directia-de-asistenta-sociala\/","name":"\u201eNun\u021bile de aur\u201d de la Hala Laminor: Petrecere pentru 1.500 de seniori, organizat\u0103 de Prim\u0103ria Sectorului 3 - Buletin de Bucure\u0219ti","isPartOf":{"@id":"https:\/\/buletin.de\/bucuresti\/#website"},"primaryImageOfPage":{"@id":"https:\/\/buletin.de\/bucuresti\/nunta-de-aur-de-la-hala-laminor-petrecere-pentru-seniorii-din-sectorul-3-organizata-de-directia-de-asistenta-sociala\/#primaryimage"},"image":{"@id":"https:\/\/buletin.de\/bucuresti\/nunta-de-aur-de-la-hala-laminor-petrecere-pentru-seniorii-din-sectorul-3-organizata-de-directia-de-asistenta-sociala\/#primaryimage"},"thumbnailUrl":"https:\/\/buletin.de\/bucuresti\/wp-content\/uploads\/Clubul-Seniorilor-sector-3-Ramnicu-Sarat.jpg","datePublished":"2024-01-21T05:00:00+00:00","dateModified":"2024-01-22T13:39:58+00:00","breadcrumb":{"@id":"https:\/\/buletin.de\/bucuresti\/nunta-de-aur-de-la-hala-laminor-petrecere-pentru-seniorii-din-sectorul-3-organizata-de-directia-de-asistenta-sociala\/#breadcrumb"},"inLanguage":"en-GB","potentialAction":[{"@type":"ReadAction","target":["https:\/\/buletin.de\/bucuresti\/nunta-de-aur-de-la-hala-laminor-petrecere-pentru-seniorii-din-sectorul-3-organizata-de-directia-de-asistenta-sociala\/"]}]},{"@type":"ImageObject","inLanguage":"en-GB","@id":"https:\/\/buletin.de\/bucuresti\/nunta-de-aur-de-la-hala-laminor-petrecere-pentru-seniorii-din-sectorul-3-organizata-de-directia-de-asistenta-sociala\/#primaryimage","url":"https:\/\/buletin.de\/bucuresti\/wp-content\/uploads\/Clubul-Seniorilor-sector-3-Ramnicu-Sarat.jpg","contentUrl":"https:\/\/buletin.de\/bucuresti\/wp-content\/uploads\/Clubul-Seniorilor-sector-3-Ramnicu-Sarat.jpg","width":2016,"height":1512,"caption":"FOTO: Clubul Seniorilor Ramnicu Sarat - imagine cu caracter ilustrativ"},{"@type":"BreadcrumbList","@id":"https:\/\/buletin.de\/bucuresti\/nunta-de-aur-de-la-hala-laminor-petrecere-pentru-seniorii-din-sectorul-3-organizata-de-directia-de-asistenta-sociala\/#breadcrumb","itemListElement":[{"@type":"ListItem","position":1,"name":"Acas\u0103","item":"https:\/\/buletin.de\/bucuresti\/"},{"@type":"ListItem","position":2,"name":"\u201eNun\u021bile de aur\u201d de la Hala Laminor: Petrecere pentru 1.500 de seniori, organizat\u0103 de Prim\u0103ria Sectorului 3"}]},{"@type":"WebSite","@id":"https:\/\/buletin.de\/bucuresti\/#website","url":"https:\/\/buletin.de\/bucuresti\/","name":"Buletin de Bucure\u0219ti","description":"\u0218tiri \u0219i investiga\u021bii esen\u021biale din capital\u0103","publisher":{"@id":"https:\/\/buletin.de\/bucuresti\/#organization"},"potentialAction":[{"@type":"SearchAction","target":{"@type":"EntryPoint","urlTemplate":"https:\/\/buletin.de\/bucuresti\/?s={search_term_string}"},"query-input":{"@type":"PropertyValueSpecification","valueRequired":true,"valueName":"search_term_string"}}],"inLanguage":"en-GB"},{"@type":"Organization","@id":"https:\/\/buletin.de\/bucuresti\/#organization","name":"Buletin de Bucure\u0219ti","url":"https:\/\/buletin.de\/bucuresti\/","logo":{"@type":"ImageObject","inLanguage":"en-GB","@id":"https:\/\/buletin.de\/bucuresti\/#\/schema\/logo\/image\/","url":"https:\/\/buletin.de\/bucuresti\/wp-content\/uploads\/logo-bdb-full-wide-vernil-transparent.png","contentUrl":"https:\/\/buletin.de\/bucuresti\/wp-content\/uploads\/logo-bdb-full-wide-vernil-transparent.png","width":1782,"height":626,"caption":"Buletin de Bucure\u0219ti"},"image":{"@id":"https:\/\/buletin.de\/bucuresti\/#\/schema\/logo\/image\/"},"sameAs":["https:\/\/www.facebook.com\/buletin.de.buc","https:\/\/www.instagram.com\/buletinde.bucuresti\/"]},{"@type":"Person","@id":"https:\/\/buletin.de\/bucuresti\/#\/schema\/person\/5272b8a057b33890940b57b837fc4ce6","name":"Ionu\u021b Lepa","image":{"@type":"ImageObject","inLanguage":"en-GB","@id":"https:\/\/buletin.de\/bucuresti\/wp-content\/uploads\/Ionut-Lepa-96x96.jpg5c4e4d9e049808799a8821652d2410a4","url":"https:\/\/buletin.de\/bucuresti\/wp-content\/uploads\/Ionut-Lepa-96x96.jpg","contentUrl":"https:\/\/buletin.de\/bucuresti\/wp-content\/uploads\/Ionut-Lepa-96x96.jpg","caption":"Ionu\u021b Lepa"},"url":"https:\/\/buletin.de\/bucuresti\/author\/ionutlepa\/"}]}},"authors":[{"term_id":22586,"user_id":8,"is_guest":0,"slug":"ionutlepa","display_name":"Ionu\u021b Lepa","avatar_url":"https:\/\/buletin.de\/bucuresti\/wp-content\/uploads\/Ionut-Lepa-96x96.jpg","0":null,"1":"","2":"","3":"","4":"","5":"","6":"","7":"","8":""}],"_links":{"self":[{"href":"https:\/\/buletin.de\/bucuresti\/wp-json\/wp\/v2\/posts\/74971","targetHints":{"allow":["GET"]}}],"collection":[{"href":"https:\/\/buletin.de\/bucuresti\/wp-json\/wp\/v2\/posts"}],"about":[{"href":"https:\/\/buletin.de\/bucuresti\/wp-json\/wp\/v2\/types\/post"}],"author":[{"embeddable":true,"href":"https:\/\/buletin.de\/bucuresti\/wp-json\/wp\/v2\/users\/8"}],"replies":[{"embeddable":true,"href":"https:\/\/buletin.de\/bucuresti\/wp-json\/wp\/v2\/comments?post=74971"}],"version-history":[{"count":5,"href":"https:\/\/buletin.de\/bucuresti\/wp-json\/wp\/v2\/posts\/74971\/revisions"}],"predecessor-version":[{"id":75086,"href":"https:\/\/buletin.de\/bucuresti\/wp-json\/wp\/v2\/posts\/74971\/revisions\/75086"}],"wp:featuredmedia":[{"embeddable":true,"href":"https:\/\/buletin.de\/bucuresti\/wp-json\/wp\/v2\/media\/74973"}],"wp:attachment":[{"href":"https:\/\/buletin.de\/bucuresti\/wp-json\/wp\/v2\/media?parent=74971"}],"wp:term":[{"taxonomy":"category","embeddable":true,"href":"https:\/\/buletin.de\/bucuresti\/wp-json\/wp\/v2\/categories?post=74971"},{"taxonomy":"post_tag","embeddable":true,"href":"https:\/\/buletin.de\/bucuresti\/wp-json\/wp\/v2\/tags?post=74971"},{"taxonomy":"author","embeddable":true,"href":"https:\/\/buletin.de\/bucuresti\/wp-json\/wp\/v2\/ppma_author?post=74971"}],"curies":[{"name":"wp","href":"https:\/\/api.w.org\/{rel}","templated":true}]}}