{"id":74952,"date":"2024-01-19T12:37:51","date_gmt":"2024-01-19T10:37:51","guid":{"rendered":"https:\/\/buletin.de\/bucuresti\/?p=74952"},"modified":"2024-01-19T12:49:40","modified_gmt":"2024-01-19T10:49:40","slug":"alerta-in-cel-mai-mare-parc-al-capitalei-femeie-gasita-moarta-in-lacul-herastrau","status":"publish","type":"post","link":"https:\/\/buletin.de\/bucuresti\/alerta-in-cel-mai-mare-parc-al-capitalei-femeie-gasita-moarta-in-lacul-herastrau\/","title":{"rendered":"Alert\u0103 \u00een cel mai mare parc al Capitalei: femeie g\u0103sit\u0103 moart\u0103 \u00een lacul Her\u0103str\u0103u"},"content":{"rendered":"\n<p><strong>Zi macabr\u0103 pentru cei care se plimbau ori \u00ee\u015fi f\u0103ceau alergarea de diminea\u0163\u0103 \u00een parcul Her\u0103str\u0103u: au v\u0103zut o femeie care se \u00eenecase \u00een lac \u015fi plutea pe luciul apei. Cei care au observat femeia au sunat la 112. <\/strong><\/p>\n\n\n\n<p>Un echipaj al pompierilor a intervenit \u00een jurul orei 11:00 pentru a o scoate din ap\u0103. La fa\u0163a locului, pe l\u00e2ng\u0103 o ambulan\u0163\u0103 SMURD \u015fi o autospecial\u0103 de stingere cu ap\u0103 \u015fi spum\u0103 care vin conform procedurii a fost chemat \u015fi un echipaj de scafandri. Totu\u015fi, nu a fost nevoie de interven\u0163ia lor &#8211; femeia a fost scoas\u0103 din lac de un echipaj de pompieri care au v\u00e2slit c\u00e2\u0163iva metri \u015fi au recuperat cadavrul. <\/p>\n\n\n\n<p>Dup\u0103 ce a fost scoas\u0103 din ap\u0103, echipajul medical a constatat c\u0103 persoana \u00een cauz\u0103 este o femeie \u00een v\u00e2rst\u0103 de aproximativ 60 de ani. <\/p>\n\n\n\n<p>Cazul a fost preluat de Parchetul de pe l\u00e2ng\u0103 Tribunalul Bucure\u0219ti, \u00eempreun\u0103 cu Serviciul Omoruri &#8211; DGPMB, \u00een vederea continu\u0103rii cercet\u0103rilor \u0219i stabilirii \u00eemprejur\u0103rilor \u00een care s-a produs evenimentul, precum \u0219i a identific\u0103rii persoanei \u00een cauz\u0103.<\/p>\n\n\n\n<p>Cel mai recent caz de \u00eenec \u00een lacul Her\u0103str\u0103u este cel al unui b\u0103rbat, vopsitor la o companie auto de lux, care, pe data de 15 decembrie, cel mai probabil a alunecat \u015fi a c\u0103zut \u00een ap\u0103, dup\u0103 petrecerea de Cr\u0103ciun la care a participat, organizat\u0103 la un local din apropiere. <\/p>\n","protected":false},"excerpt":{"rendered":"<p>Zi macabr\u0103 pentru cei care se plimbau ori \u00ee\u015fi f\u0103ceau alergarea de diminea\u0163\u0103 \u00een parcul Her\u0103str\u0103u: au v\u0103zut o femeie care se \u00eenecase \u00een lac \u015fi plutea pe luciul apei. Cei care au observat femeia au sunat la 112. Un echipaj al pompierilor a intervenit \u00een jurul orei 11:00 pentru a o scoate din ap\u0103. [&hellip;]<\/p>\n","protected":false},"author":8,"featured_media":74959,"comment_status":"closed","ping_status":"open","sticky":false,"template":"","format":"standard","meta":{"_acf_changed":false,"inline_featured_image":false,"ngg_post_thumbnail":0,"footnotes":""},"categories":[6994,9026,62],"tags":[9217],"ppma_author":[22586],"class_list":["post-74952","post","type-post","status-publish","format-standard","has-post-thumbnail","hentry","category-stiri-2","category-eveniment","category-stiri","tag-inecata-herastrau"],"acf":[],"yoast_head":"<!-- This site is optimized with the Yoast SEO Premium plugin v25.3 (Yoast SEO v27.4) - https:\/\/yoast.com\/product\/yoast-seo-premium-wordpress\/ -->\n<title>Alert\u0103 \u00een cel mai mare parc al Capitalei: femeie g\u0103sit\u0103 moart\u0103 \u00een lacul Her\u0103str\u0103u - Buletin de Bucure\u0219ti<\/title>\n<meta name=\"robots\" content=\"index, follow, max-snippet:-1, max-image-preview:large, max-video-preview:-1\" \/>\n<link rel=\"canonical\" href=\"https:\/\/buletin.de\/bucuresti\/alerta-in-cel-mai-mare-parc-al-capitalei-femeie-gasita-moarta-in-lacul-herastrau\/\" \/>\n<meta property=\"og:locale\" content=\"en_GB\" \/>\n<meta property=\"og:type\" content=\"article\" \/>\n<meta property=\"og:title\" content=\"Alert\u0103 \u00een cel mai mare parc al Capitalei: femeie g\u0103sit\u0103 moart\u0103 \u00een lacul Her\u0103str\u0103u\" \/>\n<meta property=\"og:description\" content=\"Zi macabr\u0103 pentru cei care se plimbau ori \u00ee\u015fi f\u0103ceau alergarea de diminea\u0163\u0103 \u00een parcul Her\u0103str\u0103u: au v\u0103zut o femeie care se \u00eenecase \u00een lac \u015fi plutea pe luciul apei. Cei care au observat femeia au sunat la 112. Un echipaj al pompierilor a intervenit \u00een jurul orei 11:00 pentru a o scoate din ap\u0103. [&hellip;]\" \/>\n<meta property=\"og:url\" content=\"https:\/\/buletin.de\/bucuresti\/alerta-in-cel-mai-mare-parc-al-capitalei-femeie-gasita-moarta-in-lacul-herastrau\/\" \/>\n<meta property=\"og:site_name\" content=\"Buletin de Bucure\u0219ti\" \/>\n<meta property=\"article:publisher\" content=\"https:\/\/www.facebook.com\/buletin.de.buc\" \/>\n<meta property=\"article:published_time\" content=\"2024-01-19T10:37:51+00:00\" \/>\n<meta property=\"article:modified_time\" content=\"2024-01-19T10:49:40+00:00\" \/>\n<meta property=\"og:image\" content=\"https:\/\/buletin.de\/bucuresti\/wp-content\/uploads\/lac-herastrau.png\" \/>\n\t<meta property=\"og:image:width\" content=\"1515\" \/>\n\t<meta property=\"og:image:height\" content=\"748\" \/>\n\t<meta property=\"og:image:type\" content=\"image\/png\" \/>\n<meta name=\"author\" content=\"Ionu\u021b Lepa\" \/>\n<meta name=\"twitter:card\" content=\"summary_large_image\" \/>\n<meta name=\"twitter:label1\" content=\"Written by\" \/>\n\t<meta name=\"twitter:data1\" content=\"Ionu\u021b Lepa\" \/>\n\t<meta name=\"twitter:label2\" content=\"Estimated reading time\" \/>\n\t<meta name=\"twitter:data2\" content=\"1 minute\" \/>\n<script type=\"application\/ld+json\" class=\"yoast-schema-graph\">{\"@context\":\"https:\\\/\\\/schema.org\",\"@graph\":[{\"@type\":\"Article\",\"@id\":\"https:\\\/\\\/buletin.de\\\/bucuresti\\\/alerta-in-cel-mai-mare-parc-al-capitalei-femeie-gasita-moarta-in-lacul-herastrau\\\/#article\",\"isPartOf\":{\"@id\":\"https:\\\/\\\/buletin.de\\\/bucuresti\\\/alerta-in-cel-mai-mare-parc-al-capitalei-femeie-gasita-moarta-in-lacul-herastrau\\\/\"},\"author\":{\"name\":\"Ionu\u021b Lepa\",\"@id\":\"https:\\\/\\\/buletin.de\\\/bucuresti\\\/#\\\/schema\\\/person\\\/5272b8a057b33890940b57b837fc4ce6\"},\"headline\":\"Alert\u0103 \u00een cel mai mare parc al Capitalei: femeie g\u0103sit\u0103 moart\u0103 \u00een lacul Her\u0103str\u0103u\",\"datePublished\":\"2024-01-19T10:37:51+00:00\",\"dateModified\":\"2024-01-19T10:49:40+00:00\",\"mainEntityOfPage\":{\"@id\":\"https:\\\/\\\/buletin.de\\\/bucuresti\\\/alerta-in-cel-mai-mare-parc-al-capitalei-femeie-gasita-moarta-in-lacul-herastrau\\\/\"},\"wordCount\":260,\"publisher\":{\"@id\":\"https:\\\/\\\/buletin.de\\\/bucuresti\\\/#organization\"},\"image\":{\"@id\":\"https:\\\/\\\/buletin.de\\\/bucuresti\\\/alerta-in-cel-mai-mare-parc-al-capitalei-femeie-gasita-moarta-in-lacul-herastrau\\\/#primaryimage\"},\"thumbnailUrl\":\"https:\\\/\\\/buletin.de\\\/bucuresti\\\/wp-content\\\/uploads\\\/lac-herastrau.png\",\"keywords\":[\"inecata herastrau\"],\"articleSection\":[\"Articole\",\"Eveniment\",\"\u0218tiri\"],\"inLanguage\":\"en-GB\",\"copyrightYear\":\"2024\",\"copyrightHolder\":{\"@id\":\"https:\\\/\\\/buletin.de\\\/bucuresti\\\/#organization\"}},{\"@type\":\"WebPage\",\"@id\":\"https:\\\/\\\/buletin.de\\\/bucuresti\\\/alerta-in-cel-mai-mare-parc-al-capitalei-femeie-gasita-moarta-in-lacul-herastrau\\\/\",\"url\":\"https:\\\/\\\/buletin.de\\\/bucuresti\\\/alerta-in-cel-mai-mare-parc-al-capitalei-femeie-gasita-moarta-in-lacul-herastrau\\\/\",\"name\":\"Alert\u0103 \u00een cel mai mare parc al Capitalei: femeie g\u0103sit\u0103 moart\u0103 \u00een lacul Her\u0103str\u0103u - Buletin de Bucure\u0219ti\",\"isPartOf\":{\"@id\":\"https:\\\/\\\/buletin.de\\\/bucuresti\\\/#website\"},\"primaryImageOfPage\":{\"@id\":\"https:\\\/\\\/buletin.de\\\/bucuresti\\\/alerta-in-cel-mai-mare-parc-al-capitalei-femeie-gasita-moarta-in-lacul-herastrau\\\/#primaryimage\"},\"image\":{\"@id\":\"https:\\\/\\\/buletin.de\\\/bucuresti\\\/alerta-in-cel-mai-mare-parc-al-capitalei-femeie-gasita-moarta-in-lacul-herastrau\\\/#primaryimage\"},\"thumbnailUrl\":\"https:\\\/\\\/buletin.de\\\/bucuresti\\\/wp-content\\\/uploads\\\/lac-herastrau.png\",\"datePublished\":\"2024-01-19T10:37:51+00:00\",\"dateModified\":\"2024-01-19T10:49:40+00:00\",\"breadcrumb\":{\"@id\":\"https:\\\/\\\/buletin.de\\\/bucuresti\\\/alerta-in-cel-mai-mare-parc-al-capitalei-femeie-gasita-moarta-in-lacul-herastrau\\\/#breadcrumb\"},\"inLanguage\":\"en-GB\",\"potentialAction\":[{\"@type\":\"ReadAction\",\"target\":[\"https:\\\/\\\/buletin.de\\\/bucuresti\\\/alerta-in-cel-mai-mare-parc-al-capitalei-femeie-gasita-moarta-in-lacul-herastrau\\\/\"]}]},{\"@type\":\"ImageObject\",\"inLanguage\":\"en-GB\",\"@id\":\"https:\\\/\\\/buletin.de\\\/bucuresti\\\/alerta-in-cel-mai-mare-parc-al-capitalei-femeie-gasita-moarta-in-lacul-herastrau\\\/#primaryimage\",\"url\":\"https:\\\/\\\/buletin.de\\\/bucuresti\\\/wp-content\\\/uploads\\\/lac-herastrau.png\",\"contentUrl\":\"https:\\\/\\\/buletin.de\\\/bucuresti\\\/wp-content\\\/uploads\\\/lac-herastrau.png\",\"width\":1515,\"height\":748,\"caption\":\"FOTO: Google Street View. Imagine cu caracter ilustrativ\"},{\"@type\":\"BreadcrumbList\",\"@id\":\"https:\\\/\\\/buletin.de\\\/bucuresti\\\/alerta-in-cel-mai-mare-parc-al-capitalei-femeie-gasita-moarta-in-lacul-herastrau\\\/#breadcrumb\",\"itemListElement\":[{\"@type\":\"ListItem\",\"position\":1,\"name\":\"Acas\u0103\",\"item\":\"https:\\\/\\\/buletin.de\\\/bucuresti\\\/\"},{\"@type\":\"ListItem\",\"position\":2,\"name\":\"Alert\u0103 \u00een cel mai mare parc al Capitalei: femeie g\u0103sit\u0103 moart\u0103 \u00een lacul Her\u0103str\u0103u\"}]},{\"@type\":\"WebSite\",\"@id\":\"https:\\\/\\\/buletin.de\\\/bucuresti\\\/#website\",\"url\":\"https:\\\/\\\/buletin.de\\\/bucuresti\\\/\",\"name\":\"Buletin de Bucure\u0219ti\",\"description\":\"\u0218tiri \u0219i investiga\u021bii esen\u021biale din capital\u0103\",\"publisher\":{\"@id\":\"https:\\\/\\\/buletin.de\\\/bucuresti\\\/#organization\"},\"potentialAction\":[{\"@type\":\"SearchAction\",\"target\":{\"@type\":\"EntryPoint\",\"urlTemplate\":\"https:\\\/\\\/buletin.de\\\/bucuresti\\\/?s={search_term_string}\"},\"query-input\":{\"@type\":\"PropertyValueSpecification\",\"valueRequired\":true,\"valueName\":\"search_term_string\"}}],\"inLanguage\":\"en-GB\"},{\"@type\":\"Organization\",\"@id\":\"https:\\\/\\\/buletin.de\\\/bucuresti\\\/#organization\",\"name\":\"Buletin de Bucure\u0219ti\",\"url\":\"https:\\\/\\\/buletin.de\\\/bucuresti\\\/\",\"logo\":{\"@type\":\"ImageObject\",\"inLanguage\":\"en-GB\",\"@id\":\"https:\\\/\\\/buletin.de\\\/bucuresti\\\/#\\\/schema\\\/logo\\\/image\\\/\",\"url\":\"https:\\\/\\\/buletin.de\\\/bucuresti\\\/wp-content\\\/uploads\\\/logo-bdb-full-wide-vernil-transparent.png\",\"contentUrl\":\"https:\\\/\\\/buletin.de\\\/bucuresti\\\/wp-content\\\/uploads\\\/logo-bdb-full-wide-vernil-transparent.png\",\"width\":1782,\"height\":626,\"caption\":\"Buletin de Bucure\u0219ti\"},\"image\":{\"@id\":\"https:\\\/\\\/buletin.de\\\/bucuresti\\\/#\\\/schema\\\/logo\\\/image\\\/\"},\"sameAs\":[\"https:\\\/\\\/www.facebook.com\\\/buletin.de.buc\",\"https:\\\/\\\/www.instagram.com\\\/buletinde.bucuresti\\\/\"]},{\"@type\":\"Person\",\"@id\":\"https:\\\/\\\/buletin.de\\\/bucuresti\\\/#\\\/schema\\\/person\\\/5272b8a057b33890940b57b837fc4ce6\",\"name\":\"Ionu\u021b Lepa\",\"image\":{\"@type\":\"ImageObject\",\"inLanguage\":\"en-GB\",\"@id\":\"https:\\\/\\\/buletin.de\\\/bucuresti\\\/wp-content\\\/uploads\\\/Ionut-Lepa-96x96.jpg5c4e4d9e049808799a8821652d2410a4\",\"url\":\"https:\\\/\\\/buletin.de\\\/bucuresti\\\/wp-content\\\/uploads\\\/Ionut-Lepa-96x96.jpg\",\"contentUrl\":\"https:\\\/\\\/buletin.de\\\/bucuresti\\\/wp-content\\\/uploads\\\/Ionut-Lepa-96x96.jpg\",\"caption\":\"Ionu\u021b Lepa\"},\"url\":\"https:\\\/\\\/buletin.de\\\/bucuresti\\\/author\\\/ionutlepa\\\/\"}]}<\/script>\n<!-- \/ Yoast SEO Premium plugin. -->","yoast_head_json":{"title":"Alert\u0103 \u00een cel mai mare parc al Capitalei: femeie g\u0103sit\u0103 moart\u0103 \u00een lacul Her\u0103str\u0103u - Buletin de Bucure\u0219ti","robots":{"index":"index","follow":"follow","max-snippet":"max-snippet:-1","max-image-preview":"max-image-preview:large","max-video-preview":"max-video-preview:-1"},"canonical":"https:\/\/buletin.de\/bucuresti\/alerta-in-cel-mai-mare-parc-al-capitalei-femeie-gasita-moarta-in-lacul-herastrau\/","og_locale":"en_GB","og_type":"article","og_title":"Alert\u0103 \u00een cel mai mare parc al Capitalei: femeie g\u0103sit\u0103 moart\u0103 \u00een lacul Her\u0103str\u0103u","og_description":"Zi macabr\u0103 pentru cei care se plimbau ori \u00ee\u015fi f\u0103ceau alergarea de diminea\u0163\u0103 \u00een parcul Her\u0103str\u0103u: au v\u0103zut o femeie care se \u00eenecase \u00een lac \u015fi plutea pe luciul apei. Cei care au observat femeia au sunat la 112. Un echipaj al pompierilor a intervenit \u00een jurul orei 11:00 pentru a o scoate din ap\u0103. [&hellip;]","og_url":"https:\/\/buletin.de\/bucuresti\/alerta-in-cel-mai-mare-parc-al-capitalei-femeie-gasita-moarta-in-lacul-herastrau\/","og_site_name":"Buletin de Bucure\u0219ti","article_publisher":"https:\/\/www.facebook.com\/buletin.de.buc","article_published_time":"2024-01-19T10:37:51+00:00","article_modified_time":"2024-01-19T10:49:40+00:00","og_image":[{"width":1515,"height":748,"url":"https:\/\/buletin.de\/bucuresti\/wp-content\/uploads\/lac-herastrau.png","type":"image\/png"}],"author":"Ionu\u021b Lepa","twitter_card":"summary_large_image","twitter_misc":{"Written by":"Ionu\u021b Lepa","Estimated reading time":"1 minute"},"schema":{"@context":"https:\/\/schema.org","@graph":[{"@type":"Article","@id":"https:\/\/buletin.de\/bucuresti\/alerta-in-cel-mai-mare-parc-al-capitalei-femeie-gasita-moarta-in-lacul-herastrau\/#article","isPartOf":{"@id":"https:\/\/buletin.de\/bucuresti\/alerta-in-cel-mai-mare-parc-al-capitalei-femeie-gasita-moarta-in-lacul-herastrau\/"},"author":{"name":"Ionu\u021b Lepa","@id":"https:\/\/buletin.de\/bucuresti\/#\/schema\/person\/5272b8a057b33890940b57b837fc4ce6"},"headline":"Alert\u0103 \u00een cel mai mare parc al Capitalei: femeie g\u0103sit\u0103 moart\u0103 \u00een lacul Her\u0103str\u0103u","datePublished":"2024-01-19T10:37:51+00:00","dateModified":"2024-01-19T10:49:40+00:00","mainEntityOfPage":{"@id":"https:\/\/buletin.de\/bucuresti\/alerta-in-cel-mai-mare-parc-al-capitalei-femeie-gasita-moarta-in-lacul-herastrau\/"},"wordCount":260,"publisher":{"@id":"https:\/\/buletin.de\/bucuresti\/#organization"},"image":{"@id":"https:\/\/buletin.de\/bucuresti\/alerta-in-cel-mai-mare-parc-al-capitalei-femeie-gasita-moarta-in-lacul-herastrau\/#primaryimage"},"thumbnailUrl":"https:\/\/buletin.de\/bucuresti\/wp-content\/uploads\/lac-herastrau.png","keywords":["inecata herastrau"],"articleSection":["Articole","Eveniment","\u0218tiri"],"inLanguage":"en-GB","copyrightYear":"2024","copyrightHolder":{"@id":"https:\/\/buletin.de\/bucuresti\/#organization"}},{"@type":"WebPage","@id":"https:\/\/buletin.de\/bucuresti\/alerta-in-cel-mai-mare-parc-al-capitalei-femeie-gasita-moarta-in-lacul-herastrau\/","url":"https:\/\/buletin.de\/bucuresti\/alerta-in-cel-mai-mare-parc-al-capitalei-femeie-gasita-moarta-in-lacul-herastrau\/","name":"Alert\u0103 \u00een cel mai mare parc al Capitalei: femeie g\u0103sit\u0103 moart\u0103 \u00een lacul Her\u0103str\u0103u - Buletin de Bucure\u0219ti","isPartOf":{"@id":"https:\/\/buletin.de\/bucuresti\/#website"},"primaryImageOfPage":{"@id":"https:\/\/buletin.de\/bucuresti\/alerta-in-cel-mai-mare-parc-al-capitalei-femeie-gasita-moarta-in-lacul-herastrau\/#primaryimage"},"image":{"@id":"https:\/\/buletin.de\/bucuresti\/alerta-in-cel-mai-mare-parc-al-capitalei-femeie-gasita-moarta-in-lacul-herastrau\/#primaryimage"},"thumbnailUrl":"https:\/\/buletin.de\/bucuresti\/wp-content\/uploads\/lac-herastrau.png","datePublished":"2024-01-19T10:37:51+00:00","dateModified":"2024-01-19T10:49:40+00:00","breadcrumb":{"@id":"https:\/\/buletin.de\/bucuresti\/alerta-in-cel-mai-mare-parc-al-capitalei-femeie-gasita-moarta-in-lacul-herastrau\/#breadcrumb"},"inLanguage":"en-GB","potentialAction":[{"@type":"ReadAction","target":["https:\/\/buletin.de\/bucuresti\/alerta-in-cel-mai-mare-parc-al-capitalei-femeie-gasita-moarta-in-lacul-herastrau\/"]}]},{"@type":"ImageObject","inLanguage":"en-GB","@id":"https:\/\/buletin.de\/bucuresti\/alerta-in-cel-mai-mare-parc-al-capitalei-femeie-gasita-moarta-in-lacul-herastrau\/#primaryimage","url":"https:\/\/buletin.de\/bucuresti\/wp-content\/uploads\/lac-herastrau.png","contentUrl":"https:\/\/buletin.de\/bucuresti\/wp-content\/uploads\/lac-herastrau.png","width":1515,"height":748,"caption":"FOTO: Google Street View. Imagine cu caracter ilustrativ"},{"@type":"BreadcrumbList","@id":"https:\/\/buletin.de\/bucuresti\/alerta-in-cel-mai-mare-parc-al-capitalei-femeie-gasita-moarta-in-lacul-herastrau\/#breadcrumb","itemListElement":[{"@type":"ListItem","position":1,"name":"Acas\u0103","item":"https:\/\/buletin.de\/bucuresti\/"},{"@type":"ListItem","position":2,"name":"Alert\u0103 \u00een cel mai mare parc al Capitalei: femeie g\u0103sit\u0103 moart\u0103 \u00een lacul Her\u0103str\u0103u"}]},{"@type":"WebSite","@id":"https:\/\/buletin.de\/bucuresti\/#website","url":"https:\/\/buletin.de\/bucuresti\/","name":"Buletin de Bucure\u0219ti","description":"\u0218tiri \u0219i investiga\u021bii esen\u021biale din capital\u0103","publisher":{"@id":"https:\/\/buletin.de\/bucuresti\/#organization"},"potentialAction":[{"@type":"SearchAction","target":{"@type":"EntryPoint","urlTemplate":"https:\/\/buletin.de\/bucuresti\/?s={search_term_string}"},"query-input":{"@type":"PropertyValueSpecification","valueRequired":true,"valueName":"search_term_string"}}],"inLanguage":"en-GB"},{"@type":"Organization","@id":"https:\/\/buletin.de\/bucuresti\/#organization","name":"Buletin de Bucure\u0219ti","url":"https:\/\/buletin.de\/bucuresti\/","logo":{"@type":"ImageObject","inLanguage":"en-GB","@id":"https:\/\/buletin.de\/bucuresti\/#\/schema\/logo\/image\/","url":"https:\/\/buletin.de\/bucuresti\/wp-content\/uploads\/logo-bdb-full-wide-vernil-transparent.png","contentUrl":"https:\/\/buletin.de\/bucuresti\/wp-content\/uploads\/logo-bdb-full-wide-vernil-transparent.png","width":1782,"height":626,"caption":"Buletin de Bucure\u0219ti"},"image":{"@id":"https:\/\/buletin.de\/bucuresti\/#\/schema\/logo\/image\/"},"sameAs":["https:\/\/www.facebook.com\/buletin.de.buc","https:\/\/www.instagram.com\/buletinde.bucuresti\/"]},{"@type":"Person","@id":"https:\/\/buletin.de\/bucuresti\/#\/schema\/person\/5272b8a057b33890940b57b837fc4ce6","name":"Ionu\u021b Lepa","image":{"@type":"ImageObject","inLanguage":"en-GB","@id":"https:\/\/buletin.de\/bucuresti\/wp-content\/uploads\/Ionut-Lepa-96x96.jpg5c4e4d9e049808799a8821652d2410a4","url":"https:\/\/buletin.de\/bucuresti\/wp-content\/uploads\/Ionut-Lepa-96x96.jpg","contentUrl":"https:\/\/buletin.de\/bucuresti\/wp-content\/uploads\/Ionut-Lepa-96x96.jpg","caption":"Ionu\u021b Lepa"},"url":"https:\/\/buletin.de\/bucuresti\/author\/ionutlepa\/"}]}},"authors":[{"term_id":22586,"user_id":8,"is_guest":0,"slug":"ionutlepa","display_name":"Ionu\u021b Lepa","avatar_url":"https:\/\/buletin.de\/bucuresti\/wp-content\/uploads\/Ionut-Lepa-96x96.jpg","0":null,"1":"","2":"","3":"","4":"","5":"","6":"","7":"","8":""}],"_links":{"self":[{"href":"https:\/\/buletin.de\/bucuresti\/wp-json\/wp\/v2\/posts\/74952","targetHints":{"allow":["GET"]}}],"collection":[{"href":"https:\/\/buletin.de\/bucuresti\/wp-json\/wp\/v2\/posts"}],"about":[{"href":"https:\/\/buletin.de\/bucuresti\/wp-json\/wp\/v2\/types\/post"}],"author":[{"embeddable":true,"href":"https:\/\/buletin.de\/bucuresti\/wp-json\/wp\/v2\/users\/8"}],"replies":[{"embeddable":true,"href":"https:\/\/buletin.de\/bucuresti\/wp-json\/wp\/v2\/comments?post=74952"}],"version-history":[{"count":2,"href":"https:\/\/buletin.de\/bucuresti\/wp-json\/wp\/v2\/posts\/74952\/revisions"}],"predecessor-version":[{"id":74963,"href":"https:\/\/buletin.de\/bucuresti\/wp-json\/wp\/v2\/posts\/74952\/revisions\/74963"}],"wp:featuredmedia":[{"embeddable":true,"href":"https:\/\/buletin.de\/bucuresti\/wp-json\/wp\/v2\/media\/74959"}],"wp:attachment":[{"href":"https:\/\/buletin.de\/bucuresti\/wp-json\/wp\/v2\/media?parent=74952"}],"wp:term":[{"taxonomy":"category","embeddable":true,"href":"https:\/\/buletin.de\/bucuresti\/wp-json\/wp\/v2\/categories?post=74952"},{"taxonomy":"post_tag","embeddable":true,"href":"https:\/\/buletin.de\/bucuresti\/wp-json\/wp\/v2\/tags?post=74952"},{"taxonomy":"author","embeddable":true,"href":"https:\/\/buletin.de\/bucuresti\/wp-json\/wp\/v2\/ppma_author?post=74952"}],"curies":[{"name":"wp","href":"https:\/\/api.w.org\/{rel}","templated":true}]}}