{"id":74951,"date":"2024-01-19T12:47:14","date_gmt":"2024-01-19T10:47:14","guid":{"rendered":"https:\/\/buletin.de\/bucuresti\/?p=74951"},"modified":"2024-01-19T12:47:15","modified_gmt":"2024-01-19T10:47:15","slug":"o-noua-amanare-in-dosarul-directorului-romsilva-ilfov-care-ar-fi-primit-spaga-un-teren-in-corbeanca","status":"publish","type":"post","link":"https:\/\/buletin.de\/bucuresti\/o-noua-amanare-in-dosarul-directorului-romsilva-ilfov-care-ar-fi-primit-spaga-un-teren-in-corbeanca\/","title":{"rendered":"O nou\u0103 am\u00e2nare \u00een dosarul directorului Romsilva Ilfov care ar fi primit \u015fpag\u0103 un teren \u00een Corbeanca"},"content":{"rendered":"\n<p><strong>Dosarul \u00een care este judecat directorul adjunct al Regiei Na\u021bionale a P\u0103durilor Romsilva, R\u0103du\u021b\u0103 Cezar Mihail, a primit un nou termen la Curtea de Apel Bucure\u015fti. Asta dup\u0103 ce procurorii DNA au f\u0103cut recurs la decizia Tribunalului Bucure\u015fti care \u00eel achita de acuza\u0163ia de luare de mit\u0103.<\/strong><\/p>\n\n\n\n<p>Directorul adjunct al Regiei Na\u021bionale a P\u0103durilor Romsilva, R\u0103du\u021b\u0103 Cezar Mihail, este acuzat de Direc\u021bia Na\u021bional\u0103 Anticorup\u021bie pentru luare de mit\u0103 \u0219i abuz \u00een serviciu. Faptele ar fi avut loc \u00een 2016, atunci c\u00e2nd R\u0103du\u021b\u0103 era director al Direc\u021biei Silvice Ilfov. Atunci ar fi angajat o persoan\u0103 pe un post de p\u0103durar la Ocolul Silvic Snagov \u00een schimbul unui teren de peste 1.000 de metri p\u0103tra\u021bi.<\/p>\n\n\n\n<p>Al\u0103turi de R\u0103du\u0163\u0103 Cezar Mihai, au fost trimi\u0219i \u00een judecat\u0103 al\u021bi doi angaja\u021bi din cadrul Romsilva Ilfov: Constantin Alexandru, paznic de v\u00e2n\u0103toare, pentru dare de mit\u0103 \u0219i complicitate la abuz \u00een serviciu, \u0219i Radu Emil, inginer \u00een compartimentul resurse umane, pentru abuz \u00een serviciu.<\/p>\n\n\n\n<p>Ini\u0163ial, \u00een cauz\u0103 s-a dispus instituirea sechestrului asigur\u0103tor asupra a trei terenuri ce apar\u021bin inculpatului R\u0103du\u021b\u0103 Cezar Mihail.<\/p>\n\n\n\n<p>Tribunalul Bucure\u015fti a respins acuza\u0163ia procurilor DNA, iar dosarul s-a mutat la Curtea de Apel. Din septembrie 2023 \u015fi p\u00e2n\u0103 \u00een prezent, instan\u0163a a dispus \u00een total \u015fase am\u00e2n\u0103ri. Urm\u0103torul termen este programat pe 7 februarie 2024.<\/p>\n\n\n\n<p><\/p>\n\n\n\n<p><strong>CITE\u015eTE \u015eI<\/strong>:<\/p>\n\n\n\n<figure class=\"wp-block-embed is-type-wp-embed is-provider-buletin-de-bucure-ti wp-block-embed-buletin-de-bucure-ti\"><div class=\"wp-block-embed__wrapper\">\n<blockquote class=\"wp-embedded-content\" data-secret=\"vpZZYxu12K\"><a href=\"https:\/\/buletin.de\/bucuresti\/directorul-adjunct-al-romsilva-cercetat-de-dna-pentru-angajarea-ilegala-a-unui-paznic-ar-fi-primit-mita-un-teren-in-corbeanca\/\">Directorul adjunct al Romsilva, cercetat de DNA pentru angajarea ilegal\u0103 a unui paznic. Ar fi primit mit\u0103 un teren \u00een Corbeanca<\/a><\/blockquote><iframe class=\"wp-embedded-content\" sandbox=\"allow-scripts\" security=\"restricted\" style=\"position: absolute; clip: rect(1px, 1px, 1px, 1px);\" title=\"&#8220;Directorul adjunct al Romsilva, cercetat de DNA pentru angajarea ilegal\u0103 a unui paznic. Ar fi primit mit\u0103 un teren \u00een Corbeanca&#8221; &#8212; Buletin de Bucure\u0219ti\" src=\"https:\/\/buletin.de\/bucuresti\/directorul-adjunct-al-romsilva-cercetat-de-dna-pentru-angajarea-ilegala-a-unui-paznic-ar-fi-primit-mita-un-teren-in-corbeanca\/embed\/#?secret=QrO9sxw2Qi#?secret=vpZZYxu12K\" data-secret=\"vpZZYxu12K\" width=\"600\" height=\"338\" frameborder=\"0\" marginwidth=\"0\" marginheight=\"0\" scrolling=\"no\"><\/iframe>\n<\/div><\/figure>\n\n\n\n<figure class=\"wp-block-embed is-type-wp-embed is-provider-buletin-de-bucure-ti wp-block-embed-buletin-de-bucure-ti\"><div class=\"wp-block-embed__wrapper\">\n<blockquote class=\"wp-embedded-content\" data-secret=\"Sr9nj5IMcT\"><a href=\"https:\/\/buletin.de\/bucuresti\/editorial-romsilva-apara-drujbele-din-padurile-ilfovului-si-ataca-public-activistii-de-mediu-care-grabesc-proiectul-centura-verde-viitoarea-leg\/\">EDITORIAL | Romsilva \u201eap\u0103r\u0103\u201d drujbele din p\u0103durile Ilfovului \u0219i atac\u0103 public activi\u0219tii de mediu care \u201egr\u0103besc\u201d proiectul \u201eCentura Verde\u201d. Viitoarea lege va proteja p\u0103durile de l\u00e2ng\u0103 Bucure\u0219ti \u0219i va limita exploatarea comercial\u0103<\/a><\/blockquote><iframe class=\"wp-embedded-content\" sandbox=\"allow-scripts\" security=\"restricted\" style=\"position: absolute; clip: rect(1px, 1px, 1px, 1px);\" title=\"&#8220;EDITORIAL | Romsilva \u201eap\u0103r\u0103\u201d drujbele din p\u0103durile Ilfovului \u0219i atac\u0103 public activi\u0219tii de mediu care \u201egr\u0103besc\u201d proiectul \u201eCentura Verde\u201d. Viitoarea lege va proteja p\u0103durile de l\u00e2ng\u0103 Bucure\u0219ti \u0219i va limita exploatarea comercial\u0103&#8221; &#8212; Buletin de Bucure\u0219ti\" src=\"https:\/\/buletin.de\/bucuresti\/editorial-romsilva-apara-drujbele-din-padurile-ilfovului-si-ataca-public-activistii-de-mediu-care-grabesc-proiectul-centura-verde-viitoarea-leg\/embed\/#?secret=sCjuyqjxhc#?secret=Sr9nj5IMcT\" data-secret=\"Sr9nj5IMcT\" width=\"600\" height=\"338\" frameborder=\"0\" marginwidth=\"0\" marginheight=\"0\" scrolling=\"no\"><\/iframe>\n<\/div><\/figure>\n","protected":false},"excerpt":{"rendered":"<p>Dosarul \u00een care este judecat directorul adjunct al Regiei Na\u021bionale a P\u0103durilor Romsilva, R\u0103du\u021b\u0103 Cezar Mihail, a primit un nou termen la Curtea de Apel Bucure\u015fti. Asta dup\u0103 ce procurorii DNA au f\u0103cut recurs la decizia Tribunalului Bucure\u015fti care \u00eel achita de acuza\u0163ia de luare de mit\u0103. Directorul adjunct al Regiei Na\u021bionale a P\u0103durilor Romsilva, [&hellip;]<\/p>\n","protected":false},"author":10,"featured_media":74953,"comment_status":"closed","ping_status":"open","sticky":false,"template":"","format":"standard","meta":{"_acf_changed":false,"inline_featured_image":false,"ngg_post_thumbnail":0,"footnotes":""},"categories":[6994,9026,5762],"tags":[1426,49,875,820,217,512,351],"ppma_author":[22575],"class_list":["post-74951","post","type-post","status-publish","format-standard","has-post-thumbnail","hentry","category-stiri-2","category-eveniment","category-main","tag-corbeanca","tag-director","tag-dna","tag-ilfov","tag-mita","tag-romsilva","tag-teren"],"acf":[],"yoast_head":"<!-- This site is optimized with the Yoast SEO Premium plugin v25.3 (Yoast SEO v27.4) - https:\/\/yoast.com\/product\/yoast-seo-premium-wordpress\/ -->\n<title>O nou\u0103 am\u00e2nare \u00een dosarul directorului Romsilva Ilfov care ar fi primit \u015fpag\u0103 un teren \u00een Corbeanca - Buletin de Bucure\u0219ti<\/title>\n<meta name=\"robots\" content=\"index, follow, max-snippet:-1, max-image-preview:large, max-video-preview:-1\" \/>\n<link rel=\"canonical\" href=\"https:\/\/buletin.de\/bucuresti\/o-noua-amanare-in-dosarul-directorului-romsilva-ilfov-care-ar-fi-primit-spaga-un-teren-in-corbeanca\/\" \/>\n<meta property=\"og:locale\" content=\"en_GB\" \/>\n<meta property=\"og:type\" content=\"article\" \/>\n<meta property=\"og:title\" content=\"O nou\u0103 am\u00e2nare \u00een dosarul directorului Romsilva Ilfov care ar fi primit \u015fpag\u0103 un teren \u00een Corbeanca\" \/>\n<meta property=\"og:description\" content=\"Dosarul \u00een care este judecat directorul adjunct al Regiei Na\u021bionale a P\u0103durilor Romsilva, R\u0103du\u021b\u0103 Cezar Mihail, a primit un nou termen la Curtea de Apel Bucure\u015fti. Asta dup\u0103 ce procurorii DNA au f\u0103cut recurs la decizia Tribunalului Bucure\u015fti care \u00eel achita de acuza\u0163ia de luare de mit\u0103. Directorul adjunct al Regiei Na\u021bionale a P\u0103durilor Romsilva, [&hellip;]\" \/>\n<meta property=\"og:url\" content=\"https:\/\/buletin.de\/bucuresti\/o-noua-amanare-in-dosarul-directorului-romsilva-ilfov-care-ar-fi-primit-spaga-un-teren-in-corbeanca\/\" \/>\n<meta property=\"og:site_name\" content=\"Buletin de Bucure\u0219ti\" \/>\n<meta property=\"article:publisher\" content=\"https:\/\/www.facebook.com\/buletin.de.buc\" \/>\n<meta property=\"article:published_time\" content=\"2024-01-19T10:47:14+00:00\" \/>\n<meta property=\"article:modified_time\" content=\"2024-01-19T10:47:15+00:00\" \/>\n<meta property=\"og:image\" content=\"https:\/\/buletin.de\/bucuresti\/wp-content\/uploads\/jwtvcqqjxh0.jpg\" \/>\n\t<meta property=\"og:image:width\" content=\"1600\" \/>\n\t<meta property=\"og:image:height\" content=\"1067\" \/>\n\t<meta property=\"og:image:type\" content=\"image\/jpeg\" \/>\n<meta name=\"author\" content=\"C\u0103t\u0103lin Dosca\u0219\" \/>\n<meta name=\"twitter:card\" content=\"summary_large_image\" \/>\n<meta name=\"twitter:label1\" content=\"Written by\" \/>\n\t<meta name=\"twitter:data1\" content=\"C\u0103t\u0103lin Dosca\u0219\" \/>\n\t<meta name=\"twitter:label2\" content=\"Estimated reading time\" \/>\n\t<meta name=\"twitter:data2\" content=\"1 minute\" \/>\n<script type=\"application\/ld+json\" class=\"yoast-schema-graph\">{\"@context\":\"https:\\\/\\\/schema.org\",\"@graph\":[{\"@type\":\"Article\",\"@id\":\"https:\\\/\\\/buletin.de\\\/bucuresti\\\/o-noua-amanare-in-dosarul-directorului-romsilva-ilfov-care-ar-fi-primit-spaga-un-teren-in-corbeanca\\\/#article\",\"isPartOf\":{\"@id\":\"https:\\\/\\\/buletin.de\\\/bucuresti\\\/o-noua-amanare-in-dosarul-directorului-romsilva-ilfov-care-ar-fi-primit-spaga-un-teren-in-corbeanca\\\/\"},\"author\":{\"name\":\"C\u0103t\u0103lin Dosca\u0219\",\"@id\":\"https:\\\/\\\/buletin.de\\\/bucuresti\\\/#\\\/schema\\\/person\\\/31117187ed4d0bdb0a4c7d6acc79d0f8\"},\"headline\":\"O nou\u0103 am\u00e2nare \u00een dosarul directorului Romsilva Ilfov care ar fi primit \u015fpag\u0103 un teren \u00een Corbeanca\",\"datePublished\":\"2024-01-19T10:47:14+00:00\",\"dateModified\":\"2024-01-19T10:47:15+00:00\",\"mainEntityOfPage\":{\"@id\":\"https:\\\/\\\/buletin.de\\\/bucuresti\\\/o-noua-amanare-in-dosarul-directorului-romsilva-ilfov-care-ar-fi-primit-spaga-un-teren-in-corbeanca\\\/\"},\"wordCount\":275,\"publisher\":{\"@id\":\"https:\\\/\\\/buletin.de\\\/bucuresti\\\/#organization\"},\"image\":{\"@id\":\"https:\\\/\\\/buletin.de\\\/bucuresti\\\/o-noua-amanare-in-dosarul-directorului-romsilva-ilfov-care-ar-fi-primit-spaga-un-teren-in-corbeanca\\\/#primaryimage\"},\"thumbnailUrl\":\"https:\\\/\\\/buletin.de\\\/bucuresti\\\/wp-content\\\/uploads\\\/jwtvcqqjxh0.jpg\",\"keywords\":[\"corbeanca\",\"director\",\"dna\",\"Ilfov\",\"mita\",\"romsilva\",\"teren\"],\"articleSection\":[\"Articole\",\"Eveniment\",\"Main\"],\"inLanguage\":\"en-GB\",\"copyrightYear\":\"2024\",\"copyrightHolder\":{\"@id\":\"https:\\\/\\\/buletin.de\\\/bucuresti\\\/#organization\"}},{\"@type\":\"WebPage\",\"@id\":\"https:\\\/\\\/buletin.de\\\/bucuresti\\\/o-noua-amanare-in-dosarul-directorului-romsilva-ilfov-care-ar-fi-primit-spaga-un-teren-in-corbeanca\\\/\",\"url\":\"https:\\\/\\\/buletin.de\\\/bucuresti\\\/o-noua-amanare-in-dosarul-directorului-romsilva-ilfov-care-ar-fi-primit-spaga-un-teren-in-corbeanca\\\/\",\"name\":\"O nou\u0103 am\u00e2nare \u00een dosarul directorului Romsilva Ilfov care ar fi primit \u015fpag\u0103 un teren \u00een Corbeanca - Buletin de Bucure\u0219ti\",\"isPartOf\":{\"@id\":\"https:\\\/\\\/buletin.de\\\/bucuresti\\\/#website\"},\"primaryImageOfPage\":{\"@id\":\"https:\\\/\\\/buletin.de\\\/bucuresti\\\/o-noua-amanare-in-dosarul-directorului-romsilva-ilfov-care-ar-fi-primit-spaga-un-teren-in-corbeanca\\\/#primaryimage\"},\"image\":{\"@id\":\"https:\\\/\\\/buletin.de\\\/bucuresti\\\/o-noua-amanare-in-dosarul-directorului-romsilva-ilfov-care-ar-fi-primit-spaga-un-teren-in-corbeanca\\\/#primaryimage\"},\"thumbnailUrl\":\"https:\\\/\\\/buletin.de\\\/bucuresti\\\/wp-content\\\/uploads\\\/jwtvcqqjxh0.jpg\",\"datePublished\":\"2024-01-19T10:47:14+00:00\",\"dateModified\":\"2024-01-19T10:47:15+00:00\",\"breadcrumb\":{\"@id\":\"https:\\\/\\\/buletin.de\\\/bucuresti\\\/o-noua-amanare-in-dosarul-directorului-romsilva-ilfov-care-ar-fi-primit-spaga-un-teren-in-corbeanca\\\/#breadcrumb\"},\"inLanguage\":\"en-GB\",\"potentialAction\":[{\"@type\":\"ReadAction\",\"target\":[\"https:\\\/\\\/buletin.de\\\/bucuresti\\\/o-noua-amanare-in-dosarul-directorului-romsilva-ilfov-care-ar-fi-primit-spaga-un-teren-in-corbeanca\\\/\"]}]},{\"@type\":\"ImageObject\",\"inLanguage\":\"en-GB\",\"@id\":\"https:\\\/\\\/buletin.de\\\/bucuresti\\\/o-noua-amanare-in-dosarul-directorului-romsilva-ilfov-care-ar-fi-primit-spaga-un-teren-in-corbeanca\\\/#primaryimage\",\"url\":\"https:\\\/\\\/buletin.de\\\/bucuresti\\\/wp-content\\\/uploads\\\/jwtvcqqjxh0.jpg\",\"contentUrl\":\"https:\\\/\\\/buletin.de\\\/bucuresti\\\/wp-content\\\/uploads\\\/jwtvcqqjxh0.jpg\",\"width\":1600,\"height\":1067,\"caption\":\"landscape photography of woods\"},{\"@type\":\"BreadcrumbList\",\"@id\":\"https:\\\/\\\/buletin.de\\\/bucuresti\\\/o-noua-amanare-in-dosarul-directorului-romsilva-ilfov-care-ar-fi-primit-spaga-un-teren-in-corbeanca\\\/#breadcrumb\",\"itemListElement\":[{\"@type\":\"ListItem\",\"position\":1,\"name\":\"Acas\u0103\",\"item\":\"https:\\\/\\\/buletin.de\\\/bucuresti\\\/\"},{\"@type\":\"ListItem\",\"position\":2,\"name\":\"O nou\u0103 am\u00e2nare \u00een dosarul directorului Romsilva Ilfov care ar fi primit \u015fpag\u0103 un teren \u00een Corbeanca\"}]},{\"@type\":\"WebSite\",\"@id\":\"https:\\\/\\\/buletin.de\\\/bucuresti\\\/#website\",\"url\":\"https:\\\/\\\/buletin.de\\\/bucuresti\\\/\",\"name\":\"Buletin de Bucure\u0219ti\",\"description\":\"\u0218tiri \u0219i investiga\u021bii esen\u021biale din capital\u0103\",\"publisher\":{\"@id\":\"https:\\\/\\\/buletin.de\\\/bucuresti\\\/#organization\"},\"potentialAction\":[{\"@type\":\"SearchAction\",\"target\":{\"@type\":\"EntryPoint\",\"urlTemplate\":\"https:\\\/\\\/buletin.de\\\/bucuresti\\\/?s={search_term_string}\"},\"query-input\":{\"@type\":\"PropertyValueSpecification\",\"valueRequired\":true,\"valueName\":\"search_term_string\"}}],\"inLanguage\":\"en-GB\"},{\"@type\":\"Organization\",\"@id\":\"https:\\\/\\\/buletin.de\\\/bucuresti\\\/#organization\",\"name\":\"Buletin de Bucure\u0219ti\",\"url\":\"https:\\\/\\\/buletin.de\\\/bucuresti\\\/\",\"logo\":{\"@type\":\"ImageObject\",\"inLanguage\":\"en-GB\",\"@id\":\"https:\\\/\\\/buletin.de\\\/bucuresti\\\/#\\\/schema\\\/logo\\\/image\\\/\",\"url\":\"https:\\\/\\\/buletin.de\\\/bucuresti\\\/wp-content\\\/uploads\\\/logo-bdb-full-wide-vernil-transparent.png\",\"contentUrl\":\"https:\\\/\\\/buletin.de\\\/bucuresti\\\/wp-content\\\/uploads\\\/logo-bdb-full-wide-vernil-transparent.png\",\"width\":1782,\"height\":626,\"caption\":\"Buletin de Bucure\u0219ti\"},\"image\":{\"@id\":\"https:\\\/\\\/buletin.de\\\/bucuresti\\\/#\\\/schema\\\/logo\\\/image\\\/\"},\"sameAs\":[\"https:\\\/\\\/www.facebook.com\\\/buletin.de.buc\",\"https:\\\/\\\/www.instagram.com\\\/buletinde.bucuresti\\\/\"]},{\"@type\":\"Person\",\"@id\":\"https:\\\/\\\/buletin.de\\\/bucuresti\\\/#\\\/schema\\\/person\\\/31117187ed4d0bdb0a4c7d6acc79d0f8\",\"name\":\"C\u0103t\u0103lin Dosca\u0219\",\"image\":{\"@type\":\"ImageObject\",\"inLanguage\":\"en-GB\",\"@id\":\"https:\\\/\\\/buletin.de\\\/bucuresti\\\/wp-content\\\/uploads\\\/Catalin-Doscas-e1732731064764-96x96.jpga93e2943bb3b1c1f9ead823df6e6317a\",\"url\":\"https:\\\/\\\/buletin.de\\\/bucuresti\\\/wp-content\\\/uploads\\\/Catalin-Doscas-e1732731064764-96x96.jpg\",\"contentUrl\":\"https:\\\/\\\/buletin.de\\\/bucuresti\\\/wp-content\\\/uploads\\\/Catalin-Doscas-e1732731064764-96x96.jpg\",\"caption\":\"C\u0103t\u0103lin Dosca\u0219\"},\"description\":\"Reporter \u0219i redactor-\u0219ef Buletin de Bucure\u0219ti. Lucreaz\u0103 \u00een mass-media de la v\u00e2rsta de 15 ani, c\u00e2nd a publicat primele articole \u00een presa local\u0103 din Tecuci. \u00cen Bucure\u0219ti a lucrat \u00een redac\u021bii radio ca reporter, redactor \u0219i prezentator (StudentFM, Na\u021bionalFM, Radio Total, Smart FM), unde a acoperit domeniile politic, economic, social \u0219i externe. Ulterior, a fost editor-coordonator al postului Realitatea FM. Experien\u021ba \u00een jurnalismul online a dob\u00e2ndit-o la portalul B365.ro, unde a fost editor. \u00cen 2012 s-a angajat \u00een televiziune. La Realitatea TV a fost, pe r\u00e2nd, reporter la sec\u021bia Social, reporter special la emisiunea de reportaje \u0219i anchete \u201eReporterii Realit\u0103\u021bii\u201d, dar \u0219i editor al jurnalelor de \u0219tiri. Ulterior, a f\u0103cut parte din sec\u021bia de Investiga\u021bii de la Digi24 \u0219i a lucrat la campania \u201eRom\u00e2nia furat\u0103\u201d. A revenit \u00een presa scris\u0103 \u00een 2017, ca reporter special, \u00een cadrul unui proiect de repozi\u021bionare a tabloidului Libertatea \u00een cotidian generalist. Este jurnalist Buletin de Bucure\u0219ti din 2019.\",\"url\":\"https:\\\/\\\/buletin.de\\\/bucuresti\\\/author\\\/catalin\\\/\"}]}<\/script>\n<!-- \/ Yoast SEO Premium plugin. -->","yoast_head_json":{"title":"O nou\u0103 am\u00e2nare \u00een dosarul directorului Romsilva Ilfov care ar fi primit \u015fpag\u0103 un teren \u00een Corbeanca - Buletin de Bucure\u0219ti","robots":{"index":"index","follow":"follow","max-snippet":"max-snippet:-1","max-image-preview":"max-image-preview:large","max-video-preview":"max-video-preview:-1"},"canonical":"https:\/\/buletin.de\/bucuresti\/o-noua-amanare-in-dosarul-directorului-romsilva-ilfov-care-ar-fi-primit-spaga-un-teren-in-corbeanca\/","og_locale":"en_GB","og_type":"article","og_title":"O nou\u0103 am\u00e2nare \u00een dosarul directorului Romsilva Ilfov care ar fi primit \u015fpag\u0103 un teren \u00een Corbeanca","og_description":"Dosarul \u00een care este judecat directorul adjunct al Regiei Na\u021bionale a P\u0103durilor Romsilva, R\u0103du\u021b\u0103 Cezar Mihail, a primit un nou termen la Curtea de Apel Bucure\u015fti. Asta dup\u0103 ce procurorii DNA au f\u0103cut recurs la decizia Tribunalului Bucure\u015fti care \u00eel achita de acuza\u0163ia de luare de mit\u0103. Directorul adjunct al Regiei Na\u021bionale a P\u0103durilor Romsilva, [&hellip;]","og_url":"https:\/\/buletin.de\/bucuresti\/o-noua-amanare-in-dosarul-directorului-romsilva-ilfov-care-ar-fi-primit-spaga-un-teren-in-corbeanca\/","og_site_name":"Buletin de Bucure\u0219ti","article_publisher":"https:\/\/www.facebook.com\/buletin.de.buc","article_published_time":"2024-01-19T10:47:14+00:00","article_modified_time":"2024-01-19T10:47:15+00:00","og_image":[{"width":1600,"height":1067,"url":"https:\/\/buletin.de\/bucuresti\/wp-content\/uploads\/jwtvcqqjxh0.jpg","type":"image\/jpeg"}],"author":"C\u0103t\u0103lin Dosca\u0219","twitter_card":"summary_large_image","twitter_misc":{"Written by":"C\u0103t\u0103lin Dosca\u0219","Estimated reading time":"1 minute"},"schema":{"@context":"https:\/\/schema.org","@graph":[{"@type":"Article","@id":"https:\/\/buletin.de\/bucuresti\/o-noua-amanare-in-dosarul-directorului-romsilva-ilfov-care-ar-fi-primit-spaga-un-teren-in-corbeanca\/#article","isPartOf":{"@id":"https:\/\/buletin.de\/bucuresti\/o-noua-amanare-in-dosarul-directorului-romsilva-ilfov-care-ar-fi-primit-spaga-un-teren-in-corbeanca\/"},"author":{"name":"C\u0103t\u0103lin Dosca\u0219","@id":"https:\/\/buletin.de\/bucuresti\/#\/schema\/person\/31117187ed4d0bdb0a4c7d6acc79d0f8"},"headline":"O nou\u0103 am\u00e2nare \u00een dosarul directorului Romsilva Ilfov care ar fi primit \u015fpag\u0103 un teren \u00een Corbeanca","datePublished":"2024-01-19T10:47:14+00:00","dateModified":"2024-01-19T10:47:15+00:00","mainEntityOfPage":{"@id":"https:\/\/buletin.de\/bucuresti\/o-noua-amanare-in-dosarul-directorului-romsilva-ilfov-care-ar-fi-primit-spaga-un-teren-in-corbeanca\/"},"wordCount":275,"publisher":{"@id":"https:\/\/buletin.de\/bucuresti\/#organization"},"image":{"@id":"https:\/\/buletin.de\/bucuresti\/o-noua-amanare-in-dosarul-directorului-romsilva-ilfov-care-ar-fi-primit-spaga-un-teren-in-corbeanca\/#primaryimage"},"thumbnailUrl":"https:\/\/buletin.de\/bucuresti\/wp-content\/uploads\/jwtvcqqjxh0.jpg","keywords":["corbeanca","director","dna","Ilfov","mita","romsilva","teren"],"articleSection":["Articole","Eveniment","Main"],"inLanguage":"en-GB","copyrightYear":"2024","copyrightHolder":{"@id":"https:\/\/buletin.de\/bucuresti\/#organization"}},{"@type":"WebPage","@id":"https:\/\/buletin.de\/bucuresti\/o-noua-amanare-in-dosarul-directorului-romsilva-ilfov-care-ar-fi-primit-spaga-un-teren-in-corbeanca\/","url":"https:\/\/buletin.de\/bucuresti\/o-noua-amanare-in-dosarul-directorului-romsilva-ilfov-care-ar-fi-primit-spaga-un-teren-in-corbeanca\/","name":"O nou\u0103 am\u00e2nare \u00een dosarul directorului Romsilva Ilfov care ar fi primit \u015fpag\u0103 un teren \u00een Corbeanca - Buletin de Bucure\u0219ti","isPartOf":{"@id":"https:\/\/buletin.de\/bucuresti\/#website"},"primaryImageOfPage":{"@id":"https:\/\/buletin.de\/bucuresti\/o-noua-amanare-in-dosarul-directorului-romsilva-ilfov-care-ar-fi-primit-spaga-un-teren-in-corbeanca\/#primaryimage"},"image":{"@id":"https:\/\/buletin.de\/bucuresti\/o-noua-amanare-in-dosarul-directorului-romsilva-ilfov-care-ar-fi-primit-spaga-un-teren-in-corbeanca\/#primaryimage"},"thumbnailUrl":"https:\/\/buletin.de\/bucuresti\/wp-content\/uploads\/jwtvcqqjxh0.jpg","datePublished":"2024-01-19T10:47:14+00:00","dateModified":"2024-01-19T10:47:15+00:00","breadcrumb":{"@id":"https:\/\/buletin.de\/bucuresti\/o-noua-amanare-in-dosarul-directorului-romsilva-ilfov-care-ar-fi-primit-spaga-un-teren-in-corbeanca\/#breadcrumb"},"inLanguage":"en-GB","potentialAction":[{"@type":"ReadAction","target":["https:\/\/buletin.de\/bucuresti\/o-noua-amanare-in-dosarul-directorului-romsilva-ilfov-care-ar-fi-primit-spaga-un-teren-in-corbeanca\/"]}]},{"@type":"ImageObject","inLanguage":"en-GB","@id":"https:\/\/buletin.de\/bucuresti\/o-noua-amanare-in-dosarul-directorului-romsilva-ilfov-care-ar-fi-primit-spaga-un-teren-in-corbeanca\/#primaryimage","url":"https:\/\/buletin.de\/bucuresti\/wp-content\/uploads\/jwtvcqqjxh0.jpg","contentUrl":"https:\/\/buletin.de\/bucuresti\/wp-content\/uploads\/jwtvcqqjxh0.jpg","width":1600,"height":1067,"caption":"landscape photography of woods"},{"@type":"BreadcrumbList","@id":"https:\/\/buletin.de\/bucuresti\/o-noua-amanare-in-dosarul-directorului-romsilva-ilfov-care-ar-fi-primit-spaga-un-teren-in-corbeanca\/#breadcrumb","itemListElement":[{"@type":"ListItem","position":1,"name":"Acas\u0103","item":"https:\/\/buletin.de\/bucuresti\/"},{"@type":"ListItem","position":2,"name":"O nou\u0103 am\u00e2nare \u00een dosarul directorului Romsilva Ilfov care ar fi primit \u015fpag\u0103 un teren \u00een Corbeanca"}]},{"@type":"WebSite","@id":"https:\/\/buletin.de\/bucuresti\/#website","url":"https:\/\/buletin.de\/bucuresti\/","name":"Buletin de Bucure\u0219ti","description":"\u0218tiri \u0219i investiga\u021bii esen\u021biale din capital\u0103","publisher":{"@id":"https:\/\/buletin.de\/bucuresti\/#organization"},"potentialAction":[{"@type":"SearchAction","target":{"@type":"EntryPoint","urlTemplate":"https:\/\/buletin.de\/bucuresti\/?s={search_term_string}"},"query-input":{"@type":"PropertyValueSpecification","valueRequired":true,"valueName":"search_term_string"}}],"inLanguage":"en-GB"},{"@type":"Organization","@id":"https:\/\/buletin.de\/bucuresti\/#organization","name":"Buletin de Bucure\u0219ti","url":"https:\/\/buletin.de\/bucuresti\/","logo":{"@type":"ImageObject","inLanguage":"en-GB","@id":"https:\/\/buletin.de\/bucuresti\/#\/schema\/logo\/image\/","url":"https:\/\/buletin.de\/bucuresti\/wp-content\/uploads\/logo-bdb-full-wide-vernil-transparent.png","contentUrl":"https:\/\/buletin.de\/bucuresti\/wp-content\/uploads\/logo-bdb-full-wide-vernil-transparent.png","width":1782,"height":626,"caption":"Buletin de Bucure\u0219ti"},"image":{"@id":"https:\/\/buletin.de\/bucuresti\/#\/schema\/logo\/image\/"},"sameAs":["https:\/\/www.facebook.com\/buletin.de.buc","https:\/\/www.instagram.com\/buletinde.bucuresti\/"]},{"@type":"Person","@id":"https:\/\/buletin.de\/bucuresti\/#\/schema\/person\/31117187ed4d0bdb0a4c7d6acc79d0f8","name":"C\u0103t\u0103lin Dosca\u0219","image":{"@type":"ImageObject","inLanguage":"en-GB","@id":"https:\/\/buletin.de\/bucuresti\/wp-content\/uploads\/Catalin-Doscas-e1732731064764-96x96.jpga93e2943bb3b1c1f9ead823df6e6317a","url":"https:\/\/buletin.de\/bucuresti\/wp-content\/uploads\/Catalin-Doscas-e1732731064764-96x96.jpg","contentUrl":"https:\/\/buletin.de\/bucuresti\/wp-content\/uploads\/Catalin-Doscas-e1732731064764-96x96.jpg","caption":"C\u0103t\u0103lin Dosca\u0219"},"description":"Reporter \u0219i redactor-\u0219ef Buletin de Bucure\u0219ti. Lucreaz\u0103 \u00een mass-media de la v\u00e2rsta de 15 ani, c\u00e2nd a publicat primele articole \u00een presa local\u0103 din Tecuci. \u00cen Bucure\u0219ti a lucrat \u00een redac\u021bii radio ca reporter, redactor \u0219i prezentator (StudentFM, Na\u021bionalFM, Radio Total, Smart FM), unde a acoperit domeniile politic, economic, social \u0219i externe. Ulterior, a fost editor-coordonator al postului Realitatea FM. Experien\u021ba \u00een jurnalismul online a dob\u00e2ndit-o la portalul B365.ro, unde a fost editor. \u00cen 2012 s-a angajat \u00een televiziune. La Realitatea TV a fost, pe r\u00e2nd, reporter la sec\u021bia Social, reporter special la emisiunea de reportaje \u0219i anchete \u201eReporterii Realit\u0103\u021bii\u201d, dar \u0219i editor al jurnalelor de \u0219tiri. Ulterior, a f\u0103cut parte din sec\u021bia de Investiga\u021bii de la Digi24 \u0219i a lucrat la campania \u201eRom\u00e2nia furat\u0103\u201d. A revenit \u00een presa scris\u0103 \u00een 2017, ca reporter special, \u00een cadrul unui proiect de repozi\u021bionare a tabloidului Libertatea \u00een cotidian generalist. Este jurnalist Buletin de Bucure\u0219ti din 2019.","url":"https:\/\/buletin.de\/bucuresti\/author\/catalin\/"}]}},"authors":[{"term_id":22575,"user_id":10,"is_guest":0,"slug":"catalin","display_name":"C\u0103t\u0103lin Dosca\u0219","avatar_url":"https:\/\/buletin.de\/bucuresti\/wp-content\/uploads\/Catalin-Doscas-e1732731064764-96x96.jpg","0":null,"1":"","2":"","3":"","4":"","5":"","6":"","7":"","8":""}],"_links":{"self":[{"href":"https:\/\/buletin.de\/bucuresti\/wp-json\/wp\/v2\/posts\/74951","targetHints":{"allow":["GET"]}}],"collection":[{"href":"https:\/\/buletin.de\/bucuresti\/wp-json\/wp\/v2\/posts"}],"about":[{"href":"https:\/\/buletin.de\/bucuresti\/wp-json\/wp\/v2\/types\/post"}],"author":[{"embeddable":true,"href":"https:\/\/buletin.de\/bucuresti\/wp-json\/wp\/v2\/users\/10"}],"replies":[{"embeddable":true,"href":"https:\/\/buletin.de\/bucuresti\/wp-json\/wp\/v2\/comments?post=74951"}],"version-history":[{"count":3,"href":"https:\/\/buletin.de\/bucuresti\/wp-json\/wp\/v2\/posts\/74951\/revisions"}],"predecessor-version":[{"id":74962,"href":"https:\/\/buletin.de\/bucuresti\/wp-json\/wp\/v2\/posts\/74951\/revisions\/74962"}],"wp:featuredmedia":[{"embeddable":true,"href":"https:\/\/buletin.de\/bucuresti\/wp-json\/wp\/v2\/media\/74953"}],"wp:attachment":[{"href":"https:\/\/buletin.de\/bucuresti\/wp-json\/wp\/v2\/media?parent=74951"}],"wp:term":[{"taxonomy":"category","embeddable":true,"href":"https:\/\/buletin.de\/bucuresti\/wp-json\/wp\/v2\/categories?post=74951"},{"taxonomy":"post_tag","embeddable":true,"href":"https:\/\/buletin.de\/bucuresti\/wp-json\/wp\/v2\/tags?post=74951"},{"taxonomy":"author","embeddable":true,"href":"https:\/\/buletin.de\/bucuresti\/wp-json\/wp\/v2\/ppma_author?post=74951"}],"curies":[{"name":"wp","href":"https:\/\/api.w.org\/{rel}","templated":true}]}}