{"id":74868,"date":"2024-01-29T00:15:31","date_gmt":"2024-01-28T22:15:31","guid":{"rendered":"https:\/\/buletin.de\/bucuresti\/?p=74868"},"modified":"2024-01-29T06:54:47","modified_gmt":"2024-01-29T04:54:47","slug":"noi-personalitati-la-cimitirul-bellu-vila-de-apoi-a-fostului-primar-videanu-construita-in-locul-rampei-de-gunoi","status":"publish","type":"post","link":"https:\/\/buletin.de\/bucuresti\/noi-personalitati-la-cimitirul-bellu-vila-de-apoi-a-fostului-primar-videanu-construita-in-locul-rampei-de-gunoi\/","title":{"rendered":"Noi personalit\u0103\u021bi la Cimitirul Bellu: \u201eVila de Apoi\u201d a fostului primar Videanu, construit\u0103 \u00een locul rampei de gunoi"},"content":{"rendered":"\n<p><strong>Fostul primar general al Capitalei, Adriean Videanu, a ob\u021binut un loc de veci \u00een cap\u0103tul aleii principale din Cimitirul Bellu. Dac\u0103, \u00een trecut, \u00een locul respectiv, era o ramp\u0103 de gunoi, \u00een acest moment, printre de\u0219euri \u201etroneaz\u0103\u201d un mini-mausoleu dedicat familiei Videanu. Construc\u021bia a fost autorizat\u0103 de Prim\u0103ria Municipiului Bucure\u0219ti, \u00een timpul mandatului Gabrielei Firea.<\/strong><\/p>\n\n\n\n<p>Odat\u0103 intra\u021bi pe por\u021bile cimitirului \u201e\u0218erban Vod\u0103\u201d, cei care vor s\u0103 viziteze pe l\u00e2ng\u0103 mormintele lui Mihai Eminescu sau a lui Ion Luca Caragiale \u0219i cavoul familiei Videanu trebuie s\u0103 mearg\u0103 drept pe aleea principal\u0103 p\u00e2n\u0103 la capel\u0103. Ocolind u\u0219or construc\u021bia prin dreapta \u0219i merg\u00e2nd tot \u00een fa\u021b\u0103, drumul cimentat se termin\u0103 pur \u0219i simplu \u00eentr-o alee de p\u00e2m\u00e2nt. \u00cen fa\u021ba \u201ecastelului\u201c, momentan, nu exist\u0103 niciun alt morm\u00e2nt, ci doar o balt\u0103 cu noroi, acoperit\u0103 \u00een mare parte de gunoaie: candele folosite, sticle de plastic, frunze uscate sau coroane ofilite. <\/p>\n\n\n\n<figure class=\"wp-block-gallery has-nested-images columns-default is-cropped wp-block-gallery-1 is-layout-flex wp-block-gallery-is-layout-flex\">\n<figure class=\"wp-block-image size-large\"><img fetchpriority=\"high\" decoding=\"async\" width=\"675\" height=\"900\" data-id=\"74914\" src=\"data:image\/gif;base64,R0lGODlhAQABAAAAACH5BAEKAAEALAAAAAABAAEAAAICTAEAOw==\" data-src=\"https:\/\/buletin.de\/bucuresti\/wp-content\/uploads\/IMG-20240119-WA0018-675x900.jpg\" alt=\"\" class=\"wp-image-74914 lazyload\" data-sizes=\"auto\" data-srcset=\"https:\/\/buletin.de\/bucuresti\/wp-content\/uploads\/IMG-20240119-WA0018-675x900.jpg 675w, https:\/\/buletin.de\/bucuresti\/wp-content\/uploads\/IMG-20240119-WA0018-225x300.jpg 225w, https:\/\/buletin.de\/bucuresti\/wp-content\/uploads\/IMG-20240119-WA0018-768x1024.jpg 768w, https:\/\/buletin.de\/bucuresti\/wp-content\/uploads\/IMG-20240119-WA0018-1152x1536.jpg 1152w, https:\/\/buletin.de\/bucuresti\/wp-content\/uploads\/IMG-20240119-WA0018-1100x1467.jpg 1100w, https:\/\/buletin.de\/bucuresti\/wp-content\/uploads\/IMG-20240119-WA0018-600x800.jpg 600w, https:\/\/buletin.de\/bucuresti\/wp-content\/uploads\/IMG-20240119-WA0018-20x27.jpg 20w, https:\/\/buletin.de\/bucuresti\/wp-content\/uploads\/IMG-20240119-WA0018.jpg 1536w\" sizes=\"(max-width: 675px) 100vw, 675px\" \/><\/figure>\n\n\n\n<figure class=\"wp-block-image size-large\"><img decoding=\"async\" width=\"900\" height=\"675\" data-id=\"74917\" src=\"data:image\/gif;base64,R0lGODlhAQABAAAAACH5BAEKAAEALAAAAAABAAEAAAICTAEAOw==\" data-src=\"https:\/\/buletin.de\/bucuresti\/wp-content\/uploads\/IMG-20240119-WA0005-1-900x675.jpg\" alt=\"\" class=\"wp-image-74917 lazyload\" data-sizes=\"auto\" data-srcset=\"https:\/\/buletin.de\/bucuresti\/wp-content\/uploads\/IMG-20240119-WA0005-1-900x675.jpg 900w, https:\/\/buletin.de\/bucuresti\/wp-content\/uploads\/IMG-20240119-WA0005-1-300x225.jpg 300w, https:\/\/buletin.de\/bucuresti\/wp-content\/uploads\/IMG-20240119-WA0005-1-768x576.jpg 768w, https:\/\/buletin.de\/bucuresti\/wp-content\/uploads\/IMG-20240119-WA0005-1-1536x1152.jpg 1536w, https:\/\/buletin.de\/bucuresti\/wp-content\/uploads\/IMG-20240119-WA0005-1-1600x1200.jpg 1600w, https:\/\/buletin.de\/bucuresti\/wp-content\/uploads\/IMG-20240119-WA0005-1-1100x825.jpg 1100w, https:\/\/buletin.de\/bucuresti\/wp-content\/uploads\/IMG-20240119-WA0005-1-600x450.jpg 600w, https:\/\/buletin.de\/bucuresti\/wp-content\/uploads\/IMG-20240119-WA0005-1-20x15.jpg 20w, https:\/\/buletin.de\/bucuresti\/wp-content\/uploads\/IMG-20240119-WA0005-1.jpg 2048w\" sizes=\"(max-width: 900px) 100vw, 900px\" \/><\/figure>\n\n\n\n<figure class=\"wp-block-image size-large\"><img decoding=\"async\" width=\"675\" height=\"900\" data-id=\"74913\" src=\"data:image\/gif;base64,R0lGODlhAQABAAAAACH5BAEKAAEALAAAAAABAAEAAAICTAEAOw==\" data-src=\"https:\/\/buletin.de\/bucuresti\/wp-content\/uploads\/IMG-20240119-WA0013-675x900.jpg\" alt=\"\" class=\"wp-image-74913 lazyload\" data-sizes=\"auto\" data-srcset=\"https:\/\/buletin.de\/bucuresti\/wp-content\/uploads\/IMG-20240119-WA0013-675x900.jpg 675w, https:\/\/buletin.de\/bucuresti\/wp-content\/uploads\/IMG-20240119-WA0013-225x300.jpg 225w, https:\/\/buletin.de\/bucuresti\/wp-content\/uploads\/IMG-20240119-WA0013-768x1024.jpg 768w, https:\/\/buletin.de\/bucuresti\/wp-content\/uploads\/IMG-20240119-WA0013-1152x1536.jpg 1152w, https:\/\/buletin.de\/bucuresti\/wp-content\/uploads\/IMG-20240119-WA0013-1100x1467.jpg 1100w, https:\/\/buletin.de\/bucuresti\/wp-content\/uploads\/IMG-20240119-WA0013-600x800.jpg 600w, https:\/\/buletin.de\/bucuresti\/wp-content\/uploads\/IMG-20240119-WA0013-20x27.jpg 20w, https:\/\/buletin.de\/bucuresti\/wp-content\/uploads\/IMG-20240119-WA0013.jpg 1536w\" sizes=\"(max-width: 675px) 100vw, 675px\" \/><\/figure>\n\n\n\n<figure class=\"wp-block-image size-large\"><img loading=\"lazy\" decoding=\"async\" width=\"675\" height=\"900\" data-id=\"74915\" src=\"data:image\/gif;base64,R0lGODlhAQABAAAAACH5BAEKAAEALAAAAAABAAEAAAICTAEAOw==\" data-src=\"https:\/\/buletin.de\/bucuresti\/wp-content\/uploads\/IMG-20240119-WA0012-675x900.jpg\" alt=\"\" class=\"wp-image-74915 lazyload\" data-sizes=\"auto\" data-srcset=\"https:\/\/buletin.de\/bucuresti\/wp-content\/uploads\/IMG-20240119-WA0012-675x900.jpg 675w, https:\/\/buletin.de\/bucuresti\/wp-content\/uploads\/IMG-20240119-WA0012-225x300.jpg 225w, https:\/\/buletin.de\/bucuresti\/wp-content\/uploads\/IMG-20240119-WA0012-768x1024.jpg 768w, https:\/\/buletin.de\/bucuresti\/wp-content\/uploads\/IMG-20240119-WA0012-1152x1536.jpg 1152w, https:\/\/buletin.de\/bucuresti\/wp-content\/uploads\/IMG-20240119-WA0012-1100x1467.jpg 1100w, https:\/\/buletin.de\/bucuresti\/wp-content\/uploads\/IMG-20240119-WA0012-600x800.jpg 600w, https:\/\/buletin.de\/bucuresti\/wp-content\/uploads\/IMG-20240119-WA0012-20x27.jpg 20w, https:\/\/buletin.de\/bucuresti\/wp-content\/uploads\/IMG-20240119-WA0012.jpg 1536w\" sizes=\"(max-width: 675px) 100vw, 675px\" \/><\/figure>\n<\/figure>\n\n\n\n<p>Cripta fostului primar general este o construc\u021bie de propor\u021bii mari, \u00een compara\u021bie cu cele din jur. U\u0219a arcuit\u0103 este \u00eencadrat\u0103 de dou\u0103 coloane dorice, \u201estr\u0103juite\u201d la r\u00e2ndul lor de dou\u0103 urne decorative. Pere\u021bii laterali au c\u00e2te o cruce alb\u0103, pe c\u00e2nd cel din spate \u00eencorporeaz\u0103 un vitraliu asem\u0103n\u0103tor intr\u0103rii. De jur \u00eemprejur, la temelie, este pres\u0103rat\u0103 marmur\u0103 spart\u0103. Nici urm\u0103 de vreo bordur\u0103. Totul, sub un acoperi\u015f ar\u0103miu.<\/p>\n\n\n\n<p>C\u00e2t despre inscrip\u021biile mausoleului, al\u0103turi de numele familiei, scris cu majuscule de culoarea bronzului, este inserat \u0219i un verset din Biblie: <em>\u201eCrede \u00een Domnul Iisus \u0219i vei fi m\u00e2ntuit, tu \u0219i casa ta!\u201d<\/em> (Faptele Apostolilor, 16:31).<\/p>\n\n\n\n<figure class=\"wp-block-gallery has-nested-images columns-default is-cropped wp-block-gallery-2 is-layout-flex wp-block-gallery-is-layout-flex\">\n<figure class=\"wp-block-image size-large\"><img loading=\"lazy\" decoding=\"async\" width=\"675\" height=\"900\" data-id=\"74918\" src=\"data:image\/gif;base64,R0lGODlhAQABAAAAACH5BAEKAAEALAAAAAABAAEAAAICTAEAOw==\" data-src=\"https:\/\/buletin.de\/bucuresti\/wp-content\/uploads\/IMG-20240119-WA0009-675x900.jpg\" alt=\"\" class=\"wp-image-74918 lazyload\" data-sizes=\"auto\" data-srcset=\"https:\/\/buletin.de\/bucuresti\/wp-content\/uploads\/IMG-20240119-WA0009-675x900.jpg 675w, https:\/\/buletin.de\/bucuresti\/wp-content\/uploads\/IMG-20240119-WA0009-225x300.jpg 225w, https:\/\/buletin.de\/bucuresti\/wp-content\/uploads\/IMG-20240119-WA0009-768x1024.jpg 768w, https:\/\/buletin.de\/bucuresti\/wp-content\/uploads\/IMG-20240119-WA0009-1152x1536.jpg 1152w, https:\/\/buletin.de\/bucuresti\/wp-content\/uploads\/IMG-20240119-WA0009-1100x1467.jpg 1100w, https:\/\/buletin.de\/bucuresti\/wp-content\/uploads\/IMG-20240119-WA0009-600x800.jpg 600w, https:\/\/buletin.de\/bucuresti\/wp-content\/uploads\/IMG-20240119-WA0009-20x27.jpg 20w, https:\/\/buletin.de\/bucuresti\/wp-content\/uploads\/IMG-20240119-WA0009.jpg 1536w\" sizes=\"(max-width: 675px) 100vw, 675px\" \/><\/figure>\n\n\n\n<figure class=\"wp-block-image size-large\"><img loading=\"lazy\" decoding=\"async\" width=\"900\" height=\"675\" data-id=\"74919\" src=\"data:image\/gif;base64,R0lGODlhAQABAAAAACH5BAEKAAEALAAAAAABAAEAAAICTAEAOw==\" data-src=\"https:\/\/buletin.de\/bucuresti\/wp-content\/uploads\/IMG-20240119-WA0015-900x675.jpg\" alt=\"\" class=\"wp-image-74919 lazyload\" data-sizes=\"auto\" data-srcset=\"https:\/\/buletin.de\/bucuresti\/wp-content\/uploads\/IMG-20240119-WA0015-900x675.jpg 900w, https:\/\/buletin.de\/bucuresti\/wp-content\/uploads\/IMG-20240119-WA0015-300x225.jpg 300w, https:\/\/buletin.de\/bucuresti\/wp-content\/uploads\/IMG-20240119-WA0015-768x576.jpg 768w, https:\/\/buletin.de\/bucuresti\/wp-content\/uploads\/IMG-20240119-WA0015-1536x1152.jpg 1536w, https:\/\/buletin.de\/bucuresti\/wp-content\/uploads\/IMG-20240119-WA0015-1600x1200.jpg 1600w, https:\/\/buletin.de\/bucuresti\/wp-content\/uploads\/IMG-20240119-WA0015-1100x825.jpg 1100w, https:\/\/buletin.de\/bucuresti\/wp-content\/uploads\/IMG-20240119-WA0015-600x450.jpg 600w, https:\/\/buletin.de\/bucuresti\/wp-content\/uploads\/IMG-20240119-WA0015-20x15.jpg 20w, https:\/\/buletin.de\/bucuresti\/wp-content\/uploads\/IMG-20240119-WA0015.jpg 2048w\" sizes=\"(max-width: 900px) 100vw, 900px\" \/><\/figure>\n\n\n\n<figure class=\"wp-block-image size-large\"><img loading=\"lazy\" decoding=\"async\" width=\"675\" height=\"900\" data-id=\"74920\" src=\"data:image\/gif;base64,R0lGODlhAQABAAAAACH5BAEKAAEALAAAAAABAAEAAAICTAEAOw==\" data-src=\"https:\/\/buletin.de\/bucuresti\/wp-content\/uploads\/IMG-20240119-WA0017-675x900.jpg\" alt=\"\" class=\"wp-image-74920 lazyload\" data-sizes=\"auto\" data-srcset=\"https:\/\/buletin.de\/bucuresti\/wp-content\/uploads\/IMG-20240119-WA0017-675x900.jpg 675w, https:\/\/buletin.de\/bucuresti\/wp-content\/uploads\/IMG-20240119-WA0017-225x300.jpg 225w, https:\/\/buletin.de\/bucuresti\/wp-content\/uploads\/IMG-20240119-WA0017-768x1024.jpg 768w, https:\/\/buletin.de\/bucuresti\/wp-content\/uploads\/IMG-20240119-WA0017-1152x1536.jpg 1152w, https:\/\/buletin.de\/bucuresti\/wp-content\/uploads\/IMG-20240119-WA0017-1100x1467.jpg 1100w, https:\/\/buletin.de\/bucuresti\/wp-content\/uploads\/IMG-20240119-WA0017-600x800.jpg 600w, https:\/\/buletin.de\/bucuresti\/wp-content\/uploads\/IMG-20240119-WA0017-20x27.jpg 20w, https:\/\/buletin.de\/bucuresti\/wp-content\/uploads\/IMG-20240119-WA0017.jpg 1536w\" sizes=\"(max-width: 675px) 100vw, 675px\" \/><\/figure>\n<\/figure>\n\n\n\n<p>Construc\u021bia este relativ recent\u0103, fiind finalizat\u0103 \u00een vara anului trecut, potrivit angaja\u021bilor cimitirului. Din aceast\u0103 cauz\u0103, albul ne\u00eentinat al cavoului se poate distinge cu u\u0219urin\u021b\u0103 de celelalte monumente funerare, p\u0103tate de trecerea timpului \u0219i lipsa lucr\u0103rilor de \u00eentre\u021binere.<\/p>\n\n\n\n<p>Majoritatea construc\u021biilor funerare se afl\u0103 \u00eentr-o avansat\u0103 stare de degradare, fie deja acoperite de vegeta\u021bie, fie ascunse sub prelate impermeabile \u00eentr-o ultim\u0103 \u00eencercare de a le conserva.<\/p>\n\n\n\n<figure class=\"wp-block-gallery has-nested-images columns-default is-cropped wp-block-gallery-3 is-layout-flex wp-block-gallery-is-layout-flex\">\n<figure class=\"wp-block-image size-large\"><img loading=\"lazy\" decoding=\"async\" width=\"900\" height=\"675\" data-id=\"74967\" src=\"data:image\/gif;base64,R0lGODlhAQABAAAAACH5BAEKAAEALAAAAAABAAEAAAICTAEAOw==\" data-src=\"https:\/\/buletin.de\/bucuresti\/wp-content\/uploads\/Bellu-cavou-acoperit-de-iedera-900x675.jpg\" alt=\"\" class=\"wp-image-74967 lazyload\" data-sizes=\"auto\" data-srcset=\"https:\/\/buletin.de\/bucuresti\/wp-content\/uploads\/Bellu-cavou-acoperit-de-iedera-900x675.jpg 900w, https:\/\/buletin.de\/bucuresti\/wp-content\/uploads\/Bellu-cavou-acoperit-de-iedera-300x225.jpg 300w, https:\/\/buletin.de\/bucuresti\/wp-content\/uploads\/Bellu-cavou-acoperit-de-iedera-768x576.jpg 768w, https:\/\/buletin.de\/bucuresti\/wp-content\/uploads\/Bellu-cavou-acoperit-de-iedera-600x450.jpg 600w, https:\/\/buletin.de\/bucuresti\/wp-content\/uploads\/Bellu-cavou-acoperit-de-iedera-20x15.jpg 20w, https:\/\/buletin.de\/bucuresti\/wp-content\/uploads\/Bellu-cavou-acoperit-de-iedera.jpg 1024w\" sizes=\"(max-width: 900px) 100vw, 900px\" \/><\/figure>\n\n\n\n<figure class=\"wp-block-image size-large\"><img loading=\"lazy\" decoding=\"async\" width=\"900\" height=\"675\" data-id=\"74968\" src=\"data:image\/gif;base64,R0lGODlhAQABAAAAACH5BAEKAAEALAAAAAABAAEAAAICTAEAOw==\" data-src=\"https:\/\/buletin.de\/bucuresti\/wp-content\/uploads\/Cruci-Bellu-900x675.jpg\" alt=\"\" class=\"wp-image-74968 lazyload\" data-sizes=\"auto\" data-srcset=\"https:\/\/buletin.de\/bucuresti\/wp-content\/uploads\/Cruci-Bellu-900x675.jpg 900w, https:\/\/buletin.de\/bucuresti\/wp-content\/uploads\/Cruci-Bellu-300x225.jpg 300w, https:\/\/buletin.de\/bucuresti\/wp-content\/uploads\/Cruci-Bellu-768x576.jpg 768w, https:\/\/buletin.de\/bucuresti\/wp-content\/uploads\/Cruci-Bellu-600x450.jpg 600w, https:\/\/buletin.de\/bucuresti\/wp-content\/uploads\/Cruci-Bellu-20x15.jpg 20w, https:\/\/buletin.de\/bucuresti\/wp-content\/uploads\/Cruci-Bellu.jpg 1024w\" sizes=\"(max-width: 900px) 100vw, 900px\" \/><\/figure>\n<\/figure>\n\n\n\n<p>Construc\u021bia a fost aprobat\u0103 \u00een februarie 2020 de Prim\u0103ria General\u0103 a Capitalei, \u00een timpul mandatului Gabrielei Firea, potrivit unui r\u0103spuns furnizat de Administra\u021bia Cimitirelor \u0219i Crematoriilor Umane la solicitarea reporterilor Buletin de Bucure\u0219ti. <\/p>\n\n\n\n<figure class=\"wp-block-image size-large\"><img loading=\"lazy\" decoding=\"async\" width=\"900\" height=\"558\" src=\"data:image\/gif;base64,R0lGODlhAQABAAAAACH5BAEKAAEALAAAAAABAAEAAAICTAEAOw==\" data-src=\"https:\/\/buletin.de\/bucuresti\/wp-content\/uploads\/captura-rapsuns-900x558.jpg\" alt=\"\" class=\"wp-image-75723 lazyload\" data-sizes=\"auto\" data-srcset=\"https:\/\/buletin.de\/bucuresti\/wp-content\/uploads\/captura-rapsuns-900x558.jpg 900w, https:\/\/buletin.de\/bucuresti\/wp-content\/uploads\/captura-rapsuns-300x186.jpg 300w, https:\/\/buletin.de\/bucuresti\/wp-content\/uploads\/captura-rapsuns-768x476.jpg 768w, https:\/\/buletin.de\/bucuresti\/wp-content\/uploads\/captura-rapsuns-1100x682.jpg 1100w, https:\/\/buletin.de\/bucuresti\/wp-content\/uploads\/captura-rapsuns-600x372.jpg 600w, https:\/\/buletin.de\/bucuresti\/wp-content\/uploads\/captura-rapsuns-20x12.jpg 20w, https:\/\/buletin.de\/bucuresti\/wp-content\/uploads\/captura-rapsuns.jpg 1427w\" sizes=\"(max-width: 900px) 100vw, 900px\" \/><\/figure>\n\n\n\n<p>\u00cen 2021, au fost publicate primele fotografii cu funda\u021bia cavoului. Ulterior, \u00een pres\u0103 a ap\u0103rut informa\u021bia potrivit c\u0103reia<a href=\"https:\/\/www.antena3.ro\/actualitate\/adriean-videanu-vila-subterana-cimitir-bellu-604932.html\"> mausoleul ar avea 14 locuri<\/a>.<\/p>\n\n\n\n<figure class=\"wp-block-gallery has-nested-images columns-default is-cropped wp-block-gallery-4 is-layout-flex wp-block-gallery-is-layout-flex\">\n<figure class=\"wp-block-image size-large\"><img loading=\"lazy\" decoding=\"async\" width=\"675\" height=\"900\" data-id=\"74979\" src=\"data:image\/gif;base64,R0lGODlhAQABAAAAACH5BAEKAAEALAAAAAABAAEAAAICTAEAOw==\" data-src=\"https:\/\/buletin.de\/bucuresti\/wp-content\/uploads\/Fundatie-Videanu-675x900.jpg\" alt=\"\" class=\"wp-image-74979 lazyload\" data-sizes=\"auto\" data-srcset=\"https:\/\/buletin.de\/bucuresti\/wp-content\/uploads\/Fundatie-Videanu-675x900.jpg 675w, https:\/\/buletin.de\/bucuresti\/wp-content\/uploads\/Fundatie-Videanu-225x300.jpg 225w, https:\/\/buletin.de\/bucuresti\/wp-content\/uploads\/Fundatie-Videanu-600x800.jpg 600w, https:\/\/buletin.de\/bucuresti\/wp-content\/uploads\/Fundatie-Videanu-20x27.jpg 20w, https:\/\/buletin.de\/bucuresti\/wp-content\/uploads\/Fundatie-Videanu.jpg 720w\" sizes=\"(max-width: 675px) 100vw, 675px\" \/><figcaption class=\"wp-element-caption\">FOTO: FB\/ Cristian Vasilcoiu<\/figcaption><\/figure>\n\n\n\n<figure class=\"wp-block-image size-large\"><img loading=\"lazy\" decoding=\"async\" width=\"675\" height=\"900\" data-id=\"74980\" src=\"data:image\/gif;base64,R0lGODlhAQABAAAAACH5BAEKAAEALAAAAAABAAEAAAICTAEAOw==\" data-src=\"https:\/\/buletin.de\/bucuresti\/wp-content\/uploads\/Videanu-675x900.jpg\" alt=\"\" class=\"wp-image-74980 lazyload\" data-sizes=\"auto\" data-srcset=\"https:\/\/buletin.de\/bucuresti\/wp-content\/uploads\/Videanu-675x900.jpg 675w, https:\/\/buletin.de\/bucuresti\/wp-content\/uploads\/Videanu-225x300.jpg 225w, https:\/\/buletin.de\/bucuresti\/wp-content\/uploads\/Videanu-600x800.jpg 600w, https:\/\/buletin.de\/bucuresti\/wp-content\/uploads\/Videanu-20x27.jpg 20w, https:\/\/buletin.de\/bucuresti\/wp-content\/uploads\/Videanu.jpg 720w\" sizes=\"(max-width: 675px) 100vw, 675px\" \/><figcaption class=\"wp-element-caption\">FOTO: FB\/ Cristian Vasilcoiu<\/figcaption><\/figure>\n<\/figure>\n\n\n\n<p>Reporterii Buletin de Bucure\u0219ti au \u00eencercat s\u0103-l contacteze \u00een repetate r\u00e2nduri pe fostul primar al Capitalei, Adriean Videanu, pentru a afla mai multe detalii despre cum a reu\u0219it s\u0103 \u00eentre \u00een posesia locului de vechi dar \u0219i cu privire la investi\u021bia \u00een cavoul familiei sale, \u00eens\u0103 f\u0103r\u0103 rezultat.<\/p>\n\n\n\n<figure class=\"wp-block-image size-large\"><img loading=\"lazy\" decoding=\"async\" width=\"900\" height=\"598\" src=\"data:image\/gif;base64,R0lGODlhAQABAAAAACH5BAEKAAEALAAAAAABAAEAAAICTAEAOw==\" data-src=\"https:\/\/buletin.de\/bucuresti\/wp-content\/uploads\/Colaj-Capturi-de-ecran-Whatsapp-2-900x598.png\" alt=\"\" class=\"wp-image-75711 lazyload\" data-sizes=\"auto\" data-srcset=\"https:\/\/buletin.de\/bucuresti\/wp-content\/uploads\/Colaj-Capturi-de-ecran-Whatsapp-2-900x598.png 900w, https:\/\/buletin.de\/bucuresti\/wp-content\/uploads\/Colaj-Capturi-de-ecran-Whatsapp-2-300x199.png 300w, https:\/\/buletin.de\/bucuresti\/wp-content\/uploads\/Colaj-Capturi-de-ecran-Whatsapp-2-768x511.png 768w, https:\/\/buletin.de\/bucuresti\/wp-content\/uploads\/Colaj-Capturi-de-ecran-Whatsapp-2-600x399.png 600w, https:\/\/buletin.de\/bucuresti\/wp-content\/uploads\/Colaj-Capturi-de-ecran-Whatsapp-2-20x13.png 20w, https:\/\/buletin.de\/bucuresti\/wp-content\/uploads\/Colaj-Capturi-de-ecran-Whatsapp-2.png 940w\" sizes=\"(max-width: 900px) 100vw, 900px\" \/><\/figure>\n\n\n\n<h2 class=\"wp-block-heading\">Chichi\u021bele legislative din \u201ecimitirul VIP\u201c<\/h2>\n\n\n\n<p>Locurile de \u00eenmorm\u00e2ntare pot fi concesionate at\u00e2t pe o durat\u0103 limitat\u0103 (7 sau 25 ani), c\u00e2t \u0219i pe termen nelimitat (locuri de veci), \u00een baza unor taxe ce difer\u0103 \u00een func\u021bie de categoria cimitirului. <\/p>\n\n\n\n<p>At\u00e2t locurile concesionate pe 25 ani, c\u00e2t \u0219i cele de veci se pot transmite doar prin <strong>dona\u021bie sau mo\u0219tenire<\/strong>. Prin urmare, conform legii, locurile de veci din cimitirele publice nu pot fi v\u00e2ndute, ci doar concesionate, Statul Rom\u00e2n av\u00e2nd \u00een permanen\u021b\u0103 calitatea de concedent.<\/p>\n\n\n\n<figure class=\"wp-block-image size-large\"><img loading=\"lazy\" decoding=\"async\" width=\"900\" height=\"506\" src=\"data:image\/gif;base64,R0lGODlhAQABAAAAACH5BAEKAAEALAAAAAABAAEAAAICTAEAOw==\" data-src=\"https:\/\/buletin.de\/bucuresti\/wp-content\/uploads\/1-36-900x506.jpg\" alt=\"\" class=\"wp-image-75726 lazyload\" data-sizes=\"auto\" data-srcset=\"https:\/\/buletin.de\/bucuresti\/wp-content\/uploads\/1-36-900x506.jpg 900w, https:\/\/buletin.de\/bucuresti\/wp-content\/uploads\/1-36-300x169.jpg 300w, https:\/\/buletin.de\/bucuresti\/wp-content\/uploads\/1-36-768x432.jpg 768w, https:\/\/buletin.de\/bucuresti\/wp-content\/uploads\/1-36-1536x864.jpg 1536w, https:\/\/buletin.de\/bucuresti\/wp-content\/uploads\/1-36-1100x619.jpg 1100w, https:\/\/buletin.de\/bucuresti\/wp-content\/uploads\/1-36-600x338.jpg 600w, https:\/\/buletin.de\/bucuresti\/wp-content\/uploads\/1-36-20x11.jpg 20w, https:\/\/buletin.de\/bucuresti\/wp-content\/uploads\/1-36.jpg 1600w\" sizes=\"(max-width: 900px) 100vw, 900px\" \/><\/figure>\n\n\n\n<p>Totu\u0219i, persoanele care \u00ee\u0219i doresc cu \u00eenver\u0219unare un loc de veci al\u0103turi de personalit\u0103\u021bi celebre precum Mihai Eminescu sau Henri Coand\u0103 au g\u0103sit o \u201eporti\u021b\u0103 de sc\u0103pare\u201d &#8211; dona\u021bia la notar. Problema pie\u021bei negre a locurilor de veci este cunoscut\u0103 de ani de zile. \u00cenc\u0103 din 2009, Directorul Administra\u021biei Cimitirelor \u0219i Crematoriilor Umane de la acea vreme, Bogdan T\u0103nase, declara pentru HotNews:<\/p>\n\n\n\n<blockquote class=\"wp-block-quote is-layout-flow wp-block-quote-is-layout-flow\">\n<p class=\"has-medium-font-size\">&nbsp;\u201cCei care au \u00een concesiune un loc de veci, \u00eel doneaz\u0103 contracost, fiindc\u0103 oficial nu se poate vinde. Noi cunoa\u0219tem aceste lucruri, dar nu avem ce face deoarece, conform Codului Civil omul \u00ee\u0219i poate dona dreptul de folosin\u021b\u0103. Ca asta se face pe ni\u0219te sume imense, nu avem ce face (&#8230;)<\/p>\n<cite>Bogdan Peter T\u0103nase, Directorul ACCU \u00een 2009<\/cite><\/blockquote>\n\n\n\n<p>Printr-o astfel de dona\u021bie a reu\u0219it \u0219i Marian Vanghelie, fostul primar al Sectorului 5, s\u0103 \u00ee\u0219i \u00eengroape rudele \u00een cripta generalului Lahovary, realizat\u0103 de celebrul arhitect Ion Mincu.<\/p>\n\n\n\n<p><strong><em>\u201eCronologia furtului\u201d<\/em>, reconstituit\u0103 de <a href=\"https:\/\/adevarul.ro\/stiri-interne\/evenimente\/dosarul-lui-vanghelie-ingropat-de-procurori-la-1176890.html\">Adev\u0103rul<\/a>:<\/strong><\/p>\n\n\n\n<div class=\"wp-block-group\"><div class=\"wp-block-group__inner-container is-layout-constrained wp-block-group-is-layout-constrained\">\n<ul class=\"wp-block-list\">\n<li>&nbsp;<em>9 iulie 2003 -Nicolae Cristea cere \u00een scris Administra\u0163iei Cimitirelor, condus\u0103 de Radu Dumitru, s\u0103-i fie concesionat cavoul familiei Lahovary, ,,\u00eentruc\u00e2t este unic mo\u015ftenitor al Elenei Ioana Roznoveanu&#8221; (unica mo\u015ftenitoare a generalului Iacob Lahovary, care, la 16 iunie 1950, a primit \u00een concesiune mormintele familiei \u00een baza unei hot\u0103r\u00e2ri judec\u0103tore\u015fti).<\/em><\/li>\n<\/ul>\n\n\n\n<ul class=\"wp-block-list\">\n<li><em>\u00cen aceea\u0219i zi, de\u015fi nu ata\u015feaz\u0103 cererii sale niciun document care s\u0103 ateste c\u0103 ar avea vreo leg\u0103tur\u0103 cu familia generalului Lahovary, \u015feful ADP sector 5 prime\u015fte mausoleul.<\/em><\/li>\n<\/ul>\n\n\n\n<ul class=\"wp-block-list\">\n<li><em>La 17 iulie 2008, Cristea \u00eei doneaz\u0103 locurile de veci lui Sorin Niculae, v\u0103rul lui Marian Vanghelie.<\/em><\/li>\n<\/ul>\n<\/div><\/div>\n\n\n\n<p>Nici p\u00e2n\u0103 \u00een 2024, nu s-a g\u0103sit o solu\u021bie privind lacunele legislative care permit \u00eengroparea mor\u021bilor <strong><em>\u201eoriunde \u0219i oricum\u201d<\/em><\/strong>, potrivit unui r\u0103spuns postat de pagina oficial\u0103 a cimitirului \u00een urm\u0103 cu dou\u0103 s\u0103pt\u0103m\u00e2ni.<\/p>\n\n\n\n<figure class=\"wp-block-gallery has-nested-images columns-default is-cropped wp-block-gallery-5 is-layout-flex wp-block-gallery-is-layout-flex\">\n<figure class=\"wp-block-image size-large\"><img loading=\"lazy\" decoding=\"async\" width=\"645\" height=\"484\" data-id=\"74966\" src=\"data:image\/gif;base64,R0lGODlhAQABAAAAACH5BAEKAAEALAAAAAABAAEAAAICTAEAOw==\" data-src=\"https:\/\/buletin.de\/bucuresti\/wp-content\/uploads\/Comentarii-Bellu-2-1.png\" alt=\"\" class=\"wp-image-74966 lazyload\" data-sizes=\"auto\" data-srcset=\"https:\/\/buletin.de\/bucuresti\/wp-content\/uploads\/Comentarii-Bellu-2-1.png 645w, https:\/\/buletin.de\/bucuresti\/wp-content\/uploads\/Comentarii-Bellu-2-1-300x225.png 300w, https:\/\/buletin.de\/bucuresti\/wp-content\/uploads\/Comentarii-Bellu-2-1-600x450.png 600w, https:\/\/buletin.de\/bucuresti\/wp-content\/uploads\/Comentarii-Bellu-2-1-20x15.png 20w\" sizes=\"(max-width: 645px) 100vw, 645px\" \/><\/figure>\n<\/figure>\n\n\n\n<p>Locurile de \u00eenhumare pe \u0219apte ani, c\u00e2t \u0219i cele concesionate pe 25 ani, se pot transforma la cerere \u00een locuri de veci.<\/p>\n\n\n\n<p>Cimitirul Bellu, considerat muzeu \u00een aer liber \u0219i inclus, totodat\u0103, pe lista monumentelor istorice, este singurul cimitir din Capital\u0103 \u00eencadrat \u00een categoria I. Anul acesta, taxele pentru concesionarea unui loc de 3 metri p\u0103tra\u021bi sunt cuprinse \u00eentre 27 \u0219i 378 lei, \u00een func\u021bie de perioada concesion\u0103rii, iar tariful anual pentru \u00eentre\u021binerea acestuia este de 200 lei, conform site-ului Administra\u021biei Cimitirelor.<\/p>\n\n\n\n<p><\/p>\n\n\n\n<p><strong>CITE\u0218TE \u0218I:<\/strong><\/p>\n\n\n\n<figure class=\"wp-block-embed is-type-wp-embed is-provider-buletin-de-bucure-ti wp-block-embed-buletin-de-bucure-ti\"><div class=\"wp-block-embed__wrapper\">\n<blockquote class=\"wp-embedded-content\" data-secret=\"Oi1121olgY\"><a href=\"https:\/\/buletin.de\/bucuresti\/factual-ro-gabriela-firea-spune-ca-in-mandatul-sau-bucurestiul-a-obtinut-1-miliard-de-euro-fonduri-europene-cifrele-o-contrazic\/\">Factual.ro | Gabriela Firea spune c\u0103, \u00een mandatul s\u0103u, Bucure\u015ftiul a ob\u0163inut 1 miliard de euro fonduri europene. Cifrele o contrazic<\/a><\/blockquote><iframe class=\"wp-embedded-content\" sandbox=\"allow-scripts\" security=\"restricted\" style=\"position: absolute; clip: rect(1px, 1px, 1px, 1px);\" title=\"&#8220;Factual.ro | Gabriela Firea spune c\u0103, \u00een mandatul s\u0103u, Bucure\u015ftiul a ob\u0163inut 1 miliard de euro fonduri europene. Cifrele o contrazic&#8221; &#8212; Buletin de Bucure\u0219ti\" src=\"https:\/\/buletin.de\/bucuresti\/factual-ro-gabriela-firea-spune-ca-in-mandatul-sau-bucurestiul-a-obtinut-1-miliard-de-euro-fonduri-europene-cifrele-o-contrazic\/embed\/#?secret=YYUR6fVged#?secret=Oi1121olgY\" data-secret=\"Oi1121olgY\" width=\"600\" height=\"338\" frameborder=\"0\" marginwidth=\"0\" marginheight=\"0\" scrolling=\"no\"><\/iframe>\n<\/div><\/figure>\n","protected":false},"excerpt":{"rendered":"<p>Fostul primar general al Capitalei, Adriean Videanu, a ob\u021binut un loc de veci \u00een cap\u0103tul aleii principale din Cimitirul Bellu. Dac\u0103, \u00een trecut, \u00een locul respectiv, era o ramp\u0103 de gunoi, \u00een acest moment, printre de\u0219euri \u201etroneaz\u0103\u201d un mini-mausoleu dedicat familiei Videanu. Construc\u021bia a fost autorizat\u0103 de Prim\u0103ria Municipiului Bucure\u0219ti, \u00een timpul mandatului Gabrielei Firea. [&hellip;]<\/p>\n","protected":false},"author":55,"featured_media":74887,"comment_status":"closed","ping_status":"open","sticky":false,"template":"","format":"standard","meta":{"_acf_changed":false,"inline_featured_image":false,"ngg_post_thumbnail":0,"footnotes":""},"categories":[6994,3419,169],"tags":[9391,9392,6870,9390,9389,7302,28,1337,9388],"ppma_author":[22573],"class_list":["post-74868","post","type-post","status-publish","format-standard","has-post-thumbnail","hentry","category-stiri-2","category-featured","category-reportaj","tag-adriean-videanu","tag-alee","tag-autorizatie","tag-bellu","tag-cavou","tag-cimitir","tag-firea","tag-pret","tag-videanu"],"acf":[],"yoast_head":"<!-- This site is optimized with the Yoast SEO Premium plugin v25.3 (Yoast SEO v27.5) - https:\/\/yoast.com\/product\/yoast-seo-premium-wordpress\/ -->\n<title>Noi personalit\u0103\u021bi la Cimitirul Bellu: \u201eVila de Apoi\u201d a fostului primar Videanu, construit\u0103 \u00een locul rampei de gunoi - Buletin de Bucure\u0219ti<\/title>\n<meta name=\"robots\" content=\"index, follow, max-snippet:-1, max-image-preview:large, max-video-preview:-1\" \/>\n<link rel=\"canonical\" href=\"https:\/\/buletin.de\/bucuresti\/noi-personalitati-la-cimitirul-bellu-vila-de-apoi-a-fostului-primar-videanu-construita-in-locul-rampei-de-gunoi\/\" \/>\n<meta property=\"og:locale\" content=\"en_GB\" \/>\n<meta property=\"og:type\" content=\"article\" \/>\n<meta property=\"og:title\" content=\"Noi personalit\u0103\u021bi la Cimitirul Bellu: \u201eVila de Apoi\u201d a fostului primar Videanu, construit\u0103 \u00een locul rampei de gunoi\" \/>\n<meta property=\"og:description\" content=\"Fostul primar general al Capitalei, Adriean Videanu, a ob\u021binut un loc de veci \u00een cap\u0103tul aleii principale din Cimitirul Bellu. Dac\u0103, \u00een trecut, \u00een locul respectiv, era o ramp\u0103 de gunoi, \u00een acest moment, printre de\u0219euri \u201etroneaz\u0103\u201d un mini-mausoleu dedicat familiei Videanu. Construc\u021bia a fost autorizat\u0103 de Prim\u0103ria Municipiului Bucure\u0219ti, \u00een timpul mandatului Gabrielei Firea. [&hellip;]\" \/>\n<meta property=\"og:url\" content=\"https:\/\/buletin.de\/bucuresti\/noi-personalitati-la-cimitirul-bellu-vila-de-apoi-a-fostului-primar-videanu-construita-in-locul-rampei-de-gunoi\/\" \/>\n<meta property=\"og:site_name\" content=\"Buletin de Bucure\u0219ti\" \/>\n<meta property=\"article:publisher\" content=\"https:\/\/www.facebook.com\/buletin.de.buc\" \/>\n<meta property=\"article:published_time\" content=\"2024-01-28T22:15:31+00:00\" \/>\n<meta property=\"article:modified_time\" content=\"2024-01-29T04:54:47+00:00\" \/>\n<meta property=\"og:image\" content=\"https:\/\/buletin.de\/bucuresti\/wp-content\/uploads\/Cavou-Videanu-1.jpg\" \/>\n\t<meta property=\"og:image:width\" content=\"2048\" \/>\n\t<meta property=\"og:image:height\" content=\"1536\" \/>\n\t<meta property=\"og:image:type\" content=\"image\/jpeg\" \/>\n<meta name=\"author\" content=\"Andreea Tudor\" \/>\n<meta name=\"twitter:card\" content=\"summary_large_image\" \/>\n<meta name=\"twitter:label1\" content=\"Written by\" \/>\n\t<meta name=\"twitter:data1\" content=\"Andreea Tudor\" \/>\n\t<meta name=\"twitter:label2\" content=\"Estimated reading time\" \/>\n\t<meta name=\"twitter:data2\" content=\"5 minutes\" \/>\n<script type=\"application\/ld+json\" class=\"yoast-schema-graph\">{\"@context\":\"https:\\\/\\\/schema.org\",\"@graph\":[{\"@type\":\"Article\",\"@id\":\"https:\\\/\\\/buletin.de\\\/bucuresti\\\/noi-personalitati-la-cimitirul-bellu-vila-de-apoi-a-fostului-primar-videanu-construita-in-locul-rampei-de-gunoi\\\/#article\",\"isPartOf\":{\"@id\":\"https:\\\/\\\/buletin.de\\\/bucuresti\\\/noi-personalitati-la-cimitirul-bellu-vila-de-apoi-a-fostului-primar-videanu-construita-in-locul-rampei-de-gunoi\\\/\"},\"author\":{\"name\":\"Andreea Tudor\",\"@id\":\"https:\\\/\\\/buletin.de\\\/bucuresti\\\/#\\\/schema\\\/person\\\/150590659efde715459d159da012f501\"},\"headline\":\"Noi personalit\u0103\u021bi la Cimitirul Bellu: \u201eVila de Apoi\u201d a fostului primar Videanu, construit\u0103 \u00een locul rampei de gunoi\",\"datePublished\":\"2024-01-28T22:15:31+00:00\",\"dateModified\":\"2024-01-29T04:54:47+00:00\",\"mainEntityOfPage\":{\"@id\":\"https:\\\/\\\/buletin.de\\\/bucuresti\\\/noi-personalitati-la-cimitirul-bellu-vila-de-apoi-a-fostului-primar-videanu-construita-in-locul-rampei-de-gunoi\\\/\"},\"wordCount\":995,\"publisher\":{\"@id\":\"https:\\\/\\\/buletin.de\\\/bucuresti\\\/#organization\"},\"image\":{\"@id\":\"https:\\\/\\\/buletin.de\\\/bucuresti\\\/noi-personalitati-la-cimitirul-bellu-vila-de-apoi-a-fostului-primar-videanu-construita-in-locul-rampei-de-gunoi\\\/#primaryimage\"},\"thumbnailUrl\":\"https:\\\/\\\/buletin.de\\\/bucuresti\\\/wp-content\\\/uploads\\\/Cavou-Videanu-1.jpg\",\"keywords\":[\"adriean videanu\",\"alee\",\"autorizatie\",\"bellu\",\"cavou\",\"cimitir\",\"firea\",\"pret\",\"videanu\"],\"articleSection\":[\"Articole\",\"Featured\",\"Reportaj\"],\"inLanguage\":\"en-GB\",\"copyrightYear\":\"2024\",\"copyrightHolder\":{\"@id\":\"https:\\\/\\\/buletin.de\\\/bucuresti\\\/#organization\"}},{\"@type\":\"WebPage\",\"@id\":\"https:\\\/\\\/buletin.de\\\/bucuresti\\\/noi-personalitati-la-cimitirul-bellu-vila-de-apoi-a-fostului-primar-videanu-construita-in-locul-rampei-de-gunoi\\\/\",\"url\":\"https:\\\/\\\/buletin.de\\\/bucuresti\\\/noi-personalitati-la-cimitirul-bellu-vila-de-apoi-a-fostului-primar-videanu-construita-in-locul-rampei-de-gunoi\\\/\",\"name\":\"Noi personalit\u0103\u021bi la Cimitirul Bellu: \u201eVila de Apoi\u201d a fostului primar Videanu, construit\u0103 \u00een locul rampei de gunoi - Buletin de Bucure\u0219ti\",\"isPartOf\":{\"@id\":\"https:\\\/\\\/buletin.de\\\/bucuresti\\\/#website\"},\"primaryImageOfPage\":{\"@id\":\"https:\\\/\\\/buletin.de\\\/bucuresti\\\/noi-personalitati-la-cimitirul-bellu-vila-de-apoi-a-fostului-primar-videanu-construita-in-locul-rampei-de-gunoi\\\/#primaryimage\"},\"image\":{\"@id\":\"https:\\\/\\\/buletin.de\\\/bucuresti\\\/noi-personalitati-la-cimitirul-bellu-vila-de-apoi-a-fostului-primar-videanu-construita-in-locul-rampei-de-gunoi\\\/#primaryimage\"},\"thumbnailUrl\":\"https:\\\/\\\/buletin.de\\\/bucuresti\\\/wp-content\\\/uploads\\\/Cavou-Videanu-1.jpg\",\"datePublished\":\"2024-01-28T22:15:31+00:00\",\"dateModified\":\"2024-01-29T04:54:47+00:00\",\"breadcrumb\":{\"@id\":\"https:\\\/\\\/buletin.de\\\/bucuresti\\\/noi-personalitati-la-cimitirul-bellu-vila-de-apoi-a-fostului-primar-videanu-construita-in-locul-rampei-de-gunoi\\\/#breadcrumb\"},\"inLanguage\":\"en-GB\",\"potentialAction\":[{\"@type\":\"ReadAction\",\"target\":[\"https:\\\/\\\/buletin.de\\\/bucuresti\\\/noi-personalitati-la-cimitirul-bellu-vila-de-apoi-a-fostului-primar-videanu-construita-in-locul-rampei-de-gunoi\\\/\"]}]},{\"@type\":\"ImageObject\",\"inLanguage\":\"en-GB\",\"@id\":\"https:\\\/\\\/buletin.de\\\/bucuresti\\\/noi-personalitati-la-cimitirul-bellu-vila-de-apoi-a-fostului-primar-videanu-construita-in-locul-rampei-de-gunoi\\\/#primaryimage\",\"url\":\"https:\\\/\\\/buletin.de\\\/bucuresti\\\/wp-content\\\/uploads\\\/Cavou-Videanu-1.jpg\",\"contentUrl\":\"https:\\\/\\\/buletin.de\\\/bucuresti\\\/wp-content\\\/uploads\\\/Cavou-Videanu-1.jpg\",\"width\":2048,\"height\":1536},{\"@type\":\"BreadcrumbList\",\"@id\":\"https:\\\/\\\/buletin.de\\\/bucuresti\\\/noi-personalitati-la-cimitirul-bellu-vila-de-apoi-a-fostului-primar-videanu-construita-in-locul-rampei-de-gunoi\\\/#breadcrumb\",\"itemListElement\":[{\"@type\":\"ListItem\",\"position\":1,\"name\":\"Acas\u0103\",\"item\":\"https:\\\/\\\/buletin.de\\\/bucuresti\\\/\"},{\"@type\":\"ListItem\",\"position\":2,\"name\":\"Noi personalit\u0103\u021bi la Cimitirul Bellu: \u201eVila de Apoi\u201d a fostului primar Videanu, construit\u0103 \u00een locul rampei de gunoi\"}]},{\"@type\":\"WebSite\",\"@id\":\"https:\\\/\\\/buletin.de\\\/bucuresti\\\/#website\",\"url\":\"https:\\\/\\\/buletin.de\\\/bucuresti\\\/\",\"name\":\"Buletin de Bucure\u0219ti\",\"description\":\"\u0218tiri \u0219i investiga\u021bii esen\u021biale din capital\u0103\",\"publisher\":{\"@id\":\"https:\\\/\\\/buletin.de\\\/bucuresti\\\/#organization\"},\"potentialAction\":[{\"@type\":\"SearchAction\",\"target\":{\"@type\":\"EntryPoint\",\"urlTemplate\":\"https:\\\/\\\/buletin.de\\\/bucuresti\\\/?s={search_term_string}\"},\"query-input\":{\"@type\":\"PropertyValueSpecification\",\"valueRequired\":true,\"valueName\":\"search_term_string\"}}],\"inLanguage\":\"en-GB\"},{\"@type\":\"Organization\",\"@id\":\"https:\\\/\\\/buletin.de\\\/bucuresti\\\/#organization\",\"name\":\"Buletin de Bucure\u0219ti\",\"url\":\"https:\\\/\\\/buletin.de\\\/bucuresti\\\/\",\"logo\":{\"@type\":\"ImageObject\",\"inLanguage\":\"en-GB\",\"@id\":\"https:\\\/\\\/buletin.de\\\/bucuresti\\\/#\\\/schema\\\/logo\\\/image\\\/\",\"url\":\"https:\\\/\\\/buletin.de\\\/bucuresti\\\/wp-content\\\/uploads\\\/logo-bdb-full-wide-vernil-transparent.png\",\"contentUrl\":\"https:\\\/\\\/buletin.de\\\/bucuresti\\\/wp-content\\\/uploads\\\/logo-bdb-full-wide-vernil-transparent.png\",\"width\":1782,\"height\":626,\"caption\":\"Buletin de Bucure\u0219ti\"},\"image\":{\"@id\":\"https:\\\/\\\/buletin.de\\\/bucuresti\\\/#\\\/schema\\\/logo\\\/image\\\/\"},\"sameAs\":[\"https:\\\/\\\/www.facebook.com\\\/buletin.de.buc\",\"https:\\\/\\\/www.instagram.com\\\/buletinde.bucuresti\\\/\"]},{\"@type\":\"Person\",\"@id\":\"https:\\\/\\\/buletin.de\\\/bucuresti\\\/#\\\/schema\\\/person\\\/150590659efde715459d159da012f501\",\"name\":\"Andreea Tudor\",\"image\":{\"@type\":\"ImageObject\",\"inLanguage\":\"en-GB\",\"@id\":\"https:\\\/\\\/secure.gravatar.com\\\/avatar\\\/a88705a186ab0b67f3349bcbced506c09e37256fbaad0e7f3bd1a79b4599f589?s=96&d=monsterid&r=g79290610aa1a65c2b86eebc2ca5aee8f\",\"url\":\"https:\\\/\\\/secure.gravatar.com\\\/avatar\\\/a88705a186ab0b67f3349bcbced506c09e37256fbaad0e7f3bd1a79b4599f589?s=96&d=monsterid&r=g\",\"contentUrl\":\"https:\\\/\\\/secure.gravatar.com\\\/avatar\\\/a88705a186ab0b67f3349bcbced506c09e37256fbaad0e7f3bd1a79b4599f589?s=96&d=monsterid&r=g\",\"caption\":\"Andreea Tudor\"},\"description\":\"N\u0103scut\u0103 \u0219i crescut\u0103 \u00een Bucure\u0219ti, sus\u021bin\u0103toare a presei independente. A\u0219a am ajuns redactor la Buletin de Bucure\u0219ti. Fiind eu, \u00eens\u0103mi, parte a sistemului de \u00eenv\u0103\u021b\u0103m\u00e2nt rom\u00e2nesc \u0219i pasionat\u0103 de domeniul social, pun sub lup\u0103 tot ceea ce se \u00eent\u00e2mpl\u0103 \u00een sfera educa\u021biei. Cred cu t\u0103rie c\u0103 presa \u201epentru cet\u0103\u021beni\u201d este presa independent\u0103. Oamenii au nevoie de o informare corect\u0103 pentru a \u00een\u021belege pe deplin ce se \u00eent\u00e2mpl\u0103 \u00een jurul lor \u0219i pentru a lua ac\u021biune \u00eempotriva nedrept\u0103\u021bilor.\",\"url\":\"https:\\\/\\\/buletin.de\\\/bucuresti\\\/author\\\/andreeatudor\\\/\"}]}<\/script>\n<!-- \/ Yoast SEO Premium plugin. -->","yoast_head_json":{"title":"Noi personalit\u0103\u021bi la Cimitirul Bellu: \u201eVila de Apoi\u201d a fostului primar Videanu, construit\u0103 \u00een locul rampei de gunoi - Buletin de Bucure\u0219ti","robots":{"index":"index","follow":"follow","max-snippet":"max-snippet:-1","max-image-preview":"max-image-preview:large","max-video-preview":"max-video-preview:-1"},"canonical":"https:\/\/buletin.de\/bucuresti\/noi-personalitati-la-cimitirul-bellu-vila-de-apoi-a-fostului-primar-videanu-construita-in-locul-rampei-de-gunoi\/","og_locale":"en_GB","og_type":"article","og_title":"Noi personalit\u0103\u021bi la Cimitirul Bellu: \u201eVila de Apoi\u201d a fostului primar Videanu, construit\u0103 \u00een locul rampei de gunoi","og_description":"Fostul primar general al Capitalei, Adriean Videanu, a ob\u021binut un loc de veci \u00een cap\u0103tul aleii principale din Cimitirul Bellu. Dac\u0103, \u00een trecut, \u00een locul respectiv, era o ramp\u0103 de gunoi, \u00een acest moment, printre de\u0219euri \u201etroneaz\u0103\u201d un mini-mausoleu dedicat familiei Videanu. Construc\u021bia a fost autorizat\u0103 de Prim\u0103ria Municipiului Bucure\u0219ti, \u00een timpul mandatului Gabrielei Firea. [&hellip;]","og_url":"https:\/\/buletin.de\/bucuresti\/noi-personalitati-la-cimitirul-bellu-vila-de-apoi-a-fostului-primar-videanu-construita-in-locul-rampei-de-gunoi\/","og_site_name":"Buletin de Bucure\u0219ti","article_publisher":"https:\/\/www.facebook.com\/buletin.de.buc","article_published_time":"2024-01-28T22:15:31+00:00","article_modified_time":"2024-01-29T04:54:47+00:00","og_image":[{"width":2048,"height":1536,"url":"https:\/\/buletin.de\/bucuresti\/wp-content\/uploads\/Cavou-Videanu-1.jpg","type":"image\/jpeg"}],"author":"Andreea Tudor","twitter_card":"summary_large_image","twitter_misc":{"Written by":"Andreea Tudor","Estimated reading time":"5 minutes"},"schema":{"@context":"https:\/\/schema.org","@graph":[{"@type":"Article","@id":"https:\/\/buletin.de\/bucuresti\/noi-personalitati-la-cimitirul-bellu-vila-de-apoi-a-fostului-primar-videanu-construita-in-locul-rampei-de-gunoi\/#article","isPartOf":{"@id":"https:\/\/buletin.de\/bucuresti\/noi-personalitati-la-cimitirul-bellu-vila-de-apoi-a-fostului-primar-videanu-construita-in-locul-rampei-de-gunoi\/"},"author":{"name":"Andreea Tudor","@id":"https:\/\/buletin.de\/bucuresti\/#\/schema\/person\/150590659efde715459d159da012f501"},"headline":"Noi personalit\u0103\u021bi la Cimitirul Bellu: \u201eVila de Apoi\u201d a fostului primar Videanu, construit\u0103 \u00een locul rampei de gunoi","datePublished":"2024-01-28T22:15:31+00:00","dateModified":"2024-01-29T04:54:47+00:00","mainEntityOfPage":{"@id":"https:\/\/buletin.de\/bucuresti\/noi-personalitati-la-cimitirul-bellu-vila-de-apoi-a-fostului-primar-videanu-construita-in-locul-rampei-de-gunoi\/"},"wordCount":995,"publisher":{"@id":"https:\/\/buletin.de\/bucuresti\/#organization"},"image":{"@id":"https:\/\/buletin.de\/bucuresti\/noi-personalitati-la-cimitirul-bellu-vila-de-apoi-a-fostului-primar-videanu-construita-in-locul-rampei-de-gunoi\/#primaryimage"},"thumbnailUrl":"https:\/\/buletin.de\/bucuresti\/wp-content\/uploads\/Cavou-Videanu-1.jpg","keywords":["adriean videanu","alee","autorizatie","bellu","cavou","cimitir","firea","pret","videanu"],"articleSection":["Articole","Featured","Reportaj"],"inLanguage":"en-GB","copyrightYear":"2024","copyrightHolder":{"@id":"https:\/\/buletin.de\/bucuresti\/#organization"}},{"@type":"WebPage","@id":"https:\/\/buletin.de\/bucuresti\/noi-personalitati-la-cimitirul-bellu-vila-de-apoi-a-fostului-primar-videanu-construita-in-locul-rampei-de-gunoi\/","url":"https:\/\/buletin.de\/bucuresti\/noi-personalitati-la-cimitirul-bellu-vila-de-apoi-a-fostului-primar-videanu-construita-in-locul-rampei-de-gunoi\/","name":"Noi personalit\u0103\u021bi la Cimitirul Bellu: \u201eVila de Apoi\u201d a fostului primar Videanu, construit\u0103 \u00een locul rampei de gunoi - Buletin de Bucure\u0219ti","isPartOf":{"@id":"https:\/\/buletin.de\/bucuresti\/#website"},"primaryImageOfPage":{"@id":"https:\/\/buletin.de\/bucuresti\/noi-personalitati-la-cimitirul-bellu-vila-de-apoi-a-fostului-primar-videanu-construita-in-locul-rampei-de-gunoi\/#primaryimage"},"image":{"@id":"https:\/\/buletin.de\/bucuresti\/noi-personalitati-la-cimitirul-bellu-vila-de-apoi-a-fostului-primar-videanu-construita-in-locul-rampei-de-gunoi\/#primaryimage"},"thumbnailUrl":"https:\/\/buletin.de\/bucuresti\/wp-content\/uploads\/Cavou-Videanu-1.jpg","datePublished":"2024-01-28T22:15:31+00:00","dateModified":"2024-01-29T04:54:47+00:00","breadcrumb":{"@id":"https:\/\/buletin.de\/bucuresti\/noi-personalitati-la-cimitirul-bellu-vila-de-apoi-a-fostului-primar-videanu-construita-in-locul-rampei-de-gunoi\/#breadcrumb"},"inLanguage":"en-GB","potentialAction":[{"@type":"ReadAction","target":["https:\/\/buletin.de\/bucuresti\/noi-personalitati-la-cimitirul-bellu-vila-de-apoi-a-fostului-primar-videanu-construita-in-locul-rampei-de-gunoi\/"]}]},{"@type":"ImageObject","inLanguage":"en-GB","@id":"https:\/\/buletin.de\/bucuresti\/noi-personalitati-la-cimitirul-bellu-vila-de-apoi-a-fostului-primar-videanu-construita-in-locul-rampei-de-gunoi\/#primaryimage","url":"https:\/\/buletin.de\/bucuresti\/wp-content\/uploads\/Cavou-Videanu-1.jpg","contentUrl":"https:\/\/buletin.de\/bucuresti\/wp-content\/uploads\/Cavou-Videanu-1.jpg","width":2048,"height":1536},{"@type":"BreadcrumbList","@id":"https:\/\/buletin.de\/bucuresti\/noi-personalitati-la-cimitirul-bellu-vila-de-apoi-a-fostului-primar-videanu-construita-in-locul-rampei-de-gunoi\/#breadcrumb","itemListElement":[{"@type":"ListItem","position":1,"name":"Acas\u0103","item":"https:\/\/buletin.de\/bucuresti\/"},{"@type":"ListItem","position":2,"name":"Noi personalit\u0103\u021bi la Cimitirul Bellu: \u201eVila de Apoi\u201d a fostului primar Videanu, construit\u0103 \u00een locul rampei de gunoi"}]},{"@type":"WebSite","@id":"https:\/\/buletin.de\/bucuresti\/#website","url":"https:\/\/buletin.de\/bucuresti\/","name":"Buletin de Bucure\u0219ti","description":"\u0218tiri \u0219i investiga\u021bii esen\u021biale din capital\u0103","publisher":{"@id":"https:\/\/buletin.de\/bucuresti\/#organization"},"potentialAction":[{"@type":"SearchAction","target":{"@type":"EntryPoint","urlTemplate":"https:\/\/buletin.de\/bucuresti\/?s={search_term_string}"},"query-input":{"@type":"PropertyValueSpecification","valueRequired":true,"valueName":"search_term_string"}}],"inLanguage":"en-GB"},{"@type":"Organization","@id":"https:\/\/buletin.de\/bucuresti\/#organization","name":"Buletin de Bucure\u0219ti","url":"https:\/\/buletin.de\/bucuresti\/","logo":{"@type":"ImageObject","inLanguage":"en-GB","@id":"https:\/\/buletin.de\/bucuresti\/#\/schema\/logo\/image\/","url":"https:\/\/buletin.de\/bucuresti\/wp-content\/uploads\/logo-bdb-full-wide-vernil-transparent.png","contentUrl":"https:\/\/buletin.de\/bucuresti\/wp-content\/uploads\/logo-bdb-full-wide-vernil-transparent.png","width":1782,"height":626,"caption":"Buletin de Bucure\u0219ti"},"image":{"@id":"https:\/\/buletin.de\/bucuresti\/#\/schema\/logo\/image\/"},"sameAs":["https:\/\/www.facebook.com\/buletin.de.buc","https:\/\/www.instagram.com\/buletinde.bucuresti\/"]},{"@type":"Person","@id":"https:\/\/buletin.de\/bucuresti\/#\/schema\/person\/150590659efde715459d159da012f501","name":"Andreea Tudor","image":{"@type":"ImageObject","inLanguage":"en-GB","@id":"https:\/\/secure.gravatar.com\/avatar\/a88705a186ab0b67f3349bcbced506c09e37256fbaad0e7f3bd1a79b4599f589?s=96&d=monsterid&r=g79290610aa1a65c2b86eebc2ca5aee8f","url":"https:\/\/secure.gravatar.com\/avatar\/a88705a186ab0b67f3349bcbced506c09e37256fbaad0e7f3bd1a79b4599f589?s=96&d=monsterid&r=g","contentUrl":"https:\/\/secure.gravatar.com\/avatar\/a88705a186ab0b67f3349bcbced506c09e37256fbaad0e7f3bd1a79b4599f589?s=96&d=monsterid&r=g","caption":"Andreea Tudor"},"description":"N\u0103scut\u0103 \u0219i crescut\u0103 \u00een Bucure\u0219ti, sus\u021bin\u0103toare a presei independente. A\u0219a am ajuns redactor la Buletin de Bucure\u0219ti. Fiind eu, \u00eens\u0103mi, parte a sistemului de \u00eenv\u0103\u021b\u0103m\u00e2nt rom\u00e2nesc \u0219i pasionat\u0103 de domeniul social, pun sub lup\u0103 tot ceea ce se \u00eent\u00e2mpl\u0103 \u00een sfera educa\u021biei. Cred cu t\u0103rie c\u0103 presa \u201epentru cet\u0103\u021beni\u201d este presa independent\u0103. Oamenii au nevoie de o informare corect\u0103 pentru a \u00een\u021belege pe deplin ce se \u00eent\u00e2mpl\u0103 \u00een jurul lor \u0219i pentru a lua ac\u021biune \u00eempotriva nedrept\u0103\u021bilor.","url":"https:\/\/buletin.de\/bucuresti\/author\/andreeatudor\/"}]}},"authors":[{"term_id":22573,"user_id":55,"is_guest":0,"slug":"andreeatudor","display_name":"Andreea Tudor","avatar_url":"https:\/\/secure.gravatar.com\/avatar\/a88705a186ab0b67f3349bcbced506c09e37256fbaad0e7f3bd1a79b4599f589?s=96&d=monsterid&r=g","0":null,"1":"","2":"","3":"","4":"","5":"","6":"","7":"","8":""}],"_links":{"self":[{"href":"https:\/\/buletin.de\/bucuresti\/wp-json\/wp\/v2\/posts\/74868","targetHints":{"allow":["GET"]}}],"collection":[{"href":"https:\/\/buletin.de\/bucuresti\/wp-json\/wp\/v2\/posts"}],"about":[{"href":"https:\/\/buletin.de\/bucuresti\/wp-json\/wp\/v2\/types\/post"}],"author":[{"embeddable":true,"href":"https:\/\/buletin.de\/bucuresti\/wp-json\/wp\/v2\/users\/55"}],"replies":[{"embeddable":true,"href":"https:\/\/buletin.de\/bucuresti\/wp-json\/wp\/v2\/comments?post=74868"}],"version-history":[{"count":21,"href":"https:\/\/buletin.de\/bucuresti\/wp-json\/wp\/v2\/posts\/74868\/revisions"}],"predecessor-version":[{"id":75735,"href":"https:\/\/buletin.de\/bucuresti\/wp-json\/wp\/v2\/posts\/74868\/revisions\/75735"}],"wp:featuredmedia":[{"embeddable":true,"href":"https:\/\/buletin.de\/bucuresti\/wp-json\/wp\/v2\/media\/74887"}],"wp:attachment":[{"href":"https:\/\/buletin.de\/bucuresti\/wp-json\/wp\/v2\/media?parent=74868"}],"wp:term":[{"taxonomy":"category","embeddable":true,"href":"https:\/\/buletin.de\/bucuresti\/wp-json\/wp\/v2\/categories?post=74868"},{"taxonomy":"post_tag","embeddable":true,"href":"https:\/\/buletin.de\/bucuresti\/wp-json\/wp\/v2\/tags?post=74868"},{"taxonomy":"author","embeddable":true,"href":"https:\/\/buletin.de\/bucuresti\/wp-json\/wp\/v2\/ppma_author?post=74868"}],"curies":[{"name":"wp","href":"https:\/\/api.w.org\/{rel}","templated":true}]}}