{"id":74544,"date":"2024-01-15T06:52:00","date_gmt":"2024-01-15T04:52:00","guid":{"rendered":"https:\/\/buletin.de\/bucuresti\/?p=74544"},"modified":"2024-01-15T06:52:54","modified_gmt":"2024-01-15T04:52:54","slug":"acces-gratuit-si-program-special-la-tnb-de-ziua-culturii-nationale","status":"publish","type":"post","link":"https:\/\/buletin.de\/bucuresti\/acces-gratuit-si-program-special-la-tnb-de-ziua-culturii-nationale\/","title":{"rendered":"Acces gratuit \u0219i program special la TNB, de Ziua Culturii Na\u021bionale"},"content":{"rendered":"\n<p><br><strong>Teatrul Na\u0163ional \u201eI.L.Caragiale\u201d din Bucure\u015fti va fi deschis pe 15 ianuarie, de Ziua Culturii Nationale. De asemenea, Muzeul TNB, aflat la subsolul S\u0103lii Mari iar intrarea este liber\u0103.<\/strong><\/p>\n\n\n\n<p>Muzeul va fi deschis \u00eentre orele 12:00 \u2013 18:00. La Sala Atelier a TNB, de la ora 19:00, va fi prezentat un spectacol de Ziua Culturii Na\u0163ionale. Spectacolul va cuprinde reprezenta\u0163iile \u201dEmmi \u2013 Amor pierdut, via\u0163\u0103 pierdut\u0103\u201d, de Mihai Eminescu \u015fi \u201eAmintiri din copil\u0103rie\u201d, de Ion Creang\u0103.<\/p>\n\n\n\n<p>Pe toat\u0103 durata Zilei Culturii Na\u0163ionale, publicul va  putea s\u0103 participe la Tururile Ghidate ale Teatrului Na\u0163ional. Participarea este gratuit\u0103, pe baza \u00eenscrierilor f\u0103cute telefonic, la agen\u0163ia de bilete a teatrului. Publicul va putea vizita culisele scenelor, atelierele \u00een care sunt realizate decoruri \u015fi costume \u015fi cabinele actorilor.<\/p>\n\n\n\n<p>\u00cen decembrie 2023, Teatrul Na\u021bional din Bucure\u0219ti a aniversat o jum\u0103tate de secol de activitate \u00een sediul de la kilometrul zero al Capitalei.\u00a0<\/p>\n\n\n\n<p><strong>CITE\u0218TE \u0218I:<\/strong><\/p>\n\n\n\n<figure class=\"wp-block-embed is-type-wp-embed is-provider-buletin-de-bucure-ti wp-block-embed-buletin-de-bucure-ti\"><div class=\"wp-block-embed__wrapper\">\n<blockquote class=\"wp-embedded-content\" data-secret=\"RVIs915xEu\"><a href=\"https:\/\/buletin.de\/bucuresti\/ziua-culturii-nationale-la-muzeul-antipa\/\">Ziua Culturii Na\u0163ionale, la Muzeul Antipa<\/a><\/blockquote><iframe class=\"wp-embedded-content\" sandbox=\"allow-scripts\" security=\"restricted\" style=\"position: absolute; clip: rect(1px, 1px, 1px, 1px);\" title=\"&#8220;Ziua Culturii Na\u0163ionale, la Muzeul Antipa&#8221; &#8212; Buletin de Bucure\u0219ti\" src=\"https:\/\/buletin.de\/bucuresti\/ziua-culturii-nationale-la-muzeul-antipa\/embed\/#?secret=6bbg4zOwra#?secret=RVIs915xEu\" data-secret=\"RVIs915xEu\" width=\"600\" height=\"338\" frameborder=\"0\" marginwidth=\"0\" marginheight=\"0\" scrolling=\"no\"><\/iframe>\n<\/div><\/figure>\n\n\n\n<p><\/p>\n\n\n\n<p><a href=\"https:\/\/adclick.g.doubleclick.net\/pcs\/click%253Fxai%253DAKAOjsuzyx8tARylTomkWLIUoYJKcqYIeFyFAsqVlk1Z4f2jHCQO5ECC6EokbOsw7kCMgJ8fr1CXfK8JuOD1bLssgOHYdcmgcgHehkr4UVE8mLH8GOBntpSgZSFvu675rE4kXj704Sq3k8s6iB9TOwp3zijOJNYOkn9MhLkQPLQkmJZWab3AeS5J8R-M2dVepjG1967SjLJI_HMsFoprJv0djiReZb_2DMXDvttbvaWE3cSojC58IIzc9D4G9p0Y4Lqow1-fBmzc5rArcHguYvZUpYzYCl9YxbIvy7dSKmt5-sUnvSK26aQAhUja7CHrnRx69DVYtyyyjRgQdjZnNMujvAcaCsRsCBErxC4MW8_EgRPd7v4vvNCEvWG1Itougrk_wWw35hOIXRvUY6qEtg%2526sai%253DAMfl-YQwOEcMpFFTh57pZz9YOftkhA9yoYSP_eFdo86wR7hAllnw_PddPKFkY3-2azGnyLwt4kUiYJild3IFaKZERLYQvvD0Dvj5_5nvu_LQm5Y%2526sig%253DCg0ArKJSzPRcXnX4XOafEAE%2526fbs_aeid%253D%25255Bgw_fbsaeid%25255D%2526urlfix%253D1%2526adurl%253Dhttps:\/\/business.olx.ro\/%3Futm_source%3Dg4media%26utm_medium%3Ddisplay%26utm_campaign%3Dlivrareb2c\" target=\"_blank\" rel=\"noreferrer noopener\"><\/a><\/p>\n\n\n\n<p><a href=\"https:\/\/adclick.g.doubleclick.net\/pcs\/click%253Fxai%253DAKAOjsuzyx8tARylTomkWLIUoYJKcqYIeFyFAsqVlk1Z4f2jHCQO5ECC6EokbOsw7kCMgJ8fr1CXfK8JuOD1bLssgOHYdcmgcgHehkr4UVE8mLH8GOBntpSgZSFvu675rE4kXj704Sq3k8s6iB9TOwp3zijOJNYOkn9MhLkQPLQkmJZWab3AeS5J8R-M2dVepjG1967SjLJI_HMsFoprJv0djiReZb_2DMXDvttbvaWE3cSojC58IIzc9D4G9p0Y4Lqow1-fBmzc5rArcHguYvZUpYzYCl9YxbIvy7dSKmt5-sUnvSK26aQAhUja7CHrnRx69DVYtyyyjRgQdjZnNMujvAcaCsRsCBErxC4MW8_EgRPd7v4vvNCEvWG1Itougrk_wWw35hOIXRvUY6qEtg%2526sai%253DAMfl-YQwOEcMpFFTh57pZz9YOftkhA9yoYSP_eFdo86wR7hAllnw_PddPKFkY3-2azGnyLwt4kUiYJild3IFaKZERLYQvvD0Dvj5_5nvu_LQm5Y%2526sig%253DCg0ArKJSzPRcXnX4XOafEAE%2526fbs_aeid%253D%25255Bgw_fbsaeid%25255D%2526urlfix%253D1%2526adurl%253Dhttps:\/\/business.olx.ro\/%3Futm_source%3Dg4media%26utm_medium%3Ddisplay%26utm_campaign%3Dlivrareb2c\" target=\"_blank\" rel=\"noreferrer noopener\"><\/a><\/p>\n\n\n\n<p><\/p>\n","protected":false},"excerpt":{"rendered":"<p>Teatrul Na\u0163ional \u201eI.L.Caragiale\u201d din Bucure\u015fti va fi deschis pe 15 ianuarie, de Ziua Culturii Nationale. De asemenea, Muzeul TNB, aflat la subsolul S\u0103lii Mari iar intrarea este liber\u0103. Muzeul va fi deschis \u00eentre orele 12:00 \u2013 18:00. La Sala Atelier a TNB, de la ora 19:00, va fi prezentat un spectacol de Ziua Culturii Na\u0163ionale. [&hellip;]<\/p>\n","protected":false},"author":49,"featured_media":74545,"comment_status":"closed","ping_status":"open","sticky":false,"template":"","format":"standard","meta":{"_acf_changed":false,"inline_featured_image":false,"ngg_post_thumbnail":0,"footnotes":""},"categories":[6994,81,62],"tags":[9107,8101,9068],"ppma_author":[22574],"class_list":["post-74544","post","type-post","status-publish","format-standard","has-post-thumbnail","hentry","category-stiri-2","category-cultura","category-stiri","tag-mihai-eminescu","tag-teatrul-national-i-l-caragiale","tag-ziua-culturii-nationale"],"acf":[],"yoast_head":"<!-- This site is optimized with the Yoast SEO Premium plugin v25.3 (Yoast SEO v27.4) - https:\/\/yoast.com\/product\/yoast-seo-premium-wordpress\/ -->\n<title>Acces gratuit \u0219i program special la TNB, de Ziua Culturii Na\u021bionale - Buletin de Bucure\u0219ti<\/title>\n<meta name=\"robots\" content=\"index, follow, max-snippet:-1, max-image-preview:large, max-video-preview:-1\" \/>\n<link rel=\"canonical\" href=\"https:\/\/buletin.de\/bucuresti\/acces-gratuit-si-program-special-la-tnb-de-ziua-culturii-nationale\/\" \/>\n<meta property=\"og:locale\" content=\"en_GB\" \/>\n<meta property=\"og:type\" content=\"article\" \/>\n<meta property=\"og:title\" content=\"Acces gratuit \u0219i program special la TNB, de Ziua Culturii Na\u021bionale\" \/>\n<meta property=\"og:description\" content=\"Teatrul Na\u0163ional \u201eI.L.Caragiale\u201d din Bucure\u015fti va fi deschis pe 15 ianuarie, de Ziua Culturii Nationale. De asemenea, Muzeul TNB, aflat la subsolul S\u0103lii Mari iar intrarea este liber\u0103. Muzeul va fi deschis \u00eentre orele 12:00 \u2013 18:00. La Sala Atelier a TNB, de la ora 19:00, va fi prezentat un spectacol de Ziua Culturii Na\u0163ionale. [&hellip;]\" \/>\n<meta property=\"og:url\" content=\"https:\/\/buletin.de\/bucuresti\/acces-gratuit-si-program-special-la-tnb-de-ziua-culturii-nationale\/\" \/>\n<meta property=\"og:site_name\" content=\"Buletin de Bucure\u0219ti\" \/>\n<meta property=\"article:publisher\" content=\"https:\/\/www.facebook.com\/buletin.de.buc\" \/>\n<meta property=\"article:published_time\" content=\"2024-01-15T04:52:00+00:00\" \/>\n<meta property=\"article:modified_time\" content=\"2024-01-15T04:52:54+00:00\" \/>\n<meta property=\"og:image\" content=\"https:\/\/buletin.de\/bucuresti\/wp-content\/uploads\/teatrul-national-2.jpeg\" \/>\n\t<meta property=\"og:image:width\" content=\"2048\" \/>\n\t<meta property=\"og:image:height\" content=\"1170\" \/>\n\t<meta property=\"og:image:type\" content=\"image\/jpeg\" \/>\n<meta name=\"author\" content=\"Diana Matei\" \/>\n<meta name=\"twitter:card\" content=\"summary_large_image\" \/>\n<meta name=\"twitter:label1\" content=\"Written by\" \/>\n\t<meta name=\"twitter:data1\" content=\"Diana Matei\" \/>\n\t<meta name=\"twitter:label2\" content=\"Estimated reading time\" \/>\n\t<meta name=\"twitter:data2\" content=\"1 minute\" \/>\n<script type=\"application\/ld+json\" class=\"yoast-schema-graph\">{\"@context\":\"https:\\\/\\\/schema.org\",\"@graph\":[{\"@type\":\"Article\",\"@id\":\"https:\\\/\\\/buletin.de\\\/bucuresti\\\/acces-gratuit-si-program-special-la-tnb-de-ziua-culturii-nationale\\\/#article\",\"isPartOf\":{\"@id\":\"https:\\\/\\\/buletin.de\\\/bucuresti\\\/acces-gratuit-si-program-special-la-tnb-de-ziua-culturii-nationale\\\/\"},\"author\":{\"name\":\"Diana Matei\",\"@id\":\"https:\\\/\\\/buletin.de\\\/bucuresti\\\/#\\\/schema\\\/person\\\/7e46040573290777280a0835d81ea4ea\"},\"headline\":\"Acces gratuit \u0219i program special la TNB, de Ziua Culturii Na\u021bionale\",\"datePublished\":\"2024-01-15T04:52:00+00:00\",\"dateModified\":\"2024-01-15T04:52:54+00:00\",\"mainEntityOfPage\":{\"@id\":\"https:\\\/\\\/buletin.de\\\/bucuresti\\\/acces-gratuit-si-program-special-la-tnb-de-ziua-culturii-nationale\\\/\"},\"wordCount\":174,\"publisher\":{\"@id\":\"https:\\\/\\\/buletin.de\\\/bucuresti\\\/#organization\"},\"image\":{\"@id\":\"https:\\\/\\\/buletin.de\\\/bucuresti\\\/acces-gratuit-si-program-special-la-tnb-de-ziua-culturii-nationale\\\/#primaryimage\"},\"thumbnailUrl\":\"https:\\\/\\\/buletin.de\\\/bucuresti\\\/wp-content\\\/uploads\\\/teatrul-national-2.jpeg\",\"keywords\":[\"Mihai Eminescu\",\"Teatrul National I.L. Caragiale\",\"Ziua Culturii Nationale\"],\"articleSection\":[\"Articole\",\"Cultur\u0103\",\"\u0218tiri\"],\"inLanguage\":\"en-GB\",\"copyrightYear\":\"2024\",\"copyrightHolder\":{\"@id\":\"https:\\\/\\\/buletin.de\\\/bucuresti\\\/#organization\"}},{\"@type\":\"WebPage\",\"@id\":\"https:\\\/\\\/buletin.de\\\/bucuresti\\\/acces-gratuit-si-program-special-la-tnb-de-ziua-culturii-nationale\\\/\",\"url\":\"https:\\\/\\\/buletin.de\\\/bucuresti\\\/acces-gratuit-si-program-special-la-tnb-de-ziua-culturii-nationale\\\/\",\"name\":\"Acces gratuit \u0219i program special la TNB, de Ziua Culturii Na\u021bionale - Buletin de Bucure\u0219ti\",\"isPartOf\":{\"@id\":\"https:\\\/\\\/buletin.de\\\/bucuresti\\\/#website\"},\"primaryImageOfPage\":{\"@id\":\"https:\\\/\\\/buletin.de\\\/bucuresti\\\/acces-gratuit-si-program-special-la-tnb-de-ziua-culturii-nationale\\\/#primaryimage\"},\"image\":{\"@id\":\"https:\\\/\\\/buletin.de\\\/bucuresti\\\/acces-gratuit-si-program-special-la-tnb-de-ziua-culturii-nationale\\\/#primaryimage\"},\"thumbnailUrl\":\"https:\\\/\\\/buletin.de\\\/bucuresti\\\/wp-content\\\/uploads\\\/teatrul-national-2.jpeg\",\"datePublished\":\"2024-01-15T04:52:00+00:00\",\"dateModified\":\"2024-01-15T04:52:54+00:00\",\"breadcrumb\":{\"@id\":\"https:\\\/\\\/buletin.de\\\/bucuresti\\\/acces-gratuit-si-program-special-la-tnb-de-ziua-culturii-nationale\\\/#breadcrumb\"},\"inLanguage\":\"en-GB\",\"potentialAction\":[{\"@type\":\"ReadAction\",\"target\":[\"https:\\\/\\\/buletin.de\\\/bucuresti\\\/acces-gratuit-si-program-special-la-tnb-de-ziua-culturii-nationale\\\/\"]}]},{\"@type\":\"ImageObject\",\"inLanguage\":\"en-GB\",\"@id\":\"https:\\\/\\\/buletin.de\\\/bucuresti\\\/acces-gratuit-si-program-special-la-tnb-de-ziua-culturii-nationale\\\/#primaryimage\",\"url\":\"https:\\\/\\\/buletin.de\\\/bucuresti\\\/wp-content\\\/uploads\\\/teatrul-national-2.jpeg\",\"contentUrl\":\"https:\\\/\\\/buletin.de\\\/bucuresti\\\/wp-content\\\/uploads\\\/teatrul-national-2.jpeg\",\"width\":2048,\"height\":1170,\"caption\":\"Foto: Teatrul National\"},{\"@type\":\"BreadcrumbList\",\"@id\":\"https:\\\/\\\/buletin.de\\\/bucuresti\\\/acces-gratuit-si-program-special-la-tnb-de-ziua-culturii-nationale\\\/#breadcrumb\",\"itemListElement\":[{\"@type\":\"ListItem\",\"position\":1,\"name\":\"Acas\u0103\",\"item\":\"https:\\\/\\\/buletin.de\\\/bucuresti\\\/\"},{\"@type\":\"ListItem\",\"position\":2,\"name\":\"Acces gratuit \u0219i program special la TNB, de Ziua Culturii Na\u021bionale\"}]},{\"@type\":\"WebSite\",\"@id\":\"https:\\\/\\\/buletin.de\\\/bucuresti\\\/#website\",\"url\":\"https:\\\/\\\/buletin.de\\\/bucuresti\\\/\",\"name\":\"Buletin de Bucure\u0219ti\",\"description\":\"\u0218tiri \u0219i investiga\u021bii esen\u021biale din capital\u0103\",\"publisher\":{\"@id\":\"https:\\\/\\\/buletin.de\\\/bucuresti\\\/#organization\"},\"potentialAction\":[{\"@type\":\"SearchAction\",\"target\":{\"@type\":\"EntryPoint\",\"urlTemplate\":\"https:\\\/\\\/buletin.de\\\/bucuresti\\\/?s={search_term_string}\"},\"query-input\":{\"@type\":\"PropertyValueSpecification\",\"valueRequired\":true,\"valueName\":\"search_term_string\"}}],\"inLanguage\":\"en-GB\"},{\"@type\":\"Organization\",\"@id\":\"https:\\\/\\\/buletin.de\\\/bucuresti\\\/#organization\",\"name\":\"Buletin de Bucure\u0219ti\",\"url\":\"https:\\\/\\\/buletin.de\\\/bucuresti\\\/\",\"logo\":{\"@type\":\"ImageObject\",\"inLanguage\":\"en-GB\",\"@id\":\"https:\\\/\\\/buletin.de\\\/bucuresti\\\/#\\\/schema\\\/logo\\\/image\\\/\",\"url\":\"https:\\\/\\\/buletin.de\\\/bucuresti\\\/wp-content\\\/uploads\\\/logo-bdb-full-wide-vernil-transparent.png\",\"contentUrl\":\"https:\\\/\\\/buletin.de\\\/bucuresti\\\/wp-content\\\/uploads\\\/logo-bdb-full-wide-vernil-transparent.png\",\"width\":1782,\"height\":626,\"caption\":\"Buletin de Bucure\u0219ti\"},\"image\":{\"@id\":\"https:\\\/\\\/buletin.de\\\/bucuresti\\\/#\\\/schema\\\/logo\\\/image\\\/\"},\"sameAs\":[\"https:\\\/\\\/www.facebook.com\\\/buletin.de.buc\",\"https:\\\/\\\/www.instagram.com\\\/buletinde.bucuresti\\\/\"]},{\"@type\":\"Person\",\"@id\":\"https:\\\/\\\/buletin.de\\\/bucuresti\\\/#\\\/schema\\\/person\\\/7e46040573290777280a0835d81ea4ea\",\"name\":\"Diana Matei\",\"image\":{\"@type\":\"ImageObject\",\"inLanguage\":\"en-GB\",\"@id\":\"https:\\\/\\\/buletin.de\\\/bucuresti\\\/wp-content\\\/uploads\\\/9-2-96x96.jpg1e8590b30871d70e62ebcdaf2eff570c\",\"url\":\"https:\\\/\\\/buletin.de\\\/bucuresti\\\/wp-content\\\/uploads\\\/9-2-96x96.jpg\",\"contentUrl\":\"https:\\\/\\\/buletin.de\\\/bucuresti\\\/wp-content\\\/uploads\\\/9-2-96x96.jpg\",\"caption\":\"Diana Matei\"},\"url\":\"https:\\\/\\\/buletin.de\\\/bucuresti\\\/author\\\/dianamatei\\\/\"}]}<\/script>\n<!-- \/ Yoast SEO Premium plugin. -->","yoast_head_json":{"title":"Acces gratuit \u0219i program special la TNB, de Ziua Culturii Na\u021bionale - Buletin de Bucure\u0219ti","robots":{"index":"index","follow":"follow","max-snippet":"max-snippet:-1","max-image-preview":"max-image-preview:large","max-video-preview":"max-video-preview:-1"},"canonical":"https:\/\/buletin.de\/bucuresti\/acces-gratuit-si-program-special-la-tnb-de-ziua-culturii-nationale\/","og_locale":"en_GB","og_type":"article","og_title":"Acces gratuit \u0219i program special la TNB, de Ziua Culturii Na\u021bionale","og_description":"Teatrul Na\u0163ional \u201eI.L.Caragiale\u201d din Bucure\u015fti va fi deschis pe 15 ianuarie, de Ziua Culturii Nationale. De asemenea, Muzeul TNB, aflat la subsolul S\u0103lii Mari iar intrarea este liber\u0103. Muzeul va fi deschis \u00eentre orele 12:00 \u2013 18:00. La Sala Atelier a TNB, de la ora 19:00, va fi prezentat un spectacol de Ziua Culturii Na\u0163ionale. [&hellip;]","og_url":"https:\/\/buletin.de\/bucuresti\/acces-gratuit-si-program-special-la-tnb-de-ziua-culturii-nationale\/","og_site_name":"Buletin de Bucure\u0219ti","article_publisher":"https:\/\/www.facebook.com\/buletin.de.buc","article_published_time":"2024-01-15T04:52:00+00:00","article_modified_time":"2024-01-15T04:52:54+00:00","og_image":[{"width":2048,"height":1170,"url":"https:\/\/buletin.de\/bucuresti\/wp-content\/uploads\/teatrul-national-2.jpeg","type":"image\/jpeg"}],"author":"Diana Matei","twitter_card":"summary_large_image","twitter_misc":{"Written by":"Diana Matei","Estimated reading time":"1 minute"},"schema":{"@context":"https:\/\/schema.org","@graph":[{"@type":"Article","@id":"https:\/\/buletin.de\/bucuresti\/acces-gratuit-si-program-special-la-tnb-de-ziua-culturii-nationale\/#article","isPartOf":{"@id":"https:\/\/buletin.de\/bucuresti\/acces-gratuit-si-program-special-la-tnb-de-ziua-culturii-nationale\/"},"author":{"name":"Diana Matei","@id":"https:\/\/buletin.de\/bucuresti\/#\/schema\/person\/7e46040573290777280a0835d81ea4ea"},"headline":"Acces gratuit \u0219i program special la TNB, de Ziua Culturii Na\u021bionale","datePublished":"2024-01-15T04:52:00+00:00","dateModified":"2024-01-15T04:52:54+00:00","mainEntityOfPage":{"@id":"https:\/\/buletin.de\/bucuresti\/acces-gratuit-si-program-special-la-tnb-de-ziua-culturii-nationale\/"},"wordCount":174,"publisher":{"@id":"https:\/\/buletin.de\/bucuresti\/#organization"},"image":{"@id":"https:\/\/buletin.de\/bucuresti\/acces-gratuit-si-program-special-la-tnb-de-ziua-culturii-nationale\/#primaryimage"},"thumbnailUrl":"https:\/\/buletin.de\/bucuresti\/wp-content\/uploads\/teatrul-national-2.jpeg","keywords":["Mihai Eminescu","Teatrul National I.L. Caragiale","Ziua Culturii Nationale"],"articleSection":["Articole","Cultur\u0103","\u0218tiri"],"inLanguage":"en-GB","copyrightYear":"2024","copyrightHolder":{"@id":"https:\/\/buletin.de\/bucuresti\/#organization"}},{"@type":"WebPage","@id":"https:\/\/buletin.de\/bucuresti\/acces-gratuit-si-program-special-la-tnb-de-ziua-culturii-nationale\/","url":"https:\/\/buletin.de\/bucuresti\/acces-gratuit-si-program-special-la-tnb-de-ziua-culturii-nationale\/","name":"Acces gratuit \u0219i program special la TNB, de Ziua Culturii Na\u021bionale - Buletin de Bucure\u0219ti","isPartOf":{"@id":"https:\/\/buletin.de\/bucuresti\/#website"},"primaryImageOfPage":{"@id":"https:\/\/buletin.de\/bucuresti\/acces-gratuit-si-program-special-la-tnb-de-ziua-culturii-nationale\/#primaryimage"},"image":{"@id":"https:\/\/buletin.de\/bucuresti\/acces-gratuit-si-program-special-la-tnb-de-ziua-culturii-nationale\/#primaryimage"},"thumbnailUrl":"https:\/\/buletin.de\/bucuresti\/wp-content\/uploads\/teatrul-national-2.jpeg","datePublished":"2024-01-15T04:52:00+00:00","dateModified":"2024-01-15T04:52:54+00:00","breadcrumb":{"@id":"https:\/\/buletin.de\/bucuresti\/acces-gratuit-si-program-special-la-tnb-de-ziua-culturii-nationale\/#breadcrumb"},"inLanguage":"en-GB","potentialAction":[{"@type":"ReadAction","target":["https:\/\/buletin.de\/bucuresti\/acces-gratuit-si-program-special-la-tnb-de-ziua-culturii-nationale\/"]}]},{"@type":"ImageObject","inLanguage":"en-GB","@id":"https:\/\/buletin.de\/bucuresti\/acces-gratuit-si-program-special-la-tnb-de-ziua-culturii-nationale\/#primaryimage","url":"https:\/\/buletin.de\/bucuresti\/wp-content\/uploads\/teatrul-national-2.jpeg","contentUrl":"https:\/\/buletin.de\/bucuresti\/wp-content\/uploads\/teatrul-national-2.jpeg","width":2048,"height":1170,"caption":"Foto: Teatrul National"},{"@type":"BreadcrumbList","@id":"https:\/\/buletin.de\/bucuresti\/acces-gratuit-si-program-special-la-tnb-de-ziua-culturii-nationale\/#breadcrumb","itemListElement":[{"@type":"ListItem","position":1,"name":"Acas\u0103","item":"https:\/\/buletin.de\/bucuresti\/"},{"@type":"ListItem","position":2,"name":"Acces gratuit \u0219i program special la TNB, de Ziua Culturii Na\u021bionale"}]},{"@type":"WebSite","@id":"https:\/\/buletin.de\/bucuresti\/#website","url":"https:\/\/buletin.de\/bucuresti\/","name":"Buletin de Bucure\u0219ti","description":"\u0218tiri \u0219i investiga\u021bii esen\u021biale din capital\u0103","publisher":{"@id":"https:\/\/buletin.de\/bucuresti\/#organization"},"potentialAction":[{"@type":"SearchAction","target":{"@type":"EntryPoint","urlTemplate":"https:\/\/buletin.de\/bucuresti\/?s={search_term_string}"},"query-input":{"@type":"PropertyValueSpecification","valueRequired":true,"valueName":"search_term_string"}}],"inLanguage":"en-GB"},{"@type":"Organization","@id":"https:\/\/buletin.de\/bucuresti\/#organization","name":"Buletin de Bucure\u0219ti","url":"https:\/\/buletin.de\/bucuresti\/","logo":{"@type":"ImageObject","inLanguage":"en-GB","@id":"https:\/\/buletin.de\/bucuresti\/#\/schema\/logo\/image\/","url":"https:\/\/buletin.de\/bucuresti\/wp-content\/uploads\/logo-bdb-full-wide-vernil-transparent.png","contentUrl":"https:\/\/buletin.de\/bucuresti\/wp-content\/uploads\/logo-bdb-full-wide-vernil-transparent.png","width":1782,"height":626,"caption":"Buletin de Bucure\u0219ti"},"image":{"@id":"https:\/\/buletin.de\/bucuresti\/#\/schema\/logo\/image\/"},"sameAs":["https:\/\/www.facebook.com\/buletin.de.buc","https:\/\/www.instagram.com\/buletinde.bucuresti\/"]},{"@type":"Person","@id":"https:\/\/buletin.de\/bucuresti\/#\/schema\/person\/7e46040573290777280a0835d81ea4ea","name":"Diana Matei","image":{"@type":"ImageObject","inLanguage":"en-GB","@id":"https:\/\/buletin.de\/bucuresti\/wp-content\/uploads\/9-2-96x96.jpg1e8590b30871d70e62ebcdaf2eff570c","url":"https:\/\/buletin.de\/bucuresti\/wp-content\/uploads\/9-2-96x96.jpg","contentUrl":"https:\/\/buletin.de\/bucuresti\/wp-content\/uploads\/9-2-96x96.jpg","caption":"Diana Matei"},"url":"https:\/\/buletin.de\/bucuresti\/author\/dianamatei\/"}]}},"authors":[{"term_id":22574,"user_id":49,"is_guest":0,"slug":"dianamatei","display_name":"Diana Matei","avatar_url":"https:\/\/buletin.de\/bucuresti\/wp-content\/uploads\/9-2-96x96.jpg","0":null,"1":"","2":"","3":"","4":"","5":"","6":"","7":"","8":""}],"_links":{"self":[{"href":"https:\/\/buletin.de\/bucuresti\/wp-json\/wp\/v2\/posts\/74544","targetHints":{"allow":["GET"]}}],"collection":[{"href":"https:\/\/buletin.de\/bucuresti\/wp-json\/wp\/v2\/posts"}],"about":[{"href":"https:\/\/buletin.de\/bucuresti\/wp-json\/wp\/v2\/types\/post"}],"author":[{"embeddable":true,"href":"https:\/\/buletin.de\/bucuresti\/wp-json\/wp\/v2\/users\/49"}],"replies":[{"embeddable":true,"href":"https:\/\/buletin.de\/bucuresti\/wp-json\/wp\/v2\/comments?post=74544"}],"version-history":[{"count":3,"href":"https:\/\/buletin.de\/bucuresti\/wp-json\/wp\/v2\/posts\/74544\/revisions"}],"predecessor-version":[{"id":74564,"href":"https:\/\/buletin.de\/bucuresti\/wp-json\/wp\/v2\/posts\/74544\/revisions\/74564"}],"wp:featuredmedia":[{"embeddable":true,"href":"https:\/\/buletin.de\/bucuresti\/wp-json\/wp\/v2\/media\/74545"}],"wp:attachment":[{"href":"https:\/\/buletin.de\/bucuresti\/wp-json\/wp\/v2\/media?parent=74544"}],"wp:term":[{"taxonomy":"category","embeddable":true,"href":"https:\/\/buletin.de\/bucuresti\/wp-json\/wp\/v2\/categories?post=74544"},{"taxonomy":"post_tag","embeddable":true,"href":"https:\/\/buletin.de\/bucuresti\/wp-json\/wp\/v2\/tags?post=74544"},{"taxonomy":"author","embeddable":true,"href":"https:\/\/buletin.de\/bucuresti\/wp-json\/wp\/v2\/ppma_author?post=74544"}],"curies":[{"name":"wp","href":"https:\/\/api.w.org\/{rel}","templated":true}]}}