{"id":74526,"date":"2024-01-15T07:11:22","date_gmt":"2024-01-15T05:11:22","guid":{"rendered":"https:\/\/buletin.de\/bucuresti\/?p=74526"},"modified":"2024-01-16T00:40:03","modified_gmt":"2024-01-15T22:40:03","slug":"editorial-fisura-vointei-din-fuziunea-termoenergetica-elcen-nicusor-dan-vs-sebastian-burduja","status":"publish","type":"post","link":"https:\/\/buletin.de\/bucuresti\/editorial-fisura-vointei-din-fuziunea-termoenergetica-elcen-nicusor-dan-vs-sebastian-burduja\/","title":{"rendered":"EDITORIAL | Fisura \u201evoin\u021bei\u201c din fuziunea Termoenergetica-ELCEN: Nicu\u0219or Dan \u0219i pixul lui Sebastian Burduja"},"content":{"rendered":"\n<p><strong>Una dintre cele mai mari probleme ale Capitalei, despre care se vorbe\u0219te prea pu\u021bin, \u021bine de o anomalie ale c\u0103rei semin\u021be au fost plantate \u00een anii \u201990. \u00cen anii tulburi ai tranzi\u021biei, la Bucure\u0219ti, \u00een\u021belepciunea administrativ\u0103, local\u0103 \u0219i central\u0103 deopotriv\u0103, a dictat spargerea \u00een dou\u0103 a unui mamut energetic care asigura, \u00een sistem integrat, produc\u021bia \u0219i distribu\u021bia agentului termic. Dup\u0103 30 de ani, avem de-a face cu o anomalie bicefal\u0103, \u00eentr-o \u00eenc\u0103pere friguroas\u0103, pe care nu o vede mai nimeni. Desigur, dincolo de g\u0103uri \u0219i datorii, aceasta este alimentat\u0103 de ve\u0219nicul \u201edecident politic\u201c \u0219i a sa \u201evoin\u021b\u0103\u201c.<\/strong><\/p>\n\n\n\n<p>Pe 1 septembrie 2021, adic\u0103 acum aproape doi ani \u0219i jum\u0103tate, <a href=\"https:\/\/buletin.de\/bucuresti\/exclusiv-preluarea-elcen-de-catre-primaria-generala-va-costa-218-milioane-de-euro-decizia-votata-saptamana-viitoare-in-cgmb\/\">Consiliul General al Capitalei vota preluarea Electrocentrale Bucure\u0219ti (ELCEN).<\/a> Un gest simbolic \u0219i mai degrab\u0103 birocratic, care a venit dup\u0103 ce mai multe pl\u0103ci tectonice s-au a\u0219ezat cu greu: <a href=\"https:\/\/buletin.de\/bucuresti\/radet-o-schema-coruptie-de-tipul-captura-a-resurselor-publice\/\">parastasul RADET<\/a>, <a href=\"https:\/\/buletin.de\/bucuresti\/elcen-a-iesit-din-insolventa-dupa-cinci-ani\/\">insolven\u021ba ELCEN<\/a>, <a href=\"https:\/\/buletin.de\/bucuresti\/preluarea-elcen-de-catre-primaria-capitalei-intarziata-din-cauza-unui-raport-de-evaluare-care-a-costat-deja-46-500-de-euro\/\">rapoarte de evaluare<\/a>, discu\u021bii aplicate dar \u0219i mult gaz ars de poman\u0103. &nbsp;<\/p>\n\n\n\n<p>Suntem \u00een 2024, iar comasarea produc\u021biei de agent termic cu distribu\u021bia este \u00eenc\u0103 la stadiul \u201ese analizeaz\u0103 solu\u021bia\u201d, afl\u0103m dintr-un r\u0103spuns al ELCEN, transmis la solicitarea Buletin de Bucure\u0219ti.<\/p>\n\n\n\n<blockquote class=\"wp-block-quote is-layout-flow wp-block-quote-is-layout-flow\">\n<p>\u201e<em>Nu este vorba despre un blocaj. \u00cen acest <strong>moment se analizeaz\u0103 solu\u021bia fuziunii celor dou\u0103 companii \u0219i pa\u0219ii institu\u021bionali necesari realiz\u0103rii acestui demers. <\/strong>[&#8230;] <strong>Solu\u021bia este s\u0103 ie\u0219im din paradigma indiferen\u021bei \u0219i a datoriilor<\/strong> \u0219i s\u0103 investim \u00een modernizarea acestui sistem. <span style=\"text-decoration: underline;\"><strong>Cu voin\u021b\u0103<\/strong><\/span> din partea tuturor p\u0103r\u021bilor implicate, inclusiv a Prim\u0103riei Municipiului Bucure\u0219ti, se va putea ajunge la un consens favorabil cu privire la \u00eembun\u0103t\u0103\u021birea sistemului de \u00eenc\u0103lzire \u00een Bucure\u0219ti.[&#8230;] Termoenergetica are \u00een acest moment o datorie curent\u0103 de 685 milioane lei fa\u021b\u0103 de ELCEN.<\/em>\u201d <\/p>\n<cite>&#8211; Biroul de Pres\u0103 ELCEN<\/cite><\/blockquote>\n\n\n\n<p>De cealalt\u0103 parte, tot la solicitarea Buletin de Bucure\u0219ti, Prim\u0103ria Capitalei a r\u0103spuns cu o declara\u021bie a primarului general Nicu\u0219or Dan din 11 decembrie.<\/p>\n\n\n\n<blockquote class=\"wp-block-quote is-layout-flow wp-block-quote-is-layout-flow\">\n<p>&#8220;<em>Eu sunt deschis, fie ca Prim\u0103ria Capitalei s\u0103 preia\u00a0ELCEN, fie s\u0103 se fac\u0103 o companie, \u00een care s\u0103 aib\u0103 ac\u0163iuni \u015fi municipiul Bucure\u015fti \u015fi statul rom\u00e2n, prin Ministerul Energiei. Discu\u021biile sunt foarte, foarte tehnice. <strong>Am avut discu\u0163iile acestea foarte aplicate \u00een anul 2022 \u015fi obstacolul tehnic cel mai mare \u00een care ne-am \u00eempiedicat este acel litigiu \u00een care Ministerul Energiei spune c\u0103 noi trebuie s\u0103 le d\u0103m 3,8 miliarde de lei \u015fi noi spunem c\u0103 trebuie s\u0103 le d\u0103m 900 de milioane de lei<\/strong>, deci, acele datorii care provin din falimentul RADET-ului. Deci, discu\u0163iile sunt tehnice, <strong>dar din partea noastr\u0103 <span style=\"text-decoration: underline;\">exist\u0103 voin\u0163\u0103<\/span> pentru oricare dintre aceste formule<\/strong><\/em>\u201d.<\/p>\n<cite>&#8211; primarul General al Capitalei Nicu\u0219or Dan<\/cite><\/blockquote>\n\n\n\n<p>Aceasta este poza la minut a problemei. Doar c\u0103 este realizat\u0103 de la mare dep\u0103rtare, iar diavolul se ascunde \u00een detalii.<\/p>\n\n\n\n<p>ELCEN este controlat\u0103 de Ministerul Energiei, care-i condus la r\u00e2ndu-i <a href=\"https:\/\/buletin.de\/bucuresti\/surse-g4media-sebastian-burduja-va-fi-noul-sef-pnl-bucuresti-postul-e-vacant-dupa-demisia-lui-ciprian-ciucu\/\">de proasp\u0103tul pre\u0219edinte PNL Bucure\u0219ti, Sebastian Burduja.<\/a> PNL Bucure\u0219ti \u00eei asigur\u0103 lui Nicu\u0219or Dan majoritatea \u00een Consiliul General, f\u0103r\u0103 de care niciun proiect, fie el \u0219i pentru schimbarea unui bec, nu poate trece.<\/p>\n\n\n\n<p>C\u0103 PNL Bucure\u0219ti are ultimul cuv\u00e2nt cu privire la administrarea Capitalei, <a href=\"https:\/\/buletin.de\/bucuresti\/nicusor-dan-dispune-reluarea-traficului-auto-pe-aleile-restaurantelor-de-fite-din-nordul-parcului-herastrau\/\">\u0219i-a dat seama toat\u0103 lumea dup\u0103 scandalul accesului auto pe aleile restaurantelor de fi\u021be din Nordul Parcului Her\u0103str\u0103u<\/a>. &nbsp;&nbsp;&nbsp;&nbsp;<\/p>\n\n\n\n<p>Iar ca s\u0103 \u00eenchidem cercul, proasp\u0103tul pre\u0219edinte PNL Bucure\u0219ti, Sebastian Burduja, are, mai nou, explica\u021bii \u0219i sentin\u021be cu privire la sistemul de termoficare din Capital\u0103, <a href=\"https:\/\/www.agerpres.ro\/documentare\/2023\/06\/13\/sebastian-ioan-burduja-propus-ministrul-energiei-fisa-biografica--1123615\">dup\u0103 ce \u0219i-a \u00eenchieiat ministeriatul cercet\u0103rii \u0219i digitalizarii \u021b\u0103rii la rocada PSD\/PNL de ast\u0103-var\u0103.<\/a> &nbsp;&nbsp;&nbsp;<\/p>\n\n\n\n<p>\u201c<em><a href=\"https:\/\/buletin.de\/bucuresti\/termoficare-a-fost-astupat-gheizerul-de-pe-magistrala-grivita-termoenergetica-anunta-incarcarea-instalatiei\/\">Zilele trecute am semnalat o avarie major\u0103 la re\u021beaua de termoficare din Bucure\u0219ti<\/a>, care a l\u0103sat zeci de mii de rom\u00e2ni f\u0103r\u0103 ap\u0103 cald\u0103 \u0219i c\u0103ldur\u0103. Am explicat c\u0103 tronsonul respectiv, pus \u00een func\u021biune din 1981, ar fi putut fi reabilitat de ani de zile pe fonduri europene, <strong>dar Prim\u0103ria General\u0103 nu s-a implicat \u0219i a pierdut aproape to\u021bi banii. Este inacceptabil ca zeci de mii de bucure\u0219teni s\u0103 r\u0103m\u00e2n\u0103, \u00een condi\u021bii de ger, f\u0103r\u0103 c\u0103ldur\u0103 \u0219i ap\u0103 cald\u0103<\/strong><\/em>\u201d, a spus public ministrul Sebastian Burduja dup\u0103 avaria de pe Magistrala Grivi\u021ba.<\/p>\n\n\n\n<iframe src=\"https:\/\/www.facebook.com\/plugins\/post.php?href=https%3A%2F%2Fwww.facebook.com%2Ftianu%2Fposts%2Fpfbid09zYkwgDRPWQLrxxBZqwiAfSrW7reVmgiXAT45KH82S9ce4rCEdfeXaPb9DheyvQWl&#038;show_text=true&#038;width=500\" width=\"500\" height=\"711\" style=\"border:none;overflow:hidden\" scrolling=\"no\" frameborder=\"0\" allowfullscreen=\"true\" allow=\"autoplay; clipboard-write; encrypted-media; picture-in-picture; web-share\"><\/iframe>\n\n\n\n<p>De altfel, \u201einacceptabil\u0103\u201c &nbsp;ar putea fi considerat\u0103 \u0219i situa\u021bia de la ELCEN cu privire la <a href=\"https:\/\/buletin.de\/bucuresti\/dezastru-la-cet-sud-termocentrala-oprita-complet-dupa-ce-mai-multe-echipamente-au-fost-inundate\/\">investi\u021biile ratate<\/a> \u0219i <a href=\"https:\/\/buletin.de\/bucuresti\/garda-de-mediu-a-descins-la-elcen-controalele-vizeaza-aparatura-de-monitorizare-a-noxelor-la-cosurile-de-fum-si-folosirea-pacurii\/\">problemele de mediu<\/a>, despre care <a href=\"https:\/\/buletin.de\/bucuresti\/?s=elcen\">Buletin de Bucure\u0219ti a scris \u00een repetate r\u00e2nduri.<\/a> Dar acesta este alt subiect asupra c\u0103ruia ne vom apleca din nou \u00een perioada urm\u0103toare.<\/p>\n\n\n\n<p>La aceast\u0103 or\u0103, impedimentul oficial este, a\u0219adar, o datorie curent\u0103 de 138 de milioane de euro pe care Termoenergetica lui Nicu\u0219or Dan trebuie s\u0103 o pl\u0103teasc\u0103 ELCEN-ului lui Sebastian Burduja.<\/p>\n\n\n\n<p>\u201eBani pentru gum\u0103\u201c, dac\u0103 ne raport\u0103m la sumele care se \u00eenv\u00e2rt \u00een acest domeniu. Cu at\u00e2t mai mult cu c\u00e2t datoriile pot fi e\u0219alonate, absorbite, \u0219terse din pix, comasate, licitate etc. astfel \u00eenc\u00e2t s\u0103 nu \u00eei certe Uniunea European\u0103 c\u0103 se folosesc ajutoare de stat, \u0219i nu subven\u021bii, pentru termoficarea Capitalei.<\/p>\n\n\n\n<p>La o adic\u0103, e plin\u0103 biblioteca Academia de Studii Economice, institu\u021bia unde \u0219i-a luat doctoratul \u00een 2019 ministrul Burduja, de solu\u021bii.<\/p>\n\n\n\n<p>De ce trebuie o comasare a celor dou\u0103 companii? E foarte simplu: imagina\u021bi-v\u0103 c\u0103 centrala termic\u0103\/soba\/boilerul\/aeroterma care v\u0103 \u00eenc\u0103lze\u0219te locuin\u021ba a ajuns \u00een proprietatea unui vecin capricios care intermediaz\u0103, cu adaosul, sinecurile \u0219i \u201epar\u0103-nd\u0103r\u0103turile&#8221; aferente, tot ce \u021bine de confortul termic \u0219i ap\u0103 cald\u0103 din locuin\u021ba proprietate personal\u0103, care la r\u00e2ndu-i are \u021bevi sparte, robine\u021bi rugini\u021bi \u0219i, din nou, sinecuri \u0219i \u201epar\u0103-nd\u0103r\u0103turi&#8221; aferente. <\/p>\n\n\n\n<p>Altfel spus, comasarea\/optimizarea, \u00een paralel cu investi\u021biile \u00een \u00eenlocuirea de conducte, ar putea fi o realizare mai mare dec\u00e2t orice alt\u0103 lucrare de infrastructur\u0103 sau reform\u0103 administrativ\u0103, la nivelul Capitalei.<\/p>\n\n\n\n<p>Banii astfel economisi\u021bi vor putea acoperi cu u\u0219urin\u021b\u0103 construirea de pasaje, modernizarea transportului, consolid\u0103ri, paranghelii \u0219i vouchere \u0219i orice ar vrea sufletul poporului bucure\u0219tean \u00een afar\u0103 de c\u0103ldur\u0103 \u0219i ap\u0103 cald\u0103.<\/p>\n\n\n\n<p>Iar perspectiva e sub nasul nostru. \u00cen 2022, Electrocentrale Bucure\u0219ti a declarat la Ministerul de Finan\u021be un profit de aproape 210 milioane de euro din v\u00e2nzarea de agent termic \u0219i curent electric. C\u00e2t a venit de pe Bursa de Energie \u0219i c\u00e2t de pe urma ciurului gestionat de Termoenergetica, nu e greu de intuit, iar \u201edecidentul politic\u201c \u0219tie cel mai bine.<\/p>\n","protected":false},"excerpt":{"rendered":"<p>Una dintre cele mai mari probleme ale Capitalei, despre care se vorbe\u0219te prea pu\u021bin, \u021bine de o anomalie ale c\u0103rei semin\u021be au fost plantate \u00een anii \u201990. \u00cen anii tulburi ai tranzi\u021biei, la Bucure\u0219ti, \u00een\u021belepciunea administrativ\u0103, local\u0103 \u0219i central\u0103 deopotriv\u0103, a dictat spargerea \u00een dou\u0103 a unui mamut energetic care asigura, \u00een sistem integrat, produc\u021bia [&hellip;]<\/p>\n","protected":false},"author":10,"featured_media":74567,"comment_status":"closed","ping_status":"open","sticky":false,"template":"","format":"standard","meta":{"_acf_changed":false,"inline_featured_image":false,"ngg_post_thumbnail":0,"footnotes":""},"categories":[6994,41,5762,6214],"tags":[9105,9103,223,9104,9106,2592,288],"ppma_author":[22575],"class_list":["post-74526","post","type-post","status-publish","format-standard","has-post-thumbnail","hentry","category-stiri-2","category-editorial","category-main","category-termo","tag-comasare-elcen-termoenergetica","tag-ministerul-energiei-elcen","tag-nicusor-dan","tag-pmb-termoenergetica","tag-preluare-elcen-pmb","tag-sebastian-burduja","tag-termoficare"],"acf":[],"yoast_head":"<!-- This site is optimized with the Yoast SEO Premium plugin v25.3 (Yoast SEO v27.4) - https:\/\/yoast.com\/product\/yoast-seo-premium-wordpress\/ -->\n<title>EDITORIAL | Fisura \u201evoin\u021bei\u201c din fuziunea Termoenergetica-ELCEN: Nicu\u0219or Dan \u0219i pixul lui Sebastian Burduja - Buletin de Bucure\u0219ti<\/title>\n<meta name=\"robots\" content=\"index, follow, max-snippet:-1, max-image-preview:large, max-video-preview:-1\" \/>\n<link rel=\"canonical\" href=\"https:\/\/buletin.de\/bucuresti\/editorial-fisura-vointei-din-fuziunea-termoenergetica-elcen-nicusor-dan-vs-sebastian-burduja\/\" \/>\n<meta property=\"og:locale\" content=\"en_GB\" \/>\n<meta property=\"og:type\" content=\"article\" \/>\n<meta property=\"og:title\" content=\"EDITORIAL | Fisura \u201evoin\u021bei\u201c din fuziunea Termoenergetica-ELCEN: Nicu\u0219or Dan \u0219i pixul lui Sebastian Burduja\" \/>\n<meta property=\"og:description\" content=\"Una dintre cele mai mari probleme ale Capitalei, despre care se vorbe\u0219te prea pu\u021bin, \u021bine de o anomalie ale c\u0103rei semin\u021be au fost plantate \u00een anii \u201990. \u00cen anii tulburi ai tranzi\u021biei, la Bucure\u0219ti, \u00een\u021belepciunea administrativ\u0103, local\u0103 \u0219i central\u0103 deopotriv\u0103, a dictat spargerea \u00een dou\u0103 a unui mamut energetic care asigura, \u00een sistem integrat, produc\u021bia [&hellip;]\" \/>\n<meta property=\"og:url\" content=\"https:\/\/buletin.de\/bucuresti\/editorial-fisura-vointei-din-fuziunea-termoenergetica-elcen-nicusor-dan-vs-sebastian-burduja\/\" \/>\n<meta property=\"og:site_name\" content=\"Buletin de Bucure\u0219ti\" \/>\n<meta property=\"article:publisher\" content=\"https:\/\/www.facebook.com\/buletin.de.buc\" \/>\n<meta property=\"article:published_time\" content=\"2024-01-15T05:11:22+00:00\" \/>\n<meta property=\"article:modified_time\" content=\"2024-01-15T22:40:03+00:00\" \/>\n<meta property=\"og:image\" content=\"https:\/\/buletin.de\/bucuresti\/wp-content\/uploads\/burduja-nicusor-1-900x616.png\" \/>\n\t<meta property=\"og:image:width\" content=\"900\" \/>\n\t<meta property=\"og:image:height\" content=\"616\" \/>\n\t<meta property=\"og:image:type\" content=\"image\/png\" \/>\n<meta name=\"author\" content=\"C\u0103t\u0103lin Dosca\u0219\" \/>\n<meta name=\"twitter:card\" content=\"summary_large_image\" \/>\n<meta name=\"twitter:label1\" content=\"Written by\" \/>\n\t<meta name=\"twitter:data1\" content=\"C\u0103t\u0103lin Dosca\u0219\" \/>\n\t<meta name=\"twitter:label2\" content=\"Estimated reading time\" \/>\n\t<meta name=\"twitter:data2\" content=\"5 minutes\" \/>\n<script type=\"application\/ld+json\" class=\"yoast-schema-graph\">{\"@context\":\"https:\\\/\\\/schema.org\",\"@graph\":[{\"@type\":\"Article\",\"@id\":\"https:\\\/\\\/buletin.de\\\/bucuresti\\\/editorial-fisura-vointei-din-fuziunea-termoenergetica-elcen-nicusor-dan-vs-sebastian-burduja\\\/#article\",\"isPartOf\":{\"@id\":\"https:\\\/\\\/buletin.de\\\/bucuresti\\\/editorial-fisura-vointei-din-fuziunea-termoenergetica-elcen-nicusor-dan-vs-sebastian-burduja\\\/\"},\"author\":{\"name\":\"C\u0103t\u0103lin Dosca\u0219\",\"@id\":\"https:\\\/\\\/buletin.de\\\/bucuresti\\\/#\\\/schema\\\/person\\\/31117187ed4d0bdb0a4c7d6acc79d0f8\"},\"headline\":\"EDITORIAL | Fisura \u201evoin\u021bei\u201c din fuziunea Termoenergetica-ELCEN: Nicu\u0219or Dan \u0219i pixul lui Sebastian Burduja\",\"datePublished\":\"2024-01-15T05:11:22+00:00\",\"dateModified\":\"2024-01-15T22:40:03+00:00\",\"mainEntityOfPage\":{\"@id\":\"https:\\\/\\\/buletin.de\\\/bucuresti\\\/editorial-fisura-vointei-din-fuziunea-termoenergetica-elcen-nicusor-dan-vs-sebastian-burduja\\\/\"},\"wordCount\":1114,\"publisher\":{\"@id\":\"https:\\\/\\\/buletin.de\\\/bucuresti\\\/#organization\"},\"image\":{\"@id\":\"https:\\\/\\\/buletin.de\\\/bucuresti\\\/editorial-fisura-vointei-din-fuziunea-termoenergetica-elcen-nicusor-dan-vs-sebastian-burduja\\\/#primaryimage\"},\"thumbnailUrl\":\"https:\\\/\\\/buletin.de\\\/bucuresti\\\/wp-content\\\/uploads\\\/burduja-nicusor-1.png\",\"keywords\":[\"comasare elcen termoenergetica\",\"ministerul energiei elcen\",\"nicusor dan\",\"pmb termoenergetica\",\"preluare elcen pmb\",\"Sebastian Burduja\",\"termoficare\"],\"articleSection\":[\"Articole\",\"Editorial\",\"Main\",\"Termoficare\"],\"inLanguage\":\"en-GB\",\"copyrightYear\":\"2024\",\"copyrightHolder\":{\"@id\":\"https:\\\/\\\/buletin.de\\\/bucuresti\\\/#organization\"}},{\"@type\":\"WebPage\",\"@id\":\"https:\\\/\\\/buletin.de\\\/bucuresti\\\/editorial-fisura-vointei-din-fuziunea-termoenergetica-elcen-nicusor-dan-vs-sebastian-burduja\\\/\",\"url\":\"https:\\\/\\\/buletin.de\\\/bucuresti\\\/editorial-fisura-vointei-din-fuziunea-termoenergetica-elcen-nicusor-dan-vs-sebastian-burduja\\\/\",\"name\":\"EDITORIAL | Fisura \u201evoin\u021bei\u201c din fuziunea Termoenergetica-ELCEN: Nicu\u0219or Dan \u0219i pixul lui Sebastian Burduja - Buletin de Bucure\u0219ti\",\"isPartOf\":{\"@id\":\"https:\\\/\\\/buletin.de\\\/bucuresti\\\/#website\"},\"primaryImageOfPage\":{\"@id\":\"https:\\\/\\\/buletin.de\\\/bucuresti\\\/editorial-fisura-vointei-din-fuziunea-termoenergetica-elcen-nicusor-dan-vs-sebastian-burduja\\\/#primaryimage\"},\"image\":{\"@id\":\"https:\\\/\\\/buletin.de\\\/bucuresti\\\/editorial-fisura-vointei-din-fuziunea-termoenergetica-elcen-nicusor-dan-vs-sebastian-burduja\\\/#primaryimage\"},\"thumbnailUrl\":\"https:\\\/\\\/buletin.de\\\/bucuresti\\\/wp-content\\\/uploads\\\/burduja-nicusor-1.png\",\"datePublished\":\"2024-01-15T05:11:22+00:00\",\"dateModified\":\"2024-01-15T22:40:03+00:00\",\"breadcrumb\":{\"@id\":\"https:\\\/\\\/buletin.de\\\/bucuresti\\\/editorial-fisura-vointei-din-fuziunea-termoenergetica-elcen-nicusor-dan-vs-sebastian-burduja\\\/#breadcrumb\"},\"inLanguage\":\"en-GB\",\"potentialAction\":[{\"@type\":\"ReadAction\",\"target\":[\"https:\\\/\\\/buletin.de\\\/bucuresti\\\/editorial-fisura-vointei-din-fuziunea-termoenergetica-elcen-nicusor-dan-vs-sebastian-burduja\\\/\"]}]},{\"@type\":\"ImageObject\",\"inLanguage\":\"en-GB\",\"@id\":\"https:\\\/\\\/buletin.de\\\/bucuresti\\\/editorial-fisura-vointei-din-fuziunea-termoenergetica-elcen-nicusor-dan-vs-sebastian-burduja\\\/#primaryimage\",\"url\":\"https:\\\/\\\/buletin.de\\\/bucuresti\\\/wp-content\\\/uploads\\\/burduja-nicusor-1.png\",\"contentUrl\":\"https:\\\/\\\/buletin.de\\\/bucuresti\\\/wp-content\\\/uploads\\\/burduja-nicusor-1.png\",\"width\":2000,\"height\":1369},{\"@type\":\"BreadcrumbList\",\"@id\":\"https:\\\/\\\/buletin.de\\\/bucuresti\\\/editorial-fisura-vointei-din-fuziunea-termoenergetica-elcen-nicusor-dan-vs-sebastian-burduja\\\/#breadcrumb\",\"itemListElement\":[{\"@type\":\"ListItem\",\"position\":1,\"name\":\"Acas\u0103\",\"item\":\"https:\\\/\\\/buletin.de\\\/bucuresti\\\/\"},{\"@type\":\"ListItem\",\"position\":2,\"name\":\"EDITORIAL | Fisura \u201evoin\u021bei\u201c din fuziunea Termoenergetica-ELCEN: Nicu\u0219or Dan \u0219i pixul lui Sebastian Burduja\"}]},{\"@type\":\"WebSite\",\"@id\":\"https:\\\/\\\/buletin.de\\\/bucuresti\\\/#website\",\"url\":\"https:\\\/\\\/buletin.de\\\/bucuresti\\\/\",\"name\":\"Buletin de Bucure\u0219ti\",\"description\":\"\u0218tiri \u0219i investiga\u021bii esen\u021biale din capital\u0103\",\"publisher\":{\"@id\":\"https:\\\/\\\/buletin.de\\\/bucuresti\\\/#organization\"},\"potentialAction\":[{\"@type\":\"SearchAction\",\"target\":{\"@type\":\"EntryPoint\",\"urlTemplate\":\"https:\\\/\\\/buletin.de\\\/bucuresti\\\/?s={search_term_string}\"},\"query-input\":{\"@type\":\"PropertyValueSpecification\",\"valueRequired\":true,\"valueName\":\"search_term_string\"}}],\"inLanguage\":\"en-GB\"},{\"@type\":\"Organization\",\"@id\":\"https:\\\/\\\/buletin.de\\\/bucuresti\\\/#organization\",\"name\":\"Buletin de Bucure\u0219ti\",\"url\":\"https:\\\/\\\/buletin.de\\\/bucuresti\\\/\",\"logo\":{\"@type\":\"ImageObject\",\"inLanguage\":\"en-GB\",\"@id\":\"https:\\\/\\\/buletin.de\\\/bucuresti\\\/#\\\/schema\\\/logo\\\/image\\\/\",\"url\":\"https:\\\/\\\/buletin.de\\\/bucuresti\\\/wp-content\\\/uploads\\\/logo-bdb-full-wide-vernil-transparent.png\",\"contentUrl\":\"https:\\\/\\\/buletin.de\\\/bucuresti\\\/wp-content\\\/uploads\\\/logo-bdb-full-wide-vernil-transparent.png\",\"width\":1782,\"height\":626,\"caption\":\"Buletin de Bucure\u0219ti\"},\"image\":{\"@id\":\"https:\\\/\\\/buletin.de\\\/bucuresti\\\/#\\\/schema\\\/logo\\\/image\\\/\"},\"sameAs\":[\"https:\\\/\\\/www.facebook.com\\\/buletin.de.buc\",\"https:\\\/\\\/www.instagram.com\\\/buletinde.bucuresti\\\/\"]},{\"@type\":\"Person\",\"@id\":\"https:\\\/\\\/buletin.de\\\/bucuresti\\\/#\\\/schema\\\/person\\\/31117187ed4d0bdb0a4c7d6acc79d0f8\",\"name\":\"C\u0103t\u0103lin Dosca\u0219\",\"image\":{\"@type\":\"ImageObject\",\"inLanguage\":\"en-GB\",\"@id\":\"https:\\\/\\\/buletin.de\\\/bucuresti\\\/wp-content\\\/uploads\\\/Catalin-Doscas-e1732731064764-96x96.jpga93e2943bb3b1c1f9ead823df6e6317a\",\"url\":\"https:\\\/\\\/buletin.de\\\/bucuresti\\\/wp-content\\\/uploads\\\/Catalin-Doscas-e1732731064764-96x96.jpg\",\"contentUrl\":\"https:\\\/\\\/buletin.de\\\/bucuresti\\\/wp-content\\\/uploads\\\/Catalin-Doscas-e1732731064764-96x96.jpg\",\"caption\":\"C\u0103t\u0103lin Dosca\u0219\"},\"description\":\"Reporter \u0219i redactor-\u0219ef Buletin de Bucure\u0219ti. Lucreaz\u0103 \u00een mass-media de la v\u00e2rsta de 15 ani, c\u00e2nd a publicat primele articole \u00een presa local\u0103 din Tecuci. \u00cen Bucure\u0219ti a lucrat \u00een redac\u021bii radio ca reporter, redactor \u0219i prezentator (StudentFM, Na\u021bionalFM, Radio Total, Smart FM), unde a acoperit domeniile politic, economic, social \u0219i externe. Ulterior, a fost editor-coordonator al postului Realitatea FM. Experien\u021ba \u00een jurnalismul online a dob\u00e2ndit-o la portalul B365.ro, unde a fost editor. \u00cen 2012 s-a angajat \u00een televiziune. La Realitatea TV a fost, pe r\u00e2nd, reporter la sec\u021bia Social, reporter special la emisiunea de reportaje \u0219i anchete \u201eReporterii Realit\u0103\u021bii\u201d, dar \u0219i editor al jurnalelor de \u0219tiri. Ulterior, a f\u0103cut parte din sec\u021bia de Investiga\u021bii de la Digi24 \u0219i a lucrat la campania \u201eRom\u00e2nia furat\u0103\u201d. A revenit \u00een presa scris\u0103 \u00een 2017, ca reporter special, \u00een cadrul unui proiect de repozi\u021bionare a tabloidului Libertatea \u00een cotidian generalist. Este jurnalist Buletin de Bucure\u0219ti din 2019.\",\"url\":\"https:\\\/\\\/buletin.de\\\/bucuresti\\\/author\\\/catalin\\\/\"}]}<\/script>\n<!-- \/ Yoast SEO Premium plugin. -->","yoast_head_json":{"title":"EDITORIAL | Fisura \u201evoin\u021bei\u201c din fuziunea Termoenergetica-ELCEN: Nicu\u0219or Dan \u0219i pixul lui Sebastian Burduja - Buletin de Bucure\u0219ti","robots":{"index":"index","follow":"follow","max-snippet":"max-snippet:-1","max-image-preview":"max-image-preview:large","max-video-preview":"max-video-preview:-1"},"canonical":"https:\/\/buletin.de\/bucuresti\/editorial-fisura-vointei-din-fuziunea-termoenergetica-elcen-nicusor-dan-vs-sebastian-burduja\/","og_locale":"en_GB","og_type":"article","og_title":"EDITORIAL | Fisura \u201evoin\u021bei\u201c din fuziunea Termoenergetica-ELCEN: Nicu\u0219or Dan \u0219i pixul lui Sebastian Burduja","og_description":"Una dintre cele mai mari probleme ale Capitalei, despre care se vorbe\u0219te prea pu\u021bin, \u021bine de o anomalie ale c\u0103rei semin\u021be au fost plantate \u00een anii \u201990. \u00cen anii tulburi ai tranzi\u021biei, la Bucure\u0219ti, \u00een\u021belepciunea administrativ\u0103, local\u0103 \u0219i central\u0103 deopotriv\u0103, a dictat spargerea \u00een dou\u0103 a unui mamut energetic care asigura, \u00een sistem integrat, produc\u021bia [&hellip;]","og_url":"https:\/\/buletin.de\/bucuresti\/editorial-fisura-vointei-din-fuziunea-termoenergetica-elcen-nicusor-dan-vs-sebastian-burduja\/","og_site_name":"Buletin de Bucure\u0219ti","article_publisher":"https:\/\/www.facebook.com\/buletin.de.buc","article_published_time":"2024-01-15T05:11:22+00:00","article_modified_time":"2024-01-15T22:40:03+00:00","og_image":[{"width":900,"height":616,"url":"https:\/\/buletin.de\/bucuresti\/wp-content\/uploads\/burduja-nicusor-1-900x616.png","type":"image\/png"}],"author":"C\u0103t\u0103lin Dosca\u0219","twitter_card":"summary_large_image","twitter_misc":{"Written by":"C\u0103t\u0103lin Dosca\u0219","Estimated reading time":"5 minutes"},"schema":{"@context":"https:\/\/schema.org","@graph":[{"@type":"Article","@id":"https:\/\/buletin.de\/bucuresti\/editorial-fisura-vointei-din-fuziunea-termoenergetica-elcen-nicusor-dan-vs-sebastian-burduja\/#article","isPartOf":{"@id":"https:\/\/buletin.de\/bucuresti\/editorial-fisura-vointei-din-fuziunea-termoenergetica-elcen-nicusor-dan-vs-sebastian-burduja\/"},"author":{"name":"C\u0103t\u0103lin Dosca\u0219","@id":"https:\/\/buletin.de\/bucuresti\/#\/schema\/person\/31117187ed4d0bdb0a4c7d6acc79d0f8"},"headline":"EDITORIAL | Fisura \u201evoin\u021bei\u201c din fuziunea Termoenergetica-ELCEN: Nicu\u0219or Dan \u0219i pixul lui Sebastian Burduja","datePublished":"2024-01-15T05:11:22+00:00","dateModified":"2024-01-15T22:40:03+00:00","mainEntityOfPage":{"@id":"https:\/\/buletin.de\/bucuresti\/editorial-fisura-vointei-din-fuziunea-termoenergetica-elcen-nicusor-dan-vs-sebastian-burduja\/"},"wordCount":1114,"publisher":{"@id":"https:\/\/buletin.de\/bucuresti\/#organization"},"image":{"@id":"https:\/\/buletin.de\/bucuresti\/editorial-fisura-vointei-din-fuziunea-termoenergetica-elcen-nicusor-dan-vs-sebastian-burduja\/#primaryimage"},"thumbnailUrl":"https:\/\/buletin.de\/bucuresti\/wp-content\/uploads\/burduja-nicusor-1.png","keywords":["comasare elcen termoenergetica","ministerul energiei elcen","nicusor dan","pmb termoenergetica","preluare elcen pmb","Sebastian Burduja","termoficare"],"articleSection":["Articole","Editorial","Main","Termoficare"],"inLanguage":"en-GB","copyrightYear":"2024","copyrightHolder":{"@id":"https:\/\/buletin.de\/bucuresti\/#organization"}},{"@type":"WebPage","@id":"https:\/\/buletin.de\/bucuresti\/editorial-fisura-vointei-din-fuziunea-termoenergetica-elcen-nicusor-dan-vs-sebastian-burduja\/","url":"https:\/\/buletin.de\/bucuresti\/editorial-fisura-vointei-din-fuziunea-termoenergetica-elcen-nicusor-dan-vs-sebastian-burduja\/","name":"EDITORIAL | Fisura \u201evoin\u021bei\u201c din fuziunea Termoenergetica-ELCEN: Nicu\u0219or Dan \u0219i pixul lui Sebastian Burduja - Buletin de Bucure\u0219ti","isPartOf":{"@id":"https:\/\/buletin.de\/bucuresti\/#website"},"primaryImageOfPage":{"@id":"https:\/\/buletin.de\/bucuresti\/editorial-fisura-vointei-din-fuziunea-termoenergetica-elcen-nicusor-dan-vs-sebastian-burduja\/#primaryimage"},"image":{"@id":"https:\/\/buletin.de\/bucuresti\/editorial-fisura-vointei-din-fuziunea-termoenergetica-elcen-nicusor-dan-vs-sebastian-burduja\/#primaryimage"},"thumbnailUrl":"https:\/\/buletin.de\/bucuresti\/wp-content\/uploads\/burduja-nicusor-1.png","datePublished":"2024-01-15T05:11:22+00:00","dateModified":"2024-01-15T22:40:03+00:00","breadcrumb":{"@id":"https:\/\/buletin.de\/bucuresti\/editorial-fisura-vointei-din-fuziunea-termoenergetica-elcen-nicusor-dan-vs-sebastian-burduja\/#breadcrumb"},"inLanguage":"en-GB","potentialAction":[{"@type":"ReadAction","target":["https:\/\/buletin.de\/bucuresti\/editorial-fisura-vointei-din-fuziunea-termoenergetica-elcen-nicusor-dan-vs-sebastian-burduja\/"]}]},{"@type":"ImageObject","inLanguage":"en-GB","@id":"https:\/\/buletin.de\/bucuresti\/editorial-fisura-vointei-din-fuziunea-termoenergetica-elcen-nicusor-dan-vs-sebastian-burduja\/#primaryimage","url":"https:\/\/buletin.de\/bucuresti\/wp-content\/uploads\/burduja-nicusor-1.png","contentUrl":"https:\/\/buletin.de\/bucuresti\/wp-content\/uploads\/burduja-nicusor-1.png","width":2000,"height":1369},{"@type":"BreadcrumbList","@id":"https:\/\/buletin.de\/bucuresti\/editorial-fisura-vointei-din-fuziunea-termoenergetica-elcen-nicusor-dan-vs-sebastian-burduja\/#breadcrumb","itemListElement":[{"@type":"ListItem","position":1,"name":"Acas\u0103","item":"https:\/\/buletin.de\/bucuresti\/"},{"@type":"ListItem","position":2,"name":"EDITORIAL | Fisura \u201evoin\u021bei\u201c din fuziunea Termoenergetica-ELCEN: Nicu\u0219or Dan \u0219i pixul lui Sebastian Burduja"}]},{"@type":"WebSite","@id":"https:\/\/buletin.de\/bucuresti\/#website","url":"https:\/\/buletin.de\/bucuresti\/","name":"Buletin de Bucure\u0219ti","description":"\u0218tiri \u0219i investiga\u021bii esen\u021biale din capital\u0103","publisher":{"@id":"https:\/\/buletin.de\/bucuresti\/#organization"},"potentialAction":[{"@type":"SearchAction","target":{"@type":"EntryPoint","urlTemplate":"https:\/\/buletin.de\/bucuresti\/?s={search_term_string}"},"query-input":{"@type":"PropertyValueSpecification","valueRequired":true,"valueName":"search_term_string"}}],"inLanguage":"en-GB"},{"@type":"Organization","@id":"https:\/\/buletin.de\/bucuresti\/#organization","name":"Buletin de Bucure\u0219ti","url":"https:\/\/buletin.de\/bucuresti\/","logo":{"@type":"ImageObject","inLanguage":"en-GB","@id":"https:\/\/buletin.de\/bucuresti\/#\/schema\/logo\/image\/","url":"https:\/\/buletin.de\/bucuresti\/wp-content\/uploads\/logo-bdb-full-wide-vernil-transparent.png","contentUrl":"https:\/\/buletin.de\/bucuresti\/wp-content\/uploads\/logo-bdb-full-wide-vernil-transparent.png","width":1782,"height":626,"caption":"Buletin de Bucure\u0219ti"},"image":{"@id":"https:\/\/buletin.de\/bucuresti\/#\/schema\/logo\/image\/"},"sameAs":["https:\/\/www.facebook.com\/buletin.de.buc","https:\/\/www.instagram.com\/buletinde.bucuresti\/"]},{"@type":"Person","@id":"https:\/\/buletin.de\/bucuresti\/#\/schema\/person\/31117187ed4d0bdb0a4c7d6acc79d0f8","name":"C\u0103t\u0103lin Dosca\u0219","image":{"@type":"ImageObject","inLanguage":"en-GB","@id":"https:\/\/buletin.de\/bucuresti\/wp-content\/uploads\/Catalin-Doscas-e1732731064764-96x96.jpga93e2943bb3b1c1f9ead823df6e6317a","url":"https:\/\/buletin.de\/bucuresti\/wp-content\/uploads\/Catalin-Doscas-e1732731064764-96x96.jpg","contentUrl":"https:\/\/buletin.de\/bucuresti\/wp-content\/uploads\/Catalin-Doscas-e1732731064764-96x96.jpg","caption":"C\u0103t\u0103lin Dosca\u0219"},"description":"Reporter \u0219i redactor-\u0219ef Buletin de Bucure\u0219ti. Lucreaz\u0103 \u00een mass-media de la v\u00e2rsta de 15 ani, c\u00e2nd a publicat primele articole \u00een presa local\u0103 din Tecuci. \u00cen Bucure\u0219ti a lucrat \u00een redac\u021bii radio ca reporter, redactor \u0219i prezentator (StudentFM, Na\u021bionalFM, Radio Total, Smart FM), unde a acoperit domeniile politic, economic, social \u0219i externe. Ulterior, a fost editor-coordonator al postului Realitatea FM. Experien\u021ba \u00een jurnalismul online a dob\u00e2ndit-o la portalul B365.ro, unde a fost editor. \u00cen 2012 s-a angajat \u00een televiziune. La Realitatea TV a fost, pe r\u00e2nd, reporter la sec\u021bia Social, reporter special la emisiunea de reportaje \u0219i anchete \u201eReporterii Realit\u0103\u021bii\u201d, dar \u0219i editor al jurnalelor de \u0219tiri. Ulterior, a f\u0103cut parte din sec\u021bia de Investiga\u021bii de la Digi24 \u0219i a lucrat la campania \u201eRom\u00e2nia furat\u0103\u201d. A revenit \u00een presa scris\u0103 \u00een 2017, ca reporter special, \u00een cadrul unui proiect de repozi\u021bionare a tabloidului Libertatea \u00een cotidian generalist. Este jurnalist Buletin de Bucure\u0219ti din 2019.","url":"https:\/\/buletin.de\/bucuresti\/author\/catalin\/"}]}},"authors":[{"term_id":22575,"user_id":10,"is_guest":0,"slug":"catalin","display_name":"C\u0103t\u0103lin Dosca\u0219","avatar_url":"https:\/\/buletin.de\/bucuresti\/wp-content\/uploads\/Catalin-Doscas-e1732731064764-96x96.jpg","0":null,"1":"","2":"","3":"","4":"","5":"","6":"","7":"","8":""}],"_links":{"self":[{"href":"https:\/\/buletin.de\/bucuresti\/wp-json\/wp\/v2\/posts\/74526","targetHints":{"allow":["GET"]}}],"collection":[{"href":"https:\/\/buletin.de\/bucuresti\/wp-json\/wp\/v2\/posts"}],"about":[{"href":"https:\/\/buletin.de\/bucuresti\/wp-json\/wp\/v2\/types\/post"}],"author":[{"embeddable":true,"href":"https:\/\/buletin.de\/bucuresti\/wp-json\/wp\/v2\/users\/10"}],"replies":[{"embeddable":true,"href":"https:\/\/buletin.de\/bucuresti\/wp-json\/wp\/v2\/comments?post=74526"}],"version-history":[{"count":9,"href":"https:\/\/buletin.de\/bucuresti\/wp-json\/wp\/v2\/posts\/74526\/revisions"}],"predecessor-version":[{"id":74574,"href":"https:\/\/buletin.de\/bucuresti\/wp-json\/wp\/v2\/posts\/74526\/revisions\/74574"}],"wp:featuredmedia":[{"embeddable":true,"href":"https:\/\/buletin.de\/bucuresti\/wp-json\/wp\/v2\/media\/74567"}],"wp:attachment":[{"href":"https:\/\/buletin.de\/bucuresti\/wp-json\/wp\/v2\/media?parent=74526"}],"wp:term":[{"taxonomy":"category","embeddable":true,"href":"https:\/\/buletin.de\/bucuresti\/wp-json\/wp\/v2\/categories?post=74526"},{"taxonomy":"post_tag","embeddable":true,"href":"https:\/\/buletin.de\/bucuresti\/wp-json\/wp\/v2\/tags?post=74526"},{"taxonomy":"author","embeddable":true,"href":"https:\/\/buletin.de\/bucuresti\/wp-json\/wp\/v2\/ppma_author?post=74526"}],"curies":[{"name":"wp","href":"https:\/\/api.w.org\/{rel}","templated":true}]}}