{"id":74380,"date":"2024-01-13T16:00:00","date_gmt":"2024-01-13T14:00:00","guid":{"rendered":"https:\/\/buletin.de\/bucuresti\/?p=74380"},"modified":"2024-01-12T21:38:02","modified_gmt":"2024-01-12T19:38:02","slug":"spectacol-marca-ennio-morricone-la-sala-palatului-evenimentul-a-fost-amanat-anul-trecut","status":"publish","type":"post","link":"https:\/\/buletin.de\/bucuresti\/spectacol-marca-ennio-morricone-la-sala-palatului-evenimentul-a-fost-amanat-anul-trecut\/","title":{"rendered":"Spectacol marca Ennio Morricone, la Sala Palatului. Evenimentul a fost am\u00e2nat anul trecut"},"content":{"rendered":"\n<p><strong>Spectacolul \u201eMorricone Story\u201d va avea loc 19 martie 2024<\/strong>,<strong> la Sala Palatului. Evenimentul \u00eencepe la ora 19:00.<\/strong> <strong>Arti\u015fti rom\u00e2ni \u015fi str\u0103ini recunoscu\u0163i la nivel interna\u0163ional \u00eei vor aduce astfel, prin acest spectacol, un omagiu marelui compozitor.<\/strong><\/p>\n\n\n\n<p>Spectacolul care trebuia s\u0103 aib\u0103 loc pe data de 29 noiembrie 2023 a fost am\u00e2nat, din cauza unor probleme tehnice.<\/p>\n\n\n\n<p>Evenimentul din data de 19 martie 2024 va fi dublat \u0219i de un spectacol de videografie. Biletele se g\u0103sesc la casa de bilete a S\u0103lii Palatului \u0219i online pe: salapalatului.ro, iabilet.ro, ticketnet.ro, eventim.ro \u0219i entertix.ro. Biletele achizi\u021bionate r\u0103m\u00e2n valabile pentru spectacolul din 19 martie 2024.<\/p>\n\n\n\n<p>Sala Palatului anun\u021b\u0103 si reguli de acces la spectacol:<\/p>\n\n\n\n<ul class=\"wp-block-list\">\n<li>dup\u0103 ora 19:00 nu se mai permite accesul \u00een sala de spectacol;<\/li>\n\n\n\n<li>accesul copiilor sub 7 ani nu este permis. Copiii peste 7 ani pl\u0103tesc bilet \u00eentreg;<\/li>\n\n\n\n<li>contravaloarea biletelor nu se returneaz\u0103;<\/li>\n\n\n\n<li>accesul \u00een spa\u021biul de spectacole se face pe baza citirii codului de bare de pe biletul printat. Daca nu printa\u0163i biletul, nu ve\u0163i putea avea acces \u00een sala de spectacol.<\/li>\n<\/ul>\n\n\n\n<p>Ennio Morricone a fost un compozitor italian, cunoscut pentru coloanele sonore pe care le-a creat pentru sute de filme. \u00cen cariera de peste 66 de ani, Morricone a colaborat cu regizori de talie mondial\u0103 precum Sergio Leone, Quentin Tarantino, Brian De Palma \u0219i Terrence Malick. Ennio Morricone a c\u00e2\u0219tigat, de-a lungul carierei sale, nenum\u0103rate premii interna\u021bionale \u0219i dou\u0103 premii Oscar pentru \u201eCea mai bun\u0103 coloan\u0103 sonor\u0103\u201d a filmului \u201eThe Hateful Eight\u201d (2016) \u0219i un premiu Oscar pentru \u00eentreaga carier\u0103 \u00een 2007.<\/p>\n\n\n\n<p>Ennio Morricone a murit pe 6 iulie 2020.<\/p>\n\n\n\n<p><strong>CITE\u0218TE \u0218I:<\/strong><\/p>\n\n\n\n<figure class=\"wp-block-embed is-type-wp-embed is-provider-buletin-de-bucure-ti wp-block-embed-buletin-de-bucure-ti\"><div class=\"wp-block-embed__wrapper\">\n<blockquote class=\"wp-embedded-content\" data-secret=\"o7e46IxEjY\"><a href=\"https:\/\/buletin.de\/bucuresti\/concertele-anului-2024-in-capitala\/\">Concertele anului 2024, \u00een Capital\u0103<\/a><\/blockquote><iframe class=\"wp-embedded-content\" sandbox=\"allow-scripts\" security=\"restricted\" style=\"position: absolute; clip: rect(1px, 1px, 1px, 1px);\" title=\"&#8220;Concertele anului 2024, \u00een Capital\u0103&#8221; &#8212; Buletin de Bucure\u0219ti\" src=\"https:\/\/buletin.de\/bucuresti\/concertele-anului-2024-in-capitala\/embed\/#?secret=EMQcrxpoe9#?secret=o7e46IxEjY\" data-secret=\"o7e46IxEjY\" width=\"600\" height=\"338\" frameborder=\"0\" marginwidth=\"0\" marginheight=\"0\" scrolling=\"no\"><\/iframe>\n<\/div><\/figure>\n\n\n\n<p>&nbsp;<\/p>\n","protected":false},"excerpt":{"rendered":"<p>Spectacolul \u201eMorricone Story\u201d va avea loc 19 martie 2024, la Sala Palatului. Evenimentul \u00eencepe la ora 19:00. Arti\u015fti rom\u00e2ni \u015fi str\u0103ini recunoscu\u0163i la nivel interna\u0163ional \u00eei vor aduce astfel, prin acest spectacol, un omagiu marelui compozitor. Spectacolul care trebuia s\u0103 aib\u0103 loc pe data de 29 noiembrie 2023 a fost am\u00e2nat, din cauza unor probleme [&hellip;]<\/p>\n","protected":false},"author":49,"featured_media":74381,"comment_status":"closed","ping_status":"open","sticky":false,"template":"","format":"standard","meta":{"_acf_changed":false,"inline_featured_image":false,"ngg_post_thumbnail":0,"footnotes":""},"categories":[6994,81,62],"tags":[9074,9075,7414],"ppma_author":[22574],"class_list":["post-74380","post","type-post","status-publish","format-standard","has-post-thumbnail","hentry","category-stiri-2","category-cultura","category-stiri","tag-ennio-morricone","tag-morricone-story","tag-sala-palatului"],"acf":[],"yoast_head":"<!-- This site is optimized with the Yoast SEO Premium plugin v25.3 (Yoast SEO v27.4) - https:\/\/yoast.com\/product\/yoast-seo-premium-wordpress\/ -->\n<title>Spectacol marca Ennio Morricone, la Sala Palatului. Evenimentul a fost am\u00e2nat anul trecut - Buletin de Bucure\u0219ti<\/title>\n<meta name=\"robots\" content=\"index, follow, max-snippet:-1, max-image-preview:large, max-video-preview:-1\" \/>\n<link rel=\"canonical\" href=\"https:\/\/buletin.de\/bucuresti\/spectacol-marca-ennio-morricone-la-sala-palatului-evenimentul-a-fost-amanat-anul-trecut\/\" \/>\n<meta property=\"og:locale\" content=\"en_GB\" \/>\n<meta property=\"og:type\" content=\"article\" \/>\n<meta property=\"og:title\" content=\"Spectacol marca Ennio Morricone, la Sala Palatului. Evenimentul a fost am\u00e2nat anul trecut\" \/>\n<meta property=\"og:description\" content=\"Spectacolul \u201eMorricone Story\u201d va avea loc 19 martie 2024, la Sala Palatului. Evenimentul \u00eencepe la ora 19:00. Arti\u015fti rom\u00e2ni \u015fi str\u0103ini recunoscu\u0163i la nivel interna\u0163ional \u00eei vor aduce astfel, prin acest spectacol, un omagiu marelui compozitor. Spectacolul care trebuia s\u0103 aib\u0103 loc pe data de 29 noiembrie 2023 a fost am\u00e2nat, din cauza unor probleme [&hellip;]\" \/>\n<meta property=\"og:url\" content=\"https:\/\/buletin.de\/bucuresti\/spectacol-marca-ennio-morricone-la-sala-palatului-evenimentul-a-fost-amanat-anul-trecut\/\" \/>\n<meta property=\"og:site_name\" content=\"Buletin de Bucure\u0219ti\" \/>\n<meta property=\"article:publisher\" content=\"https:\/\/www.facebook.com\/buletin.de.buc\" \/>\n<meta property=\"article:published_time\" content=\"2024-01-13T14:00:00+00:00\" \/>\n<meta property=\"og:image\" content=\"https:\/\/buletin.de\/bucuresti\/wp-content\/uploads\/Ennio-Morricone.jpeg\" \/>\n\t<meta property=\"og:image:width\" content=\"800\" \/>\n\t<meta property=\"og:image:height\" content=\"450\" \/>\n\t<meta property=\"og:image:type\" content=\"image\/jpeg\" \/>\n<meta name=\"author\" content=\"Diana Matei\" \/>\n<meta name=\"twitter:card\" content=\"summary_large_image\" \/>\n<meta name=\"twitter:label1\" content=\"Written by\" \/>\n\t<meta name=\"twitter:data1\" content=\"Diana Matei\" \/>\n\t<meta name=\"twitter:label2\" content=\"Estimated reading time\" \/>\n\t<meta name=\"twitter:data2\" content=\"1 minute\" \/>\n<script type=\"application\/ld+json\" class=\"yoast-schema-graph\">{\"@context\":\"https:\\\/\\\/schema.org\",\"@graph\":[{\"@type\":\"Article\",\"@id\":\"https:\\\/\\\/buletin.de\\\/bucuresti\\\/spectacol-marca-ennio-morricone-la-sala-palatului-evenimentul-a-fost-amanat-anul-trecut\\\/#article\",\"isPartOf\":{\"@id\":\"https:\\\/\\\/buletin.de\\\/bucuresti\\\/spectacol-marca-ennio-morricone-la-sala-palatului-evenimentul-a-fost-amanat-anul-trecut\\\/\"},\"author\":{\"name\":\"Diana Matei\",\"@id\":\"https:\\\/\\\/buletin.de\\\/bucuresti\\\/#\\\/schema\\\/person\\\/7e46040573290777280a0835d81ea4ea\"},\"headline\":\"Spectacol marca Ennio Morricone, la Sala Palatului. Evenimentul a fost am\u00e2nat anul trecut\",\"datePublished\":\"2024-01-13T14:00:00+00:00\",\"mainEntityOfPage\":{\"@id\":\"https:\\\/\\\/buletin.de\\\/bucuresti\\\/spectacol-marca-ennio-morricone-la-sala-palatului-evenimentul-a-fost-amanat-anul-trecut\\\/\"},\"wordCount\":291,\"publisher\":{\"@id\":\"https:\\\/\\\/buletin.de\\\/bucuresti\\\/#organization\"},\"image\":{\"@id\":\"https:\\\/\\\/buletin.de\\\/bucuresti\\\/spectacol-marca-ennio-morricone-la-sala-palatului-evenimentul-a-fost-amanat-anul-trecut\\\/#primaryimage\"},\"thumbnailUrl\":\"https:\\\/\\\/buletin.de\\\/bucuresti\\\/wp-content\\\/uploads\\\/Ennio-Morricone.jpeg\",\"keywords\":[\"Ennio Morricone\",\"Morricone Story\",\"Sala Palatului\"],\"articleSection\":[\"Articole\",\"Cultur\u0103\",\"\u0218tiri\"],\"inLanguage\":\"en-GB\",\"copyrightYear\":\"2024\",\"copyrightHolder\":{\"@id\":\"https:\\\/\\\/buletin.de\\\/bucuresti\\\/#organization\"}},{\"@type\":\"WebPage\",\"@id\":\"https:\\\/\\\/buletin.de\\\/bucuresti\\\/spectacol-marca-ennio-morricone-la-sala-palatului-evenimentul-a-fost-amanat-anul-trecut\\\/\",\"url\":\"https:\\\/\\\/buletin.de\\\/bucuresti\\\/spectacol-marca-ennio-morricone-la-sala-palatului-evenimentul-a-fost-amanat-anul-trecut\\\/\",\"name\":\"Spectacol marca Ennio Morricone, la Sala Palatului. Evenimentul a fost am\u00e2nat anul trecut - Buletin de Bucure\u0219ti\",\"isPartOf\":{\"@id\":\"https:\\\/\\\/buletin.de\\\/bucuresti\\\/#website\"},\"primaryImageOfPage\":{\"@id\":\"https:\\\/\\\/buletin.de\\\/bucuresti\\\/spectacol-marca-ennio-morricone-la-sala-palatului-evenimentul-a-fost-amanat-anul-trecut\\\/#primaryimage\"},\"image\":{\"@id\":\"https:\\\/\\\/buletin.de\\\/bucuresti\\\/spectacol-marca-ennio-morricone-la-sala-palatului-evenimentul-a-fost-amanat-anul-trecut\\\/#primaryimage\"},\"thumbnailUrl\":\"https:\\\/\\\/buletin.de\\\/bucuresti\\\/wp-content\\\/uploads\\\/Ennio-Morricone.jpeg\",\"datePublished\":\"2024-01-13T14:00:00+00:00\",\"breadcrumb\":{\"@id\":\"https:\\\/\\\/buletin.de\\\/bucuresti\\\/spectacol-marca-ennio-morricone-la-sala-palatului-evenimentul-a-fost-amanat-anul-trecut\\\/#breadcrumb\"},\"inLanguage\":\"en-GB\",\"potentialAction\":[{\"@type\":\"ReadAction\",\"target\":[\"https:\\\/\\\/buletin.de\\\/bucuresti\\\/spectacol-marca-ennio-morricone-la-sala-palatului-evenimentul-a-fost-amanat-anul-trecut\\\/\"]}]},{\"@type\":\"ImageObject\",\"inLanguage\":\"en-GB\",\"@id\":\"https:\\\/\\\/buletin.de\\\/bucuresti\\\/spectacol-marca-ennio-morricone-la-sala-palatului-evenimentul-a-fost-amanat-anul-trecut\\\/#primaryimage\",\"url\":\"https:\\\/\\\/buletin.de\\\/bucuresti\\\/wp-content\\\/uploads\\\/Ennio-Morricone.jpeg\",\"contentUrl\":\"https:\\\/\\\/buletin.de\\\/bucuresti\\\/wp-content\\\/uploads\\\/Ennio-Morricone.jpeg\",\"width\":800,\"height\":450,\"caption\":\"Foto: Sala Palatului\"},{\"@type\":\"BreadcrumbList\",\"@id\":\"https:\\\/\\\/buletin.de\\\/bucuresti\\\/spectacol-marca-ennio-morricone-la-sala-palatului-evenimentul-a-fost-amanat-anul-trecut\\\/#breadcrumb\",\"itemListElement\":[{\"@type\":\"ListItem\",\"position\":1,\"name\":\"Acas\u0103\",\"item\":\"https:\\\/\\\/buletin.de\\\/bucuresti\\\/\"},{\"@type\":\"ListItem\",\"position\":2,\"name\":\"Spectacol marca Ennio Morricone, la Sala Palatului. Evenimentul a fost am\u00e2nat anul trecut\"}]},{\"@type\":\"WebSite\",\"@id\":\"https:\\\/\\\/buletin.de\\\/bucuresti\\\/#website\",\"url\":\"https:\\\/\\\/buletin.de\\\/bucuresti\\\/\",\"name\":\"Buletin de Bucure\u0219ti\",\"description\":\"\u0218tiri \u0219i investiga\u021bii esen\u021biale din capital\u0103\",\"publisher\":{\"@id\":\"https:\\\/\\\/buletin.de\\\/bucuresti\\\/#organization\"},\"potentialAction\":[{\"@type\":\"SearchAction\",\"target\":{\"@type\":\"EntryPoint\",\"urlTemplate\":\"https:\\\/\\\/buletin.de\\\/bucuresti\\\/?s={search_term_string}\"},\"query-input\":{\"@type\":\"PropertyValueSpecification\",\"valueRequired\":true,\"valueName\":\"search_term_string\"}}],\"inLanguage\":\"en-GB\"},{\"@type\":\"Organization\",\"@id\":\"https:\\\/\\\/buletin.de\\\/bucuresti\\\/#organization\",\"name\":\"Buletin de Bucure\u0219ti\",\"url\":\"https:\\\/\\\/buletin.de\\\/bucuresti\\\/\",\"logo\":{\"@type\":\"ImageObject\",\"inLanguage\":\"en-GB\",\"@id\":\"https:\\\/\\\/buletin.de\\\/bucuresti\\\/#\\\/schema\\\/logo\\\/image\\\/\",\"url\":\"https:\\\/\\\/buletin.de\\\/bucuresti\\\/wp-content\\\/uploads\\\/logo-bdb-full-wide-vernil-transparent.png\",\"contentUrl\":\"https:\\\/\\\/buletin.de\\\/bucuresti\\\/wp-content\\\/uploads\\\/logo-bdb-full-wide-vernil-transparent.png\",\"width\":1782,\"height\":626,\"caption\":\"Buletin de Bucure\u0219ti\"},\"image\":{\"@id\":\"https:\\\/\\\/buletin.de\\\/bucuresti\\\/#\\\/schema\\\/logo\\\/image\\\/\"},\"sameAs\":[\"https:\\\/\\\/www.facebook.com\\\/buletin.de.buc\",\"https:\\\/\\\/www.instagram.com\\\/buletinde.bucuresti\\\/\"]},{\"@type\":\"Person\",\"@id\":\"https:\\\/\\\/buletin.de\\\/bucuresti\\\/#\\\/schema\\\/person\\\/7e46040573290777280a0835d81ea4ea\",\"name\":\"Diana Matei\",\"image\":{\"@type\":\"ImageObject\",\"inLanguage\":\"en-GB\",\"@id\":\"https:\\\/\\\/buletin.de\\\/bucuresti\\\/wp-content\\\/uploads\\\/9-2-96x96.jpg1e8590b30871d70e62ebcdaf2eff570c\",\"url\":\"https:\\\/\\\/buletin.de\\\/bucuresti\\\/wp-content\\\/uploads\\\/9-2-96x96.jpg\",\"contentUrl\":\"https:\\\/\\\/buletin.de\\\/bucuresti\\\/wp-content\\\/uploads\\\/9-2-96x96.jpg\",\"caption\":\"Diana Matei\"},\"url\":\"https:\\\/\\\/buletin.de\\\/bucuresti\\\/author\\\/dianamatei\\\/\"}]}<\/script>\n<!-- \/ Yoast SEO Premium plugin. -->","yoast_head_json":{"title":"Spectacol marca Ennio Morricone, la Sala Palatului. Evenimentul a fost am\u00e2nat anul trecut - Buletin de Bucure\u0219ti","robots":{"index":"index","follow":"follow","max-snippet":"max-snippet:-1","max-image-preview":"max-image-preview:large","max-video-preview":"max-video-preview:-1"},"canonical":"https:\/\/buletin.de\/bucuresti\/spectacol-marca-ennio-morricone-la-sala-palatului-evenimentul-a-fost-amanat-anul-trecut\/","og_locale":"en_GB","og_type":"article","og_title":"Spectacol marca Ennio Morricone, la Sala Palatului. Evenimentul a fost am\u00e2nat anul trecut","og_description":"Spectacolul \u201eMorricone Story\u201d va avea loc 19 martie 2024, la Sala Palatului. Evenimentul \u00eencepe la ora 19:00. Arti\u015fti rom\u00e2ni \u015fi str\u0103ini recunoscu\u0163i la nivel interna\u0163ional \u00eei vor aduce astfel, prin acest spectacol, un omagiu marelui compozitor. Spectacolul care trebuia s\u0103 aib\u0103 loc pe data de 29 noiembrie 2023 a fost am\u00e2nat, din cauza unor probleme [&hellip;]","og_url":"https:\/\/buletin.de\/bucuresti\/spectacol-marca-ennio-morricone-la-sala-palatului-evenimentul-a-fost-amanat-anul-trecut\/","og_site_name":"Buletin de Bucure\u0219ti","article_publisher":"https:\/\/www.facebook.com\/buletin.de.buc","article_published_time":"2024-01-13T14:00:00+00:00","og_image":[{"width":800,"height":450,"url":"https:\/\/buletin.de\/bucuresti\/wp-content\/uploads\/Ennio-Morricone.jpeg","type":"image\/jpeg"}],"author":"Diana Matei","twitter_card":"summary_large_image","twitter_misc":{"Written by":"Diana Matei","Estimated reading time":"1 minute"},"schema":{"@context":"https:\/\/schema.org","@graph":[{"@type":"Article","@id":"https:\/\/buletin.de\/bucuresti\/spectacol-marca-ennio-morricone-la-sala-palatului-evenimentul-a-fost-amanat-anul-trecut\/#article","isPartOf":{"@id":"https:\/\/buletin.de\/bucuresti\/spectacol-marca-ennio-morricone-la-sala-palatului-evenimentul-a-fost-amanat-anul-trecut\/"},"author":{"name":"Diana Matei","@id":"https:\/\/buletin.de\/bucuresti\/#\/schema\/person\/7e46040573290777280a0835d81ea4ea"},"headline":"Spectacol marca Ennio Morricone, la Sala Palatului. Evenimentul a fost am\u00e2nat anul trecut","datePublished":"2024-01-13T14:00:00+00:00","mainEntityOfPage":{"@id":"https:\/\/buletin.de\/bucuresti\/spectacol-marca-ennio-morricone-la-sala-palatului-evenimentul-a-fost-amanat-anul-trecut\/"},"wordCount":291,"publisher":{"@id":"https:\/\/buletin.de\/bucuresti\/#organization"},"image":{"@id":"https:\/\/buletin.de\/bucuresti\/spectacol-marca-ennio-morricone-la-sala-palatului-evenimentul-a-fost-amanat-anul-trecut\/#primaryimage"},"thumbnailUrl":"https:\/\/buletin.de\/bucuresti\/wp-content\/uploads\/Ennio-Morricone.jpeg","keywords":["Ennio Morricone","Morricone Story","Sala Palatului"],"articleSection":["Articole","Cultur\u0103","\u0218tiri"],"inLanguage":"en-GB","copyrightYear":"2024","copyrightHolder":{"@id":"https:\/\/buletin.de\/bucuresti\/#organization"}},{"@type":"WebPage","@id":"https:\/\/buletin.de\/bucuresti\/spectacol-marca-ennio-morricone-la-sala-palatului-evenimentul-a-fost-amanat-anul-trecut\/","url":"https:\/\/buletin.de\/bucuresti\/spectacol-marca-ennio-morricone-la-sala-palatului-evenimentul-a-fost-amanat-anul-trecut\/","name":"Spectacol marca Ennio Morricone, la Sala Palatului. Evenimentul a fost am\u00e2nat anul trecut - Buletin de Bucure\u0219ti","isPartOf":{"@id":"https:\/\/buletin.de\/bucuresti\/#website"},"primaryImageOfPage":{"@id":"https:\/\/buletin.de\/bucuresti\/spectacol-marca-ennio-morricone-la-sala-palatului-evenimentul-a-fost-amanat-anul-trecut\/#primaryimage"},"image":{"@id":"https:\/\/buletin.de\/bucuresti\/spectacol-marca-ennio-morricone-la-sala-palatului-evenimentul-a-fost-amanat-anul-trecut\/#primaryimage"},"thumbnailUrl":"https:\/\/buletin.de\/bucuresti\/wp-content\/uploads\/Ennio-Morricone.jpeg","datePublished":"2024-01-13T14:00:00+00:00","breadcrumb":{"@id":"https:\/\/buletin.de\/bucuresti\/spectacol-marca-ennio-morricone-la-sala-palatului-evenimentul-a-fost-amanat-anul-trecut\/#breadcrumb"},"inLanguage":"en-GB","potentialAction":[{"@type":"ReadAction","target":["https:\/\/buletin.de\/bucuresti\/spectacol-marca-ennio-morricone-la-sala-palatului-evenimentul-a-fost-amanat-anul-trecut\/"]}]},{"@type":"ImageObject","inLanguage":"en-GB","@id":"https:\/\/buletin.de\/bucuresti\/spectacol-marca-ennio-morricone-la-sala-palatului-evenimentul-a-fost-amanat-anul-trecut\/#primaryimage","url":"https:\/\/buletin.de\/bucuresti\/wp-content\/uploads\/Ennio-Morricone.jpeg","contentUrl":"https:\/\/buletin.de\/bucuresti\/wp-content\/uploads\/Ennio-Morricone.jpeg","width":800,"height":450,"caption":"Foto: Sala Palatului"},{"@type":"BreadcrumbList","@id":"https:\/\/buletin.de\/bucuresti\/spectacol-marca-ennio-morricone-la-sala-palatului-evenimentul-a-fost-amanat-anul-trecut\/#breadcrumb","itemListElement":[{"@type":"ListItem","position":1,"name":"Acas\u0103","item":"https:\/\/buletin.de\/bucuresti\/"},{"@type":"ListItem","position":2,"name":"Spectacol marca Ennio Morricone, la Sala Palatului. Evenimentul a fost am\u00e2nat anul trecut"}]},{"@type":"WebSite","@id":"https:\/\/buletin.de\/bucuresti\/#website","url":"https:\/\/buletin.de\/bucuresti\/","name":"Buletin de Bucure\u0219ti","description":"\u0218tiri \u0219i investiga\u021bii esen\u021biale din capital\u0103","publisher":{"@id":"https:\/\/buletin.de\/bucuresti\/#organization"},"potentialAction":[{"@type":"SearchAction","target":{"@type":"EntryPoint","urlTemplate":"https:\/\/buletin.de\/bucuresti\/?s={search_term_string}"},"query-input":{"@type":"PropertyValueSpecification","valueRequired":true,"valueName":"search_term_string"}}],"inLanguage":"en-GB"},{"@type":"Organization","@id":"https:\/\/buletin.de\/bucuresti\/#organization","name":"Buletin de Bucure\u0219ti","url":"https:\/\/buletin.de\/bucuresti\/","logo":{"@type":"ImageObject","inLanguage":"en-GB","@id":"https:\/\/buletin.de\/bucuresti\/#\/schema\/logo\/image\/","url":"https:\/\/buletin.de\/bucuresti\/wp-content\/uploads\/logo-bdb-full-wide-vernil-transparent.png","contentUrl":"https:\/\/buletin.de\/bucuresti\/wp-content\/uploads\/logo-bdb-full-wide-vernil-transparent.png","width":1782,"height":626,"caption":"Buletin de Bucure\u0219ti"},"image":{"@id":"https:\/\/buletin.de\/bucuresti\/#\/schema\/logo\/image\/"},"sameAs":["https:\/\/www.facebook.com\/buletin.de.buc","https:\/\/www.instagram.com\/buletinde.bucuresti\/"]},{"@type":"Person","@id":"https:\/\/buletin.de\/bucuresti\/#\/schema\/person\/7e46040573290777280a0835d81ea4ea","name":"Diana Matei","image":{"@type":"ImageObject","inLanguage":"en-GB","@id":"https:\/\/buletin.de\/bucuresti\/wp-content\/uploads\/9-2-96x96.jpg1e8590b30871d70e62ebcdaf2eff570c","url":"https:\/\/buletin.de\/bucuresti\/wp-content\/uploads\/9-2-96x96.jpg","contentUrl":"https:\/\/buletin.de\/bucuresti\/wp-content\/uploads\/9-2-96x96.jpg","caption":"Diana Matei"},"url":"https:\/\/buletin.de\/bucuresti\/author\/dianamatei\/"}]}},"authors":[{"term_id":22574,"user_id":49,"is_guest":0,"slug":"dianamatei","display_name":"Diana Matei","avatar_url":"https:\/\/buletin.de\/bucuresti\/wp-content\/uploads\/9-2-96x96.jpg","0":null,"1":"","2":"","3":"","4":"","5":"","6":"","7":"","8":""}],"_links":{"self":[{"href":"https:\/\/buletin.de\/bucuresti\/wp-json\/wp\/v2\/posts\/74380","targetHints":{"allow":["GET"]}}],"collection":[{"href":"https:\/\/buletin.de\/bucuresti\/wp-json\/wp\/v2\/posts"}],"about":[{"href":"https:\/\/buletin.de\/bucuresti\/wp-json\/wp\/v2\/types\/post"}],"author":[{"embeddable":true,"href":"https:\/\/buletin.de\/bucuresti\/wp-json\/wp\/v2\/users\/49"}],"replies":[{"embeddable":true,"href":"https:\/\/buletin.de\/bucuresti\/wp-json\/wp\/v2\/comments?post=74380"}],"version-history":[{"count":6,"href":"https:\/\/buletin.de\/bucuresti\/wp-json\/wp\/v2\/posts\/74380\/revisions"}],"predecessor-version":[{"id":74480,"href":"https:\/\/buletin.de\/bucuresti\/wp-json\/wp\/v2\/posts\/74380\/revisions\/74480"}],"wp:featuredmedia":[{"embeddable":true,"href":"https:\/\/buletin.de\/bucuresti\/wp-json\/wp\/v2\/media\/74381"}],"wp:attachment":[{"href":"https:\/\/buletin.de\/bucuresti\/wp-json\/wp\/v2\/media?parent=74380"}],"wp:term":[{"taxonomy":"category","embeddable":true,"href":"https:\/\/buletin.de\/bucuresti\/wp-json\/wp\/v2\/categories?post=74380"},{"taxonomy":"post_tag","embeddable":true,"href":"https:\/\/buletin.de\/bucuresti\/wp-json\/wp\/v2\/tags?post=74380"},{"taxonomy":"author","embeddable":true,"href":"https:\/\/buletin.de\/bucuresti\/wp-json\/wp\/v2\/ppma_author?post=74380"}],"curies":[{"name":"wp","href":"https:\/\/api.w.org\/{rel}","templated":true}]}}