{"id":74111,"date":"2024-01-10T14:51:37","date_gmt":"2024-01-10T12:51:37","guid":{"rendered":"https:\/\/buletin.de\/bucuresti\/?p=74111"},"modified":"2024-01-13T10:19:29","modified_gmt":"2024-01-13T08:19:29","slug":"acord-cadru-de-15-milioane-de-lei-pentru-inchirierea-si-intretinerea-a-peste-700-toalete-publice-din-capitala","status":"publish","type":"post","link":"https:\/\/buletin.de\/bucuresti\/acord-cadru-de-15-milioane-de-lei-pentru-inchirierea-si-intretinerea-a-peste-700-toalete-publice-din-capitala\/","title":{"rendered":"Acord-cadru de 15 milioane de lei pentru \u00eenchirierea \u0219i \u00eentre\u021binerea a peste 700 toalete publice din Capital\u0103"},"content":{"rendered":"\n<p><strong>Prim\u0103ria Capitalei a scos la licita\u021bie un acord-cadru de 15 milioane de lei, cu o durat\u0103 de patru ani, pentru cump\u0103rararea, respectiv \u00eenchirierea \u0219i \u00eentre\u021binerea toaletelor ecologice. Peste 700 de toalete publice ar urma s\u0103 fie amplasate \u00een Bucure\u0219ti. Ofertele pot fi depuse p\u00e2n\u0103 pe 8 februarie, potrivit <a href=\"https:\/\/www.hotnews.ro\/stiri-administratie_locala-26812270-primaria-capitalei-acord-cadru-15-milioane-lei-pentru-inchirierea-intretinerea-toaletelor-ecologice.htm\">HotNews.ro.<\/a><\/strong><\/p>\n\n\n\n<p>Potrivit caietului de sarcini, \u00een cei patru ani pot fi solicitate:<\/p>\n\n\n\n<ul class=\"wp-block-list\">\n<li><strong>17-20 toalete automate\/ an<\/strong><\/li>\n\n\n\n<li><strong>1-2 toalete automate\/ an<\/strong><\/li>\n\n\n\n<li><strong>113-114 toalete ecologice\/an<\/strong><\/li>\n\n\n\n<li><strong>51-52 toalete ecologice pentru persoane cu dizabilit\u0103\u021bi\/ an<\/strong><\/li>\n<\/ul>\n\n\n\n<p>\u00centre\u021binerea toaletelor (salubrizarea \u0219i igienizarea) trebuie efectuat\u0103 zilnic sau ori de c\u00e2te ori este nevoie. Operatorul economic are obliga\u021bia de a asigura un serviciu tehnic permanent, pe toat\u0103 durata exploat\u0103rii toaletelor. \u00cen cazul vandaliz\u0103rii acestora, costurile vor fi suportate de prestatatorul de servicii.<\/p>\n\n\n\n<p>\u00cen primul an, toaletele automate vor fi amplasate \u00een principal \u00een parcuri, astfel:<\/p>\n\n\n\n<div class=\"wp-block-group\"><div class=\"wp-block-group__inner-container is-layout-constrained wp-block-group-is-layout-constrained\">\n<div class=\"wp-block-group\"><div class=\"wp-block-group__inner-container is-layout-constrained wp-block-group-is-layout-constrained\">\n<ul class=\"wp-block-list\">\n<li>Parc Regele Mihai I (Her\u00e3stru) &#8211; 5<\/li>\n\n\n\n<li>Gradina Cismigiu &#8211; 4<\/li>\n\n\n\n<li>Parc Sala Palatului &#8211; 1Parc Circului &#8211; 1<\/li>\n\n\n\n<li>Bd. Magheru 1<\/li>\n\n\n\n<li>&nbsp;Bd. Unirii x Bd. Regina Maria (Parc Unirii &#8211; F\u00e2nt\u00e2ni) &#8211; 1<\/li>\n\n\n\n<li>Parc Carol I (l\u00e2ng\u0103 Muzeul Tehnic) &#8211; 1<\/li>\n\n\n\n<li>Parc Izvor &#8211; statia Metrou Izvor &#8211; 1<\/li>\n\n\n\n<li>Complex &#8220;Palatele Br\u00e2ncovenesti de la Portile Bucurestiului&#8221;- 2<\/li>\n\n\n\n<li>Mogo\u0219oaia &#8211; 2<\/li>\n\n\n\n<li>Gr\u0103dina Zoologica (pt persoane cu dizabilitati fizice) &#8211; 1<\/li>\n<\/ul>\n\n\n\n<p>Toaletele ecologice mobile destinate persoanelor cu dizabilit\u0103\u021bi vor fi pozi\u021bionate \u00een urm\u0103toarele loca\u021bii:<\/p>\n\n\n\n<ul class=\"wp-block-list\">\n<li>Parc Regele Mihai I (Her\u0103stru) &#8211; 7<\/li>\n\n\n\n<li>Parc Tineretului &#8211; 5<\/li>\n\n\n\n<li>Parc Carol 1 &#8211; 5<\/li>\n\n\n\n<li>Parc Izvor &#8211; 3<\/li>\n\n\n\n<li>Parc Circului &#8211; 2<\/li>\n\n\n\n<li>Parc Plumbuita &#8211; 1<\/li>\n\n\n\n<li>Parc Pantelimon &#8211; 2<\/li>\n\n\n\n<li>Parc I. A. Cuza + Titan &#8211; 4<\/li>\n\n\n\n<li>Parc Patinoar Floreasca &#8211; 1<\/li>\n\n\n\n<li>Parc Ci\u0219migiu &#8211; 1<\/li>\n\n\n\n<li>Parc Bordei &#8211; 1<\/li>\n\n\n\n<li>Aut. National\u0103 pentru Persoane cu Dizabilit\u0103\u021bi (Cal. Victoriei nr. 194) &#8211; 1<\/li>\n\n\n\n<li>Inspectoratul Terit. de Munc\u0103 Radu Vod\u0103 (str. Radu Vod\u00e3 nr.26) &#8211; 1<\/li>\n\n\n\n<li>Inspectoratul Teritorial de Munca Giule\u0219ti (Cal. Giulesti nr.6-8) &#8211; 1<\/li>\n\n\n\n<li>STB Comercial (Cal. Serban Vod\u00e4 nr. 164) &#8211; 1<\/li>\n\n\n\n<li>Biserica Flam\u00e2nda (Str. Olimpului nr. 17) &#8211; 1<\/li>\n\n\n\n<li>Biserica Sfintii Trei lerarhi- Berceni (Str. Turnu M\u00e4gurele nr. 17) &#8211; 1<\/li>\n\n\n\n<li>Biserica Duminica sfintilor romani (sos. Oltenitei nr.255) &#8211; 1<\/li>\n\n\n\n<li>Biserica Popa Soare (str. D. Burghelea nr.7) &#8211; 1<\/li>\n\n\n\n<li>Man\u0103stirea Radu, Vod\u00e3 (str. Radu Vod\u00e3 nr.24A) &#8211; 1<\/li>\n\n\n\n<li>Scoala Gimnazial\u0103 &#8220;M Rosetti&#8221; (Str. G. Garibaldi nr.3) &#8211; 1<\/li>\n\n\n\n<li>Scoala Gimnaziala \u201eFerdinand I&#8221; (Bd. G\u00e4rii Obor nr. 16) &#8211; 1<\/li>\n\n\n\n<li>Scoala Gimnazial\u00e4 de arte (Bd. Ferdinand I nr. 128) &#8211; 1<\/li>\n\n\n\n<li>Scoala Gimnaziala nr.24 (Str. Tunari nr. 52-54) &#8211; 1<\/li>\n\n\n\n<li>Colegiul National Emil Racovit\u00e3&#8221; (Sos. Mihai Bravu nr. 169) -1<\/li>\n\n\n\n<li>Scoala Postliceal\u00e3 Sanitara (Sos. Fundeni nr. 252-254) -1<\/li>\n\n\n\n<li>Liceul Tehnologic Sf. Pantelimon (Str. Hambarului nr. 12) -1<\/li>\n\n\n\n<li>Scoala Gimnazial\u0103 nr.27 (Str. Masina de Paine nr.65) &#8211; 1<\/li>\n\n\n\n<li>Liceul Tehnologic C. Br\u00e2ncusi (bd. Dimitrie Pompeiu nr. 1) -1<\/li>\n\n\n\n<li>Scoala Gimnazial\u0103 nr. 197 (str. Obcina Mare nr.2) &#8211; 1<\/li>\n<\/ul>\n\n\n\n<p>Pentru urm\u0103torii trei ani aferen\u021bi contractului, loca\u021biile toaletelor vor fi stabilite ulterior.<\/p>\n\n\n\n<p>CITE\u0218TE \u0218I:<\/p>\n\n\n\n<figure class=\"wp-block-embed is-type-wp-embed is-provider-buletin-de-bucure-ti wp-block-embed-buletin-de-bucure-ti\"><div class=\"wp-block-embed__wrapper\">\n<blockquote class=\"wp-embedded-content\" data-secret=\"wI8FKexysn\"><a href=\"https:\/\/buletin.de\/bucuresti\/sector-1-i-toaletele-publice-din-parcul-kiseleff-au-fost-deschise\/\">Sector 1 I Toaletele publice din Parcul Kiseleff au fost deschise<\/a><\/blockquote><iframe class=\"wp-embedded-content\" sandbox=\"allow-scripts\" security=\"restricted\" style=\"position: absolute; clip: rect(1px, 1px, 1px, 1px);\" title=\"&#8220;Sector 1 I Toaletele publice din Parcul Kiseleff au fost deschise&#8221; &#8212; Buletin de Bucure\u0219ti\" src=\"https:\/\/buletin.de\/bucuresti\/sector-1-i-toaletele-publice-din-parcul-kiseleff-au-fost-deschise\/embed\/#?secret=NuKn175vBj#?secret=wI8FKexysn\" data-secret=\"wI8FKexysn\" width=\"600\" height=\"338\" frameborder=\"0\" marginwidth=\"0\" marginheight=\"0\" scrolling=\"no\"><\/iframe>\n<\/div><\/figure>\n<\/div><\/div>\n<\/div><\/div>\n\n\n\n<figure class=\"wp-block-embed is-type-wp-embed is-provider-buletin-de-bucure-ti wp-block-embed-buletin-de-bucure-ti\"><div class=\"wp-block-embed__wrapper\">\n<blockquote class=\"wp-embedded-content\" data-secret=\"lTagNqZPi6\"><a href=\"https:\/\/buletin.de\/bucuresti\/toaletele-publice-din-herastrau-kiseleff-si-calea-grivitei-au-fost-modernizate\/\">Toaletele publice din Her\u0103str\u0103u, Kiseleff \u0219i Calea Grivi\u021bei au fost modernizate<\/a><\/blockquote><iframe class=\"wp-embedded-content\" sandbox=\"allow-scripts\" security=\"restricted\" style=\"position: absolute; clip: rect(1px, 1px, 1px, 1px);\" title=\"&#8220;Toaletele publice din Her\u0103str\u0103u, Kiseleff \u0219i Calea Grivi\u021bei au fost modernizate&#8221; &#8212; Buletin de Bucure\u0219ti\" src=\"https:\/\/buletin.de\/bucuresti\/toaletele-publice-din-herastrau-kiseleff-si-calea-grivitei-au-fost-modernizate\/embed\/#?secret=A2Q4xfhZpi#?secret=lTagNqZPi6\" data-secret=\"lTagNqZPi6\" width=\"600\" height=\"338\" frameborder=\"0\" marginwidth=\"0\" marginheight=\"0\" scrolling=\"no\"><\/iframe>\n<\/div><\/figure>\n","protected":false},"excerpt":{"rendered":"<p>Prim\u0103ria Capitalei a scos la licita\u021bie un acord-cadru de 15 milioane de lei, cu o durat\u0103 de patru ani, pentru cump\u0103rararea, respectiv \u00eenchirierea \u0219i \u00eentre\u021binerea toaletelor ecologice. Peste 700 de toalete publice ar urma s\u0103 fie amplasate \u00een Bucure\u0219ti. Ofertele pot fi depuse p\u00e2n\u0103 pe 8 februarie, potrivit HotNews.ro. Potrivit caietului de sarcini, \u00een cei [&hellip;]<\/p>\n","protected":false},"author":55,"featured_media":74131,"comment_status":"closed","ping_status":"open","sticky":false,"template":"","format":"standard","meta":{"_acf_changed":false,"inline_featured_image":false,"ngg_post_thumbnail":0,"footnotes":""},"categories":[6994,24,62],"tags":[104,8997,8999,8996,8995],"ppma_author":[22573],"class_list":["post-74111","post","type-post","status-publish","format-standard","has-post-thumbnail","hentry","category-stiri-2","category-primarie","category-stiri","tag-pmb","tag-toalete-automate","tag-toalete-parcuri","tag-toalete-pentru-persoane-cu-dizabilitati","tag-toalete-publice-in-capitala"],"acf":[],"yoast_head":"<!-- This site is optimized with the Yoast SEO Premium plugin v25.3 (Yoast SEO v27.4) - https:\/\/yoast.com\/product\/yoast-seo-premium-wordpress\/ -->\n<title>Acord-cadru de 15 milioane de lei pentru \u00eenchirierea \u0219i \u00eentre\u021binerea a peste 700 toalete publice din Capital\u0103 - Buletin de Bucure\u0219ti<\/title>\n<meta name=\"robots\" content=\"index, follow, max-snippet:-1, max-image-preview:large, max-video-preview:-1\" \/>\n<link rel=\"canonical\" href=\"https:\/\/buletin.de\/bucuresti\/acord-cadru-de-15-milioane-de-lei-pentru-inchirierea-si-intretinerea-a-peste-700-toalete-publice-din-capitala\/\" \/>\n<meta property=\"og:locale\" content=\"en_GB\" \/>\n<meta property=\"og:type\" content=\"article\" \/>\n<meta property=\"og:title\" content=\"Acord-cadru de 15 milioane de lei pentru \u00eenchirierea \u0219i \u00eentre\u021binerea a peste 700 toalete publice din Capital\u0103\" \/>\n<meta property=\"og:description\" content=\"Prim\u0103ria Capitalei a scos la licita\u021bie un acord-cadru de 15 milioane de lei, cu o durat\u0103 de patru ani, pentru cump\u0103rararea, respectiv \u00eenchirierea \u0219i \u00eentre\u021binerea toaletelor ecologice. Peste 700 de toalete publice ar urma s\u0103 fie amplasate \u00een Bucure\u0219ti. Ofertele pot fi depuse p\u00e2n\u0103 pe 8 februarie, potrivit HotNews.ro. Potrivit caietului de sarcini, \u00een cei [&hellip;]\" \/>\n<meta property=\"og:url\" content=\"https:\/\/buletin.de\/bucuresti\/acord-cadru-de-15-milioane-de-lei-pentru-inchirierea-si-intretinerea-a-peste-700-toalete-publice-din-capitala\/\" \/>\n<meta property=\"og:site_name\" content=\"Buletin de Bucure\u0219ti\" \/>\n<meta property=\"article:publisher\" content=\"https:\/\/www.facebook.com\/buletin.de.buc\" \/>\n<meta property=\"article:published_time\" content=\"2024-01-10T12:51:37+00:00\" \/>\n<meta property=\"article:modified_time\" content=\"2024-01-13T08:19:29+00:00\" \/>\n<meta property=\"og:image\" content=\"https:\/\/buletin.de\/bucuresti\/wp-content\/uploads\/f1fj9siizs4.jpg\" \/>\n\t<meta property=\"og:image:width\" content=\"1600\" \/>\n\t<meta property=\"og:image:height\" content=\"1068\" \/>\n\t<meta property=\"og:image:type\" content=\"image\/jpeg\" \/>\n<meta name=\"author\" content=\"Andreea Tudor\" \/>\n<meta name=\"twitter:card\" content=\"summary_large_image\" \/>\n<meta name=\"twitter:label1\" content=\"Written by\" \/>\n\t<meta name=\"twitter:data1\" content=\"Andreea Tudor\" \/>\n\t<meta name=\"twitter:label2\" content=\"Estimated reading time\" \/>\n\t<meta name=\"twitter:data2\" content=\"2 minutes\" \/>\n<script type=\"application\/ld+json\" class=\"yoast-schema-graph\">{\"@context\":\"https:\\\/\\\/schema.org\",\"@graph\":[{\"@type\":\"Article\",\"@id\":\"https:\\\/\\\/buletin.de\\\/bucuresti\\\/acord-cadru-de-15-milioane-de-lei-pentru-inchirierea-si-intretinerea-a-peste-700-toalete-publice-din-capitala\\\/#article\",\"isPartOf\":{\"@id\":\"https:\\\/\\\/buletin.de\\\/bucuresti\\\/acord-cadru-de-15-milioane-de-lei-pentru-inchirierea-si-intretinerea-a-peste-700-toalete-publice-din-capitala\\\/\"},\"author\":{\"name\":\"Andreea Tudor\",\"@id\":\"https:\\\/\\\/buletin.de\\\/bucuresti\\\/#\\\/schema\\\/person\\\/150590659efde715459d159da012f501\"},\"headline\":\"Acord-cadru de 15 milioane de lei pentru \u00eenchirierea \u0219i \u00eentre\u021binerea a peste 700 toalete publice din Capital\u0103\",\"datePublished\":\"2024-01-10T12:51:37+00:00\",\"dateModified\":\"2024-01-13T08:19:29+00:00\",\"mainEntityOfPage\":{\"@id\":\"https:\\\/\\\/buletin.de\\\/bucuresti\\\/acord-cadru-de-15-milioane-de-lei-pentru-inchirierea-si-intretinerea-a-peste-700-toalete-publice-din-capitala\\\/\"},\"wordCount\":491,\"publisher\":{\"@id\":\"https:\\\/\\\/buletin.de\\\/bucuresti\\\/#organization\"},\"image\":{\"@id\":\"https:\\\/\\\/buletin.de\\\/bucuresti\\\/acord-cadru-de-15-milioane-de-lei-pentru-inchirierea-si-intretinerea-a-peste-700-toalete-publice-din-capitala\\\/#primaryimage\"},\"thumbnailUrl\":\"https:\\\/\\\/buletin.de\\\/bucuresti\\\/wp-content\\\/uploads\\\/f1fj9siizs4.jpg\",\"keywords\":[\"pmb\",\"toalete automate\",\"toalete parcuri\",\"toalete pentru persoane cu dizabilit\u0103\u021bi\",\"toalete publice \u00een Capital\u0103\"],\"articleSection\":[\"Articole\",\"Prim\u0103rie\",\"\u0218tiri\"],\"inLanguage\":\"en-GB\",\"copyrightYear\":\"2024\",\"copyrightHolder\":{\"@id\":\"https:\\\/\\\/buletin.de\\\/bucuresti\\\/#organization\"}},{\"@type\":\"WebPage\",\"@id\":\"https:\\\/\\\/buletin.de\\\/bucuresti\\\/acord-cadru-de-15-milioane-de-lei-pentru-inchirierea-si-intretinerea-a-peste-700-toalete-publice-din-capitala\\\/\",\"url\":\"https:\\\/\\\/buletin.de\\\/bucuresti\\\/acord-cadru-de-15-milioane-de-lei-pentru-inchirierea-si-intretinerea-a-peste-700-toalete-publice-din-capitala\\\/\",\"name\":\"Acord-cadru de 15 milioane de lei pentru \u00eenchirierea \u0219i \u00eentre\u021binerea a peste 700 toalete publice din Capital\u0103 - Buletin de Bucure\u0219ti\",\"isPartOf\":{\"@id\":\"https:\\\/\\\/buletin.de\\\/bucuresti\\\/#website\"},\"primaryImageOfPage\":{\"@id\":\"https:\\\/\\\/buletin.de\\\/bucuresti\\\/acord-cadru-de-15-milioane-de-lei-pentru-inchirierea-si-intretinerea-a-peste-700-toalete-publice-din-capitala\\\/#primaryimage\"},\"image\":{\"@id\":\"https:\\\/\\\/buletin.de\\\/bucuresti\\\/acord-cadru-de-15-milioane-de-lei-pentru-inchirierea-si-intretinerea-a-peste-700-toalete-publice-din-capitala\\\/#primaryimage\"},\"thumbnailUrl\":\"https:\\\/\\\/buletin.de\\\/bucuresti\\\/wp-content\\\/uploads\\\/f1fj9siizs4.jpg\",\"datePublished\":\"2024-01-10T12:51:37+00:00\",\"dateModified\":\"2024-01-13T08:19:29+00:00\",\"breadcrumb\":{\"@id\":\"https:\\\/\\\/buletin.de\\\/bucuresti\\\/acord-cadru-de-15-milioane-de-lei-pentru-inchirierea-si-intretinerea-a-peste-700-toalete-publice-din-capitala\\\/#breadcrumb\"},\"inLanguage\":\"en-GB\",\"potentialAction\":[{\"@type\":\"ReadAction\",\"target\":[\"https:\\\/\\\/buletin.de\\\/bucuresti\\\/acord-cadru-de-15-milioane-de-lei-pentru-inchirierea-si-intretinerea-a-peste-700-toalete-publice-din-capitala\\\/\"]}]},{\"@type\":\"ImageObject\",\"inLanguage\":\"en-GB\",\"@id\":\"https:\\\/\\\/buletin.de\\\/bucuresti\\\/acord-cadru-de-15-milioane-de-lei-pentru-inchirierea-si-intretinerea-a-peste-700-toalete-publice-din-capitala\\\/#primaryimage\",\"url\":\"https:\\\/\\\/buletin.de\\\/bucuresti\\\/wp-content\\\/uploads\\\/f1fj9siizs4.jpg\",\"contentUrl\":\"https:\\\/\\\/buletin.de\\\/bucuresti\\\/wp-content\\\/uploads\\\/f1fj9siizs4.jpg\",\"width\":1600,\"height\":1068,\"caption\":\"black and white no smoking sign\"},{\"@type\":\"BreadcrumbList\",\"@id\":\"https:\\\/\\\/buletin.de\\\/bucuresti\\\/acord-cadru-de-15-milioane-de-lei-pentru-inchirierea-si-intretinerea-a-peste-700-toalete-publice-din-capitala\\\/#breadcrumb\",\"itemListElement\":[{\"@type\":\"ListItem\",\"position\":1,\"name\":\"Acas\u0103\",\"item\":\"https:\\\/\\\/buletin.de\\\/bucuresti\\\/\"},{\"@type\":\"ListItem\",\"position\":2,\"name\":\"Acord-cadru de 15 milioane de lei pentru \u00eenchirierea \u0219i \u00eentre\u021binerea a peste 700 toalete publice din Capital\u0103\"}]},{\"@type\":\"WebSite\",\"@id\":\"https:\\\/\\\/buletin.de\\\/bucuresti\\\/#website\",\"url\":\"https:\\\/\\\/buletin.de\\\/bucuresti\\\/\",\"name\":\"Buletin de Bucure\u0219ti\",\"description\":\"\u0218tiri \u0219i investiga\u021bii esen\u021biale din capital\u0103\",\"publisher\":{\"@id\":\"https:\\\/\\\/buletin.de\\\/bucuresti\\\/#organization\"},\"potentialAction\":[{\"@type\":\"SearchAction\",\"target\":{\"@type\":\"EntryPoint\",\"urlTemplate\":\"https:\\\/\\\/buletin.de\\\/bucuresti\\\/?s={search_term_string}\"},\"query-input\":{\"@type\":\"PropertyValueSpecification\",\"valueRequired\":true,\"valueName\":\"search_term_string\"}}],\"inLanguage\":\"en-GB\"},{\"@type\":\"Organization\",\"@id\":\"https:\\\/\\\/buletin.de\\\/bucuresti\\\/#organization\",\"name\":\"Buletin de Bucure\u0219ti\",\"url\":\"https:\\\/\\\/buletin.de\\\/bucuresti\\\/\",\"logo\":{\"@type\":\"ImageObject\",\"inLanguage\":\"en-GB\",\"@id\":\"https:\\\/\\\/buletin.de\\\/bucuresti\\\/#\\\/schema\\\/logo\\\/image\\\/\",\"url\":\"https:\\\/\\\/buletin.de\\\/bucuresti\\\/wp-content\\\/uploads\\\/logo-bdb-full-wide-vernil-transparent.png\",\"contentUrl\":\"https:\\\/\\\/buletin.de\\\/bucuresti\\\/wp-content\\\/uploads\\\/logo-bdb-full-wide-vernil-transparent.png\",\"width\":1782,\"height\":626,\"caption\":\"Buletin de Bucure\u0219ti\"},\"image\":{\"@id\":\"https:\\\/\\\/buletin.de\\\/bucuresti\\\/#\\\/schema\\\/logo\\\/image\\\/\"},\"sameAs\":[\"https:\\\/\\\/www.facebook.com\\\/buletin.de.buc\",\"https:\\\/\\\/www.instagram.com\\\/buletinde.bucuresti\\\/\"]},{\"@type\":\"Person\",\"@id\":\"https:\\\/\\\/buletin.de\\\/bucuresti\\\/#\\\/schema\\\/person\\\/150590659efde715459d159da012f501\",\"name\":\"Andreea Tudor\",\"image\":{\"@type\":\"ImageObject\",\"inLanguage\":\"en-GB\",\"@id\":\"https:\\\/\\\/secure.gravatar.com\\\/avatar\\\/a88705a186ab0b67f3349bcbced506c09e37256fbaad0e7f3bd1a79b4599f589?s=96&d=monsterid&r=g79290610aa1a65c2b86eebc2ca5aee8f\",\"url\":\"https:\\\/\\\/secure.gravatar.com\\\/avatar\\\/a88705a186ab0b67f3349bcbced506c09e37256fbaad0e7f3bd1a79b4599f589?s=96&d=monsterid&r=g\",\"contentUrl\":\"https:\\\/\\\/secure.gravatar.com\\\/avatar\\\/a88705a186ab0b67f3349bcbced506c09e37256fbaad0e7f3bd1a79b4599f589?s=96&d=monsterid&r=g\",\"caption\":\"Andreea Tudor\"},\"description\":\"N\u0103scut\u0103 \u0219i crescut\u0103 \u00een Bucure\u0219ti, sus\u021bin\u0103toare a presei independente. A\u0219a am ajuns redactor la Buletin de Bucure\u0219ti. Fiind eu, \u00eens\u0103mi, parte a sistemului de \u00eenv\u0103\u021b\u0103m\u00e2nt rom\u00e2nesc \u0219i pasionat\u0103 de domeniul social, pun sub lup\u0103 tot ceea ce se \u00eent\u00e2mpl\u0103 \u00een sfera educa\u021biei. Cred cu t\u0103rie c\u0103 presa \u201epentru cet\u0103\u021beni\u201d este presa independent\u0103. Oamenii au nevoie de o informare corect\u0103 pentru a \u00een\u021belege pe deplin ce se \u00eent\u00e2mpl\u0103 \u00een jurul lor \u0219i pentru a lua ac\u021biune \u00eempotriva nedrept\u0103\u021bilor.\",\"url\":\"https:\\\/\\\/buletin.de\\\/bucuresti\\\/author\\\/andreeatudor\\\/\"}]}<\/script>\n<!-- \/ Yoast SEO Premium plugin. -->","yoast_head_json":{"title":"Acord-cadru de 15 milioane de lei pentru \u00eenchirierea \u0219i \u00eentre\u021binerea a peste 700 toalete publice din Capital\u0103 - Buletin de Bucure\u0219ti","robots":{"index":"index","follow":"follow","max-snippet":"max-snippet:-1","max-image-preview":"max-image-preview:large","max-video-preview":"max-video-preview:-1"},"canonical":"https:\/\/buletin.de\/bucuresti\/acord-cadru-de-15-milioane-de-lei-pentru-inchirierea-si-intretinerea-a-peste-700-toalete-publice-din-capitala\/","og_locale":"en_GB","og_type":"article","og_title":"Acord-cadru de 15 milioane de lei pentru \u00eenchirierea \u0219i \u00eentre\u021binerea a peste 700 toalete publice din Capital\u0103","og_description":"Prim\u0103ria Capitalei a scos la licita\u021bie un acord-cadru de 15 milioane de lei, cu o durat\u0103 de patru ani, pentru cump\u0103rararea, respectiv \u00eenchirierea \u0219i \u00eentre\u021binerea toaletelor ecologice. Peste 700 de toalete publice ar urma s\u0103 fie amplasate \u00een Bucure\u0219ti. Ofertele pot fi depuse p\u00e2n\u0103 pe 8 februarie, potrivit HotNews.ro. Potrivit caietului de sarcini, \u00een cei [&hellip;]","og_url":"https:\/\/buletin.de\/bucuresti\/acord-cadru-de-15-milioane-de-lei-pentru-inchirierea-si-intretinerea-a-peste-700-toalete-publice-din-capitala\/","og_site_name":"Buletin de Bucure\u0219ti","article_publisher":"https:\/\/www.facebook.com\/buletin.de.buc","article_published_time":"2024-01-10T12:51:37+00:00","article_modified_time":"2024-01-13T08:19:29+00:00","og_image":[{"width":1600,"height":1068,"url":"https:\/\/buletin.de\/bucuresti\/wp-content\/uploads\/f1fj9siizs4.jpg","type":"image\/jpeg"}],"author":"Andreea Tudor","twitter_card":"summary_large_image","twitter_misc":{"Written by":"Andreea Tudor","Estimated reading time":"2 minutes"},"schema":{"@context":"https:\/\/schema.org","@graph":[{"@type":"Article","@id":"https:\/\/buletin.de\/bucuresti\/acord-cadru-de-15-milioane-de-lei-pentru-inchirierea-si-intretinerea-a-peste-700-toalete-publice-din-capitala\/#article","isPartOf":{"@id":"https:\/\/buletin.de\/bucuresti\/acord-cadru-de-15-milioane-de-lei-pentru-inchirierea-si-intretinerea-a-peste-700-toalete-publice-din-capitala\/"},"author":{"name":"Andreea Tudor","@id":"https:\/\/buletin.de\/bucuresti\/#\/schema\/person\/150590659efde715459d159da012f501"},"headline":"Acord-cadru de 15 milioane de lei pentru \u00eenchirierea \u0219i \u00eentre\u021binerea a peste 700 toalete publice din Capital\u0103","datePublished":"2024-01-10T12:51:37+00:00","dateModified":"2024-01-13T08:19:29+00:00","mainEntityOfPage":{"@id":"https:\/\/buletin.de\/bucuresti\/acord-cadru-de-15-milioane-de-lei-pentru-inchirierea-si-intretinerea-a-peste-700-toalete-publice-din-capitala\/"},"wordCount":491,"publisher":{"@id":"https:\/\/buletin.de\/bucuresti\/#organization"},"image":{"@id":"https:\/\/buletin.de\/bucuresti\/acord-cadru-de-15-milioane-de-lei-pentru-inchirierea-si-intretinerea-a-peste-700-toalete-publice-din-capitala\/#primaryimage"},"thumbnailUrl":"https:\/\/buletin.de\/bucuresti\/wp-content\/uploads\/f1fj9siizs4.jpg","keywords":["pmb","toalete automate","toalete parcuri","toalete pentru persoane cu dizabilit\u0103\u021bi","toalete publice \u00een Capital\u0103"],"articleSection":["Articole","Prim\u0103rie","\u0218tiri"],"inLanguage":"en-GB","copyrightYear":"2024","copyrightHolder":{"@id":"https:\/\/buletin.de\/bucuresti\/#organization"}},{"@type":"WebPage","@id":"https:\/\/buletin.de\/bucuresti\/acord-cadru-de-15-milioane-de-lei-pentru-inchirierea-si-intretinerea-a-peste-700-toalete-publice-din-capitala\/","url":"https:\/\/buletin.de\/bucuresti\/acord-cadru-de-15-milioane-de-lei-pentru-inchirierea-si-intretinerea-a-peste-700-toalete-publice-din-capitala\/","name":"Acord-cadru de 15 milioane de lei pentru \u00eenchirierea \u0219i \u00eentre\u021binerea a peste 700 toalete publice din Capital\u0103 - Buletin de Bucure\u0219ti","isPartOf":{"@id":"https:\/\/buletin.de\/bucuresti\/#website"},"primaryImageOfPage":{"@id":"https:\/\/buletin.de\/bucuresti\/acord-cadru-de-15-milioane-de-lei-pentru-inchirierea-si-intretinerea-a-peste-700-toalete-publice-din-capitala\/#primaryimage"},"image":{"@id":"https:\/\/buletin.de\/bucuresti\/acord-cadru-de-15-milioane-de-lei-pentru-inchirierea-si-intretinerea-a-peste-700-toalete-publice-din-capitala\/#primaryimage"},"thumbnailUrl":"https:\/\/buletin.de\/bucuresti\/wp-content\/uploads\/f1fj9siizs4.jpg","datePublished":"2024-01-10T12:51:37+00:00","dateModified":"2024-01-13T08:19:29+00:00","breadcrumb":{"@id":"https:\/\/buletin.de\/bucuresti\/acord-cadru-de-15-milioane-de-lei-pentru-inchirierea-si-intretinerea-a-peste-700-toalete-publice-din-capitala\/#breadcrumb"},"inLanguage":"en-GB","potentialAction":[{"@type":"ReadAction","target":["https:\/\/buletin.de\/bucuresti\/acord-cadru-de-15-milioane-de-lei-pentru-inchirierea-si-intretinerea-a-peste-700-toalete-publice-din-capitala\/"]}]},{"@type":"ImageObject","inLanguage":"en-GB","@id":"https:\/\/buletin.de\/bucuresti\/acord-cadru-de-15-milioane-de-lei-pentru-inchirierea-si-intretinerea-a-peste-700-toalete-publice-din-capitala\/#primaryimage","url":"https:\/\/buletin.de\/bucuresti\/wp-content\/uploads\/f1fj9siizs4.jpg","contentUrl":"https:\/\/buletin.de\/bucuresti\/wp-content\/uploads\/f1fj9siizs4.jpg","width":1600,"height":1068,"caption":"black and white no smoking sign"},{"@type":"BreadcrumbList","@id":"https:\/\/buletin.de\/bucuresti\/acord-cadru-de-15-milioane-de-lei-pentru-inchirierea-si-intretinerea-a-peste-700-toalete-publice-din-capitala\/#breadcrumb","itemListElement":[{"@type":"ListItem","position":1,"name":"Acas\u0103","item":"https:\/\/buletin.de\/bucuresti\/"},{"@type":"ListItem","position":2,"name":"Acord-cadru de 15 milioane de lei pentru \u00eenchirierea \u0219i \u00eentre\u021binerea a peste 700 toalete publice din Capital\u0103"}]},{"@type":"WebSite","@id":"https:\/\/buletin.de\/bucuresti\/#website","url":"https:\/\/buletin.de\/bucuresti\/","name":"Buletin de Bucure\u0219ti","description":"\u0218tiri \u0219i investiga\u021bii esen\u021biale din capital\u0103","publisher":{"@id":"https:\/\/buletin.de\/bucuresti\/#organization"},"potentialAction":[{"@type":"SearchAction","target":{"@type":"EntryPoint","urlTemplate":"https:\/\/buletin.de\/bucuresti\/?s={search_term_string}"},"query-input":{"@type":"PropertyValueSpecification","valueRequired":true,"valueName":"search_term_string"}}],"inLanguage":"en-GB"},{"@type":"Organization","@id":"https:\/\/buletin.de\/bucuresti\/#organization","name":"Buletin de Bucure\u0219ti","url":"https:\/\/buletin.de\/bucuresti\/","logo":{"@type":"ImageObject","inLanguage":"en-GB","@id":"https:\/\/buletin.de\/bucuresti\/#\/schema\/logo\/image\/","url":"https:\/\/buletin.de\/bucuresti\/wp-content\/uploads\/logo-bdb-full-wide-vernil-transparent.png","contentUrl":"https:\/\/buletin.de\/bucuresti\/wp-content\/uploads\/logo-bdb-full-wide-vernil-transparent.png","width":1782,"height":626,"caption":"Buletin de Bucure\u0219ti"},"image":{"@id":"https:\/\/buletin.de\/bucuresti\/#\/schema\/logo\/image\/"},"sameAs":["https:\/\/www.facebook.com\/buletin.de.buc","https:\/\/www.instagram.com\/buletinde.bucuresti\/"]},{"@type":"Person","@id":"https:\/\/buletin.de\/bucuresti\/#\/schema\/person\/150590659efde715459d159da012f501","name":"Andreea Tudor","image":{"@type":"ImageObject","inLanguage":"en-GB","@id":"https:\/\/secure.gravatar.com\/avatar\/a88705a186ab0b67f3349bcbced506c09e37256fbaad0e7f3bd1a79b4599f589?s=96&d=monsterid&r=g79290610aa1a65c2b86eebc2ca5aee8f","url":"https:\/\/secure.gravatar.com\/avatar\/a88705a186ab0b67f3349bcbced506c09e37256fbaad0e7f3bd1a79b4599f589?s=96&d=monsterid&r=g","contentUrl":"https:\/\/secure.gravatar.com\/avatar\/a88705a186ab0b67f3349bcbced506c09e37256fbaad0e7f3bd1a79b4599f589?s=96&d=monsterid&r=g","caption":"Andreea Tudor"},"description":"N\u0103scut\u0103 \u0219i crescut\u0103 \u00een Bucure\u0219ti, sus\u021bin\u0103toare a presei independente. A\u0219a am ajuns redactor la Buletin de Bucure\u0219ti. Fiind eu, \u00eens\u0103mi, parte a sistemului de \u00eenv\u0103\u021b\u0103m\u00e2nt rom\u00e2nesc \u0219i pasionat\u0103 de domeniul social, pun sub lup\u0103 tot ceea ce se \u00eent\u00e2mpl\u0103 \u00een sfera educa\u021biei. Cred cu t\u0103rie c\u0103 presa \u201epentru cet\u0103\u021beni\u201d este presa independent\u0103. Oamenii au nevoie de o informare corect\u0103 pentru a \u00een\u021belege pe deplin ce se \u00eent\u00e2mpl\u0103 \u00een jurul lor \u0219i pentru a lua ac\u021biune \u00eempotriva nedrept\u0103\u021bilor.","url":"https:\/\/buletin.de\/bucuresti\/author\/andreeatudor\/"}]}},"authors":[{"term_id":22573,"user_id":55,"is_guest":0,"slug":"andreeatudor","display_name":"Andreea Tudor","avatar_url":"https:\/\/secure.gravatar.com\/avatar\/a88705a186ab0b67f3349bcbced506c09e37256fbaad0e7f3bd1a79b4599f589?s=96&d=monsterid&r=g","0":null,"1":"","2":"","3":"","4":"","5":"","6":"","7":"","8":""}],"_links":{"self":[{"href":"https:\/\/buletin.de\/bucuresti\/wp-json\/wp\/v2\/posts\/74111","targetHints":{"allow":["GET"]}}],"collection":[{"href":"https:\/\/buletin.de\/bucuresti\/wp-json\/wp\/v2\/posts"}],"about":[{"href":"https:\/\/buletin.de\/bucuresti\/wp-json\/wp\/v2\/types\/post"}],"author":[{"embeddable":true,"href":"https:\/\/buletin.de\/bucuresti\/wp-json\/wp\/v2\/users\/55"}],"replies":[{"embeddable":true,"href":"https:\/\/buletin.de\/bucuresti\/wp-json\/wp\/v2\/comments?post=74111"}],"version-history":[{"count":5,"href":"https:\/\/buletin.de\/bucuresti\/wp-json\/wp\/v2\/posts\/74111\/revisions"}],"predecessor-version":[{"id":74520,"href":"https:\/\/buletin.de\/bucuresti\/wp-json\/wp\/v2\/posts\/74111\/revisions\/74520"}],"wp:featuredmedia":[{"embeddable":true,"href":"https:\/\/buletin.de\/bucuresti\/wp-json\/wp\/v2\/media\/74131"}],"wp:attachment":[{"href":"https:\/\/buletin.de\/bucuresti\/wp-json\/wp\/v2\/media?parent=74111"}],"wp:term":[{"taxonomy":"category","embeddable":true,"href":"https:\/\/buletin.de\/bucuresti\/wp-json\/wp\/v2\/categories?post=74111"},{"taxonomy":"post_tag","embeddable":true,"href":"https:\/\/buletin.de\/bucuresti\/wp-json\/wp\/v2\/tags?post=74111"},{"taxonomy":"author","embeddable":true,"href":"https:\/\/buletin.de\/bucuresti\/wp-json\/wp\/v2\/ppma_author?post=74111"}],"curies":[{"name":"wp","href":"https:\/\/api.w.org\/{rel}","templated":true}]}}