{"id":74104,"date":"2024-01-10T13:31:01","date_gmt":"2024-01-10T11:31:01","guid":{"rendered":"https:\/\/buletin.de\/bucuresti\/?p=74104"},"modified":"2024-01-10T13:31:01","modified_gmt":"2024-01-10T11:31:01","slug":"ilfov-i-primaria-pantelimon-anunta-cum-se-face-plata-taxelor-si-impozitelor-in-2024","status":"publish","type":"post","link":"https:\/\/buletin.de\/bucuresti\/ilfov-i-primaria-pantelimon-anunta-cum-se-face-plata-taxelor-si-impozitelor-in-2024\/","title":{"rendered":"ILFOV I Prim\u0103ria Pantelimon anun\u021b\u0103 cum se face plata taxelor \u0219i impozitelor \u00een 2024"},"content":{"rendered":"\n<p><strong>Prim\u0103ria ora\u0219ului Pantelimon anun\u021b\u0103 cum se poate face plata taxelor \u015fi impozitelor, \u00een acest an. Cet\u0103\u021benii au mai multe modalit\u0103\u021bi.<\/strong><\/p>\n\n\n\n<ul class=\"wp-block-list\">\n<li>la casieria Prim\u0103riei ora\u0219ului Pantelimon, de luni p\u00e2n\u0103 joi \u00eentre orele 8:30 \u2013 16:00 \u0219i vinerea \u00eentre 8:30-13:30, at\u00e2t cash c\u00e2t \u0219i prin POS.<\/li>\n\n\n\n<li>online prin intermediul platformei ghi\u0219eul.ro;<\/li>\n\n\n\n<li>cu ordin de plat\u0103, \u00een conturile destinate persoanelor fizice sau juridice:&nbsp;<a href=\"https:\/\/l.facebook.com\/l.php?u=https%3A%2F%2Fwww.primariapantelimon.ro%2Ftaxe-si-impozite%2F%3Ffbclid%3DIwAR1UBKhqnVF7hyCmOvgR_NjhO8XoKWq7cCMZAvxams9cHMmUCrLqnYFIbZA&amp;h=AT1eQxCiUC5Fr6PS4H-wtWtWnfHzudrOXFX-EdfP1HMLypmlYXL6GWyHeUtn9fZEj1l-A8T-3O3vwDNUrWml5ECMabSuWTla7RG5U-Z60batXCPFhZfKV1YF_ghFOzXoDBCbYNV4XmYzmuFLe7IG&amp;__tn__=-UK-R&amp;c[0]=AT2zlWkmdmjV0ZYYtA2VbB83P5zR2fJbRjglplgbc0ietgCczHXxtuk3hFDKvFho-iZ0oseHAApg87kGa5Fik4zauNa79C_DQIoYXrocrTqNO_M_OQ_Mf7w-2v77H09EILWu3chi4wOSzTqXTJTHRI1zi5SNmDkVvmOwMF4VmTc86mIdjsh1F4vEge2ejhQufi47diQYgKw8ehA5F9s\" target=\"_blank\" rel=\"noreferrer noopener\">https:\/\/www.primariapantelimon.ro\/taxe-si-impozite\/<\/a><\/li>\n<\/ul>\n\n\n\n<p>P\u00e2n\u0103 la 31 martie 2024 persoanele fizice beneficiaz\u0103 de bonifica\u021bie de 10% din plata taxelor \u0219i impozitelor locale. De asemenea, persoanele juridice au o bonifica\u021bie de 7% la achitarea acestora.<\/p>\n\n\n\n<p><strong>CITE\u0218TE \u0218I:<\/strong><\/p>\n\n\n\n<figure class=\"wp-block-embed is-type-wp-embed is-provider-buletin-de-bucure-ti wp-block-embed-buletin-de-bucure-ti\"><div class=\"wp-block-embed__wrapper\">\n<blockquote class=\"wp-embedded-content\" data-secret=\"vQ8u065qiS\"><a href=\"https:\/\/buletin.de\/bucuresti\/sector-6-i-reteaua-de-automate-pentru-plata-taxelor-si-impozitelor-extinsa-in-statiile-de-metrou\/\">Sector 6 I Re\u021beaua de automate pentru plata taxelor \u0219i impozitelor, extins\u0103 \u00een sta\u021biile de metrou<\/a><\/blockquote><iframe class=\"wp-embedded-content\" sandbox=\"allow-scripts\" security=\"restricted\" style=\"position: absolute; clip: rect(1px, 1px, 1px, 1px);\" title=\"&#8220;Sector 6 I Re\u021beaua de automate pentru plata taxelor \u0219i impozitelor, extins\u0103 \u00een sta\u021biile de metrou&#8221; &#8212; Buletin de Bucure\u0219ti\" src=\"https:\/\/buletin.de\/bucuresti\/sector-6-i-reteaua-de-automate-pentru-plata-taxelor-si-impozitelor-extinsa-in-statiile-de-metrou\/embed\/#?secret=JF7V4ezujU#?secret=vQ8u065qiS\" data-secret=\"vQ8u065qiS\" width=\"600\" height=\"338\" frameborder=\"0\" marginwidth=\"0\" marginheight=\"0\" scrolling=\"no\"><\/iframe>\n<\/div><\/figure>\n\n\n\n<figure class=\"wp-block-embed is-type-wp-embed is-provider-buletin-de-bucure-ti wp-block-embed-buletin-de-bucure-ti\"><div class=\"wp-block-embed__wrapper\">\n<blockquote class=\"wp-embedded-content\" data-secret=\"4oq4Wiakwc\"><a href=\"https:\/\/buletin.de\/bucuresti\/ilfov-i-gradinita-noua-in-domnesti\/\">ILFOV I Gr\u0103dini\u021b\u0103 nou\u0103, \u00een Domne\u0219ti<\/a><\/blockquote><iframe class=\"wp-embedded-content\" sandbox=\"allow-scripts\" security=\"restricted\" style=\"position: absolute; clip: rect(1px, 1px, 1px, 1px);\" title=\"&#8220;ILFOV I Gr\u0103dini\u021b\u0103 nou\u0103, \u00een Domne\u0219ti&#8221; &#8212; Buletin de Bucure\u0219ti\" src=\"https:\/\/buletin.de\/bucuresti\/ilfov-i-gradinita-noua-in-domnesti\/embed\/#?secret=CTSrWUqFp9#?secret=4oq4Wiakwc\" data-secret=\"4oq4Wiakwc\" width=\"600\" height=\"338\" frameborder=\"0\" marginwidth=\"0\" marginheight=\"0\" scrolling=\"no\"><\/iframe>\n<\/div><\/figure>\n","protected":false},"excerpt":{"rendered":"<p>Prim\u0103ria ora\u0219ului Pantelimon anun\u021b\u0103 cum se poate face plata taxelor \u015fi impozitelor, \u00een acest an. Cet\u0103\u021benii au mai multe modalit\u0103\u021bi. P\u00e2n\u0103 la 31 martie 2024 persoanele fizice beneficiaz\u0103 de bonifica\u021bie de 10% din plata taxelor \u0219i impozitelor locale. De asemenea, persoanele juridice au o bonifica\u021bie de 7% la achitarea acestora. CITE\u0218TE \u0218I:<\/p>\n","protected":false},"author":49,"featured_media":74116,"comment_status":"closed","ping_status":"open","sticky":false,"template":"","format":"standard","meta":{"_acf_changed":false,"inline_featured_image":false,"ngg_post_thumbnail":0,"footnotes":""},"categories":[6994,24,62],"tags":[6599,1545,2274],"ppma_author":[22574],"class_list":["post-74104","post","type-post","status-publish","format-standard","has-post-thumbnail","hentry","category-stiri-2","category-primarie","category-stiri","tag-judetul-ilfov","tag-pantelimon","tag-taxe-si-impozite"],"acf":[],"yoast_head":"<!-- This site is optimized with the Yoast SEO Premium plugin v25.3 (Yoast SEO v27.4) - https:\/\/yoast.com\/product\/yoast-seo-premium-wordpress\/ -->\n<title>ILFOV I Prim\u0103ria Pantelimon anun\u021b\u0103 cum se face plata taxelor \u0219i impozitelor \u00een 2024 - Buletin de Bucure\u0219ti<\/title>\n<meta name=\"robots\" content=\"index, follow, max-snippet:-1, max-image-preview:large, max-video-preview:-1\" \/>\n<link rel=\"canonical\" href=\"https:\/\/buletin.de\/bucuresti\/ilfov-i-primaria-pantelimon-anunta-cum-se-face-plata-taxelor-si-impozitelor-in-2024\/\" \/>\n<meta property=\"og:locale\" content=\"en_GB\" \/>\n<meta property=\"og:type\" content=\"article\" \/>\n<meta property=\"og:title\" content=\"ILFOV I Prim\u0103ria Pantelimon anun\u021b\u0103 cum se face plata taxelor \u0219i impozitelor \u00een 2024\" \/>\n<meta property=\"og:description\" content=\"Prim\u0103ria ora\u0219ului Pantelimon anun\u021b\u0103 cum se poate face plata taxelor \u015fi impozitelor, \u00een acest an. Cet\u0103\u021benii au mai multe modalit\u0103\u021bi. P\u00e2n\u0103 la 31 martie 2024 persoanele fizice beneficiaz\u0103 de bonifica\u021bie de 10% din plata taxelor \u0219i impozitelor locale. De asemenea, persoanele juridice au o bonifica\u021bie de 7% la achitarea acestora. CITE\u0218TE \u0218I:\" \/>\n<meta property=\"og:url\" content=\"https:\/\/buletin.de\/bucuresti\/ilfov-i-primaria-pantelimon-anunta-cum-se-face-plata-taxelor-si-impozitelor-in-2024\/\" \/>\n<meta property=\"og:site_name\" content=\"Buletin de Bucure\u0219ti\" \/>\n<meta property=\"article:publisher\" content=\"https:\/\/www.facebook.com\/buletin.de.buc\" \/>\n<meta property=\"article:published_time\" content=\"2024-01-10T11:31:01+00:00\" \/>\n<meta property=\"og:image\" content=\"https:\/\/buletin.de\/bucuresti\/wp-content\/uploads\/primarie-oras-pantelimon-900x471.png\" \/>\n\t<meta property=\"og:image:width\" content=\"900\" \/>\n\t<meta property=\"og:image:height\" content=\"471\" \/>\n\t<meta property=\"og:image:type\" content=\"image\/png\" \/>\n<meta name=\"author\" content=\"Diana Matei\" \/>\n<meta name=\"twitter:card\" content=\"summary_large_image\" \/>\n<meta name=\"twitter:label1\" content=\"Written by\" \/>\n\t<meta name=\"twitter:data1\" content=\"Diana Matei\" \/>\n\t<meta name=\"twitter:label2\" content=\"Estimated reading time\" \/>\n\t<meta name=\"twitter:data2\" content=\"1 minute\" \/>\n<script type=\"application\/ld+json\" class=\"yoast-schema-graph\">{\"@context\":\"https:\\\/\\\/schema.org\",\"@graph\":[{\"@type\":\"Article\",\"@id\":\"https:\\\/\\\/buletin.de\\\/bucuresti\\\/ilfov-i-primaria-pantelimon-anunta-cum-se-face-plata-taxelor-si-impozitelor-in-2024\\\/#article\",\"isPartOf\":{\"@id\":\"https:\\\/\\\/buletin.de\\\/bucuresti\\\/ilfov-i-primaria-pantelimon-anunta-cum-se-face-plata-taxelor-si-impozitelor-in-2024\\\/\"},\"author\":{\"name\":\"Diana Matei\",\"@id\":\"https:\\\/\\\/buletin.de\\\/bucuresti\\\/#\\\/schema\\\/person\\\/7e46040573290777280a0835d81ea4ea\"},\"headline\":\"ILFOV I Prim\u0103ria Pantelimon anun\u021b\u0103 cum se face plata taxelor \u0219i impozitelor \u00een 2024\",\"datePublished\":\"2024-01-10T11:31:01+00:00\",\"mainEntityOfPage\":{\"@id\":\"https:\\\/\\\/buletin.de\\\/bucuresti\\\/ilfov-i-primaria-pantelimon-anunta-cum-se-face-plata-taxelor-si-impozitelor-in-2024\\\/\"},\"wordCount\":131,\"publisher\":{\"@id\":\"https:\\\/\\\/buletin.de\\\/bucuresti\\\/#organization\"},\"image\":{\"@id\":\"https:\\\/\\\/buletin.de\\\/bucuresti\\\/ilfov-i-primaria-pantelimon-anunta-cum-se-face-plata-taxelor-si-impozitelor-in-2024\\\/#primaryimage\"},\"thumbnailUrl\":\"https:\\\/\\\/buletin.de\\\/bucuresti\\\/wp-content\\\/uploads\\\/primarie-oras-pantelimon.png\",\"keywords\":[\"judetul ilfov\",\"Pantelimon\",\"taxe si impozite\"],\"articleSection\":[\"Articole\",\"Prim\u0103rie\",\"\u0218tiri\"],\"inLanguage\":\"en-GB\",\"copyrightYear\":\"2024\",\"copyrightHolder\":{\"@id\":\"https:\\\/\\\/buletin.de\\\/bucuresti\\\/#organization\"}},{\"@type\":\"WebPage\",\"@id\":\"https:\\\/\\\/buletin.de\\\/bucuresti\\\/ilfov-i-primaria-pantelimon-anunta-cum-se-face-plata-taxelor-si-impozitelor-in-2024\\\/\",\"url\":\"https:\\\/\\\/buletin.de\\\/bucuresti\\\/ilfov-i-primaria-pantelimon-anunta-cum-se-face-plata-taxelor-si-impozitelor-in-2024\\\/\",\"name\":\"ILFOV I Prim\u0103ria Pantelimon anun\u021b\u0103 cum se face plata taxelor \u0219i impozitelor \u00een 2024 - Buletin de Bucure\u0219ti\",\"isPartOf\":{\"@id\":\"https:\\\/\\\/buletin.de\\\/bucuresti\\\/#website\"},\"primaryImageOfPage\":{\"@id\":\"https:\\\/\\\/buletin.de\\\/bucuresti\\\/ilfov-i-primaria-pantelimon-anunta-cum-se-face-plata-taxelor-si-impozitelor-in-2024\\\/#primaryimage\"},\"image\":{\"@id\":\"https:\\\/\\\/buletin.de\\\/bucuresti\\\/ilfov-i-primaria-pantelimon-anunta-cum-se-face-plata-taxelor-si-impozitelor-in-2024\\\/#primaryimage\"},\"thumbnailUrl\":\"https:\\\/\\\/buletin.de\\\/bucuresti\\\/wp-content\\\/uploads\\\/primarie-oras-pantelimon.png\",\"datePublished\":\"2024-01-10T11:31:01+00:00\",\"breadcrumb\":{\"@id\":\"https:\\\/\\\/buletin.de\\\/bucuresti\\\/ilfov-i-primaria-pantelimon-anunta-cum-se-face-plata-taxelor-si-impozitelor-in-2024\\\/#breadcrumb\"},\"inLanguage\":\"en-GB\",\"potentialAction\":[{\"@type\":\"ReadAction\",\"target\":[\"https:\\\/\\\/buletin.de\\\/bucuresti\\\/ilfov-i-primaria-pantelimon-anunta-cum-se-face-plata-taxelor-si-impozitelor-in-2024\\\/\"]}]},{\"@type\":\"ImageObject\",\"inLanguage\":\"en-GB\",\"@id\":\"https:\\\/\\\/buletin.de\\\/bucuresti\\\/ilfov-i-primaria-pantelimon-anunta-cum-se-face-plata-taxelor-si-impozitelor-in-2024\\\/#primaryimage\",\"url\":\"https:\\\/\\\/buletin.de\\\/bucuresti\\\/wp-content\\\/uploads\\\/primarie-oras-pantelimon.png\",\"contentUrl\":\"https:\\\/\\\/buletin.de\\\/bucuresti\\\/wp-content\\\/uploads\\\/primarie-oras-pantelimon.png\",\"width\":1478,\"height\":774,\"caption\":\"FOTO: Google Street View\"},{\"@type\":\"BreadcrumbList\",\"@id\":\"https:\\\/\\\/buletin.de\\\/bucuresti\\\/ilfov-i-primaria-pantelimon-anunta-cum-se-face-plata-taxelor-si-impozitelor-in-2024\\\/#breadcrumb\",\"itemListElement\":[{\"@type\":\"ListItem\",\"position\":1,\"name\":\"Acas\u0103\",\"item\":\"https:\\\/\\\/buletin.de\\\/bucuresti\\\/\"},{\"@type\":\"ListItem\",\"position\":2,\"name\":\"ILFOV I Prim\u0103ria Pantelimon anun\u021b\u0103 cum se face plata taxelor \u0219i impozitelor \u00een 2024\"}]},{\"@type\":\"WebSite\",\"@id\":\"https:\\\/\\\/buletin.de\\\/bucuresti\\\/#website\",\"url\":\"https:\\\/\\\/buletin.de\\\/bucuresti\\\/\",\"name\":\"Buletin de Bucure\u0219ti\",\"description\":\"\u0218tiri \u0219i investiga\u021bii esen\u021biale din capital\u0103\",\"publisher\":{\"@id\":\"https:\\\/\\\/buletin.de\\\/bucuresti\\\/#organization\"},\"potentialAction\":[{\"@type\":\"SearchAction\",\"target\":{\"@type\":\"EntryPoint\",\"urlTemplate\":\"https:\\\/\\\/buletin.de\\\/bucuresti\\\/?s={search_term_string}\"},\"query-input\":{\"@type\":\"PropertyValueSpecification\",\"valueRequired\":true,\"valueName\":\"search_term_string\"}}],\"inLanguage\":\"en-GB\"},{\"@type\":\"Organization\",\"@id\":\"https:\\\/\\\/buletin.de\\\/bucuresti\\\/#organization\",\"name\":\"Buletin de Bucure\u0219ti\",\"url\":\"https:\\\/\\\/buletin.de\\\/bucuresti\\\/\",\"logo\":{\"@type\":\"ImageObject\",\"inLanguage\":\"en-GB\",\"@id\":\"https:\\\/\\\/buletin.de\\\/bucuresti\\\/#\\\/schema\\\/logo\\\/image\\\/\",\"url\":\"https:\\\/\\\/buletin.de\\\/bucuresti\\\/wp-content\\\/uploads\\\/logo-bdb-full-wide-vernil-transparent.png\",\"contentUrl\":\"https:\\\/\\\/buletin.de\\\/bucuresti\\\/wp-content\\\/uploads\\\/logo-bdb-full-wide-vernil-transparent.png\",\"width\":1782,\"height\":626,\"caption\":\"Buletin de Bucure\u0219ti\"},\"image\":{\"@id\":\"https:\\\/\\\/buletin.de\\\/bucuresti\\\/#\\\/schema\\\/logo\\\/image\\\/\"},\"sameAs\":[\"https:\\\/\\\/www.facebook.com\\\/buletin.de.buc\",\"https:\\\/\\\/www.instagram.com\\\/buletinde.bucuresti\\\/\"]},{\"@type\":\"Person\",\"@id\":\"https:\\\/\\\/buletin.de\\\/bucuresti\\\/#\\\/schema\\\/person\\\/7e46040573290777280a0835d81ea4ea\",\"name\":\"Diana Matei\",\"image\":{\"@type\":\"ImageObject\",\"inLanguage\":\"en-GB\",\"@id\":\"https:\\\/\\\/buletin.de\\\/bucuresti\\\/wp-content\\\/uploads\\\/9-2-96x96.jpg1e8590b30871d70e62ebcdaf2eff570c\",\"url\":\"https:\\\/\\\/buletin.de\\\/bucuresti\\\/wp-content\\\/uploads\\\/9-2-96x96.jpg\",\"contentUrl\":\"https:\\\/\\\/buletin.de\\\/bucuresti\\\/wp-content\\\/uploads\\\/9-2-96x96.jpg\",\"caption\":\"Diana Matei\"},\"url\":\"https:\\\/\\\/buletin.de\\\/bucuresti\\\/author\\\/dianamatei\\\/\"}]}<\/script>\n<!-- \/ Yoast SEO Premium plugin. -->","yoast_head_json":{"title":"ILFOV I Prim\u0103ria Pantelimon anun\u021b\u0103 cum se face plata taxelor \u0219i impozitelor \u00een 2024 - Buletin de Bucure\u0219ti","robots":{"index":"index","follow":"follow","max-snippet":"max-snippet:-1","max-image-preview":"max-image-preview:large","max-video-preview":"max-video-preview:-1"},"canonical":"https:\/\/buletin.de\/bucuresti\/ilfov-i-primaria-pantelimon-anunta-cum-se-face-plata-taxelor-si-impozitelor-in-2024\/","og_locale":"en_GB","og_type":"article","og_title":"ILFOV I Prim\u0103ria Pantelimon anun\u021b\u0103 cum se face plata taxelor \u0219i impozitelor \u00een 2024","og_description":"Prim\u0103ria ora\u0219ului Pantelimon anun\u021b\u0103 cum se poate face plata taxelor \u015fi impozitelor, \u00een acest an. Cet\u0103\u021benii au mai multe modalit\u0103\u021bi. P\u00e2n\u0103 la 31 martie 2024 persoanele fizice beneficiaz\u0103 de bonifica\u021bie de 10% din plata taxelor \u0219i impozitelor locale. De asemenea, persoanele juridice au o bonifica\u021bie de 7% la achitarea acestora. CITE\u0218TE \u0218I:","og_url":"https:\/\/buletin.de\/bucuresti\/ilfov-i-primaria-pantelimon-anunta-cum-se-face-plata-taxelor-si-impozitelor-in-2024\/","og_site_name":"Buletin de Bucure\u0219ti","article_publisher":"https:\/\/www.facebook.com\/buletin.de.buc","article_published_time":"2024-01-10T11:31:01+00:00","og_image":[{"width":900,"height":471,"url":"https:\/\/buletin.de\/bucuresti\/wp-content\/uploads\/primarie-oras-pantelimon-900x471.png","type":"image\/png"}],"author":"Diana Matei","twitter_card":"summary_large_image","twitter_misc":{"Written by":"Diana Matei","Estimated reading time":"1 minute"},"schema":{"@context":"https:\/\/schema.org","@graph":[{"@type":"Article","@id":"https:\/\/buletin.de\/bucuresti\/ilfov-i-primaria-pantelimon-anunta-cum-se-face-plata-taxelor-si-impozitelor-in-2024\/#article","isPartOf":{"@id":"https:\/\/buletin.de\/bucuresti\/ilfov-i-primaria-pantelimon-anunta-cum-se-face-plata-taxelor-si-impozitelor-in-2024\/"},"author":{"name":"Diana Matei","@id":"https:\/\/buletin.de\/bucuresti\/#\/schema\/person\/7e46040573290777280a0835d81ea4ea"},"headline":"ILFOV I Prim\u0103ria Pantelimon anun\u021b\u0103 cum se face plata taxelor \u0219i impozitelor \u00een 2024","datePublished":"2024-01-10T11:31:01+00:00","mainEntityOfPage":{"@id":"https:\/\/buletin.de\/bucuresti\/ilfov-i-primaria-pantelimon-anunta-cum-se-face-plata-taxelor-si-impozitelor-in-2024\/"},"wordCount":131,"publisher":{"@id":"https:\/\/buletin.de\/bucuresti\/#organization"},"image":{"@id":"https:\/\/buletin.de\/bucuresti\/ilfov-i-primaria-pantelimon-anunta-cum-se-face-plata-taxelor-si-impozitelor-in-2024\/#primaryimage"},"thumbnailUrl":"https:\/\/buletin.de\/bucuresti\/wp-content\/uploads\/primarie-oras-pantelimon.png","keywords":["judetul ilfov","Pantelimon","taxe si impozite"],"articleSection":["Articole","Prim\u0103rie","\u0218tiri"],"inLanguage":"en-GB","copyrightYear":"2024","copyrightHolder":{"@id":"https:\/\/buletin.de\/bucuresti\/#organization"}},{"@type":"WebPage","@id":"https:\/\/buletin.de\/bucuresti\/ilfov-i-primaria-pantelimon-anunta-cum-se-face-plata-taxelor-si-impozitelor-in-2024\/","url":"https:\/\/buletin.de\/bucuresti\/ilfov-i-primaria-pantelimon-anunta-cum-se-face-plata-taxelor-si-impozitelor-in-2024\/","name":"ILFOV I Prim\u0103ria Pantelimon anun\u021b\u0103 cum se face plata taxelor \u0219i impozitelor \u00een 2024 - Buletin de Bucure\u0219ti","isPartOf":{"@id":"https:\/\/buletin.de\/bucuresti\/#website"},"primaryImageOfPage":{"@id":"https:\/\/buletin.de\/bucuresti\/ilfov-i-primaria-pantelimon-anunta-cum-se-face-plata-taxelor-si-impozitelor-in-2024\/#primaryimage"},"image":{"@id":"https:\/\/buletin.de\/bucuresti\/ilfov-i-primaria-pantelimon-anunta-cum-se-face-plata-taxelor-si-impozitelor-in-2024\/#primaryimage"},"thumbnailUrl":"https:\/\/buletin.de\/bucuresti\/wp-content\/uploads\/primarie-oras-pantelimon.png","datePublished":"2024-01-10T11:31:01+00:00","breadcrumb":{"@id":"https:\/\/buletin.de\/bucuresti\/ilfov-i-primaria-pantelimon-anunta-cum-se-face-plata-taxelor-si-impozitelor-in-2024\/#breadcrumb"},"inLanguage":"en-GB","potentialAction":[{"@type":"ReadAction","target":["https:\/\/buletin.de\/bucuresti\/ilfov-i-primaria-pantelimon-anunta-cum-se-face-plata-taxelor-si-impozitelor-in-2024\/"]}]},{"@type":"ImageObject","inLanguage":"en-GB","@id":"https:\/\/buletin.de\/bucuresti\/ilfov-i-primaria-pantelimon-anunta-cum-se-face-plata-taxelor-si-impozitelor-in-2024\/#primaryimage","url":"https:\/\/buletin.de\/bucuresti\/wp-content\/uploads\/primarie-oras-pantelimon.png","contentUrl":"https:\/\/buletin.de\/bucuresti\/wp-content\/uploads\/primarie-oras-pantelimon.png","width":1478,"height":774,"caption":"FOTO: Google Street View"},{"@type":"BreadcrumbList","@id":"https:\/\/buletin.de\/bucuresti\/ilfov-i-primaria-pantelimon-anunta-cum-se-face-plata-taxelor-si-impozitelor-in-2024\/#breadcrumb","itemListElement":[{"@type":"ListItem","position":1,"name":"Acas\u0103","item":"https:\/\/buletin.de\/bucuresti\/"},{"@type":"ListItem","position":2,"name":"ILFOV I Prim\u0103ria Pantelimon anun\u021b\u0103 cum se face plata taxelor \u0219i impozitelor \u00een 2024"}]},{"@type":"WebSite","@id":"https:\/\/buletin.de\/bucuresti\/#website","url":"https:\/\/buletin.de\/bucuresti\/","name":"Buletin de Bucure\u0219ti","description":"\u0218tiri \u0219i investiga\u021bii esen\u021biale din capital\u0103","publisher":{"@id":"https:\/\/buletin.de\/bucuresti\/#organization"},"potentialAction":[{"@type":"SearchAction","target":{"@type":"EntryPoint","urlTemplate":"https:\/\/buletin.de\/bucuresti\/?s={search_term_string}"},"query-input":{"@type":"PropertyValueSpecification","valueRequired":true,"valueName":"search_term_string"}}],"inLanguage":"en-GB"},{"@type":"Organization","@id":"https:\/\/buletin.de\/bucuresti\/#organization","name":"Buletin de Bucure\u0219ti","url":"https:\/\/buletin.de\/bucuresti\/","logo":{"@type":"ImageObject","inLanguage":"en-GB","@id":"https:\/\/buletin.de\/bucuresti\/#\/schema\/logo\/image\/","url":"https:\/\/buletin.de\/bucuresti\/wp-content\/uploads\/logo-bdb-full-wide-vernil-transparent.png","contentUrl":"https:\/\/buletin.de\/bucuresti\/wp-content\/uploads\/logo-bdb-full-wide-vernil-transparent.png","width":1782,"height":626,"caption":"Buletin de Bucure\u0219ti"},"image":{"@id":"https:\/\/buletin.de\/bucuresti\/#\/schema\/logo\/image\/"},"sameAs":["https:\/\/www.facebook.com\/buletin.de.buc","https:\/\/www.instagram.com\/buletinde.bucuresti\/"]},{"@type":"Person","@id":"https:\/\/buletin.de\/bucuresti\/#\/schema\/person\/7e46040573290777280a0835d81ea4ea","name":"Diana Matei","image":{"@type":"ImageObject","inLanguage":"en-GB","@id":"https:\/\/buletin.de\/bucuresti\/wp-content\/uploads\/9-2-96x96.jpg1e8590b30871d70e62ebcdaf2eff570c","url":"https:\/\/buletin.de\/bucuresti\/wp-content\/uploads\/9-2-96x96.jpg","contentUrl":"https:\/\/buletin.de\/bucuresti\/wp-content\/uploads\/9-2-96x96.jpg","caption":"Diana Matei"},"url":"https:\/\/buletin.de\/bucuresti\/author\/dianamatei\/"}]}},"authors":[{"term_id":22574,"user_id":49,"is_guest":0,"slug":"dianamatei","display_name":"Diana Matei","avatar_url":"https:\/\/buletin.de\/bucuresti\/wp-content\/uploads\/9-2-96x96.jpg","0":null,"1":"","2":"","3":"","4":"","5":"","6":"","7":"","8":""}],"_links":{"self":[{"href":"https:\/\/buletin.de\/bucuresti\/wp-json\/wp\/v2\/posts\/74104","targetHints":{"allow":["GET"]}}],"collection":[{"href":"https:\/\/buletin.de\/bucuresti\/wp-json\/wp\/v2\/posts"}],"about":[{"href":"https:\/\/buletin.de\/bucuresti\/wp-json\/wp\/v2\/types\/post"}],"author":[{"embeddable":true,"href":"https:\/\/buletin.de\/bucuresti\/wp-json\/wp\/v2\/users\/49"}],"replies":[{"embeddable":true,"href":"https:\/\/buletin.de\/bucuresti\/wp-json\/wp\/v2\/comments?post=74104"}],"version-history":[{"count":3,"href":"https:\/\/buletin.de\/bucuresti\/wp-json\/wp\/v2\/posts\/74104\/revisions"}],"predecessor-version":[{"id":74117,"href":"https:\/\/buletin.de\/bucuresti\/wp-json\/wp\/v2\/posts\/74104\/revisions\/74117"}],"wp:featuredmedia":[{"embeddable":true,"href":"https:\/\/buletin.de\/bucuresti\/wp-json\/wp\/v2\/media\/74116"}],"wp:attachment":[{"href":"https:\/\/buletin.de\/bucuresti\/wp-json\/wp\/v2\/media?parent=74104"}],"wp:term":[{"taxonomy":"category","embeddable":true,"href":"https:\/\/buletin.de\/bucuresti\/wp-json\/wp\/v2\/categories?post=74104"},{"taxonomy":"post_tag","embeddable":true,"href":"https:\/\/buletin.de\/bucuresti\/wp-json\/wp\/v2\/tags?post=74104"},{"taxonomy":"author","embeddable":true,"href":"https:\/\/buletin.de\/bucuresti\/wp-json\/wp\/v2\/ppma_author?post=74104"}],"curies":[{"name":"wp","href":"https:\/\/api.w.org\/{rel}","templated":true}]}}