{"id":74032,"date":"2024-01-14T06:00:00","date_gmt":"2024-01-14T04:00:00","guid":{"rendered":"https:\/\/buletin.de\/bucuresti\/?p=74032"},"modified":"2024-01-12T20:30:59","modified_gmt":"2024-01-12T18:30:59","slug":"interviu-cine-il-mai-vrea-pe-nicusor-dan-fostul-lider-pnl-spune-ca-actualul-primar-e-cea-mai-buna-optiune-noul-sef-liberal-il-vrea-doar-daca-se-inscrie-in-partid","status":"publish","type":"post","link":"https:\/\/buletin.de\/bucuresti\/interviu-cine-il-mai-vrea-pe-nicusor-dan-fostul-lider-pnl-spune-ca-actualul-primar-e-cea-mai-buna-optiune-noul-sef-liberal-il-vrea-doar-daca-se-inscrie-in-partid\/","title":{"rendered":"INTERVIU | Cine \u00eel (mai) vrea pe Nicu\u015for Dan? Fostul lider PNL spune c\u0103 actualul primar e cea mai bun\u0103 op\u0163iune, noul \u015fef liberal \u00eel vrea doar dac\u0103 se \u00eenscrie \u00een partid"},"content":{"rendered":"\n<p><strong>Fostul lider liberal, Florin C\u00ee\u0163u, se anun\u0163\u0103 drept un sus\u0163in\u0103tor al lui Nicu\u015for Dan, pentru un nou mandat de primar general al Capitalei. L-ar l\u0103sa, \u00eens\u0103, din bra\u0163e, dac\u0103 s-ar ivi un candidat liberal valabil, care s\u0103 \u00eel \u201ebat\u0103\u201d pe cel social-democrat. Ce argumente are Florin C\u00ee\u0163u pentru votul s\u0103u de \u00eencredere, mai ales c\u0103 \u015feful s\u0103u pe linie de partid e de alt\u0103 p\u0103rere, citi\u0163i mai jos. Fostul lider liberal a vorbit despre Prim\u0103ria General\u0103, despre nume-surpriz\u0103 \u015fi despre \u015fansele la un nou mandat ale actualilor primari din cele \u015fase sectoare. <\/strong><\/p>\n\n\n\n<p id=\"segment-5\"><\/p>\n\n\n\n<p id=\"segment-6\"><strong>REP: Spunea\u0163i, \u00eentr-un interviu pentru <a href=\"https:\/\/primanews.ro\/clasa-politica\/florin-citu-la-proiect-de-tara-romania-l-as-sustine-pe-nicusor-dan-la-primaria-capitalei-este-cea-mai-buna-optiune-mai-ales-cand-vad-ca-o-parte-din-pnl-bucuresti-s-ar-duce-langa-psd-21454694\">Prima News<\/a>, despre Nicu\u015for Dan c\u0103 este \u201ecea mai bun\u0103 op\u021biune\u201d \u00een acest moment &#8211; v\u0103 referi\u0163i la cea mai bun\u0103 op\u0163iune ca edil sau cea mai bun\u0103 op\u0163iune electoral\u0103, pentru c\u0103 ar fi singurul care poate coaliza dreapta \u00een spatele lui?<\/strong><\/p>\n\n\n\n<p id=\"segment-9\"><em><strong>FLORIN C\u00ce\u0162U<\/strong>: Ambele. Adic\u0103, a\u0219a cum am spus acolo, bine\u00een\u021beles c\u0103 op\u021biunea mea ar fi fost, \u00een primul r\u00e2nd, un membru a Partidului Na\u021bional Liberal. Dar, cu c\u00e2t trece timpul, \u00eemi dau seama c\u0103, p\u00e2n\u0103 acum, nu am v\u0103zut pe cineva care s\u0103 poat\u0103 s\u0103 coalizeze \u00een spatele lui votul ca s\u0103 c\u00e2\u0219tige. \u0218i atunci riscul este s\u0103 ajungem ca \u00een 2016, s\u0103 spargem Dreapta, votul pe Dreapta, \u0219i s\u0103 ajungem cu Gabriela Firea. Dac\u0103 ar fi fost alegeri \u00een dou\u0103 tururi, bine\u00een\u021beles c\u0103 alta ar fi fost discu\u021bia. <strong>Doar c\u0103 nu exist\u0103 alegeri \u00een dou\u0103 tururi la primari, de\u0219i am promis asta c\u0103 vom face<\/strong>, \u0219i atunci trebuie s\u0103 fim pragmatici, s\u0103 ne asigur\u0103m c\u0103 vom c\u00e2\u0219tiga, c\u0103 nu l\u0103s\u0103m Bucure\u0219ti pe m\u00e2na sociali\u0219tilor din nou. Asta este cea mai important\u0103. Iar ast\u0103zi, c\u00e2nd vorbim \u00een acest moment, Nicu\u0219or Dan este cel care satisface aceast\u0103 condi\u021bie din punctul meu de vedere.<\/em><\/p>\n\n\n\n<p id=\"segment-22\"><em>Dar, \u00een acela\u0219i timp, trebuie s\u0103 recunoa\u0219tem cu to\u021bii c\u0103 a avut, \u00een ciuda multor piedici care i s-au pus, a avut \u0219i rezultate bune la prim\u0103rie. Este cel care a pl\u0103tit datoria Prim\u0103riei, de exemplu, ceea ce nu se g\u00e2ndea nimeni c\u0103 poate s\u0103 fac\u0103. De\u0219i s-au pus tot fel de piedici \u0219i uita\u021bi-v\u0103 cum folose\u0219te bugetul Guvernul \u0219i \u00een 2024. <a href=\"https:\/\/buletin.de\/bucuresti\/n-dan-iese-la-contraatac-dupa-publicarea-proiectului-de-buget-acuza-guvernul-ca-ii-taie-nejustificat-620-de-milioane-de-lei\/\">I-au luat cei 3% din buget. L-au l\u0103sat cu 47%.<\/a> De obicei erau 50% pentru Prim\u0103ria Bucure\u0219ti, 50% din venituri \u0219i restul se \u00eemp\u0103r\u0163eau la sectoare. Deci se \u00eencearc\u0103 s\u0103 foloseasc\u0103 \u0219i bugetul electoral pentru a-i pune piedici. \u0218i totu\u0219i, cu toate acestea, a reu\u0219it s\u0103 men\u021bin\u0103 \u0219i rating-ul bun, s\u0103 pl\u0103teasc\u0103 datoriile. Bine\u00een\u021beles, sunt \u00eenc\u0103 probleme la termie, dar cred eu c\u0103 a f\u0103cut mai mult dec\u00e2t se a\u0219tepta oricine.<\/em><\/p>\n\n\n\n<p id=\"segment-38\"><em>E adev\u0103rat c\u0103 sunt multe alte lucruri care trebuie f\u0103cute. A\u0219 vrea s\u0103 mai elimine din acele pomeni electorale care au fost introduse de Gabriela Firea, \u00eenc\u0103 mai sunt c\u00e2teva \u00een vigoare, dar nu po\u021bi s\u0103 faci totul. \u00cen\u021beleg, dup\u0103 at\u00e2\u021bia ani de socialism, e greu s\u0103 le sco\u021bi pe toate dintr-o dat\u0103.<\/em><\/p>\n\n\n\n<p id=\"segment-42\"><em>Dar, repet, a f\u0103cut \u015fi ca edil&#8230;. s-a mi\u015fcat \u00een direc\u021bia corect\u0103, cu toate piedicile. \u0218i cred c\u0103 ast\u0103zi este singurul care poate s\u0103 ia \u00een spatele lui voturile pentru a-i bate pe sociali\u0219ti.<\/em><\/p>\n\n\n\n<p id=\"segment-45\"><em>Dar, repet, asta este op\u021biunea pentru c\u0103 nu am v\u0103zut, normal, ca liberal, a\u0219 fi zis, ca cineva de la liberali s\u0103 poat\u0103 s\u0103 fac\u0103 acest lucru, doar c\u0103 nu se \u00eent\u00e2mpl\u0103, nu v\u0103d deocamdat\u0103 a\u0219a ceva. \u0218i nimeni dintre liberali nu a venit s\u0103 spun\u0103 c\u0103 voi candida \u0219i voi fi acolo. Adic\u0103 nu avem a\u0219a ceva, nu exist\u0103 \u00een momentul \u0103sta.<\/em><\/p>\n\n\n\n<p id=\"segment-49\"><strong>REP.: Era vehiculat inclusiv numele lui Dan \u0218ucu ca o variant\u0103, ca test pentru un candidat-surpriz\u0103.<\/strong><\/p>\n\n\n\n<p id=\"segment-51\"><em><strong>F.C.<\/strong>: Vede\u021bi, exact la asta m\u0103 refer. Ne ducem c\u0103tre strategia din 2016, c\u00e2nd&#8230;<\/em><\/p>\n\n\n\n<p id=\"segment-54\"><strong>REP.: Marian Munteanu.<\/strong><\/p>\n\n\n\n<p id=\"segment-55\"><em><strong>F.C.<\/strong>: Exact&#8230; am tot \u00eencercat tot felul de variante \u0219i p\u00e2n\u0103 la urm\u0103 a ie\u0219it Firea. Nu, nu. Trebuie s\u0103 fim pragmatici. Trebuie s\u0103 ne g\u00e2ndim cum s\u0103 facem s\u0103 p\u0103str\u0103m Bucure\u0219tiul&#8230; pe partea dreapt\u0103. E foarte important. Ok, poate c\u0103 nu tuturor ne place Nicu\u015for Dan, de aceea e bine s\u0103 ai consilieri, ca, \u00eempreun\u0103 cu ei, s\u0103 avem votul necesar s\u0103 facem proiectele. Deci nu s\u0103 decid\u0103 singur, dar s\u0103 fim acolo. Deci e foarte important s\u0103 fim acolo.<\/em><\/p>\n\n\n\n<p id=\"segment-66\"><strong>REP.: Dac\u0103 tot suntem la capitolul candida\u021bi liberali posibili, probabili, ar putea fi numele lui Stelian Bujduveanu pus pe buletinul de vot?<\/strong><\/p>\n\n\n\n<p id=\"segment-71\"><em><strong>F.C.<\/strong> Da, sunt oameni tineri, sunt oameni buni, dar \u0219ti\u021bi cum e? Pentru a c\u00e2\u0219tiga aceast\u0103 func\u021bie ca \u0219i cea de pre\u0219edinte a Rom\u00e2niei, aceast\u0103 pozi\u021bie, ai nevoie \u0219i de notorietate. Stelian este un foarte bun om politic, care s-a dezvoltat foarte mult \u00een func\u021bia de viceprimar, dar trebuie s\u0103 ias\u0103 mai mult, trebuie s\u0103 \u00ee\u015fi asume mai multe riscuri. Aici este o b\u0103t\u0103lie puternic\u0103 pentru prim\u0103ria municipiului Bucure\u0219ti. <strong>Dar nici nu am auzit c\u0103 ar dori<\/strong>. Dac\u0103 dore\u0219te, bine\u00een\u021beles c\u0103 trebuie pus la munc\u0103 \u0219i vom vedea atunci. Trebuie s\u0103 ias\u0103 \u00een campanie. Oricine din Partidul Na\u0163ional Liberal dore\u0219te s\u0103 ia aceast\u0103 pozi\u021bie trebuie s\u0103 ias\u0103 la b\u0103taie acum \u015fi trebuie s\u0103-i conving\u0103 pe oameni c\u0103 este cel care trebuie s\u0103 fie. Nu po\u021bi s\u0103 apari cu un candidat \u00een ultimele zile \u0219i s\u0103 presupui c\u0103 vei lua doar vot politic \u015fi totul o s\u0103 ias\u0103. Nu este a\u0219a la prim\u0103rie la Bucure\u0219ti.<\/em><\/p>\n\n\n\n<p id=\"segment-81\"><strong>REP.: \u00cemi aduc aminte&#8230; cred c\u0103 la \u00eenceputul lui 2022 spunea\u021bi c\u0103 NU \u00eel sus\u021bine\u021bi necondi\u021bionat pe Nicu\u0219or Dan. A bifat proiectele necesare ca s\u0103 aib\u0103 acum votul dumneavoastr\u0103 de \u00eencredere?<\/strong><\/p>\n\n\n\n<p><em><strong>F.C.<\/strong>: Nici acum nu am spus c\u0103 e necondi\u021bionat. Am spus c\u0103 este pentru c\u0103 nu avem la Partidul Na\u0163ional Liberal. Dar s\u0103 \u0219ti\u021bi c\u0103 da, \u00een momentul \u00een care am v\u0103zut c\u0103 a reu\u0219it s\u0103-\u0219i pl\u0103teasc\u0103 datoriile, a p\u0103strat rating-ul, a continuat proiectele lui pe termoficare&#8230; E adev\u0103rat c\u0103 sunt discu\u021bii \u0219i aici trebuie s\u0103 fie \u0219i el mult mai transparent \u0219i s\u0103 vedem&#8230; Am o discu\u021bie despre PUZ \u0219i despre cum dezvolt\u0103m Bucure\u0219tiul. \u0218tiu \u0219i opinia lui, dar trebuie s\u0103 lu\u0103m \u00een calcul \u0219i regimul de proprietate privat\u0103 \u0219i interesele cet\u0103\u021benilor \u0219i ale proprietarilor \u0219i a\u015fa mai departe. Deci poate \u0219i acolo trebuie s\u0103 fie mai mult\u0103 transparen\u0163\u0103. Dar, una peste alta, <strong>eu cred c\u0103 a f\u0103cut mai mult \u00een direc\u021bia corect\u0103 dec\u00e2t se a\u0219teptau mul\u021bi.<\/strong><\/em><\/p>\n\n\n\n<p id=\"segment-92\"><em>\u0218i dac\u0103 vre\u021bi s\u0103 ne ducem \u00een timp, \u00een campania intern\u0103 din 2020 din PNL, am spus c\u0103 \u00eemi doresc un candidat al Partidului Na\u0163ional Liberal. \u0218i \u00een continuare mi-a\u0219 fi dorit un candidat al Partidului Na\u0163ional Liberal la Prim\u0103ria Municipiului Bucure\u0219ti.<\/em><\/p>\n\n\n\n<p id=\"segment-94\"><strong>REP.: Ar fi putut fi Ciprian Ciucu acest nume, dac\u0103 \u0219i-ar fi dorit fotoliul de primar general?<\/strong><\/p>\n\n\n\n<p id=\"segment-95\"><em><strong>F.C.<\/strong>: Bine\u00een\u021beles, Ciprian Ciucu, da, este un nume important \u0219i este un primar cu rezultate bune, <strong>dar se pare c\u0103 nu \u00ee\u0219i dore\u0219te<\/strong> pentru c\u0103 a plecat de la conducerea PNL Bucure\u0219ti.<\/em><\/p>\n\n\n\n<p id=\"segment-96\"><strong>REP.: O s\u0103 c\u00e2\u0219tige un nou mandat la Sectorul 6?<\/strong><\/p>\n\n\n\n<p id=\"segment-97\"><em><strong>F.C.<\/strong>: Cu siguran\u021b\u0103, cu siguran\u021b\u0103 o s\u0103 c\u00e2\u0219tige. Sper s\u0103-\u0219i negocieze bine \u0219i cu USR \u0219i cu cine mai acolo \u0219i sper s\u0103 o fac\u0103 din pozi\u021bia de candidat liberal. Sper s\u0103 poat\u0103, s\u0103 aib\u0103 \u00een\u0163elepciunea, s\u0103 poat\u0103 s\u0103-i conving\u0103 \u0219i s\u0103 primeasc\u0103 voturile din aceast\u0103 pozi\u021bie de candidat liberal.<\/em><\/p>\n\n\n\n<p id=\"segment-99\"><strong>REP.: Dac\u0103 tot am ajuns la capitolul Sectorul 6, Ciprian Ciucu, c\u0103 suntem \u00een an electoral, a bifat tot ce era nevoie ca promisiuni de campanie, a f\u0103cut ce trebuie pentru Sectorul 6?<\/strong><\/p>\n\n\n\n<p id=\"segment-102\"><em><strong>F.C.<\/strong>: Cred c\u0103 a f\u0103cut majoritatea lucrurilor, din ce am v\u0103zut eu. \u015ei modernizarea parcurilor \u0219i avea \u0219i c\u00e2teva proiecte acolo Lacul Morii parc\u0103, are mai multe. Dar cred c\u0103 a f\u0103cut mai multe \u0219i se vede, deci este important, se vede c\u0103 a fost un primar gospodar. S-a schimbat mult \u0219i s\u0103 \u0219ti\u021bi c\u0103 asta spun foarte mul\u021bi oameni care stau \u00een zon\u0103 acolo. <strong>Eu cred c\u0103 va c\u00e2\u0219tiga un nou mandat<\/strong>. \u0218i acum vom vedea, important este s\u0103 aib\u0103 \u0219i Consiliul de partea lui, s\u0103 aib\u0103 \u0219i voturile \u00een Consiliu, adic\u0103 s\u0103 ia \u0219i majoritatea. \u0218i aici este clar c\u0103 trebuie s\u0103 fie \u0219i un om politic abil, ca s\u0103-\u0219i negocieze mai departe.<\/em><\/p>\n\n\n\n<p id=\"segment-108\"><strong>REP.: A\u021bi pomenit mai devreme numele Gabrielei Firea. Crede\u021bi c\u0103 va fi din nou op\u021biunea PSD-ului?<\/strong><\/p>\n\n\n\n<p id=\"segment-109\"><em><strong>F.C.<\/strong>: Deocamdat\u0103 a\u0219a este, asta ni se spune oficial. P\u00e2n\u0103 la urm\u0103, nu prea conteaz\u0103. Pe mine m\u0103 intereseaz\u0103 s\u0103 nu ias\u0103 candidatul sociali\u0219tilor. C\u0103 este Firea, c\u0103 este altcineva, nu conteaz\u0103. Eu cred c\u0103 nu putem s\u0103 mai l\u0103s\u0103m Bucure\u0219tiul pe m\u00e2na sociali\u0219tilor. A\u0219a cum a fost \u0219i am v\u0103zut clar. Ei au mai f\u0103cut  o strategie acum c\u00e2\u021biva ani \u0219i i-au p\u0103c\u0103lit pe oameni cu Oprescu care s-a dus independent, \u00eentre ghilimele, \u0219i a\u0219a mai departe. Nu. Oamenii deja \u0219tiu foarte clar. Au fost dou\u0103 mandate dezastruoase, \u0219i Gabriela Firea, \u0219i Oprescu \u0219i e clar c\u0103 nu ne putem \u00eentoarce la acea perioad\u0103.<\/em><\/p>\n\n\n\n<p id=\"segment-115\"><strong>REP.: Oricum, \u0219i Nicu\u0219or Dan spunea c\u0103 nu-l intereseaz\u0103 neap\u0103rat numele adversarului PSD. Spunea c\u0103 cel mai mare adversar ar fi <a href=\"https:\/\/www.libertatea.ro\/opinii\/nicusor-dan-dezvaluie-in-libertatea-cine-este-adversarul-sau-in-alegeri-coruptia-imobiliara-este-un-pericol-la-adresa-democratiei-va-invit-sa-actionati-spune-primarul-catre-cetate-4759468\">mafia imobiliar\u0103 din punctul lui de vedere<\/a>, c\u0103 tot vorbea\u021bi de PUZ.<\/strong><\/p>\n\n\n\n<p id=\"segment-116\"><em><strong>F.C.<\/strong>: Da. Aici trebuie s\u0103&#8230; Cred c\u0103 are mai multe informa\u021bii dec\u00e2t am eu. Exist\u0103, nu \u0219tiu, mafie \u0219i poate c\u0103 \u0219tie mai bine. Dar pe mine m\u0103 intereseaz\u0103 cum dezvolt\u0103m Bucure\u0219tiul \u0219i m\u0103 intereseaz\u0103 s\u0103 nu-l bloc\u0103m. Pentru c\u0103 pot s\u0103 fie excese \u00een ambele direc\u021bii. Bucure\u0219tiul este un ora\u0219 dinamic, un ora\u0219 care se dezvolt\u0103 \u0219i atunci trebuie s\u0103 g\u0103sim calea de a permite \u0219i proprietarilor s\u0103 se dezvolte. Deci aici trebuie s\u0103 lucr\u0103m, pentru c\u0103 e nevoie de mai mult\u0103 transparen\u021b\u0103 de ambele p\u0103r\u021bi.<\/em><\/p>\n\n\n\n<p id=\"segment-118\"><strong>REP.: Deci s\u0103 g\u0103seasc\u0103 calea de mijloc.<\/strong><\/p>\n\n\n\n<p id=\"segment-119\"><em><strong>F.C.<\/strong>: Exact. Trebuie s\u0103 fie \u0219i un om politic, Nicu\u0219or, nu doar primar.<\/em><\/p>\n\n\n\n<p id=\"segment-120\"><strong>REP.: Vorbea\u021bi recent despre o parte a PNL Bucure\u0219ti care s-ar duce l\u00e2ng\u0103 PSD. Cu ce efecte, electoral vorbind?<\/strong><\/p>\n\n\n\n<p id=\"segment-121\"><em><strong>F.C.<\/strong>: Eu sper s\u0103 nu se \u00eent\u00e2mple. \u0218tiu c\u0103 sunt tot felul de discu\u021bii \u0219i am tot v\u0103zut pe la c\u00e2teva sectoare. Bine\u00een\u021beles c\u0103 <strong>efectele sunt devastatoare pentru PNL<\/strong>. \u0218i, istoric, de fiecare dat\u0103 c\u00e2nd PNL s-a dus l\u00e2ng\u0103 PSD, a fost penalizat dup\u0103 aceea de electorat. PSD nu are nicio treab\u0103, ei sunt cu electoratul lor. Dar PNL este penalizat. \u0218i nu \u00ee\u021bi aduce voturi. <strong>Poate c\u0103 \u00ee\u021bi aduce c\u00e2teva beneficii pe termen scurt \u00een ceea ce prive\u0219te influen\u021ba sau func\u021bii, dar nu \u00ee\u021bi aduce voturi.<\/strong> Electoratul liberal te penalizeaz\u0103 de fiecare dat\u0103 c\u00e2nd te duci \u0219i stai l\u00e2ng\u0103 PSD.<\/em><\/p>\n\n\n\n<p id=\"segment-125\"><strong>REP.: Av\u00e2nd \u00een vedere c\u0103, iat\u0103, \u00eentr-adev\u0103r, aceast\u0103 coali\u021bie a erodat imaginea PNL, poate s\u0103 c\u00e2\u0219tige \u00een afar\u0103 de Sectorul 6 \u0219i alte sectoare Partidul Liberal?<\/strong><\/p>\n\n\n\n<p id=\"segment-126\"><em><strong>F.C.<\/strong>: Bine\u00een\u021beles c\u0103 are \u0219anse, dar \u0219ti\u021bi foarte bine c\u0103, \u00een Bucure\u0219ti, conteaz\u0103 foarte mult persoanele \u0219i cu ce candidat s\u0103 vii&#8230;<\/em><\/p>\n\n\n\n<p id=\"segment-126\"><strong>REP.: Aici punctam: care ar putea fi numele destul de notorii s\u0103 c\u00e2\u0219tige&#8230;<\/strong><\/p>\n\n\n\n<p id=\"segment-129\"><em><strong>F.C.<\/strong>: Ciprian Ciucu a venit \u0219i a c\u00e2\u0219tigat acolo, dar eram \u0219i \u00eentr-un context na\u021bional diferit, \u00een care Partidul Na\u0163ional Liberal se lupta cu PSD-ul la nivel na\u021bional. E complicat s\u0103 le cerem oamenilor s\u0103 spunem, dom&#8217;le, nu ne batem cu PSD-ul la nivel na\u021bional, dar ne batem cu PSD-ul la Bucure\u0219ti \u0219i a\u0219a mai departe. Lumea nu te crede. N-ai cum.<\/em><\/p>\n\n\n\n<p id=\"segment-134\"><em>\u015ei atunci dac\u0103 nu ai o strategie clar\u0103, va avea efecte la nivel na\u021bional, va avea efecte \u0219i asupra rezultatului la nivel local. Deci s-ar putea s\u0103 ai candida\u021bi buni, dar s\u0103 fii penalizat pentru c\u0103 la nivel na\u021bional ai o strategie \u00een care e\u0219ti l\u00e2ng\u0103 PSD. Deci totul se leag\u0103. \u0218i acum vom vedea, conducerea partidului cum va alege s\u0103 fac\u0103 acest lucru. <\/em><\/p>\n\n\n\n<p id=\"segment-134\"><em>Dar atunci, \u00een 2020, lucrurile erau foarte clare. Aveam o strategie la nivel na\u021bional \u00eempotriva PSD \u0219i am c\u00e2\u0219tigat \u0219i s-a v\u0103zut foarte clar \u0219i nu numai Sectorul 6. Da, am luat primar acolo, dar la Sectorul 2 cred c\u0103 a fost al doilea vot pe Bucure\u0219ti \u0219i a\u015fa mai departe. \u015ei Sectorul 1 a avut vot bun. Deci avem Consiliul de ast\u0103zi \u0219i avem \u0219i viceprimarul \u0219i toate acestea au fost pentru c\u0103 am avut o strategie de sus p\u00e2n\u0103 jos anti-PSD. \u015ei e solu\u0163ia c\u00e2\u015ftig\u0103toare, eu nu v\u0103d de ce am \u00eencerca altceva ast\u0103zi. Va fi complicat s\u0103 le spunem oamenilor c\u0103 la nivel na\u021bional suntem l\u00e2ng\u0103 PSD, dar la Bucure\u0219ti vota\u021bi-ne c\u0103 aici suntem separa\u0163i.<\/em><\/p>\n\n\n\n<p id=\"segment-146\"><strong>REP.: Dar mai \u021bine strategia anti-PSD, adic\u0103 nu ar trebui s\u0103 vin\u0103 \u0219i pro-administra\u021bie, o strategie care s\u0103 arate oamenilor, uite, avem un plan pentru administra\u021bia local\u0103?<\/strong><\/p>\n\n\n\n<p id=\"segment-147\"><em><strong>F.C.<\/strong>: Bine, nu este chiar anti-PSD, este anti-m\u0103suri socialiste, interven\u021bioniste. Anti-m\u0103suri care distrug bugetul sau anti-primari care au demonstrat c\u0103 nu pot s\u0103 fac\u0103 nimic. De fapt, la local asta este. \u0218i dac\u0103 ne uit\u0103m la nivel na\u021bional, vedem c\u0103 sunt mult mai multe situa\u021bii cu ale\u015fi locali liberali unde comunit\u0103\u021bile o duc mai bine dec\u00e2t cei unde sunt ale\u015fi locali de st\u00e2nga, sociali\u0219ti, de la PSD. Sudul Rom\u00e2niei este plin de exemple, versus nord-vestul Rom\u00e2niei, de exemplu, dac\u0103 le lu\u0103m a\u0219a.<\/em><\/p>\n\n\n\n<p id=\"segment-153\"><strong>REP.: Dar mesajul anticorup\u021biei mai st\u0103 \u00een picioare \u00een 2024?<\/strong><\/p>\n\n\n\n<p id=\"segment-154\"><em><strong>F.C.<\/strong>: Cu siguran\u021b\u0103, cu siguran\u021b\u0103 st\u0103 \u00een picioare anticorup\u021bia, pentru c\u0103 \u00eenc\u0103 nu cred c\u0103 s-au rezolvat problemele. Justi\u021bia este \u00een continuare o problem\u0103, dar la nivel de Bucure\u0219ti cred c\u0103 este foarte important s\u0103 discut\u0103m despre termoficare, despre schimbarea aceasta. Pentru c\u0103, \u00een ultimii ani, costul cu energia a fost foarte mare. Acesta va fi o tem\u0103 care se va dezbate foarte aprins, mai ales la Bucure\u0219ti. \u0218ti\u021bi foarte bine c\u0103 acest subiect al termofic\u0103rii a fost \u00een campania trecut\u0103 \u0219i cred c\u0103 va fi \u0219i \u00een aceasta.<\/em><\/p>\n\n\n\n<p id=\"segment-158\"><strong>REP.: Asta la nivel de Prim\u0103rie General\u0103, dar prim\u0103riile de sector nu au termoficarea \u0219i am pus \u00eentrebarea cu anticorup\u021bia cu un scop. Pentru c\u0103, iat\u0103, avem nume de primari controversa\u021bi la sectoare. Cu contracte v\u0103zute, cumva, cel pu\u021bin de societatea civil\u0103, ca fiind oneroase, primari care au \u0219i probleme \u00een instan\u021b\u0103 \u0219i cu toate astea, iat\u0103 c\u0103 \u00eenc\u0103 sunt vota\u021bi. Drept urmare, \u00eentrebarea ar fi: electoratul pune pre\u021b, \u00een primul r\u00e2nd, pe via\u021ba de zi cu zi \u0219i trece cu vedere aceste probleme penale sau nu?<\/strong><\/p>\n\n\n\n<p id=\"segment-162\"><em><strong>F.C.<\/strong>: Nu cred c\u0103 trece cu vederea, atunci c\u00e2nd sunt dovedite \u0219i sunt \u00een instan\u021b\u0103. Dar e adev\u0103rat c\u0103 electoratul vrea s\u0103 aib\u0103 \u0219i o via\u021b\u0103 mai bun\u0103. Poate c\u0103, \u00een timp, electoratul a \u00eenv\u0103\u021bat s\u0103 le separe pu\u021bin.<\/em><\/p>\n\n\n\n<p id=\"segment-166\"><strong>REP.: Primari precum Robert Negoi\u021b\u0103, Daniel B\u0103lu\u021b\u0103, Cristian Popescu-Piedone au, \u00een acest moment, contracandidat?<\/strong><\/p>\n\n\n\n<p id=\"segment-168\"><em><strong>F.C.<\/strong>: <strong>\u00cenc\u0103 nu sunt f\u0103cute listele de la Partidul Na\u021bional Liberal<\/strong>, de asta v\u0103 spun c\u0103 \u00eenc\u0103 nu \u0219tiu. Dar, cu siguran\u021b\u0103, vor avea contracandidat.<\/em><\/p>\n\n\n\n<p id=\"segment-169\"><strong>REP.: Cu siguran\u021b\u0103 un nume va fi pe buletinul de vot. \u00centrebarea mea este dac\u0103 va fi un candidat care chiar s\u0103 le pun\u0103 probleme.<\/strong><\/p>\n\n\n\n<p id=\"segment-170\"><em><strong>F.C.<\/strong>: (r\u00e2de) Eu sper c\u0103 da. Sper c\u0103 vrem s\u0103 c\u00e2\u0219tig\u0103m cu adev\u0103rat aceste sectoare, toate sectoarele din Bucure\u0219ti. C\u0103 eu a\u0219a a\u0219 porni ca strategie a Partidului Na\u021bional Liberal, s\u0103 c\u00e2\u0219tig\u0103m toate sectoarele. Nici nu are sens s\u0103 fii \u00een politic\u0103 dac\u0103 nu vrei s\u0103 c\u00e2\u0219tigi. \u0218i s\u0103 \u00ee\u021bi pui candida\u021bii ca atare. \u0218i s\u0103 iei c\u00e2te mai multe voturi. Dar vom vedea care vor fi ace\u0219tia c\u00e2nd va decide partidul lista.<\/em><\/p>\n\n\n\n<p id=\"segment-173\"><strong>REP.: Ca s\u0103 \u00eenchidem cercul sectoarelor, s\u0103 vorbim un pic \u0219i de primarii useri\u0219ti, Clotilde Armand \u0219i Radu Mihaiu. Au avut de reparat chestiuni mai degrab\u0103 \u00een primul mandat \u015fi au fost \u015fi scandaluri.<\/strong><\/p>\n\n\n\n<p id=\"segment-174\"><em><strong>F.C.<\/strong>: Este adev\u0103rat, este adev\u0103rat. Cred c\u0103 mai mult la Sectorul 1 vorbim. Scandaluri nu \u0219tiu c\u00e2te au fost \u0219i la Sectorul 2.<\/em><\/p>\n\n\n\n<p id=\"segment-175\"><strong>REP.: Radu Mihaiu, vedem la nivel de discu\u021bie public\u0103, este v\u0103zut de mul\u0163i cet\u0103\u0163eni ca primarul care a pus st\u00e2lpi\u0219ori peste tot. Asta v\u0103d \u00een feedback-ul de la oameni&#8230;<\/strong><\/p>\n\n\n\n<p id=\"segment-176\"><em><strong>F.C.<\/strong>: Da, p\u0103rerile sunt \u00eemp\u0103r\u021bite aici. Dac\u0103 mergi cu un c\u0103rucior pe trotuar, este mai OK pentru c\u0103 nu mai sunt ma\u0219ini \u00eentotdeauna parcate pe trotuar. Dar, \u00een acela\u015fi timp, cei care conduc \u0219i nu mai g\u0103sesc loc de parcare pe unde vor sunt sup\u0103ra\u021bi. E adev\u0103rat, p\u0103rerile sunt \u00eemp\u0103r\u021bite, dar nu cred c\u0103 au fost a\u0219a multe controverse ca la Sectorul 1.<\/em><\/p>\n\n\n\n<p id=\"segment-180\"><em>Acum, repet, fiecare \u00ee\u0219i va face campania \u0219i vom vedea cum vor face campania \u0219i, iar\u0103\u0219i, la Bucure\u0219ti depinde&#8230; Dac\u0103 o s\u0103 fie o dreapt\u0103 unit\u0103, For\u021ba Dreptei, PMP, USR, PNL-ul va juca un rol important, unde se va a\u0219eza \u00een aceast\u0103 lupt\u0103, dac\u0103 va fi singur, dac\u0103 va fi pe partea Dreptei, dac\u0103 va fi pe partea sociali\u0219tilor \u0219i apoi vom vedea \u0219i campania. Dar, e adev\u0103rat, totul \u00eencepe de la persoane, pentru c\u0103 sunt alegeri locale.<\/em><\/p>\n\n\n\n<p id=\"segment-184\"><strong>REP.: Care crede\u021bi c\u0103 este mai plauzibil\u0103 ca variant\u0103? O alian\u021b\u0103 PNL-PSD, un candidat comun la Capital\u0103 sau coalizarea Dreptei \u00een spatele lui Nicu\u0219or Dan?<\/strong><\/p>\n\n\n\n<p id=\"segment-187\"><em><strong>F.C.<\/strong>: \u00cen acest moment, <strong>strategia PNL oficial\u0103 este prin noi \u00een\u0219ine<\/strong>. Deci, ar trebui s\u0103 fie adoptat\u0103 la Sinaia, \u00een c\u00e2teva luni de zile. Deci, ar trebui s\u0103 fie un candidat PNL care s\u0103 mearg\u0103 nici cu alian\u021ba de dreapta, nici cu PSD-ul, s\u0103 mearg\u0103 singur. Asta ar fi ceea ce este \u00een acest moment. Dar, vom vedea \u00een func\u021bie de candidat \u0219i \u00een func\u021bie de cum evolueaz\u0103 lucrurile. Va fi complicat. <strong>Dac\u0103 mergem prin noi \u00een\u0219ine la Bucure\u0219ti, cred c\u0103 vom avea rezultatul din 2016<\/strong>. Dar, poate m\u0103 \u00een\u0219el eu \u0219i apare un candidat puternic al Partidului Na\u021bional Liberal p\u00e2n\u0103 atunci \u0219i poate s\u0103 c\u00e2\u0219tige.<\/em><\/p>\n\n\n\n<p id=\"segment-195\"><strong>REP.: Ar putea fi \u0219i unul din afar\u0103 totu\u0219i, chiar dac\u0103 am \u00een\u021beles c\u0103 este un pariu foarte riscant, av\u00e2nd \u00een vedere ceea ce s-a \u00eent\u00e2mplat la alegerile din 2016?<\/strong><\/p>\n\n\n\n<p id=\"segment-197\"><em><strong>F.C.<\/strong>: Da, sunt strategii \u0219i strategii. Bine\u00een\u021beles c\u0103 poate s\u0103 fie \u0219i cineva din afar\u0103. Dar, s\u0103 nu uit\u0103m c\u0103 alegerile locale vor veni dup\u0103 alegerile europarlamentare. \u0218i, cred c\u0103 nu putem s\u0103 facem saltul \u0103sta, f\u0103r\u0103 s\u0103 lu\u0103m \u00een calcul \u0219i implica\u021biile pentru toate partidele ale rezultatelor de la alegerile europarlamentare. De acel rezultat depind foarte multe lucruri \u0219i \u00een Partidul Na\u021bional Liberal \u0219i \u00een Partidul Social Democrat \u0219i \u00een USR \u0219i \u00een AUR \u0219i a\u0219a mai departe. Poate c\u0103 \u0219i listele de candida\u021bi vor fi influen\u021bate de efecte, strategiile dup\u0103 vor fi altele. Deci, putem s\u0103 vorbim acum de locale \u0219i vorbim \u00een termeni generali \u0219i prin filtrul experien\u021belor din trecut, dar ceea ce noi discut\u0103m ast\u0103zi o s\u0103 fie influen\u021bat de rezultatul alegerilor europarlamentare. \u0218i toate strategiile s-ar putea s\u0103 fie date peste cap de acele rezultate care pot s\u0103 fie mult mai bune dec\u00e2t se a\u0219teapt\u0103 partidele sau pot s\u0103 fie mult mai proaste.<\/em><\/p>\n\n\n\n<p id=\"segment-207\"><strong>REP.: Acum c\u0103 tot vorbi\u021bi \u00een cheie pur politic\u0103, am vorbit de tripleta PSD-PNL-USR, dar omitem AUR. Care, iat\u0103, este foarte sus \u00een sondaje. Ce poate s\u0103 fac\u0103 la locale \u00een Bucure\u0219ti? C\u0103 p\u00e2n\u0103 la urm\u0103 despre asta vorbim acum.<\/strong><\/p>\n\n\n\n<p id=\"segment-211\"><em><strong>F.C.<\/strong>: Nu omitem AUR. Asta v\u0103 spun. AUR poate s\u0103 fie \u00eempins de un rezultat bun la europarlamentare sau poate s\u0103 fie desumflat de un rezultat nesatisf\u0103c\u0103tor.<\/em><\/p>\n\n\n\n<p id=\"segment-212\"><strong>REP.: Dar are ni\u0219te nume? C\u0103 p\u00e2n\u0103 la urm\u0103 la locale se voteaz\u0103 persoana.<\/strong><\/p>\n\n\n\n<p id=\"segment-213\"><em><strong>F.C.<\/strong>: Nu, eu nu am v\u0103zut.<\/em><\/p>\n\n\n\n<p id=\"segment-214\"><strong>REP.: Are ni\u0219te nume notorii care s\u0103 poat\u0103 s\u0103 c\u00e2\u0219tige un sector sau chiar \u0219i Prim\u0103ria General\u0103?<\/strong><\/p>\n\n\n\n<p id=\"segment-215\"><em><strong>F.C.<\/strong>: Nu am v\u0103zut. V\u0103 spun, deci, la locale, e adev\u0103rat, ai nevoie de o persoan\u0103. Dar \u00een acela\u015fi timp ai nevoie \u0219i de un vot politic. E o combina\u021bie acolo. Dar eu nu am v\u0103zut. P\u00e2n\u0103 la acest moment n-am v\u0103zut pe cineva care s\u0103 reprezinte. <strong>\u0218i \u0219tim foarte bine c\u0103 AUR reprezint\u0103 doar un singur om. Nu poate s\u0103 candideze peste tot<\/strong>.<\/em><\/p>\n\n\n\n<p id=\"segment-228\"><strong>REP.: Ca ultim\u0103 chestiune, pentru c\u0103 am l\u0103sat un cap\u0103t de a\u021b\u0103 ne\u00eennodat. Vorbeam de Sectorul 1 \u0219i de scandalul perpetuu de acolo. P\u00e2n\u0103 la urm\u0103, Clotilde Armand are vreo \u0219ans\u0103 la un nou mandat \u00een lumina acestor fapte? \u0218i doi la m\u00e2n\u0103, vorbim acolo de consilierii PNL care au intrat \u00een foarte multe scandaluri, mai ales prin prisma situa\u021biei cu Romprestul. Cum poate s\u0103 c\u00e2\u0219tige PNL Sectorul 1 \u00een aceste condi\u021bii?<\/strong><\/p>\n\n\n\n<p id=\"segment-233\"><em><strong>F.C.<\/strong>: <\/em> <em>Conducerea Partidului Na\u021bional Liberal a numit o nou\u0103 conducere \u0219i la Sectorul 1(n.r. &#8211; George&nbsp;Tu\u0163\u0103), interimar\u0103, \u0219i la conducerea PNL Bucure\u0219ti(n.r. &#8211; Sebastian Burduja). <strong>Este o provocare pentru cei doi de a veni cu o strategie c\u00e2\u0219tig\u0103toare pentru Partidul Na\u021bional Liberal la Bucure\u0219ti<\/strong>. A\u0219tept\u0103m s\u0103 vedem acum, \u00een func\u021bie de ce au \u0219i ei acolo, ce informa\u021bii au \u0219i ce g\u0103sesc acolo s\u0103 vin\u0103 \u015fi cu strategia. Nu \u0219tiu deocamdat\u0103, n-am vorbit cu ei, dar sunt sigur c\u0103 vor fi, vor prezenta \u00een cur\u00e2nd cum vor s\u0103 mearg\u0103 \u0219i pe m\u00e2na, cui vor s\u0103 mearg\u0103. <strong>S-ar putea s\u0103 fie o strategie \u00een care s\u0103 nu vin\u0103 ei cu un candidat \u0219i s\u0103 sus\u021bin\u0103 pe altcineva<\/strong>. Dar asta va fi dup\u0103 ce vor face o analiz\u0103 \u00een domeniul lor.<\/em><\/p>\n\n\n\n<p id=\"segment-244\"><strong>CITE\u0218TE \u0218I<\/strong><\/p>\n\n\n\n<figure class=\"wp-block-embed is-type-wp-embed is-provider-buletin-de-bucure-ti wp-block-embed-buletin-de-bucure-ti\"><div class=\"wp-block-embed__wrapper\">\n<blockquote class=\"wp-embedded-content\" data-secret=\"9O99iZERy5\"><a href=\"https:\/\/buletin.de\/bucuresti\/nicolae-ciuca-pnl-nu-l-va-sustine-pe-nicusor-dan-daca-va-candida-ca-independent\/\">Nicolae Ciuc\u0103 spune c\u0103 PNL nu-l va sus\u021bine pe Nicu\u0219or Dan, dac\u0103 va candida ca independent<\/a><\/blockquote><iframe class=\"wp-embedded-content\" sandbox=\"allow-scripts\" security=\"restricted\" style=\"position: absolute; clip: rect(1px, 1px, 1px, 1px);\" title=\"&#8220;Nicolae Ciuc\u0103 spune c\u0103 PNL nu-l va sus\u021bine pe Nicu\u0219or Dan, dac\u0103 va candida ca independent&#8221; &#8212; Buletin de Bucure\u0219ti\" src=\"https:\/\/buletin.de\/bucuresti\/nicolae-ciuca-pnl-nu-l-va-sustine-pe-nicusor-dan-daca-va-candida-ca-independent\/embed\/#?secret=wxiMCRU5Ye#?secret=9O99iZERy5\" data-secret=\"9O99iZERy5\" width=\"600\" height=\"338\" frameborder=\"0\" marginwidth=\"0\" marginheight=\"0\" scrolling=\"no\"><\/iframe>\n<\/div><\/figure>\n\n\n\n<figure class=\"wp-block-embed is-type-wp-embed is-provider-buletin-de-bucure-ti wp-block-embed-buletin-de-bucure-ti\"><div class=\"wp-block-embed__wrapper\">\n<blockquote class=\"wp-embedded-content\" data-secret=\"Rpa1bADNNK\"><a href=\"https:\/\/buletin.de\/bucuresti\/nicusor-dan-planuieste-sa-fie-din-nou-candidat-unic-daca-dreapta-va-avea-un-candidat-va-castiga-nu-va-avea-candidat-unic-va-castiga-psd\/\">Nicu\u0219or Dan pl\u0103nuie\u0219te s\u0103 fie, din nou, candidat unic: \u201eDac\u0103 Dreapta va avea un candidat, va c\u00e2\u015ftiga, nu va avea candidat unic, va c\u00e2\u015ftiga PSD\u201d<\/a><\/blockquote><iframe class=\"wp-embedded-content\" sandbox=\"allow-scripts\" security=\"restricted\" style=\"position: absolute; clip: rect(1px, 1px, 1px, 1px);\" title=\"&#8220;Nicu\u0219or Dan pl\u0103nuie\u0219te s\u0103 fie, din nou, candidat unic: \u201eDac\u0103 Dreapta va avea un candidat, va c\u00e2\u015ftiga, nu va avea candidat unic, va c\u00e2\u015ftiga PSD\u201d&#8221; &#8212; Buletin de Bucure\u0219ti\" src=\"https:\/\/buletin.de\/bucuresti\/nicusor-dan-planuieste-sa-fie-din-nou-candidat-unic-daca-dreapta-va-avea-un-candidat-va-castiga-nu-va-avea-candidat-unic-va-castiga-psd\/embed\/#?secret=AgAJhLLIbp#?secret=Rpa1bADNNK\" data-secret=\"Rpa1bADNNK\" width=\"600\" height=\"338\" frameborder=\"0\" marginwidth=\"0\" marginheight=\"0\" scrolling=\"no\"><\/iframe>\n<\/div><\/figure>\n","protected":false},"excerpt":{"rendered":"<p>Fostul lider liberal, Florin C\u00ee\u0163u, se anun\u0163\u0103 drept un sus\u0163in\u0103tor al lui Nicu\u015for Dan, pentru un nou mandat de primar general al Capitalei. L-ar l\u0103sa, \u00eens\u0103, din bra\u0163e, dac\u0103 s-ar ivi un candidat liberal valabil, care s\u0103 \u00eel \u201ebat\u0103\u201d pe cel social-democrat. Ce argumente are Florin C\u00ee\u0163u pentru votul s\u0103u de \u00eencredere, mai ales c\u0103 [&hellip;]<\/p>\n","protected":false},"author":8,"featured_media":74033,"comment_status":"closed","ping_status":"open","sticky":false,"template":"","format":"standard","meta":{"_acf_changed":false,"inline_featured_image":false,"ngg_post_thumbnail":0,"footnotes":""},"categories":[6994,3419,3238],"tags":[4413,8989,505,8988,223],"ppma_author":[22586],"class_list":["post-74032","post","type-post","status-publish","format-standard","has-post-thumbnail","hentry","category-stiri-2","category-featured","category-interviu","tag-alegeri-2024","tag-citu-sustinere-nicusor-dan","tag-florin-citu","tag-locale-bucuresti-2024","tag-nicusor-dan"],"acf":[],"yoast_head":"<!-- This site is optimized with the Yoast SEO Premium plugin v25.3 (Yoast SEO v27.4) - https:\/\/yoast.com\/product\/yoast-seo-premium-wordpress\/ -->\n<title>INTERVIU | Cine \u00eel (mai) vrea pe Nicu\u015for Dan? Fostul lider PNL spune c\u0103 actualul primar e cea mai bun\u0103 op\u0163iune, noul \u015fef liberal \u00eel vrea doar dac\u0103 se \u00eenscrie \u00een partid - Buletin de Bucure\u0219ti<\/title>\n<meta name=\"robots\" content=\"index, follow, max-snippet:-1, max-image-preview:large, max-video-preview:-1\" \/>\n<link rel=\"canonical\" href=\"https:\/\/buletin.de\/bucuresti\/interviu-cine-il-mai-vrea-pe-nicusor-dan-fostul-lider-pnl-spune-ca-actualul-primar-e-cea-mai-buna-optiune-noul-sef-liberal-il-vrea-doar-daca-se-inscrie-in-partid\/\" \/>\n<meta property=\"og:locale\" content=\"en_GB\" \/>\n<meta property=\"og:type\" content=\"article\" \/>\n<meta property=\"og:title\" content=\"INTERVIU | Cine \u00eel (mai) vrea pe Nicu\u015for Dan? Fostul lider PNL spune c\u0103 actualul primar e cea mai bun\u0103 op\u0163iune, noul \u015fef liberal \u00eel vrea doar dac\u0103 se \u00eenscrie \u00een partid\" \/>\n<meta property=\"og:description\" content=\"Fostul lider liberal, Florin C\u00ee\u0163u, se anun\u0163\u0103 drept un sus\u0163in\u0103tor al lui Nicu\u015for Dan, pentru un nou mandat de primar general al Capitalei. L-ar l\u0103sa, \u00eens\u0103, din bra\u0163e, dac\u0103 s-ar ivi un candidat liberal valabil, care s\u0103 \u00eel \u201ebat\u0103\u201d pe cel social-democrat. Ce argumente are Florin C\u00ee\u0163u pentru votul s\u0103u de \u00eencredere, mai ales c\u0103 [&hellip;]\" \/>\n<meta property=\"og:url\" content=\"https:\/\/buletin.de\/bucuresti\/interviu-cine-il-mai-vrea-pe-nicusor-dan-fostul-lider-pnl-spune-ca-actualul-primar-e-cea-mai-buna-optiune-noul-sef-liberal-il-vrea-doar-daca-se-inscrie-in-partid\/\" \/>\n<meta property=\"og:site_name\" content=\"Buletin de Bucure\u0219ti\" \/>\n<meta property=\"article:publisher\" content=\"https:\/\/www.facebook.com\/buletin.de.buc\" \/>\n<meta property=\"article:published_time\" content=\"2024-01-14T04:00:00+00:00\" \/>\n<meta property=\"og:image\" content=\"https:\/\/buletin.de\/bucuresti\/wp-content\/uploads\/ID153575_INQUAM_Photos_Ilona_Andrei.jpg\" \/>\n\t<meta property=\"og:image:width\" content=\"2000\" \/>\n\t<meta property=\"og:image:height\" content=\"1333\" \/>\n\t<meta property=\"og:image:type\" content=\"image\/jpeg\" \/>\n<meta name=\"author\" content=\"Ionu\u021b Lepa\" \/>\n<meta name=\"twitter:card\" content=\"summary_large_image\" \/>\n<meta name=\"twitter:label1\" content=\"Written by\" \/>\n\t<meta name=\"twitter:data1\" content=\"Ionu\u021b Lepa\" \/>\n\t<meta name=\"twitter:label2\" content=\"Estimated reading time\" \/>\n\t<meta name=\"twitter:data2\" content=\"19 minutes\" \/>\n<script type=\"application\/ld+json\" class=\"yoast-schema-graph\">{\"@context\":\"https:\\\/\\\/schema.org\",\"@graph\":[{\"@type\":\"Article\",\"@id\":\"https:\\\/\\\/buletin.de\\\/bucuresti\\\/interviu-cine-il-mai-vrea-pe-nicusor-dan-fostul-lider-pnl-spune-ca-actualul-primar-e-cea-mai-buna-optiune-noul-sef-liberal-il-vrea-doar-daca-se-inscrie-in-partid\\\/#article\",\"isPartOf\":{\"@id\":\"https:\\\/\\\/buletin.de\\\/bucuresti\\\/interviu-cine-il-mai-vrea-pe-nicusor-dan-fostul-lider-pnl-spune-ca-actualul-primar-e-cea-mai-buna-optiune-noul-sef-liberal-il-vrea-doar-daca-se-inscrie-in-partid\\\/\"},\"author\":{\"name\":\"Ionu\u021b Lepa\",\"@id\":\"https:\\\/\\\/buletin.de\\\/bucuresti\\\/#\\\/schema\\\/person\\\/5272b8a057b33890940b57b837fc4ce6\"},\"headline\":\"INTERVIU | Cine \u00eel (mai) vrea pe Nicu\u015for Dan? Fostul lider PNL spune c\u0103 actualul primar e cea mai bun\u0103 op\u0163iune, noul \u015fef liberal \u00eel vrea doar dac\u0103 se \u00eenscrie \u00een partid\",\"datePublished\":\"2024-01-14T04:00:00+00:00\",\"mainEntityOfPage\":{\"@id\":\"https:\\\/\\\/buletin.de\\\/bucuresti\\\/interviu-cine-il-mai-vrea-pe-nicusor-dan-fostul-lider-pnl-spune-ca-actualul-primar-e-cea-mai-buna-optiune-noul-sef-liberal-il-vrea-doar-daca-se-inscrie-in-partid\\\/\"},\"wordCount\":3870,\"publisher\":{\"@id\":\"https:\\\/\\\/buletin.de\\\/bucuresti\\\/#organization\"},\"image\":{\"@id\":\"https:\\\/\\\/buletin.de\\\/bucuresti\\\/interviu-cine-il-mai-vrea-pe-nicusor-dan-fostul-lider-pnl-spune-ca-actualul-primar-e-cea-mai-buna-optiune-noul-sef-liberal-il-vrea-doar-daca-se-inscrie-in-partid\\\/#primaryimage\"},\"thumbnailUrl\":\"https:\\\/\\\/buletin.de\\\/bucuresti\\\/wp-content\\\/uploads\\\/ID153575_INQUAM_Photos_Ilona_Andrei.jpg\",\"keywords\":[\"alegeri 2024\",\"citu sustinere nicusor dan\",\"florin citu\",\"locale bucuresti 2024\",\"nicusor dan\"],\"articleSection\":[\"Articole\",\"Featured\",\"Interviu\"],\"inLanguage\":\"en-GB\",\"copyrightYear\":\"2024\",\"copyrightHolder\":{\"@id\":\"https:\\\/\\\/buletin.de\\\/bucuresti\\\/#organization\"}},{\"@type\":\"WebPage\",\"@id\":\"https:\\\/\\\/buletin.de\\\/bucuresti\\\/interviu-cine-il-mai-vrea-pe-nicusor-dan-fostul-lider-pnl-spune-ca-actualul-primar-e-cea-mai-buna-optiune-noul-sef-liberal-il-vrea-doar-daca-se-inscrie-in-partid\\\/\",\"url\":\"https:\\\/\\\/buletin.de\\\/bucuresti\\\/interviu-cine-il-mai-vrea-pe-nicusor-dan-fostul-lider-pnl-spune-ca-actualul-primar-e-cea-mai-buna-optiune-noul-sef-liberal-il-vrea-doar-daca-se-inscrie-in-partid\\\/\",\"name\":\"INTERVIU | Cine \u00eel (mai) vrea pe Nicu\u015for Dan? Fostul lider PNL spune c\u0103 actualul primar e cea mai bun\u0103 op\u0163iune, noul \u015fef liberal \u00eel vrea doar dac\u0103 se \u00eenscrie \u00een partid - Buletin de Bucure\u0219ti\",\"isPartOf\":{\"@id\":\"https:\\\/\\\/buletin.de\\\/bucuresti\\\/#website\"},\"primaryImageOfPage\":{\"@id\":\"https:\\\/\\\/buletin.de\\\/bucuresti\\\/interviu-cine-il-mai-vrea-pe-nicusor-dan-fostul-lider-pnl-spune-ca-actualul-primar-e-cea-mai-buna-optiune-noul-sef-liberal-il-vrea-doar-daca-se-inscrie-in-partid\\\/#primaryimage\"},\"image\":{\"@id\":\"https:\\\/\\\/buletin.de\\\/bucuresti\\\/interviu-cine-il-mai-vrea-pe-nicusor-dan-fostul-lider-pnl-spune-ca-actualul-primar-e-cea-mai-buna-optiune-noul-sef-liberal-il-vrea-doar-daca-se-inscrie-in-partid\\\/#primaryimage\"},\"thumbnailUrl\":\"https:\\\/\\\/buletin.de\\\/bucuresti\\\/wp-content\\\/uploads\\\/ID153575_INQUAM_Photos_Ilona_Andrei.jpg\",\"datePublished\":\"2024-01-14T04:00:00+00:00\",\"breadcrumb\":{\"@id\":\"https:\\\/\\\/buletin.de\\\/bucuresti\\\/interviu-cine-il-mai-vrea-pe-nicusor-dan-fostul-lider-pnl-spune-ca-actualul-primar-e-cea-mai-buna-optiune-noul-sef-liberal-il-vrea-doar-daca-se-inscrie-in-partid\\\/#breadcrumb\"},\"inLanguage\":\"en-GB\",\"potentialAction\":[{\"@type\":\"ReadAction\",\"target\":[\"https:\\\/\\\/buletin.de\\\/bucuresti\\\/interviu-cine-il-mai-vrea-pe-nicusor-dan-fostul-lider-pnl-spune-ca-actualul-primar-e-cea-mai-buna-optiune-noul-sef-liberal-il-vrea-doar-daca-se-inscrie-in-partid\\\/\"]}]},{\"@type\":\"ImageObject\",\"inLanguage\":\"en-GB\",\"@id\":\"https:\\\/\\\/buletin.de\\\/bucuresti\\\/interviu-cine-il-mai-vrea-pe-nicusor-dan-fostul-lider-pnl-spune-ca-actualul-primar-e-cea-mai-buna-optiune-noul-sef-liberal-il-vrea-doar-daca-se-inscrie-in-partid\\\/#primaryimage\",\"url\":\"https:\\\/\\\/buletin.de\\\/bucuresti\\\/wp-content\\\/uploads\\\/ID153575_INQUAM_Photos_Ilona_Andrei.jpg\",\"contentUrl\":\"https:\\\/\\\/buletin.de\\\/bucuresti\\\/wp-content\\\/uploads\\\/ID153575_INQUAM_Photos_Ilona_Andrei.jpg\",\"width\":2000,\"height\":1333,\"caption\":\"FOTO: INQUAM \\\/ Ilona Andrei\"},{\"@type\":\"BreadcrumbList\",\"@id\":\"https:\\\/\\\/buletin.de\\\/bucuresti\\\/interviu-cine-il-mai-vrea-pe-nicusor-dan-fostul-lider-pnl-spune-ca-actualul-primar-e-cea-mai-buna-optiune-noul-sef-liberal-il-vrea-doar-daca-se-inscrie-in-partid\\\/#breadcrumb\",\"itemListElement\":[{\"@type\":\"ListItem\",\"position\":1,\"name\":\"Acas\u0103\",\"item\":\"https:\\\/\\\/buletin.de\\\/bucuresti\\\/\"},{\"@type\":\"ListItem\",\"position\":2,\"name\":\"INTERVIU | Cine \u00eel (mai) vrea pe Nicu\u015for Dan? Fostul lider PNL spune c\u0103 actualul primar e cea mai bun\u0103 op\u0163iune, noul \u015fef liberal \u00eel vrea doar dac\u0103 se \u00eenscrie \u00een partid\"}]},{\"@type\":\"WebSite\",\"@id\":\"https:\\\/\\\/buletin.de\\\/bucuresti\\\/#website\",\"url\":\"https:\\\/\\\/buletin.de\\\/bucuresti\\\/\",\"name\":\"Buletin de Bucure\u0219ti\",\"description\":\"\u0218tiri \u0219i investiga\u021bii esen\u021biale din capital\u0103\",\"publisher\":{\"@id\":\"https:\\\/\\\/buletin.de\\\/bucuresti\\\/#organization\"},\"potentialAction\":[{\"@type\":\"SearchAction\",\"target\":{\"@type\":\"EntryPoint\",\"urlTemplate\":\"https:\\\/\\\/buletin.de\\\/bucuresti\\\/?s={search_term_string}\"},\"query-input\":{\"@type\":\"PropertyValueSpecification\",\"valueRequired\":true,\"valueName\":\"search_term_string\"}}],\"inLanguage\":\"en-GB\"},{\"@type\":\"Organization\",\"@id\":\"https:\\\/\\\/buletin.de\\\/bucuresti\\\/#organization\",\"name\":\"Buletin de Bucure\u0219ti\",\"url\":\"https:\\\/\\\/buletin.de\\\/bucuresti\\\/\",\"logo\":{\"@type\":\"ImageObject\",\"inLanguage\":\"en-GB\",\"@id\":\"https:\\\/\\\/buletin.de\\\/bucuresti\\\/#\\\/schema\\\/logo\\\/image\\\/\",\"url\":\"https:\\\/\\\/buletin.de\\\/bucuresti\\\/wp-content\\\/uploads\\\/logo-bdb-full-wide-vernil-transparent.png\",\"contentUrl\":\"https:\\\/\\\/buletin.de\\\/bucuresti\\\/wp-content\\\/uploads\\\/logo-bdb-full-wide-vernil-transparent.png\",\"width\":1782,\"height\":626,\"caption\":\"Buletin de Bucure\u0219ti\"},\"image\":{\"@id\":\"https:\\\/\\\/buletin.de\\\/bucuresti\\\/#\\\/schema\\\/logo\\\/image\\\/\"},\"sameAs\":[\"https:\\\/\\\/www.facebook.com\\\/buletin.de.buc\",\"https:\\\/\\\/www.instagram.com\\\/buletinde.bucuresti\\\/\"]},{\"@type\":\"Person\",\"@id\":\"https:\\\/\\\/buletin.de\\\/bucuresti\\\/#\\\/schema\\\/person\\\/5272b8a057b33890940b57b837fc4ce6\",\"name\":\"Ionu\u021b Lepa\",\"image\":{\"@type\":\"ImageObject\",\"inLanguage\":\"en-GB\",\"@id\":\"https:\\\/\\\/buletin.de\\\/bucuresti\\\/wp-content\\\/uploads\\\/Ionut-Lepa-96x96.jpg5c4e4d9e049808799a8821652d2410a4\",\"url\":\"https:\\\/\\\/buletin.de\\\/bucuresti\\\/wp-content\\\/uploads\\\/Ionut-Lepa-96x96.jpg\",\"contentUrl\":\"https:\\\/\\\/buletin.de\\\/bucuresti\\\/wp-content\\\/uploads\\\/Ionut-Lepa-96x96.jpg\",\"caption\":\"Ionu\u021b Lepa\"},\"url\":\"https:\\\/\\\/buletin.de\\\/bucuresti\\\/author\\\/ionutlepa\\\/\"}]}<\/script>\n<!-- \/ Yoast SEO Premium plugin. -->","yoast_head_json":{"title":"INTERVIU | Cine \u00eel (mai) vrea pe Nicu\u015for Dan? Fostul lider PNL spune c\u0103 actualul primar e cea mai bun\u0103 op\u0163iune, noul \u015fef liberal \u00eel vrea doar dac\u0103 se \u00eenscrie \u00een partid - Buletin de Bucure\u0219ti","robots":{"index":"index","follow":"follow","max-snippet":"max-snippet:-1","max-image-preview":"max-image-preview:large","max-video-preview":"max-video-preview:-1"},"canonical":"https:\/\/buletin.de\/bucuresti\/interviu-cine-il-mai-vrea-pe-nicusor-dan-fostul-lider-pnl-spune-ca-actualul-primar-e-cea-mai-buna-optiune-noul-sef-liberal-il-vrea-doar-daca-se-inscrie-in-partid\/","og_locale":"en_GB","og_type":"article","og_title":"INTERVIU | Cine \u00eel (mai) vrea pe Nicu\u015for Dan? Fostul lider PNL spune c\u0103 actualul primar e cea mai bun\u0103 op\u0163iune, noul \u015fef liberal \u00eel vrea doar dac\u0103 se \u00eenscrie \u00een partid","og_description":"Fostul lider liberal, Florin C\u00ee\u0163u, se anun\u0163\u0103 drept un sus\u0163in\u0103tor al lui Nicu\u015for Dan, pentru un nou mandat de primar general al Capitalei. L-ar l\u0103sa, \u00eens\u0103, din bra\u0163e, dac\u0103 s-ar ivi un candidat liberal valabil, care s\u0103 \u00eel \u201ebat\u0103\u201d pe cel social-democrat. Ce argumente are Florin C\u00ee\u0163u pentru votul s\u0103u de \u00eencredere, mai ales c\u0103 [&hellip;]","og_url":"https:\/\/buletin.de\/bucuresti\/interviu-cine-il-mai-vrea-pe-nicusor-dan-fostul-lider-pnl-spune-ca-actualul-primar-e-cea-mai-buna-optiune-noul-sef-liberal-il-vrea-doar-daca-se-inscrie-in-partid\/","og_site_name":"Buletin de Bucure\u0219ti","article_publisher":"https:\/\/www.facebook.com\/buletin.de.buc","article_published_time":"2024-01-14T04:00:00+00:00","og_image":[{"width":2000,"height":1333,"url":"https:\/\/buletin.de\/bucuresti\/wp-content\/uploads\/ID153575_INQUAM_Photos_Ilona_Andrei.jpg","type":"image\/jpeg"}],"author":"Ionu\u021b Lepa","twitter_card":"summary_large_image","twitter_misc":{"Written by":"Ionu\u021b Lepa","Estimated reading time":"19 minutes"},"schema":{"@context":"https:\/\/schema.org","@graph":[{"@type":"Article","@id":"https:\/\/buletin.de\/bucuresti\/interviu-cine-il-mai-vrea-pe-nicusor-dan-fostul-lider-pnl-spune-ca-actualul-primar-e-cea-mai-buna-optiune-noul-sef-liberal-il-vrea-doar-daca-se-inscrie-in-partid\/#article","isPartOf":{"@id":"https:\/\/buletin.de\/bucuresti\/interviu-cine-il-mai-vrea-pe-nicusor-dan-fostul-lider-pnl-spune-ca-actualul-primar-e-cea-mai-buna-optiune-noul-sef-liberal-il-vrea-doar-daca-se-inscrie-in-partid\/"},"author":{"name":"Ionu\u021b Lepa","@id":"https:\/\/buletin.de\/bucuresti\/#\/schema\/person\/5272b8a057b33890940b57b837fc4ce6"},"headline":"INTERVIU | Cine \u00eel (mai) vrea pe Nicu\u015for Dan? Fostul lider PNL spune c\u0103 actualul primar e cea mai bun\u0103 op\u0163iune, noul \u015fef liberal \u00eel vrea doar dac\u0103 se \u00eenscrie \u00een partid","datePublished":"2024-01-14T04:00:00+00:00","mainEntityOfPage":{"@id":"https:\/\/buletin.de\/bucuresti\/interviu-cine-il-mai-vrea-pe-nicusor-dan-fostul-lider-pnl-spune-ca-actualul-primar-e-cea-mai-buna-optiune-noul-sef-liberal-il-vrea-doar-daca-se-inscrie-in-partid\/"},"wordCount":3870,"publisher":{"@id":"https:\/\/buletin.de\/bucuresti\/#organization"},"image":{"@id":"https:\/\/buletin.de\/bucuresti\/interviu-cine-il-mai-vrea-pe-nicusor-dan-fostul-lider-pnl-spune-ca-actualul-primar-e-cea-mai-buna-optiune-noul-sef-liberal-il-vrea-doar-daca-se-inscrie-in-partid\/#primaryimage"},"thumbnailUrl":"https:\/\/buletin.de\/bucuresti\/wp-content\/uploads\/ID153575_INQUAM_Photos_Ilona_Andrei.jpg","keywords":["alegeri 2024","citu sustinere nicusor dan","florin citu","locale bucuresti 2024","nicusor dan"],"articleSection":["Articole","Featured","Interviu"],"inLanguage":"en-GB","copyrightYear":"2024","copyrightHolder":{"@id":"https:\/\/buletin.de\/bucuresti\/#organization"}},{"@type":"WebPage","@id":"https:\/\/buletin.de\/bucuresti\/interviu-cine-il-mai-vrea-pe-nicusor-dan-fostul-lider-pnl-spune-ca-actualul-primar-e-cea-mai-buna-optiune-noul-sef-liberal-il-vrea-doar-daca-se-inscrie-in-partid\/","url":"https:\/\/buletin.de\/bucuresti\/interviu-cine-il-mai-vrea-pe-nicusor-dan-fostul-lider-pnl-spune-ca-actualul-primar-e-cea-mai-buna-optiune-noul-sef-liberal-il-vrea-doar-daca-se-inscrie-in-partid\/","name":"INTERVIU | Cine \u00eel (mai) vrea pe Nicu\u015for Dan? Fostul lider PNL spune c\u0103 actualul primar e cea mai bun\u0103 op\u0163iune, noul \u015fef liberal \u00eel vrea doar dac\u0103 se \u00eenscrie \u00een partid - Buletin de Bucure\u0219ti","isPartOf":{"@id":"https:\/\/buletin.de\/bucuresti\/#website"},"primaryImageOfPage":{"@id":"https:\/\/buletin.de\/bucuresti\/interviu-cine-il-mai-vrea-pe-nicusor-dan-fostul-lider-pnl-spune-ca-actualul-primar-e-cea-mai-buna-optiune-noul-sef-liberal-il-vrea-doar-daca-se-inscrie-in-partid\/#primaryimage"},"image":{"@id":"https:\/\/buletin.de\/bucuresti\/interviu-cine-il-mai-vrea-pe-nicusor-dan-fostul-lider-pnl-spune-ca-actualul-primar-e-cea-mai-buna-optiune-noul-sef-liberal-il-vrea-doar-daca-se-inscrie-in-partid\/#primaryimage"},"thumbnailUrl":"https:\/\/buletin.de\/bucuresti\/wp-content\/uploads\/ID153575_INQUAM_Photos_Ilona_Andrei.jpg","datePublished":"2024-01-14T04:00:00+00:00","breadcrumb":{"@id":"https:\/\/buletin.de\/bucuresti\/interviu-cine-il-mai-vrea-pe-nicusor-dan-fostul-lider-pnl-spune-ca-actualul-primar-e-cea-mai-buna-optiune-noul-sef-liberal-il-vrea-doar-daca-se-inscrie-in-partid\/#breadcrumb"},"inLanguage":"en-GB","potentialAction":[{"@type":"ReadAction","target":["https:\/\/buletin.de\/bucuresti\/interviu-cine-il-mai-vrea-pe-nicusor-dan-fostul-lider-pnl-spune-ca-actualul-primar-e-cea-mai-buna-optiune-noul-sef-liberal-il-vrea-doar-daca-se-inscrie-in-partid\/"]}]},{"@type":"ImageObject","inLanguage":"en-GB","@id":"https:\/\/buletin.de\/bucuresti\/interviu-cine-il-mai-vrea-pe-nicusor-dan-fostul-lider-pnl-spune-ca-actualul-primar-e-cea-mai-buna-optiune-noul-sef-liberal-il-vrea-doar-daca-se-inscrie-in-partid\/#primaryimage","url":"https:\/\/buletin.de\/bucuresti\/wp-content\/uploads\/ID153575_INQUAM_Photos_Ilona_Andrei.jpg","contentUrl":"https:\/\/buletin.de\/bucuresti\/wp-content\/uploads\/ID153575_INQUAM_Photos_Ilona_Andrei.jpg","width":2000,"height":1333,"caption":"FOTO: INQUAM \/ Ilona Andrei"},{"@type":"BreadcrumbList","@id":"https:\/\/buletin.de\/bucuresti\/interviu-cine-il-mai-vrea-pe-nicusor-dan-fostul-lider-pnl-spune-ca-actualul-primar-e-cea-mai-buna-optiune-noul-sef-liberal-il-vrea-doar-daca-se-inscrie-in-partid\/#breadcrumb","itemListElement":[{"@type":"ListItem","position":1,"name":"Acas\u0103","item":"https:\/\/buletin.de\/bucuresti\/"},{"@type":"ListItem","position":2,"name":"INTERVIU | Cine \u00eel (mai) vrea pe Nicu\u015for Dan? Fostul lider PNL spune c\u0103 actualul primar e cea mai bun\u0103 op\u0163iune, noul \u015fef liberal \u00eel vrea doar dac\u0103 se \u00eenscrie \u00een partid"}]},{"@type":"WebSite","@id":"https:\/\/buletin.de\/bucuresti\/#website","url":"https:\/\/buletin.de\/bucuresti\/","name":"Buletin de Bucure\u0219ti","description":"\u0218tiri \u0219i investiga\u021bii esen\u021biale din capital\u0103","publisher":{"@id":"https:\/\/buletin.de\/bucuresti\/#organization"},"potentialAction":[{"@type":"SearchAction","target":{"@type":"EntryPoint","urlTemplate":"https:\/\/buletin.de\/bucuresti\/?s={search_term_string}"},"query-input":{"@type":"PropertyValueSpecification","valueRequired":true,"valueName":"search_term_string"}}],"inLanguage":"en-GB"},{"@type":"Organization","@id":"https:\/\/buletin.de\/bucuresti\/#organization","name":"Buletin de Bucure\u0219ti","url":"https:\/\/buletin.de\/bucuresti\/","logo":{"@type":"ImageObject","inLanguage":"en-GB","@id":"https:\/\/buletin.de\/bucuresti\/#\/schema\/logo\/image\/","url":"https:\/\/buletin.de\/bucuresti\/wp-content\/uploads\/logo-bdb-full-wide-vernil-transparent.png","contentUrl":"https:\/\/buletin.de\/bucuresti\/wp-content\/uploads\/logo-bdb-full-wide-vernil-transparent.png","width":1782,"height":626,"caption":"Buletin de Bucure\u0219ti"},"image":{"@id":"https:\/\/buletin.de\/bucuresti\/#\/schema\/logo\/image\/"},"sameAs":["https:\/\/www.facebook.com\/buletin.de.buc","https:\/\/www.instagram.com\/buletinde.bucuresti\/"]},{"@type":"Person","@id":"https:\/\/buletin.de\/bucuresti\/#\/schema\/person\/5272b8a057b33890940b57b837fc4ce6","name":"Ionu\u021b Lepa","image":{"@type":"ImageObject","inLanguage":"en-GB","@id":"https:\/\/buletin.de\/bucuresti\/wp-content\/uploads\/Ionut-Lepa-96x96.jpg5c4e4d9e049808799a8821652d2410a4","url":"https:\/\/buletin.de\/bucuresti\/wp-content\/uploads\/Ionut-Lepa-96x96.jpg","contentUrl":"https:\/\/buletin.de\/bucuresti\/wp-content\/uploads\/Ionut-Lepa-96x96.jpg","caption":"Ionu\u021b Lepa"},"url":"https:\/\/buletin.de\/bucuresti\/author\/ionutlepa\/"}]}},"authors":[{"term_id":22586,"user_id":8,"is_guest":0,"slug":"ionutlepa","display_name":"Ionu\u021b Lepa","avatar_url":"https:\/\/buletin.de\/bucuresti\/wp-content\/uploads\/Ionut-Lepa-96x96.jpg","0":null,"1":"","2":"","3":"","4":"","5":"","6":"","7":"","8":""}],"_links":{"self":[{"href":"https:\/\/buletin.de\/bucuresti\/wp-json\/wp\/v2\/posts\/74032","targetHints":{"allow":["GET"]}}],"collection":[{"href":"https:\/\/buletin.de\/bucuresti\/wp-json\/wp\/v2\/posts"}],"about":[{"href":"https:\/\/buletin.de\/bucuresti\/wp-json\/wp\/v2\/types\/post"}],"author":[{"embeddable":true,"href":"https:\/\/buletin.de\/bucuresti\/wp-json\/wp\/v2\/users\/8"}],"replies":[{"embeddable":true,"href":"https:\/\/buletin.de\/bucuresti\/wp-json\/wp\/v2\/comments?post=74032"}],"version-history":[{"count":8,"href":"https:\/\/buletin.de\/bucuresti\/wp-json\/wp\/v2\/posts\/74032\/revisions"}],"predecessor-version":[{"id":74302,"href":"https:\/\/buletin.de\/bucuresti\/wp-json\/wp\/v2\/posts\/74032\/revisions\/74302"}],"wp:featuredmedia":[{"embeddable":true,"href":"https:\/\/buletin.de\/bucuresti\/wp-json\/wp\/v2\/media\/74033"}],"wp:attachment":[{"href":"https:\/\/buletin.de\/bucuresti\/wp-json\/wp\/v2\/media?parent=74032"}],"wp:term":[{"taxonomy":"category","embeddable":true,"href":"https:\/\/buletin.de\/bucuresti\/wp-json\/wp\/v2\/categories?post=74032"},{"taxonomy":"post_tag","embeddable":true,"href":"https:\/\/buletin.de\/bucuresti\/wp-json\/wp\/v2\/tags?post=74032"},{"taxonomy":"author","embeddable":true,"href":"https:\/\/buletin.de\/bucuresti\/wp-json\/wp\/v2\/ppma_author?post=74032"}],"curies":[{"name":"wp","href":"https:\/\/api.w.org\/{rel}","templated":true}]}}