{"id":73851,"date":"2024-01-08T08:12:24","date_gmt":"2024-01-08T06:12:24","guid":{"rendered":"https:\/\/buletin.de\/bucuresti\/?p=73851"},"modified":"2024-01-11T10:42:02","modified_gmt":"2024-01-11T08:42:02","slug":"seif-furat-dintr-un-apartament-dupa-ce-proprietarul-a-fost-pacalit-ca-i-ar-fi-fost-lovita-masina","status":"publish","type":"post","link":"https:\/\/buletin.de\/bucuresti\/seif-furat-dintr-un-apartament-dupa-ce-proprietarul-a-fost-pacalit-ca-i-ar-fi-fost-lovita-masina\/","title":{"rendered":"Seif furat dintr-un apartament, dup\u0103 ce proprietarul a fost p\u0103c\u0103lit c\u0103 i-ar fi fost lovit\u0103 ma\u0219ina"},"content":{"rendered":"\n<p><strong>Direc\u021bia General\u0103 de Poli\u021bie a Municipiului Bucure\u0219ti transmite c\u0103 Sec\u021bia 14 de poli\u021bie a fost sesizat\u0103 de c\u0103tre un b\u0103rbat cu privire la faptul c\u0103 \u00een aceea\u0219i zi, i-a fost sustras, din locuin\u021ba personal\u0103, un seif metalic, ce con\u021binea mai multe bunuri \u0219i sume de bani, \u00een diferite valute.<\/strong><\/p>\n\n\n\n<p>Potrivit poli\u021biei Capitalei, incidentul a avut loc la data de 6 ianuarie 2024, \u00een jurul orei 20.00.<\/p>\n\n\n\n<p>\u201c<em>La fa\u021ba locului s-au deplasat poli\u021bi\u0219ti din cadrul Serviciului Investiga\u021bii Criminale &#8211; Sector 4, \u00eempreun\u0103 cu speciali\u0219ti criminali\u0219ti din cadrul Sec\u021biei 14 Poli\u021bie, care au demarat cercet\u0103rile. Astfel, s-a stabilit faptul c\u0103 b\u0103rbatul ar fi primit un apel, prin care a fost anun\u021bat c\u0103 i-ar fi fost lovit autoturismul, moment \u00een care ar fi p\u0103r\u0103sit apartamentul, l-ar fi asigurat, iar c\u00e2nd a revenit, a constatat lipsa seifului. &nbsp;Totodat\u0103, s-a constatat faptul c\u0103 u\u0219a de la intrare nu prezenta urme de for\u021bare. Cercet\u0103rile sunt continuate de c\u0103tre Serviciul de Investiga\u021bii Criminale Sector 4, sub supravegherea Parchetului de pe l\u00e2ng\u0103 Judec\u0103toria Sectorului 4, sub aspectul s\u0103v\u00e2r\u0219irii infrac\u021biunii de furt calificat<\/em>\u201d, se arat\u0103 \u00een comunicatul Direc\u021biei Generale de Poli\u021bie a Municipiului Bucure\u0219ti.<\/p>\n\n\n\n<p>Acum dou\u0103 s\u0103pt\u0103m\u00e2ni, un seif cu zeci de mii de lei a fost furat din casa unui cet\u0103\u0163ean str\u0103in din Sectorul 2. <a href=\"https:\/\/buletin.de\/bucuresti\/sector-2-seif-cu-zeci-de-mii-de-lei-furat-din-casa-unui-cetatean-strain\/\">Conform Poli\u0163iei, trei b\u0103rba\u0163i, care au primit un pont de la un al patrulea, au fugit din casa omului cu un seif, o pung\u0103 plin\u0103 cu bani \u015fi aparatur\u0103 video.<\/a><\/p>\n\n\n\n<figure class=\"wp-block-embed is-type-wp-embed is-provider-buletin-de-bucure-ti wp-block-embed-buletin-de-bucure-ti\"><div class=\"wp-block-embed__wrapper\">\n<blockquote class=\"wp-embedded-content\" data-secret=\"bMZwcGup8D\"><a href=\"https:\/\/buletin.de\/bucuresti\/sector-1-jaf-de-50-000-euro-hotii-au-plecat-cu-un-seif-bijuterii-si-ceasuri\/\">Sector 1 | Jaf de 50.000 euro. Ho\u021bii au plecat cu un seif, bijuterii\u00a0\u0219i\u00a0ceasuri<\/a><\/blockquote><iframe class=\"wp-embedded-content\" sandbox=\"allow-scripts\" security=\"restricted\" style=\"position: absolute; clip: rect(1px, 1px, 1px, 1px);\" title=\"&#8220;Sector 1 | Jaf de 50.000 euro. Ho\u021bii au plecat cu un seif, bijuterii\u00a0\u0219i\u00a0ceasuri&#8221; &#8212; Buletin de Bucure\u0219ti\" src=\"https:\/\/buletin.de\/bucuresti\/sector-1-jaf-de-50-000-euro-hotii-au-plecat-cu-un-seif-bijuterii-si-ceasuri\/embed\/#?secret=DJJYkuE0o3#?secret=bMZwcGup8D\" data-secret=\"bMZwcGup8D\" width=\"600\" height=\"338\" frameborder=\"0\" marginwidth=\"0\" marginheight=\"0\" scrolling=\"no\"><\/iframe>\n<\/div><\/figure>\n\n\n\n<figure class=\"wp-block-embed is-type-wp-embed is-provider-buletin-de-bucure-ti wp-block-embed-buletin-de-bucure-ti\"><div class=\"wp-block-embed__wrapper\">\n<blockquote class=\"wp-embedded-content\" data-secret=\"ZsshIeCGYp\"><a href=\"https:\/\/buletin.de\/bucuresti\/sector-2-seif-cu-zeci-de-mii-de-lei-furat-din-casa-unui-cetatean-strain\/\">Sector 2 | Seif cu zeci de mii de lei, furat din casa unui cet\u0103\u0163ean str\u0103in<\/a><\/blockquote><iframe class=\"wp-embedded-content\" sandbox=\"allow-scripts\" security=\"restricted\" style=\"position: absolute; clip: rect(1px, 1px, 1px, 1px);\" title=\"&#8220;Sector 2 | Seif cu zeci de mii de lei, furat din casa unui cet\u0103\u0163ean str\u0103in&#8221; &#8212; Buletin de Bucure\u0219ti\" src=\"https:\/\/buletin.de\/bucuresti\/sector-2-seif-cu-zeci-de-mii-de-lei-furat-din-casa-unui-cetatean-strain\/embed\/#?secret=hFN5eCfXzo#?secret=ZsshIeCGYp\" data-secret=\"ZsshIeCGYp\" width=\"600\" height=\"338\" frameborder=\"0\" marginwidth=\"0\" marginheight=\"0\" scrolling=\"no\"><\/iframe>\n<\/div><\/figure>\n","protected":false},"excerpt":{"rendered":"<p>Direc\u021bia General\u0103 de Poli\u021bie a Municipiului Bucure\u0219ti transmite c\u0103 Sec\u021bia 14 de poli\u021bie a fost sesizat\u0103 de c\u0103tre un b\u0103rbat cu privire la faptul c\u0103 \u00een aceea\u0219i zi, i-a fost sustras, din locuin\u021ba personal\u0103, un seif metalic, ce con\u021binea mai multe bunuri \u0219i sume de bani, \u00een diferite valute. Potrivit poli\u021biei Capitalei, incidentul a avut [&hellip;]<\/p>\n","protected":false},"author":10,"featured_media":73852,"comment_status":"closed","ping_status":"open","sticky":false,"template":"","format":"standard","meta":{"_acf_changed":false,"inline_featured_image":false,"ngg_post_thumbnail":0,"footnotes":""},"categories":[6994,62],"tags":[8950,1571,882,8168],"ppma_author":[22575],"class_list":["post-73851","post","type-post","status-publish","format-standard","has-post-thumbnail","hentry","category-stiri-2","category-stiri","tag-apartament","tag-furt","tag-politie","tag-seif"],"acf":[],"yoast_head":"<!-- This site is optimized with the Yoast SEO Premium plugin v25.3 (Yoast SEO v27.4) - https:\/\/yoast.com\/product\/yoast-seo-premium-wordpress\/ -->\n<title>Seif furat dintr-un apartament, dup\u0103 ce proprietarul a fost p\u0103c\u0103lit c\u0103 i-ar fi fost lovit\u0103 ma\u0219ina - Buletin de Bucure\u0219ti<\/title>\n<meta name=\"robots\" content=\"index, follow, max-snippet:-1, max-image-preview:large, max-video-preview:-1\" \/>\n<link rel=\"canonical\" href=\"https:\/\/buletin.de\/bucuresti\/seif-furat-dintr-un-apartament-dupa-ce-proprietarul-a-fost-pacalit-ca-i-ar-fi-fost-lovita-masina\/\" \/>\n<meta property=\"og:locale\" content=\"en_GB\" \/>\n<meta property=\"og:type\" content=\"article\" \/>\n<meta property=\"og:title\" content=\"Seif furat dintr-un apartament, dup\u0103 ce proprietarul a fost p\u0103c\u0103lit c\u0103 i-ar fi fost lovit\u0103 ma\u0219ina\" \/>\n<meta property=\"og:description\" content=\"Direc\u021bia General\u0103 de Poli\u021bie a Municipiului Bucure\u0219ti transmite c\u0103 Sec\u021bia 14 de poli\u021bie a fost sesizat\u0103 de c\u0103tre un b\u0103rbat cu privire la faptul c\u0103 \u00een aceea\u0219i zi, i-a fost sustras, din locuin\u021ba personal\u0103, un seif metalic, ce con\u021binea mai multe bunuri \u0219i sume de bani, \u00een diferite valute. Potrivit poli\u021biei Capitalei, incidentul a avut [&hellip;]\" \/>\n<meta property=\"og:url\" content=\"https:\/\/buletin.de\/bucuresti\/seif-furat-dintr-un-apartament-dupa-ce-proprietarul-a-fost-pacalit-ca-i-ar-fi-fost-lovita-masina\/\" \/>\n<meta property=\"og:site_name\" content=\"Buletin de Bucure\u0219ti\" \/>\n<meta property=\"article:publisher\" content=\"https:\/\/www.facebook.com\/buletin.de.buc\" \/>\n<meta property=\"article:published_time\" content=\"2024-01-08T06:12:24+00:00\" \/>\n<meta property=\"article:modified_time\" content=\"2024-01-11T08:42:02+00:00\" \/>\n<meta property=\"og:image\" content=\"https:\/\/buletin.de\/bucuresti\/wp-content\/uploads\/ffh_gkinfyy-1.jpg\" \/>\n\t<meta property=\"og:image:width\" content=\"1600\" \/>\n\t<meta property=\"og:image:height\" content=\"1067\" \/>\n\t<meta property=\"og:image:type\" content=\"image\/jpeg\" \/>\n<meta name=\"author\" content=\"C\u0103t\u0103lin Dosca\u0219\" \/>\n<meta name=\"twitter:card\" content=\"summary_large_image\" \/>\n<meta name=\"twitter:label1\" content=\"Written by\" \/>\n\t<meta name=\"twitter:data1\" content=\"C\u0103t\u0103lin Dosca\u0219\" \/>\n\t<meta name=\"twitter:label2\" content=\"Estimated reading time\" \/>\n\t<meta name=\"twitter:data2\" content=\"1 minute\" \/>\n<script type=\"application\/ld+json\" class=\"yoast-schema-graph\">{\"@context\":\"https:\\\/\\\/schema.org\",\"@graph\":[{\"@type\":\"Article\",\"@id\":\"https:\\\/\\\/buletin.de\\\/bucuresti\\\/seif-furat-dintr-un-apartament-dupa-ce-proprietarul-a-fost-pacalit-ca-i-ar-fi-fost-lovita-masina\\\/#article\",\"isPartOf\":{\"@id\":\"https:\\\/\\\/buletin.de\\\/bucuresti\\\/seif-furat-dintr-un-apartament-dupa-ce-proprietarul-a-fost-pacalit-ca-i-ar-fi-fost-lovita-masina\\\/\"},\"author\":{\"name\":\"C\u0103t\u0103lin Dosca\u0219\",\"@id\":\"https:\\\/\\\/buletin.de\\\/bucuresti\\\/#\\\/schema\\\/person\\\/31117187ed4d0bdb0a4c7d6acc79d0f8\"},\"headline\":\"Seif furat dintr-un apartament, dup\u0103 ce proprietarul a fost p\u0103c\u0103lit c\u0103 i-ar fi fost lovit\u0103 ma\u0219ina\",\"datePublished\":\"2024-01-08T06:12:24+00:00\",\"dateModified\":\"2024-01-11T08:42:02+00:00\",\"mainEntityOfPage\":{\"@id\":\"https:\\\/\\\/buletin.de\\\/bucuresti\\\/seif-furat-dintr-un-apartament-dupa-ce-proprietarul-a-fost-pacalit-ca-i-ar-fi-fost-lovita-masina\\\/\"},\"wordCount\":309,\"publisher\":{\"@id\":\"https:\\\/\\\/buletin.de\\\/bucuresti\\\/#organization\"},\"image\":{\"@id\":\"https:\\\/\\\/buletin.de\\\/bucuresti\\\/seif-furat-dintr-un-apartament-dupa-ce-proprietarul-a-fost-pacalit-ca-i-ar-fi-fost-lovita-masina\\\/#primaryimage\"},\"thumbnailUrl\":\"https:\\\/\\\/buletin.de\\\/bucuresti\\\/wp-content\\\/uploads\\\/ffh_gkinfyy-1.jpg\",\"keywords\":[\"apartament\",\"furt\",\"politie\",\"seif\"],\"articleSection\":[\"Articole\",\"\u0218tiri\"],\"inLanguage\":\"en-GB\",\"copyrightYear\":\"2024\",\"copyrightHolder\":{\"@id\":\"https:\\\/\\\/buletin.de\\\/bucuresti\\\/#organization\"}},{\"@type\":\"WebPage\",\"@id\":\"https:\\\/\\\/buletin.de\\\/bucuresti\\\/seif-furat-dintr-un-apartament-dupa-ce-proprietarul-a-fost-pacalit-ca-i-ar-fi-fost-lovita-masina\\\/\",\"url\":\"https:\\\/\\\/buletin.de\\\/bucuresti\\\/seif-furat-dintr-un-apartament-dupa-ce-proprietarul-a-fost-pacalit-ca-i-ar-fi-fost-lovita-masina\\\/\",\"name\":\"Seif furat dintr-un apartament, dup\u0103 ce proprietarul a fost p\u0103c\u0103lit c\u0103 i-ar fi fost lovit\u0103 ma\u0219ina - Buletin de Bucure\u0219ti\",\"isPartOf\":{\"@id\":\"https:\\\/\\\/buletin.de\\\/bucuresti\\\/#website\"},\"primaryImageOfPage\":{\"@id\":\"https:\\\/\\\/buletin.de\\\/bucuresti\\\/seif-furat-dintr-un-apartament-dupa-ce-proprietarul-a-fost-pacalit-ca-i-ar-fi-fost-lovita-masina\\\/#primaryimage\"},\"image\":{\"@id\":\"https:\\\/\\\/buletin.de\\\/bucuresti\\\/seif-furat-dintr-un-apartament-dupa-ce-proprietarul-a-fost-pacalit-ca-i-ar-fi-fost-lovita-masina\\\/#primaryimage\"},\"thumbnailUrl\":\"https:\\\/\\\/buletin.de\\\/bucuresti\\\/wp-content\\\/uploads\\\/ffh_gkinfyy-1.jpg\",\"datePublished\":\"2024-01-08T06:12:24+00:00\",\"dateModified\":\"2024-01-11T08:42:02+00:00\",\"breadcrumb\":{\"@id\":\"https:\\\/\\\/buletin.de\\\/bucuresti\\\/seif-furat-dintr-un-apartament-dupa-ce-proprietarul-a-fost-pacalit-ca-i-ar-fi-fost-lovita-masina\\\/#breadcrumb\"},\"inLanguage\":\"en-GB\",\"potentialAction\":[{\"@type\":\"ReadAction\",\"target\":[\"https:\\\/\\\/buletin.de\\\/bucuresti\\\/seif-furat-dintr-un-apartament-dupa-ce-proprietarul-a-fost-pacalit-ca-i-ar-fi-fost-lovita-masina\\\/\"]}]},{\"@type\":\"ImageObject\",\"inLanguage\":\"en-GB\",\"@id\":\"https:\\\/\\\/buletin.de\\\/bucuresti\\\/seif-furat-dintr-un-apartament-dupa-ce-proprietarul-a-fost-pacalit-ca-i-ar-fi-fost-lovita-masina\\\/#primaryimage\",\"url\":\"https:\\\/\\\/buletin.de\\\/bucuresti\\\/wp-content\\\/uploads\\\/ffh_gkinfyy-1.jpg\",\"contentUrl\":\"https:\\\/\\\/buletin.de\\\/bucuresti\\\/wp-content\\\/uploads\\\/ffh_gkinfyy-1.jpg\",\"width\":1600,\"height\":1067,\"caption\":\"blue bmw car in a dark room\"},{\"@type\":\"BreadcrumbList\",\"@id\":\"https:\\\/\\\/buletin.de\\\/bucuresti\\\/seif-furat-dintr-un-apartament-dupa-ce-proprietarul-a-fost-pacalit-ca-i-ar-fi-fost-lovita-masina\\\/#breadcrumb\",\"itemListElement\":[{\"@type\":\"ListItem\",\"position\":1,\"name\":\"Acas\u0103\",\"item\":\"https:\\\/\\\/buletin.de\\\/bucuresti\\\/\"},{\"@type\":\"ListItem\",\"position\":2,\"name\":\"Seif furat dintr-un apartament, dup\u0103 ce proprietarul a fost p\u0103c\u0103lit c\u0103 i-ar fi fost lovit\u0103 ma\u0219ina\"}]},{\"@type\":\"WebSite\",\"@id\":\"https:\\\/\\\/buletin.de\\\/bucuresti\\\/#website\",\"url\":\"https:\\\/\\\/buletin.de\\\/bucuresti\\\/\",\"name\":\"Buletin de Bucure\u0219ti\",\"description\":\"\u0218tiri \u0219i investiga\u021bii esen\u021biale din capital\u0103\",\"publisher\":{\"@id\":\"https:\\\/\\\/buletin.de\\\/bucuresti\\\/#organization\"},\"potentialAction\":[{\"@type\":\"SearchAction\",\"target\":{\"@type\":\"EntryPoint\",\"urlTemplate\":\"https:\\\/\\\/buletin.de\\\/bucuresti\\\/?s={search_term_string}\"},\"query-input\":{\"@type\":\"PropertyValueSpecification\",\"valueRequired\":true,\"valueName\":\"search_term_string\"}}],\"inLanguage\":\"en-GB\"},{\"@type\":\"Organization\",\"@id\":\"https:\\\/\\\/buletin.de\\\/bucuresti\\\/#organization\",\"name\":\"Buletin de Bucure\u0219ti\",\"url\":\"https:\\\/\\\/buletin.de\\\/bucuresti\\\/\",\"logo\":{\"@type\":\"ImageObject\",\"inLanguage\":\"en-GB\",\"@id\":\"https:\\\/\\\/buletin.de\\\/bucuresti\\\/#\\\/schema\\\/logo\\\/image\\\/\",\"url\":\"https:\\\/\\\/buletin.de\\\/bucuresti\\\/wp-content\\\/uploads\\\/logo-bdb-full-wide-vernil-transparent.png\",\"contentUrl\":\"https:\\\/\\\/buletin.de\\\/bucuresti\\\/wp-content\\\/uploads\\\/logo-bdb-full-wide-vernil-transparent.png\",\"width\":1782,\"height\":626,\"caption\":\"Buletin de Bucure\u0219ti\"},\"image\":{\"@id\":\"https:\\\/\\\/buletin.de\\\/bucuresti\\\/#\\\/schema\\\/logo\\\/image\\\/\"},\"sameAs\":[\"https:\\\/\\\/www.facebook.com\\\/buletin.de.buc\",\"https:\\\/\\\/www.instagram.com\\\/buletinde.bucuresti\\\/\"]},{\"@type\":\"Person\",\"@id\":\"https:\\\/\\\/buletin.de\\\/bucuresti\\\/#\\\/schema\\\/person\\\/31117187ed4d0bdb0a4c7d6acc79d0f8\",\"name\":\"C\u0103t\u0103lin Dosca\u0219\",\"image\":{\"@type\":\"ImageObject\",\"inLanguage\":\"en-GB\",\"@id\":\"https:\\\/\\\/buletin.de\\\/bucuresti\\\/wp-content\\\/uploads\\\/Catalin-Doscas-e1732731064764-96x96.jpga93e2943bb3b1c1f9ead823df6e6317a\",\"url\":\"https:\\\/\\\/buletin.de\\\/bucuresti\\\/wp-content\\\/uploads\\\/Catalin-Doscas-e1732731064764-96x96.jpg\",\"contentUrl\":\"https:\\\/\\\/buletin.de\\\/bucuresti\\\/wp-content\\\/uploads\\\/Catalin-Doscas-e1732731064764-96x96.jpg\",\"caption\":\"C\u0103t\u0103lin Dosca\u0219\"},\"description\":\"Reporter \u0219i redactor-\u0219ef Buletin de Bucure\u0219ti. Lucreaz\u0103 \u00een mass-media de la v\u00e2rsta de 15 ani, c\u00e2nd a publicat primele articole \u00een presa local\u0103 din Tecuci. \u00cen Bucure\u0219ti a lucrat \u00een redac\u021bii radio ca reporter, redactor \u0219i prezentator (StudentFM, Na\u021bionalFM, Radio Total, Smart FM), unde a acoperit domeniile politic, economic, social \u0219i externe. Ulterior, a fost editor-coordonator al postului Realitatea FM. Experien\u021ba \u00een jurnalismul online a dob\u00e2ndit-o la portalul B365.ro, unde a fost editor. \u00cen 2012 s-a angajat \u00een televiziune. La Realitatea TV a fost, pe r\u00e2nd, reporter la sec\u021bia Social, reporter special la emisiunea de reportaje \u0219i anchete \u201eReporterii Realit\u0103\u021bii\u201d, dar \u0219i editor al jurnalelor de \u0219tiri. Ulterior, a f\u0103cut parte din sec\u021bia de Investiga\u021bii de la Digi24 \u0219i a lucrat la campania \u201eRom\u00e2nia furat\u0103\u201d. A revenit \u00een presa scris\u0103 \u00een 2017, ca reporter special, \u00een cadrul unui proiect de repozi\u021bionare a tabloidului Libertatea \u00een cotidian generalist. Este jurnalist Buletin de Bucure\u0219ti din 2019.\",\"url\":\"https:\\\/\\\/buletin.de\\\/bucuresti\\\/author\\\/catalin\\\/\"}]}<\/script>\n<!-- \/ Yoast SEO Premium plugin. -->","yoast_head_json":{"title":"Seif furat dintr-un apartament, dup\u0103 ce proprietarul a fost p\u0103c\u0103lit c\u0103 i-ar fi fost lovit\u0103 ma\u0219ina - Buletin de Bucure\u0219ti","robots":{"index":"index","follow":"follow","max-snippet":"max-snippet:-1","max-image-preview":"max-image-preview:large","max-video-preview":"max-video-preview:-1"},"canonical":"https:\/\/buletin.de\/bucuresti\/seif-furat-dintr-un-apartament-dupa-ce-proprietarul-a-fost-pacalit-ca-i-ar-fi-fost-lovita-masina\/","og_locale":"en_GB","og_type":"article","og_title":"Seif furat dintr-un apartament, dup\u0103 ce proprietarul a fost p\u0103c\u0103lit c\u0103 i-ar fi fost lovit\u0103 ma\u0219ina","og_description":"Direc\u021bia General\u0103 de Poli\u021bie a Municipiului Bucure\u0219ti transmite c\u0103 Sec\u021bia 14 de poli\u021bie a fost sesizat\u0103 de c\u0103tre un b\u0103rbat cu privire la faptul c\u0103 \u00een aceea\u0219i zi, i-a fost sustras, din locuin\u021ba personal\u0103, un seif metalic, ce con\u021binea mai multe bunuri \u0219i sume de bani, \u00een diferite valute. Potrivit poli\u021biei Capitalei, incidentul a avut [&hellip;]","og_url":"https:\/\/buletin.de\/bucuresti\/seif-furat-dintr-un-apartament-dupa-ce-proprietarul-a-fost-pacalit-ca-i-ar-fi-fost-lovita-masina\/","og_site_name":"Buletin de Bucure\u0219ti","article_publisher":"https:\/\/www.facebook.com\/buletin.de.buc","article_published_time":"2024-01-08T06:12:24+00:00","article_modified_time":"2024-01-11T08:42:02+00:00","og_image":[{"width":1600,"height":1067,"url":"https:\/\/buletin.de\/bucuresti\/wp-content\/uploads\/ffh_gkinfyy-1.jpg","type":"image\/jpeg"}],"author":"C\u0103t\u0103lin Dosca\u0219","twitter_card":"summary_large_image","twitter_misc":{"Written by":"C\u0103t\u0103lin Dosca\u0219","Estimated reading time":"1 minute"},"schema":{"@context":"https:\/\/schema.org","@graph":[{"@type":"Article","@id":"https:\/\/buletin.de\/bucuresti\/seif-furat-dintr-un-apartament-dupa-ce-proprietarul-a-fost-pacalit-ca-i-ar-fi-fost-lovita-masina\/#article","isPartOf":{"@id":"https:\/\/buletin.de\/bucuresti\/seif-furat-dintr-un-apartament-dupa-ce-proprietarul-a-fost-pacalit-ca-i-ar-fi-fost-lovita-masina\/"},"author":{"name":"C\u0103t\u0103lin Dosca\u0219","@id":"https:\/\/buletin.de\/bucuresti\/#\/schema\/person\/31117187ed4d0bdb0a4c7d6acc79d0f8"},"headline":"Seif furat dintr-un apartament, dup\u0103 ce proprietarul a fost p\u0103c\u0103lit c\u0103 i-ar fi fost lovit\u0103 ma\u0219ina","datePublished":"2024-01-08T06:12:24+00:00","dateModified":"2024-01-11T08:42:02+00:00","mainEntityOfPage":{"@id":"https:\/\/buletin.de\/bucuresti\/seif-furat-dintr-un-apartament-dupa-ce-proprietarul-a-fost-pacalit-ca-i-ar-fi-fost-lovita-masina\/"},"wordCount":309,"publisher":{"@id":"https:\/\/buletin.de\/bucuresti\/#organization"},"image":{"@id":"https:\/\/buletin.de\/bucuresti\/seif-furat-dintr-un-apartament-dupa-ce-proprietarul-a-fost-pacalit-ca-i-ar-fi-fost-lovita-masina\/#primaryimage"},"thumbnailUrl":"https:\/\/buletin.de\/bucuresti\/wp-content\/uploads\/ffh_gkinfyy-1.jpg","keywords":["apartament","furt","politie","seif"],"articleSection":["Articole","\u0218tiri"],"inLanguage":"en-GB","copyrightYear":"2024","copyrightHolder":{"@id":"https:\/\/buletin.de\/bucuresti\/#organization"}},{"@type":"WebPage","@id":"https:\/\/buletin.de\/bucuresti\/seif-furat-dintr-un-apartament-dupa-ce-proprietarul-a-fost-pacalit-ca-i-ar-fi-fost-lovita-masina\/","url":"https:\/\/buletin.de\/bucuresti\/seif-furat-dintr-un-apartament-dupa-ce-proprietarul-a-fost-pacalit-ca-i-ar-fi-fost-lovita-masina\/","name":"Seif furat dintr-un apartament, dup\u0103 ce proprietarul a fost p\u0103c\u0103lit c\u0103 i-ar fi fost lovit\u0103 ma\u0219ina - Buletin de Bucure\u0219ti","isPartOf":{"@id":"https:\/\/buletin.de\/bucuresti\/#website"},"primaryImageOfPage":{"@id":"https:\/\/buletin.de\/bucuresti\/seif-furat-dintr-un-apartament-dupa-ce-proprietarul-a-fost-pacalit-ca-i-ar-fi-fost-lovita-masina\/#primaryimage"},"image":{"@id":"https:\/\/buletin.de\/bucuresti\/seif-furat-dintr-un-apartament-dupa-ce-proprietarul-a-fost-pacalit-ca-i-ar-fi-fost-lovita-masina\/#primaryimage"},"thumbnailUrl":"https:\/\/buletin.de\/bucuresti\/wp-content\/uploads\/ffh_gkinfyy-1.jpg","datePublished":"2024-01-08T06:12:24+00:00","dateModified":"2024-01-11T08:42:02+00:00","breadcrumb":{"@id":"https:\/\/buletin.de\/bucuresti\/seif-furat-dintr-un-apartament-dupa-ce-proprietarul-a-fost-pacalit-ca-i-ar-fi-fost-lovita-masina\/#breadcrumb"},"inLanguage":"en-GB","potentialAction":[{"@type":"ReadAction","target":["https:\/\/buletin.de\/bucuresti\/seif-furat-dintr-un-apartament-dupa-ce-proprietarul-a-fost-pacalit-ca-i-ar-fi-fost-lovita-masina\/"]}]},{"@type":"ImageObject","inLanguage":"en-GB","@id":"https:\/\/buletin.de\/bucuresti\/seif-furat-dintr-un-apartament-dupa-ce-proprietarul-a-fost-pacalit-ca-i-ar-fi-fost-lovita-masina\/#primaryimage","url":"https:\/\/buletin.de\/bucuresti\/wp-content\/uploads\/ffh_gkinfyy-1.jpg","contentUrl":"https:\/\/buletin.de\/bucuresti\/wp-content\/uploads\/ffh_gkinfyy-1.jpg","width":1600,"height":1067,"caption":"blue bmw car in a dark room"},{"@type":"BreadcrumbList","@id":"https:\/\/buletin.de\/bucuresti\/seif-furat-dintr-un-apartament-dupa-ce-proprietarul-a-fost-pacalit-ca-i-ar-fi-fost-lovita-masina\/#breadcrumb","itemListElement":[{"@type":"ListItem","position":1,"name":"Acas\u0103","item":"https:\/\/buletin.de\/bucuresti\/"},{"@type":"ListItem","position":2,"name":"Seif furat dintr-un apartament, dup\u0103 ce proprietarul a fost p\u0103c\u0103lit c\u0103 i-ar fi fost lovit\u0103 ma\u0219ina"}]},{"@type":"WebSite","@id":"https:\/\/buletin.de\/bucuresti\/#website","url":"https:\/\/buletin.de\/bucuresti\/","name":"Buletin de Bucure\u0219ti","description":"\u0218tiri \u0219i investiga\u021bii esen\u021biale din capital\u0103","publisher":{"@id":"https:\/\/buletin.de\/bucuresti\/#organization"},"potentialAction":[{"@type":"SearchAction","target":{"@type":"EntryPoint","urlTemplate":"https:\/\/buletin.de\/bucuresti\/?s={search_term_string}"},"query-input":{"@type":"PropertyValueSpecification","valueRequired":true,"valueName":"search_term_string"}}],"inLanguage":"en-GB"},{"@type":"Organization","@id":"https:\/\/buletin.de\/bucuresti\/#organization","name":"Buletin de Bucure\u0219ti","url":"https:\/\/buletin.de\/bucuresti\/","logo":{"@type":"ImageObject","inLanguage":"en-GB","@id":"https:\/\/buletin.de\/bucuresti\/#\/schema\/logo\/image\/","url":"https:\/\/buletin.de\/bucuresti\/wp-content\/uploads\/logo-bdb-full-wide-vernil-transparent.png","contentUrl":"https:\/\/buletin.de\/bucuresti\/wp-content\/uploads\/logo-bdb-full-wide-vernil-transparent.png","width":1782,"height":626,"caption":"Buletin de Bucure\u0219ti"},"image":{"@id":"https:\/\/buletin.de\/bucuresti\/#\/schema\/logo\/image\/"},"sameAs":["https:\/\/www.facebook.com\/buletin.de.buc","https:\/\/www.instagram.com\/buletinde.bucuresti\/"]},{"@type":"Person","@id":"https:\/\/buletin.de\/bucuresti\/#\/schema\/person\/31117187ed4d0bdb0a4c7d6acc79d0f8","name":"C\u0103t\u0103lin Dosca\u0219","image":{"@type":"ImageObject","inLanguage":"en-GB","@id":"https:\/\/buletin.de\/bucuresti\/wp-content\/uploads\/Catalin-Doscas-e1732731064764-96x96.jpga93e2943bb3b1c1f9ead823df6e6317a","url":"https:\/\/buletin.de\/bucuresti\/wp-content\/uploads\/Catalin-Doscas-e1732731064764-96x96.jpg","contentUrl":"https:\/\/buletin.de\/bucuresti\/wp-content\/uploads\/Catalin-Doscas-e1732731064764-96x96.jpg","caption":"C\u0103t\u0103lin Dosca\u0219"},"description":"Reporter \u0219i redactor-\u0219ef Buletin de Bucure\u0219ti. Lucreaz\u0103 \u00een mass-media de la v\u00e2rsta de 15 ani, c\u00e2nd a publicat primele articole \u00een presa local\u0103 din Tecuci. \u00cen Bucure\u0219ti a lucrat \u00een redac\u021bii radio ca reporter, redactor \u0219i prezentator (StudentFM, Na\u021bionalFM, Radio Total, Smart FM), unde a acoperit domeniile politic, economic, social \u0219i externe. Ulterior, a fost editor-coordonator al postului Realitatea FM. Experien\u021ba \u00een jurnalismul online a dob\u00e2ndit-o la portalul B365.ro, unde a fost editor. \u00cen 2012 s-a angajat \u00een televiziune. La Realitatea TV a fost, pe r\u00e2nd, reporter la sec\u021bia Social, reporter special la emisiunea de reportaje \u0219i anchete \u201eReporterii Realit\u0103\u021bii\u201d, dar \u0219i editor al jurnalelor de \u0219tiri. Ulterior, a f\u0103cut parte din sec\u021bia de Investiga\u021bii de la Digi24 \u0219i a lucrat la campania \u201eRom\u00e2nia furat\u0103\u201d. A revenit \u00een presa scris\u0103 \u00een 2017, ca reporter special, \u00een cadrul unui proiect de repozi\u021bionare a tabloidului Libertatea \u00een cotidian generalist. Este jurnalist Buletin de Bucure\u0219ti din 2019.","url":"https:\/\/buletin.de\/bucuresti\/author\/catalin\/"}]}},"authors":[{"term_id":22575,"user_id":10,"is_guest":0,"slug":"catalin","display_name":"C\u0103t\u0103lin Dosca\u0219","avatar_url":"https:\/\/buletin.de\/bucuresti\/wp-content\/uploads\/Catalin-Doscas-e1732731064764-96x96.jpg","0":null,"1":"","2":"","3":"","4":"","5":"","6":"","7":"","8":""}],"_links":{"self":[{"href":"https:\/\/buletin.de\/bucuresti\/wp-json\/wp\/v2\/posts\/73851","targetHints":{"allow":["GET"]}}],"collection":[{"href":"https:\/\/buletin.de\/bucuresti\/wp-json\/wp\/v2\/posts"}],"about":[{"href":"https:\/\/buletin.de\/bucuresti\/wp-json\/wp\/v2\/types\/post"}],"author":[{"embeddable":true,"href":"https:\/\/buletin.de\/bucuresti\/wp-json\/wp\/v2\/users\/10"}],"replies":[{"embeddable":true,"href":"https:\/\/buletin.de\/bucuresti\/wp-json\/wp\/v2\/comments?post=73851"}],"version-history":[{"count":3,"href":"https:\/\/buletin.de\/bucuresti\/wp-json\/wp\/v2\/posts\/73851\/revisions"}],"predecessor-version":[{"id":74248,"href":"https:\/\/buletin.de\/bucuresti\/wp-json\/wp\/v2\/posts\/73851\/revisions\/74248"}],"wp:featuredmedia":[{"embeddable":true,"href":"https:\/\/buletin.de\/bucuresti\/wp-json\/wp\/v2\/media\/73852"}],"wp:attachment":[{"href":"https:\/\/buletin.de\/bucuresti\/wp-json\/wp\/v2\/media?parent=73851"}],"wp:term":[{"taxonomy":"category","embeddable":true,"href":"https:\/\/buletin.de\/bucuresti\/wp-json\/wp\/v2\/categories?post=73851"},{"taxonomy":"post_tag","embeddable":true,"href":"https:\/\/buletin.de\/bucuresti\/wp-json\/wp\/v2\/tags?post=73851"},{"taxonomy":"author","embeddable":true,"href":"https:\/\/buletin.de\/bucuresti\/wp-json\/wp\/v2\/ppma_author?post=73851"}],"curies":[{"name":"wp","href":"https:\/\/api.w.org\/{rel}","templated":true}]}}