{"id":7372,"date":"2020-05-20T08:55:52","date_gmt":"2020-05-20T05:55:52","guid":{"rendered":"https:\/\/buletin.de\/bucuresti\/?p=7372"},"modified":"2020-05-20T19:42:13","modified_gmt":"2020-05-20T16:42:13","slug":"live-text-coronavirus-bucuresti-20-mai-2020-ziua-85","status":"publish","type":"post","link":"https:\/\/buletin.de\/bucuresti\/live-text-coronavirus-bucuresti-20-mai-2020-ziua-85\/","title":{"rendered":"LIVE TEXT. Coronavirus &#8211; Bucure\u0219ti, 20 mai 2020, ziua 85"},"content":{"rendered":"\n<p>  <em>Num\u0103rul de pacien\u021bi confirma\u021bi cu Covid-19 pe teritoriul Rom\u00e2niei a trecut de 17.000. Totodat\u0103 am dep\u0103\u0219it 1.000 de decese. Rom\u00e2nia a ie\u0219it din starea de urgen\u021b\u0103 \u0219i se afl\u0103 acum \u00een<a href=\"https:\/\/buletin.de\/bucuresti\/infografic-ce-putem-si-ce-nu-putem-face-de-pe-15-mai-masurile-finale-care-intra-in-aplicare-azi\/\"> stare de alert\u0103<\/a> pentru o perioad\u0103 de 30 de zile.<br><br>Vezi mai jos cele mai recente informa\u021bii oficiale de ast\u0103zi. Toate nout\u0103\u021bile din zilele trecute le g\u0103se\u0219ti <a href=\"https:\/\/buletin.de\/bucuresti\/cv\/\">aici.<\/a><\/em> <\/p>\n\n\n\n<h3 class=\"has-vivid-cyan-blue-color has-text-color has-text-align-center wp-block-heading\"><strong>Iat\u0103 cifrele din spatele epidemiei de Coronavirus \u0219i actualiz\u0103ri zilnice \u2b07\ufe0f<\/strong>               <\/h3>\n\n\n\n<style>\n\n.full-width {\n  width: 100vw;\n  position: relative;\n  left: 50%;\n  right: 50%;\n  margin-left: -50vw;\n  margin-right: -50vw;\n}\n\n<\/style>\n\n\n\n<p><\/p>\n\n\n\n<div class=\"full-width\">\n<div class=\"infogram-embed\" data-id=\"27f09ce8-c508-413b-ac49-b60b01815be0\" data-type=\"interactive\" data-title=\"Livetext coronavirus\"><\/div><script>!function(e,i,n,s){var t=\"InfogramEmbeds\",d=e.getElementsByTagName(\"script\")[0];if(window[t]&&window[t].initialized)window[t].process&&window[t].process();else if(!e.getElementById(n)){var o=e.createElement(\"script\");o.async=1,o.id=n,o.src=\"https:\/\/e.infogram.com\/js\/dist\/embed-loader-min.js\",d.parentNode.insertBefore(o,d)}}(document,0,\"infogram-async\");<\/script>\n<\/div>\n<style>\nh2 {\nmargin-top: 150px;\nfont-size: 3em;\ntext-align: center;\n}\n<\/style>\n\n\n\n<h3 class=\"wp-block-heading\">Ora 19:40<\/h3>\n\n\n\n<p>Deces 1142<\/p>\n\n\n\n<p>Femeie, 73 ani, jude\u021b Hunedoara.<\/p>\n\n\n\n<p>Dat\u0103 confirmare: 13.05.2020<br>\nDat\u0103 deces: 20.05.2020<br>\nComorbidit\u0103\u021bi: HTA esentiala primara, Diabet zaharat tip II, Obezitate<\/p>\n\n\n\n<p>Deces 1143<\/p>\n\n\n\n<p>Femeie, 53 ani, jude\u021b Suceava.<\/p>\n\n\n\n<p>Dat\u0103 confirmare: 17.05.2020<br>\nDat\u0103 deces: 19.05.2020<br>\nComorbidit\u0103\u021bi: Neoplasm ovarian, carcinomatoza peritoneala, anemie<\/p>\n\n\n\n<p>Deces 1144<\/p>\n\n\n\n<p>Femeie, 45 ani, jude\u021b Suceava.<\/p>\n\n\n\n<p>Dat\u0103 confirmare: 09.05.2020<br> Dat\u0103 deces: 19.05.2020<br> Comorbidit\u0103\u021bi: Ciroza hepatica toxica.<\/p>\n\n\n\n<p>Deces 1136 (rectificare INSP: persoana anun\u021bat\u0103 ini\u021bial nu a decedat) <\/p>\n\n\n\n<p>B\u0103rbat, 78 ani, jude\u021b Ia\u0219i. <\/p>\n\n\n\n<p>Dat\u0103 confirmare: 20.05.2020. <br>\nDat\u0103 deces: 20.05.2020. <br>\nComorbidit\u0103\u021bi: HTA, Cardiopatie ischemica, Fibrilatie atriala, Diabet zaharat tip II, Obezitate grd. II<\/p>\n\n\n\n<p>Deces 1145<\/p>\n\n\n\n<p>B\u0103rbat, 71 ani, jude\u021b Mure\u0219. <\/p>\n\n\n\n<p>Dat\u0103 confirmare: 28.04.2020. <br>\nDat\u0103 deces: 15.05.2020. <br>\nComorbidit\u0103\u021bi: HTA \u0219i boli asociate cardiovasculare.<\/p>\n\n\n\n<p>Deces 1146<\/p>\n\n\n\n<p>B\u0103rbat, 62 ani, jude\u021b Neam\u021b. <\/p>\n\n\n\n<p>Dat\u0103 confirmare: 05.05.2020. <br>\nDat\u0103 deces: 20.05.2020. <br>\nComorbidit\u0103\u021bi: HTA std III, Diabet zaharat tip II, Anemie secundar\u0103. <\/p>\n\n\n\n<p>Deces 1147<\/p>\n\n\n\n<p>Femeie, 47 ani, jude\u021b Neam\u021b. <\/p>\n\n\n\n<p>Dat\u0103 confirmare: 29.04.2020. <br>\nDat\u0103 deces: 20.05.2020. <br>\nComorbidit\u0103\u021bi: TBC pulmonar \u00een antecedente.<\/p>\n\n\n\n<h3 class=\"wp-block-heading\">Ora 13:00<\/h3>\n\n\n\n<p>\n\nAlte 196 de noi cazuri de \u00eemboln\u0103vire. Au fost confirmate 17.387 de cazuri de persoane infectate cu noul coronavirus. Dintre persoanele confirmate pozitiv, 10.356 au fost declarate vindecate \u0219i externate. \u00cen Bucure\u0219ti avem 1674 cazuri. <br>Totodat\u0103, p\u00e2n\u0103 acum, 1141 de persoane diagnosticate cu infec\u021bie cu COVID-19 au decedat. La ATI, \u00een acest moment, sunt interna\u021bi 198 de pacien\u021bi. <br>Pe teritoriul Rom\u00e2niei, \u00een carantin\u0103 institu\u021bionalizat\u0103 sunt 11.050 de  persoane. Alte 30.645 de persoane sunt \u00een izolare la domiciliu \u0219i se afl\u0103 sub monitorizare medical\u0103. \n\n<\/p>\n\n\n\n<h3 class=\"wp-block-heading\">Ora 9:00<\/h3>\n\n\n\n<p>Deces 1138<\/p>\n\n\n\n<p>Femeie, 79 ani, municipiul Bucure\u0219ti. <\/p>\n\n\n\n<p>Dat\u0103 confirmare:  12.05.2020. <br>\nDat\u0103 deces: 19.05.2020. <br>\nComorbidit\u0103\u021bi: Obezitate. Diabet zaharat tip II. HTA. Boal\u0103 cardiac\u0103 ischemic\u0103. Fibrila\u021bie atriala paroxistica. <\/p>\n\n\n\n<p>Deces 1139<\/p>\n\n\n\n<p>Femeie, 74 ani, jude\u021b Arad. <\/p>\n\n\n\n<p>Dat\u0103 confirmare: 08.05.2020. <br>\nDat\u0103 deces: 19.05.2020. <br>\nComorbidit\u0103\u021bi: Diabet zaharat tip II. HTA gr.III.Tiroidita autoimuna<\/p>\n\n\n\n<p>Deces 1140<\/p>\n\n\n\n<p>Femeie, 84 ani, jude\u021b Dolj. <\/p>\n\n\n\n<p>Dat\u0103 confirmare: 16.05.2020. <br>\nDat\u0103 deces: 19.05.2020. <br>\nComorbidit\u0103\u021bi: Boala renala cronica stadiul V. Insuficienta hepatica. Obezitate. Insuficienta cardiaca cronica stadiul IV NYHA. Infarct miocardic antero-septal vechi. HTA primara gr.III. Bloc AV gr.I. Diabet zaharat tip II<\/p>\n\n\n\n<p>Deces 1141<\/p>\n\n\n\n<p>B\u0103rbat, 90 ani, jude\u021b Suceava, preot. <\/p>\n\n\n\n<p>Dat\u0103 confirmare: 20.04.2020. <br>\nDat\u0103 deces: 19.05.2020. <br>\nComorbidit\u0103\u021bi: HTA. Boala cardiaca ischemica<\/p>\n","protected":false},"excerpt":{"rendered":"<p>Num\u0103rul de pacien\u021bi confirma\u021bi cu Covid-19 pe teritoriul Rom\u00e2niei a trecut de 17.000. Totodat\u0103 am dep\u0103\u0219it 1.000 de decese. Rom\u00e2nia a ie\u0219it din starea de urgen\u021b\u0103 \u0219i se afl\u0103 acum \u00een stare de alert\u0103 pentru o perioad\u0103 de 30 de zile. Vezi mai jos cele mai recente informa\u021bii oficiale de ast\u0103zi. Toate nout\u0103\u021bile din zilele [&hellip;]<\/p>\n","protected":false},"author":6,"featured_media":6947,"comment_status":"closed","ping_status":"open","sticky":false,"template":"","format":"standard","meta":{"_acf_changed":false,"inline_featured_image":false,"ngg_post_thumbnail":0,"footnotes":""},"categories":[996,4,62],"tags":[529,657,677],"ppma_author":[22588],"class_list":["post-7372","post","type-post","status-publish","format-standard","has-post-thumbnail","hentry","category-covid-19","category-sanatate","category-stiri","tag-coronavirus","tag-coronavirus-bucuresti","tag-livetext"],"acf":[],"yoast_head":"<!-- This site is optimized with the Yoast SEO Premium plugin v25.3 (Yoast SEO v27.5) - https:\/\/yoast.com\/product\/yoast-seo-premium-wordpress\/ -->\n<title>LIVE TEXT. Coronavirus - Bucure\u0219ti, 20 mai 2020, ziua 85 - Buletin de Bucure\u0219ti<\/title>\n<meta name=\"robots\" content=\"index, follow, max-snippet:-1, max-image-preview:large, max-video-preview:-1\" \/>\n<link rel=\"canonical\" href=\"https:\/\/buletin.de\/bucuresti\/live-text-coronavirus-bucuresti-20-mai-2020-ziua-85\/\" \/>\n<meta property=\"og:locale\" content=\"en_GB\" \/>\n<meta property=\"og:type\" content=\"article\" \/>\n<meta property=\"og:title\" content=\"LIVE TEXT. Coronavirus - Bucure\u0219ti, 20 mai 2020, ziua 85\" \/>\n<meta property=\"og:description\" content=\"Num\u0103rul de pacien\u021bi confirma\u021bi cu Covid-19 pe teritoriul Rom\u00e2niei a trecut de 17.000. Totodat\u0103 am dep\u0103\u0219it 1.000 de decese. Rom\u00e2nia a ie\u0219it din starea de urgen\u021b\u0103 \u0219i se afl\u0103 acum \u00een stare de alert\u0103 pentru o perioad\u0103 de 30 de zile. Vezi mai jos cele mai recente informa\u021bii oficiale de ast\u0103zi. Toate nout\u0103\u021bile din zilele [&hellip;]\" \/>\n<meta property=\"og:url\" content=\"https:\/\/buletin.de\/bucuresti\/live-text-coronavirus-bucuresti-20-mai-2020-ziua-85\/\" \/>\n<meta property=\"og:site_name\" content=\"Buletin de Bucure\u0219ti\" \/>\n<meta property=\"article:publisher\" content=\"https:\/\/www.facebook.com\/buletin.de.buc\" \/>\n<meta property=\"article:published_time\" content=\"2020-05-20T05:55:52+00:00\" \/>\n<meta property=\"article:modified_time\" content=\"2020-05-20T16:42:13+00:00\" \/>\n<meta property=\"og:image\" content=\"https:\/\/buletin.de\/bucuresti\/wp-content\/uploads\/Screenshot_666.png\" \/>\n\t<meta property=\"og:image:width\" content=\"1919\" \/>\n\t<meta property=\"og:image:height\" content=\"987\" \/>\n\t<meta property=\"og:image:type\" content=\"image\/png\" \/>\n<meta name=\"author\" content=\"Bianca Albu\" \/>\n<meta name=\"twitter:card\" content=\"summary_large_image\" \/>\n<meta name=\"twitter:label1\" content=\"Written by\" \/>\n\t<meta name=\"twitter:data1\" content=\"Bianca Albu\" \/>\n\t<meta name=\"twitter:label2\" content=\"Estimated reading time\" \/>\n\t<meta name=\"twitter:data2\" content=\"2 minutes\" \/>\n<script type=\"application\/ld+json\" class=\"yoast-schema-graph\">{\"@context\":\"https:\\\/\\\/schema.org\",\"@graph\":[{\"@type\":\"Article\",\"@id\":\"https:\\\/\\\/buletin.de\\\/bucuresti\\\/live-text-coronavirus-bucuresti-20-mai-2020-ziua-85\\\/#article\",\"isPartOf\":{\"@id\":\"https:\\\/\\\/buletin.de\\\/bucuresti\\\/live-text-coronavirus-bucuresti-20-mai-2020-ziua-85\\\/\"},\"author\":{\"name\":\"Bianca Albu\",\"@id\":\"https:\\\/\\\/buletin.de\\\/bucuresti\\\/#\\\/schema\\\/person\\\/295dc2228d2dc79294d636619468dc7f\"},\"headline\":\"LIVE TEXT. Coronavirus &#8211; Bucure\u0219ti, 20 mai 2020, ziua 85\",\"datePublished\":\"2020-05-20T05:55:52+00:00\",\"dateModified\":\"2020-05-20T16:42:13+00:00\",\"mainEntityOfPage\":{\"@id\":\"https:\\\/\\\/buletin.de\\\/bucuresti\\\/live-text-coronavirus-bucuresti-20-mai-2020-ziua-85\\\/\"},\"wordCount\":413,\"publisher\":{\"@id\":\"https:\\\/\\\/buletin.de\\\/bucuresti\\\/#organization\"},\"image\":{\"@id\":\"https:\\\/\\\/buletin.de\\\/bucuresti\\\/live-text-coronavirus-bucuresti-20-mai-2020-ziua-85\\\/#primaryimage\"},\"thumbnailUrl\":\"https:\\\/\\\/buletin.de\\\/bucuresti\\\/wp-content\\\/uploads\\\/Screenshot_666.png\",\"keywords\":[\"coronavirus\",\"coronavirus bucuresti\",\"livetext\"],\"articleSection\":[\"Covid-19\",\"S\u0103n\u0103tate\",\"\u0218tiri\"],\"inLanguage\":\"en-GB\",\"copyrightYear\":\"2020\",\"copyrightHolder\":{\"@id\":\"https:\\\/\\\/buletin.de\\\/bucuresti\\\/#organization\"}},{\"@type\":\"WebPage\",\"@id\":\"https:\\\/\\\/buletin.de\\\/bucuresti\\\/live-text-coronavirus-bucuresti-20-mai-2020-ziua-85\\\/\",\"url\":\"https:\\\/\\\/buletin.de\\\/bucuresti\\\/live-text-coronavirus-bucuresti-20-mai-2020-ziua-85\\\/\",\"name\":\"LIVE TEXT. Coronavirus - Bucure\u0219ti, 20 mai 2020, ziua 85 - Buletin de Bucure\u0219ti\",\"isPartOf\":{\"@id\":\"https:\\\/\\\/buletin.de\\\/bucuresti\\\/#website\"},\"primaryImageOfPage\":{\"@id\":\"https:\\\/\\\/buletin.de\\\/bucuresti\\\/live-text-coronavirus-bucuresti-20-mai-2020-ziua-85\\\/#primaryimage\"},\"image\":{\"@id\":\"https:\\\/\\\/buletin.de\\\/bucuresti\\\/live-text-coronavirus-bucuresti-20-mai-2020-ziua-85\\\/#primaryimage\"},\"thumbnailUrl\":\"https:\\\/\\\/buletin.de\\\/bucuresti\\\/wp-content\\\/uploads\\\/Screenshot_666.png\",\"datePublished\":\"2020-05-20T05:55:52+00:00\",\"dateModified\":\"2020-05-20T16:42:13+00:00\",\"breadcrumb\":{\"@id\":\"https:\\\/\\\/buletin.de\\\/bucuresti\\\/live-text-coronavirus-bucuresti-20-mai-2020-ziua-85\\\/#breadcrumb\"},\"inLanguage\":\"en-GB\",\"potentialAction\":[{\"@type\":\"ReadAction\",\"target\":[\"https:\\\/\\\/buletin.de\\\/bucuresti\\\/live-text-coronavirus-bucuresti-20-mai-2020-ziua-85\\\/\"]}]},{\"@type\":\"ImageObject\",\"inLanguage\":\"en-GB\",\"@id\":\"https:\\\/\\\/buletin.de\\\/bucuresti\\\/live-text-coronavirus-bucuresti-20-mai-2020-ziua-85\\\/#primaryimage\",\"url\":\"https:\\\/\\\/buletin.de\\\/bucuresti\\\/wp-content\\\/uploads\\\/Screenshot_666.png\",\"contentUrl\":\"https:\\\/\\\/buletin.de\\\/bucuresti\\\/wp-content\\\/uploads\\\/Screenshot_666.png\",\"width\":1919,\"height\":987},{\"@type\":\"BreadcrumbList\",\"@id\":\"https:\\\/\\\/buletin.de\\\/bucuresti\\\/live-text-coronavirus-bucuresti-20-mai-2020-ziua-85\\\/#breadcrumb\",\"itemListElement\":[{\"@type\":\"ListItem\",\"position\":1,\"name\":\"Acas\u0103\",\"item\":\"https:\\\/\\\/buletin.de\\\/bucuresti\\\/\"},{\"@type\":\"ListItem\",\"position\":2,\"name\":\"LIVE TEXT. Coronavirus &#8211; Bucure\u0219ti, 20 mai 2020, ziua 85\"}]},{\"@type\":\"WebSite\",\"@id\":\"https:\\\/\\\/buletin.de\\\/bucuresti\\\/#website\",\"url\":\"https:\\\/\\\/buletin.de\\\/bucuresti\\\/\",\"name\":\"Buletin de Bucure\u0219ti\",\"description\":\"\u0218tiri \u0219i investiga\u021bii esen\u021biale din capital\u0103\",\"publisher\":{\"@id\":\"https:\\\/\\\/buletin.de\\\/bucuresti\\\/#organization\"},\"potentialAction\":[{\"@type\":\"SearchAction\",\"target\":{\"@type\":\"EntryPoint\",\"urlTemplate\":\"https:\\\/\\\/buletin.de\\\/bucuresti\\\/?s={search_term_string}\"},\"query-input\":{\"@type\":\"PropertyValueSpecification\",\"valueRequired\":true,\"valueName\":\"search_term_string\"}}],\"inLanguage\":\"en-GB\"},{\"@type\":\"Organization\",\"@id\":\"https:\\\/\\\/buletin.de\\\/bucuresti\\\/#organization\",\"name\":\"Buletin de Bucure\u0219ti\",\"url\":\"https:\\\/\\\/buletin.de\\\/bucuresti\\\/\",\"logo\":{\"@type\":\"ImageObject\",\"inLanguage\":\"en-GB\",\"@id\":\"https:\\\/\\\/buletin.de\\\/bucuresti\\\/#\\\/schema\\\/logo\\\/image\\\/\",\"url\":\"https:\\\/\\\/buletin.de\\\/bucuresti\\\/wp-content\\\/uploads\\\/logo-bdb-full-wide-vernil-transparent.png\",\"contentUrl\":\"https:\\\/\\\/buletin.de\\\/bucuresti\\\/wp-content\\\/uploads\\\/logo-bdb-full-wide-vernil-transparent.png\",\"width\":1782,\"height\":626,\"caption\":\"Buletin de Bucure\u0219ti\"},\"image\":{\"@id\":\"https:\\\/\\\/buletin.de\\\/bucuresti\\\/#\\\/schema\\\/logo\\\/image\\\/\"},\"sameAs\":[\"https:\\\/\\\/www.facebook.com\\\/buletin.de.buc\",\"https:\\\/\\\/www.instagram.com\\\/buletinde.bucuresti\\\/\"]},{\"@type\":\"Person\",\"@id\":\"https:\\\/\\\/buletin.de\\\/bucuresti\\\/#\\\/schema\\\/person\\\/295dc2228d2dc79294d636619468dc7f\",\"name\":\"Bianca Albu\",\"image\":{\"@type\":\"ImageObject\",\"inLanguage\":\"en-GB\",\"@id\":\"https:\\\/\\\/secure.gravatar.com\\\/avatar\\\/3df2e34e20f529e6fd7be4311ee1f7c4ec4aa886971590baf6fa214b15743516?s=96&d=monsterid&r=gf541c715eeec409ce8101252a3c0d8a7\",\"url\":\"https:\\\/\\\/secure.gravatar.com\\\/avatar\\\/3df2e34e20f529e6fd7be4311ee1f7c4ec4aa886971590baf6fa214b15743516?s=96&d=monsterid&r=g\",\"contentUrl\":\"https:\\\/\\\/secure.gravatar.com\\\/avatar\\\/3df2e34e20f529e6fd7be4311ee1f7c4ec4aa886971590baf6fa214b15743516?s=96&d=monsterid&r=g\",\"caption\":\"Bianca Albu\"},\"description\":\"Reporter\",\"url\":\"https:\\\/\\\/buletin.de\\\/bucuresti\\\/author\\\/biancaalbu\\\/\"}]}<\/script>\n<!-- \/ Yoast SEO Premium plugin. -->","yoast_head_json":{"title":"LIVE TEXT. Coronavirus - Bucure\u0219ti, 20 mai 2020, ziua 85 - Buletin de Bucure\u0219ti","robots":{"index":"index","follow":"follow","max-snippet":"max-snippet:-1","max-image-preview":"max-image-preview:large","max-video-preview":"max-video-preview:-1"},"canonical":"https:\/\/buletin.de\/bucuresti\/live-text-coronavirus-bucuresti-20-mai-2020-ziua-85\/","og_locale":"en_GB","og_type":"article","og_title":"LIVE TEXT. Coronavirus - Bucure\u0219ti, 20 mai 2020, ziua 85","og_description":"Num\u0103rul de pacien\u021bi confirma\u021bi cu Covid-19 pe teritoriul Rom\u00e2niei a trecut de 17.000. Totodat\u0103 am dep\u0103\u0219it 1.000 de decese. Rom\u00e2nia a ie\u0219it din starea de urgen\u021b\u0103 \u0219i se afl\u0103 acum \u00een stare de alert\u0103 pentru o perioad\u0103 de 30 de zile. Vezi mai jos cele mai recente informa\u021bii oficiale de ast\u0103zi. Toate nout\u0103\u021bile din zilele [&hellip;]","og_url":"https:\/\/buletin.de\/bucuresti\/live-text-coronavirus-bucuresti-20-mai-2020-ziua-85\/","og_site_name":"Buletin de Bucure\u0219ti","article_publisher":"https:\/\/www.facebook.com\/buletin.de.buc","article_published_time":"2020-05-20T05:55:52+00:00","article_modified_time":"2020-05-20T16:42:13+00:00","og_image":[{"width":1919,"height":987,"url":"https:\/\/buletin.de\/bucuresti\/wp-content\/uploads\/Screenshot_666.png","type":"image\/png"}],"author":"Bianca Albu","twitter_card":"summary_large_image","twitter_misc":{"Written by":"Bianca Albu","Estimated reading time":"2 minutes"},"schema":{"@context":"https:\/\/schema.org","@graph":[{"@type":"Article","@id":"https:\/\/buletin.de\/bucuresti\/live-text-coronavirus-bucuresti-20-mai-2020-ziua-85\/#article","isPartOf":{"@id":"https:\/\/buletin.de\/bucuresti\/live-text-coronavirus-bucuresti-20-mai-2020-ziua-85\/"},"author":{"name":"Bianca Albu","@id":"https:\/\/buletin.de\/bucuresti\/#\/schema\/person\/295dc2228d2dc79294d636619468dc7f"},"headline":"LIVE TEXT. Coronavirus &#8211; Bucure\u0219ti, 20 mai 2020, ziua 85","datePublished":"2020-05-20T05:55:52+00:00","dateModified":"2020-05-20T16:42:13+00:00","mainEntityOfPage":{"@id":"https:\/\/buletin.de\/bucuresti\/live-text-coronavirus-bucuresti-20-mai-2020-ziua-85\/"},"wordCount":413,"publisher":{"@id":"https:\/\/buletin.de\/bucuresti\/#organization"},"image":{"@id":"https:\/\/buletin.de\/bucuresti\/live-text-coronavirus-bucuresti-20-mai-2020-ziua-85\/#primaryimage"},"thumbnailUrl":"https:\/\/buletin.de\/bucuresti\/wp-content\/uploads\/Screenshot_666.png","keywords":["coronavirus","coronavirus bucuresti","livetext"],"articleSection":["Covid-19","S\u0103n\u0103tate","\u0218tiri"],"inLanguage":"en-GB","copyrightYear":"2020","copyrightHolder":{"@id":"https:\/\/buletin.de\/bucuresti\/#organization"}},{"@type":"WebPage","@id":"https:\/\/buletin.de\/bucuresti\/live-text-coronavirus-bucuresti-20-mai-2020-ziua-85\/","url":"https:\/\/buletin.de\/bucuresti\/live-text-coronavirus-bucuresti-20-mai-2020-ziua-85\/","name":"LIVE TEXT. Coronavirus - Bucure\u0219ti, 20 mai 2020, ziua 85 - Buletin de Bucure\u0219ti","isPartOf":{"@id":"https:\/\/buletin.de\/bucuresti\/#website"},"primaryImageOfPage":{"@id":"https:\/\/buletin.de\/bucuresti\/live-text-coronavirus-bucuresti-20-mai-2020-ziua-85\/#primaryimage"},"image":{"@id":"https:\/\/buletin.de\/bucuresti\/live-text-coronavirus-bucuresti-20-mai-2020-ziua-85\/#primaryimage"},"thumbnailUrl":"https:\/\/buletin.de\/bucuresti\/wp-content\/uploads\/Screenshot_666.png","datePublished":"2020-05-20T05:55:52+00:00","dateModified":"2020-05-20T16:42:13+00:00","breadcrumb":{"@id":"https:\/\/buletin.de\/bucuresti\/live-text-coronavirus-bucuresti-20-mai-2020-ziua-85\/#breadcrumb"},"inLanguage":"en-GB","potentialAction":[{"@type":"ReadAction","target":["https:\/\/buletin.de\/bucuresti\/live-text-coronavirus-bucuresti-20-mai-2020-ziua-85\/"]}]},{"@type":"ImageObject","inLanguage":"en-GB","@id":"https:\/\/buletin.de\/bucuresti\/live-text-coronavirus-bucuresti-20-mai-2020-ziua-85\/#primaryimage","url":"https:\/\/buletin.de\/bucuresti\/wp-content\/uploads\/Screenshot_666.png","contentUrl":"https:\/\/buletin.de\/bucuresti\/wp-content\/uploads\/Screenshot_666.png","width":1919,"height":987},{"@type":"BreadcrumbList","@id":"https:\/\/buletin.de\/bucuresti\/live-text-coronavirus-bucuresti-20-mai-2020-ziua-85\/#breadcrumb","itemListElement":[{"@type":"ListItem","position":1,"name":"Acas\u0103","item":"https:\/\/buletin.de\/bucuresti\/"},{"@type":"ListItem","position":2,"name":"LIVE TEXT. Coronavirus &#8211; Bucure\u0219ti, 20 mai 2020, ziua 85"}]},{"@type":"WebSite","@id":"https:\/\/buletin.de\/bucuresti\/#website","url":"https:\/\/buletin.de\/bucuresti\/","name":"Buletin de Bucure\u0219ti","description":"\u0218tiri \u0219i investiga\u021bii esen\u021biale din capital\u0103","publisher":{"@id":"https:\/\/buletin.de\/bucuresti\/#organization"},"potentialAction":[{"@type":"SearchAction","target":{"@type":"EntryPoint","urlTemplate":"https:\/\/buletin.de\/bucuresti\/?s={search_term_string}"},"query-input":{"@type":"PropertyValueSpecification","valueRequired":true,"valueName":"search_term_string"}}],"inLanguage":"en-GB"},{"@type":"Organization","@id":"https:\/\/buletin.de\/bucuresti\/#organization","name":"Buletin de Bucure\u0219ti","url":"https:\/\/buletin.de\/bucuresti\/","logo":{"@type":"ImageObject","inLanguage":"en-GB","@id":"https:\/\/buletin.de\/bucuresti\/#\/schema\/logo\/image\/","url":"https:\/\/buletin.de\/bucuresti\/wp-content\/uploads\/logo-bdb-full-wide-vernil-transparent.png","contentUrl":"https:\/\/buletin.de\/bucuresti\/wp-content\/uploads\/logo-bdb-full-wide-vernil-transparent.png","width":1782,"height":626,"caption":"Buletin de Bucure\u0219ti"},"image":{"@id":"https:\/\/buletin.de\/bucuresti\/#\/schema\/logo\/image\/"},"sameAs":["https:\/\/www.facebook.com\/buletin.de.buc","https:\/\/www.instagram.com\/buletinde.bucuresti\/"]},{"@type":"Person","@id":"https:\/\/buletin.de\/bucuresti\/#\/schema\/person\/295dc2228d2dc79294d636619468dc7f","name":"Bianca Albu","image":{"@type":"ImageObject","inLanguage":"en-GB","@id":"https:\/\/secure.gravatar.com\/avatar\/3df2e34e20f529e6fd7be4311ee1f7c4ec4aa886971590baf6fa214b15743516?s=96&d=monsterid&r=gf541c715eeec409ce8101252a3c0d8a7","url":"https:\/\/secure.gravatar.com\/avatar\/3df2e34e20f529e6fd7be4311ee1f7c4ec4aa886971590baf6fa214b15743516?s=96&d=monsterid&r=g","contentUrl":"https:\/\/secure.gravatar.com\/avatar\/3df2e34e20f529e6fd7be4311ee1f7c4ec4aa886971590baf6fa214b15743516?s=96&d=monsterid&r=g","caption":"Bianca Albu"},"description":"Reporter","url":"https:\/\/buletin.de\/bucuresti\/author\/biancaalbu\/"}]}},"authors":[{"term_id":22588,"user_id":6,"is_guest":0,"slug":"biancaalbu","display_name":"Bianca Albu","avatar_url":"https:\/\/secure.gravatar.com\/avatar\/3df2e34e20f529e6fd7be4311ee1f7c4ec4aa886971590baf6fa214b15743516?s=96&d=monsterid&r=g","0":null,"1":"","2":"","3":"","4":"","5":"","6":"","7":"","8":""}],"_links":{"self":[{"href":"https:\/\/buletin.de\/bucuresti\/wp-json\/wp\/v2\/posts\/7372","targetHints":{"allow":["GET"]}}],"collection":[{"href":"https:\/\/buletin.de\/bucuresti\/wp-json\/wp\/v2\/posts"}],"about":[{"href":"https:\/\/buletin.de\/bucuresti\/wp-json\/wp\/v2\/types\/post"}],"author":[{"embeddable":true,"href":"https:\/\/buletin.de\/bucuresti\/wp-json\/wp\/v2\/users\/6"}],"replies":[{"embeddable":true,"href":"https:\/\/buletin.de\/bucuresti\/wp-json\/wp\/v2\/comments?post=7372"}],"version-history":[{"count":3,"href":"https:\/\/buletin.de\/bucuresti\/wp-json\/wp\/v2\/posts\/7372\/revisions"}],"predecessor-version":[{"id":7411,"href":"https:\/\/buletin.de\/bucuresti\/wp-json\/wp\/v2\/posts\/7372\/revisions\/7411"}],"wp:featuredmedia":[{"embeddable":true,"href":"https:\/\/buletin.de\/bucuresti\/wp-json\/wp\/v2\/media\/6947"}],"wp:attachment":[{"href":"https:\/\/buletin.de\/bucuresti\/wp-json\/wp\/v2\/media?parent=7372"}],"wp:term":[{"taxonomy":"category","embeddable":true,"href":"https:\/\/buletin.de\/bucuresti\/wp-json\/wp\/v2\/categories?post=7372"},{"taxonomy":"post_tag","embeddable":true,"href":"https:\/\/buletin.de\/bucuresti\/wp-json\/wp\/v2\/tags?post=7372"},{"taxonomy":"author","embeddable":true,"href":"https:\/\/buletin.de\/bucuresti\/wp-json\/wp\/v2\/ppma_author?post=7372"}],"curies":[{"name":"wp","href":"https:\/\/api.w.org\/{rel}","templated":true}]}}