{"id":7369,"date":"2020-05-20T08:29:26","date_gmt":"2020-05-20T05:29:26","guid":{"rendered":"https:\/\/buletin.de\/bucuresti\/?p=7369"},"modified":"2020-05-22T13:34:34","modified_gmt":"2020-05-22T10:34:34","slug":"a-murit-ips-pimen","status":"publish","type":"post","link":"https:\/\/buletin.de\/bucuresti\/a-murit-ips-pimen\/","title":{"rendered":"A murit IPS Pimen"},"content":{"rendered":"\n<p><strong>Arhiepiscopul Pimen al Sucevei \u0219i R\u0103d\u0103u\u021bilor a murit \u00een aceast\u0103 noapte, \u00een jurul orei 0:50 la Institutul \u201eMatei Bal\u0219\u201d din  Capital\u0103, \u00een urma unui al doilea atac de cord<\/strong>, dup\u0103 cum informeaz\u0103 agen\u021bia de \u0219tiri a Patriarhiei Rom\u00e2ne, basilica.ro. <\/p>\n\n\n\n<p>Din cauza infect\u0103rii cu noul coronavirus, ierarhul fusese transportat  de la Suceava la Bucure\u0219ti cu un elicopter SMURD pe data de 20 aprilie.  \u00cen urma complica\u021biilor pulmonare ap\u0103rute, p\u0103rintele arhiepiscop \u00een  v\u00e2rst\u0103 de 90 de ani fost intubat, iar autorit\u0103\u021bile medicale au p\u0103strat confiden\u021bialitatea \u00een privin\u021ba st\u0103rii sale de s\u0103n\u0103tate. <\/p>\n\n\n\n<p>Foto credit: Basilica.ro \/ Raluca Ene<\/p>\n\n\n\n<p><\/p>\n","protected":false},"excerpt":{"rendered":"<p>Arhiepiscopul Pimen al Sucevei \u0219i R\u0103d\u0103u\u021bilor a murit \u00een aceast\u0103 noapte, \u00een jurul orei 0:50 la Institutul \u201eMatei Bal\u0219\u201d din Capital\u0103, \u00een urma unui al doilea atac de cord, dup\u0103 cum informeaz\u0103 agen\u021bia de \u0219tiri a Patriarhiei Rom\u00e2ne, basilica.ro. Din cauza infect\u0103rii cu noul coronavirus, ierarhul fusese transportat de la Suceava la Bucure\u0219ti cu un [&hellip;]<\/p>\n","protected":false},"author":2,"featured_media":7370,"comment_status":"closed","ping_status":"open","sticky":false,"template":"","format":"standard","meta":{"_acf_changed":false,"inline_featured_image":false,"ngg_post_thumbnail":0,"footnotes":""},"categories":[1],"tags":[],"ppma_author":[22584],"class_list":["post-7369","post","type-post","status-publish","format-standard","has-post-thumbnail","hentry","category-diverse"],"acf":[],"yoast_head":"<!-- This site is optimized with the Yoast SEO Premium plugin v25.3 (Yoast SEO v27.5) - https:\/\/yoast.com\/product\/yoast-seo-premium-wordpress\/ -->\n<title>A murit IPS Pimen - Buletin de Bucure\u0219ti<\/title>\n<meta name=\"robots\" content=\"index, follow, max-snippet:-1, max-image-preview:large, max-video-preview:-1\" \/>\n<link rel=\"canonical\" href=\"https:\/\/buletin.de\/bucuresti\/a-murit-ips-pimen\/\" \/>\n<meta property=\"og:locale\" content=\"en_GB\" \/>\n<meta property=\"og:type\" content=\"article\" \/>\n<meta property=\"og:title\" content=\"A murit IPS Pimen\" \/>\n<meta property=\"og:description\" content=\"Arhiepiscopul Pimen al Sucevei \u0219i R\u0103d\u0103u\u021bilor a murit \u00een aceast\u0103 noapte, \u00een jurul orei 0:50 la Institutul \u201eMatei Bal\u0219\u201d din Capital\u0103, \u00een urma unui al doilea atac de cord, dup\u0103 cum informeaz\u0103 agen\u021bia de \u0219tiri a Patriarhiei Rom\u00e2ne, basilica.ro. Din cauza infect\u0103rii cu noul coronavirus, ierarhul fusese transportat de la Suceava la Bucure\u0219ti cu un [&hellip;]\" \/>\n<meta property=\"og:url\" content=\"https:\/\/buletin.de\/bucuresti\/a-murit-ips-pimen\/\" \/>\n<meta property=\"og:site_name\" content=\"Buletin de Bucure\u0219ti\" \/>\n<meta property=\"article:publisher\" content=\"https:\/\/www.facebook.com\/buletin.de.buc\" \/>\n<meta property=\"article:published_time\" content=\"2020-05-20T05:29:26+00:00\" \/>\n<meta property=\"article:modified_time\" content=\"2020-05-22T10:34:34+00:00\" \/>\n<meta property=\"og:image\" content=\"https:\/\/buletin.de\/bucuresti\/wp-content\/uploads\/pimen.jpg\" \/>\n\t<meta property=\"og:image:width\" content=\"1900\" \/>\n\t<meta property=\"og:image:height\" content=\"1069\" \/>\n\t<meta property=\"og:image:type\" content=\"image\/jpeg\" \/>\n<meta name=\"author\" content=\"Oana Despa\" \/>\n<meta name=\"twitter:card\" content=\"summary_large_image\" \/>\n<meta name=\"twitter:label1\" content=\"Written by\" \/>\n\t<meta name=\"twitter:data1\" content=\"Oana Despa\" \/>\n\t<meta name=\"twitter:label2\" content=\"Estimated reading time\" \/>\n\t<meta name=\"twitter:data2\" content=\"1 minute\" \/>\n<script type=\"application\/ld+json\" class=\"yoast-schema-graph\">{\"@context\":\"https:\\\/\\\/schema.org\",\"@graph\":[{\"@type\":\"Article\",\"@id\":\"https:\\\/\\\/buletin.de\\\/bucuresti\\\/a-murit-ips-pimen\\\/#article\",\"isPartOf\":{\"@id\":\"https:\\\/\\\/buletin.de\\\/bucuresti\\\/a-murit-ips-pimen\\\/\"},\"author\":{\"name\":\"Oana Despa\",\"@id\":\"https:\\\/\\\/buletin.de\\\/bucuresti\\\/#\\\/schema\\\/person\\\/f02780e5e00039cf0bc1d929798d0239\"},\"headline\":\"A murit IPS Pimen\",\"datePublished\":\"2020-05-20T05:29:26+00:00\",\"dateModified\":\"2020-05-22T10:34:34+00:00\",\"mainEntityOfPage\":{\"@id\":\"https:\\\/\\\/buletin.de\\\/bucuresti\\\/a-murit-ips-pimen\\\/\"},\"wordCount\":115,\"publisher\":{\"@id\":\"https:\\\/\\\/buletin.de\\\/bucuresti\\\/#organization\"},\"image\":{\"@id\":\"https:\\\/\\\/buletin.de\\\/bucuresti\\\/a-murit-ips-pimen\\\/#primaryimage\"},\"thumbnailUrl\":\"https:\\\/\\\/buletin.de\\\/bucuresti\\\/wp-content\\\/uploads\\\/pimen.jpg\",\"articleSection\":[\"Diverse\"],\"inLanguage\":\"en-GB\",\"copyrightYear\":\"2020\",\"copyrightHolder\":{\"@id\":\"https:\\\/\\\/buletin.de\\\/bucuresti\\\/#organization\"}},{\"@type\":\"WebPage\",\"@id\":\"https:\\\/\\\/buletin.de\\\/bucuresti\\\/a-murit-ips-pimen\\\/\",\"url\":\"https:\\\/\\\/buletin.de\\\/bucuresti\\\/a-murit-ips-pimen\\\/\",\"name\":\"A murit IPS Pimen - Buletin de Bucure\u0219ti\",\"isPartOf\":{\"@id\":\"https:\\\/\\\/buletin.de\\\/bucuresti\\\/#website\"},\"primaryImageOfPage\":{\"@id\":\"https:\\\/\\\/buletin.de\\\/bucuresti\\\/a-murit-ips-pimen\\\/#primaryimage\"},\"image\":{\"@id\":\"https:\\\/\\\/buletin.de\\\/bucuresti\\\/a-murit-ips-pimen\\\/#primaryimage\"},\"thumbnailUrl\":\"https:\\\/\\\/buletin.de\\\/bucuresti\\\/wp-content\\\/uploads\\\/pimen.jpg\",\"datePublished\":\"2020-05-20T05:29:26+00:00\",\"dateModified\":\"2020-05-22T10:34:34+00:00\",\"breadcrumb\":{\"@id\":\"https:\\\/\\\/buletin.de\\\/bucuresti\\\/a-murit-ips-pimen\\\/#breadcrumb\"},\"inLanguage\":\"en-GB\",\"potentialAction\":[{\"@type\":\"ReadAction\",\"target\":[\"https:\\\/\\\/buletin.de\\\/bucuresti\\\/a-murit-ips-pimen\\\/\"]}]},{\"@type\":\"ImageObject\",\"inLanguage\":\"en-GB\",\"@id\":\"https:\\\/\\\/buletin.de\\\/bucuresti\\\/a-murit-ips-pimen\\\/#primaryimage\",\"url\":\"https:\\\/\\\/buletin.de\\\/bucuresti\\\/wp-content\\\/uploads\\\/pimen.jpg\",\"contentUrl\":\"https:\\\/\\\/buletin.de\\\/bucuresti\\\/wp-content\\\/uploads\\\/pimen.jpg\",\"width\":1900,\"height\":1069},{\"@type\":\"BreadcrumbList\",\"@id\":\"https:\\\/\\\/buletin.de\\\/bucuresti\\\/a-murit-ips-pimen\\\/#breadcrumb\",\"itemListElement\":[{\"@type\":\"ListItem\",\"position\":1,\"name\":\"Acas\u0103\",\"item\":\"https:\\\/\\\/buletin.de\\\/bucuresti\\\/\"},{\"@type\":\"ListItem\",\"position\":2,\"name\":\"A murit IPS Pimen\"}]},{\"@type\":\"WebSite\",\"@id\":\"https:\\\/\\\/buletin.de\\\/bucuresti\\\/#website\",\"url\":\"https:\\\/\\\/buletin.de\\\/bucuresti\\\/\",\"name\":\"Buletin de Bucure\u0219ti\",\"description\":\"\u0218tiri \u0219i investiga\u021bii esen\u021biale din capital\u0103\",\"publisher\":{\"@id\":\"https:\\\/\\\/buletin.de\\\/bucuresti\\\/#organization\"},\"potentialAction\":[{\"@type\":\"SearchAction\",\"target\":{\"@type\":\"EntryPoint\",\"urlTemplate\":\"https:\\\/\\\/buletin.de\\\/bucuresti\\\/?s={search_term_string}\"},\"query-input\":{\"@type\":\"PropertyValueSpecification\",\"valueRequired\":true,\"valueName\":\"search_term_string\"}}],\"inLanguage\":\"en-GB\"},{\"@type\":\"Organization\",\"@id\":\"https:\\\/\\\/buletin.de\\\/bucuresti\\\/#organization\",\"name\":\"Buletin de Bucure\u0219ti\",\"url\":\"https:\\\/\\\/buletin.de\\\/bucuresti\\\/\",\"logo\":{\"@type\":\"ImageObject\",\"inLanguage\":\"en-GB\",\"@id\":\"https:\\\/\\\/buletin.de\\\/bucuresti\\\/#\\\/schema\\\/logo\\\/image\\\/\",\"url\":\"https:\\\/\\\/buletin.de\\\/bucuresti\\\/wp-content\\\/uploads\\\/logo-bdb-full-wide-vernil-transparent.png\",\"contentUrl\":\"https:\\\/\\\/buletin.de\\\/bucuresti\\\/wp-content\\\/uploads\\\/logo-bdb-full-wide-vernil-transparent.png\",\"width\":1782,\"height\":626,\"caption\":\"Buletin de Bucure\u0219ti\"},\"image\":{\"@id\":\"https:\\\/\\\/buletin.de\\\/bucuresti\\\/#\\\/schema\\\/logo\\\/image\\\/\"},\"sameAs\":[\"https:\\\/\\\/www.facebook.com\\\/buletin.de.buc\",\"https:\\\/\\\/www.instagram.com\\\/buletinde.bucuresti\\\/\"]},{\"@type\":\"Person\",\"@id\":\"https:\\\/\\\/buletin.de\\\/bucuresti\\\/#\\\/schema\\\/person\\\/f02780e5e00039cf0bc1d929798d0239\",\"name\":\"Oana Despa\",\"image\":{\"@type\":\"ImageObject\",\"inLanguage\":\"en-GB\",\"@id\":\"https:\\\/\\\/secure.gravatar.com\\\/avatar\\\/315d42f2ee19dcce5c47d87713af9f3ec85494d7026ca420f44668b51324357e?s=96&d=monsterid&r=g9679e8786333bebe875735ec1e7b81f0\",\"url\":\"https:\\\/\\\/secure.gravatar.com\\\/avatar\\\/315d42f2ee19dcce5c47d87713af9f3ec85494d7026ca420f44668b51324357e?s=96&d=monsterid&r=g\",\"contentUrl\":\"https:\\\/\\\/secure.gravatar.com\\\/avatar\\\/315d42f2ee19dcce5c47d87713af9f3ec85494d7026ca420f44668b51324357e?s=96&d=monsterid&r=g\",\"caption\":\"Oana Despa\"},\"description\":\"Editor\",\"url\":\"https:\\\/\\\/buletin.de\\\/bucuresti\\\/author\\\/oanadespa\\\/\"}]}<\/script>\n<!-- \/ Yoast SEO Premium plugin. -->","yoast_head_json":{"title":"A murit IPS Pimen - Buletin de Bucure\u0219ti","robots":{"index":"index","follow":"follow","max-snippet":"max-snippet:-1","max-image-preview":"max-image-preview:large","max-video-preview":"max-video-preview:-1"},"canonical":"https:\/\/buletin.de\/bucuresti\/a-murit-ips-pimen\/","og_locale":"en_GB","og_type":"article","og_title":"A murit IPS Pimen","og_description":"Arhiepiscopul Pimen al Sucevei \u0219i R\u0103d\u0103u\u021bilor a murit \u00een aceast\u0103 noapte, \u00een jurul orei 0:50 la Institutul \u201eMatei Bal\u0219\u201d din Capital\u0103, \u00een urma unui al doilea atac de cord, dup\u0103 cum informeaz\u0103 agen\u021bia de \u0219tiri a Patriarhiei Rom\u00e2ne, basilica.ro. Din cauza infect\u0103rii cu noul coronavirus, ierarhul fusese transportat de la Suceava la Bucure\u0219ti cu un [&hellip;]","og_url":"https:\/\/buletin.de\/bucuresti\/a-murit-ips-pimen\/","og_site_name":"Buletin de Bucure\u0219ti","article_publisher":"https:\/\/www.facebook.com\/buletin.de.buc","article_published_time":"2020-05-20T05:29:26+00:00","article_modified_time":"2020-05-22T10:34:34+00:00","og_image":[{"width":1900,"height":1069,"url":"https:\/\/buletin.de\/bucuresti\/wp-content\/uploads\/pimen.jpg","type":"image\/jpeg"}],"author":"Oana Despa","twitter_card":"summary_large_image","twitter_misc":{"Written by":"Oana Despa","Estimated reading time":"1 minute"},"schema":{"@context":"https:\/\/schema.org","@graph":[{"@type":"Article","@id":"https:\/\/buletin.de\/bucuresti\/a-murit-ips-pimen\/#article","isPartOf":{"@id":"https:\/\/buletin.de\/bucuresti\/a-murit-ips-pimen\/"},"author":{"name":"Oana Despa","@id":"https:\/\/buletin.de\/bucuresti\/#\/schema\/person\/f02780e5e00039cf0bc1d929798d0239"},"headline":"A murit IPS Pimen","datePublished":"2020-05-20T05:29:26+00:00","dateModified":"2020-05-22T10:34:34+00:00","mainEntityOfPage":{"@id":"https:\/\/buletin.de\/bucuresti\/a-murit-ips-pimen\/"},"wordCount":115,"publisher":{"@id":"https:\/\/buletin.de\/bucuresti\/#organization"},"image":{"@id":"https:\/\/buletin.de\/bucuresti\/a-murit-ips-pimen\/#primaryimage"},"thumbnailUrl":"https:\/\/buletin.de\/bucuresti\/wp-content\/uploads\/pimen.jpg","articleSection":["Diverse"],"inLanguage":"en-GB","copyrightYear":"2020","copyrightHolder":{"@id":"https:\/\/buletin.de\/bucuresti\/#organization"}},{"@type":"WebPage","@id":"https:\/\/buletin.de\/bucuresti\/a-murit-ips-pimen\/","url":"https:\/\/buletin.de\/bucuresti\/a-murit-ips-pimen\/","name":"A murit IPS Pimen - Buletin de Bucure\u0219ti","isPartOf":{"@id":"https:\/\/buletin.de\/bucuresti\/#website"},"primaryImageOfPage":{"@id":"https:\/\/buletin.de\/bucuresti\/a-murit-ips-pimen\/#primaryimage"},"image":{"@id":"https:\/\/buletin.de\/bucuresti\/a-murit-ips-pimen\/#primaryimage"},"thumbnailUrl":"https:\/\/buletin.de\/bucuresti\/wp-content\/uploads\/pimen.jpg","datePublished":"2020-05-20T05:29:26+00:00","dateModified":"2020-05-22T10:34:34+00:00","breadcrumb":{"@id":"https:\/\/buletin.de\/bucuresti\/a-murit-ips-pimen\/#breadcrumb"},"inLanguage":"en-GB","potentialAction":[{"@type":"ReadAction","target":["https:\/\/buletin.de\/bucuresti\/a-murit-ips-pimen\/"]}]},{"@type":"ImageObject","inLanguage":"en-GB","@id":"https:\/\/buletin.de\/bucuresti\/a-murit-ips-pimen\/#primaryimage","url":"https:\/\/buletin.de\/bucuresti\/wp-content\/uploads\/pimen.jpg","contentUrl":"https:\/\/buletin.de\/bucuresti\/wp-content\/uploads\/pimen.jpg","width":1900,"height":1069},{"@type":"BreadcrumbList","@id":"https:\/\/buletin.de\/bucuresti\/a-murit-ips-pimen\/#breadcrumb","itemListElement":[{"@type":"ListItem","position":1,"name":"Acas\u0103","item":"https:\/\/buletin.de\/bucuresti\/"},{"@type":"ListItem","position":2,"name":"A murit IPS Pimen"}]},{"@type":"WebSite","@id":"https:\/\/buletin.de\/bucuresti\/#website","url":"https:\/\/buletin.de\/bucuresti\/","name":"Buletin de Bucure\u0219ti","description":"\u0218tiri \u0219i investiga\u021bii esen\u021biale din capital\u0103","publisher":{"@id":"https:\/\/buletin.de\/bucuresti\/#organization"},"potentialAction":[{"@type":"SearchAction","target":{"@type":"EntryPoint","urlTemplate":"https:\/\/buletin.de\/bucuresti\/?s={search_term_string}"},"query-input":{"@type":"PropertyValueSpecification","valueRequired":true,"valueName":"search_term_string"}}],"inLanguage":"en-GB"},{"@type":"Organization","@id":"https:\/\/buletin.de\/bucuresti\/#organization","name":"Buletin de Bucure\u0219ti","url":"https:\/\/buletin.de\/bucuresti\/","logo":{"@type":"ImageObject","inLanguage":"en-GB","@id":"https:\/\/buletin.de\/bucuresti\/#\/schema\/logo\/image\/","url":"https:\/\/buletin.de\/bucuresti\/wp-content\/uploads\/logo-bdb-full-wide-vernil-transparent.png","contentUrl":"https:\/\/buletin.de\/bucuresti\/wp-content\/uploads\/logo-bdb-full-wide-vernil-transparent.png","width":1782,"height":626,"caption":"Buletin de Bucure\u0219ti"},"image":{"@id":"https:\/\/buletin.de\/bucuresti\/#\/schema\/logo\/image\/"},"sameAs":["https:\/\/www.facebook.com\/buletin.de.buc","https:\/\/www.instagram.com\/buletinde.bucuresti\/"]},{"@type":"Person","@id":"https:\/\/buletin.de\/bucuresti\/#\/schema\/person\/f02780e5e00039cf0bc1d929798d0239","name":"Oana Despa","image":{"@type":"ImageObject","inLanguage":"en-GB","@id":"https:\/\/secure.gravatar.com\/avatar\/315d42f2ee19dcce5c47d87713af9f3ec85494d7026ca420f44668b51324357e?s=96&d=monsterid&r=g9679e8786333bebe875735ec1e7b81f0","url":"https:\/\/secure.gravatar.com\/avatar\/315d42f2ee19dcce5c47d87713af9f3ec85494d7026ca420f44668b51324357e?s=96&d=monsterid&r=g","contentUrl":"https:\/\/secure.gravatar.com\/avatar\/315d42f2ee19dcce5c47d87713af9f3ec85494d7026ca420f44668b51324357e?s=96&d=monsterid&r=g","caption":"Oana Despa"},"description":"Editor","url":"https:\/\/buletin.de\/bucuresti\/author\/oanadespa\/"}]}},"authors":[{"term_id":22584,"user_id":2,"is_guest":0,"slug":"oanadespa","display_name":"Oana Despa","avatar_url":"https:\/\/secure.gravatar.com\/avatar\/315d42f2ee19dcce5c47d87713af9f3ec85494d7026ca420f44668b51324357e?s=96&d=monsterid&r=g","0":null,"1":"","2":"","3":"","4":"","5":"","6":"","7":"","8":""}],"_links":{"self":[{"href":"https:\/\/buletin.de\/bucuresti\/wp-json\/wp\/v2\/posts\/7369","targetHints":{"allow":["GET"]}}],"collection":[{"href":"https:\/\/buletin.de\/bucuresti\/wp-json\/wp\/v2\/posts"}],"about":[{"href":"https:\/\/buletin.de\/bucuresti\/wp-json\/wp\/v2\/types\/post"}],"author":[{"embeddable":true,"href":"https:\/\/buletin.de\/bucuresti\/wp-json\/wp\/v2\/users\/2"}],"replies":[{"embeddable":true,"href":"https:\/\/buletin.de\/bucuresti\/wp-json\/wp\/v2\/comments?post=7369"}],"version-history":[{"count":1,"href":"https:\/\/buletin.de\/bucuresti\/wp-json\/wp\/v2\/posts\/7369\/revisions"}],"predecessor-version":[{"id":7371,"href":"https:\/\/buletin.de\/bucuresti\/wp-json\/wp\/v2\/posts\/7369\/revisions\/7371"}],"wp:featuredmedia":[{"embeddable":true,"href":"https:\/\/buletin.de\/bucuresti\/wp-json\/wp\/v2\/media\/7370"}],"wp:attachment":[{"href":"https:\/\/buletin.de\/bucuresti\/wp-json\/wp\/v2\/media?parent=7369"}],"wp:term":[{"taxonomy":"category","embeddable":true,"href":"https:\/\/buletin.de\/bucuresti\/wp-json\/wp\/v2\/categories?post=7369"},{"taxonomy":"post_tag","embeddable":true,"href":"https:\/\/buletin.de\/bucuresti\/wp-json\/wp\/v2\/tags?post=7369"},{"taxonomy":"author","embeddable":true,"href":"https:\/\/buletin.de\/bucuresti\/wp-json\/wp\/v2\/ppma_author?post=7369"}],"curies":[{"name":"wp","href":"https:\/\/api.w.org\/{rel}","templated":true}]}}