{"id":73606,"date":"2024-01-04T13:37:26","date_gmt":"2024-01-04T11:37:26","guid":{"rendered":"https:\/\/buletin.de\/bucuresti\/?p=73606"},"modified":"2024-01-04T22:00:04","modified_gmt":"2024-01-04T20:00:04","slug":"universitatile-din-bucuresti-la-coada-clasamentului-mondial-de-altfel-doar-doua-prind-topul","status":"publish","type":"post","link":"https:\/\/buletin.de\/bucuresti\/universitatile-din-bucuresti-la-coada-clasamentului-mondial-de-altfel-doar-doua-prind-topul\/","title":{"rendered":"Universit\u0103\u0163ile din Bucure\u015fti, la coada clasamentului mondial. De altfel, doar dou\u0103 prind topul"},"content":{"rendered":"\n<p><strong>Universitatea din Bucure\u015fti \u015fi Politehnica din Bucure\u015fti sunt singurele institu\u0163ii de \u00eenv\u0103\u0163\u0103m\u00e2nt superior din Capital\u0103 care sunt men\u0163ionate \u00een topul QS World University Rankings pe 2024, un prestigios clasament interna\u0163ional. Locurile UB \u015fi UPB nu sunt deloc onorabile: 851-900 \u015fi 1201-1400. <\/strong><\/p>\n\n\n\n<p>Clasamentul universit\u0103\u021bilor din Rom\u00e2nia, conform <a href=\"https:\/\/www.topuniversities.com\/qs-world-university-rankings\/methodology\">QS World University Rankings<\/a>:<\/p>\n\n\n\n<ul class=\"wp-block-list\">\n<li>Universitatea Babe\u0219-Bolyai din Cluj (801-850)<\/li>\n\n\n\n<li><strong>Universitatea din Bucure\u0219ti (851-900)<\/strong><\/li>\n\n\n\n<li>Universitatea Alexandru Ioan Cuza din Ia\u0219i (1201-1400)<\/li>\n\n\n\n<li>Universitatea Lucian Blaga din Sibiu (1201-1400)<\/li>\n\n\n\n<li>Universitatea \u0218tefan cel Mare din Suceava (1201-1400)<\/li>\n\n\n\n<li>Universitatea Tehnic\u0103 din Cluj-Napoca (1201-1400)<\/li>\n\n\n\n<li>Universitatea Transilvania din Bra\u0219ov (1201-1400)<\/li>\n\n\n\n<li>Universitatea de Vest din Timi\u0219oara (1201-1400)<\/li>\n\n\n\n<li><strong>Universitatea Politehnica din Bucure\u0219ti (1201-1400)<\/strong><\/li>\n\n\n\n<li>Universitatea Politehnica din Timi\u0219oara (1401+)<\/li>\n\n\n\n<li>Universitatea din Craiova (1401+)<\/li>\n\n\n\n<li>Universitatea din Oradea (1401+)<\/li>\n<\/ul>\n\n\n\n<p>Metodologia folosit\u0103 anul acesta pentru realizarea rankingului a suferit ni\u0219te schimb\u0103ri comparativ cu edi\u021biile precedente, fiind introdu\u0219i trei noi parametri: <strong>sustenabilitatea, oportunit\u0103\u021bile de angajare \u0219i re\u021beaua interna\u021bional\u0103 de cercetare.<\/strong> <\/p>\n\n\n\n<p>Rezultatele se bazeaz\u0103 pe analiza a peste 17,5 milioane de lucr\u0103ri academice \u0219i pe opiniile a peste 240.000 de cadre didactice \u0219i angajatori.<\/p>\n\n\n\n<p>Topul este condus de prestigioasele Massachusetts Institute of Technology din Statele Unite \u015fi Cambridge \u015fi Oxford din Marea Britanie.<\/p>\n\n\n\n<p>De\u015fi prestigios \u015fi citat \u00een diverse medii academice, acest top este deseori <a href=\"https:\/\/en.wikipedia.org\/wiki\/QS_World_University_Rankings\">criticat <\/a>pentru metoda subiectiv\u0103 de clasificare \u015fi pentru intervalele mari din a doua jum\u0103tate a clasamentului.<\/p>\n\n\n\n<h2 class=\"wp-block-heading\">Metarankingul Universitar 2023<\/h2>\n\n\n\n<p><a href=\"https:\/\/buletin.de\/bucuresti\/topul-universitatilor-facut-de-ardeleni-bucurestiul-ocupa-trei-locuri-pe-podium-dar-fara-sa-prinda-locul-i\/\">Edi\u021bia din 2023 a Metarankingului Universitar, \u00eentocmit sub egida Centrului Qualitas al UBB, prezint\u0103 rezultate similare cu cele ale clasamentului QS<\/a>. Universitatea din Bucure\u0219ti se claseaz\u0103 tot pe a doua pozi\u021bie, primul loc fiind ocupat de Universitatea Babe\u0219 -Bolyai din Cluj. \u00cen continuare, podiumul este \u00eemp\u0103r\u021bit de Universitatea de Medicin\u0103 \u0219i Farmacie \u201eCarol Davila\u201d \u0219i Politehnica Bucure\u015fti. Ambele institu\u021bii au ob\u0163inut acela\u0219i punctaj (18 p), \u0219i implicit pozi\u021bia a treia.<\/p>\n\n\n\n<p>Una dintre diferen\u021bele notabile este c\u0103 medicina nu a fost inclus\u0103 \u00een topul global: dac\u0103 \u00een <a href=\"https:\/\/qa.ubbcluj.ro\/documents\/calitate_competitivitate\/Metaranking_Universitar_2023_Clasamentul-Universitatilor-Romanesti.pdf\">clasamentul rom\u00e2nesc <\/a>Universitatea \u201eCarol Davila\u201d se claseaz\u0103 pe locul 3, \u00een QS World University Rankings, institu\u021bia nu figureaz\u0103 deloc.<\/p>\n\n\n\n<p>Top 10 universit\u0103\u021bi incluse \u00een Metarankingul Universitar:<\/p>\n\n\n\n<p>1. Universitatea Babe\u0219-Bolyai din Cluj-Napoca \u2013 22 p<\/p>\n\n\n\n<p><strong>2. Universitatea din Bucure\u0219ti \u2013 19 p<\/strong><\/p>\n\n\n\n<p><strong>3. Universitatea de Medicin\u0103 \u0219i Farmacie \u201eCarol Davila\u201d Bucure\u0219ti \u2013 18 p<\/strong><\/p>\n\n\n\n<p><strong>3. Universitatea Politehnica Bucure\u0219ti \u2013 18 p<\/strong><\/p>\n\n\n\n<p>4. Universitatea de Medicin\u0103 \u0219i Farmacie \u201eIuliu Ha\u021bieganu\u201d Cluj-Napoca -15 p<\/p>\n\n\n\n<p>4. Universitatea \u201eTransilvania\u201d din Bra\u0219ov \u2013 15 p<\/p>\n\n\n\n<p>5. Universitatea \u201eAlexandru Ioan Cuza\u201d din Ia\u0219i \u2013 14 p<\/p>\n\n\n\n<p>6. Universitatea de Vest din Timi\u0219oara -11 p<\/p>\n\n\n\n<p>7. Universitatea Tehnic\u0103 din Cluj-Napoca \u2013 10 p<\/p>\n\n\n\n<p><strong>8. Academia de Studii Economice din Bucure\u0219ti \u2013 9 p<\/strong><\/p>\n\n\n\n<p>9. Universitatea Tehnic\u0103 \u201eGheorghe Asachi\u201d din Ia\u0219i \u2013 8 p<\/p>\n\n\n\n<p>10. Universitatea Politehnica Timi\u0219oara \u2013 7 p<\/p>\n\n\n\n<p>\u00cenv\u0103\u021b\u0103m\u00e2ntul superior acreditat, la nivel na\u021bional \u00eensumeaz\u0103: 45 de institu\u021bii publice, 34 institu\u021bii private, 9 institu\u021bii militare \u0219i trei institu\u021bii acreditate provizoriu. C\u00e2t despre oferta educa\u021bional\u0103 a Bucure\u0219tiului, \u00een Capital\u0103 se reg\u0103sesc: 13 universit\u0103\u021bi de stat, 15 private, respectiv 4 institu\u021bii militare, conform&nbsp;<a href=\"https:\/\/www.edu.ro\/institutii-invatamant-superior\">informa\u021biilor publicate pe site-ul Ministerului<\/a>.<\/p>\n","protected":false},"excerpt":{"rendered":"<p>Universitatea din Bucure\u015fti \u015fi Politehnica din Bucure\u015fti sunt singurele institu\u0163ii de \u00eenv\u0103\u0163\u0103m\u00e2nt superior din Capital\u0103 care sunt men\u0163ionate \u00een topul QS World University Rankings pe 2024, un prestigios clasament interna\u0163ional. Locurile UB \u015fi UPB nu sunt deloc onorabile: 851-900 \u015fi 1201-1400. Clasamentul universit\u0103\u021bilor din Rom\u00e2nia, conform QS World University Rankings: Metodologia folosit\u0103 anul acesta pentru [&hellip;]<\/p>\n","protected":false},"author":55,"featured_media":73618,"comment_status":"closed","ping_status":"open","sticky":false,"template":"","format":"standard","meta":{"_acf_changed":false,"inline_featured_image":false,"ngg_post_thumbnail":0,"footnotes":""},"categories":[6994,3421,3419],"tags":[8883,5764,8886,8884,8887,5310,8888],"ppma_author":[22573],"class_list":["post-73606","post","type-post","status-publish","format-standard","has-post-thumbnail","hentry","category-stiri-2","category-educatie","category-featured","tag-cele-mai-bune-facultati","tag-politehnica","tag-qs-world-university-rankings","tag-univeritati-din-romania","tag-universitatea-de-medicina-si-farmacie","tag-universitatea-din-bucuresti","tag-universitati-din-capitala"],"acf":[],"yoast_head":"<!-- This site is optimized with the Yoast SEO Premium plugin v25.3 (Yoast SEO v27.4) - https:\/\/yoast.com\/product\/yoast-seo-premium-wordpress\/ -->\n<title>Universit\u0103\u0163ile din Bucure\u015fti, la coada clasamentului mondial. De altfel, doar dou\u0103 prind topul - Buletin de Bucure\u0219ti<\/title>\n<meta name=\"robots\" content=\"index, follow, max-snippet:-1, max-image-preview:large, max-video-preview:-1\" \/>\n<link rel=\"canonical\" href=\"https:\/\/buletin.de\/bucuresti\/universitatile-din-bucuresti-la-coada-clasamentului-mondial-de-altfel-doar-doua-prind-topul\/\" \/>\n<meta property=\"og:locale\" content=\"en_GB\" \/>\n<meta property=\"og:type\" content=\"article\" \/>\n<meta property=\"og:title\" content=\"Universit\u0103\u0163ile din Bucure\u015fti, la coada clasamentului mondial. De altfel, doar dou\u0103 prind topul\" \/>\n<meta property=\"og:description\" content=\"Universitatea din Bucure\u015fti \u015fi Politehnica din Bucure\u015fti sunt singurele institu\u0163ii de \u00eenv\u0103\u0163\u0103m\u00e2nt superior din Capital\u0103 care sunt men\u0163ionate \u00een topul QS World University Rankings pe 2024, un prestigios clasament interna\u0163ional. Locurile UB \u015fi UPB nu sunt deloc onorabile: 851-900 \u015fi 1201-1400. Clasamentul universit\u0103\u021bilor din Rom\u00e2nia, conform QS World University Rankings: Metodologia folosit\u0103 anul acesta pentru [&hellip;]\" \/>\n<meta property=\"og:url\" content=\"https:\/\/buletin.de\/bucuresti\/universitatile-din-bucuresti-la-coada-clasamentului-mondial-de-altfel-doar-doua-prind-topul\/\" \/>\n<meta property=\"og:site_name\" content=\"Buletin de Bucure\u0219ti\" \/>\n<meta property=\"article:publisher\" content=\"https:\/\/www.facebook.com\/buletin.de.buc\" \/>\n<meta property=\"article:published_time\" content=\"2024-01-04T11:37:26+00:00\" \/>\n<meta property=\"article:modified_time\" content=\"2024-01-04T20:00:04+00:00\" \/>\n<meta property=\"og:image\" content=\"https:\/\/buletin.de\/bucuresti\/wp-content\/uploads\/iggwdxhtauq.jpg\" \/>\n\t<meta property=\"og:image:width\" content=\"1600\" \/>\n\t<meta property=\"og:image:height\" content=\"1066\" \/>\n\t<meta property=\"og:image:type\" content=\"image\/jpeg\" \/>\n<meta name=\"author\" content=\"Andreea Tudor\" \/>\n<meta name=\"twitter:card\" content=\"summary_large_image\" \/>\n<meta name=\"twitter:label1\" content=\"Written by\" \/>\n\t<meta name=\"twitter:data1\" content=\"Andreea Tudor\" \/>\n\t<meta name=\"twitter:label2\" content=\"Estimated reading time\" \/>\n\t<meta name=\"twitter:data2\" content=\"2 minutes\" \/>\n<script type=\"application\/ld+json\" class=\"yoast-schema-graph\">{\"@context\":\"https:\\\/\\\/schema.org\",\"@graph\":[{\"@type\":\"Article\",\"@id\":\"https:\\\/\\\/buletin.de\\\/bucuresti\\\/universitatile-din-bucuresti-la-coada-clasamentului-mondial-de-altfel-doar-doua-prind-topul\\\/#article\",\"isPartOf\":{\"@id\":\"https:\\\/\\\/buletin.de\\\/bucuresti\\\/universitatile-din-bucuresti-la-coada-clasamentului-mondial-de-altfel-doar-doua-prind-topul\\\/\"},\"author\":{\"name\":\"Andreea Tudor\",\"@id\":\"https:\\\/\\\/buletin.de\\\/bucuresti\\\/#\\\/schema\\\/person\\\/150590659efde715459d159da012f501\"},\"headline\":\"Universit\u0103\u0163ile din Bucure\u015fti, la coada clasamentului mondial. De altfel, doar dou\u0103 prind topul\",\"datePublished\":\"2024-01-04T11:37:26+00:00\",\"dateModified\":\"2024-01-04T20:00:04+00:00\",\"mainEntityOfPage\":{\"@id\":\"https:\\\/\\\/buletin.de\\\/bucuresti\\\/universitatile-din-bucuresti-la-coada-clasamentului-mondial-de-altfel-doar-doua-prind-topul\\\/\"},\"wordCount\":513,\"publisher\":{\"@id\":\"https:\\\/\\\/buletin.de\\\/bucuresti\\\/#organization\"},\"image\":{\"@id\":\"https:\\\/\\\/buletin.de\\\/bucuresti\\\/universitatile-din-bucuresti-la-coada-clasamentului-mondial-de-altfel-doar-doua-prind-topul\\\/#primaryimage\"},\"thumbnailUrl\":\"https:\\\/\\\/buletin.de\\\/bucuresti\\\/wp-content\\\/uploads\\\/iggwdxhtauq.jpg\",\"keywords\":[\"cele mai bune facult\u0103\u021bi\",\"politehnica\",\"QS World University Rankings\",\"univerit\u0103\u021bi din Rom\u00e2nia\",\"Universitatea de Medicin\u0103 \u0219i Farmacie\",\"Universitatea din Bucure\u0219ti\",\"Universit\u0103\u021bi din Capital\u0103\"],\"articleSection\":[\"Articole\",\"Educa\u021bie\",\"Featured\"],\"inLanguage\":\"en-GB\",\"copyrightYear\":\"2024\",\"copyrightHolder\":{\"@id\":\"https:\\\/\\\/buletin.de\\\/bucuresti\\\/#organization\"}},{\"@type\":\"WebPage\",\"@id\":\"https:\\\/\\\/buletin.de\\\/bucuresti\\\/universitatile-din-bucuresti-la-coada-clasamentului-mondial-de-altfel-doar-doua-prind-topul\\\/\",\"url\":\"https:\\\/\\\/buletin.de\\\/bucuresti\\\/universitatile-din-bucuresti-la-coada-clasamentului-mondial-de-altfel-doar-doua-prind-topul\\\/\",\"name\":\"Universit\u0103\u0163ile din Bucure\u015fti, la coada clasamentului mondial. De altfel, doar dou\u0103 prind topul - Buletin de Bucure\u0219ti\",\"isPartOf\":{\"@id\":\"https:\\\/\\\/buletin.de\\\/bucuresti\\\/#website\"},\"primaryImageOfPage\":{\"@id\":\"https:\\\/\\\/buletin.de\\\/bucuresti\\\/universitatile-din-bucuresti-la-coada-clasamentului-mondial-de-altfel-doar-doua-prind-topul\\\/#primaryimage\"},\"image\":{\"@id\":\"https:\\\/\\\/buletin.de\\\/bucuresti\\\/universitatile-din-bucuresti-la-coada-clasamentului-mondial-de-altfel-doar-doua-prind-topul\\\/#primaryimage\"},\"thumbnailUrl\":\"https:\\\/\\\/buletin.de\\\/bucuresti\\\/wp-content\\\/uploads\\\/iggwdxhtauq.jpg\",\"datePublished\":\"2024-01-04T11:37:26+00:00\",\"dateModified\":\"2024-01-04T20:00:04+00:00\",\"breadcrumb\":{\"@id\":\"https:\\\/\\\/buletin.de\\\/bucuresti\\\/universitatile-din-bucuresti-la-coada-clasamentului-mondial-de-altfel-doar-doua-prind-topul\\\/#breadcrumb\"},\"inLanguage\":\"en-GB\",\"potentialAction\":[{\"@type\":\"ReadAction\",\"target\":[\"https:\\\/\\\/buletin.de\\\/bucuresti\\\/universitatile-din-bucuresti-la-coada-clasamentului-mondial-de-altfel-doar-doua-prind-topul\\\/\"]}]},{\"@type\":\"ImageObject\",\"inLanguage\":\"en-GB\",\"@id\":\"https:\\\/\\\/buletin.de\\\/bucuresti\\\/universitatile-din-bucuresti-la-coada-clasamentului-mondial-de-altfel-doar-doua-prind-topul\\\/#primaryimage\",\"url\":\"https:\\\/\\\/buletin.de\\\/bucuresti\\\/wp-content\\\/uploads\\\/iggwdxhtauq.jpg\",\"contentUrl\":\"https:\\\/\\\/buletin.de\\\/bucuresti\\\/wp-content\\\/uploads\\\/iggwdxhtauq.jpg\",\"width\":1600,\"height\":1066,\"caption\":\"FOTO: unsplash.com\"},{\"@type\":\"BreadcrumbList\",\"@id\":\"https:\\\/\\\/buletin.de\\\/bucuresti\\\/universitatile-din-bucuresti-la-coada-clasamentului-mondial-de-altfel-doar-doua-prind-topul\\\/#breadcrumb\",\"itemListElement\":[{\"@type\":\"ListItem\",\"position\":1,\"name\":\"Acas\u0103\",\"item\":\"https:\\\/\\\/buletin.de\\\/bucuresti\\\/\"},{\"@type\":\"ListItem\",\"position\":2,\"name\":\"Universit\u0103\u0163ile din Bucure\u015fti, la coada clasamentului mondial. De altfel, doar dou\u0103 prind topul\"}]},{\"@type\":\"WebSite\",\"@id\":\"https:\\\/\\\/buletin.de\\\/bucuresti\\\/#website\",\"url\":\"https:\\\/\\\/buletin.de\\\/bucuresti\\\/\",\"name\":\"Buletin de Bucure\u0219ti\",\"description\":\"\u0218tiri \u0219i investiga\u021bii esen\u021biale din capital\u0103\",\"publisher\":{\"@id\":\"https:\\\/\\\/buletin.de\\\/bucuresti\\\/#organization\"},\"potentialAction\":[{\"@type\":\"SearchAction\",\"target\":{\"@type\":\"EntryPoint\",\"urlTemplate\":\"https:\\\/\\\/buletin.de\\\/bucuresti\\\/?s={search_term_string}\"},\"query-input\":{\"@type\":\"PropertyValueSpecification\",\"valueRequired\":true,\"valueName\":\"search_term_string\"}}],\"inLanguage\":\"en-GB\"},{\"@type\":\"Organization\",\"@id\":\"https:\\\/\\\/buletin.de\\\/bucuresti\\\/#organization\",\"name\":\"Buletin de Bucure\u0219ti\",\"url\":\"https:\\\/\\\/buletin.de\\\/bucuresti\\\/\",\"logo\":{\"@type\":\"ImageObject\",\"inLanguage\":\"en-GB\",\"@id\":\"https:\\\/\\\/buletin.de\\\/bucuresti\\\/#\\\/schema\\\/logo\\\/image\\\/\",\"url\":\"https:\\\/\\\/buletin.de\\\/bucuresti\\\/wp-content\\\/uploads\\\/logo-bdb-full-wide-vernil-transparent.png\",\"contentUrl\":\"https:\\\/\\\/buletin.de\\\/bucuresti\\\/wp-content\\\/uploads\\\/logo-bdb-full-wide-vernil-transparent.png\",\"width\":1782,\"height\":626,\"caption\":\"Buletin de Bucure\u0219ti\"},\"image\":{\"@id\":\"https:\\\/\\\/buletin.de\\\/bucuresti\\\/#\\\/schema\\\/logo\\\/image\\\/\"},\"sameAs\":[\"https:\\\/\\\/www.facebook.com\\\/buletin.de.buc\",\"https:\\\/\\\/www.instagram.com\\\/buletinde.bucuresti\\\/\"]},{\"@type\":\"Person\",\"@id\":\"https:\\\/\\\/buletin.de\\\/bucuresti\\\/#\\\/schema\\\/person\\\/150590659efde715459d159da012f501\",\"name\":\"Andreea Tudor\",\"image\":{\"@type\":\"ImageObject\",\"inLanguage\":\"en-GB\",\"@id\":\"https:\\\/\\\/secure.gravatar.com\\\/avatar\\\/a88705a186ab0b67f3349bcbced506c09e37256fbaad0e7f3bd1a79b4599f589?s=96&d=monsterid&r=g79290610aa1a65c2b86eebc2ca5aee8f\",\"url\":\"https:\\\/\\\/secure.gravatar.com\\\/avatar\\\/a88705a186ab0b67f3349bcbced506c09e37256fbaad0e7f3bd1a79b4599f589?s=96&d=monsterid&r=g\",\"contentUrl\":\"https:\\\/\\\/secure.gravatar.com\\\/avatar\\\/a88705a186ab0b67f3349bcbced506c09e37256fbaad0e7f3bd1a79b4599f589?s=96&d=monsterid&r=g\",\"caption\":\"Andreea Tudor\"},\"description\":\"N\u0103scut\u0103 \u0219i crescut\u0103 \u00een Bucure\u0219ti, sus\u021bin\u0103toare a presei independente. A\u0219a am ajuns redactor la Buletin de Bucure\u0219ti. Fiind eu, \u00eens\u0103mi, parte a sistemului de \u00eenv\u0103\u021b\u0103m\u00e2nt rom\u00e2nesc \u0219i pasionat\u0103 de domeniul social, pun sub lup\u0103 tot ceea ce se \u00eent\u00e2mpl\u0103 \u00een sfera educa\u021biei. Cred cu t\u0103rie c\u0103 presa \u201epentru cet\u0103\u021beni\u201d este presa independent\u0103. Oamenii au nevoie de o informare corect\u0103 pentru a \u00een\u021belege pe deplin ce se \u00eent\u00e2mpl\u0103 \u00een jurul lor \u0219i pentru a lua ac\u021biune \u00eempotriva nedrept\u0103\u021bilor.\",\"url\":\"https:\\\/\\\/buletin.de\\\/bucuresti\\\/author\\\/andreeatudor\\\/\"}]}<\/script>\n<!-- \/ Yoast SEO Premium plugin. -->","yoast_head_json":{"title":"Universit\u0103\u0163ile din Bucure\u015fti, la coada clasamentului mondial. De altfel, doar dou\u0103 prind topul - Buletin de Bucure\u0219ti","robots":{"index":"index","follow":"follow","max-snippet":"max-snippet:-1","max-image-preview":"max-image-preview:large","max-video-preview":"max-video-preview:-1"},"canonical":"https:\/\/buletin.de\/bucuresti\/universitatile-din-bucuresti-la-coada-clasamentului-mondial-de-altfel-doar-doua-prind-topul\/","og_locale":"en_GB","og_type":"article","og_title":"Universit\u0103\u0163ile din Bucure\u015fti, la coada clasamentului mondial. De altfel, doar dou\u0103 prind topul","og_description":"Universitatea din Bucure\u015fti \u015fi Politehnica din Bucure\u015fti sunt singurele institu\u0163ii de \u00eenv\u0103\u0163\u0103m\u00e2nt superior din Capital\u0103 care sunt men\u0163ionate \u00een topul QS World University Rankings pe 2024, un prestigios clasament interna\u0163ional. Locurile UB \u015fi UPB nu sunt deloc onorabile: 851-900 \u015fi 1201-1400. Clasamentul universit\u0103\u021bilor din Rom\u00e2nia, conform QS World University Rankings: Metodologia folosit\u0103 anul acesta pentru [&hellip;]","og_url":"https:\/\/buletin.de\/bucuresti\/universitatile-din-bucuresti-la-coada-clasamentului-mondial-de-altfel-doar-doua-prind-topul\/","og_site_name":"Buletin de Bucure\u0219ti","article_publisher":"https:\/\/www.facebook.com\/buletin.de.buc","article_published_time":"2024-01-04T11:37:26+00:00","article_modified_time":"2024-01-04T20:00:04+00:00","og_image":[{"width":1600,"height":1066,"url":"https:\/\/buletin.de\/bucuresti\/wp-content\/uploads\/iggwdxhtauq.jpg","type":"image\/jpeg"}],"author":"Andreea Tudor","twitter_card":"summary_large_image","twitter_misc":{"Written by":"Andreea Tudor","Estimated reading time":"2 minutes"},"schema":{"@context":"https:\/\/schema.org","@graph":[{"@type":"Article","@id":"https:\/\/buletin.de\/bucuresti\/universitatile-din-bucuresti-la-coada-clasamentului-mondial-de-altfel-doar-doua-prind-topul\/#article","isPartOf":{"@id":"https:\/\/buletin.de\/bucuresti\/universitatile-din-bucuresti-la-coada-clasamentului-mondial-de-altfel-doar-doua-prind-topul\/"},"author":{"name":"Andreea Tudor","@id":"https:\/\/buletin.de\/bucuresti\/#\/schema\/person\/150590659efde715459d159da012f501"},"headline":"Universit\u0103\u0163ile din Bucure\u015fti, la coada clasamentului mondial. De altfel, doar dou\u0103 prind topul","datePublished":"2024-01-04T11:37:26+00:00","dateModified":"2024-01-04T20:00:04+00:00","mainEntityOfPage":{"@id":"https:\/\/buletin.de\/bucuresti\/universitatile-din-bucuresti-la-coada-clasamentului-mondial-de-altfel-doar-doua-prind-topul\/"},"wordCount":513,"publisher":{"@id":"https:\/\/buletin.de\/bucuresti\/#organization"},"image":{"@id":"https:\/\/buletin.de\/bucuresti\/universitatile-din-bucuresti-la-coada-clasamentului-mondial-de-altfel-doar-doua-prind-topul\/#primaryimage"},"thumbnailUrl":"https:\/\/buletin.de\/bucuresti\/wp-content\/uploads\/iggwdxhtauq.jpg","keywords":["cele mai bune facult\u0103\u021bi","politehnica","QS World University Rankings","univerit\u0103\u021bi din Rom\u00e2nia","Universitatea de Medicin\u0103 \u0219i Farmacie","Universitatea din Bucure\u0219ti","Universit\u0103\u021bi din Capital\u0103"],"articleSection":["Articole","Educa\u021bie","Featured"],"inLanguage":"en-GB","copyrightYear":"2024","copyrightHolder":{"@id":"https:\/\/buletin.de\/bucuresti\/#organization"}},{"@type":"WebPage","@id":"https:\/\/buletin.de\/bucuresti\/universitatile-din-bucuresti-la-coada-clasamentului-mondial-de-altfel-doar-doua-prind-topul\/","url":"https:\/\/buletin.de\/bucuresti\/universitatile-din-bucuresti-la-coada-clasamentului-mondial-de-altfel-doar-doua-prind-topul\/","name":"Universit\u0103\u0163ile din Bucure\u015fti, la coada clasamentului mondial. De altfel, doar dou\u0103 prind topul - Buletin de Bucure\u0219ti","isPartOf":{"@id":"https:\/\/buletin.de\/bucuresti\/#website"},"primaryImageOfPage":{"@id":"https:\/\/buletin.de\/bucuresti\/universitatile-din-bucuresti-la-coada-clasamentului-mondial-de-altfel-doar-doua-prind-topul\/#primaryimage"},"image":{"@id":"https:\/\/buletin.de\/bucuresti\/universitatile-din-bucuresti-la-coada-clasamentului-mondial-de-altfel-doar-doua-prind-topul\/#primaryimage"},"thumbnailUrl":"https:\/\/buletin.de\/bucuresti\/wp-content\/uploads\/iggwdxhtauq.jpg","datePublished":"2024-01-04T11:37:26+00:00","dateModified":"2024-01-04T20:00:04+00:00","breadcrumb":{"@id":"https:\/\/buletin.de\/bucuresti\/universitatile-din-bucuresti-la-coada-clasamentului-mondial-de-altfel-doar-doua-prind-topul\/#breadcrumb"},"inLanguage":"en-GB","potentialAction":[{"@type":"ReadAction","target":["https:\/\/buletin.de\/bucuresti\/universitatile-din-bucuresti-la-coada-clasamentului-mondial-de-altfel-doar-doua-prind-topul\/"]}]},{"@type":"ImageObject","inLanguage":"en-GB","@id":"https:\/\/buletin.de\/bucuresti\/universitatile-din-bucuresti-la-coada-clasamentului-mondial-de-altfel-doar-doua-prind-topul\/#primaryimage","url":"https:\/\/buletin.de\/bucuresti\/wp-content\/uploads\/iggwdxhtauq.jpg","contentUrl":"https:\/\/buletin.de\/bucuresti\/wp-content\/uploads\/iggwdxhtauq.jpg","width":1600,"height":1066,"caption":"FOTO: unsplash.com"},{"@type":"BreadcrumbList","@id":"https:\/\/buletin.de\/bucuresti\/universitatile-din-bucuresti-la-coada-clasamentului-mondial-de-altfel-doar-doua-prind-topul\/#breadcrumb","itemListElement":[{"@type":"ListItem","position":1,"name":"Acas\u0103","item":"https:\/\/buletin.de\/bucuresti\/"},{"@type":"ListItem","position":2,"name":"Universit\u0103\u0163ile din Bucure\u015fti, la coada clasamentului mondial. De altfel, doar dou\u0103 prind topul"}]},{"@type":"WebSite","@id":"https:\/\/buletin.de\/bucuresti\/#website","url":"https:\/\/buletin.de\/bucuresti\/","name":"Buletin de Bucure\u0219ti","description":"\u0218tiri \u0219i investiga\u021bii esen\u021biale din capital\u0103","publisher":{"@id":"https:\/\/buletin.de\/bucuresti\/#organization"},"potentialAction":[{"@type":"SearchAction","target":{"@type":"EntryPoint","urlTemplate":"https:\/\/buletin.de\/bucuresti\/?s={search_term_string}"},"query-input":{"@type":"PropertyValueSpecification","valueRequired":true,"valueName":"search_term_string"}}],"inLanguage":"en-GB"},{"@type":"Organization","@id":"https:\/\/buletin.de\/bucuresti\/#organization","name":"Buletin de Bucure\u0219ti","url":"https:\/\/buletin.de\/bucuresti\/","logo":{"@type":"ImageObject","inLanguage":"en-GB","@id":"https:\/\/buletin.de\/bucuresti\/#\/schema\/logo\/image\/","url":"https:\/\/buletin.de\/bucuresti\/wp-content\/uploads\/logo-bdb-full-wide-vernil-transparent.png","contentUrl":"https:\/\/buletin.de\/bucuresti\/wp-content\/uploads\/logo-bdb-full-wide-vernil-transparent.png","width":1782,"height":626,"caption":"Buletin de Bucure\u0219ti"},"image":{"@id":"https:\/\/buletin.de\/bucuresti\/#\/schema\/logo\/image\/"},"sameAs":["https:\/\/www.facebook.com\/buletin.de.buc","https:\/\/www.instagram.com\/buletinde.bucuresti\/"]},{"@type":"Person","@id":"https:\/\/buletin.de\/bucuresti\/#\/schema\/person\/150590659efde715459d159da012f501","name":"Andreea Tudor","image":{"@type":"ImageObject","inLanguage":"en-GB","@id":"https:\/\/secure.gravatar.com\/avatar\/a88705a186ab0b67f3349bcbced506c09e37256fbaad0e7f3bd1a79b4599f589?s=96&d=monsterid&r=g79290610aa1a65c2b86eebc2ca5aee8f","url":"https:\/\/secure.gravatar.com\/avatar\/a88705a186ab0b67f3349bcbced506c09e37256fbaad0e7f3bd1a79b4599f589?s=96&d=monsterid&r=g","contentUrl":"https:\/\/secure.gravatar.com\/avatar\/a88705a186ab0b67f3349bcbced506c09e37256fbaad0e7f3bd1a79b4599f589?s=96&d=monsterid&r=g","caption":"Andreea Tudor"},"description":"N\u0103scut\u0103 \u0219i crescut\u0103 \u00een Bucure\u0219ti, sus\u021bin\u0103toare a presei independente. A\u0219a am ajuns redactor la Buletin de Bucure\u0219ti. Fiind eu, \u00eens\u0103mi, parte a sistemului de \u00eenv\u0103\u021b\u0103m\u00e2nt rom\u00e2nesc \u0219i pasionat\u0103 de domeniul social, pun sub lup\u0103 tot ceea ce se \u00eent\u00e2mpl\u0103 \u00een sfera educa\u021biei. Cred cu t\u0103rie c\u0103 presa \u201epentru cet\u0103\u021beni\u201d este presa independent\u0103. Oamenii au nevoie de o informare corect\u0103 pentru a \u00een\u021belege pe deplin ce se \u00eent\u00e2mpl\u0103 \u00een jurul lor \u0219i pentru a lua ac\u021biune \u00eempotriva nedrept\u0103\u021bilor.","url":"https:\/\/buletin.de\/bucuresti\/author\/andreeatudor\/"}]}},"authors":[{"term_id":22573,"user_id":55,"is_guest":0,"slug":"andreeatudor","display_name":"Andreea Tudor","avatar_url":"https:\/\/secure.gravatar.com\/avatar\/a88705a186ab0b67f3349bcbced506c09e37256fbaad0e7f3bd1a79b4599f589?s=96&d=monsterid&r=g","0":null,"1":"","2":"","3":"","4":"","5":"","6":"","7":"","8":""}],"_links":{"self":[{"href":"https:\/\/buletin.de\/bucuresti\/wp-json\/wp\/v2\/posts\/73606","targetHints":{"allow":["GET"]}}],"collection":[{"href":"https:\/\/buletin.de\/bucuresti\/wp-json\/wp\/v2\/posts"}],"about":[{"href":"https:\/\/buletin.de\/bucuresti\/wp-json\/wp\/v2\/types\/post"}],"author":[{"embeddable":true,"href":"https:\/\/buletin.de\/bucuresti\/wp-json\/wp\/v2\/users\/55"}],"replies":[{"embeddable":true,"href":"https:\/\/buletin.de\/bucuresti\/wp-json\/wp\/v2\/comments?post=73606"}],"version-history":[{"count":4,"href":"https:\/\/buletin.de\/bucuresti\/wp-json\/wp\/v2\/posts\/73606\/revisions"}],"predecessor-version":[{"id":73674,"href":"https:\/\/buletin.de\/bucuresti\/wp-json\/wp\/v2\/posts\/73606\/revisions\/73674"}],"wp:featuredmedia":[{"embeddable":true,"href":"https:\/\/buletin.de\/bucuresti\/wp-json\/wp\/v2\/media\/73618"}],"wp:attachment":[{"href":"https:\/\/buletin.de\/bucuresti\/wp-json\/wp\/v2\/media?parent=73606"}],"wp:term":[{"taxonomy":"category","embeddable":true,"href":"https:\/\/buletin.de\/bucuresti\/wp-json\/wp\/v2\/categories?post=73606"},{"taxonomy":"post_tag","embeddable":true,"href":"https:\/\/buletin.de\/bucuresti\/wp-json\/wp\/v2\/tags?post=73606"},{"taxonomy":"author","embeddable":true,"href":"https:\/\/buletin.de\/bucuresti\/wp-json\/wp\/v2\/ppma_author?post=73606"}],"curies":[{"name":"wp","href":"https:\/\/api.w.org\/{rel}","templated":true}]}}