{"id":73472,"date":"2023-12-31T12:39:25","date_gmt":"2023-12-31T10:39:25","guid":{"rendered":"https:\/\/buletin.de\/bucuresti\/?p=73472"},"modified":"2023-12-31T12:39:25","modified_gmt":"2023-12-31T10:39:25","slug":"urari-de-anul-nou-pentru-bucuresteni","status":"publish","type":"post","link":"https:\/\/buletin.de\/bucuresti\/urari-de-anul-nou-pentru-bucuresteni\/","title":{"rendered":"Ur\u0103ri de Anul Nou pentru bucure\u015fteni"},"content":{"rendered":"\n<p>\ud83e\udd42 Fie ca noul an s\u0103 vin\u0103 cu c\u0103ldur\u0103 \u00een suflet \u015fi \u00een \u0163evile din apartament! <\/p>\n\n\n\n<p>\ud83e\udd42 Anul nou s\u0103 \u00ee\u0163i aduc\u0103 dragoste ca \u00eentre font\u0103 \u015fi gigacalorie, iar cei dragi s\u0103 te \u00eembr\u0103\u0163i\u015feze \u015fi atunci c\u00e2nd \u00een cas\u0103 sunt mai mult de 17 grade!<\/p>\n\n\n\n<p>\ud83e\udd42 S\u0103 vin\u0103 banii la tine puhoi cum vin ma\u015finile pe Iuliu Maniu!<\/p>\n\n\n\n<p>\ud83e\udd42 \u00cen 2024, s\u0103 te ocoleasc\u0103 problemele cum te ocole\u015fte Waze-ul pe str\u0103du\u0163e!<\/p>\n\n\n\n<p>\ud83e\udd42 S\u0103-\u0163i mearg\u0103 totul bine cum merg autobuzele pe banda exclusiv\u0103 \u015fi s\u0103 nu r\u0103m\u00e2i blocat \u00een probleme precum ma\u015finile la or\u0103 de v\u00e2rf. La mul\u0163i ani!<\/p>\n\n\n\n<p>\ud83e\udd42 S\u0103 ai portofelul gros precum bugetul Capitalei, iar banii s\u0103 nu se risipeasc\u0103 pe nimicuri. \u00cen numele studiilor de fezabilitate f\u0103cute f\u0103r\u0103 scop, al caietelor de sarcini m\u0103sluite \u015fi al atribuirii directe, amin!<\/p>\n\n\n\n<p>\ud83e\udd42 \u00cen 2024, c\u00e2nd spui Floreasca, s\u0103 te g\u00e2nde\u015fti la cluburi \u015fi nu la spital. La mul\u0163i ani cu s\u0103n\u0103tate!<\/p>\n\n\n\n<p>\ud83e\udd42 Succesul t\u0103u s\u0103 nu aib\u0103 limitator de \u00een\u0103l\u0163ime, precum pasajul Unirii. La mul\u0163i ani!<\/p>\n\n\n\n<p>\ud83e\udd42 C\u00e2t\u0103 ap\u0103 pe D\u00e2mbovi\u0163a, at\u00e2tea bucurii \u00een noul an. La mul\u0163i ani cu fericire!<\/p>\n\n\n\n<p><\/p>\n\n\n\n<p><\/p>\n\n\n\n<p><\/p>\n","protected":false},"excerpt":{"rendered":"<p>\ud83e\udd42 Fie ca noul an s\u0103 vin\u0103 cu c\u0103ldur\u0103 \u00een suflet \u015fi \u00een \u0163evile din apartament! \ud83e\udd42 Anul nou s\u0103 \u00ee\u0163i aduc\u0103 dragoste ca \u00eentre font\u0103 \u015fi gigacalorie, iar cei dragi s\u0103 te \u00eembr\u0103\u0163i\u015feze \u015fi atunci c\u00e2nd \u00een cas\u0103 sunt mai mult de 17 grade! \ud83e\udd42 S\u0103 vin\u0103 banii la tine puhoi cum vin ma\u015finile [&hellip;]<\/p>\n","protected":false},"author":8,"featured_media":73475,"comment_status":"closed","ping_status":"open","sticky":false,"template":"","format":"standard","meta":{"_acf_changed":false,"inline_featured_image":false,"ngg_post_thumbnail":0,"footnotes":""},"categories":[6994,1],"tags":[8829,8828],"ppma_author":[22586],"class_list":["post-73472","post","type-post","status-publish","format-standard","has-post-thumbnail","hentry","category-stiri-2","category-diverse","tag-bucuresti-2024","tag-urari-anul-nou-bucuresteni"],"acf":[],"yoast_head":"<!-- This site is optimized with the Yoast SEO Premium plugin v25.3 (Yoast SEO v27.5) - https:\/\/yoast.com\/product\/yoast-seo-premium-wordpress\/ -->\n<title>Ur\u0103ri de Anul Nou pentru bucure\u015fteni - Buletin de Bucure\u0219ti<\/title>\n<meta name=\"robots\" content=\"index, follow, max-snippet:-1, max-image-preview:large, max-video-preview:-1\" \/>\n<link rel=\"canonical\" href=\"https:\/\/buletin.de\/bucuresti\/urari-de-anul-nou-pentru-bucuresteni\/\" \/>\n<meta property=\"og:locale\" content=\"en_GB\" \/>\n<meta property=\"og:type\" content=\"article\" \/>\n<meta property=\"og:title\" content=\"Ur\u0103ri de Anul Nou pentru bucure\u015fteni\" \/>\n<meta property=\"og:description\" content=\"\ud83e\udd42 Fie ca noul an s\u0103 vin\u0103 cu c\u0103ldur\u0103 \u00een suflet \u015fi \u00een \u0163evile din apartament! \ud83e\udd42 Anul nou s\u0103 \u00ee\u0163i aduc\u0103 dragoste ca \u00eentre font\u0103 \u015fi gigacalorie, iar cei dragi s\u0103 te \u00eembr\u0103\u0163i\u015feze \u015fi atunci c\u00e2nd \u00een cas\u0103 sunt mai mult de 17 grade! \ud83e\udd42 S\u0103 vin\u0103 banii la tine puhoi cum vin ma\u015finile [&hellip;]\" \/>\n<meta property=\"og:url\" content=\"https:\/\/buletin.de\/bucuresti\/urari-de-anul-nou-pentru-bucuresteni\/\" \/>\n<meta property=\"og:site_name\" content=\"Buletin de Bucure\u0219ti\" \/>\n<meta property=\"article:publisher\" content=\"https:\/\/www.facebook.com\/buletin.de.buc\" \/>\n<meta property=\"article:published_time\" content=\"2023-12-31T10:39:25+00:00\" \/>\n<meta property=\"og:image\" content=\"https:\/\/buletin.de\/bucuresti\/wp-content\/uploads\/ID155896_INQUAM_Photos_Octav_Ganea.jpg\" \/>\n\t<meta property=\"og:image:width\" content=\"2000\" \/>\n\t<meta property=\"og:image:height\" content=\"1333\" \/>\n\t<meta property=\"og:image:type\" content=\"image\/jpeg\" \/>\n<meta name=\"author\" content=\"Ionu\u021b Lepa\" \/>\n<meta name=\"twitter:card\" content=\"summary_large_image\" \/>\n<meta name=\"twitter:label1\" content=\"Written by\" \/>\n\t<meta name=\"twitter:data1\" content=\"Ionu\u021b Lepa\" \/>\n\t<meta name=\"twitter:label2\" content=\"Estimated reading time\" \/>\n\t<meta name=\"twitter:data2\" content=\"1 minute\" \/>\n<script type=\"application\/ld+json\" class=\"yoast-schema-graph\">{\"@context\":\"https:\\\/\\\/schema.org\",\"@graph\":[{\"@type\":\"Article\",\"@id\":\"https:\\\/\\\/buletin.de\\\/bucuresti\\\/urari-de-anul-nou-pentru-bucuresteni\\\/#article\",\"isPartOf\":{\"@id\":\"https:\\\/\\\/buletin.de\\\/bucuresti\\\/urari-de-anul-nou-pentru-bucuresteni\\\/\"},\"author\":{\"name\":\"Ionu\u021b Lepa\",\"@id\":\"https:\\\/\\\/buletin.de\\\/bucuresti\\\/#\\\/schema\\\/person\\\/5272b8a057b33890940b57b837fc4ce6\"},\"headline\":\"Ur\u0103ri de Anul Nou pentru bucure\u015fteni\",\"datePublished\":\"2023-12-31T10:39:25+00:00\",\"mainEntityOfPage\":{\"@id\":\"https:\\\/\\\/buletin.de\\\/bucuresti\\\/urari-de-anul-nou-pentru-bucuresteni\\\/\"},\"wordCount\":211,\"publisher\":{\"@id\":\"https:\\\/\\\/buletin.de\\\/bucuresti\\\/#organization\"},\"image\":{\"@id\":\"https:\\\/\\\/buletin.de\\\/bucuresti\\\/urari-de-anul-nou-pentru-bucuresteni\\\/#primaryimage\"},\"thumbnailUrl\":\"https:\\\/\\\/buletin.de\\\/bucuresti\\\/wp-content\\\/uploads\\\/ID155896_INQUAM_Photos_Octav_Ganea.jpg\",\"keywords\":[\"bucuresti 2024\",\"urari anul nou bucuresteni\"],\"articleSection\":[\"Articole\",\"Diverse\"],\"inLanguage\":\"en-GB\",\"copyrightYear\":\"2023\",\"copyrightHolder\":{\"@id\":\"https:\\\/\\\/buletin.de\\\/bucuresti\\\/#organization\"}},{\"@type\":\"WebPage\",\"@id\":\"https:\\\/\\\/buletin.de\\\/bucuresti\\\/urari-de-anul-nou-pentru-bucuresteni\\\/\",\"url\":\"https:\\\/\\\/buletin.de\\\/bucuresti\\\/urari-de-anul-nou-pentru-bucuresteni\\\/\",\"name\":\"Ur\u0103ri de Anul Nou pentru bucure\u015fteni - Buletin de Bucure\u0219ti\",\"isPartOf\":{\"@id\":\"https:\\\/\\\/buletin.de\\\/bucuresti\\\/#website\"},\"primaryImageOfPage\":{\"@id\":\"https:\\\/\\\/buletin.de\\\/bucuresti\\\/urari-de-anul-nou-pentru-bucuresteni\\\/#primaryimage\"},\"image\":{\"@id\":\"https:\\\/\\\/buletin.de\\\/bucuresti\\\/urari-de-anul-nou-pentru-bucuresteni\\\/#primaryimage\"},\"thumbnailUrl\":\"https:\\\/\\\/buletin.de\\\/bucuresti\\\/wp-content\\\/uploads\\\/ID155896_INQUAM_Photos_Octav_Ganea.jpg\",\"datePublished\":\"2023-12-31T10:39:25+00:00\",\"breadcrumb\":{\"@id\":\"https:\\\/\\\/buletin.de\\\/bucuresti\\\/urari-de-anul-nou-pentru-bucuresteni\\\/#breadcrumb\"},\"inLanguage\":\"en-GB\",\"potentialAction\":[{\"@type\":\"ReadAction\",\"target\":[\"https:\\\/\\\/buletin.de\\\/bucuresti\\\/urari-de-anul-nou-pentru-bucuresteni\\\/\"]}]},{\"@type\":\"ImageObject\",\"inLanguage\":\"en-GB\",\"@id\":\"https:\\\/\\\/buletin.de\\\/bucuresti\\\/urari-de-anul-nou-pentru-bucuresteni\\\/#primaryimage\",\"url\":\"https:\\\/\\\/buletin.de\\\/bucuresti\\\/wp-content\\\/uploads\\\/ID155896_INQUAM_Photos_Octav_Ganea.jpg\",\"contentUrl\":\"https:\\\/\\\/buletin.de\\\/bucuresti\\\/wp-content\\\/uploads\\\/ID155896_INQUAM_Photos_Octav_Ganea.jpg\",\"width\":2000,\"height\":1333,\"caption\":\"FOTO: INQUAM \\\/ Octav Ganea\"},{\"@type\":\"BreadcrumbList\",\"@id\":\"https:\\\/\\\/buletin.de\\\/bucuresti\\\/urari-de-anul-nou-pentru-bucuresteni\\\/#breadcrumb\",\"itemListElement\":[{\"@type\":\"ListItem\",\"position\":1,\"name\":\"Acas\u0103\",\"item\":\"https:\\\/\\\/buletin.de\\\/bucuresti\\\/\"},{\"@type\":\"ListItem\",\"position\":2,\"name\":\"Ur\u0103ri de Anul Nou pentru bucure\u015fteni\"}]},{\"@type\":\"WebSite\",\"@id\":\"https:\\\/\\\/buletin.de\\\/bucuresti\\\/#website\",\"url\":\"https:\\\/\\\/buletin.de\\\/bucuresti\\\/\",\"name\":\"Buletin de Bucure\u0219ti\",\"description\":\"\u0218tiri \u0219i investiga\u021bii esen\u021biale din capital\u0103\",\"publisher\":{\"@id\":\"https:\\\/\\\/buletin.de\\\/bucuresti\\\/#organization\"},\"potentialAction\":[{\"@type\":\"SearchAction\",\"target\":{\"@type\":\"EntryPoint\",\"urlTemplate\":\"https:\\\/\\\/buletin.de\\\/bucuresti\\\/?s={search_term_string}\"},\"query-input\":{\"@type\":\"PropertyValueSpecification\",\"valueRequired\":true,\"valueName\":\"search_term_string\"}}],\"inLanguage\":\"en-GB\"},{\"@type\":\"Organization\",\"@id\":\"https:\\\/\\\/buletin.de\\\/bucuresti\\\/#organization\",\"name\":\"Buletin de Bucure\u0219ti\",\"url\":\"https:\\\/\\\/buletin.de\\\/bucuresti\\\/\",\"logo\":{\"@type\":\"ImageObject\",\"inLanguage\":\"en-GB\",\"@id\":\"https:\\\/\\\/buletin.de\\\/bucuresti\\\/#\\\/schema\\\/logo\\\/image\\\/\",\"url\":\"https:\\\/\\\/buletin.de\\\/bucuresti\\\/wp-content\\\/uploads\\\/logo-bdb-full-wide-vernil-transparent.png\",\"contentUrl\":\"https:\\\/\\\/buletin.de\\\/bucuresti\\\/wp-content\\\/uploads\\\/logo-bdb-full-wide-vernil-transparent.png\",\"width\":1782,\"height\":626,\"caption\":\"Buletin de Bucure\u0219ti\"},\"image\":{\"@id\":\"https:\\\/\\\/buletin.de\\\/bucuresti\\\/#\\\/schema\\\/logo\\\/image\\\/\"},\"sameAs\":[\"https:\\\/\\\/www.facebook.com\\\/buletin.de.buc\",\"https:\\\/\\\/www.instagram.com\\\/buletinde.bucuresti\\\/\"]},{\"@type\":\"Person\",\"@id\":\"https:\\\/\\\/buletin.de\\\/bucuresti\\\/#\\\/schema\\\/person\\\/5272b8a057b33890940b57b837fc4ce6\",\"name\":\"Ionu\u021b Lepa\",\"image\":{\"@type\":\"ImageObject\",\"inLanguage\":\"en-GB\",\"@id\":\"https:\\\/\\\/buletin.de\\\/bucuresti\\\/wp-content\\\/uploads\\\/Ionut-Lepa-96x96.jpg5c4e4d9e049808799a8821652d2410a4\",\"url\":\"https:\\\/\\\/buletin.de\\\/bucuresti\\\/wp-content\\\/uploads\\\/Ionut-Lepa-96x96.jpg\",\"contentUrl\":\"https:\\\/\\\/buletin.de\\\/bucuresti\\\/wp-content\\\/uploads\\\/Ionut-Lepa-96x96.jpg\",\"caption\":\"Ionu\u021b Lepa\"},\"url\":\"https:\\\/\\\/buletin.de\\\/bucuresti\\\/author\\\/ionutlepa\\\/\"}]}<\/script>\n<!-- \/ Yoast SEO Premium plugin. -->","yoast_head_json":{"title":"Ur\u0103ri de Anul Nou pentru bucure\u015fteni - Buletin de Bucure\u0219ti","robots":{"index":"index","follow":"follow","max-snippet":"max-snippet:-1","max-image-preview":"max-image-preview:large","max-video-preview":"max-video-preview:-1"},"canonical":"https:\/\/buletin.de\/bucuresti\/urari-de-anul-nou-pentru-bucuresteni\/","og_locale":"en_GB","og_type":"article","og_title":"Ur\u0103ri de Anul Nou pentru bucure\u015fteni","og_description":"\ud83e\udd42 Fie ca noul an s\u0103 vin\u0103 cu c\u0103ldur\u0103 \u00een suflet \u015fi \u00een \u0163evile din apartament! \ud83e\udd42 Anul nou s\u0103 \u00ee\u0163i aduc\u0103 dragoste ca \u00eentre font\u0103 \u015fi gigacalorie, iar cei dragi s\u0103 te \u00eembr\u0103\u0163i\u015feze \u015fi atunci c\u00e2nd \u00een cas\u0103 sunt mai mult de 17 grade! \ud83e\udd42 S\u0103 vin\u0103 banii la tine puhoi cum vin ma\u015finile [&hellip;]","og_url":"https:\/\/buletin.de\/bucuresti\/urari-de-anul-nou-pentru-bucuresteni\/","og_site_name":"Buletin de Bucure\u0219ti","article_publisher":"https:\/\/www.facebook.com\/buletin.de.buc","article_published_time":"2023-12-31T10:39:25+00:00","og_image":[{"width":2000,"height":1333,"url":"https:\/\/buletin.de\/bucuresti\/wp-content\/uploads\/ID155896_INQUAM_Photos_Octav_Ganea.jpg","type":"image\/jpeg"}],"author":"Ionu\u021b Lepa","twitter_card":"summary_large_image","twitter_misc":{"Written by":"Ionu\u021b Lepa","Estimated reading time":"1 minute"},"schema":{"@context":"https:\/\/schema.org","@graph":[{"@type":"Article","@id":"https:\/\/buletin.de\/bucuresti\/urari-de-anul-nou-pentru-bucuresteni\/#article","isPartOf":{"@id":"https:\/\/buletin.de\/bucuresti\/urari-de-anul-nou-pentru-bucuresteni\/"},"author":{"name":"Ionu\u021b Lepa","@id":"https:\/\/buletin.de\/bucuresti\/#\/schema\/person\/5272b8a057b33890940b57b837fc4ce6"},"headline":"Ur\u0103ri de Anul Nou pentru bucure\u015fteni","datePublished":"2023-12-31T10:39:25+00:00","mainEntityOfPage":{"@id":"https:\/\/buletin.de\/bucuresti\/urari-de-anul-nou-pentru-bucuresteni\/"},"wordCount":211,"publisher":{"@id":"https:\/\/buletin.de\/bucuresti\/#organization"},"image":{"@id":"https:\/\/buletin.de\/bucuresti\/urari-de-anul-nou-pentru-bucuresteni\/#primaryimage"},"thumbnailUrl":"https:\/\/buletin.de\/bucuresti\/wp-content\/uploads\/ID155896_INQUAM_Photos_Octav_Ganea.jpg","keywords":["bucuresti 2024","urari anul nou bucuresteni"],"articleSection":["Articole","Diverse"],"inLanguage":"en-GB","copyrightYear":"2023","copyrightHolder":{"@id":"https:\/\/buletin.de\/bucuresti\/#organization"}},{"@type":"WebPage","@id":"https:\/\/buletin.de\/bucuresti\/urari-de-anul-nou-pentru-bucuresteni\/","url":"https:\/\/buletin.de\/bucuresti\/urari-de-anul-nou-pentru-bucuresteni\/","name":"Ur\u0103ri de Anul Nou pentru bucure\u015fteni - Buletin de Bucure\u0219ti","isPartOf":{"@id":"https:\/\/buletin.de\/bucuresti\/#website"},"primaryImageOfPage":{"@id":"https:\/\/buletin.de\/bucuresti\/urari-de-anul-nou-pentru-bucuresteni\/#primaryimage"},"image":{"@id":"https:\/\/buletin.de\/bucuresti\/urari-de-anul-nou-pentru-bucuresteni\/#primaryimage"},"thumbnailUrl":"https:\/\/buletin.de\/bucuresti\/wp-content\/uploads\/ID155896_INQUAM_Photos_Octav_Ganea.jpg","datePublished":"2023-12-31T10:39:25+00:00","breadcrumb":{"@id":"https:\/\/buletin.de\/bucuresti\/urari-de-anul-nou-pentru-bucuresteni\/#breadcrumb"},"inLanguage":"en-GB","potentialAction":[{"@type":"ReadAction","target":["https:\/\/buletin.de\/bucuresti\/urari-de-anul-nou-pentru-bucuresteni\/"]}]},{"@type":"ImageObject","inLanguage":"en-GB","@id":"https:\/\/buletin.de\/bucuresti\/urari-de-anul-nou-pentru-bucuresteni\/#primaryimage","url":"https:\/\/buletin.de\/bucuresti\/wp-content\/uploads\/ID155896_INQUAM_Photos_Octav_Ganea.jpg","contentUrl":"https:\/\/buletin.de\/bucuresti\/wp-content\/uploads\/ID155896_INQUAM_Photos_Octav_Ganea.jpg","width":2000,"height":1333,"caption":"FOTO: INQUAM \/ Octav Ganea"},{"@type":"BreadcrumbList","@id":"https:\/\/buletin.de\/bucuresti\/urari-de-anul-nou-pentru-bucuresteni\/#breadcrumb","itemListElement":[{"@type":"ListItem","position":1,"name":"Acas\u0103","item":"https:\/\/buletin.de\/bucuresti\/"},{"@type":"ListItem","position":2,"name":"Ur\u0103ri de Anul Nou pentru bucure\u015fteni"}]},{"@type":"WebSite","@id":"https:\/\/buletin.de\/bucuresti\/#website","url":"https:\/\/buletin.de\/bucuresti\/","name":"Buletin de Bucure\u0219ti","description":"\u0218tiri \u0219i investiga\u021bii esen\u021biale din capital\u0103","publisher":{"@id":"https:\/\/buletin.de\/bucuresti\/#organization"},"potentialAction":[{"@type":"SearchAction","target":{"@type":"EntryPoint","urlTemplate":"https:\/\/buletin.de\/bucuresti\/?s={search_term_string}"},"query-input":{"@type":"PropertyValueSpecification","valueRequired":true,"valueName":"search_term_string"}}],"inLanguage":"en-GB"},{"@type":"Organization","@id":"https:\/\/buletin.de\/bucuresti\/#organization","name":"Buletin de Bucure\u0219ti","url":"https:\/\/buletin.de\/bucuresti\/","logo":{"@type":"ImageObject","inLanguage":"en-GB","@id":"https:\/\/buletin.de\/bucuresti\/#\/schema\/logo\/image\/","url":"https:\/\/buletin.de\/bucuresti\/wp-content\/uploads\/logo-bdb-full-wide-vernil-transparent.png","contentUrl":"https:\/\/buletin.de\/bucuresti\/wp-content\/uploads\/logo-bdb-full-wide-vernil-transparent.png","width":1782,"height":626,"caption":"Buletin de Bucure\u0219ti"},"image":{"@id":"https:\/\/buletin.de\/bucuresti\/#\/schema\/logo\/image\/"},"sameAs":["https:\/\/www.facebook.com\/buletin.de.buc","https:\/\/www.instagram.com\/buletinde.bucuresti\/"]},{"@type":"Person","@id":"https:\/\/buletin.de\/bucuresti\/#\/schema\/person\/5272b8a057b33890940b57b837fc4ce6","name":"Ionu\u021b Lepa","image":{"@type":"ImageObject","inLanguage":"en-GB","@id":"https:\/\/buletin.de\/bucuresti\/wp-content\/uploads\/Ionut-Lepa-96x96.jpg5c4e4d9e049808799a8821652d2410a4","url":"https:\/\/buletin.de\/bucuresti\/wp-content\/uploads\/Ionut-Lepa-96x96.jpg","contentUrl":"https:\/\/buletin.de\/bucuresti\/wp-content\/uploads\/Ionut-Lepa-96x96.jpg","caption":"Ionu\u021b Lepa"},"url":"https:\/\/buletin.de\/bucuresti\/author\/ionutlepa\/"}]}},"authors":[{"term_id":22586,"user_id":8,"is_guest":0,"slug":"ionutlepa","display_name":"Ionu\u021b Lepa","avatar_url":"https:\/\/buletin.de\/bucuresti\/wp-content\/uploads\/Ionut-Lepa-96x96.jpg","0":null,"1":"","2":"","3":"","4":"","5":"","6":"","7":"","8":""}],"_links":{"self":[{"href":"https:\/\/buletin.de\/bucuresti\/wp-json\/wp\/v2\/posts\/73472","targetHints":{"allow":["GET"]}}],"collection":[{"href":"https:\/\/buletin.de\/bucuresti\/wp-json\/wp\/v2\/posts"}],"about":[{"href":"https:\/\/buletin.de\/bucuresti\/wp-json\/wp\/v2\/types\/post"}],"author":[{"embeddable":true,"href":"https:\/\/buletin.de\/bucuresti\/wp-json\/wp\/v2\/users\/8"}],"replies":[{"embeddable":true,"href":"https:\/\/buletin.de\/bucuresti\/wp-json\/wp\/v2\/comments?post=73472"}],"version-history":[{"count":2,"href":"https:\/\/buletin.de\/bucuresti\/wp-json\/wp\/v2\/posts\/73472\/revisions"}],"predecessor-version":[{"id":73476,"href":"https:\/\/buletin.de\/bucuresti\/wp-json\/wp\/v2\/posts\/73472\/revisions\/73476"}],"wp:featuredmedia":[{"embeddable":true,"href":"https:\/\/buletin.de\/bucuresti\/wp-json\/wp\/v2\/media\/73475"}],"wp:attachment":[{"href":"https:\/\/buletin.de\/bucuresti\/wp-json\/wp\/v2\/media?parent=73472"}],"wp:term":[{"taxonomy":"category","embeddable":true,"href":"https:\/\/buletin.de\/bucuresti\/wp-json\/wp\/v2\/categories?post=73472"},{"taxonomy":"post_tag","embeddable":true,"href":"https:\/\/buletin.de\/bucuresti\/wp-json\/wp\/v2\/tags?post=73472"},{"taxonomy":"author","embeddable":true,"href":"https:\/\/buletin.de\/bucuresti\/wp-json\/wp\/v2\/ppma_author?post=73472"}],"curies":[{"name":"wp","href":"https:\/\/api.w.org\/{rel}","templated":true}]}}