{"id":7341,"date":"2020-05-19T20:32:46","date_gmt":"2020-05-19T17:32:46","guid":{"rendered":"https:\/\/buletin.de\/bucuresti\/?p=7341"},"modified":"2020-05-20T11:26:57","modified_gmt":"2020-05-20T08:26:57","slug":"nicusor-dan-vs-gabriela-firea-redeschiderea-capitalei-in-viziunea-celor-doi","status":"publish","type":"post","link":"https:\/\/buletin.de\/bucuresti\/nicusor-dan-vs-gabriela-firea-redeschiderea-capitalei-in-viziunea-celor-doi\/","title":{"rendered":"Nicu\u0219or Dan vs Gabriela Firea. Redeschiderea Capitalei \u00een viziunea celor doi"},"content":{"rendered":"\n<p><strong>Candidatul opozi\u021biei la Prim\u0103ria Capitalei, Nicu\u0219or Dan, a propus duminic\u0103 un pachet de m\u0103suri pentru redeschiderea treptat\u0103 a Bucure\u0219tiului, care ar trebui implementate de Prim\u0103ria Capitalei.<\/strong> <strong>Ce propune Nicu\u0219or Dan \u0219i ce a f\u0103cut Primarul Capitalei Gabriela Firea?<\/strong><\/p>\n\n\n\n<h2 class=\"wp-block-heading\">M\u0103suri generale<\/h2>\n\n\n\n<div class=\"wp-block-image\"><figure class=\"aligncenter size-large is-resized\"><img decoding=\"async\" src=\"data:image\/gif;base64,R0lGODlhAQABAAAAACH5BAEKAAEALAAAAAABAAEAAAICTAEAOw==\" data-src=\"https:\/\/buletin.de\/bucuresti\/wp-content\/uploads\/medical.png\" alt=\"\" class=\"wp-image-7357 lazyload\" width=\"142\" height=\"142\" data-sizes=\"auto\" data-srcset=\"https:\/\/buletin.de\/bucuresti\/wp-content\/uploads\/medical.png 512w, https:\/\/buletin.de\/bucuresti\/wp-content\/uploads\/medical-300x300.png 300w, https:\/\/buletin.de\/bucuresti\/wp-content\/uploads\/medical-100x100.png 100w, https:\/\/buletin.de\/bucuresti\/wp-content\/uploads\/medical-150x150.png 150w, https:\/\/buletin.de\/bucuresti\/wp-content\/uploads\/medical-500x500.png 500w\" sizes=\"(max-width: 142px) 100vw, 142px\" \/><\/figure><\/div>\n\n\n\n<p><strong>Ce propune Nicu\u0219or Dan<\/strong><\/p>\n\n\n\n<p>Planul s\u0103u propune protocoale de dezinfec\u021bie \u0219i scannere termice \u00een principalele cl\u0103diri ale Prim\u0103riei, la centrele pentru rela\u021bii cu publicul, \u00een spitale \u0219i policlinici \u0219i \u00een zonele aglomerate, stabilirea unui num\u0103r maxim de persoane c\u0103rora s\u0103 le fie permis accesul \u00een parcuri. De asemenea, cadrele medicale, \u0219oferii din transportul public \u0219i func\u021bionarii ar trebui testa\u021bi periodic.<\/p>\n\n\n\n<p><strong>Ce a f\u0103cut Gabriela Firea<\/strong><\/p>\n\n\n\n<p>Testarea cadrelor medicale \u0219i a angaja\u021bilor din transportul public \u0219i din serviciile sociale a fost deja promis\u0103 de Prim\u0103ria Capitalei, cu mai mult de o lun\u0103 \u00een urm\u0103. Cu toate acestea, Nicu\u0219or Dan acuz\u0103 Prim\u0103ria c\u0103 nu ar fi efectuat test\u0103rile promise.<\/p>\n\n\n\n<p>Testarea, \u00een mod voluntar, a peste 11.000 de bucure\u0219teni a fost aprobat\u0103 s\u0103pt\u0103m\u00e2na trecut\u0103 de Consiliul General al Municipiului Bucure\u0219ti. Tot s\u0103pt\u0103m\u00e2na trecut\u0103 a mai fost aprobat un proiect de a testa 10.5000 de bucure\u0219teni pentru anticorpi.<\/p>\n\n\n\n<p>PMB a mai lansat un num\u0103r telefonic pentru consiliere psihologic\u0103 \u0219i a <a href=\"https:\/\/www.digi24.ro\/stiri\/actualitate\/firea-anunta-o-adresa-de-e-mail-la-care-pot-scrie-cei-care-pot-ajuta-pmb-cu-spatii-de-cazare-1274607\">creat<\/a> o adres\u0103 de mail la care pot scrie cei care ofer\u0103 spa\u021bii de cazare, cei care doresc s\u0103 ofere m\u00e2ncare \u0219i obiecte de \u00eengrijire personal\u0103 persoanelor aflate \u00een carantin\u0103, sau cei care vor s\u0103 se ofere voluntari pentru a face cump\u0103r\u0103turi persoanelor aflate \u00een izolare.<\/p>\n\n\n\n<h2 class=\"wp-block-heading\">Poluare<\/h2>\n\n\n\n<div class=\"wp-block-image\"><figure class=\"aligncenter size-large is-resized\"><img decoding=\"async\" src=\"data:image\/gif;base64,R0lGODlhAQABAAAAACH5BAEKAAEALAAAAAABAAEAAAICTAEAOw==\" data-src=\"https:\/\/buletin.de\/bucuresti\/wp-content\/uploads\/factory.png\" alt=\"\" class=\"wp-image-7356 lazyload\" width=\"142\" height=\"142\" data-sizes=\"auto\" data-srcset=\"https:\/\/buletin.de\/bucuresti\/wp-content\/uploads\/factory.png 512w, https:\/\/buletin.de\/bucuresti\/wp-content\/uploads\/factory-300x300.png 300w, https:\/\/buletin.de\/bucuresti\/wp-content\/uploads\/factory-100x100.png 100w, https:\/\/buletin.de\/bucuresti\/wp-content\/uploads\/factory-150x150.png 150w, https:\/\/buletin.de\/bucuresti\/wp-content\/uploads\/factory-500x500.png 500w\" sizes=\"(max-width: 142px) 100vw, 142px\" \/><\/figure><\/div>\n\n\n\n<p><strong>Ce propune Nicu\u0219or Dan&nbsp;<\/strong><\/p>\n\n\n\n<p>Se propune sp\u0103larea complet\u0103 a str\u0103zilor, crearea de noi spa\u021bii verzi, instalarea unei re\u021bele de senzori ai polu\u0103rii aerului \u00een Bucure\u0219ti \u0219i Ilfov, verificarea respect\u0103rii normelor de protec\u021bia mediului \u00een \u0219antierele din Bucure\u0219ti, \u0219i blocarea depozit\u0103rii ilegale a de\u0219eurilor, \u00een special \u00een construc\u021bii.<\/p>\n\n\n\n<p><strong>Ce a f\u0103cut Gabriela Firea<\/strong><\/p>\n\n\n\n<p>\u00cen aprilie, Rom\u00e2nia a fost <a href=\"https:\/\/buletin.de\/bucuresti\/romania-condamnata-la-curtea-europeana-de-justitie-pentru-boala-aerului-din-bucuresti\/\">condamnat\u0103<\/a> la Curtea de Justi\u021biei a Uniunii Europeene dup\u0103 ce Prim\u0103ria Capitalei nu a reu\u0219it s\u0103 reduc\u0103 poluarea cu particule PM10 \u00een municipiul Bucure\u0219ti, unde concentra\u021bia poluantului dep\u0103\u0219e\u0219te valorile limit\u0103.&nbsp;<\/p>\n\n\n\n<p>Mai mult, Primarul Capitalei a anulat o tax\u0103 auto pentru ma\u0219inile poluante instituit\u0103 la \u00eenceputul anului, cit\u00e2nd ca motiv principal opozi\u021bia cet\u0103\u021benilor.<\/p>\n\n\n\n<h2 class=\"wp-block-heading\">Spitale<\/h2>\n\n\n\n<div class=\"wp-block-image\"><figure class=\"aligncenter size-large is-resized\"><img decoding=\"async\" src=\"data:image\/gif;base64,R0lGODlhAQABAAAAACH5BAEKAAEALAAAAAABAAEAAAICTAEAOw==\" data-src=\"https:\/\/buletin.de\/bucuresti\/wp-content\/uploads\/hospital.png\" alt=\"\" class=\"wp-image-7354 lazyload\" width=\"142\" height=\"142\" data-sizes=\"auto\" data-srcset=\"https:\/\/buletin.de\/bucuresti\/wp-content\/uploads\/hospital.png 512w, https:\/\/buletin.de\/bucuresti\/wp-content\/uploads\/hospital-300x300.png 300w, https:\/\/buletin.de\/bucuresti\/wp-content\/uploads\/hospital-100x100.png 100w, https:\/\/buletin.de\/bucuresti\/wp-content\/uploads\/hospital-150x150.png 150w, https:\/\/buletin.de\/bucuresti\/wp-content\/uploads\/hospital-500x500.png 500w\" sizes=\"(max-width: 142px) 100vw, 142px\" \/><\/figure><\/div>\n\n\n\n<p><strong>Ce propune Nicu\u0219or Dan<\/strong><\/p>\n\n\n\n<p>\u00cen spitalele municipale, Nicu\u0219or Dan spune c\u0103 trebuie stabilite circuite pentru p\u0103strarea distan\u021bei, implementarea program\u0103rilor exculsiv online \u0219i instruirea personalului medical pe noile proceduri de triaj \u0219i de folosire a echipamentelor de protec\u021bie. <\/p>\n\n\n\n<p>De asemenea, medicii de familie ar trebui s\u0103 primeasc\u0103 cursuri epidemiologice, iar re\u021beaua sanitar\u0103 a municipalit\u0103\u021bii pentru testare s\u0103 devin\u0103 autonom\u0103, prin asigurarea testelor \u0219i aparaturii \u0219i formarea sau angajarea unor speciali\u0219ti care s\u0103 interpreteze testele.\u00a0<\/p>\n\n\n\n<p><strong>Ce a f\u0103cut Gabriela Firea<\/strong><\/p>\n\n\n\n<p>\u00cen aprilie, Gabriela Firea a <a href=\"https:\/\/www.digi24.ro\/stiri\/actualitate\/gabriela-firea-despre-testarea-bucurestenilor-nu-mai-pot-avansa-termene-nu-mai-tine-de-mine-suntem-in-alt-scenariu-1285909\">anun\u021bat<\/a> testarea a 6.000 de cadre medicale din Bucure\u0219ti \u0219i a dezvoltat un proiect prin care s\u0103 li se asigure m\u0103\u0219ti \u0219i halate de protec\u021bie tuturor medicilor de familie din Bucure\u0219ti.&nbsp;<\/p>\n\n\n\n<p>De asemenea, a <a href=\"https:\/\/romania.europalibera.org\/a\/primaria-capitalei-cumpara-3-000-de-teste-pentru-cei-din-serviciile-esentiale\/30546066.html\">anun\u021bat<\/a> cre\u0219terea bugetelor pentru S\u0103n\u0103tate, prin restr\u00e2ngerea activit\u0103\u021bilor companiilor \u00eenfiin\u021bate de Prim\u0103ria Capitalei.<\/p>\n\n\n\n<p>Totodat\u0103, spitalele din Bucure\u0219ti <a href=\"https:\/\/www.mediafax.ro\/social\/teama-de-a-contacta-coronavirusul-inseamna-neprezentarea-la-timp-la-spital-avertismentul-medicilor-in-caz-de-avc-19134970\">spun<\/a> c\u0103 au creat circuite \u0219i proceduri pentru a diminua riscul infect\u0103rii cu coronavirus.<\/p>\n\n\n\n<p>Pe 8 mai, Gabriela Firea a <a href=\"https:\/\/www.facebook.com\/PMBucuresti\/posts\/1692665760871461?__tn__=K-R\">inaugurat<\/a> un nou spital Covid modular, cel mai mare de acest tip din \u021bar\u0103, care poate primi 500 de pacien\u021bi infecta\u021bi cu noul coronavirus, unde au fost \u00eens\u0103 descoperite mai multe <a href=\"https:\/\/buletin.de\/bucuresti\/foto-cealalta-fatada-a-spitalului-modular-covid-19-inaugurat-azi-de-gabriela-firea-cu-usi-si-geamuri-lipsa\/\">nereguli<\/a>.<\/p>\n\n\n\n<h2 class=\"wp-block-heading\">Parcuri<\/h2>\n\n\n\n<div class=\"wp-block-image\"><figure class=\"aligncenter size-large is-resized\"><img loading=\"lazy\" decoding=\"async\" src=\"data:image\/gif;base64,R0lGODlhAQABAAAAACH5BAEKAAEALAAAAAABAAEAAAICTAEAOw==\" data-src=\"https:\/\/buletin.de\/bucuresti\/wp-content\/uploads\/park-1.png\" alt=\"\" class=\"wp-image-7351 lazyload\" width=\"142\" height=\"142\" data-sizes=\"auto\" data-srcset=\"https:\/\/buletin.de\/bucuresti\/wp-content\/uploads\/park-1.png 512w, https:\/\/buletin.de\/bucuresti\/wp-content\/uploads\/park-1-300x300.png 300w, https:\/\/buletin.de\/bucuresti\/wp-content\/uploads\/park-1-100x100.png 100w, https:\/\/buletin.de\/bucuresti\/wp-content\/uploads\/park-1-150x150.png 150w, https:\/\/buletin.de\/bucuresti\/wp-content\/uploads\/park-1-500x500.png 500w\" sizes=\"(max-width: 142px) 100vw, 142px\" \/><\/figure><\/div>\n\n\n\n<p><strong>Ce propune Nicu\u0219or Dan<\/strong><\/p>\n\n\n\n<p>\u00cen ceea ce prive\u0219te parcurile, Nicu\u0219or Dan preia c\u00e2teva m\u0103suri dezvoltate de Grow Up Rom\u00e2nia. Cet\u0103\u021benii ar trebui \u00eencuraja\u021bi explicit s\u0103 p\u0103\u0219easc\u0103 pe iarb\u0103, astfel l\u0103rgindu-se spa\u021biul de recreere al acestora. <\/p>\n\n\n\n<p>Recomand\u0103 igienizarea constant\u0103 a aleilor, b\u0103ncilor \u0219i meselor, interzicerea consumului de alimente \u0219i b\u0103uturi \u00een parc, instalarea de robinete cu ap\u0103 \u0219i s\u0103pun la intr\u0103ri, \u0219i p\u0103strarea spa\u021biilor de joac\u0103 pentru copii \u00eenchise. <\/p>\n\n\n\n<p>De asemenea, Nicu\u0219or Dan sus\u021bine pietonalizarea \u00een weekend a str\u0103zilor adiacente spa\u021biilor de plimbare, o propunere \u00eenaintat\u0103 de ARCEN, un ONG dedicat conserv\u0103rii patrimoniului Capitalei.<\/p>\n\n\n\n<p><strong>Ce a f\u0103cut Gabriela Firea<\/strong><\/p>\n\n\n\n<p>Prim\u0103ria Capitalei a <a href=\"https:\/\/buletin.de\/bucuresti\/primaria-da-mai-mult-decat-i-se-cere-centrul-bucurestiului-transformat-in-spatiu-pietonal-in-weekend-de-pe-22-mai\/\">aprobat<\/a> deja transformarea unor spa\u021bii largi din centrul Bucure\u0219tiului \u00een spa\u021bii pietonale pe timp de weekend, \u00een perioada crizei, m\u0103sur\u0103 care va fi pus\u0103 \u00een aplicare \u00eencep\u00e2nd cu 22 mai. <\/p>\n\n\n\n<p>Proiectul care a primit votul Prim\u0103riei are la baz\u0103 un proiect-pilot dezvoltat de ARCEN, care dorea ini\u021bial extinderea Gr\u0103dinii Icoanei \u0219i a Parcului Ioanid prin pietonalizarea str\u0103zilor adiacente la final de s\u0103pt\u0103m\u00e2n\u0103. <\/p>\n\n\n\n<p>La spa\u021biul propus spre pietonalizare de ARCEN, Prim\u0103ria a ad\u0103ugat alte \u0219ase zone centrale \u00een varianta final\u0103.<\/p>\n\n\n\n<h2 class=\"wp-block-heading\">Transport<\/h2>\n\n\n\n<div class=\"wp-block-image\"><figure class=\"aligncenter size-large is-resized\"><img loading=\"lazy\" decoding=\"async\" src=\"data:image\/gif;base64,R0lGODlhAQABAAAAACH5BAEKAAEALAAAAAABAAEAAAICTAEAOw==\" data-src=\"https:\/\/buletin.de\/bucuresti\/wp-content\/uploads\/bicycle-parking.png\" alt=\"\" class=\"wp-image-7355 lazyload\" width=\"142\" height=\"142\" data-sizes=\"auto\" data-srcset=\"https:\/\/buletin.de\/bucuresti\/wp-content\/uploads\/bicycle-parking.png 512w, https:\/\/buletin.de\/bucuresti\/wp-content\/uploads\/bicycle-parking-300x300.png 300w, https:\/\/buletin.de\/bucuresti\/wp-content\/uploads\/bicycle-parking-100x100.png 100w, https:\/\/buletin.de\/bucuresti\/wp-content\/uploads\/bicycle-parking-150x150.png 150w, https:\/\/buletin.de\/bucuresti\/wp-content\/uploads\/bicycle-parking-500x500.png 500w\" sizes=\"(max-width: 142px) 100vw, 142px\" \/><\/figure><\/div>\n\n\n\n<p><strong>Ce propune Nicu\u0219or Dan<\/strong><\/p>\n\n\n\n<p>Pentru Nicu\u0219or Dan, o direc\u021bie important\u0103 \u00een perioada urm\u0103toare o reprezint\u0103 dezvoltarea unei re\u021bele de piste pentru biciclete \u0219i implementarea pistelor deja promise de Consiliul General.<\/p>\n\n\n\n<p>\u201ePentru Bucure\u0219ti o adev\u0103rat\u0103 re\u021bea de piste pentru biciclete, care s\u0103 lege zonele ora\u0219ului, este de avut \u00een vedere dup\u0103 degrevarea ora\u0219ului de o parte din ma\u0219inile parcate, \u00een urma aplic\u0103rii unei adev\u0103rate strategii de parcare\u201d, spune acesta, d\u00e2nd exemplul ora\u0219ului Bogota care a reu\u0219it diminuarea traficului, dup\u0103 ce \u0219i-a extins re\u021beaua de la 550 kilometri la 625 kilometri.&nbsp;<\/p>\n\n\n\n<p>Nicu\u0219or Dan mai sus\u021bine circula\u021bia cu \u00eentreaga flot\u0103 de mijloace de transport \u00een comun, instalarea de dispensere cu dezinfectant \u00een interiorul acestora, marcarea punctelor \u00een care pasagerii pot sta \u00een picioare \u0219i pe scaune, dar \u0219i a circuitelor de urcare \u0219i cobor\u00e2re \u00een sta\u021bii. \u0218oferii \u0219i vatmani ar trebui s\u0103 primeasc\u0103 m\u0103\u0219ti la fiecare 4 ore, iar spa\u021biul din spatele acestora s\u0103 fie interzis pentru sta\u021bionare. Mai mult, ar trebui instalat\u0103 o folie de protec\u021bie \u00een taxiuri \u00eentre \u0219oferi \u0219i pasageri, mai spune acesta.<\/p>\n\n\n\n<p>Nicu\u0219or Dan propune \u0219i l\u0103rgirea provizorie a trotuarelor care sunt intens circulate \u0219i nu permit distan\u021ba social\u0103, la cererea bucure\u0219tenilor. <\/p>\n\n\n\n<p><strong>Ce a f\u0103cut Gabriela Firea<\/strong><\/p>\n\n\n\n<p>Anul trecut, Prim\u0103ria Capitalei a primit aproximativ 45 de milioane de lei de la bugetul de stat pentru a construi 4 trasee de biciclet\u0103 care ar fi \u00eensumat 48 km, piste care nu au fost \u00eens\u0103 construite. <\/p>\n\n\n\n<p>De asemenea, \u00een 2017 a fost aprobat un <a href=\"https:\/\/buletin.de\/bucuresti\/radiografia-unui-oras-cu-multe-biciclete-pe-hartie\/\">plan<\/a> prin care Prim\u0103ria Capitalei se angaja s\u0103 construiasc\u0103 pe termen lung, printre altele infrastructur\u0103 pentru biciclete de 250 km \u00een Bucure\u0219ti, iar \u00een Ilfov 100 km de re\u021bea de agrement pentru biciclete. Cu toate acestea, prima etap\u0103 a proiectului care prevedea 12 proiecte prioritare cu piste de 60 km nu a fost realizat\u0103 p\u00e2n\u0103 \u00een aprilie 2019, lun\u0103 care reprezenta finalul duratei de execu\u021bie promise.&nbsp;<\/p>\n\n\n\n<p>\u00cen ceea ce prive\u0219te transportul public, Societatea de Transport Bucure\u015fti (STB) a <a href=\"https:\/\/www.zf.ro\/eveniment\/noi-reguli-pentru-transportul-in-comun-din-bucuresti-incepand-cu-18-19114911\">anun\u021bat<\/a> deja c\u0103 va scoate pe traseu \u00eentreaga flot\u0103 de pe 18 mai \u0219i c\u0103 va dezinfecta at\u00e2t vehiculele, c\u00e2t \u0219i sta\u021biile de a\u0219teptare. \u00cen starea de alert\u0103, urcarea c\u0103l\u0103torilor se face doar pe u\u0219a din fa\u021b\u0103, cu limitarea num\u0103rului de pasageri pentru a se men\u021bine distan\u021ba de protec\u021bie, iar cobor\u00e2rea se efectueaz\u0103 pe celelalte u\u0219i.<\/p>\n\n\n\n<p>Gabriela Firea a promis \u0219i testarea tuturor \u0219oferilor STB, dup\u0103 cum a fost men\u021bionat mai sus.<\/p>\n\n\n\n<p>Totodat\u0103, Prim\u0103ria Capitalei a inaugurat s\u0103pt\u0103m\u00e2na trecut\u0103, pentru probe tehnice, primul dintre cele 120 de autobuze hibrid achizi\u021bionate prin fonduri europene, urm\u00e2nd ca restul s\u0103 vin\u0103 c\u00e2te 20 \u00een fiecare lun\u0103, a <a href=\"https:\/\/playtech.ro\/2020\/gabriela-firea-trafic-bucuresti-restrictii\/\">declarat<\/a> Gabriela Firea. Pe l\u00e2ng\u0103 acestea, Prim\u0103ria ar mai fi atribuit contracte de cump\u0103rare pentru 300 de <a href=\"https:\/\/stirileprotv.ro\/stiri\/actualitate\/firea-castigatorul-licitatiei-pentru-cele-130-de-autobuze-hibrid-este-mercedes-benz.html\">mijloace<\/a> de transport \u00een comun (100 de autobuze electrice, 100 de troleibuze \u0219i 100 de tramvaie).<\/p>\n\n\n\n<h2 class=\"wp-block-heading\">Relansarea economiei<\/h2>\n\n\n\n<div class=\"wp-block-image\"><figure class=\"aligncenter size-large is-resized\"><img loading=\"lazy\" decoding=\"async\" src=\"data:image\/gif;base64,R0lGODlhAQABAAAAACH5BAEKAAEALAAAAAABAAEAAAICTAEAOw==\" data-src=\"https:\/\/buletin.de\/bucuresti\/wp-content\/uploads\/vending-machine.png\" alt=\"\" class=\"wp-image-7352 lazyload\" width=\"142\" height=\"142\" data-sizes=\"auto\" data-srcset=\"https:\/\/buletin.de\/bucuresti\/wp-content\/uploads\/vending-machine.png 512w, https:\/\/buletin.de\/bucuresti\/wp-content\/uploads\/vending-machine-300x300.png 300w, https:\/\/buletin.de\/bucuresti\/wp-content\/uploads\/vending-machine-100x100.png 100w, https:\/\/buletin.de\/bucuresti\/wp-content\/uploads\/vending-machine-150x150.png 150w, https:\/\/buletin.de\/bucuresti\/wp-content\/uploads\/vending-machine-500x500.png 500w\" sizes=\"(max-width: 142px) 100vw, 142px\" \/><\/figure><\/div>\n\n\n\n<p><strong>Ce propune Nicu\u0219or Dan<\/strong><\/p>\n\n\n\n<p>Economia local\u0103 ar trebui stimulat\u0103 prin dezvoltarea lucr\u0103rilor de infrastructur\u0103 de mare anvergur\u0103, dar \u0219i printr-o politic\u0103 predictibil\u0103 de achizi\u021bii. De asemenea, anularea contractelor de publicitate ale Prim\u0103riei ar putea combate risipirea banilor publici.<\/p>\n\n\n\n<p>Totodat\u0103, sunt propuse prelungirea automat\u0103, p\u00e2n\u0103 la sf\u00e2r\u0219itul anului, a autoriza\u021biilor de func\u021bionare pentru activit\u0103\u021bile comerciale care expir\u0103 \u00een cursul anului, scutirea de taxe locale pentru afacerile care au avut de suferit \u0219i scutirea de taxe pentru propriet\u0103\u021bi \u00een perioada pentru care nu au fost \u00eencasate chirii.&nbsp;<\/p>\n\n\n\n<p>De asemenea, ar trebui creat un departament special al Prim\u0103riei care s\u0103 sus\u021bin\u0103 integral digitalizarea afacerilor sau crearea de condi\u021bii de telemunc\u0103, \u0219i afacerile afectate de criza de coronavirus, precum start-upurile sau firmele de turism, ar putea primi spa\u021bii de birouri subven\u021bionate de Prim\u0103riei.&nbsp;<\/p>\n\n\n\n<p>Pentru stimularea sectorului Horeca, Nicu\u0219or Dan propune 100.000 bonuri de consum a c\u00e2te 100 de lei, pentru comenzi la restaurante \u0219i cafenele, urm\u00e2nd o ini\u021biativ\u0103 asem\u0103n\u0103toare implementat\u0103 la Viena. Valoarea total\u0103 a acestor bonuri ar fi de 10 milioane de lei, sum\u0103 despre care Nicu\u0219or Dan spune c\u0103 ar fi egal\u0103 cu banii \u201ecolecta\u021bi p\u00e2n\u0103 acum din taxa de promovare turistic\u0103 \u0219i nefolosi\u021bi.\u201d<\/p>\n\n\n\n<p>Restaurantele ar mai putea primi locuri de parcare gratuite pentru a putea func\u021biona \u00een regim take-away \u0219i drive-in, dar \u0219i spa\u021bii din domeniul public, f\u0103r\u0103 taxa local\u0103, pentru a se extinde, atunci c\u00e2nd legea o va permite.&nbsp;<\/p>\n\n\n\n<p>O alt\u0103 propunere o reprezint\u0103 promovarea pie\u021belor virtuale, care reunesc online produc\u0103tori \u0219i clien\u021bi din Bucure\u0219ti, asigur\u00e2nd livrarea periodic\u0103 a produselor.&nbsp;<\/p>\n\n\n\n<p>De asemenea, taximetria local\u0103 ar putea fi sus\u021binut\u0103 prin livrarea de hran\u0103 \u0219i medicamente pentru persoanele vulnerabile.<\/p>\n\n\n\n<p><strong>Ce a f\u0103cut Gabriela Firea<\/strong><\/p>\n\n\n\n<p>Gabriela Firea a <a href=\"https:\/\/romania.europalibera.org\/a\/primaria-capitalei-cumpara-3-000-de-teste-pentru-cei-din-serviciile-esentiale\/30546066.html\">anun\u021bat<\/a> reorganizarea celor 21 de companii municipale, prin fuziune \u0219i absorb\u021bie, \u00een 13 companii, pentru a restr\u00e2nge cheltuielile \u0219i a putea fi direc\u021bionate bugete mai mari c\u0103tre S\u0103n\u0103tate.<\/p>\n\n\n\n<p>De asemenea, pe 15 mai PMB anun\u021ba pe Facebook deschiderea unui nou \u0219antier pentru proiectul de modernizare a sistemului primar de distribu\u021bie a agentului termic din Bucure\u0219ti, \u0219i re\u00eenceperea lucr\u0103rilor pe \u0219antierul din zona Pie\u021bei Bobocica.<\/p>\n\n\n\n<h2 class=\"wp-block-heading\">Educa\u021bie<\/h2>\n\n\n\n<div class=\"wp-block-image\"><figure class=\"aligncenter size-large is-resized\"><img loading=\"lazy\" decoding=\"async\" src=\"data:image\/gif;base64,R0lGODlhAQABAAAAACH5BAEKAAEALAAAAAABAAEAAAICTAEAOw==\" data-src=\"https:\/\/buletin.de\/bucuresti\/wp-content\/uploads\/computer-2.png\" alt=\"\" class=\"wp-image-7358 lazyload\" width=\"142\" height=\"142\" data-sizes=\"auto\" data-srcset=\"https:\/\/buletin.de\/bucuresti\/wp-content\/uploads\/computer-2.png 512w, https:\/\/buletin.de\/bucuresti\/wp-content\/uploads\/computer-2-300x300.png 300w, https:\/\/buletin.de\/bucuresti\/wp-content\/uploads\/computer-2-100x100.png 100w, https:\/\/buletin.de\/bucuresti\/wp-content\/uploads\/computer-2-150x150.png 150w, https:\/\/buletin.de\/bucuresti\/wp-content\/uploads\/computer-2-500x500.png 500w\" sizes=\"(max-width: 142px) 100vw, 142px\" \/><\/figure><\/div>\n\n\n\n<p><strong>Ce propune Nicu\u0219or Dan<\/strong><\/p>\n\n\n\n<p>Nicu\u0219or Dan spune c\u0103 Prim\u0103ria Capitalei ar trebui s\u0103 asigure echipamentele \u0219i programele informatice necesare, iar Prim\u0103riile de sector echipamentele pentru desf\u0103\u0219urarea cursurilor online.<\/p>\n\n\n\n<p><strong>Ce a f\u0103cut Gabriela Firea<\/strong><\/p>\n\n\n\n<p>S\u0103pt\u0103m\u00e2na trecut\u0103, Consiliul General a <a href=\"https:\/\/www.hotnews.ro\/stiri-administratie_locala-23989022-primaria-capitalei-circa-3-5-milioane-lei-unui-ong-elevii-profesorii-din-bucuresti-aiba-acces-biblioteca-digitala-pana-finalul-anului-biblioteca-digitala-primariei-nu-mai-functioneaza.htm\">aprobat<\/a> un proiect prin care Prim\u0103ria Capitalei va cump\u0103ra abonamente lunare, \u00een valoare de aproximativ 3,5 milioane de lei, pentru elevi \u0219i profesori pentru o bibliotec\u0103 digital\u0103 care momentan nu poate fi accesat\u0103 online.<\/p>\n\n\n\n<p>De asemenea, Prim\u0103ria Capitalei a lansat o <a href=\"https:\/\/www.hubproedus.ro\/\">platform\u0103<\/a> cu lec\u021bii online pentru elevi, pe care \u0219i-a propus s\u0103 o extind\u0103 la nivel na\u021bional.<\/p>\n\n\n\n<h2 class=\"wp-block-heading\">Social<\/h2>\n\n\n\n<div class=\"wp-block-image\"><figure class=\"aligncenter size-large is-resized\"><img loading=\"lazy\" decoding=\"async\" src=\"data:image\/gif;base64,R0lGODlhAQABAAAAACH5BAEKAAEALAAAAAABAAEAAAICTAEAOw==\" data-src=\"https:\/\/buletin.de\/bucuresti\/wp-content\/uploads\/care.png\" alt=\"\" class=\"wp-image-7359 lazyload\" width=\"142\" height=\"142\" data-sizes=\"auto\" data-srcset=\"https:\/\/buletin.de\/bucuresti\/wp-content\/uploads\/care.png 512w, https:\/\/buletin.de\/bucuresti\/wp-content\/uploads\/care-300x300.png 300w, https:\/\/buletin.de\/bucuresti\/wp-content\/uploads\/care-100x100.png 100w, https:\/\/buletin.de\/bucuresti\/wp-content\/uploads\/care-150x150.png 150w, https:\/\/buletin.de\/bucuresti\/wp-content\/uploads\/care-500x500.png 500w\" sizes=\"(max-width: 142px) 100vw, 142px\" \/><\/figure><\/div>\n\n\n\n<p><strong>Ce propune Nicu\u0219or Dan<\/strong><\/p>\n\n\n\n<p>Nicu\u0219or Dan propune standardizarea procedurilor de asisten\u021b\u0103 social\u0103 la nivelul Prim\u0103riei Capitalei, centralizarea eviden\u021bei persoanelor care au nevoie de hran\u0103, medicamente sau asisten\u021b\u0103 la domiciliu, \u0219i oferirea de m\u0103\u0219ti gratuite pentru persoane aflate \u00eentr-o situa\u021bie social\u0103 dificil\u0103.&nbsp;<\/p>\n\n\n\n<p>De asemenea, copiii din medii defavorizate ar trebui s\u0103 primeasc\u0103 ajutor din partea Prim\u0103riei de sector pentru a participa la cursuri online.<\/p>\n\n\n\n<p><strong>Ce a f\u0103cut Gabriela Firea<\/strong><\/p>\n\n\n\n<p>Prim\u0103ria Capitalei anun\u021ba pe Facebook pe 13 mai c\u0103 procedura de depunere a dosarelor pentru a avea acces la cantinele sociale a fost simplificat\u0103 \u0219i c\u0103 num\u0103rul beneficiarilor cantinelor sociale a crescut \u00een timpul pandemiei de la 800 la 3.000.<\/p>\n\n\n\n<p>Pe 14 mai, PMB anun\u021ba pe Facebook un proiect care va oferi c\u00e2te 500 de lei pentru 4.000 de copii pentru achizi\u021bionarea de ochelari \u201e\u00eentr-o perioad\u0103 \u00een care o parte dintre p\u0103rin\u021bi pot fi afecta\u021bi financiar de epidemie\u201d, dup\u0103 cum a motivat Gabriela Firea.<\/p>\n\n\n\n<p>Prim\u0103ria Capitalei a demarat un <a href=\"https:\/\/www.facebook.com\/PMBucuresti\/posts\/1696616003809770?__tn__=K-R\">proiect<\/a> care va facilita monitorizarea la distan\u021b\u0103 a 600 de v\u00e2rstnici vulnerabili.<\/p>\n\n\n\n<p>Gabriela Firea a mai propus spre dezbatere un <a href=\"https:\/\/romania.europalibera.org\/a\/primaria-capitalei-cumpara-3-000-de-teste-pentru-cei-din-serviciile-esentiale\/30546066.html\">proiect<\/a> prin care li se asigur\u0103 \u00eengrijire copiiilor care ar putea r\u0103m\u00e2ne singuri acas\u0103 \u00een aceast\u0103 perioad\u0103.<\/p>\n\n\n\n<h2 class=\"wp-block-heading\">Cultur\u0103<\/h2>\n\n\n\n<div class=\"wp-block-image\"><figure class=\"aligncenter size-large is-resized\"><img loading=\"lazy\" decoding=\"async\" src=\"data:image\/gif;base64,R0lGODlhAQABAAAAACH5BAEKAAEALAAAAAABAAEAAAICTAEAOw==\" data-src=\"https:\/\/buletin.de\/bucuresti\/wp-content\/uploads\/museum.png\" alt=\"\" class=\"wp-image-7353 lazyload\" width=\"142\" height=\"142\" data-sizes=\"auto\" data-srcset=\"https:\/\/buletin.de\/bucuresti\/wp-content\/uploads\/museum.png 512w, https:\/\/buletin.de\/bucuresti\/wp-content\/uploads\/museum-300x300.png 300w, https:\/\/buletin.de\/bucuresti\/wp-content\/uploads\/museum-100x100.png 100w, https:\/\/buletin.de\/bucuresti\/wp-content\/uploads\/museum-150x150.png 150w, https:\/\/buletin.de\/bucuresti\/wp-content\/uploads\/museum-500x500.png 500w\" sizes=\"(max-width: 142px) 100vw, 142px\" \/><\/figure><\/div>\n\n\n\n<p><strong>Ce propune Nicu\u0219or Dan<\/strong><\/p>\n\n\n\n<p>Nicu\u0219or Dan propune crearea unei platforme digitale a Prim\u0103riei care s\u0103 ofere tururi virtuale ale muzeelor bucure\u0219tene, care ar putea \u0219i facilita v\u00e2nzarea de bilete online. <\/p>\n\n\n\n<p>O alt\u0103 idee este organizarea unui concurs de proiecte culturale difuzate online, care s\u0103 poat\u0103 fi realizate p\u0103str\u00e2nd distan\u021ba de protec\u021bie, cum ar fi piese de teatru cu un num\u0103r redus de actori.<\/p>\n\n\n\n<p>De asemenea, ar putea fi organizate proiec\u021bii de filme \u00een regim drive-in \u00een spa\u021bii publice mari, precum Romexpo, aeroportul B\u0103neasa sau Arena Na\u021bional\u0103.<\/p>\n\n\n\n<p>Sunt propuse \u0219i c\u00e2teva m\u0103suri care ar sprijini financiar sectorul cultural, cum ar fi granturi de subzisten\u021b\u0103 pentru operatori culturali independen\u021bi, pe perioada crizei, \u0219i bonuri culturale, asem\u0103n\u0103toare celor propuse pentru sectorul Horeca, a c\u00e2te 100 de lei, care ar putea fi folosite pentru a cump\u0103ra c\u0103r\u021bi sau bilete la spectacole online.<\/p>\n\n\n\n<p><strong>Ce a f\u0103cut Gabriela Firea<\/strong><\/p>\n\n\n\n<p>Institu\u021biile culturale subordonate PMB (muzee, teatre etc.) \u0219i-au continuat activitatea online, cu spectacole de teatru, concerte, concursuri de crea\u021bie literar\u0103 \u0219i lec\u021bii de istorie, printre altele. \u00cen fiecare s\u0103pt\u0103m\u00e2n\u0103, PMB a promovat pe pagina de Facebook programul oferit de aceste institu\u021bii.<\/p>\n\n\n\n<p>Surs\u0103 foto: Facebook Nicu\u0219or Dan, Facebook Prim\u0103ria Municipiului Bucure\u0219ti<br><\/p>\n","protected":false},"excerpt":{"rendered":"<p>Candidatul opozi\u021biei la Prim\u0103ria Capitalei, Nicu\u0219or Dan, a propus duminic\u0103 un pachet de m\u0103suri pentru redeschiderea treptat\u0103 a Bucure\u0219tiului, care ar trebui implementate de Prim\u0103ria Capitalei. Ce propune Nicu\u0219or Dan \u0219i ce a f\u0103cut Primarul Capitalei Gabriela Firea? M\u0103suri generale Ce propune Nicu\u0219or Dan Planul s\u0103u propune protocoale de dezinfec\u021bie \u0219i scannere termice \u00een principalele [&hellip;]<\/p>\n","protected":false},"author":15,"featured_media":7364,"comment_status":"closed","ping_status":"open","sticky":false,"template":"","format":"standard","meta":{"_acf_changed":false,"inline_featured_image":false,"ngg_post_thumbnail":0,"footnotes":""},"categories":[996,24],"tags":[529,643,28,223,276,258,35],"ppma_author":[22592],"class_list":["post-7341","post","type-post","status-publish","format-standard","has-post-thumbnail","hentry","category-covid-19","category-primarie","tag-coronavirus","tag-covid19","tag-firea","tag-nicusor-dan","tag-primaria-bucuresti","tag-primaria-capitalei","tag-primarie"],"acf":[],"yoast_head":"<!-- This site is optimized with the Yoast SEO Premium plugin v25.3 (Yoast SEO v27.5) - https:\/\/yoast.com\/product\/yoast-seo-premium-wordpress\/ -->\n<title>Nicu\u0219or Dan vs Gabriela Firea. Redeschiderea Capitalei \u00een viziunea celor doi - Buletin de Bucure\u0219ti<\/title>\n<meta name=\"robots\" content=\"index, follow, max-snippet:-1, max-image-preview:large, max-video-preview:-1\" \/>\n<link rel=\"canonical\" href=\"https:\/\/buletin.de\/bucuresti\/nicusor-dan-vs-gabriela-firea-redeschiderea-capitalei-in-viziunea-celor-doi\/\" \/>\n<meta property=\"og:locale\" content=\"en_GB\" \/>\n<meta property=\"og:type\" content=\"article\" \/>\n<meta property=\"og:title\" content=\"Nicu\u0219or Dan vs Gabriela Firea. Redeschiderea Capitalei \u00een viziunea celor doi\" \/>\n<meta property=\"og:description\" content=\"Candidatul opozi\u021biei la Prim\u0103ria Capitalei, Nicu\u0219or Dan, a propus duminic\u0103 un pachet de m\u0103suri pentru redeschiderea treptat\u0103 a Bucure\u0219tiului, care ar trebui implementate de Prim\u0103ria Capitalei. Ce propune Nicu\u0219or Dan \u0219i ce a f\u0103cut Primarul Capitalei Gabriela Firea? M\u0103suri generale Ce propune Nicu\u0219or Dan Planul s\u0103u propune protocoale de dezinfec\u021bie \u0219i scannere termice \u00een principalele [&hellip;]\" \/>\n<meta property=\"og:url\" content=\"https:\/\/buletin.de\/bucuresti\/nicusor-dan-vs-gabriela-firea-redeschiderea-capitalei-in-viziunea-celor-doi\/\" \/>\n<meta property=\"og:site_name\" content=\"Buletin de Bucure\u0219ti\" \/>\n<meta property=\"article:publisher\" content=\"https:\/\/www.facebook.com\/buletin.de.buc\" \/>\n<meta property=\"article:published_time\" content=\"2020-05-19T17:32:46+00:00\" \/>\n<meta property=\"article:modified_time\" content=\"2020-05-20T08:26:57+00:00\" \/>\n<meta property=\"og:image\" content=\"https:\/\/buletin.de\/bucuresti\/wp-content\/uploads\/Screen-Shot-2020-05-19-at-21.00.26.png\" \/>\n\t<meta property=\"og:image:width\" content=\"1052\" \/>\n\t<meta property=\"og:image:height\" content=\"524\" \/>\n\t<meta property=\"og:image:type\" content=\"image\/png\" \/>\n<meta name=\"author\" content=\"Irina Anghel\" \/>\n<meta name=\"twitter:card\" content=\"summary_large_image\" \/>\n<meta name=\"twitter:label1\" content=\"Written by\" \/>\n\t<meta name=\"twitter:data1\" content=\"Irina Anghel\" \/>\n\t<meta name=\"twitter:label2\" content=\"Estimated reading time\" \/>\n\t<meta name=\"twitter:data2\" content=\"11 minutes\" \/>\n<script type=\"application\/ld+json\" class=\"yoast-schema-graph\">{\"@context\":\"https:\\\/\\\/schema.org\",\"@graph\":[{\"@type\":\"Article\",\"@id\":\"https:\\\/\\\/buletin.de\\\/bucuresti\\\/nicusor-dan-vs-gabriela-firea-redeschiderea-capitalei-in-viziunea-celor-doi\\\/#article\",\"isPartOf\":{\"@id\":\"https:\\\/\\\/buletin.de\\\/bucuresti\\\/nicusor-dan-vs-gabriela-firea-redeschiderea-capitalei-in-viziunea-celor-doi\\\/\"},\"author\":{\"name\":\"Irina Anghel\",\"@id\":\"https:\\\/\\\/buletin.de\\\/bucuresti\\\/#\\\/schema\\\/person\\\/7a01591ad05c4d2c7261fe7f0383d2af\"},\"headline\":\"Nicu\u0219or Dan vs Gabriela Firea. Redeschiderea Capitalei \u00een viziunea celor doi\",\"datePublished\":\"2020-05-19T17:32:46+00:00\",\"dateModified\":\"2020-05-20T08:26:57+00:00\",\"mainEntityOfPage\":{\"@id\":\"https:\\\/\\\/buletin.de\\\/bucuresti\\\/nicusor-dan-vs-gabriela-firea-redeschiderea-capitalei-in-viziunea-celor-doi\\\/\"},\"wordCount\":2303,\"publisher\":{\"@id\":\"https:\\\/\\\/buletin.de\\\/bucuresti\\\/#organization\"},\"image\":{\"@id\":\"https:\\\/\\\/buletin.de\\\/bucuresti\\\/nicusor-dan-vs-gabriela-firea-redeschiderea-capitalei-in-viziunea-celor-doi\\\/#primaryimage\"},\"thumbnailUrl\":\"https:\\\/\\\/buletin.de\\\/bucuresti\\\/wp-content\\\/uploads\\\/Screen-Shot-2020-05-19-at-21.00.26.png\",\"keywords\":[\"coronavirus\",\"covid19\",\"firea\",\"nicusor dan\",\"primaria bucuresti\",\"primaria capitalei\",\"primarie\"],\"articleSection\":[\"Covid-19\",\"Prim\u0103rie\"],\"inLanguage\":\"en-GB\",\"copyrightYear\":\"2020\",\"copyrightHolder\":{\"@id\":\"https:\\\/\\\/buletin.de\\\/bucuresti\\\/#organization\"}},{\"@type\":\"WebPage\",\"@id\":\"https:\\\/\\\/buletin.de\\\/bucuresti\\\/nicusor-dan-vs-gabriela-firea-redeschiderea-capitalei-in-viziunea-celor-doi\\\/\",\"url\":\"https:\\\/\\\/buletin.de\\\/bucuresti\\\/nicusor-dan-vs-gabriela-firea-redeschiderea-capitalei-in-viziunea-celor-doi\\\/\",\"name\":\"Nicu\u0219or Dan vs Gabriela Firea. Redeschiderea Capitalei \u00een viziunea celor doi - Buletin de Bucure\u0219ti\",\"isPartOf\":{\"@id\":\"https:\\\/\\\/buletin.de\\\/bucuresti\\\/#website\"},\"primaryImageOfPage\":{\"@id\":\"https:\\\/\\\/buletin.de\\\/bucuresti\\\/nicusor-dan-vs-gabriela-firea-redeschiderea-capitalei-in-viziunea-celor-doi\\\/#primaryimage\"},\"image\":{\"@id\":\"https:\\\/\\\/buletin.de\\\/bucuresti\\\/nicusor-dan-vs-gabriela-firea-redeschiderea-capitalei-in-viziunea-celor-doi\\\/#primaryimage\"},\"thumbnailUrl\":\"https:\\\/\\\/buletin.de\\\/bucuresti\\\/wp-content\\\/uploads\\\/Screen-Shot-2020-05-19-at-21.00.26.png\",\"datePublished\":\"2020-05-19T17:32:46+00:00\",\"dateModified\":\"2020-05-20T08:26:57+00:00\",\"breadcrumb\":{\"@id\":\"https:\\\/\\\/buletin.de\\\/bucuresti\\\/nicusor-dan-vs-gabriela-firea-redeschiderea-capitalei-in-viziunea-celor-doi\\\/#breadcrumb\"},\"inLanguage\":\"en-GB\",\"potentialAction\":[{\"@type\":\"ReadAction\",\"target\":[\"https:\\\/\\\/buletin.de\\\/bucuresti\\\/nicusor-dan-vs-gabriela-firea-redeschiderea-capitalei-in-viziunea-celor-doi\\\/\"]}]},{\"@type\":\"ImageObject\",\"inLanguage\":\"en-GB\",\"@id\":\"https:\\\/\\\/buletin.de\\\/bucuresti\\\/nicusor-dan-vs-gabriela-firea-redeschiderea-capitalei-in-viziunea-celor-doi\\\/#primaryimage\",\"url\":\"https:\\\/\\\/buletin.de\\\/bucuresti\\\/wp-content\\\/uploads\\\/Screen-Shot-2020-05-19-at-21.00.26.png\",\"contentUrl\":\"https:\\\/\\\/buletin.de\\\/bucuresti\\\/wp-content\\\/uploads\\\/Screen-Shot-2020-05-19-at-21.00.26.png\",\"width\":1052,\"height\":524},{\"@type\":\"BreadcrumbList\",\"@id\":\"https:\\\/\\\/buletin.de\\\/bucuresti\\\/nicusor-dan-vs-gabriela-firea-redeschiderea-capitalei-in-viziunea-celor-doi\\\/#breadcrumb\",\"itemListElement\":[{\"@type\":\"ListItem\",\"position\":1,\"name\":\"Acas\u0103\",\"item\":\"https:\\\/\\\/buletin.de\\\/bucuresti\\\/\"},{\"@type\":\"ListItem\",\"position\":2,\"name\":\"Nicu\u0219or Dan vs Gabriela Firea. Redeschiderea Capitalei \u00een viziunea celor doi\"}]},{\"@type\":\"WebSite\",\"@id\":\"https:\\\/\\\/buletin.de\\\/bucuresti\\\/#website\",\"url\":\"https:\\\/\\\/buletin.de\\\/bucuresti\\\/\",\"name\":\"Buletin de Bucure\u0219ti\",\"description\":\"\u0218tiri \u0219i investiga\u021bii esen\u021biale din capital\u0103\",\"publisher\":{\"@id\":\"https:\\\/\\\/buletin.de\\\/bucuresti\\\/#organization\"},\"potentialAction\":[{\"@type\":\"SearchAction\",\"target\":{\"@type\":\"EntryPoint\",\"urlTemplate\":\"https:\\\/\\\/buletin.de\\\/bucuresti\\\/?s={search_term_string}\"},\"query-input\":{\"@type\":\"PropertyValueSpecification\",\"valueRequired\":true,\"valueName\":\"search_term_string\"}}],\"inLanguage\":\"en-GB\"},{\"@type\":\"Organization\",\"@id\":\"https:\\\/\\\/buletin.de\\\/bucuresti\\\/#organization\",\"name\":\"Buletin de Bucure\u0219ti\",\"url\":\"https:\\\/\\\/buletin.de\\\/bucuresti\\\/\",\"logo\":{\"@type\":\"ImageObject\",\"inLanguage\":\"en-GB\",\"@id\":\"https:\\\/\\\/buletin.de\\\/bucuresti\\\/#\\\/schema\\\/logo\\\/image\\\/\",\"url\":\"https:\\\/\\\/buletin.de\\\/bucuresti\\\/wp-content\\\/uploads\\\/logo-bdb-full-wide-vernil-transparent.png\",\"contentUrl\":\"https:\\\/\\\/buletin.de\\\/bucuresti\\\/wp-content\\\/uploads\\\/logo-bdb-full-wide-vernil-transparent.png\",\"width\":1782,\"height\":626,\"caption\":\"Buletin de Bucure\u0219ti\"},\"image\":{\"@id\":\"https:\\\/\\\/buletin.de\\\/bucuresti\\\/#\\\/schema\\\/logo\\\/image\\\/\"},\"sameAs\":[\"https:\\\/\\\/www.facebook.com\\\/buletin.de.buc\",\"https:\\\/\\\/www.instagram.com\\\/buletinde.bucuresti\\\/\"]},{\"@type\":\"Person\",\"@id\":\"https:\\\/\\\/buletin.de\\\/bucuresti\\\/#\\\/schema\\\/person\\\/7a01591ad05c4d2c7261fe7f0383d2af\",\"name\":\"Irina Anghel\",\"image\":{\"@type\":\"ImageObject\",\"inLanguage\":\"en-GB\",\"@id\":\"https:\\\/\\\/secure.gravatar.com\\\/avatar\\\/e7d429cbd0c7fe915f817961c0ffb96b407bc87e15aa35cee85f77146f8cce7e?s=96&d=monsterid&r=g693374df2a66e3f4935d210ea15b95ff\",\"url\":\"https:\\\/\\\/secure.gravatar.com\\\/avatar\\\/e7d429cbd0c7fe915f817961c0ffb96b407bc87e15aa35cee85f77146f8cce7e?s=96&d=monsterid&r=g\",\"contentUrl\":\"https:\\\/\\\/secure.gravatar.com\\\/avatar\\\/e7d429cbd0c7fe915f817961c0ffb96b407bc87e15aa35cee85f77146f8cce7e?s=96&d=monsterid&r=g\",\"caption\":\"Irina Anghel\"},\"url\":\"https:\\\/\\\/buletin.de\\\/bucuresti\\\/author\\\/irina\\\/\"}]}<\/script>\n<!-- \/ Yoast SEO Premium plugin. -->","yoast_head_json":{"title":"Nicu\u0219or Dan vs Gabriela Firea. Redeschiderea Capitalei \u00een viziunea celor doi - Buletin de Bucure\u0219ti","robots":{"index":"index","follow":"follow","max-snippet":"max-snippet:-1","max-image-preview":"max-image-preview:large","max-video-preview":"max-video-preview:-1"},"canonical":"https:\/\/buletin.de\/bucuresti\/nicusor-dan-vs-gabriela-firea-redeschiderea-capitalei-in-viziunea-celor-doi\/","og_locale":"en_GB","og_type":"article","og_title":"Nicu\u0219or Dan vs Gabriela Firea. Redeschiderea Capitalei \u00een viziunea celor doi","og_description":"Candidatul opozi\u021biei la Prim\u0103ria Capitalei, Nicu\u0219or Dan, a propus duminic\u0103 un pachet de m\u0103suri pentru redeschiderea treptat\u0103 a Bucure\u0219tiului, care ar trebui implementate de Prim\u0103ria Capitalei. Ce propune Nicu\u0219or Dan \u0219i ce a f\u0103cut Primarul Capitalei Gabriela Firea? M\u0103suri generale Ce propune Nicu\u0219or Dan Planul s\u0103u propune protocoale de dezinfec\u021bie \u0219i scannere termice \u00een principalele [&hellip;]","og_url":"https:\/\/buletin.de\/bucuresti\/nicusor-dan-vs-gabriela-firea-redeschiderea-capitalei-in-viziunea-celor-doi\/","og_site_name":"Buletin de Bucure\u0219ti","article_publisher":"https:\/\/www.facebook.com\/buletin.de.buc","article_published_time":"2020-05-19T17:32:46+00:00","article_modified_time":"2020-05-20T08:26:57+00:00","og_image":[{"width":1052,"height":524,"url":"https:\/\/buletin.de\/bucuresti\/wp-content\/uploads\/Screen-Shot-2020-05-19-at-21.00.26.png","type":"image\/png"}],"author":"Irina Anghel","twitter_card":"summary_large_image","twitter_misc":{"Written by":"Irina Anghel","Estimated reading time":"11 minutes"},"schema":{"@context":"https:\/\/schema.org","@graph":[{"@type":"Article","@id":"https:\/\/buletin.de\/bucuresti\/nicusor-dan-vs-gabriela-firea-redeschiderea-capitalei-in-viziunea-celor-doi\/#article","isPartOf":{"@id":"https:\/\/buletin.de\/bucuresti\/nicusor-dan-vs-gabriela-firea-redeschiderea-capitalei-in-viziunea-celor-doi\/"},"author":{"name":"Irina Anghel","@id":"https:\/\/buletin.de\/bucuresti\/#\/schema\/person\/7a01591ad05c4d2c7261fe7f0383d2af"},"headline":"Nicu\u0219or Dan vs Gabriela Firea. Redeschiderea Capitalei \u00een viziunea celor doi","datePublished":"2020-05-19T17:32:46+00:00","dateModified":"2020-05-20T08:26:57+00:00","mainEntityOfPage":{"@id":"https:\/\/buletin.de\/bucuresti\/nicusor-dan-vs-gabriela-firea-redeschiderea-capitalei-in-viziunea-celor-doi\/"},"wordCount":2303,"publisher":{"@id":"https:\/\/buletin.de\/bucuresti\/#organization"},"image":{"@id":"https:\/\/buletin.de\/bucuresti\/nicusor-dan-vs-gabriela-firea-redeschiderea-capitalei-in-viziunea-celor-doi\/#primaryimage"},"thumbnailUrl":"https:\/\/buletin.de\/bucuresti\/wp-content\/uploads\/Screen-Shot-2020-05-19-at-21.00.26.png","keywords":["coronavirus","covid19","firea","nicusor dan","primaria bucuresti","primaria capitalei","primarie"],"articleSection":["Covid-19","Prim\u0103rie"],"inLanguage":"en-GB","copyrightYear":"2020","copyrightHolder":{"@id":"https:\/\/buletin.de\/bucuresti\/#organization"}},{"@type":"WebPage","@id":"https:\/\/buletin.de\/bucuresti\/nicusor-dan-vs-gabriela-firea-redeschiderea-capitalei-in-viziunea-celor-doi\/","url":"https:\/\/buletin.de\/bucuresti\/nicusor-dan-vs-gabriela-firea-redeschiderea-capitalei-in-viziunea-celor-doi\/","name":"Nicu\u0219or Dan vs Gabriela Firea. Redeschiderea Capitalei \u00een viziunea celor doi - Buletin de Bucure\u0219ti","isPartOf":{"@id":"https:\/\/buletin.de\/bucuresti\/#website"},"primaryImageOfPage":{"@id":"https:\/\/buletin.de\/bucuresti\/nicusor-dan-vs-gabriela-firea-redeschiderea-capitalei-in-viziunea-celor-doi\/#primaryimage"},"image":{"@id":"https:\/\/buletin.de\/bucuresti\/nicusor-dan-vs-gabriela-firea-redeschiderea-capitalei-in-viziunea-celor-doi\/#primaryimage"},"thumbnailUrl":"https:\/\/buletin.de\/bucuresti\/wp-content\/uploads\/Screen-Shot-2020-05-19-at-21.00.26.png","datePublished":"2020-05-19T17:32:46+00:00","dateModified":"2020-05-20T08:26:57+00:00","breadcrumb":{"@id":"https:\/\/buletin.de\/bucuresti\/nicusor-dan-vs-gabriela-firea-redeschiderea-capitalei-in-viziunea-celor-doi\/#breadcrumb"},"inLanguage":"en-GB","potentialAction":[{"@type":"ReadAction","target":["https:\/\/buletin.de\/bucuresti\/nicusor-dan-vs-gabriela-firea-redeschiderea-capitalei-in-viziunea-celor-doi\/"]}]},{"@type":"ImageObject","inLanguage":"en-GB","@id":"https:\/\/buletin.de\/bucuresti\/nicusor-dan-vs-gabriela-firea-redeschiderea-capitalei-in-viziunea-celor-doi\/#primaryimage","url":"https:\/\/buletin.de\/bucuresti\/wp-content\/uploads\/Screen-Shot-2020-05-19-at-21.00.26.png","contentUrl":"https:\/\/buletin.de\/bucuresti\/wp-content\/uploads\/Screen-Shot-2020-05-19-at-21.00.26.png","width":1052,"height":524},{"@type":"BreadcrumbList","@id":"https:\/\/buletin.de\/bucuresti\/nicusor-dan-vs-gabriela-firea-redeschiderea-capitalei-in-viziunea-celor-doi\/#breadcrumb","itemListElement":[{"@type":"ListItem","position":1,"name":"Acas\u0103","item":"https:\/\/buletin.de\/bucuresti\/"},{"@type":"ListItem","position":2,"name":"Nicu\u0219or Dan vs Gabriela Firea. Redeschiderea Capitalei \u00een viziunea celor doi"}]},{"@type":"WebSite","@id":"https:\/\/buletin.de\/bucuresti\/#website","url":"https:\/\/buletin.de\/bucuresti\/","name":"Buletin de Bucure\u0219ti","description":"\u0218tiri \u0219i investiga\u021bii esen\u021biale din capital\u0103","publisher":{"@id":"https:\/\/buletin.de\/bucuresti\/#organization"},"potentialAction":[{"@type":"SearchAction","target":{"@type":"EntryPoint","urlTemplate":"https:\/\/buletin.de\/bucuresti\/?s={search_term_string}"},"query-input":{"@type":"PropertyValueSpecification","valueRequired":true,"valueName":"search_term_string"}}],"inLanguage":"en-GB"},{"@type":"Organization","@id":"https:\/\/buletin.de\/bucuresti\/#organization","name":"Buletin de Bucure\u0219ti","url":"https:\/\/buletin.de\/bucuresti\/","logo":{"@type":"ImageObject","inLanguage":"en-GB","@id":"https:\/\/buletin.de\/bucuresti\/#\/schema\/logo\/image\/","url":"https:\/\/buletin.de\/bucuresti\/wp-content\/uploads\/logo-bdb-full-wide-vernil-transparent.png","contentUrl":"https:\/\/buletin.de\/bucuresti\/wp-content\/uploads\/logo-bdb-full-wide-vernil-transparent.png","width":1782,"height":626,"caption":"Buletin de Bucure\u0219ti"},"image":{"@id":"https:\/\/buletin.de\/bucuresti\/#\/schema\/logo\/image\/"},"sameAs":["https:\/\/www.facebook.com\/buletin.de.buc","https:\/\/www.instagram.com\/buletinde.bucuresti\/"]},{"@type":"Person","@id":"https:\/\/buletin.de\/bucuresti\/#\/schema\/person\/7a01591ad05c4d2c7261fe7f0383d2af","name":"Irina Anghel","image":{"@type":"ImageObject","inLanguage":"en-GB","@id":"https:\/\/secure.gravatar.com\/avatar\/e7d429cbd0c7fe915f817961c0ffb96b407bc87e15aa35cee85f77146f8cce7e?s=96&d=monsterid&r=g693374df2a66e3f4935d210ea15b95ff","url":"https:\/\/secure.gravatar.com\/avatar\/e7d429cbd0c7fe915f817961c0ffb96b407bc87e15aa35cee85f77146f8cce7e?s=96&d=monsterid&r=g","contentUrl":"https:\/\/secure.gravatar.com\/avatar\/e7d429cbd0c7fe915f817961c0ffb96b407bc87e15aa35cee85f77146f8cce7e?s=96&d=monsterid&r=g","caption":"Irina Anghel"},"url":"https:\/\/buletin.de\/bucuresti\/author\/irina\/"}]}},"authors":[{"term_id":22592,"user_id":15,"is_guest":0,"slug":"irina","display_name":"Irina Anghel","avatar_url":"https:\/\/secure.gravatar.com\/avatar\/e7d429cbd0c7fe915f817961c0ffb96b407bc87e15aa35cee85f77146f8cce7e?s=96&d=monsterid&r=g","0":null,"1":"","2":"","3":"","4":"","5":"","6":"","7":"","8":""}],"_links":{"self":[{"href":"https:\/\/buletin.de\/bucuresti\/wp-json\/wp\/v2\/posts\/7341","targetHints":{"allow":["GET"]}}],"collection":[{"href":"https:\/\/buletin.de\/bucuresti\/wp-json\/wp\/v2\/posts"}],"about":[{"href":"https:\/\/buletin.de\/bucuresti\/wp-json\/wp\/v2\/types\/post"}],"author":[{"embeddable":true,"href":"https:\/\/buletin.de\/bucuresti\/wp-json\/wp\/v2\/users\/15"}],"replies":[{"embeddable":true,"href":"https:\/\/buletin.de\/bucuresti\/wp-json\/wp\/v2\/comments?post=7341"}],"version-history":[{"count":12,"href":"https:\/\/buletin.de\/bucuresti\/wp-json\/wp\/v2\/posts\/7341\/revisions"}],"predecessor-version":[{"id":7374,"href":"https:\/\/buletin.de\/bucuresti\/wp-json\/wp\/v2\/posts\/7341\/revisions\/7374"}],"wp:featuredmedia":[{"embeddable":true,"href":"https:\/\/buletin.de\/bucuresti\/wp-json\/wp\/v2\/media\/7364"}],"wp:attachment":[{"href":"https:\/\/buletin.de\/bucuresti\/wp-json\/wp\/v2\/media?parent=7341"}],"wp:term":[{"taxonomy":"category","embeddable":true,"href":"https:\/\/buletin.de\/bucuresti\/wp-json\/wp\/v2\/categories?post=7341"},{"taxonomy":"post_tag","embeddable":true,"href":"https:\/\/buletin.de\/bucuresti\/wp-json\/wp\/v2\/tags?post=7341"},{"taxonomy":"author","embeddable":true,"href":"https:\/\/buletin.de\/bucuresti\/wp-json\/wp\/v2\/ppma_author?post=7341"}],"curies":[{"name":"wp","href":"https:\/\/api.w.org\/{rel}","templated":true}]}}