{"id":73398,"date":"2023-12-29T07:00:00","date_gmt":"2023-12-29T05:00:00","guid":{"rendered":"https:\/\/buletin.de\/bucuresti\/?p=73398"},"modified":"2023-12-29T12:18:36","modified_gmt":"2023-12-29T10:18:36","slug":"135-de-milioane-de-euro-pentru-reabilitarea-cladirilor-cu-risc-seismic-din-bucuresti","status":"publish","type":"post","link":"https:\/\/buletin.de\/bucuresti\/135-de-milioane-de-euro-pentru-reabilitarea-cladirilor-cu-risc-seismic-din-bucuresti\/","title":{"rendered":"135 de milioane de euro pentru reabilitarea cl\u0103dirilor cu risc seismic din Bucure\u015fti"},"content":{"rendered":"\n<p><strong>Mai multe cl\u0103diri cu risc seismic, printre care unele emblematice ale Capitalei, vor fi consolidate cu peste 135 de milioane de euro, fonduri europene \u015fi na\u0163ionale nerambursabile, ob\u0163inute prin mai multe proiecte depuse de Administra\u0163ia Municipal\u0103 pentru Consolidarea Cl\u0103dirilor cu Risc Seismic<\/strong>.<\/p>\n\n\n\n<p>21 de proiecte depuse de AMCCRS, \u00een cadrul <strong><em>Programului na\u021bional de consolidare a cl\u0103dirilor cu risc seismic ridicat <\/em><\/strong>(PNCCRS), au fost selectate pentru finan\u021bare. Imobilele care vor fi consolidate seismic se afl\u0103 \u00een zone protejate istoric, iar valoarea finan\u021b\u0103rii este de aproximativ 500,62 milioane lei.<\/p>\n\n\n\n<p>Prin PNRR, AMCCRS a semnat 17 contracte de finan\u021bare \u00een valoare total\u0103 de 283,4 milioane lei. Printre cl\u0103dirile care vor fi consolidate cu aceste fonduri se num\u0103r\u0103 Teatrul Bulandra, Teatrul foarte Mic, Muzeul memorial Gheorghe T\u0103t\u0103rescu, Blocul Rosenthal sau Club A.<\/p>\n\n\n\n<p>Alte 42 de imobile vor fi consolidate din bugetul local, precizeaz\u0103 Prim\u0103ria General\u0103.\u00a0<\/p>\n\n\n\n<p><\/p>\n","protected":false},"excerpt":{"rendered":"<p>Mai multe cl\u0103diri cu risc seismic, printre care unele emblematice ale Capitalei, vor fi consolidate cu peste 135 de milioane de euro, fonduri europene \u015fi na\u0163ionale nerambursabile, ob\u0163inute prin mai multe proiecte depuse de Administra\u0163ia Municipal\u0103 pentru Consolidarea Cl\u0103dirilor cu Risc Seismic. 21 de proiecte depuse de AMCCRS, \u00een cadrul Programului na\u021bional de consolidare a [&hellip;]<\/p>\n","protected":false},"author":49,"featured_media":73399,"comment_status":"closed","ping_status":"open","sticky":false,"template":"","format":"standard","meta":{"_acf_changed":false,"inline_featured_image":false,"ngg_post_thumbnail":0,"footnotes":""},"categories":[6994,5762,24],"tags":[809,8680,1727],"ppma_author":[22574],"class_list":["post-73398","post","type-post","status-publish","format-standard","has-post-thumbnail","hentry","category-stiri-2","category-main","category-primarie","tag-fonduri-europene","tag-fonduri-nerambursabile","tag-primaria-municipiului-bucuresti"],"acf":[],"yoast_head":"<!-- This site is optimized with the Yoast SEO Premium plugin v25.3 (Yoast SEO v27.5) - https:\/\/yoast.com\/product\/yoast-seo-premium-wordpress\/ -->\n<title>135 de milioane de euro pentru reabilitarea cl\u0103dirilor cu risc seismic din Bucure\u015fti - Buletin de Bucure\u0219ti<\/title>\n<meta name=\"robots\" content=\"index, follow, max-snippet:-1, max-image-preview:large, max-video-preview:-1\" \/>\n<link rel=\"canonical\" href=\"https:\/\/buletin.de\/bucuresti\/135-de-milioane-de-euro-pentru-reabilitarea-cladirilor-cu-risc-seismic-din-bucuresti\/\" \/>\n<meta property=\"og:locale\" content=\"en_GB\" \/>\n<meta property=\"og:type\" content=\"article\" \/>\n<meta property=\"og:title\" content=\"135 de milioane de euro pentru reabilitarea cl\u0103dirilor cu risc seismic din Bucure\u015fti\" \/>\n<meta property=\"og:description\" content=\"Mai multe cl\u0103diri cu risc seismic, printre care unele emblematice ale Capitalei, vor fi consolidate cu peste 135 de milioane de euro, fonduri europene \u015fi na\u0163ionale nerambursabile, ob\u0163inute prin mai multe proiecte depuse de Administra\u0163ia Municipal\u0103 pentru Consolidarea Cl\u0103dirilor cu Risc Seismic. 21 de proiecte depuse de AMCCRS, \u00een cadrul Programului na\u021bional de consolidare a [&hellip;]\" \/>\n<meta property=\"og:url\" content=\"https:\/\/buletin.de\/bucuresti\/135-de-milioane-de-euro-pentru-reabilitarea-cladirilor-cu-risc-seismic-din-bucuresti\/\" \/>\n<meta property=\"og:site_name\" content=\"Buletin de Bucure\u0219ti\" \/>\n<meta property=\"article:publisher\" content=\"https:\/\/www.facebook.com\/buletin.de.buc\" \/>\n<meta property=\"article:published_time\" content=\"2023-12-29T05:00:00+00:00\" \/>\n<meta property=\"article:modified_time\" content=\"2023-12-29T10:18:36+00:00\" \/>\n<meta property=\"og:image\" content=\"https:\/\/buletin.de\/bucuresti\/wp-content\/uploads\/cladire-risc-seismic.jpeg\" \/>\n\t<meta property=\"og:image:width\" content=\"1600\" \/>\n\t<meta property=\"og:image:height\" content=\"1200\" \/>\n\t<meta property=\"og:image:type\" content=\"image\/jpeg\" \/>\n<meta name=\"author\" content=\"Diana Matei\" \/>\n<meta name=\"twitter:card\" content=\"summary_large_image\" \/>\n<meta name=\"twitter:label1\" content=\"Written by\" \/>\n\t<meta name=\"twitter:data1\" content=\"Diana Matei\" \/>\n\t<meta name=\"twitter:label2\" content=\"Estimated reading time\" \/>\n\t<meta name=\"twitter:data2\" content=\"1 minute\" \/>\n<script type=\"application\/ld+json\" class=\"yoast-schema-graph\">{\"@context\":\"https:\\\/\\\/schema.org\",\"@graph\":[{\"@type\":\"Article\",\"@id\":\"https:\\\/\\\/buletin.de\\\/bucuresti\\\/135-de-milioane-de-euro-pentru-reabilitarea-cladirilor-cu-risc-seismic-din-bucuresti\\\/#article\",\"isPartOf\":{\"@id\":\"https:\\\/\\\/buletin.de\\\/bucuresti\\\/135-de-milioane-de-euro-pentru-reabilitarea-cladirilor-cu-risc-seismic-din-bucuresti\\\/\"},\"author\":{\"name\":\"Diana Matei\",\"@id\":\"https:\\\/\\\/buletin.de\\\/bucuresti\\\/#\\\/schema\\\/person\\\/7e46040573290777280a0835d81ea4ea\"},\"headline\":\"135 de milioane de euro pentru reabilitarea cl\u0103dirilor cu risc seismic din Bucure\u015fti\",\"datePublished\":\"2023-12-29T05:00:00+00:00\",\"dateModified\":\"2023-12-29T10:18:36+00:00\",\"mainEntityOfPage\":{\"@id\":\"https:\\\/\\\/buletin.de\\\/bucuresti\\\/135-de-milioane-de-euro-pentru-reabilitarea-cladirilor-cu-risc-seismic-din-bucuresti\\\/\"},\"wordCount\":164,\"publisher\":{\"@id\":\"https:\\\/\\\/buletin.de\\\/bucuresti\\\/#organization\"},\"image\":{\"@id\":\"https:\\\/\\\/buletin.de\\\/bucuresti\\\/135-de-milioane-de-euro-pentru-reabilitarea-cladirilor-cu-risc-seismic-din-bucuresti\\\/#primaryimage\"},\"thumbnailUrl\":\"https:\\\/\\\/buletin.de\\\/bucuresti\\\/wp-content\\\/uploads\\\/cladire-risc-seismic.jpeg\",\"keywords\":[\"fonduri europene\",\"fonduri nerambursabile\",\"primaria municipiului bucuresti\"],\"articleSection\":[\"Articole\",\"Main\",\"Prim\u0103rie\"],\"inLanguage\":\"en-GB\",\"copyrightYear\":\"2023\",\"copyrightHolder\":{\"@id\":\"https:\\\/\\\/buletin.de\\\/bucuresti\\\/#organization\"}},{\"@type\":\"WebPage\",\"@id\":\"https:\\\/\\\/buletin.de\\\/bucuresti\\\/135-de-milioane-de-euro-pentru-reabilitarea-cladirilor-cu-risc-seismic-din-bucuresti\\\/\",\"url\":\"https:\\\/\\\/buletin.de\\\/bucuresti\\\/135-de-milioane-de-euro-pentru-reabilitarea-cladirilor-cu-risc-seismic-din-bucuresti\\\/\",\"name\":\"135 de milioane de euro pentru reabilitarea cl\u0103dirilor cu risc seismic din Bucure\u015fti - Buletin de Bucure\u0219ti\",\"isPartOf\":{\"@id\":\"https:\\\/\\\/buletin.de\\\/bucuresti\\\/#website\"},\"primaryImageOfPage\":{\"@id\":\"https:\\\/\\\/buletin.de\\\/bucuresti\\\/135-de-milioane-de-euro-pentru-reabilitarea-cladirilor-cu-risc-seismic-din-bucuresti\\\/#primaryimage\"},\"image\":{\"@id\":\"https:\\\/\\\/buletin.de\\\/bucuresti\\\/135-de-milioane-de-euro-pentru-reabilitarea-cladirilor-cu-risc-seismic-din-bucuresti\\\/#primaryimage\"},\"thumbnailUrl\":\"https:\\\/\\\/buletin.de\\\/bucuresti\\\/wp-content\\\/uploads\\\/cladire-risc-seismic.jpeg\",\"datePublished\":\"2023-12-29T05:00:00+00:00\",\"dateModified\":\"2023-12-29T10:18:36+00:00\",\"breadcrumb\":{\"@id\":\"https:\\\/\\\/buletin.de\\\/bucuresti\\\/135-de-milioane-de-euro-pentru-reabilitarea-cladirilor-cu-risc-seismic-din-bucuresti\\\/#breadcrumb\"},\"inLanguage\":\"en-GB\",\"potentialAction\":[{\"@type\":\"ReadAction\",\"target\":[\"https:\\\/\\\/buletin.de\\\/bucuresti\\\/135-de-milioane-de-euro-pentru-reabilitarea-cladirilor-cu-risc-seismic-din-bucuresti\\\/\"]}]},{\"@type\":\"ImageObject\",\"inLanguage\":\"en-GB\",\"@id\":\"https:\\\/\\\/buletin.de\\\/bucuresti\\\/135-de-milioane-de-euro-pentru-reabilitarea-cladirilor-cu-risc-seismic-din-bucuresti\\\/#primaryimage\",\"url\":\"https:\\\/\\\/buletin.de\\\/bucuresti\\\/wp-content\\\/uploads\\\/cladire-risc-seismic.jpeg\",\"contentUrl\":\"https:\\\/\\\/buletin.de\\\/bucuresti\\\/wp-content\\\/uploads\\\/cladire-risc-seismic.jpeg\",\"width\":1600,\"height\":1200,\"caption\":\"Foto: Facebook\\\/Nicusor Dan\"},{\"@type\":\"BreadcrumbList\",\"@id\":\"https:\\\/\\\/buletin.de\\\/bucuresti\\\/135-de-milioane-de-euro-pentru-reabilitarea-cladirilor-cu-risc-seismic-din-bucuresti\\\/#breadcrumb\",\"itemListElement\":[{\"@type\":\"ListItem\",\"position\":1,\"name\":\"Acas\u0103\",\"item\":\"https:\\\/\\\/buletin.de\\\/bucuresti\\\/\"},{\"@type\":\"ListItem\",\"position\":2,\"name\":\"135 de milioane de euro pentru reabilitarea cl\u0103dirilor cu risc seismic din Bucure\u015fti\"}]},{\"@type\":\"WebSite\",\"@id\":\"https:\\\/\\\/buletin.de\\\/bucuresti\\\/#website\",\"url\":\"https:\\\/\\\/buletin.de\\\/bucuresti\\\/\",\"name\":\"Buletin de Bucure\u0219ti\",\"description\":\"\u0218tiri \u0219i investiga\u021bii esen\u021biale din capital\u0103\",\"publisher\":{\"@id\":\"https:\\\/\\\/buletin.de\\\/bucuresti\\\/#organization\"},\"potentialAction\":[{\"@type\":\"SearchAction\",\"target\":{\"@type\":\"EntryPoint\",\"urlTemplate\":\"https:\\\/\\\/buletin.de\\\/bucuresti\\\/?s={search_term_string}\"},\"query-input\":{\"@type\":\"PropertyValueSpecification\",\"valueRequired\":true,\"valueName\":\"search_term_string\"}}],\"inLanguage\":\"en-GB\"},{\"@type\":\"Organization\",\"@id\":\"https:\\\/\\\/buletin.de\\\/bucuresti\\\/#organization\",\"name\":\"Buletin de Bucure\u0219ti\",\"url\":\"https:\\\/\\\/buletin.de\\\/bucuresti\\\/\",\"logo\":{\"@type\":\"ImageObject\",\"inLanguage\":\"en-GB\",\"@id\":\"https:\\\/\\\/buletin.de\\\/bucuresti\\\/#\\\/schema\\\/logo\\\/image\\\/\",\"url\":\"https:\\\/\\\/buletin.de\\\/bucuresti\\\/wp-content\\\/uploads\\\/logo-bdb-full-wide-vernil-transparent.png\",\"contentUrl\":\"https:\\\/\\\/buletin.de\\\/bucuresti\\\/wp-content\\\/uploads\\\/logo-bdb-full-wide-vernil-transparent.png\",\"width\":1782,\"height\":626,\"caption\":\"Buletin de Bucure\u0219ti\"},\"image\":{\"@id\":\"https:\\\/\\\/buletin.de\\\/bucuresti\\\/#\\\/schema\\\/logo\\\/image\\\/\"},\"sameAs\":[\"https:\\\/\\\/www.facebook.com\\\/buletin.de.buc\",\"https:\\\/\\\/www.instagram.com\\\/buletinde.bucuresti\\\/\"]},{\"@type\":\"Person\",\"@id\":\"https:\\\/\\\/buletin.de\\\/bucuresti\\\/#\\\/schema\\\/person\\\/7e46040573290777280a0835d81ea4ea\",\"name\":\"Diana Matei\",\"image\":{\"@type\":\"ImageObject\",\"inLanguage\":\"en-GB\",\"@id\":\"https:\\\/\\\/buletin.de\\\/bucuresti\\\/wp-content\\\/uploads\\\/9-2-96x96.jpg1e8590b30871d70e62ebcdaf2eff570c\",\"url\":\"https:\\\/\\\/buletin.de\\\/bucuresti\\\/wp-content\\\/uploads\\\/9-2-96x96.jpg\",\"contentUrl\":\"https:\\\/\\\/buletin.de\\\/bucuresti\\\/wp-content\\\/uploads\\\/9-2-96x96.jpg\",\"caption\":\"Diana Matei\"},\"url\":\"https:\\\/\\\/buletin.de\\\/bucuresti\\\/author\\\/dianamatei\\\/\"}]}<\/script>\n<!-- \/ Yoast SEO Premium plugin. -->","yoast_head_json":{"title":"135 de milioane de euro pentru reabilitarea cl\u0103dirilor cu risc seismic din Bucure\u015fti - Buletin de Bucure\u0219ti","robots":{"index":"index","follow":"follow","max-snippet":"max-snippet:-1","max-image-preview":"max-image-preview:large","max-video-preview":"max-video-preview:-1"},"canonical":"https:\/\/buletin.de\/bucuresti\/135-de-milioane-de-euro-pentru-reabilitarea-cladirilor-cu-risc-seismic-din-bucuresti\/","og_locale":"en_GB","og_type":"article","og_title":"135 de milioane de euro pentru reabilitarea cl\u0103dirilor cu risc seismic din Bucure\u015fti","og_description":"Mai multe cl\u0103diri cu risc seismic, printre care unele emblematice ale Capitalei, vor fi consolidate cu peste 135 de milioane de euro, fonduri europene \u015fi na\u0163ionale nerambursabile, ob\u0163inute prin mai multe proiecte depuse de Administra\u0163ia Municipal\u0103 pentru Consolidarea Cl\u0103dirilor cu Risc Seismic. 21 de proiecte depuse de AMCCRS, \u00een cadrul Programului na\u021bional de consolidare a [&hellip;]","og_url":"https:\/\/buletin.de\/bucuresti\/135-de-milioane-de-euro-pentru-reabilitarea-cladirilor-cu-risc-seismic-din-bucuresti\/","og_site_name":"Buletin de Bucure\u0219ti","article_publisher":"https:\/\/www.facebook.com\/buletin.de.buc","article_published_time":"2023-12-29T05:00:00+00:00","article_modified_time":"2023-12-29T10:18:36+00:00","og_image":[{"width":1600,"height":1200,"url":"https:\/\/buletin.de\/bucuresti\/wp-content\/uploads\/cladire-risc-seismic.jpeg","type":"image\/jpeg"}],"author":"Diana Matei","twitter_card":"summary_large_image","twitter_misc":{"Written by":"Diana Matei","Estimated reading time":"1 minute"},"schema":{"@context":"https:\/\/schema.org","@graph":[{"@type":"Article","@id":"https:\/\/buletin.de\/bucuresti\/135-de-milioane-de-euro-pentru-reabilitarea-cladirilor-cu-risc-seismic-din-bucuresti\/#article","isPartOf":{"@id":"https:\/\/buletin.de\/bucuresti\/135-de-milioane-de-euro-pentru-reabilitarea-cladirilor-cu-risc-seismic-din-bucuresti\/"},"author":{"name":"Diana Matei","@id":"https:\/\/buletin.de\/bucuresti\/#\/schema\/person\/7e46040573290777280a0835d81ea4ea"},"headline":"135 de milioane de euro pentru reabilitarea cl\u0103dirilor cu risc seismic din Bucure\u015fti","datePublished":"2023-12-29T05:00:00+00:00","dateModified":"2023-12-29T10:18:36+00:00","mainEntityOfPage":{"@id":"https:\/\/buletin.de\/bucuresti\/135-de-milioane-de-euro-pentru-reabilitarea-cladirilor-cu-risc-seismic-din-bucuresti\/"},"wordCount":164,"publisher":{"@id":"https:\/\/buletin.de\/bucuresti\/#organization"},"image":{"@id":"https:\/\/buletin.de\/bucuresti\/135-de-milioane-de-euro-pentru-reabilitarea-cladirilor-cu-risc-seismic-din-bucuresti\/#primaryimage"},"thumbnailUrl":"https:\/\/buletin.de\/bucuresti\/wp-content\/uploads\/cladire-risc-seismic.jpeg","keywords":["fonduri europene","fonduri nerambursabile","primaria municipiului bucuresti"],"articleSection":["Articole","Main","Prim\u0103rie"],"inLanguage":"en-GB","copyrightYear":"2023","copyrightHolder":{"@id":"https:\/\/buletin.de\/bucuresti\/#organization"}},{"@type":"WebPage","@id":"https:\/\/buletin.de\/bucuresti\/135-de-milioane-de-euro-pentru-reabilitarea-cladirilor-cu-risc-seismic-din-bucuresti\/","url":"https:\/\/buletin.de\/bucuresti\/135-de-milioane-de-euro-pentru-reabilitarea-cladirilor-cu-risc-seismic-din-bucuresti\/","name":"135 de milioane de euro pentru reabilitarea cl\u0103dirilor cu risc seismic din Bucure\u015fti - Buletin de Bucure\u0219ti","isPartOf":{"@id":"https:\/\/buletin.de\/bucuresti\/#website"},"primaryImageOfPage":{"@id":"https:\/\/buletin.de\/bucuresti\/135-de-milioane-de-euro-pentru-reabilitarea-cladirilor-cu-risc-seismic-din-bucuresti\/#primaryimage"},"image":{"@id":"https:\/\/buletin.de\/bucuresti\/135-de-milioane-de-euro-pentru-reabilitarea-cladirilor-cu-risc-seismic-din-bucuresti\/#primaryimage"},"thumbnailUrl":"https:\/\/buletin.de\/bucuresti\/wp-content\/uploads\/cladire-risc-seismic.jpeg","datePublished":"2023-12-29T05:00:00+00:00","dateModified":"2023-12-29T10:18:36+00:00","breadcrumb":{"@id":"https:\/\/buletin.de\/bucuresti\/135-de-milioane-de-euro-pentru-reabilitarea-cladirilor-cu-risc-seismic-din-bucuresti\/#breadcrumb"},"inLanguage":"en-GB","potentialAction":[{"@type":"ReadAction","target":["https:\/\/buletin.de\/bucuresti\/135-de-milioane-de-euro-pentru-reabilitarea-cladirilor-cu-risc-seismic-din-bucuresti\/"]}]},{"@type":"ImageObject","inLanguage":"en-GB","@id":"https:\/\/buletin.de\/bucuresti\/135-de-milioane-de-euro-pentru-reabilitarea-cladirilor-cu-risc-seismic-din-bucuresti\/#primaryimage","url":"https:\/\/buletin.de\/bucuresti\/wp-content\/uploads\/cladire-risc-seismic.jpeg","contentUrl":"https:\/\/buletin.de\/bucuresti\/wp-content\/uploads\/cladire-risc-seismic.jpeg","width":1600,"height":1200,"caption":"Foto: Facebook\/Nicusor Dan"},{"@type":"BreadcrumbList","@id":"https:\/\/buletin.de\/bucuresti\/135-de-milioane-de-euro-pentru-reabilitarea-cladirilor-cu-risc-seismic-din-bucuresti\/#breadcrumb","itemListElement":[{"@type":"ListItem","position":1,"name":"Acas\u0103","item":"https:\/\/buletin.de\/bucuresti\/"},{"@type":"ListItem","position":2,"name":"135 de milioane de euro pentru reabilitarea cl\u0103dirilor cu risc seismic din Bucure\u015fti"}]},{"@type":"WebSite","@id":"https:\/\/buletin.de\/bucuresti\/#website","url":"https:\/\/buletin.de\/bucuresti\/","name":"Buletin de Bucure\u0219ti","description":"\u0218tiri \u0219i investiga\u021bii esen\u021biale din capital\u0103","publisher":{"@id":"https:\/\/buletin.de\/bucuresti\/#organization"},"potentialAction":[{"@type":"SearchAction","target":{"@type":"EntryPoint","urlTemplate":"https:\/\/buletin.de\/bucuresti\/?s={search_term_string}"},"query-input":{"@type":"PropertyValueSpecification","valueRequired":true,"valueName":"search_term_string"}}],"inLanguage":"en-GB"},{"@type":"Organization","@id":"https:\/\/buletin.de\/bucuresti\/#organization","name":"Buletin de Bucure\u0219ti","url":"https:\/\/buletin.de\/bucuresti\/","logo":{"@type":"ImageObject","inLanguage":"en-GB","@id":"https:\/\/buletin.de\/bucuresti\/#\/schema\/logo\/image\/","url":"https:\/\/buletin.de\/bucuresti\/wp-content\/uploads\/logo-bdb-full-wide-vernil-transparent.png","contentUrl":"https:\/\/buletin.de\/bucuresti\/wp-content\/uploads\/logo-bdb-full-wide-vernil-transparent.png","width":1782,"height":626,"caption":"Buletin de Bucure\u0219ti"},"image":{"@id":"https:\/\/buletin.de\/bucuresti\/#\/schema\/logo\/image\/"},"sameAs":["https:\/\/www.facebook.com\/buletin.de.buc","https:\/\/www.instagram.com\/buletinde.bucuresti\/"]},{"@type":"Person","@id":"https:\/\/buletin.de\/bucuresti\/#\/schema\/person\/7e46040573290777280a0835d81ea4ea","name":"Diana Matei","image":{"@type":"ImageObject","inLanguage":"en-GB","@id":"https:\/\/buletin.de\/bucuresti\/wp-content\/uploads\/9-2-96x96.jpg1e8590b30871d70e62ebcdaf2eff570c","url":"https:\/\/buletin.de\/bucuresti\/wp-content\/uploads\/9-2-96x96.jpg","contentUrl":"https:\/\/buletin.de\/bucuresti\/wp-content\/uploads\/9-2-96x96.jpg","caption":"Diana Matei"},"url":"https:\/\/buletin.de\/bucuresti\/author\/dianamatei\/"}]}},"authors":[{"term_id":22574,"user_id":49,"is_guest":0,"slug":"dianamatei","display_name":"Diana Matei","avatar_url":"https:\/\/buletin.de\/bucuresti\/wp-content\/uploads\/9-2-96x96.jpg","0":null,"1":"","2":"","3":"","4":"","5":"","6":"","7":"","8":""}],"_links":{"self":[{"href":"https:\/\/buletin.de\/bucuresti\/wp-json\/wp\/v2\/posts\/73398","targetHints":{"allow":["GET"]}}],"collection":[{"href":"https:\/\/buletin.de\/bucuresti\/wp-json\/wp\/v2\/posts"}],"about":[{"href":"https:\/\/buletin.de\/bucuresti\/wp-json\/wp\/v2\/types\/post"}],"author":[{"embeddable":true,"href":"https:\/\/buletin.de\/bucuresti\/wp-json\/wp\/v2\/users\/49"}],"replies":[{"embeddable":true,"href":"https:\/\/buletin.de\/bucuresti\/wp-json\/wp\/v2\/comments?post=73398"}],"version-history":[{"count":2,"href":"https:\/\/buletin.de\/bucuresti\/wp-json\/wp\/v2\/posts\/73398\/revisions"}],"predecessor-version":[{"id":73424,"href":"https:\/\/buletin.de\/bucuresti\/wp-json\/wp\/v2\/posts\/73398\/revisions\/73424"}],"wp:featuredmedia":[{"embeddable":true,"href":"https:\/\/buletin.de\/bucuresti\/wp-json\/wp\/v2\/media\/73399"}],"wp:attachment":[{"href":"https:\/\/buletin.de\/bucuresti\/wp-json\/wp\/v2\/media?parent=73398"}],"wp:term":[{"taxonomy":"category","embeddable":true,"href":"https:\/\/buletin.de\/bucuresti\/wp-json\/wp\/v2\/categories?post=73398"},{"taxonomy":"post_tag","embeddable":true,"href":"https:\/\/buletin.de\/bucuresti\/wp-json\/wp\/v2\/tags?post=73398"},{"taxonomy":"author","embeddable":true,"href":"https:\/\/buletin.de\/bucuresti\/wp-json\/wp\/v2\/ppma_author?post=73398"}],"curies":[{"name":"wp","href":"https:\/\/api.w.org\/{rel}","templated":true}]}}