{"id":73328,"date":"2023-12-31T06:30:00","date_gmt":"2023-12-31T04:30:00","guid":{"rendered":"https:\/\/buletin.de\/bucuresti\/?p=73328"},"modified":"2023-12-31T10:50:43","modified_gmt":"2023-12-31T08:50:43","slug":"defibrilatoare-automate-pentru-scolile-si-gradinitele-din-sectorul-3","status":"publish","type":"post","link":"https:\/\/buletin.de\/bucuresti\/defibrilatoare-automate-pentru-scolile-si-gradinitele-din-sectorul-3\/","title":{"rendered":"Defibrilatoare automate pentru \u0219colile \u0219i gr\u0103dini\u021bele din Sectorul 3"},"content":{"rendered":"\n<p><strong><strong>Proiectul prin care \u0219colile din Sectorul 3 vor fi dotate cu defibrilatoare moderne intr\u0103 \u00een linie dreapt\u0103, dup\u0103 ce Prim\u0103ria a lansat licita\u021bia pentru achizi\u021bionarea aparatelor medicale. Mai precis, achizi\u021bia public\u0103 prevede dotarea cu un kit demonstrativ pentru instruirea <strong><strong>tuturor unit\u0103\u0163ilor de \u00eenv\u0103\u021b\u0103m\u00e2nt din sector<\/strong><\/strong><\/strong><\/strong> <strong><strong>\u00een ceea ce prive\u015fte acordarea de prim ajutor. \u00centreaga investi\u021bie dep\u0103\u0219e\u0219te 150 de mii de euro, bani care vor fi acoperi\u021bi din bugetul municipalit\u0103\u021bii.\u00a0\u00a0<\/strong><\/strong><\/p>\n\n\n\n<p>Licita\u021bia a fost lansat\u0103 la \u00eenceputul lunii decembrie, dup\u0103 ce \u00een luna mai a acestui an a fost aprobat\u0103 de consilierii locali hot\u0103r\u00e2rea care prevedea achizi\u021bionarea acestor aparate medicale \u00een \u0219coli. <\/p>\n\n\n\n<p>Aceste aparate vor veni la pachet \u0219i cu formarea unui corp de instructori, cu sprijinul Departamentului pentru Situa\u0163ii de Urgen\u0163\u0103, \u00een baza atribu\u0163iilor legale, care s\u0103 \u00eenve\u0163e ulterior cadrele didactice \u015fi personalul auxiliar din gr\u0103dini\u0163e, \u015fcoli \u015fi licee.<\/p>\n\n\n\n<p>De asemenea, instruirea elevilor din re\u0163eaua \u015fcolar\u0103 a Sectorului 3 se va face pe categorii de v\u00e2rst\u0103 \u0219i vor \u00eenv\u0103\u021ba acordarea de prim ajutor inclusiv prin materiale tip\u0103rite sau digitale care includ dezvoltarea unei aplica\u0163ii compatibile cu smartphone-urile.<\/p>\n\n\n\n<blockquote class=\"wp-block-quote is-layout-flow wp-block-quote-is-layout-flow\">\n<p>Implementarea acestor m\u0103suri sunt menite s\u0103 ajute la cre\u0219terea ratei de supravia\u021buire \u00een caz de stop cardio-respirator, \u0219coala fiind mediul perfect pentru educa\u021bia \u00een prim ajutor.<\/p>\n<cite>Se arat\u0103 \u00een descrierea achizi\u021biei <\/cite><\/blockquote>\n\n\n\n<p>Din descrierea achizi\u021biei reiese \u0219i c\u0103 defibrilatoarele automate vor fi amplasate \u00een loc vizibil din toate direc\u0163iile, accesibil \u015fi marcat corespunz\u0103tor, fiind \u00eenso\u0163it de un panou cu informa\u0163ii succinte, cu imagini intuitive, u\u015for de descifrat \u015fi re\u0163inut.<\/p>\n","protected":false},"excerpt":{"rendered":"<p>Proiectul prin care \u0219colile din Sectorul 3 vor fi dotate cu defibrilatoare moderne intr\u0103 \u00een linie dreapt\u0103, dup\u0103 ce Prim\u0103ria a lansat licita\u021bia pentru achizi\u021bionarea aparatelor medicale. Mai precis, achizi\u021bia public\u0103 prevede dotarea cu un kit demonstrativ pentru instruirea tuturor unit\u0103\u0163ilor de \u00eenv\u0103\u021b\u0103m\u00e2nt din sector \u00een ceea ce prive\u015fte acordarea de prim ajutor. \u00centreaga investi\u021bie [&hellip;]<\/p>\n","protected":false},"author":17,"featured_media":73329,"comment_status":"closed","ping_status":"open","sticky":false,"template":"","format":"standard","meta":{"_acf_changed":false,"inline_featured_image":false,"ngg_post_thumbnail":0,"footnotes":""},"categories":[6994,24,62],"tags":[8784,3604,5014,4959,1579,2694],"ppma_author":[22576],"class_list":["post-73328","post","type-post","status-publish","format-standard","has-post-thumbnail","hentry","category-stiri-2","category-primarie","category-stiri","tag-defibrilator","tag-educatie-2","tag-primaria-sectorului-3-2","tag-sanatate-2","tag-scoli-2","tag-sectorul-3"],"acf":[],"yoast_head":"<!-- This site is optimized with the Yoast SEO Premium plugin v25.3 (Yoast SEO v27.5) - https:\/\/yoast.com\/product\/yoast-seo-premium-wordpress\/ -->\n<title>Defibrilatoare automate pentru \u0219colile \u0219i gr\u0103dini\u021bele din Sectorul 3 - Buletin de Bucure\u0219ti<\/title>\n<meta name=\"robots\" content=\"index, follow, max-snippet:-1, max-image-preview:large, max-video-preview:-1\" \/>\n<link rel=\"canonical\" href=\"https:\/\/buletin.de\/bucuresti\/defibrilatoare-automate-pentru-scolile-si-gradinitele-din-sectorul-3\/\" \/>\n<meta property=\"og:locale\" content=\"en_GB\" \/>\n<meta property=\"og:type\" content=\"article\" \/>\n<meta property=\"og:title\" content=\"Defibrilatoare automate pentru \u0219colile \u0219i gr\u0103dini\u021bele din Sectorul 3\" \/>\n<meta property=\"og:description\" content=\"Proiectul prin care \u0219colile din Sectorul 3 vor fi dotate cu defibrilatoare moderne intr\u0103 \u00een linie dreapt\u0103, dup\u0103 ce Prim\u0103ria a lansat licita\u021bia pentru achizi\u021bionarea aparatelor medicale. Mai precis, achizi\u021bia public\u0103 prevede dotarea cu un kit demonstrativ pentru instruirea tuturor unit\u0103\u0163ilor de \u00eenv\u0103\u021b\u0103m\u00e2nt din sector \u00een ceea ce prive\u015fte acordarea de prim ajutor. \u00centreaga investi\u021bie [&hellip;]\" \/>\n<meta property=\"og:url\" content=\"https:\/\/buletin.de\/bucuresti\/defibrilatoare-automate-pentru-scolile-si-gradinitele-din-sectorul-3\/\" \/>\n<meta property=\"og:site_name\" content=\"Buletin de Bucure\u0219ti\" \/>\n<meta property=\"article:publisher\" content=\"https:\/\/www.facebook.com\/buletin.de.buc\" \/>\n<meta property=\"article:published_time\" content=\"2023-12-31T04:30:00+00:00\" \/>\n<meta property=\"article:modified_time\" content=\"2023-12-31T08:50:43+00:00\" \/>\n<meta property=\"og:image\" content=\"https:\/\/buletin.de\/bucuresti\/wp-content\/uploads\/ffjjd6sccvs.jpg\" \/>\n\t<meta property=\"og:image:width\" content=\"1600\" \/>\n\t<meta property=\"og:image:height\" content=\"1067\" \/>\n\t<meta property=\"og:image:type\" content=\"image\/jpeg\" \/>\n<meta name=\"author\" content=\"Florin R\u00e2\u0219teiu\" \/>\n<meta name=\"twitter:card\" content=\"summary_large_image\" \/>\n<meta name=\"twitter:label1\" content=\"Written by\" \/>\n\t<meta name=\"twitter:data1\" content=\"Florin R\u00e2\u0219teiu\" \/>\n\t<meta name=\"twitter:label2\" content=\"Estimated reading time\" \/>\n\t<meta name=\"twitter:data2\" content=\"1 minute\" \/>\n<script type=\"application\/ld+json\" class=\"yoast-schema-graph\">{\"@context\":\"https:\\\/\\\/schema.org\",\"@graph\":[{\"@type\":\"Article\",\"@id\":\"https:\\\/\\\/buletin.de\\\/bucuresti\\\/defibrilatoare-automate-pentru-scolile-si-gradinitele-din-sectorul-3\\\/#article\",\"isPartOf\":{\"@id\":\"https:\\\/\\\/buletin.de\\\/bucuresti\\\/defibrilatoare-automate-pentru-scolile-si-gradinitele-din-sectorul-3\\\/\"},\"author\":{\"name\":\"Florin R\u00e2\u0219teiu\",\"@id\":\"https:\\\/\\\/buletin.de\\\/bucuresti\\\/#\\\/schema\\\/person\\\/b0686d7a8b666c6afc78239777fd8a89\"},\"headline\":\"Defibrilatoare automate pentru \u0219colile \u0219i gr\u0103dini\u021bele din Sectorul 3\",\"datePublished\":\"2023-12-31T04:30:00+00:00\",\"dateModified\":\"2023-12-31T08:50:43+00:00\",\"mainEntityOfPage\":{\"@id\":\"https:\\\/\\\/buletin.de\\\/bucuresti\\\/defibrilatoare-automate-pentru-scolile-si-gradinitele-din-sectorul-3\\\/\"},\"wordCount\":290,\"publisher\":{\"@id\":\"https:\\\/\\\/buletin.de\\\/bucuresti\\\/#organization\"},\"image\":{\"@id\":\"https:\\\/\\\/buletin.de\\\/bucuresti\\\/defibrilatoare-automate-pentru-scolile-si-gradinitele-din-sectorul-3\\\/#primaryimage\"},\"thumbnailUrl\":\"https:\\\/\\\/buletin.de\\\/bucuresti\\\/wp-content\\\/uploads\\\/ffjjd6sccvs.jpg\",\"keywords\":[\"defibrilator\",\"Educa\u021bie\",\"Prim\u0103ria Sectorului 3\",\"s\u0103n\u0103tate\",\"\u0219coli\",\"sectorul 3\"],\"articleSection\":[\"Articole\",\"Prim\u0103rie\",\"\u0218tiri\"],\"inLanguage\":\"en-GB\",\"copyrightYear\":\"2023\",\"copyrightHolder\":{\"@id\":\"https:\\\/\\\/buletin.de\\\/bucuresti\\\/#organization\"}},{\"@type\":\"WebPage\",\"@id\":\"https:\\\/\\\/buletin.de\\\/bucuresti\\\/defibrilatoare-automate-pentru-scolile-si-gradinitele-din-sectorul-3\\\/\",\"url\":\"https:\\\/\\\/buletin.de\\\/bucuresti\\\/defibrilatoare-automate-pentru-scolile-si-gradinitele-din-sectorul-3\\\/\",\"name\":\"Defibrilatoare automate pentru \u0219colile \u0219i gr\u0103dini\u021bele din Sectorul 3 - Buletin de Bucure\u0219ti\",\"isPartOf\":{\"@id\":\"https:\\\/\\\/buletin.de\\\/bucuresti\\\/#website\"},\"primaryImageOfPage\":{\"@id\":\"https:\\\/\\\/buletin.de\\\/bucuresti\\\/defibrilatoare-automate-pentru-scolile-si-gradinitele-din-sectorul-3\\\/#primaryimage\"},\"image\":{\"@id\":\"https:\\\/\\\/buletin.de\\\/bucuresti\\\/defibrilatoare-automate-pentru-scolile-si-gradinitele-din-sectorul-3\\\/#primaryimage\"},\"thumbnailUrl\":\"https:\\\/\\\/buletin.de\\\/bucuresti\\\/wp-content\\\/uploads\\\/ffjjd6sccvs.jpg\",\"datePublished\":\"2023-12-31T04:30:00+00:00\",\"dateModified\":\"2023-12-31T08:50:43+00:00\",\"breadcrumb\":{\"@id\":\"https:\\\/\\\/buletin.de\\\/bucuresti\\\/defibrilatoare-automate-pentru-scolile-si-gradinitele-din-sectorul-3\\\/#breadcrumb\"},\"inLanguage\":\"en-GB\",\"potentialAction\":[{\"@type\":\"ReadAction\",\"target\":[\"https:\\\/\\\/buletin.de\\\/bucuresti\\\/defibrilatoare-automate-pentru-scolile-si-gradinitele-din-sectorul-3\\\/\"]}]},{\"@type\":\"ImageObject\",\"inLanguage\":\"en-GB\",\"@id\":\"https:\\\/\\\/buletin.de\\\/bucuresti\\\/defibrilatoare-automate-pentru-scolile-si-gradinitele-din-sectorul-3\\\/#primaryimage\",\"url\":\"https:\\\/\\\/buletin.de\\\/bucuresti\\\/wp-content\\\/uploads\\\/ffjjd6sccvs.jpg\",\"contentUrl\":\"https:\\\/\\\/buletin.de\\\/bucuresti\\\/wp-content\\\/uploads\\\/ffjjd6sccvs.jpg\",\"width\":1600,\"height\":1067,\"caption\":\"red and white box on white table\"},{\"@type\":\"BreadcrumbList\",\"@id\":\"https:\\\/\\\/buletin.de\\\/bucuresti\\\/defibrilatoare-automate-pentru-scolile-si-gradinitele-din-sectorul-3\\\/#breadcrumb\",\"itemListElement\":[{\"@type\":\"ListItem\",\"position\":1,\"name\":\"Acas\u0103\",\"item\":\"https:\\\/\\\/buletin.de\\\/bucuresti\\\/\"},{\"@type\":\"ListItem\",\"position\":2,\"name\":\"Defibrilatoare automate pentru \u0219colile \u0219i gr\u0103dini\u021bele din Sectorul 3\"}]},{\"@type\":\"WebSite\",\"@id\":\"https:\\\/\\\/buletin.de\\\/bucuresti\\\/#website\",\"url\":\"https:\\\/\\\/buletin.de\\\/bucuresti\\\/\",\"name\":\"Buletin de Bucure\u0219ti\",\"description\":\"\u0218tiri \u0219i investiga\u021bii esen\u021biale din capital\u0103\",\"publisher\":{\"@id\":\"https:\\\/\\\/buletin.de\\\/bucuresti\\\/#organization\"},\"potentialAction\":[{\"@type\":\"SearchAction\",\"target\":{\"@type\":\"EntryPoint\",\"urlTemplate\":\"https:\\\/\\\/buletin.de\\\/bucuresti\\\/?s={search_term_string}\"},\"query-input\":{\"@type\":\"PropertyValueSpecification\",\"valueRequired\":true,\"valueName\":\"search_term_string\"}}],\"inLanguage\":\"en-GB\"},{\"@type\":\"Organization\",\"@id\":\"https:\\\/\\\/buletin.de\\\/bucuresti\\\/#organization\",\"name\":\"Buletin de Bucure\u0219ti\",\"url\":\"https:\\\/\\\/buletin.de\\\/bucuresti\\\/\",\"logo\":{\"@type\":\"ImageObject\",\"inLanguage\":\"en-GB\",\"@id\":\"https:\\\/\\\/buletin.de\\\/bucuresti\\\/#\\\/schema\\\/logo\\\/image\\\/\",\"url\":\"https:\\\/\\\/buletin.de\\\/bucuresti\\\/wp-content\\\/uploads\\\/logo-bdb-full-wide-vernil-transparent.png\",\"contentUrl\":\"https:\\\/\\\/buletin.de\\\/bucuresti\\\/wp-content\\\/uploads\\\/logo-bdb-full-wide-vernil-transparent.png\",\"width\":1782,\"height\":626,\"caption\":\"Buletin de Bucure\u0219ti\"},\"image\":{\"@id\":\"https:\\\/\\\/buletin.de\\\/bucuresti\\\/#\\\/schema\\\/logo\\\/image\\\/\"},\"sameAs\":[\"https:\\\/\\\/www.facebook.com\\\/buletin.de.buc\",\"https:\\\/\\\/www.instagram.com\\\/buletinde.bucuresti\\\/\"]},{\"@type\":\"Person\",\"@id\":\"https:\\\/\\\/buletin.de\\\/bucuresti\\\/#\\\/schema\\\/person\\\/b0686d7a8b666c6afc78239777fd8a89\",\"name\":\"Florin R\u00e2\u0219teiu\",\"image\":{\"@type\":\"ImageObject\",\"inLanguage\":\"en-GB\",\"@id\":\"https:\\\/\\\/buletin.de\\\/bucuresti\\\/wp-content\\\/uploads\\\/Florin-Rasteiu-96x96.jpgf0a6fe28453aa12f0a60e4d0a2e3a78c\",\"url\":\"https:\\\/\\\/buletin.de\\\/bucuresti\\\/wp-content\\\/uploads\\\/Florin-Rasteiu-96x96.jpg\",\"contentUrl\":\"https:\\\/\\\/buletin.de\\\/bucuresti\\\/wp-content\\\/uploads\\\/Florin-Rasteiu-96x96.jpg\",\"caption\":\"Florin R\u00e2\u0219teiu\"},\"description\":\"Jurnalist de investiga\u021bie. Lucreaz\u0103 de aproape 6 ani la Buletin de Bucure\u0219ti, unde a publicat articole care scot la suprafa\u021b\u0103 corup\u021bia din Capital\u0103. Analizeaz\u0103 baze de date zilnic \u0219i scoate pove\u0219ti din exceluri pline de cifre. Pune reflectorul pe adev\u0103r cu fiecare ocazie. A c\u00e2\u0219tigat premiul I la categoria Pres\u0103 Local\u0103 \u00een 2025 \u0219i locul al II-lea la aceea\u0219i categorie \u00een 2024 \u00een cadrul Premiilor Superscrieri pentru jurnalism independent.\",\"url\":\"https:\\\/\\\/buletin.de\\\/bucuresti\\\/author\\\/florinrasteiu\\\/\"}]}<\/script>\n<!-- \/ Yoast SEO Premium plugin. -->","yoast_head_json":{"title":"Defibrilatoare automate pentru \u0219colile \u0219i gr\u0103dini\u021bele din Sectorul 3 - Buletin de Bucure\u0219ti","robots":{"index":"index","follow":"follow","max-snippet":"max-snippet:-1","max-image-preview":"max-image-preview:large","max-video-preview":"max-video-preview:-1"},"canonical":"https:\/\/buletin.de\/bucuresti\/defibrilatoare-automate-pentru-scolile-si-gradinitele-din-sectorul-3\/","og_locale":"en_GB","og_type":"article","og_title":"Defibrilatoare automate pentru \u0219colile \u0219i gr\u0103dini\u021bele din Sectorul 3","og_description":"Proiectul prin care \u0219colile din Sectorul 3 vor fi dotate cu defibrilatoare moderne intr\u0103 \u00een linie dreapt\u0103, dup\u0103 ce Prim\u0103ria a lansat licita\u021bia pentru achizi\u021bionarea aparatelor medicale. Mai precis, achizi\u021bia public\u0103 prevede dotarea cu un kit demonstrativ pentru instruirea tuturor unit\u0103\u0163ilor de \u00eenv\u0103\u021b\u0103m\u00e2nt din sector \u00een ceea ce prive\u015fte acordarea de prim ajutor. \u00centreaga investi\u021bie [&hellip;]","og_url":"https:\/\/buletin.de\/bucuresti\/defibrilatoare-automate-pentru-scolile-si-gradinitele-din-sectorul-3\/","og_site_name":"Buletin de Bucure\u0219ti","article_publisher":"https:\/\/www.facebook.com\/buletin.de.buc","article_published_time":"2023-12-31T04:30:00+00:00","article_modified_time":"2023-12-31T08:50:43+00:00","og_image":[{"width":1600,"height":1067,"url":"https:\/\/buletin.de\/bucuresti\/wp-content\/uploads\/ffjjd6sccvs.jpg","type":"image\/jpeg"}],"author":"Florin R\u00e2\u0219teiu","twitter_card":"summary_large_image","twitter_misc":{"Written by":"Florin R\u00e2\u0219teiu","Estimated reading time":"1 minute"},"schema":{"@context":"https:\/\/schema.org","@graph":[{"@type":"Article","@id":"https:\/\/buletin.de\/bucuresti\/defibrilatoare-automate-pentru-scolile-si-gradinitele-din-sectorul-3\/#article","isPartOf":{"@id":"https:\/\/buletin.de\/bucuresti\/defibrilatoare-automate-pentru-scolile-si-gradinitele-din-sectorul-3\/"},"author":{"name":"Florin R\u00e2\u0219teiu","@id":"https:\/\/buletin.de\/bucuresti\/#\/schema\/person\/b0686d7a8b666c6afc78239777fd8a89"},"headline":"Defibrilatoare automate pentru \u0219colile \u0219i gr\u0103dini\u021bele din Sectorul 3","datePublished":"2023-12-31T04:30:00+00:00","dateModified":"2023-12-31T08:50:43+00:00","mainEntityOfPage":{"@id":"https:\/\/buletin.de\/bucuresti\/defibrilatoare-automate-pentru-scolile-si-gradinitele-din-sectorul-3\/"},"wordCount":290,"publisher":{"@id":"https:\/\/buletin.de\/bucuresti\/#organization"},"image":{"@id":"https:\/\/buletin.de\/bucuresti\/defibrilatoare-automate-pentru-scolile-si-gradinitele-din-sectorul-3\/#primaryimage"},"thumbnailUrl":"https:\/\/buletin.de\/bucuresti\/wp-content\/uploads\/ffjjd6sccvs.jpg","keywords":["defibrilator","Educa\u021bie","Prim\u0103ria Sectorului 3","s\u0103n\u0103tate","\u0219coli","sectorul 3"],"articleSection":["Articole","Prim\u0103rie","\u0218tiri"],"inLanguage":"en-GB","copyrightYear":"2023","copyrightHolder":{"@id":"https:\/\/buletin.de\/bucuresti\/#organization"}},{"@type":"WebPage","@id":"https:\/\/buletin.de\/bucuresti\/defibrilatoare-automate-pentru-scolile-si-gradinitele-din-sectorul-3\/","url":"https:\/\/buletin.de\/bucuresti\/defibrilatoare-automate-pentru-scolile-si-gradinitele-din-sectorul-3\/","name":"Defibrilatoare automate pentru \u0219colile \u0219i gr\u0103dini\u021bele din Sectorul 3 - Buletin de Bucure\u0219ti","isPartOf":{"@id":"https:\/\/buletin.de\/bucuresti\/#website"},"primaryImageOfPage":{"@id":"https:\/\/buletin.de\/bucuresti\/defibrilatoare-automate-pentru-scolile-si-gradinitele-din-sectorul-3\/#primaryimage"},"image":{"@id":"https:\/\/buletin.de\/bucuresti\/defibrilatoare-automate-pentru-scolile-si-gradinitele-din-sectorul-3\/#primaryimage"},"thumbnailUrl":"https:\/\/buletin.de\/bucuresti\/wp-content\/uploads\/ffjjd6sccvs.jpg","datePublished":"2023-12-31T04:30:00+00:00","dateModified":"2023-12-31T08:50:43+00:00","breadcrumb":{"@id":"https:\/\/buletin.de\/bucuresti\/defibrilatoare-automate-pentru-scolile-si-gradinitele-din-sectorul-3\/#breadcrumb"},"inLanguage":"en-GB","potentialAction":[{"@type":"ReadAction","target":["https:\/\/buletin.de\/bucuresti\/defibrilatoare-automate-pentru-scolile-si-gradinitele-din-sectorul-3\/"]}]},{"@type":"ImageObject","inLanguage":"en-GB","@id":"https:\/\/buletin.de\/bucuresti\/defibrilatoare-automate-pentru-scolile-si-gradinitele-din-sectorul-3\/#primaryimage","url":"https:\/\/buletin.de\/bucuresti\/wp-content\/uploads\/ffjjd6sccvs.jpg","contentUrl":"https:\/\/buletin.de\/bucuresti\/wp-content\/uploads\/ffjjd6sccvs.jpg","width":1600,"height":1067,"caption":"red and white box on white table"},{"@type":"BreadcrumbList","@id":"https:\/\/buletin.de\/bucuresti\/defibrilatoare-automate-pentru-scolile-si-gradinitele-din-sectorul-3\/#breadcrumb","itemListElement":[{"@type":"ListItem","position":1,"name":"Acas\u0103","item":"https:\/\/buletin.de\/bucuresti\/"},{"@type":"ListItem","position":2,"name":"Defibrilatoare automate pentru \u0219colile \u0219i gr\u0103dini\u021bele din Sectorul 3"}]},{"@type":"WebSite","@id":"https:\/\/buletin.de\/bucuresti\/#website","url":"https:\/\/buletin.de\/bucuresti\/","name":"Buletin de Bucure\u0219ti","description":"\u0218tiri \u0219i investiga\u021bii esen\u021biale din capital\u0103","publisher":{"@id":"https:\/\/buletin.de\/bucuresti\/#organization"},"potentialAction":[{"@type":"SearchAction","target":{"@type":"EntryPoint","urlTemplate":"https:\/\/buletin.de\/bucuresti\/?s={search_term_string}"},"query-input":{"@type":"PropertyValueSpecification","valueRequired":true,"valueName":"search_term_string"}}],"inLanguage":"en-GB"},{"@type":"Organization","@id":"https:\/\/buletin.de\/bucuresti\/#organization","name":"Buletin de Bucure\u0219ti","url":"https:\/\/buletin.de\/bucuresti\/","logo":{"@type":"ImageObject","inLanguage":"en-GB","@id":"https:\/\/buletin.de\/bucuresti\/#\/schema\/logo\/image\/","url":"https:\/\/buletin.de\/bucuresti\/wp-content\/uploads\/logo-bdb-full-wide-vernil-transparent.png","contentUrl":"https:\/\/buletin.de\/bucuresti\/wp-content\/uploads\/logo-bdb-full-wide-vernil-transparent.png","width":1782,"height":626,"caption":"Buletin de Bucure\u0219ti"},"image":{"@id":"https:\/\/buletin.de\/bucuresti\/#\/schema\/logo\/image\/"},"sameAs":["https:\/\/www.facebook.com\/buletin.de.buc","https:\/\/www.instagram.com\/buletinde.bucuresti\/"]},{"@type":"Person","@id":"https:\/\/buletin.de\/bucuresti\/#\/schema\/person\/b0686d7a8b666c6afc78239777fd8a89","name":"Florin R\u00e2\u0219teiu","image":{"@type":"ImageObject","inLanguage":"en-GB","@id":"https:\/\/buletin.de\/bucuresti\/wp-content\/uploads\/Florin-Rasteiu-96x96.jpgf0a6fe28453aa12f0a60e4d0a2e3a78c","url":"https:\/\/buletin.de\/bucuresti\/wp-content\/uploads\/Florin-Rasteiu-96x96.jpg","contentUrl":"https:\/\/buletin.de\/bucuresti\/wp-content\/uploads\/Florin-Rasteiu-96x96.jpg","caption":"Florin R\u00e2\u0219teiu"},"description":"Jurnalist de investiga\u021bie. Lucreaz\u0103 de aproape 6 ani la Buletin de Bucure\u0219ti, unde a publicat articole care scot la suprafa\u021b\u0103 corup\u021bia din Capital\u0103. Analizeaz\u0103 baze de date zilnic \u0219i scoate pove\u0219ti din exceluri pline de cifre. Pune reflectorul pe adev\u0103r cu fiecare ocazie. A c\u00e2\u0219tigat premiul I la categoria Pres\u0103 Local\u0103 \u00een 2025 \u0219i locul al II-lea la aceea\u0219i categorie \u00een 2024 \u00een cadrul Premiilor Superscrieri pentru jurnalism independent.","url":"https:\/\/buletin.de\/bucuresti\/author\/florinrasteiu\/"}]}},"authors":[{"term_id":22576,"user_id":17,"is_guest":0,"slug":"florinrasteiu","display_name":"Florin R\u00e2\u0219teiu","avatar_url":"https:\/\/buletin.de\/bucuresti\/wp-content\/uploads\/Florin-Rasteiu-96x96.jpg","0":null,"1":"","2":"","3":"","4":"","5":"","6":"","7":"","8":""}],"_links":{"self":[{"href":"https:\/\/buletin.de\/bucuresti\/wp-json\/wp\/v2\/posts\/73328","targetHints":{"allow":["GET"]}}],"collection":[{"href":"https:\/\/buletin.de\/bucuresti\/wp-json\/wp\/v2\/posts"}],"about":[{"href":"https:\/\/buletin.de\/bucuresti\/wp-json\/wp\/v2\/types\/post"}],"author":[{"embeddable":true,"href":"https:\/\/buletin.de\/bucuresti\/wp-json\/wp\/v2\/users\/17"}],"replies":[{"embeddable":true,"href":"https:\/\/buletin.de\/bucuresti\/wp-json\/wp\/v2\/comments?post=73328"}],"version-history":[{"count":3,"href":"https:\/\/buletin.de\/bucuresti\/wp-json\/wp\/v2\/posts\/73328\/revisions"}],"predecessor-version":[{"id":73470,"href":"https:\/\/buletin.de\/bucuresti\/wp-json\/wp\/v2\/posts\/73328\/revisions\/73470"}],"wp:featuredmedia":[{"embeddable":true,"href":"https:\/\/buletin.de\/bucuresti\/wp-json\/wp\/v2\/media\/73329"}],"wp:attachment":[{"href":"https:\/\/buletin.de\/bucuresti\/wp-json\/wp\/v2\/media?parent=73328"}],"wp:term":[{"taxonomy":"category","embeddable":true,"href":"https:\/\/buletin.de\/bucuresti\/wp-json\/wp\/v2\/categories?post=73328"},{"taxonomy":"post_tag","embeddable":true,"href":"https:\/\/buletin.de\/bucuresti\/wp-json\/wp\/v2\/tags?post=73328"},{"taxonomy":"author","embeddable":true,"href":"https:\/\/buletin.de\/bucuresti\/wp-json\/wp\/v2\/ppma_author?post=73328"}],"curies":[{"name":"wp","href":"https:\/\/api.w.org\/{rel}","templated":true}]}}