{"id":7310,"date":"2020-05-19T11:37:13","date_gmt":"2020-05-19T08:37:13","guid":{"rendered":"https:\/\/buletin.de\/bucuresti\/?p=7310"},"modified":"2020-05-19T11:41:00","modified_gmt":"2020-05-19T08:41:00","slug":"primul-medic-ucis-de-covid-19-in-bucuresti","status":"publish","type":"post","link":"https:\/\/buletin.de\/bucuresti\/primul-medic-ucis-de-covid-19-in-bucuresti\/","title":{"rendered":"Primul medic, ucis de Covid-19 \u00een Bucure\u0219ti"},"content":{"rendered":"\n<p>Primul medic infectat cu Covid-19 a murit asear\u0103. Este vorba despre  <strong>chirurgul C\u0103t\u0103lin B\u0103rbulescu din cadrul Spitalului Universitar de Urgen\u021b\u0103 Bucure\u015fti. <\/strong>Doctorul era confirmat pozitiv cu Covid-19.<\/p>\n\n\n\n<figure class=\"wp-block-embed-facebook wp-block-embed is-type-rich is-provider-facebook\"><div class=\"wp-block-embed__wrapper\">\nhttps:\/\/www.facebook.com\/universitarurgenta\/photos\/a.243502049144649\/1498508303644011\/?type=3&#038;theater\n<\/div><\/figure>\n\n\n\n<p><\/p>\n\n\n\n<p>La \u00eenceputul lunii aprilie Grupul de Comunicare Strategic\u0103 a anun\u021bat num\u0103rul personalului medical infectat cu Covid-19. Astfel, la nivelul Spitalului Universitar de Urgen\u021b\u0103 Bucure\u0219ti, din data de 22 martie p\u00e2n\u0103 \u00een 6 aprilie, au fost identificate pozitiv la testul pentru noul coronavirus  35 de cadre medicale.<\/p>\n\n\n\n<p>Conform ultimei raport\u0103ri oficiale din data de 18 aprilie, un num\u0103r de 1031 de cadre medicale din Rom\u00e2nia au fost confirmate pozitiv cu Covid-19. Dintre acestea 149 se g\u0103sesc \u00een Bucure\u0219ti. <\/p>\n\n\n\n<p>Surs\u0103 cover foto: Facebook SUUB<\/p>\n","protected":false},"excerpt":{"rendered":"<p>Primul medic infectat cu Covid-19 a murit asear\u0103. Este vorba despre chirurgul C\u0103t\u0103lin B\u0103rbulescu din cadrul Spitalului Universitar de Urgen\u021b\u0103 Bucure\u015fti. Doctorul era confirmat pozitiv cu Covid-19. La \u00eenceputul lunii aprilie Grupul de Comunicare Strategic\u0103 a anun\u021bat num\u0103rul personalului medical infectat cu Covid-19. Astfel, la nivelul Spitalului Universitar de Urgen\u021b\u0103 Bucure\u0219ti, din data de 22 [&hellip;]<\/p>\n","protected":false},"author":6,"featured_media":7314,"comment_status":"closed","ping_status":"open","sticky":false,"template":"","format":"standard","meta":{"_acf_changed":false,"inline_featured_image":false,"ngg_post_thumbnail":0,"footnotes":""},"categories":[996,4,62],"tags":[529,657,1060,1059],"ppma_author":[22588],"class_list":["post-7310","post","type-post","status-publish","format-standard","has-post-thumbnail","hentry","category-covid-19","category-sanatate","category-stiri","tag-coronavirus","tag-coronavirus-bucuresti","tag-medic-ucis-covid19","tag-suub-coronavirus"],"acf":[],"yoast_head":"<!-- This site is optimized with the Yoast SEO Premium plugin v25.3 (Yoast SEO v27.4) - https:\/\/yoast.com\/product\/yoast-seo-premium-wordpress\/ -->\n<title>Primul medic, ucis de Covid-19 \u00een Bucure\u0219ti - Buletin de Bucure\u0219ti<\/title>\n<meta name=\"robots\" content=\"index, follow, max-snippet:-1, max-image-preview:large, max-video-preview:-1\" \/>\n<link rel=\"canonical\" href=\"https:\/\/buletin.de\/bucuresti\/primul-medic-ucis-de-covid-19-in-bucuresti\/\" \/>\n<meta property=\"og:locale\" content=\"en_GB\" \/>\n<meta property=\"og:type\" content=\"article\" \/>\n<meta property=\"og:title\" content=\"Primul medic, ucis de Covid-19 \u00een Bucure\u0219ti\" \/>\n<meta property=\"og:description\" content=\"Primul medic infectat cu Covid-19 a murit asear\u0103. Este vorba despre chirurgul C\u0103t\u0103lin B\u0103rbulescu din cadrul Spitalului Universitar de Urgen\u021b\u0103 Bucure\u015fti. Doctorul era confirmat pozitiv cu Covid-19. La \u00eenceputul lunii aprilie Grupul de Comunicare Strategic\u0103 a anun\u021bat num\u0103rul personalului medical infectat cu Covid-19. Astfel, la nivelul Spitalului Universitar de Urgen\u021b\u0103 Bucure\u0219ti, din data de 22 [&hellip;]\" \/>\n<meta property=\"og:url\" content=\"https:\/\/buletin.de\/bucuresti\/primul-medic-ucis-de-covid-19-in-bucuresti\/\" \/>\n<meta property=\"og:site_name\" content=\"Buletin de Bucure\u0219ti\" \/>\n<meta property=\"article:publisher\" content=\"https:\/\/www.facebook.com\/buletin.de.buc\" \/>\n<meta property=\"article:published_time\" content=\"2020-05-19T08:37:13+00:00\" \/>\n<meta property=\"article:modified_time\" content=\"2020-05-19T08:41:00+00:00\" \/>\n<meta property=\"og:image\" content=\"https:\/\/buletin.de\/bucuresti\/wp-content\/uploads\/26804807_861736650654516_6255705486420452334_n.jpg\" \/>\n\t<meta property=\"og:image:width\" content=\"960\" \/>\n\t<meta property=\"og:image:height\" content=\"720\" \/>\n\t<meta property=\"og:image:type\" content=\"image\/jpeg\" \/>\n<meta name=\"author\" content=\"Bianca Albu\" \/>\n<meta name=\"twitter:card\" content=\"summary_large_image\" \/>\n<meta name=\"twitter:label1\" content=\"Written by\" \/>\n\t<meta name=\"twitter:data1\" content=\"Bianca Albu\" \/>\n\t<meta name=\"twitter:label2\" content=\"Estimated reading time\" \/>\n\t<meta name=\"twitter:data2\" content=\"1 minute\" \/>\n<script type=\"application\/ld+json\" class=\"yoast-schema-graph\">{\"@context\":\"https:\\\/\\\/schema.org\",\"@graph\":[{\"@type\":\"Article\",\"@id\":\"https:\\\/\\\/buletin.de\\\/bucuresti\\\/primul-medic-ucis-de-covid-19-in-bucuresti\\\/#article\",\"isPartOf\":{\"@id\":\"https:\\\/\\\/buletin.de\\\/bucuresti\\\/primul-medic-ucis-de-covid-19-in-bucuresti\\\/\"},\"author\":{\"name\":\"Bianca Albu\",\"@id\":\"https:\\\/\\\/buletin.de\\\/bucuresti\\\/#\\\/schema\\\/person\\\/295dc2228d2dc79294d636619468dc7f\"},\"headline\":\"Primul medic, ucis de Covid-19 \u00een Bucure\u0219ti\",\"datePublished\":\"2020-05-19T08:37:13+00:00\",\"dateModified\":\"2020-05-19T08:41:00+00:00\",\"mainEntityOfPage\":{\"@id\":\"https:\\\/\\\/buletin.de\\\/bucuresti\\\/primul-medic-ucis-de-covid-19-in-bucuresti\\\/\"},\"wordCount\":134,\"publisher\":{\"@id\":\"https:\\\/\\\/buletin.de\\\/bucuresti\\\/#organization\"},\"image\":{\"@id\":\"https:\\\/\\\/buletin.de\\\/bucuresti\\\/primul-medic-ucis-de-covid-19-in-bucuresti\\\/#primaryimage\"},\"thumbnailUrl\":\"https:\\\/\\\/buletin.de\\\/bucuresti\\\/wp-content\\\/uploads\\\/26804807_861736650654516_6255705486420452334_n.jpg\",\"keywords\":[\"coronavirus\",\"coronavirus bucuresti\",\"medic ucis covid19\",\"suub coronavirus\"],\"articleSection\":[\"Covid-19\",\"S\u0103n\u0103tate\",\"\u0218tiri\"],\"inLanguage\":\"en-GB\",\"copyrightYear\":\"2020\",\"copyrightHolder\":{\"@id\":\"https:\\\/\\\/buletin.de\\\/bucuresti\\\/#organization\"}},{\"@type\":\"WebPage\",\"@id\":\"https:\\\/\\\/buletin.de\\\/bucuresti\\\/primul-medic-ucis-de-covid-19-in-bucuresti\\\/\",\"url\":\"https:\\\/\\\/buletin.de\\\/bucuresti\\\/primul-medic-ucis-de-covid-19-in-bucuresti\\\/\",\"name\":\"Primul medic, ucis de Covid-19 \u00een Bucure\u0219ti - Buletin de Bucure\u0219ti\",\"isPartOf\":{\"@id\":\"https:\\\/\\\/buletin.de\\\/bucuresti\\\/#website\"},\"primaryImageOfPage\":{\"@id\":\"https:\\\/\\\/buletin.de\\\/bucuresti\\\/primul-medic-ucis-de-covid-19-in-bucuresti\\\/#primaryimage\"},\"image\":{\"@id\":\"https:\\\/\\\/buletin.de\\\/bucuresti\\\/primul-medic-ucis-de-covid-19-in-bucuresti\\\/#primaryimage\"},\"thumbnailUrl\":\"https:\\\/\\\/buletin.de\\\/bucuresti\\\/wp-content\\\/uploads\\\/26804807_861736650654516_6255705486420452334_n.jpg\",\"datePublished\":\"2020-05-19T08:37:13+00:00\",\"dateModified\":\"2020-05-19T08:41:00+00:00\",\"breadcrumb\":{\"@id\":\"https:\\\/\\\/buletin.de\\\/bucuresti\\\/primul-medic-ucis-de-covid-19-in-bucuresti\\\/#breadcrumb\"},\"inLanguage\":\"en-GB\",\"potentialAction\":[{\"@type\":\"ReadAction\",\"target\":[\"https:\\\/\\\/buletin.de\\\/bucuresti\\\/primul-medic-ucis-de-covid-19-in-bucuresti\\\/\"]}]},{\"@type\":\"ImageObject\",\"inLanguage\":\"en-GB\",\"@id\":\"https:\\\/\\\/buletin.de\\\/bucuresti\\\/primul-medic-ucis-de-covid-19-in-bucuresti\\\/#primaryimage\",\"url\":\"https:\\\/\\\/buletin.de\\\/bucuresti\\\/wp-content\\\/uploads\\\/26804807_861736650654516_6255705486420452334_n.jpg\",\"contentUrl\":\"https:\\\/\\\/buletin.de\\\/bucuresti\\\/wp-content\\\/uploads\\\/26804807_861736650654516_6255705486420452334_n.jpg\",\"width\":960,\"height\":720},{\"@type\":\"BreadcrumbList\",\"@id\":\"https:\\\/\\\/buletin.de\\\/bucuresti\\\/primul-medic-ucis-de-covid-19-in-bucuresti\\\/#breadcrumb\",\"itemListElement\":[{\"@type\":\"ListItem\",\"position\":1,\"name\":\"Acas\u0103\",\"item\":\"https:\\\/\\\/buletin.de\\\/bucuresti\\\/\"},{\"@type\":\"ListItem\",\"position\":2,\"name\":\"Primul medic, ucis de Covid-19 \u00een Bucure\u0219ti\"}]},{\"@type\":\"WebSite\",\"@id\":\"https:\\\/\\\/buletin.de\\\/bucuresti\\\/#website\",\"url\":\"https:\\\/\\\/buletin.de\\\/bucuresti\\\/\",\"name\":\"Buletin de Bucure\u0219ti\",\"description\":\"\u0218tiri \u0219i investiga\u021bii esen\u021biale din capital\u0103\",\"publisher\":{\"@id\":\"https:\\\/\\\/buletin.de\\\/bucuresti\\\/#organization\"},\"potentialAction\":[{\"@type\":\"SearchAction\",\"target\":{\"@type\":\"EntryPoint\",\"urlTemplate\":\"https:\\\/\\\/buletin.de\\\/bucuresti\\\/?s={search_term_string}\"},\"query-input\":{\"@type\":\"PropertyValueSpecification\",\"valueRequired\":true,\"valueName\":\"search_term_string\"}}],\"inLanguage\":\"en-GB\"},{\"@type\":\"Organization\",\"@id\":\"https:\\\/\\\/buletin.de\\\/bucuresti\\\/#organization\",\"name\":\"Buletin de Bucure\u0219ti\",\"url\":\"https:\\\/\\\/buletin.de\\\/bucuresti\\\/\",\"logo\":{\"@type\":\"ImageObject\",\"inLanguage\":\"en-GB\",\"@id\":\"https:\\\/\\\/buletin.de\\\/bucuresti\\\/#\\\/schema\\\/logo\\\/image\\\/\",\"url\":\"https:\\\/\\\/buletin.de\\\/bucuresti\\\/wp-content\\\/uploads\\\/logo-bdb-full-wide-vernil-transparent.png\",\"contentUrl\":\"https:\\\/\\\/buletin.de\\\/bucuresti\\\/wp-content\\\/uploads\\\/logo-bdb-full-wide-vernil-transparent.png\",\"width\":1782,\"height\":626,\"caption\":\"Buletin de Bucure\u0219ti\"},\"image\":{\"@id\":\"https:\\\/\\\/buletin.de\\\/bucuresti\\\/#\\\/schema\\\/logo\\\/image\\\/\"},\"sameAs\":[\"https:\\\/\\\/www.facebook.com\\\/buletin.de.buc\",\"https:\\\/\\\/www.instagram.com\\\/buletinde.bucuresti\\\/\"]},{\"@type\":\"Person\",\"@id\":\"https:\\\/\\\/buletin.de\\\/bucuresti\\\/#\\\/schema\\\/person\\\/295dc2228d2dc79294d636619468dc7f\",\"name\":\"Bianca Albu\",\"image\":{\"@type\":\"ImageObject\",\"inLanguage\":\"en-GB\",\"@id\":\"https:\\\/\\\/secure.gravatar.com\\\/avatar\\\/3df2e34e20f529e6fd7be4311ee1f7c4ec4aa886971590baf6fa214b15743516?s=96&d=monsterid&r=gf541c715eeec409ce8101252a3c0d8a7\",\"url\":\"https:\\\/\\\/secure.gravatar.com\\\/avatar\\\/3df2e34e20f529e6fd7be4311ee1f7c4ec4aa886971590baf6fa214b15743516?s=96&d=monsterid&r=g\",\"contentUrl\":\"https:\\\/\\\/secure.gravatar.com\\\/avatar\\\/3df2e34e20f529e6fd7be4311ee1f7c4ec4aa886971590baf6fa214b15743516?s=96&d=monsterid&r=g\",\"caption\":\"Bianca Albu\"},\"description\":\"Reporter\",\"url\":\"https:\\\/\\\/buletin.de\\\/bucuresti\\\/author\\\/biancaalbu\\\/\"}]}<\/script>\n<!-- \/ Yoast SEO Premium plugin. -->","yoast_head_json":{"title":"Primul medic, ucis de Covid-19 \u00een Bucure\u0219ti - Buletin de Bucure\u0219ti","robots":{"index":"index","follow":"follow","max-snippet":"max-snippet:-1","max-image-preview":"max-image-preview:large","max-video-preview":"max-video-preview:-1"},"canonical":"https:\/\/buletin.de\/bucuresti\/primul-medic-ucis-de-covid-19-in-bucuresti\/","og_locale":"en_GB","og_type":"article","og_title":"Primul medic, ucis de Covid-19 \u00een Bucure\u0219ti","og_description":"Primul medic infectat cu Covid-19 a murit asear\u0103. Este vorba despre chirurgul C\u0103t\u0103lin B\u0103rbulescu din cadrul Spitalului Universitar de Urgen\u021b\u0103 Bucure\u015fti. Doctorul era confirmat pozitiv cu Covid-19. La \u00eenceputul lunii aprilie Grupul de Comunicare Strategic\u0103 a anun\u021bat num\u0103rul personalului medical infectat cu Covid-19. Astfel, la nivelul Spitalului Universitar de Urgen\u021b\u0103 Bucure\u0219ti, din data de 22 [&hellip;]","og_url":"https:\/\/buletin.de\/bucuresti\/primul-medic-ucis-de-covid-19-in-bucuresti\/","og_site_name":"Buletin de Bucure\u0219ti","article_publisher":"https:\/\/www.facebook.com\/buletin.de.buc","article_published_time":"2020-05-19T08:37:13+00:00","article_modified_time":"2020-05-19T08:41:00+00:00","og_image":[{"width":960,"height":720,"url":"https:\/\/buletin.de\/bucuresti\/wp-content\/uploads\/26804807_861736650654516_6255705486420452334_n.jpg","type":"image\/jpeg"}],"author":"Bianca Albu","twitter_card":"summary_large_image","twitter_misc":{"Written by":"Bianca Albu","Estimated reading time":"1 minute"},"schema":{"@context":"https:\/\/schema.org","@graph":[{"@type":"Article","@id":"https:\/\/buletin.de\/bucuresti\/primul-medic-ucis-de-covid-19-in-bucuresti\/#article","isPartOf":{"@id":"https:\/\/buletin.de\/bucuresti\/primul-medic-ucis-de-covid-19-in-bucuresti\/"},"author":{"name":"Bianca Albu","@id":"https:\/\/buletin.de\/bucuresti\/#\/schema\/person\/295dc2228d2dc79294d636619468dc7f"},"headline":"Primul medic, ucis de Covid-19 \u00een Bucure\u0219ti","datePublished":"2020-05-19T08:37:13+00:00","dateModified":"2020-05-19T08:41:00+00:00","mainEntityOfPage":{"@id":"https:\/\/buletin.de\/bucuresti\/primul-medic-ucis-de-covid-19-in-bucuresti\/"},"wordCount":134,"publisher":{"@id":"https:\/\/buletin.de\/bucuresti\/#organization"},"image":{"@id":"https:\/\/buletin.de\/bucuresti\/primul-medic-ucis-de-covid-19-in-bucuresti\/#primaryimage"},"thumbnailUrl":"https:\/\/buletin.de\/bucuresti\/wp-content\/uploads\/26804807_861736650654516_6255705486420452334_n.jpg","keywords":["coronavirus","coronavirus bucuresti","medic ucis covid19","suub coronavirus"],"articleSection":["Covid-19","S\u0103n\u0103tate","\u0218tiri"],"inLanguage":"en-GB","copyrightYear":"2020","copyrightHolder":{"@id":"https:\/\/buletin.de\/bucuresti\/#organization"}},{"@type":"WebPage","@id":"https:\/\/buletin.de\/bucuresti\/primul-medic-ucis-de-covid-19-in-bucuresti\/","url":"https:\/\/buletin.de\/bucuresti\/primul-medic-ucis-de-covid-19-in-bucuresti\/","name":"Primul medic, ucis de Covid-19 \u00een Bucure\u0219ti - Buletin de Bucure\u0219ti","isPartOf":{"@id":"https:\/\/buletin.de\/bucuresti\/#website"},"primaryImageOfPage":{"@id":"https:\/\/buletin.de\/bucuresti\/primul-medic-ucis-de-covid-19-in-bucuresti\/#primaryimage"},"image":{"@id":"https:\/\/buletin.de\/bucuresti\/primul-medic-ucis-de-covid-19-in-bucuresti\/#primaryimage"},"thumbnailUrl":"https:\/\/buletin.de\/bucuresti\/wp-content\/uploads\/26804807_861736650654516_6255705486420452334_n.jpg","datePublished":"2020-05-19T08:37:13+00:00","dateModified":"2020-05-19T08:41:00+00:00","breadcrumb":{"@id":"https:\/\/buletin.de\/bucuresti\/primul-medic-ucis-de-covid-19-in-bucuresti\/#breadcrumb"},"inLanguage":"en-GB","potentialAction":[{"@type":"ReadAction","target":["https:\/\/buletin.de\/bucuresti\/primul-medic-ucis-de-covid-19-in-bucuresti\/"]}]},{"@type":"ImageObject","inLanguage":"en-GB","@id":"https:\/\/buletin.de\/bucuresti\/primul-medic-ucis-de-covid-19-in-bucuresti\/#primaryimage","url":"https:\/\/buletin.de\/bucuresti\/wp-content\/uploads\/26804807_861736650654516_6255705486420452334_n.jpg","contentUrl":"https:\/\/buletin.de\/bucuresti\/wp-content\/uploads\/26804807_861736650654516_6255705486420452334_n.jpg","width":960,"height":720},{"@type":"BreadcrumbList","@id":"https:\/\/buletin.de\/bucuresti\/primul-medic-ucis-de-covid-19-in-bucuresti\/#breadcrumb","itemListElement":[{"@type":"ListItem","position":1,"name":"Acas\u0103","item":"https:\/\/buletin.de\/bucuresti\/"},{"@type":"ListItem","position":2,"name":"Primul medic, ucis de Covid-19 \u00een Bucure\u0219ti"}]},{"@type":"WebSite","@id":"https:\/\/buletin.de\/bucuresti\/#website","url":"https:\/\/buletin.de\/bucuresti\/","name":"Buletin de Bucure\u0219ti","description":"\u0218tiri \u0219i investiga\u021bii esen\u021biale din capital\u0103","publisher":{"@id":"https:\/\/buletin.de\/bucuresti\/#organization"},"potentialAction":[{"@type":"SearchAction","target":{"@type":"EntryPoint","urlTemplate":"https:\/\/buletin.de\/bucuresti\/?s={search_term_string}"},"query-input":{"@type":"PropertyValueSpecification","valueRequired":true,"valueName":"search_term_string"}}],"inLanguage":"en-GB"},{"@type":"Organization","@id":"https:\/\/buletin.de\/bucuresti\/#organization","name":"Buletin de Bucure\u0219ti","url":"https:\/\/buletin.de\/bucuresti\/","logo":{"@type":"ImageObject","inLanguage":"en-GB","@id":"https:\/\/buletin.de\/bucuresti\/#\/schema\/logo\/image\/","url":"https:\/\/buletin.de\/bucuresti\/wp-content\/uploads\/logo-bdb-full-wide-vernil-transparent.png","contentUrl":"https:\/\/buletin.de\/bucuresti\/wp-content\/uploads\/logo-bdb-full-wide-vernil-transparent.png","width":1782,"height":626,"caption":"Buletin de Bucure\u0219ti"},"image":{"@id":"https:\/\/buletin.de\/bucuresti\/#\/schema\/logo\/image\/"},"sameAs":["https:\/\/www.facebook.com\/buletin.de.buc","https:\/\/www.instagram.com\/buletinde.bucuresti\/"]},{"@type":"Person","@id":"https:\/\/buletin.de\/bucuresti\/#\/schema\/person\/295dc2228d2dc79294d636619468dc7f","name":"Bianca Albu","image":{"@type":"ImageObject","inLanguage":"en-GB","@id":"https:\/\/secure.gravatar.com\/avatar\/3df2e34e20f529e6fd7be4311ee1f7c4ec4aa886971590baf6fa214b15743516?s=96&d=monsterid&r=gf541c715eeec409ce8101252a3c0d8a7","url":"https:\/\/secure.gravatar.com\/avatar\/3df2e34e20f529e6fd7be4311ee1f7c4ec4aa886971590baf6fa214b15743516?s=96&d=monsterid&r=g","contentUrl":"https:\/\/secure.gravatar.com\/avatar\/3df2e34e20f529e6fd7be4311ee1f7c4ec4aa886971590baf6fa214b15743516?s=96&d=monsterid&r=g","caption":"Bianca Albu"},"description":"Reporter","url":"https:\/\/buletin.de\/bucuresti\/author\/biancaalbu\/"}]}},"authors":[{"term_id":22588,"user_id":6,"is_guest":0,"slug":"biancaalbu","display_name":"Bianca Albu","avatar_url":"https:\/\/secure.gravatar.com\/avatar\/3df2e34e20f529e6fd7be4311ee1f7c4ec4aa886971590baf6fa214b15743516?s=96&d=monsterid&r=g","0":null,"1":"","2":"","3":"","4":"","5":"","6":"","7":"","8":""}],"_links":{"self":[{"href":"https:\/\/buletin.de\/bucuresti\/wp-json\/wp\/v2\/posts\/7310","targetHints":{"allow":["GET"]}}],"collection":[{"href":"https:\/\/buletin.de\/bucuresti\/wp-json\/wp\/v2\/posts"}],"about":[{"href":"https:\/\/buletin.de\/bucuresti\/wp-json\/wp\/v2\/types\/post"}],"author":[{"embeddable":true,"href":"https:\/\/buletin.de\/bucuresti\/wp-json\/wp\/v2\/users\/6"}],"replies":[{"embeddable":true,"href":"https:\/\/buletin.de\/bucuresti\/wp-json\/wp\/v2\/comments?post=7310"}],"version-history":[{"count":5,"href":"https:\/\/buletin.de\/bucuresti\/wp-json\/wp\/v2\/posts\/7310\/revisions"}],"predecessor-version":[{"id":7319,"href":"https:\/\/buletin.de\/bucuresti\/wp-json\/wp\/v2\/posts\/7310\/revisions\/7319"}],"wp:featuredmedia":[{"embeddable":true,"href":"https:\/\/buletin.de\/bucuresti\/wp-json\/wp\/v2\/media\/7314"}],"wp:attachment":[{"href":"https:\/\/buletin.de\/bucuresti\/wp-json\/wp\/v2\/media?parent=7310"}],"wp:term":[{"taxonomy":"category","embeddable":true,"href":"https:\/\/buletin.de\/bucuresti\/wp-json\/wp\/v2\/categories?post=7310"},{"taxonomy":"post_tag","embeddable":true,"href":"https:\/\/buletin.de\/bucuresti\/wp-json\/wp\/v2\/tags?post=7310"},{"taxonomy":"author","embeddable":true,"href":"https:\/\/buletin.de\/bucuresti\/wp-json\/wp\/v2\/ppma_author?post=7310"}],"curies":[{"name":"wp","href":"https:\/\/api.w.org\/{rel}","templated":true}]}}