{"id":72788,"date":"2023-12-20T05:45:00","date_gmt":"2023-12-20T03:45:00","guid":{"rendered":"https:\/\/buletin.de\/bucuresti\/?p=72788"},"modified":"2023-12-20T15:53:30","modified_gmt":"2023-12-20T13:53:30","slug":"pacaliti-exploatati-captivi-experienta-asiaticilor-veniti-sa-lucreze-in-bucuresti","status":"publish","type":"post","link":"https:\/\/buletin.de\/bucuresti\/pacaliti-exploatati-captivi-experienta-asiaticilor-veniti-sa-lucreze-in-bucuresti\/","title":{"rendered":"\u201eP\u0103c\u0103li\u021bi, exploata\u021bi, captivi\u201d. Experien\u021ba asiaticilor veni\u021bi s\u0103 lucreze \u00een Bucure\u0219ti"},"content":{"rendered":"\n<p><strong>Migran\u021bii din Asia pl\u0103tesc sume pe care nu \u0219i le permit agen\u021biilor de recrut\u0103ri, \u00een c\u0103utarea unui trai mai bun \u00een Bucure\u0219ti \u00eens\u0103, de multe ori, ace\u0219tia sunt p\u0103c\u0103li\u021bi, astfel ajung\u00e2nd s\u0103 livreze m\u00e2ncare \u00een \u201etimpul liber\u201d, pentru a supravie\u021bui \u0219i pl\u0103ti datoriile. <a href=\"https:\/\/www.aljazeera.com\/features\/2023\/12\/14\/conned-exploited-trapped-romanias-new-flock-of-asian-delivery-riders\">Al Jazeera<\/a> a realizat un reportaj despre c\u00e2\u021biva dintre migran\u021bii veni\u021bi din Sri Lanka<\/strong>, <strong>reportaj care a fost distribuit \u0219i de <a href=\"https:\/\/www.profit.ro\/perspective\/pacaliti-exploatati-prinsi-noii-curieri-asiatici-din-romania-reportaj-al-jazeera-21428065\">Profit.ro<\/a><\/strong>.<\/p>\n\n\n\n<p>Potrivit Ministerului Muncii din Sri Lanka, mai mult de 300.000 de oameni au emigrat \u00een 2022, iar \u00eentre lunile ianuarie \u0219i septembrie ale anului 2023 au plecat \u00eenc\u0103 200.000 de oameni. Ace\u0219tia emigreaz\u0103 din mai multe motive, printre care se num\u0103r\u0103 probleme de securitate, pandemia \u0219i crizele economice \u0219i politice ale \u021b\u0103rii lor.\u00a0<\/p>\n\n\n\n<p>\u00cen ultimul an, mul\u021bi oameni din zona de sud-est a Asiei au \u00eenceput s\u0103 fie vizibili, ajung\u00e2nd din buc\u0103t\u0103rii, pe str\u0103zi, livr\u00e2nd m\u00e2ncare, dup\u0103 cum spune Maria-Luiza Apostolescu, cercet\u0103tor \u00een m\u0103suri publice. Potrivit ei, unii ajung aici cu o viz\u0103 de student \u0219i livreaz\u0103 m\u00e2ncare numai part-time, \u00een timp ce al\u021bii \u00ee\u0219i fac un al doilea loc de munc\u0103 din asta.<\/p>\n\n\n\n<p>Apostolescu atrage aten\u021bia asupra faptului c\u0103 nu exist\u0103 ONG-uri destinate ajutorului \u201emigran\u021bilor economici\u201d, \u00een mare parte din cauza lipsei fondurilor:<\/p>\n\n\n\n<p><em>\u201eEste greu [de asemenea] pentru rom\u00e2ni s\u0103 \u00een\u021beleag\u0103 c\u0103 al\u021bi oameni vin aici pentru un trai mai bun. Noi suntem [de obicei] cei care emigreaz\u0103,\u201d<\/em> a declarat Maria-Luiza Apostolescu, pentru Al Jazeera.\u00a0<\/p>\n\n\n\n<h2 class=\"wp-block-heading\">Oamenii din spatele statutului de migrant economic<\/h2>\n\n\n\n<p>Douglas, un migrant al c\u0103rui nume real a fost schimbat, 6 zile pe s\u0103pt\u0103m\u00e2n\u0103 prepar\u0103 burgeri \u00een buc\u0103t\u0103ria unui restaurant, iar duminica, \u00een ziua lui liber\u0103, livreaz\u0103 m\u00e2ncare prin serviciul de livrare Bolt, \u00een ture de c\u00e2te 7 ore. Face 120 de lei profit pe s\u0103pt\u0103m\u00e2n\u0103, din livrat, dup\u0103 ce pl\u0103te\u0219te 250 de lei pentru a-\u0219i \u00eenchiria motocicleta \u0219i 30 de lei pentru a o alimenta cu benzin\u0103.&nbsp;&nbsp;<\/p>\n\n\n\n<p>Acesta m\u0103n\u00e2nc\u0103 de dou\u0103 ori pe zi, linte \u0219i orez diminea\u021ba, \u0219i seara orez cu pui, \u201eacas\u0103\u201d, \u00een locuin\u021ba pe care i-o asigur\u0103 angajatorul. El \u0219i al\u021bi 13 migran\u021bi din Sri Lanka dorm \u00een 7 paturi supraetajate \u201eca \u00eentr-un spital,\u201d dup\u0103 cum glume\u0219te Douglas.\u00a0<\/p>\n\n\n\n<p>Nu munca zilnic\u0103 \u0219i prost pl\u0103tit\u0103 este cel mai greu lucru de \u00eendurat, potrivit lui Douglas, <em>\u201ecel mai greu lucru este s\u0103 m\u0103 obi\u0219nuiesc cu ideea, deoarece nu de asta am venit aici. Dar pot s-o fac. Pot s\u0103 \u00eencerc s\u0103 am un salariu bun,\u201d<\/em> spune el.&nbsp;<\/p>\n\n\n\n<p>Douglas s-a mutat \u00een Bucure\u0219ti din Kandy, Sri Lanka, dup\u0103 ce a g\u0103sit o ofert\u0103 online pentru un job de menajer. Pentru a-\u0219i asigura cartea de munc\u0103 de care avea nevoie pentru a lucra \u00een Uniunea European\u0103, acesta a pl\u0103tit, \u00eendator\u00e2ndu-se, aproximativ 3.000 euro unei agen\u021bii de recrutare, \u00eens\u0103 <strong><em>\u201elucrurile nu au fost cum mi s-au zis c\u0103 vor fi,\u201d<\/em><\/strong> a spus Douglas: \u0219i salariul \u0219i jobul efectiv erau diferite. El a venit pentru un job de menajer care urma s\u0103 se pl\u0103teasc\u0103 cu 800 de euro, nu pentru jobul de preg\u0103tit burgeri care se pl\u0103te\u0219te cu 500 de euro.<\/p>\n\n\n\n<p><em>\u201eSunt captiv. Nu m\u0103 pot \u00eentoarce deoarece trebuie s\u0103 pl\u0103tesc \u00eemprumutul \u00eens\u0103, c\u00e2\u0219tig\u00e2nd at\u00e2t de pu\u021bin, nici nu \u0219tiu cum voi reu\u0219i s\u0103-l pl\u0103tesc,\u201d<\/em> a spus Douglas cu un z\u00e2mbet obosit, citat de Al Jazeera.<\/p>\n\n\n\n<p>Ali \u0219i fratele lui sunt al\u021bi doi migran\u021bi veni\u021bi \u00een Bucure\u0219ti cu un alt scop, numai ca s\u0103 ajung\u0103 s\u0103 livreze m\u00e2ncare. Cei doi au emigrat din Colombo, capitala Sri Lank\u0103i, la final de iunie, deoarece f\u0103ceau foarte pu\u021bini bani, lucr\u00e2nd ca mecanici. Tat\u0103l lor, srilankez expatriat \u00een Rom\u00e2nia, le g\u0103sise de lucru ni\u0219te locuri de munc\u0103 de cur\u0103\u021benie, numai c\u0103 imediat ce au ajuns \u00een Capital\u0103, le-au fost anulate c\u0103r\u021bile de munc\u0103, \u0219i astfel au ajuns s\u0103 livreze m\u00e2ncare, c\u00e2t timp \u00eencearc\u0103 s\u0103-\u0219i rezolve problemele birocratice.<\/p>\n\n\n\n<h2 class=\"wp-block-heading\">Guvernul Rom\u00e2niei \u0219i cote de c\u0103r\u021bi de munc\u0103<\/h2>\n\n\n\n<p>Douglas, Ali, \u0219i al\u021bi oameni intervieva\u021bi de Al Jazeera sunt doar c\u00e2\u021biva din oamenii care contribuie la atingerea cotei de 100.000 de c\u0103r\u021bi de munc\u0103 pentru cet\u0103\u021beni din afara Uniunii Europene pe care Guvernul Rom\u00e2niei \u0219i-a setat-o, cot\u0103 ce va cre\u0219te la 140.000 \u00een 2024, \u00een speran\u021ba de a umple golurile de pe pia\u021ba muncii.<\/p>\n\n\n\n<p>Rom\u00e2nia se schimb\u0103, potrivit The Economist, dintr-o \u021bar\u0103<a href=\"https:\/\/www.economist.com\/europe\/2023\/04\/27\/romanias-hot-economy-is-attracting-foreign-workers\"> \u201ea migran\u021bilor \u00eentr-una a imigran\u021bilor\u201d<\/a>.<\/p>\n\n\n\n<p>Excluz\u00e2nd europenii, cei mai mul\u021bi migran\u021bi vin din Nepal, urma\u021bi de cei din Sri Lanka: 15.807 oameni.\u00a0<\/p>\n\n\n\n<p>At\u00e2t migran\u021bii din Sri Lanka, c\u00e2t \u0219i cei din Nepal, pl\u0103tesc sume foarte mari de bani, pe care nu le au, agen\u021biilor de recrutare, \u0219i ajung s\u0103 fac\u0103 ceva foarte diferit de ceea ce le-a fost oferit ini\u021bial, iar <em>\u201e\u00een unele cazuri, nici m\u0103car nu lucrezi pentru compania cu care au contract,\u201d<\/em> potrivit jurnalistului Radu Stoichi\u021b\u0103.&nbsp;<\/p>\n\n\n\n<p>Ministerul Muncii a spus c\u0103 miile de euro pl\u0103tite de muncitori sunt <em>\u201ecosturi externe, asociate cu firmele \u0219i agen\u021biile de recrutare\u201d<\/em>, ministerul cer\u00e2ndu-le doar taxele pentru cartea de munc\u0103.<\/p>\n\n\n\n<p><em>\u201eC\u00e2teodat\u0103 simt de parc\u0103 (locul de munc\u0103) este doar o schem\u0103 pus\u0103 la cale de angajator \u0219i agen\u021bia de locuri de munc\u0103. Nu \u0219tim nimic despre condi\u021biile de lucru \u00eenainte s\u0103 ajungem aici \u0219i deci are sens, \u00een capul nostru, s\u0103 pl\u0103tim at\u00e2t de mult \u0219i credem c\u0103 putem pl\u0103ti datoria \u00eentr-un an\u201d,<\/em> a spus un migrant din Kaluatara, Sri Lanka, care a pl\u0103tit 3.500 euro pentru a ajunge s\u0103 lucreze \u00eentr-o buc\u0103t\u0103rie din Bucure\u0219ti.<\/p>\n\n\n\n<p><em>\u201eNe-au pus s\u0103 ne film\u0103m t\u0103ind ceap\u0103 \u0219i alte legume, \u0219i m-au angajat. Cu to\u021bii am pl\u0103tit prea mult pentru a ajunge aici\u201d<\/em>, a spus Manil, un buc\u0103tar de 32 de ani care a apelat la o agen\u021bie de recrutare a c\u0103rei reclam\u0103 a v\u0103zut-o la televizor. La locul s\u0103u de munc\u0103 din Bra\u0219ov el \u0219i al\u021bi cinci migran\u021bi din Sri Lanka erau abuza\u021bi sexual de \u0219eful lor, potrivit m\u0103rturiilor.<\/p>\n\n\n\n<p>\u00cens\u0103 migran\u021bilor le e fric\u0103 s\u0103 se duc\u0103 la poli\u021bie \u00een astfel de cazuri, spune Loredana Urzica-Mirea din partea eLiberare, o organiza\u021bie care \u00ee\u0219i propune s\u0103 combat\u0103 traficul uman \u0219i exploatarea sexual\u0103 din Rom\u00e2nia.<\/p>\n\n\n\n<p>Ultima op\u021biune r\u0103mas\u0103, potrivit lui Manil, este s\u0103 se duc\u0103 \u00een Italia, \u00een speran\u021ba c\u0103 salariul \u0219i condi\u021biile de lucru vor fi mai bune.&nbsp;<\/p>\n\n\n\n<h2 class=\"wp-block-heading\">Legea nu e deloc \u00een favoarea migran\u021bilor economici<\/h2>\n\n\n\n<p>\u00cen 2022, a fost adoptat\u0103 o Ordonan\u021b\u0103 de Urgen\u021b\u0103, OUG nr. 143 din 28 octombrie, prin care leag\u0103 angaja\u021bii str\u0103ini  din \u021b\u0103ri din afara Uniunii Europene de angajatorii lor timp de un an: nu \u00ee\u0219i pot schimba locul de munc\u0103 dec\u00e2t cu acordul scris al angajatorului. Ordonan\u021ba a venit \u201e\u00een ajutorul\u201d angajatorilor c\u0103rora le era team\u0103 c\u0103, dup\u0103 ce au finalizat procesul de aducere \u00een \u021bar\u0103, angaja\u021bii vor pleca sau vor fi \u201efura\u021bi\u201d de al\u021bi angajatori. <\/p>\n\n\n\n<p>Mai multe voci ale oamenilor implica\u021bi \u00een domeniul migra\u021biei din Rom\u00e2nia \u0219i-au exprimat \u00eengrijorarea cu privire la repercusiunile acestei legi, care are poten\u021bialul de a \u00eencuraja abuzurile, dup\u0103 ce au fost \u00eentreba\u021bi de <a href=\"https:\/\/www.libertatea.ro\/stiri\/sclavagism-modern-legea-prin-care-muncitorii-straini-sunt-legati-de-angajatorii-lor-din-romania-4369690\">Libertatea<\/a>. Efectele legii au fost descrise chiar \u0219i ca \u201esclavagism modern\u201d.<\/p>\n\n\n\n<p>La finalul lunii trecute, \u00een noiembrie, 11 persoane au fost re\u021binute sau puse sub m\u0103sura controlului judiciar, cercetate pentru c\u0103 ar fi f\u0103cut parte dintr-o re\u021bea care se ocupa cu transportul de migran\u021bi din Rom\u00e2nia \u00een vestul Uniunii Europene. \u00cei \u021bineau \u00een loca\u021bii de tip \u201esafe-house\u201d \u0219i apoi, ascun\u0219i \u00een compartimente secrete din tiruri, unde abia puteau respira, erau transporta\u021bi peste grani\u021b\u0103. <a href=\"https:\/\/buletin.de\/bucuresti\/traficanti-de-migranti-vietnamezi-cercetati-de-procurorii-antimafia-ii-tineau-in-case-conspirative-din-bucuresti-si-apoi-ii-duceau-in-occident\/\">Pentru acest \u201efavor\u201d, familiile vietnamezilor pl\u0103teau \u00eentre 4 \u0219i 8000 de euro.<\/a><br><\/p>\n\n\n\n<figure class=\"wp-block-embed is-type-wp-embed is-provider-buletin-de-bucure-ti wp-block-embed-buletin-de-bucure-ti\"><div class=\"wp-block-embed__wrapper\">\n<blockquote class=\"wp-embedded-content\" data-secret=\"EVO9G42KmQ\"><a href=\"https:\/\/buletin.de\/bucuresti\/traficanti-de-migranti-vietnamezi-cercetati-de-procurorii-antimafia-ii-tineau-in-case-conspirative-din-bucuresti-si-apoi-ii-duceau-in-occident\/\">Trafican\u021bi de migran\u021bi vietnamezi, cerceta\u021bi de procurorii antimafia. \u00cei \u021bineau \u00een case conspirative din Bucure\u0219ti \u0219i apoi \u00eei duceau \u00een Occident<\/a><\/blockquote><iframe class=\"wp-embedded-content\" sandbox=\"allow-scripts\" security=\"restricted\" style=\"position: absolute; clip: rect(1px, 1px, 1px, 1px);\" title=\"&#8220;Trafican\u021bi de migran\u021bi vietnamezi, cerceta\u021bi de procurorii antimafia. \u00cei \u021bineau \u00een case conspirative din Bucure\u0219ti \u0219i apoi \u00eei duceau \u00een Occident&#8221; &#8212; Buletin de Bucure\u0219ti\" src=\"https:\/\/buletin.de\/bucuresti\/traficanti-de-migranti-vietnamezi-cercetati-de-procurorii-antimafia-ii-tineau-in-case-conspirative-din-bucuresti-si-apoi-ii-duceau-in-occident\/embed\/#?secret=YrU4Ab8UnE#?secret=EVO9G42KmQ\" data-secret=\"EVO9G42KmQ\" width=\"600\" height=\"338\" frameborder=\"0\" marginwidth=\"0\" marginheight=\"0\" scrolling=\"no\"><\/iframe>\n<\/div><\/figure>\n","protected":false},"excerpt":{"rendered":"<p>Migran\u021bii din Asia pl\u0103tesc sume pe care nu \u0219i le permit agen\u021biilor de recrut\u0103ri, \u00een c\u0103utarea unui trai mai bun \u00een Bucure\u0219ti \u00eens\u0103, de multe ori, ace\u0219tia sunt p\u0103c\u0103li\u021bi, astfel ajung\u00e2nd s\u0103 livreze m\u00e2ncare \u00een \u201etimpul liber\u201d, pentru a supravie\u021bui \u0219i pl\u0103ti datoriile. Al Jazeera a realizat un reportaj despre c\u00e2\u021biva dintre migran\u021bii veni\u021bi din [&hellip;]<\/p>\n","protected":false},"author":47,"featured_media":72791,"comment_status":"closed","ping_status":"open","sticky":false,"template":"","format":"standard","meta":{"_acf_changed":false,"inline_featured_image":false,"ngg_post_thumbnail":0,"footnotes":""},"categories":[6994,5762,169],"tags":[8662,6684,8671,8670,8668,8666,8664,8669,8667,13,7957,714,8663,8665],"ppma_author":[22580],"class_list":["post-72788","post","type-post","status-publish","format-standard","has-post-thumbnail","hentry","category-stiri-2","category-main","category-reportaj","tag-al-jazeera","tag-bolt","tag-carte-de-munca","tag-conditii-de-trai","tag-emigranti","tag-food-panda","tag-glovo","tag-imigranti","tag-livratori","tag-mancare","tag-migranti","tag-ministerul-muncii","tag-sri-lanka","tag-tazz"],"acf":[],"yoast_head":"<!-- This site is optimized with the Yoast SEO Premium plugin v25.3 (Yoast SEO v27.5) - https:\/\/yoast.com\/product\/yoast-seo-premium-wordpress\/ -->\n<title>\u201eP\u0103c\u0103li\u021bi, exploata\u021bi, captivi\u201d. Experien\u021ba asiaticilor veni\u021bi s\u0103 lucreze \u00een Bucure\u0219ti - Buletin de Bucure\u0219ti<\/title>\n<meta name=\"robots\" content=\"index, follow, max-snippet:-1, max-image-preview:large, max-video-preview:-1\" \/>\n<link rel=\"canonical\" href=\"https:\/\/buletin.de\/bucuresti\/pacaliti-exploatati-captivi-experienta-asiaticilor-veniti-sa-lucreze-in-bucuresti\/\" \/>\n<meta property=\"og:locale\" content=\"en_GB\" \/>\n<meta property=\"og:type\" content=\"article\" \/>\n<meta property=\"og:title\" content=\"\u201eP\u0103c\u0103li\u021bi, exploata\u021bi, captivi\u201d. Experien\u021ba asiaticilor veni\u021bi s\u0103 lucreze \u00een Bucure\u0219ti\" \/>\n<meta property=\"og:description\" content=\"Migran\u021bii din Asia pl\u0103tesc sume pe care nu \u0219i le permit agen\u021biilor de recrut\u0103ri, \u00een c\u0103utarea unui trai mai bun \u00een Bucure\u0219ti \u00eens\u0103, de multe ori, ace\u0219tia sunt p\u0103c\u0103li\u021bi, astfel ajung\u00e2nd s\u0103 livreze m\u00e2ncare \u00een \u201etimpul liber\u201d, pentru a supravie\u021bui \u0219i pl\u0103ti datoriile. Al Jazeera a realizat un reportaj despre c\u00e2\u021biva dintre migran\u021bii veni\u021bi din [&hellip;]\" \/>\n<meta property=\"og:url\" content=\"https:\/\/buletin.de\/bucuresti\/pacaliti-exploatati-captivi-experienta-asiaticilor-veniti-sa-lucreze-in-bucuresti\/\" \/>\n<meta property=\"og:site_name\" content=\"Buletin de Bucure\u0219ti\" \/>\n<meta property=\"article:publisher\" content=\"https:\/\/www.facebook.com\/buletin.de.buc\" \/>\n<meta property=\"article:published_time\" content=\"2023-12-20T03:45:00+00:00\" \/>\n<meta property=\"article:modified_time\" content=\"2023-12-20T13:53:30+00:00\" \/>\n<meta property=\"og:image\" content=\"https:\/\/buletin.de\/bucuresti\/wp-content\/uploads\/20231124_131913.jpg\" \/>\n\t<meta property=\"og:image:width\" content=\"2000\" \/>\n\t<meta property=\"og:image:height\" content=\"1126\" \/>\n\t<meta property=\"og:image:type\" content=\"image\/jpeg\" \/>\n<meta name=\"author\" content=\"Adina C\u0103p\u00eelnean\" \/>\n<meta name=\"twitter:card\" content=\"summary_large_image\" \/>\n<meta name=\"twitter:label1\" content=\"Written by\" \/>\n\t<meta name=\"twitter:data1\" content=\"Adina C\u0103p\u00eelnean\" \/>\n\t<meta name=\"twitter:label2\" content=\"Estimated reading time\" \/>\n\t<meta name=\"twitter:data2\" content=\"7 minutes\" \/>\n<script type=\"application\/ld+json\" class=\"yoast-schema-graph\">{\"@context\":\"https:\\\/\\\/schema.org\",\"@graph\":[{\"@type\":\"Article\",\"@id\":\"https:\\\/\\\/buletin.de\\\/bucuresti\\\/pacaliti-exploatati-captivi-experienta-asiaticilor-veniti-sa-lucreze-in-bucuresti\\\/#article\",\"isPartOf\":{\"@id\":\"https:\\\/\\\/buletin.de\\\/bucuresti\\\/pacaliti-exploatati-captivi-experienta-asiaticilor-veniti-sa-lucreze-in-bucuresti\\\/\"},\"author\":{\"name\":\"Adina C\u0103p\u00eelnean\",\"@id\":\"https:\\\/\\\/buletin.de\\\/bucuresti\\\/#\\\/schema\\\/person\\\/ab174cf6711728e4ee83d672acf9a912\"},\"headline\":\"\u201eP\u0103c\u0103li\u021bi, exploata\u021bi, captivi\u201d. Experien\u021ba asiaticilor veni\u021bi s\u0103 lucreze \u00een Bucure\u0219ti\",\"datePublished\":\"2023-12-20T03:45:00+00:00\",\"dateModified\":\"2023-12-20T13:53:30+00:00\",\"mainEntityOfPage\":{\"@id\":\"https:\\\/\\\/buletin.de\\\/bucuresti\\\/pacaliti-exploatati-captivi-experienta-asiaticilor-veniti-sa-lucreze-in-bucuresti\\\/\"},\"wordCount\":1387,\"publisher\":{\"@id\":\"https:\\\/\\\/buletin.de\\\/bucuresti\\\/#organization\"},\"image\":{\"@id\":\"https:\\\/\\\/buletin.de\\\/bucuresti\\\/pacaliti-exploatati-captivi-experienta-asiaticilor-veniti-sa-lucreze-in-bucuresti\\\/#primaryimage\"},\"thumbnailUrl\":\"https:\\\/\\\/buletin.de\\\/bucuresti\\\/wp-content\\\/uploads\\\/20231124_131913.jpg\",\"keywords\":[\"al jazeera\",\"bolt\",\"carte de munca\",\"conditii de trai\",\"emigranti\",\"food panda\",\"glovo\",\"imigranti\",\"livratori\",\"mancare\",\"migranti\",\"ministerul muncii\",\"sri lanka\",\"tazz\"],\"articleSection\":[\"Articole\",\"Main\",\"Reportaj\"],\"inLanguage\":\"en-GB\",\"copyrightYear\":\"2023\",\"copyrightHolder\":{\"@id\":\"https:\\\/\\\/buletin.de\\\/bucuresti\\\/#organization\"}},{\"@type\":\"WebPage\",\"@id\":\"https:\\\/\\\/buletin.de\\\/bucuresti\\\/pacaliti-exploatati-captivi-experienta-asiaticilor-veniti-sa-lucreze-in-bucuresti\\\/\",\"url\":\"https:\\\/\\\/buletin.de\\\/bucuresti\\\/pacaliti-exploatati-captivi-experienta-asiaticilor-veniti-sa-lucreze-in-bucuresti\\\/\",\"name\":\"\u201eP\u0103c\u0103li\u021bi, exploata\u021bi, captivi\u201d. Experien\u021ba asiaticilor veni\u021bi s\u0103 lucreze \u00een Bucure\u0219ti - Buletin de Bucure\u0219ti\",\"isPartOf\":{\"@id\":\"https:\\\/\\\/buletin.de\\\/bucuresti\\\/#website\"},\"primaryImageOfPage\":{\"@id\":\"https:\\\/\\\/buletin.de\\\/bucuresti\\\/pacaliti-exploatati-captivi-experienta-asiaticilor-veniti-sa-lucreze-in-bucuresti\\\/#primaryimage\"},\"image\":{\"@id\":\"https:\\\/\\\/buletin.de\\\/bucuresti\\\/pacaliti-exploatati-captivi-experienta-asiaticilor-veniti-sa-lucreze-in-bucuresti\\\/#primaryimage\"},\"thumbnailUrl\":\"https:\\\/\\\/buletin.de\\\/bucuresti\\\/wp-content\\\/uploads\\\/20231124_131913.jpg\",\"datePublished\":\"2023-12-20T03:45:00+00:00\",\"dateModified\":\"2023-12-20T13:53:30+00:00\",\"breadcrumb\":{\"@id\":\"https:\\\/\\\/buletin.de\\\/bucuresti\\\/pacaliti-exploatati-captivi-experienta-asiaticilor-veniti-sa-lucreze-in-bucuresti\\\/#breadcrumb\"},\"inLanguage\":\"en-GB\",\"potentialAction\":[{\"@type\":\"ReadAction\",\"target\":[\"https:\\\/\\\/buletin.de\\\/bucuresti\\\/pacaliti-exploatati-captivi-experienta-asiaticilor-veniti-sa-lucreze-in-bucuresti\\\/\"]}]},{\"@type\":\"ImageObject\",\"inLanguage\":\"en-GB\",\"@id\":\"https:\\\/\\\/buletin.de\\\/bucuresti\\\/pacaliti-exploatati-captivi-experienta-asiaticilor-veniti-sa-lucreze-in-bucuresti\\\/#primaryimage\",\"url\":\"https:\\\/\\\/buletin.de\\\/bucuresti\\\/wp-content\\\/uploads\\\/20231124_131913.jpg\",\"contentUrl\":\"https:\\\/\\\/buletin.de\\\/bucuresti\\\/wp-content\\\/uploads\\\/20231124_131913.jpg\",\"width\":2000,\"height\":1126,\"caption\":\"Surs\u0103: Cosmin Pojoranu\"},{\"@type\":\"BreadcrumbList\",\"@id\":\"https:\\\/\\\/buletin.de\\\/bucuresti\\\/pacaliti-exploatati-captivi-experienta-asiaticilor-veniti-sa-lucreze-in-bucuresti\\\/#breadcrumb\",\"itemListElement\":[{\"@type\":\"ListItem\",\"position\":1,\"name\":\"Acas\u0103\",\"item\":\"https:\\\/\\\/buletin.de\\\/bucuresti\\\/\"},{\"@type\":\"ListItem\",\"position\":2,\"name\":\"\u201eP\u0103c\u0103li\u021bi, exploata\u021bi, captivi\u201d. Experien\u021ba asiaticilor veni\u021bi s\u0103 lucreze \u00een Bucure\u0219ti\"}]},{\"@type\":\"WebSite\",\"@id\":\"https:\\\/\\\/buletin.de\\\/bucuresti\\\/#website\",\"url\":\"https:\\\/\\\/buletin.de\\\/bucuresti\\\/\",\"name\":\"Buletin de Bucure\u0219ti\",\"description\":\"\u0218tiri \u0219i investiga\u021bii esen\u021biale din capital\u0103\",\"publisher\":{\"@id\":\"https:\\\/\\\/buletin.de\\\/bucuresti\\\/#organization\"},\"potentialAction\":[{\"@type\":\"SearchAction\",\"target\":{\"@type\":\"EntryPoint\",\"urlTemplate\":\"https:\\\/\\\/buletin.de\\\/bucuresti\\\/?s={search_term_string}\"},\"query-input\":{\"@type\":\"PropertyValueSpecification\",\"valueRequired\":true,\"valueName\":\"search_term_string\"}}],\"inLanguage\":\"en-GB\"},{\"@type\":\"Organization\",\"@id\":\"https:\\\/\\\/buletin.de\\\/bucuresti\\\/#organization\",\"name\":\"Buletin de Bucure\u0219ti\",\"url\":\"https:\\\/\\\/buletin.de\\\/bucuresti\\\/\",\"logo\":{\"@type\":\"ImageObject\",\"inLanguage\":\"en-GB\",\"@id\":\"https:\\\/\\\/buletin.de\\\/bucuresti\\\/#\\\/schema\\\/logo\\\/image\\\/\",\"url\":\"https:\\\/\\\/buletin.de\\\/bucuresti\\\/wp-content\\\/uploads\\\/logo-bdb-full-wide-vernil-transparent.png\",\"contentUrl\":\"https:\\\/\\\/buletin.de\\\/bucuresti\\\/wp-content\\\/uploads\\\/logo-bdb-full-wide-vernil-transparent.png\",\"width\":1782,\"height\":626,\"caption\":\"Buletin de Bucure\u0219ti\"},\"image\":{\"@id\":\"https:\\\/\\\/buletin.de\\\/bucuresti\\\/#\\\/schema\\\/logo\\\/image\\\/\"},\"sameAs\":[\"https:\\\/\\\/www.facebook.com\\\/buletin.de.buc\",\"https:\\\/\\\/www.instagram.com\\\/buletinde.bucuresti\\\/\"]},{\"@type\":\"Person\",\"@id\":\"https:\\\/\\\/buletin.de\\\/bucuresti\\\/#\\\/schema\\\/person\\\/ab174cf6711728e4ee83d672acf9a912\",\"name\":\"Adina C\u0103p\u00eelnean\",\"image\":{\"@type\":\"ImageObject\",\"inLanguage\":\"en-GB\",\"@id\":\"https:\\\/\\\/secure.gravatar.com\\\/avatar\\\/4fe9675d6282fd7c1aa4e486a037d532d5728fc16a30360f293eb6126b2e73ad?s=96&d=monsterid&r=ge2b23868508aec3460d3c6a11d3b599a\",\"url\":\"https:\\\/\\\/secure.gravatar.com\\\/avatar\\\/4fe9675d6282fd7c1aa4e486a037d532d5728fc16a30360f293eb6126b2e73ad?s=96&d=monsterid&r=g\",\"contentUrl\":\"https:\\\/\\\/secure.gravatar.com\\\/avatar\\\/4fe9675d6282fd7c1aa4e486a037d532d5728fc16a30360f293eb6126b2e73ad?s=96&d=monsterid&r=g\",\"caption\":\"Adina C\u0103p\u00eelnean\"},\"url\":\"https:\\\/\\\/buletin.de\\\/bucuresti\\\/author\\\/adinacapilnean\\\/\"}]}<\/script>\n<!-- \/ Yoast SEO Premium plugin. -->","yoast_head_json":{"title":"\u201eP\u0103c\u0103li\u021bi, exploata\u021bi, captivi\u201d. Experien\u021ba asiaticilor veni\u021bi s\u0103 lucreze \u00een Bucure\u0219ti - Buletin de Bucure\u0219ti","robots":{"index":"index","follow":"follow","max-snippet":"max-snippet:-1","max-image-preview":"max-image-preview:large","max-video-preview":"max-video-preview:-1"},"canonical":"https:\/\/buletin.de\/bucuresti\/pacaliti-exploatati-captivi-experienta-asiaticilor-veniti-sa-lucreze-in-bucuresti\/","og_locale":"en_GB","og_type":"article","og_title":"\u201eP\u0103c\u0103li\u021bi, exploata\u021bi, captivi\u201d. Experien\u021ba asiaticilor veni\u021bi s\u0103 lucreze \u00een Bucure\u0219ti","og_description":"Migran\u021bii din Asia pl\u0103tesc sume pe care nu \u0219i le permit agen\u021biilor de recrut\u0103ri, \u00een c\u0103utarea unui trai mai bun \u00een Bucure\u0219ti \u00eens\u0103, de multe ori, ace\u0219tia sunt p\u0103c\u0103li\u021bi, astfel ajung\u00e2nd s\u0103 livreze m\u00e2ncare \u00een \u201etimpul liber\u201d, pentru a supravie\u021bui \u0219i pl\u0103ti datoriile. Al Jazeera a realizat un reportaj despre c\u00e2\u021biva dintre migran\u021bii veni\u021bi din [&hellip;]","og_url":"https:\/\/buletin.de\/bucuresti\/pacaliti-exploatati-captivi-experienta-asiaticilor-veniti-sa-lucreze-in-bucuresti\/","og_site_name":"Buletin de Bucure\u0219ti","article_publisher":"https:\/\/www.facebook.com\/buletin.de.buc","article_published_time":"2023-12-20T03:45:00+00:00","article_modified_time":"2023-12-20T13:53:30+00:00","og_image":[{"width":2000,"height":1126,"url":"https:\/\/buletin.de\/bucuresti\/wp-content\/uploads\/20231124_131913.jpg","type":"image\/jpeg"}],"author":"Adina C\u0103p\u00eelnean","twitter_card":"summary_large_image","twitter_misc":{"Written by":"Adina C\u0103p\u00eelnean","Estimated reading time":"7 minutes"},"schema":{"@context":"https:\/\/schema.org","@graph":[{"@type":"Article","@id":"https:\/\/buletin.de\/bucuresti\/pacaliti-exploatati-captivi-experienta-asiaticilor-veniti-sa-lucreze-in-bucuresti\/#article","isPartOf":{"@id":"https:\/\/buletin.de\/bucuresti\/pacaliti-exploatati-captivi-experienta-asiaticilor-veniti-sa-lucreze-in-bucuresti\/"},"author":{"name":"Adina C\u0103p\u00eelnean","@id":"https:\/\/buletin.de\/bucuresti\/#\/schema\/person\/ab174cf6711728e4ee83d672acf9a912"},"headline":"\u201eP\u0103c\u0103li\u021bi, exploata\u021bi, captivi\u201d. Experien\u021ba asiaticilor veni\u021bi s\u0103 lucreze \u00een Bucure\u0219ti","datePublished":"2023-12-20T03:45:00+00:00","dateModified":"2023-12-20T13:53:30+00:00","mainEntityOfPage":{"@id":"https:\/\/buletin.de\/bucuresti\/pacaliti-exploatati-captivi-experienta-asiaticilor-veniti-sa-lucreze-in-bucuresti\/"},"wordCount":1387,"publisher":{"@id":"https:\/\/buletin.de\/bucuresti\/#organization"},"image":{"@id":"https:\/\/buletin.de\/bucuresti\/pacaliti-exploatati-captivi-experienta-asiaticilor-veniti-sa-lucreze-in-bucuresti\/#primaryimage"},"thumbnailUrl":"https:\/\/buletin.de\/bucuresti\/wp-content\/uploads\/20231124_131913.jpg","keywords":["al jazeera","bolt","carte de munca","conditii de trai","emigranti","food panda","glovo","imigranti","livratori","mancare","migranti","ministerul muncii","sri lanka","tazz"],"articleSection":["Articole","Main","Reportaj"],"inLanguage":"en-GB","copyrightYear":"2023","copyrightHolder":{"@id":"https:\/\/buletin.de\/bucuresti\/#organization"}},{"@type":"WebPage","@id":"https:\/\/buletin.de\/bucuresti\/pacaliti-exploatati-captivi-experienta-asiaticilor-veniti-sa-lucreze-in-bucuresti\/","url":"https:\/\/buletin.de\/bucuresti\/pacaliti-exploatati-captivi-experienta-asiaticilor-veniti-sa-lucreze-in-bucuresti\/","name":"\u201eP\u0103c\u0103li\u021bi, exploata\u021bi, captivi\u201d. Experien\u021ba asiaticilor veni\u021bi s\u0103 lucreze \u00een Bucure\u0219ti - Buletin de Bucure\u0219ti","isPartOf":{"@id":"https:\/\/buletin.de\/bucuresti\/#website"},"primaryImageOfPage":{"@id":"https:\/\/buletin.de\/bucuresti\/pacaliti-exploatati-captivi-experienta-asiaticilor-veniti-sa-lucreze-in-bucuresti\/#primaryimage"},"image":{"@id":"https:\/\/buletin.de\/bucuresti\/pacaliti-exploatati-captivi-experienta-asiaticilor-veniti-sa-lucreze-in-bucuresti\/#primaryimage"},"thumbnailUrl":"https:\/\/buletin.de\/bucuresti\/wp-content\/uploads\/20231124_131913.jpg","datePublished":"2023-12-20T03:45:00+00:00","dateModified":"2023-12-20T13:53:30+00:00","breadcrumb":{"@id":"https:\/\/buletin.de\/bucuresti\/pacaliti-exploatati-captivi-experienta-asiaticilor-veniti-sa-lucreze-in-bucuresti\/#breadcrumb"},"inLanguage":"en-GB","potentialAction":[{"@type":"ReadAction","target":["https:\/\/buletin.de\/bucuresti\/pacaliti-exploatati-captivi-experienta-asiaticilor-veniti-sa-lucreze-in-bucuresti\/"]}]},{"@type":"ImageObject","inLanguage":"en-GB","@id":"https:\/\/buletin.de\/bucuresti\/pacaliti-exploatati-captivi-experienta-asiaticilor-veniti-sa-lucreze-in-bucuresti\/#primaryimage","url":"https:\/\/buletin.de\/bucuresti\/wp-content\/uploads\/20231124_131913.jpg","contentUrl":"https:\/\/buletin.de\/bucuresti\/wp-content\/uploads\/20231124_131913.jpg","width":2000,"height":1126,"caption":"Surs\u0103: Cosmin Pojoranu"},{"@type":"BreadcrumbList","@id":"https:\/\/buletin.de\/bucuresti\/pacaliti-exploatati-captivi-experienta-asiaticilor-veniti-sa-lucreze-in-bucuresti\/#breadcrumb","itemListElement":[{"@type":"ListItem","position":1,"name":"Acas\u0103","item":"https:\/\/buletin.de\/bucuresti\/"},{"@type":"ListItem","position":2,"name":"\u201eP\u0103c\u0103li\u021bi, exploata\u021bi, captivi\u201d. Experien\u021ba asiaticilor veni\u021bi s\u0103 lucreze \u00een Bucure\u0219ti"}]},{"@type":"WebSite","@id":"https:\/\/buletin.de\/bucuresti\/#website","url":"https:\/\/buletin.de\/bucuresti\/","name":"Buletin de Bucure\u0219ti","description":"\u0218tiri \u0219i investiga\u021bii esen\u021biale din capital\u0103","publisher":{"@id":"https:\/\/buletin.de\/bucuresti\/#organization"},"potentialAction":[{"@type":"SearchAction","target":{"@type":"EntryPoint","urlTemplate":"https:\/\/buletin.de\/bucuresti\/?s={search_term_string}"},"query-input":{"@type":"PropertyValueSpecification","valueRequired":true,"valueName":"search_term_string"}}],"inLanguage":"en-GB"},{"@type":"Organization","@id":"https:\/\/buletin.de\/bucuresti\/#organization","name":"Buletin de Bucure\u0219ti","url":"https:\/\/buletin.de\/bucuresti\/","logo":{"@type":"ImageObject","inLanguage":"en-GB","@id":"https:\/\/buletin.de\/bucuresti\/#\/schema\/logo\/image\/","url":"https:\/\/buletin.de\/bucuresti\/wp-content\/uploads\/logo-bdb-full-wide-vernil-transparent.png","contentUrl":"https:\/\/buletin.de\/bucuresti\/wp-content\/uploads\/logo-bdb-full-wide-vernil-transparent.png","width":1782,"height":626,"caption":"Buletin de Bucure\u0219ti"},"image":{"@id":"https:\/\/buletin.de\/bucuresti\/#\/schema\/logo\/image\/"},"sameAs":["https:\/\/www.facebook.com\/buletin.de.buc","https:\/\/www.instagram.com\/buletinde.bucuresti\/"]},{"@type":"Person","@id":"https:\/\/buletin.de\/bucuresti\/#\/schema\/person\/ab174cf6711728e4ee83d672acf9a912","name":"Adina C\u0103p\u00eelnean","image":{"@type":"ImageObject","inLanguage":"en-GB","@id":"https:\/\/secure.gravatar.com\/avatar\/4fe9675d6282fd7c1aa4e486a037d532d5728fc16a30360f293eb6126b2e73ad?s=96&d=monsterid&r=ge2b23868508aec3460d3c6a11d3b599a","url":"https:\/\/secure.gravatar.com\/avatar\/4fe9675d6282fd7c1aa4e486a037d532d5728fc16a30360f293eb6126b2e73ad?s=96&d=monsterid&r=g","contentUrl":"https:\/\/secure.gravatar.com\/avatar\/4fe9675d6282fd7c1aa4e486a037d532d5728fc16a30360f293eb6126b2e73ad?s=96&d=monsterid&r=g","caption":"Adina C\u0103p\u00eelnean"},"url":"https:\/\/buletin.de\/bucuresti\/author\/adinacapilnean\/"}]}},"authors":[{"term_id":22580,"user_id":47,"is_guest":0,"slug":"adinacapilnean","display_name":"Adina C\u0103p\u00eelnean","avatar_url":"https:\/\/secure.gravatar.com\/avatar\/4fe9675d6282fd7c1aa4e486a037d532d5728fc16a30360f293eb6126b2e73ad?s=96&d=monsterid&r=g","0":null,"1":"","2":"","3":"","4":"","5":"","6":"","7":"","8":""}],"_links":{"self":[{"href":"https:\/\/buletin.de\/bucuresti\/wp-json\/wp\/v2\/posts\/72788","targetHints":{"allow":["GET"]}}],"collection":[{"href":"https:\/\/buletin.de\/bucuresti\/wp-json\/wp\/v2\/posts"}],"about":[{"href":"https:\/\/buletin.de\/bucuresti\/wp-json\/wp\/v2\/types\/post"}],"author":[{"embeddable":true,"href":"https:\/\/buletin.de\/bucuresti\/wp-json\/wp\/v2\/users\/47"}],"replies":[{"embeddable":true,"href":"https:\/\/buletin.de\/bucuresti\/wp-json\/wp\/v2\/comments?post=72788"}],"version-history":[{"count":4,"href":"https:\/\/buletin.de\/bucuresti\/wp-json\/wp\/v2\/posts\/72788\/revisions"}],"predecessor-version":[{"id":72795,"href":"https:\/\/buletin.de\/bucuresti\/wp-json\/wp\/v2\/posts\/72788\/revisions\/72795"}],"wp:featuredmedia":[{"embeddable":true,"href":"https:\/\/buletin.de\/bucuresti\/wp-json\/wp\/v2\/media\/72791"}],"wp:attachment":[{"href":"https:\/\/buletin.de\/bucuresti\/wp-json\/wp\/v2\/media?parent=72788"}],"wp:term":[{"taxonomy":"category","embeddable":true,"href":"https:\/\/buletin.de\/bucuresti\/wp-json\/wp\/v2\/categories?post=72788"},{"taxonomy":"post_tag","embeddable":true,"href":"https:\/\/buletin.de\/bucuresti\/wp-json\/wp\/v2\/tags?post=72788"},{"taxonomy":"author","embeddable":true,"href":"https:\/\/buletin.de\/bucuresti\/wp-json\/wp\/v2\/ppma_author?post=72788"}],"curies":[{"name":"wp","href":"https:\/\/api.w.org\/{rel}","templated":true}]}}