{"id":72713,"date":"2023-12-19T08:53:33","date_gmt":"2023-12-19T06:53:33","guid":{"rendered":"https:\/\/buletin.de\/bucuresti\/?p=72713"},"modified":"2023-12-20T12:09:52","modified_gmt":"2023-12-20T10:09:52","slug":"editorial-dosar-inchis-sare-pe-rana-deschisa-flashmob-pentru-emilia-sercan","status":"publish","type":"post","link":"https:\/\/buletin.de\/bucuresti\/editorial-dosar-inchis-sare-pe-rana-deschisa-flashmob-pentru-emilia-sercan\/","title":{"rendered":"EDITORIAL | Dosar \u00eenchis, sare pe ran\u0103 deschis\u0103. Flashmob pentru Emilia \u015eercan"},"content":{"rendered":"\n<p>Foto cover: <a href=\"https:\/\/www.facebook.com\/ioanamol\/posts\/pfbid0BD5psqfWQgHVFYZyAG1ARDNQDFfm3DEyEcbFnvDehFYp84yKNJXi8KZT3CfYVmopl\" data-type=\"link\" data-id=\"https:\/\/www.facebook.com\/ioanamol\/posts\/pfbid0BD5psqfWQgHVFYZyAG1ARDNQDFfm3DEyEcbFnvDehFYp84yKNJXi8KZT3CfYVmopl\">Ioana Moldovan<\/a><\/p>\n\n\n\n<p><strong>Actualizare &#8211; miercuri, 21 decembrie:<\/strong><\/p>\n\n\n\n<p>Emilia \u0218ercan <a href=\"https:\/\/www.facebook.com\/emilia.sercan\/posts\/pfbid02FHrHL12jgXWKXPDjBf3t2oLMmr22ndEmYtUiDk64vXXcQEvhBW6A63B68iUmnaxyl\" data-type=\"link\" data-id=\"https:\/\/www.facebook.com\/emilia.sercan\/posts\/pfbid02FHrHL12jgXWKXPDjBf3t2oLMmr22ndEmYtUiDk64vXXcQEvhBW6A63B68iUmnaxyl\">anun\u021b\u0103<\/a> pe Facebook c\u0103 \u00eenceteaz\u0103 protestul \u00een fa\u021ba Parchetului, \u00eentruc\u00e2t a primit, finalmente, r\u0103spuns la pl\u00e2ngerea \u00eempotriva solu\u021biei de clasare a dosarului. Dup\u0103 26 de zile, cu 6 \u00een plus fa\u021b\u0103 de termenul legal, Parchetul i-a respins pl\u00e2ngerea. \u0218ercan las\u0103 de \u00een\u021beles c\u0103 judecata \u00een acest caz a fost clar politic\u0103 \u0219i c\u0103 va merge \u0219i la CEDO dac\u0103 nici instan\u021ba nu \u00eei va da dreptate.<\/p>\n\n\n\n<p><strong>Materialul original<\/strong>:<\/p>\n\n\n\n<p>Te scoli diminea\u021ba, bei cafeaua, intri pe social media, dai de o amenin\u021bare cu moartea. Ce faci? Pl\u00e2ngere la poli\u021bie, normal. Avem stat (de drept), \u00eei pl\u0103tim func\u021bionarea prin taxe \u0219i impozite, \u0219ti\u021bi povestea cu democra\u021bia. Povestea e frumoas\u0103, dar realitatea e co\u0219mar: unul dintre func\u021bionarii statului, procuror, a spus c\u0103 publicarea repetat\u0103 a unor fotografii intime nu reprezint\u0103 deloc violare a vie\u021bii private. Pe acest motiv a decis clasarea celebrului <a href=\"https:\/\/www.hotnews.ro\/stiri-esential-26661555-dosarul-care-jurnalista-emilia-sercan-acuzat-operatiune-kompromat-impotriva-inchis-procurori.htm\">dosar de kompromat la adresa Emiliei \u0218ercan<\/a>.<\/p>\n\n\n\n<p>Dac\u0103 te doare mintea \u0219i sufletul c\u00e2nd auzi de acest subiect, atunci felicit\u0103ri, e\u0219ti exact \u00een punctul \u00een care au vrut s\u0103 te aduc\u0103: lehamite \u0219i emigrare \u00een sine, \u00een bula ta cu ai t\u0103i. S\u0103 nu te mai implici, s\u0103 nu te mai bagi, s\u0103 te opre\u0219ti din a citi acest editorial \u0219i de a te informa \u00een general, s\u0103 stai la locul t\u0103u \u0219i s\u0103 accep\u021bi cum centimetru cu centimetru \u021bi se \u00eencalc\u0103 din ce \u00een ce mai multe drepturi fundamentale, din ce \u00een ce mai mult.<\/p>\n\n\n\n<p>Emilia \u0218ercan <a href=\"https:\/\/pressone.ro\/autor\/emiliasercan\/\" data-type=\"link\" data-id=\"https:\/\/pressone.ro\/autor\/emiliasercan\/\">devoaleaz\u0103<\/a> cazuri scandaloase \u00een care oameni \u00eemportan\u021bi din stat plagiaz\u0103 flagrant \u00een lucr\u0103rile de doctorat. Lista e lung\u0103: a \u00eenceput <a href=\"https:\/\/www.libertatea.ro\/stiri\/gabriel-oprea-ramane-titlu-doctor-nu-a-plagiat-inalta-curte-casatie-justitie-4700215\">cu Gabriel Oprea<\/a> \u00een 2015 (care <a href=\"https:\/\/ziare.com\/emilia-sercan\/emilia-sercan-gabriel-oprea-plagiat-director-departamentul-de-comunicare-al-unpr-1739057\">i-a oferit func\u021bii<\/a> \u00een UNPR Emiliei \u0218ercan), la acea vreme premier interimar, vicepremier \u0219i ministru de interne, trece prin nume grele de mini\u0219tri, procurori, primari sau oameni ai serviciilor, precum <a href=\"https:\/\/pressone.ro\/fostul-ministru-radu-stroe-in-noul-lot-de-doctori-reclamati-de-academia-sri-pentru-plagiat\/\">Radu Stroe<\/a>, <a href=\"https:\/\/pressone.ro\/proba-de-integritate-cat-va-cantari-plagiatul-lui-bogdan-licu-in-decizia-ministrului-predoiu\/\">Bogdan Licu<\/a>, <a href=\"https:\/\/epochtimes-romania.com\/news\/emilia-sercan-martor-in-dosarul-unor-doctori-celebri%E2%80%94247947\">On\u021banu<\/a>, <a href=\"https:\/\/epochtimes-romania.com\/news\/emilia-sercan-doctori-in-impostura-tudose-pierde-procesul-prin-care-cerea-sa-i-se-retraga-titlul-de-doctor%E2%80%94299595\">Tudose<\/a>, <a href=\"https:\/\/pressone.ro\/generalul-sri-dumitru-dumbrava-a-plagiat-campul-tactic-al-tezei-sale-de-doctorat\/\">generalul SRI Dumbrav\u0103<\/a>, <a href=\"https:\/\/stirileprotv.ro\/stiri\/actualitate\/lucrarea-de-doctorat-a-primarului-robert-negoita-este-un-plagiat-anuntul-facut-de-comisia-de-etica-a-academiei-de-politie.html\">Robert Negoi\u021b\u0103<\/a> \u0219i se \u00eencheie cu Nicoale Ciuc\u0103, fost premier, actual al doilea om din stat ca Pre\u0219edinte al Senatului. <\/p>\n\n\n\n<figure class=\"wp-block-image\"><img decoding=\"async\" src=\"data:image\/gif;base64,R0lGODlhAQABAAAAACH5BAEKAAEALAAAAAABAAEAAAICTAEAOw==\" data-src=\"https:\/\/lh7-us.googleusercontent.com\/r0v9rZ8BkY0BMj9Paizd-07BiykOPTCUIoQrHodiRcrtUxNEYFOvxANG6ycGm7-xOwGbYY_rOeO3Orn9x6BEqH7v7PCEjB8ChpliJ5BVAIW4vYjj4WU_XoTb0uZBRuvXMeW7zFVj1avK4yILA9H71PY\" class=\"lazyload\" alt=\"\"\/><figcaption class=\"wp-element-caption\"><em>Foto: flashmob de sus\u021binere pentru Emilia \u0218ercan<\/em><\/figcaption><\/figure>\n\n\n\n<p>Ei \u0219tiu c\u0103 implicarea mi\u0219c\u0103, totu\u0219i, lucruri, mai multe dec\u00e2t vedem cu ochiul liber. Exemplu st\u0103 ce-am v\u0103zut la <a href=\"https:\/\/www.libertatea.ro\/stiri\/solidaritate-cu-jurnalista-emilia-sercan-zeci-de-oameni-protesteaza-in-fata-parchetului-general-4751407\">micul flashmob<\/a> de sus\u021binere pentru Emilia \u0218ercan: jurnalista a fost invitat\u0103 s\u0103 intre \u00een sediul Parchetului General. Nu v\u0103 imagina\u021bi c\u0103 au vorbit despre subiectul protestului, nu. \u00cen\u0103untru i s-au adus \u00een vedere prevederi ale legii 60\/1991, cea a adun\u0103rilor publice.&nbsp;<\/p>\n\n\n<p><iframe width=\"560\" height=\"315\" src=\"https:\/\/www.youtube.com\/embed\/oLx20ABaA58?si=ZWvwjRGrxtP-hUjz\" title=\"YouTube video player\" frameborder=\"0\" allow=\"accelerometer; autoplay; clipboard-write; encrypted-media; gyroscope; picture-in-picture; web-share\" allowfullscreen><\/iframe><\/p>\n\n\n\n<p>\u201e<em>Mi-au zis s\u0103 respect legea \u0219i s\u0103 notific primaria \u0219i s\u0103 l\u0103s\u0103m libere c\u0103ile de acces<\/em>\u201d &#8211; spune Emilia \u0218ercan.<\/p>\n\n\n\n<p>Chiar \u0219i a\u0219a, faptul c\u0103 a fost chemat\u0103 \u00een\u0103untru (\u0219i c\u0103 procurorul general a ie\u0219it pe u\u0219a din dos) reprezint\u0103 o mic\u0103 victorie pentru ultimele dou\u0103 s\u0103pt\u0103m\u00e2ni, de c\u00e2nd protesteaz\u0103 singur\u0103 \u00een fa\u021ba institu\u021biei care r\u0103spunde de procurorul care a tras concluzia c\u0103 publicarea de poze intime nu reprezint\u0103 violare a vie\u021bii private.<\/p>\n\n\n<div class=\"wp-block-image\">\n<figure class=\"aligncenter size-large\"><img fetchpriority=\"high\" decoding=\"async\" width=\"506\" height=\"900\" src=\"data:image\/gif;base64,R0lGODlhAQABAAAAACH5BAEKAAEALAAAAAABAAEAAAICTAEAOw==\" data-src=\"https:\/\/buletin.de\/bucuresti\/wp-content\/uploads\/florenta-506x900.png\" alt=\"\" class=\"wp-image-72730 lazyload\" data-sizes=\"auto\" data-srcset=\"https:\/\/buletin.de\/bucuresti\/wp-content\/uploads\/florenta-506x900.png 506w, https:\/\/buletin.de\/bucuresti\/wp-content\/uploads\/florenta-169x300.png 169w, https:\/\/buletin.de\/bucuresti\/wp-content\/uploads\/florenta-768x1365.png 768w, https:\/\/buletin.de\/bucuresti\/wp-content\/uploads\/florenta-864x1536.png 864w, https:\/\/buletin.de\/bucuresti\/wp-content\/uploads\/florenta-600x1067.png 600w, https:\/\/buletin.de\/bucuresti\/wp-content\/uploads\/florenta-20x36.png 20w, https:\/\/buletin.de\/bucuresti\/wp-content\/uploads\/florenta.png 1080w\" sizes=\"(max-width: 506px) 100vw, 506px\" \/><\/figure>\n<\/div>\n\n\n<p>Tr\u0103im vremuri ciudate, \u00een care o jurnalist\u0103 e h\u0103ituit\u0103 \u00een v\u0103zul public, al nostru, al tuturor. Agresorul e cel care ar trebui s\u0103 fie ocrotitor. Da, da, chiar de autorit\u0103\u021bile statului rom\u00e2n vorbim (\u0219i nu vorbim de-o prim\u0103rie de comun\u0103, ci de ditamai \u0219efii de Poli\u021bie!), care ar trebui s\u0103 vegheze la binele public, nu s\u0103 ocroteasc\u0103 r\u0103ul privat. Care r\u0103u, care-i faza? E un serial care devine, pe m\u0103sur\u0103 ce trec anii, din ce \u00een ce mai sumbru, at\u00e2t de distopic \u00eenc\u00e2t m\u0103 a\u0219tept s\u0103-l v\u0103d ecranizat de Netflix. <\/p>\n\n\n\n<p>S\u0103 recapitul\u0103m principalele episoade.<\/p>\n\n\n\n<p>\u00centr-o mic\u0103 cur\u0103 de dezintoxicare de social media, <a href=\"https:\/\/www.facebook.com\/emilia.sercan\/posts\/pfbid02CjPVF8NBLTVRXz5CgQbfmsjsJ2M2gjg7ybpkS8EeGwjGzUbS6x3LHVL978Zhd2fl?__cft__[0]=AZUQw7DDhY88d-BXAzC0UTgbTu1OCGb3iGZ9zt2hu_cnQ7xbYhjJP9tkb1ZTh2i0NbepytWLBTSFlK0Nhn3EWa79EQIeGxuLFyz-AbzGoKr4DthP0POq-ycUSU38FpaOJmDP5NO3eKnaywZ64kXPyJ_c3XzdaWqKQNVwLu7YFhsegw&amp;__tn__=%2CO%2CP-R\">ratasem postarea<\/a> jurnalistei \u00een care ne anun\u021ba, la zece zile dup\u0103 ce l-a \u00eenceput, protestul ei solitar.&nbsp;Mona D\u00eer\u021bu <a href=\"https:\/\/pressone.ro\/de-ce-protesteaza-totusi-emilia-sercan\/\" data-type=\"link\" data-id=\"https:\/\/pressone.ro\/de-ce-protesteaza-totusi-emilia-sercan\/\">explic\u0103 aici<\/a>, mai clar, de ce protesteaz\u0103 \u0218ercan. Luni, 18 decembrie, aproape 70 de oameni, majoritatea jurnali\u0219ti din presa independent\u0103, <a href=\"https:\/\/www.g4media.ro\/foto-solidaritate-cu-emilia-sercan-cateva-zeci-de-persoane-au-protestat-in-fata-parchetului-general.html\" data-type=\"link\" data-id=\"https:\/\/www.g4media.ro\/foto-solidaritate-cu-emilia-sercan-cateva-zeci-de-persoane-au-protestat-in-fata-parchetului-general.html\">i-au f\u0103cut o surpriz\u0103<\/a> Emiliei \u0219i au stat cu ea \u00een fa\u021ba Parchetului pentru a-\u0219i exprima solidaritatea cu cauza ei. Jurnalista s-a declarat \u201e<a href=\"https:\/\/www.facebook.com\/emilia.sercan\/posts\/pfbid02pDPWEQvzPFWA3KUG6GK3ixGQpasDG5pcLAyLb9rDD3fU9KWXX6DJx1k2JAX1Mj5Fl?__cft__[0]=AZWA4q82U0sj9UY5pxNpp5R6iMysUklGPBIE2LxXe6cJlJRMnMfbSa3p9vF7oQ6ZbDXMxI9a0MMJAYQfV_bBg_5apeWi2S1iXmfhwL3Gu7rbxVd2V0_i5ioeqZZNL2nCu3qAzFtpG5AIda7FlnShne7ycqK2geuc1aiPoP6gjZqr3g&amp;__tn__=%2CO%2CP-R\" data-type=\"link\" data-id=\"https:\/\/www.facebook.com\/emilia.sercan\/posts\/pfbid02pDPWEQvzPFWA3KUG6GK3ixGQpasDG5pcLAyLb9rDD3fU9KWXX6DJx1k2JAX1Mj5Fl?__cft__[0]=AZWA4q82U0sj9UY5pxNpp5R6iMysUklGPBIE2LxXe6cJlJRMnMfbSa3p9vF7oQ6ZbDXMxI9a0MMJAYQfV_bBg_5apeWi2S1iXmfhwL3Gu7rbxVd2V0_i5ioeqZZNL2nCu3qAzFtpG5AIda7FlnShne7ycqK2geuc1aiPoP6gjZqr3g&amp;__tn__=%2CO%2CP-R\">cople\u0219it\u0103 de emo\u021bie<\/a>\u201d.<\/p>\n\n\n\n<figure class=\"wp-block-image size-large\"><img decoding=\"async\" width=\"900\" height=\"600\" src=\"data:image\/gif;base64,R0lGODlhAQABAAAAACH5BAEKAAEALAAAAAABAAEAAAICTAEAOw==\" data-src=\"https:\/\/buletin.de\/bucuresti\/wp-content\/uploads\/WhatsApp-Image-2023-12-18-at-21.14.45-900x600.jpeg\" alt=\"\" class=\"wp-image-72721 lazyload\" data-sizes=\"auto\" data-srcset=\"https:\/\/buletin.de\/bucuresti\/wp-content\/uploads\/WhatsApp-Image-2023-12-18-at-21.14.45-900x600.jpeg 900w, https:\/\/buletin.de\/bucuresti\/wp-content\/uploads\/WhatsApp-Image-2023-12-18-at-21.14.45-300x200.jpeg 300w, https:\/\/buletin.de\/bucuresti\/wp-content\/uploads\/WhatsApp-Image-2023-12-18-at-21.14.45-768x512.jpeg 768w, https:\/\/buletin.de\/bucuresti\/wp-content\/uploads\/WhatsApp-Image-2023-12-18-at-21.14.45-600x400.jpeg 600w, https:\/\/buletin.de\/bucuresti\/wp-content\/uploads\/WhatsApp-Image-2023-12-18-at-21.14.45-20x13.jpeg 20w, https:\/\/buletin.de\/bucuresti\/wp-content\/uploads\/WhatsApp-Image-2023-12-18-at-21.14.45.jpeg 1024w\" sizes=\"(max-width: 900px) 100vw, 900px\" \/><figcaption class=\"wp-element-caption\">FOTO: <a href=\"https:\/\/www.facebook.com\/mghiduc\/posts\/pfbid02PUNJBMiPcAThCeEm522EAQ9ZThNP4okqz3W785WWHGgVrroxD5qtzcrt3oYvUd1yl\">Mihai Ghiduc<\/a><\/figcaption><\/figure>\n\n\n\n<p>\u201ePlagiarism Hunter\u201d este una dintre titulaturile cu care Emilia \u0218ercan se auto-descrie <a href=\"https:\/\/twitter.com\/emiliasercan\">pe profilul ei de Twitter<\/a> (actualmente X). Munca ei de a dovedi impostura intelectual\u0103 i-a adus stima rom\u00e2nilor care \u00eenc\u0103 g\u00e2ndesc critic, dar \u0219i amenin\u021b\u0103ri cu moartea plus c\u0103ru\u021be de dejec\u021bii zilnice, \u00een prime-time, la ni\u0219te posturi TV care cic\u0103 fac \u0219tiri, practic <a href=\"https:\/\/recorder.ro\/bani-publici-pentru-presa-privata-povestea-unei-investigatii-in-conturile-partidelor-mogul\/\">scriu la comand\u0103<\/a>.&nbsp;<\/p>\n\n\n\n<p>Era anul 2019 c\u00e2nd ni\u0219te maaaari b\u0103rba\u021bi, fo\u0219ti \u0219efi ai Academiei de Poli\u021bie \u201eAlexandru Ioan Cuza\u201d, una dintre institu\u021biile vizate de corup\u021bia expus\u0103 de \u0218ercan (plagiat = furt, <em>kind reminder <\/em>pentru fal\u0219ii doctori), puneau un subaltern s\u0103 ia cartele prepaid, s\u0103 le bage \u00een second hand \u0219i s\u0103 amenin\u021be un jurnalist cu moartea. C\u00e2t de lung e drumul de la amenin\u021bare p\u00e2n\u0103 la fapt\u0103? Ce faci, <a href=\"https:\/\/www.facebook.com\/alex.nedea\/posts\/pfbid02rHr62imJY9GuQaDi5smY7t3ufQVNxU52o88HDaryw4Uwah1r3J1zX6vNnA5njr2Bl\">vorba lui Alex Nedea<\/a>, cu un jurnalist pe care nu-l po\u021bi compromite?<\/p>\n\n\n\n<p>\u201eOpre\u0219te-te, vrei s\u0103 ajungi ca Elodia? O s\u0103 \u00ee\u021bi t\u0103iem m\u00e2inile \u0219i picioarele\u201d.<\/p>\n\n\n\n<p>Dac\u0103 vrei s\u0103 amenin\u021bi un jurnalist cu moartea, scapi cu 3 ani cu suspendare, a\u0219a a decis instan\u021ba suprem\u0103 a \u021b\u0103rii. O nimica toat\u0103 dup\u0103 3 ani de procese: justi\u021bia a bifat aparen\u021ba c\u0103 \u0219i-a f\u0103cut treaba, c\u0103ci <a href=\"https:\/\/www.hotnews.ro\/stiri-esential-25690690-jurnalista-emilia-sercan-face-public-mesajul-prin-care-fost-amenintata-moartea-catre-fostii-sefi-academiei-politie.htm\">i-a condamnat pe cei doi<\/a> b\u0103rba\u021bi, rector \u0219i prorector, pentru \u201einstigare la \u0219antaj\u201d. Dar de ce oare \u00cenalta Curte, unde s-a judecat apelul, a desfiin\u021bat obligativitatea pl\u0103\u021bii de 80.000 lei Emiliei \u0218ercan, sub form\u0103 de daune morale, a\u0219a cum o stabilise instan\u021ba de fond?&nbsp;<\/p>\n\n\n\n<p>Ast\u0103zi, b\u0103rba\u021bii dovedi\u021bi c\u0103 au amenin\u021bat jurnalista se pot \u00eentoarce bine-mersi \u00een \u201emediul academic\u201d care i-a consacrat, c\u0103ci le-a expirat \u0219i \u201einterzicerea unor drepturi\u201d. Practic, la o mic\u0103 socoteal\u0103 tip \u201ecost-beneficiu\u201d &#8211; un poten\u021bial r\u0103uf\u0103c\u0103tor poate concluziona, pe bun\u0103 dreptate, c\u0103 renteaz\u0103 s\u0103 orchestrezi amenin\u0163\u0103ri de nivel \u00eenalt \u0219i spe\u021b\u0103 joas\u0103, c\u0103 nu p\u0103\u021be\u0219ti mare lucru. Bravo, bun mesaj au transmis judec\u0103torii \u00cenaltei Cur\u021bi \u00een 2019!&nbsp;<\/p>\n\n\n\n<p>Apropo de mesaje, privi\u021bi ce mesaj prime\u0219te \u0218ercan \u00een 19 ianuarie 2022 \u0219i g\u00e2ndi\u021bi-v\u0103 dac\u0103 are vreo leg\u0103tur\u0103 cu sentin\u021ba \u00cenaltei Cur\u021bi din 2019, care poate c-a creat un precedent periculos:<\/p>\n\n\n\n<p><em>\u201eNoi \u0219tim s\u0103 te facem s\u0103 vorbe\u0219ti \u0219i vei spune numele celui care \u021bi-a dat s\u0103 faci acest lucru, indiferent din ce structuri face parte \u0219i indiferent ce func\u021bie are, iar din acel moment zile bune pe p\u0103m\u00e2nt nu vei mai avea\u2026 \u00ee\u021bi vom trimite umbre la munc\u0103, \u00een cas\u0103, peste tot pe unde te mi\u0219ti \u0219i ai s\u0103 sim\u021bi prezen\u021ba lor peste tot, inclusiv \u00een intimitatea ta, dac\u0103 ai f\u0103cut la ordin aceast\u0103 afirma\u021bie. Roag\u0103-te la Dumnezeu s\u0103 ai dreptate\u2026!\u201d<\/em><\/p>\n\n\n\n<p>Era c\u00e2t pe ce <a href=\"https:\/\/www.hotnews.ro\/stiri-esential-26719207-emilia-sercan-victorie-instanta-parchetul-care-inchis-dosarul-privind-amenintarile-primite-dupa-scris-despre-plagiatul-lui-ciuca.htm\">s\u0103 se renun\u0163e la urm\u0103rirea penal\u0103<\/a> de c\u0103tre Parchetul Sector 4. Instan\u021ba a decis redeschiderea dosarului \u0219i i-a dat dreptate Emiliei \u0218ercan care, pe bun\u0103 dreptate, nu prea mai are \u00eencredere \u00een procurori.&nbsp;<\/p>\n\n\n\n<p>P\u00e2n\u0103 s\u0103 vin\u0103 sentin\u021ba definitiv\u0103 \u00een dosarul amenin\u021b\u0103rilor cu moartea, \u0218ercan s-a trezit, \u00eenc\u0103 de la \u00eenceputul lui 2022, \u00eentr-o jenant\u0103 <a href=\"https:\/\/pressone.ro\/emilia-sercan-autoritatile-statului-au-orchestrat-o-operatiune-de-kompromat-impotriva-mea-acum-incearca-sa-o-musamalizeze\/\">ac\u021biune de kompromat<\/a>. Jenant\u0103 pentru autorii ei, pentru c\u0103 desigur c\u0103 #vavedem \u0219i a\u0219tept\u0103m s\u0103 v\u0103 vad\u0103 \u0219i domnii procurori \u0219i judec\u0103tori (curaj, \u0219tim c\u0103 exista\u021bi \u0219i nu sunte\u021bi to\u021bi de partea \u00eentunecat\u0103 a for\u021bei!), dac\u0103 nu e deranjul prea mare.&nbsp;<\/p>\n\n\n\n<p>Pe 16 februarie 2022, \u0218ercan descoper\u0103, dup\u0103 ce deja primise dou\u0103 mesaje de amenin\u021bare distincte, pentru care depusese pl\u00e2ngere penal\u0103, c\u0103 un individ \u00eei trimite via Facebook ni\u0219te poze personale, f\u0103cute \u00een urm\u0103 cu mul\u021bi ani de logodnicul ei de la acea vreme. Ipostaze de via\u021b\u0103 cotidian\u0103, inclusiv o fotografie cu Emilia \u0218ercan \u00eembr\u0103cat\u0103 sumar, ie\u0219ind de la du\u0219. Acelea\u0219i fotografii se reg\u0103seau deja pe diverse site-uri de adul\u021bi. Aceea\u0219i fotografie o are \u0218ercan at\u00e2rnat\u0103 de g\u00e2t atunci c\u00e2nd protesteaz\u0103 solitar \u00een fa\u021ba Parchetului. Sigur c\u0103 \u00eei mai atrag aten\u021bia angaja\u021bii institu\u021biei c\u0103 \u201enu se cade\u201d s\u0103 afi\u0219eze o astfel de poz\u0103. \u0218i asta e \u0219i ideea &#8211; <strong>dac\u0103 p\u00e2n\u0103 \u0219i angaja\u021bii institu\u021biei, f\u0103r\u0103 vreo miz\u0103 \u00een spe\u021b\u0103, conchid \u00een c\u00e2teva secunde c\u0103 acea fotografie \u021bine exclusiv de domeniul privat, de ce procurorul de caz nu a considerat acela\u0219i lucru<\/strong>?<\/p>\n\n\n\n<p>Revenim \u00een 2022, februarie: deja obi\u0219nuit\u0103 s\u0103-\u0219i caute dreptatea, \u0218ercan ia leg\u0103tura cu subcomisara de poli\u021bie care gestiona precedentele dou\u0103 pl\u00e2ngeri penale. Aici \u00eencepe partea care pe mine m-a dat de tot peste cap. \u0218ercan \u00eei trimite angajatei din Ministerul Afacerilor Interne o captur\u0103 de ecran cu mesajul primit pe Facebook Messenger. Aceea\u0219i captur\u0103 se scurge suav, a doua zi, pe un site din Republica Moldova (\u0219i de acolo pe alte peste 70 de site-uri). De fapt se scurge dup\u0103 fix 40 de minute de la predarea ei c\u0103tre subcomisar\u0103, urmau s\u0103 arate metadatele analizate ulterior.&nbsp;<\/p>\n\n\n\n<p>V\u0103z\u00e2nd lipsa de progres a cazului s\u0103u pe ruta institu\u021bional\u0103, \u0218ercan decide s\u0103 foloseasc\u0103 presiunea public\u0103 pentru a determina autorit\u0103\u021bile statului s\u0103 constate c\u0103 alte autorit\u0103\u021bi ale statului (\u0219i nu crima organizat\u0103) au amenin\u021bat \u0219i denigrat cu bun\u0103 \u0219tiin\u021b\u0103 un jurnalist pentru c\u0103 acesta a publicat un adev\u0103r incomod &#8211; c\u0103 <a href=\"https:\/\/pressone.ro\/premierul-nicolae-ciuca-a-plagiat-in-teza-de-doctorat-printre-sursele-copiate-se-numara-alte-doua-teze-de-doctorat\/\">premierul Nicolae Ciuc\u0103 a plagiat<\/a>.&nbsp;<\/p>\n\n\n\n<p>Pe 4 aprilie, \u0218ercan expune public ce-a tr\u0103it de la \u00eenceputul anului 2022, dup\u0103 45 de zile de primit mult flit din partea autorit\u0103\u021bilor (salut\u0103ri domnilor Lucian Bode \u0219i Benone Matei, inspector general al Poli\u021biei Rom\u00e2ne, precum \u0219i angaja\u021bilor care timp de trei s\u0103pt\u0103m\u00e2ni au refuzat s\u0103-i acorde un banal num\u0103r de \u00eenregistrare jurnalistei).&nbsp;<\/p>\n\n\n\n<p>Cinci zile mai t\u00e2rziu, pe 9 aprilie, sub 100 de cet\u0103\u021beni scandaliza\u021bi de subiect <a href=\"https:\/\/www.libertatea.ro\/stiri\/protest-minister-interne-sustinere-alaturi-de-emilia-sercan-piata-revolutiei-bucuresti-4077481\">se str\u00e2ng<\/a> \u00een fa\u021ba Ministerului de Interne pentru a protesta. Eu, personal, \u00eemi pierd cump\u0103tul la acel eveniment \u0219i cad \u00een capcana unui reporter RTV, care tot punea \u00eentreb\u0103ri tenden\u021bioase, c\u0103 doar nu degeaba cump\u0103r\u0103 partidele <a href=\"https:\/\/recorder.ro\/pretul-tacerii-o-investigatie-in-contabilitatea-presei-de-partid\/\">pre\u021bul t\u0103cerii<\/a> &#8211; vede\u021bi ce embargo media exist\u0103 pe subiectul \u0218ercan \u0219i din ce unghiuri este tratat atunci c\u00e2nd este prezent la TV.&nbsp;<\/p>\n\n\n\n<p>Toamna aceasta, <a href=\"https:\/\/pressone.ro\/parchetul-claseaza-abrupt-dosarul-de-kompromat-fapta-de-scurgere-a-unei-probe-din-politia-romana-nu-este-prevazuta-de-legea-penala\/\">dosarul de kompromat este clasat<\/a> \u00eentr-un mod ridicol, \u00een pofida probelor substan\u021biale \u0219i a suspiciunilor de imixtiune \u00een dosar. Se pare c\u0103 poli\u021bia nu poate fi pedepsit\u0103 atunci c\u00e2nd se dovede\u0219te c\u0103 gre\u0219e\u0219te. Departe de noi s\u0103 avem puterea s\u0103 pedepsim poli\u021bia. Ce po\u021bi s\u0103 faci tu, ca simplu cet\u0103\u021bean, dup\u0103 ce-ai citit acest text? Poate c\u0103 nu pare mare lucru, dar ajut\u0103 s\u0103:<\/p>\n\n\n\n<ul class=\"wp-block-list\">\n<li>urm\u0103re\u0219ti \u00een continuare cazul, dar nu cu \u201eaten\u021bie \u0219i \u00eengrijorare\u201d, ci activ. S\u0103 te informezi corect \u0219i, foarte important, s\u0103 comba\u021bi dezinformarea pe subiect atunci c\u00e2nd exist\u0103.<\/li>\n\n\n\n<li>vorbe\u0219ti cu cei din jur, a\u0219a cum au vorbit \u0219i cei care <a href=\"https:\/\/www.g4media.ro\/organizatiile-internationale-care-apara-libertatea-presei-consternate-dupa-ce-ancheta-privind-denigrarea-si-furtul-fotografiilor-personale-ale-emiliei-sercan-a-fost-inchisa-brusc-la-cererea-parchetu.html\">au trimis<\/a> mesajul abuzului institu\u021bional mai departe, la organiza\u021bii interna\u021bionale.<\/li>\n\n\n\n<li>s\u0103 o urm\u0103re\u0219ti pe Emilia \u0218ercan \u0219i s\u0103 r\u0103spunzi apelurilor sale, \u00een rarele momente \u00een care cere ajutorul, c\u0103 nu mai poate singur\u0103.<\/li>\n<\/ul>\n\n\n\n<figure class=\"wp-block-image\"><img decoding=\"async\" src=\"data:image\/gif;base64,R0lGODlhAQABAAAAACH5BAEKAAEALAAAAAABAAEAAAICTAEAOw==\" data-src=\"https:\/\/lh7-us.googleusercontent.com\/Dw4KklizcmjWJvDswn9J9TDgMdfxEOkZbxIgCNj4p-_LVreb0YxtwRbkJmlaDAwagOOsJDUgKkd9OCJKj0tttmLcTrWoQ9yrJG9Kg-v9ptbjwX_bD-Tlmm1snsGUgew1oUzoJpoCARm9wtOjXNdLSKA\" class=\"lazyload\" alt=\"\"\/><\/figure>\n\n\n\n<hr class=\"wp-block-separator has-alpha-channel-opacity\"\/>\n\n\n\n<p><\/p>\n\n\n\n<p><\/p>\n\n\n\n<p><\/p>\n","protected":false},"excerpt":{"rendered":"<p>Foto cover: Ioana Moldovan Actualizare &#8211; miercuri, 21 decembrie: Emilia \u0218ercan anun\u021b\u0103 pe Facebook c\u0103 \u00eenceteaz\u0103 protestul \u00een fa\u021ba Parchetului, \u00eentruc\u00e2t a primit, finalmente, r\u0103spuns la pl\u00e2ngerea \u00eempotriva solu\u021biei de clasare a dosarului. Dup\u0103 26 de zile, cu 6 \u00een plus fa\u021b\u0103 de termenul legal, Parchetul i-a respins pl\u00e2ngerea. \u0218ercan las\u0103 de \u00een\u021beles c\u0103 judecata [&hellip;]<\/p>\n","protected":false},"author":20,"featured_media":72715,"comment_status":"closed","ping_status":"open","sticky":false,"template":"","format":"standard","meta":{"_acf_changed":false,"inline_featured_image":false,"ngg_post_thumbnail":0,"footnotes":""},"categories":[6994,41,5762],"tags":[8642,8639,8570,8641,8640,8638,5236,4625],"ppma_author":[22608],"class_list":["post-72713","post","type-post","status-publish","format-standard","has-post-thumbnail","hentry","category-stiri-2","category-editorial","category-main","tag-alex-florenta","tag-amenintari-jurnalisti","tag-doctorat","tag-emilia-sercan","tag-flashmob-parchet","tag-kompromat-emilia-sercan","tag-parchetul-general","tag-plagiat"],"acf":[],"yoast_head":"<!-- This site is optimized with the Yoast SEO Premium plugin v25.3 (Yoast SEO v27.5) - https:\/\/yoast.com\/product\/yoast-seo-premium-wordpress\/ -->\n<title>EDITORIAL | Dosar \u00eenchis, sare pe ran\u0103 deschis\u0103. Flashmob pentru Emilia \u015eercan - Buletin de Bucure\u0219ti<\/title>\n<meta name=\"robots\" content=\"index, follow, max-snippet:-1, max-image-preview:large, max-video-preview:-1\" \/>\n<link rel=\"canonical\" href=\"https:\/\/buletin.de\/bucuresti\/editorial-dosar-inchis-sare-pe-rana-deschisa-flashmob-pentru-emilia-sercan\/\" \/>\n<meta property=\"og:locale\" content=\"en_GB\" \/>\n<meta property=\"og:type\" content=\"article\" \/>\n<meta property=\"og:title\" content=\"EDITORIAL | Dosar \u00eenchis, sare pe ran\u0103 deschis\u0103. Flashmob pentru Emilia \u015eercan\" \/>\n<meta property=\"og:description\" content=\"Foto cover: Ioana Moldovan Actualizare &#8211; miercuri, 21 decembrie: Emilia \u0218ercan anun\u021b\u0103 pe Facebook c\u0103 \u00eenceteaz\u0103 protestul \u00een fa\u021ba Parchetului, \u00eentruc\u00e2t a primit, finalmente, r\u0103spuns la pl\u00e2ngerea \u00eempotriva solu\u021biei de clasare a dosarului. Dup\u0103 26 de zile, cu 6 \u00een plus fa\u021b\u0103 de termenul legal, Parchetul i-a respins pl\u00e2ngerea. \u0218ercan las\u0103 de \u00een\u021beles c\u0103 judecata [&hellip;]\" \/>\n<meta property=\"og:url\" content=\"https:\/\/buletin.de\/bucuresti\/editorial-dosar-inchis-sare-pe-rana-deschisa-flashmob-pentru-emilia-sercan\/\" \/>\n<meta property=\"og:site_name\" content=\"Buletin de Bucure\u0219ti\" \/>\n<meta property=\"article:publisher\" content=\"https:\/\/www.facebook.com\/buletin.de.buc\" \/>\n<meta property=\"article:published_time\" content=\"2023-12-19T06:53:33+00:00\" \/>\n<meta property=\"article:modified_time\" content=\"2023-12-20T10:09:52+00:00\" \/>\n<meta property=\"og:image\" content=\"https:\/\/buletin.de\/bucuresti\/wp-content\/uploads\/WhatsApp-Image-2023-12-18-at-21.14.28.jpeg\" \/>\n\t<meta property=\"og:image:width\" content=\"1024\" \/>\n\t<meta property=\"og:image:height\" content=\"768\" \/>\n\t<meta property=\"og:image:type\" content=\"image\/jpeg\" \/>\n<meta name=\"author\" content=\"Cosmin Pojoranu\" \/>\n<meta name=\"twitter:card\" content=\"summary_large_image\" \/>\n<meta name=\"twitter:label1\" content=\"Written by\" \/>\n\t<meta name=\"twitter:data1\" content=\"Cosmin Pojoranu\" \/>\n\t<meta name=\"twitter:label2\" content=\"Estimated reading time\" \/>\n\t<meta name=\"twitter:data2\" content=\"10 minutes\" \/>\n<script type=\"application\/ld+json\" class=\"yoast-schema-graph\">{\"@context\":\"https:\\\/\\\/schema.org\",\"@graph\":[{\"@type\":\"Article\",\"@id\":\"https:\\\/\\\/buletin.de\\\/bucuresti\\\/editorial-dosar-inchis-sare-pe-rana-deschisa-flashmob-pentru-emilia-sercan\\\/#article\",\"isPartOf\":{\"@id\":\"https:\\\/\\\/buletin.de\\\/bucuresti\\\/editorial-dosar-inchis-sare-pe-rana-deschisa-flashmob-pentru-emilia-sercan\\\/\"},\"author\":{\"name\":\"Cosmin Pojoranu\",\"@id\":\"https:\\\/\\\/buletin.de\\\/bucuresti\\\/#\\\/schema\\\/person\\\/c3764529f4c88241f87b488f20cccc13\"},\"headline\":\"EDITORIAL | Dosar \u00eenchis, sare pe ran\u0103 deschis\u0103. Flashmob pentru Emilia \u015eercan\",\"datePublished\":\"2023-12-19T06:53:33+00:00\",\"dateModified\":\"2023-12-20T10:09:52+00:00\",\"mainEntityOfPage\":{\"@id\":\"https:\\\/\\\/buletin.de\\\/bucuresti\\\/editorial-dosar-inchis-sare-pe-rana-deschisa-flashmob-pentru-emilia-sercan\\\/\"},\"wordCount\":1955,\"publisher\":{\"@id\":\"https:\\\/\\\/buletin.de\\\/bucuresti\\\/#organization\"},\"image\":{\"@id\":\"https:\\\/\\\/buletin.de\\\/bucuresti\\\/editorial-dosar-inchis-sare-pe-rana-deschisa-flashmob-pentru-emilia-sercan\\\/#primaryimage\"},\"thumbnailUrl\":\"https:\\\/\\\/buletin.de\\\/bucuresti\\\/wp-content\\\/uploads\\\/WhatsApp-Image-2023-12-18-at-21.14.28.jpeg\",\"keywords\":[\"alex florenta\",\"amenintari jurnalisti\",\"doctorat\",\"emilia sercan\",\"flashmob parchet\",\"kompromat emilia sercan\",\"parchetul general\",\"plagiat\"],\"articleSection\":[\"Articole\",\"Editorial\",\"Main\"],\"inLanguage\":\"en-GB\",\"copyrightYear\":\"2023\",\"copyrightHolder\":{\"@id\":\"https:\\\/\\\/buletin.de\\\/bucuresti\\\/#organization\"}},{\"@type\":\"WebPage\",\"@id\":\"https:\\\/\\\/buletin.de\\\/bucuresti\\\/editorial-dosar-inchis-sare-pe-rana-deschisa-flashmob-pentru-emilia-sercan\\\/\",\"url\":\"https:\\\/\\\/buletin.de\\\/bucuresti\\\/editorial-dosar-inchis-sare-pe-rana-deschisa-flashmob-pentru-emilia-sercan\\\/\",\"name\":\"EDITORIAL | Dosar \u00eenchis, sare pe ran\u0103 deschis\u0103. Flashmob pentru Emilia \u015eercan - Buletin de Bucure\u0219ti\",\"isPartOf\":{\"@id\":\"https:\\\/\\\/buletin.de\\\/bucuresti\\\/#website\"},\"primaryImageOfPage\":{\"@id\":\"https:\\\/\\\/buletin.de\\\/bucuresti\\\/editorial-dosar-inchis-sare-pe-rana-deschisa-flashmob-pentru-emilia-sercan\\\/#primaryimage\"},\"image\":{\"@id\":\"https:\\\/\\\/buletin.de\\\/bucuresti\\\/editorial-dosar-inchis-sare-pe-rana-deschisa-flashmob-pentru-emilia-sercan\\\/#primaryimage\"},\"thumbnailUrl\":\"https:\\\/\\\/buletin.de\\\/bucuresti\\\/wp-content\\\/uploads\\\/WhatsApp-Image-2023-12-18-at-21.14.28.jpeg\",\"datePublished\":\"2023-12-19T06:53:33+00:00\",\"dateModified\":\"2023-12-20T10:09:52+00:00\",\"breadcrumb\":{\"@id\":\"https:\\\/\\\/buletin.de\\\/bucuresti\\\/editorial-dosar-inchis-sare-pe-rana-deschisa-flashmob-pentru-emilia-sercan\\\/#breadcrumb\"},\"inLanguage\":\"en-GB\",\"potentialAction\":[{\"@type\":\"ReadAction\",\"target\":[\"https:\\\/\\\/buletin.de\\\/bucuresti\\\/editorial-dosar-inchis-sare-pe-rana-deschisa-flashmob-pentru-emilia-sercan\\\/\"]}]},{\"@type\":\"ImageObject\",\"inLanguage\":\"en-GB\",\"@id\":\"https:\\\/\\\/buletin.de\\\/bucuresti\\\/editorial-dosar-inchis-sare-pe-rana-deschisa-flashmob-pentru-emilia-sercan\\\/#primaryimage\",\"url\":\"https:\\\/\\\/buletin.de\\\/bucuresti\\\/wp-content\\\/uploads\\\/WhatsApp-Image-2023-12-18-at-21.14.28.jpeg\",\"contentUrl\":\"https:\\\/\\\/buletin.de\\\/bucuresti\\\/wp-content\\\/uploads\\\/WhatsApp-Image-2023-12-18-at-21.14.28.jpeg\",\"width\":1024,\"height\":768,\"caption\":\"FOTO: Ioana Moldovan\"},{\"@type\":\"BreadcrumbList\",\"@id\":\"https:\\\/\\\/buletin.de\\\/bucuresti\\\/editorial-dosar-inchis-sare-pe-rana-deschisa-flashmob-pentru-emilia-sercan\\\/#breadcrumb\",\"itemListElement\":[{\"@type\":\"ListItem\",\"position\":1,\"name\":\"Acas\u0103\",\"item\":\"https:\\\/\\\/buletin.de\\\/bucuresti\\\/\"},{\"@type\":\"ListItem\",\"position\":2,\"name\":\"EDITORIAL | Dosar \u00eenchis, sare pe ran\u0103 deschis\u0103. Flashmob pentru Emilia \u015eercan\"}]},{\"@type\":\"WebSite\",\"@id\":\"https:\\\/\\\/buletin.de\\\/bucuresti\\\/#website\",\"url\":\"https:\\\/\\\/buletin.de\\\/bucuresti\\\/\",\"name\":\"Buletin de Bucure\u0219ti\",\"description\":\"\u0218tiri \u0219i investiga\u021bii esen\u021biale din capital\u0103\",\"publisher\":{\"@id\":\"https:\\\/\\\/buletin.de\\\/bucuresti\\\/#organization\"},\"potentialAction\":[{\"@type\":\"SearchAction\",\"target\":{\"@type\":\"EntryPoint\",\"urlTemplate\":\"https:\\\/\\\/buletin.de\\\/bucuresti\\\/?s={search_term_string}\"},\"query-input\":{\"@type\":\"PropertyValueSpecification\",\"valueRequired\":true,\"valueName\":\"search_term_string\"}}],\"inLanguage\":\"en-GB\"},{\"@type\":\"Organization\",\"@id\":\"https:\\\/\\\/buletin.de\\\/bucuresti\\\/#organization\",\"name\":\"Buletin de Bucure\u0219ti\",\"url\":\"https:\\\/\\\/buletin.de\\\/bucuresti\\\/\",\"logo\":{\"@type\":\"ImageObject\",\"inLanguage\":\"en-GB\",\"@id\":\"https:\\\/\\\/buletin.de\\\/bucuresti\\\/#\\\/schema\\\/logo\\\/image\\\/\",\"url\":\"https:\\\/\\\/buletin.de\\\/bucuresti\\\/wp-content\\\/uploads\\\/logo-bdb-full-wide-vernil-transparent.png\",\"contentUrl\":\"https:\\\/\\\/buletin.de\\\/bucuresti\\\/wp-content\\\/uploads\\\/logo-bdb-full-wide-vernil-transparent.png\",\"width\":1782,\"height\":626,\"caption\":\"Buletin de Bucure\u0219ti\"},\"image\":{\"@id\":\"https:\\\/\\\/buletin.de\\\/bucuresti\\\/#\\\/schema\\\/logo\\\/image\\\/\"},\"sameAs\":[\"https:\\\/\\\/www.facebook.com\\\/buletin.de.buc\",\"https:\\\/\\\/www.instagram.com\\\/buletinde.bucuresti\\\/\"]},{\"@type\":\"Person\",\"@id\":\"https:\\\/\\\/buletin.de\\\/bucuresti\\\/#\\\/schema\\\/person\\\/c3764529f4c88241f87b488f20cccc13\",\"name\":\"Cosmin Pojoranu\",\"image\":{\"@type\":\"ImageObject\",\"inLanguage\":\"en-GB\",\"@id\":\"https:\\\/\\\/buletin.de\\\/bucuresti\\\/wp-content\\\/uploads\\\/Cosmin-Pojoranu-1-96x96.jpg9d268accb1c5032c83ab190d62c8c050\",\"url\":\"https:\\\/\\\/buletin.de\\\/bucuresti\\\/wp-content\\\/uploads\\\/Cosmin-Pojoranu-1-96x96.jpg\",\"contentUrl\":\"https:\\\/\\\/buletin.de\\\/bucuresti\\\/wp-content\\\/uploads\\\/Cosmin-Pojoranu-1-96x96.jpg\",\"caption\":\"Cosmin Pojoranu\"},\"description\":\"N\u0103scut \u0219i crescut \u00een Bucure\u0219ti - sud Berceni.\",\"sameAs\":[\"https:\\\/\\\/www.instagram.com\\\/yozness\\\/?hl=en\"],\"url\":\"https:\\\/\\\/buletin.de\\\/bucuresti\\\/author\\\/cosmin-pojoranu\\\/\"}]}<\/script>\n<!-- \/ Yoast SEO Premium plugin. -->","yoast_head_json":{"title":"EDITORIAL | Dosar \u00eenchis, sare pe ran\u0103 deschis\u0103. Flashmob pentru Emilia \u015eercan - Buletin de Bucure\u0219ti","robots":{"index":"index","follow":"follow","max-snippet":"max-snippet:-1","max-image-preview":"max-image-preview:large","max-video-preview":"max-video-preview:-1"},"canonical":"https:\/\/buletin.de\/bucuresti\/editorial-dosar-inchis-sare-pe-rana-deschisa-flashmob-pentru-emilia-sercan\/","og_locale":"en_GB","og_type":"article","og_title":"EDITORIAL | Dosar \u00eenchis, sare pe ran\u0103 deschis\u0103. Flashmob pentru Emilia \u015eercan","og_description":"Foto cover: Ioana Moldovan Actualizare &#8211; miercuri, 21 decembrie: Emilia \u0218ercan anun\u021b\u0103 pe Facebook c\u0103 \u00eenceteaz\u0103 protestul \u00een fa\u021ba Parchetului, \u00eentruc\u00e2t a primit, finalmente, r\u0103spuns la pl\u00e2ngerea \u00eempotriva solu\u021biei de clasare a dosarului. Dup\u0103 26 de zile, cu 6 \u00een plus fa\u021b\u0103 de termenul legal, Parchetul i-a respins pl\u00e2ngerea. \u0218ercan las\u0103 de \u00een\u021beles c\u0103 judecata [&hellip;]","og_url":"https:\/\/buletin.de\/bucuresti\/editorial-dosar-inchis-sare-pe-rana-deschisa-flashmob-pentru-emilia-sercan\/","og_site_name":"Buletin de Bucure\u0219ti","article_publisher":"https:\/\/www.facebook.com\/buletin.de.buc","article_published_time":"2023-12-19T06:53:33+00:00","article_modified_time":"2023-12-20T10:09:52+00:00","og_image":[{"width":1024,"height":768,"url":"https:\/\/buletin.de\/bucuresti\/wp-content\/uploads\/WhatsApp-Image-2023-12-18-at-21.14.28.jpeg","type":"image\/jpeg"}],"author":"Cosmin Pojoranu","twitter_card":"summary_large_image","twitter_misc":{"Written by":"Cosmin Pojoranu","Estimated reading time":"10 minutes"},"schema":{"@context":"https:\/\/schema.org","@graph":[{"@type":"Article","@id":"https:\/\/buletin.de\/bucuresti\/editorial-dosar-inchis-sare-pe-rana-deschisa-flashmob-pentru-emilia-sercan\/#article","isPartOf":{"@id":"https:\/\/buletin.de\/bucuresti\/editorial-dosar-inchis-sare-pe-rana-deschisa-flashmob-pentru-emilia-sercan\/"},"author":{"name":"Cosmin Pojoranu","@id":"https:\/\/buletin.de\/bucuresti\/#\/schema\/person\/c3764529f4c88241f87b488f20cccc13"},"headline":"EDITORIAL | Dosar \u00eenchis, sare pe ran\u0103 deschis\u0103. Flashmob pentru Emilia \u015eercan","datePublished":"2023-12-19T06:53:33+00:00","dateModified":"2023-12-20T10:09:52+00:00","mainEntityOfPage":{"@id":"https:\/\/buletin.de\/bucuresti\/editorial-dosar-inchis-sare-pe-rana-deschisa-flashmob-pentru-emilia-sercan\/"},"wordCount":1955,"publisher":{"@id":"https:\/\/buletin.de\/bucuresti\/#organization"},"image":{"@id":"https:\/\/buletin.de\/bucuresti\/editorial-dosar-inchis-sare-pe-rana-deschisa-flashmob-pentru-emilia-sercan\/#primaryimage"},"thumbnailUrl":"https:\/\/buletin.de\/bucuresti\/wp-content\/uploads\/WhatsApp-Image-2023-12-18-at-21.14.28.jpeg","keywords":["alex florenta","amenintari jurnalisti","doctorat","emilia sercan","flashmob parchet","kompromat emilia sercan","parchetul general","plagiat"],"articleSection":["Articole","Editorial","Main"],"inLanguage":"en-GB","copyrightYear":"2023","copyrightHolder":{"@id":"https:\/\/buletin.de\/bucuresti\/#organization"}},{"@type":"WebPage","@id":"https:\/\/buletin.de\/bucuresti\/editorial-dosar-inchis-sare-pe-rana-deschisa-flashmob-pentru-emilia-sercan\/","url":"https:\/\/buletin.de\/bucuresti\/editorial-dosar-inchis-sare-pe-rana-deschisa-flashmob-pentru-emilia-sercan\/","name":"EDITORIAL | Dosar \u00eenchis, sare pe ran\u0103 deschis\u0103. Flashmob pentru Emilia \u015eercan - Buletin de Bucure\u0219ti","isPartOf":{"@id":"https:\/\/buletin.de\/bucuresti\/#website"},"primaryImageOfPage":{"@id":"https:\/\/buletin.de\/bucuresti\/editorial-dosar-inchis-sare-pe-rana-deschisa-flashmob-pentru-emilia-sercan\/#primaryimage"},"image":{"@id":"https:\/\/buletin.de\/bucuresti\/editorial-dosar-inchis-sare-pe-rana-deschisa-flashmob-pentru-emilia-sercan\/#primaryimage"},"thumbnailUrl":"https:\/\/buletin.de\/bucuresti\/wp-content\/uploads\/WhatsApp-Image-2023-12-18-at-21.14.28.jpeg","datePublished":"2023-12-19T06:53:33+00:00","dateModified":"2023-12-20T10:09:52+00:00","breadcrumb":{"@id":"https:\/\/buletin.de\/bucuresti\/editorial-dosar-inchis-sare-pe-rana-deschisa-flashmob-pentru-emilia-sercan\/#breadcrumb"},"inLanguage":"en-GB","potentialAction":[{"@type":"ReadAction","target":["https:\/\/buletin.de\/bucuresti\/editorial-dosar-inchis-sare-pe-rana-deschisa-flashmob-pentru-emilia-sercan\/"]}]},{"@type":"ImageObject","inLanguage":"en-GB","@id":"https:\/\/buletin.de\/bucuresti\/editorial-dosar-inchis-sare-pe-rana-deschisa-flashmob-pentru-emilia-sercan\/#primaryimage","url":"https:\/\/buletin.de\/bucuresti\/wp-content\/uploads\/WhatsApp-Image-2023-12-18-at-21.14.28.jpeg","contentUrl":"https:\/\/buletin.de\/bucuresti\/wp-content\/uploads\/WhatsApp-Image-2023-12-18-at-21.14.28.jpeg","width":1024,"height":768,"caption":"FOTO: Ioana Moldovan"},{"@type":"BreadcrumbList","@id":"https:\/\/buletin.de\/bucuresti\/editorial-dosar-inchis-sare-pe-rana-deschisa-flashmob-pentru-emilia-sercan\/#breadcrumb","itemListElement":[{"@type":"ListItem","position":1,"name":"Acas\u0103","item":"https:\/\/buletin.de\/bucuresti\/"},{"@type":"ListItem","position":2,"name":"EDITORIAL | Dosar \u00eenchis, sare pe ran\u0103 deschis\u0103. Flashmob pentru Emilia \u015eercan"}]},{"@type":"WebSite","@id":"https:\/\/buletin.de\/bucuresti\/#website","url":"https:\/\/buletin.de\/bucuresti\/","name":"Buletin de Bucure\u0219ti","description":"\u0218tiri \u0219i investiga\u021bii esen\u021biale din capital\u0103","publisher":{"@id":"https:\/\/buletin.de\/bucuresti\/#organization"},"potentialAction":[{"@type":"SearchAction","target":{"@type":"EntryPoint","urlTemplate":"https:\/\/buletin.de\/bucuresti\/?s={search_term_string}"},"query-input":{"@type":"PropertyValueSpecification","valueRequired":true,"valueName":"search_term_string"}}],"inLanguage":"en-GB"},{"@type":"Organization","@id":"https:\/\/buletin.de\/bucuresti\/#organization","name":"Buletin de Bucure\u0219ti","url":"https:\/\/buletin.de\/bucuresti\/","logo":{"@type":"ImageObject","inLanguage":"en-GB","@id":"https:\/\/buletin.de\/bucuresti\/#\/schema\/logo\/image\/","url":"https:\/\/buletin.de\/bucuresti\/wp-content\/uploads\/logo-bdb-full-wide-vernil-transparent.png","contentUrl":"https:\/\/buletin.de\/bucuresti\/wp-content\/uploads\/logo-bdb-full-wide-vernil-transparent.png","width":1782,"height":626,"caption":"Buletin de Bucure\u0219ti"},"image":{"@id":"https:\/\/buletin.de\/bucuresti\/#\/schema\/logo\/image\/"},"sameAs":["https:\/\/www.facebook.com\/buletin.de.buc","https:\/\/www.instagram.com\/buletinde.bucuresti\/"]},{"@type":"Person","@id":"https:\/\/buletin.de\/bucuresti\/#\/schema\/person\/c3764529f4c88241f87b488f20cccc13","name":"Cosmin Pojoranu","image":{"@type":"ImageObject","inLanguage":"en-GB","@id":"https:\/\/buletin.de\/bucuresti\/wp-content\/uploads\/Cosmin-Pojoranu-1-96x96.jpg9d268accb1c5032c83ab190d62c8c050","url":"https:\/\/buletin.de\/bucuresti\/wp-content\/uploads\/Cosmin-Pojoranu-1-96x96.jpg","contentUrl":"https:\/\/buletin.de\/bucuresti\/wp-content\/uploads\/Cosmin-Pojoranu-1-96x96.jpg","caption":"Cosmin Pojoranu"},"description":"N\u0103scut \u0219i crescut \u00een Bucure\u0219ti - sud Berceni.","sameAs":["https:\/\/www.instagram.com\/yozness\/?hl=en"],"url":"https:\/\/buletin.de\/bucuresti\/author\/cosmin-pojoranu\/"}]}},"authors":[{"term_id":22608,"user_id":20,"is_guest":0,"slug":"cosmin-pojoranu","display_name":"Cosmin Pojoranu","avatar_url":"https:\/\/buletin.de\/bucuresti\/wp-content\/uploads\/Cosmin-Pojoranu-1-96x96.jpg","0":null,"1":"","2":"","3":"","4":"","5":"","6":"","7":"","8":""}],"_links":{"self":[{"href":"https:\/\/buletin.de\/bucuresti\/wp-json\/wp\/v2\/posts\/72713","targetHints":{"allow":["GET"]}}],"collection":[{"href":"https:\/\/buletin.de\/bucuresti\/wp-json\/wp\/v2\/posts"}],"about":[{"href":"https:\/\/buletin.de\/bucuresti\/wp-json\/wp\/v2\/types\/post"}],"author":[{"embeddable":true,"href":"https:\/\/buletin.de\/bucuresti\/wp-json\/wp\/v2\/users\/20"}],"replies":[{"embeddable":true,"href":"https:\/\/buletin.de\/bucuresti\/wp-json\/wp\/v2\/comments?post=72713"}],"version-history":[{"count":7,"href":"https:\/\/buletin.de\/bucuresti\/wp-json\/wp\/v2\/posts\/72713\/revisions"}],"predecessor-version":[{"id":72855,"href":"https:\/\/buletin.de\/bucuresti\/wp-json\/wp\/v2\/posts\/72713\/revisions\/72855"}],"wp:featuredmedia":[{"embeddable":true,"href":"https:\/\/buletin.de\/bucuresti\/wp-json\/wp\/v2\/media\/72715"}],"wp:attachment":[{"href":"https:\/\/buletin.de\/bucuresti\/wp-json\/wp\/v2\/media?parent=72713"}],"wp:term":[{"taxonomy":"category","embeddable":true,"href":"https:\/\/buletin.de\/bucuresti\/wp-json\/wp\/v2\/categories?post=72713"},{"taxonomy":"post_tag","embeddable":true,"href":"https:\/\/buletin.de\/bucuresti\/wp-json\/wp\/v2\/tags?post=72713"},{"taxonomy":"author","embeddable":true,"href":"https:\/\/buletin.de\/bucuresti\/wp-json\/wp\/v2\/ppma_author?post=72713"}],"curies":[{"name":"wp","href":"https:\/\/api.w.org\/{rel}","templated":true}]}}